{"id":98924,"date":"2022-07-15T07:30:00","date_gmt":"2022-07-15T05:30:00","guid":{"rendered":"https:\/\/www.alzd.de\/?p=98924"},"modified":"2022-07-26T12:29:36","modified_gmt":"2022-07-26T10:29:36","slug":"the-mysterious-garden-by-jean-poivre-and-volata-by-acca-kappa-from-monastery-to-giro-ditalia","status":"publish","type":"post","link":"https:\/\/www.alzd.de\/en\/2022\/07\/15\/the-mysterious-garden-by-jean-poivre-and-volata-by-acca-kappa-from-monastery-to-giro-ditalia\/","title":{"rendered":"The Mysterious Garden by Jean Poivre and Volata by Acca Kappa &#8211; From Monastery to Giro d&#8217;Italia"},"content":{"rendered":"\n<p>With <a href=\"https:\/\/www.ausliebezumduft.de\/jean-poivre-the-mysterious-garden.html\" target=\"_blank\" rel=\"noreferrer noopener\">The Mysterious Garden<\/a> by <a href=\"https:\/\/www.ausliebezumduft.de\/fragrances\/jean-poivre.html\" target=\"_blank\" rel=\"noreferrer noopener\">Jean Poivre<\/a> and <a href=\"https:\/\/www.ausliebezumduft.de\/acca-kappa-volata.html\">Volata<\/a> by <a href=\"https:\/\/www.ausliebezumduft.de\/duefte\/acca-kappa.html\" target=\"_blank\" rel=\"noreferrer noopener\">Acca Kappa<\/a>, we embark on an olfactory journey to France and Italy. The former takes us to a small island in the Mediterranean Sea, located just off the C\u00f4te d&#8217;Azur and only a few kilometers from Cannes. The second creation takes us to Italy and here brings us closer to Italian cycling.<\/p>\n<div class=\"wp-block-image\">\n<figure class=\"aligncenter size-full\"><img decoding=\"async\" width=\"800\" height=\"800\" src=\"https:\/\/www.alzd.de\/wp-content\/2022\/07\/IG_Moodbild_TheMysteriousGarden.jpg\" alt=\"Jean Poivre - The Mysterious Garden\" class=\"wp-image-98877\" title=\"Jean Poivre - The Mysterious Garden\" srcset=\"https:\/\/www.alzd.de\/wp-content\/2022\/07\/IG_Moodbild_TheMysteriousGarden.jpg 800w, https:\/\/www.alzd.de\/wp-content\/2022\/07\/IG_Moodbild_TheMysteriousGarden-720x720.jpg 720w, https:\/\/www.alzd.de\/wp-content\/2022\/07\/IG_Moodbild_TheMysteriousGarden-360x360.jpg 360w, https:\/\/www.alzd.de\/wp-content\/2022\/07\/IG_Moodbild_TheMysteriousGarden-768x768.jpg 768w, https:\/\/www.alzd.de\/wp-content\/2022\/07\/IG_Moodbild_TheMysteriousGarden-350x350.jpg 350w\" sizes=\"(max-width: 800px) 100vw, 800px\" \/><\/figure>\n<\/div>\n<p>Of course, there are already reviews of both brands here in the Duft-Tagebuch. I introduced you to the Jean Poivre collection exactly one year ago (read it <a href=\"https:\/\/www.alzd.de\/en\/tag\/jean-poivre-en\/\" target=\"_blank\" rel=\"noreferrer noopener\">here<\/a>), shortly after the label was added to the Aus Liebe zum Duft range. Acca Kappa, on the other hand, is already an old hand in store and blog (you can find all the posts <a href=\"https:\/\/www.alzd.de\/en\/tag\/acca-kappa-en\/\" target=\"_blank\" rel=\"noreferrer noopener\">here<\/a>) and while browsing the brand&#8217;s portfolio I came across a fragrance launched in 2013 called <a href=\"https:\/\/www.ausliebezumduft.de\/acca-kappa-giardino-segreto.html\" target=\"_blank\" rel=\"noreferrer noopener\">Giardino Segreto<\/a>, which revolves around a secret garden. I love it, when between two fragrances or two brands a certain linkage arises, and you find commonalities and connections that link two at first glance completely independent things together. The Secret Garden by Acca Kappa and The Mysterious Garden by Jean Poivre &#8230; that&#8217;s an approximation, I&#8217;d like to say. \ud83d\ude42<\/p>\n\n<h2 class=\"wp-block-heading\">The Mysterious Garden &#8211; Jean Poivre<\/h2>\n\n<p>As already mentioned, \u00cele Saint-Honorat is located off the French Mediterranean coast, a stone&#8217;s throw from Cannes. The island is a manageable size at just under a kilometer and a half long and a little over half a kilometer wide. Nevertheless, it is a popular tourist destination, because on it there is a monastery, which was founded in the 5th century. The monastic complex, its gardens and the landscape of the island attract vacationers from all over the world.<\/p>\n\n<p>The brand Jean Poivre dedicates the fragrance The Mysterious Garden to the gardens of the monastery, in which, by the way, still live about thirty Cistercian monks, referring to an alleged visit of the original Jean Poivre to that very \u00cele Saint-Honorat, which he is said to have recorded in his diary. The fragrance itself contains the ingredients <strong>gourmand notes, fruity notes, saffron, cinnamon, cardamom, rose, iris, cedar, sandalwood, vanilla, musk<\/strong> and <strong>tonka bean<\/strong>.<\/p>\n<div class=\"wp-block-image\">\n<figure class=\"aligncenter size-large\"><img decoding=\"async\" width=\"1080\" height=\"1080\" src=\"https:\/\/www.alzd.de\/wp-content\/2022\/07\/IG_TMG-1080x1080.jpeg\" alt=\"Jean Poivre - The Mysterious Garden\" class=\"wp-image-98883\" title=\"Jean Poivre - The Mysterious Garden\" srcset=\"https:\/\/www.alzd.de\/wp-content\/2022\/07\/IG_TMG.jpeg 1080w, https:\/\/www.alzd.de\/wp-content\/2022\/07\/IG_TMG-720x720.jpeg 720w, https:\/\/www.alzd.de\/wp-content\/2022\/07\/IG_TMG-360x360.jpeg 360w, https:\/\/www.alzd.de\/wp-content\/2022\/07\/IG_TMG-768x768.jpeg 768w, https:\/\/www.alzd.de\/wp-content\/2022\/07\/IG_TMG-350x350.jpeg 350w\" sizes=\"(max-width: 1080px) 100vw, 1080px\" \/><\/figure>\n<\/div>\n<figure class=\"wp-block-pullquote has-small-font-size\"><blockquote><p>After a long hike, I spent the afternoon with the monk Immanuel in the garden of the imposing monastery on \u00cele Saint-Honorat. He is a seeker &#8211; like me. The knowledge he has accumulated on his many travels is an inspiration to me.<\/p><\/blockquote><\/figure>\n\n<h3 class=\"wp-block-heading\">In the mysterious garden<\/h3>\n\n<p>A blend of indefinable fruits, a gourmand creaminess and leathery dark saffron opens The Mysterious Garden. The opening is intense and lush, surprising moreover, because if you had asked me, I would have guessed a much lighter and fruity-floral composition. But the eau de parfum does not take us to a snacking or ornamental garden, but rather to a mysterious &#8211; yes, the name suggests it, I know &#8211; a deep, primeval forest and natural. <\/p>\n\n<p>The saffron is very dominant in this creation, carrying agarwood-like traits that are nuanced by gentle rose notes as it progresses. In the finish, The Mysterious Garden becomes warmer, woodier and gains powdery-lovely aspects, but overall remains rather dark and spicy.<\/p>\n<div class=\"wp-block-image\">\n<figure class=\"aligncenter size-full\"><img decoding=\"async\" width=\"600\" height=\"600\" src=\"https:\/\/www.alzd.de\/wp-content\/2022\/07\/the_myterious_garden.jpg\" alt=\"Jean Poivre - The Mysterious Garden\" class=\"wp-image-98891\" title=\"Jean Poivre - The Mysterious Garden\" srcset=\"https:\/\/www.alzd.de\/wp-content\/2022\/07\/the_myterious_garden.jpg 600w, https:\/\/www.alzd.de\/wp-content\/2022\/07\/the_myterious_garden-360x360.jpg 360w, https:\/\/www.alzd.de\/wp-content\/2022\/07\/the_myterious_garden-350x350.jpg 350w\" sizes=\"(max-width: 600px) 100vw, 600px\" \/><\/figure>\n<\/div>\n<p>The Mysterious Garden is a truly mysterious fragrance that Jean Poivre presents us here. Dark and spicy thanks to lush saffron, underpinned by subtle florals in the heart and finally becoming warm and woody in the base, the Eau de Parfum is not a sunny and cheerful garden dream, but rather a quiet, contemplative and perhaps a little melancholic fragrance that is particularly wearable on cooler days. I feel the creation is quite present, which is why I find him rather less suitable for the office and everyday life. Rather a fragrance for the evening or for going out. A test tip for saffron lovers and those who would like to be.<\/p>\n\n<div class=\"wp-block-buttons is-content-justification-center is-layout-flex wp-container-core-buttons-is-layout-16018d1d wp-block-buttons-is-layout-flex\">\n<div class=\"wp-block-button has-custom-width wp-block-button__width-50\"><a class=\"wp-block-button__link has-white-color has-text-color has-background\" href=\"https:\/\/www.ausliebezumduft.de\/jean-poivre-the-mysterious-garden.html\" style=\"background-color:#34b093\" target=\"_blank\" rel=\"noreferrer noopener\"><strong>The Mysterious Garden<\/strong><\/a><\/div>\n<\/div>\n\n<div style=\"height:100px\" aria-hidden=\"true\" class=\"wp-block-spacer\"><\/div>\n\n<h2 class=\"wp-block-heading\">Volata &#8211; Acca Kappa<\/h2>\n\n<p>Volata means &#8220;flight&#8221; and what exactly this is supposed to have to do with the Giro d&#8217;Italia is not clear to me at first glance. Because the eau de parfum is dedicated to that very bike ride through Italy, a sporty creation, I suppose. This year&#8217;s Giro took place in May 2022 and was won by Australian Jai Hindley of Team Bora-Hansgrohe. <\/p>\n\n<p>I admit, cycling is not a soft spot of mine by any means. The last time I watched the Tour de France was in the 1990s. However, the various doping scandals have put me off the sport altogether. I suspect, however, that the name Volata refers to the sprints at bicycle races, where the riders literally fly over the asphalt and past the spectators.<\/p>\n<div class=\"wp-block-image\">\n<figure class=\"aligncenter size-large\"><img decoding=\"async\" width=\"1080\" height=\"718\" src=\"https:\/\/www.alzd.de\/wp-content\/2022\/07\/280152088_5257995210930086_813632060008590026_n-1080x718.jpg\" alt=\"Acca Kappa - Volata\" class=\"wp-image-98898\" title=\"Acca Kappa - Volata\" srcset=\"https:\/\/www.alzd.de\/wp-content\/2022\/07\/280152088_5257995210930086_813632060008590026_n-1080x718.jpg 1080w, https:\/\/www.alzd.de\/wp-content\/2022\/07\/280152088_5257995210930086_813632060008590026_n-720x478.jpg 720w, https:\/\/www.alzd.de\/wp-content\/2022\/07\/280152088_5257995210930086_813632060008590026_n-360x239.jpg 360w, https:\/\/www.alzd.de\/wp-content\/2022\/07\/280152088_5257995210930086_813632060008590026_n-768x510.jpg 768w, https:\/\/www.alzd.de\/wp-content\/2022\/07\/280152088_5257995210930086_813632060008590026_n-1536x1021.jpg 1536w, https:\/\/www.alzd.de\/wp-content\/2022\/07\/280152088_5257995210930086_813632060008590026_n-527x350.jpg 527w, https:\/\/www.alzd.de\/wp-content\/2022\/07\/280152088_5257995210930086_813632060008590026_n.jpg 2048w\" sizes=\"(max-width: 1080px) 100vw, 1080px\" \/><figcaption>Volata from <a href=\"https:\/\/www.facebook.com\/accakappaofficial\/\" target=\"_blank\" rel=\"noreferrer noopener\">Facebook<\/a><\/figcaption><\/figure>\n<\/div>\n<p>Luca Maffei designed this eau de parfum for the Italian niche fragrance brand Acca Kappa, using the ingredients <strong>bergamot, pink pepper, ginger, cardamom, iris, tonka bean, lavender, labdanum (cistus), angelica (angelica), patchouli, vetiver, cypress, vanilla<\/strong> and <strong>musk<\/strong>.<\/p>\n\n<h3 class=\"wp-block-heading\">On the bike through Italy<\/h3>\n\n<p>Fresh and dynamic, Volata starts the fragrance thanks to sparkling bergamot, which is accompanied from the beginning by the lipstick nuances of iris. Pink pepper adds dry-hot accents that are underscored by the citrusy ginger. Lavender and angelica add tart and subtly herbaceous notes that make the fragrance more intense and profound. <\/p>\n\n<p>The iris becomes creamier, more powdery as it progresses, revealing gently earthy facets that are gradually underpinned by a woody warmth and softly spicy musky notes, with which the creation finally rolls out quite comfortably.<\/p>\n<div class=\"wp-block-image\">\n<figure class=\"aligncenter size-full\"><img decoding=\"async\" width=\"600\" height=\"600\" src=\"https:\/\/www.alzd.de\/wp-content\/2022\/07\/volata_edp.jpg\" alt=\"Acca Kappa - Volata\" class=\"wp-image-98904\" title=\"Acca Kappa - Volata\" srcset=\"https:\/\/www.alzd.de\/wp-content\/2022\/07\/volata_edp.jpg 600w, https:\/\/www.alzd.de\/wp-content\/2022\/07\/volata_edp-360x360.jpg 360w, https:\/\/www.alzd.de\/wp-content\/2022\/07\/volata_edp-350x350.jpg 350w\" sizes=\"(max-width: 600px) 100vw, 600px\" \/><\/figure>\n<\/div>\n<p>After a thoroughly energetic, as Hesperides-heavy sprint start, Volata eventually becomes a leisurely cycling iris scent, cheered by spicy-herbaceous undertones. Beautifully composed by Luca Maffei, who translates Italian elegance in this creation modern and exceedingly timeless. A friend of iris and all its facets &#8211; from powdery, creamy to lipsticky and earthy &#8211; you should definitely be, but as long as that is given, nothing stands in the way of the beginning of a great love. An absolutely everyday life and office-appropriate fragrance that I would wear in any season and on any occasion. An all-rounder through and through! \ud83d\ude42<\/p>\n\n<div class=\"wp-block-buttons is-content-justification-center is-layout-flex wp-container-core-buttons-is-layout-16018d1d wp-block-buttons-is-layout-flex\">\n<div class=\"wp-block-button has-custom-width wp-block-button__width-50\"><a class=\"wp-block-button__link has-white-color has-text-color has-background\" href=\"https:\/\/www.ausliebezumduft.de\/acca-kappa-volata.html\" style=\"background-color:#fb75a2\" target=\"_blank\" rel=\"noreferrer noopener\"><strong>Volata<\/strong><\/a><\/div>\n<\/div>\n","protected":false},"excerpt":{"rendered":"<p>With The Mysterious Garden by Jean Poivre and Volata by Acca Kappa, we embark on an olfactory journey to France and Italy. The former takes us to a&#8230;<\/p>\n<div class=\"more-link-wrapper\"><a class=\"more-link\" href=\"https:\/\/www.alzd.de\/en\/2022\/07\/15\/the-mysterious-garden-by-jean-poivre-and-volata-by-acca-kappa-from-monastery-to-giro-ditalia\/\">WEITERLESEN<span class=\"screen-reader-text\">The Mysterious Garden by Jean Poivre and Volata by Acca Kappa &#8211; From Monastery to Giro d&#8217;Italia<\/span><\/a><\/div>\n","protected":false},"author":535,"featured_media":98913,"comment_status":"open","ping_status":"closed","sticky":false,"template":"","format":"standard","meta":{"footnotes":""},"categories":[1161,1151,1117,1113],"tags":[1184,1533,1553,1685,1684],"class_list":["post-98924","post","type-post","status-publish","format-standard","has-post-thumbnail","hentry","category-clean-powdery","category-flowers","category-fragrances","category-spicy","tag-acca-kappa-en","tag-iris-en","tag-jean-poivre-en","tag-luca-maffei-en","tag-saffron","excerpt","zoom","full-without-featured","even","excerpt-0"],"yoast_head":"<!-- This site is optimized with the Yoast SEO plugin v27.5 - https:\/\/yoast.com\/product\/yoast-seo-wordpress\/ -->\n<title>The Mysterious Garden by Jean Poivre and Volata by Acca Kappa<\/title>\n<meta name=\"description\" content=\"With The Mysterious Garden by Jean Poivre and Volata by Acca Kappa, we embark on an olfactory journey to France and Italy.\" \/>\n<meta name=\"robots\" content=\"index, follow, max-snippet:-1, max-image-preview:large, max-video-preview:-1\" \/>\n<link rel=\"canonical\" href=\"https:\/\/www.alzd.de\/en\/2022\/07\/15\/the-mysterious-garden-by-jean-poivre-and-volata-by-acca-kappa-from-monastery-to-giro-ditalia\/\" \/>\n<meta property=\"og:locale\" content=\"en_US\" \/>\n<meta property=\"og:type\" content=\"article\" \/>\n<meta property=\"og:title\" content=\"The Mysterious Garden by Jean Poivre and Volata by Acca Kappa\" \/>\n<meta property=\"og:url\" content=\"https:\/\/www.alzd.de\/en\/2022\/07\/15\/the-mysterious-garden-by-jean-poivre-and-volata-by-acca-kappa-from-monastery-to-giro-ditalia\/\" \/>\n<meta property=\"og:site_name\" content=\"Das Duft-Tagebuch\" \/>\n<meta property=\"article:publisher\" content=\"https:\/\/www.facebook.com\/dufttagebuch\/\" \/>\n<meta property=\"article:author\" content=\"https:\/\/www.facebook.com\/stephanie.tkaczik\" \/>\n<meta property=\"article:published_time\" content=\"2022-07-15T05:30:00+00:00\" \/>\n<meta property=\"article:modified_time\" content=\"2022-07-26T10:29:36+00:00\" \/>\n<meta property=\"og:image\" content=\"https:\/\/www.alzd.de\/wp-content\/2022\/07\/bb_TMG.jpeg\" \/>\n\t<meta property=\"og:image:width\" content=\"720\" \/>\n\t<meta property=\"og:image:height\" content=\"400\" \/>\n\t<meta property=\"og:image:type\" content=\"image\/jpeg\" \/>\n<meta name=\"author\" content=\"Julia Bir\u00f3\" \/>\n<meta name=\"twitter:card\" content=\"summary_large_image\" \/>\n<meta name=\"twitter:creator\" content=\"@ausliebezumduft\" \/>\n<meta name=\"twitter:site\" content=\"@ausliebezumduft\" \/>\n<script type=\"application\/ld+json\" class=\"yoast-schema-graph\">{\"@context\":\"https:\\\/\\\/schema.org\",\"@graph\":[{\"@type\":\"Article\",\"@id\":\"https:\\\/\\\/www.alzd.de\\\/en\\\/2022\\\/07\\\/15\\\/the-mysterious-garden-by-jean-poivre-and-volata-by-acca-kappa-from-monastery-to-giro-ditalia\\\/#article\",\"isPartOf\":{\"@id\":\"https:\\\/\\\/www.alzd.de\\\/en\\\/2022\\\/07\\\/15\\\/the-mysterious-garden-by-jean-poivre-and-volata-by-acca-kappa-from-monastery-to-giro-ditalia\\\/\"},\"author\":{\"name\":\"Julia Bir\u00f3\",\"@id\":\"https:\\\/\\\/www.alzd.de\\\/en\\\/#\\\/schema\\\/person\\\/8efcd8f02447fdbe8f29ad465897d04e\"},\"headline\":\"The Mysterious Garden by Jean Poivre and Volata by Acca Kappa &#8211; From Monastery to Giro d&#8217;Italia\",\"datePublished\":\"2022-07-15T05:30:00+00:00\",\"dateModified\":\"2022-07-26T10:29:36+00:00\",\"mainEntityOfPage\":{\"@id\":\"https:\\\/\\\/www.alzd.de\\\/en\\\/2022\\\/07\\\/15\\\/the-mysterious-garden-by-jean-poivre-and-volata-by-acca-kappa-from-monastery-to-giro-ditalia\\\/\"},\"wordCount\":1021,\"commentCount\":0,\"publisher\":{\"@id\":\"https:\\\/\\\/www.alzd.de\\\/en\\\/#organization\"},\"image\":{\"@id\":\"https:\\\/\\\/www.alzd.de\\\/en\\\/2022\\\/07\\\/15\\\/the-mysterious-garden-by-jean-poivre-and-volata-by-acca-kappa-from-monastery-to-giro-ditalia\\\/#primaryimage\"},\"thumbnailUrl\":\"https:\\\/\\\/www.alzd.de\\\/wp-content\\\/2022\\\/07\\\/bb_TMG.jpeg\",\"keywords\":[\"Acca Kappa\",\"Iris\",\"Jean Poivre\",\"Luca Maffei\",\"Saffron\"],\"articleSection\":[\"Clean &amp; Powdery\",\"Flowers\",\"Fragrances\",\"Spicy\"],\"inLanguage\":\"en-US\",\"potentialAction\":[{\"@type\":\"CommentAction\",\"name\":\"Comment\",\"target\":[\"https:\\\/\\\/www.alzd.de\\\/en\\\/2022\\\/07\\\/15\\\/the-mysterious-garden-by-jean-poivre-and-volata-by-acca-kappa-from-monastery-to-giro-ditalia\\\/#respond\"]}]},{\"@type\":\"WebPage\",\"@id\":\"https:\\\/\\\/www.alzd.de\\\/en\\\/2022\\\/07\\\/15\\\/the-mysterious-garden-by-jean-poivre-and-volata-by-acca-kappa-from-monastery-to-giro-ditalia\\\/\",\"url\":\"https:\\\/\\\/www.alzd.de\\\/en\\\/2022\\\/07\\\/15\\\/the-mysterious-garden-by-jean-poivre-and-volata-by-acca-kappa-from-monastery-to-giro-ditalia\\\/\",\"name\":\"The Mysterious Garden by Jean Poivre and Volata by Acca Kappa\",\"isPartOf\":{\"@id\":\"https:\\\/\\\/www.alzd.de\\\/en\\\/#website\"},\"primaryImageOfPage\":{\"@id\":\"https:\\\/\\\/www.alzd.de\\\/en\\\/2022\\\/07\\\/15\\\/the-mysterious-garden-by-jean-poivre-and-volata-by-acca-kappa-from-monastery-to-giro-ditalia\\\/#primaryimage\"},\"image\":{\"@id\":\"https:\\\/\\\/www.alzd.de\\\/en\\\/2022\\\/07\\\/15\\\/the-mysterious-garden-by-jean-poivre-and-volata-by-acca-kappa-from-monastery-to-giro-ditalia\\\/#primaryimage\"},\"thumbnailUrl\":\"https:\\\/\\\/www.alzd.de\\\/wp-content\\\/2022\\\/07\\\/bb_TMG.jpeg\",\"datePublished\":\"2022-07-15T05:30:00+00:00\",\"dateModified\":\"2022-07-26T10:29:36+00:00\",\"description\":\"With The Mysterious Garden by Jean Poivre and Volata by Acca Kappa, we embark on an olfactory journey to France and Italy.\",\"breadcrumb\":{\"@id\":\"https:\\\/\\\/www.alzd.de\\\/en\\\/2022\\\/07\\\/15\\\/the-mysterious-garden-by-jean-poivre-and-volata-by-acca-kappa-from-monastery-to-giro-ditalia\\\/#breadcrumb\"},\"inLanguage\":\"en-US\",\"potentialAction\":[{\"@type\":\"ReadAction\",\"target\":[\"https:\\\/\\\/www.alzd.de\\\/en\\\/2022\\\/07\\\/15\\\/the-mysterious-garden-by-jean-poivre-and-volata-by-acca-kappa-from-monastery-to-giro-ditalia\\\/\"]}]},{\"@type\":\"ImageObject\",\"inLanguage\":\"en-US\",\"@id\":\"https:\\\/\\\/www.alzd.de\\\/en\\\/2022\\\/07\\\/15\\\/the-mysterious-garden-by-jean-poivre-and-volata-by-acca-kappa-from-monastery-to-giro-ditalia\\\/#primaryimage\",\"url\":\"https:\\\/\\\/www.alzd.de\\\/wp-content\\\/2022\\\/07\\\/bb_TMG.jpeg\",\"contentUrl\":\"https:\\\/\\\/www.alzd.de\\\/wp-content\\\/2022\\\/07\\\/bb_TMG.jpeg\",\"width\":720,\"height\":400},{\"@type\":\"BreadcrumbList\",\"@id\":\"https:\\\/\\\/www.alzd.de\\\/en\\\/2022\\\/07\\\/15\\\/the-mysterious-garden-by-jean-poivre-and-volata-by-acca-kappa-from-monastery-to-giro-ditalia\\\/#breadcrumb\",\"itemListElement\":[{\"@type\":\"ListItem\",\"position\":1,\"name\":\"Startseite\",\"item\":\"https:\\\/\\\/www.alzd.de\\\/en\\\/\"},{\"@type\":\"ListItem\",\"position\":2,\"name\":\"The Mysterious Garden by Jean Poivre and Volata by Acca Kappa &#8211; From Monastery to Giro d&#8217;Italia\"}]},{\"@type\":\"WebSite\",\"@id\":\"https:\\\/\\\/www.alzd.de\\\/en\\\/#website\",\"url\":\"https:\\\/\\\/www.alzd.de\\\/en\\\/\",\"name\":\"Das Duft-Tagebuch\",\"description\":\"Das Parfumblog von Aus Liebe zum Duft\",\"publisher\":{\"@id\":\"https:\\\/\\\/www.alzd.de\\\/en\\\/#organization\"},\"potentialAction\":[{\"@type\":\"SearchAction\",\"target\":{\"@type\":\"EntryPoint\",\"urlTemplate\":\"https:\\\/\\\/www.alzd.de\\\/en\\\/?s={search_term_string}\"},\"query-input\":{\"@type\":\"PropertyValueSpecification\",\"valueRequired\":true,\"valueName\":\"search_term_string\"}}],\"inLanguage\":\"en-US\"},{\"@type\":\"Organization\",\"@id\":\"https:\\\/\\\/www.alzd.de\\\/en\\\/#organization\",\"name\":\"Das Duft-Tagebuch\",\"url\":\"https:\\\/\\\/www.alzd.de\\\/en\\\/\",\"logo\":{\"@type\":\"ImageObject\",\"inLanguage\":\"en-US\",\"@id\":\"https:\\\/\\\/www.alzd.de\\\/en\\\/#\\\/schema\\\/logo\\\/image\\\/\",\"url\":\"https:\\\/\\\/www.alzd.de\\\/wp-content\\\/2023\\\/08\\\/alzd_dufttagebuch.png\",\"contentUrl\":\"https:\\\/\\\/www.alzd.de\\\/wp-content\\\/2023\\\/08\\\/alzd_dufttagebuch.png\",\"width\":1804,\"height\":416,\"caption\":\"Das Duft-Tagebuch\"},\"image\":{\"@id\":\"https:\\\/\\\/www.alzd.de\\\/en\\\/#\\\/schema\\\/logo\\\/image\\\/\"},\"sameAs\":[\"https:\\\/\\\/www.facebook.com\\\/dufttagebuch\\\/\",\"https:\\\/\\\/x.com\\\/ausliebezumduft\",\"https:\\\/\\\/www.instagram.com\\\/ausliebezumduft.de\\\/\",\"https:\\\/\\\/www.youtube.com\\\/c\\\/ausliebezumduft\"]},{\"@type\":\"Person\",\"@id\":\"https:\\\/\\\/www.alzd.de\\\/en\\\/#\\\/schema\\\/person\\\/8efcd8f02447fdbe8f29ad465897d04e\",\"name\":\"Julia Bir\u00f3\",\"image\":{\"@type\":\"ImageObject\",\"inLanguage\":\"en-US\",\"@id\":\"https:\\\/\\\/www.alzd.de\\\/wp-content\\\/2018\\\/02\\\/cropped-cropped-mitarbeiterbilder_steffi--96x96.jpg\",\"url\":\"https:\\\/\\\/www.alzd.de\\\/wp-content\\\/2018\\\/02\\\/cropped-cropped-mitarbeiterbilder_steffi--96x96.jpg\",\"contentUrl\":\"https:\\\/\\\/www.alzd.de\\\/wp-content\\\/2018\\\/02\\\/cropped-cropped-mitarbeiterbilder_steffi--96x96.jpg\",\"caption\":\"Julia Bir\u00f3\"},\"description\":\"Bereits 2010 gingen so einige Blogbeitr\u00e4ge auf mein Konto. Dann war ich \u201ekurz\u201c weg \u2013 sechs Jahre. Umso mehr freut es mich, dass ich nun wieder die Chance bekomme, mein N\u00e4schen im Dienste der Duftrezension schnuppern zu lassen und eifrig in die Tasten zu hauen. Was Nischend\u00fcfte angeht, habe ich damals \u00fcbrigens schnell Feuer gefangen. Meine Ausbildung tat dazu ihr \u00dcbriges: Als diplomierte Biologin kenne ich mich nicht nur mit Fauna und Flora, sondern auch recht gut mit der Herstellung von \u00d6len und Extrakten aus, was den Reiz der Parfumwelt nat\u00fcrlich noch gr\u00f6\u00dfer macht.\",\"sameAs\":[\"https:\\\/\\\/biro.is\\\/\",\"https:\\\/\\\/www.facebook.com\\\/stephanie.tkaczik\"],\"url\":\"https:\\\/\\\/www.alzd.de\\\/en\\\/author\\\/stephanie\\\/\"}]}<\/script>\n<!-- \/ Yoast SEO plugin. -->","yoast_head_json":{"title":"The Mysterious Garden by Jean Poivre and Volata by Acca Kappa","description":"With The Mysterious Garden by Jean Poivre and Volata by Acca Kappa, we embark on an olfactory journey to France and Italy.","robots":{"index":"index","follow":"follow","max-snippet":"max-snippet:-1","max-image-preview":"max-image-preview:large","max-video-preview":"max-video-preview:-1"},"canonical":"https:\/\/www.alzd.de\/en\/2022\/07\/15\/the-mysterious-garden-by-jean-poivre-and-volata-by-acca-kappa-from-monastery-to-giro-ditalia\/","og_locale":"en_US","og_type":"article","og_title":"The Mysterious Garden by Jean Poivre and Volata by Acca Kappa","og_url":"https:\/\/www.alzd.de\/en\/2022\/07\/15\/the-mysterious-garden-by-jean-poivre-and-volata-by-acca-kappa-from-monastery-to-giro-ditalia\/","og_site_name":"Das Duft-Tagebuch","article_publisher":"https:\/\/www.facebook.com\/dufttagebuch\/","article_author":"https:\/\/www.facebook.com\/stephanie.tkaczik","article_published_time":"2022-07-15T05:30:00+00:00","article_modified_time":"2022-07-26T10:29:36+00:00","og_image":[{"width":720,"height":400,"url":"https:\/\/www.alzd.de\/wp-content\/2022\/07\/bb_TMG.jpeg","type":"image\/jpeg"}],"author":"Julia Bir\u00f3","twitter_card":"summary_large_image","twitter_creator":"@ausliebezumduft","twitter_site":"@ausliebezumduft","schema":{"@context":"https:\/\/schema.org","@graph":[{"@type":"Article","@id":"https:\/\/www.alzd.de\/en\/2022\/07\/15\/the-mysterious-garden-by-jean-poivre-and-volata-by-acca-kappa-from-monastery-to-giro-ditalia\/#article","isPartOf":{"@id":"https:\/\/www.alzd.de\/en\/2022\/07\/15\/the-mysterious-garden-by-jean-poivre-and-volata-by-acca-kappa-from-monastery-to-giro-ditalia\/"},"author":{"name":"Julia Bir\u00f3","@id":"https:\/\/www.alzd.de\/en\/#\/schema\/person\/8efcd8f02447fdbe8f29ad465897d04e"},"headline":"The Mysterious Garden by Jean Poivre and Volata by Acca Kappa &#8211; From Monastery to Giro d&#8217;Italia","datePublished":"2022-07-15T05:30:00+00:00","dateModified":"2022-07-26T10:29:36+00:00","mainEntityOfPage":{"@id":"https:\/\/www.alzd.de\/en\/2022\/07\/15\/the-mysterious-garden-by-jean-poivre-and-volata-by-acca-kappa-from-monastery-to-giro-ditalia\/"},"wordCount":1021,"commentCount":0,"publisher":{"@id":"https:\/\/www.alzd.de\/en\/#organization"},"image":{"@id":"https:\/\/www.alzd.de\/en\/2022\/07\/15\/the-mysterious-garden-by-jean-poivre-and-volata-by-acca-kappa-from-monastery-to-giro-ditalia\/#primaryimage"},"thumbnailUrl":"https:\/\/www.alzd.de\/wp-content\/2022\/07\/bb_TMG.jpeg","keywords":["Acca Kappa","Iris","Jean Poivre","Luca Maffei","Saffron"],"articleSection":["Clean &amp; Powdery","Flowers","Fragrances","Spicy"],"inLanguage":"en-US","potentialAction":[{"@type":"CommentAction","name":"Comment","target":["https:\/\/www.alzd.de\/en\/2022\/07\/15\/the-mysterious-garden-by-jean-poivre-and-volata-by-acca-kappa-from-monastery-to-giro-ditalia\/#respond"]}]},{"@type":"WebPage","@id":"https:\/\/www.alzd.de\/en\/2022\/07\/15\/the-mysterious-garden-by-jean-poivre-and-volata-by-acca-kappa-from-monastery-to-giro-ditalia\/","url":"https:\/\/www.alzd.de\/en\/2022\/07\/15\/the-mysterious-garden-by-jean-poivre-and-volata-by-acca-kappa-from-monastery-to-giro-ditalia\/","name":"The Mysterious Garden by Jean Poivre and Volata by Acca Kappa","isPartOf":{"@id":"https:\/\/www.alzd.de\/en\/#website"},"primaryImageOfPage":{"@id":"https:\/\/www.alzd.de\/en\/2022\/07\/15\/the-mysterious-garden-by-jean-poivre-and-volata-by-acca-kappa-from-monastery-to-giro-ditalia\/#primaryimage"},"image":{"@id":"https:\/\/www.alzd.de\/en\/2022\/07\/15\/the-mysterious-garden-by-jean-poivre-and-volata-by-acca-kappa-from-monastery-to-giro-ditalia\/#primaryimage"},"thumbnailUrl":"https:\/\/www.alzd.de\/wp-content\/2022\/07\/bb_TMG.jpeg","datePublished":"2022-07-15T05:30:00+00:00","dateModified":"2022-07-26T10:29:36+00:00","description":"With The Mysterious Garden by Jean Poivre and Volata by Acca Kappa, we embark on an olfactory journey to France and Italy.","breadcrumb":{"@id":"https:\/\/www.alzd.de\/en\/2022\/07\/15\/the-mysterious-garden-by-jean-poivre-and-volata-by-acca-kappa-from-monastery-to-giro-ditalia\/#breadcrumb"},"inLanguage":"en-US","potentialAction":[{"@type":"ReadAction","target":["https:\/\/www.alzd.de\/en\/2022\/07\/15\/the-mysterious-garden-by-jean-poivre-and-volata-by-acca-kappa-from-monastery-to-giro-ditalia\/"]}]},{"@type":"ImageObject","inLanguage":"en-US","@id":"https:\/\/www.alzd.de\/en\/2022\/07\/15\/the-mysterious-garden-by-jean-poivre-and-volata-by-acca-kappa-from-monastery-to-giro-ditalia\/#primaryimage","url":"https:\/\/www.alzd.de\/wp-content\/2022\/07\/bb_TMG.jpeg","contentUrl":"https:\/\/www.alzd.de\/wp-content\/2022\/07\/bb_TMG.jpeg","width":720,"height":400},{"@type":"BreadcrumbList","@id":"https:\/\/www.alzd.de\/en\/2022\/07\/15\/the-mysterious-garden-by-jean-poivre-and-volata-by-acca-kappa-from-monastery-to-giro-ditalia\/#breadcrumb","itemListElement":[{"@type":"ListItem","position":1,"name":"Startseite","item":"https:\/\/www.alzd.de\/en\/"},{"@type":"ListItem","position":2,"name":"The Mysterious Garden by Jean Poivre and Volata by Acca Kappa &#8211; From Monastery to Giro d&#8217;Italia"}]},{"@type":"WebSite","@id":"https:\/\/www.alzd.de\/en\/#website","url":"https:\/\/www.alzd.de\/en\/","name":"Das Duft-Tagebuch","description":"Das Parfumblog von Aus Liebe zum Duft","publisher":{"@id":"https:\/\/www.alzd.de\/en\/#organization"},"potentialAction":[{"@type":"SearchAction","target":{"@type":"EntryPoint","urlTemplate":"https:\/\/www.alzd.de\/en\/?s={search_term_string}"},"query-input":{"@type":"PropertyValueSpecification","valueRequired":true,"valueName":"search_term_string"}}],"inLanguage":"en-US"},{"@type":"Organization","@id":"https:\/\/www.alzd.de\/en\/#organization","name":"Das Duft-Tagebuch","url":"https:\/\/www.alzd.de\/en\/","logo":{"@type":"ImageObject","inLanguage":"en-US","@id":"https:\/\/www.alzd.de\/en\/#\/schema\/logo\/image\/","url":"https:\/\/www.alzd.de\/wp-content\/2023\/08\/alzd_dufttagebuch.png","contentUrl":"https:\/\/www.alzd.de\/wp-content\/2023\/08\/alzd_dufttagebuch.png","width":1804,"height":416,"caption":"Das Duft-Tagebuch"},"image":{"@id":"https:\/\/www.alzd.de\/en\/#\/schema\/logo\/image\/"},"sameAs":["https:\/\/www.facebook.com\/dufttagebuch\/","https:\/\/x.com\/ausliebezumduft","https:\/\/www.instagram.com\/ausliebezumduft.de\/","https:\/\/www.youtube.com\/c\/ausliebezumduft"]},{"@type":"Person","@id":"https:\/\/www.alzd.de\/en\/#\/schema\/person\/8efcd8f02447fdbe8f29ad465897d04e","name":"Julia Bir\u00f3","image":{"@type":"ImageObject","inLanguage":"en-US","@id":"https:\/\/www.alzd.de\/wp-content\/2018\/02\/cropped-cropped-mitarbeiterbilder_steffi--96x96.jpg","url":"https:\/\/www.alzd.de\/wp-content\/2018\/02\/cropped-cropped-mitarbeiterbilder_steffi--96x96.jpg","contentUrl":"https:\/\/www.alzd.de\/wp-content\/2018\/02\/cropped-cropped-mitarbeiterbilder_steffi--96x96.jpg","caption":"Julia Bir\u00f3"},"description":"Bereits 2010 gingen so einige Blogbeitr\u00e4ge auf mein Konto. Dann war ich \u201ekurz\u201c weg \u2013 sechs Jahre. Umso mehr freut es mich, dass ich nun wieder die Chance bekomme, mein N\u00e4schen im Dienste der Duftrezension schnuppern zu lassen und eifrig in die Tasten zu hauen. Was Nischend\u00fcfte angeht, habe ich damals \u00fcbrigens schnell Feuer gefangen. Meine Ausbildung tat dazu ihr \u00dcbriges: Als diplomierte Biologin kenne ich mich nicht nur mit Fauna und Flora, sondern auch recht gut mit der Herstellung von \u00d6len und Extrakten aus, was den Reiz der Parfumwelt nat\u00fcrlich noch gr\u00f6\u00dfer macht.","sameAs":["https:\/\/biro.is\/","https:\/\/www.facebook.com\/stephanie.tkaczik"],"url":"https:\/\/www.alzd.de\/en\/author\/stephanie\/"}]}},"wp-worthy-pixel":{"ignored":false,"public":null,"server":null,"url":null},"wp-worthy-type":"normal","_links":{"self":[{"href":"https:\/\/www.alzd.de\/en\/wp-json\/wp\/v2\/posts\/98924","targetHints":{"allow":["GET"]}}],"collection":[{"href":"https:\/\/www.alzd.de\/en\/wp-json\/wp\/v2\/posts"}],"about":[{"href":"https:\/\/www.alzd.de\/en\/wp-json\/wp\/v2\/types\/post"}],"author":[{"embeddable":true,"href":"https:\/\/www.alzd.de\/en\/wp-json\/wp\/v2\/users\/535"}],"replies":[{"embeddable":true,"href":"https:\/\/www.alzd.de\/en\/wp-json\/wp\/v2\/comments?post=98924"}],"version-history":[{"count":5,"href":"https:\/\/www.alzd.de\/en\/wp-json\/wp\/v2\/posts\/98924\/revisions"}],"predecessor-version":[{"id":99149,"href":"https:\/\/www.alzd.de\/en\/wp-json\/wp\/v2\/posts\/98924\/revisions\/99149"}],"wp:featuredmedia":[{"embeddable":true,"href":"https:\/\/www.alzd.de\/en\/wp-json\/wp\/v2\/media\/98913"}],"wp:attachment":[{"href":"https:\/\/www.alzd.de\/en\/wp-json\/wp\/v2\/media?parent=98924"}],"wp:term":[{"taxonomy":"category","embeddable":true,"href":"https:\/\/www.alzd.de\/en\/wp-json\/wp\/v2\/categories?post=98924"},{"taxonomy":"post_tag","embeddable":true,"href":"https:\/\/www.alzd.de\/en\/wp-json\/wp\/v2\/tags?post=98924"}],"curies":[{"name":"wp","href":"https:\/\/api.w.org\/{rel}","templated":true}]}}