{"id":98312,"date":"2022-06-23T07:30:00","date_gmt":"2022-06-23T05:30:00","guid":{"rendered":"https:\/\/www.alzd.de\/2022\/06\/23\/neroli-mediterraneo-and-vetiver-java-by-perris-monte-carlo\/"},"modified":"2022-06-23T10:22:14","modified_gmt":"2022-06-23T08:22:14","slug":"neroli-mediterraneo-and-vetiver-java-by-perris-monte-carlo","status":"publish","type":"post","link":"https:\/\/www.alzd.de\/en\/2022\/06\/23\/neroli-mediterraneo-and-vetiver-java-by-perris-monte-carlo\/","title":{"rendered":"Neroli Mediterraneo and Vetiver Java by Perris Monte Carlo"},"content":{"rendered":"\n<p>In the last few days, the sample of <a href=\"https:\/\/www.ausliebezumduft.de\/perris-monte-carlo-italy-collection-neroli-mediterraneo.html\" target=\"_blank\" rel=\"noreferrer noopener\">Neroli Mediterraneo<\/a> by <a href=\"https:\/\/www.ausliebezumduft.de\/duefte\/perris-monte-carlo.html\" target=\"_blank\" rel=\"noreferrer noopener\">Perris Monte Carlo<\/a> fluttered onto my desk, and I remembered that a similar sample of <a href=\"https:\/\/www.ausliebezumduft.de\/perris-monte-carlo-vetiver-java.html\" target=\"_blank\" rel=\"noreferrer noopener\">Vetiver Java<\/a> has been waiting for some time. That fits wonderful! So the two of them get a chance today. \ud83d\ude42<\/p>\n<div class=\"wp-block-image\">\n<figure class=\"aligncenter size-large\"><img decoding=\"async\" width=\"864\" height=\"1080\" src=\"https:\/\/www.alzd.de\/wp-content\/2022\/06\/279407306_5186924731402167_7971540153720990178_n-864x1080.jpg\" alt=\"Perris Monte Carlo - Neroli Mediterraneo\" class=\"wp-image-98270\" title=\"Perris Monte Carlo - Neroli Mediterraneo\" srcset=\"https:\/\/www.alzd.de\/wp-content\/2022\/06\/279407306_5186924731402167_7971540153720990178_n-864x1080.jpg 864w, https:\/\/www.alzd.de\/wp-content\/2022\/06\/279407306_5186924731402167_7971540153720990178_n-576x720.jpg 576w, https:\/\/www.alzd.de\/wp-content\/2022\/06\/279407306_5186924731402167_7971540153720990178_n-288x360.jpg 288w, https:\/\/www.alzd.de\/wp-content\/2022\/06\/279407306_5186924731402167_7971540153720990178_n-768x960.jpg 768w, https:\/\/www.alzd.de\/wp-content\/2022\/06\/279407306_5186924731402167_7971540153720990178_n-1229x1536.jpg 1229w, https:\/\/www.alzd.de\/wp-content\/2022\/06\/279407306_5186924731402167_7971540153720990178_n-280x350.jpg 280w, https:\/\/www.alzd.de\/wp-content\/2022\/06\/279407306_5186924731402167_7971540153720990178_n.jpg 1365w\" sizes=\"(max-width: 864px) 100vw, 864px\" \/><figcaption>Neroli Mediterraneo from <a href=\"https:\/\/www.facebook.com\/PerrisMonteCarlo\/\" target=\"_blank\" rel=\"noreferrer noopener\">Facebook<\/a><\/figcaption><\/figure>\n<\/div>\n<p>Perris Monte Carlo is long-established at <a href=\"https:\/\/www.ausliebezumduft.de\/\" target=\"_blank\" rel=\"noreferrer noopener\">Aus Liebe zum Duft<\/a> and also here in the Duft-Tagebuch. Already successful in our range for ten years, the creations of the Italian brand based in Monte Carlo have been represented here in this fragrance blog several times, even if the last post was a while ago. I link you our collected works <a href=\"https:\/\/www.alzd.de\/en\/tag\/perris-monte-carlo-en\/\" target=\"_blank\" rel=\"noreferrer noopener\">here<\/a>.<\/p>\n\n<h2 class=\"wp-block-heading\">Neroli Mediterraneo &#8211; Italy Collection<\/h2>\n\n<p>Neroli, the essential oil from the flowers of the bitter orange tree, has been enchanting for centuries. The name Neroli supposedly comes from Anne-Marie de La Tr\u00e9moille (1642-1722), the Duchess of Bracciano and Princess of Nerola, married into the noble family of the Orsinis, who owned a castello in the central Italian town of Nerola. The scent of bitter orange blossoms was her favorite and so, according to legend, she gave the essential oil the name Neroli.<\/p>\n\n<p>The destination of our fragrance journey with Perris Monte Carlo is Calabria, the foot tip of the Italian boot, famous for its delicious citrus fruits such as bergamot, citron and also bitter orange. Perfumer Gian Luca Perris combined for Neroli Mediterraneo &#8211; which, by the way, belongs to the Italy Collection &#8211; the fragrance notes <strong>bitter orange, mandarin, bergamot, ginger, geranium, neroli, orange blossom, petitgrain, Szechuan pepper, cedarwood, iris<\/strong> and <strong>musk<\/strong>.<\/p>\n<div class=\"wp-block-image\">\n<figure class=\"aligncenter size-full\"><img decoding=\"async\" width=\"841\" height=\"1051\" src=\"https:\/\/www.alzd.de\/wp-content\/2022\/06\/279901065_5196904503737523_1806344482019202903_n.jpg\" alt=\"Perris Monte Carlo - Neroli Mediterraneo\" class=\"wp-image-98277\" title=\"Perris Monte Carlo - Neroli Mediterraneo\" srcset=\"https:\/\/www.alzd.de\/wp-content\/2022\/06\/279901065_5196904503737523_1806344482019202903_n.jpg 841w, https:\/\/www.alzd.de\/wp-content\/2022\/06\/279901065_5196904503737523_1806344482019202903_n-576x720.jpg 576w, https:\/\/www.alzd.de\/wp-content\/2022\/06\/279901065_5196904503737523_1806344482019202903_n-288x360.jpg 288w, https:\/\/www.alzd.de\/wp-content\/2022\/06\/279901065_5196904503737523_1806344482019202903_n-768x960.jpg 768w, https:\/\/www.alzd.de\/wp-content\/2022\/06\/279901065_5196904503737523_1806344482019202903_n-280x350.jpg 280w\" sizes=\"(max-width: 841px) 100vw, 841px\" \/><figcaption>Neroli Mediterraneo from <a href=\"https:\/\/www.facebook.com\/PerrisMonteCarlo\/\" target=\"_blank\" rel=\"noreferrer noopener\">Facebook<\/a><\/figcaption><\/figure>\n<\/div>\n<figure class=\"wp-block-pullquote\"><blockquote><p>Kissed by the sun, caressed by the wind, nourished by the earth, nursed by the sea.<\/p><\/blockquote><\/figure>\n\n<h2 class=\"wp-block-heading\">Fragrant Southern Italy<\/h2>\n\n<p>Refreshing and sunny, Neroli Mediterraneo starts the fragrance with fine and radiant citrus nuances, which are soon joined by creamy and clean-looking notes. Very light and airy, the creation appears. Ginger and Szechuan pepper set gentle accents with subtle spiciness, but right at the forefront of the fragrance stage are the hesperides, in the form of fruits and flowers. <\/p>\n\n<p>They instantly give the fragrance a relaxed, serene mood, clearly reminiscent of vacation. Under the southern sun in a hammock in the shade to while away the afternoon. From afar, the scent of bitter orange blossoms, which also carries a certain coolness. I also perceive light hints of sunscreen, which underline the Mediterranean character of the eau de parfum.<\/p>\n<div class=\"wp-block-image\">\n<figure class=\"aligncenter size-large\"><img decoding=\"async\" width=\"864\" height=\"1080\" src=\"https:\/\/www.alzd.de\/wp-content\/2022\/06\/286579144_5301600649934574_493797597884572122_n-864x1080.jpg\" alt=\"Perris Monte Carlo - Neroli Mediterraneo\" class=\"wp-image-98286\" title=\"Perris Monte Carlo - Neroli Mediterraneo\" srcset=\"https:\/\/www.alzd.de\/wp-content\/2022\/06\/286579144_5301600649934574_493797597884572122_n-864x1080.jpg 864w, https:\/\/www.alzd.de\/wp-content\/2022\/06\/286579144_5301600649934574_493797597884572122_n-576x720.jpg 576w, https:\/\/www.alzd.de\/wp-content\/2022\/06\/286579144_5301600649934574_493797597884572122_n-288x360.jpg 288w, https:\/\/www.alzd.de\/wp-content\/2022\/06\/286579144_5301600649934574_493797597884572122_n-768x960.jpg 768w, https:\/\/www.alzd.de\/wp-content\/2022\/06\/286579144_5301600649934574_493797597884572122_n-1229x1536.jpg 1229w, https:\/\/www.alzd.de\/wp-content\/2022\/06\/286579144_5301600649934574_493797597884572122_n-280x350.jpg 280w, https:\/\/www.alzd.de\/wp-content\/2022\/06\/286579144_5301600649934574_493797597884572122_n.jpg 1365w\" sizes=\"(max-width: 864px) 100vw, 864px\" \/><figcaption>Neroli Mediterraneo from <a href=\"https:\/\/www.facebook.com\/PerrisMonteCarlo\/\" target=\"_blank\" rel=\"noreferrer noopener\">Facebook<\/a><\/figcaption><\/figure>\n<\/div>\n<p>Neroli Mediterraneo by Perris Monte Carlo is the summer fragrance par excellence. Fine citrus meets creamy and floral notes, underpinned by light and delicate woods and musk. As light, as summery and carefree as a vacation day in the south, the creation is perfect for those who are still looking for a fragrance for the warm season, who like soft and unobtrusive citric fragrances and clean creations. In my eyes, an absolute allrounder in terms of occasion, age and gender. <\/p>\n\n<div class=\"wp-block-buttons is-content-justification-center is-layout-flex wp-container-core-buttons-is-layout-16018d1d wp-block-buttons-is-layout-flex\">\n<div class=\"wp-block-button has-custom-width wp-block-button__width-50\"><a class=\"wp-block-button__link has-white-color has-text-color has-background\" href=\"https:\/\/www.ausliebezumduft.de\/perris-monte-carlo-italy-collection-neroli-mediterraneo.html\" style=\"background-color:#eece00\" target=\"_blank\" rel=\"noreferrer noopener\"><strong>Neroli Mediterraneo<\/strong><\/a><\/div>\n<\/div>\n\n<div style=\"height:100px\" aria-hidden=\"true\" class=\"wp-block-spacer\"><\/div>\n\n<h2 class=\"wp-block-heading\">Vetiver Java &#8211; Black Collection<\/h2>\n\n<p>The Black Collection of the brand Perris Monte Carlo includes Vetiver Java, which &#8211; as far as I want to go out on a limb &#8211; should turn out differently than our first candidate today. The main ingredient of the creation can already be seen in the name: Vetiver from Java.<\/p>\n\n<blockquote class=\"wp-block-quote is-layout-flow wp-block-quote-is-layout-flow\"><p>I have smelled different qualities of vetiver before &#8211; vetiver from Haiti, bourbon vetiver &#8211; with strong and intense notes, but they seemed too clean, too transparent, too monotonous. One day I discovered a vetiver from the island of Java, less used in perfumery, but which fascinated me. It seemed sharp, smoky burnt, but at the same time surprisingly floral with green and spicy nuances. It wasn&#8217;t love at first sight, but ultimately a certain arrogance in intensity won me over. &#8211; Gian Luca Perris<\/p><\/blockquote>\n<div class=\"wp-block-image\">\n<figure class=\"aligncenter size-large\"><img decoding=\"async\" width=\"864\" height=\"1080\" src=\"https:\/\/www.alzd.de\/wp-content\/2022\/06\/272436673_4913136828780960_8208529655801777208_n-864x1080.jpg\" alt=\"Perris Monte Carlo - Vetiver Java\" class=\"wp-image-98284\" title=\"Perris Monte Carlo - Vetiver Java\" srcset=\"https:\/\/www.alzd.de\/wp-content\/2022\/06\/272436673_4913136828780960_8208529655801777208_n-864x1080.jpg 864w, https:\/\/www.alzd.de\/wp-content\/2022\/06\/272436673_4913136828780960_8208529655801777208_n-576x720.jpg 576w, https:\/\/www.alzd.de\/wp-content\/2022\/06\/272436673_4913136828780960_8208529655801777208_n-288x360.jpg 288w, https:\/\/www.alzd.de\/wp-content\/2022\/06\/272436673_4913136828780960_8208529655801777208_n-768x959.jpg 768w, https:\/\/www.alzd.de\/wp-content\/2022\/06\/272436673_4913136828780960_8208529655801777208_n-1229x1536.jpg 1229w, https:\/\/www.alzd.de\/wp-content\/2022\/06\/272436673_4913136828780960_8208529655801777208_n-280x350.jpg 280w, https:\/\/www.alzd.de\/wp-content\/2022\/06\/272436673_4913136828780960_8208529655801777208_n.jpg 1412w\" sizes=\"(max-width: 864px) 100vw, 864px\" \/><figcaption>Vetiver Java from <a href=\"https:\/\/www.facebook.com\/PerrisMonteCarlo\/\" target=\"_blank\" rel=\"noreferrer noopener\">Facebook<\/a><\/figcaption><\/figure>\n<\/div>\n<p>Gian Luca Perris combined this particular <strong>vetiver<\/strong> in Vetiver Java with the fragrance notes of <strong>bergamot, grapefruit, Szechuan pepper, geranium, ambergris<\/strong> and <strong>musk<\/strong>, bringing together the Far Eastern root with Mediterranean-inspired notes. I am curious!<\/p>\n\n<h3 class=\"wp-block-heading\">Asia meets Mediterranean<\/h3>\n\n<p>Our second eau de parfum today also opens with citrus notes, but here they are much more tart and edgy than in Neroli Mediterraneo. Cool, earthy and fresh is the opening of Vetiver Java, also thanks to the tangy nuances of grapefruit and bergamot, which give the opening a beautiful citric note. <\/p>\n\n<p>The vetiver itself underlines the greenish-fresh accents of the opening, gives it a woody earthiness, dry, rather dark and deep. A subtle smoky note pervades the creation. Gradually, the eau de parfum becomes warmer and more sweet. Ambergris and musk provide soft-leathery and woody-powdery notes in the finish, which unite with the vetiver nuances and allow the fragrance to end so beautifully.<\/p>\n<div class=\"wp-block-image\">\n<figure class=\"aligncenter size-large\"><img decoding=\"async\" width=\"864\" height=\"1080\" src=\"https:\/\/www.alzd.de\/wp-content\/2022\/06\/277162521_5091900667571241_6439415738903038708_n-864x1080.jpg\" alt=\"Perris Monte Carlo - Vetiver Java\" class=\"wp-image-98297\" title=\"Perris Monte Carlo - Vetiver Java\" srcset=\"https:\/\/www.alzd.de\/wp-content\/2022\/06\/277162521_5091900667571241_6439415738903038708_n-864x1080.jpg 864w, https:\/\/www.alzd.de\/wp-content\/2022\/06\/277162521_5091900667571241_6439415738903038708_n-576x720.jpg 576w, https:\/\/www.alzd.de\/wp-content\/2022\/06\/277162521_5091900667571241_6439415738903038708_n-288x360.jpg 288w, https:\/\/www.alzd.de\/wp-content\/2022\/06\/277162521_5091900667571241_6439415738903038708_n-768x960.jpg 768w, https:\/\/www.alzd.de\/wp-content\/2022\/06\/277162521_5091900667571241_6439415738903038708_n-280x350.jpg 280w, https:\/\/www.alzd.de\/wp-content\/2022\/06\/277162521_5091900667571241_6439415738903038708_n.jpg 1080w\" sizes=\"(max-width: 864px) 100vw, 864px\" \/><figcaption>Vetiver Java from <a href=\"https:\/\/www.facebook.com\/PerrisMonteCarlo\/\" target=\"_blank\" rel=\"noreferrer noopener\">Facebook<\/a><\/figcaption><\/figure>\n<\/div>\n<p>Vetiver Java is an elegant and fresh vetiver fragrance, to which a bouquet of citrus fruits in the opening give Mediterranean lightness, accented by Szechuan pepper and finally with in a base of warm and creamy notes. Endowed with good presence and durability, yet never too intense, the eau de parfum from the house of Perris Monte Carlo is perfect for all occasions that life has to offer. Also, in the matter of season, age or gender Vetiver Java is up for anything. \ud83d\ude42<\/p>\n\n<div class=\"wp-block-buttons is-content-justification-center is-layout-flex wp-container-core-buttons-is-layout-16018d1d wp-block-buttons-is-layout-flex\">\n<div class=\"wp-block-button has-custom-width wp-block-button__width-50\"><a class=\"wp-block-button__link has-white-color has-text-color has-background\" href=\"https:\/\/www.ausliebezumduft.de\/perris-monte-carlo-vetiver-java.html\" style=\"background-color:#dbaf82\" target=\"_blank\" rel=\"noreferrer noopener\"><strong>Vetiver Java<\/strong><\/a><\/div>\n<\/div>\n\n<p><\/p>\n","protected":false},"excerpt":{"rendered":"<p>In the last few days, the sample of Neroli Mediterraneo by Perris Monte Carlo fluttered onto my desk, and I remembered that a similar sample of Vetiver Java&#8230;<\/p>\n<div class=\"more-link-wrapper\"><a class=\"more-link\" href=\"https:\/\/www.alzd.de\/en\/2022\/06\/23\/neroli-mediterraneo-and-vetiver-java-by-perris-monte-carlo\/\">WEITERLESEN<span class=\"screen-reader-text\">Neroli Mediterraneo and Vetiver Java by Perris Monte Carlo<\/span><\/a><\/div>\n","protected":false},"author":535,"featured_media":98311,"comment_status":"open","ping_status":"closed","sticky":false,"template":"","format":"standard","meta":{"footnotes":""},"categories":[1161,1151,1117,1159,1158,1114],"tags":[1638,1671,1670],"class_list":["post-98312","post","type-post","status-publish","format-standard","has-post-thumbnail","hentry","category-clean-powdery","category-flowers","category-fragrances","category-herbal","category-hesperidian","category-woody","tag-neroli-en","tag-perris-monte-carlo-en","tag-vetiver-en","excerpt","zoom","full-without-featured","even","excerpt-0"],"yoast_head":"<!-- This site is optimized with the Yoast SEO plugin v27.4 - https:\/\/yoast.com\/product\/yoast-seo-wordpress\/ -->\n<title>Neroli Mediterraneo and Vetiver Java by Perris Monte Carlo<\/title>\n<meta name=\"description\" content=\"In the last few days fluttered the sample of Neroli Mediterraneo from the house of Perris Monte Carlo on my desk and there ...\" \/>\n<meta name=\"robots\" content=\"index, follow, max-snippet:-1, max-image-preview:large, max-video-preview:-1\" \/>\n<link rel=\"canonical\" href=\"https:\/\/www.alzd.de\/en\/2022\/06\/23\/neroli-mediterraneo-and-vetiver-java-by-perris-monte-carlo\/\" \/>\n<meta property=\"og:locale\" content=\"en_US\" \/>\n<meta property=\"og:type\" content=\"article\" \/>\n<meta property=\"og:title\" content=\"Neroli Mediterraneo and Vetiver Java by Perris Monte Carlo\" \/>\n<meta property=\"og:url\" content=\"https:\/\/www.alzd.de\/en\/2022\/06\/23\/neroli-mediterraneo-and-vetiver-java-by-perris-monte-carlo\/\" \/>\n<meta property=\"og:site_name\" content=\"Das Duft-Tagebuch\" \/>\n<meta property=\"article:publisher\" content=\"https:\/\/www.facebook.com\/dufttagebuch\/\" \/>\n<meta property=\"article:author\" content=\"https:\/\/www.facebook.com\/stephanie.tkaczik\" \/>\n<meta property=\"article:published_time\" content=\"2022-06-23T05:30:00+00:00\" \/>\n<meta property=\"article:modified_time\" content=\"2022-06-23T08:22:14+00:00\" \/>\n<meta property=\"og:image\" content=\"https:\/\/www.alzd.de\/wp-content\/2022\/06\/bb_ok_Perris_Neroli_Horizont_1200x800__web_2200x.jpg\" \/>\n\t<meta property=\"og:image:width\" content=\"720\" \/>\n\t<meta property=\"og:image:height\" content=\"400\" \/>\n\t<meta property=\"og:image:type\" content=\"image\/jpeg\" \/>\n<meta name=\"author\" content=\"Julia Bir\u00f3\" \/>\n<meta name=\"twitter:card\" content=\"summary_large_image\" \/>\n<meta name=\"twitter:creator\" content=\"@ausliebezumduft\" \/>\n<meta name=\"twitter:site\" content=\"@ausliebezumduft\" \/>\n<script type=\"application\/ld+json\" class=\"yoast-schema-graph\">{\"@context\":\"https:\\\/\\\/schema.org\",\"@graph\":[{\"@type\":\"Article\",\"@id\":\"https:\\\/\\\/www.alzd.de\\\/en\\\/2022\\\/06\\\/23\\\/neroli-mediterraneo-and-vetiver-java-by-perris-monte-carlo\\\/#article\",\"isPartOf\":{\"@id\":\"https:\\\/\\\/www.alzd.de\\\/en\\\/2022\\\/06\\\/23\\\/neroli-mediterraneo-and-vetiver-java-by-perris-monte-carlo\\\/\"},\"author\":{\"name\":\"Julia Bir\u00f3\",\"@id\":\"https:\\\/\\\/www.alzd.de\\\/en\\\/#\\\/schema\\\/person\\\/8efcd8f02447fdbe8f29ad465897d04e\"},\"headline\":\"Neroli Mediterraneo and Vetiver Java by Perris Monte Carlo\",\"datePublished\":\"2022-06-23T05:30:00+00:00\",\"dateModified\":\"2022-06-23T08:22:14+00:00\",\"mainEntityOfPage\":{\"@id\":\"https:\\\/\\\/www.alzd.de\\\/en\\\/2022\\\/06\\\/23\\\/neroli-mediterraneo-and-vetiver-java-by-perris-monte-carlo\\\/\"},\"wordCount\":887,\"commentCount\":0,\"publisher\":{\"@id\":\"https:\\\/\\\/www.alzd.de\\\/en\\\/#organization\"},\"image\":{\"@id\":\"https:\\\/\\\/www.alzd.de\\\/en\\\/2022\\\/06\\\/23\\\/neroli-mediterraneo-and-vetiver-java-by-perris-monte-carlo\\\/#primaryimage\"},\"thumbnailUrl\":\"https:\\\/\\\/www.alzd.de\\\/wp-content\\\/2022\\\/06\\\/bb_ok_Perris_Neroli_Horizont_1200x800__web_2200x.jpg\",\"keywords\":[\"Neroli\",\"Perris Monte Carlo\",\"Vetiver\"],\"articleSection\":[\"Clean &amp; Powdery\",\"Flowers\",\"Fragrances\",\"Herbal\",\"Hesperidian\",\"Woody\"],\"inLanguage\":\"en-US\",\"potentialAction\":[{\"@type\":\"CommentAction\",\"name\":\"Comment\",\"target\":[\"https:\\\/\\\/www.alzd.de\\\/en\\\/2022\\\/06\\\/23\\\/neroli-mediterraneo-and-vetiver-java-by-perris-monte-carlo\\\/#respond\"]}]},{\"@type\":\"WebPage\",\"@id\":\"https:\\\/\\\/www.alzd.de\\\/en\\\/2022\\\/06\\\/23\\\/neroli-mediterraneo-and-vetiver-java-by-perris-monte-carlo\\\/\",\"url\":\"https:\\\/\\\/www.alzd.de\\\/en\\\/2022\\\/06\\\/23\\\/neroli-mediterraneo-and-vetiver-java-by-perris-monte-carlo\\\/\",\"name\":\"Neroli Mediterraneo and Vetiver Java by Perris Monte Carlo\",\"isPartOf\":{\"@id\":\"https:\\\/\\\/www.alzd.de\\\/en\\\/#website\"},\"primaryImageOfPage\":{\"@id\":\"https:\\\/\\\/www.alzd.de\\\/en\\\/2022\\\/06\\\/23\\\/neroli-mediterraneo-and-vetiver-java-by-perris-monte-carlo\\\/#primaryimage\"},\"image\":{\"@id\":\"https:\\\/\\\/www.alzd.de\\\/en\\\/2022\\\/06\\\/23\\\/neroli-mediterraneo-and-vetiver-java-by-perris-monte-carlo\\\/#primaryimage\"},\"thumbnailUrl\":\"https:\\\/\\\/www.alzd.de\\\/wp-content\\\/2022\\\/06\\\/bb_ok_Perris_Neroli_Horizont_1200x800__web_2200x.jpg\",\"datePublished\":\"2022-06-23T05:30:00+00:00\",\"dateModified\":\"2022-06-23T08:22:14+00:00\",\"description\":\"In the last few days fluttered the sample of Neroli Mediterraneo from the house of Perris Monte Carlo on my desk and there ...\",\"breadcrumb\":{\"@id\":\"https:\\\/\\\/www.alzd.de\\\/en\\\/2022\\\/06\\\/23\\\/neroli-mediterraneo-and-vetiver-java-by-perris-monte-carlo\\\/#breadcrumb\"},\"inLanguage\":\"en-US\",\"potentialAction\":[{\"@type\":\"ReadAction\",\"target\":[\"https:\\\/\\\/www.alzd.de\\\/en\\\/2022\\\/06\\\/23\\\/neroli-mediterraneo-and-vetiver-java-by-perris-monte-carlo\\\/\"]}]},{\"@type\":\"ImageObject\",\"inLanguage\":\"en-US\",\"@id\":\"https:\\\/\\\/www.alzd.de\\\/en\\\/2022\\\/06\\\/23\\\/neroli-mediterraneo-and-vetiver-java-by-perris-monte-carlo\\\/#primaryimage\",\"url\":\"https:\\\/\\\/www.alzd.de\\\/wp-content\\\/2022\\\/06\\\/bb_ok_Perris_Neroli_Horizont_1200x800__web_2200x.jpg\",\"contentUrl\":\"https:\\\/\\\/www.alzd.de\\\/wp-content\\\/2022\\\/06\\\/bb_ok_Perris_Neroli_Horizont_1200x800__web_2200x.jpg\",\"width\":720,\"height\":400},{\"@type\":\"BreadcrumbList\",\"@id\":\"https:\\\/\\\/www.alzd.de\\\/en\\\/2022\\\/06\\\/23\\\/neroli-mediterraneo-and-vetiver-java-by-perris-monte-carlo\\\/#breadcrumb\",\"itemListElement\":[{\"@type\":\"ListItem\",\"position\":1,\"name\":\"Startseite\",\"item\":\"https:\\\/\\\/www.alzd.de\\\/en\\\/\"},{\"@type\":\"ListItem\",\"position\":2,\"name\":\"Neroli Mediterraneo and Vetiver Java by Perris Monte Carlo\"}]},{\"@type\":\"WebSite\",\"@id\":\"https:\\\/\\\/www.alzd.de\\\/en\\\/#website\",\"url\":\"https:\\\/\\\/www.alzd.de\\\/en\\\/\",\"name\":\"Das Duft-Tagebuch\",\"description\":\"Das Parfumblog von Aus Liebe zum Duft\",\"publisher\":{\"@id\":\"https:\\\/\\\/www.alzd.de\\\/en\\\/#organization\"},\"potentialAction\":[{\"@type\":\"SearchAction\",\"target\":{\"@type\":\"EntryPoint\",\"urlTemplate\":\"https:\\\/\\\/www.alzd.de\\\/en\\\/?s={search_term_string}\"},\"query-input\":{\"@type\":\"PropertyValueSpecification\",\"valueRequired\":true,\"valueName\":\"search_term_string\"}}],\"inLanguage\":\"en-US\"},{\"@type\":\"Organization\",\"@id\":\"https:\\\/\\\/www.alzd.de\\\/en\\\/#organization\",\"name\":\"Das Duft-Tagebuch\",\"url\":\"https:\\\/\\\/www.alzd.de\\\/en\\\/\",\"logo\":{\"@type\":\"ImageObject\",\"inLanguage\":\"en-US\",\"@id\":\"https:\\\/\\\/www.alzd.de\\\/en\\\/#\\\/schema\\\/logo\\\/image\\\/\",\"url\":\"https:\\\/\\\/www.alzd.de\\\/wp-content\\\/2023\\\/08\\\/alzd_dufttagebuch.png\",\"contentUrl\":\"https:\\\/\\\/www.alzd.de\\\/wp-content\\\/2023\\\/08\\\/alzd_dufttagebuch.png\",\"width\":1804,\"height\":416,\"caption\":\"Das Duft-Tagebuch\"},\"image\":{\"@id\":\"https:\\\/\\\/www.alzd.de\\\/en\\\/#\\\/schema\\\/logo\\\/image\\\/\"},\"sameAs\":[\"https:\\\/\\\/www.facebook.com\\\/dufttagebuch\\\/\",\"https:\\\/\\\/x.com\\\/ausliebezumduft\",\"https:\\\/\\\/www.instagram.com\\\/ausliebezumduft.de\\\/\",\"https:\\\/\\\/www.youtube.com\\\/c\\\/ausliebezumduft\"]},{\"@type\":\"Person\",\"@id\":\"https:\\\/\\\/www.alzd.de\\\/en\\\/#\\\/schema\\\/person\\\/8efcd8f02447fdbe8f29ad465897d04e\",\"name\":\"Julia Bir\u00f3\",\"image\":{\"@type\":\"ImageObject\",\"inLanguage\":\"en-US\",\"@id\":\"https:\\\/\\\/www.alzd.de\\\/wp-content\\\/2018\\\/02\\\/cropped-cropped-mitarbeiterbilder_steffi--96x96.jpg\",\"url\":\"https:\\\/\\\/www.alzd.de\\\/wp-content\\\/2018\\\/02\\\/cropped-cropped-mitarbeiterbilder_steffi--96x96.jpg\",\"contentUrl\":\"https:\\\/\\\/www.alzd.de\\\/wp-content\\\/2018\\\/02\\\/cropped-cropped-mitarbeiterbilder_steffi--96x96.jpg\",\"caption\":\"Julia Bir\u00f3\"},\"description\":\"Bereits 2010 gingen so einige Blogbeitr\u00e4ge auf mein Konto. Dann war ich \u201ekurz\u201c weg \u2013 sechs Jahre. Umso mehr freut es mich, dass ich nun wieder die Chance bekomme, mein N\u00e4schen im Dienste der Duftrezension schnuppern zu lassen und eifrig in die Tasten zu hauen. Was Nischend\u00fcfte angeht, habe ich damals \u00fcbrigens schnell Feuer gefangen. Meine Ausbildung tat dazu ihr \u00dcbriges: Als diplomierte Biologin kenne ich mich nicht nur mit Fauna und Flora, sondern auch recht gut mit der Herstellung von \u00d6len und Extrakten aus, was den Reiz der Parfumwelt nat\u00fcrlich noch gr\u00f6\u00dfer macht.\",\"sameAs\":[\"https:\\\/\\\/biro.is\\\/\",\"https:\\\/\\\/www.facebook.com\\\/stephanie.tkaczik\"],\"url\":\"https:\\\/\\\/www.alzd.de\\\/en\\\/author\\\/stephanie\\\/\"}]}<\/script>\n<!-- \/ Yoast SEO plugin. -->","yoast_head_json":{"title":"Neroli Mediterraneo and Vetiver Java by Perris Monte Carlo","description":"In the last few days fluttered the sample of Neroli Mediterraneo from the house of Perris Monte Carlo on my desk and there ...","robots":{"index":"index","follow":"follow","max-snippet":"max-snippet:-1","max-image-preview":"max-image-preview:large","max-video-preview":"max-video-preview:-1"},"canonical":"https:\/\/www.alzd.de\/en\/2022\/06\/23\/neroli-mediterraneo-and-vetiver-java-by-perris-monte-carlo\/","og_locale":"en_US","og_type":"article","og_title":"Neroli Mediterraneo and Vetiver Java by Perris Monte Carlo","og_url":"https:\/\/www.alzd.de\/en\/2022\/06\/23\/neroli-mediterraneo-and-vetiver-java-by-perris-monte-carlo\/","og_site_name":"Das Duft-Tagebuch","article_publisher":"https:\/\/www.facebook.com\/dufttagebuch\/","article_author":"https:\/\/www.facebook.com\/stephanie.tkaczik","article_published_time":"2022-06-23T05:30:00+00:00","article_modified_time":"2022-06-23T08:22:14+00:00","og_image":[{"width":720,"height":400,"url":"https:\/\/www.alzd.de\/wp-content\/2022\/06\/bb_ok_Perris_Neroli_Horizont_1200x800__web_2200x.jpg","type":"image\/jpeg"}],"author":"Julia Bir\u00f3","twitter_card":"summary_large_image","twitter_creator":"@ausliebezumduft","twitter_site":"@ausliebezumduft","schema":{"@context":"https:\/\/schema.org","@graph":[{"@type":"Article","@id":"https:\/\/www.alzd.de\/en\/2022\/06\/23\/neroli-mediterraneo-and-vetiver-java-by-perris-monte-carlo\/#article","isPartOf":{"@id":"https:\/\/www.alzd.de\/en\/2022\/06\/23\/neroli-mediterraneo-and-vetiver-java-by-perris-monte-carlo\/"},"author":{"name":"Julia Bir\u00f3","@id":"https:\/\/www.alzd.de\/en\/#\/schema\/person\/8efcd8f02447fdbe8f29ad465897d04e"},"headline":"Neroli Mediterraneo and Vetiver Java by Perris Monte Carlo","datePublished":"2022-06-23T05:30:00+00:00","dateModified":"2022-06-23T08:22:14+00:00","mainEntityOfPage":{"@id":"https:\/\/www.alzd.de\/en\/2022\/06\/23\/neroli-mediterraneo-and-vetiver-java-by-perris-monte-carlo\/"},"wordCount":887,"commentCount":0,"publisher":{"@id":"https:\/\/www.alzd.de\/en\/#organization"},"image":{"@id":"https:\/\/www.alzd.de\/en\/2022\/06\/23\/neroli-mediterraneo-and-vetiver-java-by-perris-monte-carlo\/#primaryimage"},"thumbnailUrl":"https:\/\/www.alzd.de\/wp-content\/2022\/06\/bb_ok_Perris_Neroli_Horizont_1200x800__web_2200x.jpg","keywords":["Neroli","Perris Monte Carlo","Vetiver"],"articleSection":["Clean &amp; Powdery","Flowers","Fragrances","Herbal","Hesperidian","Woody"],"inLanguage":"en-US","potentialAction":[{"@type":"CommentAction","name":"Comment","target":["https:\/\/www.alzd.de\/en\/2022\/06\/23\/neroli-mediterraneo-and-vetiver-java-by-perris-monte-carlo\/#respond"]}]},{"@type":"WebPage","@id":"https:\/\/www.alzd.de\/en\/2022\/06\/23\/neroli-mediterraneo-and-vetiver-java-by-perris-monte-carlo\/","url":"https:\/\/www.alzd.de\/en\/2022\/06\/23\/neroli-mediterraneo-and-vetiver-java-by-perris-monte-carlo\/","name":"Neroli Mediterraneo and Vetiver Java by Perris Monte Carlo","isPartOf":{"@id":"https:\/\/www.alzd.de\/en\/#website"},"primaryImageOfPage":{"@id":"https:\/\/www.alzd.de\/en\/2022\/06\/23\/neroli-mediterraneo-and-vetiver-java-by-perris-monte-carlo\/#primaryimage"},"image":{"@id":"https:\/\/www.alzd.de\/en\/2022\/06\/23\/neroli-mediterraneo-and-vetiver-java-by-perris-monte-carlo\/#primaryimage"},"thumbnailUrl":"https:\/\/www.alzd.de\/wp-content\/2022\/06\/bb_ok_Perris_Neroli_Horizont_1200x800__web_2200x.jpg","datePublished":"2022-06-23T05:30:00+00:00","dateModified":"2022-06-23T08:22:14+00:00","description":"In the last few days fluttered the sample of Neroli Mediterraneo from the house of Perris Monte Carlo on my desk and there ...","breadcrumb":{"@id":"https:\/\/www.alzd.de\/en\/2022\/06\/23\/neroli-mediterraneo-and-vetiver-java-by-perris-monte-carlo\/#breadcrumb"},"inLanguage":"en-US","potentialAction":[{"@type":"ReadAction","target":["https:\/\/www.alzd.de\/en\/2022\/06\/23\/neroli-mediterraneo-and-vetiver-java-by-perris-monte-carlo\/"]}]},{"@type":"ImageObject","inLanguage":"en-US","@id":"https:\/\/www.alzd.de\/en\/2022\/06\/23\/neroli-mediterraneo-and-vetiver-java-by-perris-monte-carlo\/#primaryimage","url":"https:\/\/www.alzd.de\/wp-content\/2022\/06\/bb_ok_Perris_Neroli_Horizont_1200x800__web_2200x.jpg","contentUrl":"https:\/\/www.alzd.de\/wp-content\/2022\/06\/bb_ok_Perris_Neroli_Horizont_1200x800__web_2200x.jpg","width":720,"height":400},{"@type":"BreadcrumbList","@id":"https:\/\/www.alzd.de\/en\/2022\/06\/23\/neroli-mediterraneo-and-vetiver-java-by-perris-monte-carlo\/#breadcrumb","itemListElement":[{"@type":"ListItem","position":1,"name":"Startseite","item":"https:\/\/www.alzd.de\/en\/"},{"@type":"ListItem","position":2,"name":"Neroli Mediterraneo and Vetiver Java by Perris Monte Carlo"}]},{"@type":"WebSite","@id":"https:\/\/www.alzd.de\/en\/#website","url":"https:\/\/www.alzd.de\/en\/","name":"Das Duft-Tagebuch","description":"Das Parfumblog von Aus Liebe zum Duft","publisher":{"@id":"https:\/\/www.alzd.de\/en\/#organization"},"potentialAction":[{"@type":"SearchAction","target":{"@type":"EntryPoint","urlTemplate":"https:\/\/www.alzd.de\/en\/?s={search_term_string}"},"query-input":{"@type":"PropertyValueSpecification","valueRequired":true,"valueName":"search_term_string"}}],"inLanguage":"en-US"},{"@type":"Organization","@id":"https:\/\/www.alzd.de\/en\/#organization","name":"Das Duft-Tagebuch","url":"https:\/\/www.alzd.de\/en\/","logo":{"@type":"ImageObject","inLanguage":"en-US","@id":"https:\/\/www.alzd.de\/en\/#\/schema\/logo\/image\/","url":"https:\/\/www.alzd.de\/wp-content\/2023\/08\/alzd_dufttagebuch.png","contentUrl":"https:\/\/www.alzd.de\/wp-content\/2023\/08\/alzd_dufttagebuch.png","width":1804,"height":416,"caption":"Das Duft-Tagebuch"},"image":{"@id":"https:\/\/www.alzd.de\/en\/#\/schema\/logo\/image\/"},"sameAs":["https:\/\/www.facebook.com\/dufttagebuch\/","https:\/\/x.com\/ausliebezumduft","https:\/\/www.instagram.com\/ausliebezumduft.de\/","https:\/\/www.youtube.com\/c\/ausliebezumduft"]},{"@type":"Person","@id":"https:\/\/www.alzd.de\/en\/#\/schema\/person\/8efcd8f02447fdbe8f29ad465897d04e","name":"Julia Bir\u00f3","image":{"@type":"ImageObject","inLanguage":"en-US","@id":"https:\/\/www.alzd.de\/wp-content\/2018\/02\/cropped-cropped-mitarbeiterbilder_steffi--96x96.jpg","url":"https:\/\/www.alzd.de\/wp-content\/2018\/02\/cropped-cropped-mitarbeiterbilder_steffi--96x96.jpg","contentUrl":"https:\/\/www.alzd.de\/wp-content\/2018\/02\/cropped-cropped-mitarbeiterbilder_steffi--96x96.jpg","caption":"Julia Bir\u00f3"},"description":"Bereits 2010 gingen so einige Blogbeitr\u00e4ge auf mein Konto. Dann war ich \u201ekurz\u201c weg \u2013 sechs Jahre. Umso mehr freut es mich, dass ich nun wieder die Chance bekomme, mein N\u00e4schen im Dienste der Duftrezension schnuppern zu lassen und eifrig in die Tasten zu hauen. Was Nischend\u00fcfte angeht, habe ich damals \u00fcbrigens schnell Feuer gefangen. Meine Ausbildung tat dazu ihr \u00dcbriges: Als diplomierte Biologin kenne ich mich nicht nur mit Fauna und Flora, sondern auch recht gut mit der Herstellung von \u00d6len und Extrakten aus, was den Reiz der Parfumwelt nat\u00fcrlich noch gr\u00f6\u00dfer macht.","sameAs":["https:\/\/biro.is\/","https:\/\/www.facebook.com\/stephanie.tkaczik"],"url":"https:\/\/www.alzd.de\/en\/author\/stephanie\/"}]}},"wp-worthy-pixel":{"ignored":false,"public":null,"server":null,"url":null},"wp-worthy-type":"normal","_links":{"self":[{"href":"https:\/\/www.alzd.de\/en\/wp-json\/wp\/v2\/posts\/98312","targetHints":{"allow":["GET"]}}],"collection":[{"href":"https:\/\/www.alzd.de\/en\/wp-json\/wp\/v2\/posts"}],"about":[{"href":"https:\/\/www.alzd.de\/en\/wp-json\/wp\/v2\/types\/post"}],"author":[{"embeddable":true,"href":"https:\/\/www.alzd.de\/en\/wp-json\/wp\/v2\/users\/535"}],"replies":[{"embeddable":true,"href":"https:\/\/www.alzd.de\/en\/wp-json\/wp\/v2\/comments?post=98312"}],"version-history":[{"count":3,"href":"https:\/\/www.alzd.de\/en\/wp-json\/wp\/v2\/posts\/98312\/revisions"}],"predecessor-version":[{"id":98315,"href":"https:\/\/www.alzd.de\/en\/wp-json\/wp\/v2\/posts\/98312\/revisions\/98315"}],"wp:featuredmedia":[{"embeddable":true,"href":"https:\/\/www.alzd.de\/en\/wp-json\/wp\/v2\/media\/98311"}],"wp:attachment":[{"href":"https:\/\/www.alzd.de\/en\/wp-json\/wp\/v2\/media?parent=98312"}],"wp:term":[{"taxonomy":"category","embeddable":true,"href":"https:\/\/www.alzd.de\/en\/wp-json\/wp\/v2\/categories?post=98312"},{"taxonomy":"post_tag","embeddable":true,"href":"https:\/\/www.alzd.de\/en\/wp-json\/wp\/v2\/tags?post=98312"}],"curies":[{"name":"wp","href":"https:\/\/api.w.org\/{rel}","templated":true}]}}