{"id":97999,"date":"2022-06-10T07:30:00","date_gmt":"2022-06-10T05:30:00","guid":{"rendered":"https:\/\/www.alzd.de\/2022\/06\/10\/leau-guillerette-by-anatole-lebreton-and-eclat-by-brioni-olfactory-spring-awakening\/"},"modified":"2023-09-25T09:43:27","modified_gmt":"2023-09-25T07:43:27","slug":"leau-guillerette-by-anatole-lebreton-and-eclat-by-brioni-olfactory-spring-awakening","status":"publish","type":"post","link":"https:\/\/www.alzd.de\/en\/2022\/06\/10\/leau-guillerette-by-anatole-lebreton-and-eclat-by-brioni-olfactory-spring-awakening\/","title":{"rendered":"L&#8217;Eau Guillerette by Anatole Lebreton and \u00c9clat by Brioni &#8211; Olfactory Spring Awakening"},"content":{"rendered":"\n<p>With <a href=\"https:\/\/www.ausliebezumduft.de\/anatole-lebreton-l-eau-guillerette.html\" target=\"_blank\" rel=\"noreferrer noopener\">L&#8217;Eau Guillerette<\/a> by <a href=\"https:\/\/www.ausliebezumduft.de\/duefte\/anatole-lebreton.html\" target=\"_blank\" rel=\"noreferrer noopener\">Anatole Lebreton<\/a> and <a href=\"https:\/\/www.ausliebezumduft.de\/brioni-eclat.html\" target=\"_blank\" rel=\"noreferrer noopener\">\u00c9clat<\/a> by <a href=\"https:\/\/www.ausliebezumduft.de\/duefte\/brioni.html\" target=\"_blank\" rel=\"noreferrer noopener\">Brioni<\/a>, I have picked out two fragrance compositions today that seem to be made for the warm season. Even though the two brands could hardly be more opposite. Anatole Lebreton, self-taught and owner of a small fragrance manufactory in Provence, originating from Brittany, on the one hand. On the other, the Italian brand Brioni, known since the 1950s for luxurious and elegant menswear, which added exquisite fragrances to its high-end fashion collection in the late 2000s.<\/p>\n<div class=\"wp-block-image\">\n<figure class=\"aligncenter size-full\"><img decoding=\"async\" width=\"621\" height=\"832\" src=\"https:\/\/www.alzd.de\/wp-content\/2022\/06\/284579427_379215934225936_2146969918626845026_n.jpg\" alt=\"Anatole Lebreton - L'Eau Guillerette\" class=\"wp-image-97954\" title=\"Anatole Lebreton - L'Eau Guillerette\" srcset=\"https:\/\/www.alzd.de\/wp-content\/2022\/06\/284579427_379215934225936_2146969918626845026_n.jpg 621w, https:\/\/www.alzd.de\/wp-content\/2022\/06\/284579427_379215934225936_2146969918626845026_n-537x720.jpg 537w, https:\/\/www.alzd.de\/wp-content\/2022\/06\/284579427_379215934225936_2146969918626845026_n-269x360.jpg 269w, https:\/\/www.alzd.de\/wp-content\/2022\/06\/284579427_379215934225936_2146969918626845026_n-261x350.jpg 261w\" sizes=\"(max-width: 621px) 100vw, 621px\" \/><figcaption class=\"wp-element-caption\">L&#8217;Eau Guillerette from <a href=\"https:\/\/www.facebook.com\/AnatoleLebretonParfums\" target=\"_blank\" rel=\"noreferrer noopener\">Facebook<\/a><\/figcaption><\/figure>\n<\/div>\n<p>But even if the two fragrance houses selected today may not have too much in common with regard to their background, they are united by their love of beautiful and unusual fragrance compositions and for this reason both labels and their new launches finally find together here in the Duft-Tagebuch. \ud83d\ude42<\/p>\n\n<h2 class=\"wp-block-heading\">L&#8217;Eau Guillerette &#8211; Anatole Lebreton<\/h2>\n\n<p>Created by the brand owner himself, L&#8217;Eau Guillerette plays with the gentle nuances of spring. Since we are on the home stretch towards summer and thus may currently experience spring in its late phase &#8211; here at the Baltic Sea rather mixed as far as the weather is concerned &#8211; the fragrances used in L&#8217;Eau Guillerette are probably still well in our minds. <\/p>\n\n<p><strong>Lemon, bergamot, lilac, lily of the valley, heliotrope<\/strong> and <strong>white musk<\/strong> are the ingredients of this eau de parfum from the house of Anatole Lebreton. The lilac outside my office window was blooming profusely until a few weeks ago. I still have his scent well in the nose and I hope for an authentic implementation of these so special floral notes.<\/p>\n<div class=\"wp-block-image\">\n<figure class=\"aligncenter size-full\"><img decoding=\"async\" width=\"624\" height=\"836\" src=\"https:\/\/www.alzd.de\/wp-content\/2022\/06\/279396711_362924182521778_6229590802395699455_n-2.jpg\" alt=\"Anatole Lebreton - L'Eau Guillerette\" class=\"wp-image-97958\" title=\"Anatole Lebreton - L'Eau Guillerette\" srcset=\"https:\/\/www.alzd.de\/wp-content\/2022\/06\/279396711_362924182521778_6229590802395699455_n-2.jpg 624w, https:\/\/www.alzd.de\/wp-content\/2022\/06\/279396711_362924182521778_6229590802395699455_n-2-537x720.jpg 537w, https:\/\/www.alzd.de\/wp-content\/2022\/06\/279396711_362924182521778_6229590802395699455_n-2-269x360.jpg 269w, https:\/\/www.alzd.de\/wp-content\/2022\/06\/279396711_362924182521778_6229590802395699455_n-2-261x350.jpg 261w\" sizes=\"(max-width: 624px) 100vw, 624px\" \/><figcaption class=\"wp-element-caption\">L&#8217;Eau Guillerette from <a href=\"https:\/\/www.facebook.com\/AnatoleLebretonParfums\" target=\"_blank\" rel=\"noreferrer noopener\">Facebook<\/a><\/figcaption><\/figure>\n<\/div>\n<figure class=\"wp-block-pullquote has-small-font-size\"><blockquote><p>L&#8217;Eau Guillerette (happy water) is a fresh, airy, delicate and bright floral fragrance, fresh and crisp. Delicate, cute, filigree &#8211; inspired by spring with its soft greens and dewy mornings.<\/p><\/blockquote><\/figure>\n\n<h3 class=\"wp-block-heading\">L&#8217;Eau Guillerette &#8211; delicate spring greeting<\/h3>\n\n<p>As you would expect, L&#8217;Eau Guillerette starts the fragrance with a gentle citrus freshness. A colorful bouquet of hesperides, which can not be further defined, because soon the flowers glide in and give the eau de parfum exceedingly bright, powdery and beguiling facets. The lily of the valley is very present with its subtle greenish-aquatic nuances, which in my eyes always have very dry, almost scratchy accents. Do you know what I mean?<\/p>\n\n<p>Finally, lilac joins in, also contributing gently watery chords and skillfully punctuating the fragrance with its delicate, lovely and harmonious notes. The freshness of the opening stays with the fragrance for a long time and does not make it heavy &#8211; despite the lush spring flowers &#8211; but gives it a long-lasting lightness. Musk and heliotrope blend with lilac and lily of the valley for a subtle-vanilla and powdery underpinning.<\/p>\n<div class=\"wp-block-image\">\n<figure class=\"aligncenter size-full\"><img decoding=\"async\" width=\"600\" height=\"600\" src=\"https:\/\/www.alzd.de\/wp-content\/2022\/06\/l_eau-guillerette.jpg\" alt=\"Anatole Lebreton - L'Eau Guillerette\" class=\"wp-image-97963\" title=\"Anatole Lebreton - L'Eau Guillerette\" srcset=\"https:\/\/www.alzd.de\/wp-content\/2022\/06\/l_eau-guillerette.jpg 600w, https:\/\/www.alzd.de\/wp-content\/2022\/06\/l_eau-guillerette-360x360.jpg 360w, https:\/\/www.alzd.de\/wp-content\/2022\/06\/l_eau-guillerette-350x350.jpg 350w\" sizes=\"(max-width: 600px) 100vw, 600px\" \/><\/figure>\n<\/div>\n<p>L&#8217;Eau Guillerette by Anatole Lebreton is a soft, an airy and light fragrance that is lovely, powdery and beguilingly floral. An eau de parfum with a medium presence and a good durability that should absolutely please friends of lily of the valley, lilac as well as floral creations in general. Personally, I find L&#8217;Eau Guillerette very feminine, very summery and charming. An elegant and modern fragrance that feels as comfortable in the office and everyday life as on a date in the evening. \ud83d\ude42<\/p>\n\n<div class=\"wp-block-buttons is-content-justification-center is-layout-flex wp-container-core-buttons-is-layout-16018d1d wp-block-buttons-is-layout-flex\">\n<div class=\"wp-block-button has-custom-width wp-block-button__width-50\"><a class=\"wp-block-button__link has-white-color has-text-color has-background wp-element-button\" href=\"https:\/\/www.ausliebezumduft.de\/anatole-lebreton-l-eau-guillerette.html\" style=\"background-color:#729754\" target=\"_blank\" rel=\"noreferrer noopener\"><strong>L&#8217;Eau Guillerette<\/strong><\/a><\/div>\n<\/div>\n\n<div style=\"height:100px\" aria-hidden=\"true\" class=\"wp-block-spacer\"><\/div>\n\n<h2 class=\"wp-block-heading\">\u00c9clat &#8211; Brioni<\/h2>\n\n<p>From a feminine-inspired spring bloomer to a fragrance explicitly designed for men &#8211; a limitation you may or may not adhere to. Perfumer Michel Almairac was creatively at work for the Italian luxury menswear company and combined the fragrance notes <strong>grapefruit, pink pepper, incense, rose, patchouli, sandalwood, musk<\/strong> and <strong>ambroxan<\/strong> for the eau de parfum.<\/p>\n\n<figure class=\"wp-block-pullquote has-small-font-size\"><blockquote><p>The eau de parfum \u00c9clat is a balanced, fresh fragrance that invites you to relax and enjoy. A magical day full of light-heartedness and joie de vivre &#8211; from waking up in the early morning to sunset in the evening.<\/p><\/blockquote><\/figure>\n<div class=\"wp-block-image\">\n<figure class=\"aligncenter size-large\"><img decoding=\"async\" width=\"764\" height=\"1080\" src=\"https:\/\/www.alzd.de\/wp-content\/2022\/06\/7640171194141-7640171194134-BRIONI-ECLAT-EdP-Model-KeyVisual-Portrait-A4-300dpi-CMYK-764x1080.jpg\" alt=\"Brioni - &#xC9;clat\" class=\"wp-image-97973\" title=\"Brioni - &#xC9;clat\" srcset=\"https:\/\/www.alzd.de\/wp-content\/2022\/06\/7640171194141-7640171194134-BRIONI-ECLAT-EdP-Model-KeyVisual-Portrait-A4-300dpi-CMYK-764x1080.jpg 764w, https:\/\/www.alzd.de\/wp-content\/2022\/06\/7640171194141-7640171194134-BRIONI-ECLAT-EdP-Model-KeyVisual-Portrait-A4-300dpi-CMYK-509x720.jpg 509w, https:\/\/www.alzd.de\/wp-content\/2022\/06\/7640171194141-7640171194134-BRIONI-ECLAT-EdP-Model-KeyVisual-Portrait-A4-300dpi-CMYK-255x360.jpg 255w, https:\/\/www.alzd.de\/wp-content\/2022\/06\/7640171194141-7640171194134-BRIONI-ECLAT-EdP-Model-KeyVisual-Portrait-A4-300dpi-CMYK-768x1086.jpg 768w, https:\/\/www.alzd.de\/wp-content\/2022\/06\/7640171194141-7640171194134-BRIONI-ECLAT-EdP-Model-KeyVisual-Portrait-A4-300dpi-CMYK-248x350.jpg 248w, https:\/\/www.alzd.de\/wp-content\/2022\/06\/7640171194141-7640171194134-BRIONI-ECLAT-EdP-Model-KeyVisual-Portrait-A4-300dpi-CMYK.jpg 1061w\" sizes=\"(max-width: 764px) 100vw, 764px\" \/><\/figure>\n<\/div>\n<p>Brioni itself also states that the fragrance is ideal for the handsome and capturing gentleman &#8211; who, of course, wears Brioni fashion &#8211; for who seems to have no trouble in being successful, whose nonchalance is his trademark. By the way, while in German we associate the word &#8220;Eklat&#8221; with something sensational like a scandal &#8211; that is, something somehow negative &#8211; in French the word &#8220;\u00c9clat&#8221; also has a quite positive meaning, namely &#8220;splendor&#8221;, &#8220;splendor&#8221; and &#8220;radiance&#8221;.<\/p>\n\n<h3 class=\"wp-block-heading\">\u00c9clat &#8211; carefree elegance<\/h3>\n\n<p>Fresh, tart and reminiscent of a cologne shows the opening of \u00c9clat from the house of Brioni. But soon the rose enters the olfactory stage, giving the fragrance lovely floral and quite lush nuances that combine with the tangy citrus grapefruit and the gentle spiciness of pepper in the most harmonious way.<\/p>\n\n<p>Frankincense provides the finest resinous clouds that pass by \u00c9clat&#8217;s horizon with a delicate smokiness, while patchouli provides creamy woody nuances that punctuate the fragrance. The ambroxan provides cotton-soft cuddly accents, which combines with the lovely rose notes to finally fade out in a warm-woody and powdery base.<\/p>\n<div class=\"wp-block-image\">\n<figure class=\"aligncenter size-full\"><img decoding=\"async\" width=\"600\" height=\"600\" src=\"https:\/\/www.alzd.de\/wp-content\/2022\/06\/brioni-eclat-edp.jpg\" alt=\"Brioni - &#xC9;clat\" class=\"wp-image-97979\" title=\"Brioni - &#xC9;clat\" srcset=\"https:\/\/www.alzd.de\/wp-content\/2022\/06\/brioni-eclat-edp.jpg 600w, https:\/\/www.alzd.de\/wp-content\/2022\/06\/brioni-eclat-edp-360x360.jpg 360w, https:\/\/www.alzd.de\/wp-content\/2022\/06\/brioni-eclat-edp-350x350.jpg 350w\" sizes=\"(max-width: 600px) 100vw, 600px\" \/><\/figure>\n<\/div>\n<p>\u00c9clat is a radiant and fresh, light and casual floral fragrance, with a cologne-like opening and a soft-woody finish. A great fragrance for the warmer season, which in my eyes is absolutely unisex and wearable on any occasion. I would classify the presence as light to medium, but the longevity is good, which is not a given for a refreshing and airy creation. An all-rounder through and through, with which &#8211; it has to be said frankly &#8211; you can do no wrong. \ud83d\ude42<\/p>\n\n<div class=\"wp-block-buttons is-content-justification-center is-layout-flex wp-container-core-buttons-is-layout-16018d1d wp-block-buttons-is-layout-flex\">\n<div class=\"wp-block-button has-custom-width wp-block-button__width-50\"><a class=\"wp-block-button__link has-white-color has-text-color wp-element-button\" href=\"https:\/\/www.ausliebezumduft.de\/brioni-eclat.html\" target=\"_blank\" rel=\"noreferrer noopener\"><strong>\u00c9clat<\/strong><\/a><\/div>\n<\/div>\n\n<p><\/p>\n\n<p><\/p>\n\n<p><\/p>\n\n<p><\/p>\n","protected":false},"excerpt":{"rendered":"<p>With L&#8217;Eau Guillerette by Anatole Lebreton and \u00c9clat by Brioni, I have picked out two fragrance compositions today that seem to be made for the warm season. Even&#8230;<\/p>\n<div class=\"more-link-wrapper\"><a class=\"more-link\" href=\"https:\/\/www.alzd.de\/en\/2022\/06\/10\/leau-guillerette-by-anatole-lebreton-and-eclat-by-brioni-olfactory-spring-awakening\/\">WEITERLESEN<span class=\"screen-reader-text\">L&#8217;Eau Guillerette by Anatole Lebreton and \u00c9clat by Brioni &#8211; Olfactory Spring Awakening<\/span><\/a><\/div>\n","protected":false},"author":535,"featured_media":97989,"comment_status":"open","ping_status":"closed","sticky":false,"template":"","format":"standard","meta":{"footnotes":""},"categories":[1151,1117,1158,1114],"tags":[1218,1660,1659],"class_list":["post-97999","post","type-post","status-publish","format-standard","has-post-thumbnail","hentry","category-flowers","category-fragrances","category-hesperidian","category-woody","tag-anatole-lebreton-en","tag-brioni-en","tag-michel-almairac-en","excerpt","zoom","full-without-featured","even","excerpt-0"],"yoast_head":"<!-- This site is optimized with the Yoast SEO plugin v27.4 - https:\/\/yoast.com\/product\/yoast-seo-wordpress\/ -->\n<title>L&#039;Eau Guillerette by Anatole Lebreton and \u00c9clat by Brioni<\/title>\n<meta name=\"description\" content=\"With L&#039;Eau Guillerette by Anatole Lebreton and \u00c9clat by Brioni, I have picked out two fragrance compositions today that are made for ...\" \/>\n<meta name=\"robots\" content=\"index, follow, max-snippet:-1, max-image-preview:large, max-video-preview:-1\" \/>\n<link rel=\"canonical\" href=\"https:\/\/www.alzd.de\/en\/2022\/06\/10\/leau-guillerette-by-anatole-lebreton-and-eclat-by-brioni-olfactory-spring-awakening\/\" \/>\n<meta property=\"og:locale\" content=\"en_US\" \/>\n<meta property=\"og:type\" content=\"article\" \/>\n<meta property=\"og:title\" content=\"L&#039;Eau Guillerette by Anatole Lebreton and \u00c9clat by Brioni\" \/>\n<meta property=\"og:url\" content=\"https:\/\/www.alzd.de\/en\/2022\/06\/10\/leau-guillerette-by-anatole-lebreton-and-eclat-by-brioni-olfactory-spring-awakening\/\" \/>\n<meta property=\"og:site_name\" content=\"Das Duft-Tagebuch\" \/>\n<meta property=\"article:publisher\" content=\"https:\/\/www.facebook.com\/dufttagebuch\/\" \/>\n<meta property=\"article:author\" content=\"https:\/\/www.facebook.com\/stephanie.tkaczik\" \/>\n<meta property=\"article:published_time\" content=\"2022-06-10T05:30:00+00:00\" \/>\n<meta property=\"article:modified_time\" content=\"2023-09-25T07:43:27+00:00\" \/>\n<meta property=\"og:image\" content=\"https:\/\/www.alzd.de\/wp-content\/2022\/06\/bb_7640171194141-7640171194134-BRIONI-ECLAT-EdP-Model-KeyVisual-Portrait-A4-300dpi-CMYK.jpg\" \/>\n\t<meta property=\"og:image:width\" content=\"720\" \/>\n\t<meta property=\"og:image:height\" content=\"400\" \/>\n\t<meta property=\"og:image:type\" content=\"image\/jpeg\" \/>\n<meta name=\"author\" content=\"Julia Bir\u00f3\" \/>\n<meta name=\"twitter:card\" content=\"summary_large_image\" \/>\n<meta name=\"twitter:creator\" content=\"@ausliebezumduft\" \/>\n<meta name=\"twitter:site\" content=\"@ausliebezumduft\" \/>\n<script type=\"application\/ld+json\" class=\"yoast-schema-graph\">{\"@context\":\"https:\\\/\\\/schema.org\",\"@graph\":[{\"@type\":\"Article\",\"@id\":\"https:\\\/\\\/www.alzd.de\\\/en\\\/2022\\\/06\\\/10\\\/leau-guillerette-by-anatole-lebreton-and-eclat-by-brioni-olfactory-spring-awakening\\\/#article\",\"isPartOf\":{\"@id\":\"https:\\\/\\\/www.alzd.de\\\/en\\\/2022\\\/06\\\/10\\\/leau-guillerette-by-anatole-lebreton-and-eclat-by-brioni-olfactory-spring-awakening\\\/\"},\"author\":{\"name\":\"Julia Bir\u00f3\",\"@id\":\"https:\\\/\\\/www.alzd.de\\\/en\\\/#\\\/schema\\\/person\\\/8efcd8f02447fdbe8f29ad465897d04e\"},\"headline\":\"L&#8217;Eau Guillerette by Anatole Lebreton and \u00c9clat by Brioni &#8211; Olfactory Spring Awakening\",\"datePublished\":\"2022-06-10T05:30:00+00:00\",\"dateModified\":\"2023-09-25T07:43:27+00:00\",\"mainEntityOfPage\":{\"@id\":\"https:\\\/\\\/www.alzd.de\\\/en\\\/2022\\\/06\\\/10\\\/leau-guillerette-by-anatole-lebreton-and-eclat-by-brioni-olfactory-spring-awakening\\\/\"},\"wordCount\":927,\"commentCount\":0,\"publisher\":{\"@id\":\"https:\\\/\\\/www.alzd.de\\\/en\\\/#organization\"},\"image\":{\"@id\":\"https:\\\/\\\/www.alzd.de\\\/en\\\/2022\\\/06\\\/10\\\/leau-guillerette-by-anatole-lebreton-and-eclat-by-brioni-olfactory-spring-awakening\\\/#primaryimage\"},\"thumbnailUrl\":\"https:\\\/\\\/www.alzd.de\\\/wp-content\\\/2022\\\/06\\\/bb_7640171194141-7640171194134-BRIONI-ECLAT-EdP-Model-KeyVisual-Portrait-A4-300dpi-CMYK.jpg\",\"keywords\":[\"Anatole Lebreton\",\"Brioni\",\"Michel Almairac\"],\"articleSection\":[\"Flowers\",\"Fragrances\",\"Hesperidian\",\"Woody\"],\"inLanguage\":\"en-US\",\"potentialAction\":[{\"@type\":\"CommentAction\",\"name\":\"Comment\",\"target\":[\"https:\\\/\\\/www.alzd.de\\\/en\\\/2022\\\/06\\\/10\\\/leau-guillerette-by-anatole-lebreton-and-eclat-by-brioni-olfactory-spring-awakening\\\/#respond\"]}]},{\"@type\":\"WebPage\",\"@id\":\"https:\\\/\\\/www.alzd.de\\\/en\\\/2022\\\/06\\\/10\\\/leau-guillerette-by-anatole-lebreton-and-eclat-by-brioni-olfactory-spring-awakening\\\/\",\"url\":\"https:\\\/\\\/www.alzd.de\\\/en\\\/2022\\\/06\\\/10\\\/leau-guillerette-by-anatole-lebreton-and-eclat-by-brioni-olfactory-spring-awakening\\\/\",\"name\":\"L'Eau Guillerette by Anatole Lebreton and \u00c9clat by Brioni\",\"isPartOf\":{\"@id\":\"https:\\\/\\\/www.alzd.de\\\/en\\\/#website\"},\"primaryImageOfPage\":{\"@id\":\"https:\\\/\\\/www.alzd.de\\\/en\\\/2022\\\/06\\\/10\\\/leau-guillerette-by-anatole-lebreton-and-eclat-by-brioni-olfactory-spring-awakening\\\/#primaryimage\"},\"image\":{\"@id\":\"https:\\\/\\\/www.alzd.de\\\/en\\\/2022\\\/06\\\/10\\\/leau-guillerette-by-anatole-lebreton-and-eclat-by-brioni-olfactory-spring-awakening\\\/#primaryimage\"},\"thumbnailUrl\":\"https:\\\/\\\/www.alzd.de\\\/wp-content\\\/2022\\\/06\\\/bb_7640171194141-7640171194134-BRIONI-ECLAT-EdP-Model-KeyVisual-Portrait-A4-300dpi-CMYK.jpg\",\"datePublished\":\"2022-06-10T05:30:00+00:00\",\"dateModified\":\"2023-09-25T07:43:27+00:00\",\"description\":\"With L'Eau Guillerette by Anatole Lebreton and \u00c9clat by Brioni, I have picked out two fragrance compositions today that are made for ...\",\"breadcrumb\":{\"@id\":\"https:\\\/\\\/www.alzd.de\\\/en\\\/2022\\\/06\\\/10\\\/leau-guillerette-by-anatole-lebreton-and-eclat-by-brioni-olfactory-spring-awakening\\\/#breadcrumb\"},\"inLanguage\":\"en-US\",\"potentialAction\":[{\"@type\":\"ReadAction\",\"target\":[\"https:\\\/\\\/www.alzd.de\\\/en\\\/2022\\\/06\\\/10\\\/leau-guillerette-by-anatole-lebreton-and-eclat-by-brioni-olfactory-spring-awakening\\\/\"]}]},{\"@type\":\"ImageObject\",\"inLanguage\":\"en-US\",\"@id\":\"https:\\\/\\\/www.alzd.de\\\/en\\\/2022\\\/06\\\/10\\\/leau-guillerette-by-anatole-lebreton-and-eclat-by-brioni-olfactory-spring-awakening\\\/#primaryimage\",\"url\":\"https:\\\/\\\/www.alzd.de\\\/wp-content\\\/2022\\\/06\\\/bb_7640171194141-7640171194134-BRIONI-ECLAT-EdP-Model-KeyVisual-Portrait-A4-300dpi-CMYK.jpg\",\"contentUrl\":\"https:\\\/\\\/www.alzd.de\\\/wp-content\\\/2022\\\/06\\\/bb_7640171194141-7640171194134-BRIONI-ECLAT-EdP-Model-KeyVisual-Portrait-A4-300dpi-CMYK.jpg\",\"width\":720,\"height\":400},{\"@type\":\"BreadcrumbList\",\"@id\":\"https:\\\/\\\/www.alzd.de\\\/en\\\/2022\\\/06\\\/10\\\/leau-guillerette-by-anatole-lebreton-and-eclat-by-brioni-olfactory-spring-awakening\\\/#breadcrumb\",\"itemListElement\":[{\"@type\":\"ListItem\",\"position\":1,\"name\":\"Startseite\",\"item\":\"https:\\\/\\\/www.alzd.de\\\/en\\\/\"},{\"@type\":\"ListItem\",\"position\":2,\"name\":\"L&#8217;Eau Guillerette by Anatole Lebreton and \u00c9clat by Brioni &#8211; Olfactory Spring Awakening\"}]},{\"@type\":\"WebSite\",\"@id\":\"https:\\\/\\\/www.alzd.de\\\/en\\\/#website\",\"url\":\"https:\\\/\\\/www.alzd.de\\\/en\\\/\",\"name\":\"Das Duft-Tagebuch\",\"description\":\"Das Parfumblog von Aus Liebe zum Duft\",\"publisher\":{\"@id\":\"https:\\\/\\\/www.alzd.de\\\/en\\\/#organization\"},\"potentialAction\":[{\"@type\":\"SearchAction\",\"target\":{\"@type\":\"EntryPoint\",\"urlTemplate\":\"https:\\\/\\\/www.alzd.de\\\/en\\\/?s={search_term_string}\"},\"query-input\":{\"@type\":\"PropertyValueSpecification\",\"valueRequired\":true,\"valueName\":\"search_term_string\"}}],\"inLanguage\":\"en-US\"},{\"@type\":\"Organization\",\"@id\":\"https:\\\/\\\/www.alzd.de\\\/en\\\/#organization\",\"name\":\"Das Duft-Tagebuch\",\"url\":\"https:\\\/\\\/www.alzd.de\\\/en\\\/\",\"logo\":{\"@type\":\"ImageObject\",\"inLanguage\":\"en-US\",\"@id\":\"https:\\\/\\\/www.alzd.de\\\/en\\\/#\\\/schema\\\/logo\\\/image\\\/\",\"url\":\"https:\\\/\\\/www.alzd.de\\\/wp-content\\\/2023\\\/08\\\/alzd_dufttagebuch.png\",\"contentUrl\":\"https:\\\/\\\/www.alzd.de\\\/wp-content\\\/2023\\\/08\\\/alzd_dufttagebuch.png\",\"width\":1804,\"height\":416,\"caption\":\"Das Duft-Tagebuch\"},\"image\":{\"@id\":\"https:\\\/\\\/www.alzd.de\\\/en\\\/#\\\/schema\\\/logo\\\/image\\\/\"},\"sameAs\":[\"https:\\\/\\\/www.facebook.com\\\/dufttagebuch\\\/\",\"https:\\\/\\\/x.com\\\/ausliebezumduft\",\"https:\\\/\\\/www.instagram.com\\\/ausliebezumduft.de\\\/\",\"https:\\\/\\\/www.youtube.com\\\/c\\\/ausliebezumduft\"]},{\"@type\":\"Person\",\"@id\":\"https:\\\/\\\/www.alzd.de\\\/en\\\/#\\\/schema\\\/person\\\/8efcd8f02447fdbe8f29ad465897d04e\",\"name\":\"Julia Bir\u00f3\",\"image\":{\"@type\":\"ImageObject\",\"inLanguage\":\"en-US\",\"@id\":\"https:\\\/\\\/www.alzd.de\\\/wp-content\\\/2018\\\/02\\\/cropped-cropped-mitarbeiterbilder_steffi--96x96.jpg\",\"url\":\"https:\\\/\\\/www.alzd.de\\\/wp-content\\\/2018\\\/02\\\/cropped-cropped-mitarbeiterbilder_steffi--96x96.jpg\",\"contentUrl\":\"https:\\\/\\\/www.alzd.de\\\/wp-content\\\/2018\\\/02\\\/cropped-cropped-mitarbeiterbilder_steffi--96x96.jpg\",\"caption\":\"Julia Bir\u00f3\"},\"description\":\"Bereits 2010 gingen so einige Blogbeitr\u00e4ge auf mein Konto. Dann war ich \u201ekurz\u201c weg \u2013 sechs Jahre. Umso mehr freut es mich, dass ich nun wieder die Chance bekomme, mein N\u00e4schen im Dienste der Duftrezension schnuppern zu lassen und eifrig in die Tasten zu hauen. Was Nischend\u00fcfte angeht, habe ich damals \u00fcbrigens schnell Feuer gefangen. Meine Ausbildung tat dazu ihr \u00dcbriges: Als diplomierte Biologin kenne ich mich nicht nur mit Fauna und Flora, sondern auch recht gut mit der Herstellung von \u00d6len und Extrakten aus, was den Reiz der Parfumwelt nat\u00fcrlich noch gr\u00f6\u00dfer macht.\",\"sameAs\":[\"https:\\\/\\\/biro.is\\\/\",\"https:\\\/\\\/www.facebook.com\\\/stephanie.tkaczik\"],\"url\":\"https:\\\/\\\/www.alzd.de\\\/en\\\/author\\\/stephanie\\\/\"}]}<\/script>\n<!-- \/ Yoast SEO plugin. -->","yoast_head_json":{"title":"L'Eau Guillerette by Anatole Lebreton and \u00c9clat by Brioni","description":"With L'Eau Guillerette by Anatole Lebreton and \u00c9clat by Brioni, I have picked out two fragrance compositions today that are made for ...","robots":{"index":"index","follow":"follow","max-snippet":"max-snippet:-1","max-image-preview":"max-image-preview:large","max-video-preview":"max-video-preview:-1"},"canonical":"https:\/\/www.alzd.de\/en\/2022\/06\/10\/leau-guillerette-by-anatole-lebreton-and-eclat-by-brioni-olfactory-spring-awakening\/","og_locale":"en_US","og_type":"article","og_title":"L'Eau Guillerette by Anatole Lebreton and \u00c9clat by Brioni","og_url":"https:\/\/www.alzd.de\/en\/2022\/06\/10\/leau-guillerette-by-anatole-lebreton-and-eclat-by-brioni-olfactory-spring-awakening\/","og_site_name":"Das Duft-Tagebuch","article_publisher":"https:\/\/www.facebook.com\/dufttagebuch\/","article_author":"https:\/\/www.facebook.com\/stephanie.tkaczik","article_published_time":"2022-06-10T05:30:00+00:00","article_modified_time":"2023-09-25T07:43:27+00:00","og_image":[{"width":720,"height":400,"url":"https:\/\/www.alzd.de\/wp-content\/2022\/06\/bb_7640171194141-7640171194134-BRIONI-ECLAT-EdP-Model-KeyVisual-Portrait-A4-300dpi-CMYK.jpg","type":"image\/jpeg"}],"author":"Julia Bir\u00f3","twitter_card":"summary_large_image","twitter_creator":"@ausliebezumduft","twitter_site":"@ausliebezumduft","schema":{"@context":"https:\/\/schema.org","@graph":[{"@type":"Article","@id":"https:\/\/www.alzd.de\/en\/2022\/06\/10\/leau-guillerette-by-anatole-lebreton-and-eclat-by-brioni-olfactory-spring-awakening\/#article","isPartOf":{"@id":"https:\/\/www.alzd.de\/en\/2022\/06\/10\/leau-guillerette-by-anatole-lebreton-and-eclat-by-brioni-olfactory-spring-awakening\/"},"author":{"name":"Julia Bir\u00f3","@id":"https:\/\/www.alzd.de\/en\/#\/schema\/person\/8efcd8f02447fdbe8f29ad465897d04e"},"headline":"L&#8217;Eau Guillerette by Anatole Lebreton and \u00c9clat by Brioni &#8211; Olfactory Spring Awakening","datePublished":"2022-06-10T05:30:00+00:00","dateModified":"2023-09-25T07:43:27+00:00","mainEntityOfPage":{"@id":"https:\/\/www.alzd.de\/en\/2022\/06\/10\/leau-guillerette-by-anatole-lebreton-and-eclat-by-brioni-olfactory-spring-awakening\/"},"wordCount":927,"commentCount":0,"publisher":{"@id":"https:\/\/www.alzd.de\/en\/#organization"},"image":{"@id":"https:\/\/www.alzd.de\/en\/2022\/06\/10\/leau-guillerette-by-anatole-lebreton-and-eclat-by-brioni-olfactory-spring-awakening\/#primaryimage"},"thumbnailUrl":"https:\/\/www.alzd.de\/wp-content\/2022\/06\/bb_7640171194141-7640171194134-BRIONI-ECLAT-EdP-Model-KeyVisual-Portrait-A4-300dpi-CMYK.jpg","keywords":["Anatole Lebreton","Brioni","Michel Almairac"],"articleSection":["Flowers","Fragrances","Hesperidian","Woody"],"inLanguage":"en-US","potentialAction":[{"@type":"CommentAction","name":"Comment","target":["https:\/\/www.alzd.de\/en\/2022\/06\/10\/leau-guillerette-by-anatole-lebreton-and-eclat-by-brioni-olfactory-spring-awakening\/#respond"]}]},{"@type":"WebPage","@id":"https:\/\/www.alzd.de\/en\/2022\/06\/10\/leau-guillerette-by-anatole-lebreton-and-eclat-by-brioni-olfactory-spring-awakening\/","url":"https:\/\/www.alzd.de\/en\/2022\/06\/10\/leau-guillerette-by-anatole-lebreton-and-eclat-by-brioni-olfactory-spring-awakening\/","name":"L'Eau Guillerette by Anatole Lebreton and \u00c9clat by Brioni","isPartOf":{"@id":"https:\/\/www.alzd.de\/en\/#website"},"primaryImageOfPage":{"@id":"https:\/\/www.alzd.de\/en\/2022\/06\/10\/leau-guillerette-by-anatole-lebreton-and-eclat-by-brioni-olfactory-spring-awakening\/#primaryimage"},"image":{"@id":"https:\/\/www.alzd.de\/en\/2022\/06\/10\/leau-guillerette-by-anatole-lebreton-and-eclat-by-brioni-olfactory-spring-awakening\/#primaryimage"},"thumbnailUrl":"https:\/\/www.alzd.de\/wp-content\/2022\/06\/bb_7640171194141-7640171194134-BRIONI-ECLAT-EdP-Model-KeyVisual-Portrait-A4-300dpi-CMYK.jpg","datePublished":"2022-06-10T05:30:00+00:00","dateModified":"2023-09-25T07:43:27+00:00","description":"With L'Eau Guillerette by Anatole Lebreton and \u00c9clat by Brioni, I have picked out two fragrance compositions today that are made for ...","breadcrumb":{"@id":"https:\/\/www.alzd.de\/en\/2022\/06\/10\/leau-guillerette-by-anatole-lebreton-and-eclat-by-brioni-olfactory-spring-awakening\/#breadcrumb"},"inLanguage":"en-US","potentialAction":[{"@type":"ReadAction","target":["https:\/\/www.alzd.de\/en\/2022\/06\/10\/leau-guillerette-by-anatole-lebreton-and-eclat-by-brioni-olfactory-spring-awakening\/"]}]},{"@type":"ImageObject","inLanguage":"en-US","@id":"https:\/\/www.alzd.de\/en\/2022\/06\/10\/leau-guillerette-by-anatole-lebreton-and-eclat-by-brioni-olfactory-spring-awakening\/#primaryimage","url":"https:\/\/www.alzd.de\/wp-content\/2022\/06\/bb_7640171194141-7640171194134-BRIONI-ECLAT-EdP-Model-KeyVisual-Portrait-A4-300dpi-CMYK.jpg","contentUrl":"https:\/\/www.alzd.de\/wp-content\/2022\/06\/bb_7640171194141-7640171194134-BRIONI-ECLAT-EdP-Model-KeyVisual-Portrait-A4-300dpi-CMYK.jpg","width":720,"height":400},{"@type":"BreadcrumbList","@id":"https:\/\/www.alzd.de\/en\/2022\/06\/10\/leau-guillerette-by-anatole-lebreton-and-eclat-by-brioni-olfactory-spring-awakening\/#breadcrumb","itemListElement":[{"@type":"ListItem","position":1,"name":"Startseite","item":"https:\/\/www.alzd.de\/en\/"},{"@type":"ListItem","position":2,"name":"L&#8217;Eau Guillerette by Anatole Lebreton and \u00c9clat by Brioni &#8211; Olfactory Spring Awakening"}]},{"@type":"WebSite","@id":"https:\/\/www.alzd.de\/en\/#website","url":"https:\/\/www.alzd.de\/en\/","name":"Das Duft-Tagebuch","description":"Das Parfumblog von Aus Liebe zum Duft","publisher":{"@id":"https:\/\/www.alzd.de\/en\/#organization"},"potentialAction":[{"@type":"SearchAction","target":{"@type":"EntryPoint","urlTemplate":"https:\/\/www.alzd.de\/en\/?s={search_term_string}"},"query-input":{"@type":"PropertyValueSpecification","valueRequired":true,"valueName":"search_term_string"}}],"inLanguage":"en-US"},{"@type":"Organization","@id":"https:\/\/www.alzd.de\/en\/#organization","name":"Das Duft-Tagebuch","url":"https:\/\/www.alzd.de\/en\/","logo":{"@type":"ImageObject","inLanguage":"en-US","@id":"https:\/\/www.alzd.de\/en\/#\/schema\/logo\/image\/","url":"https:\/\/www.alzd.de\/wp-content\/2023\/08\/alzd_dufttagebuch.png","contentUrl":"https:\/\/www.alzd.de\/wp-content\/2023\/08\/alzd_dufttagebuch.png","width":1804,"height":416,"caption":"Das Duft-Tagebuch"},"image":{"@id":"https:\/\/www.alzd.de\/en\/#\/schema\/logo\/image\/"},"sameAs":["https:\/\/www.facebook.com\/dufttagebuch\/","https:\/\/x.com\/ausliebezumduft","https:\/\/www.instagram.com\/ausliebezumduft.de\/","https:\/\/www.youtube.com\/c\/ausliebezumduft"]},{"@type":"Person","@id":"https:\/\/www.alzd.de\/en\/#\/schema\/person\/8efcd8f02447fdbe8f29ad465897d04e","name":"Julia Bir\u00f3","image":{"@type":"ImageObject","inLanguage":"en-US","@id":"https:\/\/www.alzd.de\/wp-content\/2018\/02\/cropped-cropped-mitarbeiterbilder_steffi--96x96.jpg","url":"https:\/\/www.alzd.de\/wp-content\/2018\/02\/cropped-cropped-mitarbeiterbilder_steffi--96x96.jpg","contentUrl":"https:\/\/www.alzd.de\/wp-content\/2018\/02\/cropped-cropped-mitarbeiterbilder_steffi--96x96.jpg","caption":"Julia Bir\u00f3"},"description":"Bereits 2010 gingen so einige Blogbeitr\u00e4ge auf mein Konto. Dann war ich \u201ekurz\u201c weg \u2013 sechs Jahre. Umso mehr freut es mich, dass ich nun wieder die Chance bekomme, mein N\u00e4schen im Dienste der Duftrezension schnuppern zu lassen und eifrig in die Tasten zu hauen. Was Nischend\u00fcfte angeht, habe ich damals \u00fcbrigens schnell Feuer gefangen. Meine Ausbildung tat dazu ihr \u00dcbriges: Als diplomierte Biologin kenne ich mich nicht nur mit Fauna und Flora, sondern auch recht gut mit der Herstellung von \u00d6len und Extrakten aus, was den Reiz der Parfumwelt nat\u00fcrlich noch gr\u00f6\u00dfer macht.","sameAs":["https:\/\/biro.is\/","https:\/\/www.facebook.com\/stephanie.tkaczik"],"url":"https:\/\/www.alzd.de\/en\/author\/stephanie\/"}]}},"wp-worthy-pixel":{"ignored":false,"public":null,"server":null,"url":null},"wp-worthy-type":"normal","_links":{"self":[{"href":"https:\/\/www.alzd.de\/en\/wp-json\/wp\/v2\/posts\/97999","targetHints":{"allow":["GET"]}}],"collection":[{"href":"https:\/\/www.alzd.de\/en\/wp-json\/wp\/v2\/posts"}],"about":[{"href":"https:\/\/www.alzd.de\/en\/wp-json\/wp\/v2\/types\/post"}],"author":[{"embeddable":true,"href":"https:\/\/www.alzd.de\/en\/wp-json\/wp\/v2\/users\/535"}],"replies":[{"embeddable":true,"href":"https:\/\/www.alzd.de\/en\/wp-json\/wp\/v2\/comments?post=97999"}],"version-history":[{"count":6,"href":"https:\/\/www.alzd.de\/en\/wp-json\/wp\/v2\/posts\/97999\/revisions"}],"predecessor-version":[{"id":110770,"href":"https:\/\/www.alzd.de\/en\/wp-json\/wp\/v2\/posts\/97999\/revisions\/110770"}],"wp:featuredmedia":[{"embeddable":true,"href":"https:\/\/www.alzd.de\/en\/wp-json\/wp\/v2\/media\/97989"}],"wp:attachment":[{"href":"https:\/\/www.alzd.de\/en\/wp-json\/wp\/v2\/media?parent=97999"}],"wp:term":[{"taxonomy":"category","embeddable":true,"href":"https:\/\/www.alzd.de\/en\/wp-json\/wp\/v2\/categories?post=97999"},{"taxonomy":"post_tag","embeddable":true,"href":"https:\/\/www.alzd.de\/en\/wp-json\/wp\/v2\/tags?post=97999"}],"curies":[{"name":"wp","href":"https:\/\/api.w.org\/{rel}","templated":true}]}}