{"id":97822,"date":"2022-06-03T07:30:00","date_gmt":"2022-06-03T05:30:00","guid":{"rendered":"https:\/\/www.alzd.de\/?p=97822"},"modified":"2022-06-03T12:26:35","modified_gmt":"2022-06-03T10:26:35","slug":"baltasar-del-alcazar-by-jardins-decrivains-under-the-andalusian-sun","status":"publish","type":"post","link":"https:\/\/www.alzd.de\/en\/2022\/06\/03\/baltasar-del-alcazar-by-jardins-decrivains-under-the-andalusian-sun\/","title":{"rendered":"Baltasar del Alcazar by Jardins d&#8217;\u00c9crivains &#8211; Under the Andalusian Sun"},"content":{"rendered":"\n<p>With <a href=\"https:\/\/www.ausliebezumduft.de\/jardins-d-ecrivains-baltasar-del-alcazar.html\" target=\"_blank\" rel=\"noreferrer noopener\">Baltasar del Alcazar<\/a> we go to southern Spain, Andalusia, with the brand <a href=\"https:\/\/www.ausliebezumduft.de\/duefte\/jardins-d-ecrivains.html\" target=\"_blank\" rel=\"noreferrer noopener\">Jardins d&#8217;\u00c9crivains<\/a>. Seville is our destination, a city whose beauty has enchanted me many times. In general, I am a big fan of Andalusia, have been there several times, even if the last time was long ago. <\/p>\n\n\n<div class=\"wp-block-image\">\n<figure class=\"aligncenter size-large\"><img decoding=\"async\" width=\"811\" height=\"1080\" src=\"https:\/\/www.alzd.de\/wp-content\/2022\/06\/v2f-zsgZDg_OwLk-unsplash-811x1080.jpg\" alt=\"Plaza de Espana, Seville, Spain\" class=\"wp-image-97791\" title=\"Plaza de Espana, Seville, Spain\" srcset=\"https:\/\/www.alzd.de\/wp-content\/2022\/06\/v2f-zsgZDg_OwLk-unsplash-811x1080.jpg 811w, https:\/\/www.alzd.de\/wp-content\/2022\/06\/v2f-zsgZDg_OwLk-unsplash-540x720.jpg 540w, https:\/\/www.alzd.de\/wp-content\/2022\/06\/v2f-zsgZDg_OwLk-unsplash-270x360.jpg 270w, https:\/\/www.alzd.de\/wp-content\/2022\/06\/v2f-zsgZDg_OwLk-unsplash-768x1023.jpg 768w, https:\/\/www.alzd.de\/wp-content\/2022\/06\/v2f-zsgZDg_OwLk-unsplash-1153x1536.jpg 1153w, https:\/\/www.alzd.de\/wp-content\/2022\/06\/v2f-zsgZDg_OwLk-unsplash-1537x2048.jpg 1537w, https:\/\/www.alzd.de\/wp-content\/2022\/06\/v2f-zsgZDg_OwLk-unsplash-263x350.jpg 263w, https:\/\/www.alzd.de\/wp-content\/2022\/06\/v2f-zsgZDg_OwLk-unsplash-scaled.jpg 1921w\" sizes=\"(max-width: 811px) 100vw, 811px\" \/><figcaption>Photo by <a href=\"https:\/\/unsplash.com\/@iv2fi?utm_source=unsplash&amp;utm_medium=referral&amp;utm_content=creditCopyText\">V2F<\/a> on <a href=\"https:\/\/unsplash.com\/s\/photos\/sevilla?utm_source=unsplash&amp;utm_medium=referral&amp;utm_content=creditCopyText\">Unsplash<\/a><\/figcaption><\/figure>\n<\/div>\n\n\n<h2 class=\"wp-block-heading\">Trip through Andalusia<\/h2>\n\n\n\n<p>Mostly we looked for accommodation on the Atlantic coast, near Conil, and then explored the region by car. The beautiful white villages on the hills &#8230; I&#8217;m thinking of the little town of Vejer de la Frontera or the larger Jerez de la Frontera. But the coastal towns of Conil and Cadiz are also absolutely worth a visit. <\/p>\n\n\n\n<p>Then inland, the charming Seville with its great old town and magnificent palaces. Cord\u00f3ba with its impressive M\u00e9zquita, formerly a mosque, now a cathedral, largely Moorish in style and with a beautiful orange garden in the courtyard. <\/p>\n\n\n\n<p>And then, of course, Granada the Beautiful, located at the foot of the Alhambra and with an enchanting Arabic old quarter. A city about which the Mexican poet Francisco de Icaza, upon seeing a blind beggar woman, said, &#8220;Dale limosna, mujer, que no hay en la vida nada como la pena de ser ciego en Granada.&#8221; Give her alms, woman, for there is no greater pain in life than to be blind in Granada.<\/p>\n\n\n<div class=\"wp-block-image\">\n<figure class=\"aligncenter size-large\"><img decoding=\"async\" width=\"1080\" height=\"720\" src=\"https:\/\/www.alzd.de\/wp-content\/2022\/06\/jorge-fernandez-salas-zXxkdiBgHvA-unsplash-1080x720.jpg\" alt=\"Alhambra, Granada, Spain\" class=\"wp-image-97794\" title=\"Alhambra, Granada, Spain\" srcset=\"https:\/\/www.alzd.de\/wp-content\/2022\/06\/jorge-fernandez-salas-zXxkdiBgHvA-unsplash-1080x720.jpg 1080w, https:\/\/www.alzd.de\/wp-content\/2022\/06\/jorge-fernandez-salas-zXxkdiBgHvA-unsplash-720x480.jpg 720w, https:\/\/www.alzd.de\/wp-content\/2022\/06\/jorge-fernandez-salas-zXxkdiBgHvA-unsplash-360x240.jpg 360w, https:\/\/www.alzd.de\/wp-content\/2022\/06\/jorge-fernandez-salas-zXxkdiBgHvA-unsplash-768x512.jpg 768w, https:\/\/www.alzd.de\/wp-content\/2022\/06\/jorge-fernandez-salas-zXxkdiBgHvA-unsplash-1536x1024.jpg 1536w, https:\/\/www.alzd.de\/wp-content\/2022\/06\/jorge-fernandez-salas-zXxkdiBgHvA-unsplash-2048x1365.jpg 2048w, https:\/\/www.alzd.de\/wp-content\/2022\/06\/jorge-fernandez-salas-zXxkdiBgHvA-unsplash-525x350.jpg 525w\" sizes=\"(max-width: 1080px) 100vw, 1080px\" \/><figcaption>Photo by <a href=\"https:\/\/unsplash.com\/@jorgefdezsalas?utm_source=unsplash&amp;utm_medium=referral&amp;utm_content=creditCopyText\">Jorge Fern\u00e1ndez Salas<\/a> on <a href=\"https:\/\/unsplash.com\/s\/photos\/granada?utm_source=unsplash&amp;utm_medium=referral&amp;utm_content=creditCopyText\">Unsplash<\/a><\/figcaption><\/figure>\n<\/div>\n\n\n<p>But enough rambling! You see, Andalusia has done it to me. The best conditions for the latest fragrance from Jardins d&#8217;\u00c9crivains. Baltasar de Alcazar sounds a bit contrived at first hearing because of the rhyming form, but in fact there was a poet of the same name in Seville in the 16th century whose lyrical work is filled with wonderful humor and puns.<\/p>\n\n\n\n<h2 class=\"wp-block-heading\">Baltasar del Alcazar &#8211; Jardins d&#8217;\u00c9crivains<\/h2>\n\n\n\n<p>The eponymous fragrance Baltasar del Alcazar captures the unique notes of the Spanish south. The summer scent of lush orange trees in summer, cozy and leafy patios in the backyards of whitewashed houses where you can escape the heat, where water fountains give coolness and every breeze is enjoyed with delight.<\/p>\n\n\n\n<blockquote class=\"wp-block-quote is-layout-flow wp-block-quote-is-layout-flow\"><p>In the freshness of a Mud\u00e9jar courtyard appears the memory of a Sevillian poet who embodies the golden age. A scent of green oranges and mint wafts gracefully through the air. The rustling of musky sour orange leaves testifies to a radiant and distinguished Andalusian spirit.<\/p><\/blockquote>\n\n\n<div class=\"wp-block-image\">\n<figure class=\"aligncenter size-large\"><img decoding=\"async\" width=\"736\" height=\"1080\" src=\"https:\/\/www.alzd.de\/wp-content\/2022\/06\/BdA-736x1080.jpeg\" alt=\"Jardins d'\u00c9crivains - Baltasar del Alcazar\" class=\"wp-image-97800\" title=\"Jardins d'\u00c9crivains - Baltasar del Alcazar\" srcset=\"https:\/\/www.alzd.de\/wp-content\/2022\/06\/BdA-736x1080.jpeg 736w, https:\/\/www.alzd.de\/wp-content\/2022\/06\/BdA-491x720.jpeg 491w, https:\/\/www.alzd.de\/wp-content\/2022\/06\/BdA-245x360.jpeg 245w, https:\/\/www.alzd.de\/wp-content\/2022\/06\/BdA-768x1126.jpeg 768w, https:\/\/www.alzd.de\/wp-content\/2022\/06\/BdA-1047x1536.jpeg 1047w, https:\/\/www.alzd.de\/wp-content\/2022\/06\/BdA-1396x2048.jpeg 1396w, https:\/\/www.alzd.de\/wp-content\/2022\/06\/BdA-239x350.jpeg 239w, https:\/\/www.alzd.de\/wp-content\/2022\/06\/BdA.jpeg 1472w\" sizes=\"(max-width: 736px) 100vw, 736px\" \/><\/figure>\n<\/div>\n\n\n<p>This very image is already reflected in the fragrance notes in advance: <strong>orange, elemi resin, mint, green tea, grapefruit, neroli, bitter orange, cedar, musk<\/strong> and <strong>patchouli<\/strong> are the ingredients of this fragrant homage to the beautiful Seville. The leather wrapping of the bottle picks up the orange of the citrus, which already gives Baltasar del Alcazar a sunny and refreshed touch visually.<\/p>\n\n\n\n<h3 class=\"wp-block-heading\">Welcome to the fragrant orange garden<\/h3>\n\n\n\n<p>Tart, fresh and wonderfully cool, the <a href=\"https:\/\/www.alzd.de\/en\/tag\/jardins-decrivains-en\/\" target=\"_blank\" rel=\"noreferrer noopener\">Jardins d&#8217;\u00c9crivains<\/a> Eau de Parfum starts the fragrance journey. Tangy grapefruit meets the invigorating green nuances of mint, underscored by the peppery woody notes of elemi resin. Also tart, and thus more reminiscent of the fruit peels than the sweet juice, are the oranges in Baltasar del Alcazar, whose citrus fruitiness is underpinned by the spicy green accents of neroli and bitter orange. <\/p>\n\n\n\n<p>Green tea infuses a subtle and at times almost Asian-contemplative water nuance that seems to link the fragrance notes together, creating a beautiful base. Finally, the bright and clean woody notes of cedar show up, accompanied by soft musky powder and the fine earthy creaminess of patchouli. Radiant and rather fresh Baltasar del Alcazar remains in the finish, even if the eau de parfum here slowly becomes closer to the skin and calmer.<\/p>\n\n\n<div class=\"wp-block-image\">\n<figure class=\"aligncenter size-full\"><img decoding=\"async\" width=\"600\" height=\"600\" src=\"https:\/\/www.alzd.de\/wp-content\/2022\/06\/baltasar_del_alcazar.jpg\" alt=\"Jardins d'\u00c9crivains - Baltasar del Alcazar\" class=\"wp-image-97806\" title=\"Jardins d'\u00c9crivains - Baltasar del Alcazar\" srcset=\"https:\/\/www.alzd.de\/wp-content\/2022\/06\/baltasar_del_alcazar.jpg 600w, https:\/\/www.alzd.de\/wp-content\/2022\/06\/baltasar_del_alcazar-360x360.jpg 360w, https:\/\/www.alzd.de\/wp-content\/2022\/06\/baltasar_del_alcazar-350x350.jpg 350w\" sizes=\"(max-width: 600px) 100vw, 600px\" \/><\/figure>\n<\/div>\n\n\n<p>Friends of tart green fragrances with subtle orange notes should enjoy Baltasar del Alcazar, and all others who prefer Mediterranean creations that do without sweetness and excessive floral involvement should put this fragrance on their to-try list. I exceedingly like this refreshing and minty-cool hesperidic note in the Jardins d&#8217;\u00c9crivains Eau de Parfum, which certainly comes into its own even better on hot days. An ideal unisex fragrance companion for the summer, which can be worn on any occasion and is also not bound to any particular age. Who of you already knows the fragrance?<\/p>\n\n\n\n<div class=\"wp-block-buttons is-content-justification-center is-layout-flex wp-container-core-buttons-is-layout-16018d1d wp-block-buttons-is-layout-flex\">\n<div class=\"wp-block-button has-custom-width wp-block-button__width-50\"><a class=\"wp-block-button__link has-white-color has-text-color has-background\" href=\"https:\/\/www.ausliebezumduft.de\/jardins-d-ecrivains-baltasar-del-alcazar.html\" style=\"background-color:#d64913\" target=\"_blank\" rel=\"noreferrer noopener\"><strong>Baltasar del Alcazar<\/strong><\/a><\/div>\n<\/div>\n\n\n\n<p><\/p>\n","protected":false},"excerpt":{"rendered":"<p>With Baltasar del Alcazar we go to southern Spain, Andalusia, with the brand Jardins d&#8217;\u00c9crivains. Seville is our destination, a city whose beauty has enchanted me many times.&#8230;<\/p>\n<div class=\"more-link-wrapper\"><a class=\"more-link\" href=\"https:\/\/www.alzd.de\/en\/2022\/06\/03\/baltasar-del-alcazar-by-jardins-decrivains-under-the-andalusian-sun\/\">WEITERLESEN<span class=\"screen-reader-text\">Baltasar del Alcazar by Jardins d&#8217;\u00c9crivains &#8211; Under the Andalusian Sun<\/span><\/a><\/div>\n","protected":false},"author":535,"featured_media":97816,"comment_status":"open","ping_status":"closed","sticky":false,"template":"","format":"standard","meta":{"footnotes":""},"categories":[1117,1155,1157,1114],"tags":[1547,1641,1650],"class_list":["post-97822","post","type-post","status-publish","format-standard","has-post-thumbnail","hentry","category-fragrances","category-fruity","category-green","category-woody","tag-jardins-decrivains-en","tag-mint","tag-orange-en","excerpt","zoom","full-without-featured","even","excerpt-0"],"yoast_head":"<!-- This site is optimized with the Yoast SEO plugin v27.5 - https:\/\/yoast.com\/product\/yoast-seo-wordpress\/ -->\n<title>Baltasar del Alcazar by Jardins d&#039;\u00c9crivains - Duft-Tagebuch<\/title>\n<meta name=\"description\" content=\"With Baltasar del Alcazar we go to southern Spain, Andalusia, with the brand Jardins d&#039;\u00c9crivains. Seville is our destination, ...\" \/>\n<meta name=\"robots\" content=\"index, follow, max-snippet:-1, max-image-preview:large, max-video-preview:-1\" \/>\n<link rel=\"canonical\" href=\"https:\/\/www.alzd.de\/en\/2022\/06\/03\/baltasar-del-alcazar-by-jardins-decrivains-under-the-andalusian-sun\/\" \/>\n<meta property=\"og:locale\" content=\"en_US\" \/>\n<meta property=\"og:type\" content=\"article\" \/>\n<meta property=\"og:title\" content=\"Baltasar del Alcazar by Jardins d&#039;\u00c9crivains - Duft-Tagebuch\" \/>\n<meta property=\"og:url\" content=\"https:\/\/www.alzd.de\/en\/2022\/06\/03\/baltasar-del-alcazar-by-jardins-decrivains-under-the-andalusian-sun\/\" \/>\n<meta property=\"og:site_name\" content=\"Das Duft-Tagebuch\" \/>\n<meta property=\"article:publisher\" content=\"https:\/\/www.facebook.com\/dufttagebuch\/\" \/>\n<meta property=\"article:author\" content=\"https:\/\/www.facebook.com\/stephanie.tkaczik\" \/>\n<meta property=\"article:published_time\" content=\"2022-06-03T05:30:00+00:00\" \/>\n<meta property=\"article:modified_time\" content=\"2022-06-03T10:26:35+00:00\" \/>\n<meta property=\"og:image\" content=\"https:\/\/www.alzd.de\/wp-content\/2022\/06\/bb_joan-oger-PWrNP4bQHB4-unsplash.jpg\" \/>\n\t<meta property=\"og:image:width\" content=\"720\" \/>\n\t<meta property=\"og:image:height\" content=\"400\" \/>\n\t<meta property=\"og:image:type\" content=\"image\/jpeg\" \/>\n<meta name=\"author\" content=\"Julia Bir\u00f3\" \/>\n<meta name=\"twitter:card\" content=\"summary_large_image\" \/>\n<meta name=\"twitter:creator\" content=\"@ausliebezumduft\" \/>\n<meta name=\"twitter:site\" content=\"@ausliebezumduft\" \/>\n<script type=\"application\/ld+json\" class=\"yoast-schema-graph\">{\"@context\":\"https:\\\/\\\/schema.org\",\"@graph\":[{\"@type\":\"Article\",\"@id\":\"https:\\\/\\\/www.alzd.de\\\/en\\\/2022\\\/06\\\/03\\\/baltasar-del-alcazar-by-jardins-decrivains-under-the-andalusian-sun\\\/#article\",\"isPartOf\":{\"@id\":\"https:\\\/\\\/www.alzd.de\\\/en\\\/2022\\\/06\\\/03\\\/baltasar-del-alcazar-by-jardins-decrivains-under-the-andalusian-sun\\\/\"},\"author\":{\"name\":\"Julia Bir\u00f3\",\"@id\":\"https:\\\/\\\/www.alzd.de\\\/en\\\/#\\\/schema\\\/person\\\/8efcd8f02447fdbe8f29ad465897d04e\"},\"headline\":\"Baltasar del Alcazar by Jardins d&#8217;\u00c9crivains &#8211; Under the Andalusian Sun\",\"datePublished\":\"2022-06-03T05:30:00+00:00\",\"dateModified\":\"2022-06-03T10:26:35+00:00\",\"mainEntityOfPage\":{\"@id\":\"https:\\\/\\\/www.alzd.de\\\/en\\\/2022\\\/06\\\/03\\\/baltasar-del-alcazar-by-jardins-decrivains-under-the-andalusian-sun\\\/\"},\"wordCount\":730,\"commentCount\":0,\"publisher\":{\"@id\":\"https:\\\/\\\/www.alzd.de\\\/en\\\/#organization\"},\"image\":{\"@id\":\"https:\\\/\\\/www.alzd.de\\\/en\\\/2022\\\/06\\\/03\\\/baltasar-del-alcazar-by-jardins-decrivains-under-the-andalusian-sun\\\/#primaryimage\"},\"thumbnailUrl\":\"https:\\\/\\\/www.alzd.de\\\/wp-content\\\/2022\\\/06\\\/bb_joan-oger-PWrNP4bQHB4-unsplash.jpg\",\"keywords\":[\"Jardins d\u2019\u00c9crivains\",\"Mint\",\"Orange\"],\"articleSection\":[\"Fragrances\",\"Fruity\",\"Green\",\"Woody\"],\"inLanguage\":\"en-US\",\"potentialAction\":[{\"@type\":\"CommentAction\",\"name\":\"Comment\",\"target\":[\"https:\\\/\\\/www.alzd.de\\\/en\\\/2022\\\/06\\\/03\\\/baltasar-del-alcazar-by-jardins-decrivains-under-the-andalusian-sun\\\/#respond\"]}]},{\"@type\":\"WebPage\",\"@id\":\"https:\\\/\\\/www.alzd.de\\\/en\\\/2022\\\/06\\\/03\\\/baltasar-del-alcazar-by-jardins-decrivains-under-the-andalusian-sun\\\/\",\"url\":\"https:\\\/\\\/www.alzd.de\\\/en\\\/2022\\\/06\\\/03\\\/baltasar-del-alcazar-by-jardins-decrivains-under-the-andalusian-sun\\\/\",\"name\":\"Baltasar del Alcazar by Jardins d'\u00c9crivains - Duft-Tagebuch\",\"isPartOf\":{\"@id\":\"https:\\\/\\\/www.alzd.de\\\/en\\\/#website\"},\"primaryImageOfPage\":{\"@id\":\"https:\\\/\\\/www.alzd.de\\\/en\\\/2022\\\/06\\\/03\\\/baltasar-del-alcazar-by-jardins-decrivains-under-the-andalusian-sun\\\/#primaryimage\"},\"image\":{\"@id\":\"https:\\\/\\\/www.alzd.de\\\/en\\\/2022\\\/06\\\/03\\\/baltasar-del-alcazar-by-jardins-decrivains-under-the-andalusian-sun\\\/#primaryimage\"},\"thumbnailUrl\":\"https:\\\/\\\/www.alzd.de\\\/wp-content\\\/2022\\\/06\\\/bb_joan-oger-PWrNP4bQHB4-unsplash.jpg\",\"datePublished\":\"2022-06-03T05:30:00+00:00\",\"dateModified\":\"2022-06-03T10:26:35+00:00\",\"description\":\"With Baltasar del Alcazar we go to southern Spain, Andalusia, with the brand Jardins d'\u00c9crivains. Seville is our destination, ...\",\"breadcrumb\":{\"@id\":\"https:\\\/\\\/www.alzd.de\\\/en\\\/2022\\\/06\\\/03\\\/baltasar-del-alcazar-by-jardins-decrivains-under-the-andalusian-sun\\\/#breadcrumb\"},\"inLanguage\":\"en-US\",\"potentialAction\":[{\"@type\":\"ReadAction\",\"target\":[\"https:\\\/\\\/www.alzd.de\\\/en\\\/2022\\\/06\\\/03\\\/baltasar-del-alcazar-by-jardins-decrivains-under-the-andalusian-sun\\\/\"]}]},{\"@type\":\"ImageObject\",\"inLanguage\":\"en-US\",\"@id\":\"https:\\\/\\\/www.alzd.de\\\/en\\\/2022\\\/06\\\/03\\\/baltasar-del-alcazar-by-jardins-decrivains-under-the-andalusian-sun\\\/#primaryimage\",\"url\":\"https:\\\/\\\/www.alzd.de\\\/wp-content\\\/2022\\\/06\\\/bb_joan-oger-PWrNP4bQHB4-unsplash.jpg\",\"contentUrl\":\"https:\\\/\\\/www.alzd.de\\\/wp-content\\\/2022\\\/06\\\/bb_joan-oger-PWrNP4bQHB4-unsplash.jpg\",\"width\":720,\"height\":400},{\"@type\":\"BreadcrumbList\",\"@id\":\"https:\\\/\\\/www.alzd.de\\\/en\\\/2022\\\/06\\\/03\\\/baltasar-del-alcazar-by-jardins-decrivains-under-the-andalusian-sun\\\/#breadcrumb\",\"itemListElement\":[{\"@type\":\"ListItem\",\"position\":1,\"name\":\"Startseite\",\"item\":\"https:\\\/\\\/www.alzd.de\\\/en\\\/\"},{\"@type\":\"ListItem\",\"position\":2,\"name\":\"Baltasar del Alcazar by Jardins d&#8217;\u00c9crivains &#8211; Under the Andalusian Sun\"}]},{\"@type\":\"WebSite\",\"@id\":\"https:\\\/\\\/www.alzd.de\\\/en\\\/#website\",\"url\":\"https:\\\/\\\/www.alzd.de\\\/en\\\/\",\"name\":\"Das Duft-Tagebuch\",\"description\":\"Das Parfumblog von Aus Liebe zum Duft\",\"publisher\":{\"@id\":\"https:\\\/\\\/www.alzd.de\\\/en\\\/#organization\"},\"potentialAction\":[{\"@type\":\"SearchAction\",\"target\":{\"@type\":\"EntryPoint\",\"urlTemplate\":\"https:\\\/\\\/www.alzd.de\\\/en\\\/?s={search_term_string}\"},\"query-input\":{\"@type\":\"PropertyValueSpecification\",\"valueRequired\":true,\"valueName\":\"search_term_string\"}}],\"inLanguage\":\"en-US\"},{\"@type\":\"Organization\",\"@id\":\"https:\\\/\\\/www.alzd.de\\\/en\\\/#organization\",\"name\":\"Das Duft-Tagebuch\",\"url\":\"https:\\\/\\\/www.alzd.de\\\/en\\\/\",\"logo\":{\"@type\":\"ImageObject\",\"inLanguage\":\"en-US\",\"@id\":\"https:\\\/\\\/www.alzd.de\\\/en\\\/#\\\/schema\\\/logo\\\/image\\\/\",\"url\":\"https:\\\/\\\/www.alzd.de\\\/wp-content\\\/2023\\\/08\\\/alzd_dufttagebuch.png\",\"contentUrl\":\"https:\\\/\\\/www.alzd.de\\\/wp-content\\\/2023\\\/08\\\/alzd_dufttagebuch.png\",\"width\":1804,\"height\":416,\"caption\":\"Das Duft-Tagebuch\"},\"image\":{\"@id\":\"https:\\\/\\\/www.alzd.de\\\/en\\\/#\\\/schema\\\/logo\\\/image\\\/\"},\"sameAs\":[\"https:\\\/\\\/www.facebook.com\\\/dufttagebuch\\\/\",\"https:\\\/\\\/x.com\\\/ausliebezumduft\",\"https:\\\/\\\/www.instagram.com\\\/ausliebezumduft.de\\\/\",\"https:\\\/\\\/www.youtube.com\\\/c\\\/ausliebezumduft\"]},{\"@type\":\"Person\",\"@id\":\"https:\\\/\\\/www.alzd.de\\\/en\\\/#\\\/schema\\\/person\\\/8efcd8f02447fdbe8f29ad465897d04e\",\"name\":\"Julia Bir\u00f3\",\"image\":{\"@type\":\"ImageObject\",\"inLanguage\":\"en-US\",\"@id\":\"https:\\\/\\\/www.alzd.de\\\/wp-content\\\/2018\\\/02\\\/cropped-cropped-mitarbeiterbilder_steffi--96x96.jpg\",\"url\":\"https:\\\/\\\/www.alzd.de\\\/wp-content\\\/2018\\\/02\\\/cropped-cropped-mitarbeiterbilder_steffi--96x96.jpg\",\"contentUrl\":\"https:\\\/\\\/www.alzd.de\\\/wp-content\\\/2018\\\/02\\\/cropped-cropped-mitarbeiterbilder_steffi--96x96.jpg\",\"caption\":\"Julia Bir\u00f3\"},\"description\":\"Bereits 2010 gingen so einige Blogbeitr\u00e4ge auf mein Konto. Dann war ich \u201ekurz\u201c weg \u2013 sechs Jahre. Umso mehr freut es mich, dass ich nun wieder die Chance bekomme, mein N\u00e4schen im Dienste der Duftrezension schnuppern zu lassen und eifrig in die Tasten zu hauen. Was Nischend\u00fcfte angeht, habe ich damals \u00fcbrigens schnell Feuer gefangen. Meine Ausbildung tat dazu ihr \u00dcbriges: Als diplomierte Biologin kenne ich mich nicht nur mit Fauna und Flora, sondern auch recht gut mit der Herstellung von \u00d6len und Extrakten aus, was den Reiz der Parfumwelt nat\u00fcrlich noch gr\u00f6\u00dfer macht.\",\"sameAs\":[\"https:\\\/\\\/biro.is\\\/\",\"https:\\\/\\\/www.facebook.com\\\/stephanie.tkaczik\"],\"url\":\"https:\\\/\\\/www.alzd.de\\\/en\\\/author\\\/stephanie\\\/\"}]}<\/script>\n<!-- \/ Yoast SEO plugin. -->","yoast_head_json":{"title":"Baltasar del Alcazar by Jardins d'\u00c9crivains - Duft-Tagebuch","description":"With Baltasar del Alcazar we go to southern Spain, Andalusia, with the brand Jardins d'\u00c9crivains. Seville is our destination, ...","robots":{"index":"index","follow":"follow","max-snippet":"max-snippet:-1","max-image-preview":"max-image-preview:large","max-video-preview":"max-video-preview:-1"},"canonical":"https:\/\/www.alzd.de\/en\/2022\/06\/03\/baltasar-del-alcazar-by-jardins-decrivains-under-the-andalusian-sun\/","og_locale":"en_US","og_type":"article","og_title":"Baltasar del Alcazar by Jardins d'\u00c9crivains - Duft-Tagebuch","og_url":"https:\/\/www.alzd.de\/en\/2022\/06\/03\/baltasar-del-alcazar-by-jardins-decrivains-under-the-andalusian-sun\/","og_site_name":"Das Duft-Tagebuch","article_publisher":"https:\/\/www.facebook.com\/dufttagebuch\/","article_author":"https:\/\/www.facebook.com\/stephanie.tkaczik","article_published_time":"2022-06-03T05:30:00+00:00","article_modified_time":"2022-06-03T10:26:35+00:00","og_image":[{"width":720,"height":400,"url":"https:\/\/www.alzd.de\/wp-content\/2022\/06\/bb_joan-oger-PWrNP4bQHB4-unsplash.jpg","type":"image\/jpeg"}],"author":"Julia Bir\u00f3","twitter_card":"summary_large_image","twitter_creator":"@ausliebezumduft","twitter_site":"@ausliebezumduft","schema":{"@context":"https:\/\/schema.org","@graph":[{"@type":"Article","@id":"https:\/\/www.alzd.de\/en\/2022\/06\/03\/baltasar-del-alcazar-by-jardins-decrivains-under-the-andalusian-sun\/#article","isPartOf":{"@id":"https:\/\/www.alzd.de\/en\/2022\/06\/03\/baltasar-del-alcazar-by-jardins-decrivains-under-the-andalusian-sun\/"},"author":{"name":"Julia Bir\u00f3","@id":"https:\/\/www.alzd.de\/en\/#\/schema\/person\/8efcd8f02447fdbe8f29ad465897d04e"},"headline":"Baltasar del Alcazar by Jardins d&#8217;\u00c9crivains &#8211; Under the Andalusian Sun","datePublished":"2022-06-03T05:30:00+00:00","dateModified":"2022-06-03T10:26:35+00:00","mainEntityOfPage":{"@id":"https:\/\/www.alzd.de\/en\/2022\/06\/03\/baltasar-del-alcazar-by-jardins-decrivains-under-the-andalusian-sun\/"},"wordCount":730,"commentCount":0,"publisher":{"@id":"https:\/\/www.alzd.de\/en\/#organization"},"image":{"@id":"https:\/\/www.alzd.de\/en\/2022\/06\/03\/baltasar-del-alcazar-by-jardins-decrivains-under-the-andalusian-sun\/#primaryimage"},"thumbnailUrl":"https:\/\/www.alzd.de\/wp-content\/2022\/06\/bb_joan-oger-PWrNP4bQHB4-unsplash.jpg","keywords":["Jardins d\u2019\u00c9crivains","Mint","Orange"],"articleSection":["Fragrances","Fruity","Green","Woody"],"inLanguage":"en-US","potentialAction":[{"@type":"CommentAction","name":"Comment","target":["https:\/\/www.alzd.de\/en\/2022\/06\/03\/baltasar-del-alcazar-by-jardins-decrivains-under-the-andalusian-sun\/#respond"]}]},{"@type":"WebPage","@id":"https:\/\/www.alzd.de\/en\/2022\/06\/03\/baltasar-del-alcazar-by-jardins-decrivains-under-the-andalusian-sun\/","url":"https:\/\/www.alzd.de\/en\/2022\/06\/03\/baltasar-del-alcazar-by-jardins-decrivains-under-the-andalusian-sun\/","name":"Baltasar del Alcazar by Jardins d'\u00c9crivains - Duft-Tagebuch","isPartOf":{"@id":"https:\/\/www.alzd.de\/en\/#website"},"primaryImageOfPage":{"@id":"https:\/\/www.alzd.de\/en\/2022\/06\/03\/baltasar-del-alcazar-by-jardins-decrivains-under-the-andalusian-sun\/#primaryimage"},"image":{"@id":"https:\/\/www.alzd.de\/en\/2022\/06\/03\/baltasar-del-alcazar-by-jardins-decrivains-under-the-andalusian-sun\/#primaryimage"},"thumbnailUrl":"https:\/\/www.alzd.de\/wp-content\/2022\/06\/bb_joan-oger-PWrNP4bQHB4-unsplash.jpg","datePublished":"2022-06-03T05:30:00+00:00","dateModified":"2022-06-03T10:26:35+00:00","description":"With Baltasar del Alcazar we go to southern Spain, Andalusia, with the brand Jardins d'\u00c9crivains. Seville is our destination, ...","breadcrumb":{"@id":"https:\/\/www.alzd.de\/en\/2022\/06\/03\/baltasar-del-alcazar-by-jardins-decrivains-under-the-andalusian-sun\/#breadcrumb"},"inLanguage":"en-US","potentialAction":[{"@type":"ReadAction","target":["https:\/\/www.alzd.de\/en\/2022\/06\/03\/baltasar-del-alcazar-by-jardins-decrivains-under-the-andalusian-sun\/"]}]},{"@type":"ImageObject","inLanguage":"en-US","@id":"https:\/\/www.alzd.de\/en\/2022\/06\/03\/baltasar-del-alcazar-by-jardins-decrivains-under-the-andalusian-sun\/#primaryimage","url":"https:\/\/www.alzd.de\/wp-content\/2022\/06\/bb_joan-oger-PWrNP4bQHB4-unsplash.jpg","contentUrl":"https:\/\/www.alzd.de\/wp-content\/2022\/06\/bb_joan-oger-PWrNP4bQHB4-unsplash.jpg","width":720,"height":400},{"@type":"BreadcrumbList","@id":"https:\/\/www.alzd.de\/en\/2022\/06\/03\/baltasar-del-alcazar-by-jardins-decrivains-under-the-andalusian-sun\/#breadcrumb","itemListElement":[{"@type":"ListItem","position":1,"name":"Startseite","item":"https:\/\/www.alzd.de\/en\/"},{"@type":"ListItem","position":2,"name":"Baltasar del Alcazar by Jardins d&#8217;\u00c9crivains &#8211; Under the Andalusian Sun"}]},{"@type":"WebSite","@id":"https:\/\/www.alzd.de\/en\/#website","url":"https:\/\/www.alzd.de\/en\/","name":"Das Duft-Tagebuch","description":"Das Parfumblog von Aus Liebe zum Duft","publisher":{"@id":"https:\/\/www.alzd.de\/en\/#organization"},"potentialAction":[{"@type":"SearchAction","target":{"@type":"EntryPoint","urlTemplate":"https:\/\/www.alzd.de\/en\/?s={search_term_string}"},"query-input":{"@type":"PropertyValueSpecification","valueRequired":true,"valueName":"search_term_string"}}],"inLanguage":"en-US"},{"@type":"Organization","@id":"https:\/\/www.alzd.de\/en\/#organization","name":"Das Duft-Tagebuch","url":"https:\/\/www.alzd.de\/en\/","logo":{"@type":"ImageObject","inLanguage":"en-US","@id":"https:\/\/www.alzd.de\/en\/#\/schema\/logo\/image\/","url":"https:\/\/www.alzd.de\/wp-content\/2023\/08\/alzd_dufttagebuch.png","contentUrl":"https:\/\/www.alzd.de\/wp-content\/2023\/08\/alzd_dufttagebuch.png","width":1804,"height":416,"caption":"Das Duft-Tagebuch"},"image":{"@id":"https:\/\/www.alzd.de\/en\/#\/schema\/logo\/image\/"},"sameAs":["https:\/\/www.facebook.com\/dufttagebuch\/","https:\/\/x.com\/ausliebezumduft","https:\/\/www.instagram.com\/ausliebezumduft.de\/","https:\/\/www.youtube.com\/c\/ausliebezumduft"]},{"@type":"Person","@id":"https:\/\/www.alzd.de\/en\/#\/schema\/person\/8efcd8f02447fdbe8f29ad465897d04e","name":"Julia Bir\u00f3","image":{"@type":"ImageObject","inLanguage":"en-US","@id":"https:\/\/www.alzd.de\/wp-content\/2018\/02\/cropped-cropped-mitarbeiterbilder_steffi--96x96.jpg","url":"https:\/\/www.alzd.de\/wp-content\/2018\/02\/cropped-cropped-mitarbeiterbilder_steffi--96x96.jpg","contentUrl":"https:\/\/www.alzd.de\/wp-content\/2018\/02\/cropped-cropped-mitarbeiterbilder_steffi--96x96.jpg","caption":"Julia Bir\u00f3"},"description":"Bereits 2010 gingen so einige Blogbeitr\u00e4ge auf mein Konto. Dann war ich \u201ekurz\u201c weg \u2013 sechs Jahre. Umso mehr freut es mich, dass ich nun wieder die Chance bekomme, mein N\u00e4schen im Dienste der Duftrezension schnuppern zu lassen und eifrig in die Tasten zu hauen. Was Nischend\u00fcfte angeht, habe ich damals \u00fcbrigens schnell Feuer gefangen. Meine Ausbildung tat dazu ihr \u00dcbriges: Als diplomierte Biologin kenne ich mich nicht nur mit Fauna und Flora, sondern auch recht gut mit der Herstellung von \u00d6len und Extrakten aus, was den Reiz der Parfumwelt nat\u00fcrlich noch gr\u00f6\u00dfer macht.","sameAs":["https:\/\/biro.is\/","https:\/\/www.facebook.com\/stephanie.tkaczik"],"url":"https:\/\/www.alzd.de\/en\/author\/stephanie\/"}]}},"wp-worthy-pixel":{"ignored":false,"public":null,"server":null,"url":null},"wp-worthy-type":"normal","_links":{"self":[{"href":"https:\/\/www.alzd.de\/en\/wp-json\/wp\/v2\/posts\/97822","targetHints":{"allow":["GET"]}}],"collection":[{"href":"https:\/\/www.alzd.de\/en\/wp-json\/wp\/v2\/posts"}],"about":[{"href":"https:\/\/www.alzd.de\/en\/wp-json\/wp\/v2\/types\/post"}],"author":[{"embeddable":true,"href":"https:\/\/www.alzd.de\/en\/wp-json\/wp\/v2\/users\/535"}],"replies":[{"embeddable":true,"href":"https:\/\/www.alzd.de\/en\/wp-json\/wp\/v2\/comments?post=97822"}],"version-history":[{"count":4,"href":"https:\/\/www.alzd.de\/en\/wp-json\/wp\/v2\/posts\/97822\/revisions"}],"predecessor-version":[{"id":97826,"href":"https:\/\/www.alzd.de\/en\/wp-json\/wp\/v2\/posts\/97822\/revisions\/97826"}],"wp:featuredmedia":[{"embeddable":true,"href":"https:\/\/www.alzd.de\/en\/wp-json\/wp\/v2\/media\/97816"}],"wp:attachment":[{"href":"https:\/\/www.alzd.de\/en\/wp-json\/wp\/v2\/media?parent=97822"}],"wp:term":[{"taxonomy":"category","embeddable":true,"href":"https:\/\/www.alzd.de\/en\/wp-json\/wp\/v2\/categories?post=97822"},{"taxonomy":"post_tag","embeddable":true,"href":"https:\/\/www.alzd.de\/en\/wp-json\/wp\/v2\/tags?post=97822"}],"curies":[{"name":"wp","href":"https:\/\/api.w.org\/{rel}","templated":true}]}}