{"id":97101,"date":"2022-05-06T07:30:00","date_gmt":"2022-05-06T05:30:00","guid":{"rendered":"https:\/\/www.alzd.de\/?p=97101"},"modified":"2022-05-06T11:48:44","modified_gmt":"2022-05-06T09:48:44","slug":"eucalyptus-menthe-verte-oyedo-co-summery-room-scents-by-diptyque","status":"publish","type":"post","link":"https:\/\/www.alzd.de\/en\/2022\/05\/06\/eucalyptus-menthe-verte-oyedo-co-summery-room-scents-by-diptyque\/","title":{"rendered":"Eucalyptus, Menthe Verte, Oy\u00e9do &amp; Co. &#8211; Summery room scents by Diptyque"},"content":{"rendered":"\n<p><a href=\"https:\/\/www.ausliebezumduft.de\/diptyque-eucalyptus-eukalyptus-duftkerze.html\" target=\"_blank\" rel=\"noreferrer noopener\">Eucalyptus<\/a><a href=\"https:\/\/www.ausliebezumduft.de\/diptyque-menthe-verte-grune-minze-duftkerze.html\" target=\"_blank\" rel=\"noreferrer noopener\">, Menthe Verte<\/a>, <a href=\"https:\/\/www.ausliebezumduft.de\/diptyque-oyedo-duftkerze.html\" target=\"_blank\" rel=\"noreferrer noopener\">Oy\u00e9do<\/a> &amp; Co &#8230; a colorful bouquet of summer scented candles by <a href=\"https:\/\/www.ausliebezumduft.de\/raumdufte\/diptyque.html\" target=\"_blank\" rel=\"noreferrer noopener\">Diptyque<\/a> is still waiting for a review, beaming with joy, and so I do them the favor today and will introduce them all to you! There are a few, I can already tell you, and so I&#8217;ll jump right into the reviewing action without much ado. Let the scented candle games begin!<\/p>\n\n\n\n<div class=\"wp-block-image\"><figure class=\"aligncenter size-large\"><img decoding=\"async\" width=\"1080\" height=\"818\" src=\"https:\/\/www.alzd.de\/wp-content\/2022\/05\/IMG_20220505_120451-1-1080x818.jpg\" alt=\"Diptyque - Eucalyptus, Verveine, Menthe Verte, Figuier, Feuille de Lavande, Oyedo\" class=\"wp-image-97032\" title=\"Diptyque - Eucalyptus, Verveine, Menthe Verte, Figuier, Feuille de Lavande, Oyedo\" srcset=\"https:\/\/www.alzd.de\/wp-content\/2022\/05\/IMG_20220505_120451-1-1080x818.jpg 1080w, https:\/\/www.alzd.de\/wp-content\/2022\/05\/IMG_20220505_120451-1-720x546.jpg 720w, https:\/\/www.alzd.de\/wp-content\/2022\/05\/IMG_20220505_120451-1-360x273.jpg 360w, https:\/\/www.alzd.de\/wp-content\/2022\/05\/IMG_20220505_120451-1-768x582.jpg 768w, https:\/\/www.alzd.de\/wp-content\/2022\/05\/IMG_20220505_120451-1-1536x1164.jpg 1536w, https:\/\/www.alzd.de\/wp-content\/2022\/05\/IMG_20220505_120451-1-462x350.jpg 462w, https:\/\/www.alzd.de\/wp-content\/2022\/05\/IMG_20220505_120451-1.jpg 2048w\" sizes=\"(max-width: 1080px) 100vw, 1080px\" \/><figcaption>\u00a9 Julia Bir\u00f3<\/figcaption><\/figure><\/div>\n\n\n\n<p>By the way, you can find a compilation of all articles around the cult label Diptyque <a href=\"https:\/\/www.alzd.de\/en\/tag\/diptyque-en\/\" target=\"_blank\" rel=\"noreferrer noopener\">here<\/a>. In addition to numerous reviews of fragrances from the brand, you&#8217;ll also find a few posts about scented candles and even an article or two about hand creams and hand soaps (some of them are only available in German) \ud83d\ude42<\/p>\n\n\n\n<h2 class=\"wp-block-heading\">Eucalyptus &#8211; the cool one<\/h2>\n\n\n\n<div class=\"wp-block-image\"><figure class=\"alignleft size-thumbnail\"><img decoding=\"async\" width=\"360\" height=\"360\" src=\"https:\/\/www.alzd.de\/wp-content\/2022\/05\/eurcalyptus_190_g-1-360x360.jpg\" alt=\"\" class=\"wp-image-97055\" title=\"Diptyque - Eucalyptus\" srcset=\"https:\/\/www.alzd.de\/wp-content\/2022\/05\/eurcalyptus_190_g-1-360x360.jpg 360w, https:\/\/www.alzd.de\/wp-content\/2022\/05\/eurcalyptus_190_g-1-350x350.jpg 350w, https:\/\/www.alzd.de\/wp-content\/2022\/05\/eurcalyptus_190_g-1.jpg 600w\" sizes=\"(max-width: 360px) 100vw, 360px\" \/><\/figure><\/div>\n\n\n\n<p>Eucalyptus by Diptyque comes up with the fragrance notes <strong>eucalyptus, white flowers, camphor<\/strong> and <strong>lavender<\/strong>. And indeed, the candle exudes the very cool, green and herbaceous accents known from camphor and the leafy favorite of koalas. The tart nuances of lavender can also be perceived. The addition of white flowers prevents the scented candle from acquiring a cough drop-like character. The floral notes soothe the green coolness and add a certain creaminess.<\/p>\n\n\n\n<div class=\"wp-block-buttons is-content-justification-left is-layout-flex wp-container-core-buttons-is-layout-fdcfc74e wp-block-buttons-is-layout-flex\">\n<div class=\"wp-block-button\"><a class=\"wp-block-button__link has-white-color has-text-color has-background\" href=\"https:\/\/www.ausliebezumduft.de\/diptyque-eucalyptus-eukalyptus-duftkerze.html\" style=\"background-color:#628981\" target=\"_blank\" rel=\"noreferrer noopener\"><strong>Eucalyptus<\/strong><\/a><\/div>\n<\/div>\n\n\n\n<div style=\"height:100px\" aria-hidden=\"true\" class=\"wp-block-spacer\"><\/div>\n\n\n\n<h2 class=\"wp-block-heading\">Menthe Verte &#8211; the green one<\/h2>\n\n\n\n<div class=\"wp-block-image\"><figure class=\"alignleft size-thumbnail\"><img decoding=\"async\" width=\"360\" height=\"360\" src=\"https:\/\/www.alzd.de\/wp-content\/2022\/05\/diptyque_-_menthe_verte-360x360.jpg\" alt=\"Diptyque - Menthe Verte\" class=\"wp-image-97053\" title=\"Diptyque - Menthe Verte\" srcset=\"https:\/\/www.alzd.de\/wp-content\/2022\/05\/diptyque_-_menthe_verte-360x360.jpg 360w, https:\/\/www.alzd.de\/wp-content\/2022\/05\/diptyque_-_menthe_verte-350x350.jpg 350w, https:\/\/www.alzd.de\/wp-content\/2022\/05\/diptyque_-_menthe_verte.jpg 600w\" sizes=\"(max-width: 360px) 100vw, 360px\" \/><\/figure><\/div>\n\n\n\n<p>The fragrance notes of Menthe are quickly listed: <strong>Spearmint<\/strong>. And it is precisely these greenish-fresh nuances, carried by a gentle sweetness, that the scented candle from Diptyque also carries. Cheerful, invigorating and airy, the scent is like a balmy breeze sweeping over a bed of herbs with delicious mint. Ideal for those who love the unique fresh-sweet notes of spearmint and are looking for a rather delicate and subtle room fragrance for the warmer season.<\/p>\n\n\n\n<div class=\"wp-block-buttons is-content-justification-left is-layout-flex wp-container-core-buttons-is-layout-fdcfc74e wp-block-buttons-is-layout-flex\">\n<div class=\"wp-block-button\"><a class=\"wp-block-button__link has-white-color has-text-color has-background\" href=\"https:\/\/www.ausliebezumduft.de\/diptyque-menthe-verte-grune-minze-duftkerze.html\" style=\"background-color:#087800\" target=\"_blank\" rel=\"noreferrer noopener\"><strong>Menthe Verte<\/strong><\/a><\/div>\n<\/div>\n\n\n\n<div style=\"height:100px\" aria-hidden=\"true\" class=\"wp-block-spacer\"><\/div>\n\n\n\n<h2 class=\"wp-block-heading\">Oy\u00e9do &#8211; the Mediterranean one<\/h2>\n\n\n\n<div class=\"wp-block-image\"><figure class=\"alignleft size-thumbnail\"><img decoding=\"async\" width=\"360\" height=\"360\" src=\"https:\/\/www.alzd.de\/wp-content\/2022\/05\/diptyque_-_oyedo_-_candle-360x360.jpg\" alt=\"Diptyque - Oy\u00e9do\" class=\"wp-image-97070\" srcset=\"https:\/\/www.alzd.de\/wp-content\/2022\/05\/diptyque_-_oyedo_-_candle-360x360.jpg 360w, https:\/\/www.alzd.de\/wp-content\/2022\/05\/diptyque_-_oyedo_-_candle-350x350.jpg 350w, https:\/\/www.alzd.de\/wp-content\/2022\/05\/diptyque_-_oyedo_-_candle.jpg 600w\" sizes=\"(max-width: 360px) 100vw, 360px\" \/><\/figure><\/div>\n\n\n\n<p>With the fragrance notes <strong>grapefruit, mandarin, lemon, thyme<\/strong> and <strong>woods<\/strong>, the scented candle Oy\u00e9do by Diptyque promises a summery Mediterranean room scenting and this promise is kept by the French cult label. Delicate citrus fruit nuances meet the striking green herbal notes of thyme to create a spring-like, light and very subtle fruit-herb mix. Ideal for those who prefer a subtle scenting of the home. Quite suitable also for the bedrooms.<\/p>\n\n\n\n<div class=\"wp-block-buttons is-layout-flex wp-block-buttons-is-layout-flex\">\n<div class=\"wp-block-button\"><a class=\"wp-block-button__link has-white-color has-text-color has-background\" href=\"https:\/\/www.ausliebezumduft.de\/diptyque-oyedo-duftkerze.html\" style=\"background-color:#4e8919\" target=\"_blank\" rel=\"noreferrer noopener\"><strong>Oy\u00e9do<\/strong><\/a><\/div>\n<\/div>\n\n\n\n<div style=\"height:100px\" aria-hidden=\"true\" class=\"wp-block-spacer\"><\/div>\n\n\n\n<h2 class=\"wp-block-heading\">Verveine &#8211; the citric one<\/h2>\n\n\n\n<div class=\"wp-block-image\"><figure class=\"alignleft size-thumbnail\"><img decoding=\"async\" width=\"360\" height=\"360\" src=\"https:\/\/www.alzd.de\/wp-content\/2022\/05\/diptyque_-_verveine_candle_1-360x360.jpg\" alt=\"\" class=\"wp-image-97074\" srcset=\"https:\/\/www.alzd.de\/wp-content\/2022\/05\/diptyque_-_verveine_candle_1-360x360.jpg 360w, https:\/\/www.alzd.de\/wp-content\/2022\/05\/diptyque_-_verveine_candle_1-350x350.jpg 350w, https:\/\/www.alzd.de\/wp-content\/2022\/05\/diptyque_-_verveine_candle_1.jpg 600w\" sizes=\"(max-width: 360px) 100vw, 360px\" \/><\/figure><\/div>\n\n\n\n<p>For me, verbena always smells somehow like a good mood. This citrus green that is refreshing but also sweet like a mint that lives out its fruity side. So is the scented candle Verveine from Diptyque. Only one ingredient is included &#8211; <strong>Verbena<\/strong> &#8211; and this is perfectly implemented in the room fragrance. Fresh, spring-like and cheerful, Verveine exudes incredible optimism and creates a comforting and invigorating atmosphere. A fragrance that I can imagine, among other locations, excellent for the kitchen.<\/p>\n\n\n\n<div class=\"wp-block-buttons is-content-justification-left is-layout-flex wp-container-core-buttons-is-layout-fdcfc74e wp-block-buttons-is-layout-flex\">\n<div class=\"wp-block-button\"><a class=\"wp-block-button__link has-white-color has-text-color has-background\" href=\"https:\/\/www.ausliebezumduft.de\/catalog\/product\/view\/id\/36882\/s\/diptyque-verveine-verbena-duftkerze\/\" style=\"background-color:#4fa207\" target=\"_blank\" rel=\"noreferrer noopener\"><strong>Verveine<\/strong><\/a><\/div>\n<\/div>\n\n\n\n<div style=\"height:100px\" aria-hidden=\"true\" class=\"wp-block-spacer\"><\/div>\n\n\n\n<h2 class=\"wp-block-heading\">Figuier &#8211; the fruity one<\/h2>\n\n\n\n<div class=\"wp-block-image\"><figure class=\"alignleft size-thumbnail\"><img decoding=\"async\" width=\"360\" height=\"360\" src=\"https:\/\/www.alzd.de\/wp-content\/2022\/05\/figuier_190_g_neu-360x360.jpg\" alt=\"\" class=\"wp-image-97077\" srcset=\"https:\/\/www.alzd.de\/wp-content\/2022\/05\/figuier_190_g_neu-360x360.jpg 360w, https:\/\/www.alzd.de\/wp-content\/2022\/05\/figuier_190_g_neu-350x350.jpg 350w, https:\/\/www.alzd.de\/wp-content\/2022\/05\/figuier_190_g_neu.jpg 600w\" sizes=\"(max-width: 360px) 100vw, 360px\" \/><\/figure><\/div>\n\n\n\n<p>Figuier by Diptyque is the <strong>fig<\/strong> among scented candles and a room fragrance that I would almost call a classic. Delicate, green, fruity and underpinned by a very special creamy-woody nuance, Figuier is for me so far the summer scented candle par excellence. I always think I also perceive a light and exceedingly milky coconut note in the fragrance, but only subtly. Ideal for those who want a fruity scenting of your premises and for fig fans anyway a must-have! \ud83d\ude42<\/p>\n\n\n\n<div class=\"wp-block-buttons is-layout-flex wp-block-buttons-is-layout-flex\">\n<div class=\"wp-block-button\"><a class=\"wp-block-button__link has-white-color has-text-color has-background\" href=\"https:\/\/www.ausliebezumduft.de\/diptyque-figuier-feige-duftkerze.html\" style=\"background-color:#e3302a\" target=\"_blank\" rel=\"noreferrer noopener\"><strong>Figuier<\/strong><\/a><\/div>\n<\/div>\n\n\n\n<div style=\"height:100px\" aria-hidden=\"true\" class=\"wp-block-spacer\"><\/div>\n\n\n\n<h2 class=\"wp-block-heading\">Feuille de Lavande &#8211; the herbaceous one<\/h2>\n\n\n\n<div class=\"wp-block-image\"><figure class=\"alignleft size-thumbnail\"><img decoding=\"async\" width=\"360\" height=\"360\" src=\"https:\/\/www.alzd.de\/wp-content\/2022\/05\/feuille_de_lavande_1-360x360.jpg\" alt=\"\" class=\"wp-image-97091\" srcset=\"https:\/\/www.alzd.de\/wp-content\/2022\/05\/feuille_de_lavande_1-360x360.jpg 360w, https:\/\/www.alzd.de\/wp-content\/2022\/05\/feuille_de_lavande_1-350x350.jpg 350w, https:\/\/www.alzd.de\/wp-content\/2022\/05\/feuille_de_lavande_1.jpg 600w\" sizes=\"(max-width: 360px) 100vw, 360px\" \/><\/figure><\/div>\n\n\n\n<p><strong>Lavender<\/strong> and <strong>leaf green<\/strong> are the ingredients of the scented candle Feuille de Lavande from the house of Diptyque and what can I say: What they call, is what you get. Delicate, herbaceous and beautifully scented with blooming lavender, the candle is like an olfactory short trip to Provence. A fragrance that carries freshness and purity and at the same time also an incredible calm and relaxation. A room fragrance that I can imagine in almost any room.<\/p>\n\n\n\n<div class=\"wp-block-buttons is-layout-flex wp-block-buttons-is-layout-flex\">\n<div class=\"wp-block-button\"><a class=\"wp-block-button__link has-white-color has-text-color has-background\" href=\"https:\/\/www.ausliebezumduft.de\/diptyque-feuille-de-lavande-lavendel-duftkerze.html\" style=\"background-color:#755ab3\" target=\"_blank\" rel=\"noreferrer noopener\"><strong>Feuille de Lavande<\/strong><\/a><\/div>\n<\/div>\n","protected":false},"excerpt":{"rendered":"<p>Eucalyptus, Menthe Verte, Oy\u00e9do &amp; Co &#8230; a colorful bouquet of summer scented candles by Diptyque is still waiting for a review, beaming with joy, and so I&#8230;<\/p>\n<div class=\"more-link-wrapper\"><a class=\"more-link\" href=\"https:\/\/www.alzd.de\/en\/2022\/05\/06\/eucalyptus-menthe-verte-oyedo-co-summery-room-scents-by-diptyque\/\">WEITERLESEN<span class=\"screen-reader-text\">Eucalyptus, Menthe Verte, Oy\u00e9do &amp; Co. &#8211; Summery room scents by Diptyque<\/span><\/a><\/div>\n","protected":false},"author":535,"featured_media":97034,"comment_status":"open","ping_status":"closed","sticky":false,"template":"","format":"standard","meta":{"footnotes":""},"categories":[1155,1157,1158,1134,1147],"tags":[1390,1421,1433,1578,1641,1640],"class_list":["post-97101","post","type-post","status-publish","format-standard","has-post-thumbnail","hentry","category-fruity","category-green","category-hesperidian","category-home-fragrances","category-scented-candles","tag-diptyque-en","tag-eucalyptus","tag-fig","tag-lavender","tag-mint","tag-verbena-en","excerpt","zoom","full-without-featured","even","excerpt-0"],"yoast_head":"<!-- This site is optimized with the Yoast SEO plugin v27.5 - https:\/\/yoast.com\/product\/yoast-seo-wordpress\/ -->\n<title>Eucalyptus, Menthe Verte, Oyedo &amp; Co. - summer scented candles by Diptyque<\/title>\n<meta name=\"description\" content=\"Eucalyptus, Menthe Verte, Oy\u00e9do &amp; Co. ... a colorful bouquet of summer scented candles by Diptyque is still joyfully waiting here for a ...\" \/>\n<meta name=\"robots\" content=\"index, follow, max-snippet:-1, max-image-preview:large, max-video-preview:-1\" \/>\n<link rel=\"canonical\" href=\"https:\/\/www.alzd.de\/en\/2022\/05\/06\/eucalyptus-menthe-verte-oyedo-co-summery-room-scents-by-diptyque\/\" \/>\n<meta property=\"og:locale\" content=\"en_US\" \/>\n<meta property=\"og:type\" content=\"article\" \/>\n<meta property=\"og:title\" content=\"Eucalyptus, Menthe Verte, Oyedo &amp; Co. - summer scented candles by Diptyque\" \/>\n<meta property=\"og:url\" content=\"https:\/\/www.alzd.de\/en\/2022\/05\/06\/eucalyptus-menthe-verte-oyedo-co-summery-room-scents-by-diptyque\/\" \/>\n<meta property=\"og:site_name\" content=\"Das Duft-Tagebuch\" \/>\n<meta property=\"article:publisher\" content=\"https:\/\/www.facebook.com\/dufttagebuch\/\" \/>\n<meta property=\"article:author\" content=\"https:\/\/www.facebook.com\/stephanie.tkaczik\" \/>\n<meta property=\"article:published_time\" content=\"2022-05-06T05:30:00+00:00\" \/>\n<meta property=\"article:modified_time\" content=\"2022-05-06T09:48:44+00:00\" \/>\n<meta property=\"og:image\" content=\"https:\/\/www.alzd.de\/wp-content\/2022\/05\/BB_IMG_20220505_120451-1.jpg\" \/>\n\t<meta property=\"og:image:width\" content=\"720\" \/>\n\t<meta property=\"og:image:height\" content=\"400\" \/>\n\t<meta property=\"og:image:type\" content=\"image\/jpeg\" \/>\n<meta name=\"author\" content=\"Julia Bir\u00f3\" \/>\n<meta name=\"twitter:card\" content=\"summary_large_image\" \/>\n<meta name=\"twitter:creator\" content=\"@ausliebezumduft\" \/>\n<meta name=\"twitter:site\" content=\"@ausliebezumduft\" \/>\n<script type=\"application\/ld+json\" class=\"yoast-schema-graph\">{\"@context\":\"https:\\\/\\\/schema.org\",\"@graph\":[{\"@type\":\"Article\",\"@id\":\"https:\\\/\\\/www.alzd.de\\\/en\\\/2022\\\/05\\\/06\\\/eucalyptus-menthe-verte-oyedo-co-summery-room-scents-by-diptyque\\\/#article\",\"isPartOf\":{\"@id\":\"https:\\\/\\\/www.alzd.de\\\/en\\\/2022\\\/05\\\/06\\\/eucalyptus-menthe-verte-oyedo-co-summery-room-scents-by-diptyque\\\/\"},\"author\":{\"name\":\"Julia Bir\u00f3\",\"@id\":\"https:\\\/\\\/www.alzd.de\\\/en\\\/#\\\/schema\\\/person\\\/8efcd8f02447fdbe8f29ad465897d04e\"},\"headline\":\"Eucalyptus, Menthe Verte, Oy\u00e9do &amp; Co. &#8211; Summery room scents by Diptyque\",\"datePublished\":\"2022-05-06T05:30:00+00:00\",\"dateModified\":\"2022-05-06T09:48:44+00:00\",\"mainEntityOfPage\":{\"@id\":\"https:\\\/\\\/www.alzd.de\\\/en\\\/2022\\\/05\\\/06\\\/eucalyptus-menthe-verte-oyedo-co-summery-room-scents-by-diptyque\\\/\"},\"wordCount\":642,\"commentCount\":0,\"publisher\":{\"@id\":\"https:\\\/\\\/www.alzd.de\\\/en\\\/#organization\"},\"image\":{\"@id\":\"https:\\\/\\\/www.alzd.de\\\/en\\\/2022\\\/05\\\/06\\\/eucalyptus-menthe-verte-oyedo-co-summery-room-scents-by-diptyque\\\/#primaryimage\"},\"thumbnailUrl\":\"https:\\\/\\\/www.alzd.de\\\/wp-content\\\/2022\\\/05\\\/BB_IMG_20220505_120451-1.jpg\",\"keywords\":[\"Diptyque\",\"Eucalyptus\",\"Fig\",\"Lavender\",\"Mint\",\"Verbena\"],\"articleSection\":[\"Fruity\",\"Green\",\"Hesperidian\",\"Home Fragrances\",\"Scented candles\"],\"inLanguage\":\"en-US\",\"potentialAction\":[{\"@type\":\"CommentAction\",\"name\":\"Comment\",\"target\":[\"https:\\\/\\\/www.alzd.de\\\/en\\\/2022\\\/05\\\/06\\\/eucalyptus-menthe-verte-oyedo-co-summery-room-scents-by-diptyque\\\/#respond\"]}]},{\"@type\":\"WebPage\",\"@id\":\"https:\\\/\\\/www.alzd.de\\\/en\\\/2022\\\/05\\\/06\\\/eucalyptus-menthe-verte-oyedo-co-summery-room-scents-by-diptyque\\\/\",\"url\":\"https:\\\/\\\/www.alzd.de\\\/en\\\/2022\\\/05\\\/06\\\/eucalyptus-menthe-verte-oyedo-co-summery-room-scents-by-diptyque\\\/\",\"name\":\"Eucalyptus, Menthe Verte, Oyedo & Co. - summer scented candles by Diptyque\",\"isPartOf\":{\"@id\":\"https:\\\/\\\/www.alzd.de\\\/en\\\/#website\"},\"primaryImageOfPage\":{\"@id\":\"https:\\\/\\\/www.alzd.de\\\/en\\\/2022\\\/05\\\/06\\\/eucalyptus-menthe-verte-oyedo-co-summery-room-scents-by-diptyque\\\/#primaryimage\"},\"image\":{\"@id\":\"https:\\\/\\\/www.alzd.de\\\/en\\\/2022\\\/05\\\/06\\\/eucalyptus-menthe-verte-oyedo-co-summery-room-scents-by-diptyque\\\/#primaryimage\"},\"thumbnailUrl\":\"https:\\\/\\\/www.alzd.de\\\/wp-content\\\/2022\\\/05\\\/BB_IMG_20220505_120451-1.jpg\",\"datePublished\":\"2022-05-06T05:30:00+00:00\",\"dateModified\":\"2022-05-06T09:48:44+00:00\",\"description\":\"Eucalyptus, Menthe Verte, Oy\u00e9do & Co. ... a colorful bouquet of summer scented candles by Diptyque is still joyfully waiting here for a ...\",\"breadcrumb\":{\"@id\":\"https:\\\/\\\/www.alzd.de\\\/en\\\/2022\\\/05\\\/06\\\/eucalyptus-menthe-verte-oyedo-co-summery-room-scents-by-diptyque\\\/#breadcrumb\"},\"inLanguage\":\"en-US\",\"potentialAction\":[{\"@type\":\"ReadAction\",\"target\":[\"https:\\\/\\\/www.alzd.de\\\/en\\\/2022\\\/05\\\/06\\\/eucalyptus-menthe-verte-oyedo-co-summery-room-scents-by-diptyque\\\/\"]}]},{\"@type\":\"ImageObject\",\"inLanguage\":\"en-US\",\"@id\":\"https:\\\/\\\/www.alzd.de\\\/en\\\/2022\\\/05\\\/06\\\/eucalyptus-menthe-verte-oyedo-co-summery-room-scents-by-diptyque\\\/#primaryimage\",\"url\":\"https:\\\/\\\/www.alzd.de\\\/wp-content\\\/2022\\\/05\\\/BB_IMG_20220505_120451-1.jpg\",\"contentUrl\":\"https:\\\/\\\/www.alzd.de\\\/wp-content\\\/2022\\\/05\\\/BB_IMG_20220505_120451-1.jpg\",\"width\":720,\"height\":400,\"caption\":\"dav\"},{\"@type\":\"BreadcrumbList\",\"@id\":\"https:\\\/\\\/www.alzd.de\\\/en\\\/2022\\\/05\\\/06\\\/eucalyptus-menthe-verte-oyedo-co-summery-room-scents-by-diptyque\\\/#breadcrumb\",\"itemListElement\":[{\"@type\":\"ListItem\",\"position\":1,\"name\":\"Startseite\",\"item\":\"https:\\\/\\\/www.alzd.de\\\/en\\\/\"},{\"@type\":\"ListItem\",\"position\":2,\"name\":\"Eucalyptus, Menthe Verte, Oy\u00e9do &amp; Co. &#8211; Summery room scents by Diptyque\"}]},{\"@type\":\"WebSite\",\"@id\":\"https:\\\/\\\/www.alzd.de\\\/en\\\/#website\",\"url\":\"https:\\\/\\\/www.alzd.de\\\/en\\\/\",\"name\":\"Das Duft-Tagebuch\",\"description\":\"Das Parfumblog von Aus Liebe zum Duft\",\"publisher\":{\"@id\":\"https:\\\/\\\/www.alzd.de\\\/en\\\/#organization\"},\"potentialAction\":[{\"@type\":\"SearchAction\",\"target\":{\"@type\":\"EntryPoint\",\"urlTemplate\":\"https:\\\/\\\/www.alzd.de\\\/en\\\/?s={search_term_string}\"},\"query-input\":{\"@type\":\"PropertyValueSpecification\",\"valueRequired\":true,\"valueName\":\"search_term_string\"}}],\"inLanguage\":\"en-US\"},{\"@type\":\"Organization\",\"@id\":\"https:\\\/\\\/www.alzd.de\\\/en\\\/#organization\",\"name\":\"Das Duft-Tagebuch\",\"url\":\"https:\\\/\\\/www.alzd.de\\\/en\\\/\",\"logo\":{\"@type\":\"ImageObject\",\"inLanguage\":\"en-US\",\"@id\":\"https:\\\/\\\/www.alzd.de\\\/en\\\/#\\\/schema\\\/logo\\\/image\\\/\",\"url\":\"https:\\\/\\\/www.alzd.de\\\/wp-content\\\/2023\\\/08\\\/alzd_dufttagebuch.png\",\"contentUrl\":\"https:\\\/\\\/www.alzd.de\\\/wp-content\\\/2023\\\/08\\\/alzd_dufttagebuch.png\",\"width\":1804,\"height\":416,\"caption\":\"Das Duft-Tagebuch\"},\"image\":{\"@id\":\"https:\\\/\\\/www.alzd.de\\\/en\\\/#\\\/schema\\\/logo\\\/image\\\/\"},\"sameAs\":[\"https:\\\/\\\/www.facebook.com\\\/dufttagebuch\\\/\",\"https:\\\/\\\/x.com\\\/ausliebezumduft\",\"https:\\\/\\\/www.instagram.com\\\/ausliebezumduft.de\\\/\",\"https:\\\/\\\/www.youtube.com\\\/c\\\/ausliebezumduft\"]},{\"@type\":\"Person\",\"@id\":\"https:\\\/\\\/www.alzd.de\\\/en\\\/#\\\/schema\\\/person\\\/8efcd8f02447fdbe8f29ad465897d04e\",\"name\":\"Julia Bir\u00f3\",\"image\":{\"@type\":\"ImageObject\",\"inLanguage\":\"en-US\",\"@id\":\"https:\\\/\\\/www.alzd.de\\\/wp-content\\\/2018\\\/02\\\/cropped-cropped-mitarbeiterbilder_steffi--96x96.jpg\",\"url\":\"https:\\\/\\\/www.alzd.de\\\/wp-content\\\/2018\\\/02\\\/cropped-cropped-mitarbeiterbilder_steffi--96x96.jpg\",\"contentUrl\":\"https:\\\/\\\/www.alzd.de\\\/wp-content\\\/2018\\\/02\\\/cropped-cropped-mitarbeiterbilder_steffi--96x96.jpg\",\"caption\":\"Julia Bir\u00f3\"},\"description\":\"Bereits 2010 gingen so einige Blogbeitr\u00e4ge auf mein Konto. Dann war ich \u201ekurz\u201c weg \u2013 sechs Jahre. Umso mehr freut es mich, dass ich nun wieder die Chance bekomme, mein N\u00e4schen im Dienste der Duftrezension schnuppern zu lassen und eifrig in die Tasten zu hauen. Was Nischend\u00fcfte angeht, habe ich damals \u00fcbrigens schnell Feuer gefangen. Meine Ausbildung tat dazu ihr \u00dcbriges: Als diplomierte Biologin kenne ich mich nicht nur mit Fauna und Flora, sondern auch recht gut mit der Herstellung von \u00d6len und Extrakten aus, was den Reiz der Parfumwelt nat\u00fcrlich noch gr\u00f6\u00dfer macht.\",\"sameAs\":[\"https:\\\/\\\/biro.is\\\/\",\"https:\\\/\\\/www.facebook.com\\\/stephanie.tkaczik\"],\"url\":\"https:\\\/\\\/www.alzd.de\\\/en\\\/author\\\/stephanie\\\/\"}]}<\/script>\n<!-- \/ Yoast SEO plugin. -->","yoast_head_json":{"title":"Eucalyptus, Menthe Verte, Oyedo & Co. - summer scented candles by Diptyque","description":"Eucalyptus, Menthe Verte, Oy\u00e9do & Co. ... a colorful bouquet of summer scented candles by Diptyque is still joyfully waiting here for a ...","robots":{"index":"index","follow":"follow","max-snippet":"max-snippet:-1","max-image-preview":"max-image-preview:large","max-video-preview":"max-video-preview:-1"},"canonical":"https:\/\/www.alzd.de\/en\/2022\/05\/06\/eucalyptus-menthe-verte-oyedo-co-summery-room-scents-by-diptyque\/","og_locale":"en_US","og_type":"article","og_title":"Eucalyptus, Menthe Verte, Oyedo & Co. - summer scented candles by Diptyque","og_url":"https:\/\/www.alzd.de\/en\/2022\/05\/06\/eucalyptus-menthe-verte-oyedo-co-summery-room-scents-by-diptyque\/","og_site_name":"Das Duft-Tagebuch","article_publisher":"https:\/\/www.facebook.com\/dufttagebuch\/","article_author":"https:\/\/www.facebook.com\/stephanie.tkaczik","article_published_time":"2022-05-06T05:30:00+00:00","article_modified_time":"2022-05-06T09:48:44+00:00","og_image":[{"width":720,"height":400,"url":"https:\/\/www.alzd.de\/wp-content\/2022\/05\/BB_IMG_20220505_120451-1.jpg","type":"image\/jpeg"}],"author":"Julia Bir\u00f3","twitter_card":"summary_large_image","twitter_creator":"@ausliebezumduft","twitter_site":"@ausliebezumduft","schema":{"@context":"https:\/\/schema.org","@graph":[{"@type":"Article","@id":"https:\/\/www.alzd.de\/en\/2022\/05\/06\/eucalyptus-menthe-verte-oyedo-co-summery-room-scents-by-diptyque\/#article","isPartOf":{"@id":"https:\/\/www.alzd.de\/en\/2022\/05\/06\/eucalyptus-menthe-verte-oyedo-co-summery-room-scents-by-diptyque\/"},"author":{"name":"Julia Bir\u00f3","@id":"https:\/\/www.alzd.de\/en\/#\/schema\/person\/8efcd8f02447fdbe8f29ad465897d04e"},"headline":"Eucalyptus, Menthe Verte, Oy\u00e9do &amp; Co. &#8211; Summery room scents by Diptyque","datePublished":"2022-05-06T05:30:00+00:00","dateModified":"2022-05-06T09:48:44+00:00","mainEntityOfPage":{"@id":"https:\/\/www.alzd.de\/en\/2022\/05\/06\/eucalyptus-menthe-verte-oyedo-co-summery-room-scents-by-diptyque\/"},"wordCount":642,"commentCount":0,"publisher":{"@id":"https:\/\/www.alzd.de\/en\/#organization"},"image":{"@id":"https:\/\/www.alzd.de\/en\/2022\/05\/06\/eucalyptus-menthe-verte-oyedo-co-summery-room-scents-by-diptyque\/#primaryimage"},"thumbnailUrl":"https:\/\/www.alzd.de\/wp-content\/2022\/05\/BB_IMG_20220505_120451-1.jpg","keywords":["Diptyque","Eucalyptus","Fig","Lavender","Mint","Verbena"],"articleSection":["Fruity","Green","Hesperidian","Home Fragrances","Scented candles"],"inLanguage":"en-US","potentialAction":[{"@type":"CommentAction","name":"Comment","target":["https:\/\/www.alzd.de\/en\/2022\/05\/06\/eucalyptus-menthe-verte-oyedo-co-summery-room-scents-by-diptyque\/#respond"]}]},{"@type":"WebPage","@id":"https:\/\/www.alzd.de\/en\/2022\/05\/06\/eucalyptus-menthe-verte-oyedo-co-summery-room-scents-by-diptyque\/","url":"https:\/\/www.alzd.de\/en\/2022\/05\/06\/eucalyptus-menthe-verte-oyedo-co-summery-room-scents-by-diptyque\/","name":"Eucalyptus, Menthe Verte, Oyedo & Co. - summer scented candles by Diptyque","isPartOf":{"@id":"https:\/\/www.alzd.de\/en\/#website"},"primaryImageOfPage":{"@id":"https:\/\/www.alzd.de\/en\/2022\/05\/06\/eucalyptus-menthe-verte-oyedo-co-summery-room-scents-by-diptyque\/#primaryimage"},"image":{"@id":"https:\/\/www.alzd.de\/en\/2022\/05\/06\/eucalyptus-menthe-verte-oyedo-co-summery-room-scents-by-diptyque\/#primaryimage"},"thumbnailUrl":"https:\/\/www.alzd.de\/wp-content\/2022\/05\/BB_IMG_20220505_120451-1.jpg","datePublished":"2022-05-06T05:30:00+00:00","dateModified":"2022-05-06T09:48:44+00:00","description":"Eucalyptus, Menthe Verte, Oy\u00e9do & Co. ... a colorful bouquet of summer scented candles by Diptyque is still joyfully waiting here for a ...","breadcrumb":{"@id":"https:\/\/www.alzd.de\/en\/2022\/05\/06\/eucalyptus-menthe-verte-oyedo-co-summery-room-scents-by-diptyque\/#breadcrumb"},"inLanguage":"en-US","potentialAction":[{"@type":"ReadAction","target":["https:\/\/www.alzd.de\/en\/2022\/05\/06\/eucalyptus-menthe-verte-oyedo-co-summery-room-scents-by-diptyque\/"]}]},{"@type":"ImageObject","inLanguage":"en-US","@id":"https:\/\/www.alzd.de\/en\/2022\/05\/06\/eucalyptus-menthe-verte-oyedo-co-summery-room-scents-by-diptyque\/#primaryimage","url":"https:\/\/www.alzd.de\/wp-content\/2022\/05\/BB_IMG_20220505_120451-1.jpg","contentUrl":"https:\/\/www.alzd.de\/wp-content\/2022\/05\/BB_IMG_20220505_120451-1.jpg","width":720,"height":400,"caption":"dav"},{"@type":"BreadcrumbList","@id":"https:\/\/www.alzd.de\/en\/2022\/05\/06\/eucalyptus-menthe-verte-oyedo-co-summery-room-scents-by-diptyque\/#breadcrumb","itemListElement":[{"@type":"ListItem","position":1,"name":"Startseite","item":"https:\/\/www.alzd.de\/en\/"},{"@type":"ListItem","position":2,"name":"Eucalyptus, Menthe Verte, Oy\u00e9do &amp; Co. &#8211; Summery room scents by Diptyque"}]},{"@type":"WebSite","@id":"https:\/\/www.alzd.de\/en\/#website","url":"https:\/\/www.alzd.de\/en\/","name":"Das Duft-Tagebuch","description":"Das Parfumblog von Aus Liebe zum Duft","publisher":{"@id":"https:\/\/www.alzd.de\/en\/#organization"},"potentialAction":[{"@type":"SearchAction","target":{"@type":"EntryPoint","urlTemplate":"https:\/\/www.alzd.de\/en\/?s={search_term_string}"},"query-input":{"@type":"PropertyValueSpecification","valueRequired":true,"valueName":"search_term_string"}}],"inLanguage":"en-US"},{"@type":"Organization","@id":"https:\/\/www.alzd.de\/en\/#organization","name":"Das Duft-Tagebuch","url":"https:\/\/www.alzd.de\/en\/","logo":{"@type":"ImageObject","inLanguage":"en-US","@id":"https:\/\/www.alzd.de\/en\/#\/schema\/logo\/image\/","url":"https:\/\/www.alzd.de\/wp-content\/2023\/08\/alzd_dufttagebuch.png","contentUrl":"https:\/\/www.alzd.de\/wp-content\/2023\/08\/alzd_dufttagebuch.png","width":1804,"height":416,"caption":"Das Duft-Tagebuch"},"image":{"@id":"https:\/\/www.alzd.de\/en\/#\/schema\/logo\/image\/"},"sameAs":["https:\/\/www.facebook.com\/dufttagebuch\/","https:\/\/x.com\/ausliebezumduft","https:\/\/www.instagram.com\/ausliebezumduft.de\/","https:\/\/www.youtube.com\/c\/ausliebezumduft"]},{"@type":"Person","@id":"https:\/\/www.alzd.de\/en\/#\/schema\/person\/8efcd8f02447fdbe8f29ad465897d04e","name":"Julia Bir\u00f3","image":{"@type":"ImageObject","inLanguage":"en-US","@id":"https:\/\/www.alzd.de\/wp-content\/2018\/02\/cropped-cropped-mitarbeiterbilder_steffi--96x96.jpg","url":"https:\/\/www.alzd.de\/wp-content\/2018\/02\/cropped-cropped-mitarbeiterbilder_steffi--96x96.jpg","contentUrl":"https:\/\/www.alzd.de\/wp-content\/2018\/02\/cropped-cropped-mitarbeiterbilder_steffi--96x96.jpg","caption":"Julia Bir\u00f3"},"description":"Bereits 2010 gingen so einige Blogbeitr\u00e4ge auf mein Konto. Dann war ich \u201ekurz\u201c weg \u2013 sechs Jahre. Umso mehr freut es mich, dass ich nun wieder die Chance bekomme, mein N\u00e4schen im Dienste der Duftrezension schnuppern zu lassen und eifrig in die Tasten zu hauen. Was Nischend\u00fcfte angeht, habe ich damals \u00fcbrigens schnell Feuer gefangen. Meine Ausbildung tat dazu ihr \u00dcbriges: Als diplomierte Biologin kenne ich mich nicht nur mit Fauna und Flora, sondern auch recht gut mit der Herstellung von \u00d6len und Extrakten aus, was den Reiz der Parfumwelt nat\u00fcrlich noch gr\u00f6\u00dfer macht.","sameAs":["https:\/\/biro.is\/","https:\/\/www.facebook.com\/stephanie.tkaczik"],"url":"https:\/\/www.alzd.de\/en\/author\/stephanie\/"}]}},"wp-worthy-pixel":{"ignored":false,"public":null,"server":null,"url":null},"wp-worthy-type":"normal","_links":{"self":[{"href":"https:\/\/www.alzd.de\/en\/wp-json\/wp\/v2\/posts\/97101","targetHints":{"allow":["GET"]}}],"collection":[{"href":"https:\/\/www.alzd.de\/en\/wp-json\/wp\/v2\/posts"}],"about":[{"href":"https:\/\/www.alzd.de\/en\/wp-json\/wp\/v2\/types\/post"}],"author":[{"embeddable":true,"href":"https:\/\/www.alzd.de\/en\/wp-json\/wp\/v2\/users\/535"}],"replies":[{"embeddable":true,"href":"https:\/\/www.alzd.de\/en\/wp-json\/wp\/v2\/comments?post=97101"}],"version-history":[{"count":4,"href":"https:\/\/www.alzd.de\/en\/wp-json\/wp\/v2\/posts\/97101\/revisions"}],"predecessor-version":[{"id":97106,"href":"https:\/\/www.alzd.de\/en\/wp-json\/wp\/v2\/posts\/97101\/revisions\/97106"}],"wp:featuredmedia":[{"embeddable":true,"href":"https:\/\/www.alzd.de\/en\/wp-json\/wp\/v2\/media\/97034"}],"wp:attachment":[{"href":"https:\/\/www.alzd.de\/en\/wp-json\/wp\/v2\/media?parent=97101"}],"wp:term":[{"taxonomy":"category","embeddable":true,"href":"https:\/\/www.alzd.de\/en\/wp-json\/wp\/v2\/categories?post=97101"},{"taxonomy":"post_tag","embeddable":true,"href":"https:\/\/www.alzd.de\/en\/wp-json\/wp\/v2\/tags?post=97101"}],"curies":[{"name":"wp","href":"https:\/\/api.w.org\/{rel}","templated":true}]}}