{"id":96717,"date":"2022-04-21T07:30:00","date_gmt":"2022-04-21T05:30:00","guid":{"rendered":"https:\/\/www.alzd.de\/2022\/04\/21\/de-los-santos-by-byredo-fragrance-of-memory\/"},"modified":"2022-04-21T08:49:23","modified_gmt":"2022-04-21T06:49:23","slug":"de-los-santos-by-byredo-fragrance-of-memory","status":"publish","type":"post","link":"https:\/\/www.alzd.de\/en\/2022\/04\/21\/de-los-santos-by-byredo-fragrance-of-memory\/","title":{"rendered":"De Los Santos by Byredo &#8211; fragrance of memory"},"content":{"rendered":"\n<p>Just a few weeks ago <a href=\"https:\/\/www.ausliebezumduft.de\/byredo-de-los-santos.html\" target=\"_blank\" rel=\"noreferrer noopener\">De Los Santos<\/a> by <a href=\"https:\/\/www.ausliebezumduft.de\/duefte\/byredo-parfums.html\" target=\"_blank\" rel=\"noreferrer noopener\">Byredo<\/a> arrived at <a href=\"https:\/\/www.ausliebezumduft.de\/\" target=\"_blank\" rel=\"noreferrer noopener\">Aus Liebe zum Duft<\/a> and since then I&#8217;m already champing at the bit in anticipation of what I might expect here in terms of reviews. It is not so long ago, since <a href=\"https:\/\/www.ausliebezumduft.de\/byredo-mumbai-noise.html\" target=\"_blank\" rel=\"noreferrer noopener\">Mumbai Noise<\/a>, <a href=\"https:\/\/www.ausliebezumduft.de\/byredo-mixed-emotions.html\" target=\"_blank\" rel=\"noreferrer noopener\">Mixed Emotions<\/a> and <a href=\"https:\/\/www.ausliebezumduft.de\/byredo-lil-fleur.html\" target=\"_blank\" rel=\"noreferrer noopener\">Lil Fleur<\/a> enchanted me (read more <a href=\"https:\/\/www.alzd.de\/2022\/02\/03\/mumbai-noise-mixed-emotions-lil-fleur-byredo\/\" target=\"_blank\" rel=\"noreferrer noopener\">here<\/a> \u2013 only in German), so today, it\u2019s the turn of the fragrance with the sonorous Spanish name De Los Santos.<\/p>\n\n\n\n<div class=\"wp-block-image\"><figure class=\"aligncenter size-large\"><img decoding=\"async\" width=\"608\" height=\"1080\" src=\"https:\/\/www.alzd.de\/wp-content\/2022\/04\/DLS_9x16_8-608x1080.jpg\" alt=\"Byredo - De Los Santos\" class=\"wp-image-96673\" title=\"Byredo - De Los Santos\" srcset=\"https:\/\/www.alzd.de\/wp-content\/2022\/04\/DLS_9x16_8-608x1080.jpg 608w, https:\/\/www.alzd.de\/wp-content\/2022\/04\/DLS_9x16_8-405x720.jpg 405w, https:\/\/www.alzd.de\/wp-content\/2022\/04\/DLS_9x16_8-203x360.jpg 203w, https:\/\/www.alzd.de\/wp-content\/2022\/04\/DLS_9x16_8-768x1365.jpg 768w, https:\/\/www.alzd.de\/wp-content\/2022\/04\/DLS_9x16_8-864x1536.jpg 864w, https:\/\/www.alzd.de\/wp-content\/2022\/04\/DLS_9x16_8-197x350.jpg 197w, https:\/\/www.alzd.de\/wp-content\/2022\/04\/DLS_9x16_8.jpg 1080w\" sizes=\"(max-width: 608px) 100vw, 608px\" \/><\/figure><\/div>\n\n\n\n<p>A Spanish name, then. De Los Santos means &#8220;of the saints&#8221; in English, alluding not only to D\u00eda de los Muertos, the Day of the Dead celebrated in Mexico, but also to All Saints&#8217; Day, the Christian holiday honoring the saints. At the same time, the eau de parfum also pays homage to the culture of Spanish-speaking immigrants to the U.S., the unique style of Latinas, their beauty and nonchalance.<\/p>\n\n\n\n<blockquote class=\"wp-block-quote is-layout-flow wp-block-quote-is-layout-flow\"><p>Created after a time of loss, De Los Santos is a fragrance designed to evoke memories, acknowledge transience and celebrate life. Paying homage to the traditions of South American &#8220;D\u00eda de los Muertos&#8221; and All Saints&#8217; Day, it honors the helpful power of coming together in collective ceremonies and transforms fragrance into a new ritual of remembrance.<\/p><\/blockquote>\n\n\n\n<p>Ben Gorham often draws inspiration for his fragrance compositions from his own life, his experiences, his childhood. The source of inspiration for De Los Santos is said to be &#8220;a time of loss&#8221; that made Gorham think about how different cultures cope with and process goodbyes. While All Saints&#8217; Day is more of a dignified, sacred celebration, a quiet holiday, D\u00eda de los Muertos is the complete opposite.<\/p>\n\n\n\n<div class=\"wp-block-image\"><figure class=\"aligncenter size-large\"><img decoding=\"async\" width=\"608\" height=\"1080\" src=\"https:\/\/www.alzd.de\/wp-content\/2022\/04\/DLS_9x16_4-608x1080.jpg\" alt=\"Byredo - De Los Santos\" class=\"wp-image-96678\" title=\"Byredo - De Los Santos\" srcset=\"https:\/\/www.alzd.de\/wp-content\/2022\/04\/DLS_9x16_4-608x1080.jpg 608w, https:\/\/www.alzd.de\/wp-content\/2022\/04\/DLS_9x16_4-405x720.jpg 405w, https:\/\/www.alzd.de\/wp-content\/2022\/04\/DLS_9x16_4-203x360.jpg 203w, https:\/\/www.alzd.de\/wp-content\/2022\/04\/DLS_9x16_4-768x1365.jpg 768w, https:\/\/www.alzd.de\/wp-content\/2022\/04\/DLS_9x16_4-864x1536.jpg 864w, https:\/\/www.alzd.de\/wp-content\/2022\/04\/DLS_9x16_4-197x350.jpg 197w, https:\/\/www.alzd.de\/wp-content\/2022\/04\/DLS_9x16_4.jpg 1080w\" sizes=\"(max-width: 608px) 100vw, 608px\" \/><\/figure><\/div>\n\n\n\n<h2 class=\"wp-block-heading\">In a nutshell: D\u00eda de los Muertos<\/h2>\n\n\n\n<p>The Day of the Dead is a festive day, or rather, they are festive days, because the celebrations extend over several days. Cemeteries and graves are decorated just as elaborately and colorfully, as are streets and houses. Lushly decorated skeletons and skulls are classic decorative elements of D\u00eda de los Muertos, which not only decorate premises, tombs and faces, but also the food plate in the form of marzipan, sugar or chocolate and much more.<\/p>\n\n\n\n<p>Tradition hsays that the dead pay a visit to their families on D\u00eda de los Muertos. The folk festival begins on the evening of October 31 and ends at midnight on November 2, when the dead slowly make their way back to the afterlife, where they remain until the coming year.<\/p>\n\n\n\n<p>The farewell is duly celebrated at the graves in the cemeteries, with loud music, varied food, cheerful dancing and good humor. How variably the deceased are treated in different cultures and all the more understandable that Ben Gorham, who according to the press release himself seems to suffer from an unspecified loss, was fascinated by the divergent approach to the way of saying goodbye.<\/p>\n\n\n\n<div class=\"wp-block-image\"><figure class=\"aligncenter size-large\"><img decoding=\"async\" width=\"810\" height=\"1080\" src=\"https:\/\/www.alzd.de\/wp-content\/2022\/04\/eduardo-dorantes-UhE2lwGn-DQ-unsplash-810x1080.jpg\" alt=\"D\u00eda de los Muertos, Mexico\" class=\"wp-image-96685\" title=\"D\u00eda de los Muertos, Mexico\" srcset=\"https:\/\/www.alzd.de\/wp-content\/2022\/04\/eduardo-dorantes-UhE2lwGn-DQ-unsplash-810x1080.jpg 810w, https:\/\/www.alzd.de\/wp-content\/2022\/04\/eduardo-dorantes-UhE2lwGn-DQ-unsplash-540x720.jpg 540w, https:\/\/www.alzd.de\/wp-content\/2022\/04\/eduardo-dorantes-UhE2lwGn-DQ-unsplash-270x360.jpg 270w, https:\/\/www.alzd.de\/wp-content\/2022\/04\/eduardo-dorantes-UhE2lwGn-DQ-unsplash-768x1024.jpg 768w, https:\/\/www.alzd.de\/wp-content\/2022\/04\/eduardo-dorantes-UhE2lwGn-DQ-unsplash-1152x1536.jpg 1152w, https:\/\/www.alzd.de\/wp-content\/2022\/04\/eduardo-dorantes-UhE2lwGn-DQ-unsplash-1536x2048.jpg 1536w, https:\/\/www.alzd.de\/wp-content\/2022\/04\/eduardo-dorantes-UhE2lwGn-DQ-unsplash-263x350.jpg 263w, https:\/\/www.alzd.de\/wp-content\/2022\/04\/eduardo-dorantes-UhE2lwGn-DQ-unsplash-scaled.jpg 1920w\" sizes=\"(max-width: 810px) 100vw, 810px\" \/><figcaption>Photo by <a href=\"https:\/\/unsplash.com\/@lalo2k?utm_source=unsplash&amp;utm_medium=referral&amp;utm_content=creditCopyText\">Eduardo Dorantes<\/a> on <a href=\"https:\/\/unsplash.com\/s\/photos\/dia-de-los-muertos?utm_source=unsplash&amp;utm_medium=referral&amp;utm_content=creditCopyText\">Unsplash<\/a><\/figcaption><\/figure><\/div>\n\n\n\n<h2 class=\"wp-block-heading\">De Los Santos &#8211; From the Saints<\/h2>\n\n\n\n<p>The perfumer of De Los Santos I can not yet call you secured. Until now, J\u00e9r\u00f4me Epinette was mostly creatively working for Byredo, but that may have changed in the meantime. You never know! An inquiry is put in, so I hope to know more on that soon. But I have the fragrance notes available, namely <strong>clary sage, mirabelle, palo santo, labdanum (cistus), iris, ambroxan<\/strong> and <strong>musk<\/strong>.<\/p>\n\n\n\n<h3 class=\"wp-block-heading\">Dance around the sage<\/h3>\n\n\n\n<p>De Los Santos begins with a surprisingly green-tart and herbaceous-woodsy sage note, with an inherent aromatic spiciness and a delicate sweetness. Palo Santo brings light-woody smoky accents to the creation, which is underpinned by soft-lovely mirabelle plum fruitiness. At the center of the fragrance, however, is still that cool, refreshing green of the clary sage, which eventually calms down very gradually. <\/p>\n\n\n\n<p>The creamy nuances of the finest iris and cotton-soft ambroxan buffer the spicy-aromatic herbal facets and provide lightness and transparency. In the finish, De Los Santos reminds me of the tart water notes of green tea, before the eau de parfum fades very slowly.<\/p>\n\n\n\n<div class=\"wp-block-image\"><figure class=\"aligncenter size-large\"><img decoding=\"async\" width=\"864\" height=\"1080\" src=\"https:\/\/www.alzd.de\/wp-content\/2022\/04\/DLS_4x5_CLEAN_9-864x1080.jpg\" alt=\"Byredo - De Los Santos\" class=\"wp-image-96699\" title=\"Byredo - De Los Santos\" srcset=\"https:\/\/www.alzd.de\/wp-content\/2022\/04\/DLS_4x5_CLEAN_9-864x1080.jpg 864w, https:\/\/www.alzd.de\/wp-content\/2022\/04\/DLS_4x5_CLEAN_9-576x720.jpg 576w, https:\/\/www.alzd.de\/wp-content\/2022\/04\/DLS_4x5_CLEAN_9-288x360.jpg 288w, https:\/\/www.alzd.de\/wp-content\/2022\/04\/DLS_4x5_CLEAN_9-768x960.jpg 768w, https:\/\/www.alzd.de\/wp-content\/2022\/04\/DLS_4x5_CLEAN_9-280x350.jpg 280w, https:\/\/www.alzd.de\/wp-content\/2022\/04\/DLS_4x5_CLEAN_9.jpg 1080w\" sizes=\"(max-width: 864px) 100vw, 864px\" \/><\/figure><\/div>\n\n\n\n<p>If you like sage, you might love De Los Santos from the house of Byredo. An exciting opening of cool, fresh and green herbs, gradually joined by woody-smoky and creamy-musky facets. A summery, calm fragrance, devoid of major sweetness and lush floral bouquet, relying entirely on the relaxed, almost Asian-like serenity of green notes. With success! An unusual unisex creation, but still absolutely suitable for everyday life and office. An allrounder that suits any occasion and any age. \ud83d\ude42<\/p>\n\n\n\n<div class=\"wp-block-buttons is-content-justification-center is-layout-flex wp-container-core-buttons-is-layout-16018d1d wp-block-buttons-is-layout-flex\">\n<div class=\"wp-block-button has-custom-width wp-block-button__width-50\"><a class=\"wp-block-button__link has-white-color has-text-color has-background\" href=\"https:\/\/www.ausliebezumduft.de\/byredo-de-los-santos.html\" style=\"background-color:#7300fd\" target=\"_blank\" rel=\"noreferrer noopener\"><strong>De Los Santos<\/strong><\/a><\/div>\n<\/div>\n","protected":false},"excerpt":{"rendered":"<p>Just a few weeks ago De Los Santos by Byredo arrived at Aus Liebe zum Duft and since then I&#8217;m already champing at the bit in anticipation of&#8230;<\/p>\n<div class=\"more-link-wrapper\"><a class=\"more-link\" href=\"https:\/\/www.alzd.de\/en\/2022\/04\/21\/de-los-santos-by-byredo-fragrance-of-memory\/\">WEITERLESEN<span class=\"screen-reader-text\">De Los Santos by Byredo &#8211; fragrance of memory<\/span><\/a><\/div>\n","protected":false},"author":535,"featured_media":96706,"comment_status":"open","ping_status":"closed","sticky":false,"template":"","format":"standard","meta":{"footnotes":""},"categories":[1117,1157,1159,1114],"tags":[1299,1629],"class_list":["post-96717","post","type-post","status-publish","format-standard","has-post-thumbnail","hentry","category-fragrances","category-green","category-herbal","category-woody","tag-byredo-en","tag-sage","excerpt","zoom","full-without-featured","even","excerpt-0"],"yoast_head":"<!-- This site is optimized with the Yoast SEO plugin v27.5 - https:\/\/yoast.com\/product\/yoast-seo-wordpress\/ -->\n<title>De Los Santos by Byredo - Fragrance of memory - Duft-Tagebuch<\/title>\n<meta name=\"description\" content=\"Just a few weeks ago De Los Santos arrived at Aus Liebe zum Duft and since then I&#039;m already champing at the bit ...\" \/>\n<meta name=\"robots\" content=\"index, follow, max-snippet:-1, max-image-preview:large, max-video-preview:-1\" \/>\n<link rel=\"canonical\" href=\"https:\/\/www.alzd.de\/en\/2022\/04\/21\/de-los-santos-by-byredo-fragrance-of-memory\/\" \/>\n<meta property=\"og:locale\" content=\"en_US\" \/>\n<meta property=\"og:type\" content=\"article\" \/>\n<meta property=\"og:title\" content=\"De Los Santos by Byredo - Fragrance of memory - Duft-Tagebuch\" \/>\n<meta property=\"og:url\" content=\"https:\/\/www.alzd.de\/en\/2022\/04\/21\/de-los-santos-by-byredo-fragrance-of-memory\/\" \/>\n<meta property=\"og:site_name\" content=\"Das Duft-Tagebuch\" \/>\n<meta property=\"article:publisher\" content=\"https:\/\/www.facebook.com\/dufttagebuch\/\" \/>\n<meta property=\"article:author\" content=\"https:\/\/www.facebook.com\/stephanie.tkaczik\" \/>\n<meta property=\"article:published_time\" content=\"2022-04-21T05:30:00+00:00\" \/>\n<meta property=\"article:modified_time\" content=\"2022-04-21T06:49:23+00:00\" \/>\n<meta property=\"og:image\" content=\"https:\/\/www.alzd.de\/wp-content\/2022\/04\/bb_DLS_2x1_CLEAN_9.jpg\" \/>\n\t<meta property=\"og:image:width\" content=\"720\" \/>\n\t<meta property=\"og:image:height\" content=\"400\" \/>\n\t<meta property=\"og:image:type\" content=\"image\/jpeg\" \/>\n<meta name=\"author\" content=\"Julia Bir\u00f3\" \/>\n<meta name=\"twitter:card\" content=\"summary_large_image\" \/>\n<meta name=\"twitter:creator\" content=\"@ausliebezumduft\" \/>\n<meta name=\"twitter:site\" content=\"@ausliebezumduft\" \/>\n<script type=\"application\/ld+json\" class=\"yoast-schema-graph\">{\"@context\":\"https:\\\/\\\/schema.org\",\"@graph\":[{\"@type\":\"Article\",\"@id\":\"https:\\\/\\\/www.alzd.de\\\/en\\\/2022\\\/04\\\/21\\\/de-los-santos-by-byredo-fragrance-of-memory\\\/#article\",\"isPartOf\":{\"@id\":\"https:\\\/\\\/www.alzd.de\\\/en\\\/2022\\\/04\\\/21\\\/de-los-santos-by-byredo-fragrance-of-memory\\\/\"},\"author\":{\"name\":\"Julia Bir\u00f3\",\"@id\":\"https:\\\/\\\/www.alzd.de\\\/en\\\/#\\\/schema\\\/person\\\/8efcd8f02447fdbe8f29ad465897d04e\"},\"headline\":\"De Los Santos by Byredo &#8211; fragrance of memory\",\"datePublished\":\"2022-04-21T05:30:00+00:00\",\"dateModified\":\"2022-04-21T06:49:23+00:00\",\"mainEntityOfPage\":{\"@id\":\"https:\\\/\\\/www.alzd.de\\\/en\\\/2022\\\/04\\\/21\\\/de-los-santos-by-byredo-fragrance-of-memory\\\/\"},\"wordCount\":755,\"commentCount\":0,\"publisher\":{\"@id\":\"https:\\\/\\\/www.alzd.de\\\/en\\\/#organization\"},\"image\":{\"@id\":\"https:\\\/\\\/www.alzd.de\\\/en\\\/2022\\\/04\\\/21\\\/de-los-santos-by-byredo-fragrance-of-memory\\\/#primaryimage\"},\"thumbnailUrl\":\"https:\\\/\\\/www.alzd.de\\\/wp-content\\\/2022\\\/04\\\/bb_DLS_2x1_CLEAN_9.jpg\",\"keywords\":[\"Byredo\",\"Sage\"],\"articleSection\":[\"Fragrances\",\"Green\",\"Herbal\",\"Woody\"],\"inLanguage\":\"en-US\",\"potentialAction\":[{\"@type\":\"CommentAction\",\"name\":\"Comment\",\"target\":[\"https:\\\/\\\/www.alzd.de\\\/en\\\/2022\\\/04\\\/21\\\/de-los-santos-by-byredo-fragrance-of-memory\\\/#respond\"]}]},{\"@type\":\"WebPage\",\"@id\":\"https:\\\/\\\/www.alzd.de\\\/en\\\/2022\\\/04\\\/21\\\/de-los-santos-by-byredo-fragrance-of-memory\\\/\",\"url\":\"https:\\\/\\\/www.alzd.de\\\/en\\\/2022\\\/04\\\/21\\\/de-los-santos-by-byredo-fragrance-of-memory\\\/\",\"name\":\"De Los Santos by Byredo - Fragrance of memory - Duft-Tagebuch\",\"isPartOf\":{\"@id\":\"https:\\\/\\\/www.alzd.de\\\/en\\\/#website\"},\"primaryImageOfPage\":{\"@id\":\"https:\\\/\\\/www.alzd.de\\\/en\\\/2022\\\/04\\\/21\\\/de-los-santos-by-byredo-fragrance-of-memory\\\/#primaryimage\"},\"image\":{\"@id\":\"https:\\\/\\\/www.alzd.de\\\/en\\\/2022\\\/04\\\/21\\\/de-los-santos-by-byredo-fragrance-of-memory\\\/#primaryimage\"},\"thumbnailUrl\":\"https:\\\/\\\/www.alzd.de\\\/wp-content\\\/2022\\\/04\\\/bb_DLS_2x1_CLEAN_9.jpg\",\"datePublished\":\"2022-04-21T05:30:00+00:00\",\"dateModified\":\"2022-04-21T06:49:23+00:00\",\"description\":\"Just a few weeks ago De Los Santos arrived at Aus Liebe zum Duft and since then I'm already champing at the bit ...\",\"breadcrumb\":{\"@id\":\"https:\\\/\\\/www.alzd.de\\\/en\\\/2022\\\/04\\\/21\\\/de-los-santos-by-byredo-fragrance-of-memory\\\/#breadcrumb\"},\"inLanguage\":\"en-US\",\"potentialAction\":[{\"@type\":\"ReadAction\",\"target\":[\"https:\\\/\\\/www.alzd.de\\\/en\\\/2022\\\/04\\\/21\\\/de-los-santos-by-byredo-fragrance-of-memory\\\/\"]}]},{\"@type\":\"ImageObject\",\"inLanguage\":\"en-US\",\"@id\":\"https:\\\/\\\/www.alzd.de\\\/en\\\/2022\\\/04\\\/21\\\/de-los-santos-by-byredo-fragrance-of-memory\\\/#primaryimage\",\"url\":\"https:\\\/\\\/www.alzd.de\\\/wp-content\\\/2022\\\/04\\\/bb_DLS_2x1_CLEAN_9.jpg\",\"contentUrl\":\"https:\\\/\\\/www.alzd.de\\\/wp-content\\\/2022\\\/04\\\/bb_DLS_2x1_CLEAN_9.jpg\",\"width\":720,\"height\":400},{\"@type\":\"BreadcrumbList\",\"@id\":\"https:\\\/\\\/www.alzd.de\\\/en\\\/2022\\\/04\\\/21\\\/de-los-santos-by-byredo-fragrance-of-memory\\\/#breadcrumb\",\"itemListElement\":[{\"@type\":\"ListItem\",\"position\":1,\"name\":\"Startseite\",\"item\":\"https:\\\/\\\/www.alzd.de\\\/en\\\/\"},{\"@type\":\"ListItem\",\"position\":2,\"name\":\"De Los Santos by Byredo &#8211; fragrance of memory\"}]},{\"@type\":\"WebSite\",\"@id\":\"https:\\\/\\\/www.alzd.de\\\/en\\\/#website\",\"url\":\"https:\\\/\\\/www.alzd.de\\\/en\\\/\",\"name\":\"Das Duft-Tagebuch\",\"description\":\"Das Parfumblog von Aus Liebe zum Duft\",\"publisher\":{\"@id\":\"https:\\\/\\\/www.alzd.de\\\/en\\\/#organization\"},\"potentialAction\":[{\"@type\":\"SearchAction\",\"target\":{\"@type\":\"EntryPoint\",\"urlTemplate\":\"https:\\\/\\\/www.alzd.de\\\/en\\\/?s={search_term_string}\"},\"query-input\":{\"@type\":\"PropertyValueSpecification\",\"valueRequired\":true,\"valueName\":\"search_term_string\"}}],\"inLanguage\":\"en-US\"},{\"@type\":\"Organization\",\"@id\":\"https:\\\/\\\/www.alzd.de\\\/en\\\/#organization\",\"name\":\"Das Duft-Tagebuch\",\"url\":\"https:\\\/\\\/www.alzd.de\\\/en\\\/\",\"logo\":{\"@type\":\"ImageObject\",\"inLanguage\":\"en-US\",\"@id\":\"https:\\\/\\\/www.alzd.de\\\/en\\\/#\\\/schema\\\/logo\\\/image\\\/\",\"url\":\"https:\\\/\\\/www.alzd.de\\\/wp-content\\\/2023\\\/08\\\/alzd_dufttagebuch.png\",\"contentUrl\":\"https:\\\/\\\/www.alzd.de\\\/wp-content\\\/2023\\\/08\\\/alzd_dufttagebuch.png\",\"width\":1804,\"height\":416,\"caption\":\"Das Duft-Tagebuch\"},\"image\":{\"@id\":\"https:\\\/\\\/www.alzd.de\\\/en\\\/#\\\/schema\\\/logo\\\/image\\\/\"},\"sameAs\":[\"https:\\\/\\\/www.facebook.com\\\/dufttagebuch\\\/\",\"https:\\\/\\\/x.com\\\/ausliebezumduft\",\"https:\\\/\\\/www.instagram.com\\\/ausliebezumduft.de\\\/\",\"https:\\\/\\\/www.youtube.com\\\/c\\\/ausliebezumduft\"]},{\"@type\":\"Person\",\"@id\":\"https:\\\/\\\/www.alzd.de\\\/en\\\/#\\\/schema\\\/person\\\/8efcd8f02447fdbe8f29ad465897d04e\",\"name\":\"Julia Bir\u00f3\",\"image\":{\"@type\":\"ImageObject\",\"inLanguage\":\"en-US\",\"@id\":\"https:\\\/\\\/www.alzd.de\\\/wp-content\\\/2018\\\/02\\\/cropped-cropped-mitarbeiterbilder_steffi--96x96.jpg\",\"url\":\"https:\\\/\\\/www.alzd.de\\\/wp-content\\\/2018\\\/02\\\/cropped-cropped-mitarbeiterbilder_steffi--96x96.jpg\",\"contentUrl\":\"https:\\\/\\\/www.alzd.de\\\/wp-content\\\/2018\\\/02\\\/cropped-cropped-mitarbeiterbilder_steffi--96x96.jpg\",\"caption\":\"Julia Bir\u00f3\"},\"description\":\"Bereits 2010 gingen so einige Blogbeitr\u00e4ge auf mein Konto. Dann war ich \u201ekurz\u201c weg \u2013 sechs Jahre. Umso mehr freut es mich, dass ich nun wieder die Chance bekomme, mein N\u00e4schen im Dienste der Duftrezension schnuppern zu lassen und eifrig in die Tasten zu hauen. Was Nischend\u00fcfte angeht, habe ich damals \u00fcbrigens schnell Feuer gefangen. Meine Ausbildung tat dazu ihr \u00dcbriges: Als diplomierte Biologin kenne ich mich nicht nur mit Fauna und Flora, sondern auch recht gut mit der Herstellung von \u00d6len und Extrakten aus, was den Reiz der Parfumwelt nat\u00fcrlich noch gr\u00f6\u00dfer macht.\",\"sameAs\":[\"https:\\\/\\\/biro.is\\\/\",\"https:\\\/\\\/www.facebook.com\\\/stephanie.tkaczik\"],\"url\":\"https:\\\/\\\/www.alzd.de\\\/en\\\/author\\\/stephanie\\\/\"}]}<\/script>\n<!-- \/ Yoast SEO plugin. -->","yoast_head_json":{"title":"De Los Santos by Byredo - Fragrance of memory - Duft-Tagebuch","description":"Just a few weeks ago De Los Santos arrived at Aus Liebe zum Duft and since then I'm already champing at the bit ...","robots":{"index":"index","follow":"follow","max-snippet":"max-snippet:-1","max-image-preview":"max-image-preview:large","max-video-preview":"max-video-preview:-1"},"canonical":"https:\/\/www.alzd.de\/en\/2022\/04\/21\/de-los-santos-by-byredo-fragrance-of-memory\/","og_locale":"en_US","og_type":"article","og_title":"De Los Santos by Byredo - Fragrance of memory - Duft-Tagebuch","og_url":"https:\/\/www.alzd.de\/en\/2022\/04\/21\/de-los-santos-by-byredo-fragrance-of-memory\/","og_site_name":"Das Duft-Tagebuch","article_publisher":"https:\/\/www.facebook.com\/dufttagebuch\/","article_author":"https:\/\/www.facebook.com\/stephanie.tkaczik","article_published_time":"2022-04-21T05:30:00+00:00","article_modified_time":"2022-04-21T06:49:23+00:00","og_image":[{"width":720,"height":400,"url":"https:\/\/www.alzd.de\/wp-content\/2022\/04\/bb_DLS_2x1_CLEAN_9.jpg","type":"image\/jpeg"}],"author":"Julia Bir\u00f3","twitter_card":"summary_large_image","twitter_creator":"@ausliebezumduft","twitter_site":"@ausliebezumduft","schema":{"@context":"https:\/\/schema.org","@graph":[{"@type":"Article","@id":"https:\/\/www.alzd.de\/en\/2022\/04\/21\/de-los-santos-by-byredo-fragrance-of-memory\/#article","isPartOf":{"@id":"https:\/\/www.alzd.de\/en\/2022\/04\/21\/de-los-santos-by-byredo-fragrance-of-memory\/"},"author":{"name":"Julia Bir\u00f3","@id":"https:\/\/www.alzd.de\/en\/#\/schema\/person\/8efcd8f02447fdbe8f29ad465897d04e"},"headline":"De Los Santos by Byredo &#8211; fragrance of memory","datePublished":"2022-04-21T05:30:00+00:00","dateModified":"2022-04-21T06:49:23+00:00","mainEntityOfPage":{"@id":"https:\/\/www.alzd.de\/en\/2022\/04\/21\/de-los-santos-by-byredo-fragrance-of-memory\/"},"wordCount":755,"commentCount":0,"publisher":{"@id":"https:\/\/www.alzd.de\/en\/#organization"},"image":{"@id":"https:\/\/www.alzd.de\/en\/2022\/04\/21\/de-los-santos-by-byredo-fragrance-of-memory\/#primaryimage"},"thumbnailUrl":"https:\/\/www.alzd.de\/wp-content\/2022\/04\/bb_DLS_2x1_CLEAN_9.jpg","keywords":["Byredo","Sage"],"articleSection":["Fragrances","Green","Herbal","Woody"],"inLanguage":"en-US","potentialAction":[{"@type":"CommentAction","name":"Comment","target":["https:\/\/www.alzd.de\/en\/2022\/04\/21\/de-los-santos-by-byredo-fragrance-of-memory\/#respond"]}]},{"@type":"WebPage","@id":"https:\/\/www.alzd.de\/en\/2022\/04\/21\/de-los-santos-by-byredo-fragrance-of-memory\/","url":"https:\/\/www.alzd.de\/en\/2022\/04\/21\/de-los-santos-by-byredo-fragrance-of-memory\/","name":"De Los Santos by Byredo - Fragrance of memory - Duft-Tagebuch","isPartOf":{"@id":"https:\/\/www.alzd.de\/en\/#website"},"primaryImageOfPage":{"@id":"https:\/\/www.alzd.de\/en\/2022\/04\/21\/de-los-santos-by-byredo-fragrance-of-memory\/#primaryimage"},"image":{"@id":"https:\/\/www.alzd.de\/en\/2022\/04\/21\/de-los-santos-by-byredo-fragrance-of-memory\/#primaryimage"},"thumbnailUrl":"https:\/\/www.alzd.de\/wp-content\/2022\/04\/bb_DLS_2x1_CLEAN_9.jpg","datePublished":"2022-04-21T05:30:00+00:00","dateModified":"2022-04-21T06:49:23+00:00","description":"Just a few weeks ago De Los Santos arrived at Aus Liebe zum Duft and since then I'm already champing at the bit ...","breadcrumb":{"@id":"https:\/\/www.alzd.de\/en\/2022\/04\/21\/de-los-santos-by-byredo-fragrance-of-memory\/#breadcrumb"},"inLanguage":"en-US","potentialAction":[{"@type":"ReadAction","target":["https:\/\/www.alzd.de\/en\/2022\/04\/21\/de-los-santos-by-byredo-fragrance-of-memory\/"]}]},{"@type":"ImageObject","inLanguage":"en-US","@id":"https:\/\/www.alzd.de\/en\/2022\/04\/21\/de-los-santos-by-byredo-fragrance-of-memory\/#primaryimage","url":"https:\/\/www.alzd.de\/wp-content\/2022\/04\/bb_DLS_2x1_CLEAN_9.jpg","contentUrl":"https:\/\/www.alzd.de\/wp-content\/2022\/04\/bb_DLS_2x1_CLEAN_9.jpg","width":720,"height":400},{"@type":"BreadcrumbList","@id":"https:\/\/www.alzd.de\/en\/2022\/04\/21\/de-los-santos-by-byredo-fragrance-of-memory\/#breadcrumb","itemListElement":[{"@type":"ListItem","position":1,"name":"Startseite","item":"https:\/\/www.alzd.de\/en\/"},{"@type":"ListItem","position":2,"name":"De Los Santos by Byredo &#8211; fragrance of memory"}]},{"@type":"WebSite","@id":"https:\/\/www.alzd.de\/en\/#website","url":"https:\/\/www.alzd.de\/en\/","name":"Das Duft-Tagebuch","description":"Das Parfumblog von Aus Liebe zum Duft","publisher":{"@id":"https:\/\/www.alzd.de\/en\/#organization"},"potentialAction":[{"@type":"SearchAction","target":{"@type":"EntryPoint","urlTemplate":"https:\/\/www.alzd.de\/en\/?s={search_term_string}"},"query-input":{"@type":"PropertyValueSpecification","valueRequired":true,"valueName":"search_term_string"}}],"inLanguage":"en-US"},{"@type":"Organization","@id":"https:\/\/www.alzd.de\/en\/#organization","name":"Das Duft-Tagebuch","url":"https:\/\/www.alzd.de\/en\/","logo":{"@type":"ImageObject","inLanguage":"en-US","@id":"https:\/\/www.alzd.de\/en\/#\/schema\/logo\/image\/","url":"https:\/\/www.alzd.de\/wp-content\/2023\/08\/alzd_dufttagebuch.png","contentUrl":"https:\/\/www.alzd.de\/wp-content\/2023\/08\/alzd_dufttagebuch.png","width":1804,"height":416,"caption":"Das Duft-Tagebuch"},"image":{"@id":"https:\/\/www.alzd.de\/en\/#\/schema\/logo\/image\/"},"sameAs":["https:\/\/www.facebook.com\/dufttagebuch\/","https:\/\/x.com\/ausliebezumduft","https:\/\/www.instagram.com\/ausliebezumduft.de\/","https:\/\/www.youtube.com\/c\/ausliebezumduft"]},{"@type":"Person","@id":"https:\/\/www.alzd.de\/en\/#\/schema\/person\/8efcd8f02447fdbe8f29ad465897d04e","name":"Julia Bir\u00f3","image":{"@type":"ImageObject","inLanguage":"en-US","@id":"https:\/\/www.alzd.de\/wp-content\/2018\/02\/cropped-cropped-mitarbeiterbilder_steffi--96x96.jpg","url":"https:\/\/www.alzd.de\/wp-content\/2018\/02\/cropped-cropped-mitarbeiterbilder_steffi--96x96.jpg","contentUrl":"https:\/\/www.alzd.de\/wp-content\/2018\/02\/cropped-cropped-mitarbeiterbilder_steffi--96x96.jpg","caption":"Julia Bir\u00f3"},"description":"Bereits 2010 gingen so einige Blogbeitr\u00e4ge auf mein Konto. Dann war ich \u201ekurz\u201c weg \u2013 sechs Jahre. Umso mehr freut es mich, dass ich nun wieder die Chance bekomme, mein N\u00e4schen im Dienste der Duftrezension schnuppern zu lassen und eifrig in die Tasten zu hauen. Was Nischend\u00fcfte angeht, habe ich damals \u00fcbrigens schnell Feuer gefangen. Meine Ausbildung tat dazu ihr \u00dcbriges: Als diplomierte Biologin kenne ich mich nicht nur mit Fauna und Flora, sondern auch recht gut mit der Herstellung von \u00d6len und Extrakten aus, was den Reiz der Parfumwelt nat\u00fcrlich noch gr\u00f6\u00dfer macht.","sameAs":["https:\/\/biro.is\/","https:\/\/www.facebook.com\/stephanie.tkaczik"],"url":"https:\/\/www.alzd.de\/en\/author\/stephanie\/"}]}},"wp-worthy-pixel":{"ignored":false,"public":null,"server":null,"url":null},"wp-worthy-type":"normal","_links":{"self":[{"href":"https:\/\/www.alzd.de\/en\/wp-json\/wp\/v2\/posts\/96717","targetHints":{"allow":["GET"]}}],"collection":[{"href":"https:\/\/www.alzd.de\/en\/wp-json\/wp\/v2\/posts"}],"about":[{"href":"https:\/\/www.alzd.de\/en\/wp-json\/wp\/v2\/types\/post"}],"author":[{"embeddable":true,"href":"https:\/\/www.alzd.de\/en\/wp-json\/wp\/v2\/users\/535"}],"replies":[{"embeddable":true,"href":"https:\/\/www.alzd.de\/en\/wp-json\/wp\/v2\/comments?post=96717"}],"version-history":[{"count":4,"href":"https:\/\/www.alzd.de\/en\/wp-json\/wp\/v2\/posts\/96717\/revisions"}],"predecessor-version":[{"id":96721,"href":"https:\/\/www.alzd.de\/en\/wp-json\/wp\/v2\/posts\/96717\/revisions\/96721"}],"wp:featuredmedia":[{"embeddable":true,"href":"https:\/\/www.alzd.de\/en\/wp-json\/wp\/v2\/media\/96706"}],"wp:attachment":[{"href":"https:\/\/www.alzd.de\/en\/wp-json\/wp\/v2\/media?parent=96717"}],"wp:term":[{"taxonomy":"category","embeddable":true,"href":"https:\/\/www.alzd.de\/en\/wp-json\/wp\/v2\/categories?post=96717"},{"taxonomy":"post_tag","embeddable":true,"href":"https:\/\/www.alzd.de\/en\/wp-json\/wp\/v2\/tags?post=96717"}],"curies":[{"name":"wp","href":"https:\/\/api.w.org\/{rel}","templated":true}]}}