{"id":96194,"date":"2022-03-31T07:30:00","date_gmt":"2022-03-31T05:30:00","guid":{"rendered":"https:\/\/www.alzd.de\/?p=96194"},"modified":"2022-03-30T11:40:27","modified_gmt":"2022-03-30T09:40:27","slug":"ambre-dor-and-ambre-nocturne-by-il-profumo-one-raw-material-two-fragrances","status":"publish","type":"post","link":"https:\/\/www.alzd.de\/en\/2022\/03\/31\/ambre-dor-and-ambre-nocturne-by-il-profumo-one-raw-material-two-fragrances\/","title":{"rendered":"Ambre d&#8217;Or and Ambre Nocturne by Il Profumo &#8211; one raw material, two fragrances"},"content":{"rendered":"\n<p>With <a href=\"https:\/\/www.ausliebezumduft.de\/il-profumo-ambre-d-or.html\" target=\"_blank\" rel=\"noreferrer noopener\">Ambre d&#8217;Or<\/a> and <a href=\"https:\/\/www.ausliebezumduft.de\/il-profumo-ambre-nocturne.html\" target=\"_blank\" rel=\"noreferrer noopener\">Ambre Nocturne<\/a> by the Italian niche fragrance brand <a href=\"https:\/\/www.ausliebezumduft.de\/duefte\/il-profumo.html?product_list_limit=48\" target=\"_blank\" rel=\"noreferrer noopener\">Il Profumo<\/a>, we have two amber fragrances on the olfactory tasting schedule today. Even though I would tend to put ambergris, because of its warmth and balsamic facets, rather in autumn and winter, the two fragrance candidates make a good match for me today. Up here on the Baltic coast, it&#8217;s gray, cloudy and drizzling lightly from the sky. Weather that calls for soul food, for an afternoon of reading on the sofa, snuggled up in a warm blanket. The fire is crackling in the stove and a steaming hot cup of tea is also ready.<\/p>\n\n<div class=\"wp-block-image\"><figure class=\"aligncenter size-large\"><img decoding=\"async\" width=\"1080\" height=\"720\" src=\"https:\/\/www.alzd.de\/wp-content\/2022\/03\/rafael-leao-aAbc_C7PH4Y-unsplash-1080x720.jpg\" alt=\"Cup in front of fireplace\" class=\"wp-image-96180\" title=\"Cup in front of fireplace\" srcset=\"https:\/\/www.alzd.de\/wp-content\/2022\/03\/rafael-leao-aAbc_C7PH4Y-unsplash-1080x720.jpg 1080w, https:\/\/www.alzd.de\/wp-content\/2022\/03\/rafael-leao-aAbc_C7PH4Y-unsplash-720x480.jpg 720w, https:\/\/www.alzd.de\/wp-content\/2022\/03\/rafael-leao-aAbc_C7PH4Y-unsplash-360x240.jpg 360w, https:\/\/www.alzd.de\/wp-content\/2022\/03\/rafael-leao-aAbc_C7PH4Y-unsplash-768x512.jpg 768w, https:\/\/www.alzd.de\/wp-content\/2022\/03\/rafael-leao-aAbc_C7PH4Y-unsplash-1536x1024.jpg 1536w, https:\/\/www.alzd.de\/wp-content\/2022\/03\/rafael-leao-aAbc_C7PH4Y-unsplash-2048x1365.jpg 2048w, https:\/\/www.alzd.de\/wp-content\/2022\/03\/rafael-leao-aAbc_C7PH4Y-unsplash-525x350.jpg 525w\" sizes=\"(max-width: 1080px) 100vw, 1080px\" \/><figcaption>Photo by <a href=\"https:\/\/unsplash.com\/@raflfc?utm_source=unsplash&amp;utm_medium=referral&amp;utm_content=creditCopyText\">Rafael Le\u00e3o<\/a> on <a href=\"https:\/\/unsplash.com\/s\/photos\/fireplace?utm_source=unsplash&amp;utm_medium=referral&amp;utm_content=creditCopyText\">Unsplash<\/a><\/figcaption><\/figure><\/div>\n\n<p>Since the above scenario will not take place today with almost one hundred percent certainty &#8211; apart from the fireplace &#8211; I wrap myself in the warming and hopefully cozy scent of two ambergris creations and thus comfort myself over the autumnal weather in the spring.<\/p>\n\n<h2 class=\"wp-block-heading\">Ambre d&#8217;Or &#8211; Il Profumo Reloaded<\/h2>\n\n<p>In fact, the eau de parfum Ambre d&#8217;Or dates back to 2004. At the time, already beloved by numerous niche fragrance aficionados, the creation was at some point no longer issued. But Silvana Casoli, the founder and perfumer of Il Profumo, has listened to her fans and reissued Ambre d&#8217;Or almost two decades after its launch. One question in advance: Do you already know the fragrance from before?<\/p>\n\n<p>The composition carries the notes of <strong>mandarin, peach, ambergris, ambrette seed, datura (datura), iris, opium, myrrh, rosewood<\/strong> and <strong>honey<\/strong> and can be considered a tribute to the precious raw material amber. The fragrance represents the color gold, oriental delights and carries the beauty of distant lands, mysterious palaces and a unique opulence.<\/p>\n\n<div class=\"wp-block-image\"><figure class=\"aligncenter size-large\"><img decoding=\"async\" width=\"1080\" height=\"1080\" src=\"https:\/\/www.alzd.de\/wp-content\/2022\/03\/273497154_5002624519757960_8732002870726626057_n-1080x1080.jpg\" alt=\"Il Profumo - Ambre d'Or\" class=\"wp-image-96163\" title=\"Il Profumo - Ambre d'Or\" srcset=\"https:\/\/www.alzd.de\/wp-content\/2022\/03\/273497154_5002624519757960_8732002870726626057_n-1080x1080.jpg 1080w, https:\/\/www.alzd.de\/wp-content\/2022\/03\/273497154_5002624519757960_8732002870726626057_n-720x720.jpg 720w, https:\/\/www.alzd.de\/wp-content\/2022\/03\/273497154_5002624519757960_8732002870726626057_n-360x360.jpg 360w, https:\/\/www.alzd.de\/wp-content\/2022\/03\/273497154_5002624519757960_8732002870726626057_n-768x768.jpg 768w, https:\/\/www.alzd.de\/wp-content\/2022\/03\/273497154_5002624519757960_8732002870726626057_n-1536x1536.jpg 1536w, https:\/\/www.alzd.de\/wp-content\/2022\/03\/273497154_5002624519757960_8732002870726626057_n-350x350.jpg 350w, https:\/\/www.alzd.de\/wp-content\/2022\/03\/273497154_5002624519757960_8732002870726626057_n.jpg 1906w\" sizes=\"(max-width: 1080px) 100vw, 1080px\" \/><\/figure><\/div>\n\n<figure class=\"wp-block-pullquote has-small-font-size\"><blockquote><p>An olfactory portrait of the divine ingredient, dazzling, radiant and unique.<\/p><\/blockquote><\/figure>\n\n<h3 class=\"wp-block-heading\">Golden ambergris &#8211; Ambre d&#8217;Or<\/h3>\n\n<p>Warm and velvety, Ambre d&#8217;Or starts the fragrance. A delicate peach sweetness pervades the opening, underpinned by the fine tart fruitiness of tangerine. The soft-leathery nuances of amber reveal themselves very early on, merging with the fruit. Ambergris seeds and iris give the eau de parfum a subtle powderiness, inspired by the dark resinousness of opium. <\/p>\n\n<p>A delicate and subtle smokiness and warm, animalic wood notes underpin the ambergris in Ambre d&#8217;Or, adding durability and depth. Gradually, the creation becomes more skin deep, but retains its calm and serenity. With soft powdery and amber nuances, Il Profumo&#8217;s Eau de Parfum finally fades out very gradually.<\/p>\n\n<div class=\"wp-block-image\"><figure class=\"aligncenter size-full\"><img decoding=\"async\" width=\"600\" height=\"600\" src=\"https:\/\/www.alzd.de\/wp-content\/2022\/03\/ambre-d_or.jpg\" alt=\"Il Profumo - Ambre d'Or\" class=\"wp-image-96166\" title=\"Il Profumo - Ambre d'Or\" srcset=\"https:\/\/www.alzd.de\/wp-content\/2022\/03\/ambre-d_or.jpg 600w, https:\/\/www.alzd.de\/wp-content\/2022\/03\/ambre-d_or-360x360.jpg 360w, https:\/\/www.alzd.de\/wp-content\/2022\/03\/ambre-d_or-350x350.jpg 350w\" sizes=\"(max-width: 600px) 100vw, 600px\" \/><\/figure><\/div>\n\n<p>Ambre d&#8217;Or is a very special and beautiful amber fragrance. Elegant, refined, finely balanced and yet &#8211; despite the opulence of the raw materials &#8211; always perfectly performing. Not a loud and lush scent, as one might have thought, but a sedate and stylish eau de parfum that reveals warm, spicy, oriental and leathery-powdery facets while being enveloping and comforting like a warming, cozy blanket. A creation of Il Profumo, which I really like and around which it would really have been more than a pity if it had not been reissued again. Not only for friends of amber an absolute test recommendation on my part! \ud83d\ude42<\/p>\n\n<div class=\"wp-block-buttons is-content-justification-center is-layout-flex wp-container-core-buttons-is-layout-16018d1d wp-block-buttons-is-layout-flex\">\n<div class=\"wp-block-button has-custom-width wp-block-button__width-50\"><a class=\"wp-block-button__link has-white-color has-text-color has-background\" href=\"https:\/\/www.ausliebezumduft.de\/il-profumo-ambre-d-or.html\" style=\"background-color:#e69c2d\" target=\"_blank\" rel=\"noreferrer noopener\"><strong>Ambre d&#8217;Or<\/strong><\/a><\/div>\n<\/div>\n\n<div style=\"height:100px\" aria-hidden=\"true\" class=\"wp-block-spacer\"><\/div>\n\n<h2 class=\"wp-block-heading\">Ambre Nocturne &#8211; 1001 Nights<\/h2>\n\n<p>For the relaunch of Ambre d&#8217;Or, Silvana Casoli immediately provided the fragrance with a second and new amber fragrance, called Ambre Nocturne. An allusion to the stories of the Arabian Nights, told in the moonlight, fascinating and captivating. <\/p>\n\n<p>The fragrance notes of <strong>ambergris, ambrette seed, jasmine, tobacco flower, miracle flower (Mirabilis Japala), datura (datura), orchid, black tea, juniper, leafy green, sage<\/strong> and <strong>patchouli<\/strong> indicate a certain olfactory similarity between the two amber creations, yet striking differences are also apparent. Ambre Nocturne is clearly more floral and shows, especially in the base, a completely divergent scent orientation &#8211; purely considering the ingredients, of course.<\/p>\n\n<div class=\"wp-block-image\"><figure class=\"aligncenter size-large\"><img decoding=\"async\" width=\"1080\" height=\"1080\" src=\"https:\/\/www.alzd.de\/wp-content\/2022\/03\/273521276_5002624163091329_8544772738317557861_n-1080x1080.jpg\" alt=\"Il Profumo - Ambre Nocturne\" class=\"wp-image-96184\" title=\"Il Profumo - Ambre Nocturne\" srcset=\"https:\/\/www.alzd.de\/wp-content\/2022\/03\/273521276_5002624163091329_8544772738317557861_n.jpg 1080w, https:\/\/www.alzd.de\/wp-content\/2022\/03\/273521276_5002624163091329_8544772738317557861_n-720x720.jpg 720w, https:\/\/www.alzd.de\/wp-content\/2022\/03\/273521276_5002624163091329_8544772738317557861_n-360x360.jpg 360w, https:\/\/www.alzd.de\/wp-content\/2022\/03\/273521276_5002624163091329_8544772738317557861_n-768x768.jpg 768w, https:\/\/www.alzd.de\/wp-content\/2022\/03\/273521276_5002624163091329_8544772738317557861_n-350x350.jpg 350w\" sizes=\"(max-width: 1080px) 100vw, 1080px\" \/><\/figure><\/div>\n\n<figure class=\"wp-block-pullquote has-small-font-size\"><blockquote><p>Shimmering spiciness and subtle pungency, contrasting with creamy soft florals and narcotic night blooms.<\/p><\/blockquote><\/figure>\n\n<h3 class=\"wp-block-heading\">Scent stories from the Orient<\/h3>\n\n<p>Honey-sweet and exceedingly warm, Ambre Nocturne initially reveals itself as a much lovelier amber variant than our No. 1 today. Golden tobacco nuances envelop the powdery and balsamic velvety amber, underpinned by the floral facets of creamy jasmine, sweet datura and the ethereal exoticism of orchid.<\/p>\n\n<p>Beguiling and intoxicating, Ambre Nocturne is a fascinating blend of amber and florals that calms and loses intensity as it progresses. Gently smoky and spicy facets gradually emerge, as well as the woody notes of juniper and dark patchouli.<\/p>\n\n<div class=\"wp-block-image\"><figure class=\"aligncenter size-full\"><img decoding=\"async\" width=\"600\" height=\"600\" src=\"https:\/\/www.alzd.de\/wp-content\/2022\/03\/ambre-nocturne.jpg\" alt=\"Il Profumo - Ambre Nocturne\" class=\"wp-image-96177\" title=\"Il Profumo - Ambre Nocturne\" srcset=\"https:\/\/www.alzd.de\/wp-content\/2022\/03\/ambre-nocturne.jpg 600w, https:\/\/www.alzd.de\/wp-content\/2022\/03\/ambre-nocturne-360x360.jpg 360w, https:\/\/www.alzd.de\/wp-content\/2022\/03\/ambre-nocturne-350x350.jpg 350w\" sizes=\"(max-width: 600px) 100vw, 600px\" \/><\/figure><\/div>\n\n<p>Ambre Nocturne is the louder second born from Il Profumo. A lush amber fragrance with a sweetness and floral presence in the opening and heart that is not to be sneezed at. Finishes darker than Ambre d&#8217;Or thanks to resinous-smoky and woody forest facets. It is not for nothing that this creation bears the epithet &#8220;nocturne&#8221;, which translates as &#8220;nocturnal&#8221;. Ambre Nocturne by Il Profumo carries just those darker nuances without drifting into any gloominess. Ideal for those who liked Ambre d&#8217;Or from the fragrance DNA, but are looking for something less bright and golden. There is an absolute test recommendation from me, too! \ud83d\ude42<\/p>\n\n<div class=\"wp-block-buttons is-content-justification-center is-layout-flex wp-container-core-buttons-is-layout-16018d1d wp-block-buttons-is-layout-flex\">\n<div class=\"wp-block-button has-custom-width wp-block-button__width-50\"><a class=\"wp-block-button__link has-white-color has-text-color has-background\" href=\"https:\/\/www.ausliebezumduft.de\/il-profumo-ambre-nocturne.html\" style=\"background-color:#ac8446\" target=\"_blank\" rel=\"noreferrer noopener\"><strong>Ambre Nocturne<\/strong><\/a><\/div>\n<\/div>\n","protected":false},"excerpt":{"rendered":"<p>With Ambre d&#8217;Or and Ambre Nocturne by the Italian niche fragrance brand Il Profumo, we have two amber fragrances on the olfactory tasting schedule today. Even though I&#8230;<\/p>\n<div class=\"more-link-wrapper\"><a class=\"more-link\" href=\"https:\/\/www.alzd.de\/en\/2022\/03\/31\/ambre-dor-and-ambre-nocturne-by-il-profumo-one-raw-material-two-fragrances\/\">WEITERLESEN<span class=\"screen-reader-text\">Ambre d&#8217;Or and Ambre Nocturne by Il Profumo &#8211; one raw material, two fragrances<\/span><\/a><\/div>\n","protected":false},"author":535,"featured_media":96172,"comment_status":"open","ping_status":"closed","sticky":false,"template":"","format":"standard","meta":{"footnotes":""},"categories":[1149,1151,1117,1115,1160,1113],"tags":[1212,1524,1619],"class_list":["post-96194","post","type-post","status-publish","format-standard","has-post-thumbnail","hentry","category-amber-resins","category-flowers","category-fragrances","category-leather","category-orientals","category-spicy","tag-ambergris","tag-il-profumo-en","tag-silvana-casoli-en","excerpt","zoom","full-without-featured","even","excerpt-0"],"yoast_head":"<!-- This site is optimized with the Yoast SEO plugin v27.5 - https:\/\/yoast.com\/product\/yoast-seo-wordpress\/ -->\n<title>Ambre d&#039;Or and Ambre Nocturne by Il Profumo - Duft-Tagebuch<\/title>\n<meta name=\"description\" content=\"With Ambre d&#039;Or and Ambre Nocturne by the Italian niche fragrance brand Il Profumo we have two amber fragrances today on the olfactory ...\" \/>\n<meta name=\"robots\" content=\"index, follow, max-snippet:-1, max-image-preview:large, max-video-preview:-1\" \/>\n<link rel=\"canonical\" href=\"https:\/\/www.alzd.de\/en\/2022\/03\/31\/ambre-dor-and-ambre-nocturne-by-il-profumo-one-raw-material-two-fragrances\/\" \/>\n<meta property=\"og:locale\" content=\"en_US\" \/>\n<meta property=\"og:type\" content=\"article\" \/>\n<meta property=\"og:title\" content=\"Ambre d&#039;Or and Ambre Nocturne by Il Profumo - Duft-Tagebuch\" \/>\n<meta property=\"og:url\" content=\"https:\/\/www.alzd.de\/en\/2022\/03\/31\/ambre-dor-and-ambre-nocturne-by-il-profumo-one-raw-material-two-fragrances\/\" \/>\n<meta property=\"og:site_name\" content=\"Das Duft-Tagebuch\" \/>\n<meta property=\"article:publisher\" content=\"https:\/\/www.facebook.com\/dufttagebuch\/\" \/>\n<meta property=\"article:author\" content=\"https:\/\/www.facebook.com\/stephanie.tkaczik\" \/>\n<meta property=\"article:published_time\" content=\"2022-03-31T05:30:00+00:00\" \/>\n<meta property=\"og:image\" content=\"https:\/\/www.alzd.de\/wp-content\/2022\/03\/BB_273497154_5002624519757960_8732002870726626057_n.jpg\" \/>\n\t<meta property=\"og:image:width\" content=\"720\" \/>\n\t<meta property=\"og:image:height\" content=\"400\" \/>\n\t<meta property=\"og:image:type\" content=\"image\/jpeg\" \/>\n<meta name=\"author\" content=\"Julia Bir\u00f3\" \/>\n<meta name=\"twitter:card\" content=\"summary_large_image\" \/>\n<meta name=\"twitter:creator\" content=\"@ausliebezumduft\" \/>\n<meta name=\"twitter:site\" content=\"@ausliebezumduft\" \/>\n<script type=\"application\/ld+json\" class=\"yoast-schema-graph\">{\"@context\":\"https:\\\/\\\/schema.org\",\"@graph\":[{\"@type\":\"Article\",\"@id\":\"https:\\\/\\\/www.alzd.de\\\/en\\\/2022\\\/03\\\/31\\\/ambre-dor-and-ambre-nocturne-by-il-profumo-one-raw-material-two-fragrances\\\/#article\",\"isPartOf\":{\"@id\":\"https:\\\/\\\/www.alzd.de\\\/en\\\/2022\\\/03\\\/31\\\/ambre-dor-and-ambre-nocturne-by-il-profumo-one-raw-material-two-fragrances\\\/\"},\"author\":{\"name\":\"Julia Bir\u00f3\",\"@id\":\"https:\\\/\\\/www.alzd.de\\\/en\\\/#\\\/schema\\\/person\\\/8efcd8f02447fdbe8f29ad465897d04e\"},\"headline\":\"Ambre d&#8217;Or and Ambre Nocturne by Il Profumo &#8211; one raw material, two fragrances\",\"datePublished\":\"2022-03-31T05:30:00+00:00\",\"mainEntityOfPage\":{\"@id\":\"https:\\\/\\\/www.alzd.de\\\/en\\\/2022\\\/03\\\/31\\\/ambre-dor-and-ambre-nocturne-by-il-profumo-one-raw-material-two-fragrances\\\/\"},\"wordCount\":860,\"commentCount\":0,\"publisher\":{\"@id\":\"https:\\\/\\\/www.alzd.de\\\/en\\\/#organization\"},\"image\":{\"@id\":\"https:\\\/\\\/www.alzd.de\\\/en\\\/2022\\\/03\\\/31\\\/ambre-dor-and-ambre-nocturne-by-il-profumo-one-raw-material-two-fragrances\\\/#primaryimage\"},\"thumbnailUrl\":\"https:\\\/\\\/www.alzd.de\\\/wp-content\\\/2022\\\/03\\\/BB_273497154_5002624519757960_8732002870726626057_n.jpg\",\"keywords\":[\"Ambergris\",\"Il Profumo\",\"Silvana Casoli\"],\"articleSection\":[\"Amber &amp; Resins\",\"Flowers\",\"Fragrances\",\"Leather\",\"Orientals\",\"Spicy\"],\"inLanguage\":\"en-US\",\"potentialAction\":[{\"@type\":\"CommentAction\",\"name\":\"Comment\",\"target\":[\"https:\\\/\\\/www.alzd.de\\\/en\\\/2022\\\/03\\\/31\\\/ambre-dor-and-ambre-nocturne-by-il-profumo-one-raw-material-two-fragrances\\\/#respond\"]}]},{\"@type\":\"WebPage\",\"@id\":\"https:\\\/\\\/www.alzd.de\\\/en\\\/2022\\\/03\\\/31\\\/ambre-dor-and-ambre-nocturne-by-il-profumo-one-raw-material-two-fragrances\\\/\",\"url\":\"https:\\\/\\\/www.alzd.de\\\/en\\\/2022\\\/03\\\/31\\\/ambre-dor-and-ambre-nocturne-by-il-profumo-one-raw-material-two-fragrances\\\/\",\"name\":\"Ambre d'Or and Ambre Nocturne by Il Profumo - Duft-Tagebuch\",\"isPartOf\":{\"@id\":\"https:\\\/\\\/www.alzd.de\\\/en\\\/#website\"},\"primaryImageOfPage\":{\"@id\":\"https:\\\/\\\/www.alzd.de\\\/en\\\/2022\\\/03\\\/31\\\/ambre-dor-and-ambre-nocturne-by-il-profumo-one-raw-material-two-fragrances\\\/#primaryimage\"},\"image\":{\"@id\":\"https:\\\/\\\/www.alzd.de\\\/en\\\/2022\\\/03\\\/31\\\/ambre-dor-and-ambre-nocturne-by-il-profumo-one-raw-material-two-fragrances\\\/#primaryimage\"},\"thumbnailUrl\":\"https:\\\/\\\/www.alzd.de\\\/wp-content\\\/2022\\\/03\\\/BB_273497154_5002624519757960_8732002870726626057_n.jpg\",\"datePublished\":\"2022-03-31T05:30:00+00:00\",\"description\":\"With Ambre d'Or and Ambre Nocturne by the Italian niche fragrance brand Il Profumo we have two amber fragrances today on the olfactory ...\",\"breadcrumb\":{\"@id\":\"https:\\\/\\\/www.alzd.de\\\/en\\\/2022\\\/03\\\/31\\\/ambre-dor-and-ambre-nocturne-by-il-profumo-one-raw-material-two-fragrances\\\/#breadcrumb\"},\"inLanguage\":\"en-US\",\"potentialAction\":[{\"@type\":\"ReadAction\",\"target\":[\"https:\\\/\\\/www.alzd.de\\\/en\\\/2022\\\/03\\\/31\\\/ambre-dor-and-ambre-nocturne-by-il-profumo-one-raw-material-two-fragrances\\\/\"]}]},{\"@type\":\"ImageObject\",\"inLanguage\":\"en-US\",\"@id\":\"https:\\\/\\\/www.alzd.de\\\/en\\\/2022\\\/03\\\/31\\\/ambre-dor-and-ambre-nocturne-by-il-profumo-one-raw-material-two-fragrances\\\/#primaryimage\",\"url\":\"https:\\\/\\\/www.alzd.de\\\/wp-content\\\/2022\\\/03\\\/BB_273497154_5002624519757960_8732002870726626057_n.jpg\",\"contentUrl\":\"https:\\\/\\\/www.alzd.de\\\/wp-content\\\/2022\\\/03\\\/BB_273497154_5002624519757960_8732002870726626057_n.jpg\",\"width\":720,\"height\":400},{\"@type\":\"BreadcrumbList\",\"@id\":\"https:\\\/\\\/www.alzd.de\\\/en\\\/2022\\\/03\\\/31\\\/ambre-dor-and-ambre-nocturne-by-il-profumo-one-raw-material-two-fragrances\\\/#breadcrumb\",\"itemListElement\":[{\"@type\":\"ListItem\",\"position\":1,\"name\":\"Startseite\",\"item\":\"https:\\\/\\\/www.alzd.de\\\/en\\\/\"},{\"@type\":\"ListItem\",\"position\":2,\"name\":\"Ambre d&#8217;Or and Ambre Nocturne by Il Profumo &#8211; one raw material, two fragrances\"}]},{\"@type\":\"WebSite\",\"@id\":\"https:\\\/\\\/www.alzd.de\\\/en\\\/#website\",\"url\":\"https:\\\/\\\/www.alzd.de\\\/en\\\/\",\"name\":\"Das Duft-Tagebuch\",\"description\":\"Das Parfumblog von Aus Liebe zum Duft\",\"publisher\":{\"@id\":\"https:\\\/\\\/www.alzd.de\\\/en\\\/#organization\"},\"potentialAction\":[{\"@type\":\"SearchAction\",\"target\":{\"@type\":\"EntryPoint\",\"urlTemplate\":\"https:\\\/\\\/www.alzd.de\\\/en\\\/?s={search_term_string}\"},\"query-input\":{\"@type\":\"PropertyValueSpecification\",\"valueRequired\":true,\"valueName\":\"search_term_string\"}}],\"inLanguage\":\"en-US\"},{\"@type\":\"Organization\",\"@id\":\"https:\\\/\\\/www.alzd.de\\\/en\\\/#organization\",\"name\":\"Das Duft-Tagebuch\",\"url\":\"https:\\\/\\\/www.alzd.de\\\/en\\\/\",\"logo\":{\"@type\":\"ImageObject\",\"inLanguage\":\"en-US\",\"@id\":\"https:\\\/\\\/www.alzd.de\\\/en\\\/#\\\/schema\\\/logo\\\/image\\\/\",\"url\":\"https:\\\/\\\/www.alzd.de\\\/wp-content\\\/2023\\\/08\\\/alzd_dufttagebuch.png\",\"contentUrl\":\"https:\\\/\\\/www.alzd.de\\\/wp-content\\\/2023\\\/08\\\/alzd_dufttagebuch.png\",\"width\":1804,\"height\":416,\"caption\":\"Das Duft-Tagebuch\"},\"image\":{\"@id\":\"https:\\\/\\\/www.alzd.de\\\/en\\\/#\\\/schema\\\/logo\\\/image\\\/\"},\"sameAs\":[\"https:\\\/\\\/www.facebook.com\\\/dufttagebuch\\\/\",\"https:\\\/\\\/x.com\\\/ausliebezumduft\",\"https:\\\/\\\/www.instagram.com\\\/ausliebezumduft.de\\\/\",\"https:\\\/\\\/www.youtube.com\\\/c\\\/ausliebezumduft\"]},{\"@type\":\"Person\",\"@id\":\"https:\\\/\\\/www.alzd.de\\\/en\\\/#\\\/schema\\\/person\\\/8efcd8f02447fdbe8f29ad465897d04e\",\"name\":\"Julia Bir\u00f3\",\"image\":{\"@type\":\"ImageObject\",\"inLanguage\":\"en-US\",\"@id\":\"https:\\\/\\\/www.alzd.de\\\/wp-content\\\/2018\\\/02\\\/cropped-cropped-mitarbeiterbilder_steffi--96x96.jpg\",\"url\":\"https:\\\/\\\/www.alzd.de\\\/wp-content\\\/2018\\\/02\\\/cropped-cropped-mitarbeiterbilder_steffi--96x96.jpg\",\"contentUrl\":\"https:\\\/\\\/www.alzd.de\\\/wp-content\\\/2018\\\/02\\\/cropped-cropped-mitarbeiterbilder_steffi--96x96.jpg\",\"caption\":\"Julia Bir\u00f3\"},\"description\":\"Bereits 2010 gingen so einige Blogbeitr\u00e4ge auf mein Konto. Dann war ich \u201ekurz\u201c weg \u2013 sechs Jahre. Umso mehr freut es mich, dass ich nun wieder die Chance bekomme, mein N\u00e4schen im Dienste der Duftrezension schnuppern zu lassen und eifrig in die Tasten zu hauen. Was Nischend\u00fcfte angeht, habe ich damals \u00fcbrigens schnell Feuer gefangen. Meine Ausbildung tat dazu ihr \u00dcbriges: Als diplomierte Biologin kenne ich mich nicht nur mit Fauna und Flora, sondern auch recht gut mit der Herstellung von \u00d6len und Extrakten aus, was den Reiz der Parfumwelt nat\u00fcrlich noch gr\u00f6\u00dfer macht.\",\"sameAs\":[\"https:\\\/\\\/biro.is\\\/\",\"https:\\\/\\\/www.facebook.com\\\/stephanie.tkaczik\"],\"url\":\"https:\\\/\\\/www.alzd.de\\\/en\\\/author\\\/stephanie\\\/\"}]}<\/script>\n<!-- \/ Yoast SEO plugin. -->","yoast_head_json":{"title":"Ambre d'Or and Ambre Nocturne by Il Profumo - Duft-Tagebuch","description":"With Ambre d'Or and Ambre Nocturne by the Italian niche fragrance brand Il Profumo we have two amber fragrances today on the olfactory ...","robots":{"index":"index","follow":"follow","max-snippet":"max-snippet:-1","max-image-preview":"max-image-preview:large","max-video-preview":"max-video-preview:-1"},"canonical":"https:\/\/www.alzd.de\/en\/2022\/03\/31\/ambre-dor-and-ambre-nocturne-by-il-profumo-one-raw-material-two-fragrances\/","og_locale":"en_US","og_type":"article","og_title":"Ambre d'Or and Ambre Nocturne by Il Profumo - Duft-Tagebuch","og_url":"https:\/\/www.alzd.de\/en\/2022\/03\/31\/ambre-dor-and-ambre-nocturne-by-il-profumo-one-raw-material-two-fragrances\/","og_site_name":"Das Duft-Tagebuch","article_publisher":"https:\/\/www.facebook.com\/dufttagebuch\/","article_author":"https:\/\/www.facebook.com\/stephanie.tkaczik","article_published_time":"2022-03-31T05:30:00+00:00","og_image":[{"width":720,"height":400,"url":"https:\/\/www.alzd.de\/wp-content\/2022\/03\/BB_273497154_5002624519757960_8732002870726626057_n.jpg","type":"image\/jpeg"}],"author":"Julia Bir\u00f3","twitter_card":"summary_large_image","twitter_creator":"@ausliebezumduft","twitter_site":"@ausliebezumduft","schema":{"@context":"https:\/\/schema.org","@graph":[{"@type":"Article","@id":"https:\/\/www.alzd.de\/en\/2022\/03\/31\/ambre-dor-and-ambre-nocturne-by-il-profumo-one-raw-material-two-fragrances\/#article","isPartOf":{"@id":"https:\/\/www.alzd.de\/en\/2022\/03\/31\/ambre-dor-and-ambre-nocturne-by-il-profumo-one-raw-material-two-fragrances\/"},"author":{"name":"Julia Bir\u00f3","@id":"https:\/\/www.alzd.de\/en\/#\/schema\/person\/8efcd8f02447fdbe8f29ad465897d04e"},"headline":"Ambre d&#8217;Or and Ambre Nocturne by Il Profumo &#8211; one raw material, two fragrances","datePublished":"2022-03-31T05:30:00+00:00","mainEntityOfPage":{"@id":"https:\/\/www.alzd.de\/en\/2022\/03\/31\/ambre-dor-and-ambre-nocturne-by-il-profumo-one-raw-material-two-fragrances\/"},"wordCount":860,"commentCount":0,"publisher":{"@id":"https:\/\/www.alzd.de\/en\/#organization"},"image":{"@id":"https:\/\/www.alzd.de\/en\/2022\/03\/31\/ambre-dor-and-ambre-nocturne-by-il-profumo-one-raw-material-two-fragrances\/#primaryimage"},"thumbnailUrl":"https:\/\/www.alzd.de\/wp-content\/2022\/03\/BB_273497154_5002624519757960_8732002870726626057_n.jpg","keywords":["Ambergris","Il Profumo","Silvana Casoli"],"articleSection":["Amber &amp; Resins","Flowers","Fragrances","Leather","Orientals","Spicy"],"inLanguage":"en-US","potentialAction":[{"@type":"CommentAction","name":"Comment","target":["https:\/\/www.alzd.de\/en\/2022\/03\/31\/ambre-dor-and-ambre-nocturne-by-il-profumo-one-raw-material-two-fragrances\/#respond"]}]},{"@type":"WebPage","@id":"https:\/\/www.alzd.de\/en\/2022\/03\/31\/ambre-dor-and-ambre-nocturne-by-il-profumo-one-raw-material-two-fragrances\/","url":"https:\/\/www.alzd.de\/en\/2022\/03\/31\/ambre-dor-and-ambre-nocturne-by-il-profumo-one-raw-material-two-fragrances\/","name":"Ambre d'Or and Ambre Nocturne by Il Profumo - Duft-Tagebuch","isPartOf":{"@id":"https:\/\/www.alzd.de\/en\/#website"},"primaryImageOfPage":{"@id":"https:\/\/www.alzd.de\/en\/2022\/03\/31\/ambre-dor-and-ambre-nocturne-by-il-profumo-one-raw-material-two-fragrances\/#primaryimage"},"image":{"@id":"https:\/\/www.alzd.de\/en\/2022\/03\/31\/ambre-dor-and-ambre-nocturne-by-il-profumo-one-raw-material-two-fragrances\/#primaryimage"},"thumbnailUrl":"https:\/\/www.alzd.de\/wp-content\/2022\/03\/BB_273497154_5002624519757960_8732002870726626057_n.jpg","datePublished":"2022-03-31T05:30:00+00:00","description":"With Ambre d'Or and Ambre Nocturne by the Italian niche fragrance brand Il Profumo we have two amber fragrances today on the olfactory ...","breadcrumb":{"@id":"https:\/\/www.alzd.de\/en\/2022\/03\/31\/ambre-dor-and-ambre-nocturne-by-il-profumo-one-raw-material-two-fragrances\/#breadcrumb"},"inLanguage":"en-US","potentialAction":[{"@type":"ReadAction","target":["https:\/\/www.alzd.de\/en\/2022\/03\/31\/ambre-dor-and-ambre-nocturne-by-il-profumo-one-raw-material-two-fragrances\/"]}]},{"@type":"ImageObject","inLanguage":"en-US","@id":"https:\/\/www.alzd.de\/en\/2022\/03\/31\/ambre-dor-and-ambre-nocturne-by-il-profumo-one-raw-material-two-fragrances\/#primaryimage","url":"https:\/\/www.alzd.de\/wp-content\/2022\/03\/BB_273497154_5002624519757960_8732002870726626057_n.jpg","contentUrl":"https:\/\/www.alzd.de\/wp-content\/2022\/03\/BB_273497154_5002624519757960_8732002870726626057_n.jpg","width":720,"height":400},{"@type":"BreadcrumbList","@id":"https:\/\/www.alzd.de\/en\/2022\/03\/31\/ambre-dor-and-ambre-nocturne-by-il-profumo-one-raw-material-two-fragrances\/#breadcrumb","itemListElement":[{"@type":"ListItem","position":1,"name":"Startseite","item":"https:\/\/www.alzd.de\/en\/"},{"@type":"ListItem","position":2,"name":"Ambre d&#8217;Or and Ambre Nocturne by Il Profumo &#8211; one raw material, two fragrances"}]},{"@type":"WebSite","@id":"https:\/\/www.alzd.de\/en\/#website","url":"https:\/\/www.alzd.de\/en\/","name":"Das Duft-Tagebuch","description":"Das Parfumblog von Aus Liebe zum Duft","publisher":{"@id":"https:\/\/www.alzd.de\/en\/#organization"},"potentialAction":[{"@type":"SearchAction","target":{"@type":"EntryPoint","urlTemplate":"https:\/\/www.alzd.de\/en\/?s={search_term_string}"},"query-input":{"@type":"PropertyValueSpecification","valueRequired":true,"valueName":"search_term_string"}}],"inLanguage":"en-US"},{"@type":"Organization","@id":"https:\/\/www.alzd.de\/en\/#organization","name":"Das Duft-Tagebuch","url":"https:\/\/www.alzd.de\/en\/","logo":{"@type":"ImageObject","inLanguage":"en-US","@id":"https:\/\/www.alzd.de\/en\/#\/schema\/logo\/image\/","url":"https:\/\/www.alzd.de\/wp-content\/2023\/08\/alzd_dufttagebuch.png","contentUrl":"https:\/\/www.alzd.de\/wp-content\/2023\/08\/alzd_dufttagebuch.png","width":1804,"height":416,"caption":"Das Duft-Tagebuch"},"image":{"@id":"https:\/\/www.alzd.de\/en\/#\/schema\/logo\/image\/"},"sameAs":["https:\/\/www.facebook.com\/dufttagebuch\/","https:\/\/x.com\/ausliebezumduft","https:\/\/www.instagram.com\/ausliebezumduft.de\/","https:\/\/www.youtube.com\/c\/ausliebezumduft"]},{"@type":"Person","@id":"https:\/\/www.alzd.de\/en\/#\/schema\/person\/8efcd8f02447fdbe8f29ad465897d04e","name":"Julia Bir\u00f3","image":{"@type":"ImageObject","inLanguage":"en-US","@id":"https:\/\/www.alzd.de\/wp-content\/2018\/02\/cropped-cropped-mitarbeiterbilder_steffi--96x96.jpg","url":"https:\/\/www.alzd.de\/wp-content\/2018\/02\/cropped-cropped-mitarbeiterbilder_steffi--96x96.jpg","contentUrl":"https:\/\/www.alzd.de\/wp-content\/2018\/02\/cropped-cropped-mitarbeiterbilder_steffi--96x96.jpg","caption":"Julia Bir\u00f3"},"description":"Bereits 2010 gingen so einige Blogbeitr\u00e4ge auf mein Konto. Dann war ich \u201ekurz\u201c weg \u2013 sechs Jahre. Umso mehr freut es mich, dass ich nun wieder die Chance bekomme, mein N\u00e4schen im Dienste der Duftrezension schnuppern zu lassen und eifrig in die Tasten zu hauen. Was Nischend\u00fcfte angeht, habe ich damals \u00fcbrigens schnell Feuer gefangen. Meine Ausbildung tat dazu ihr \u00dcbriges: Als diplomierte Biologin kenne ich mich nicht nur mit Fauna und Flora, sondern auch recht gut mit der Herstellung von \u00d6len und Extrakten aus, was den Reiz der Parfumwelt nat\u00fcrlich noch gr\u00f6\u00dfer macht.","sameAs":["https:\/\/biro.is\/","https:\/\/www.facebook.com\/stephanie.tkaczik"],"url":"https:\/\/www.alzd.de\/en\/author\/stephanie\/"}]}},"wp-worthy-pixel":{"ignored":false,"public":null,"server":null,"url":null},"wp-worthy-type":"normal","_links":{"self":[{"href":"https:\/\/www.alzd.de\/en\/wp-json\/wp\/v2\/posts\/96194","targetHints":{"allow":["GET"]}}],"collection":[{"href":"https:\/\/www.alzd.de\/en\/wp-json\/wp\/v2\/posts"}],"about":[{"href":"https:\/\/www.alzd.de\/en\/wp-json\/wp\/v2\/types\/post"}],"author":[{"embeddable":true,"href":"https:\/\/www.alzd.de\/en\/wp-json\/wp\/v2\/users\/535"}],"replies":[{"embeddable":true,"href":"https:\/\/www.alzd.de\/en\/wp-json\/wp\/v2\/comments?post=96194"}],"version-history":[{"count":2,"href":"https:\/\/www.alzd.de\/en\/wp-json\/wp\/v2\/posts\/96194\/revisions"}],"predecessor-version":[{"id":96196,"href":"https:\/\/www.alzd.de\/en\/wp-json\/wp\/v2\/posts\/96194\/revisions\/96196"}],"wp:featuredmedia":[{"embeddable":true,"href":"https:\/\/www.alzd.de\/en\/wp-json\/wp\/v2\/media\/96172"}],"wp:attachment":[{"href":"https:\/\/www.alzd.de\/en\/wp-json\/wp\/v2\/media?parent=96194"}],"wp:term":[{"taxonomy":"category","embeddable":true,"href":"https:\/\/www.alzd.de\/en\/wp-json\/wp\/v2\/categories?post=96194"},{"taxonomy":"post_tag","embeddable":true,"href":"https:\/\/www.alzd.de\/en\/wp-json\/wp\/v2\/tags?post=96194"}],"curies":[{"name":"wp","href":"https:\/\/api.w.org\/{rel}","templated":true}]}}