{"id":95277,"date":"2022-03-08T07:30:00","date_gmt":"2022-03-08T06:30:00","guid":{"rendered":"https:\/\/www.alzd.de\/?p=95277"},"modified":"2022-03-07T14:19:02","modified_gmt":"2022-03-07T13:19:02","slug":"nektar-by-laboratorio-olfattivo-from-the-heart-of-the-oasis","status":"publish","type":"post","link":"https:\/\/www.alzd.de\/en\/2022\/03\/08\/nektar-by-laboratorio-olfattivo-from-the-heart-of-the-oasis\/","title":{"rendered":"Nektar by Laboratorio Olfattivo &#8211; From the heart of the oasis"},"content":{"rendered":"\n<p>With <a href=\"https:\/\/www.ausliebezumduft.de\/laboratorio-olfattivo-nektar.html\" target=\"_blank\" rel=\"noreferrer noopener\">Nektar<\/a>, <a href=\"https:\/\/www.ausliebezumduft.de\/duefte\/laboratorio-olfattivo.html\" target=\"_blank\" rel=\"noreferrer noopener\">Laboratorio Olfattivo<\/a> presents us with another fragrance from the Laboratorio in Nero collection, which in the meantime has grown into quite a handsome collection. Feature of the Nero fragrances of the Italian niche fragrance label are the color-matched and thus black flacons, which contain creations that fully surrender to the rather somber color. <\/p>\n\n<p>For Laboratorio Olfattivo, black is &#8220;the symbol of elegance, luxury and mystery&#8221; that is &#8220;represented with a complex formulation&#8221; in the Nero collection. Added to this are the finest raw materials and the fact that the perfumers are given free rein in their creative work. The best conditions, therefore, for exquisite perfume compositions. \ud83d\ude42  <\/p>\n\n<div class=\"wp-block-image\"><figure class=\"aligncenter size-large\"><img decoding=\"async\" width=\"764\" height=\"1080\" src=\"https:\/\/www.alzd.de\/wp-content\/2022\/03\/273644838_10158202479830566_2716024769893780762_n-764x1080.jpg\" alt=\"Laboratorio Olfattivo - Nektar\" class=\"wp-image-95233\" title=\"Laboratorio Olfattivo - Nektar\" srcset=\"https:\/\/www.alzd.de\/wp-content\/2022\/03\/273644838_10158202479830566_2716024769893780762_n-764x1080.jpg 764w, https:\/\/www.alzd.de\/wp-content\/2022\/03\/273644838_10158202479830566_2716024769893780762_n-509x720.jpg 509w, https:\/\/www.alzd.de\/wp-content\/2022\/03\/273644838_10158202479830566_2716024769893780762_n-255x360.jpg 255w, https:\/\/www.alzd.de\/wp-content\/2022\/03\/273644838_10158202479830566_2716024769893780762_n-768x1086.jpg 768w, https:\/\/www.alzd.de\/wp-content\/2022\/03\/273644838_10158202479830566_2716024769893780762_n-1086x1536.jpg 1086w, https:\/\/www.alzd.de\/wp-content\/2022\/03\/273644838_10158202479830566_2716024769893780762_n-247x350.jpg 247w, https:\/\/www.alzd.de\/wp-content\/2022\/03\/273644838_10158202479830566_2716024769893780762_n.jpg 1240w\" sizes=\"(max-width: 764px) 100vw, 764px\" \/><\/figure><\/div>\n\n<p>Here in the Duft-Tagebuch Laboratorio Olfattivo was already represented several times with its fragrances (read <a href=\"https:\/\/www.alzd.de\/en\/tag\/laboratorio-olfattivo-en\/\" target=\"_blank\" rel=\"noreferrer noopener\">here<\/a>). I would especially like to highlight the interview I had the pleasure of conducting with founder Roberto Drago in the summer of 2021 (read it <a href=\"https:\/\/www.alzd.de\/2021\/06\/29\/im-interview-roberto-drago-laboratorio-olfattivo\/\" target=\"_blank\" rel=\"noreferrer noopener\">here<\/a>). Drago founded the niche fragrance brand in 2009 with his wife Daniela Caon and has launched new fragrances every year, created in collaboration with top perfumers such as Lucien Ferrero, Jean-Claude Ellen, Luca Maffei, Dominique Ropion, C\u00e9cile Zarokian and many others. The art of French haute perfumery meets Italian elegance and creative sophistication at Laboratorio Olfattivo, resulting in fragrance compositions that are really fun to smell.<\/p>\n\n<h2 class=\"wp-block-heading\">Nektar &#8211; Laboratorio in Nero<\/h2>\n\n<p>So now Nektar is the latest addition to the Nero collection, created by perfumer Pierre-Constantin Gu\u00e9ros. My very first association with the name Nectar was a springtime scent, flower-heavy, sweet, buzzing little bees and airy butterfly flutter. Then I remembered that we are dealing with an Eau de Parfum that pays homage to the color black, to which my pale pink fragrance dream may hardly fit.<\/p>\n\n<blockquote class=\"wp-block-quote is-layout-flow wp-block-quote-is-layout-flow\"><p>My first inspiration for this perfume was a beautiful trip to Wadi Darbat, in the south of Oman. A very special place in the Middle East, as all of India&#8217;s monsoons eventually end here. Instead of aridity and desert, as one would expect, this region is fertile and extremely varied botanically: wide rivers, large trees and a special treasure of this region, the Sidar tree or Syrian Christ thorn.<\/p><cite>Pierre-Constantin Gu\u00e9ros<\/cite><\/blockquote>\n\n<div class=\"wp-block-image\"><figure class=\"aligncenter size-large\"><img decoding=\"async\" width=\"1080\" height=\"608\" src=\"https:\/\/www.alzd.de\/wp-content\/2022\/03\/tanja-cotoaga-wcis1t9TNXo-unsplash-1080x608.jpg\" alt=\"Flamingos in a lagoon near Salalah, Oman\" class=\"wp-image-95245\" title=\"Flamingos in a lagoon near Salalah, Oman\" srcset=\"https:\/\/www.alzd.de\/wp-content\/2022\/03\/tanja-cotoaga-wcis1t9TNXo-unsplash-1080x608.jpg 1080w, https:\/\/www.alzd.de\/wp-content\/2022\/03\/tanja-cotoaga-wcis1t9TNXo-unsplash-720x405.jpg 720w, https:\/\/www.alzd.de\/wp-content\/2022\/03\/tanja-cotoaga-wcis1t9TNXo-unsplash-360x203.jpg 360w, https:\/\/www.alzd.de\/wp-content\/2022\/03\/tanja-cotoaga-wcis1t9TNXo-unsplash-768x432.jpg 768w, https:\/\/www.alzd.de\/wp-content\/2022\/03\/tanja-cotoaga-wcis1t9TNXo-unsplash-1536x864.jpg 1536w, https:\/\/www.alzd.de\/wp-content\/2022\/03\/tanja-cotoaga-wcis1t9TNXo-unsplash-2048x1152.jpg 2048w, https:\/\/www.alzd.de\/wp-content\/2022\/03\/tanja-cotoaga-wcis1t9TNXo-unsplash-622x350.jpg 622w\" sizes=\"(max-width: 1080px) 100vw, 1080px\" \/><figcaption>Photo by <a href=\"https:\/\/unsplash.com\/@tarafuco?utm_source=unsplash&amp;utm_medium=referral&amp;utm_content=creditCopyText\">Tanja Cotoaga<\/a> on <a href=\"https:\/\/unsplash.com\/s\/photos\/salalah?utm_source=unsplash&amp;utm_medium=referral&amp;utm_content=creditCopyText\">Unsplash<\/a><\/figcaption><\/figure><\/div>\n\n<p>The above picture does not come directly from the mentioned wadi, because unfortunately I did not find free photos &#8211; also not in the press material. But at least it is a shot from southern Oman, more precisely from near the city of Salalah, which is not far from the source of inspiration for the fragrance Nektar.<\/p>\n\n<h3 class=\"wp-block-heading\">Liquid gold of the Orient<\/h3>\n\n<p>The Sidar tree mentioned above, which is probably found in Wadi Darbat, has excellent resistance to heat and drought and also produces yellowish fruits from which honey can be made. This so-called Sidr honey is said to have all kinds of health-promoting properties. Admittedly, the mental path from honey to nectar is not really far, so I am curious to see what kind of olfactory delicacy Pierre-Constantin Gu\u00e9ros and Laboratorio Olfattivo are serving us here. <\/p>\n\n<p>The ingredients <strong>clary sage, bergamot, grapefruit, elemi resin, red berries, honey, leather, incense, davana, chocolate, cinnamon, tonka bean, bourbon vanilla, vetiver, cedar<\/strong> and <strong>patchouli<\/strong> paint a lush, oriental-like fragrance that makes me more than curious. <\/p>\n\n<div class=\"wp-block-image\"><figure class=\"aligncenter size-large\"><img decoding=\"async\" width=\"720\" height=\"1080\" src=\"https:\/\/www.alzd.de\/wp-content\/2022\/03\/art-rachen-Asj5DFw8UAw-unsplash-720x1080.jpg\" alt=\"A jar with honey\" class=\"wp-image-95257\" title=\"A jar with honey\" srcset=\"https:\/\/www.alzd.de\/wp-content\/2022\/03\/art-rachen-Asj5DFw8UAw-unsplash-720x1080.jpg 720w, https:\/\/www.alzd.de\/wp-content\/2022\/03\/art-rachen-Asj5DFw8UAw-unsplash-480x720.jpg 480w, https:\/\/www.alzd.de\/wp-content\/2022\/03\/art-rachen-Asj5DFw8UAw-unsplash-240x360.jpg 240w, https:\/\/www.alzd.de\/wp-content\/2022\/03\/art-rachen-Asj5DFw8UAw-unsplash-768x1152.jpg 768w, https:\/\/www.alzd.de\/wp-content\/2022\/03\/art-rachen-Asj5DFw8UAw-unsplash-1024x1536.jpg 1024w, https:\/\/www.alzd.de\/wp-content\/2022\/03\/art-rachen-Asj5DFw8UAw-unsplash-1366x2048.jpg 1366w, https:\/\/www.alzd.de\/wp-content\/2022\/03\/art-rachen-Asj5DFw8UAw-unsplash-233x350.jpg 233w, https:\/\/www.alzd.de\/wp-content\/2022\/03\/art-rachen-Asj5DFw8UAw-unsplash-scaled.jpg 1707w\" sizes=\"(max-width: 720px) 100vw, 720px\" \/><figcaption>Photo by <a href=\"https:\/\/unsplash.com\/@artrachen?utm_source=unsplash&amp;utm_medium=referral&amp;utm_content=creditCopyText\">Art Rachen<\/a> on <a href=\"https:\/\/unsplash.com\/s\/photos\/honey?utm_source=unsplash&amp;utm_medium=referral&amp;utm_content=creditCopyText\">Unsplash<\/a><\/figcaption><\/figure><\/div>\n\n<blockquote class=\"wp-block-quote is-layout-flow wp-block-quote-is-layout-flow\"><p>When I received the first samples of the fragrance that would later become Nektar, I was enraptured by its character and the quality of the composition. Full of softness and creativity, Nektar is reminiscent of honey without being overpowering. At the same time, it gets its distinctive profile precisely from the intense notes.<\/p><cite>Roberto Drago<\/cite><\/blockquote>\n\n<h3 class=\"wp-block-heading\">How does Nektar smell?<\/h3>\n\n<p>The liqueur-like nuances of the Davana, reminiscent of pickled dried fruit, already bathe the opening of the creation of Laboratorio Olfattivo in golden light. Subtly refreshing accents are set by citrus fruits and the herbaceous nuances of clary sage and elemi resin. Honey gives the fragrance a nectar-like sweetness, which is gradually joined by intensely spicy and darker facets. Supple leather and incense are particularly noteworthy here. <\/p>\n\n<p>The milky notes of chocolate and a pinch of cinnamon provide a spicy-smooth creaminess underpinned by velvety-earthy patchouli and vetiver. Vanilla and tonka bean show up in the finish with the aromatic and persistent nuances of cedar wood, making the fragrance end beautifully and harmoniously.<\/p>\n\n<div class=\"wp-block-image\"><figure class=\"aligncenter size-full\"><img decoding=\"async\" width=\"600\" height=\"600\" src=\"https:\/\/www.alzd.de\/wp-content\/2022\/03\/nektar.jpg\" alt=\"Laboratorio Olfattivo - Nektar\" class=\"wp-image-95266\" title=\"Laboratorio Olfattivo - Nektar\" srcset=\"https:\/\/www.alzd.de\/wp-content\/2022\/03\/nektar.jpg 600w, https:\/\/www.alzd.de\/wp-content\/2022\/03\/nektar-360x360.jpg 360w, https:\/\/www.alzd.de\/wp-content\/2022\/03\/nektar-350x350.jpg 350w\" sizes=\"(max-width: 600px) 100vw, 600px\" \/><\/figure><\/div>\n\n<p>Friends of oriental spicy fragrances watch out! Nektar could be just the thing for you. Laboratorio Olfattivo&#8217;s creation is a warm, lush, delicately balanced Oriental with a densely woven scent tapestry full of heady nuances without ever being too opulent. Creamy, spicy, sweet and intense, Nektar seems ideal for the cooler season, because it wraps and warms like a supple soft scarf of cashmere wool &#8211; cozy, relaxed and yet extremely modern and elegant. Beautiful! \ud83d\ude42<\/p>\n\n<div class=\"wp-block-buttons is-content-justification-center is-layout-flex wp-container-core-buttons-is-layout-16018d1d wp-block-buttons-is-layout-flex\">\n<div class=\"wp-block-button has-custom-width wp-block-button__width-50\"><a class=\"wp-block-button__link has-white-color has-text-color has-background\" href=\"https:\/\/www.ausliebezumduft.de\/laboratorio-olfattivo-nektar.html\" style=\"background-color:#f77724\" target=\"_blank\" rel=\"noreferrer noopener\"><strong>Directly to Nektar<\/strong><\/a><\/div>\n<\/div>\n","protected":false},"excerpt":{"rendered":"<p>With Nektar, Laboratorio Olfattivo presents us with another fragrance from the Laboratorio in Nero collection, which in the meantime has grown into quite a handsome collection. Feature of&#8230;<\/p>\n<div class=\"more-link-wrapper\"><a class=\"more-link\" href=\"https:\/\/www.alzd.de\/en\/2022\/03\/08\/nektar-by-laboratorio-olfattivo-from-the-heart-of-the-oasis\/\">WEITERLESEN<span class=\"screen-reader-text\">Nektar by Laboratorio Olfattivo &#8211; From the heart of the oasis<\/span><\/a><\/div>\n","protected":false},"author":535,"featured_media":95226,"comment_status":"open","ping_status":"closed","sticky":false,"template":"","format":"standard","meta":{"footnotes":""},"categories":[1149,1117,1115,1160,1113],"tags":[1570,1595,1596,1582,1594],"class_list":["post-95277","post","type-post","status-publish","format-standard","has-post-thumbnail","hentry","category-amber-resins","category-fragrances","category-leather","category-orientals","category-spicy","tag-honey","tag-incense","tag-laboratorio-olfattivo-en","tag-leather","tag-pierre-constantin-gueros-en","excerpt","zoom","full-without-featured","even","excerpt-0"],"yoast_head":"<!-- This site is optimized with the Yoast SEO plugin v27.5 - https:\/\/yoast.com\/product\/yoast-seo-wordpress\/ -->\n<title>Nektar by Laboratorio Olfattivo - From the heart of the oasis<\/title>\n<meta name=\"description\" content=\"With Nektar Laboratorio Olfattivo presents us another fragrance of the collection Laboratorio in Nero, which in the meantime has become quite ...\" \/>\n<meta name=\"robots\" content=\"index, follow, max-snippet:-1, max-image-preview:large, max-video-preview:-1\" \/>\n<link rel=\"canonical\" href=\"https:\/\/www.alzd.de\/en\/2022\/03\/08\/nektar-by-laboratorio-olfattivo-from-the-heart-of-the-oasis\/\" \/>\n<meta property=\"og:locale\" content=\"en_US\" \/>\n<meta property=\"og:type\" content=\"article\" \/>\n<meta property=\"og:title\" content=\"Nektar by Laboratorio Olfattivo - From the heart of the oasis\" \/>\n<meta property=\"og:url\" content=\"https:\/\/www.alzd.de\/en\/2022\/03\/08\/nektar-by-laboratorio-olfattivo-from-the-heart-of-the-oasis\/\" \/>\n<meta property=\"og:site_name\" content=\"Das Duft-Tagebuch\" \/>\n<meta property=\"article:publisher\" content=\"https:\/\/www.facebook.com\/dufttagebuch\/\" \/>\n<meta property=\"article:author\" content=\"https:\/\/www.facebook.com\/stephanie.tkaczik\" \/>\n<meta property=\"article:published_time\" content=\"2022-03-08T06:30:00+00:00\" \/>\n<meta property=\"og:image\" content=\"https:\/\/www.alzd.de\/wp-content\/2022\/03\/BB274587444_10158221829580566_1824296772259336758_n.jpg\" \/>\n\t<meta property=\"og:image:width\" content=\"720\" \/>\n\t<meta property=\"og:image:height\" content=\"400\" \/>\n\t<meta property=\"og:image:type\" content=\"image\/jpeg\" \/>\n<meta name=\"author\" content=\"Julia Bir\u00f3\" \/>\n<meta name=\"twitter:card\" content=\"summary_large_image\" \/>\n<meta name=\"twitter:creator\" content=\"@ausliebezumduft\" \/>\n<meta name=\"twitter:site\" content=\"@ausliebezumduft\" \/>\n<script type=\"application\/ld+json\" class=\"yoast-schema-graph\">{\"@context\":\"https:\\\/\\\/schema.org\",\"@graph\":[{\"@type\":\"Article\",\"@id\":\"https:\\\/\\\/www.alzd.de\\\/en\\\/2022\\\/03\\\/08\\\/nektar-by-laboratorio-olfattivo-from-the-heart-of-the-oasis\\\/#article\",\"isPartOf\":{\"@id\":\"https:\\\/\\\/www.alzd.de\\\/en\\\/2022\\\/03\\\/08\\\/nektar-by-laboratorio-olfattivo-from-the-heart-of-the-oasis\\\/\"},\"author\":{\"name\":\"Julia Bir\u00f3\",\"@id\":\"https:\\\/\\\/www.alzd.de\\\/en\\\/#\\\/schema\\\/person\\\/8efcd8f02447fdbe8f29ad465897d04e\"},\"headline\":\"Nektar by Laboratorio Olfattivo &#8211; From the heart of the oasis\",\"datePublished\":\"2022-03-08T06:30:00+00:00\",\"mainEntityOfPage\":{\"@id\":\"https:\\\/\\\/www.alzd.de\\\/en\\\/2022\\\/03\\\/08\\\/nektar-by-laboratorio-olfattivo-from-the-heart-of-the-oasis\\\/\"},\"wordCount\":806,\"commentCount\":0,\"publisher\":{\"@id\":\"https:\\\/\\\/www.alzd.de\\\/en\\\/#organization\"},\"image\":{\"@id\":\"https:\\\/\\\/www.alzd.de\\\/en\\\/2022\\\/03\\\/08\\\/nektar-by-laboratorio-olfattivo-from-the-heart-of-the-oasis\\\/#primaryimage\"},\"thumbnailUrl\":\"https:\\\/\\\/www.alzd.de\\\/wp-content\\\/2022\\\/03\\\/BB274587444_10158221829580566_1824296772259336758_n.jpg\",\"keywords\":[\"Honey\",\"Incense\",\"Laboratorio Olfattivo\",\"Leather\",\"Pierre-Constantin Gu\u00e9ros\"],\"articleSection\":[\"Amber &amp; Resins\",\"Fragrances\",\"Leather\",\"Orientals\",\"Spicy\"],\"inLanguage\":\"en-US\",\"potentialAction\":[{\"@type\":\"CommentAction\",\"name\":\"Comment\",\"target\":[\"https:\\\/\\\/www.alzd.de\\\/en\\\/2022\\\/03\\\/08\\\/nektar-by-laboratorio-olfattivo-from-the-heart-of-the-oasis\\\/#respond\"]}]},{\"@type\":\"WebPage\",\"@id\":\"https:\\\/\\\/www.alzd.de\\\/en\\\/2022\\\/03\\\/08\\\/nektar-by-laboratorio-olfattivo-from-the-heart-of-the-oasis\\\/\",\"url\":\"https:\\\/\\\/www.alzd.de\\\/en\\\/2022\\\/03\\\/08\\\/nektar-by-laboratorio-olfattivo-from-the-heart-of-the-oasis\\\/\",\"name\":\"Nektar by Laboratorio Olfattivo - From the heart of the oasis\",\"isPartOf\":{\"@id\":\"https:\\\/\\\/www.alzd.de\\\/en\\\/#website\"},\"primaryImageOfPage\":{\"@id\":\"https:\\\/\\\/www.alzd.de\\\/en\\\/2022\\\/03\\\/08\\\/nektar-by-laboratorio-olfattivo-from-the-heart-of-the-oasis\\\/#primaryimage\"},\"image\":{\"@id\":\"https:\\\/\\\/www.alzd.de\\\/en\\\/2022\\\/03\\\/08\\\/nektar-by-laboratorio-olfattivo-from-the-heart-of-the-oasis\\\/#primaryimage\"},\"thumbnailUrl\":\"https:\\\/\\\/www.alzd.de\\\/wp-content\\\/2022\\\/03\\\/BB274587444_10158221829580566_1824296772259336758_n.jpg\",\"datePublished\":\"2022-03-08T06:30:00+00:00\",\"description\":\"With Nektar Laboratorio Olfattivo presents us another fragrance of the collection Laboratorio in Nero, which in the meantime has become quite ...\",\"breadcrumb\":{\"@id\":\"https:\\\/\\\/www.alzd.de\\\/en\\\/2022\\\/03\\\/08\\\/nektar-by-laboratorio-olfattivo-from-the-heart-of-the-oasis\\\/#breadcrumb\"},\"inLanguage\":\"en-US\",\"potentialAction\":[{\"@type\":\"ReadAction\",\"target\":[\"https:\\\/\\\/www.alzd.de\\\/en\\\/2022\\\/03\\\/08\\\/nektar-by-laboratorio-olfattivo-from-the-heart-of-the-oasis\\\/\"]}]},{\"@type\":\"ImageObject\",\"inLanguage\":\"en-US\",\"@id\":\"https:\\\/\\\/www.alzd.de\\\/en\\\/2022\\\/03\\\/08\\\/nektar-by-laboratorio-olfattivo-from-the-heart-of-the-oasis\\\/#primaryimage\",\"url\":\"https:\\\/\\\/www.alzd.de\\\/wp-content\\\/2022\\\/03\\\/BB274587444_10158221829580566_1824296772259336758_n.jpg\",\"contentUrl\":\"https:\\\/\\\/www.alzd.de\\\/wp-content\\\/2022\\\/03\\\/BB274587444_10158221829580566_1824296772259336758_n.jpg\",\"width\":720,\"height\":400},{\"@type\":\"BreadcrumbList\",\"@id\":\"https:\\\/\\\/www.alzd.de\\\/en\\\/2022\\\/03\\\/08\\\/nektar-by-laboratorio-olfattivo-from-the-heart-of-the-oasis\\\/#breadcrumb\",\"itemListElement\":[{\"@type\":\"ListItem\",\"position\":1,\"name\":\"Startseite\",\"item\":\"https:\\\/\\\/www.alzd.de\\\/en\\\/\"},{\"@type\":\"ListItem\",\"position\":2,\"name\":\"Nektar by Laboratorio Olfattivo &#8211; From the heart of the oasis\"}]},{\"@type\":\"WebSite\",\"@id\":\"https:\\\/\\\/www.alzd.de\\\/en\\\/#website\",\"url\":\"https:\\\/\\\/www.alzd.de\\\/en\\\/\",\"name\":\"Das Duft-Tagebuch\",\"description\":\"Das Parfumblog von Aus Liebe zum Duft\",\"publisher\":{\"@id\":\"https:\\\/\\\/www.alzd.de\\\/en\\\/#organization\"},\"potentialAction\":[{\"@type\":\"SearchAction\",\"target\":{\"@type\":\"EntryPoint\",\"urlTemplate\":\"https:\\\/\\\/www.alzd.de\\\/en\\\/?s={search_term_string}\"},\"query-input\":{\"@type\":\"PropertyValueSpecification\",\"valueRequired\":true,\"valueName\":\"search_term_string\"}}],\"inLanguage\":\"en-US\"},{\"@type\":\"Organization\",\"@id\":\"https:\\\/\\\/www.alzd.de\\\/en\\\/#organization\",\"name\":\"Das Duft-Tagebuch\",\"url\":\"https:\\\/\\\/www.alzd.de\\\/en\\\/\",\"logo\":{\"@type\":\"ImageObject\",\"inLanguage\":\"en-US\",\"@id\":\"https:\\\/\\\/www.alzd.de\\\/en\\\/#\\\/schema\\\/logo\\\/image\\\/\",\"url\":\"https:\\\/\\\/www.alzd.de\\\/wp-content\\\/2023\\\/08\\\/alzd_dufttagebuch.png\",\"contentUrl\":\"https:\\\/\\\/www.alzd.de\\\/wp-content\\\/2023\\\/08\\\/alzd_dufttagebuch.png\",\"width\":1804,\"height\":416,\"caption\":\"Das Duft-Tagebuch\"},\"image\":{\"@id\":\"https:\\\/\\\/www.alzd.de\\\/en\\\/#\\\/schema\\\/logo\\\/image\\\/\"},\"sameAs\":[\"https:\\\/\\\/www.facebook.com\\\/dufttagebuch\\\/\",\"https:\\\/\\\/x.com\\\/ausliebezumduft\",\"https:\\\/\\\/www.instagram.com\\\/ausliebezumduft.de\\\/\",\"https:\\\/\\\/www.youtube.com\\\/c\\\/ausliebezumduft\"]},{\"@type\":\"Person\",\"@id\":\"https:\\\/\\\/www.alzd.de\\\/en\\\/#\\\/schema\\\/person\\\/8efcd8f02447fdbe8f29ad465897d04e\",\"name\":\"Julia Bir\u00f3\",\"image\":{\"@type\":\"ImageObject\",\"inLanguage\":\"en-US\",\"@id\":\"https:\\\/\\\/www.alzd.de\\\/wp-content\\\/2018\\\/02\\\/cropped-cropped-mitarbeiterbilder_steffi--96x96.jpg\",\"url\":\"https:\\\/\\\/www.alzd.de\\\/wp-content\\\/2018\\\/02\\\/cropped-cropped-mitarbeiterbilder_steffi--96x96.jpg\",\"contentUrl\":\"https:\\\/\\\/www.alzd.de\\\/wp-content\\\/2018\\\/02\\\/cropped-cropped-mitarbeiterbilder_steffi--96x96.jpg\",\"caption\":\"Julia Bir\u00f3\"},\"description\":\"Bereits 2010 gingen so einige Blogbeitr\u00e4ge auf mein Konto. Dann war ich \u201ekurz\u201c weg \u2013 sechs Jahre. Umso mehr freut es mich, dass ich nun wieder die Chance bekomme, mein N\u00e4schen im Dienste der Duftrezension schnuppern zu lassen und eifrig in die Tasten zu hauen. Was Nischend\u00fcfte angeht, habe ich damals \u00fcbrigens schnell Feuer gefangen. Meine Ausbildung tat dazu ihr \u00dcbriges: Als diplomierte Biologin kenne ich mich nicht nur mit Fauna und Flora, sondern auch recht gut mit der Herstellung von \u00d6len und Extrakten aus, was den Reiz der Parfumwelt nat\u00fcrlich noch gr\u00f6\u00dfer macht.\",\"sameAs\":[\"https:\\\/\\\/biro.is\\\/\",\"https:\\\/\\\/www.facebook.com\\\/stephanie.tkaczik\"],\"url\":\"https:\\\/\\\/www.alzd.de\\\/en\\\/author\\\/stephanie\\\/\"}]}<\/script>\n<!-- \/ Yoast SEO plugin. -->","yoast_head_json":{"title":"Nektar by Laboratorio Olfattivo - From the heart of the oasis","description":"With Nektar Laboratorio Olfattivo presents us another fragrance of the collection Laboratorio in Nero, which in the meantime has become quite ...","robots":{"index":"index","follow":"follow","max-snippet":"max-snippet:-1","max-image-preview":"max-image-preview:large","max-video-preview":"max-video-preview:-1"},"canonical":"https:\/\/www.alzd.de\/en\/2022\/03\/08\/nektar-by-laboratorio-olfattivo-from-the-heart-of-the-oasis\/","og_locale":"en_US","og_type":"article","og_title":"Nektar by Laboratorio Olfattivo - From the heart of the oasis","og_url":"https:\/\/www.alzd.de\/en\/2022\/03\/08\/nektar-by-laboratorio-olfattivo-from-the-heart-of-the-oasis\/","og_site_name":"Das Duft-Tagebuch","article_publisher":"https:\/\/www.facebook.com\/dufttagebuch\/","article_author":"https:\/\/www.facebook.com\/stephanie.tkaczik","article_published_time":"2022-03-08T06:30:00+00:00","og_image":[{"width":720,"height":400,"url":"https:\/\/www.alzd.de\/wp-content\/2022\/03\/BB274587444_10158221829580566_1824296772259336758_n.jpg","type":"image\/jpeg"}],"author":"Julia Bir\u00f3","twitter_card":"summary_large_image","twitter_creator":"@ausliebezumduft","twitter_site":"@ausliebezumduft","schema":{"@context":"https:\/\/schema.org","@graph":[{"@type":"Article","@id":"https:\/\/www.alzd.de\/en\/2022\/03\/08\/nektar-by-laboratorio-olfattivo-from-the-heart-of-the-oasis\/#article","isPartOf":{"@id":"https:\/\/www.alzd.de\/en\/2022\/03\/08\/nektar-by-laboratorio-olfattivo-from-the-heart-of-the-oasis\/"},"author":{"name":"Julia Bir\u00f3","@id":"https:\/\/www.alzd.de\/en\/#\/schema\/person\/8efcd8f02447fdbe8f29ad465897d04e"},"headline":"Nektar by Laboratorio Olfattivo &#8211; From the heart of the oasis","datePublished":"2022-03-08T06:30:00+00:00","mainEntityOfPage":{"@id":"https:\/\/www.alzd.de\/en\/2022\/03\/08\/nektar-by-laboratorio-olfattivo-from-the-heart-of-the-oasis\/"},"wordCount":806,"commentCount":0,"publisher":{"@id":"https:\/\/www.alzd.de\/en\/#organization"},"image":{"@id":"https:\/\/www.alzd.de\/en\/2022\/03\/08\/nektar-by-laboratorio-olfattivo-from-the-heart-of-the-oasis\/#primaryimage"},"thumbnailUrl":"https:\/\/www.alzd.de\/wp-content\/2022\/03\/BB274587444_10158221829580566_1824296772259336758_n.jpg","keywords":["Honey","Incense","Laboratorio Olfattivo","Leather","Pierre-Constantin Gu\u00e9ros"],"articleSection":["Amber &amp; Resins","Fragrances","Leather","Orientals","Spicy"],"inLanguage":"en-US","potentialAction":[{"@type":"CommentAction","name":"Comment","target":["https:\/\/www.alzd.de\/en\/2022\/03\/08\/nektar-by-laboratorio-olfattivo-from-the-heart-of-the-oasis\/#respond"]}]},{"@type":"WebPage","@id":"https:\/\/www.alzd.de\/en\/2022\/03\/08\/nektar-by-laboratorio-olfattivo-from-the-heart-of-the-oasis\/","url":"https:\/\/www.alzd.de\/en\/2022\/03\/08\/nektar-by-laboratorio-olfattivo-from-the-heart-of-the-oasis\/","name":"Nektar by Laboratorio Olfattivo - From the heart of the oasis","isPartOf":{"@id":"https:\/\/www.alzd.de\/en\/#website"},"primaryImageOfPage":{"@id":"https:\/\/www.alzd.de\/en\/2022\/03\/08\/nektar-by-laboratorio-olfattivo-from-the-heart-of-the-oasis\/#primaryimage"},"image":{"@id":"https:\/\/www.alzd.de\/en\/2022\/03\/08\/nektar-by-laboratorio-olfattivo-from-the-heart-of-the-oasis\/#primaryimage"},"thumbnailUrl":"https:\/\/www.alzd.de\/wp-content\/2022\/03\/BB274587444_10158221829580566_1824296772259336758_n.jpg","datePublished":"2022-03-08T06:30:00+00:00","description":"With Nektar Laboratorio Olfattivo presents us another fragrance of the collection Laboratorio in Nero, which in the meantime has become quite ...","breadcrumb":{"@id":"https:\/\/www.alzd.de\/en\/2022\/03\/08\/nektar-by-laboratorio-olfattivo-from-the-heart-of-the-oasis\/#breadcrumb"},"inLanguage":"en-US","potentialAction":[{"@type":"ReadAction","target":["https:\/\/www.alzd.de\/en\/2022\/03\/08\/nektar-by-laboratorio-olfattivo-from-the-heart-of-the-oasis\/"]}]},{"@type":"ImageObject","inLanguage":"en-US","@id":"https:\/\/www.alzd.de\/en\/2022\/03\/08\/nektar-by-laboratorio-olfattivo-from-the-heart-of-the-oasis\/#primaryimage","url":"https:\/\/www.alzd.de\/wp-content\/2022\/03\/BB274587444_10158221829580566_1824296772259336758_n.jpg","contentUrl":"https:\/\/www.alzd.de\/wp-content\/2022\/03\/BB274587444_10158221829580566_1824296772259336758_n.jpg","width":720,"height":400},{"@type":"BreadcrumbList","@id":"https:\/\/www.alzd.de\/en\/2022\/03\/08\/nektar-by-laboratorio-olfattivo-from-the-heart-of-the-oasis\/#breadcrumb","itemListElement":[{"@type":"ListItem","position":1,"name":"Startseite","item":"https:\/\/www.alzd.de\/en\/"},{"@type":"ListItem","position":2,"name":"Nektar by Laboratorio Olfattivo &#8211; From the heart of the oasis"}]},{"@type":"WebSite","@id":"https:\/\/www.alzd.de\/en\/#website","url":"https:\/\/www.alzd.de\/en\/","name":"Das Duft-Tagebuch","description":"Das Parfumblog von Aus Liebe zum Duft","publisher":{"@id":"https:\/\/www.alzd.de\/en\/#organization"},"potentialAction":[{"@type":"SearchAction","target":{"@type":"EntryPoint","urlTemplate":"https:\/\/www.alzd.de\/en\/?s={search_term_string}"},"query-input":{"@type":"PropertyValueSpecification","valueRequired":true,"valueName":"search_term_string"}}],"inLanguage":"en-US"},{"@type":"Organization","@id":"https:\/\/www.alzd.de\/en\/#organization","name":"Das Duft-Tagebuch","url":"https:\/\/www.alzd.de\/en\/","logo":{"@type":"ImageObject","inLanguage":"en-US","@id":"https:\/\/www.alzd.de\/en\/#\/schema\/logo\/image\/","url":"https:\/\/www.alzd.de\/wp-content\/2023\/08\/alzd_dufttagebuch.png","contentUrl":"https:\/\/www.alzd.de\/wp-content\/2023\/08\/alzd_dufttagebuch.png","width":1804,"height":416,"caption":"Das Duft-Tagebuch"},"image":{"@id":"https:\/\/www.alzd.de\/en\/#\/schema\/logo\/image\/"},"sameAs":["https:\/\/www.facebook.com\/dufttagebuch\/","https:\/\/x.com\/ausliebezumduft","https:\/\/www.instagram.com\/ausliebezumduft.de\/","https:\/\/www.youtube.com\/c\/ausliebezumduft"]},{"@type":"Person","@id":"https:\/\/www.alzd.de\/en\/#\/schema\/person\/8efcd8f02447fdbe8f29ad465897d04e","name":"Julia Bir\u00f3","image":{"@type":"ImageObject","inLanguage":"en-US","@id":"https:\/\/www.alzd.de\/wp-content\/2018\/02\/cropped-cropped-mitarbeiterbilder_steffi--96x96.jpg","url":"https:\/\/www.alzd.de\/wp-content\/2018\/02\/cropped-cropped-mitarbeiterbilder_steffi--96x96.jpg","contentUrl":"https:\/\/www.alzd.de\/wp-content\/2018\/02\/cropped-cropped-mitarbeiterbilder_steffi--96x96.jpg","caption":"Julia Bir\u00f3"},"description":"Bereits 2010 gingen so einige Blogbeitr\u00e4ge auf mein Konto. Dann war ich \u201ekurz\u201c weg \u2013 sechs Jahre. Umso mehr freut es mich, dass ich nun wieder die Chance bekomme, mein N\u00e4schen im Dienste der Duftrezension schnuppern zu lassen und eifrig in die Tasten zu hauen. Was Nischend\u00fcfte angeht, habe ich damals \u00fcbrigens schnell Feuer gefangen. Meine Ausbildung tat dazu ihr \u00dcbriges: Als diplomierte Biologin kenne ich mich nicht nur mit Fauna und Flora, sondern auch recht gut mit der Herstellung von \u00d6len und Extrakten aus, was den Reiz der Parfumwelt nat\u00fcrlich noch gr\u00f6\u00dfer macht.","sameAs":["https:\/\/biro.is\/","https:\/\/www.facebook.com\/stephanie.tkaczik"],"url":"https:\/\/www.alzd.de\/en\/author\/stephanie\/"}]}},"wp-worthy-pixel":{"ignored":false,"public":null,"server":null,"url":null},"wp-worthy-type":"normal","_links":{"self":[{"href":"https:\/\/www.alzd.de\/en\/wp-json\/wp\/v2\/posts\/95277","targetHints":{"allow":["GET"]}}],"collection":[{"href":"https:\/\/www.alzd.de\/en\/wp-json\/wp\/v2\/posts"}],"about":[{"href":"https:\/\/www.alzd.de\/en\/wp-json\/wp\/v2\/types\/post"}],"author":[{"embeddable":true,"href":"https:\/\/www.alzd.de\/en\/wp-json\/wp\/v2\/users\/535"}],"replies":[{"embeddable":true,"href":"https:\/\/www.alzd.de\/en\/wp-json\/wp\/v2\/comments?post=95277"}],"version-history":[{"count":3,"href":"https:\/\/www.alzd.de\/en\/wp-json\/wp\/v2\/posts\/95277\/revisions"}],"predecessor-version":[{"id":95280,"href":"https:\/\/www.alzd.de\/en\/wp-json\/wp\/v2\/posts\/95277\/revisions\/95280"}],"wp:featuredmedia":[{"embeddable":true,"href":"https:\/\/www.alzd.de\/en\/wp-json\/wp\/v2\/media\/95226"}],"wp:attachment":[{"href":"https:\/\/www.alzd.de\/en\/wp-json\/wp\/v2\/media?parent=95277"}],"wp:term":[{"taxonomy":"category","embeddable":true,"href":"https:\/\/www.alzd.de\/en\/wp-json\/wp\/v2\/categories?post=95277"},{"taxonomy":"post_tag","embeddable":true,"href":"https:\/\/www.alzd.de\/en\/wp-json\/wp\/v2\/tags?post=95277"}],"curies":[{"name":"wp","href":"https:\/\/api.w.org\/{rel}","templated":true}]}}