{"id":95220,"date":"2022-03-04T07:30:00","date_gmt":"2022-03-04T06:30:00","guid":{"rendered":"https:\/\/www.alzd.de\/2022\/03\/04\/flaam-by-memo-the-beauty-of-norway\/"},"modified":"2022-03-07T14:19:43","modified_gmt":"2022-03-07T13:19:43","slug":"flaam-by-memo-the-beauty-of-norway","status":"publish","type":"post","link":"https:\/\/www.alzd.de\/en\/2022\/03\/04\/flaam-by-memo-the-beauty-of-norway\/","title":{"rendered":"Fl\u00e5m by Memo &#8211; The beauty of Norway"},"content":{"rendered":"\n<p>With the Eau de Parfum <a href=\"https:\/\/www.ausliebezumduft.de\/memo-paris-flam.html\" target=\"_blank\" rel=\"noreferrer noopener\">Fl\u00e5m<\/a> by <a href=\"https:\/\/www.ausliebezumduft.de\/duefte\/memo.html\" target=\"_blank\" rel=\"noreferrer noopener\">Memo<\/a> we turn today once again around a theme that inspires me particularly: Scandinavia. More specifically, the Parisian label of the French-Catalan-Irish couple Clara and John Molloy takes us to the beautiful Norway, the land of fjords, with stunning landscapes, magnificent nature and charming people.<\/p>\n\n\n\n<div class=\"wp-block-image\"><figure class=\"aligncenter size-large\"><img decoding=\"async\" width=\"1080\" height=\"720\" src=\"https:\/\/www.alzd.de\/wp-content\/2022\/03\/benjamin-blyth-6mQbNpLxW5w-unsplash-1080x720.jpg\" alt=\"Fl\u00e5m, Norway\" class=\"wp-image-95155\" title=\"Fl\u00e5m, Norway\" srcset=\"https:\/\/www.alzd.de\/wp-content\/2022\/03\/benjamin-blyth-6mQbNpLxW5w-unsplash-1080x720.jpg 1080w, https:\/\/www.alzd.de\/wp-content\/2022\/03\/benjamin-blyth-6mQbNpLxW5w-unsplash-720x480.jpg 720w, https:\/\/www.alzd.de\/wp-content\/2022\/03\/benjamin-blyth-6mQbNpLxW5w-unsplash-360x240.jpg 360w, https:\/\/www.alzd.de\/wp-content\/2022\/03\/benjamin-blyth-6mQbNpLxW5w-unsplash-768x512.jpg 768w, https:\/\/www.alzd.de\/wp-content\/2022\/03\/benjamin-blyth-6mQbNpLxW5w-unsplash-1536x1024.jpg 1536w, https:\/\/www.alzd.de\/wp-content\/2022\/03\/benjamin-blyth-6mQbNpLxW5w-unsplash-2048x1365.jpg 2048w, https:\/\/www.alzd.de\/wp-content\/2022\/03\/benjamin-blyth-6mQbNpLxW5w-unsplash-525x350.jpg 525w\" sizes=\"(max-width: 1080px) 100vw, 1080px\" \/><figcaption>Photo by <a href=\"https:\/\/unsplash.com\/@bjblyth?utm_source=unsplash&amp;utm_medium=referral&amp;utm_content=creditCopyText\">Benjamin Blyth<\/a> on <a href=\"https:\/\/unsplash.com\/s\/photos\/fl%C3%A5m?utm_source=unsplash&amp;utm_medium=referral&amp;utm_content=creditCopyText\">Unsplash<\/a><\/figcaption><\/figure><\/div>\n\n\n\n<h2 class=\"wp-block-heading\">Inspired by Norway&#8217;s fjords<\/h2>\n\n\n\n<p>Fl\u00e5m is inspired by such a breathtakingly beautiful fjord. The small town of the same name is located at the end of the Aurlandsfjord, a branch of the Sognefjord, about eighty kilometers northeast of Bergen. Fl\u00e5m has just a few hundred inhabitants. In addition, there are the countless tourists who visit the place since the middle of the 19th century. In the beginning, a few sport fishermen came from Great Britain and tried their fishing luck in Norway. In the meantime, close to half a million visitors from all over the world come to Fl\u00e5m &#8211; usually by cruise ship or train. <\/p>\n\n\n\n<p>This is because the Fl\u00e5m Railway, a branch line of the Oslo-Bergen route, serves the route from the higher Myrdal to the valley in Fl\u00e5m several times a day all year round. Over a total length of just over twenty kilometers, the Fl\u00e5m Railway overcomes a difference in altitude of almost 900 meters. A remarkable achievement, because we are not talking about a rack railroad here, but a normal one. The view on the journey from Myrdal to Fl\u00e5m, which takes just under an hour, must be spectacular. Passing a waterfall down into the valley, surrounded by high mountains, a small village with typical Scandinavian wooden houses and a picturesque wooden church.<\/p>\n\n\n\n<blockquote class=\"wp-block-quote is-layout-flow wp-block-quote-is-layout-flow\"><p>A fragrance that evokes the attractive energy of the northern lights and the warmth of a cozy wooden house. The crimson cottages line the small harbor. The village is characterized by contrasts. Fl\u00e5m is located on the road that crosses the majestic glacial valleys, where the memory of the Viking ships is still alive.<\/p><\/blockquote>\n\n\n\n<figure class=\"wp-block-embed aligncenter is-type-video is-provider-youtube wp-block-embed-youtube wp-embed-aspect-16-9 wp-has-aspect-ratio\"><div class=\"wp-block-embed__wrapper\">\n<iframe hcb-fetch-image-from=\"https:\/\/www.youtube.com\/watch?v=MOlEtw3guDc\" title=\"FLAM - Fjord and tonka sparkle\" width=\"500\" height=\"281\" src=\"https:\/\/www.youtube.com\/embed\/MOlEtw3guDc?feature=oembed\" frameborder=\"0\" allow=\"accelerometer; autoplay; clipboard-write; encrypted-media; gyroscope; picture-in-picture; web-share\" referrerpolicy=\"strict-origin-when-cross-origin\" allowfullscreen><\/iframe>\n<\/div><\/figure>\n\n\n\n<p>Of course, the Vikings cannot be missing when it comes to the topic of Scandinavia. Those legendary warriors who sailed the seas on their impressive ships. Such a longship of the Drakkar type, used for military purposes, is depicted on the bottle, struggling through the vastness of the ocean. A few years ago I was in Oslo and visited the Oseberg ship, which is exhibited in the museum Vikingskipshuset. A truly impressive testimony to Scandinavian history that is absolutely worth seeing. So if you&#8217;re ever in Oslo, be sure to stop by! \ud83d\ude42<\/p>\n\n\n\n<blockquote class=\"wp-block-quote is-layout-flow wp-block-quote-is-layout-flow\"><p>The ornately decorated, traditional longship Drakkar sets sail &#8211; graceful, powerful yet light, designed for speed. Full speed ahead out of the deep blue fjord, with towering mountains and thundering waterfalls.<\/p><\/blockquote>\n\n\n\n<h3 class=\"wp-block-heading\">Fl\u00e5m &#8211; Northern lights on the horizon<\/h3>\n\n\n\n<p>Somewhat surprising may seem the fragrance notes that Memo has combined for Fl\u00e5m: <strong>Bergamot, bitter orange, clary sage, aldehydes, jasmine, cedarwood, tonka bean, bourbon vanilla, cashmeran, ambroxan<\/strong> and <strong>ambrette<\/strong>. In fact, for a fragrance inspired by Scandinavia, I would have expected other ingredients, although I can&#8217;t really pin down which ones.<\/p>\n\n\n\n<div class=\"wp-block-image\"><figure class=\"aligncenter size-large\"><img decoding=\"async\" width=\"1080\" height=\"1080\" src=\"https:\/\/www.alzd.de\/wp-content\/2022\/03\/signal-2022-03-04-064153-1080x1080.png\" alt=\"Memo - Fl\u00e5m\" class=\"wp-image-95196\" title=\"Memo - Fl\u00e5m\" srcset=\"https:\/\/www.alzd.de\/wp-content\/2022\/03\/signal-2022-03-04-064153.png 1080w, https:\/\/www.alzd.de\/wp-content\/2022\/03\/signal-2022-03-04-064153-720x720.png 720w, https:\/\/www.alzd.de\/wp-content\/2022\/03\/signal-2022-03-04-064153-360x360.png 360w, https:\/\/www.alzd.de\/wp-content\/2022\/03\/signal-2022-03-04-064153-768x768.png 768w, https:\/\/www.alzd.de\/wp-content\/2022\/03\/signal-2022-03-04-064153-350x350.png 350w\" sizes=\"(max-width: 1080px) 100vw, 1080px\" \/><figcaption>Fl\u00e5m from <a href=\"https:\/\/www.instagram.com\/memo.paris\/\" target=\"_blank\" rel=\"noreferrer noopener\">Instagram<\/a><\/figcaption><\/figure><\/div>\n\n\n\n<p>Exotic spices were already known to the Vikings, who brought them back from their travels to the cool north, such as cinnamon and cardamom. The aforementioned tonka bean, however, originated in South America and arrived in Europe in the late 18th century, well after the time of the Vikings.<\/p>\n\n\n\n<h3 class=\"wp-block-heading\">How does Fl\u00e5m smell?<\/h3>\n\n\n\n<p>Fl\u00e5m reveals itself from the start as a lush floral scent dominated by aldehydes, which is fluffy, powdery and creamy at the same time. A colorful basket of Hesperides provides a gentle zappiness that underlines the lightness and freshness of the eau de parfum. Closely followed by a bouquet of cotton soft cuddly notes that spill into a sea of creamy jasmine blooming lushly in the creation. <\/p>\n\n\n\n<p>There is a hint of peachy velvet in the air, as well as the hay-like aromatic spiciness of tonka bean and the lovely facets of vanilla that skillfully nuance the fragrance. Cedar provides bright and clean wood accents as it progresses, offering Fl\u00e5m a solid and still creamy base. After an intense opening, Memo&#8217;s creation gradually calms down until finally, after several hours, it fades away close to the skin and soft.<\/p>\n\n\n\n<div class=\"wp-block-image\"><figure class=\"aligncenter size-full\"><img decoding=\"async\" width=\"726\" height=\"897\" src=\"https:\/\/www.alzd.de\/wp-content\/2022\/03\/Bildschirmfoto-vom-2022-03-04-05-59-16.png\" alt=\"Memo - Fl\u00e5m\" class=\"wp-image-95201\" title=\"Memo - Fl\u00e5m\" srcset=\"https:\/\/www.alzd.de\/wp-content\/2022\/03\/Bildschirmfoto-vom-2022-03-04-05-59-16.png 726w, https:\/\/www.alzd.de\/wp-content\/2022\/03\/Bildschirmfoto-vom-2022-03-04-05-59-16-583x720.png 583w, https:\/\/www.alzd.de\/wp-content\/2022\/03\/Bildschirmfoto-vom-2022-03-04-05-59-16-291x360.png 291w, https:\/\/www.alzd.de\/wp-content\/2022\/03\/Bildschirmfoto-vom-2022-03-04-05-59-16-283x350.png 283w\" sizes=\"(max-width: 726px) 100vw, 726px\" \/><figcaption>Fl\u00e5m from <a href=\"https:\/\/www.instagram.com\/memo.paris\/\" target=\"_blank\" rel=\"noreferrer noopener\">Instagram<\/a><\/figcaption><\/figure><\/div>\n\n\n\n<p>Even though I personally would have rather thought of a maritime, mineral-earthy creation for a fjord and Viking fragrance, this does not detract in the least from the expressiveness and beauty of the Fl\u00e5m fragrance composition. An enchanting mix of creamy jasmine, fluffy cuddly notes like cashmeran, ambroxan and ambrette, paired with a gentle spicyness, tangy Hesperides and velvety aldehydes that should absolutely please friends of summery, sunny and lusciously soft floral scents. A certain preference for mentioned cuddly nuances as well as aldehydes should be present, but if the conditions are right, it could become the great love. \ud83d\ude42<\/p>\n\n\n\n<div class=\"wp-block-buttons is-content-justification-center is-layout-flex wp-container-core-buttons-is-layout-16018d1d wp-block-buttons-is-layout-flex\">\n<div class=\"wp-block-button has-custom-width wp-block-button__width-50\"><a class=\"wp-block-button__link has-white-color has-text-color has-background\" href=\"https:\/\/www.ausliebezumduft.de\/memo-paris-flam.html\" style=\"background-color:#5ab185\" target=\"_blank\" rel=\"noreferrer noopener\"><strong>Directly to Fl\u00e5m<\/strong><\/a><\/div>\n<\/div>\n","protected":false},"excerpt":{"rendered":"<p>With the Eau de Parfum Fl\u00e5m by Memo we turn today once again around a theme that inspires me particularly: Scandinavia. More specifically, the Parisian label of the&#8230;<\/p>\n<div class=\"more-link-wrapper\"><a class=\"more-link\" href=\"https:\/\/www.alzd.de\/en\/2022\/03\/04\/flaam-by-memo-the-beauty-of-norway\/\">WEITERLESEN<span class=\"screen-reader-text\">Fl\u00e5m by Memo &#8211; The beauty of Norway<\/span><\/a><\/div>\n","protected":false},"author":535,"featured_media":95210,"comment_status":"open","ping_status":"closed","sticky":false,"template":"","format":"standard","meta":{"footnotes":""},"categories":[1161,1151,1117],"tags":[1556,1592],"class_list":["post-95220","post","type-post","status-publish","format-standard","has-post-thumbnail","hentry","category-clean-powdery","category-flowers","category-fragrances","tag-jasmine","tag-memo-en","excerpt","zoom","full-without-featured","even","excerpt-0"],"yoast_head":"<!-- This site is optimized with the Yoast SEO plugin v27.5 - https:\/\/yoast.com\/product\/yoast-seo-wordpress\/ -->\n<title>Fl\u00e5m by Memo - The beauty of Norway - Duft-Tagebuch<\/title>\n<meta name=\"description\" content=\"With the Eau de Parfum Fl\u00e5m by Memo we turn today once again around a theme that inspires me particularly: Scandinavia.\" \/>\n<meta name=\"robots\" content=\"index, follow, max-snippet:-1, max-image-preview:large, max-video-preview:-1\" \/>\n<link rel=\"canonical\" href=\"https:\/\/www.alzd.de\/en\/2022\/03\/04\/flaam-by-memo-the-beauty-of-norway\/\" \/>\n<meta property=\"og:locale\" content=\"en_US\" \/>\n<meta property=\"og:type\" content=\"article\" \/>\n<meta property=\"og:title\" content=\"Fl\u00e5m by Memo - The beauty of Norway - Duft-Tagebuch\" \/>\n<meta property=\"og:url\" content=\"https:\/\/www.alzd.de\/en\/2022\/03\/04\/flaam-by-memo-the-beauty-of-norway\/\" \/>\n<meta property=\"og:site_name\" content=\"Das Duft-Tagebuch\" \/>\n<meta property=\"article:publisher\" content=\"https:\/\/www.facebook.com\/dufttagebuch\/\" \/>\n<meta property=\"article:author\" content=\"https:\/\/www.facebook.com\/stephanie.tkaczik\" \/>\n<meta property=\"article:published_time\" content=\"2022-03-04T06:30:00+00:00\" \/>\n<meta property=\"article:modified_time\" content=\"2022-03-07T13:19:43+00:00\" \/>\n<meta property=\"og:image\" content=\"https:\/\/www.alzd.de\/wp-content\/2022\/03\/BB_benjamin-blyth-6mQbNpLxW5w-unsplash.jpg\" \/>\n\t<meta property=\"og:image:width\" content=\"720\" \/>\n\t<meta property=\"og:image:height\" content=\"400\" \/>\n\t<meta property=\"og:image:type\" content=\"image\/jpeg\" \/>\n<meta name=\"author\" content=\"Julia Bir\u00f3\" \/>\n<meta name=\"twitter:card\" content=\"summary_large_image\" \/>\n<meta name=\"twitter:creator\" content=\"@ausliebezumduft\" \/>\n<meta name=\"twitter:site\" content=\"@ausliebezumduft\" \/>\n<script type=\"application\/ld+json\" class=\"yoast-schema-graph\">{\"@context\":\"https:\\\/\\\/schema.org\",\"@graph\":[{\"@type\":\"Article\",\"@id\":\"https:\\\/\\\/www.alzd.de\\\/en\\\/2022\\\/03\\\/04\\\/flaam-by-memo-the-beauty-of-norway\\\/#article\",\"isPartOf\":{\"@id\":\"https:\\\/\\\/www.alzd.de\\\/en\\\/2022\\\/03\\\/04\\\/flaam-by-memo-the-beauty-of-norway\\\/\"},\"author\":{\"name\":\"Julia Bir\u00f3\",\"@id\":\"https:\\\/\\\/www.alzd.de\\\/en\\\/#\\\/schema\\\/person\\\/8efcd8f02447fdbe8f29ad465897d04e\"},\"headline\":\"Fl\u00e5m by Memo &#8211; The beauty of Norway\",\"datePublished\":\"2022-03-04T06:30:00+00:00\",\"dateModified\":\"2022-03-07T13:19:43+00:00\",\"mainEntityOfPage\":{\"@id\":\"https:\\\/\\\/www.alzd.de\\\/en\\\/2022\\\/03\\\/04\\\/flaam-by-memo-the-beauty-of-norway\\\/\"},\"wordCount\":849,\"commentCount\":0,\"publisher\":{\"@id\":\"https:\\\/\\\/www.alzd.de\\\/en\\\/#organization\"},\"image\":{\"@id\":\"https:\\\/\\\/www.alzd.de\\\/en\\\/2022\\\/03\\\/04\\\/flaam-by-memo-the-beauty-of-norway\\\/#primaryimage\"},\"thumbnailUrl\":\"https:\\\/\\\/www.alzd.de\\\/wp-content\\\/2022\\\/03\\\/BB_benjamin-blyth-6mQbNpLxW5w-unsplash.jpg\",\"keywords\":[\"Jasmine\",\"Memo\"],\"articleSection\":[\"Clean &amp; Powdery\",\"Flowers\",\"Fragrances\"],\"inLanguage\":\"en-US\",\"potentialAction\":[{\"@type\":\"CommentAction\",\"name\":\"Comment\",\"target\":[\"https:\\\/\\\/www.alzd.de\\\/en\\\/2022\\\/03\\\/04\\\/flaam-by-memo-the-beauty-of-norway\\\/#respond\"]}]},{\"@type\":\"WebPage\",\"@id\":\"https:\\\/\\\/www.alzd.de\\\/en\\\/2022\\\/03\\\/04\\\/flaam-by-memo-the-beauty-of-norway\\\/\",\"url\":\"https:\\\/\\\/www.alzd.de\\\/en\\\/2022\\\/03\\\/04\\\/flaam-by-memo-the-beauty-of-norway\\\/\",\"name\":\"Fl\u00e5m by Memo - The beauty of Norway - Duft-Tagebuch\",\"isPartOf\":{\"@id\":\"https:\\\/\\\/www.alzd.de\\\/en\\\/#website\"},\"primaryImageOfPage\":{\"@id\":\"https:\\\/\\\/www.alzd.de\\\/en\\\/2022\\\/03\\\/04\\\/flaam-by-memo-the-beauty-of-norway\\\/#primaryimage\"},\"image\":{\"@id\":\"https:\\\/\\\/www.alzd.de\\\/en\\\/2022\\\/03\\\/04\\\/flaam-by-memo-the-beauty-of-norway\\\/#primaryimage\"},\"thumbnailUrl\":\"https:\\\/\\\/www.alzd.de\\\/wp-content\\\/2022\\\/03\\\/BB_benjamin-blyth-6mQbNpLxW5w-unsplash.jpg\",\"datePublished\":\"2022-03-04T06:30:00+00:00\",\"dateModified\":\"2022-03-07T13:19:43+00:00\",\"description\":\"With the Eau de Parfum Fl\u00e5m by Memo we turn today once again around a theme that inspires me particularly: Scandinavia.\",\"breadcrumb\":{\"@id\":\"https:\\\/\\\/www.alzd.de\\\/en\\\/2022\\\/03\\\/04\\\/flaam-by-memo-the-beauty-of-norway\\\/#breadcrumb\"},\"inLanguage\":\"en-US\",\"potentialAction\":[{\"@type\":\"ReadAction\",\"target\":[\"https:\\\/\\\/www.alzd.de\\\/en\\\/2022\\\/03\\\/04\\\/flaam-by-memo-the-beauty-of-norway\\\/\"]}]},{\"@type\":\"ImageObject\",\"inLanguage\":\"en-US\",\"@id\":\"https:\\\/\\\/www.alzd.de\\\/en\\\/2022\\\/03\\\/04\\\/flaam-by-memo-the-beauty-of-norway\\\/#primaryimage\",\"url\":\"https:\\\/\\\/www.alzd.de\\\/wp-content\\\/2022\\\/03\\\/BB_benjamin-blyth-6mQbNpLxW5w-unsplash.jpg\",\"contentUrl\":\"https:\\\/\\\/www.alzd.de\\\/wp-content\\\/2022\\\/03\\\/BB_benjamin-blyth-6mQbNpLxW5w-unsplash.jpg\",\"width\":720,\"height\":400},{\"@type\":\"BreadcrumbList\",\"@id\":\"https:\\\/\\\/www.alzd.de\\\/en\\\/2022\\\/03\\\/04\\\/flaam-by-memo-the-beauty-of-norway\\\/#breadcrumb\",\"itemListElement\":[{\"@type\":\"ListItem\",\"position\":1,\"name\":\"Startseite\",\"item\":\"https:\\\/\\\/www.alzd.de\\\/en\\\/\"},{\"@type\":\"ListItem\",\"position\":2,\"name\":\"Fl\u00e5m by Memo &#8211; The beauty of Norway\"}]},{\"@type\":\"WebSite\",\"@id\":\"https:\\\/\\\/www.alzd.de\\\/en\\\/#website\",\"url\":\"https:\\\/\\\/www.alzd.de\\\/en\\\/\",\"name\":\"Das Duft-Tagebuch\",\"description\":\"Das Parfumblog von Aus Liebe zum Duft\",\"publisher\":{\"@id\":\"https:\\\/\\\/www.alzd.de\\\/en\\\/#organization\"},\"potentialAction\":[{\"@type\":\"SearchAction\",\"target\":{\"@type\":\"EntryPoint\",\"urlTemplate\":\"https:\\\/\\\/www.alzd.de\\\/en\\\/?s={search_term_string}\"},\"query-input\":{\"@type\":\"PropertyValueSpecification\",\"valueRequired\":true,\"valueName\":\"search_term_string\"}}],\"inLanguage\":\"en-US\"},{\"@type\":\"Organization\",\"@id\":\"https:\\\/\\\/www.alzd.de\\\/en\\\/#organization\",\"name\":\"Das Duft-Tagebuch\",\"url\":\"https:\\\/\\\/www.alzd.de\\\/en\\\/\",\"logo\":{\"@type\":\"ImageObject\",\"inLanguage\":\"en-US\",\"@id\":\"https:\\\/\\\/www.alzd.de\\\/en\\\/#\\\/schema\\\/logo\\\/image\\\/\",\"url\":\"https:\\\/\\\/www.alzd.de\\\/wp-content\\\/2023\\\/08\\\/alzd_dufttagebuch.png\",\"contentUrl\":\"https:\\\/\\\/www.alzd.de\\\/wp-content\\\/2023\\\/08\\\/alzd_dufttagebuch.png\",\"width\":1804,\"height\":416,\"caption\":\"Das Duft-Tagebuch\"},\"image\":{\"@id\":\"https:\\\/\\\/www.alzd.de\\\/en\\\/#\\\/schema\\\/logo\\\/image\\\/\"},\"sameAs\":[\"https:\\\/\\\/www.facebook.com\\\/dufttagebuch\\\/\",\"https:\\\/\\\/x.com\\\/ausliebezumduft\",\"https:\\\/\\\/www.instagram.com\\\/ausliebezumduft.de\\\/\",\"https:\\\/\\\/www.youtube.com\\\/c\\\/ausliebezumduft\"]},{\"@type\":\"Person\",\"@id\":\"https:\\\/\\\/www.alzd.de\\\/en\\\/#\\\/schema\\\/person\\\/8efcd8f02447fdbe8f29ad465897d04e\",\"name\":\"Julia Bir\u00f3\",\"image\":{\"@type\":\"ImageObject\",\"inLanguage\":\"en-US\",\"@id\":\"https:\\\/\\\/www.alzd.de\\\/wp-content\\\/2018\\\/02\\\/cropped-cropped-mitarbeiterbilder_steffi--96x96.jpg\",\"url\":\"https:\\\/\\\/www.alzd.de\\\/wp-content\\\/2018\\\/02\\\/cropped-cropped-mitarbeiterbilder_steffi--96x96.jpg\",\"contentUrl\":\"https:\\\/\\\/www.alzd.de\\\/wp-content\\\/2018\\\/02\\\/cropped-cropped-mitarbeiterbilder_steffi--96x96.jpg\",\"caption\":\"Julia Bir\u00f3\"},\"description\":\"Bereits 2010 gingen so einige Blogbeitr\u00e4ge auf mein Konto. Dann war ich \u201ekurz\u201c weg \u2013 sechs Jahre. Umso mehr freut es mich, dass ich nun wieder die Chance bekomme, mein N\u00e4schen im Dienste der Duftrezension schnuppern zu lassen und eifrig in die Tasten zu hauen. Was Nischend\u00fcfte angeht, habe ich damals \u00fcbrigens schnell Feuer gefangen. Meine Ausbildung tat dazu ihr \u00dcbriges: Als diplomierte Biologin kenne ich mich nicht nur mit Fauna und Flora, sondern auch recht gut mit der Herstellung von \u00d6len und Extrakten aus, was den Reiz der Parfumwelt nat\u00fcrlich noch gr\u00f6\u00dfer macht.\",\"sameAs\":[\"https:\\\/\\\/biro.is\\\/\",\"https:\\\/\\\/www.facebook.com\\\/stephanie.tkaczik\"],\"url\":\"https:\\\/\\\/www.alzd.de\\\/en\\\/author\\\/stephanie\\\/\"}]}<\/script>\n<!-- \/ Yoast SEO plugin. -->","yoast_head_json":{"title":"Fl\u00e5m by Memo - The beauty of Norway - Duft-Tagebuch","description":"With the Eau de Parfum Fl\u00e5m by Memo we turn today once again around a theme that inspires me particularly: Scandinavia.","robots":{"index":"index","follow":"follow","max-snippet":"max-snippet:-1","max-image-preview":"max-image-preview:large","max-video-preview":"max-video-preview:-1"},"canonical":"https:\/\/www.alzd.de\/en\/2022\/03\/04\/flaam-by-memo-the-beauty-of-norway\/","og_locale":"en_US","og_type":"article","og_title":"Fl\u00e5m by Memo - The beauty of Norway - Duft-Tagebuch","og_url":"https:\/\/www.alzd.de\/en\/2022\/03\/04\/flaam-by-memo-the-beauty-of-norway\/","og_site_name":"Das Duft-Tagebuch","article_publisher":"https:\/\/www.facebook.com\/dufttagebuch\/","article_author":"https:\/\/www.facebook.com\/stephanie.tkaczik","article_published_time":"2022-03-04T06:30:00+00:00","article_modified_time":"2022-03-07T13:19:43+00:00","og_image":[{"width":720,"height":400,"url":"https:\/\/www.alzd.de\/wp-content\/2022\/03\/BB_benjamin-blyth-6mQbNpLxW5w-unsplash.jpg","type":"image\/jpeg"}],"author":"Julia Bir\u00f3","twitter_card":"summary_large_image","twitter_creator":"@ausliebezumduft","twitter_site":"@ausliebezumduft","schema":{"@context":"https:\/\/schema.org","@graph":[{"@type":"Article","@id":"https:\/\/www.alzd.de\/en\/2022\/03\/04\/flaam-by-memo-the-beauty-of-norway\/#article","isPartOf":{"@id":"https:\/\/www.alzd.de\/en\/2022\/03\/04\/flaam-by-memo-the-beauty-of-norway\/"},"author":{"name":"Julia Bir\u00f3","@id":"https:\/\/www.alzd.de\/en\/#\/schema\/person\/8efcd8f02447fdbe8f29ad465897d04e"},"headline":"Fl\u00e5m by Memo &#8211; The beauty of Norway","datePublished":"2022-03-04T06:30:00+00:00","dateModified":"2022-03-07T13:19:43+00:00","mainEntityOfPage":{"@id":"https:\/\/www.alzd.de\/en\/2022\/03\/04\/flaam-by-memo-the-beauty-of-norway\/"},"wordCount":849,"commentCount":0,"publisher":{"@id":"https:\/\/www.alzd.de\/en\/#organization"},"image":{"@id":"https:\/\/www.alzd.de\/en\/2022\/03\/04\/flaam-by-memo-the-beauty-of-norway\/#primaryimage"},"thumbnailUrl":"https:\/\/www.alzd.de\/wp-content\/2022\/03\/BB_benjamin-blyth-6mQbNpLxW5w-unsplash.jpg","keywords":["Jasmine","Memo"],"articleSection":["Clean &amp; Powdery","Flowers","Fragrances"],"inLanguage":"en-US","potentialAction":[{"@type":"CommentAction","name":"Comment","target":["https:\/\/www.alzd.de\/en\/2022\/03\/04\/flaam-by-memo-the-beauty-of-norway\/#respond"]}]},{"@type":"WebPage","@id":"https:\/\/www.alzd.de\/en\/2022\/03\/04\/flaam-by-memo-the-beauty-of-norway\/","url":"https:\/\/www.alzd.de\/en\/2022\/03\/04\/flaam-by-memo-the-beauty-of-norway\/","name":"Fl\u00e5m by Memo - The beauty of Norway - Duft-Tagebuch","isPartOf":{"@id":"https:\/\/www.alzd.de\/en\/#website"},"primaryImageOfPage":{"@id":"https:\/\/www.alzd.de\/en\/2022\/03\/04\/flaam-by-memo-the-beauty-of-norway\/#primaryimage"},"image":{"@id":"https:\/\/www.alzd.de\/en\/2022\/03\/04\/flaam-by-memo-the-beauty-of-norway\/#primaryimage"},"thumbnailUrl":"https:\/\/www.alzd.de\/wp-content\/2022\/03\/BB_benjamin-blyth-6mQbNpLxW5w-unsplash.jpg","datePublished":"2022-03-04T06:30:00+00:00","dateModified":"2022-03-07T13:19:43+00:00","description":"With the Eau de Parfum Fl\u00e5m by Memo we turn today once again around a theme that inspires me particularly: Scandinavia.","breadcrumb":{"@id":"https:\/\/www.alzd.de\/en\/2022\/03\/04\/flaam-by-memo-the-beauty-of-norway\/#breadcrumb"},"inLanguage":"en-US","potentialAction":[{"@type":"ReadAction","target":["https:\/\/www.alzd.de\/en\/2022\/03\/04\/flaam-by-memo-the-beauty-of-norway\/"]}]},{"@type":"ImageObject","inLanguage":"en-US","@id":"https:\/\/www.alzd.de\/en\/2022\/03\/04\/flaam-by-memo-the-beauty-of-norway\/#primaryimage","url":"https:\/\/www.alzd.de\/wp-content\/2022\/03\/BB_benjamin-blyth-6mQbNpLxW5w-unsplash.jpg","contentUrl":"https:\/\/www.alzd.de\/wp-content\/2022\/03\/BB_benjamin-blyth-6mQbNpLxW5w-unsplash.jpg","width":720,"height":400},{"@type":"BreadcrumbList","@id":"https:\/\/www.alzd.de\/en\/2022\/03\/04\/flaam-by-memo-the-beauty-of-norway\/#breadcrumb","itemListElement":[{"@type":"ListItem","position":1,"name":"Startseite","item":"https:\/\/www.alzd.de\/en\/"},{"@type":"ListItem","position":2,"name":"Fl\u00e5m by Memo &#8211; The beauty of Norway"}]},{"@type":"WebSite","@id":"https:\/\/www.alzd.de\/en\/#website","url":"https:\/\/www.alzd.de\/en\/","name":"Das Duft-Tagebuch","description":"Das Parfumblog von Aus Liebe zum Duft","publisher":{"@id":"https:\/\/www.alzd.de\/en\/#organization"},"potentialAction":[{"@type":"SearchAction","target":{"@type":"EntryPoint","urlTemplate":"https:\/\/www.alzd.de\/en\/?s={search_term_string}"},"query-input":{"@type":"PropertyValueSpecification","valueRequired":true,"valueName":"search_term_string"}}],"inLanguage":"en-US"},{"@type":"Organization","@id":"https:\/\/www.alzd.de\/en\/#organization","name":"Das Duft-Tagebuch","url":"https:\/\/www.alzd.de\/en\/","logo":{"@type":"ImageObject","inLanguage":"en-US","@id":"https:\/\/www.alzd.de\/en\/#\/schema\/logo\/image\/","url":"https:\/\/www.alzd.de\/wp-content\/2023\/08\/alzd_dufttagebuch.png","contentUrl":"https:\/\/www.alzd.de\/wp-content\/2023\/08\/alzd_dufttagebuch.png","width":1804,"height":416,"caption":"Das Duft-Tagebuch"},"image":{"@id":"https:\/\/www.alzd.de\/en\/#\/schema\/logo\/image\/"},"sameAs":["https:\/\/www.facebook.com\/dufttagebuch\/","https:\/\/x.com\/ausliebezumduft","https:\/\/www.instagram.com\/ausliebezumduft.de\/","https:\/\/www.youtube.com\/c\/ausliebezumduft"]},{"@type":"Person","@id":"https:\/\/www.alzd.de\/en\/#\/schema\/person\/8efcd8f02447fdbe8f29ad465897d04e","name":"Julia Bir\u00f3","image":{"@type":"ImageObject","inLanguage":"en-US","@id":"https:\/\/www.alzd.de\/wp-content\/2018\/02\/cropped-cropped-mitarbeiterbilder_steffi--96x96.jpg","url":"https:\/\/www.alzd.de\/wp-content\/2018\/02\/cropped-cropped-mitarbeiterbilder_steffi--96x96.jpg","contentUrl":"https:\/\/www.alzd.de\/wp-content\/2018\/02\/cropped-cropped-mitarbeiterbilder_steffi--96x96.jpg","caption":"Julia Bir\u00f3"},"description":"Bereits 2010 gingen so einige Blogbeitr\u00e4ge auf mein Konto. Dann war ich \u201ekurz\u201c weg \u2013 sechs Jahre. Umso mehr freut es mich, dass ich nun wieder die Chance bekomme, mein N\u00e4schen im Dienste der Duftrezension schnuppern zu lassen und eifrig in die Tasten zu hauen. Was Nischend\u00fcfte angeht, habe ich damals \u00fcbrigens schnell Feuer gefangen. Meine Ausbildung tat dazu ihr \u00dcbriges: Als diplomierte Biologin kenne ich mich nicht nur mit Fauna und Flora, sondern auch recht gut mit der Herstellung von \u00d6len und Extrakten aus, was den Reiz der Parfumwelt nat\u00fcrlich noch gr\u00f6\u00dfer macht.","sameAs":["https:\/\/biro.is\/","https:\/\/www.facebook.com\/stephanie.tkaczik"],"url":"https:\/\/www.alzd.de\/en\/author\/stephanie\/"}]}},"wp-worthy-pixel":{"ignored":false,"public":null,"server":null,"url":null},"wp-worthy-type":"normal","_links":{"self":[{"href":"https:\/\/www.alzd.de\/en\/wp-json\/wp\/v2\/posts\/95220","targetHints":{"allow":["GET"]}}],"collection":[{"href":"https:\/\/www.alzd.de\/en\/wp-json\/wp\/v2\/posts"}],"about":[{"href":"https:\/\/www.alzd.de\/en\/wp-json\/wp\/v2\/types\/post"}],"author":[{"embeddable":true,"href":"https:\/\/www.alzd.de\/en\/wp-json\/wp\/v2\/users\/535"}],"replies":[{"embeddable":true,"href":"https:\/\/www.alzd.de\/en\/wp-json\/wp\/v2\/comments?post=95220"}],"version-history":[{"count":3,"href":"https:\/\/www.alzd.de\/en\/wp-json\/wp\/v2\/posts\/95220\/revisions"}],"predecessor-version":[{"id":95281,"href":"https:\/\/www.alzd.de\/en\/wp-json\/wp\/v2\/posts\/95220\/revisions\/95281"}],"wp:featuredmedia":[{"embeddable":true,"href":"https:\/\/www.alzd.de\/en\/wp-json\/wp\/v2\/media\/95210"}],"wp:attachment":[{"href":"https:\/\/www.alzd.de\/en\/wp-json\/wp\/v2\/media?parent=95220"}],"wp:term":[{"taxonomy":"category","embeddable":true,"href":"https:\/\/www.alzd.de\/en\/wp-json\/wp\/v2\/categories?post=95220"},{"taxonomy":"post_tag","embeddable":true,"href":"https:\/\/www.alzd.de\/en\/wp-json\/wp\/v2\/tags?post=95220"}],"curies":[{"name":"wp","href":"https:\/\/api.w.org\/{rel}","templated":true}]}}