{"id":94888,"date":"2022-02-10T07:30:38","date_gmt":"2022-02-10T06:30:38","guid":{"rendered":"https:\/\/www.alzd.de\/2022\/02\/10\/in-the-face-of-the-sun-and-moon-yakamoz-and-calar-del-sole-by-arteolfatto\/"},"modified":"2022-02-23T08:16:38","modified_gmt":"2022-02-23T07:16:38","slug":"in-the-face-of-the-sun-and-moon-yakamoz-and-calar-del-sole-by-arteolfatto","status":"publish","type":"post","link":"https:\/\/www.alzd.de\/en\/2022\/02\/10\/in-the-face-of-the-sun-and-moon-yakamoz-and-calar-del-sole-by-arteolfatto\/","title":{"rendered":"In the face of the sun and moon \u2013 Yakamoz and Calar del Sole by ArteOlfatto"},"content":{"rendered":"\n<p>With <a href=\"https:\/\/www.ausliebezumduft.de\/arteolfatto-yakamoz.html\" target=\"_blank\" rel=\"noreferrer noopener\">Yakamoz<\/a> and <a href=\"https:\/\/www.ausliebezumduft.de\/arteolfatto-calar-del-sole.html\" target=\"_blank\" rel=\"noreferrer noopener\">Calar del Sole<\/a>, the fragrance history of the Italian brand <a href=\"https:\/\/www.ausliebezumduft.de\/duefte\/arteolfatto.html\" target=\"_blank\" rel=\"noreferrer noopener\">ArteOlfatto<\/a> continues. Which pleases me very much, because the label around the founder Luigi Nappo I have been accompanying here in the fragrance diary for several years now. And so it always feels to me almost as if I meet an old acquaintance again, when a brand so familiar to me launches a new fragrance and a sample of it lands on my desk.<\/p>\n\n<div class=\"wp-block-image\"><figure class=\"aligncenter size-large\"><img decoding=\"async\" width=\"1080\" height=\"1025\" src=\"https:\/\/www.alzd.de\/wp-content\/2022\/02\/271842230_2070989529729121_2550336547291055102_n-1080x1025.jpg\" alt=\"The ArteOlfatto collection\" class=\"wp-image-94452\" title=\"The ArteOlfatto collection\" srcset=\"https:\/\/www.alzd.de\/wp-content\/2022\/02\/271842230_2070989529729121_2550336547291055102_n-1080x1025.jpg 1080w, https:\/\/www.alzd.de\/wp-content\/2022\/02\/271842230_2070989529729121_2550336547291055102_n-720x684.jpg 720w, https:\/\/www.alzd.de\/wp-content\/2022\/02\/271842230_2070989529729121_2550336547291055102_n-360x342.jpg 360w, https:\/\/www.alzd.de\/wp-content\/2022\/02\/271842230_2070989529729121_2550336547291055102_n-768x729.jpg 768w, https:\/\/www.alzd.de\/wp-content\/2022\/02\/271842230_2070989529729121_2550336547291055102_n-369x350.jpg 369w, https:\/\/www.alzd.de\/wp-content\/2022\/02\/271842230_2070989529729121_2550336547291055102_n.jpg 1440w\" sizes=\"(max-width: 1080px) 100vw, 1080px\" \/><figcaption>Image from <a href=\"https:\/\/www.facebook.com\/luxuryperfumesitalia\" target=\"_blank\" rel=\"noreferrer noopener\">Facebook<\/a><\/figcaption><\/figure><\/div>\n\n<p>I always find it particularly exciting when there is a certain story behind a fragrance, a certain reference to something that may already be hidden in the name of the creation. You dive into the depths of the Internet, research sometimes more, sometimes less successfully and finally find what you are looking for or not. The fragrance compositions of ArteOlfatto are usually grateful research objects, to whose name you can usually always find something usable. This is also the case with our current two candidates, Yakamoz and Calar del Sol.<\/p>\n\n<h2 class=\"wp-block-heading\" id=\"yakamoz-im-schein-des-mondes\">Yakamoz \u2013 in the light of the moon<\/h2>\n\n<p>What catches the eye right at the beginning are the obviously newly labeled bottles, which are no longer provided with a dark brown, but a shiny golden label. I like this facelift very much, as it gives the fragrances an even nobler look, which absolutely lives up to their inner values.<\/p>\n\n<p><a href=\"https:\/\/www.ausliebezumduft.de\/arteolfatto-yakamoz.html\" target=\"_blank\" rel=\"noreferrer noopener\">Yakamoz<\/a>, the research quickly revealed, refers to a Turkish word that is sometimes advertised as one of the best known in the Turkish language. It translates as &#8220;sea lights&#8221; and is also the term for the reflection of the moon on a water surface. How cumbersome the German language is once again. More than a handful of words are needed in this country to describe this nocturnal and romantically tinged light spectacle. Yakamoz also convinced the jury of the contest &#8220;The most beautiful ABC in the world&#8221; from 2007, which was carried out by the magazine Kulturaustausch and the Institute for Foreign Cultural Relations in Stuttgart, and therefore landed in 1st place.<\/p>\n\n<div class=\"wp-block-image\"><figure class=\"aligncenter size-large\"><img decoding=\"async\" width=\"672\" height=\"1080\" src=\"https:\/\/www.alzd.de\/wp-content\/2022\/02\/yakamoz-1-scaled-1-672x1080.jpg\" alt=\"ArteOlfatto - Yakamoz\" class=\"wp-image-94453\" title=\"ArteOlfatto - Yakamoz\" srcset=\"https:\/\/www.alzd.de\/wp-content\/2022\/02\/yakamoz-1-scaled-1-672x1080.jpg 672w, https:\/\/www.alzd.de\/wp-content\/2022\/02\/yakamoz-1-scaled-1-448x720.jpg 448w, https:\/\/www.alzd.de\/wp-content\/2022\/02\/yakamoz-1-scaled-1-224x360.jpg 224w, https:\/\/www.alzd.de\/wp-content\/2022\/02\/yakamoz-1-scaled-1-768x1233.jpg 768w, https:\/\/www.alzd.de\/wp-content\/2022\/02\/yakamoz-1-scaled-1-956x1536.jpg 956w, https:\/\/www.alzd.de\/wp-content\/2022\/02\/yakamoz-1-scaled-1-1275x2048.jpg 1275w, https:\/\/www.alzd.de\/wp-content\/2022\/02\/yakamoz-1-scaled-1-218x350.jpg 218w, https:\/\/www.alzd.de\/wp-content\/2022\/02\/yakamoz-1-scaled-1.jpg 1594w\" sizes=\"(max-width: 672px) 100vw, 672px\" \/><figcaption>Yakamoz by <a href=\"https:\/\/www.luxuryperfumes.it\" target=\"_blank\" rel=\"noreferrer noopener\">ArteOlfatto<\/a><\/figcaption><\/figure><\/div>\n\n<p>The fragrance notes of Yakamoz from ArteOlfatto definitely enrapture me: <strong>bergamot, fig, nutmeg, cinnamon, ylang-ylang, jasmine, rose, patchouli, amber<\/strong> and <strong>vanilla<\/strong> are the ingredients of this homage to the beauty of the moon and its reflection on water.<\/p>\n\n<h3 class=\"wp-block-heading\" id=\"reflexion-des-vollmonds\">Reflection of the full moon<\/h3>\n\n<p><a href=\"https:\/\/www.ausliebezumduft.de\/arteolfatto-yakamoz.html\" target=\"_blank\" rel=\"noreferrer noopener\">Yakamoz<\/a> enters the stage immediately after spraying in full splendor. Lush, intense and seductive, the Extrait de Parfum beguiles with an imposing floral bouquet of ylang-ylang, rose and light-creamy jasmine. Spices accentuate the floral notes, I particularly perceive the aromatic freshness of nutmeg here. Bergamot and fig provide subliminal tart-greenish nuances, which are sometimes more, sometimes less distinct.<\/p>\n\n<p>Yakamoz by ArteOlfatto appears densely packed and extremely complex, gradually incorporating darker and warmer facets. Amber and patchouli provide depth and volume. Their notes are reminiscent of the finest suede, of magnificent woods that appear noble and full of pride. Dark and seductive vanilla finally rounds off the creation in an extremely harmonious way.<\/p>\n\n<div class=\"wp-block-image\"><figure class=\"aligncenter size-full\"><img decoding=\"async\" width=\"600\" height=\"600\" src=\"https:\/\/www.alzd.de\/wp-content\/2022\/02\/yakamoz-extrait-100ml.jpg\" alt=\"ArteOlfatto - Yakamoz\" class=\"wp-image-94454\" title=\"ArteOlfatto - Yakamoz\" srcset=\"https:\/\/www.alzd.de\/wp-content\/2022\/02\/yakamoz-extrait-100ml.jpg 600w, https:\/\/www.alzd.de\/wp-content\/2022\/02\/yakamoz-extrait-100ml-360x360.jpg 360w, https:\/\/www.alzd.de\/wp-content\/2022\/02\/yakamoz-extrait-100ml-350x350.jpg 350w\" sizes=\"(max-width: 600px) 100vw, 600px\" \/><\/figure><\/div>\n\n<p>Yakamoz by ArteOlfatto is a magnificent blend of flowers and spices, rounded off by ambered woody notes. A fragrance that contains power, presence and also a certain sweetness, that seduces, beguiles and envelops. An Extrait de Parfum, which in my eyes is more suitable for the evening, for special occasions or the romantic date with the loved one. A beautiful creation that friends of spicy floral scents should definitely put on their to-try list. \ud83d\ude42<\/p>\n\n<div class=\"wp-block-buttons is-content-justification-center is-layout-flex wp-container-core-buttons-is-layout-16018d1d wp-block-buttons-is-layout-flex\">\n<div class=\"wp-block-button has-custom-width wp-block-button__width-50\"><a class=\"wp-block-button__link has-black-color has-text-color has-background\" href=\"https:\/\/www.ausliebezumduft.de\/arteolfatto-yakamoz.html\" style=\"background-color:#f5d437\" target=\"_blank\" rel=\"noreferrer noopener\"><strong>Directly to Yakamoz<\/strong><\/a><\/div>\n<\/div>\n\n<div style=\"height:100px\" aria-hidden=\"true\" class=\"wp-block-spacer\"><\/div>\n\n<h2 class=\"wp-block-heading\" id=\"calar-del-sole-der-untergang-der-sonne\">Calar del Sole \u2013 the setting of the sun<\/h2>\n\n<p>From the moon to the sun. What could be more fitting than to combine these two celestial bodies, which are so important for us and also so commonplace, in this review? <a href=\"https:\/\/www.ausliebezumduft.de\/arteolfatto-calar-del-sole.html\" target=\"_blank\" rel=\"noreferrer noopener\">Calar del Sole<\/a> by ArteOlfatto pays homage to the sun as our source of heat and light or its setting, because &#8220;sunset&#8221; is the English translation of the Italian term. A fascinating natural spectacle that enchants many every evening, captured in photographs and paintings, romantic and atmospheric at the same time. Whether at the seaside, in the mountains, observed from the garden, balcony or the window at home, the sun slowly disappearing on the horizon has a very special magic.<\/p>\n\n<figure class=\"wp-block-pullquote has-medium-font-size\"><blockquote><p>Calar del Sole is a perfume that tells of sunsets on the Amalfi Coast.<\/p><\/blockquote><\/figure>\n\n<div class=\"wp-block-image\"><figure class=\"aligncenter size-large\"><img decoding=\"async\" width=\"672\" height=\"1080\" src=\"https:\/\/www.alzd.de\/wp-content\/2022\/02\/calar-del-sole-1-scaled-1-672x1080.jpg\" alt=\"ArteOlfatto - Calar del Sole\" class=\"wp-image-94455\" title=\"ArteOlfatto - Calar del Sole\" srcset=\"https:\/\/www.alzd.de\/wp-content\/2022\/02\/calar-del-sole-1-scaled-1-672x1080.jpg 672w, https:\/\/www.alzd.de\/wp-content\/2022\/02\/calar-del-sole-1-scaled-1-448x720.jpg 448w, https:\/\/www.alzd.de\/wp-content\/2022\/02\/calar-del-sole-1-scaled-1-224x360.jpg 224w, https:\/\/www.alzd.de\/wp-content\/2022\/02\/calar-del-sole-1-scaled-1-768x1233.jpg 768w, https:\/\/www.alzd.de\/wp-content\/2022\/02\/calar-del-sole-1-scaled-1-956x1536.jpg 956w, https:\/\/www.alzd.de\/wp-content\/2022\/02\/calar-del-sole-1-scaled-1-1275x2048.jpg 1275w, https:\/\/www.alzd.de\/wp-content\/2022\/02\/calar-del-sole-1-scaled-1-218x350.jpg 218w, https:\/\/www.alzd.de\/wp-content\/2022\/02\/calar-del-sole-1-scaled-1.jpg 1594w\" sizes=\"(max-width: 672px) 100vw, 672px\" \/><figcaption>Calar del Sole by <a href=\"https:\/\/www.luxuryperfumes.it\" target=\"_blank\" rel=\"noreferrer noopener\">ArteOlfatto<\/a><\/figcaption><\/figure><\/div>\n\n<p>The Italian Amalfi Coast with its picturesque landscape, colorful houses, beaches, azure sea. This definitely sounds like a hesperidic scent, as citrus is a delicacy of the region and so typically Italian.<strong>Bergamot, lemon, orange blossom, amber, jasmine, vanilla, musk<\/strong> and <strong>cashmere wood<\/strong> are the olfactory ingredients of Calar del Sole, which \u2013 in my opinion \u2013 matches perfectly with a sunset on the Amalfi Coast.<\/p>\n\n<h3 class=\"wp-block-heading\" id=\"sonnenuntergang-vor-amalfi\">Sunset in front of Amalfi<\/h3>\n\n<p>Beautiful and powdery-creamy citrus notes open <a href=\"https:\/\/www.ausliebezumduft.de\/arteolfatto-calar-del-sole.html\" target=\"_blank\" rel=\"noreferrer noopener\">Calar del Sole<\/a>, soft and sunny. The hesperides and orange blossoms try to outshine each other. Jasmine emphasizes the creamy-floral nuances, which are accentuated by sweet-spicy vanilla.<\/p>\n\n<p>Very light, close to the skin, but still present, ArteOlfatto&#8217;s Extrait de Parfum is the epitome of a summery, sunny and Mediterranean fragrance, with both warmth and a touch of coolness. Soft and velvety with delicate musk powder and amber-woody cuddly notes, the composition slowly fades.<\/p>\n\n<div class=\"wp-block-image\"><figure class=\"aligncenter size-full\"><img decoding=\"async\" width=\"600\" height=\"600\" src=\"https:\/\/www.alzd.de\/wp-content\/2022\/02\/calar-del-sole-extrait-100ml.jpg\" alt=\"ArteOlfatto - Calar del Sole\" class=\"wp-image-94457\" title=\"ArteOlfatto - Calar del Sole\" srcset=\"https:\/\/www.alzd.de\/wp-content\/2022\/02\/calar-del-sole-extrait-100ml.jpg 600w, https:\/\/www.alzd.de\/wp-content\/2022\/02\/calar-del-sole-extrait-100ml-360x360.jpg 360w, https:\/\/www.alzd.de\/wp-content\/2022\/02\/calar-del-sole-extrait-100ml-350x350.jpg 350w\" sizes=\"(max-width: 600px) 100vw, 600px\" \/><\/figure><\/div>\n\n<p>Friends of powdery and summery-sunny, Mediterranean citrus scents with a clear orange blossom note should have their true joy at Calar del Sole. The fragrance is creamy and bright, infused with soft floral hesperidic nuances and seems so light, so easygoing and so relaxed. An Extrait de Parfum that fits perfectly into the warmer season and can actually be worn here on almost any occasion. Bravissimo!<\/p>\n\n<div class=\"wp-block-buttons is-content-justification-center is-layout-flex wp-container-core-buttons-is-layout-16018d1d wp-block-buttons-is-layout-flex\">\n<div class=\"wp-block-button has-custom-width wp-block-button__width-50\"><a class=\"wp-block-button__link has-black-color has-text-color has-background\" href=\"https:\/\/www.ausliebezumduft.de\/arteolfatto-calar-del-sole.html\" style=\"background-color:#dda709\" target=\"_blank\" rel=\"noreferrer noopener\"><strong>Directly to Calar del Sole<\/strong><\/a><\/div>\n<\/div>\n","protected":false},"excerpt":{"rendered":"<p>With Yakamoz and Calar del Sole, the fragrance history of the Italian brand ArteOlfatto continues. Which pleases me very much, because the label around the founder Luigi Nappo&#8230;<\/p>\n<div class=\"more-link-wrapper\"><a class=\"more-link\" href=\"https:\/\/www.alzd.de\/en\/2022\/02\/10\/in-the-face-of-the-sun-and-moon-yakamoz-and-calar-del-sole-by-arteolfatto\/\">WEITERLESEN<span class=\"screen-reader-text\">In the face of the sun and moon \u2013 Yakamoz and Calar del Sole by ArteOlfatto<\/span><\/a><\/div>\n","protected":false},"author":535,"featured_media":94456,"comment_status":"open","ping_status":"closed","sticky":false,"template":"","format":"standard","meta":{"footnotes":""},"categories":[1161,1151,1117,1158,1113,1114],"tags":[1118,1586],"class_list":["post-94888","post","type-post","status-publish","format-standard","has-post-thumbnail","hentry","category-clean-powdery","category-flowers","category-fragrances","category-hesperidian","category-spicy","category-woody","tag-arteolfatto-en","tag-orange-blossom","excerpt","zoom","full-without-featured","even","excerpt-0"],"yoast_head":"<!-- This site is optimized with the Yoast SEO plugin v27.5 - https:\/\/yoast.com\/product\/yoast-seo-wordpress\/ -->\n<title>Yakamoz and Calar del Sole by ArteOlfatto \u2013 Duft-Tagebuch<\/title>\n<meta name=\"description\" content=\"With Yakamoz and Calar del Sole, the fragrance history of the Neapolitan brand ArteOlfatto continues, which pleases me very much, because the ...\" \/>\n<meta name=\"robots\" content=\"index, follow, max-snippet:-1, max-image-preview:large, max-video-preview:-1\" \/>\n<link rel=\"canonical\" href=\"https:\/\/www.alzd.de\/en\/2022\/02\/10\/in-the-face-of-the-sun-and-moon-yakamoz-and-calar-del-sole-by-arteolfatto\/\" \/>\n<meta property=\"og:locale\" content=\"en_US\" \/>\n<meta property=\"og:type\" content=\"article\" \/>\n<meta property=\"og:title\" content=\"Yakamoz and Calar del Sole by ArteOlfatto \u2013 Duft-Tagebuch\" \/>\n<meta property=\"og:url\" content=\"https:\/\/www.alzd.de\/en\/2022\/02\/10\/in-the-face-of-the-sun-and-moon-yakamoz-and-calar-del-sole-by-arteolfatto\/\" \/>\n<meta property=\"og:site_name\" content=\"Das Duft-Tagebuch\" \/>\n<meta property=\"article:publisher\" content=\"https:\/\/www.facebook.com\/dufttagebuch\/\" \/>\n<meta property=\"article:author\" content=\"https:\/\/www.facebook.com\/stephanie.tkaczik\" \/>\n<meta property=\"article:published_time\" content=\"2022-02-10T06:30:38+00:00\" \/>\n<meta property=\"article:modified_time\" content=\"2022-02-23T07:16:38+00:00\" \/>\n<meta property=\"og:image\" content=\"https:\/\/www.alzd.de\/wp-content\/2022\/02\/BB_271842230_2070989529729121_2550336547291055102_n.jpg\" \/>\n\t<meta property=\"og:image:width\" content=\"720\" \/>\n\t<meta property=\"og:image:height\" content=\"400\" \/>\n\t<meta property=\"og:image:type\" content=\"image\/jpeg\" \/>\n<meta name=\"author\" content=\"Julia Bir\u00f3\" \/>\n<meta name=\"twitter:card\" content=\"summary_large_image\" \/>\n<meta name=\"twitter:creator\" content=\"@ausliebezumduft\" \/>\n<meta name=\"twitter:site\" content=\"@ausliebezumduft\" \/>\n<script type=\"application\/ld+json\" class=\"yoast-schema-graph\">{\"@context\":\"https:\\\/\\\/schema.org\",\"@graph\":[{\"@type\":\"Article\",\"@id\":\"https:\\\/\\\/www.alzd.de\\\/en\\\/2022\\\/02\\\/10\\\/in-the-face-of-the-sun-and-moon-yakamoz-and-calar-del-sole-by-arteolfatto\\\/#article\",\"isPartOf\":{\"@id\":\"https:\\\/\\\/www.alzd.de\\\/en\\\/2022\\\/02\\\/10\\\/in-the-face-of-the-sun-and-moon-yakamoz-and-calar-del-sole-by-arteolfatto\\\/\"},\"author\":{\"name\":\"Julia Bir\u00f3\",\"@id\":\"https:\\\/\\\/www.alzd.de\\\/en\\\/#\\\/schema\\\/person\\\/8efcd8f02447fdbe8f29ad465897d04e\"},\"headline\":\"In the face of the sun and moon \u2013 Yakamoz and Calar del Sole by ArteOlfatto\",\"datePublished\":\"2022-02-10T06:30:38+00:00\",\"dateModified\":\"2022-02-23T07:16:38+00:00\",\"mainEntityOfPage\":{\"@id\":\"https:\\\/\\\/www.alzd.de\\\/en\\\/2022\\\/02\\\/10\\\/in-the-face-of-the-sun-and-moon-yakamoz-and-calar-del-sole-by-arteolfatto\\\/\"},\"wordCount\":947,\"commentCount\":0,\"publisher\":{\"@id\":\"https:\\\/\\\/www.alzd.de\\\/en\\\/#organization\"},\"image\":{\"@id\":\"https:\\\/\\\/www.alzd.de\\\/en\\\/2022\\\/02\\\/10\\\/in-the-face-of-the-sun-and-moon-yakamoz-and-calar-del-sole-by-arteolfatto\\\/#primaryimage\"},\"thumbnailUrl\":\"https:\\\/\\\/www.alzd.de\\\/wp-content\\\/2022\\\/02\\\/BB_271842230_2070989529729121_2550336547291055102_n.jpg\",\"keywords\":[\"ArteOlfatto\",\"Orange blossom\"],\"articleSection\":[\"Clean &amp; Powdery\",\"Flowers\",\"Fragrances\",\"Hesperidian\",\"Spicy\",\"Woody\"],\"inLanguage\":\"en-US\",\"potentialAction\":[{\"@type\":\"CommentAction\",\"name\":\"Comment\",\"target\":[\"https:\\\/\\\/www.alzd.de\\\/en\\\/2022\\\/02\\\/10\\\/in-the-face-of-the-sun-and-moon-yakamoz-and-calar-del-sole-by-arteolfatto\\\/#respond\"]}]},{\"@type\":\"WebPage\",\"@id\":\"https:\\\/\\\/www.alzd.de\\\/en\\\/2022\\\/02\\\/10\\\/in-the-face-of-the-sun-and-moon-yakamoz-and-calar-del-sole-by-arteolfatto\\\/\",\"url\":\"https:\\\/\\\/www.alzd.de\\\/en\\\/2022\\\/02\\\/10\\\/in-the-face-of-the-sun-and-moon-yakamoz-and-calar-del-sole-by-arteolfatto\\\/\",\"name\":\"Yakamoz and Calar del Sole by ArteOlfatto \u2013 Duft-Tagebuch\",\"isPartOf\":{\"@id\":\"https:\\\/\\\/www.alzd.de\\\/en\\\/#website\"},\"primaryImageOfPage\":{\"@id\":\"https:\\\/\\\/www.alzd.de\\\/en\\\/2022\\\/02\\\/10\\\/in-the-face-of-the-sun-and-moon-yakamoz-and-calar-del-sole-by-arteolfatto\\\/#primaryimage\"},\"image\":{\"@id\":\"https:\\\/\\\/www.alzd.de\\\/en\\\/2022\\\/02\\\/10\\\/in-the-face-of-the-sun-and-moon-yakamoz-and-calar-del-sole-by-arteolfatto\\\/#primaryimage\"},\"thumbnailUrl\":\"https:\\\/\\\/www.alzd.de\\\/wp-content\\\/2022\\\/02\\\/BB_271842230_2070989529729121_2550336547291055102_n.jpg\",\"datePublished\":\"2022-02-10T06:30:38+00:00\",\"dateModified\":\"2022-02-23T07:16:38+00:00\",\"description\":\"With Yakamoz and Calar del Sole, the fragrance history of the Neapolitan brand ArteOlfatto continues, which pleases me very much, because the ...\",\"breadcrumb\":{\"@id\":\"https:\\\/\\\/www.alzd.de\\\/en\\\/2022\\\/02\\\/10\\\/in-the-face-of-the-sun-and-moon-yakamoz-and-calar-del-sole-by-arteolfatto\\\/#breadcrumb\"},\"inLanguage\":\"en-US\",\"potentialAction\":[{\"@type\":\"ReadAction\",\"target\":[\"https:\\\/\\\/www.alzd.de\\\/en\\\/2022\\\/02\\\/10\\\/in-the-face-of-the-sun-and-moon-yakamoz-and-calar-del-sole-by-arteolfatto\\\/\"]}]},{\"@type\":\"ImageObject\",\"inLanguage\":\"en-US\",\"@id\":\"https:\\\/\\\/www.alzd.de\\\/en\\\/2022\\\/02\\\/10\\\/in-the-face-of-the-sun-and-moon-yakamoz-and-calar-del-sole-by-arteolfatto\\\/#primaryimage\",\"url\":\"https:\\\/\\\/www.alzd.de\\\/wp-content\\\/2022\\\/02\\\/BB_271842230_2070989529729121_2550336547291055102_n.jpg\",\"contentUrl\":\"https:\\\/\\\/www.alzd.de\\\/wp-content\\\/2022\\\/02\\\/BB_271842230_2070989529729121_2550336547291055102_n.jpg\",\"width\":720,\"height\":400},{\"@type\":\"BreadcrumbList\",\"@id\":\"https:\\\/\\\/www.alzd.de\\\/en\\\/2022\\\/02\\\/10\\\/in-the-face-of-the-sun-and-moon-yakamoz-and-calar-del-sole-by-arteolfatto\\\/#breadcrumb\",\"itemListElement\":[{\"@type\":\"ListItem\",\"position\":1,\"name\":\"Startseite\",\"item\":\"https:\\\/\\\/www.alzd.de\\\/en\\\/\"},{\"@type\":\"ListItem\",\"position\":2,\"name\":\"In the face of the sun and moon \u2013 Yakamoz and Calar del Sole by ArteOlfatto\"}]},{\"@type\":\"WebSite\",\"@id\":\"https:\\\/\\\/www.alzd.de\\\/en\\\/#website\",\"url\":\"https:\\\/\\\/www.alzd.de\\\/en\\\/\",\"name\":\"Das Duft-Tagebuch\",\"description\":\"Das Parfumblog von Aus Liebe zum Duft\",\"publisher\":{\"@id\":\"https:\\\/\\\/www.alzd.de\\\/en\\\/#organization\"},\"potentialAction\":[{\"@type\":\"SearchAction\",\"target\":{\"@type\":\"EntryPoint\",\"urlTemplate\":\"https:\\\/\\\/www.alzd.de\\\/en\\\/?s={search_term_string}\"},\"query-input\":{\"@type\":\"PropertyValueSpecification\",\"valueRequired\":true,\"valueName\":\"search_term_string\"}}],\"inLanguage\":\"en-US\"},{\"@type\":\"Organization\",\"@id\":\"https:\\\/\\\/www.alzd.de\\\/en\\\/#organization\",\"name\":\"Das Duft-Tagebuch\",\"url\":\"https:\\\/\\\/www.alzd.de\\\/en\\\/\",\"logo\":{\"@type\":\"ImageObject\",\"inLanguage\":\"en-US\",\"@id\":\"https:\\\/\\\/www.alzd.de\\\/en\\\/#\\\/schema\\\/logo\\\/image\\\/\",\"url\":\"https:\\\/\\\/www.alzd.de\\\/wp-content\\\/2023\\\/08\\\/alzd_dufttagebuch.png\",\"contentUrl\":\"https:\\\/\\\/www.alzd.de\\\/wp-content\\\/2023\\\/08\\\/alzd_dufttagebuch.png\",\"width\":1804,\"height\":416,\"caption\":\"Das Duft-Tagebuch\"},\"image\":{\"@id\":\"https:\\\/\\\/www.alzd.de\\\/en\\\/#\\\/schema\\\/logo\\\/image\\\/\"},\"sameAs\":[\"https:\\\/\\\/www.facebook.com\\\/dufttagebuch\\\/\",\"https:\\\/\\\/x.com\\\/ausliebezumduft\",\"https:\\\/\\\/www.instagram.com\\\/ausliebezumduft.de\\\/\",\"https:\\\/\\\/www.youtube.com\\\/c\\\/ausliebezumduft\"]},{\"@type\":\"Person\",\"@id\":\"https:\\\/\\\/www.alzd.de\\\/en\\\/#\\\/schema\\\/person\\\/8efcd8f02447fdbe8f29ad465897d04e\",\"name\":\"Julia Bir\u00f3\",\"image\":{\"@type\":\"ImageObject\",\"inLanguage\":\"en-US\",\"@id\":\"https:\\\/\\\/www.alzd.de\\\/wp-content\\\/2018\\\/02\\\/cropped-cropped-mitarbeiterbilder_steffi--96x96.jpg\",\"url\":\"https:\\\/\\\/www.alzd.de\\\/wp-content\\\/2018\\\/02\\\/cropped-cropped-mitarbeiterbilder_steffi--96x96.jpg\",\"contentUrl\":\"https:\\\/\\\/www.alzd.de\\\/wp-content\\\/2018\\\/02\\\/cropped-cropped-mitarbeiterbilder_steffi--96x96.jpg\",\"caption\":\"Julia Bir\u00f3\"},\"description\":\"Bereits 2010 gingen so einige Blogbeitr\u00e4ge auf mein Konto. Dann war ich \u201ekurz\u201c weg \u2013 sechs Jahre. Umso mehr freut es mich, dass ich nun wieder die Chance bekomme, mein N\u00e4schen im Dienste der Duftrezension schnuppern zu lassen und eifrig in die Tasten zu hauen. Was Nischend\u00fcfte angeht, habe ich damals \u00fcbrigens schnell Feuer gefangen. Meine Ausbildung tat dazu ihr \u00dcbriges: Als diplomierte Biologin kenne ich mich nicht nur mit Fauna und Flora, sondern auch recht gut mit der Herstellung von \u00d6len und Extrakten aus, was den Reiz der Parfumwelt nat\u00fcrlich noch gr\u00f6\u00dfer macht.\",\"sameAs\":[\"https:\\\/\\\/biro.is\\\/\",\"https:\\\/\\\/www.facebook.com\\\/stephanie.tkaczik\"],\"url\":\"https:\\\/\\\/www.alzd.de\\\/en\\\/author\\\/stephanie\\\/\"}]}<\/script>\n<!-- \/ Yoast SEO plugin. -->","yoast_head_json":{"title":"Yakamoz and Calar del Sole by ArteOlfatto \u2013 Duft-Tagebuch","description":"With Yakamoz and Calar del Sole, the fragrance history of the Neapolitan brand ArteOlfatto continues, which pleases me very much, because the ...","robots":{"index":"index","follow":"follow","max-snippet":"max-snippet:-1","max-image-preview":"max-image-preview:large","max-video-preview":"max-video-preview:-1"},"canonical":"https:\/\/www.alzd.de\/en\/2022\/02\/10\/in-the-face-of-the-sun-and-moon-yakamoz-and-calar-del-sole-by-arteolfatto\/","og_locale":"en_US","og_type":"article","og_title":"Yakamoz and Calar del Sole by ArteOlfatto \u2013 Duft-Tagebuch","og_url":"https:\/\/www.alzd.de\/en\/2022\/02\/10\/in-the-face-of-the-sun-and-moon-yakamoz-and-calar-del-sole-by-arteolfatto\/","og_site_name":"Das Duft-Tagebuch","article_publisher":"https:\/\/www.facebook.com\/dufttagebuch\/","article_author":"https:\/\/www.facebook.com\/stephanie.tkaczik","article_published_time":"2022-02-10T06:30:38+00:00","article_modified_time":"2022-02-23T07:16:38+00:00","og_image":[{"width":720,"height":400,"url":"https:\/\/www.alzd.de\/wp-content\/2022\/02\/BB_271842230_2070989529729121_2550336547291055102_n.jpg","type":"image\/jpeg"}],"author":"Julia Bir\u00f3","twitter_card":"summary_large_image","twitter_creator":"@ausliebezumduft","twitter_site":"@ausliebezumduft","schema":{"@context":"https:\/\/schema.org","@graph":[{"@type":"Article","@id":"https:\/\/www.alzd.de\/en\/2022\/02\/10\/in-the-face-of-the-sun-and-moon-yakamoz-and-calar-del-sole-by-arteolfatto\/#article","isPartOf":{"@id":"https:\/\/www.alzd.de\/en\/2022\/02\/10\/in-the-face-of-the-sun-and-moon-yakamoz-and-calar-del-sole-by-arteolfatto\/"},"author":{"name":"Julia Bir\u00f3","@id":"https:\/\/www.alzd.de\/en\/#\/schema\/person\/8efcd8f02447fdbe8f29ad465897d04e"},"headline":"In the face of the sun and moon \u2013 Yakamoz and Calar del Sole by ArteOlfatto","datePublished":"2022-02-10T06:30:38+00:00","dateModified":"2022-02-23T07:16:38+00:00","mainEntityOfPage":{"@id":"https:\/\/www.alzd.de\/en\/2022\/02\/10\/in-the-face-of-the-sun-and-moon-yakamoz-and-calar-del-sole-by-arteolfatto\/"},"wordCount":947,"commentCount":0,"publisher":{"@id":"https:\/\/www.alzd.de\/en\/#organization"},"image":{"@id":"https:\/\/www.alzd.de\/en\/2022\/02\/10\/in-the-face-of-the-sun-and-moon-yakamoz-and-calar-del-sole-by-arteolfatto\/#primaryimage"},"thumbnailUrl":"https:\/\/www.alzd.de\/wp-content\/2022\/02\/BB_271842230_2070989529729121_2550336547291055102_n.jpg","keywords":["ArteOlfatto","Orange blossom"],"articleSection":["Clean &amp; Powdery","Flowers","Fragrances","Hesperidian","Spicy","Woody"],"inLanguage":"en-US","potentialAction":[{"@type":"CommentAction","name":"Comment","target":["https:\/\/www.alzd.de\/en\/2022\/02\/10\/in-the-face-of-the-sun-and-moon-yakamoz-and-calar-del-sole-by-arteolfatto\/#respond"]}]},{"@type":"WebPage","@id":"https:\/\/www.alzd.de\/en\/2022\/02\/10\/in-the-face-of-the-sun-and-moon-yakamoz-and-calar-del-sole-by-arteolfatto\/","url":"https:\/\/www.alzd.de\/en\/2022\/02\/10\/in-the-face-of-the-sun-and-moon-yakamoz-and-calar-del-sole-by-arteolfatto\/","name":"Yakamoz and Calar del Sole by ArteOlfatto \u2013 Duft-Tagebuch","isPartOf":{"@id":"https:\/\/www.alzd.de\/en\/#website"},"primaryImageOfPage":{"@id":"https:\/\/www.alzd.de\/en\/2022\/02\/10\/in-the-face-of-the-sun-and-moon-yakamoz-and-calar-del-sole-by-arteolfatto\/#primaryimage"},"image":{"@id":"https:\/\/www.alzd.de\/en\/2022\/02\/10\/in-the-face-of-the-sun-and-moon-yakamoz-and-calar-del-sole-by-arteolfatto\/#primaryimage"},"thumbnailUrl":"https:\/\/www.alzd.de\/wp-content\/2022\/02\/BB_271842230_2070989529729121_2550336547291055102_n.jpg","datePublished":"2022-02-10T06:30:38+00:00","dateModified":"2022-02-23T07:16:38+00:00","description":"With Yakamoz and Calar del Sole, the fragrance history of the Neapolitan brand ArteOlfatto continues, which pleases me very much, because the ...","breadcrumb":{"@id":"https:\/\/www.alzd.de\/en\/2022\/02\/10\/in-the-face-of-the-sun-and-moon-yakamoz-and-calar-del-sole-by-arteolfatto\/#breadcrumb"},"inLanguage":"en-US","potentialAction":[{"@type":"ReadAction","target":["https:\/\/www.alzd.de\/en\/2022\/02\/10\/in-the-face-of-the-sun-and-moon-yakamoz-and-calar-del-sole-by-arteolfatto\/"]}]},{"@type":"ImageObject","inLanguage":"en-US","@id":"https:\/\/www.alzd.de\/en\/2022\/02\/10\/in-the-face-of-the-sun-and-moon-yakamoz-and-calar-del-sole-by-arteolfatto\/#primaryimage","url":"https:\/\/www.alzd.de\/wp-content\/2022\/02\/BB_271842230_2070989529729121_2550336547291055102_n.jpg","contentUrl":"https:\/\/www.alzd.de\/wp-content\/2022\/02\/BB_271842230_2070989529729121_2550336547291055102_n.jpg","width":720,"height":400},{"@type":"BreadcrumbList","@id":"https:\/\/www.alzd.de\/en\/2022\/02\/10\/in-the-face-of-the-sun-and-moon-yakamoz-and-calar-del-sole-by-arteolfatto\/#breadcrumb","itemListElement":[{"@type":"ListItem","position":1,"name":"Startseite","item":"https:\/\/www.alzd.de\/en\/"},{"@type":"ListItem","position":2,"name":"In the face of the sun and moon \u2013 Yakamoz and Calar del Sole by ArteOlfatto"}]},{"@type":"WebSite","@id":"https:\/\/www.alzd.de\/en\/#website","url":"https:\/\/www.alzd.de\/en\/","name":"Das Duft-Tagebuch","description":"Das Parfumblog von Aus Liebe zum Duft","publisher":{"@id":"https:\/\/www.alzd.de\/en\/#organization"},"potentialAction":[{"@type":"SearchAction","target":{"@type":"EntryPoint","urlTemplate":"https:\/\/www.alzd.de\/en\/?s={search_term_string}"},"query-input":{"@type":"PropertyValueSpecification","valueRequired":true,"valueName":"search_term_string"}}],"inLanguage":"en-US"},{"@type":"Organization","@id":"https:\/\/www.alzd.de\/en\/#organization","name":"Das Duft-Tagebuch","url":"https:\/\/www.alzd.de\/en\/","logo":{"@type":"ImageObject","inLanguage":"en-US","@id":"https:\/\/www.alzd.de\/en\/#\/schema\/logo\/image\/","url":"https:\/\/www.alzd.de\/wp-content\/2023\/08\/alzd_dufttagebuch.png","contentUrl":"https:\/\/www.alzd.de\/wp-content\/2023\/08\/alzd_dufttagebuch.png","width":1804,"height":416,"caption":"Das Duft-Tagebuch"},"image":{"@id":"https:\/\/www.alzd.de\/en\/#\/schema\/logo\/image\/"},"sameAs":["https:\/\/www.facebook.com\/dufttagebuch\/","https:\/\/x.com\/ausliebezumduft","https:\/\/www.instagram.com\/ausliebezumduft.de\/","https:\/\/www.youtube.com\/c\/ausliebezumduft"]},{"@type":"Person","@id":"https:\/\/www.alzd.de\/en\/#\/schema\/person\/8efcd8f02447fdbe8f29ad465897d04e","name":"Julia Bir\u00f3","image":{"@type":"ImageObject","inLanguage":"en-US","@id":"https:\/\/www.alzd.de\/wp-content\/2018\/02\/cropped-cropped-mitarbeiterbilder_steffi--96x96.jpg","url":"https:\/\/www.alzd.de\/wp-content\/2018\/02\/cropped-cropped-mitarbeiterbilder_steffi--96x96.jpg","contentUrl":"https:\/\/www.alzd.de\/wp-content\/2018\/02\/cropped-cropped-mitarbeiterbilder_steffi--96x96.jpg","caption":"Julia Bir\u00f3"},"description":"Bereits 2010 gingen so einige Blogbeitr\u00e4ge auf mein Konto. Dann war ich \u201ekurz\u201c weg \u2013 sechs Jahre. Umso mehr freut es mich, dass ich nun wieder die Chance bekomme, mein N\u00e4schen im Dienste der Duftrezension schnuppern zu lassen und eifrig in die Tasten zu hauen. Was Nischend\u00fcfte angeht, habe ich damals \u00fcbrigens schnell Feuer gefangen. Meine Ausbildung tat dazu ihr \u00dcbriges: Als diplomierte Biologin kenne ich mich nicht nur mit Fauna und Flora, sondern auch recht gut mit der Herstellung von \u00d6len und Extrakten aus, was den Reiz der Parfumwelt nat\u00fcrlich noch gr\u00f6\u00dfer macht.","sameAs":["https:\/\/biro.is\/","https:\/\/www.facebook.com\/stephanie.tkaczik"],"url":"https:\/\/www.alzd.de\/en\/author\/stephanie\/"}]}},"wp-worthy-pixel":{"ignored":false,"public":null,"server":null,"url":null},"wp-worthy-type":"normal","_links":{"self":[{"href":"https:\/\/www.alzd.de\/en\/wp-json\/wp\/v2\/posts\/94888","targetHints":{"allow":["GET"]}}],"collection":[{"href":"https:\/\/www.alzd.de\/en\/wp-json\/wp\/v2\/posts"}],"about":[{"href":"https:\/\/www.alzd.de\/en\/wp-json\/wp\/v2\/types\/post"}],"author":[{"embeddable":true,"href":"https:\/\/www.alzd.de\/en\/wp-json\/wp\/v2\/users\/535"}],"replies":[{"embeddable":true,"href":"https:\/\/www.alzd.de\/en\/wp-json\/wp\/v2\/comments?post=94888"}],"version-history":[{"count":3,"href":"https:\/\/www.alzd.de\/en\/wp-json\/wp\/v2\/posts\/94888\/revisions"}],"predecessor-version":[{"id":94891,"href":"https:\/\/www.alzd.de\/en\/wp-json\/wp\/v2\/posts\/94888\/revisions\/94891"}],"wp:featuredmedia":[{"embeddable":true,"href":"https:\/\/www.alzd.de\/en\/wp-json\/wp\/v2\/media\/94456"}],"wp:attachment":[{"href":"https:\/\/www.alzd.de\/en\/wp-json\/wp\/v2\/media?parent=94888"}],"wp:term":[{"taxonomy":"category","embeddable":true,"href":"https:\/\/www.alzd.de\/en\/wp-json\/wp\/v2\/categories?post=94888"},{"taxonomy":"post_tag","embeddable":true,"href":"https:\/\/www.alzd.de\/en\/wp-json\/wp\/v2\/tags?post=94888"}],"curies":[{"name":"wp","href":"https:\/\/api.w.org\/{rel}","templated":true}]}}