{"id":94869,"date":"2022-02-15T07:30:07","date_gmt":"2022-02-15T06:30:07","guid":{"rendered":"https:\/\/www.alzd.de\/2022\/02\/15\/scented-candles-diffusers-and-more-from-carriere-freres-how-that-smells\/"},"modified":"2022-02-22T18:12:46","modified_gmt":"2022-02-22T17:12:46","slug":"scented-candles-diffusers-and-more-from-carriere-freres-how-that-smells","status":"publish","type":"post","link":"https:\/\/www.alzd.de\/en\/2022\/02\/15\/scented-candles-diffusers-and-more-from-carriere-freres-how-that-smells\/","title":{"rendered":"Scented candles, diffusers and more from Carri\u00e8re Fr\u00e8res \u2013 How that smells"},"content":{"rendered":"\n<p>The room fragrances of <a href=\"https:\/\/www.ausliebezumduft.de\/raumdufte\/carriere-freres.html\" target=\"_blank\" rel=\"noreferrer noopener\">Carri\u00e8re Fr\u00e8res<\/a>, the brand that has recently arrived at <a href=\"https:\/\/www.ausliebezumduft.de\/\" target=\"_blank\" rel=\"noreferrer noopener\">Aus Liebe zum Duft<\/a>, are already visually enchanting with their nostalgic plant d\u00e9cor, which has a stylish vintage touch. Splendid! At first glance, this already looks like spring, good mood, sun and mild temperatures. But who exactly is behind the brand Carri\u00e8re Fr\u00e8res? And how do the manifold scented candles, room sprays and diffusers smell?<\/p>\n\n<div class=\"wp-block-image\"><figure class=\"aligncenter size-large\"><img decoding=\"async\" width=\"864\" height=\"1080\" src=\"https:\/\/www.alzd.de\/wp-content\/2022\/02\/216935608_10159054955961072_6565957458114073868_n-864x1080.jpg\" alt=\"Carri&#xE8;re Fr&#xE8;res &#x2013; Botanical Set\" class=\"wp-image-94463\" title=\"Carri&#xE8;re Fr&#xE8;res &#x2013; Botanical Set\" srcset=\"https:\/\/www.alzd.de\/wp-content\/2022\/02\/216935608_10159054955961072_6565957458114073868_n-864x1080.jpg 864w, https:\/\/www.alzd.de\/wp-content\/2022\/02\/216935608_10159054955961072_6565957458114073868_n-576x720.jpg 576w, https:\/\/www.alzd.de\/wp-content\/2022\/02\/216935608_10159054955961072_6565957458114073868_n-288x360.jpg 288w, https:\/\/www.alzd.de\/wp-content\/2022\/02\/216935608_10159054955961072_6565957458114073868_n-768x960.jpg 768w, https:\/\/www.alzd.de\/wp-content\/2022\/02\/216935608_10159054955961072_6565957458114073868_n-280x350.jpg 280w, https:\/\/www.alzd.de\/wp-content\/2022\/02\/216935608_10159054955961072_6565957458114073868_n.jpg 1080w\" sizes=\"(max-width: 864px) 100vw, 864px\" \/><figcaption>Botanical Set by <a href=\"https:\/\/www.facebook.com\/carrierefreres\" target=\"_blank\" rel=\"noreferrer noopener\">Facebook<\/a><\/figcaption><\/figure><\/div>\n\n<h2 class=\"wp-block-heading\" id=\"der-tradition-verpflichtet\">Committed to tradition<\/h2>\n\n<p>The Carri\u00e9re brothers \u2013 i.e. the Carri\u00e8re Fr\u00e8res \u2013 acquired the venerable Royal Wax Manufactory at the end of the 19th century, which you are certainly familiar with under the name Trudon or Cire Trudon. On the one hand convinced of the traditional recipes of the manufactory, which the brothers also wanted to preserve, they also cherished the desire to be able to implement their ideas and creations independently and innovatively. And so they founded the brand Carri\u00e8re Fr\u00e8res, whose products for room scenting are then as now produced in the Trudon manufactory in Normandy. <\/p>\n\n<p>As usual at Trudon, every single candle is made by hand in loving detail, namely every single step of the manufacturing process. The wicks are fixed in the middle of the glasses, then the hot wax is carefully filled. During cooling, the wick, which tends to tilt to the side due to the heat of the wax, is still aligned in such a way that it really sits perfectly in the middle of the glass. And all this is done by hand. Insane, I think.<\/p>\n\n<p>Let&#8217;s move on to the visuals, which in my eyes &#8211; I repeat myself, I know &#8211; are simply enchanting. The botanical illustrations on the jars and outer packaging remind me of old textbooks, educational charts and nostalgic garden books with their stunning nature-themed illustrations. Ernst Haeckel&#8217;s works, for example, come to mind.<\/p>\n\n<figure class=\"wp-block-image size-large\"><img decoding=\"async\" width=\"864\" height=\"1080\" src=\"https:\/\/www.alzd.de\/wp-content\/2022\/02\/Moodshot-2-864x1080.png\" alt=\"Carri&#xE8;re Fr&#xE8;res &#x2013; Pirum\" class=\"wp-image-94462\" title=\"Carri&#xE8;re Fr&#xE8;res &#x2013; Pirum\" srcset=\"https:\/\/www.alzd.de\/wp-content\/2022\/02\/Moodshot-2-864x1080.png 864w, https:\/\/www.alzd.de\/wp-content\/2022\/02\/Moodshot-2-576x720.png 576w, https:\/\/www.alzd.de\/wp-content\/2022\/02\/Moodshot-2-288x360.png 288w, https:\/\/www.alzd.de\/wp-content\/2022\/02\/Moodshot-2-768x960.png 768w, https:\/\/www.alzd.de\/wp-content\/2022\/02\/Moodshot-2-280x350.png 280w, https:\/\/www.alzd.de\/wp-content\/2022\/02\/Moodshot-2.png 1080w\" sizes=\"(max-width: 864px) 100vw, 864px\" \/><\/figure>\n\n<h2 class=\"wp-block-heading\" id=\"naturlich-schon-die-raumdufte-von-carriere-frere\">Naturally beautiful \u2013 the room fragrances by Carri\u00e8re Fr\u00e8re<\/h2>\n\n<p>The plant-rich appearance of the packaging and labels of scented candles, diffusers and room sprays is no coincidence. The Carri\u00e8re Fr\u00e8res brand tries to produce as sustainably and resource-conserving as possible, and also pays attention to environmental friendliness and ethical standards in the raw materials it uses. <\/p>\n\n<blockquote class=\"wp-block-quote is-layout-flow wp-block-quote-is-layout-flow\"><p>Even the packaging complies with a responsible and transparent approach: recycled glass, packaging made of FSC (Forest Stewardship Council) cardboard, 100% natural alcohol, untreated rattan sticks, cork tops &#8211; every component is chosen to reduce the footprint of the brand.<\/p><\/blockquote>\n\n<p>Carri\u00e8re Fr\u00e8res&#8217; portfolio includes a variety of scented candles, diffusers and room sprays. Yes, even fragrant octagons made of wax, so-called botanical palets, are part of the range. At Aus Liebe zum Duft you will now find an extensive selection, that should surely have something for everyone. A slew of them has also landed with me at the Baltic Sea and these I would like to present to you in the following.<\/p>\n\n<div class=\"wp-block-image\"><figure class=\"aligncenter size-large\"><img decoding=\"async\" width=\"1080\" height=\"1080\" src=\"https:\/\/www.alzd.de\/wp-content\/2022\/02\/cf-pdp-bougie-menthe03-1600x1600-1-1080x1080.jpg\" alt=\"Carri&#xE8;re Fr&#xE8;res &#x2013; Mentha Spicata\" class=\"wp-image-94548\" title=\"Carri&#xE8;re Fr&#xE8;res &#x2013; Mentha Spicata\" srcset=\"https:\/\/www.alzd.de\/wp-content\/2022\/02\/cf-pdp-bougie-menthe03-1600x1600-1-1080x1080.jpg 1080w, https:\/\/www.alzd.de\/wp-content\/2022\/02\/cf-pdp-bougie-menthe03-1600x1600-1-720x720.jpg 720w, https:\/\/www.alzd.de\/wp-content\/2022\/02\/cf-pdp-bougie-menthe03-1600x1600-1-360x360.jpg 360w, https:\/\/www.alzd.de\/wp-content\/2022\/02\/cf-pdp-bougie-menthe03-1600x1600-1-768x768.jpg 768w, https:\/\/www.alzd.de\/wp-content\/2022\/02\/cf-pdp-bougie-menthe03-1600x1600-1-350x350.jpg 350w, https:\/\/www.alzd.de\/wp-content\/2022\/02\/cf-pdp-bougie-menthe03-1600x1600-1.jpg 1200w\" sizes=\"(max-width: 1080px) 100vw, 1080px\" \/><figcaption>Mentha Spicata by <a href=\"https:\/\/carrierefreres.com\" target=\"_blank\" rel=\"noreferrer noopener\">Carri\u00e8re Fr\u00e8res<\/a><\/figcaption><\/figure><\/div>\n\n<h2 class=\"wp-block-heading\" id=\"die-duftkerzen-von-carriere-freres\">The scented candles by Carri\u00e8re Fr\u00e8res<\/h2>\n\n<h3 class=\"wp-block-heading\" id=\"pirum-menthe-verte-botanical-set\">Pirum \u2013 Menthe Verte \u2013 Botanical Set<\/h3>\n\n<p>A room fragrance with pear is just right for me. That&#8217;s why I was particularly pleased that this <strong>scented candle Pirum<\/strong> pictured above was included in my sample package from Carri\u00e8re Fr\u00e8res. Currently, this is not available at Aus Liebe zum Duft, but I will see if this will change. To its fragrance, I can tell you: Delicious! Sweet, fruity and tender at the same time. Even in the unlit state, the scent is easily perceptible within a certain radius around the candle. When inflamed, the fragrance becomes slightly lighter, more ethereal, but remains the same from the basic tenor. For those with a preference for sweet and fruity room scents, Pirum should be just right. Beautiful!<\/p>\n\n<p><a href=\"https:\/\/www.ausliebezumduft.de\/carriere-freres-spearmint-mentha-spicata-duftkerze.html\" target=\"_blank\" rel=\"noreferrer noopener\">Mentha Spicata<\/a>, on the other hand, can be purchased in the shop and pleases me as well, because a good minty scent is also not to be despised. And as just such a <strong>scented candle Mentha<\/strong> <strong>Spicata <\/strong>presents itself, which provides a beautiful stage for spearmint. Green, fresh, but also carrying that aromatic sweetness for which this species of mint is so well known and loved. Very authentic, refreshing and springlike, but at the same time exceedingly relaxed and contemplative. <\/p>\n\n<p>Also in this scented candle, the scent is more intense when unlit, while the inflamed version appears a little more transparent. But \u2013 I can tell you this \u2013 the room scenting with the candles by Carri\u00e8res Fr\u00e8res still works amazingly. The fragrance is not intrusive and has a light effect, so even smaller rooms are not overperfumed. In our house, the smell of the scented candles is also wonderfully and discreetly perceptible across floors, without ever having a disturbing effect.<\/p>\n\n<div class=\"wp-block-image\"><figure class=\"aligncenter size-large\"><img decoding=\"async\" width=\"1080\" height=\"1080\" src=\"https:\/\/www.alzd.de\/wp-content\/2022\/02\/cf-pdp-coffret-03-1600x1600-1-1080x1080.jpg\" alt=\"Carri&#xE8;re Fr&#xE8;res &#x2013; Botanical Set\" class=\"wp-image-94545\" title=\"Carri&#xE8;re Fr&#xE8;res &#x2013; Botanical Set\" srcset=\"https:\/\/www.alzd.de\/wp-content\/2022\/02\/cf-pdp-coffret-03-1600x1600-1-1080x1080.jpg 1080w, https:\/\/www.alzd.de\/wp-content\/2022\/02\/cf-pdp-coffret-03-1600x1600-1-720x720.jpg 720w, https:\/\/www.alzd.de\/wp-content\/2022\/02\/cf-pdp-coffret-03-1600x1600-1-360x360.jpg 360w, https:\/\/www.alzd.de\/wp-content\/2022\/02\/cf-pdp-coffret-03-1600x1600-1-768x768.jpg 768w, https:\/\/www.alzd.de\/wp-content\/2022\/02\/cf-pdp-coffret-03-1600x1600-1-350x350.jpg 350w, https:\/\/www.alzd.de\/wp-content\/2022\/02\/cf-pdp-coffret-03-1600x1600-1.jpg 1200w\" sizes=\"(max-width: 1080px) 100vw, 1080px\" \/><figcaption>Botanical Set by <a href=\"https:\/\/carrierefreres.com\" target=\"_blank\" rel=\"noreferrer noopener\">Carri\u00e8re Fr\u00e8res<\/a><\/figcaption><\/figure><\/div>\n\n<p>To conclude my little scented candle presentation, I would like to introduce you to the beautiful trio called <a href=\"https:\/\/www.ausliebezumduft.de\/carriere-freres-tomato-orange-blossom-verbena-limited-edition.html\" target=\"_blank\" rel=\"noreferrer noopener\">Botanical Set<\/a>. A limited edition, which is also ideal as a gift. The candles in the set are naturally a little smaller than the conventional scented candles, which weigh 185 g. The smaller scented candles of the limited edition trio have a filling weight of 70 g each. <strong>Lycopersicon Esculentum<\/strong>, <strong>Citrus Dulcis<\/strong> and <strong>Aloysia Citrodora<\/strong> are included in the <strong>Botanical Set<\/strong> by Carri\u00e8re Fr\u00e8res, i.e. tomato, orange blossom and verbena.<\/p>\n\n<p>I swing the matches right away to go to the fragrant tooth of the waxy fellows. I&#8217;ll start with the tomato \u2013 <strong>Lycopersicon Esculentum<\/strong> \u2013 which I was particularly looking forward to. First to the unlit olfactory impression: sweet, fruity, with subtly spicy-aromatic tomato leaf notes. Overall, however, I would say that the scented candle focuses more on the fruit than on the leaves. Inflamed, the leaf character comes into play a little more and the sweetness fades into the background. The scent is indeed reminiscent of tomato leaf green and additionally carries gentle fruity notes.<\/p>\n\n<p><strong>Citrus Dulcis<\/strong> \u2013 the orange blossom \u2013 is much more lush even without a burning wick. The notes are sweet, creamy and tangy-tart and this perception is basically confirmed even when lit. However, powdery-floral facets come into play here and the fragrance is also less sweet here, but is rather citric and fruity. A light and summery scent, Mediterranean and sunny.<\/p>\n\n<div class=\"wp-block-image\"><figure class=\"aligncenter size-large\"><img decoding=\"async\" width=\"1080\" height=\"1080\" src=\"https:\/\/www.alzd.de\/wp-content\/2022\/02\/cf-pdp-bougie-verveine03-1600x1600-1-1080x1080.jpg\" alt=\"\" class=\"wp-image-94542\" srcset=\"https:\/\/www.alzd.de\/wp-content\/2022\/02\/cf-pdp-bougie-verveine03-1600x1600-1-1080x1080.jpg 1080w, https:\/\/www.alzd.de\/wp-content\/2022\/02\/cf-pdp-bougie-verveine03-1600x1600-1-720x720.jpg 720w, https:\/\/www.alzd.de\/wp-content\/2022\/02\/cf-pdp-bougie-verveine03-1600x1600-1-360x360.jpg 360w, https:\/\/www.alzd.de\/wp-content\/2022\/02\/cf-pdp-bougie-verveine03-1600x1600-1-768x768.jpg 768w, https:\/\/www.alzd.de\/wp-content\/2022\/02\/cf-pdp-bougie-verveine03-1600x1600-1-350x350.jpg 350w, https:\/\/www.alzd.de\/wp-content\/2022\/02\/cf-pdp-bougie-verveine03-1600x1600-1.jpg 1200w\" sizes=\"(max-width: 1080px) 100vw, 1080px\" \/><figcaption>Aloysia Citrodora by <a href=\"https:\/\/carrierefreres.com\" target=\"_blank\" rel=\"noreferrer noopener\">Carri\u00e8re Fr\u00e8res<\/a><\/figcaption><\/figure><\/div>\n\n<p><strong>Aloysia Citrodora<\/strong>, the verbena, is the most opulent in terms of the pure scent of wax. Strong citrus notes flow towards me, greenish-minty accompanied. Lit, the scent of the verbena candle also becomes softer and calmer. The hesperidic nuances recede a little, leaving more room for the green and aromatic-fresh notes. A beautiful blend of citrus and herbal aromas from the house of Carri\u00e8re Fr\u00e8res, very harmonious and authentic.<\/p>\n\n<p>On my table there are still two diffusers, a Botanical Palet and a room spray by Carri\u00e8re Fr\u00e8res, which I would like to introduce to you in my next post, so as not to go beyond the scope of this review here. \ud83d\ude42<\/p>\n\n<p>Please tell me: Who of you already knows the room fragrances from the French brand? Do you have a favorite you can&#8217;t be without?<\/p>\n\n<div class=\"wp-block-buttons is-content-justification-center is-layout-flex wp-container-core-buttons-is-layout-16018d1d wp-block-buttons-is-layout-flex\">\n<div class=\"wp-block-button has-custom-width wp-block-button__width-50\"><a class=\"wp-block-button__link has-white-color has-text-color has-background\" href=\"https:\/\/www.ausliebezumduft.de\/raumdufte\/carriere-freres.html\" style=\"background-color:#889266\" target=\"_blank\" rel=\"noreferrer noopener\"><strong>Directly to Carri\u00e8re Fr\u00e8res<\/strong><\/a><\/div>\n<\/div>\n","protected":false},"excerpt":{"rendered":"<p>The room fragrances of Carri\u00e8re Fr\u00e8res, the brand that has recently arrived at Aus Liebe zum Duft, are already visually enchanting with their nostalgic plant d\u00e9cor, which has&#8230;<\/p>\n<div class=\"more-link-wrapper\"><a class=\"more-link\" href=\"https:\/\/www.alzd.de\/en\/2022\/02\/15\/scented-candles-diffusers-and-more-from-carriere-freres-how-that-smells\/\">WEITERLESEN<span class=\"screen-reader-text\">Scented candles, diffusers and more from Carri\u00e8re Fr\u00e8res \u2013 How that smells<\/span><\/a><\/div>\n","protected":false},"author":535,"featured_media":94518,"comment_status":"open","ping_status":"closed","sticky":false,"template":"","format":"standard","meta":{"footnotes":""},"categories":[1151,1155,1157,1158,1134,1147],"tags":[1315,1399,1577],"class_list":["post-94869","post","type-post","status-publish","format-standard","has-post-thumbnail","hentry","category-flowers","category-fruity","category-green","category-hesperidian","category-home-fragrances","category-scented-candles","tag-carriere-freres-en","tag-scented-candle","tag-tomato","excerpt","zoom","full-without-featured","even","excerpt-0"],"yoast_head":"<!-- This site is optimized with the Yoast SEO plugin v27.5 - https:\/\/yoast.com\/product\/yoast-seo-wordpress\/ -->\n<title>Scented candles, diffusers and room sprays by Carri\u00e8re Fr\u00e8res<\/title>\n<meta name=\"description\" content=\"The room scents of the brand Carri\u00e8re Fr\u00e8res, which has recently arrived at Aus Liebe zum Duft, already have a purely visual effect with their ...\" \/>\n<meta name=\"robots\" content=\"index, follow, max-snippet:-1, max-image-preview:large, max-video-preview:-1\" \/>\n<link rel=\"canonical\" href=\"https:\/\/www.alzd.de\/en\/2022\/02\/15\/scented-candles-diffusers-and-more-from-carriere-freres-how-that-smells\/\" \/>\n<meta property=\"og:locale\" content=\"en_US\" \/>\n<meta property=\"og:type\" content=\"article\" \/>\n<meta property=\"og:title\" content=\"Scented candles, diffusers and room sprays by Carri\u00e8re Fr\u00e8res\" \/>\n<meta property=\"og:url\" content=\"https:\/\/www.alzd.de\/en\/2022\/02\/15\/scented-candles-diffusers-and-more-from-carriere-freres-how-that-smells\/\" \/>\n<meta property=\"og:site_name\" content=\"Das Duft-Tagebuch\" \/>\n<meta property=\"article:publisher\" content=\"https:\/\/www.facebook.com\/dufttagebuch\/\" \/>\n<meta property=\"article:author\" content=\"https:\/\/www.facebook.com\/stephanie.tkaczik\" \/>\n<meta property=\"article:published_time\" content=\"2022-02-15T06:30:07+00:00\" \/>\n<meta property=\"article:modified_time\" content=\"2022-02-22T17:12:46+00:00\" \/>\n<meta property=\"og:image\" content=\"https:\/\/www.alzd.de\/wp-content\/2022\/02\/bb_Moodshot-7.png\" \/>\n\t<meta property=\"og:image:width\" content=\"720\" \/>\n\t<meta property=\"og:image:height\" content=\"400\" \/>\n\t<meta property=\"og:image:type\" content=\"image\/png\" \/>\n<meta name=\"author\" content=\"Julia Bir\u00f3\" \/>\n<meta name=\"twitter:card\" content=\"summary_large_image\" \/>\n<meta name=\"twitter:creator\" content=\"@ausliebezumduft\" \/>\n<meta name=\"twitter:site\" content=\"@ausliebezumduft\" \/>\n<script type=\"application\/ld+json\" class=\"yoast-schema-graph\">{\"@context\":\"https:\\\/\\\/schema.org\",\"@graph\":[{\"@type\":\"Article\",\"@id\":\"https:\\\/\\\/www.alzd.de\\\/en\\\/2022\\\/02\\\/15\\\/scented-candles-diffusers-and-more-from-carriere-freres-how-that-smells\\\/#article\",\"isPartOf\":{\"@id\":\"https:\\\/\\\/www.alzd.de\\\/en\\\/2022\\\/02\\\/15\\\/scented-candles-diffusers-and-more-from-carriere-freres-how-that-smells\\\/\"},\"author\":{\"name\":\"Julia Bir\u00f3\",\"@id\":\"https:\\\/\\\/www.alzd.de\\\/en\\\/#\\\/schema\\\/person\\\/8efcd8f02447fdbe8f29ad465897d04e\"},\"headline\":\"Scented candles, diffusers and more from Carri\u00e8re Fr\u00e8res \u2013 How that smells\",\"datePublished\":\"2022-02-15T06:30:07+00:00\",\"dateModified\":\"2022-02-22T17:12:46+00:00\",\"mainEntityOfPage\":{\"@id\":\"https:\\\/\\\/www.alzd.de\\\/en\\\/2022\\\/02\\\/15\\\/scented-candles-diffusers-and-more-from-carriere-freres-how-that-smells\\\/\"},\"wordCount\":1208,\"commentCount\":0,\"publisher\":{\"@id\":\"https:\\\/\\\/www.alzd.de\\\/en\\\/#organization\"},\"image\":{\"@id\":\"https:\\\/\\\/www.alzd.de\\\/en\\\/2022\\\/02\\\/15\\\/scented-candles-diffusers-and-more-from-carriere-freres-how-that-smells\\\/#primaryimage\"},\"thumbnailUrl\":\"https:\\\/\\\/www.alzd.de\\\/wp-content\\\/2022\\\/02\\\/bb_Moodshot-7.png\",\"keywords\":[\"Carri\u00e8re Fr\u00e8res\",\"Scented Candle\",\"Tomato\"],\"articleSection\":[\"Flowers\",\"Fruity\",\"Green\",\"Hesperidian\",\"Home Fragrances\",\"Scented candles\"],\"inLanguage\":\"en-US\",\"potentialAction\":[{\"@type\":\"CommentAction\",\"name\":\"Comment\",\"target\":[\"https:\\\/\\\/www.alzd.de\\\/en\\\/2022\\\/02\\\/15\\\/scented-candles-diffusers-and-more-from-carriere-freres-how-that-smells\\\/#respond\"]}]},{\"@type\":\"WebPage\",\"@id\":\"https:\\\/\\\/www.alzd.de\\\/en\\\/2022\\\/02\\\/15\\\/scented-candles-diffusers-and-more-from-carriere-freres-how-that-smells\\\/\",\"url\":\"https:\\\/\\\/www.alzd.de\\\/en\\\/2022\\\/02\\\/15\\\/scented-candles-diffusers-and-more-from-carriere-freres-how-that-smells\\\/\",\"name\":\"Scented candles, diffusers and room sprays by Carri\u00e8re Fr\u00e8res\",\"isPartOf\":{\"@id\":\"https:\\\/\\\/www.alzd.de\\\/en\\\/#website\"},\"primaryImageOfPage\":{\"@id\":\"https:\\\/\\\/www.alzd.de\\\/en\\\/2022\\\/02\\\/15\\\/scented-candles-diffusers-and-more-from-carriere-freres-how-that-smells\\\/#primaryimage\"},\"image\":{\"@id\":\"https:\\\/\\\/www.alzd.de\\\/en\\\/2022\\\/02\\\/15\\\/scented-candles-diffusers-and-more-from-carriere-freres-how-that-smells\\\/#primaryimage\"},\"thumbnailUrl\":\"https:\\\/\\\/www.alzd.de\\\/wp-content\\\/2022\\\/02\\\/bb_Moodshot-7.png\",\"datePublished\":\"2022-02-15T06:30:07+00:00\",\"dateModified\":\"2022-02-22T17:12:46+00:00\",\"description\":\"The room scents of the brand Carri\u00e8re Fr\u00e8res, which has recently arrived at Aus Liebe zum Duft, already have a purely visual effect with their ...\",\"breadcrumb\":{\"@id\":\"https:\\\/\\\/www.alzd.de\\\/en\\\/2022\\\/02\\\/15\\\/scented-candles-diffusers-and-more-from-carriere-freres-how-that-smells\\\/#breadcrumb\"},\"inLanguage\":\"en-US\",\"potentialAction\":[{\"@type\":\"ReadAction\",\"target\":[\"https:\\\/\\\/www.alzd.de\\\/en\\\/2022\\\/02\\\/15\\\/scented-candles-diffusers-and-more-from-carriere-freres-how-that-smells\\\/\"]}]},{\"@type\":\"ImageObject\",\"inLanguage\":\"en-US\",\"@id\":\"https:\\\/\\\/www.alzd.de\\\/en\\\/2022\\\/02\\\/15\\\/scented-candles-diffusers-and-more-from-carriere-freres-how-that-smells\\\/#primaryimage\",\"url\":\"https:\\\/\\\/www.alzd.de\\\/wp-content\\\/2022\\\/02\\\/bb_Moodshot-7.png\",\"contentUrl\":\"https:\\\/\\\/www.alzd.de\\\/wp-content\\\/2022\\\/02\\\/bb_Moodshot-7.png\",\"width\":720,\"height\":400},{\"@type\":\"BreadcrumbList\",\"@id\":\"https:\\\/\\\/www.alzd.de\\\/en\\\/2022\\\/02\\\/15\\\/scented-candles-diffusers-and-more-from-carriere-freres-how-that-smells\\\/#breadcrumb\",\"itemListElement\":[{\"@type\":\"ListItem\",\"position\":1,\"name\":\"Startseite\",\"item\":\"https:\\\/\\\/www.alzd.de\\\/en\\\/\"},{\"@type\":\"ListItem\",\"position\":2,\"name\":\"Scented candles, diffusers and more from Carri\u00e8re Fr\u00e8res \u2013 How that smells\"}]},{\"@type\":\"WebSite\",\"@id\":\"https:\\\/\\\/www.alzd.de\\\/en\\\/#website\",\"url\":\"https:\\\/\\\/www.alzd.de\\\/en\\\/\",\"name\":\"Das Duft-Tagebuch\",\"description\":\"Das Parfumblog von Aus Liebe zum Duft\",\"publisher\":{\"@id\":\"https:\\\/\\\/www.alzd.de\\\/en\\\/#organization\"},\"potentialAction\":[{\"@type\":\"SearchAction\",\"target\":{\"@type\":\"EntryPoint\",\"urlTemplate\":\"https:\\\/\\\/www.alzd.de\\\/en\\\/?s={search_term_string}\"},\"query-input\":{\"@type\":\"PropertyValueSpecification\",\"valueRequired\":true,\"valueName\":\"search_term_string\"}}],\"inLanguage\":\"en-US\"},{\"@type\":\"Organization\",\"@id\":\"https:\\\/\\\/www.alzd.de\\\/en\\\/#organization\",\"name\":\"Das Duft-Tagebuch\",\"url\":\"https:\\\/\\\/www.alzd.de\\\/en\\\/\",\"logo\":{\"@type\":\"ImageObject\",\"inLanguage\":\"en-US\",\"@id\":\"https:\\\/\\\/www.alzd.de\\\/en\\\/#\\\/schema\\\/logo\\\/image\\\/\",\"url\":\"https:\\\/\\\/www.alzd.de\\\/wp-content\\\/2023\\\/08\\\/alzd_dufttagebuch.png\",\"contentUrl\":\"https:\\\/\\\/www.alzd.de\\\/wp-content\\\/2023\\\/08\\\/alzd_dufttagebuch.png\",\"width\":1804,\"height\":416,\"caption\":\"Das Duft-Tagebuch\"},\"image\":{\"@id\":\"https:\\\/\\\/www.alzd.de\\\/en\\\/#\\\/schema\\\/logo\\\/image\\\/\"},\"sameAs\":[\"https:\\\/\\\/www.facebook.com\\\/dufttagebuch\\\/\",\"https:\\\/\\\/x.com\\\/ausliebezumduft\",\"https:\\\/\\\/www.instagram.com\\\/ausliebezumduft.de\\\/\",\"https:\\\/\\\/www.youtube.com\\\/c\\\/ausliebezumduft\"]},{\"@type\":\"Person\",\"@id\":\"https:\\\/\\\/www.alzd.de\\\/en\\\/#\\\/schema\\\/person\\\/8efcd8f02447fdbe8f29ad465897d04e\",\"name\":\"Julia Bir\u00f3\",\"image\":{\"@type\":\"ImageObject\",\"inLanguage\":\"en-US\",\"@id\":\"https:\\\/\\\/www.alzd.de\\\/wp-content\\\/2018\\\/02\\\/cropped-cropped-mitarbeiterbilder_steffi--96x96.jpg\",\"url\":\"https:\\\/\\\/www.alzd.de\\\/wp-content\\\/2018\\\/02\\\/cropped-cropped-mitarbeiterbilder_steffi--96x96.jpg\",\"contentUrl\":\"https:\\\/\\\/www.alzd.de\\\/wp-content\\\/2018\\\/02\\\/cropped-cropped-mitarbeiterbilder_steffi--96x96.jpg\",\"caption\":\"Julia Bir\u00f3\"},\"description\":\"Bereits 2010 gingen so einige Blogbeitr\u00e4ge auf mein Konto. Dann war ich \u201ekurz\u201c weg \u2013 sechs Jahre. Umso mehr freut es mich, dass ich nun wieder die Chance bekomme, mein N\u00e4schen im Dienste der Duftrezension schnuppern zu lassen und eifrig in die Tasten zu hauen. Was Nischend\u00fcfte angeht, habe ich damals \u00fcbrigens schnell Feuer gefangen. Meine Ausbildung tat dazu ihr \u00dcbriges: Als diplomierte Biologin kenne ich mich nicht nur mit Fauna und Flora, sondern auch recht gut mit der Herstellung von \u00d6len und Extrakten aus, was den Reiz der Parfumwelt nat\u00fcrlich noch gr\u00f6\u00dfer macht.\",\"sameAs\":[\"https:\\\/\\\/biro.is\\\/\",\"https:\\\/\\\/www.facebook.com\\\/stephanie.tkaczik\"],\"url\":\"https:\\\/\\\/www.alzd.de\\\/en\\\/author\\\/stephanie\\\/\"}]}<\/script>\n<!-- \/ Yoast SEO plugin. -->","yoast_head_json":{"title":"Scented candles, diffusers and room sprays by Carri\u00e8re Fr\u00e8res","description":"The room scents of the brand Carri\u00e8re Fr\u00e8res, which has recently arrived at Aus Liebe zum Duft, already have a purely visual effect with their ...","robots":{"index":"index","follow":"follow","max-snippet":"max-snippet:-1","max-image-preview":"max-image-preview:large","max-video-preview":"max-video-preview:-1"},"canonical":"https:\/\/www.alzd.de\/en\/2022\/02\/15\/scented-candles-diffusers-and-more-from-carriere-freres-how-that-smells\/","og_locale":"en_US","og_type":"article","og_title":"Scented candles, diffusers and room sprays by Carri\u00e8re Fr\u00e8res","og_url":"https:\/\/www.alzd.de\/en\/2022\/02\/15\/scented-candles-diffusers-and-more-from-carriere-freres-how-that-smells\/","og_site_name":"Das Duft-Tagebuch","article_publisher":"https:\/\/www.facebook.com\/dufttagebuch\/","article_author":"https:\/\/www.facebook.com\/stephanie.tkaczik","article_published_time":"2022-02-15T06:30:07+00:00","article_modified_time":"2022-02-22T17:12:46+00:00","og_image":[{"width":720,"height":400,"url":"https:\/\/www.alzd.de\/wp-content\/2022\/02\/bb_Moodshot-7.png","type":"image\/png"}],"author":"Julia Bir\u00f3","twitter_card":"summary_large_image","twitter_creator":"@ausliebezumduft","twitter_site":"@ausliebezumduft","schema":{"@context":"https:\/\/schema.org","@graph":[{"@type":"Article","@id":"https:\/\/www.alzd.de\/en\/2022\/02\/15\/scented-candles-diffusers-and-more-from-carriere-freres-how-that-smells\/#article","isPartOf":{"@id":"https:\/\/www.alzd.de\/en\/2022\/02\/15\/scented-candles-diffusers-and-more-from-carriere-freres-how-that-smells\/"},"author":{"name":"Julia Bir\u00f3","@id":"https:\/\/www.alzd.de\/en\/#\/schema\/person\/8efcd8f02447fdbe8f29ad465897d04e"},"headline":"Scented candles, diffusers and more from Carri\u00e8re Fr\u00e8res \u2013 How that smells","datePublished":"2022-02-15T06:30:07+00:00","dateModified":"2022-02-22T17:12:46+00:00","mainEntityOfPage":{"@id":"https:\/\/www.alzd.de\/en\/2022\/02\/15\/scented-candles-diffusers-and-more-from-carriere-freres-how-that-smells\/"},"wordCount":1208,"commentCount":0,"publisher":{"@id":"https:\/\/www.alzd.de\/en\/#organization"},"image":{"@id":"https:\/\/www.alzd.de\/en\/2022\/02\/15\/scented-candles-diffusers-and-more-from-carriere-freres-how-that-smells\/#primaryimage"},"thumbnailUrl":"https:\/\/www.alzd.de\/wp-content\/2022\/02\/bb_Moodshot-7.png","keywords":["Carri\u00e8re Fr\u00e8res","Scented Candle","Tomato"],"articleSection":["Flowers","Fruity","Green","Hesperidian","Home Fragrances","Scented candles"],"inLanguage":"en-US","potentialAction":[{"@type":"CommentAction","name":"Comment","target":["https:\/\/www.alzd.de\/en\/2022\/02\/15\/scented-candles-diffusers-and-more-from-carriere-freres-how-that-smells\/#respond"]}]},{"@type":"WebPage","@id":"https:\/\/www.alzd.de\/en\/2022\/02\/15\/scented-candles-diffusers-and-more-from-carriere-freres-how-that-smells\/","url":"https:\/\/www.alzd.de\/en\/2022\/02\/15\/scented-candles-diffusers-and-more-from-carriere-freres-how-that-smells\/","name":"Scented candles, diffusers and room sprays by Carri\u00e8re Fr\u00e8res","isPartOf":{"@id":"https:\/\/www.alzd.de\/en\/#website"},"primaryImageOfPage":{"@id":"https:\/\/www.alzd.de\/en\/2022\/02\/15\/scented-candles-diffusers-and-more-from-carriere-freres-how-that-smells\/#primaryimage"},"image":{"@id":"https:\/\/www.alzd.de\/en\/2022\/02\/15\/scented-candles-diffusers-and-more-from-carriere-freres-how-that-smells\/#primaryimage"},"thumbnailUrl":"https:\/\/www.alzd.de\/wp-content\/2022\/02\/bb_Moodshot-7.png","datePublished":"2022-02-15T06:30:07+00:00","dateModified":"2022-02-22T17:12:46+00:00","description":"The room scents of the brand Carri\u00e8re Fr\u00e8res, which has recently arrived at Aus Liebe zum Duft, already have a purely visual effect with their ...","breadcrumb":{"@id":"https:\/\/www.alzd.de\/en\/2022\/02\/15\/scented-candles-diffusers-and-more-from-carriere-freres-how-that-smells\/#breadcrumb"},"inLanguage":"en-US","potentialAction":[{"@type":"ReadAction","target":["https:\/\/www.alzd.de\/en\/2022\/02\/15\/scented-candles-diffusers-and-more-from-carriere-freres-how-that-smells\/"]}]},{"@type":"ImageObject","inLanguage":"en-US","@id":"https:\/\/www.alzd.de\/en\/2022\/02\/15\/scented-candles-diffusers-and-more-from-carriere-freres-how-that-smells\/#primaryimage","url":"https:\/\/www.alzd.de\/wp-content\/2022\/02\/bb_Moodshot-7.png","contentUrl":"https:\/\/www.alzd.de\/wp-content\/2022\/02\/bb_Moodshot-7.png","width":720,"height":400},{"@type":"BreadcrumbList","@id":"https:\/\/www.alzd.de\/en\/2022\/02\/15\/scented-candles-diffusers-and-more-from-carriere-freres-how-that-smells\/#breadcrumb","itemListElement":[{"@type":"ListItem","position":1,"name":"Startseite","item":"https:\/\/www.alzd.de\/en\/"},{"@type":"ListItem","position":2,"name":"Scented candles, diffusers and more from Carri\u00e8re Fr\u00e8res \u2013 How that smells"}]},{"@type":"WebSite","@id":"https:\/\/www.alzd.de\/en\/#website","url":"https:\/\/www.alzd.de\/en\/","name":"Das Duft-Tagebuch","description":"Das Parfumblog von Aus Liebe zum Duft","publisher":{"@id":"https:\/\/www.alzd.de\/en\/#organization"},"potentialAction":[{"@type":"SearchAction","target":{"@type":"EntryPoint","urlTemplate":"https:\/\/www.alzd.de\/en\/?s={search_term_string}"},"query-input":{"@type":"PropertyValueSpecification","valueRequired":true,"valueName":"search_term_string"}}],"inLanguage":"en-US"},{"@type":"Organization","@id":"https:\/\/www.alzd.de\/en\/#organization","name":"Das Duft-Tagebuch","url":"https:\/\/www.alzd.de\/en\/","logo":{"@type":"ImageObject","inLanguage":"en-US","@id":"https:\/\/www.alzd.de\/en\/#\/schema\/logo\/image\/","url":"https:\/\/www.alzd.de\/wp-content\/2023\/08\/alzd_dufttagebuch.png","contentUrl":"https:\/\/www.alzd.de\/wp-content\/2023\/08\/alzd_dufttagebuch.png","width":1804,"height":416,"caption":"Das Duft-Tagebuch"},"image":{"@id":"https:\/\/www.alzd.de\/en\/#\/schema\/logo\/image\/"},"sameAs":["https:\/\/www.facebook.com\/dufttagebuch\/","https:\/\/x.com\/ausliebezumduft","https:\/\/www.instagram.com\/ausliebezumduft.de\/","https:\/\/www.youtube.com\/c\/ausliebezumduft"]},{"@type":"Person","@id":"https:\/\/www.alzd.de\/en\/#\/schema\/person\/8efcd8f02447fdbe8f29ad465897d04e","name":"Julia Bir\u00f3","image":{"@type":"ImageObject","inLanguage":"en-US","@id":"https:\/\/www.alzd.de\/wp-content\/2018\/02\/cropped-cropped-mitarbeiterbilder_steffi--96x96.jpg","url":"https:\/\/www.alzd.de\/wp-content\/2018\/02\/cropped-cropped-mitarbeiterbilder_steffi--96x96.jpg","contentUrl":"https:\/\/www.alzd.de\/wp-content\/2018\/02\/cropped-cropped-mitarbeiterbilder_steffi--96x96.jpg","caption":"Julia Bir\u00f3"},"description":"Bereits 2010 gingen so einige Blogbeitr\u00e4ge auf mein Konto. Dann war ich \u201ekurz\u201c weg \u2013 sechs Jahre. Umso mehr freut es mich, dass ich nun wieder die Chance bekomme, mein N\u00e4schen im Dienste der Duftrezension schnuppern zu lassen und eifrig in die Tasten zu hauen. Was Nischend\u00fcfte angeht, habe ich damals \u00fcbrigens schnell Feuer gefangen. Meine Ausbildung tat dazu ihr \u00dcbriges: Als diplomierte Biologin kenne ich mich nicht nur mit Fauna und Flora, sondern auch recht gut mit der Herstellung von \u00d6len und Extrakten aus, was den Reiz der Parfumwelt nat\u00fcrlich noch gr\u00f6\u00dfer macht.","sameAs":["https:\/\/biro.is\/","https:\/\/www.facebook.com\/stephanie.tkaczik"],"url":"https:\/\/www.alzd.de\/en\/author\/stephanie\/"}]}},"wp-worthy-pixel":{"ignored":false,"public":null,"server":null,"url":null},"wp-worthy-type":"normal","_links":{"self":[{"href":"https:\/\/www.alzd.de\/en\/wp-json\/wp\/v2\/posts\/94869","targetHints":{"allow":["GET"]}}],"collection":[{"href":"https:\/\/www.alzd.de\/en\/wp-json\/wp\/v2\/posts"}],"about":[{"href":"https:\/\/www.alzd.de\/en\/wp-json\/wp\/v2\/types\/post"}],"author":[{"embeddable":true,"href":"https:\/\/www.alzd.de\/en\/wp-json\/wp\/v2\/users\/535"}],"replies":[{"embeddable":true,"href":"https:\/\/www.alzd.de\/en\/wp-json\/wp\/v2\/comments?post=94869"}],"version-history":[{"count":3,"href":"https:\/\/www.alzd.de\/en\/wp-json\/wp\/v2\/posts\/94869\/revisions"}],"predecessor-version":[{"id":94872,"href":"https:\/\/www.alzd.de\/en\/wp-json\/wp\/v2\/posts\/94869\/revisions\/94872"}],"wp:featuredmedia":[{"embeddable":true,"href":"https:\/\/www.alzd.de\/en\/wp-json\/wp\/v2\/media\/94518"}],"wp:attachment":[{"href":"https:\/\/www.alzd.de\/en\/wp-json\/wp\/v2\/media?parent=94869"}],"wp:term":[{"taxonomy":"category","embeddable":true,"href":"https:\/\/www.alzd.de\/en\/wp-json\/wp\/v2\/categories?post=94869"},{"taxonomy":"post_tag","embeddable":true,"href":"https:\/\/www.alzd.de\/en\/wp-json\/wp\/v2\/tags?post=94869"}],"curies":[{"name":"wp","href":"https:\/\/api.w.org\/{rel}","templated":true}]}}