{"id":94851,"date":"2022-02-17T07:30:00","date_gmt":"2022-02-17T06:30:00","guid":{"rendered":"https:\/\/www.alzd.de\/2022\/02\/17\/cupressus-lycopersicon-esculentum-and-other-room-fragrances-by-carriere-freres\/"},"modified":"2022-02-22T13:35:32","modified_gmt":"2022-02-22T12:35:32","slug":"cupressus-lycopersicon-esculentum-and-other-room-fragrances-by-carriere-freres","status":"publish","type":"post","link":"https:\/\/www.alzd.de\/en\/2022\/02\/17\/cupressus-lycopersicon-esculentum-and-other-room-fragrances-by-carriere-freres\/","title":{"rendered":"Cupressus, Lycopersicon Esculentum and other room fragrances by Carri\u00e8re Fr\u00e8res"},"content":{"rendered":"\n<p>I have already presented a selection of beautiful scented candles from <a href=\"https:\/\/www.ausliebezumduft.de\/raumdufte\/carriere-freres.html\" target=\"_blank\" rel=\"noreferrer noopener\">Carri\u00e8re Fr\u00e8res<\/a> in my last article (read <a href=\"https:\/\/www.alzd.de\/en\/2022\/02\/15\/scented-candles-diffusers-and-more-from-carriere-freres-how-that-smells\/\" target=\"_blank\" rel=\"noreferrer noopener\">here<\/a>). Today we are talking about diffusers, room sprays and the so-called Botanical Palets, waxy plates for hanging, which are scented differently. The <a href=\"https:\/\/www.ausliebezumduft.de\/carriere-freres-cypress-cupressus-diffusor.html\" target=\"_blank\" rel=\"noreferrer noopener\">Cupressus<\/a> and <a href=\"https:\/\/www.ausliebezumduft.de\/carriere-freres-tomato-lycopersicon-esculentum-diffusor.html\" target=\"_blank\" rel=\"noreferrer noopener\">Lycopersicon Esculentum diffusers<\/a> make the beginning, followed by the room spray Lavandula Angustifolia and the wax platelets <a href=\"https:\/\/www.ausliebezumduft.de\/carriere-freres-cedar-cedrus-atlantica-botanical-palets.html\" target=\"_blank\" rel=\"noreferrer noopener\">Cedrus Atlantica<\/a>.<\/p>\n\n<div class=\"wp-block-image\"><figure class=\"aligncenter size-large\"><img decoding=\"async\" width=\"1080\" height=\"1080\" src=\"https:\/\/www.alzd.de\/wp-content\/2022\/02\/calque_732-1080x1080.jpg\" alt=\"Carri&#xE8;re Fr&#xE8;res &#x2013; Cupressus\" class=\"wp-image-94576\" title=\"Carri&#xE8;re Fr&#xE8;res &#x2013; Cupressus\" srcset=\"https:\/\/www.alzd.de\/wp-content\/2022\/02\/calque_732-1080x1080.jpg 1080w, https:\/\/www.alzd.de\/wp-content\/2022\/02\/calque_732-720x720.jpg 720w, https:\/\/www.alzd.de\/wp-content\/2022\/02\/calque_732-360x360.jpg 360w, https:\/\/www.alzd.de\/wp-content\/2022\/02\/calque_732-768x768.jpg 768w, https:\/\/www.alzd.de\/wp-content\/2022\/02\/calque_732-350x350.jpg 350w, https:\/\/www.alzd.de\/wp-content\/2022\/02\/calque_732.jpg 1200w\" sizes=\"(max-width: 1080px) 100vw, 1080px\" \/><figcaption>Cupressus by <a href=\"https:\/\/carrierefreres.com\" target=\"_blank\" rel=\"noreferrer noopener\">Carri\u00e8re Fr\u00e8res<\/a><\/figcaption><\/figure><\/div>\n\n<p>I would like to remind you once again that the Carri\u00e8re Fr\u00e8res brand is closely interwoven with the traditional French company <a href=\"https:\/\/www.ausliebezumduft.de\/raumdufte\/cire-trudon.html\" target=\"_blank\" rel=\"noreferrer noopener\">Trudon<\/a> and that the room fragrances are also manufactured in their manufactory in Normandy. Trudon already looked back on almost 250 years of company history when the candle makers, who had meanwhile been ennobled as the Royal Wax Manufactory, were taken over by the Carri\u00e8re brothers. With their in-depth expertise in the field of candle making, the brothers wanted to put their own individual and innovative ideas into practice and founded the Carri\u00e8re Fr\u00e8res brand in 1884.<\/p>\n\n<h2 class=\"wp-block-heading\" id=\"diffusoren-von-carriere-freres\">Diffusers by Carri\u00e8re Fr\u00e8res<\/h2>\n\n<h3 class=\"wp-block-heading\" id=\"cupressus-lycopersicon-esculentum\">Cupressus \u2013 Lycopersicon Esculentum<\/h3>\n\n<p>The diffusers by Carri\u00e8re Fr\u00e8res already perfectly reflect the nostalgic style of the brand purely visually. The octagon seems to have a special meaning for the label, because the shape can be found in many ways on the products. Not only do the labels have eight corners, but also the diffuser bottles and the Botanical Palets have this cross-section. The diffusers are visually reminiscent of those old vials that used to be used in pharmacies, for example. <\/p>\n\n<p>The glass has a fine green-blue touch and is closed with a sturdy cork. Of course, the glass bottles can be recycled and they also come from such glass. I have already mentioned that Carri\u00e8re Fr\u00e8res attaches great importance to sustainability and resource conservation, which means that the glass bottles of the diffusers fit perfectly into the concept. The rattan sticks are also natural, corks and glass can be recycled and the alcohol used comes from beetroot from France.<\/p>\n\n<div class=\"wp-block-image\"><figure class=\"aligncenter size-large\"><img decoding=\"async\" width=\"1080\" height=\"1080\" src=\"https:\/\/www.alzd.de\/wp-content\/2022\/02\/calque_733-1080x1080.jpg\" alt=\"Carri&#xE8;re Fr&#xE8;res &#x2013; Cupressus\" class=\"wp-image-94584\" title=\"Carri&#xE8;re Fr&#xE8;res &#x2013; Cupressus\" srcset=\"https:\/\/www.alzd.de\/wp-content\/2022\/02\/calque_733-1080x1080.jpg 1080w, https:\/\/www.alzd.de\/wp-content\/2022\/02\/calque_733-720x720.jpg 720w, https:\/\/www.alzd.de\/wp-content\/2022\/02\/calque_733-360x360.jpg 360w, https:\/\/www.alzd.de\/wp-content\/2022\/02\/calque_733-768x768.jpg 768w, https:\/\/www.alzd.de\/wp-content\/2022\/02\/calque_733-350x350.jpg 350w, https:\/\/www.alzd.de\/wp-content\/2022\/02\/calque_733.jpg 1200w\" sizes=\"(max-width: 1080px) 100vw, 1080px\" \/><figcaption>Cupressus by <a href=\"https:\/\/carrierefreres.com\" target=\"_blank\" rel=\"noreferrer noopener\">Carri\u00e8re Fr\u00e8res<\/a><\/figcaption><\/figure><\/div>\n\n<p>I now have two different diffusers here in front of me for testing. I would like to introduce Cupressus first. The cypress is the source of inspiration or main fragrance note of the diffuser. Cypresses are conifers found in the Northern Hemisphere in climatically warmer regions. Particularly well-known are the columnar, tall Mediterranean cypresses, which can be found in many places in Italy. The essential oil of cypress is obtained from the tips of the scaled leaves. Among other things, it is intended to have a harmonizing and invigorating effect. I&#8217;m curious!<\/p>\n\n<p><strong>Cupressus<\/strong> first exudes an aromatic-green and fresh scent when uncorking, in which I make out delicate citrus notes. The situation is similar after inserting the ten rattan sticks. However, I perceive a stronger softwood smell, which carries mentholy features and a citric freshness. A rather cool room fragrance that looks powerful, dynamic and striking.<\/p>\n\n<p>I had already reviewed <strong>Lycopersicon Esculentum<\/strong> in my last post as a scented candle in the botanical set by Carri\u00e8re Fr\u00e8re. Let&#8217;s see if the diffuser is olfactory identical to the waxy candle sibling &#8230; Yes, I would say so. Of course, the fragrance intensity of the diffuser is much higher, at least if the rattan sticks have not been in the liquid for too long. But the fine fruity-green tomato scent with delicate leaf hints can also be found in the diffuser.<\/p>\n\n<div class=\"wp-block-image\"><figure class=\"aligncenter size-large\"><img decoding=\"async\" width=\"1080\" height=\"1080\" src=\"https:\/\/www.alzd.de\/wp-content\/2022\/02\/cf-pdp-diffuseurs-tomate01-1600x1600-1-1080x1080.jpg\" alt=\"Carri&#xE8;re Fr&#xE8;res &#x2013; Lycopersicon Esculentum\" class=\"wp-image-94591\" title=\"Carri&#xE8;re Fr&#xE8;res &#x2013; Lycopersicon Esculentum\" srcset=\"https:\/\/www.alzd.de\/wp-content\/2022\/02\/cf-pdp-diffuseurs-tomate01-1600x1600-1-1080x1080.jpg 1080w, https:\/\/www.alzd.de\/wp-content\/2022\/02\/cf-pdp-diffuseurs-tomate01-1600x1600-1-720x720.jpg 720w, https:\/\/www.alzd.de\/wp-content\/2022\/02\/cf-pdp-diffuseurs-tomate01-1600x1600-1-360x360.jpg 360w, https:\/\/www.alzd.de\/wp-content\/2022\/02\/cf-pdp-diffuseurs-tomate01-1600x1600-1-768x768.jpg 768w, https:\/\/www.alzd.de\/wp-content\/2022\/02\/cf-pdp-diffuseurs-tomate01-1600x1600-1-350x350.jpg 350w, https:\/\/www.alzd.de\/wp-content\/2022\/02\/cf-pdp-diffuseurs-tomate01-1600x1600-1.jpg 1200w\" sizes=\"(max-width: 1080px) 100vw, 1080px\" \/><figcaption>Lycopersicon Esculentum by <a href=\"https:\/\/carrierefreres.com\" target=\"_blank\" rel=\"noreferrer noopener\">Carri\u00e8re Fr\u00e8res<\/a><\/figcaption><\/figure><\/div>\n\n<p>A few words about the intensity. Placed in a smaller room, a strong scent such as cypressus mentioned above can become a little too much. I had first set it up in our mini bathroom, which has a size of about 4 square meters incl. sloping roof. In the large bathroom, the fragrance now comes into its own much better. For smaller rooms such as our guest bathroom, I would tend to prefer a lighter variant \u2013 such as one of the beautiful rose scents \u2013 or pick a scented candle, which is lighter and less lush overall.<\/p>\n\n<h2 class=\"wp-block-heading\" id=\"raumspray-von-carriere-freres\">Room spray by Carri\u00e8re Fr\u00e8res<\/h2>\n\n<h3 class=\"wp-block-heading\" id=\"lavandula-angustifolia\">Lavandula Angustifolia<\/h3>\n\n<p>The <a href=\"https:\/\/www.ausliebezumduft.de\/raumdufte\/carriere-freres.html?home_fragrances=77\" target=\"_blank\" rel=\"noreferrer noopener\">room spray<\/a> with the fragrance <strong>Lavandula Angustifolia<\/strong> is currently not yet available at Aus Liebe zum Duft, but as a diffuser, scented candle and botanical palet, the lavender can already be found in the shop. In order to bring you closer to the look and presentation of the room spray and my impression of the lavender fragrance itself, I have decided to let this scent atomizer still flow into the review.<\/p>\n\n<p>The room spray \u2013 like the diffusers and scented candles \u2013 looks extremely valuable, stable and classic. The bottle is also made of this blue-greenish glass, which was also used in the diffusers. I had already mentioned that recycled glass was used for the bottles. The feel of the glass is not completely smooth with the room fragrance and the diffusers. The surface has minimal unevenness, here and there a small air confinement can be found. <\/p>\n\n<div class=\"wp-block-image\"><figure class=\"aligncenter size-large\"><img decoding=\"async\" width=\"1080\" height=\"1080\" src=\"https:\/\/www.alzd.de\/wp-content\/2022\/02\/cf-pdp-vapos-lavande01-1600x1600-1-1080x1080.jpg\" alt=\"Carri&#xE8;re Fr&#xE8;res &#x2013; Lavandula Angustifolia\" class=\"wp-image-94606\" title=\"Carri&#xE8;re Fr&#xE8;res &#x2013; Lavandula Angustifolia\" srcset=\"https:\/\/www.alzd.de\/wp-content\/2022\/02\/cf-pdp-vapos-lavande01-1600x1600-1-1080x1080.jpg 1080w, https:\/\/www.alzd.de\/wp-content\/2022\/02\/cf-pdp-vapos-lavande01-1600x1600-1-720x720.jpg 720w, https:\/\/www.alzd.de\/wp-content\/2022\/02\/cf-pdp-vapos-lavande01-1600x1600-1-360x360.jpg 360w, https:\/\/www.alzd.de\/wp-content\/2022\/02\/cf-pdp-vapos-lavande01-1600x1600-1-768x768.jpg 768w, https:\/\/www.alzd.de\/wp-content\/2022\/02\/cf-pdp-vapos-lavande01-1600x1600-1-350x350.jpg 350w, https:\/\/www.alzd.de\/wp-content\/2022\/02\/cf-pdp-vapos-lavande01-1600x1600-1.jpg 1200w\" sizes=\"(max-width: 1080px) 100vw, 1080px\" \/><figcaption>Lavandula Angustifolia by <a href=\"https:\/\/carrierefreres.com\" target=\"_blank\" rel=\"noreferrer noopener\">Carri\u00e8re Fr\u00e8res<\/a><\/figcaption><\/figure><\/div>\n\n<p>This beautifully reflects the vintage character that Carri\u00e8re Fr\u00e8res seems to breathe from every pore with his room scents. The bottles of diffusers and room sprays are reminiscent of old apothecary bottles and the look and feel of the glass bottles also exude a certain nostalgia, which is also reflected in the botanically illustrated labels including outer packaging.<\/p>\n\n<p>The lavender scent of <strong>Lavandula Angustifolia<\/strong> is beautiful, authentic and exudes an invigorating and herbaceous freshness with a Mediterranean character. In my mind&#8217;s eye, the lavender fields of Provence flash and the lavender bushes in my garden, which smell intense, but unfortunately do not bloom as lushly as the Provencal counterparts. The room fragrance Lavandula Angustifolia now brings this summery mood of southern France into the house. <\/p>\n\n<p>Aromatherapeutically, the essential oil is considered soothing, sleep-inducing, balancing and beneficial for body and mind, which is why I can imagine that the bedroom in particular would be an excellent place for a scented candle or diffuser in the lavender variety. But Lavandula Angustifolia by Carri\u00e8re Fr\u00e8res also seems quite suitable for the living room, kitchen and bathroom. By the way, in the shop you will find room spray in the varieties <a href=\"https:\/\/www.ausliebezumduft.de\/carriere-freres-sandalwood-santalum-album-raumspray.html\" target=\"_blank\" rel=\"noreferrer noopener\">Santalum Album \/ Sandalwood<\/a> and <a href=\"https:\/\/www.ausliebezumduft.de\/carriere-freres-tomato-lycopersicon-esculentum-raumspray.html\" target=\"_blank\" rel=\"noreferrer noopener\">Lycopersicon Esculentum \/ Tomato.<\/a><\/p>\n\n<div class=\"wp-block-image\"><figure class=\"aligncenter size-large\"><img decoding=\"async\" width=\"1080\" height=\"1080\" src=\"https:\/\/www.alzd.de\/wp-content\/2022\/02\/cf-pdp-vapos-santal02-1600x1600-1-1080x1080.jpg\" alt=\"Carri&#xE8;re Fr&#xE8;res &#x2013; Santalum Album\" class=\"wp-image-94621\" title=\"Carri&#xE8;re Fr&#xE8;res &#x2013; Santalum Album\" srcset=\"https:\/\/www.alzd.de\/wp-content\/2022\/02\/cf-pdp-vapos-santal02-1600x1600-1-1080x1080.jpg 1080w, https:\/\/www.alzd.de\/wp-content\/2022\/02\/cf-pdp-vapos-santal02-1600x1600-1-720x720.jpg 720w, https:\/\/www.alzd.de\/wp-content\/2022\/02\/cf-pdp-vapos-santal02-1600x1600-1-360x360.jpg 360w, https:\/\/www.alzd.de\/wp-content\/2022\/02\/cf-pdp-vapos-santal02-1600x1600-1-768x768.jpg 768w, https:\/\/www.alzd.de\/wp-content\/2022\/02\/cf-pdp-vapos-santal02-1600x1600-1-350x350.jpg 350w, https:\/\/www.alzd.de\/wp-content\/2022\/02\/cf-pdp-vapos-santal02-1600x1600-1.jpg 1200w\" sizes=\"(max-width: 1080px) 100vw, 1080px\" \/><figcaption>Santalum Album by <a href=\"https:\/\/carrierefreres.com\" target=\"_blank\" rel=\"noreferrer noopener\">Carri\u00e8re Fr\u00e8res<\/a><\/figcaption><\/figure><\/div>\n\n<h2 class=\"wp-block-heading\" id=\"botanical-platelets-von-carriere-freres\">Botanical Platelets by Carri\u00e8re Fr\u00e8res<\/h2>\n\n<h3 class=\"wp-block-heading\" id=\"cedrus-atlantica\">Cedrus Atlantica<\/h3>\n\n<p>Let&#8217;s get to our last room fragrance category, the <a href=\"https:\/\/www.ausliebezumduft.de\/catalogsearch\/result\/?q=botanical+palets\" target=\"_blank\" rel=\"noreferrer noopener\">Botanical Palets<\/a>. These waxy, octagonal tiles are ideal for those who want to scent their wardrobe \u2013 walk-in or conventional \u2013 drawers or chests. They are therefore more suitable for smaller premises. One must not be deceived by the concept of platelets. The Botanical Palets are of course not huge, but also not tiny, as the term &#8220;platelets&#8221; might suggest. <\/p>\n\n<p>I have briefly swung the ruler and can tell you that the octagons have a thickness of 1 cm and a width of almost 9 cm. Since liquid wax is poured into a mold for the Botanical Palet, one side is naturally completely smooth and subtly shiny. On this there is a decorative groove and the embossing &#8220;Carri\u00e8re Fr\u00e8res 1884&#8221;. <\/p>\n\n<p>The other side is roughened, as the dried plant components were sprinkled here. In my case \u2013 the <strong>variant Cedrus Atlantica<\/strong> \u2013 they are pieces of wood of the Atlas cedar, in the shop there are also wax plates with <a href=\"https:\/\/www.ausliebezumduft.de\/carriere-freres-la-rose-aime-le-poivre-botanical-palets.html\" target=\"_blank\" rel=\"noreferrer noopener\">rose and pepper<\/a> as well as <a href=\"https:\/\/www.ausliebezumduft.de\/carriere-freres-lavender-lavandula-angustifolia-botanical-palets.html\" target=\"_blank\" rel=\"noreferrer noopener\">lavender flowers<\/a>. Each wax plate is provided with a hole and a dark green ribbon about 20 cm long. So you have enough leeway to connect.<\/p>\n\n<div class=\"wp-block-image\"><figure class=\"aligncenter size-large\"><img decoding=\"async\" width=\"1080\" height=\"1080\" src=\"https:\/\/www.alzd.de\/wp-content\/2022\/02\/cf-pdp-palets-cedre01-1600x1600-1-1080x1080.jpg\" alt=\"Carri&#xE8;re Fr&#xE8;res &#x2013; Cedrus Atlantica\" class=\"wp-image-94625\" title=\"Carri&#xE8;re Fr&#xE8;res &#x2013; Cedrus Atlantica\" srcset=\"https:\/\/www.alzd.de\/wp-content\/2022\/02\/cf-pdp-palets-cedre01-1600x1600-1-1080x1080.jpg 1080w, https:\/\/www.alzd.de\/wp-content\/2022\/02\/cf-pdp-palets-cedre01-1600x1600-1-720x720.jpg 720w, https:\/\/www.alzd.de\/wp-content\/2022\/02\/cf-pdp-palets-cedre01-1600x1600-1-360x360.jpg 360w, https:\/\/www.alzd.de\/wp-content\/2022\/02\/cf-pdp-palets-cedre01-1600x1600-1-768x768.jpg 768w, https:\/\/www.alzd.de\/wp-content\/2022\/02\/cf-pdp-palets-cedre01-1600x1600-1-350x350.jpg 350w, https:\/\/www.alzd.de\/wp-content\/2022\/02\/cf-pdp-palets-cedre01-1600x1600-1.jpg 1200w\" sizes=\"(max-width: 1080px) 100vw, 1080px\" \/><\/figure><\/div>\n\n<p>The scent of the wax plate Cedrus Atlantica is \u2013 freshly taken from the box \u2013 very intense. Aromatic, fresh and dry cedar wood notes smell towards me, very comfortable, soothing and carrying a certain warmth in them. A fragrance that looks clean, strong and exudes a typical resinous wood character with softwood accents. In my opinion, the fragrance is ideal for laundry, as it has both fresh and clean hints. In addition, the cedar scent is said to be effective against moths, which is another plus. \ud83d\ude42<\/p>\n\n<p>Who of you has fallen for the room scents of Carri\u00e8re Fr\u00e8res as much as we have? Do you have a personal favorite?<\/p>\n\n<div class=\"wp-block-buttons is-content-justification-center is-layout-flex wp-container-core-buttons-is-layout-16018d1d wp-block-buttons-is-layout-flex\">\n<div class=\"wp-block-button has-custom-width wp-block-button__width-50\"><a class=\"wp-block-button__link has-white-color has-text-color has-background\" href=\"https:\/\/www.ausliebezumduft.de\/raumdufte\/carriere-freres.html\" style=\"background-color:#889266\" target=\"_blank\" rel=\"noreferrer noopener\"><strong>Directly to Carri\u00e8re Fr\u00e8res<\/strong><\/a><\/div>\n<\/div>\n","protected":false},"excerpt":{"rendered":"<p>I have already presented a selection of beautiful scented candles from Carri\u00e8re Fr\u00e8res in my last article (read here). Today we are talking about diffusers, room sprays and&#8230;<\/p>\n<div class=\"more-link-wrapper\"><a class=\"more-link\" href=\"https:\/\/www.alzd.de\/en\/2022\/02\/17\/cupressus-lycopersicon-esculentum-and-other-room-fragrances-by-carriere-freres\/\">WEITERLESEN<span class=\"screen-reader-text\">Cupressus, Lycopersicon Esculentum and other room fragrances by Carri\u00e8re Fr\u00e8res<\/span><\/a><\/div>\n","protected":false},"author":535,"featured_media":94593,"comment_status":"open","ping_status":"closed","sticky":false,"template":"","format":"standard","meta":{"footnotes":""},"categories":[1135,1151,1155,1157,1134,1148,1114],"tags":[1315,1579,1580,1578,1577],"class_list":["post-94851","post","type-post","status-publish","format-standard","has-post-thumbnail","hentry","category-diffusers","category-flowers","category-fruity","category-green","category-home-fragrances","category-room-sprays","category-woody","tag-carriere-freres-en","tag-cedar","tag-cypress","tag-lavender","tag-tomato","excerpt","zoom","full-without-featured","even","excerpt-0"],"yoast_head":"<!-- This site is optimized with the Yoast SEO plugin v27.5 - https:\/\/yoast.com\/product\/yoast-seo-wordpress\/ -->\n<title>Cupressus and Lycopersicon Esculentum by Carri\u00e8re Fr\u00e8res<\/title>\n<meta name=\"description\" content=\"Today, the Cupressus and Lycopersicon Esculentum diffusers by Carri\u00e8re Fr\u00e8res make the start, followed by the lavandula room spray ...\" \/>\n<meta name=\"robots\" content=\"index, follow, max-snippet:-1, max-image-preview:large, max-video-preview:-1\" \/>\n<link rel=\"canonical\" href=\"https:\/\/www.alzd.de\/en\/2022\/02\/17\/cupressus-lycopersicon-esculentum-and-other-room-fragrances-by-carriere-freres\/\" \/>\n<meta property=\"og:locale\" content=\"en_US\" \/>\n<meta property=\"og:type\" content=\"article\" \/>\n<meta property=\"og:title\" content=\"Cupressus and Lycopersicon Esculentum by Carri\u00e8re Fr\u00e8res\" \/>\n<meta property=\"og:url\" content=\"https:\/\/www.alzd.de\/en\/2022\/02\/17\/cupressus-lycopersicon-esculentum-and-other-room-fragrances-by-carriere-freres\/\" \/>\n<meta property=\"og:site_name\" content=\"Das Duft-Tagebuch\" \/>\n<meta property=\"article:publisher\" content=\"https:\/\/www.facebook.com\/dufttagebuch\/\" \/>\n<meta property=\"article:author\" content=\"https:\/\/www.facebook.com\/stephanie.tkaczik\" \/>\n<meta property=\"article:published_time\" content=\"2022-02-17T06:30:00+00:00\" \/>\n<meta property=\"article:modified_time\" content=\"2022-02-22T12:35:32+00:00\" \/>\n<meta property=\"og:image\" content=\"https:\/\/www.alzd.de\/wp-content\/2022\/02\/bb_calque_732.jpg\" \/>\n\t<meta property=\"og:image:width\" content=\"720\" \/>\n\t<meta property=\"og:image:height\" content=\"400\" \/>\n\t<meta property=\"og:image:type\" content=\"image\/jpeg\" \/>\n<meta name=\"author\" content=\"Julia Bir\u00f3\" \/>\n<meta name=\"twitter:card\" content=\"summary_large_image\" \/>\n<meta name=\"twitter:creator\" content=\"@ausliebezumduft\" \/>\n<meta name=\"twitter:site\" content=\"@ausliebezumduft\" \/>\n<script type=\"application\/ld+json\" class=\"yoast-schema-graph\">{\"@context\":\"https:\\\/\\\/schema.org\",\"@graph\":[{\"@type\":\"Article\",\"@id\":\"https:\\\/\\\/www.alzd.de\\\/en\\\/2022\\\/02\\\/17\\\/cupressus-lycopersicon-esculentum-and-other-room-fragrances-by-carriere-freres\\\/#article\",\"isPartOf\":{\"@id\":\"https:\\\/\\\/www.alzd.de\\\/en\\\/2022\\\/02\\\/17\\\/cupressus-lycopersicon-esculentum-and-other-room-fragrances-by-carriere-freres\\\/\"},\"author\":{\"name\":\"Julia Bir\u00f3\",\"@id\":\"https:\\\/\\\/www.alzd.de\\\/en\\\/#\\\/schema\\\/person\\\/8efcd8f02447fdbe8f29ad465897d04e\"},\"headline\":\"Cupressus, Lycopersicon Esculentum and other room fragrances by Carri\u00e8re Fr\u00e8res\",\"datePublished\":\"2022-02-17T06:30:00+00:00\",\"dateModified\":\"2022-02-22T12:35:32+00:00\",\"mainEntityOfPage\":{\"@id\":\"https:\\\/\\\/www.alzd.de\\\/en\\\/2022\\\/02\\\/17\\\/cupressus-lycopersicon-esculentum-and-other-room-fragrances-by-carriere-freres\\\/\"},\"wordCount\":1391,\"commentCount\":0,\"publisher\":{\"@id\":\"https:\\\/\\\/www.alzd.de\\\/en\\\/#organization\"},\"image\":{\"@id\":\"https:\\\/\\\/www.alzd.de\\\/en\\\/2022\\\/02\\\/17\\\/cupressus-lycopersicon-esculentum-and-other-room-fragrances-by-carriere-freres\\\/#primaryimage\"},\"thumbnailUrl\":\"https:\\\/\\\/www.alzd.de\\\/wp-content\\\/2022\\\/02\\\/bb_calque_732.jpg\",\"keywords\":[\"Carri\u00e8re Fr\u00e8res\",\"Cedar\",\"Cypress\",\"Lavender\",\"Tomato\"],\"articleSection\":[\"Diffusers\",\"Flowers\",\"Fruity\",\"Green\",\"Home Fragrances\",\"Room sprays\",\"Woody\"],\"inLanguage\":\"en-US\",\"potentialAction\":[{\"@type\":\"CommentAction\",\"name\":\"Comment\",\"target\":[\"https:\\\/\\\/www.alzd.de\\\/en\\\/2022\\\/02\\\/17\\\/cupressus-lycopersicon-esculentum-and-other-room-fragrances-by-carriere-freres\\\/#respond\"]}]},{\"@type\":\"WebPage\",\"@id\":\"https:\\\/\\\/www.alzd.de\\\/en\\\/2022\\\/02\\\/17\\\/cupressus-lycopersicon-esculentum-and-other-room-fragrances-by-carriere-freres\\\/\",\"url\":\"https:\\\/\\\/www.alzd.de\\\/en\\\/2022\\\/02\\\/17\\\/cupressus-lycopersicon-esculentum-and-other-room-fragrances-by-carriere-freres\\\/\",\"name\":\"Cupressus and Lycopersicon Esculentum by Carri\u00e8re Fr\u00e8res\",\"isPartOf\":{\"@id\":\"https:\\\/\\\/www.alzd.de\\\/en\\\/#website\"},\"primaryImageOfPage\":{\"@id\":\"https:\\\/\\\/www.alzd.de\\\/en\\\/2022\\\/02\\\/17\\\/cupressus-lycopersicon-esculentum-and-other-room-fragrances-by-carriere-freres\\\/#primaryimage\"},\"image\":{\"@id\":\"https:\\\/\\\/www.alzd.de\\\/en\\\/2022\\\/02\\\/17\\\/cupressus-lycopersicon-esculentum-and-other-room-fragrances-by-carriere-freres\\\/#primaryimage\"},\"thumbnailUrl\":\"https:\\\/\\\/www.alzd.de\\\/wp-content\\\/2022\\\/02\\\/bb_calque_732.jpg\",\"datePublished\":\"2022-02-17T06:30:00+00:00\",\"dateModified\":\"2022-02-22T12:35:32+00:00\",\"description\":\"Today, the Cupressus and Lycopersicon Esculentum diffusers by Carri\u00e8re Fr\u00e8res make the start, followed by the lavandula room spray ...\",\"breadcrumb\":{\"@id\":\"https:\\\/\\\/www.alzd.de\\\/en\\\/2022\\\/02\\\/17\\\/cupressus-lycopersicon-esculentum-and-other-room-fragrances-by-carriere-freres\\\/#breadcrumb\"},\"inLanguage\":\"en-US\",\"potentialAction\":[{\"@type\":\"ReadAction\",\"target\":[\"https:\\\/\\\/www.alzd.de\\\/en\\\/2022\\\/02\\\/17\\\/cupressus-lycopersicon-esculentum-and-other-room-fragrances-by-carriere-freres\\\/\"]}]},{\"@type\":\"ImageObject\",\"inLanguage\":\"en-US\",\"@id\":\"https:\\\/\\\/www.alzd.de\\\/en\\\/2022\\\/02\\\/17\\\/cupressus-lycopersicon-esculentum-and-other-room-fragrances-by-carriere-freres\\\/#primaryimage\",\"url\":\"https:\\\/\\\/www.alzd.de\\\/wp-content\\\/2022\\\/02\\\/bb_calque_732.jpg\",\"contentUrl\":\"https:\\\/\\\/www.alzd.de\\\/wp-content\\\/2022\\\/02\\\/bb_calque_732.jpg\",\"width\":720,\"height\":400,\"caption\":\"binary comment\"},{\"@type\":\"BreadcrumbList\",\"@id\":\"https:\\\/\\\/www.alzd.de\\\/en\\\/2022\\\/02\\\/17\\\/cupressus-lycopersicon-esculentum-and-other-room-fragrances-by-carriere-freres\\\/#breadcrumb\",\"itemListElement\":[{\"@type\":\"ListItem\",\"position\":1,\"name\":\"Startseite\",\"item\":\"https:\\\/\\\/www.alzd.de\\\/en\\\/\"},{\"@type\":\"ListItem\",\"position\":2,\"name\":\"Cupressus, Lycopersicon Esculentum and other room fragrances by Carri\u00e8re Fr\u00e8res\"}]},{\"@type\":\"WebSite\",\"@id\":\"https:\\\/\\\/www.alzd.de\\\/en\\\/#website\",\"url\":\"https:\\\/\\\/www.alzd.de\\\/en\\\/\",\"name\":\"Das Duft-Tagebuch\",\"description\":\"Das Parfumblog von Aus Liebe zum Duft\",\"publisher\":{\"@id\":\"https:\\\/\\\/www.alzd.de\\\/en\\\/#organization\"},\"potentialAction\":[{\"@type\":\"SearchAction\",\"target\":{\"@type\":\"EntryPoint\",\"urlTemplate\":\"https:\\\/\\\/www.alzd.de\\\/en\\\/?s={search_term_string}\"},\"query-input\":{\"@type\":\"PropertyValueSpecification\",\"valueRequired\":true,\"valueName\":\"search_term_string\"}}],\"inLanguage\":\"en-US\"},{\"@type\":\"Organization\",\"@id\":\"https:\\\/\\\/www.alzd.de\\\/en\\\/#organization\",\"name\":\"Das Duft-Tagebuch\",\"url\":\"https:\\\/\\\/www.alzd.de\\\/en\\\/\",\"logo\":{\"@type\":\"ImageObject\",\"inLanguage\":\"en-US\",\"@id\":\"https:\\\/\\\/www.alzd.de\\\/en\\\/#\\\/schema\\\/logo\\\/image\\\/\",\"url\":\"https:\\\/\\\/www.alzd.de\\\/wp-content\\\/2023\\\/08\\\/alzd_dufttagebuch.png\",\"contentUrl\":\"https:\\\/\\\/www.alzd.de\\\/wp-content\\\/2023\\\/08\\\/alzd_dufttagebuch.png\",\"width\":1804,\"height\":416,\"caption\":\"Das Duft-Tagebuch\"},\"image\":{\"@id\":\"https:\\\/\\\/www.alzd.de\\\/en\\\/#\\\/schema\\\/logo\\\/image\\\/\"},\"sameAs\":[\"https:\\\/\\\/www.facebook.com\\\/dufttagebuch\\\/\",\"https:\\\/\\\/x.com\\\/ausliebezumduft\",\"https:\\\/\\\/www.instagram.com\\\/ausliebezumduft.de\\\/\",\"https:\\\/\\\/www.youtube.com\\\/c\\\/ausliebezumduft\"]},{\"@type\":\"Person\",\"@id\":\"https:\\\/\\\/www.alzd.de\\\/en\\\/#\\\/schema\\\/person\\\/8efcd8f02447fdbe8f29ad465897d04e\",\"name\":\"Julia Bir\u00f3\",\"image\":{\"@type\":\"ImageObject\",\"inLanguage\":\"en-US\",\"@id\":\"https:\\\/\\\/www.alzd.de\\\/wp-content\\\/2018\\\/02\\\/cropped-cropped-mitarbeiterbilder_steffi--96x96.jpg\",\"url\":\"https:\\\/\\\/www.alzd.de\\\/wp-content\\\/2018\\\/02\\\/cropped-cropped-mitarbeiterbilder_steffi--96x96.jpg\",\"contentUrl\":\"https:\\\/\\\/www.alzd.de\\\/wp-content\\\/2018\\\/02\\\/cropped-cropped-mitarbeiterbilder_steffi--96x96.jpg\",\"caption\":\"Julia Bir\u00f3\"},\"description\":\"Bereits 2010 gingen so einige Blogbeitr\u00e4ge auf mein Konto. Dann war ich \u201ekurz\u201c weg \u2013 sechs Jahre. Umso mehr freut es mich, dass ich nun wieder die Chance bekomme, mein N\u00e4schen im Dienste der Duftrezension schnuppern zu lassen und eifrig in die Tasten zu hauen. Was Nischend\u00fcfte angeht, habe ich damals \u00fcbrigens schnell Feuer gefangen. Meine Ausbildung tat dazu ihr \u00dcbriges: Als diplomierte Biologin kenne ich mich nicht nur mit Fauna und Flora, sondern auch recht gut mit der Herstellung von \u00d6len und Extrakten aus, was den Reiz der Parfumwelt nat\u00fcrlich noch gr\u00f6\u00dfer macht.\",\"sameAs\":[\"https:\\\/\\\/biro.is\\\/\",\"https:\\\/\\\/www.facebook.com\\\/stephanie.tkaczik\"],\"url\":\"https:\\\/\\\/www.alzd.de\\\/en\\\/author\\\/stephanie\\\/\"}]}<\/script>\n<!-- \/ Yoast SEO plugin. -->","yoast_head_json":{"title":"Cupressus and Lycopersicon Esculentum by Carri\u00e8re Fr\u00e8res","description":"Today, the Cupressus and Lycopersicon Esculentum diffusers by Carri\u00e8re Fr\u00e8res make the start, followed by the lavandula room spray ...","robots":{"index":"index","follow":"follow","max-snippet":"max-snippet:-1","max-image-preview":"max-image-preview:large","max-video-preview":"max-video-preview:-1"},"canonical":"https:\/\/www.alzd.de\/en\/2022\/02\/17\/cupressus-lycopersicon-esculentum-and-other-room-fragrances-by-carriere-freres\/","og_locale":"en_US","og_type":"article","og_title":"Cupressus and Lycopersicon Esculentum by Carri\u00e8re Fr\u00e8res","og_url":"https:\/\/www.alzd.de\/en\/2022\/02\/17\/cupressus-lycopersicon-esculentum-and-other-room-fragrances-by-carriere-freres\/","og_site_name":"Das Duft-Tagebuch","article_publisher":"https:\/\/www.facebook.com\/dufttagebuch\/","article_author":"https:\/\/www.facebook.com\/stephanie.tkaczik","article_published_time":"2022-02-17T06:30:00+00:00","article_modified_time":"2022-02-22T12:35:32+00:00","og_image":[{"width":720,"height":400,"url":"https:\/\/www.alzd.de\/wp-content\/2022\/02\/bb_calque_732.jpg","type":"image\/jpeg"}],"author":"Julia Bir\u00f3","twitter_card":"summary_large_image","twitter_creator":"@ausliebezumduft","twitter_site":"@ausliebezumduft","schema":{"@context":"https:\/\/schema.org","@graph":[{"@type":"Article","@id":"https:\/\/www.alzd.de\/en\/2022\/02\/17\/cupressus-lycopersicon-esculentum-and-other-room-fragrances-by-carriere-freres\/#article","isPartOf":{"@id":"https:\/\/www.alzd.de\/en\/2022\/02\/17\/cupressus-lycopersicon-esculentum-and-other-room-fragrances-by-carriere-freres\/"},"author":{"name":"Julia Bir\u00f3","@id":"https:\/\/www.alzd.de\/en\/#\/schema\/person\/8efcd8f02447fdbe8f29ad465897d04e"},"headline":"Cupressus, Lycopersicon Esculentum and other room fragrances by Carri\u00e8re Fr\u00e8res","datePublished":"2022-02-17T06:30:00+00:00","dateModified":"2022-02-22T12:35:32+00:00","mainEntityOfPage":{"@id":"https:\/\/www.alzd.de\/en\/2022\/02\/17\/cupressus-lycopersicon-esculentum-and-other-room-fragrances-by-carriere-freres\/"},"wordCount":1391,"commentCount":0,"publisher":{"@id":"https:\/\/www.alzd.de\/en\/#organization"},"image":{"@id":"https:\/\/www.alzd.de\/en\/2022\/02\/17\/cupressus-lycopersicon-esculentum-and-other-room-fragrances-by-carriere-freres\/#primaryimage"},"thumbnailUrl":"https:\/\/www.alzd.de\/wp-content\/2022\/02\/bb_calque_732.jpg","keywords":["Carri\u00e8re Fr\u00e8res","Cedar","Cypress","Lavender","Tomato"],"articleSection":["Diffusers","Flowers","Fruity","Green","Home Fragrances","Room sprays","Woody"],"inLanguage":"en-US","potentialAction":[{"@type":"CommentAction","name":"Comment","target":["https:\/\/www.alzd.de\/en\/2022\/02\/17\/cupressus-lycopersicon-esculentum-and-other-room-fragrances-by-carriere-freres\/#respond"]}]},{"@type":"WebPage","@id":"https:\/\/www.alzd.de\/en\/2022\/02\/17\/cupressus-lycopersicon-esculentum-and-other-room-fragrances-by-carriere-freres\/","url":"https:\/\/www.alzd.de\/en\/2022\/02\/17\/cupressus-lycopersicon-esculentum-and-other-room-fragrances-by-carriere-freres\/","name":"Cupressus and Lycopersicon Esculentum by Carri\u00e8re Fr\u00e8res","isPartOf":{"@id":"https:\/\/www.alzd.de\/en\/#website"},"primaryImageOfPage":{"@id":"https:\/\/www.alzd.de\/en\/2022\/02\/17\/cupressus-lycopersicon-esculentum-and-other-room-fragrances-by-carriere-freres\/#primaryimage"},"image":{"@id":"https:\/\/www.alzd.de\/en\/2022\/02\/17\/cupressus-lycopersicon-esculentum-and-other-room-fragrances-by-carriere-freres\/#primaryimage"},"thumbnailUrl":"https:\/\/www.alzd.de\/wp-content\/2022\/02\/bb_calque_732.jpg","datePublished":"2022-02-17T06:30:00+00:00","dateModified":"2022-02-22T12:35:32+00:00","description":"Today, the Cupressus and Lycopersicon Esculentum diffusers by Carri\u00e8re Fr\u00e8res make the start, followed by the lavandula room spray ...","breadcrumb":{"@id":"https:\/\/www.alzd.de\/en\/2022\/02\/17\/cupressus-lycopersicon-esculentum-and-other-room-fragrances-by-carriere-freres\/#breadcrumb"},"inLanguage":"en-US","potentialAction":[{"@type":"ReadAction","target":["https:\/\/www.alzd.de\/en\/2022\/02\/17\/cupressus-lycopersicon-esculentum-and-other-room-fragrances-by-carriere-freres\/"]}]},{"@type":"ImageObject","inLanguage":"en-US","@id":"https:\/\/www.alzd.de\/en\/2022\/02\/17\/cupressus-lycopersicon-esculentum-and-other-room-fragrances-by-carriere-freres\/#primaryimage","url":"https:\/\/www.alzd.de\/wp-content\/2022\/02\/bb_calque_732.jpg","contentUrl":"https:\/\/www.alzd.de\/wp-content\/2022\/02\/bb_calque_732.jpg","width":720,"height":400,"caption":"binary comment"},{"@type":"BreadcrumbList","@id":"https:\/\/www.alzd.de\/en\/2022\/02\/17\/cupressus-lycopersicon-esculentum-and-other-room-fragrances-by-carriere-freres\/#breadcrumb","itemListElement":[{"@type":"ListItem","position":1,"name":"Startseite","item":"https:\/\/www.alzd.de\/en\/"},{"@type":"ListItem","position":2,"name":"Cupressus, Lycopersicon Esculentum and other room fragrances by Carri\u00e8re Fr\u00e8res"}]},{"@type":"WebSite","@id":"https:\/\/www.alzd.de\/en\/#website","url":"https:\/\/www.alzd.de\/en\/","name":"Das Duft-Tagebuch","description":"Das Parfumblog von Aus Liebe zum Duft","publisher":{"@id":"https:\/\/www.alzd.de\/en\/#organization"},"potentialAction":[{"@type":"SearchAction","target":{"@type":"EntryPoint","urlTemplate":"https:\/\/www.alzd.de\/en\/?s={search_term_string}"},"query-input":{"@type":"PropertyValueSpecification","valueRequired":true,"valueName":"search_term_string"}}],"inLanguage":"en-US"},{"@type":"Organization","@id":"https:\/\/www.alzd.de\/en\/#organization","name":"Das Duft-Tagebuch","url":"https:\/\/www.alzd.de\/en\/","logo":{"@type":"ImageObject","inLanguage":"en-US","@id":"https:\/\/www.alzd.de\/en\/#\/schema\/logo\/image\/","url":"https:\/\/www.alzd.de\/wp-content\/2023\/08\/alzd_dufttagebuch.png","contentUrl":"https:\/\/www.alzd.de\/wp-content\/2023\/08\/alzd_dufttagebuch.png","width":1804,"height":416,"caption":"Das Duft-Tagebuch"},"image":{"@id":"https:\/\/www.alzd.de\/en\/#\/schema\/logo\/image\/"},"sameAs":["https:\/\/www.facebook.com\/dufttagebuch\/","https:\/\/x.com\/ausliebezumduft","https:\/\/www.instagram.com\/ausliebezumduft.de\/","https:\/\/www.youtube.com\/c\/ausliebezumduft"]},{"@type":"Person","@id":"https:\/\/www.alzd.de\/en\/#\/schema\/person\/8efcd8f02447fdbe8f29ad465897d04e","name":"Julia Bir\u00f3","image":{"@type":"ImageObject","inLanguage":"en-US","@id":"https:\/\/www.alzd.de\/wp-content\/2018\/02\/cropped-cropped-mitarbeiterbilder_steffi--96x96.jpg","url":"https:\/\/www.alzd.de\/wp-content\/2018\/02\/cropped-cropped-mitarbeiterbilder_steffi--96x96.jpg","contentUrl":"https:\/\/www.alzd.de\/wp-content\/2018\/02\/cropped-cropped-mitarbeiterbilder_steffi--96x96.jpg","caption":"Julia Bir\u00f3"},"description":"Bereits 2010 gingen so einige Blogbeitr\u00e4ge auf mein Konto. Dann war ich \u201ekurz\u201c weg \u2013 sechs Jahre. Umso mehr freut es mich, dass ich nun wieder die Chance bekomme, mein N\u00e4schen im Dienste der Duftrezension schnuppern zu lassen und eifrig in die Tasten zu hauen. Was Nischend\u00fcfte angeht, habe ich damals \u00fcbrigens schnell Feuer gefangen. Meine Ausbildung tat dazu ihr \u00dcbriges: Als diplomierte Biologin kenne ich mich nicht nur mit Fauna und Flora, sondern auch recht gut mit der Herstellung von \u00d6len und Extrakten aus, was den Reiz der Parfumwelt nat\u00fcrlich noch gr\u00f6\u00dfer macht.","sameAs":["https:\/\/biro.is\/","https:\/\/www.facebook.com\/stephanie.tkaczik"],"url":"https:\/\/www.alzd.de\/en\/author\/stephanie\/"}]}},"wp-worthy-pixel":{"ignored":false,"public":null,"server":null,"url":null},"wp-worthy-type":"normal","_links":{"self":[{"href":"https:\/\/www.alzd.de\/en\/wp-json\/wp\/v2\/posts\/94851","targetHints":{"allow":["GET"]}}],"collection":[{"href":"https:\/\/www.alzd.de\/en\/wp-json\/wp\/v2\/posts"}],"about":[{"href":"https:\/\/www.alzd.de\/en\/wp-json\/wp\/v2\/types\/post"}],"author":[{"embeddable":true,"href":"https:\/\/www.alzd.de\/en\/wp-json\/wp\/v2\/users\/535"}],"replies":[{"embeddable":true,"href":"https:\/\/www.alzd.de\/en\/wp-json\/wp\/v2\/comments?post=94851"}],"version-history":[{"count":4,"href":"https:\/\/www.alzd.de\/en\/wp-json\/wp\/v2\/posts\/94851\/revisions"}],"predecessor-version":[{"id":94855,"href":"https:\/\/www.alzd.de\/en\/wp-json\/wp\/v2\/posts\/94851\/revisions\/94855"}],"wp:featuredmedia":[{"embeddable":true,"href":"https:\/\/www.alzd.de\/en\/wp-json\/wp\/v2\/media\/94593"}],"wp:attachment":[{"href":"https:\/\/www.alzd.de\/en\/wp-json\/wp\/v2\/media?parent=94851"}],"wp:term":[{"taxonomy":"category","embeddable":true,"href":"https:\/\/www.alzd.de\/en\/wp-json\/wp\/v2\/categories?post=94851"},{"taxonomy":"post_tag","embeddable":true,"href":"https:\/\/www.alzd.de\/en\/wp-json\/wp\/v2\/tags?post=94851"}],"curies":[{"name":"wp","href":"https:\/\/api.w.org\/{rel}","templated":true}]}}