{"id":130179,"date":"2025-12-02T13:03:19","date_gmt":"2025-12-02T12:03:19","guid":{"rendered":"https:\/\/www.alzd.de\/2025\/12\/02\/die-neue-artist-collection-von-thomas-de-monaco-flowers-for-future\/"},"modified":"2025-12-10T10:10:14","modified_gmt":"2025-12-10T09:10:14","slug":"artist-collection-by-thomas-de-monaco","status":"publish","type":"post","link":"https:\/\/www.alzd.de\/en\/2025\/12\/02\/artist-collection-by-thomas-de-monaco\/","title":{"rendered":"The new Artist Collection by Thomas de Monaco: Flowers for Future"},"content":{"rendered":"\n<p>The new Artist Collection by <a href=\"https:\/\/ausliebezumduft.de\/collections\/thomas-de-monaco\" target=\"_blank\" rel=\"noreferrer noopener\">Thomas de Monaco<\/a> comprises three fragrances under the motto &#8220;Flowers for Future&#8221;: <a href=\"https:\/\/ausliebezumduft.de\/collections\/thomas-de-monaco\/products\/thomas-de-monaco-neo-eden\" target=\"_blank\" rel=\"noreferrer noopener\">Neo Eden<\/a>, <a href=\"https:\/\/ausliebezumduft.de\/collections\/thomas-de-monaco\/products\/thomas-de-monaco-jade-amour\" target=\"_blank\" rel=\"noreferrer noopener\">Jade Amour<\/a> and <a href=\"https:\/\/ausliebezumduft.de\/collections\/thomas-de-monaco\/products\/thomas-de-monaco-fleur-danger\" target=\"_blank\" rel=\"noreferrer noopener\">Fleur Danger<\/a>. Together, they open a new chapter in the history of the brand, taking a different path and giving Thomas de Monaco&#8217;s creative signature a noticeably free, experimental touch. While the color gold has been dominant up to now, the Artist Collection is presented in shimmering silver &#8211; a cool, almost spherical elegance that lends the three compositions a mysterious aura.<\/p>\n\n\n<div class=\"wp-block-image\">\n<figure class=\"aligncenter size-large\"><img decoding=\"async\" width=\"1080\" height=\"810\" src=\"https:\/\/www.alzd.de\/wp-content\/2025\/12\/TDM-ARTIST-MAIN-03-1080x810.jpg\" alt=\"Three perfume bottles from Thomas de Monaco's Artist Collection - Jade Amour, Neo Eden and Fleur Danger - against a black, floral background.\" class=\"wp-image-130151\" title=\"Thomas de Monaco Artist Collection - Jade Amour, Neo Eden and Fleur Danger\" srcset=\"https:\/\/www.alzd.de\/wp-content\/2025\/12\/TDM-ARTIST-MAIN-03-1080x810.jpg 1080w, https:\/\/www.alzd.de\/wp-content\/2025\/12\/TDM-ARTIST-MAIN-03-720x540.jpg 720w, https:\/\/www.alzd.de\/wp-content\/2025\/12\/TDM-ARTIST-MAIN-03-360x270.jpg 360w, https:\/\/www.alzd.de\/wp-content\/2025\/12\/TDM-ARTIST-MAIN-03-768x576.jpg 768w, https:\/\/www.alzd.de\/wp-content\/2025\/12\/TDM-ARTIST-MAIN-03-1536x1152.jpg 1536w, https:\/\/www.alzd.de\/wp-content\/2025\/12\/TDM-ARTIST-MAIN-03-2048x1536.jpg 2048w\" sizes=\"(max-width: 1080px) 100vw, 1080px\" \/><\/figure>\n<\/div>\n\n\n<h2 class=\"wp-block-heading\"><strong>The Artist Collection &#8211; Thomas de Monaco<\/strong><\/h2>\n\n\n\n<p>The Artist Collection by <a href=\"https:\/\/www.alzd.de\/en\/tag\/thomas-de-monaco-en\/\" target=\"_blank\" rel=\"noreferrer noopener\">Thomas de Monaco<\/a> already makes a clear reference to art and artists by name. Described as a &#8220;space for creative development&#8221;, the new line is a &#8220;playing field for the unexpected. It remains in motion, open to change and filled with the joy of rethinking.&#8221; For this idea, Thomas de Monaco is working with three perfumers: Augustin Lemiere, David Chieze and Ugo Charron. They bring a young, experimental signature and approach the theme of flowers in an unconventional, imaginative way. What could the flowers of the future look like? And how might they smell?     <\/p>\n\n\n\n<blockquote class=\"wp-block-quote is-layout-flow wp-block-quote-is-layout-flow\">\n<p>This vision is like a laboratory in which creativity and science go hand in hand. Molecules and imagination grow side by side, creating a garden that goes beyond what nature alone could produce. The result is more than a fragrance &#8211; it is an idea of the future.  <\/p>\n<\/blockquote>\n\n\n\n<p>The Artist Collection is therefore not just a new fragrance line, but a deliberate step in a more experimental direction. The Gold Collection with the six fragrances<a href=\"https:\/\/ausliebezumduft.de\/collections\/thomas-de-monaco\/products\/thomas-de-monaco-raw-gold\" target=\"_blank\" rel=\"noreferrer noopener\"> Raw Gold<\/a>, <a href=\"https:\/\/ausliebezumduft.de\/collections\/thomas-de-monaco\/products\/thomas-de-monaco-fuego-futuro\" target=\"_blank\" rel=\"noreferrer noopener\">Fuego Futuro<\/a>, <a href=\"https:\/\/ausliebezumduft.de\/collections\/thomas-de-monaco\/products\/thomas-de-monaco-sol-salgado\" target=\"_blank\" rel=\"noreferrer noopener\">Sol Salgado<\/a>, <a href=\"https:\/\/ausliebezumduft.de\/collections\/thomas-de-monaco\/products\/thomas-de-monaco-eau-coeur\" target=\"_blank\" rel=\"noreferrer noopener\">Eau Coeur<\/a>, <a href=\"https:\/\/ausliebezumduft.de\/collections\/thomas-de-monaco\/products\/thomas-de-monaco-grand-beau\" target=\"_blank\" rel=\"noreferrer noopener\">Grand Beau<\/a> and <a href=\"https:\/\/ausliebezumduft.de\/collections\/thomas-de-monaco\/products\/thomas-de-monaco-ultima-storia\" target=\"_blank\" rel=\"noreferrer noopener\">Ultima Storia<\/a> was already characterized by a very unique, almost photographic aesthetic. In the new line, everything appears even lighter, more abstract and more conceptual. In this context, the change from gold to silver also has a harmonious effect. The new color scheme emphasizes the cooler, more modern direction of the collection and creates a clear contrast to the warm, opulent tones of the Gold Collection.    <\/p>\n\n\n<div class=\"wp-block-image\">\n<figure class=\"aligncenter size-large\"><img decoding=\"async\" width=\"720\" height=\"1080\" src=\"https:\/\/www.alzd.de\/wp-content\/2025\/12\/TDM-NE-MAIN-01-720x1080.jpg\" alt=\"\" class=\"wp-image-130155\" srcset=\"https:\/\/www.alzd.de\/wp-content\/2025\/12\/TDM-NE-MAIN-01-720x1080.jpg 720w, https:\/\/www.alzd.de\/wp-content\/2025\/12\/TDM-NE-MAIN-01-480x720.jpg 480w, https:\/\/www.alzd.de\/wp-content\/2025\/12\/TDM-NE-MAIN-01-240x360.jpg 240w, https:\/\/www.alzd.de\/wp-content\/2025\/12\/TDM-NE-MAIN-01-768x1152.jpg 768w, https:\/\/www.alzd.de\/wp-content\/2025\/12\/TDM-NE-MAIN-01-1024x1536.jpg 1024w, https:\/\/www.alzd.de\/wp-content\/2025\/12\/TDM-NE-MAIN-01-1366x2048.jpg 1366w, https:\/\/www.alzd.de\/wp-content\/2025\/12\/TDM-NE-MAIN-01-scaled.jpg 1707w\" sizes=\"(max-width: 720px) 100vw, 720px\" \/><\/figure>\n<\/div>\n\n\n<h2 class=\"wp-block-heading\"><strong>Neo Eden &#8211; Garden of the future<\/strong><\/h2>\n\n\n\n<p>Unfortunately, I was only able to find out a little background information about the perfumer Augustin Lemiere. He works for the Swiss company LUZI, where he is a junior perfumer. Neo Eden is his first publicly launched creation &#8211; a fragrance that is described as a &#8220;garden from another dimension&#8221;.  <\/p>\n\n\n\n<p>Surreal, futuristic, an olfactory work of art made from <strong>rhubarb, peach, magnolia, mimosa, lily of the valley, cashmeran, vetiver<\/strong> and <strong>woods<\/strong>. A floral vision of the future that is deliberately not naturalistic. Clear, fresh, slightly acidic accents meet soft blossoms and a gently creamy base &#8211; modern garden notes far removed from lush, nostalgic floral scents.  <\/p>\n\n\n\n<div class=\"wp-block-columns is-layout-flex wp-container-core-columns-is-layout-9d6595d7 wp-block-columns-is-layout-flex\">\n<div class=\"wp-block-column is-layout-flow wp-block-column-is-layout-flow\">\n<figure class=\"wp-block-image size-large\"><img decoding=\"async\" width=\"720\" height=\"1080\" src=\"https:\/\/www.alzd.de\/wp-content\/2025\/12\/TDM-NE-PACK-720x1080.jpg\" alt=\"\" class=\"wp-image-130158\" srcset=\"https:\/\/www.alzd.de\/wp-content\/2025\/12\/TDM-NE-PACK-720x1080.jpg 720w, https:\/\/www.alzd.de\/wp-content\/2025\/12\/TDM-NE-PACK-480x720.jpg 480w, https:\/\/www.alzd.de\/wp-content\/2025\/12\/TDM-NE-PACK-240x360.jpg 240w, https:\/\/www.alzd.de\/wp-content\/2025\/12\/TDM-NE-PACK-768x1152.jpg 768w, https:\/\/www.alzd.de\/wp-content\/2025\/12\/TDM-NE-PACK-1024x1536.jpg 1024w, https:\/\/www.alzd.de\/wp-content\/2025\/12\/TDM-NE-PACK-1365x2048.jpg 1365w, https:\/\/www.alzd.de\/wp-content\/2025\/12\/TDM-NE-PACK-scaled.jpg 1707w\" sizes=\"(max-width: 720px) 100vw, 720px\" \/><\/figure>\n<\/div>\n\n\n\n<div class=\"wp-block-column is-layout-flow wp-block-column-is-layout-flow\">\n<p>The opening of Neo Eden is wonderfully fruity and spring-like, with a surprisingly cool and fresh, almost metallic sheen. The juicy sweetness of ripe peaches meets the tingling, tart notes of rhubarb, accompanied by the aquatic, bright floral nuances of magnolia and lily of the valley, which provide transparency and lightness. Mimosa underlines the sweetness of the opening with honey-like, floral accents, into which the smooth and creamy facets of vetiver, light woods and fluffy, molecular cashmeran gradually flow.    <\/p>\n\n\n\n<p>Neo Eden is unexpectedly present and impresses with its excellent longevity. Ideal for anyone who likes fruity-floral, airy, bright and metallic creations with a distinct rhubarb note. Perhaps a little too lush for the office, but certainly the perfect fragrance companion for leisure, everyday wear or even on a warm summer evening.    <\/p>\n<\/div>\n<\/div>\n\n\n\n<div class=\"wp-block-buttons is-content-justification-center is-layout-flex wp-container-core-buttons-is-layout-16018d1d wp-block-buttons-is-layout-flex\">\n<div class=\"wp-block-button has-custom-width wp-block-button__width-50\"><a class=\"wp-block-button__link has-white-color has-text-color has-background has-link-color wp-element-button\" href=\"https:\/\/ausliebezumduft.de\/collections\/thomas-de-monaco\/products\/thomas-de-monaco-neo-eden\" style=\"background-color:#ae9668\" target=\"_blank\" rel=\"noreferrer noopener\"><strong>Neo Eden<\/strong><\/a><\/div>\n<\/div>\n\n\n\n<div style=\"height:100px\" aria-hidden=\"true\" class=\"wp-block-spacer\"><\/div>\n\n\n\n<p><\/p>\n","protected":false},"excerpt":{"rendered":"<p>The new Artist Collection by Thomas de Monaco comprises three fragrances under the motto &#8220;Flowers for Future&#8221;: Neo Eden, Jade Amour and Fleur Danger. Together, they open a&#8230;<\/p>\n<div class=\"more-link-wrapper\"><a class=\"more-link\" href=\"https:\/\/www.alzd.de\/en\/2025\/12\/02\/artist-collection-by-thomas-de-monaco\/\">WEITERLESEN<span class=\"screen-reader-text\">The new Artist Collection by Thomas de Monaco: Flowers for Future<\/span><\/a><\/div>\n","protected":false},"author":535,"featured_media":130178,"comment_status":"open","ping_status":"closed","sticky":false,"template":"","format":"standard","meta":{"footnotes":""},"categories":[1151,1117,1155],"tags":[2180,1645,1882],"class_list":["post-130179","post","type-post","status-publish","format-standard","has-post-thumbnail","hentry","category-flowers","category-fragrances","category-fruity","tag-augustin-lemiere","tag-rhubarb","tag-thomas-de-monaco-en","excerpt","zoom","full-without-featured","even","excerpt-0"],"yoast_head":"<!-- This site is optimized with the Yoast SEO plugin v27.4 - https:\/\/yoast.com\/product\/yoast-seo-wordpress\/ -->\n<title>Thomas de Monaco Artist Collection \u2013 Flowers for Future<\/title>\n<meta name=\"robots\" content=\"index, follow, max-snippet:-1, max-image-preview:large, max-video-preview:-1\" \/>\n<link rel=\"canonical\" href=\"https:\/\/www.alzd.de\/en\/2025\/12\/02\/artist-collection-by-thomas-de-monaco\/\" \/>\n<meta property=\"og:locale\" content=\"en_US\" \/>\n<meta property=\"og:type\" content=\"article\" \/>\n<meta property=\"og:title\" content=\"Thomas de Monaco Artist Collection \u2013 Flowers for Future\" \/>\n<meta property=\"og:description\" content=\"The new Artist Collection by Thomas de Monaco comprises three fragrances under the motto &#8220;Flowers for Future&#8221;: Neo Eden, Jade Amour and Fleur Danger. Together, they open a&#8230;\" \/>\n<meta property=\"og:url\" content=\"https:\/\/www.alzd.de\/en\/2025\/12\/02\/artist-collection-by-thomas-de-monaco\/\" \/>\n<meta property=\"og:site_name\" content=\"Das Duft-Tagebuch\" \/>\n<meta property=\"article:publisher\" content=\"https:\/\/www.facebook.com\/dufttagebuch\/\" \/>\n<meta property=\"article:author\" content=\"https:\/\/www.facebook.com\/stephanie.tkaczik\" \/>\n<meta property=\"article:published_time\" content=\"2025-12-02T12:03:19+00:00\" \/>\n<meta property=\"article:modified_time\" content=\"2025-12-10T09:10:14+00:00\" \/>\n<meta property=\"og:image\" content=\"https:\/\/www.alzd.de\/wp-content\/2025\/12\/bbTDM-ARTIST-MAIN-01.jpg\" \/>\n\t<meta property=\"og:image:width\" content=\"720\" \/>\n\t<meta property=\"og:image:height\" content=\"400\" \/>\n\t<meta property=\"og:image:type\" content=\"image\/jpeg\" \/>\n<meta name=\"author\" content=\"Julia Bir\u00f3\" \/>\n<meta name=\"twitter:card\" content=\"summary_large_image\" \/>\n<meta name=\"twitter:creator\" content=\"@ausliebezumduft\" \/>\n<meta name=\"twitter:site\" content=\"@ausliebezumduft\" \/>\n<script type=\"application\/ld+json\" class=\"yoast-schema-graph\">{\"@context\":\"https:\\\/\\\/schema.org\",\"@graph\":[{\"@type\":\"Article\",\"@id\":\"https:\\\/\\\/www.alzd.de\\\/en\\\/2025\\\/12\\\/02\\\/artist-collection-by-thomas-de-monaco\\\/#article\",\"isPartOf\":{\"@id\":\"https:\\\/\\\/www.alzd.de\\\/en\\\/2025\\\/12\\\/02\\\/artist-collection-by-thomas-de-monaco\\\/\"},\"author\":{\"name\":\"Julia Bir\u00f3\",\"@id\":\"https:\\\/\\\/www.alzd.de\\\/en\\\/#\\\/schema\\\/person\\\/8efcd8f02447fdbe8f29ad465897d04e\"},\"headline\":\"The new Artist Collection by Thomas de Monaco: Flowers for Future\",\"datePublished\":\"2025-12-02T12:03:19+00:00\",\"dateModified\":\"2025-12-10T09:10:14+00:00\",\"mainEntityOfPage\":{\"@id\":\"https:\\\/\\\/www.alzd.de\\\/en\\\/2025\\\/12\\\/02\\\/artist-collection-by-thomas-de-monaco\\\/\"},\"wordCount\":599,\"commentCount\":0,\"publisher\":{\"@id\":\"https:\\\/\\\/www.alzd.de\\\/en\\\/#organization\"},\"image\":{\"@id\":\"https:\\\/\\\/www.alzd.de\\\/en\\\/2025\\\/12\\\/02\\\/artist-collection-by-thomas-de-monaco\\\/#primaryimage\"},\"thumbnailUrl\":\"https:\\\/\\\/www.alzd.de\\\/wp-content\\\/2025\\\/12\\\/bbTDM-ARTIST-MAIN-01.jpg\",\"keywords\":[\"Augustin Lemiere\",\"Rhubarb\",\"Thomas de Monaco\"],\"articleSection\":[\"Flowers\",\"Fragrances\",\"Fruity\"],\"inLanguage\":\"en-US\",\"potentialAction\":[{\"@type\":\"CommentAction\",\"name\":\"Comment\",\"target\":[\"https:\\\/\\\/www.alzd.de\\\/en\\\/2025\\\/12\\\/02\\\/artist-collection-by-thomas-de-monaco\\\/#respond\"]}]},{\"@type\":\"WebPage\",\"@id\":\"https:\\\/\\\/www.alzd.de\\\/en\\\/2025\\\/12\\\/02\\\/artist-collection-by-thomas-de-monaco\\\/\",\"url\":\"https:\\\/\\\/www.alzd.de\\\/en\\\/2025\\\/12\\\/02\\\/artist-collection-by-thomas-de-monaco\\\/\",\"name\":\"Thomas de Monaco Artist Collection \u2013 Flowers for Future\",\"isPartOf\":{\"@id\":\"https:\\\/\\\/www.alzd.de\\\/en\\\/#website\"},\"primaryImageOfPage\":{\"@id\":\"https:\\\/\\\/www.alzd.de\\\/en\\\/2025\\\/12\\\/02\\\/artist-collection-by-thomas-de-monaco\\\/#primaryimage\"},\"image\":{\"@id\":\"https:\\\/\\\/www.alzd.de\\\/en\\\/2025\\\/12\\\/02\\\/artist-collection-by-thomas-de-monaco\\\/#primaryimage\"},\"thumbnailUrl\":\"https:\\\/\\\/www.alzd.de\\\/wp-content\\\/2025\\\/12\\\/bbTDM-ARTIST-MAIN-01.jpg\",\"datePublished\":\"2025-12-02T12:03:19+00:00\",\"dateModified\":\"2025-12-10T09:10:14+00:00\",\"breadcrumb\":{\"@id\":\"https:\\\/\\\/www.alzd.de\\\/en\\\/2025\\\/12\\\/02\\\/artist-collection-by-thomas-de-monaco\\\/#breadcrumb\"},\"inLanguage\":\"en-US\",\"potentialAction\":[{\"@type\":\"ReadAction\",\"target\":[\"https:\\\/\\\/www.alzd.de\\\/en\\\/2025\\\/12\\\/02\\\/artist-collection-by-thomas-de-monaco\\\/\"]}]},{\"@type\":\"ImageObject\",\"inLanguage\":\"en-US\",\"@id\":\"https:\\\/\\\/www.alzd.de\\\/en\\\/2025\\\/12\\\/02\\\/artist-collection-by-thomas-de-monaco\\\/#primaryimage\",\"url\":\"https:\\\/\\\/www.alzd.de\\\/wp-content\\\/2025\\\/12\\\/bbTDM-ARTIST-MAIN-01.jpg\",\"contentUrl\":\"https:\\\/\\\/www.alzd.de\\\/wp-content\\\/2025\\\/12\\\/bbTDM-ARTIST-MAIN-01.jpg\",\"width\":720,\"height\":400},{\"@type\":\"BreadcrumbList\",\"@id\":\"https:\\\/\\\/www.alzd.de\\\/en\\\/2025\\\/12\\\/02\\\/artist-collection-by-thomas-de-monaco\\\/#breadcrumb\",\"itemListElement\":[{\"@type\":\"ListItem\",\"position\":1,\"name\":\"Startseite\",\"item\":\"https:\\\/\\\/www.alzd.de\\\/en\\\/\"},{\"@type\":\"ListItem\",\"position\":2,\"name\":\"The new Artist Collection by Thomas de Monaco: Flowers for Future\"}]},{\"@type\":\"WebSite\",\"@id\":\"https:\\\/\\\/www.alzd.de\\\/en\\\/#website\",\"url\":\"https:\\\/\\\/www.alzd.de\\\/en\\\/\",\"name\":\"Das Duft-Tagebuch\",\"description\":\"Das Parfumblog von Aus Liebe zum Duft\",\"publisher\":{\"@id\":\"https:\\\/\\\/www.alzd.de\\\/en\\\/#organization\"},\"potentialAction\":[{\"@type\":\"SearchAction\",\"target\":{\"@type\":\"EntryPoint\",\"urlTemplate\":\"https:\\\/\\\/www.alzd.de\\\/en\\\/?s={search_term_string}\"},\"query-input\":{\"@type\":\"PropertyValueSpecification\",\"valueRequired\":true,\"valueName\":\"search_term_string\"}}],\"inLanguage\":\"en-US\"},{\"@type\":\"Organization\",\"@id\":\"https:\\\/\\\/www.alzd.de\\\/en\\\/#organization\",\"name\":\"Das Duft-Tagebuch\",\"url\":\"https:\\\/\\\/www.alzd.de\\\/en\\\/\",\"logo\":{\"@type\":\"ImageObject\",\"inLanguage\":\"en-US\",\"@id\":\"https:\\\/\\\/www.alzd.de\\\/en\\\/#\\\/schema\\\/logo\\\/image\\\/\",\"url\":\"https:\\\/\\\/www.alzd.de\\\/wp-content\\\/2023\\\/08\\\/alzd_dufttagebuch.png\",\"contentUrl\":\"https:\\\/\\\/www.alzd.de\\\/wp-content\\\/2023\\\/08\\\/alzd_dufttagebuch.png\",\"width\":1804,\"height\":416,\"caption\":\"Das Duft-Tagebuch\"},\"image\":{\"@id\":\"https:\\\/\\\/www.alzd.de\\\/en\\\/#\\\/schema\\\/logo\\\/image\\\/\"},\"sameAs\":[\"https:\\\/\\\/www.facebook.com\\\/dufttagebuch\\\/\",\"https:\\\/\\\/x.com\\\/ausliebezumduft\",\"https:\\\/\\\/www.instagram.com\\\/ausliebezumduft.de\\\/\",\"https:\\\/\\\/www.youtube.com\\\/c\\\/ausliebezumduft\"]},{\"@type\":\"Person\",\"@id\":\"https:\\\/\\\/www.alzd.de\\\/en\\\/#\\\/schema\\\/person\\\/8efcd8f02447fdbe8f29ad465897d04e\",\"name\":\"Julia Bir\u00f3\",\"image\":{\"@type\":\"ImageObject\",\"inLanguage\":\"en-US\",\"@id\":\"https:\\\/\\\/www.alzd.de\\\/wp-content\\\/2018\\\/02\\\/cropped-cropped-mitarbeiterbilder_steffi--96x96.jpg\",\"url\":\"https:\\\/\\\/www.alzd.de\\\/wp-content\\\/2018\\\/02\\\/cropped-cropped-mitarbeiterbilder_steffi--96x96.jpg\",\"contentUrl\":\"https:\\\/\\\/www.alzd.de\\\/wp-content\\\/2018\\\/02\\\/cropped-cropped-mitarbeiterbilder_steffi--96x96.jpg\",\"caption\":\"Julia Bir\u00f3\"},\"description\":\"Bereits 2010 gingen so einige Blogbeitr\u00e4ge auf mein Konto. Dann war ich \u201ekurz\u201c weg \u2013 sechs Jahre. Umso mehr freut es mich, dass ich nun wieder die Chance bekomme, mein N\u00e4schen im Dienste der Duftrezension schnuppern zu lassen und eifrig in die Tasten zu hauen. Was Nischend\u00fcfte angeht, habe ich damals \u00fcbrigens schnell Feuer gefangen. Meine Ausbildung tat dazu ihr \u00dcbriges: Als diplomierte Biologin kenne ich mich nicht nur mit Fauna und Flora, sondern auch recht gut mit der Herstellung von \u00d6len und Extrakten aus, was den Reiz der Parfumwelt nat\u00fcrlich noch gr\u00f6\u00dfer macht.\",\"sameAs\":[\"https:\\\/\\\/biro.is\\\/\",\"https:\\\/\\\/www.facebook.com\\\/stephanie.tkaczik\"],\"url\":\"https:\\\/\\\/www.alzd.de\\\/en\\\/author\\\/stephanie\\\/\"}]}<\/script>\n<!-- \/ Yoast SEO plugin. -->","yoast_head_json":{"title":"Thomas de Monaco Artist Collection \u2013 Flowers for Future","robots":{"index":"index","follow":"follow","max-snippet":"max-snippet:-1","max-image-preview":"max-image-preview:large","max-video-preview":"max-video-preview:-1"},"canonical":"https:\/\/www.alzd.de\/en\/2025\/12\/02\/artist-collection-by-thomas-de-monaco\/","og_locale":"en_US","og_type":"article","og_title":"Thomas de Monaco Artist Collection \u2013 Flowers for Future","og_description":"The new Artist Collection by Thomas de Monaco comprises three fragrances under the motto &#8220;Flowers for Future&#8221;: Neo Eden, Jade Amour and Fleur Danger. Together, they open a&#8230;","og_url":"https:\/\/www.alzd.de\/en\/2025\/12\/02\/artist-collection-by-thomas-de-monaco\/","og_site_name":"Das Duft-Tagebuch","article_publisher":"https:\/\/www.facebook.com\/dufttagebuch\/","article_author":"https:\/\/www.facebook.com\/stephanie.tkaczik","article_published_time":"2025-12-02T12:03:19+00:00","article_modified_time":"2025-12-10T09:10:14+00:00","og_image":[{"width":720,"height":400,"url":"https:\/\/www.alzd.de\/wp-content\/2025\/12\/bbTDM-ARTIST-MAIN-01.jpg","type":"image\/jpeg"}],"author":"Julia Bir\u00f3","twitter_card":"summary_large_image","twitter_creator":"@ausliebezumduft","twitter_site":"@ausliebezumduft","schema":{"@context":"https:\/\/schema.org","@graph":[{"@type":"Article","@id":"https:\/\/www.alzd.de\/en\/2025\/12\/02\/artist-collection-by-thomas-de-monaco\/#article","isPartOf":{"@id":"https:\/\/www.alzd.de\/en\/2025\/12\/02\/artist-collection-by-thomas-de-monaco\/"},"author":{"name":"Julia Bir\u00f3","@id":"https:\/\/www.alzd.de\/en\/#\/schema\/person\/8efcd8f02447fdbe8f29ad465897d04e"},"headline":"The new Artist Collection by Thomas de Monaco: Flowers for Future","datePublished":"2025-12-02T12:03:19+00:00","dateModified":"2025-12-10T09:10:14+00:00","mainEntityOfPage":{"@id":"https:\/\/www.alzd.de\/en\/2025\/12\/02\/artist-collection-by-thomas-de-monaco\/"},"wordCount":599,"commentCount":0,"publisher":{"@id":"https:\/\/www.alzd.de\/en\/#organization"},"image":{"@id":"https:\/\/www.alzd.de\/en\/2025\/12\/02\/artist-collection-by-thomas-de-monaco\/#primaryimage"},"thumbnailUrl":"https:\/\/www.alzd.de\/wp-content\/2025\/12\/bbTDM-ARTIST-MAIN-01.jpg","keywords":["Augustin Lemiere","Rhubarb","Thomas de Monaco"],"articleSection":["Flowers","Fragrances","Fruity"],"inLanguage":"en-US","potentialAction":[{"@type":"CommentAction","name":"Comment","target":["https:\/\/www.alzd.de\/en\/2025\/12\/02\/artist-collection-by-thomas-de-monaco\/#respond"]}]},{"@type":"WebPage","@id":"https:\/\/www.alzd.de\/en\/2025\/12\/02\/artist-collection-by-thomas-de-monaco\/","url":"https:\/\/www.alzd.de\/en\/2025\/12\/02\/artist-collection-by-thomas-de-monaco\/","name":"Thomas de Monaco Artist Collection \u2013 Flowers for Future","isPartOf":{"@id":"https:\/\/www.alzd.de\/en\/#website"},"primaryImageOfPage":{"@id":"https:\/\/www.alzd.de\/en\/2025\/12\/02\/artist-collection-by-thomas-de-monaco\/#primaryimage"},"image":{"@id":"https:\/\/www.alzd.de\/en\/2025\/12\/02\/artist-collection-by-thomas-de-monaco\/#primaryimage"},"thumbnailUrl":"https:\/\/www.alzd.de\/wp-content\/2025\/12\/bbTDM-ARTIST-MAIN-01.jpg","datePublished":"2025-12-02T12:03:19+00:00","dateModified":"2025-12-10T09:10:14+00:00","breadcrumb":{"@id":"https:\/\/www.alzd.de\/en\/2025\/12\/02\/artist-collection-by-thomas-de-monaco\/#breadcrumb"},"inLanguage":"en-US","potentialAction":[{"@type":"ReadAction","target":["https:\/\/www.alzd.de\/en\/2025\/12\/02\/artist-collection-by-thomas-de-monaco\/"]}]},{"@type":"ImageObject","inLanguage":"en-US","@id":"https:\/\/www.alzd.de\/en\/2025\/12\/02\/artist-collection-by-thomas-de-monaco\/#primaryimage","url":"https:\/\/www.alzd.de\/wp-content\/2025\/12\/bbTDM-ARTIST-MAIN-01.jpg","contentUrl":"https:\/\/www.alzd.de\/wp-content\/2025\/12\/bbTDM-ARTIST-MAIN-01.jpg","width":720,"height":400},{"@type":"BreadcrumbList","@id":"https:\/\/www.alzd.de\/en\/2025\/12\/02\/artist-collection-by-thomas-de-monaco\/#breadcrumb","itemListElement":[{"@type":"ListItem","position":1,"name":"Startseite","item":"https:\/\/www.alzd.de\/en\/"},{"@type":"ListItem","position":2,"name":"The new Artist Collection by Thomas de Monaco: Flowers for Future"}]},{"@type":"WebSite","@id":"https:\/\/www.alzd.de\/en\/#website","url":"https:\/\/www.alzd.de\/en\/","name":"Das Duft-Tagebuch","description":"Das Parfumblog von Aus Liebe zum Duft","publisher":{"@id":"https:\/\/www.alzd.de\/en\/#organization"},"potentialAction":[{"@type":"SearchAction","target":{"@type":"EntryPoint","urlTemplate":"https:\/\/www.alzd.de\/en\/?s={search_term_string}"},"query-input":{"@type":"PropertyValueSpecification","valueRequired":true,"valueName":"search_term_string"}}],"inLanguage":"en-US"},{"@type":"Organization","@id":"https:\/\/www.alzd.de\/en\/#organization","name":"Das Duft-Tagebuch","url":"https:\/\/www.alzd.de\/en\/","logo":{"@type":"ImageObject","inLanguage":"en-US","@id":"https:\/\/www.alzd.de\/en\/#\/schema\/logo\/image\/","url":"https:\/\/www.alzd.de\/wp-content\/2023\/08\/alzd_dufttagebuch.png","contentUrl":"https:\/\/www.alzd.de\/wp-content\/2023\/08\/alzd_dufttagebuch.png","width":1804,"height":416,"caption":"Das Duft-Tagebuch"},"image":{"@id":"https:\/\/www.alzd.de\/en\/#\/schema\/logo\/image\/"},"sameAs":["https:\/\/www.facebook.com\/dufttagebuch\/","https:\/\/x.com\/ausliebezumduft","https:\/\/www.instagram.com\/ausliebezumduft.de\/","https:\/\/www.youtube.com\/c\/ausliebezumduft"]},{"@type":"Person","@id":"https:\/\/www.alzd.de\/en\/#\/schema\/person\/8efcd8f02447fdbe8f29ad465897d04e","name":"Julia Bir\u00f3","image":{"@type":"ImageObject","inLanguage":"en-US","@id":"https:\/\/www.alzd.de\/wp-content\/2018\/02\/cropped-cropped-mitarbeiterbilder_steffi--96x96.jpg","url":"https:\/\/www.alzd.de\/wp-content\/2018\/02\/cropped-cropped-mitarbeiterbilder_steffi--96x96.jpg","contentUrl":"https:\/\/www.alzd.de\/wp-content\/2018\/02\/cropped-cropped-mitarbeiterbilder_steffi--96x96.jpg","caption":"Julia Bir\u00f3"},"description":"Bereits 2010 gingen so einige Blogbeitr\u00e4ge auf mein Konto. Dann war ich \u201ekurz\u201c weg \u2013 sechs Jahre. Umso mehr freut es mich, dass ich nun wieder die Chance bekomme, mein N\u00e4schen im Dienste der Duftrezension schnuppern zu lassen und eifrig in die Tasten zu hauen. Was Nischend\u00fcfte angeht, habe ich damals \u00fcbrigens schnell Feuer gefangen. Meine Ausbildung tat dazu ihr \u00dcbriges: Als diplomierte Biologin kenne ich mich nicht nur mit Fauna und Flora, sondern auch recht gut mit der Herstellung von \u00d6len und Extrakten aus, was den Reiz der Parfumwelt nat\u00fcrlich noch gr\u00f6\u00dfer macht.","sameAs":["https:\/\/biro.is\/","https:\/\/www.facebook.com\/stephanie.tkaczik"],"url":"https:\/\/www.alzd.de\/en\/author\/stephanie\/"}]}},"wp-worthy-pixel":{"ignored":false,"public":null,"server":null,"url":null},"wp-worthy-type":"normal","_links":{"self":[{"href":"https:\/\/www.alzd.de\/en\/wp-json\/wp\/v2\/posts\/130179","targetHints":{"allow":["GET"]}}],"collection":[{"href":"https:\/\/www.alzd.de\/en\/wp-json\/wp\/v2\/posts"}],"about":[{"href":"https:\/\/www.alzd.de\/en\/wp-json\/wp\/v2\/types\/post"}],"author":[{"embeddable":true,"href":"https:\/\/www.alzd.de\/en\/wp-json\/wp\/v2\/users\/535"}],"replies":[{"embeddable":true,"href":"https:\/\/www.alzd.de\/en\/wp-json\/wp\/v2\/comments?post=130179"}],"version-history":[{"count":5,"href":"https:\/\/www.alzd.de\/en\/wp-json\/wp\/v2\/posts\/130179\/revisions"}],"predecessor-version":[{"id":130241,"href":"https:\/\/www.alzd.de\/en\/wp-json\/wp\/v2\/posts\/130179\/revisions\/130241"}],"wp:featuredmedia":[{"embeddable":true,"href":"https:\/\/www.alzd.de\/en\/wp-json\/wp\/v2\/media\/130178"}],"wp:attachment":[{"href":"https:\/\/www.alzd.de\/en\/wp-json\/wp\/v2\/media?parent=130179"}],"wp:term":[{"taxonomy":"category","embeddable":true,"href":"https:\/\/www.alzd.de\/en\/wp-json\/wp\/v2\/categories?post=130179"},{"taxonomy":"post_tag","embeddable":true,"href":"https:\/\/www.alzd.de\/en\/wp-json\/wp\/v2\/tags?post=130179"}],"curies":[{"name":"wp","href":"https:\/\/api.w.org\/{rel}","templated":true}]}}