{"id":129449,"date":"2025-10-28T14:57:56","date_gmt":"2025-10-28T13:57:56","guid":{"rendered":"https:\/\/www.alzd.de\/2025\/10\/28\/muskaria-and-vanilla-tana-by-gritti-two-new-fragrances-from-the-ivy-collection\/"},"modified":"2025-10-28T15:02:23","modified_gmt":"2025-10-28T14:02:23","slug":"muskaria-and-vanilla-tana-by-gritti-two-new-fragrances-from-the-ivy-collection","status":"publish","type":"post","link":"https:\/\/www.alzd.de\/en\/2025\/10\/28\/muskaria-and-vanilla-tana-by-gritti-two-new-fragrances-from-the-ivy-collection\/","title":{"rendered":"Muskaria and Vanilla Tan\u00e0 by Gritti &#8211; two new fragrances from the Ivy Collection"},"content":{"rendered":"\n<p>The two new fragrances from <a href=\"https:\/\/ausliebezumduft.de\/collections\/gritti\" target=\"_blank\" rel=\"noreferrer noopener\">Gritti<\/a> are ideal for the current season: <a href=\"https:\/\/ausliebezumduft.de\/collections\/gritti\/products\/gritti-ivy-collection-muskaria\" target=\"_blank\" rel=\"noreferrer noopener\">Muskaria<\/a> and <a href=\"https:\/\/ausliebezumduft.de\/collections\/gritti\/products\/gritti-ivy-collection-vanilla-tana\" target=\"_blank\" rel=\"noreferrer noopener\">Vanilla Tan\u00e0<\/a> are dedicated to cozy musky notes and beguiling vanilla &#8211; doesn&#8217;t that just scream <a href=\"https:\/\/www.alzd.de\/en\/tag\/fall-and-winter-fragrances\/\" target=\"_blank\" rel=\"noreferrer noopener\">autumn and winter<\/a>? I, for one, am in the mood for warming, feel-good fragrances, because it&#8217;s chilly, cloudy and rainy up here on the Baltic Sea. Stormy to boot. So let&#8217;s start right away and test the first of the two extraits de parfum.     <\/p>\n<div class=\"wp-block-image\">\n<figure class=\"aligncenter size-large\"><img decoding=\"async\" width=\"864\" height=\"1080\" src=\"https:\/\/www.alzd.de\/wp-content\/2025\/10\/556879738_1193090396176735_3122594311534296482_n-864x1080.jpg\" alt=\"Gritti Ivy Collection - bottles of Muskaria and Vanilla Tan&#xE0; on a sand-colored background with white flowers\" class=\"wp-image-129403\" title=\"Muskaria and Vanilla Tan&#xE0; by Gritti - two luxurious extraits de parfum from the Ivy Collection\" srcset=\"https:\/\/www.alzd.de\/wp-content\/2025\/10\/556879738_1193090396176735_3122594311534296482_n-864x1080.jpg 864w, https:\/\/www.alzd.de\/wp-content\/2025\/10\/556879738_1193090396176735_3122594311534296482_n-576x720.jpg 576w, https:\/\/www.alzd.de\/wp-content\/2025\/10\/556879738_1193090396176735_3122594311534296482_n-288x360.jpg 288w, https:\/\/www.alzd.de\/wp-content\/2025\/10\/556879738_1193090396176735_3122594311534296482_n-768x960.jpg 768w, https:\/\/www.alzd.de\/wp-content\/2025\/10\/556879738_1193090396176735_3122594311534296482_n-1229x1536.jpg 1229w, https:\/\/www.alzd.de\/wp-content\/2025\/10\/556879738_1193090396176735_3122594311534296482_n.jpg 1365w\" sizes=\"(max-width: 864px) 100vw, 864px\" \/><\/figure>\n<\/div>\n<h2 class=\"wp-block-heading\"><strong>Muskaria &#8211; More of this musk please!<\/strong><\/h2>\n\n<p>According to the press release, <a href=\"https:\/\/ausliebezumduft.de\/collections\/gritti\/products\/gritti-ivy-collection-muskaria\" target=\"_blank\" rel=\"noreferrer noopener\">Muskaria<\/a> is said to have been the personal signature fragrance of perfumer and brand founder Luca Gritti for many years. An exclusive creation reserved for him alone, which I have great expectations of. The ingredients <strong>bergamot, spices, rose, labdanum (cistus), benzoin resin, leather, powdery notes, vanilla, patchouli, ambrette<\/strong> and <strong>musk<\/strong> hint at a composition that could be exactly to my taste.  <\/p>\n\n<blockquote class=\"wp-block-quote is-layout-flow wp-block-quote-is-layout-flow\">\n<p>Muskaria was created in the refined world of haute perfumery, where mystery and elegance intermingle. Muskaria is an opulent blend of noble musk notes, rare spices and precious resins, profound, refined and irresistibly attractive. [&#8230;] A fragrance full of allure and self-confidence, to be worn on the skin like a whispered secret.  <\/p>\n<\/blockquote>\n\n<p>Musk is one of the most fascinating and versatile raw materials in perfumery. Formerly of animal origin, it is now produced exclusively synthetically. It lends compositions warmth, depth and those soft, skin-like facets which &#8211; depending on the dosage &#8211; can have a powdery, creamy, fresh or even slightly animalistic effect. Hardly any other fragrance is so ubiquitous &#8211; and yet so changeable.   <\/p>\n<div class=\"wp-block-image\">\n<figure class=\"aligncenter size-large\"><img decoding=\"async\" width=\"864\" height=\"1080\" src=\"https:\/\/www.alzd.de\/wp-content\/2025\/10\/556093228_1193090062843435_6640109561233883076_n-864x1080.jpg\" alt=\"Gritti Muskaria - bottle of the fragrance from the Ivy Collection on a dark, velvety background\" class=\"wp-image-129399\" title=\"Muskaria by Gritti - luxurious musk fragrance from the Ivy Collection\" srcset=\"https:\/\/www.alzd.de\/wp-content\/2025\/10\/556093228_1193090062843435_6640109561233883076_n-864x1080.jpg 864w, https:\/\/www.alzd.de\/wp-content\/2025\/10\/556093228_1193090062843435_6640109561233883076_n-576x720.jpg 576w, https:\/\/www.alzd.de\/wp-content\/2025\/10\/556093228_1193090062843435_6640109561233883076_n-288x360.jpg 288w, https:\/\/www.alzd.de\/wp-content\/2025\/10\/556093228_1193090062843435_6640109561233883076_n-768x960.jpg 768w, https:\/\/www.alzd.de\/wp-content\/2025\/10\/556093228_1193090062843435_6640109561233883076_n.jpg 1080w\" sizes=\"(max-width: 864px) 100vw, 864px\" \/><\/figure>\n<\/div>\n<h3 class=\"wp-block-heading\"><strong>What does Muskaria by Gritti smell like?<\/strong><\/h3>\n\n<p>A liqueur-like, spicy and dark warmth opens Muskaria by Gritti in a way that can only be described as fascinating, captivating and beguiling. A chocolaty tartness pervades the composition &#8211; finely earthy, dry and underpinned by mineral facets. The patchouli reveals wonderful accents that combine with the smoky sweetness of labdanum, soft, ambery leather, dark vanilla and powdery-creamy, delicately animal musk.   Simply wonderful!<\/p>\n\n<h3 class=\"wp-block-heading\"><strong>When is the best time to wear Muskaria?<\/strong><\/h3>\n\n<p>Muskaria is a complex, dense and extremely harmonious composition and you really have to be grateful to Luca Gritti for making this fragrance available to the general public. For me, it is an absolute fall and winter fragrance with a medium presence and excellent longevity that is enveloping, comforting and warming. Oriental in feel and wonderfully spicy, this extrait de parfum is perfect for those who love special, elegant and sophisticated fragrances with patchouli, musk and rich spices. Unisex and versatile, it can be worn in the evening, at the office or simply snuggled up on the sofa.   <\/p>\n\n<div class=\"wp-block-buttons is-content-justification-center is-layout-flex wp-container-core-buttons-is-layout-16018d1d wp-block-buttons-is-layout-flex\">\n<div class=\"wp-block-button has-custom-width wp-block-button__width-50\"><a class=\"wp-block-button__link has-white-color has-text-color has-background has-link-color wp-element-button\" href=\"https:\/\/ausliebezumduft.de\/collections\/gritti\/products\/gritti-ivy-collection-muskaria\" style=\"background-color:#9e3308\" target=\"_blank\" rel=\"noreferrer noopener\"><strong>Muscaria<\/strong><\/a><\/div>\n<\/div>\n\n<div style=\"height:100px\" aria-hidden=\"true\" class=\"wp-block-spacer\"><\/div>\n\n<h2 class=\"wp-block-heading\"><strong>Vanilla Tan\u00e0 &#8211; Golden vanilla dream<\/strong><\/h2>\n\n<p>With <a href=\"https:\/\/ausliebezumduft.de\/collections\/gritti\/products\/gritti-ivy-collection-vanilla-tana\" target=\"_blank\" rel=\"noreferrer noopener\">Vanilla Tan\u00e0<\/a>, we travel to Madagascar, the country that is now considered the most important region of origin for Bourbon vanilla. The vanilla plant originally comes from Mexico, where its flowers are pollinated by Melipona bees. However, these are absent outside their natural habitat, which is why the technique of hand pollination was developed on Reunion Island in the 19th century. It is a laborious task that is still practiced today with every single vanilla blossom. After harvesting, the still green pods are first blanched, then dried in the sun for several weeks before being fermented. This creates the special, characteristic aroma of Bourbon vanilla.       <\/p>\n\n<p>However, Luca Gritti discovered another, almost forgotten tradition in Madagascar: the hollow trunks of baobab trees are used here to macerate the vanilla pods, which is said to give the spice additional depth and warmth. He combines <strong>vanilla, ylang-ylang, pink pepper, tonka bean, sandalwood, ambergris<\/strong> and <strong>white musk<\/strong> for his olfactory homage to this particularly multifaceted variant of spiced vanilla. <\/p>\n<div class=\"wp-block-image\">\n<figure class=\"aligncenter size-large\"><img decoding=\"async\" width=\"864\" height=\"1080\" src=\"https:\/\/www.alzd.de\/wp-content\/2025\/10\/556080988_1193090069510101_2644035219810650316_n-864x1080.jpg\" alt=\"Gritti Vanilla Tan&#xE0; - bottle of the extrait de parfum with vanilla pods and flowers on a sand-colored background\" class=\"wp-image-129401\" title=\"Vanilla Tan&#xE0; by Gritti - elegant vanilla fragrance from the Ivy Collection\" srcset=\"https:\/\/www.alzd.de\/wp-content\/2025\/10\/556080988_1193090069510101_2644035219810650316_n-864x1080.jpg 864w, https:\/\/www.alzd.de\/wp-content\/2025\/10\/556080988_1193090069510101_2644035219810650316_n-576x720.jpg 576w, https:\/\/www.alzd.de\/wp-content\/2025\/10\/556080988_1193090069510101_2644035219810650316_n-288x360.jpg 288w, https:\/\/www.alzd.de\/wp-content\/2025\/10\/556080988_1193090069510101_2644035219810650316_n-768x960.jpg 768w, https:\/\/www.alzd.de\/wp-content\/2025\/10\/556080988_1193090069510101_2644035219810650316_n.jpg 1080w\" sizes=\"(max-width: 864px) 100vw, 864px\" \/><\/figure>\n<\/div>\n<h3 class=\"wp-block-heading\"><strong>What does Vanilla Tan\u00e0 by Gritti smell like?<\/strong><\/h3>\n\n<p>Vanilla Tan\u00e0 starts off sweet and lovely, with golden yellow nuances reminiscent of honey. I was expecting a dark, woody vanilla, but Luca Gritti&#8217;s latest creation is quite different. Vanilla Tan\u00e0 has a gourmand, vanilla-like delicacy, far removed from a sticky, sweet or exuberant presence. Subtle liqueur undertones accompany this enchanting fragrance, which is enveloping, soft, fresh and floral. Milky-creamy accents gradually join the golden vanilla floral sweetness and finally round off the fragrance beautifully.    <\/p>\n\n<h3 class=\"wp-block-heading\"><strong>When is the best time to wear Vanilla Tan\u00e0?<\/strong><\/h3>\n\n<p>Although I would attribute a certain lightness and summeriness to the creation, I see Vanilla Tan\u00e0 more in the fall and winter: a bright ray of hope on a dull, rainy fall day like today, when you would love to crawl back under the covers. The extrait de parfum adds radiant facets to the world of vanilla fragrances &#8211; tropically accentuated, gourmand, sweet and powdery-floral. The creation tends to be feminine, but is designed as a unisex fragrance. With a medium presence and excellent longevity, Vanilla Tan\u00e0 is a wonderful companion in the office, in everyday life and for going out. You can find many more exciting vanilla fragrances &#8211; and of course Vanilla Tan\u00e0 &#8211; in our <a href=\"https:\/\/ausliebezumduft.de\/collections\/vanille-susse-kostliche-verlockungen\">Vanilla &#8211; sweet, delicious temptations<\/a> category.    <\/p>\n\n<div class=\"wp-block-buttons is-content-justification-center is-layout-flex wp-container-core-buttons-is-layout-16018d1d wp-block-buttons-is-layout-flex\">\n<div class=\"wp-block-button has-custom-width wp-block-button__width-50\"><a class=\"wp-block-button__link has-white-color has-text-color has-background has-link-color wp-element-button\" href=\"https:\/\/ausliebezumduft.de\/collections\/gritti\/products\/gritti-ivy-collection-vanilla-tana\" style=\"background-color:#d48a1d\" target=\"_blank\" rel=\"noreferrer noopener\"><strong>Vanilla Tan\u00e0<\/strong><\/a><\/div>\n<\/div>\n\n<p><\/p>\n","protected":false},"excerpt":{"rendered":"<p>The two new fragrances from Gritti are ideal for the current season: Muskaria and Vanilla Tan\u00e0 are dedicated to cozy musky notes and beguiling vanilla &#8211; doesn&#8217;t that&#8230;<\/p>\n<div class=\"more-link-wrapper\"><a class=\"more-link\" href=\"https:\/\/www.alzd.de\/en\/2025\/10\/28\/muskaria-and-vanilla-tana-by-gritti-two-new-fragrances-from-the-ivy-collection\/\">WEITERLESEN<span class=\"screen-reader-text\">Muskaria and Vanilla Tan\u00e0 by Gritti &#8211; two new fragrances from the Ivy Collection<\/span><\/a><\/div>\n","protected":false},"author":535,"featured_media":129448,"comment_status":"open","ping_status":"closed","sticky":false,"template":"","format":"standard","meta":{"footnotes":""},"categories":[1149,1151,1117,1156,1160,1113],"tags":[2161,1486,1832,1608],"class_list":["post-129449","post","type-post","status-publish","format-standard","has-post-thumbnail","hentry","category-amber-resins","category-flowers","category-fragrances","category-gourmand-en","category-orientals","category-spicy","tag-fall-and-winter-fragrances","tag-gritti-en","tag-luca-gritti-en","tag-vanilla","excerpt","zoom","full-without-featured","even","excerpt-0"],"yoast_head":"<!-- This site is optimized with the Yoast SEO plugin v27.4 - https:\/\/yoast.com\/product\/yoast-seo-wordpress\/ -->\n<title>Muskaria and Vanilla Tan\u00e0 by Gritti - fragrances for fall &amp; winter<\/title>\n<meta name=\"description\" content=\"New fragrances from Gritti: Vanilla Tan\u00e0 and Muskaria from the Ivy Collection combine vanilla, musk and fine spices to create extraits de parfum.\" \/>\n<meta name=\"robots\" content=\"index, follow, max-snippet:-1, max-image-preview:large, max-video-preview:-1\" \/>\n<link rel=\"canonical\" href=\"https:\/\/www.alzd.de\/en\/2025\/10\/28\/muskaria-and-vanilla-tana-by-gritti-two-new-fragrances-from-the-ivy-collection\/\" \/>\n<meta property=\"og:locale\" content=\"en_US\" \/>\n<meta property=\"og:type\" content=\"article\" \/>\n<meta property=\"og:title\" content=\"Muskaria and Vanilla Tan\u00e0 by Gritti - fragrances for fall &amp; winter\" \/>\n<meta property=\"og:url\" content=\"https:\/\/www.alzd.de\/en\/2025\/10\/28\/muskaria-and-vanilla-tana-by-gritti-two-new-fragrances-from-the-ivy-collection\/\" \/>\n<meta property=\"og:site_name\" content=\"Das Duft-Tagebuch\" \/>\n<meta property=\"article:publisher\" content=\"https:\/\/www.facebook.com\/dufttagebuch\/\" \/>\n<meta property=\"article:author\" content=\"https:\/\/www.facebook.com\/stephanie.tkaczik\" \/>\n<meta property=\"article:published_time\" content=\"2025-10-28T13:57:56+00:00\" \/>\n<meta property=\"article:modified_time\" content=\"2025-10-28T14:02:23+00:00\" \/>\n<meta property=\"og:image\" content=\"https:\/\/www.alzd.de\/wp-content\/2025\/10\/bb94311534296482_n.jpg\" \/>\n\t<meta property=\"og:image:width\" content=\"720\" \/>\n\t<meta property=\"og:image:height\" content=\"400\" \/>\n\t<meta property=\"og:image:type\" content=\"image\/jpeg\" \/>\n<meta name=\"author\" content=\"Julia Bir\u00f3\" \/>\n<meta name=\"twitter:card\" content=\"summary_large_image\" \/>\n<meta name=\"twitter:creator\" content=\"@ausliebezumduft\" \/>\n<meta name=\"twitter:site\" content=\"@ausliebezumduft\" \/>\n<script type=\"application\/ld+json\" class=\"yoast-schema-graph\">{\"@context\":\"https:\\\/\\\/schema.org\",\"@graph\":[{\"@type\":\"Article\",\"@id\":\"https:\\\/\\\/www.alzd.de\\\/en\\\/2025\\\/10\\\/28\\\/muskaria-and-vanilla-tana-by-gritti-two-new-fragrances-from-the-ivy-collection\\\/#article\",\"isPartOf\":{\"@id\":\"https:\\\/\\\/www.alzd.de\\\/en\\\/2025\\\/10\\\/28\\\/muskaria-and-vanilla-tana-by-gritti-two-new-fragrances-from-the-ivy-collection\\\/\"},\"author\":{\"name\":\"Julia Bir\u00f3\",\"@id\":\"https:\\\/\\\/www.alzd.de\\\/en\\\/#\\\/schema\\\/person\\\/8efcd8f02447fdbe8f29ad465897d04e\"},\"headline\":\"Muskaria and Vanilla Tan\u00e0 by Gritti &#8211; two new fragrances from the Ivy Collection\",\"datePublished\":\"2025-10-28T13:57:56+00:00\",\"dateModified\":\"2025-10-28T14:02:23+00:00\",\"mainEntityOfPage\":{\"@id\":\"https:\\\/\\\/www.alzd.de\\\/en\\\/2025\\\/10\\\/28\\\/muskaria-and-vanilla-tana-by-gritti-two-new-fragrances-from-the-ivy-collection\\\/\"},\"wordCount\":846,\"commentCount\":0,\"publisher\":{\"@id\":\"https:\\\/\\\/www.alzd.de\\\/en\\\/#organization\"},\"image\":{\"@id\":\"https:\\\/\\\/www.alzd.de\\\/en\\\/2025\\\/10\\\/28\\\/muskaria-and-vanilla-tana-by-gritti-two-new-fragrances-from-the-ivy-collection\\\/#primaryimage\"},\"thumbnailUrl\":\"https:\\\/\\\/www.alzd.de\\\/wp-content\\\/2025\\\/10\\\/bb94311534296482_n.jpg\",\"keywords\":[\"Fall and winter fragrances\",\"Gritti\",\"Luca Gritti\",\"Vanilla\"],\"articleSection\":[\"Amber &amp; Resins\",\"Flowers\",\"Fragrances\",\"Gourmand\",\"Orientals\",\"Spicy\"],\"inLanguage\":\"en-US\",\"potentialAction\":[{\"@type\":\"CommentAction\",\"name\":\"Comment\",\"target\":[\"https:\\\/\\\/www.alzd.de\\\/en\\\/2025\\\/10\\\/28\\\/muskaria-and-vanilla-tana-by-gritti-two-new-fragrances-from-the-ivy-collection\\\/#respond\"]}]},{\"@type\":\"WebPage\",\"@id\":\"https:\\\/\\\/www.alzd.de\\\/en\\\/2025\\\/10\\\/28\\\/muskaria-and-vanilla-tana-by-gritti-two-new-fragrances-from-the-ivy-collection\\\/\",\"url\":\"https:\\\/\\\/www.alzd.de\\\/en\\\/2025\\\/10\\\/28\\\/muskaria-and-vanilla-tana-by-gritti-two-new-fragrances-from-the-ivy-collection\\\/\",\"name\":\"Muskaria and Vanilla Tan\u00e0 by Gritti - fragrances for fall & winter\",\"isPartOf\":{\"@id\":\"https:\\\/\\\/www.alzd.de\\\/en\\\/#website\"},\"primaryImageOfPage\":{\"@id\":\"https:\\\/\\\/www.alzd.de\\\/en\\\/2025\\\/10\\\/28\\\/muskaria-and-vanilla-tana-by-gritti-two-new-fragrances-from-the-ivy-collection\\\/#primaryimage\"},\"image\":{\"@id\":\"https:\\\/\\\/www.alzd.de\\\/en\\\/2025\\\/10\\\/28\\\/muskaria-and-vanilla-tana-by-gritti-two-new-fragrances-from-the-ivy-collection\\\/#primaryimage\"},\"thumbnailUrl\":\"https:\\\/\\\/www.alzd.de\\\/wp-content\\\/2025\\\/10\\\/bb94311534296482_n.jpg\",\"datePublished\":\"2025-10-28T13:57:56+00:00\",\"dateModified\":\"2025-10-28T14:02:23+00:00\",\"description\":\"New fragrances from Gritti: Vanilla Tan\u00e0 and Muskaria from the Ivy Collection combine vanilla, musk and fine spices to create extraits de parfum.\",\"breadcrumb\":{\"@id\":\"https:\\\/\\\/www.alzd.de\\\/en\\\/2025\\\/10\\\/28\\\/muskaria-and-vanilla-tana-by-gritti-two-new-fragrances-from-the-ivy-collection\\\/#breadcrumb\"},\"inLanguage\":\"en-US\",\"potentialAction\":[{\"@type\":\"ReadAction\",\"target\":[\"https:\\\/\\\/www.alzd.de\\\/en\\\/2025\\\/10\\\/28\\\/muskaria-and-vanilla-tana-by-gritti-two-new-fragrances-from-the-ivy-collection\\\/\"]}]},{\"@type\":\"ImageObject\",\"inLanguage\":\"en-US\",\"@id\":\"https:\\\/\\\/www.alzd.de\\\/en\\\/2025\\\/10\\\/28\\\/muskaria-and-vanilla-tana-by-gritti-two-new-fragrances-from-the-ivy-collection\\\/#primaryimage\",\"url\":\"https:\\\/\\\/www.alzd.de\\\/wp-content\\\/2025\\\/10\\\/bb94311534296482_n.jpg\",\"contentUrl\":\"https:\\\/\\\/www.alzd.de\\\/wp-content\\\/2025\\\/10\\\/bb94311534296482_n.jpg\",\"width\":720,\"height\":400},{\"@type\":\"BreadcrumbList\",\"@id\":\"https:\\\/\\\/www.alzd.de\\\/en\\\/2025\\\/10\\\/28\\\/muskaria-and-vanilla-tana-by-gritti-two-new-fragrances-from-the-ivy-collection\\\/#breadcrumb\",\"itemListElement\":[{\"@type\":\"ListItem\",\"position\":1,\"name\":\"Startseite\",\"item\":\"https:\\\/\\\/www.alzd.de\\\/en\\\/\"},{\"@type\":\"ListItem\",\"position\":2,\"name\":\"Muskaria and Vanilla Tan\u00e0 by Gritti &#8211; two new fragrances from the Ivy Collection\"}]},{\"@type\":\"WebSite\",\"@id\":\"https:\\\/\\\/www.alzd.de\\\/en\\\/#website\",\"url\":\"https:\\\/\\\/www.alzd.de\\\/en\\\/\",\"name\":\"Das Duft-Tagebuch\",\"description\":\"Das Parfumblog von Aus Liebe zum Duft\",\"publisher\":{\"@id\":\"https:\\\/\\\/www.alzd.de\\\/en\\\/#organization\"},\"potentialAction\":[{\"@type\":\"SearchAction\",\"target\":{\"@type\":\"EntryPoint\",\"urlTemplate\":\"https:\\\/\\\/www.alzd.de\\\/en\\\/?s={search_term_string}\"},\"query-input\":{\"@type\":\"PropertyValueSpecification\",\"valueRequired\":true,\"valueName\":\"search_term_string\"}}],\"inLanguage\":\"en-US\"},{\"@type\":\"Organization\",\"@id\":\"https:\\\/\\\/www.alzd.de\\\/en\\\/#organization\",\"name\":\"Das Duft-Tagebuch\",\"url\":\"https:\\\/\\\/www.alzd.de\\\/en\\\/\",\"logo\":{\"@type\":\"ImageObject\",\"inLanguage\":\"en-US\",\"@id\":\"https:\\\/\\\/www.alzd.de\\\/en\\\/#\\\/schema\\\/logo\\\/image\\\/\",\"url\":\"https:\\\/\\\/www.alzd.de\\\/wp-content\\\/2023\\\/08\\\/alzd_dufttagebuch.png\",\"contentUrl\":\"https:\\\/\\\/www.alzd.de\\\/wp-content\\\/2023\\\/08\\\/alzd_dufttagebuch.png\",\"width\":1804,\"height\":416,\"caption\":\"Das Duft-Tagebuch\"},\"image\":{\"@id\":\"https:\\\/\\\/www.alzd.de\\\/en\\\/#\\\/schema\\\/logo\\\/image\\\/\"},\"sameAs\":[\"https:\\\/\\\/www.facebook.com\\\/dufttagebuch\\\/\",\"https:\\\/\\\/x.com\\\/ausliebezumduft\",\"https:\\\/\\\/www.instagram.com\\\/ausliebezumduft.de\\\/\",\"https:\\\/\\\/www.youtube.com\\\/c\\\/ausliebezumduft\"]},{\"@type\":\"Person\",\"@id\":\"https:\\\/\\\/www.alzd.de\\\/en\\\/#\\\/schema\\\/person\\\/8efcd8f02447fdbe8f29ad465897d04e\",\"name\":\"Julia Bir\u00f3\",\"image\":{\"@type\":\"ImageObject\",\"inLanguage\":\"en-US\",\"@id\":\"https:\\\/\\\/www.alzd.de\\\/wp-content\\\/2018\\\/02\\\/cropped-cropped-mitarbeiterbilder_steffi--96x96.jpg\",\"url\":\"https:\\\/\\\/www.alzd.de\\\/wp-content\\\/2018\\\/02\\\/cropped-cropped-mitarbeiterbilder_steffi--96x96.jpg\",\"contentUrl\":\"https:\\\/\\\/www.alzd.de\\\/wp-content\\\/2018\\\/02\\\/cropped-cropped-mitarbeiterbilder_steffi--96x96.jpg\",\"caption\":\"Julia Bir\u00f3\"},\"description\":\"Bereits 2010 gingen so einige Blogbeitr\u00e4ge auf mein Konto. Dann war ich \u201ekurz\u201c weg \u2013 sechs Jahre. Umso mehr freut es mich, dass ich nun wieder die Chance bekomme, mein N\u00e4schen im Dienste der Duftrezension schnuppern zu lassen und eifrig in die Tasten zu hauen. Was Nischend\u00fcfte angeht, habe ich damals \u00fcbrigens schnell Feuer gefangen. Meine Ausbildung tat dazu ihr \u00dcbriges: Als diplomierte Biologin kenne ich mich nicht nur mit Fauna und Flora, sondern auch recht gut mit der Herstellung von \u00d6len und Extrakten aus, was den Reiz der Parfumwelt nat\u00fcrlich noch gr\u00f6\u00dfer macht.\",\"sameAs\":[\"https:\\\/\\\/biro.is\\\/\",\"https:\\\/\\\/www.facebook.com\\\/stephanie.tkaczik\"],\"url\":\"https:\\\/\\\/www.alzd.de\\\/en\\\/author\\\/stephanie\\\/\"}]}<\/script>\n<!-- \/ Yoast SEO plugin. -->","yoast_head_json":{"title":"Muskaria and Vanilla Tan\u00e0 by Gritti - fragrances for fall & winter","description":"New fragrances from Gritti: Vanilla Tan\u00e0 and Muskaria from the Ivy Collection combine vanilla, musk and fine spices to create extraits de parfum.","robots":{"index":"index","follow":"follow","max-snippet":"max-snippet:-1","max-image-preview":"max-image-preview:large","max-video-preview":"max-video-preview:-1"},"canonical":"https:\/\/www.alzd.de\/en\/2025\/10\/28\/muskaria-and-vanilla-tana-by-gritti-two-new-fragrances-from-the-ivy-collection\/","og_locale":"en_US","og_type":"article","og_title":"Muskaria and Vanilla Tan\u00e0 by Gritti - fragrances for fall & winter","og_url":"https:\/\/www.alzd.de\/en\/2025\/10\/28\/muskaria-and-vanilla-tana-by-gritti-two-new-fragrances-from-the-ivy-collection\/","og_site_name":"Das Duft-Tagebuch","article_publisher":"https:\/\/www.facebook.com\/dufttagebuch\/","article_author":"https:\/\/www.facebook.com\/stephanie.tkaczik","article_published_time":"2025-10-28T13:57:56+00:00","article_modified_time":"2025-10-28T14:02:23+00:00","og_image":[{"width":720,"height":400,"url":"https:\/\/www.alzd.de\/wp-content\/2025\/10\/bb94311534296482_n.jpg","type":"image\/jpeg"}],"author":"Julia Bir\u00f3","twitter_card":"summary_large_image","twitter_creator":"@ausliebezumduft","twitter_site":"@ausliebezumduft","schema":{"@context":"https:\/\/schema.org","@graph":[{"@type":"Article","@id":"https:\/\/www.alzd.de\/en\/2025\/10\/28\/muskaria-and-vanilla-tana-by-gritti-two-new-fragrances-from-the-ivy-collection\/#article","isPartOf":{"@id":"https:\/\/www.alzd.de\/en\/2025\/10\/28\/muskaria-and-vanilla-tana-by-gritti-two-new-fragrances-from-the-ivy-collection\/"},"author":{"name":"Julia Bir\u00f3","@id":"https:\/\/www.alzd.de\/en\/#\/schema\/person\/8efcd8f02447fdbe8f29ad465897d04e"},"headline":"Muskaria and Vanilla Tan\u00e0 by Gritti &#8211; two new fragrances from the Ivy Collection","datePublished":"2025-10-28T13:57:56+00:00","dateModified":"2025-10-28T14:02:23+00:00","mainEntityOfPage":{"@id":"https:\/\/www.alzd.de\/en\/2025\/10\/28\/muskaria-and-vanilla-tana-by-gritti-two-new-fragrances-from-the-ivy-collection\/"},"wordCount":846,"commentCount":0,"publisher":{"@id":"https:\/\/www.alzd.de\/en\/#organization"},"image":{"@id":"https:\/\/www.alzd.de\/en\/2025\/10\/28\/muskaria-and-vanilla-tana-by-gritti-two-new-fragrances-from-the-ivy-collection\/#primaryimage"},"thumbnailUrl":"https:\/\/www.alzd.de\/wp-content\/2025\/10\/bb94311534296482_n.jpg","keywords":["Fall and winter fragrances","Gritti","Luca Gritti","Vanilla"],"articleSection":["Amber &amp; Resins","Flowers","Fragrances","Gourmand","Orientals","Spicy"],"inLanguage":"en-US","potentialAction":[{"@type":"CommentAction","name":"Comment","target":["https:\/\/www.alzd.de\/en\/2025\/10\/28\/muskaria-and-vanilla-tana-by-gritti-two-new-fragrances-from-the-ivy-collection\/#respond"]}]},{"@type":"WebPage","@id":"https:\/\/www.alzd.de\/en\/2025\/10\/28\/muskaria-and-vanilla-tana-by-gritti-two-new-fragrances-from-the-ivy-collection\/","url":"https:\/\/www.alzd.de\/en\/2025\/10\/28\/muskaria-and-vanilla-tana-by-gritti-two-new-fragrances-from-the-ivy-collection\/","name":"Muskaria and Vanilla Tan\u00e0 by Gritti - fragrances for fall & winter","isPartOf":{"@id":"https:\/\/www.alzd.de\/en\/#website"},"primaryImageOfPage":{"@id":"https:\/\/www.alzd.de\/en\/2025\/10\/28\/muskaria-and-vanilla-tana-by-gritti-two-new-fragrances-from-the-ivy-collection\/#primaryimage"},"image":{"@id":"https:\/\/www.alzd.de\/en\/2025\/10\/28\/muskaria-and-vanilla-tana-by-gritti-two-new-fragrances-from-the-ivy-collection\/#primaryimage"},"thumbnailUrl":"https:\/\/www.alzd.de\/wp-content\/2025\/10\/bb94311534296482_n.jpg","datePublished":"2025-10-28T13:57:56+00:00","dateModified":"2025-10-28T14:02:23+00:00","description":"New fragrances from Gritti: Vanilla Tan\u00e0 and Muskaria from the Ivy Collection combine vanilla, musk and fine spices to create extraits de parfum.","breadcrumb":{"@id":"https:\/\/www.alzd.de\/en\/2025\/10\/28\/muskaria-and-vanilla-tana-by-gritti-two-new-fragrances-from-the-ivy-collection\/#breadcrumb"},"inLanguage":"en-US","potentialAction":[{"@type":"ReadAction","target":["https:\/\/www.alzd.de\/en\/2025\/10\/28\/muskaria-and-vanilla-tana-by-gritti-two-new-fragrances-from-the-ivy-collection\/"]}]},{"@type":"ImageObject","inLanguage":"en-US","@id":"https:\/\/www.alzd.de\/en\/2025\/10\/28\/muskaria-and-vanilla-tana-by-gritti-two-new-fragrances-from-the-ivy-collection\/#primaryimage","url":"https:\/\/www.alzd.de\/wp-content\/2025\/10\/bb94311534296482_n.jpg","contentUrl":"https:\/\/www.alzd.de\/wp-content\/2025\/10\/bb94311534296482_n.jpg","width":720,"height":400},{"@type":"BreadcrumbList","@id":"https:\/\/www.alzd.de\/en\/2025\/10\/28\/muskaria-and-vanilla-tana-by-gritti-two-new-fragrances-from-the-ivy-collection\/#breadcrumb","itemListElement":[{"@type":"ListItem","position":1,"name":"Startseite","item":"https:\/\/www.alzd.de\/en\/"},{"@type":"ListItem","position":2,"name":"Muskaria and Vanilla Tan\u00e0 by Gritti &#8211; two new fragrances from the Ivy Collection"}]},{"@type":"WebSite","@id":"https:\/\/www.alzd.de\/en\/#website","url":"https:\/\/www.alzd.de\/en\/","name":"Das Duft-Tagebuch","description":"Das Parfumblog von Aus Liebe zum Duft","publisher":{"@id":"https:\/\/www.alzd.de\/en\/#organization"},"potentialAction":[{"@type":"SearchAction","target":{"@type":"EntryPoint","urlTemplate":"https:\/\/www.alzd.de\/en\/?s={search_term_string}"},"query-input":{"@type":"PropertyValueSpecification","valueRequired":true,"valueName":"search_term_string"}}],"inLanguage":"en-US"},{"@type":"Organization","@id":"https:\/\/www.alzd.de\/en\/#organization","name":"Das Duft-Tagebuch","url":"https:\/\/www.alzd.de\/en\/","logo":{"@type":"ImageObject","inLanguage":"en-US","@id":"https:\/\/www.alzd.de\/en\/#\/schema\/logo\/image\/","url":"https:\/\/www.alzd.de\/wp-content\/2023\/08\/alzd_dufttagebuch.png","contentUrl":"https:\/\/www.alzd.de\/wp-content\/2023\/08\/alzd_dufttagebuch.png","width":1804,"height":416,"caption":"Das Duft-Tagebuch"},"image":{"@id":"https:\/\/www.alzd.de\/en\/#\/schema\/logo\/image\/"},"sameAs":["https:\/\/www.facebook.com\/dufttagebuch\/","https:\/\/x.com\/ausliebezumduft","https:\/\/www.instagram.com\/ausliebezumduft.de\/","https:\/\/www.youtube.com\/c\/ausliebezumduft"]},{"@type":"Person","@id":"https:\/\/www.alzd.de\/en\/#\/schema\/person\/8efcd8f02447fdbe8f29ad465897d04e","name":"Julia Bir\u00f3","image":{"@type":"ImageObject","inLanguage":"en-US","@id":"https:\/\/www.alzd.de\/wp-content\/2018\/02\/cropped-cropped-mitarbeiterbilder_steffi--96x96.jpg","url":"https:\/\/www.alzd.de\/wp-content\/2018\/02\/cropped-cropped-mitarbeiterbilder_steffi--96x96.jpg","contentUrl":"https:\/\/www.alzd.de\/wp-content\/2018\/02\/cropped-cropped-mitarbeiterbilder_steffi--96x96.jpg","caption":"Julia Bir\u00f3"},"description":"Bereits 2010 gingen so einige Blogbeitr\u00e4ge auf mein Konto. Dann war ich \u201ekurz\u201c weg \u2013 sechs Jahre. Umso mehr freut es mich, dass ich nun wieder die Chance bekomme, mein N\u00e4schen im Dienste der Duftrezension schnuppern zu lassen und eifrig in die Tasten zu hauen. Was Nischend\u00fcfte angeht, habe ich damals \u00fcbrigens schnell Feuer gefangen. Meine Ausbildung tat dazu ihr \u00dcbriges: Als diplomierte Biologin kenne ich mich nicht nur mit Fauna und Flora, sondern auch recht gut mit der Herstellung von \u00d6len und Extrakten aus, was den Reiz der Parfumwelt nat\u00fcrlich noch gr\u00f6\u00dfer macht.","sameAs":["https:\/\/biro.is\/","https:\/\/www.facebook.com\/stephanie.tkaczik"],"url":"https:\/\/www.alzd.de\/en\/author\/stephanie\/"}]}},"wp-worthy-pixel":{"ignored":false,"public":null,"server":null,"url":null},"wp-worthy-type":"normal","_links":{"self":[{"href":"https:\/\/www.alzd.de\/en\/wp-json\/wp\/v2\/posts\/129449","targetHints":{"allow":["GET"]}}],"collection":[{"href":"https:\/\/www.alzd.de\/en\/wp-json\/wp\/v2\/posts"}],"about":[{"href":"https:\/\/www.alzd.de\/en\/wp-json\/wp\/v2\/types\/post"}],"author":[{"embeddable":true,"href":"https:\/\/www.alzd.de\/en\/wp-json\/wp\/v2\/users\/535"}],"replies":[{"embeddable":true,"href":"https:\/\/www.alzd.de\/en\/wp-json\/wp\/v2\/comments?post=129449"}],"version-history":[{"count":2,"href":"https:\/\/www.alzd.de\/en\/wp-json\/wp\/v2\/posts\/129449\/revisions"}],"predecessor-version":[{"id":129451,"href":"https:\/\/www.alzd.de\/en\/wp-json\/wp\/v2\/posts\/129449\/revisions\/129451"}],"wp:featuredmedia":[{"embeddable":true,"href":"https:\/\/www.alzd.de\/en\/wp-json\/wp\/v2\/media\/129448"}],"wp:attachment":[{"href":"https:\/\/www.alzd.de\/en\/wp-json\/wp\/v2\/media?parent=129449"}],"wp:term":[{"taxonomy":"category","embeddable":true,"href":"https:\/\/www.alzd.de\/en\/wp-json\/wp\/v2\/categories?post=129449"},{"taxonomy":"post_tag","embeddable":true,"href":"https:\/\/www.alzd.de\/en\/wp-json\/wp\/v2\/tags?post=129449"}],"curies":[{"name":"wp","href":"https:\/\/api.w.org\/{rel}","templated":true}]}}