{"id":128066,"date":"2025-09-12T12:03:20","date_gmt":"2025-09-12T10:03:20","guid":{"rendered":"https:\/\/www.alzd.de\/2025\/09\/12\/origine-collection-by-maison-matine-warni-warni-esprit-de-contradiction-and-bain-de-midi\/"},"modified":"2025-09-12T12:35:54","modified_gmt":"2025-09-12T10:35:54","slug":"origine-collection-maison-matine-warni-warni-esprit-de-contradiction-bain-de-midi","status":"publish","type":"post","link":"https:\/\/www.alzd.de\/en\/2025\/09\/12\/origine-collection-maison-matine-warni-warni-esprit-de-contradiction-bain-de-midi\/","title":{"rendered":"Origine Collection by Maison Matine &#8211; Warni Warni, Esprit de Contradiction and Bain de Midi"},"content":{"rendered":"\n<p>After our first look at the Origine Collection by Maison Matine, in which we introduced the brand&#8217;s unique features and the first three fragrances \u2013 <a href=\"https:\/\/www.alzd.de\/en\/2025\/09\/11\/maison-matine-scented-rebels-with-format\/\">click here for the review<\/a> \u2013 today we continue our journey. Maison Matine was founded by Marie Kellou and Arthur Ponroy and represents a new, fresh generation of French perfumery: creatively illustrated, sustainably produced, and deliberately free from rigid luxury conventions. Instead of opulence and bling, the label focuses on simplicity, diversity, and responsibility\u2014with vegan formulas, recyclable materials, and artfully designed bottles that visually bring each fragrance story to life.<\/p>\n\n\n\n<figure class=\"wp-block-image size-large\"><img decoding=\"async\" width=\"1080\" height=\"810\" src=\"https:\/\/www.alzd.de\/wp-content\/2025\/09\/MM_ALL-PERFUME_50ML-COLLECTION-1080x810.jpg\" alt=\"Several rectangular perfume bottles from Maison Matine are arranged diagonally on a white background. Each bottle bears an individual, colorful illustration - from graphic patterns to floral and figurative motifs to humorous drawings. The variety of designs underlines the creative, playful character of the brand.  \" class=\"wp-image-128004\" title=\"Collection of Maison Matine perfume bottles with colorful illustrations, arranged diagonally on a light background.\" srcset=\"https:\/\/www.alzd.de\/wp-content\/2025\/09\/MM_ALL-PERFUME_50ML-COLLECTION-1080x810.jpg 1080w, https:\/\/www.alzd.de\/wp-content\/2025\/09\/MM_ALL-PERFUME_50ML-COLLECTION-720x540.jpg 720w, https:\/\/www.alzd.de\/wp-content\/2025\/09\/MM_ALL-PERFUME_50ML-COLLECTION-360x270.jpg 360w, https:\/\/www.alzd.de\/wp-content\/2025\/09\/MM_ALL-PERFUME_50ML-COLLECTION-768x576.jpg 768w, https:\/\/www.alzd.de\/wp-content\/2025\/09\/MM_ALL-PERFUME_50ML-COLLECTION-1536x1152.jpg 1536w, https:\/\/www.alzd.de\/wp-content\/2025\/09\/MM_ALL-PERFUME_50ML-COLLECTION-2048x1536.jpg 2048w\" sizes=\"(max-width: 1080px) 100vw, 1080px\" \/><\/figure>\n\n\n\n<p>The Origine Collection by Maison Matine takes a look at our lives, at a world that is open, multifaceted, and full of new experiences. It is not a look back, but a look at the here and now. The fragrances tell stories that reflect our present, not nostalgically, but in a contemporary way. Warni Warni, Esprit de Contradiction, and Bain de Midi are the protagonists of this second part, inviting you to get to know the French niche fragrance label from new perspectives.<\/p>\n\n\n\n<h2 class=\"wp-block-heading\"><strong>Warni Warni &#8211; come to me, come to me!<\/strong><\/h2>\n\n\n\n<p>The name <a href=\"https:\/\/ausliebezumduft.de\/collections\/maison-matine\/products\/maison-matine-warni-warni\">Warni Warni<\/a> may initially remind English speakers of \u201cto warn\u201d or \u2018warning\u2019, and thus cause a momentary confusion. In fact, however, it is an exclamation commonly used in Arabic-speaking countries, especially in Morocco, which means \u201ccome, come\u201d or \u201ccome with me.\u201d In keeping with this invitation to share and encounter, perfumer Elise Benat combined the ingredients <strong>tea, cardamom, freesia, orange blossom, cedarwood, coumarin<\/strong>, and <strong>musk<\/strong>. The illustration on the bottle is once again by Mathilde Purseigle.<\/p>\n\n\n\n<p>Warni Warni reminds me of creamy tea \u2013 greenish, flowing, oscillating between black tea tartness and green tea meditation. Milky and powdery, the fragrance unfolds through the fruity-soft orange blossom, which combines with the subtle aquatic sweetness of freesia. Cardamom brings freshness and clarity, coumarin a gentle, hay-like sweetness. Cedarwood adds subtle, cool accents that interweave harmoniously with the floral facets. The fragrance notes interlock like gears, supporting each other and forming a harmonious, elegant whole.<\/p>\n\n\n\n<figure class=\"wp-block-image size-full\"><img decoding=\"async\" width=\"1080\" height=\"1080\" src=\"https:\/\/www.alzd.de\/wp-content\/2025\/09\/1-1.jpg\" alt=\"Pictured is the Warni Warni perfume bottle from Maison Matine. The rectangular glass bottle bears a colorful illustration in red, blue, yellow and black, which is typical of the brand's artistic design. The photo shows the bottle lying at a slight angle on a light background, creating a striking shadow.  \" class=\"wp-image-128010\" title=\"Flacon by Maison Matine Warni Warni with colorful illustration on the front, photographed with shadows on a light background.\" srcset=\"https:\/\/www.alzd.de\/wp-content\/2025\/09\/1-1.jpg 1080w, https:\/\/www.alzd.de\/wp-content\/2025\/09\/1-1-720x720.jpg 720w, https:\/\/www.alzd.de\/wp-content\/2025\/09\/1-1-360x360.jpg 360w, https:\/\/www.alzd.de\/wp-content\/2025\/09\/1-1-768x768.jpg 768w\" sizes=\"(max-width: 1080px) 100vw, 1080px\" \/><\/figure>\n\n\n\n<p>As a fan of tea scents, Warni Warni is naturally right up my alley. This creamy, milky, and spicy-green eau de parfum with delicate fruit and floral notes is summery, transparent, radiant, minimalist, clean, and simply beautiful. Perfect for anyone who likes uncomplicated and relaxed creations for every occasion and every opportunity. A contemplative, calm, and gentle fragrance that is moving right to the top of my must-have list. I absolutely recommend trying it!<\/p>\n\n\n\n<div class=\"wp-block-buttons is-content-justification-center is-layout-flex wp-container-core-buttons-is-layout-16018d1d wp-block-buttons-is-layout-flex\">\n<div class=\"wp-block-button has-custom-width wp-block-button__width-50\"><a class=\"wp-block-button__link has-white-color has-text-color has-background has-link-color wp-element-button\" href=\"https:\/\/ausliebezumduft.de\/collections\/maison-matine\/products\/maison-matine-warni-warni\" style=\"background-color:#d70007\" target=\"_blank\" rel=\"noreferrer noopener\"><strong>Warni Warni<\/strong><\/a><\/div>\n<\/div>\n\n\n\n<div style=\"height:100px\" aria-hidden=\"true\" class=\"wp-block-spacer\"><\/div>\n\n\n\n<h2 class=\"wp-block-heading\"><strong>Esprit de Contradiction &#8211; Spirit of Contradiction<\/strong><\/h2>\n\n\n\n<p>Esprit de Contradiction is a fragrance that embodies the spirit of contradiction. It is not gentle and subtle, but rather a clear call to take a stand. It embodies the energy to question things, to be uncomfortable at times, and to give weight to one&#8217;s own voice. It is about courage and idealism, about expressing convictions clearly and uncompromisingly. <\/p>\n\n\n\n<p>Perfumer Christian Vermorel combined the ingredients <strong>mandarin, lemon, black pepper, coriander, ginger, ylang-ylang, iris, clove, musk, vetiver, sage<\/strong>, and <strong>cedarwood<\/strong> for Esprit de Contradiction, while the illustration is again by Mathilde Purseigle.<\/p>\n\n\n<div class=\"wp-block-image\">\n<figure class=\"aligncenter size-full\"><img decoding=\"async\" width=\"1080\" height=\"1080\" src=\"https:\/\/www.alzd.de\/wp-content\/2025\/09\/3.jpg\" alt=\"bottle of Maison Matine Esprit de Contradiction lies on a multitude of fresh lemons. The clear glass features a minimalist blue illustration on the front. The vibrant citrus environment emphasizes the fresh, sparkling character of the fragrance.  \" class=\"wp-image-128025\" title=\"Maison Matine Esprit de Contradiction Eau de Parfum - Bottle on lemons\" srcset=\"https:\/\/www.alzd.de\/wp-content\/2025\/09\/3.jpg 1080w, https:\/\/www.alzd.de\/wp-content\/2025\/09\/3-720x720.jpg 720w, https:\/\/www.alzd.de\/wp-content\/2025\/09\/3-360x360.jpg 360w, https:\/\/www.alzd.de\/wp-content\/2025\/09\/3-768x768.jpg 768w\" sizes=\"(max-width: 1080px) 100vw, 1080px\" \/><\/figure>\n<\/div>\n\n\n<p>Sparkling citrus notes open Esprit de Contradiction, very sunny and refreshing, accompanied by a dry sharpness evoked by pepper and ginger. Spicy nuances bring excitement to the creation, while milky, powdery, and fluffy-soft facets calm and soothe the energetic citrus fruits. The eau de parfum remains transparent, airy, and light as it develops. Cedarwood and vetiver provide clean and creamy accents that round off the composition very harmoniously.<\/p>\n\n\n\n<p>Even though Esprit de Contradiction revolves around contradiction and uncompromisingness, the creation reveals itself to be surprisingly accessible in testing. Sparkling citrus, spiced accents, and pleasantly clean, it acts like a modern cologne in the guise of an eau de parfum. No striking provocation, but a fragrance that playfully balances opposites \u2013 fresh and spicy, transparent and soft, light yet present. This makes it the perfect companion for any occasion \u2013 uncomplicated, unisex, and wonderfully summery. You can find more exciting <a href=\"https:\/\/www.alzd.de\/en\/tag\/citrus\/\">citrus fruit fragrances<\/a> here.<\/p>\n\n\n\n<div class=\"wp-block-buttons is-content-justification-center is-layout-flex wp-container-core-buttons-is-layout-16018d1d wp-block-buttons-is-layout-flex\">\n<div class=\"wp-block-button has-custom-width wp-block-button__width-50\"><a class=\"wp-block-button__link has-white-color has-text-color has-background has-link-color wp-element-button\" href=\"https:\/\/ausliebezumduft.de\/collections\/maison-matine\/products\/maison-matine-esprit-de-contradiction\" style=\"background-color:#001d98\" target=\"_blank\" rel=\"noreferrer noopener\"><strong>Esprit de Contradiction<\/strong><\/a><\/div>\n<\/div>\n\n\n\n<div style=\"height:100px\" aria-hidden=\"true\" class=\"wp-block-spacer\"><\/div>\n\n\n\n<h2 class=\"wp-block-heading\"><strong>Bain de Midi &#8211; Olfactory flower bath<\/strong><\/h2>\n\n\n\n<p><a href=\"https:\/\/ausliebezumduft.de\/collections\/maison-matine\/products\/maison-matine-bain-de-midi\">Bain de Midi<\/a> evokes feelings of lightheartedness, freedom, and joie de vivre that instantly transport us back to summer. The name plays on several levels: it can refer to a refreshing midday dip, a nighttime adventure in the sea, or geographically to the Midi, the sun-drenched south of France with Grasse as the capital of perfumery. Bain de Midi is like an olfactory souvenir of the perfect wave, the sun on your skin, and moments that pass far too quickly\u2014and are therefore all the more precious. For this creation from Maison Matine&#8217;s Origine Collection, decorated by Mathilde Purseigle, perfumer Philippine Courti\u00e8re combined the ingredients <strong>bergamot, coconut, tiare flower, ylang-ylang, gardenia, vanilla<\/strong>, and <strong>musk<\/strong>.<\/p>\n\n\n<div class=\"wp-block-image\">\n<figure class=\"aligncenter size-full\"><img decoding=\"async\" width=\"1080\" height=\"1080\" src=\"https:\/\/www.alzd.de\/wp-content\/2025\/09\/3-1.jpg\" alt=\"The bottle of Maison Matine Bain de Midi is set on a beach scene with a turquoise blue sea and lots of people in the water and on the sandy beach. The illustration on the glass shows colorful figures surfing and sunbathing and playfully conveys the summery, light-hearted attitude to life of the fragrance. \" class=\"wp-image-128029\" title=\"Maison Matine Bain de Midi Eau de Parfum - Bottle on the beach\" srcset=\"https:\/\/www.alzd.de\/wp-content\/2025\/09\/3-1.jpg 1080w, https:\/\/www.alzd.de\/wp-content\/2025\/09\/3-1-720x720.jpg 720w, https:\/\/www.alzd.de\/wp-content\/2025\/09\/3-1-360x360.jpg 360w, https:\/\/www.alzd.de\/wp-content\/2025\/09\/3-1-768x768.jpg 768w\" sizes=\"(max-width: 1080px) 100vw, 1080px\" \/><\/figure>\n<\/div>\n\n\n<p>Bain de Midi opens with a lush floral bouquet of exotic tiare, milky ylang-ylang, and creamy gardenia. The trio is in full bloom, dense, present, and immediately makes a clear statement. I only perceive the coconut subtly; its tropical, creamy nuances blend with powdery, crystalline musk and, together with the tangy freshness of bergamot, bring a touch of lightness into play. But the other notes have little effect against the power of the flowers \u2013 they blend in, get carried away by the floral dance and revel in its opulence.<\/p>\n\n\n\n<p>Those who love opulent floral fragrances, especially tiare and gardenia, are likely to enjoy Bain de Midi. A tropical eau de parfum that smells of summer, holidays, and sweet idleness. In my Maison Matine tests so far, it stands out clearly for its presence \u2013 and its longevity is also impressive. Perhaps a little too opulent for the office, but a charming companion for leisure time or evenings. A floral statement for all those who love tropical, opulent fragrances.<\/p>\n\n\n\n<div class=\"wp-block-buttons is-content-justification-center is-layout-flex wp-container-core-buttons-is-layout-16018d1d wp-block-buttons-is-layout-flex\">\n<div class=\"wp-block-button has-custom-width wp-block-button__width-50\"><a class=\"wp-block-button__link has-white-color has-text-color has-background has-link-color wp-element-button\" href=\"https:\/\/ausliebezumduft.de\/collections\/maison-matine\/products\/maison-matine-bain-de-midi\" style=\"background-color:#02828b\" target=\"_blank\" rel=\"noreferrer noopener\"><strong>Bain de Midi<\/strong><\/a><\/div>\n<\/div>\n","protected":false},"excerpt":{"rendered":"<p>After our first look at the Origine Collection by Maison Matine, in which we introduced the brand&#8217;s unique features and the first three fragrances \u2013 click here for&#8230;<\/p>\n<div class=\"more-link-wrapper\"><a class=\"more-link\" href=\"https:\/\/www.alzd.de\/en\/2025\/09\/12\/origine-collection-maison-matine-warni-warni-esprit-de-contradiction-bain-de-midi\/\">WEITERLESEN<span class=\"screen-reader-text\">Origine Collection by Maison Matine &#8211; Warni Warni, Esprit de Contradiction and Bain de Midi<\/span><\/a><\/div>\n","protected":false},"author":535,"featured_media":128065,"comment_status":"open","ping_status":"closed","sticky":false,"template":"","format":"standard","meta":{"footnotes":""},"categories":[1161,1151,1117,1158,1113,1114],"tags":[2154,2153,2148,2147,2152],"class_list":["post-128066","post","type-post","status-publish","format-standard","has-post-thumbnail","hentry","category-clean-powdery","category-flowers","category-fragrances","category-hesperidian","category-spicy","category-woody","tag-christian-vermorel-en","tag-elise-benat-en","tag-maison-matine-en","tag-philippine-courtiere-en","tag-tiare-en","excerpt","zoom","full-without-featured","even","excerpt-0"],"yoast_head":"<!-- This site is optimized with the Yoast SEO plugin v27.5 - https:\/\/yoast.com\/product\/yoast-seo-wordpress\/ -->\n<title>Maison Matine Origine Collection Review \u2013 Part 2<\/title>\n<meta name=\"description\" content=\"Discover Maison Matine Origine Collection in our review: Warni Warni, Esprit de Contradiction &amp; Bain de Midi interpreted in a modern way.\" \/>\n<meta name=\"robots\" content=\"index, follow, max-snippet:-1, max-image-preview:large, max-video-preview:-1\" \/>\n<link rel=\"canonical\" href=\"https:\/\/www.alzd.de\/en\/2025\/09\/12\/origine-collection-maison-matine-warni-warni-esprit-de-contradiction-bain-de-midi\/\" \/>\n<meta property=\"og:locale\" content=\"en_US\" \/>\n<meta property=\"og:type\" content=\"article\" \/>\n<meta property=\"og:title\" content=\"Maison Matine Origine Collection Review \u2013 Part 2\" \/>\n<meta property=\"og:url\" content=\"https:\/\/www.alzd.de\/en\/2025\/09\/12\/origine-collection-maison-matine-warni-warni-esprit-de-contradiction-bain-de-midi\/\" \/>\n<meta property=\"og:site_name\" content=\"Das Duft-Tagebuch\" \/>\n<meta property=\"article:publisher\" content=\"https:\/\/www.facebook.com\/dufttagebuch\/\" \/>\n<meta property=\"article:author\" content=\"https:\/\/www.facebook.com\/stephanie.tkaczik\" \/>\n<meta property=\"article:published_time\" content=\"2025-09-12T10:03:20+00:00\" \/>\n<meta property=\"article:modified_time\" content=\"2025-09-12T10:35:54+00:00\" \/>\n<meta property=\"og:image\" content=\"https:\/\/www.alzd.de\/wp-content\/2025\/09\/bb_ALL-PERFUME_50ML-COLLECTION.jpg\" \/>\n\t<meta property=\"og:image:width\" content=\"720\" \/>\n\t<meta property=\"og:image:height\" content=\"400\" \/>\n\t<meta property=\"og:image:type\" content=\"image\/jpeg\" \/>\n<meta name=\"author\" content=\"Julia Bir\u00f3\" \/>\n<meta name=\"twitter:card\" content=\"summary_large_image\" \/>\n<meta name=\"twitter:creator\" content=\"@ausliebezumduft\" \/>\n<meta name=\"twitter:site\" content=\"@ausliebezumduft\" \/>\n<script type=\"application\/ld+json\" class=\"yoast-schema-graph\">{\"@context\":\"https:\\\/\\\/schema.org\",\"@graph\":[{\"@type\":\"Article\",\"@id\":\"https:\\\/\\\/www.alzd.de\\\/en\\\/2025\\\/09\\\/12\\\/origine-collection-maison-matine-warni-warni-esprit-de-contradiction-bain-de-midi\\\/#article\",\"isPartOf\":{\"@id\":\"https:\\\/\\\/www.alzd.de\\\/en\\\/2025\\\/09\\\/12\\\/origine-collection-maison-matine-warni-warni-esprit-de-contradiction-bain-de-midi\\\/\"},\"author\":{\"name\":\"Julia Bir\u00f3\",\"@id\":\"https:\\\/\\\/www.alzd.de\\\/en\\\/#\\\/schema\\\/person\\\/8efcd8f02447fdbe8f29ad465897d04e\"},\"headline\":\"Origine Collection by Maison Matine &#8211; Warni Warni, Esprit de Contradiction and Bain de Midi\",\"datePublished\":\"2025-09-12T10:03:20+00:00\",\"dateModified\":\"2025-09-12T10:35:54+00:00\",\"mainEntityOfPage\":{\"@id\":\"https:\\\/\\\/www.alzd.de\\\/en\\\/2025\\\/09\\\/12\\\/origine-collection-maison-matine-warni-warni-esprit-de-contradiction-bain-de-midi\\\/\"},\"wordCount\":977,\"commentCount\":0,\"publisher\":{\"@id\":\"https:\\\/\\\/www.alzd.de\\\/en\\\/#organization\"},\"image\":{\"@id\":\"https:\\\/\\\/www.alzd.de\\\/en\\\/2025\\\/09\\\/12\\\/origine-collection-maison-matine-warni-warni-esprit-de-contradiction-bain-de-midi\\\/#primaryimage\"},\"thumbnailUrl\":\"https:\\\/\\\/www.alzd.de\\\/wp-content\\\/2025\\\/09\\\/bb_ALL-PERFUME_50ML-COLLECTION.jpg\",\"keywords\":[\"Christian Vermorel\",\"Elise Benat\",\"Maison Matine\",\"Philippine Courti\u00e8re\",\"Tiar\u00e9\"],\"articleSection\":[\"Clean &amp; Powdery\",\"Flowers\",\"Fragrances\",\"Hesperidian\",\"Spicy\",\"Woody\"],\"inLanguage\":\"en-US\",\"potentialAction\":[{\"@type\":\"CommentAction\",\"name\":\"Comment\",\"target\":[\"https:\\\/\\\/www.alzd.de\\\/en\\\/2025\\\/09\\\/12\\\/origine-collection-maison-matine-warni-warni-esprit-de-contradiction-bain-de-midi\\\/#respond\"]}]},{\"@type\":\"WebPage\",\"@id\":\"https:\\\/\\\/www.alzd.de\\\/en\\\/2025\\\/09\\\/12\\\/origine-collection-maison-matine-warni-warni-esprit-de-contradiction-bain-de-midi\\\/\",\"url\":\"https:\\\/\\\/www.alzd.de\\\/en\\\/2025\\\/09\\\/12\\\/origine-collection-maison-matine-warni-warni-esprit-de-contradiction-bain-de-midi\\\/\",\"name\":\"Maison Matine Origine Collection Review \u2013 Part 2\",\"isPartOf\":{\"@id\":\"https:\\\/\\\/www.alzd.de\\\/en\\\/#website\"},\"primaryImageOfPage\":{\"@id\":\"https:\\\/\\\/www.alzd.de\\\/en\\\/2025\\\/09\\\/12\\\/origine-collection-maison-matine-warni-warni-esprit-de-contradiction-bain-de-midi\\\/#primaryimage\"},\"image\":{\"@id\":\"https:\\\/\\\/www.alzd.de\\\/en\\\/2025\\\/09\\\/12\\\/origine-collection-maison-matine-warni-warni-esprit-de-contradiction-bain-de-midi\\\/#primaryimage\"},\"thumbnailUrl\":\"https:\\\/\\\/www.alzd.de\\\/wp-content\\\/2025\\\/09\\\/bb_ALL-PERFUME_50ML-COLLECTION.jpg\",\"datePublished\":\"2025-09-12T10:03:20+00:00\",\"dateModified\":\"2025-09-12T10:35:54+00:00\",\"description\":\"Discover Maison Matine Origine Collection in our review: Warni Warni, Esprit de Contradiction & Bain de Midi interpreted in a modern way.\",\"breadcrumb\":{\"@id\":\"https:\\\/\\\/www.alzd.de\\\/en\\\/2025\\\/09\\\/12\\\/origine-collection-maison-matine-warni-warni-esprit-de-contradiction-bain-de-midi\\\/#breadcrumb\"},\"inLanguage\":\"en-US\",\"potentialAction\":[{\"@type\":\"ReadAction\",\"target\":[\"https:\\\/\\\/www.alzd.de\\\/en\\\/2025\\\/09\\\/12\\\/origine-collection-maison-matine-warni-warni-esprit-de-contradiction-bain-de-midi\\\/\"]}]},{\"@type\":\"ImageObject\",\"inLanguage\":\"en-US\",\"@id\":\"https:\\\/\\\/www.alzd.de\\\/en\\\/2025\\\/09\\\/12\\\/origine-collection-maison-matine-warni-warni-esprit-de-contradiction-bain-de-midi\\\/#primaryimage\",\"url\":\"https:\\\/\\\/www.alzd.de\\\/wp-content\\\/2025\\\/09\\\/bb_ALL-PERFUME_50ML-COLLECTION.jpg\",\"contentUrl\":\"https:\\\/\\\/www.alzd.de\\\/wp-content\\\/2025\\\/09\\\/bb_ALL-PERFUME_50ML-COLLECTION.jpg\",\"width\":720,\"height\":400},{\"@type\":\"BreadcrumbList\",\"@id\":\"https:\\\/\\\/www.alzd.de\\\/en\\\/2025\\\/09\\\/12\\\/origine-collection-maison-matine-warni-warni-esprit-de-contradiction-bain-de-midi\\\/#breadcrumb\",\"itemListElement\":[{\"@type\":\"ListItem\",\"position\":1,\"name\":\"Startseite\",\"item\":\"https:\\\/\\\/www.alzd.de\\\/en\\\/\"},{\"@type\":\"ListItem\",\"position\":2,\"name\":\"Origine Collection by Maison Matine &#8211; Warni Warni, Esprit de Contradiction and Bain de Midi\"}]},{\"@type\":\"WebSite\",\"@id\":\"https:\\\/\\\/www.alzd.de\\\/en\\\/#website\",\"url\":\"https:\\\/\\\/www.alzd.de\\\/en\\\/\",\"name\":\"Das Duft-Tagebuch\",\"description\":\"Das Parfumblog von Aus Liebe zum Duft\",\"publisher\":{\"@id\":\"https:\\\/\\\/www.alzd.de\\\/en\\\/#organization\"},\"potentialAction\":[{\"@type\":\"SearchAction\",\"target\":{\"@type\":\"EntryPoint\",\"urlTemplate\":\"https:\\\/\\\/www.alzd.de\\\/en\\\/?s={search_term_string}\"},\"query-input\":{\"@type\":\"PropertyValueSpecification\",\"valueRequired\":true,\"valueName\":\"search_term_string\"}}],\"inLanguage\":\"en-US\"},{\"@type\":\"Organization\",\"@id\":\"https:\\\/\\\/www.alzd.de\\\/en\\\/#organization\",\"name\":\"Das Duft-Tagebuch\",\"url\":\"https:\\\/\\\/www.alzd.de\\\/en\\\/\",\"logo\":{\"@type\":\"ImageObject\",\"inLanguage\":\"en-US\",\"@id\":\"https:\\\/\\\/www.alzd.de\\\/en\\\/#\\\/schema\\\/logo\\\/image\\\/\",\"url\":\"https:\\\/\\\/www.alzd.de\\\/wp-content\\\/2023\\\/08\\\/alzd_dufttagebuch.png\",\"contentUrl\":\"https:\\\/\\\/www.alzd.de\\\/wp-content\\\/2023\\\/08\\\/alzd_dufttagebuch.png\",\"width\":1804,\"height\":416,\"caption\":\"Das Duft-Tagebuch\"},\"image\":{\"@id\":\"https:\\\/\\\/www.alzd.de\\\/en\\\/#\\\/schema\\\/logo\\\/image\\\/\"},\"sameAs\":[\"https:\\\/\\\/www.facebook.com\\\/dufttagebuch\\\/\",\"https:\\\/\\\/x.com\\\/ausliebezumduft\",\"https:\\\/\\\/www.instagram.com\\\/ausliebezumduft.de\\\/\",\"https:\\\/\\\/www.youtube.com\\\/c\\\/ausliebezumduft\"]},{\"@type\":\"Person\",\"@id\":\"https:\\\/\\\/www.alzd.de\\\/en\\\/#\\\/schema\\\/person\\\/8efcd8f02447fdbe8f29ad465897d04e\",\"name\":\"Julia Bir\u00f3\",\"image\":{\"@type\":\"ImageObject\",\"inLanguage\":\"en-US\",\"@id\":\"https:\\\/\\\/www.alzd.de\\\/wp-content\\\/2018\\\/02\\\/cropped-cropped-mitarbeiterbilder_steffi--96x96.jpg\",\"url\":\"https:\\\/\\\/www.alzd.de\\\/wp-content\\\/2018\\\/02\\\/cropped-cropped-mitarbeiterbilder_steffi--96x96.jpg\",\"contentUrl\":\"https:\\\/\\\/www.alzd.de\\\/wp-content\\\/2018\\\/02\\\/cropped-cropped-mitarbeiterbilder_steffi--96x96.jpg\",\"caption\":\"Julia Bir\u00f3\"},\"description\":\"Bereits 2010 gingen so einige Blogbeitr\u00e4ge auf mein Konto. Dann war ich \u201ekurz\u201c weg \u2013 sechs Jahre. Umso mehr freut es mich, dass ich nun wieder die Chance bekomme, mein N\u00e4schen im Dienste der Duftrezension schnuppern zu lassen und eifrig in die Tasten zu hauen. Was Nischend\u00fcfte angeht, habe ich damals \u00fcbrigens schnell Feuer gefangen. Meine Ausbildung tat dazu ihr \u00dcbriges: Als diplomierte Biologin kenne ich mich nicht nur mit Fauna und Flora, sondern auch recht gut mit der Herstellung von \u00d6len und Extrakten aus, was den Reiz der Parfumwelt nat\u00fcrlich noch gr\u00f6\u00dfer macht.\",\"sameAs\":[\"https:\\\/\\\/biro.is\\\/\",\"https:\\\/\\\/www.facebook.com\\\/stephanie.tkaczik\"],\"url\":\"https:\\\/\\\/www.alzd.de\\\/en\\\/author\\\/stephanie\\\/\"}]}<\/script>\n<!-- \/ Yoast SEO plugin. -->","yoast_head_json":{"title":"Maison Matine Origine Collection Review \u2013 Part 2","description":"Discover Maison Matine Origine Collection in our review: Warni Warni, Esprit de Contradiction & Bain de Midi interpreted in a modern way.","robots":{"index":"index","follow":"follow","max-snippet":"max-snippet:-1","max-image-preview":"max-image-preview:large","max-video-preview":"max-video-preview:-1"},"canonical":"https:\/\/www.alzd.de\/en\/2025\/09\/12\/origine-collection-maison-matine-warni-warni-esprit-de-contradiction-bain-de-midi\/","og_locale":"en_US","og_type":"article","og_title":"Maison Matine Origine Collection Review \u2013 Part 2","og_url":"https:\/\/www.alzd.de\/en\/2025\/09\/12\/origine-collection-maison-matine-warni-warni-esprit-de-contradiction-bain-de-midi\/","og_site_name":"Das Duft-Tagebuch","article_publisher":"https:\/\/www.facebook.com\/dufttagebuch\/","article_author":"https:\/\/www.facebook.com\/stephanie.tkaczik","article_published_time":"2025-09-12T10:03:20+00:00","article_modified_time":"2025-09-12T10:35:54+00:00","og_image":[{"width":720,"height":400,"url":"https:\/\/www.alzd.de\/wp-content\/2025\/09\/bb_ALL-PERFUME_50ML-COLLECTION.jpg","type":"image\/jpeg"}],"author":"Julia Bir\u00f3","twitter_card":"summary_large_image","twitter_creator":"@ausliebezumduft","twitter_site":"@ausliebezumduft","schema":{"@context":"https:\/\/schema.org","@graph":[{"@type":"Article","@id":"https:\/\/www.alzd.de\/en\/2025\/09\/12\/origine-collection-maison-matine-warni-warni-esprit-de-contradiction-bain-de-midi\/#article","isPartOf":{"@id":"https:\/\/www.alzd.de\/en\/2025\/09\/12\/origine-collection-maison-matine-warni-warni-esprit-de-contradiction-bain-de-midi\/"},"author":{"name":"Julia Bir\u00f3","@id":"https:\/\/www.alzd.de\/en\/#\/schema\/person\/8efcd8f02447fdbe8f29ad465897d04e"},"headline":"Origine Collection by Maison Matine &#8211; Warni Warni, Esprit de Contradiction and Bain de Midi","datePublished":"2025-09-12T10:03:20+00:00","dateModified":"2025-09-12T10:35:54+00:00","mainEntityOfPage":{"@id":"https:\/\/www.alzd.de\/en\/2025\/09\/12\/origine-collection-maison-matine-warni-warni-esprit-de-contradiction-bain-de-midi\/"},"wordCount":977,"commentCount":0,"publisher":{"@id":"https:\/\/www.alzd.de\/en\/#organization"},"image":{"@id":"https:\/\/www.alzd.de\/en\/2025\/09\/12\/origine-collection-maison-matine-warni-warni-esprit-de-contradiction-bain-de-midi\/#primaryimage"},"thumbnailUrl":"https:\/\/www.alzd.de\/wp-content\/2025\/09\/bb_ALL-PERFUME_50ML-COLLECTION.jpg","keywords":["Christian Vermorel","Elise Benat","Maison Matine","Philippine Courti\u00e8re","Tiar\u00e9"],"articleSection":["Clean &amp; Powdery","Flowers","Fragrances","Hesperidian","Spicy","Woody"],"inLanguage":"en-US","potentialAction":[{"@type":"CommentAction","name":"Comment","target":["https:\/\/www.alzd.de\/en\/2025\/09\/12\/origine-collection-maison-matine-warni-warni-esprit-de-contradiction-bain-de-midi\/#respond"]}]},{"@type":"WebPage","@id":"https:\/\/www.alzd.de\/en\/2025\/09\/12\/origine-collection-maison-matine-warni-warni-esprit-de-contradiction-bain-de-midi\/","url":"https:\/\/www.alzd.de\/en\/2025\/09\/12\/origine-collection-maison-matine-warni-warni-esprit-de-contradiction-bain-de-midi\/","name":"Maison Matine Origine Collection Review \u2013 Part 2","isPartOf":{"@id":"https:\/\/www.alzd.de\/en\/#website"},"primaryImageOfPage":{"@id":"https:\/\/www.alzd.de\/en\/2025\/09\/12\/origine-collection-maison-matine-warni-warni-esprit-de-contradiction-bain-de-midi\/#primaryimage"},"image":{"@id":"https:\/\/www.alzd.de\/en\/2025\/09\/12\/origine-collection-maison-matine-warni-warni-esprit-de-contradiction-bain-de-midi\/#primaryimage"},"thumbnailUrl":"https:\/\/www.alzd.de\/wp-content\/2025\/09\/bb_ALL-PERFUME_50ML-COLLECTION.jpg","datePublished":"2025-09-12T10:03:20+00:00","dateModified":"2025-09-12T10:35:54+00:00","description":"Discover Maison Matine Origine Collection in our review: Warni Warni, Esprit de Contradiction & Bain de Midi interpreted in a modern way.","breadcrumb":{"@id":"https:\/\/www.alzd.de\/en\/2025\/09\/12\/origine-collection-maison-matine-warni-warni-esprit-de-contradiction-bain-de-midi\/#breadcrumb"},"inLanguage":"en-US","potentialAction":[{"@type":"ReadAction","target":["https:\/\/www.alzd.de\/en\/2025\/09\/12\/origine-collection-maison-matine-warni-warni-esprit-de-contradiction-bain-de-midi\/"]}]},{"@type":"ImageObject","inLanguage":"en-US","@id":"https:\/\/www.alzd.de\/en\/2025\/09\/12\/origine-collection-maison-matine-warni-warni-esprit-de-contradiction-bain-de-midi\/#primaryimage","url":"https:\/\/www.alzd.de\/wp-content\/2025\/09\/bb_ALL-PERFUME_50ML-COLLECTION.jpg","contentUrl":"https:\/\/www.alzd.de\/wp-content\/2025\/09\/bb_ALL-PERFUME_50ML-COLLECTION.jpg","width":720,"height":400},{"@type":"BreadcrumbList","@id":"https:\/\/www.alzd.de\/en\/2025\/09\/12\/origine-collection-maison-matine-warni-warni-esprit-de-contradiction-bain-de-midi\/#breadcrumb","itemListElement":[{"@type":"ListItem","position":1,"name":"Startseite","item":"https:\/\/www.alzd.de\/en\/"},{"@type":"ListItem","position":2,"name":"Origine Collection by Maison Matine &#8211; Warni Warni, Esprit de Contradiction and Bain de Midi"}]},{"@type":"WebSite","@id":"https:\/\/www.alzd.de\/en\/#website","url":"https:\/\/www.alzd.de\/en\/","name":"Das Duft-Tagebuch","description":"Das Parfumblog von Aus Liebe zum Duft","publisher":{"@id":"https:\/\/www.alzd.de\/en\/#organization"},"potentialAction":[{"@type":"SearchAction","target":{"@type":"EntryPoint","urlTemplate":"https:\/\/www.alzd.de\/en\/?s={search_term_string}"},"query-input":{"@type":"PropertyValueSpecification","valueRequired":true,"valueName":"search_term_string"}}],"inLanguage":"en-US"},{"@type":"Organization","@id":"https:\/\/www.alzd.de\/en\/#organization","name":"Das Duft-Tagebuch","url":"https:\/\/www.alzd.de\/en\/","logo":{"@type":"ImageObject","inLanguage":"en-US","@id":"https:\/\/www.alzd.de\/en\/#\/schema\/logo\/image\/","url":"https:\/\/www.alzd.de\/wp-content\/2023\/08\/alzd_dufttagebuch.png","contentUrl":"https:\/\/www.alzd.de\/wp-content\/2023\/08\/alzd_dufttagebuch.png","width":1804,"height":416,"caption":"Das Duft-Tagebuch"},"image":{"@id":"https:\/\/www.alzd.de\/en\/#\/schema\/logo\/image\/"},"sameAs":["https:\/\/www.facebook.com\/dufttagebuch\/","https:\/\/x.com\/ausliebezumduft","https:\/\/www.instagram.com\/ausliebezumduft.de\/","https:\/\/www.youtube.com\/c\/ausliebezumduft"]},{"@type":"Person","@id":"https:\/\/www.alzd.de\/en\/#\/schema\/person\/8efcd8f02447fdbe8f29ad465897d04e","name":"Julia Bir\u00f3","image":{"@type":"ImageObject","inLanguage":"en-US","@id":"https:\/\/www.alzd.de\/wp-content\/2018\/02\/cropped-cropped-mitarbeiterbilder_steffi--96x96.jpg","url":"https:\/\/www.alzd.de\/wp-content\/2018\/02\/cropped-cropped-mitarbeiterbilder_steffi--96x96.jpg","contentUrl":"https:\/\/www.alzd.de\/wp-content\/2018\/02\/cropped-cropped-mitarbeiterbilder_steffi--96x96.jpg","caption":"Julia Bir\u00f3"},"description":"Bereits 2010 gingen so einige Blogbeitr\u00e4ge auf mein Konto. Dann war ich \u201ekurz\u201c weg \u2013 sechs Jahre. Umso mehr freut es mich, dass ich nun wieder die Chance bekomme, mein N\u00e4schen im Dienste der Duftrezension schnuppern zu lassen und eifrig in die Tasten zu hauen. Was Nischend\u00fcfte angeht, habe ich damals \u00fcbrigens schnell Feuer gefangen. Meine Ausbildung tat dazu ihr \u00dcbriges: Als diplomierte Biologin kenne ich mich nicht nur mit Fauna und Flora, sondern auch recht gut mit der Herstellung von \u00d6len und Extrakten aus, was den Reiz der Parfumwelt nat\u00fcrlich noch gr\u00f6\u00dfer macht.","sameAs":["https:\/\/biro.is\/","https:\/\/www.facebook.com\/stephanie.tkaczik"],"url":"https:\/\/www.alzd.de\/en\/author\/stephanie\/"}]}},"wp-worthy-pixel":{"ignored":false,"public":null,"server":null,"url":null},"wp-worthy-type":"normal","_links":{"self":[{"href":"https:\/\/www.alzd.de\/en\/wp-json\/wp\/v2\/posts\/128066","targetHints":{"allow":["GET"]}}],"collection":[{"href":"https:\/\/www.alzd.de\/en\/wp-json\/wp\/v2\/posts"}],"about":[{"href":"https:\/\/www.alzd.de\/en\/wp-json\/wp\/v2\/types\/post"}],"author":[{"embeddable":true,"href":"https:\/\/www.alzd.de\/en\/wp-json\/wp\/v2\/users\/535"}],"replies":[{"embeddable":true,"href":"https:\/\/www.alzd.de\/en\/wp-json\/wp\/v2\/comments?post=128066"}],"version-history":[{"count":14,"href":"https:\/\/www.alzd.de\/en\/wp-json\/wp\/v2\/posts\/128066\/revisions"}],"predecessor-version":[{"id":128082,"href":"https:\/\/www.alzd.de\/en\/wp-json\/wp\/v2\/posts\/128066\/revisions\/128082"}],"wp:featuredmedia":[{"embeddable":true,"href":"https:\/\/www.alzd.de\/en\/wp-json\/wp\/v2\/media\/128065"}],"wp:attachment":[{"href":"https:\/\/www.alzd.de\/en\/wp-json\/wp\/v2\/media?parent=128066"}],"wp:term":[{"taxonomy":"category","embeddable":true,"href":"https:\/\/www.alzd.de\/en\/wp-json\/wp\/v2\/categories?post=128066"},{"taxonomy":"post_tag","embeddable":true,"href":"https:\/\/www.alzd.de\/en\/wp-json\/wp\/v2\/tags?post=128066"}],"curies":[{"name":"wp","href":"https:\/\/api.w.org\/{rel}","templated":true}]}}