{"id":126719,"date":"2025-07-23T06:30:00","date_gmt":"2025-07-23T04:30:00","guid":{"rendered":"https:\/\/www.alzd.de\/?p=126719"},"modified":"2025-07-22T14:49:28","modified_gmt":"2025-07-22T12:49:28","slug":"interview-with-mirella-pomina-the-perfumer-behind-eau-desire-by-gravel","status":"publish","type":"post","link":"https:\/\/www.alzd.de\/en\/2025\/07\/23\/interview-with-mirella-pomina-the-perfumer-behind-eau-desire-by-gravel\/","title":{"rendered":"Interview with Mirella Pomina: The perfumer behind Eau D&#8217;Esire by Gravel"},"content":{"rendered":"\n<p>The new Transcendence Collection from <a href=\"https:\/\/ausliebezumduft.de\/collections\/gravel\" target=\"_blank\" rel=\"noreferrer noopener\">Gravel<\/a> with the four extraits de parfum <a href=\"https:\/\/ausliebezumduft.de\/collections\/dufte\/products\/gravel-eau-dominance\" target=\"_blank\" rel=\"noreferrer noopener\">Eau D&#8217;Ominance<\/a>, <a href=\"https:\/\/ausliebezumduft.de\/collections\/gravel\/products\/gravel-eau-daspiration\" target=\"_blank\" rel=\"noreferrer noopener\">Eau D&#8217;Aspiration<\/a>, <a href=\"https:\/\/ausliebezumduft.de\/collections\/gravel\/products\/gravel-eau-desire\" target=\"_blank\" rel=\"noreferrer noopener\">Eau D&#8217;Esire<\/a> and <a href=\"https:\/\/ausliebezumduft.de\/collections\/gravel\/products\/gravel-eau-devolution\" target=\"_blank\" rel=\"noreferrer noopener\">Eau D&#8217;Evolution<\/a> is the topic of this week&#8217;s fragrance blog. In my last posts, I have already talked in detail about the collection and its significance for the traditional brand: a change of direction that &#8211; after the careful restoration of the brand and the classics from the Michael Knudsen era &#8211; seemed only logical. One thing was clear: a new chapter had to be opened at some point. The four fragrances mentioned above mark this transition. They were created in collaboration with renowned perfumers from LUZI, a Swiss fragrance manufacturer. The two articles <a href=\"https:\/\/www.alzd.de\/en\/2025\/07\/21\/the-new-transcendence-collection-from-gravel-interview-with-david-chieze\/\">The new Transcendence Collection by Gravel &#8211; David Chieze in an interview<\/a> and <a href=\"https:\/\/www.alzd.de\/en\/2025\/07\/22\/eau-dominance-by-gravel-the-essence-of-strength\/\">Eau D&#8217;Ominance by Gravel &#8211; The essence of strength<\/a> already give you a good overview of the Gravel fragrance house, the Transcendence Collection and the first fragrance Eau D&#8217;Ominance.     <\/p>\n\n\n\n<p>Today we turn our attention to Mirella Pomina, who created the extrait de parfum Eau D&#8217;Esire for Gravel. The perfumer is known for her finely balanced, often multi-layered compositions. In our interview, she talks about olfactory childhood memories and the creative process behind Eau D&#8217;Esire &#8211; a fragrance that revolves around desire.  <\/p>\n\n\n<div class=\"wp-block-image\">\n<figure class=\"aligncenter size-large\"><img decoding=\"async\" width=\"810\" height=\"1080\" src=\"https:\/\/www.alzd.de\/wp-content\/2025\/07\/Mirella--810x1080.jpg\" alt=\"MIrella Pomina with Eau D'Esire by Gravel\" class=\"wp-image-126697\" title=\"MIrella Pomina with Eau D'Esire by Gravel\" srcset=\"https:\/\/www.alzd.de\/wp-content\/2025\/07\/Mirella--810x1080.jpg 810w, https:\/\/www.alzd.de\/wp-content\/2025\/07\/Mirella--540x720.jpg 540w, https:\/\/www.alzd.de\/wp-content\/2025\/07\/Mirella--270x360.jpg 270w, https:\/\/www.alzd.de\/wp-content\/2025\/07\/Mirella--768x1024.jpg 768w, https:\/\/www.alzd.de\/wp-content\/2025\/07\/Mirella--1152x1536.jpg 1152w, https:\/\/www.alzd.de\/wp-content\/2025\/07\/Mirella-.jpg 1200w\" sizes=\"(max-width: 810px) 100vw, 810px\" \/><figcaption class=\"wp-element-caption\">MIrella Pomina with Eau D&#8217;Esire by Gravel<\/figcaption><\/figure>\n<\/div>\n\n\n<p>Dear Mirella, could you tell us a little about yourself and how you found your way into the world of perfumery?<\/p>\n\n\n\n<blockquote class=\"wp-block-quote is-layout-flow wp-block-quote-is-layout-flow\">\n<p>I\u2019ve always been fascinated by the world of plants &#8211; the scent of crushed leaves between my fingers, the spicy aroma of dried herbs, the blooming flowers in my garden. For me, these were little olfactory stories told by nature. Eventually, I found my way into perfumery through a small Swiss cosmetics manufacturer and began my journey as a trainee at LUZI.<\/p>\n<\/blockquote>\n\n\n\n<p>What inspires you \u2013 both in life and in your creative work as a perfumer?<\/p>\n\n\n\n<blockquote class=\"wp-block-quote is-layout-flow wp-block-quote-is-layout-flow\">\n<p>Inspiration can come from anywhere: travel, foreign cultures, a walk in the woods, or a flower market where all the scents mix in a beautiful chaotic way. At the same time, I am often deeply moved and inspired by people and their diversity and expressiveness.<\/p>\n<\/blockquote>\n\n\n\n<p>What was the creative process behind Eau D&#8217;Esire like? Where did it all begin for you?<\/p>\n\n\n\n<blockquote class=\"wp-block-quote is-layout-flow wp-block-quote-is-layout-flow\">\n<p>For me, the creative process is always a blend of art, chemistry, and storytelling. We worked with a mood board \u2013 filled with colors, images, and words to bring the concept to life. Together with our fragrance design manager, we developed the idea for Eau D&#8217;Esire step by step.<\/p>\n<\/blockquote>\n\n\n\n<p>What fascinated you about the concept of Eau D\u2019Esire &#8211; a fragrance designed to capture desire?<\/p>\n\n\n\n<blockquote class=\"wp-block-quote is-layout-flow wp-block-quote-is-layout-flow\">\n<p>Desire is one of the most powerful human drives. It&#8217;s such a complex feeling &#8211; sweet and bitter, wild and tender. I was immediately fascinated by its depth. I wanted to create something that mirrored this duality &#8211; a kind of emotional landscape.<\/p>\n<\/blockquote>\n\n\n<div class=\"wp-block-image\">\n<figure class=\"aligncenter size-large\"><img decoding=\"async\" width=\"864\" height=\"1080\" src=\"https:\/\/www.alzd.de\/wp-content\/2025\/07\/GRAVEL_EAU_D_ESIRE-864x1080.jpg\" alt=\"Gravel - Eau D'Esire\" class=\"wp-image-126701\" title=\"Gravel - Eau D'Esire\" srcset=\"https:\/\/www.alzd.de\/wp-content\/2025\/07\/GRAVEL_EAU_D_ESIRE-864x1080.jpg 864w, https:\/\/www.alzd.de\/wp-content\/2025\/07\/GRAVEL_EAU_D_ESIRE-576x720.jpg 576w, https:\/\/www.alzd.de\/wp-content\/2025\/07\/GRAVEL_EAU_D_ESIRE-288x360.jpg 288w, https:\/\/www.alzd.de\/wp-content\/2025\/07\/GRAVEL_EAU_D_ESIRE-768x960.jpg 768w, https:\/\/www.alzd.de\/wp-content\/2025\/07\/GRAVEL_EAU_D_ESIRE-1229x1536.jpg 1229w, https:\/\/www.alzd.de\/wp-content\/2025\/07\/GRAVEL_EAU_D_ESIRE-1638x2048.jpg 1638w, https:\/\/www.alzd.de\/wp-content\/2025\/07\/GRAVEL_EAU_D_ESIRE-scaled.jpg 2048w\" sizes=\"(max-width: 864px) 100vw, 864px\" \/><\/figure>\n<\/div>\n\n\n<p>And which raw materials best embody desire for you?<\/p>\n\n\n\n<blockquote class=\"wp-block-quote is-layout-flow wp-block-quote-is-layout-flow\">\n<p>There\u2019s no a single ingredient that smells purely of desire, but some materials carry that emotional tone strongly. Iris, for instance &#8211; powdery, cool, and elegant &#8211; has a certain untouchable melancholy. Frankincense and myrrh evoke a spiritual, meditative aura &#8211; like gazing into the distance. And then there\u2019s labdanum &#8211; warm, resinous, slightly animalic &#8211; like a memory of intimacy that has passed.<\/p>\n<\/blockquote>\n\n\n\n<p>Was there a specific image or scene that guided you during the creation?<\/p>\n\n\n\n<blockquote class=\"wp-block-quote is-layout-flow wp-block-quote-is-layout-flow\">\n<p>This scent conjures the image of a crisp morning, serene and full of promise. My gaze drifts across the sea &#8211; calm, full of promise, yet filled with yearning for the warmth of the coming summer day. The fragrance captures this interplay: between elegance and passion, cool clarity and exotic depth. It\u2019s a dance of contrasts, carried by emotion and memory.<\/p>\n<\/blockquote>\n\n\n\n<p>How would you describe Eau D&#8217;Esire in your own words?<\/p>\n\n\n\n<blockquote class=\"wp-block-quote is-layout-flow wp-block-quote-is-layout-flow\">\n<p>To me, it feels like a wide open land under a quiet horizon. It has a cool, clear structure &#8211; almost mineral, like a vast sky. At the same time, it\u2019s modern but grounded. Elegant, but never slick. It\u2019s a fragrance that moves between intimacy and distance &#8211; and that\u2019s exactly what makes it so fascinating.<\/p>\n<\/blockquote>\n\n\n\n<p>What makes Eau D&#8217;Esire special to you personally?<\/p>\n\n\n\n<blockquote class=\"wp-block-quote is-layout-flow wp-block-quote-is-layout-flow\">\n<p>The balance &#8211; between emotional depth and futuristic clarity. The fragrance shifts perspectives and remains adaptable, like an inner dialogue that is never fully resolved.<\/p>\n\n\n\n<p>\u201cThis creation is built on olfactive contrasts &#8211; warmth and cold, past and future, classic elegance with a touch of lightness. I imagined a traveler between worlds, carrying fragments of both.\u201d<\/p>\n<\/blockquote>\n\n\n<div class=\"wp-block-image\">\n<figure class=\"aligncenter size-large\"><img decoding=\"async\" width=\"1080\" height=\"1080\" src=\"https:\/\/www.alzd.de\/wp-content\/2025\/07\/2_eau_d_esire_20250511-1080x1080.jpg\" alt=\"\" class=\"wp-image-126707\" srcset=\"https:\/\/www.alzd.de\/wp-content\/2025\/07\/2_eau_d_esire_20250511-1080x1080.jpg 1080w, https:\/\/www.alzd.de\/wp-content\/2025\/07\/2_eau_d_esire_20250511-720x720.jpg 720w, https:\/\/www.alzd.de\/wp-content\/2025\/07\/2_eau_d_esire_20250511-360x360.jpg 360w, https:\/\/www.alzd.de\/wp-content\/2025\/07\/2_eau_d_esire_20250511-768x768.jpg 768w, https:\/\/www.alzd.de\/wp-content\/2025\/07\/2_eau_d_esire_20250511-1536x1536.jpg 1536w, https:\/\/www.alzd.de\/wp-content\/2025\/07\/2_eau_d_esire_20250511.jpg 1600w\" sizes=\"(max-width: 1080px) 100vw, 1080px\" \/><\/figure>\n<\/div>\n\n\n<p>What kind of atmosphere does the fragrance evoke &#8211; and what do you hope people feel when they wear it?<\/p>\n\n\n\n<blockquote class=\"wp-block-quote is-layout-flow wp-block-quote-is-layout-flow\">\n<p>I believe it creates a sense of cool clarity touched by sensual warmth. It evolves, it changes with the wearer &#8211; like a journey. My hope is that people who wear Eau D&#8217;Esire will feel unique. That they feel their own memories and possibilities on their skin.<\/p>\n<\/blockquote>\n\n\n\n<p>Finally &#8211; how do you see the future of perfumery?<\/p>\n\n\n\n<blockquote class=\"wp-block-quote is-layout-flow wp-block-quote-is-layout-flow\">\n<p>We\u2019re at a turning point &#8211; technologically, creatively, and emotionally. Today\u2019s consumers want to know what they\u2019re wearing. Issues such as sourcing, sustainability, and ethics are gaining importance. Upcycled ingredients, biotech molecules, and transparent declarations are becoming key. Perfumery is transforming into a form of artistic expression. We\u2019ll see more limited editions, collaborations, and experimental formats &#8211; including installations, exhibitions, and even virtual reality experiences.<\/p>\n<\/blockquote>\n\n\n\n<p>Do you have a tip for anyone searching for a new fragrance?<\/p>\n\n\n\n<blockquote class=\"wp-block-quote is-layout-flow wp-block-quote-is-layout-flow\">\n<p>Take your time. Wear the scent for a few hours. Then ask yourself: What do I need right now? Courage? Comfort? Clarity? Fragrances can help us connect with something that resonates within &#8211; or with something we may be missing.<\/p>\n<\/blockquote>\n\n\n\n<p>Dear Mirella, thank you very much for taking the time to answer my questions.<\/p>\n\n\n\n<div class=\"wp-block-buttons is-content-justification-center is-layout-flex wp-container-core-buttons-is-layout-16018d1d wp-block-buttons-is-layout-flex\">\n<div class=\"wp-block-button has-custom-width wp-block-button__width-50\"><a class=\"wp-block-button__link has-white-color has-text-color has-background has-link-color wp-element-button\" href=\"https:\/\/ausliebezumduft.de\/collections\/gravel\/products\/gravel-eau-desire\" style=\"background-color:#07144b\" target=\"_blank\" rel=\"noreferrer noopener\"><strong>Eau D&#8217;Esire<\/strong><\/a><\/div>\n<\/div>\n","protected":false},"excerpt":{"rendered":"<p>The new Transcendence Collection from Gravel with the four extraits de parfum Eau D&#8217;Ominance, Eau D&#8217;Aspiration, Eau D&#8217;Esire and Eau D&#8217;Evolution is the topic of this week&#8217;s fragrance&#8230;<\/p>\n<div class=\"more-link-wrapper\"><a class=\"more-link\" href=\"https:\/\/www.alzd.de\/en\/2025\/07\/23\/interview-with-mirella-pomina-the-perfumer-behind-eau-desire-by-gravel\/\">WEITERLESEN<span class=\"screen-reader-text\">Interview with Mirella Pomina: The perfumer behind Eau D&#8217;Esire by Gravel<\/span><\/a><\/div>\n","protected":false},"author":535,"featured_media":126718,"comment_status":"open","ping_status":"closed","sticky":false,"template":"","format":"standard","meta":{"footnotes":""},"categories":[1119,1137,1166],"tags":[1485,1532,2125],"class_list":["post-126719","post","type-post","status-publish","format-standard","has-post-thumbnail","hentry","category-general","category-interview-en","category-useful-information","tag-gravel-en","tag-interviews-en","tag-mirella-pomina-en","excerpt","zoom","full-without-featured","even","excerpt-0"],"yoast_head":"<!-- This site is optimized with the Yoast SEO plugin v27.4 - https:\/\/yoast.com\/product\/yoast-seo-wordpress\/ -->\n<title>Interview Mirella Pomina: The perfumer behind Eau D&#039;Esire by Gravel<\/title>\n<meta name=\"description\" content=\"Perfumer Mirella Pomina in an interview about Eau D&#039;Esire - an extrait de parfum from Gravel&#039;s Transcendence Collection.\" \/>\n<meta name=\"robots\" content=\"index, follow, max-snippet:-1, max-image-preview:large, max-video-preview:-1\" \/>\n<link rel=\"canonical\" href=\"https:\/\/www.alzd.de\/en\/2025\/07\/23\/interview-with-mirella-pomina-the-perfumer-behind-eau-desire-by-gravel\/\" \/>\n<meta property=\"og:locale\" content=\"en_US\" \/>\n<meta property=\"og:type\" content=\"article\" \/>\n<meta property=\"og:title\" content=\"Interview Mirella Pomina: The perfumer behind Eau D&#039;Esire by Gravel\" \/>\n<meta property=\"og:url\" content=\"https:\/\/www.alzd.de\/en\/2025\/07\/23\/interview-with-mirella-pomina-the-perfumer-behind-eau-desire-by-gravel\/\" \/>\n<meta property=\"og:site_name\" content=\"Das Duft-Tagebuch\" \/>\n<meta property=\"article:publisher\" content=\"https:\/\/www.facebook.com\/dufttagebuch\/\" \/>\n<meta property=\"article:author\" content=\"https:\/\/www.facebook.com\/stephanie.tkaczik\" \/>\n<meta property=\"article:published_time\" content=\"2025-07-23T04:30:00+00:00\" \/>\n<meta property=\"og:image\" content=\"https:\/\/www.alzd.de\/wp-content\/2025\/07\/bbMirella_Pomina-1.jpg\" \/>\n\t<meta property=\"og:image:width\" content=\"720\" \/>\n\t<meta property=\"og:image:height\" content=\"400\" \/>\n\t<meta property=\"og:image:type\" content=\"image\/jpeg\" \/>\n<meta name=\"author\" content=\"Julia Bir\u00f3\" \/>\n<meta name=\"twitter:card\" content=\"summary_large_image\" \/>\n<meta name=\"twitter:creator\" content=\"@ausliebezumduft\" \/>\n<meta name=\"twitter:site\" content=\"@ausliebezumduft\" \/>\n<script type=\"application\/ld+json\" class=\"yoast-schema-graph\">{\"@context\":\"https:\\\/\\\/schema.org\",\"@graph\":[{\"@type\":\"Article\",\"@id\":\"https:\\\/\\\/www.alzd.de\\\/en\\\/2025\\\/07\\\/23\\\/interview-with-mirella-pomina-the-perfumer-behind-eau-desire-by-gravel\\\/#article\",\"isPartOf\":{\"@id\":\"https:\\\/\\\/www.alzd.de\\\/en\\\/2025\\\/07\\\/23\\\/interview-with-mirella-pomina-the-perfumer-behind-eau-desire-by-gravel\\\/\"},\"author\":{\"name\":\"Julia Bir\u00f3\",\"@id\":\"https:\\\/\\\/www.alzd.de\\\/en\\\/#\\\/schema\\\/person\\\/8efcd8f02447fdbe8f29ad465897d04e\"},\"headline\":\"Interview with Mirella Pomina: The perfumer behind Eau D&#8217;Esire by Gravel\",\"datePublished\":\"2025-07-23T04:30:00+00:00\",\"mainEntityOfPage\":{\"@id\":\"https:\\\/\\\/www.alzd.de\\\/en\\\/2025\\\/07\\\/23\\\/interview-with-mirella-pomina-the-perfumer-behind-eau-desire-by-gravel\\\/\"},\"wordCount\":1007,\"commentCount\":0,\"publisher\":{\"@id\":\"https:\\\/\\\/www.alzd.de\\\/en\\\/#organization\"},\"image\":{\"@id\":\"https:\\\/\\\/www.alzd.de\\\/en\\\/2025\\\/07\\\/23\\\/interview-with-mirella-pomina-the-perfumer-behind-eau-desire-by-gravel\\\/#primaryimage\"},\"thumbnailUrl\":\"https:\\\/\\\/www.alzd.de\\\/wp-content\\\/2025\\\/07\\\/bbMirella_Pomina-1.jpg\",\"keywords\":[\"Gravel\",\"Interviews\",\"Mirella Pomina\"],\"articleSection\":[\"General\",\"Interview\",\"Useful Information\"],\"inLanguage\":\"en-US\",\"potentialAction\":[{\"@type\":\"CommentAction\",\"name\":\"Comment\",\"target\":[\"https:\\\/\\\/www.alzd.de\\\/en\\\/2025\\\/07\\\/23\\\/interview-with-mirella-pomina-the-perfumer-behind-eau-desire-by-gravel\\\/#respond\"]}]},{\"@type\":\"WebPage\",\"@id\":\"https:\\\/\\\/www.alzd.de\\\/en\\\/2025\\\/07\\\/23\\\/interview-with-mirella-pomina-the-perfumer-behind-eau-desire-by-gravel\\\/\",\"url\":\"https:\\\/\\\/www.alzd.de\\\/en\\\/2025\\\/07\\\/23\\\/interview-with-mirella-pomina-the-perfumer-behind-eau-desire-by-gravel\\\/\",\"name\":\"Interview Mirella Pomina: The perfumer behind Eau D'Esire by Gravel\",\"isPartOf\":{\"@id\":\"https:\\\/\\\/www.alzd.de\\\/en\\\/#website\"},\"primaryImageOfPage\":{\"@id\":\"https:\\\/\\\/www.alzd.de\\\/en\\\/2025\\\/07\\\/23\\\/interview-with-mirella-pomina-the-perfumer-behind-eau-desire-by-gravel\\\/#primaryimage\"},\"image\":{\"@id\":\"https:\\\/\\\/www.alzd.de\\\/en\\\/2025\\\/07\\\/23\\\/interview-with-mirella-pomina-the-perfumer-behind-eau-desire-by-gravel\\\/#primaryimage\"},\"thumbnailUrl\":\"https:\\\/\\\/www.alzd.de\\\/wp-content\\\/2025\\\/07\\\/bbMirella_Pomina-1.jpg\",\"datePublished\":\"2025-07-23T04:30:00+00:00\",\"description\":\"Perfumer Mirella Pomina in an interview about Eau D'Esire - an extrait de parfum from Gravel's Transcendence Collection.\",\"breadcrumb\":{\"@id\":\"https:\\\/\\\/www.alzd.de\\\/en\\\/2025\\\/07\\\/23\\\/interview-with-mirella-pomina-the-perfumer-behind-eau-desire-by-gravel\\\/#breadcrumb\"},\"inLanguage\":\"en-US\",\"potentialAction\":[{\"@type\":\"ReadAction\",\"target\":[\"https:\\\/\\\/www.alzd.de\\\/en\\\/2025\\\/07\\\/23\\\/interview-with-mirella-pomina-the-perfumer-behind-eau-desire-by-gravel\\\/\"]}]},{\"@type\":\"ImageObject\",\"inLanguage\":\"en-US\",\"@id\":\"https:\\\/\\\/www.alzd.de\\\/en\\\/2025\\\/07\\\/23\\\/interview-with-mirella-pomina-the-perfumer-behind-eau-desire-by-gravel\\\/#primaryimage\",\"url\":\"https:\\\/\\\/www.alzd.de\\\/wp-content\\\/2025\\\/07\\\/bbMirella_Pomina-1.jpg\",\"contentUrl\":\"https:\\\/\\\/www.alzd.de\\\/wp-content\\\/2025\\\/07\\\/bbMirella_Pomina-1.jpg\",\"width\":720,\"height\":400},{\"@type\":\"BreadcrumbList\",\"@id\":\"https:\\\/\\\/www.alzd.de\\\/en\\\/2025\\\/07\\\/23\\\/interview-with-mirella-pomina-the-perfumer-behind-eau-desire-by-gravel\\\/#breadcrumb\",\"itemListElement\":[{\"@type\":\"ListItem\",\"position\":1,\"name\":\"Startseite\",\"item\":\"https:\\\/\\\/www.alzd.de\\\/en\\\/\"},{\"@type\":\"ListItem\",\"position\":2,\"name\":\"Interview with Mirella Pomina: The perfumer behind Eau D&#8217;Esire by Gravel\"}]},{\"@type\":\"WebSite\",\"@id\":\"https:\\\/\\\/www.alzd.de\\\/en\\\/#website\",\"url\":\"https:\\\/\\\/www.alzd.de\\\/en\\\/\",\"name\":\"Das Duft-Tagebuch\",\"description\":\"Das Parfumblog von Aus Liebe zum Duft\",\"publisher\":{\"@id\":\"https:\\\/\\\/www.alzd.de\\\/en\\\/#organization\"},\"potentialAction\":[{\"@type\":\"SearchAction\",\"target\":{\"@type\":\"EntryPoint\",\"urlTemplate\":\"https:\\\/\\\/www.alzd.de\\\/en\\\/?s={search_term_string}\"},\"query-input\":{\"@type\":\"PropertyValueSpecification\",\"valueRequired\":true,\"valueName\":\"search_term_string\"}}],\"inLanguage\":\"en-US\"},{\"@type\":\"Organization\",\"@id\":\"https:\\\/\\\/www.alzd.de\\\/en\\\/#organization\",\"name\":\"Das Duft-Tagebuch\",\"url\":\"https:\\\/\\\/www.alzd.de\\\/en\\\/\",\"logo\":{\"@type\":\"ImageObject\",\"inLanguage\":\"en-US\",\"@id\":\"https:\\\/\\\/www.alzd.de\\\/en\\\/#\\\/schema\\\/logo\\\/image\\\/\",\"url\":\"https:\\\/\\\/www.alzd.de\\\/wp-content\\\/2023\\\/08\\\/alzd_dufttagebuch.png\",\"contentUrl\":\"https:\\\/\\\/www.alzd.de\\\/wp-content\\\/2023\\\/08\\\/alzd_dufttagebuch.png\",\"width\":1804,\"height\":416,\"caption\":\"Das Duft-Tagebuch\"},\"image\":{\"@id\":\"https:\\\/\\\/www.alzd.de\\\/en\\\/#\\\/schema\\\/logo\\\/image\\\/\"},\"sameAs\":[\"https:\\\/\\\/www.facebook.com\\\/dufttagebuch\\\/\",\"https:\\\/\\\/x.com\\\/ausliebezumduft\",\"https:\\\/\\\/www.instagram.com\\\/ausliebezumduft.de\\\/\",\"https:\\\/\\\/www.youtube.com\\\/c\\\/ausliebezumduft\"]},{\"@type\":\"Person\",\"@id\":\"https:\\\/\\\/www.alzd.de\\\/en\\\/#\\\/schema\\\/person\\\/8efcd8f02447fdbe8f29ad465897d04e\",\"name\":\"Julia Bir\u00f3\",\"image\":{\"@type\":\"ImageObject\",\"inLanguage\":\"en-US\",\"@id\":\"https:\\\/\\\/www.alzd.de\\\/wp-content\\\/2018\\\/02\\\/cropped-cropped-mitarbeiterbilder_steffi--96x96.jpg\",\"url\":\"https:\\\/\\\/www.alzd.de\\\/wp-content\\\/2018\\\/02\\\/cropped-cropped-mitarbeiterbilder_steffi--96x96.jpg\",\"contentUrl\":\"https:\\\/\\\/www.alzd.de\\\/wp-content\\\/2018\\\/02\\\/cropped-cropped-mitarbeiterbilder_steffi--96x96.jpg\",\"caption\":\"Julia Bir\u00f3\"},\"description\":\"Bereits 2010 gingen so einige Blogbeitr\u00e4ge auf mein Konto. Dann war ich \u201ekurz\u201c weg \u2013 sechs Jahre. Umso mehr freut es mich, dass ich nun wieder die Chance bekomme, mein N\u00e4schen im Dienste der Duftrezension schnuppern zu lassen und eifrig in die Tasten zu hauen. Was Nischend\u00fcfte angeht, habe ich damals \u00fcbrigens schnell Feuer gefangen. Meine Ausbildung tat dazu ihr \u00dcbriges: Als diplomierte Biologin kenne ich mich nicht nur mit Fauna und Flora, sondern auch recht gut mit der Herstellung von \u00d6len und Extrakten aus, was den Reiz der Parfumwelt nat\u00fcrlich noch gr\u00f6\u00dfer macht.\",\"sameAs\":[\"https:\\\/\\\/biro.is\\\/\",\"https:\\\/\\\/www.facebook.com\\\/stephanie.tkaczik\"],\"url\":\"https:\\\/\\\/www.alzd.de\\\/en\\\/author\\\/stephanie\\\/\"}]}<\/script>\n<!-- \/ Yoast SEO plugin. -->","yoast_head_json":{"title":"Interview Mirella Pomina: The perfumer behind Eau D'Esire by Gravel","description":"Perfumer Mirella Pomina in an interview about Eau D'Esire - an extrait de parfum from Gravel's Transcendence Collection.","robots":{"index":"index","follow":"follow","max-snippet":"max-snippet:-1","max-image-preview":"max-image-preview:large","max-video-preview":"max-video-preview:-1"},"canonical":"https:\/\/www.alzd.de\/en\/2025\/07\/23\/interview-with-mirella-pomina-the-perfumer-behind-eau-desire-by-gravel\/","og_locale":"en_US","og_type":"article","og_title":"Interview Mirella Pomina: The perfumer behind Eau D'Esire by Gravel","og_url":"https:\/\/www.alzd.de\/en\/2025\/07\/23\/interview-with-mirella-pomina-the-perfumer-behind-eau-desire-by-gravel\/","og_site_name":"Das Duft-Tagebuch","article_publisher":"https:\/\/www.facebook.com\/dufttagebuch\/","article_author":"https:\/\/www.facebook.com\/stephanie.tkaczik","article_published_time":"2025-07-23T04:30:00+00:00","og_image":[{"width":720,"height":400,"url":"https:\/\/www.alzd.de\/wp-content\/2025\/07\/bbMirella_Pomina-1.jpg","type":"image\/jpeg"}],"author":"Julia Bir\u00f3","twitter_card":"summary_large_image","twitter_creator":"@ausliebezumduft","twitter_site":"@ausliebezumduft","schema":{"@context":"https:\/\/schema.org","@graph":[{"@type":"Article","@id":"https:\/\/www.alzd.de\/en\/2025\/07\/23\/interview-with-mirella-pomina-the-perfumer-behind-eau-desire-by-gravel\/#article","isPartOf":{"@id":"https:\/\/www.alzd.de\/en\/2025\/07\/23\/interview-with-mirella-pomina-the-perfumer-behind-eau-desire-by-gravel\/"},"author":{"name":"Julia Bir\u00f3","@id":"https:\/\/www.alzd.de\/en\/#\/schema\/person\/8efcd8f02447fdbe8f29ad465897d04e"},"headline":"Interview with Mirella Pomina: The perfumer behind Eau D&#8217;Esire by Gravel","datePublished":"2025-07-23T04:30:00+00:00","mainEntityOfPage":{"@id":"https:\/\/www.alzd.de\/en\/2025\/07\/23\/interview-with-mirella-pomina-the-perfumer-behind-eau-desire-by-gravel\/"},"wordCount":1007,"commentCount":0,"publisher":{"@id":"https:\/\/www.alzd.de\/en\/#organization"},"image":{"@id":"https:\/\/www.alzd.de\/en\/2025\/07\/23\/interview-with-mirella-pomina-the-perfumer-behind-eau-desire-by-gravel\/#primaryimage"},"thumbnailUrl":"https:\/\/www.alzd.de\/wp-content\/2025\/07\/bbMirella_Pomina-1.jpg","keywords":["Gravel","Interviews","Mirella Pomina"],"articleSection":["General","Interview","Useful Information"],"inLanguage":"en-US","potentialAction":[{"@type":"CommentAction","name":"Comment","target":["https:\/\/www.alzd.de\/en\/2025\/07\/23\/interview-with-mirella-pomina-the-perfumer-behind-eau-desire-by-gravel\/#respond"]}]},{"@type":"WebPage","@id":"https:\/\/www.alzd.de\/en\/2025\/07\/23\/interview-with-mirella-pomina-the-perfumer-behind-eau-desire-by-gravel\/","url":"https:\/\/www.alzd.de\/en\/2025\/07\/23\/interview-with-mirella-pomina-the-perfumer-behind-eau-desire-by-gravel\/","name":"Interview Mirella Pomina: The perfumer behind Eau D'Esire by Gravel","isPartOf":{"@id":"https:\/\/www.alzd.de\/en\/#website"},"primaryImageOfPage":{"@id":"https:\/\/www.alzd.de\/en\/2025\/07\/23\/interview-with-mirella-pomina-the-perfumer-behind-eau-desire-by-gravel\/#primaryimage"},"image":{"@id":"https:\/\/www.alzd.de\/en\/2025\/07\/23\/interview-with-mirella-pomina-the-perfumer-behind-eau-desire-by-gravel\/#primaryimage"},"thumbnailUrl":"https:\/\/www.alzd.de\/wp-content\/2025\/07\/bbMirella_Pomina-1.jpg","datePublished":"2025-07-23T04:30:00+00:00","description":"Perfumer Mirella Pomina in an interview about Eau D'Esire - an extrait de parfum from Gravel's Transcendence Collection.","breadcrumb":{"@id":"https:\/\/www.alzd.de\/en\/2025\/07\/23\/interview-with-mirella-pomina-the-perfumer-behind-eau-desire-by-gravel\/#breadcrumb"},"inLanguage":"en-US","potentialAction":[{"@type":"ReadAction","target":["https:\/\/www.alzd.de\/en\/2025\/07\/23\/interview-with-mirella-pomina-the-perfumer-behind-eau-desire-by-gravel\/"]}]},{"@type":"ImageObject","inLanguage":"en-US","@id":"https:\/\/www.alzd.de\/en\/2025\/07\/23\/interview-with-mirella-pomina-the-perfumer-behind-eau-desire-by-gravel\/#primaryimage","url":"https:\/\/www.alzd.de\/wp-content\/2025\/07\/bbMirella_Pomina-1.jpg","contentUrl":"https:\/\/www.alzd.de\/wp-content\/2025\/07\/bbMirella_Pomina-1.jpg","width":720,"height":400},{"@type":"BreadcrumbList","@id":"https:\/\/www.alzd.de\/en\/2025\/07\/23\/interview-with-mirella-pomina-the-perfumer-behind-eau-desire-by-gravel\/#breadcrumb","itemListElement":[{"@type":"ListItem","position":1,"name":"Startseite","item":"https:\/\/www.alzd.de\/en\/"},{"@type":"ListItem","position":2,"name":"Interview with Mirella Pomina: The perfumer behind Eau D&#8217;Esire by Gravel"}]},{"@type":"WebSite","@id":"https:\/\/www.alzd.de\/en\/#website","url":"https:\/\/www.alzd.de\/en\/","name":"Das Duft-Tagebuch","description":"Das Parfumblog von Aus Liebe zum Duft","publisher":{"@id":"https:\/\/www.alzd.de\/en\/#organization"},"potentialAction":[{"@type":"SearchAction","target":{"@type":"EntryPoint","urlTemplate":"https:\/\/www.alzd.de\/en\/?s={search_term_string}"},"query-input":{"@type":"PropertyValueSpecification","valueRequired":true,"valueName":"search_term_string"}}],"inLanguage":"en-US"},{"@type":"Organization","@id":"https:\/\/www.alzd.de\/en\/#organization","name":"Das Duft-Tagebuch","url":"https:\/\/www.alzd.de\/en\/","logo":{"@type":"ImageObject","inLanguage":"en-US","@id":"https:\/\/www.alzd.de\/en\/#\/schema\/logo\/image\/","url":"https:\/\/www.alzd.de\/wp-content\/2023\/08\/alzd_dufttagebuch.png","contentUrl":"https:\/\/www.alzd.de\/wp-content\/2023\/08\/alzd_dufttagebuch.png","width":1804,"height":416,"caption":"Das Duft-Tagebuch"},"image":{"@id":"https:\/\/www.alzd.de\/en\/#\/schema\/logo\/image\/"},"sameAs":["https:\/\/www.facebook.com\/dufttagebuch\/","https:\/\/x.com\/ausliebezumduft","https:\/\/www.instagram.com\/ausliebezumduft.de\/","https:\/\/www.youtube.com\/c\/ausliebezumduft"]},{"@type":"Person","@id":"https:\/\/www.alzd.de\/en\/#\/schema\/person\/8efcd8f02447fdbe8f29ad465897d04e","name":"Julia Bir\u00f3","image":{"@type":"ImageObject","inLanguage":"en-US","@id":"https:\/\/www.alzd.de\/wp-content\/2018\/02\/cropped-cropped-mitarbeiterbilder_steffi--96x96.jpg","url":"https:\/\/www.alzd.de\/wp-content\/2018\/02\/cropped-cropped-mitarbeiterbilder_steffi--96x96.jpg","contentUrl":"https:\/\/www.alzd.de\/wp-content\/2018\/02\/cropped-cropped-mitarbeiterbilder_steffi--96x96.jpg","caption":"Julia Bir\u00f3"},"description":"Bereits 2010 gingen so einige Blogbeitr\u00e4ge auf mein Konto. Dann war ich \u201ekurz\u201c weg \u2013 sechs Jahre. Umso mehr freut es mich, dass ich nun wieder die Chance bekomme, mein N\u00e4schen im Dienste der Duftrezension schnuppern zu lassen und eifrig in die Tasten zu hauen. Was Nischend\u00fcfte angeht, habe ich damals \u00fcbrigens schnell Feuer gefangen. Meine Ausbildung tat dazu ihr \u00dcbriges: Als diplomierte Biologin kenne ich mich nicht nur mit Fauna und Flora, sondern auch recht gut mit der Herstellung von \u00d6len und Extrakten aus, was den Reiz der Parfumwelt nat\u00fcrlich noch gr\u00f6\u00dfer macht.","sameAs":["https:\/\/biro.is\/","https:\/\/www.facebook.com\/stephanie.tkaczik"],"url":"https:\/\/www.alzd.de\/en\/author\/stephanie\/"}]}},"wp-worthy-pixel":{"ignored":false,"public":null,"server":null,"url":null},"wp-worthy-type":"normal","_links":{"self":[{"href":"https:\/\/www.alzd.de\/en\/wp-json\/wp\/v2\/posts\/126719","targetHints":{"allow":["GET"]}}],"collection":[{"href":"https:\/\/www.alzd.de\/en\/wp-json\/wp\/v2\/posts"}],"about":[{"href":"https:\/\/www.alzd.de\/en\/wp-json\/wp\/v2\/types\/post"}],"author":[{"embeddable":true,"href":"https:\/\/www.alzd.de\/en\/wp-json\/wp\/v2\/users\/535"}],"replies":[{"embeddable":true,"href":"https:\/\/www.alzd.de\/en\/wp-json\/wp\/v2\/comments?post=126719"}],"version-history":[{"count":10,"href":"https:\/\/www.alzd.de\/en\/wp-json\/wp\/v2\/posts\/126719\/revisions"}],"predecessor-version":[{"id":126729,"href":"https:\/\/www.alzd.de\/en\/wp-json\/wp\/v2\/posts\/126719\/revisions\/126729"}],"wp:featuredmedia":[{"embeddable":true,"href":"https:\/\/www.alzd.de\/en\/wp-json\/wp\/v2\/media\/126718"}],"wp:attachment":[{"href":"https:\/\/www.alzd.de\/en\/wp-json\/wp\/v2\/media?parent=126719"}],"wp:term":[{"taxonomy":"category","embeddable":true,"href":"https:\/\/www.alzd.de\/en\/wp-json\/wp\/v2\/categories?post=126719"},{"taxonomy":"post_tag","embeddable":true,"href":"https:\/\/www.alzd.de\/en\/wp-json\/wp\/v2\/tags?post=126719"}],"curies":[{"name":"wp","href":"https:\/\/api.w.org\/{rel}","templated":true}]}}