{"id":126629,"date":"2025-07-21T11:50:29","date_gmt":"2025-07-21T09:50:29","guid":{"rendered":"https:\/\/www.alzd.de\/2025\/07\/21\/the-new-transcendence-collection-from-gravel-interview-with-david-chieze\/"},"modified":"2025-07-21T12:05:36","modified_gmt":"2025-07-21T10:05:36","slug":"the-new-transcendence-collection-from-gravel-interview-with-david-chieze","status":"publish","type":"post","link":"https:\/\/www.alzd.de\/en\/2025\/07\/21\/the-new-transcendence-collection-from-gravel-interview-with-david-chieze\/","title":{"rendered":"The new Transcendence Collection from Gravel &#8211; Interview with David Chieze"},"content":{"rendered":"\n<p>The traditional American brand <a href=\"https:\/\/ausliebezumduft.de\/collections\/gravel\" target=\"_blank\" rel=\"noreferrer noopener\">Gravel<\/a>, whose history began with the fragrance <a href=\"https:\/\/ausliebezumduft.de\/collections\/gravel\/products\/gravel-a-mans-cologne\" target=\"_blank\" rel=\"noreferrer noopener\">A Man&#8217;s Cologne<\/a> and which is deeply rooted in the narrative of the American Dream, is opening a new chapter with the Transcendence Collection. Founded in the 1950s by Michael Knudsen &#8211; actor, visionary, aesthete and bon vivant &#8211; Gravel has long been a well-kept secret. The fragrance with the pebbles in the bottle, hand-picked from the banks of the Hudson River, was more than just a perfume back then. It was first a statement and later a legend. After Knudsen&#8217;s death, Gravel disappeared from the olfactory world stage for quite a while. The brand, like so many others, seemed to have fallen victim to the passage of time.     <\/p>\n\n\n<div class=\"wp-block-image\">\n<figure class=\"aligncenter size-large\"><img decoding=\"async\" width=\"864\" height=\"1080\" src=\"https:\/\/www.alzd.de\/wp-content\/2025\/07\/GRAVEL_EAU_D_OMINANCE-864x1080.jpg\" alt=\"Gravel - Eau D'Ominance\" class=\"wp-image-126591\" title=\"Gravel - Eau D'Ominance\" srcset=\"https:\/\/www.alzd.de\/wp-content\/2025\/07\/GRAVEL_EAU_D_OMINANCE-864x1080.jpg 864w, https:\/\/www.alzd.de\/wp-content\/2025\/07\/GRAVEL_EAU_D_OMINANCE-576x720.jpg 576w, https:\/\/www.alzd.de\/wp-content\/2025\/07\/GRAVEL_EAU_D_OMINANCE-288x360.jpg 288w, https:\/\/www.alzd.de\/wp-content\/2025\/07\/GRAVEL_EAU_D_OMINANCE-768x960.jpg 768w, https:\/\/www.alzd.de\/wp-content\/2025\/07\/GRAVEL_EAU_D_OMINANCE-1229x1536.jpg 1229w, https:\/\/www.alzd.de\/wp-content\/2025\/07\/GRAVEL_EAU_D_OMINANCE-1638x2048.jpg 1638w, https:\/\/www.alzd.de\/wp-content\/2025\/07\/GRAVEL_EAU_D_OMINANCE-scaled.jpg 2048w\" sizes=\"(max-width: 864px) 100vw, 864px\" \/><\/figure>\n<\/div>\n\n\n<p>But then Christian Blessing &#8211; who has always been a true fan of classic Gravel fragrances &#8211; came on the scene. He was driven by the idea of not only preserving Knudsen&#8217;s legacy, but breathing new life into it. With great sensitivity and respect for the original formulas, Blessing brought back A Man&#8217;s Cologne, gently reformulated and modernized, and gradually launched other creations from Knudsen&#8217;s fragrance collection.  <\/p>\n\n\n\n<h2 class=\"wp-block-heading\">Transcendence Collection &#8211; a new era<\/h2>\n\n\n\n<p>Now <a href=\"https:\/\/www.alzd.de\/en\/tag\/gravel-en\/\" target=\"_blank\" rel=\"noreferrer noopener\">Gravel<\/a> is going one step further and launching a new collection: the Transcendence Collection. The first completely independent fragrance line since the revival of the brand &#8211; not a tribute to the past, but an expression of the present. Or rather: the future. Freshly conceived, with new ideas, new olfactory signatures and a clear artistic claim. The Transcendence Collection not only marks another milestone in the history of Gravel, but also the beginning of a new creative chapter.    <\/p>\n\n\n\n<p>This collection comprises four fragrances: <a href=\"https:\/\/ausliebezumduft.de\/collections\/dufte\/products\/gravel-eau-dominance\" target=\"_blank\" rel=\"noreferrer noopener\">Eau D&#8217;Ominance<\/a>, <a href=\"https:\/\/ausliebezumduft.de\/collections\/gravel\/products\/gravel-eau-daspiration\" target=\"_blank\" rel=\"noreferrer noopener\">Eau D&#8217;Aspiration<\/a>, <a href=\"https:\/\/ausliebezumduft.de\/collections\/gravel\/products\/gravel-eau-desire\" target=\"_blank\" rel=\"noreferrer noopener\">Eau D&#8217;Esire<\/a> and <a href=\"https:\/\/ausliebezumduft.de\/collections\/gravel\/products\/gravel-eau-devolution\" target=\"_blank\" rel=\"noreferrer noopener\">Eau D&#8217;Evolution<\/a>. Each of them is intended to be a unique interpretation of what it can mean to go beyond the familiar. Over the coming week, I will be introducing all four on this blog. First up is Eau D&#8217;Ominance, a creation by French perfumer David Chieze, who brought his own personal vision of strength, duality and identity to this fragrance. Before I tell you about my impressions of the fragrance, I will first let David Chieze himself speak &#8211; about his approach, his inspiration and the idea behind Eau D&#8217;Ominance.    <\/p>\n\n\n<div class=\"wp-block-image\">\n<figure class=\"aligncenter size-large\"><img decoding=\"async\" width=\"810\" height=\"1080\" src=\"https:\/\/www.alzd.de\/wp-content\/2025\/07\/David-810x1080.jpg\" alt=\"David Chieze with Eau D'Ominance\" class=\"wp-image-126584\" title=\"David Chieze with Eau D'Ominance\" srcset=\"https:\/\/www.alzd.de\/wp-content\/2025\/07\/David-810x1080.jpg 810w, https:\/\/www.alzd.de\/wp-content\/2025\/07\/David-540x720.jpg 540w, https:\/\/www.alzd.de\/wp-content\/2025\/07\/David-270x360.jpg 270w, https:\/\/www.alzd.de\/wp-content\/2025\/07\/David-768x1024.jpg 768w, https:\/\/www.alzd.de\/wp-content\/2025\/07\/David-1152x1536.jpg 1152w, https:\/\/www.alzd.de\/wp-content\/2025\/07\/David.jpg 1200w\" sizes=\"(max-width: 810px) 100vw, 810px\" \/><figcaption class=\"wp-element-caption\">Perfumer David Chieze with Eau D&#8217;Ominance<\/figcaption><\/figure>\n<\/div>\n\n\n<p>Dear David, could you tell us a bit about yourself and your path into the world of perfumery?<\/p>\n\n\n\n<blockquote class=\"wp-block-quote is-layout-flow wp-block-quote-is-layout-flow\">\n<p>I\u2019ve been working as a perfumer for about nine to ten years now. I create fragrances for the family-owned company LUZI, which is headquartered near Zurich. Creatively, however, I\u2019m mainly based in Paris, where I develop new scents together with Mark Buxton in our Paris office.<\/p>\n<\/blockquote>\n\n\n\n<p>Do you remember your very first encounter with scent? A smell or moment that has stayed with you ever since?<\/p>\n\n\n\n<blockquote class=\"wp-block-quote is-layout-flow wp-block-quote-is-layout-flow\">\n<p>Absolutely. I must have been about three or four years old. We were living in the north of France at the time, and the scents of my childhood were very green &#8211; freshly cut grass, thuja, forest floor. One day, my parents took me on a hike in the south of France, where the landscape was dry and sun-drenched. I vividly remember asking my mother what that unusual scent in the air was. She told me it was rosemary and thyme \u2013 just growing wild in the countryside.<\/p>\n<\/blockquote>\n\n\n\n<p>Was there a specific fragrance that sparked your passion for scent? And do you have an all-time favorite?<\/p>\n\n\n\n<blockquote class=\"wp-block-quote is-layout-flow wp-block-quote-is-layout-flow\">\n<p>Definitely: <em>Fahrenheit<\/em> by Dior. My grandfather used to wear it, and later my father. That scent still brings a smile to my face \u2013 it&#8217;s like an olfactive anchor to my memories. Later on, was deeply impressed by<br \/><em>F\u00e9minit\u00e9 du Bois<\/em> and <em>Eau Sauvage<\/em> &#8211; true masterpieces. And then there&#8217;s <em>Iri<\/em>s<em> Gris<\/em> by Jacques Fath &#8211; a true gem and iconic fragrance that had disappeared for many years and has thankfully been reissued.<\/p>\n<\/blockquote>\n\n\n<div class=\"wp-block-image\">\n<figure class=\"aligncenter size-large\"><img decoding=\"async\" width=\"1080\" height=\"1080\" src=\"https:\/\/www.alzd.de\/wp-content\/2025\/07\/5_eau_d_ominance_20250511-1080x1080.jpg\" alt=\"Gravel - Eau D'Ominance\" class=\"wp-image-126603\" title=\"Gravel - Eau D'Ominance\" srcset=\"https:\/\/www.alzd.de\/wp-content\/2025\/07\/5_eau_d_ominance_20250511-1080x1080.jpg 1080w, https:\/\/www.alzd.de\/wp-content\/2025\/07\/5_eau_d_ominance_20250511-720x720.jpg 720w, https:\/\/www.alzd.de\/wp-content\/2025\/07\/5_eau_d_ominance_20250511-360x360.jpg 360w, https:\/\/www.alzd.de\/wp-content\/2025\/07\/5_eau_d_ominance_20250511-768x768.jpg 768w, https:\/\/www.alzd.de\/wp-content\/2025\/07\/5_eau_d_ominance_20250511-1536x1536.jpg 1536w, https:\/\/www.alzd.de\/wp-content\/2025\/07\/5_eau_d_ominance_20250511.jpg 1700w\" sizes=\"(max-width: 1080px) 100vw, 1080px\" \/><\/figure>\n<\/div>\n\n\n<p>What ultimately inspired you to become a perfumer?<\/p>\n\n\n\n<blockquote class=\"wp-block-quote is-layout-flow wp-block-quote-is-layout-flow\">\n<p>Since my earliest memories are so strongly tied to scent, I think the passion has always been a part of me. When I realized that it was actually possible to make a career out of working with fragrance, it was clear that this was the path I had to follow.<\/p>\n<\/blockquote>\n\n\n\n<p>How did your collaboration with Christian and the Gravel team come about? Had you worked together before?<\/p>\n\n\n\n<blockquote class=\"wp-block-quote is-layout-flow wp-block-quote-is-layout-flow\">\n<p>No, we hadn\u2019t worked together before. But we had met a few times at various events. Our encounters were always warm and open, and over time, this naturally led to a collaboration. It just felt right.<\/p>\n<\/blockquote>\n\n\n\n<p>Did you receive a specific briefing for Eau D\u2019Ominance? Or how did the concept take shape?<\/p>\n\n\n\n<blockquote class=\"wp-block-quote is-layout-flow wp-block-quote-is-layout-flow\">\n<p>We were in touch on and off, and at some point, Christian asked if I could imagine working with a combination of oud, leather, and salt. I was immediately intrigued &#8211; especially since I had actually experimented with a very similar idea a few months prior. It felt like a wonderful coincidence, almost like creative synchronicity.<\/p>\n<\/blockquote>\n\n\n\n<p>The fragrance is said to embody the essence of dominance. In your view, what qualities must a perfume possess to evoke that idea?<\/p>\n\n\n\n<blockquote class=\"wp-block-quote is-layout-flow wp-block-quote-is-layout-flow\">\n<p>For me, it\u2019s about boldness, character, charisma, and elegance. Dominance doesn\u2019t have to mean being loud &#8211; it\u2019s more about presence, that certain something you sense before you even see or hear it.<\/p>\n<\/blockquote>\n\n\n<div class=\"wp-block-image\">\n<figure class=\"aligncenter size-large\"><img decoding=\"async\" width=\"1080\" height=\"1080\" src=\"https:\/\/www.alzd.de\/wp-content\/2025\/07\/4_BASE_tras_open-copia-1080x1080.jpg\" alt=\"Gravel - Eau D'Ominance - Transcendence Collection\" class=\"wp-image-126610\" title=\"Gravel - Eau D'Ominance - Transcendence Collection\" srcset=\"https:\/\/www.alzd.de\/wp-content\/2025\/07\/4_BASE_tras_open-copia-1080x1080.jpg 1080w, https:\/\/www.alzd.de\/wp-content\/2025\/07\/4_BASE_tras_open-copia-720x720.jpg 720w, https:\/\/www.alzd.de\/wp-content\/2025\/07\/4_BASE_tras_open-copia-360x360.jpg 360w, https:\/\/www.alzd.de\/wp-content\/2025\/07\/4_BASE_tras_open-copia-768x768.jpg 768w, https:\/\/www.alzd.de\/wp-content\/2025\/07\/4_BASE_tras_open-copia-1536x1536.jpg 1536w, https:\/\/www.alzd.de\/wp-content\/2025\/07\/4_BASE_tras_open-copia.jpg 1600w\" sizes=\"(max-width: 1080px) 100vw, 1080px\" \/><\/figure>\n<\/div>\n\n\n<p>Which fragrance families or ingredients do you associate with power or dominance?<\/p>\n\n\n\n<blockquote class=\"wp-block-quote is-layout-flow wp-block-quote-is-layout-flow\">\n<p>Definitely leather, animalic nuances, and intense woods. Anything that carries a certain sharpness and is somehow edgy. These elements exude confidence without ever becoming overbearing.<\/p>\n<\/blockquote>\n\n\n\n<p>Leather, oud, and salt &#8211; that\u2019s a bold and unexpected combination. How would you describe the character of this blend?<\/p>\n\n\n\n<blockquote class=\"wp-block-quote is-layout-flow wp-block-quote-is-layout-flow\">\n<p>It\u2019s certainly daring, but also refined. It feels powerful and yet elegant. The salty aspect adds something modern, almost unpredictable &#8211; and I really like that contrast.<\/p>\n<\/blockquote>\n\n\n\n<p>Were there any particular challenges or turning points during the development of Eau D\u2019Ominance?<\/p>\n\n\n\n<blockquote class=\"wp-block-quote is-layout-flow wp-block-quote-is-layout-flow\">\n<p>Actually, no. Sometimes a creative process just flows smoothly &#8211; and this was one of those times. The elements harmonized so naturally that the composition almost came together by itself.<\/p>\n<\/blockquote>\n\n\n\n<p>When would you personally wear this fragrance? Is it more of a signature scent or something for special occasions?<\/p>\n\n\n\n<blockquote class=\"wp-block-quote is-layout-flow wp-block-quote-is-layout-flow\">\n<p>For me, it\u2019s absolutely a signature scent. I love the combination of leather, salt, and violet \u2013 it really reflects my personal taste. There was one particular image that stayed with me during the process:<br \/>\u201c<em>I pictured a piece of heavy leather washed ashore, slowly drying in the sun and forming a crust of salt. This fragrance brings together some of my favorite notes, which also makes it very personal to me. It has substance and texture without ever being overpowering.<\/em>\u201d<\/p>\n<\/blockquote>\n\n\n<div class=\"wp-block-image\">\n<figure class=\"aligncenter size-large\"><img decoding=\"async\" width=\"1080\" height=\"1080\" src=\"https:\/\/www.alzd.de\/wp-content\/2025\/07\/2_eau_d_ominance_20250511-1080x1080.jpg\" alt=\"Gravel - Eau D'Ominance - Transcendence Collection\" class=\"wp-image-126613\" title=\"Gravel - Eau D'Ominance - Transcendence Collection\" srcset=\"https:\/\/www.alzd.de\/wp-content\/2025\/07\/2_eau_d_ominance_20250511-1080x1080.jpg 1080w, https:\/\/www.alzd.de\/wp-content\/2025\/07\/2_eau_d_ominance_20250511-720x720.jpg 720w, https:\/\/www.alzd.de\/wp-content\/2025\/07\/2_eau_d_ominance_20250511-360x360.jpg 360w, https:\/\/www.alzd.de\/wp-content\/2025\/07\/2_eau_d_ominance_20250511-768x768.jpg 768w, https:\/\/www.alzd.de\/wp-content\/2025\/07\/2_eau_d_ominance_20250511-1536x1536.jpg 1536w, https:\/\/www.alzd.de\/wp-content\/2025\/07\/2_eau_d_ominance_20250511.jpg 1600w\" sizes=\"(max-width: 1080px) 100vw, 1080px\" \/><\/figure>\n<\/div>\n\n\n<p>What, in your opinion, makes Eau D\u2019Ominance stand out?<\/p>\n\n\n\n<blockquote class=\"wp-block-quote is-layout-flow wp-block-quote-is-layout-flow\">\n<p>The salty breeze doesn\u2019t soften the depth of the leather and oud &#8211; instead, it lifts it, making the fragrance more wearable and versatile. Yet the richness and depth always remain present. This balance is what makes it special to me.<\/p>\n<\/blockquote>\n\n\n\n<p>What kind of mood or aura does the scent convey to you?<\/p>\n\n\n\n<blockquote class=\"wp-block-quote is-layout-flow wp-block-quote-is-layout-flow\">\n<p>To me, this fragrance represents confidence, elegance, and poise. Dominance here isn\u2019t loud or brash &#8211; it\u2019s expressed through poise and presence. It\u2019s a scent that doesn\u2019t try to please &#8211; it simply stands on its own.<\/p>\n<\/blockquote>\n\n\n\n<p>Is there a raw material that currently inspires you?<\/p>\n\n\n\n<blockquote class=\"wp-block-quote is-layout-flow wp-block-quote-is-layout-flow\">\n<p>At the moment, I\u2019m really drawn to salty notes and also to fruity accords that aren\u2019t sweet. There\u2019s a lot to explore there.<\/p>\n<\/blockquote>\n\n\n\n<p>And on the other side &#8211; is there a material you find especially challenging to work with?<\/p>\n\n\n\n<blockquote class=\"wp-block-quote is-layout-flow wp-block-quote-is-layout-flow\">\n<p>Honestly, no. I believe you can work with any raw material &#8211; it\u2019s all about finding the right context and \u201cdressing\u201d it appropriately.<\/p>\n<\/blockquote>\n\n\n\n<p>Dear David, thank you very much for taking the time to answer my questions.<\/p>\n\n\n\n<div class=\"wp-block-buttons is-content-justification-center is-layout-flex wp-container-core-buttons-is-layout-16018d1d wp-block-buttons-is-layout-flex\">\n<div class=\"wp-block-button has-custom-width wp-block-button__width-50\"><a class=\"wp-block-button__link has-white-color has-text-color has-background has-link-color wp-element-button\" href=\"https:\/\/ausliebezumduft.de\/collections\/gravel\/products\/gravel-eau-dominance\" style=\"background-color:#9c0100\" target=\"_blank\" rel=\"noreferrer noopener\"><strong>Eau D&#8217;Ominance<\/strong><\/a><\/div>\n<\/div>\n","protected":false},"excerpt":{"rendered":"<p>The traditional American brand Gravel, whose history began with the fragrance A Man&#8217;s Cologne and which is deeply rooted in the narrative of the American Dream, is opening&#8230;<\/p>\n<div class=\"more-link-wrapper\"><a class=\"more-link\" href=\"https:\/\/www.alzd.de\/en\/2025\/07\/21\/the-new-transcendence-collection-from-gravel-interview-with-david-chieze\/\">WEITERLESEN<span class=\"screen-reader-text\">The new Transcendence Collection from Gravel &#8211; Interview with David Chieze<\/span><\/a><\/div>\n","protected":false},"author":535,"featured_media":126619,"comment_status":"open","ping_status":"closed","sticky":false,"template":"","format":"standard","meta":{"footnotes":""},"categories":[1119,1137,1166],"tags":[1378,1485,1532],"class_list":["post-126629","post","type-post","status-publish","format-standard","has-post-thumbnail","hentry","category-general","category-interview-en","category-useful-information","tag-david-chieze-en","tag-gravel-en","tag-interviews-en","excerpt","zoom","full-without-featured","even","excerpt-0"],"yoast_head":"<!-- This site is optimized with the Yoast SEO plugin v27.4 - https:\/\/yoast.com\/product\/yoast-seo-wordpress\/ -->\n<title>Transcendence Collection by Gravel - Interview with David Chieze<\/title>\n<meta name=\"description\" content=\"Interview with perfumer David Chieze about Eau D&#039;Ominance - a creation from the new Transcendence Collection by Gravel.\" \/>\n<meta name=\"robots\" content=\"index, follow, max-snippet:-1, max-image-preview:large, max-video-preview:-1\" \/>\n<link rel=\"canonical\" href=\"https:\/\/www.alzd.de\/en\/2025\/07\/21\/the-new-transcendence-collection-from-gravel-interview-with-david-chieze\/\" \/>\n<meta property=\"og:locale\" content=\"en_US\" \/>\n<meta property=\"og:type\" content=\"article\" \/>\n<meta property=\"og:title\" content=\"Transcendence Collection by Gravel - Interview with David Chieze\" \/>\n<meta property=\"og:url\" content=\"https:\/\/www.alzd.de\/en\/2025\/07\/21\/the-new-transcendence-collection-from-gravel-interview-with-david-chieze\/\" \/>\n<meta property=\"og:site_name\" content=\"Das Duft-Tagebuch\" \/>\n<meta property=\"article:publisher\" content=\"https:\/\/www.facebook.com\/dufttagebuch\/\" \/>\n<meta property=\"article:author\" content=\"https:\/\/www.facebook.com\/stephanie.tkaczik\" \/>\n<meta property=\"article:published_time\" content=\"2025-07-21T09:50:29+00:00\" \/>\n<meta property=\"article:modified_time\" content=\"2025-07-21T10:05:36+00:00\" \/>\n<meta property=\"og:image\" content=\"https:\/\/www.alzd.de\/wp-content\/2025\/07\/bbDavid_Chieze.jpg\" \/>\n\t<meta property=\"og:image:width\" content=\"720\" \/>\n\t<meta property=\"og:image:height\" content=\"400\" \/>\n\t<meta property=\"og:image:type\" content=\"image\/jpeg\" \/>\n<meta name=\"author\" content=\"Julia Bir\u00f3\" \/>\n<meta name=\"twitter:card\" content=\"summary_large_image\" \/>\n<meta name=\"twitter:creator\" content=\"@ausliebezumduft\" \/>\n<meta name=\"twitter:site\" content=\"@ausliebezumduft\" \/>\n<script type=\"application\/ld+json\" class=\"yoast-schema-graph\">{\"@context\":\"https:\\\/\\\/schema.org\",\"@graph\":[{\"@type\":\"Article\",\"@id\":\"https:\\\/\\\/www.alzd.de\\\/en\\\/2025\\\/07\\\/21\\\/the-new-transcendence-collection-from-gravel-interview-with-david-chieze\\\/#article\",\"isPartOf\":{\"@id\":\"https:\\\/\\\/www.alzd.de\\\/en\\\/2025\\\/07\\\/21\\\/the-new-transcendence-collection-from-gravel-interview-with-david-chieze\\\/\"},\"author\":{\"name\":\"Julia Bir\u00f3\",\"@id\":\"https:\\\/\\\/www.alzd.de\\\/en\\\/#\\\/schema\\\/person\\\/8efcd8f02447fdbe8f29ad465897d04e\"},\"headline\":\"The new Transcendence Collection from Gravel &#8211; Interview with David Chieze\",\"datePublished\":\"2025-07-21T09:50:29+00:00\",\"dateModified\":\"2025-07-21T10:05:36+00:00\",\"mainEntityOfPage\":{\"@id\":\"https:\\\/\\\/www.alzd.de\\\/en\\\/2025\\\/07\\\/21\\\/the-new-transcendence-collection-from-gravel-interview-with-david-chieze\\\/\"},\"wordCount\":1343,\"commentCount\":0,\"publisher\":{\"@id\":\"https:\\\/\\\/www.alzd.de\\\/en\\\/#organization\"},\"image\":{\"@id\":\"https:\\\/\\\/www.alzd.de\\\/en\\\/2025\\\/07\\\/21\\\/the-new-transcendence-collection-from-gravel-interview-with-david-chieze\\\/#primaryimage\"},\"thumbnailUrl\":\"https:\\\/\\\/www.alzd.de\\\/wp-content\\\/2025\\\/07\\\/bbDavid_Chieze.jpg\",\"keywords\":[\"David Chieze\",\"Gravel\",\"Interviews\"],\"articleSection\":[\"General\",\"Interview\",\"Useful Information\"],\"inLanguage\":\"en-US\",\"potentialAction\":[{\"@type\":\"CommentAction\",\"name\":\"Comment\",\"target\":[\"https:\\\/\\\/www.alzd.de\\\/en\\\/2025\\\/07\\\/21\\\/the-new-transcendence-collection-from-gravel-interview-with-david-chieze\\\/#respond\"]}]},{\"@type\":\"WebPage\",\"@id\":\"https:\\\/\\\/www.alzd.de\\\/en\\\/2025\\\/07\\\/21\\\/the-new-transcendence-collection-from-gravel-interview-with-david-chieze\\\/\",\"url\":\"https:\\\/\\\/www.alzd.de\\\/en\\\/2025\\\/07\\\/21\\\/the-new-transcendence-collection-from-gravel-interview-with-david-chieze\\\/\",\"name\":\"Transcendence Collection by Gravel - Interview with David Chieze\",\"isPartOf\":{\"@id\":\"https:\\\/\\\/www.alzd.de\\\/en\\\/#website\"},\"primaryImageOfPage\":{\"@id\":\"https:\\\/\\\/www.alzd.de\\\/en\\\/2025\\\/07\\\/21\\\/the-new-transcendence-collection-from-gravel-interview-with-david-chieze\\\/#primaryimage\"},\"image\":{\"@id\":\"https:\\\/\\\/www.alzd.de\\\/en\\\/2025\\\/07\\\/21\\\/the-new-transcendence-collection-from-gravel-interview-with-david-chieze\\\/#primaryimage\"},\"thumbnailUrl\":\"https:\\\/\\\/www.alzd.de\\\/wp-content\\\/2025\\\/07\\\/bbDavid_Chieze.jpg\",\"datePublished\":\"2025-07-21T09:50:29+00:00\",\"dateModified\":\"2025-07-21T10:05:36+00:00\",\"description\":\"Interview with perfumer David Chieze about Eau D'Ominance - a creation from the new Transcendence Collection by Gravel.\",\"breadcrumb\":{\"@id\":\"https:\\\/\\\/www.alzd.de\\\/en\\\/2025\\\/07\\\/21\\\/the-new-transcendence-collection-from-gravel-interview-with-david-chieze\\\/#breadcrumb\"},\"inLanguage\":\"en-US\",\"potentialAction\":[{\"@type\":\"ReadAction\",\"target\":[\"https:\\\/\\\/www.alzd.de\\\/en\\\/2025\\\/07\\\/21\\\/the-new-transcendence-collection-from-gravel-interview-with-david-chieze\\\/\"]}]},{\"@type\":\"ImageObject\",\"inLanguage\":\"en-US\",\"@id\":\"https:\\\/\\\/www.alzd.de\\\/en\\\/2025\\\/07\\\/21\\\/the-new-transcendence-collection-from-gravel-interview-with-david-chieze\\\/#primaryimage\",\"url\":\"https:\\\/\\\/www.alzd.de\\\/wp-content\\\/2025\\\/07\\\/bbDavid_Chieze.jpg\",\"contentUrl\":\"https:\\\/\\\/www.alzd.de\\\/wp-content\\\/2025\\\/07\\\/bbDavid_Chieze.jpg\",\"width\":720,\"height\":400},{\"@type\":\"BreadcrumbList\",\"@id\":\"https:\\\/\\\/www.alzd.de\\\/en\\\/2025\\\/07\\\/21\\\/the-new-transcendence-collection-from-gravel-interview-with-david-chieze\\\/#breadcrumb\",\"itemListElement\":[{\"@type\":\"ListItem\",\"position\":1,\"name\":\"Startseite\",\"item\":\"https:\\\/\\\/www.alzd.de\\\/en\\\/\"},{\"@type\":\"ListItem\",\"position\":2,\"name\":\"The new Transcendence Collection from Gravel &#8211; Interview with David Chieze\"}]},{\"@type\":\"WebSite\",\"@id\":\"https:\\\/\\\/www.alzd.de\\\/en\\\/#website\",\"url\":\"https:\\\/\\\/www.alzd.de\\\/en\\\/\",\"name\":\"Das Duft-Tagebuch\",\"description\":\"Das Parfumblog von Aus Liebe zum Duft\",\"publisher\":{\"@id\":\"https:\\\/\\\/www.alzd.de\\\/en\\\/#organization\"},\"potentialAction\":[{\"@type\":\"SearchAction\",\"target\":{\"@type\":\"EntryPoint\",\"urlTemplate\":\"https:\\\/\\\/www.alzd.de\\\/en\\\/?s={search_term_string}\"},\"query-input\":{\"@type\":\"PropertyValueSpecification\",\"valueRequired\":true,\"valueName\":\"search_term_string\"}}],\"inLanguage\":\"en-US\"},{\"@type\":\"Organization\",\"@id\":\"https:\\\/\\\/www.alzd.de\\\/en\\\/#organization\",\"name\":\"Das Duft-Tagebuch\",\"url\":\"https:\\\/\\\/www.alzd.de\\\/en\\\/\",\"logo\":{\"@type\":\"ImageObject\",\"inLanguage\":\"en-US\",\"@id\":\"https:\\\/\\\/www.alzd.de\\\/en\\\/#\\\/schema\\\/logo\\\/image\\\/\",\"url\":\"https:\\\/\\\/www.alzd.de\\\/wp-content\\\/2023\\\/08\\\/alzd_dufttagebuch.png\",\"contentUrl\":\"https:\\\/\\\/www.alzd.de\\\/wp-content\\\/2023\\\/08\\\/alzd_dufttagebuch.png\",\"width\":1804,\"height\":416,\"caption\":\"Das Duft-Tagebuch\"},\"image\":{\"@id\":\"https:\\\/\\\/www.alzd.de\\\/en\\\/#\\\/schema\\\/logo\\\/image\\\/\"},\"sameAs\":[\"https:\\\/\\\/www.facebook.com\\\/dufttagebuch\\\/\",\"https:\\\/\\\/x.com\\\/ausliebezumduft\",\"https:\\\/\\\/www.instagram.com\\\/ausliebezumduft.de\\\/\",\"https:\\\/\\\/www.youtube.com\\\/c\\\/ausliebezumduft\"]},{\"@type\":\"Person\",\"@id\":\"https:\\\/\\\/www.alzd.de\\\/en\\\/#\\\/schema\\\/person\\\/8efcd8f02447fdbe8f29ad465897d04e\",\"name\":\"Julia Bir\u00f3\",\"image\":{\"@type\":\"ImageObject\",\"inLanguage\":\"en-US\",\"@id\":\"https:\\\/\\\/www.alzd.de\\\/wp-content\\\/2018\\\/02\\\/cropped-cropped-mitarbeiterbilder_steffi--96x96.jpg\",\"url\":\"https:\\\/\\\/www.alzd.de\\\/wp-content\\\/2018\\\/02\\\/cropped-cropped-mitarbeiterbilder_steffi--96x96.jpg\",\"contentUrl\":\"https:\\\/\\\/www.alzd.de\\\/wp-content\\\/2018\\\/02\\\/cropped-cropped-mitarbeiterbilder_steffi--96x96.jpg\",\"caption\":\"Julia Bir\u00f3\"},\"description\":\"Bereits 2010 gingen so einige Blogbeitr\u00e4ge auf mein Konto. Dann war ich \u201ekurz\u201c weg \u2013 sechs Jahre. Umso mehr freut es mich, dass ich nun wieder die Chance bekomme, mein N\u00e4schen im Dienste der Duftrezension schnuppern zu lassen und eifrig in die Tasten zu hauen. Was Nischend\u00fcfte angeht, habe ich damals \u00fcbrigens schnell Feuer gefangen. Meine Ausbildung tat dazu ihr \u00dcbriges: Als diplomierte Biologin kenne ich mich nicht nur mit Fauna und Flora, sondern auch recht gut mit der Herstellung von \u00d6len und Extrakten aus, was den Reiz der Parfumwelt nat\u00fcrlich noch gr\u00f6\u00dfer macht.\",\"sameAs\":[\"https:\\\/\\\/biro.is\\\/\",\"https:\\\/\\\/www.facebook.com\\\/stephanie.tkaczik\"],\"url\":\"https:\\\/\\\/www.alzd.de\\\/en\\\/author\\\/stephanie\\\/\"}]}<\/script>\n<!-- \/ Yoast SEO plugin. -->","yoast_head_json":{"title":"Transcendence Collection by Gravel - Interview with David Chieze","description":"Interview with perfumer David Chieze about Eau D'Ominance - a creation from the new Transcendence Collection by Gravel.","robots":{"index":"index","follow":"follow","max-snippet":"max-snippet:-1","max-image-preview":"max-image-preview:large","max-video-preview":"max-video-preview:-1"},"canonical":"https:\/\/www.alzd.de\/en\/2025\/07\/21\/the-new-transcendence-collection-from-gravel-interview-with-david-chieze\/","og_locale":"en_US","og_type":"article","og_title":"Transcendence Collection by Gravel - Interview with David Chieze","og_url":"https:\/\/www.alzd.de\/en\/2025\/07\/21\/the-new-transcendence-collection-from-gravel-interview-with-david-chieze\/","og_site_name":"Das Duft-Tagebuch","article_publisher":"https:\/\/www.facebook.com\/dufttagebuch\/","article_author":"https:\/\/www.facebook.com\/stephanie.tkaczik","article_published_time":"2025-07-21T09:50:29+00:00","article_modified_time":"2025-07-21T10:05:36+00:00","og_image":[{"width":720,"height":400,"url":"https:\/\/www.alzd.de\/wp-content\/2025\/07\/bbDavid_Chieze.jpg","type":"image\/jpeg"}],"author":"Julia Bir\u00f3","twitter_card":"summary_large_image","twitter_creator":"@ausliebezumduft","twitter_site":"@ausliebezumduft","schema":{"@context":"https:\/\/schema.org","@graph":[{"@type":"Article","@id":"https:\/\/www.alzd.de\/en\/2025\/07\/21\/the-new-transcendence-collection-from-gravel-interview-with-david-chieze\/#article","isPartOf":{"@id":"https:\/\/www.alzd.de\/en\/2025\/07\/21\/the-new-transcendence-collection-from-gravel-interview-with-david-chieze\/"},"author":{"name":"Julia Bir\u00f3","@id":"https:\/\/www.alzd.de\/en\/#\/schema\/person\/8efcd8f02447fdbe8f29ad465897d04e"},"headline":"The new Transcendence Collection from Gravel &#8211; Interview with David Chieze","datePublished":"2025-07-21T09:50:29+00:00","dateModified":"2025-07-21T10:05:36+00:00","mainEntityOfPage":{"@id":"https:\/\/www.alzd.de\/en\/2025\/07\/21\/the-new-transcendence-collection-from-gravel-interview-with-david-chieze\/"},"wordCount":1343,"commentCount":0,"publisher":{"@id":"https:\/\/www.alzd.de\/en\/#organization"},"image":{"@id":"https:\/\/www.alzd.de\/en\/2025\/07\/21\/the-new-transcendence-collection-from-gravel-interview-with-david-chieze\/#primaryimage"},"thumbnailUrl":"https:\/\/www.alzd.de\/wp-content\/2025\/07\/bbDavid_Chieze.jpg","keywords":["David Chieze","Gravel","Interviews"],"articleSection":["General","Interview","Useful Information"],"inLanguage":"en-US","potentialAction":[{"@type":"CommentAction","name":"Comment","target":["https:\/\/www.alzd.de\/en\/2025\/07\/21\/the-new-transcendence-collection-from-gravel-interview-with-david-chieze\/#respond"]}]},{"@type":"WebPage","@id":"https:\/\/www.alzd.de\/en\/2025\/07\/21\/the-new-transcendence-collection-from-gravel-interview-with-david-chieze\/","url":"https:\/\/www.alzd.de\/en\/2025\/07\/21\/the-new-transcendence-collection-from-gravel-interview-with-david-chieze\/","name":"Transcendence Collection by Gravel - Interview with David Chieze","isPartOf":{"@id":"https:\/\/www.alzd.de\/en\/#website"},"primaryImageOfPage":{"@id":"https:\/\/www.alzd.de\/en\/2025\/07\/21\/the-new-transcendence-collection-from-gravel-interview-with-david-chieze\/#primaryimage"},"image":{"@id":"https:\/\/www.alzd.de\/en\/2025\/07\/21\/the-new-transcendence-collection-from-gravel-interview-with-david-chieze\/#primaryimage"},"thumbnailUrl":"https:\/\/www.alzd.de\/wp-content\/2025\/07\/bbDavid_Chieze.jpg","datePublished":"2025-07-21T09:50:29+00:00","dateModified":"2025-07-21T10:05:36+00:00","description":"Interview with perfumer David Chieze about Eau D'Ominance - a creation from the new Transcendence Collection by Gravel.","breadcrumb":{"@id":"https:\/\/www.alzd.de\/en\/2025\/07\/21\/the-new-transcendence-collection-from-gravel-interview-with-david-chieze\/#breadcrumb"},"inLanguage":"en-US","potentialAction":[{"@type":"ReadAction","target":["https:\/\/www.alzd.de\/en\/2025\/07\/21\/the-new-transcendence-collection-from-gravel-interview-with-david-chieze\/"]}]},{"@type":"ImageObject","inLanguage":"en-US","@id":"https:\/\/www.alzd.de\/en\/2025\/07\/21\/the-new-transcendence-collection-from-gravel-interview-with-david-chieze\/#primaryimage","url":"https:\/\/www.alzd.de\/wp-content\/2025\/07\/bbDavid_Chieze.jpg","contentUrl":"https:\/\/www.alzd.de\/wp-content\/2025\/07\/bbDavid_Chieze.jpg","width":720,"height":400},{"@type":"BreadcrumbList","@id":"https:\/\/www.alzd.de\/en\/2025\/07\/21\/the-new-transcendence-collection-from-gravel-interview-with-david-chieze\/#breadcrumb","itemListElement":[{"@type":"ListItem","position":1,"name":"Startseite","item":"https:\/\/www.alzd.de\/en\/"},{"@type":"ListItem","position":2,"name":"The new Transcendence Collection from Gravel &#8211; Interview with David Chieze"}]},{"@type":"WebSite","@id":"https:\/\/www.alzd.de\/en\/#website","url":"https:\/\/www.alzd.de\/en\/","name":"Das Duft-Tagebuch","description":"Das Parfumblog von Aus Liebe zum Duft","publisher":{"@id":"https:\/\/www.alzd.de\/en\/#organization"},"potentialAction":[{"@type":"SearchAction","target":{"@type":"EntryPoint","urlTemplate":"https:\/\/www.alzd.de\/en\/?s={search_term_string}"},"query-input":{"@type":"PropertyValueSpecification","valueRequired":true,"valueName":"search_term_string"}}],"inLanguage":"en-US"},{"@type":"Organization","@id":"https:\/\/www.alzd.de\/en\/#organization","name":"Das Duft-Tagebuch","url":"https:\/\/www.alzd.de\/en\/","logo":{"@type":"ImageObject","inLanguage":"en-US","@id":"https:\/\/www.alzd.de\/en\/#\/schema\/logo\/image\/","url":"https:\/\/www.alzd.de\/wp-content\/2023\/08\/alzd_dufttagebuch.png","contentUrl":"https:\/\/www.alzd.de\/wp-content\/2023\/08\/alzd_dufttagebuch.png","width":1804,"height":416,"caption":"Das Duft-Tagebuch"},"image":{"@id":"https:\/\/www.alzd.de\/en\/#\/schema\/logo\/image\/"},"sameAs":["https:\/\/www.facebook.com\/dufttagebuch\/","https:\/\/x.com\/ausliebezumduft","https:\/\/www.instagram.com\/ausliebezumduft.de\/","https:\/\/www.youtube.com\/c\/ausliebezumduft"]},{"@type":"Person","@id":"https:\/\/www.alzd.de\/en\/#\/schema\/person\/8efcd8f02447fdbe8f29ad465897d04e","name":"Julia Bir\u00f3","image":{"@type":"ImageObject","inLanguage":"en-US","@id":"https:\/\/www.alzd.de\/wp-content\/2018\/02\/cropped-cropped-mitarbeiterbilder_steffi--96x96.jpg","url":"https:\/\/www.alzd.de\/wp-content\/2018\/02\/cropped-cropped-mitarbeiterbilder_steffi--96x96.jpg","contentUrl":"https:\/\/www.alzd.de\/wp-content\/2018\/02\/cropped-cropped-mitarbeiterbilder_steffi--96x96.jpg","caption":"Julia Bir\u00f3"},"description":"Bereits 2010 gingen so einige Blogbeitr\u00e4ge auf mein Konto. Dann war ich \u201ekurz\u201c weg \u2013 sechs Jahre. Umso mehr freut es mich, dass ich nun wieder die Chance bekomme, mein N\u00e4schen im Dienste der Duftrezension schnuppern zu lassen und eifrig in die Tasten zu hauen. Was Nischend\u00fcfte angeht, habe ich damals \u00fcbrigens schnell Feuer gefangen. Meine Ausbildung tat dazu ihr \u00dcbriges: Als diplomierte Biologin kenne ich mich nicht nur mit Fauna und Flora, sondern auch recht gut mit der Herstellung von \u00d6len und Extrakten aus, was den Reiz der Parfumwelt nat\u00fcrlich noch gr\u00f6\u00dfer macht.","sameAs":["https:\/\/biro.is\/","https:\/\/www.facebook.com\/stephanie.tkaczik"],"url":"https:\/\/www.alzd.de\/en\/author\/stephanie\/"}]}},"wp-worthy-pixel":{"ignored":false,"public":null,"server":null,"url":null},"wp-worthy-type":"normal","_links":{"self":[{"href":"https:\/\/www.alzd.de\/en\/wp-json\/wp\/v2\/posts\/126629","targetHints":{"allow":["GET"]}}],"collection":[{"href":"https:\/\/www.alzd.de\/en\/wp-json\/wp\/v2\/posts"}],"about":[{"href":"https:\/\/www.alzd.de\/en\/wp-json\/wp\/v2\/types\/post"}],"author":[{"embeddable":true,"href":"https:\/\/www.alzd.de\/en\/wp-json\/wp\/v2\/users\/535"}],"replies":[{"embeddable":true,"href":"https:\/\/www.alzd.de\/en\/wp-json\/wp\/v2\/comments?post=126629"}],"version-history":[{"count":12,"href":"https:\/\/www.alzd.de\/en\/wp-json\/wp\/v2\/posts\/126629\/revisions"}],"predecessor-version":[{"id":126643,"href":"https:\/\/www.alzd.de\/en\/wp-json\/wp\/v2\/posts\/126629\/revisions\/126643"}],"wp:featuredmedia":[{"embeddable":true,"href":"https:\/\/www.alzd.de\/en\/wp-json\/wp\/v2\/media\/126619"}],"wp:attachment":[{"href":"https:\/\/www.alzd.de\/en\/wp-json\/wp\/v2\/media?parent=126629"}],"wp:term":[{"taxonomy":"category","embeddable":true,"href":"https:\/\/www.alzd.de\/en\/wp-json\/wp\/v2\/categories?post=126629"},{"taxonomy":"post_tag","embeddable":true,"href":"https:\/\/www.alzd.de\/en\/wp-json\/wp\/v2\/tags?post=126629"}],"curies":[{"name":"wp","href":"https:\/\/api.w.org\/{rel}","templated":true}]}}