{"id":125583,"date":"2025-06-04T14:49:00","date_gmt":"2025-06-04T12:49:00","guid":{"rendered":"https:\/\/www.alzd.de\/?p=125583"},"modified":"2025-06-04T21:03:11","modified_gmt":"2025-06-04T19:03:11","slug":"in-conversation-with-herbert-stricker-about-style-perfume-and-the-stricker-fragrance","status":"publish","type":"post","link":"https:\/\/www.alzd.de\/en\/2025\/06\/04\/in-conversation-with-herbert-stricker-about-style-perfume-and-the-stricker-fragrance\/","title":{"rendered":"In conversation with Herbert Stricker &#8211; about style, perfume and the \u201cStricker\u201d fragrance"},"content":{"rendered":"\n<p>Herbert Stricker is a name that has long been familiar to fragrance lovers. As founder and managing director of <a href=\"https:\/\/www.classicparfums.com\/\" target=\"_blank\" rel=\"noreferrer noopener\">Classic Parfums<\/a>, he has made a significant contribution to establishing exclusive niche fragrances on the German-speaking market. With a keen sense of quality, aesthetics and olfactory sophistication, he has been bringing exceptional fragrance brands to the selective trade for many years, always with the desire to create memorable impressions.  <\/p>\n\n\n\n<p>His latest project is a special collaboration with the Swedish fragrance house <a href=\"https:\/\/www.ausliebezumduft.de\/fragrances\/pana-dora-sweden.html\" target=\"_blank\" rel=\"noreferrer noopener\">Pana Dora Sweden<\/a>, known for its opulent, artfully composed creations in stag&#8217;s head bottles. Together with perfumer Ibrahim Al Zouabi, a fragrance was created that not only reflects Stricker&#8217;s style, but also bears his name: \u201cStricker\u201d. It is intended to be a gentle oriental, elegant, restrained and yet full of depth. In this interview, Herbert Stricker talks about the creation of this fragrance, his personal fragrance vision and the creative power of successful partnerships.   <\/p>\n\n\n<div class=\"wp-block-image\">\n<figure class=\"aligncenter size-large\"><img decoding=\"async\" width=\"1080\" height=\"720\" src=\"https:\/\/www.alzd.de\/wp-content\/2025\/06\/P1184572-1080x720.jpg\" alt=\"Portrait of Herbert Stricker\" class=\"wp-image-125561\" title=\"Portrait of Herbert Stricker\" srcset=\"https:\/\/www.alzd.de\/wp-content\/2025\/06\/P1184572-1080x720.jpg 1080w, https:\/\/www.alzd.de\/wp-content\/2025\/06\/P1184572-720x480.jpg 720w, https:\/\/www.alzd.de\/wp-content\/2025\/06\/P1184572-360x240.jpg 360w, https:\/\/www.alzd.de\/wp-content\/2025\/06\/P1184572-768x512.jpg 768w, https:\/\/www.alzd.de\/wp-content\/2025\/06\/P1184572-1536x1024.jpg 1536w, https:\/\/www.alzd.de\/wp-content\/2025\/06\/P1184572-2048x1365.jpg 2048w\" sizes=\"(max-width: 1080px) 100vw, 1080px\" \/><figcaption class=\"wp-element-caption\">Herbert Stricker<\/figcaption><\/figure>\n<\/div>\n\n\n<p>Mr. Stricker, how did the collaboration with the Swedish fragrance house Pana Dora Sweden come about? What was it about this collaboration that particularly appealed to you? <\/p>\n\n\n\n<blockquote class=\"wp-block-quote is-layout-flow wp-block-quote-is-layout-flow\">\n<p>We have always tried to develop exclusive fragrances for the domestic market together with brands we trust. Pana Dora has long been one of our favorites, so I simply approached them. They were just as enthusiastic about the idea as I was. What I find particularly appealing about a collaboration like this is that we can actively contribute ideas to the creation of the fragrance.   <\/p>\n<\/blockquote>\n\n\n\n<p>The new fragrance bears your name: Stricker. What does it mean to you personally to launch a fragrance under your own name? <\/p>\n\n\n\n<blockquote class=\"wp-block-quote is-layout-flow wp-block-quote-is-layout-flow\">\n<p>The name idea didn&#8217;t come from me. We had originally planned a different name. But the owner and perfumer of Pana Dora unexpectedly sent us a visualization with the name \u201cStricker\u201d, which he felt was particularly suitable for this collaboration. I think it&#8217;s a great idea, and I&#8217;m delighted with it. Even if the joint creation is more important to me than the fact that the fragrance bears my name.<\/p>\n<\/blockquote>\n\n\n\n<p>Can you give us an insight into the creative development process of Eau de Parfum Stricker?<\/p>\n\n\n\n<blockquote class=\"wp-block-quote is-layout-flow wp-block-quote-is-layout-flow\">\n<p>The development began about two years ago. We exchanged initial ideas about the olfactory DNA at a trade fair. There were two directions: an aquatic version and a soft oriental. The latter was finally realized, whereby the aquatic direction will soon also appear in the classic collection. We worked on the fragrance composition in several rounds. I gave feedback and Ibrahim, the perfumer, translated the suggestions into new variants.     <\/p>\n<\/blockquote>\n\n\n<div class=\"wp-block-image\">\n<figure class=\"aligncenter size-large\"><img decoding=\"async\" width=\"1080\" height=\"1080\" src=\"https:\/\/www.alzd.de\/wp-content\/2025\/06\/Stricker-visual-1080x1080.jpg\" alt=\"Pana Dora Sweden - Knitter\" class=\"wp-image-125569\" title=\"Pana Dora Sweden - Knitter\" srcset=\"https:\/\/www.alzd.de\/wp-content\/2025\/06\/Stricker-visual-1080x1080.jpg 1080w, https:\/\/www.alzd.de\/wp-content\/2025\/06\/Stricker-visual-720x720.jpg 720w, https:\/\/www.alzd.de\/wp-content\/2025\/06\/Stricker-visual-360x360.jpg 360w, https:\/\/www.alzd.de\/wp-content\/2025\/06\/Stricker-visual-768x768.jpg 768w, https:\/\/www.alzd.de\/wp-content\/2025\/06\/Stricker-visual-1536x1536.jpg 1536w, https:\/\/www.alzd.de\/wp-content\/2025\/06\/Stricker-visual.jpg 2048w\" sizes=\"(max-width: 1080px) 100vw, 1080px\" \/><\/figure>\n<\/div>\n\n\n<p>What emotions, memories or images were at the origin of the fragrance idea? How did you implement these olfactorically? <\/p>\n\n\n\n<blockquote class=\"wp-block-quote is-layout-flow wp-block-quote-is-layout-flow\">\n<p>It was important to us to preserve and appreciate the typical signature of Pana Dora. At the same time, we wanted to create a gentle oriental. An elegant alternative to the many powerful, animalic fragrances in this category. We had the image of an elegant gentleman and a stylish lady in mind.   <\/p>\n<\/blockquote>\n\n\n\n<p>In a few words: How would you describe Eau de Parfum Stricker, and who is this fragrance made for?<\/p>\n\n\n\n<blockquote class=\"wp-block-quote is-layout-flow wp-block-quote-is-layout-flow\">\n<p>I repeat myself: for me, the term \u201csoft oriental\u201d describes it very well. The fragrance is absolutely unisex and versatile, wearable for almost any occasion. <\/p>\n<\/blockquote>\n\n\n\n<p>To what extent does Stricker reflect your personality and style?<\/p>\n\n\n\n<blockquote class=\"wp-block-quote is-layout-flow wp-block-quote-is-layout-flow\">\n<p>I prefer an elegant style and don&#8217;t like overly intrusive, aggressive fragrance statements. In this respect, \u201cStricker\u201d fits my vision and personality very well. <\/p>\n<\/blockquote>\n\n\n\n<p>The Pana Dora Sweden brand is known for its intense, complex creations. What was particularly important to you when creating the fragrance? <\/p>\n\n\n\n<blockquote class=\"wp-block-quote is-layout-flow wp-block-quote-is-layout-flow\">\n<p>It was important to me that Pana Dora&#8217;s signature remains clearly recognizable and that the fragrance is intense, complex and long-lasting.<\/p>\n<\/blockquote>\n\n\n<div class=\"wp-block-image\">\n<figure class=\"aligncenter size-large\"><img decoding=\"async\" width=\"720\" height=\"1080\" src=\"https:\/\/www.alzd.de\/wp-content\/2025\/06\/20250604_1111_Moonlit-Desert-Serenity_simple_compose_01jwx3a5ske0v96hp6qas1w8ez-720x1080.jpg\" alt=\"Pana Dora Sweden - Stricker\" class=\"wp-image-125572\" style=\"aspect-ratio:3\/4;object-fit:cover\" title=\"Pana Dora Sweden - Stricker\" srcset=\"https:\/\/www.alzd.de\/wp-content\/2025\/06\/20250604_1111_Moonlit-Desert-Serenity_simple_compose_01jwx3a5ske0v96hp6qas1w8ez-720x1080.jpg 720w, https:\/\/www.alzd.de\/wp-content\/2025\/06\/20250604_1111_Moonlit-Desert-Serenity_simple_compose_01jwx3a5ske0v96hp6qas1w8ez-480x720.jpg 480w, https:\/\/www.alzd.de\/wp-content\/2025\/06\/20250604_1111_Moonlit-Desert-Serenity_simple_compose_01jwx3a5ske0v96hp6qas1w8ez-240x360.jpg 240w, https:\/\/www.alzd.de\/wp-content\/2025\/06\/20250604_1111_Moonlit-Desert-Serenity_simple_compose_01jwx3a5ske0v96hp6qas1w8ez-768x1152.jpg 768w, https:\/\/www.alzd.de\/wp-content\/2025\/06\/20250604_1111_Moonlit-Desert-Serenity_simple_compose_01jwx3a5ske0v96hp6qas1w8ez.jpg 1024w\" sizes=\"(max-width: 720px) 100vw, 720px\" \/><\/figure>\n<\/div>\n\n\n<p>Oud and rose are among the best-known fragrance combinations. How did you manage to give this classic duo a new, unmistakable facet in Stricker? <\/p>\n\n\n\n<blockquote class=\"wp-block-quote is-layout-flow wp-block-quote-is-layout-flow\">\n<p>Of course, I am aware of how popular rose-oud combinations are. However, our aim was not to simply create another representative of this type. The combination of oud, rose and other carefully selected components turned out to be perfect for the soft, elegant oriental we were aiming for. Lavender was also an option, but it is often sharper and more dominant, while rose brings a much softer nuance.   <\/p>\n<\/blockquote>\n\n\n\n<p>What emotions or moods did you want to convey with Stricker &#8211; and how is this reflected in the fragrance composition?<\/p>\n\n\n\n<blockquote class=\"wp-block-quote is-layout-flow wp-block-quote-is-layout-flow\">\n<p>We wanted to capture the feeling of a balmy night in the desert. A little cooler and with a light breeze. The tranquillity and solitude should give a deep sense of relaxation and serenity. For me, this mood is reflected in the fragrance.   <\/p>\n<\/blockquote>\n\n\n\n<p>What can we expect in the future? Will there be more fragrance projects with <a href=\"https:\/\/www.alzd.de\/en\/tag\/pana-dora-sweden-en\/\" target=\"_blank\" rel=\"noreferrer noopener\">Pana Dora Sweden<\/a> or other brands? <\/p>\n\n\n\n<blockquote class=\"wp-block-quote is-layout-flow wp-block-quote-is-layout-flow\">\n<p>If this collaboration is successful &#8211; and we very much hope it is &#8211; there will certainly be a continuation. Further collaborations are already being planned. Some brands are open to it, others less so. So a new project with Gritti could well follow soon.   <\/p>\n<\/blockquote>\n\n\n\n<div class=\"wp-block-buttons is-content-justification-center is-layout-flex wp-container-core-buttons-is-layout-16018d1d wp-block-buttons-is-layout-flex\">\n<div class=\"wp-block-button has-custom-width wp-block-button__width-50\"><a class=\"wp-block-button__link has-white-color has-text-color has-background has-link-color wp-element-button\" href=\"https:\/\/www.ausliebezumduft.de\/pana-dora-sweden-stricker.html\" style=\"background-color:#253d55\" target=\"_blank\" rel=\"noreferrer noopener\"><strong>Stricker<\/strong><\/a><\/div>\n<\/div>\n","protected":false},"excerpt":{"rendered":"<p>Herbert Stricker is a name that has long been familiar to fragrance lovers. As founder and managing director of Classic Parfums, he has made a significant contribution to&#8230;<\/p>\n<div class=\"more-link-wrapper\"><a class=\"more-link\" href=\"https:\/\/www.alzd.de\/en\/2025\/06\/04\/in-conversation-with-herbert-stricker-about-style-perfume-and-the-stricker-fragrance\/\">WEITERLESEN<span class=\"screen-reader-text\">In conversation with Herbert Stricker &#8211; about style, perfume and the \u201cStricker\u201d fragrance<\/span><\/a><\/div>\n","protected":false},"author":535,"featured_media":125565,"comment_status":"open","ping_status":"closed","sticky":false,"template":"","format":"standard","meta":{"footnotes":""},"categories":[1119,1137,1166],"tags":[2114,1532,1584],"class_list":["post-125583","post","type-post","status-publish","format-standard","has-post-thumbnail","hentry","category-general","category-interview-en","category-useful-information","tag-herbert-stricker-en","tag-interviews-en","tag-pana-dora-sweden-en","excerpt","zoom","full-without-featured","even","excerpt-0"],"yoast_head":"<!-- This site is optimized with the Yoast SEO plugin v27.4 - https:\/\/yoast.com\/product\/yoast-seo-wordpress\/ -->\n<title>Interview with Herbert Stricker - How the fragrance was created with Pana Dora<\/title>\n<meta name=\"description\" content=\"Herbert Stricker talks about the fragrance \u201cStricker\u201d, his collaboration with Pana Dora and the idea of a gentle, elegant oriental.\" \/>\n<meta name=\"robots\" content=\"index, follow, max-snippet:-1, max-image-preview:large, max-video-preview:-1\" \/>\n<link rel=\"canonical\" href=\"https:\/\/www.alzd.de\/en\/2025\/06\/04\/in-conversation-with-herbert-stricker-about-style-perfume-and-the-stricker-fragrance\/\" \/>\n<meta property=\"og:locale\" content=\"en_US\" \/>\n<meta property=\"og:type\" content=\"article\" \/>\n<meta property=\"og:title\" content=\"Interview with Herbert Stricker - How the fragrance was created with Pana Dora\" \/>\n<meta property=\"og:url\" content=\"https:\/\/www.alzd.de\/en\/2025\/06\/04\/in-conversation-with-herbert-stricker-about-style-perfume-and-the-stricker-fragrance\/\" \/>\n<meta property=\"og:site_name\" content=\"Das Duft-Tagebuch\" \/>\n<meta property=\"article:publisher\" content=\"https:\/\/www.facebook.com\/dufttagebuch\/\" \/>\n<meta property=\"article:author\" content=\"https:\/\/www.facebook.com\/stephanie.tkaczik\" \/>\n<meta property=\"article:published_time\" content=\"2025-06-04T12:49:00+00:00\" \/>\n<meta property=\"article:modified_time\" content=\"2025-06-04T19:03:11+00:00\" \/>\n<meta property=\"og:image\" content=\"https:\/\/www.alzd.de\/wp-content\/2025\/06\/bbP1184572.jpg\" \/>\n\t<meta property=\"og:image:width\" content=\"720\" \/>\n\t<meta property=\"og:image:height\" content=\"400\" \/>\n\t<meta property=\"og:image:type\" content=\"image\/jpeg\" \/>\n<meta name=\"author\" content=\"Julia Bir\u00f3\" \/>\n<meta name=\"twitter:card\" content=\"summary_large_image\" \/>\n<meta name=\"twitter:creator\" content=\"@ausliebezumduft\" \/>\n<meta name=\"twitter:site\" content=\"@ausliebezumduft\" \/>\n<script type=\"application\/ld+json\" class=\"yoast-schema-graph\">{\"@context\":\"https:\\\/\\\/schema.org\",\"@graph\":[{\"@type\":\"Article\",\"@id\":\"https:\\\/\\\/www.alzd.de\\\/en\\\/2025\\\/06\\\/04\\\/in-conversation-with-herbert-stricker-about-style-perfume-and-the-stricker-fragrance\\\/#article\",\"isPartOf\":{\"@id\":\"https:\\\/\\\/www.alzd.de\\\/en\\\/2025\\\/06\\\/04\\\/in-conversation-with-herbert-stricker-about-style-perfume-and-the-stricker-fragrance\\\/\"},\"author\":{\"name\":\"Julia Bir\u00f3\",\"@id\":\"https:\\\/\\\/www.alzd.de\\\/en\\\/#\\\/schema\\\/person\\\/8efcd8f02447fdbe8f29ad465897d04e\"},\"headline\":\"In conversation with Herbert Stricker &#8211; about style, perfume and the \u201cStricker\u201d fragrance\",\"datePublished\":\"2025-06-04T12:49:00+00:00\",\"dateModified\":\"2025-06-04T19:03:11+00:00\",\"mainEntityOfPage\":{\"@id\":\"https:\\\/\\\/www.alzd.de\\\/en\\\/2025\\\/06\\\/04\\\/in-conversation-with-herbert-stricker-about-style-perfume-and-the-stricker-fragrance\\\/\"},\"wordCount\":859,\"commentCount\":0,\"publisher\":{\"@id\":\"https:\\\/\\\/www.alzd.de\\\/en\\\/#organization\"},\"image\":{\"@id\":\"https:\\\/\\\/www.alzd.de\\\/en\\\/2025\\\/06\\\/04\\\/in-conversation-with-herbert-stricker-about-style-perfume-and-the-stricker-fragrance\\\/#primaryimage\"},\"thumbnailUrl\":\"https:\\\/\\\/www.alzd.de\\\/wp-content\\\/2025\\\/06\\\/bbP1184572.jpg\",\"keywords\":[\"Herbert Stricker\",\"Interviews\",\"Pana Dora Sweden\"],\"articleSection\":[\"General\",\"Interview\",\"Useful Information\"],\"inLanguage\":\"en-US\",\"potentialAction\":[{\"@type\":\"CommentAction\",\"name\":\"Comment\",\"target\":[\"https:\\\/\\\/www.alzd.de\\\/en\\\/2025\\\/06\\\/04\\\/in-conversation-with-herbert-stricker-about-style-perfume-and-the-stricker-fragrance\\\/#respond\"]}]},{\"@type\":\"WebPage\",\"@id\":\"https:\\\/\\\/www.alzd.de\\\/en\\\/2025\\\/06\\\/04\\\/in-conversation-with-herbert-stricker-about-style-perfume-and-the-stricker-fragrance\\\/\",\"url\":\"https:\\\/\\\/www.alzd.de\\\/en\\\/2025\\\/06\\\/04\\\/in-conversation-with-herbert-stricker-about-style-perfume-and-the-stricker-fragrance\\\/\",\"name\":\"Interview with Herbert Stricker - How the fragrance was created with Pana Dora\",\"isPartOf\":{\"@id\":\"https:\\\/\\\/www.alzd.de\\\/en\\\/#website\"},\"primaryImageOfPage\":{\"@id\":\"https:\\\/\\\/www.alzd.de\\\/en\\\/2025\\\/06\\\/04\\\/in-conversation-with-herbert-stricker-about-style-perfume-and-the-stricker-fragrance\\\/#primaryimage\"},\"image\":{\"@id\":\"https:\\\/\\\/www.alzd.de\\\/en\\\/2025\\\/06\\\/04\\\/in-conversation-with-herbert-stricker-about-style-perfume-and-the-stricker-fragrance\\\/#primaryimage\"},\"thumbnailUrl\":\"https:\\\/\\\/www.alzd.de\\\/wp-content\\\/2025\\\/06\\\/bbP1184572.jpg\",\"datePublished\":\"2025-06-04T12:49:00+00:00\",\"dateModified\":\"2025-06-04T19:03:11+00:00\",\"description\":\"Herbert Stricker talks about the fragrance \u201cStricker\u201d, his collaboration with Pana Dora and the idea of a gentle, elegant oriental.\",\"breadcrumb\":{\"@id\":\"https:\\\/\\\/www.alzd.de\\\/en\\\/2025\\\/06\\\/04\\\/in-conversation-with-herbert-stricker-about-style-perfume-and-the-stricker-fragrance\\\/#breadcrumb\"},\"inLanguage\":\"en-US\",\"potentialAction\":[{\"@type\":\"ReadAction\",\"target\":[\"https:\\\/\\\/www.alzd.de\\\/en\\\/2025\\\/06\\\/04\\\/in-conversation-with-herbert-stricker-about-style-perfume-and-the-stricker-fragrance\\\/\"]}]},{\"@type\":\"ImageObject\",\"inLanguage\":\"en-US\",\"@id\":\"https:\\\/\\\/www.alzd.de\\\/en\\\/2025\\\/06\\\/04\\\/in-conversation-with-herbert-stricker-about-style-perfume-and-the-stricker-fragrance\\\/#primaryimage\",\"url\":\"https:\\\/\\\/www.alzd.de\\\/wp-content\\\/2025\\\/06\\\/bbP1184572.jpg\",\"contentUrl\":\"https:\\\/\\\/www.alzd.de\\\/wp-content\\\/2025\\\/06\\\/bbP1184572.jpg\",\"width\":720,\"height\":400},{\"@type\":\"BreadcrumbList\",\"@id\":\"https:\\\/\\\/www.alzd.de\\\/en\\\/2025\\\/06\\\/04\\\/in-conversation-with-herbert-stricker-about-style-perfume-and-the-stricker-fragrance\\\/#breadcrumb\",\"itemListElement\":[{\"@type\":\"ListItem\",\"position\":1,\"name\":\"Startseite\",\"item\":\"https:\\\/\\\/www.alzd.de\\\/en\\\/\"},{\"@type\":\"ListItem\",\"position\":2,\"name\":\"In conversation with Herbert Stricker &#8211; about style, perfume and the \u201cStricker\u201d fragrance\"}]},{\"@type\":\"WebSite\",\"@id\":\"https:\\\/\\\/www.alzd.de\\\/en\\\/#website\",\"url\":\"https:\\\/\\\/www.alzd.de\\\/en\\\/\",\"name\":\"Das Duft-Tagebuch\",\"description\":\"Das Parfumblog von Aus Liebe zum Duft\",\"publisher\":{\"@id\":\"https:\\\/\\\/www.alzd.de\\\/en\\\/#organization\"},\"potentialAction\":[{\"@type\":\"SearchAction\",\"target\":{\"@type\":\"EntryPoint\",\"urlTemplate\":\"https:\\\/\\\/www.alzd.de\\\/en\\\/?s={search_term_string}\"},\"query-input\":{\"@type\":\"PropertyValueSpecification\",\"valueRequired\":true,\"valueName\":\"search_term_string\"}}],\"inLanguage\":\"en-US\"},{\"@type\":\"Organization\",\"@id\":\"https:\\\/\\\/www.alzd.de\\\/en\\\/#organization\",\"name\":\"Das Duft-Tagebuch\",\"url\":\"https:\\\/\\\/www.alzd.de\\\/en\\\/\",\"logo\":{\"@type\":\"ImageObject\",\"inLanguage\":\"en-US\",\"@id\":\"https:\\\/\\\/www.alzd.de\\\/en\\\/#\\\/schema\\\/logo\\\/image\\\/\",\"url\":\"https:\\\/\\\/www.alzd.de\\\/wp-content\\\/2023\\\/08\\\/alzd_dufttagebuch.png\",\"contentUrl\":\"https:\\\/\\\/www.alzd.de\\\/wp-content\\\/2023\\\/08\\\/alzd_dufttagebuch.png\",\"width\":1804,\"height\":416,\"caption\":\"Das Duft-Tagebuch\"},\"image\":{\"@id\":\"https:\\\/\\\/www.alzd.de\\\/en\\\/#\\\/schema\\\/logo\\\/image\\\/\"},\"sameAs\":[\"https:\\\/\\\/www.facebook.com\\\/dufttagebuch\\\/\",\"https:\\\/\\\/x.com\\\/ausliebezumduft\",\"https:\\\/\\\/www.instagram.com\\\/ausliebezumduft.de\\\/\",\"https:\\\/\\\/www.youtube.com\\\/c\\\/ausliebezumduft\"]},{\"@type\":\"Person\",\"@id\":\"https:\\\/\\\/www.alzd.de\\\/en\\\/#\\\/schema\\\/person\\\/8efcd8f02447fdbe8f29ad465897d04e\",\"name\":\"Julia Bir\u00f3\",\"image\":{\"@type\":\"ImageObject\",\"inLanguage\":\"en-US\",\"@id\":\"https:\\\/\\\/www.alzd.de\\\/wp-content\\\/2018\\\/02\\\/cropped-cropped-mitarbeiterbilder_steffi--96x96.jpg\",\"url\":\"https:\\\/\\\/www.alzd.de\\\/wp-content\\\/2018\\\/02\\\/cropped-cropped-mitarbeiterbilder_steffi--96x96.jpg\",\"contentUrl\":\"https:\\\/\\\/www.alzd.de\\\/wp-content\\\/2018\\\/02\\\/cropped-cropped-mitarbeiterbilder_steffi--96x96.jpg\",\"caption\":\"Julia Bir\u00f3\"},\"description\":\"Bereits 2010 gingen so einige Blogbeitr\u00e4ge auf mein Konto. Dann war ich \u201ekurz\u201c weg \u2013 sechs Jahre. Umso mehr freut es mich, dass ich nun wieder die Chance bekomme, mein N\u00e4schen im Dienste der Duftrezension schnuppern zu lassen und eifrig in die Tasten zu hauen. Was Nischend\u00fcfte angeht, habe ich damals \u00fcbrigens schnell Feuer gefangen. Meine Ausbildung tat dazu ihr \u00dcbriges: Als diplomierte Biologin kenne ich mich nicht nur mit Fauna und Flora, sondern auch recht gut mit der Herstellung von \u00d6len und Extrakten aus, was den Reiz der Parfumwelt nat\u00fcrlich noch gr\u00f6\u00dfer macht.\",\"sameAs\":[\"https:\\\/\\\/biro.is\\\/\",\"https:\\\/\\\/www.facebook.com\\\/stephanie.tkaczik\"],\"url\":\"https:\\\/\\\/www.alzd.de\\\/en\\\/author\\\/stephanie\\\/\"}]}<\/script>\n<!-- \/ Yoast SEO plugin. -->","yoast_head_json":{"title":"Interview with Herbert Stricker - How the fragrance was created with Pana Dora","description":"Herbert Stricker talks about the fragrance \u201cStricker\u201d, his collaboration with Pana Dora and the idea of a gentle, elegant oriental.","robots":{"index":"index","follow":"follow","max-snippet":"max-snippet:-1","max-image-preview":"max-image-preview:large","max-video-preview":"max-video-preview:-1"},"canonical":"https:\/\/www.alzd.de\/en\/2025\/06\/04\/in-conversation-with-herbert-stricker-about-style-perfume-and-the-stricker-fragrance\/","og_locale":"en_US","og_type":"article","og_title":"Interview with Herbert Stricker - How the fragrance was created with Pana Dora","og_url":"https:\/\/www.alzd.de\/en\/2025\/06\/04\/in-conversation-with-herbert-stricker-about-style-perfume-and-the-stricker-fragrance\/","og_site_name":"Das Duft-Tagebuch","article_publisher":"https:\/\/www.facebook.com\/dufttagebuch\/","article_author":"https:\/\/www.facebook.com\/stephanie.tkaczik","article_published_time":"2025-06-04T12:49:00+00:00","article_modified_time":"2025-06-04T19:03:11+00:00","og_image":[{"width":720,"height":400,"url":"https:\/\/www.alzd.de\/wp-content\/2025\/06\/bbP1184572.jpg","type":"image\/jpeg"}],"author":"Julia Bir\u00f3","twitter_card":"summary_large_image","twitter_creator":"@ausliebezumduft","twitter_site":"@ausliebezumduft","schema":{"@context":"https:\/\/schema.org","@graph":[{"@type":"Article","@id":"https:\/\/www.alzd.de\/en\/2025\/06\/04\/in-conversation-with-herbert-stricker-about-style-perfume-and-the-stricker-fragrance\/#article","isPartOf":{"@id":"https:\/\/www.alzd.de\/en\/2025\/06\/04\/in-conversation-with-herbert-stricker-about-style-perfume-and-the-stricker-fragrance\/"},"author":{"name":"Julia Bir\u00f3","@id":"https:\/\/www.alzd.de\/en\/#\/schema\/person\/8efcd8f02447fdbe8f29ad465897d04e"},"headline":"In conversation with Herbert Stricker &#8211; about style, perfume and the \u201cStricker\u201d fragrance","datePublished":"2025-06-04T12:49:00+00:00","dateModified":"2025-06-04T19:03:11+00:00","mainEntityOfPage":{"@id":"https:\/\/www.alzd.de\/en\/2025\/06\/04\/in-conversation-with-herbert-stricker-about-style-perfume-and-the-stricker-fragrance\/"},"wordCount":859,"commentCount":0,"publisher":{"@id":"https:\/\/www.alzd.de\/en\/#organization"},"image":{"@id":"https:\/\/www.alzd.de\/en\/2025\/06\/04\/in-conversation-with-herbert-stricker-about-style-perfume-and-the-stricker-fragrance\/#primaryimage"},"thumbnailUrl":"https:\/\/www.alzd.de\/wp-content\/2025\/06\/bbP1184572.jpg","keywords":["Herbert Stricker","Interviews","Pana Dora Sweden"],"articleSection":["General","Interview","Useful Information"],"inLanguage":"en-US","potentialAction":[{"@type":"CommentAction","name":"Comment","target":["https:\/\/www.alzd.de\/en\/2025\/06\/04\/in-conversation-with-herbert-stricker-about-style-perfume-and-the-stricker-fragrance\/#respond"]}]},{"@type":"WebPage","@id":"https:\/\/www.alzd.de\/en\/2025\/06\/04\/in-conversation-with-herbert-stricker-about-style-perfume-and-the-stricker-fragrance\/","url":"https:\/\/www.alzd.de\/en\/2025\/06\/04\/in-conversation-with-herbert-stricker-about-style-perfume-and-the-stricker-fragrance\/","name":"Interview with Herbert Stricker - How the fragrance was created with Pana Dora","isPartOf":{"@id":"https:\/\/www.alzd.de\/en\/#website"},"primaryImageOfPage":{"@id":"https:\/\/www.alzd.de\/en\/2025\/06\/04\/in-conversation-with-herbert-stricker-about-style-perfume-and-the-stricker-fragrance\/#primaryimage"},"image":{"@id":"https:\/\/www.alzd.de\/en\/2025\/06\/04\/in-conversation-with-herbert-stricker-about-style-perfume-and-the-stricker-fragrance\/#primaryimage"},"thumbnailUrl":"https:\/\/www.alzd.de\/wp-content\/2025\/06\/bbP1184572.jpg","datePublished":"2025-06-04T12:49:00+00:00","dateModified":"2025-06-04T19:03:11+00:00","description":"Herbert Stricker talks about the fragrance \u201cStricker\u201d, his collaboration with Pana Dora and the idea of a gentle, elegant oriental.","breadcrumb":{"@id":"https:\/\/www.alzd.de\/en\/2025\/06\/04\/in-conversation-with-herbert-stricker-about-style-perfume-and-the-stricker-fragrance\/#breadcrumb"},"inLanguage":"en-US","potentialAction":[{"@type":"ReadAction","target":["https:\/\/www.alzd.de\/en\/2025\/06\/04\/in-conversation-with-herbert-stricker-about-style-perfume-and-the-stricker-fragrance\/"]}]},{"@type":"ImageObject","inLanguage":"en-US","@id":"https:\/\/www.alzd.de\/en\/2025\/06\/04\/in-conversation-with-herbert-stricker-about-style-perfume-and-the-stricker-fragrance\/#primaryimage","url":"https:\/\/www.alzd.de\/wp-content\/2025\/06\/bbP1184572.jpg","contentUrl":"https:\/\/www.alzd.de\/wp-content\/2025\/06\/bbP1184572.jpg","width":720,"height":400},{"@type":"BreadcrumbList","@id":"https:\/\/www.alzd.de\/en\/2025\/06\/04\/in-conversation-with-herbert-stricker-about-style-perfume-and-the-stricker-fragrance\/#breadcrumb","itemListElement":[{"@type":"ListItem","position":1,"name":"Startseite","item":"https:\/\/www.alzd.de\/en\/"},{"@type":"ListItem","position":2,"name":"In conversation with Herbert Stricker &#8211; about style, perfume and the \u201cStricker\u201d fragrance"}]},{"@type":"WebSite","@id":"https:\/\/www.alzd.de\/en\/#website","url":"https:\/\/www.alzd.de\/en\/","name":"Das Duft-Tagebuch","description":"Das Parfumblog von Aus Liebe zum Duft","publisher":{"@id":"https:\/\/www.alzd.de\/en\/#organization"},"potentialAction":[{"@type":"SearchAction","target":{"@type":"EntryPoint","urlTemplate":"https:\/\/www.alzd.de\/en\/?s={search_term_string}"},"query-input":{"@type":"PropertyValueSpecification","valueRequired":true,"valueName":"search_term_string"}}],"inLanguage":"en-US"},{"@type":"Organization","@id":"https:\/\/www.alzd.de\/en\/#organization","name":"Das Duft-Tagebuch","url":"https:\/\/www.alzd.de\/en\/","logo":{"@type":"ImageObject","inLanguage":"en-US","@id":"https:\/\/www.alzd.de\/en\/#\/schema\/logo\/image\/","url":"https:\/\/www.alzd.de\/wp-content\/2023\/08\/alzd_dufttagebuch.png","contentUrl":"https:\/\/www.alzd.de\/wp-content\/2023\/08\/alzd_dufttagebuch.png","width":1804,"height":416,"caption":"Das Duft-Tagebuch"},"image":{"@id":"https:\/\/www.alzd.de\/en\/#\/schema\/logo\/image\/"},"sameAs":["https:\/\/www.facebook.com\/dufttagebuch\/","https:\/\/x.com\/ausliebezumduft","https:\/\/www.instagram.com\/ausliebezumduft.de\/","https:\/\/www.youtube.com\/c\/ausliebezumduft"]},{"@type":"Person","@id":"https:\/\/www.alzd.de\/en\/#\/schema\/person\/8efcd8f02447fdbe8f29ad465897d04e","name":"Julia Bir\u00f3","image":{"@type":"ImageObject","inLanguage":"en-US","@id":"https:\/\/www.alzd.de\/wp-content\/2018\/02\/cropped-cropped-mitarbeiterbilder_steffi--96x96.jpg","url":"https:\/\/www.alzd.de\/wp-content\/2018\/02\/cropped-cropped-mitarbeiterbilder_steffi--96x96.jpg","contentUrl":"https:\/\/www.alzd.de\/wp-content\/2018\/02\/cropped-cropped-mitarbeiterbilder_steffi--96x96.jpg","caption":"Julia Bir\u00f3"},"description":"Bereits 2010 gingen so einige Blogbeitr\u00e4ge auf mein Konto. Dann war ich \u201ekurz\u201c weg \u2013 sechs Jahre. Umso mehr freut es mich, dass ich nun wieder die Chance bekomme, mein N\u00e4schen im Dienste der Duftrezension schnuppern zu lassen und eifrig in die Tasten zu hauen. Was Nischend\u00fcfte angeht, habe ich damals \u00fcbrigens schnell Feuer gefangen. Meine Ausbildung tat dazu ihr \u00dcbriges: Als diplomierte Biologin kenne ich mich nicht nur mit Fauna und Flora, sondern auch recht gut mit der Herstellung von \u00d6len und Extrakten aus, was den Reiz der Parfumwelt nat\u00fcrlich noch gr\u00f6\u00dfer macht.","sameAs":["https:\/\/biro.is\/","https:\/\/www.facebook.com\/stephanie.tkaczik"],"url":"https:\/\/www.alzd.de\/en\/author\/stephanie\/"}]}},"wp-worthy-pixel":{"ignored":false,"public":null,"server":null,"url":null},"wp-worthy-type":"normal","_links":{"self":[{"href":"https:\/\/www.alzd.de\/en\/wp-json\/wp\/v2\/posts\/125583","targetHints":{"allow":["GET"]}}],"collection":[{"href":"https:\/\/www.alzd.de\/en\/wp-json\/wp\/v2\/posts"}],"about":[{"href":"https:\/\/www.alzd.de\/en\/wp-json\/wp\/v2\/types\/post"}],"author":[{"embeddable":true,"href":"https:\/\/www.alzd.de\/en\/wp-json\/wp\/v2\/users\/535"}],"replies":[{"embeddable":true,"href":"https:\/\/www.alzd.de\/en\/wp-json\/wp\/v2\/comments?post=125583"}],"version-history":[{"count":19,"href":"https:\/\/www.alzd.de\/en\/wp-json\/wp\/v2\/posts\/125583\/revisions"}],"predecessor-version":[{"id":125612,"href":"https:\/\/www.alzd.de\/en\/wp-json\/wp\/v2\/posts\/125583\/revisions\/125612"}],"wp:featuredmedia":[{"embeddable":true,"href":"https:\/\/www.alzd.de\/en\/wp-json\/wp\/v2\/media\/125565"}],"wp:attachment":[{"href":"https:\/\/www.alzd.de\/en\/wp-json\/wp\/v2\/media?parent=125583"}],"wp:term":[{"taxonomy":"category","embeddable":true,"href":"https:\/\/www.alzd.de\/en\/wp-json\/wp\/v2\/categories?post=125583"},{"taxonomy":"post_tag","embeddable":true,"href":"https:\/\/www.alzd.de\/en\/wp-json\/wp\/v2\/tags?post=125583"}],"curies":[{"name":"wp","href":"https:\/\/api.w.org\/{rel}","templated":true}]}}