{"id":123942,"date":"2025-03-24T16:47:29","date_gmt":"2025-03-24T15:47:29","guid":{"rendered":"https:\/\/www.alzd.de\/?p=123942"},"modified":"2025-03-25T11:22:01","modified_gmt":"2025-03-25T10:22:01","slug":"perris-portofino-collection-the-beauty-of-the-ligurian-coast","status":"publish","type":"post","link":"https:\/\/www.alzd.de\/en\/2025\/03\/24\/perris-portofino-collection-the-beauty-of-the-ligurian-coast\/","title":{"rendered":"Perris Portofino Collection &#8211; The beauty of the Ligurian coast"},"content":{"rendered":"\n<p>With the <a href=\"https:\/\/www.ausliebezumduft.de\/catalogsearch\/result\/?q=perris+portofino\" target=\"_blank\" rel=\"noreferrer noopener\">Perris Portofino Collection<\/a>, the <a href=\"https:\/\/www.ausliebezumduft.de\/duefte\/perris-monte-carlo.html\" target=\"_blank\" rel=\"noreferrer noopener\">Perris Monte Carlo<\/a> brand takes us to a particularly pretty corner of Italy. Portofino &#8211; which I briefly confused with Positano and mistakenly placed on the Amalfi Coast &#8211; is actually located in Liguria, in north-western Italy, along the famous Riviera. This picturesque village, with its colorful houses, sits in a bay on a peninsula, surrounded by azure blue waters. Once a humble fishing village, Portofino has long been a hotspot for celebrities, stars, and socialites who anchor their yachts just off the coast. Especially in summer, Portofino is a popular destination for tourists from around the world and, despite its rather poor transport connections, often becomes overwhelmingly crowded.<\/p>\n\n\n<div class=\"wp-block-image\">\n<figure class=\"aligncenter size-large\"><img decoding=\"async\" width=\"1080\" height=\"1074\" src=\"https:\/\/www.alzd.de\/wp-content\/2025\/03\/Bildschirmfoto-vom-2025-03-24-10-30-10-1080x1074.png\" alt=\"Perris Portofino Collection - In Riviera\" class=\"wp-image-123917\" title=\"Perris Portofino Collection - In Riviera\" srcset=\"https:\/\/www.alzd.de\/wp-content\/2025\/03\/Bildschirmfoto-vom-2025-03-24-10-30-10-1080x1074.png 1080w, https:\/\/www.alzd.de\/wp-content\/2025\/03\/Bildschirmfoto-vom-2025-03-24-10-30-10-720x716.png 720w, https:\/\/www.alzd.de\/wp-content\/2025\/03\/Bildschirmfoto-vom-2025-03-24-10-30-10-360x358.png 360w, https:\/\/www.alzd.de\/wp-content\/2025\/03\/Bildschirmfoto-vom-2025-03-24-10-30-10-768x764.png 768w, https:\/\/www.alzd.de\/wp-content\/2025\/03\/Bildschirmfoto-vom-2025-03-24-10-30-10.png 1259w\" sizes=\"(max-width: 1080px) 100vw, 1080px\" \/><\/figure>\n<\/div>\n\n\n<p>Of course, the four fragrances in the Perris Portofino Collection leave no trace of this. <a href=\"https:\/\/www.ausliebezumduft.de\/perris-monte-carlo-portofino-in-riviera.html\" target=\"_blank\" rel=\"noreferrer noopener\">In Riviera<\/a>, <a href=\"https:\/\/www.ausliebezumduft.de\/perris-monte-carlo-portofino-bel-sole.html\" target=\"_blank\" rel=\"noreferrer noopener\">Bel Sole<\/a>, <a href=\"https:\/\/www.ausliebezumduft.de\/perris-monte-carlo-portofino-fiori-di-mare.html\" target=\"_blank\" rel=\"noreferrer noopener\">Fiori di Mare<\/a> and Blu Profondo are the illustrious names of the compositions that the Perris Monte Carlo brand dedicates to the Ligurian coastal town and its impressive landscape. They were all created by the Italian perfumer Luca Maffei, who was inspired by the picturesque scenery and the special scents and aromas of the place. In addition to the eaux de parfum, the line also includes <a href=\"https:\/\/www.ausliebezumduft.de\/perris-monte-carlo-portofino-fiori-di-mare-duftkerze.html\" target=\"_blank\" rel=\"noreferrer noopener\">scented candles<\/a> and <a href=\"https:\/\/www.ausliebezumduft.de\/perris-monte-carlo-portofino-blu-profondo-diffusor.html\" target=\"_blank\" rel=\"noreferrer noopener\">diffusers<\/a> as well as a <a href=\"https:\/\/www.ausliebezumduft.de\/catalogsearch\/result\/index\/?cat=4&amp;q=perris+portofino\" target=\"_blank\" rel=\"noreferrer noopener\">skincare range<\/a> with the scents of Blu Profondo and Fiori di Mare.  <\/p>\n\n\n\n<h2 class=\"wp-block-heading\">In Riviera &#8211; walk along the coast<\/h2>\n\n\n\n<p>Even though it&#8217;s still really cold here on the Baltic Sea and spring is still a long way off, the new Perris Portofino Collection will hopefully bring a little warmth and vacation feeling to the north. Luca Maffei walked up the hill to the Castello San Giorgio, from where you can enjoy a wonderful view over the bay and the harbor of Portofino.   <\/p>\n\n\n\n<p>The scent of the sea and the lush vegetation were just as inspiring to him as the play of light and shadow that divided the walkway and the surroundings into light and dark. The ingredients <strong>fleur de sel (sea salt), lemon blossom, rosemary, maritime notes, thyme, immortelle, cedarwood<\/strong> and <strong>woods<\/strong> are intended to reflect this excursion.<\/p>\n\n\n<div class=\"wp-block-image\">\n<figure class=\"aligncenter size-large\"><img decoding=\"async\" width=\"720\" height=\"1080\" src=\"https:\/\/www.alzd.de\/wp-content\/2025\/03\/IN-RIVIERA-720x1080.jpg\" alt=\"Perris Portofino Collection - In Riviera\" class=\"wp-image-123923\" title=\"Perris Portofino Collection - In Riviera\" srcset=\"https:\/\/www.alzd.de\/wp-content\/2025\/03\/IN-RIVIERA-720x1080.jpg 720w, https:\/\/www.alzd.de\/wp-content\/2025\/03\/IN-RIVIERA-480x720.jpg 480w, https:\/\/www.alzd.de\/wp-content\/2025\/03\/IN-RIVIERA-240x360.jpg 240w, https:\/\/www.alzd.de\/wp-content\/2025\/03\/IN-RIVIERA-768x1151.jpg 768w, https:\/\/www.alzd.de\/wp-content\/2025\/03\/IN-RIVIERA-1025x1536.jpg 1025w, https:\/\/www.alzd.de\/wp-content\/2025\/03\/IN-RIVIERA-1366x2048.jpg 1366w, https:\/\/www.alzd.de\/wp-content\/2025\/03\/IN-RIVIERA.jpg 1601w\" sizes=\"(max-width: 720px) 100vw, 720px\" \/><\/figure>\n<\/div>\n\n\n<p>An airy, transparent and salty-cool hint pervades the opening of In Riviera, which is fresh, crystalline and delicately floral. Thyme reveals aromatic-greenish herbal notes that are tart, a little sharp and spicy and gradually take over the fragrance. Salty rosemary and herbaceous immortelle join forces with the plant from the labiate family, which is used as a spice and medicinal herb, to create an extremely atmospheric, Mediterranean trio that smells like summer in Italy. The herbs give the eau de parfum darker facets and lend it depth. The composition is rounded off with clean, light woods that echo and emphasize the powdery, transparent and light notes.    <\/p>\n\n\n\n<p>In Riviera is a salty, aromatic, maritime and airy herbal fragrance that is underpinned by delicate floral, fresh and clean woody nuances. A calm, very relaxed Mediterranean creation that creates a gentle vacation mood without any major citrus or aquatic notes. Perfect for the warmer months of the year, for anyone looking for uncomplicated, maritime-inspired compositions with an Italian vibe. Wearable on any occasion and a pleasant, relaxed and lucid fragrance companion. \ud83e\ude75<\/p>\n\n\n\n<div class=\"wp-block-buttons is-content-justification-center is-layout-flex wp-container-core-buttons-is-layout-16018d1d wp-block-buttons-is-layout-flex\">\n<div class=\"wp-block-button has-custom-width wp-block-button__width-50\"><a class=\"wp-block-button__link has-white-color has-text-color has-background has-link-color wp-element-button\" href=\"https:\/\/www.ausliebezumduft.de\/perris-monte-carlo-portofino-in-riviera.html\" style=\"background-color:#31abc6\" target=\"_blank\" rel=\"noreferrer noopener\"><strong>In Riviera<\/strong><\/a><\/div>\n<\/div>\n\n\n\n<div style=\"height:100px\" aria-hidden=\"true\" class=\"wp-block-spacer\"><\/div>\n\n\n\n<h2 class=\"wp-block-heading\">Bel Sole &#8211; under the beautiful sun<\/h2>\n\n\n\n<p>For Bel Sole, perfumer Luca Maffei was inspired by a visit to the piazetta of Portofino, a square lined with small, fine restaurants, caf\u00e9s and bistros right on the harbor. Here you can enjoy the sun, soak up the hustle and bustle of the town and let the gentle sea breeze blow around your nose. For Luca Maffei, the ingredients <strong>bergamot, lemon, grapefruit, cardamom, juniper berries, ginger, lime, cedarwood, musk<\/strong> and <strong>cashmeran<\/strong> are emblematic of a relaxing visit to the Piazetta in Portofino.  <\/p>\n\n\n<div class=\"wp-block-image\">\n<figure class=\"aligncenter size-large\"><img decoding=\"async\" width=\"720\" height=\"1080\" src=\"https:\/\/www.alzd.de\/wp-content\/2025\/03\/BEL-SOLE2-720x1080.jpg\" alt=\"Perris Portofino Collection - Bel Sole\" class=\"wp-image-123934\" title=\"Perris Portofino Collection - Bel Sole\" srcset=\"https:\/\/www.alzd.de\/wp-content\/2025\/03\/BEL-SOLE2-720x1080.jpg 720w, https:\/\/www.alzd.de\/wp-content\/2025\/03\/BEL-SOLE2-480x720.jpg 480w, https:\/\/www.alzd.de\/wp-content\/2025\/03\/BEL-SOLE2-240x360.jpg 240w, https:\/\/www.alzd.de\/wp-content\/2025\/03\/BEL-SOLE2-768x1151.jpg 768w, https:\/\/www.alzd.de\/wp-content\/2025\/03\/BEL-SOLE2-1025x1536.jpg 1025w, https:\/\/www.alzd.de\/wp-content\/2025\/03\/BEL-SOLE2-1366x2048.jpg 1366w, https:\/\/www.alzd.de\/wp-content\/2025\/03\/BEL-SOLE2.jpg 1601w\" sizes=\"(max-width: 720px) 100vw, 720px\" \/><\/figure>\n<\/div>\n\n\n<p>Sparkling, invigorating and wonderfully summery, Bel Sole starts with a colorful mix of hesperides that are very light, airy and tart. Right from the start, the composition has a light, powdery undertone. The ginger brings a subtle fruity spiciness to the creation, while the juniper berries provide a gentle, woody-aromatic tingle. A hint of salt provides marine notes, while light woods and musk add clean, fluffy facets that harmoniously round off the creation.   <\/p>\n\n\n\n<p>Bel Sole is a transparent, summery blend of citrus fruits and woods, combined with musky-crystalline and maritime-salty nuances. A composition that breathes Italian flair, that is so wonderfully Mediterranean and should appeal to all those who love sunny, sparkling and gentle Hesperides creations. If you are still looking for a citrus fragrance for the summer, you should definitely add Bel Sole to your watch list. In the warmer months, this unisex eau de parfum is suitable for every occasion and every occasion. A special kick of freshness to spray on! \ud83e\ude75<\/p>\n\n\n\n<div class=\"wp-block-buttons is-content-justification-center is-layout-flex wp-container-core-buttons-is-layout-16018d1d wp-block-buttons-is-layout-flex\">\n<div class=\"wp-block-button has-custom-width wp-block-button__width-50\"><a class=\"wp-block-button__link has-white-color has-text-color has-background has-link-color wp-element-button\" href=\"https:\/\/www.ausliebezumduft.de\/perris-monte-carlo-portofino-bel-sole.html\" style=\"background-color:#31abc6\" target=\"_blank\" rel=\"noreferrer noopener\"><strong>Bel Sole<\/strong><\/a><\/div>\n<\/div>\n","protected":false},"excerpt":{"rendered":"<p>With the Perris Portofino Collection, the Perris Monte Carlo brand takes us to a particularly pretty corner of Italy. Portofino &#8211; which I briefly confused with Positano and&#8230;<\/p>\n<div class=\"more-link-wrapper\"><a class=\"more-link\" href=\"https:\/\/www.alzd.de\/en\/2025\/03\/24\/perris-portofino-collection-the-beauty-of-the-ligurian-coast\/\">WEITERLESEN<span class=\"screen-reader-text\">Perris Portofino Collection &#8211; The beauty of the Ligurian coast<\/span><\/a><\/div>\n","protected":false},"author":535,"featured_media":123946,"comment_status":"open","ping_status":"closed","sticky":false,"template":"","format":"standard","meta":{"footnotes":""},"categories":[1150,1117,1159,1158,1114],"tags":[1676,1685,1671,1897],"class_list":["post-123942","post","type-post","status-publish","format-standard","has-post-thumbnail","hentry","category-aquatic","category-fragrances","category-herbal","category-hesperidian","category-woody","tag-hesperides","tag-luca-maffei-en","tag-perris-monte-carlo-en","tag-thyme","excerpt","zoom","full-without-featured","even","excerpt-0"],"yoast_head":"<!-- This site is optimized with the Yoast SEO plugin v27.5 - https:\/\/yoast.com\/product\/yoast-seo-wordpress\/ -->\n<title>Perris Portofino Collection - The beauty of the Ligurian coast &#8211; Das Duft-Tagebuch<\/title>\n<meta name=\"robots\" content=\"index, follow, max-snippet:-1, max-image-preview:large, max-video-preview:-1\" \/>\n<link rel=\"canonical\" href=\"https:\/\/www.alzd.de\/en\/2025\/03\/24\/perris-portofino-collection-the-beauty-of-the-ligurian-coast\/\" \/>\n<meta property=\"og:locale\" content=\"en_US\" \/>\n<meta property=\"og:type\" content=\"article\" \/>\n<meta property=\"og:title\" content=\"Perris Portofino Collection - The beauty of the Ligurian coast &#8211; Das Duft-Tagebuch\" \/>\n<meta property=\"og:description\" content=\"With the Perris Portofino Collection, the Perris Monte Carlo brand takes us to a particularly pretty corner of Italy. Portofino &#8211; which I briefly confused with Positano and&#8230;\" \/>\n<meta property=\"og:url\" content=\"https:\/\/www.alzd.de\/en\/2025\/03\/24\/perris-portofino-collection-the-beauty-of-the-ligurian-coast\/\" \/>\n<meta property=\"og:site_name\" content=\"Das Duft-Tagebuch\" \/>\n<meta property=\"article:publisher\" content=\"https:\/\/www.facebook.com\/dufttagebuch\/\" \/>\n<meta property=\"article:author\" content=\"https:\/\/www.facebook.com\/stephanie.tkaczik\" \/>\n<meta property=\"article:published_time\" content=\"2025-03-24T15:47:29+00:00\" \/>\n<meta property=\"article:modified_time\" content=\"2025-03-25T10:22:01+00:00\" \/>\n<meta property=\"og:image\" content=\"https:\/\/www.alzd.de\/wp-content\/2025\/03\/bbPerrisPortofino.jpg\" \/>\n\t<meta property=\"og:image:width\" content=\"720\" \/>\n\t<meta property=\"og:image:height\" content=\"400\" \/>\n\t<meta property=\"og:image:type\" content=\"image\/jpeg\" \/>\n<meta name=\"author\" content=\"Julia Bir\u00f3\" \/>\n<meta name=\"twitter:card\" content=\"summary_large_image\" \/>\n<meta name=\"twitter:creator\" content=\"@ausliebezumduft\" \/>\n<meta name=\"twitter:site\" content=\"@ausliebezumduft\" \/>\n<script type=\"application\/ld+json\" class=\"yoast-schema-graph\">{\"@context\":\"https:\\\/\\\/schema.org\",\"@graph\":[{\"@type\":\"Article\",\"@id\":\"https:\\\/\\\/www.alzd.de\\\/en\\\/2025\\\/03\\\/24\\\/perris-portofino-collection-the-beauty-of-the-ligurian-coast\\\/#article\",\"isPartOf\":{\"@id\":\"https:\\\/\\\/www.alzd.de\\\/en\\\/2025\\\/03\\\/24\\\/perris-portofino-collection-the-beauty-of-the-ligurian-coast\\\/\"},\"author\":{\"name\":\"Julia Bir\u00f3\",\"@id\":\"https:\\\/\\\/www.alzd.de\\\/en\\\/#\\\/schema\\\/person\\\/8efcd8f02447fdbe8f29ad465897d04e\"},\"headline\":\"Perris Portofino Collection &#8211; The beauty of the Ligurian coast\",\"datePublished\":\"2025-03-24T15:47:29+00:00\",\"dateModified\":\"2025-03-25T10:22:01+00:00\",\"mainEntityOfPage\":{\"@id\":\"https:\\\/\\\/www.alzd.de\\\/en\\\/2025\\\/03\\\/24\\\/perris-portofino-collection-the-beauty-of-the-ligurian-coast\\\/\"},\"wordCount\":793,\"commentCount\":0,\"publisher\":{\"@id\":\"https:\\\/\\\/www.alzd.de\\\/en\\\/#organization\"},\"image\":{\"@id\":\"https:\\\/\\\/www.alzd.de\\\/en\\\/2025\\\/03\\\/24\\\/perris-portofino-collection-the-beauty-of-the-ligurian-coast\\\/#primaryimage\"},\"thumbnailUrl\":\"https:\\\/\\\/www.alzd.de\\\/wp-content\\\/2025\\\/03\\\/bbPerrisPortofino.jpg\",\"keywords\":[\"Hesperides\",\"Luca Maffei\",\"Perris Monte Carlo\",\"Thyme\"],\"articleSection\":[\"Aquatic\",\"Fragrances\",\"Herbal\",\"Hesperidian\",\"Woody\"],\"inLanguage\":\"en-US\",\"potentialAction\":[{\"@type\":\"CommentAction\",\"name\":\"Comment\",\"target\":[\"https:\\\/\\\/www.alzd.de\\\/en\\\/2025\\\/03\\\/24\\\/perris-portofino-collection-the-beauty-of-the-ligurian-coast\\\/#respond\"]}]},{\"@type\":\"WebPage\",\"@id\":\"https:\\\/\\\/www.alzd.de\\\/en\\\/2025\\\/03\\\/24\\\/perris-portofino-collection-the-beauty-of-the-ligurian-coast\\\/\",\"url\":\"https:\\\/\\\/www.alzd.de\\\/en\\\/2025\\\/03\\\/24\\\/perris-portofino-collection-the-beauty-of-the-ligurian-coast\\\/\",\"name\":\"Perris Portofino Collection - The beauty of the Ligurian coast &#8211; Das Duft-Tagebuch\",\"isPartOf\":{\"@id\":\"https:\\\/\\\/www.alzd.de\\\/en\\\/#website\"},\"primaryImageOfPage\":{\"@id\":\"https:\\\/\\\/www.alzd.de\\\/en\\\/2025\\\/03\\\/24\\\/perris-portofino-collection-the-beauty-of-the-ligurian-coast\\\/#primaryimage\"},\"image\":{\"@id\":\"https:\\\/\\\/www.alzd.de\\\/en\\\/2025\\\/03\\\/24\\\/perris-portofino-collection-the-beauty-of-the-ligurian-coast\\\/#primaryimage\"},\"thumbnailUrl\":\"https:\\\/\\\/www.alzd.de\\\/wp-content\\\/2025\\\/03\\\/bbPerrisPortofino.jpg\",\"datePublished\":\"2025-03-24T15:47:29+00:00\",\"dateModified\":\"2025-03-25T10:22:01+00:00\",\"breadcrumb\":{\"@id\":\"https:\\\/\\\/www.alzd.de\\\/en\\\/2025\\\/03\\\/24\\\/perris-portofino-collection-the-beauty-of-the-ligurian-coast\\\/#breadcrumb\"},\"inLanguage\":\"en-US\",\"potentialAction\":[{\"@type\":\"ReadAction\",\"target\":[\"https:\\\/\\\/www.alzd.de\\\/en\\\/2025\\\/03\\\/24\\\/perris-portofino-collection-the-beauty-of-the-ligurian-coast\\\/\"]}]},{\"@type\":\"ImageObject\",\"inLanguage\":\"en-US\",\"@id\":\"https:\\\/\\\/www.alzd.de\\\/en\\\/2025\\\/03\\\/24\\\/perris-portofino-collection-the-beauty-of-the-ligurian-coast\\\/#primaryimage\",\"url\":\"https:\\\/\\\/www.alzd.de\\\/wp-content\\\/2025\\\/03\\\/bbPerrisPortofino.jpg\",\"contentUrl\":\"https:\\\/\\\/www.alzd.de\\\/wp-content\\\/2025\\\/03\\\/bbPerrisPortofino.jpg\",\"width\":720,\"height\":400},{\"@type\":\"BreadcrumbList\",\"@id\":\"https:\\\/\\\/www.alzd.de\\\/en\\\/2025\\\/03\\\/24\\\/perris-portofino-collection-the-beauty-of-the-ligurian-coast\\\/#breadcrumb\",\"itemListElement\":[{\"@type\":\"ListItem\",\"position\":1,\"name\":\"Startseite\",\"item\":\"https:\\\/\\\/www.alzd.de\\\/en\\\/\"},{\"@type\":\"ListItem\",\"position\":2,\"name\":\"Perris Portofino Collection &#8211; The beauty of the Ligurian coast\"}]},{\"@type\":\"WebSite\",\"@id\":\"https:\\\/\\\/www.alzd.de\\\/en\\\/#website\",\"url\":\"https:\\\/\\\/www.alzd.de\\\/en\\\/\",\"name\":\"Das Duft-Tagebuch\",\"description\":\"Das Parfumblog von Aus Liebe zum Duft\",\"publisher\":{\"@id\":\"https:\\\/\\\/www.alzd.de\\\/en\\\/#organization\"},\"potentialAction\":[{\"@type\":\"SearchAction\",\"target\":{\"@type\":\"EntryPoint\",\"urlTemplate\":\"https:\\\/\\\/www.alzd.de\\\/en\\\/?s={search_term_string}\"},\"query-input\":{\"@type\":\"PropertyValueSpecification\",\"valueRequired\":true,\"valueName\":\"search_term_string\"}}],\"inLanguage\":\"en-US\"},{\"@type\":\"Organization\",\"@id\":\"https:\\\/\\\/www.alzd.de\\\/en\\\/#organization\",\"name\":\"Das Duft-Tagebuch\",\"url\":\"https:\\\/\\\/www.alzd.de\\\/en\\\/\",\"logo\":{\"@type\":\"ImageObject\",\"inLanguage\":\"en-US\",\"@id\":\"https:\\\/\\\/www.alzd.de\\\/en\\\/#\\\/schema\\\/logo\\\/image\\\/\",\"url\":\"https:\\\/\\\/www.alzd.de\\\/wp-content\\\/2023\\\/08\\\/alzd_dufttagebuch.png\",\"contentUrl\":\"https:\\\/\\\/www.alzd.de\\\/wp-content\\\/2023\\\/08\\\/alzd_dufttagebuch.png\",\"width\":1804,\"height\":416,\"caption\":\"Das Duft-Tagebuch\"},\"image\":{\"@id\":\"https:\\\/\\\/www.alzd.de\\\/en\\\/#\\\/schema\\\/logo\\\/image\\\/\"},\"sameAs\":[\"https:\\\/\\\/www.facebook.com\\\/dufttagebuch\\\/\",\"https:\\\/\\\/x.com\\\/ausliebezumduft\",\"https:\\\/\\\/www.instagram.com\\\/ausliebezumduft.de\\\/\",\"https:\\\/\\\/www.youtube.com\\\/c\\\/ausliebezumduft\"]},{\"@type\":\"Person\",\"@id\":\"https:\\\/\\\/www.alzd.de\\\/en\\\/#\\\/schema\\\/person\\\/8efcd8f02447fdbe8f29ad465897d04e\",\"name\":\"Julia Bir\u00f3\",\"image\":{\"@type\":\"ImageObject\",\"inLanguage\":\"en-US\",\"@id\":\"https:\\\/\\\/www.alzd.de\\\/wp-content\\\/2018\\\/02\\\/cropped-cropped-mitarbeiterbilder_steffi--96x96.jpg\",\"url\":\"https:\\\/\\\/www.alzd.de\\\/wp-content\\\/2018\\\/02\\\/cropped-cropped-mitarbeiterbilder_steffi--96x96.jpg\",\"contentUrl\":\"https:\\\/\\\/www.alzd.de\\\/wp-content\\\/2018\\\/02\\\/cropped-cropped-mitarbeiterbilder_steffi--96x96.jpg\",\"caption\":\"Julia Bir\u00f3\"},\"description\":\"Bereits 2010 gingen so einige Blogbeitr\u00e4ge auf mein Konto. Dann war ich \u201ekurz\u201c weg \u2013 sechs Jahre. Umso mehr freut es mich, dass ich nun wieder die Chance bekomme, mein N\u00e4schen im Dienste der Duftrezension schnuppern zu lassen und eifrig in die Tasten zu hauen. Was Nischend\u00fcfte angeht, habe ich damals \u00fcbrigens schnell Feuer gefangen. Meine Ausbildung tat dazu ihr \u00dcbriges: Als diplomierte Biologin kenne ich mich nicht nur mit Fauna und Flora, sondern auch recht gut mit der Herstellung von \u00d6len und Extrakten aus, was den Reiz der Parfumwelt nat\u00fcrlich noch gr\u00f6\u00dfer macht.\",\"sameAs\":[\"https:\\\/\\\/biro.is\\\/\",\"https:\\\/\\\/www.facebook.com\\\/stephanie.tkaczik\"],\"url\":\"https:\\\/\\\/www.alzd.de\\\/en\\\/author\\\/stephanie\\\/\"}]}<\/script>\n<!-- \/ Yoast SEO plugin. -->","yoast_head_json":{"title":"Perris Portofino Collection - The beauty of the Ligurian coast &#8211; Das Duft-Tagebuch","robots":{"index":"index","follow":"follow","max-snippet":"max-snippet:-1","max-image-preview":"max-image-preview:large","max-video-preview":"max-video-preview:-1"},"canonical":"https:\/\/www.alzd.de\/en\/2025\/03\/24\/perris-portofino-collection-the-beauty-of-the-ligurian-coast\/","og_locale":"en_US","og_type":"article","og_title":"Perris Portofino Collection - The beauty of the Ligurian coast &#8211; Das Duft-Tagebuch","og_description":"With the Perris Portofino Collection, the Perris Monte Carlo brand takes us to a particularly pretty corner of Italy. Portofino &#8211; which I briefly confused with Positano and&#8230;","og_url":"https:\/\/www.alzd.de\/en\/2025\/03\/24\/perris-portofino-collection-the-beauty-of-the-ligurian-coast\/","og_site_name":"Das Duft-Tagebuch","article_publisher":"https:\/\/www.facebook.com\/dufttagebuch\/","article_author":"https:\/\/www.facebook.com\/stephanie.tkaczik","article_published_time":"2025-03-24T15:47:29+00:00","article_modified_time":"2025-03-25T10:22:01+00:00","og_image":[{"width":720,"height":400,"url":"https:\/\/www.alzd.de\/wp-content\/2025\/03\/bbPerrisPortofino.jpg","type":"image\/jpeg"}],"author":"Julia Bir\u00f3","twitter_card":"summary_large_image","twitter_creator":"@ausliebezumduft","twitter_site":"@ausliebezumduft","schema":{"@context":"https:\/\/schema.org","@graph":[{"@type":"Article","@id":"https:\/\/www.alzd.de\/en\/2025\/03\/24\/perris-portofino-collection-the-beauty-of-the-ligurian-coast\/#article","isPartOf":{"@id":"https:\/\/www.alzd.de\/en\/2025\/03\/24\/perris-portofino-collection-the-beauty-of-the-ligurian-coast\/"},"author":{"name":"Julia Bir\u00f3","@id":"https:\/\/www.alzd.de\/en\/#\/schema\/person\/8efcd8f02447fdbe8f29ad465897d04e"},"headline":"Perris Portofino Collection &#8211; The beauty of the Ligurian coast","datePublished":"2025-03-24T15:47:29+00:00","dateModified":"2025-03-25T10:22:01+00:00","mainEntityOfPage":{"@id":"https:\/\/www.alzd.de\/en\/2025\/03\/24\/perris-portofino-collection-the-beauty-of-the-ligurian-coast\/"},"wordCount":793,"commentCount":0,"publisher":{"@id":"https:\/\/www.alzd.de\/en\/#organization"},"image":{"@id":"https:\/\/www.alzd.de\/en\/2025\/03\/24\/perris-portofino-collection-the-beauty-of-the-ligurian-coast\/#primaryimage"},"thumbnailUrl":"https:\/\/www.alzd.de\/wp-content\/2025\/03\/bbPerrisPortofino.jpg","keywords":["Hesperides","Luca Maffei","Perris Monte Carlo","Thyme"],"articleSection":["Aquatic","Fragrances","Herbal","Hesperidian","Woody"],"inLanguage":"en-US","potentialAction":[{"@type":"CommentAction","name":"Comment","target":["https:\/\/www.alzd.de\/en\/2025\/03\/24\/perris-portofino-collection-the-beauty-of-the-ligurian-coast\/#respond"]}]},{"@type":"WebPage","@id":"https:\/\/www.alzd.de\/en\/2025\/03\/24\/perris-portofino-collection-the-beauty-of-the-ligurian-coast\/","url":"https:\/\/www.alzd.de\/en\/2025\/03\/24\/perris-portofino-collection-the-beauty-of-the-ligurian-coast\/","name":"Perris Portofino Collection - The beauty of the Ligurian coast &#8211; Das Duft-Tagebuch","isPartOf":{"@id":"https:\/\/www.alzd.de\/en\/#website"},"primaryImageOfPage":{"@id":"https:\/\/www.alzd.de\/en\/2025\/03\/24\/perris-portofino-collection-the-beauty-of-the-ligurian-coast\/#primaryimage"},"image":{"@id":"https:\/\/www.alzd.de\/en\/2025\/03\/24\/perris-portofino-collection-the-beauty-of-the-ligurian-coast\/#primaryimage"},"thumbnailUrl":"https:\/\/www.alzd.de\/wp-content\/2025\/03\/bbPerrisPortofino.jpg","datePublished":"2025-03-24T15:47:29+00:00","dateModified":"2025-03-25T10:22:01+00:00","breadcrumb":{"@id":"https:\/\/www.alzd.de\/en\/2025\/03\/24\/perris-portofino-collection-the-beauty-of-the-ligurian-coast\/#breadcrumb"},"inLanguage":"en-US","potentialAction":[{"@type":"ReadAction","target":["https:\/\/www.alzd.de\/en\/2025\/03\/24\/perris-portofino-collection-the-beauty-of-the-ligurian-coast\/"]}]},{"@type":"ImageObject","inLanguage":"en-US","@id":"https:\/\/www.alzd.de\/en\/2025\/03\/24\/perris-portofino-collection-the-beauty-of-the-ligurian-coast\/#primaryimage","url":"https:\/\/www.alzd.de\/wp-content\/2025\/03\/bbPerrisPortofino.jpg","contentUrl":"https:\/\/www.alzd.de\/wp-content\/2025\/03\/bbPerrisPortofino.jpg","width":720,"height":400},{"@type":"BreadcrumbList","@id":"https:\/\/www.alzd.de\/en\/2025\/03\/24\/perris-portofino-collection-the-beauty-of-the-ligurian-coast\/#breadcrumb","itemListElement":[{"@type":"ListItem","position":1,"name":"Startseite","item":"https:\/\/www.alzd.de\/en\/"},{"@type":"ListItem","position":2,"name":"Perris Portofino Collection &#8211; The beauty of the Ligurian coast"}]},{"@type":"WebSite","@id":"https:\/\/www.alzd.de\/en\/#website","url":"https:\/\/www.alzd.de\/en\/","name":"Das Duft-Tagebuch","description":"Das Parfumblog von Aus Liebe zum Duft","publisher":{"@id":"https:\/\/www.alzd.de\/en\/#organization"},"potentialAction":[{"@type":"SearchAction","target":{"@type":"EntryPoint","urlTemplate":"https:\/\/www.alzd.de\/en\/?s={search_term_string}"},"query-input":{"@type":"PropertyValueSpecification","valueRequired":true,"valueName":"search_term_string"}}],"inLanguage":"en-US"},{"@type":"Organization","@id":"https:\/\/www.alzd.de\/en\/#organization","name":"Das Duft-Tagebuch","url":"https:\/\/www.alzd.de\/en\/","logo":{"@type":"ImageObject","inLanguage":"en-US","@id":"https:\/\/www.alzd.de\/en\/#\/schema\/logo\/image\/","url":"https:\/\/www.alzd.de\/wp-content\/2023\/08\/alzd_dufttagebuch.png","contentUrl":"https:\/\/www.alzd.de\/wp-content\/2023\/08\/alzd_dufttagebuch.png","width":1804,"height":416,"caption":"Das Duft-Tagebuch"},"image":{"@id":"https:\/\/www.alzd.de\/en\/#\/schema\/logo\/image\/"},"sameAs":["https:\/\/www.facebook.com\/dufttagebuch\/","https:\/\/x.com\/ausliebezumduft","https:\/\/www.instagram.com\/ausliebezumduft.de\/","https:\/\/www.youtube.com\/c\/ausliebezumduft"]},{"@type":"Person","@id":"https:\/\/www.alzd.de\/en\/#\/schema\/person\/8efcd8f02447fdbe8f29ad465897d04e","name":"Julia Bir\u00f3","image":{"@type":"ImageObject","inLanguage":"en-US","@id":"https:\/\/www.alzd.de\/wp-content\/2018\/02\/cropped-cropped-mitarbeiterbilder_steffi--96x96.jpg","url":"https:\/\/www.alzd.de\/wp-content\/2018\/02\/cropped-cropped-mitarbeiterbilder_steffi--96x96.jpg","contentUrl":"https:\/\/www.alzd.de\/wp-content\/2018\/02\/cropped-cropped-mitarbeiterbilder_steffi--96x96.jpg","caption":"Julia Bir\u00f3"},"description":"Bereits 2010 gingen so einige Blogbeitr\u00e4ge auf mein Konto. Dann war ich \u201ekurz\u201c weg \u2013 sechs Jahre. Umso mehr freut es mich, dass ich nun wieder die Chance bekomme, mein N\u00e4schen im Dienste der Duftrezension schnuppern zu lassen und eifrig in die Tasten zu hauen. Was Nischend\u00fcfte angeht, habe ich damals \u00fcbrigens schnell Feuer gefangen. Meine Ausbildung tat dazu ihr \u00dcbriges: Als diplomierte Biologin kenne ich mich nicht nur mit Fauna und Flora, sondern auch recht gut mit der Herstellung von \u00d6len und Extrakten aus, was den Reiz der Parfumwelt nat\u00fcrlich noch gr\u00f6\u00dfer macht.","sameAs":["https:\/\/biro.is\/","https:\/\/www.facebook.com\/stephanie.tkaczik"],"url":"https:\/\/www.alzd.de\/en\/author\/stephanie\/"}]}},"wp-worthy-pixel":{"ignored":false,"public":null,"server":null,"url":null},"wp-worthy-type":"normal","_links":{"self":[{"href":"https:\/\/www.alzd.de\/en\/wp-json\/wp\/v2\/posts\/123942","targetHints":{"allow":["GET"]}}],"collection":[{"href":"https:\/\/www.alzd.de\/en\/wp-json\/wp\/v2\/posts"}],"about":[{"href":"https:\/\/www.alzd.de\/en\/wp-json\/wp\/v2\/types\/post"}],"author":[{"embeddable":true,"href":"https:\/\/www.alzd.de\/en\/wp-json\/wp\/v2\/users\/535"}],"replies":[{"embeddable":true,"href":"https:\/\/www.alzd.de\/en\/wp-json\/wp\/v2\/comments?post=123942"}],"version-history":[{"count":5,"href":"https:\/\/www.alzd.de\/en\/wp-json\/wp\/v2\/posts\/123942\/revisions"}],"predecessor-version":[{"id":123968,"href":"https:\/\/www.alzd.de\/en\/wp-json\/wp\/v2\/posts\/123942\/revisions\/123968"}],"wp:featuredmedia":[{"embeddable":true,"href":"https:\/\/www.alzd.de\/en\/wp-json\/wp\/v2\/media\/123946"}],"wp:attachment":[{"href":"https:\/\/www.alzd.de\/en\/wp-json\/wp\/v2\/media?parent=123942"}],"wp:term":[{"taxonomy":"category","embeddable":true,"href":"https:\/\/www.alzd.de\/en\/wp-json\/wp\/v2\/categories?post=123942"},{"taxonomy":"post_tag","embeddable":true,"href":"https:\/\/www.alzd.de\/en\/wp-json\/wp\/v2\/tags?post=123942"}],"curies":[{"name":"wp","href":"https:\/\/api.w.org\/{rel}","templated":true}]}}