{"id":123571,"date":"2025-03-05T14:56:10","date_gmt":"2025-03-05T13:56:10","guid":{"rendered":"https:\/\/www.alzd.de\/2025\/03\/05\/rose-noire-and-cote-maquis-by-lobjet\/"},"modified":"2025-03-05T15:00:14","modified_gmt":"2025-03-05T14:00:14","slug":"rose-noire-and-cote-maquis-by-lobjet","status":"publish","type":"post","link":"https:\/\/www.alzd.de\/en\/2025\/03\/05\/rose-noire-and-cote-maquis-by-lobjet\/","title":{"rendered":"Rose Noire and C\u00f4t\u00e9 Maquis by L&#8217;Objet &#8211; Of dark roses and the Corsican maquis"},"content":{"rendered":"\n<p>In the second part on the <a href=\"https:\/\/www.ausliebezumduft.de\/fragrances\/l-objet.html\" target=\"_blank\" rel=\"noreferrer noopener\">L&#8217;Objet<\/a> brand, I would like to introduce you to the two eaux de parfum <a href=\"https:\/\/www.ausliebezumduft.de\/l-objet-rose-noire.html\" target=\"_blank\" rel=\"noreferrer noopener\">Rose Noire<\/a> and <a href=\"https:\/\/www.ausliebezumduft.de\/l-objet-cote-maquis.html\" target=\"_blank\" rel=\"noreferrer noopener\">C\u00f4t\u00e9 Maquis<\/a>. Yesterday, my article <a href=\"https:\/\/www.alzd.de\/en\/2025\/03\/04\/lobjet-when-art-becomes-fragrance\/\">L&#8217;Objet &#8211; When art becomes fragrance<\/a> was about the label itself, which initially concentrated on luxurious designer tableware and accessories for the home and table design, before launching its own Apothecary range of skincare products and bath salts in recent years. Most recently, room fragrances and perfumes have been added to the portfolio of the brand founded by Elad Yifrach in California in 2004, enriching the L&#8217;Objet range both visually and olfactorily.  <\/p>\n<div class=\"wp-block-image\">\n<figure class=\"aligncenter size-large\"><img decoding=\"async\" width=\"720\" height=\"1080\" src=\"https:\/\/www.alzd.de\/wp-content\/2025\/03\/fall2024_edp_rosenoire_0362-720x1080.jpg\" alt=\"L'Objet - Rose Noire\" class=\"wp-image-123539\" title=\"L'Objet - Rose Noire\" srcset=\"https:\/\/www.alzd.de\/wp-content\/2025\/03\/fall2024_edp_rosenoire_0362-720x1080.jpg 720w, https:\/\/www.alzd.de\/wp-content\/2025\/03\/fall2024_edp_rosenoire_0362-480x720.jpg 480w, https:\/\/www.alzd.de\/wp-content\/2025\/03\/fall2024_edp_rosenoire_0362-240x360.jpg 240w, https:\/\/www.alzd.de\/wp-content\/2025\/03\/fall2024_edp_rosenoire_0362-768x1152.jpg 768w, https:\/\/www.alzd.de\/wp-content\/2025\/03\/fall2024_edp_rosenoire_0362-1024x1536.jpg 1024w\" sizes=\"(max-width: 720px) 100vw, 720px\" \/><\/figure>\n<\/div>\n<p>Yesterday I also introduced you to <a href=\"https:\/\/www.ausliebezumduft.de\/l-objet-oh-mon-dieu.html\" target=\"_blank\" rel=\"noreferrer noopener\">Oh Mon Dieu!<\/a> eau de parfum, which I really liked. Even after several hours, the scent was still perceptible on my skin and still really great. Yesterday I already gave my recommendation for the creation and I am very excited to see what today&#8217;s two compositions have to offer.  <\/p>\n\n<h2 class=\"wp-block-heading\">Rose Noire &#8211; Rose at dusk<\/h2>\n\n<p>It should be relatively clear that <a href=\"https:\/\/www.ausliebezumduft.de\/l-objet-rose-noire.html\" target=\"_blank\" rel=\"noreferrer noopener\">Rose Noire<\/a> is a rose fragrance. When reading the ingredients, I am pleased that one ingredient that is often used in combination with the queen of flowers is missing. Oud is <em>not<\/em> listed, but rather <strong>allspice, white pepper, rose, tea<\/strong> and <strong>moss<\/strong>. So it&#8217;s quite clear in terms of the number of fragrance notes. The name component Noir(e) suggests a black, dark rose, which I cannot make out from the ingredients at first glance.      <\/p>\n\n<p>Let us be surprised by what perfumer Yann Vasnier has created here for the L&#8217;Objet brand. The press release gives us the following information: &#8220;The essence of a rose garden at dusk, when the elements come together in a velvety blend of exotic flowers contrasting with earthy spices and Ceylon tea.&#8221; <\/p>\n<div class=\"wp-block-image\">\n<figure class=\"aligncenter size-large\"><img decoding=\"async\" width=\"720\" height=\"1080\" src=\"https:\/\/www.alzd.de\/wp-content\/2025\/03\/fall2024_edp_rosenoire_0494-720x1080.jpg\" alt=\"L'Objet - Rose Noire\" class=\"wp-image-123501\" title=\"L'Objet - Rose Noire\" srcset=\"https:\/\/www.alzd.de\/wp-content\/2025\/03\/fall2024_edp_rosenoire_0494-720x1080.jpg 720w, https:\/\/www.alzd.de\/wp-content\/2025\/03\/fall2024_edp_rosenoire_0494-480x720.jpg 480w, https:\/\/www.alzd.de\/wp-content\/2025\/03\/fall2024_edp_rosenoire_0494-240x360.jpg 240w, https:\/\/www.alzd.de\/wp-content\/2025\/03\/fall2024_edp_rosenoire_0494-768x1151.jpg 768w, https:\/\/www.alzd.de\/wp-content\/2025\/03\/fall2024_edp_rosenoire_0494-1025x1536.jpg 1025w\" sizes=\"(max-width: 720px) 100vw, 720px\" \/><\/figure>\n<\/div>\n<p>Rose Noire is the kind of rose I like. In fact, it is not overly dark, but rather spicy, transparent and a little thoughtful. Not a youthful, carefree rose in squeaky pink, but an elegant, mature and also a little sophisticated rose that has both feet firmly on the ground. Opening with dry, cool and fresh notes of allspice and white pepper, the queen of flowers is soon joined by flowing notes reminiscent of green tea, which lend her additional calm and depth. Creamy, earthy nuances finally bring the fragrance to a close.   <\/p>\n\n<p>The eau de parfum by L&#8217;Objet is a gentle, cozy and finely balanced rose fragrance that is nuanced with spicy-dry, flowing-greenish and cozy-soft notes and which I would classify as relatively unsweet and calming. Perfect for anyone who likes meditative, transparent and modern rose fragrances without a lot of chichi and glitter. I would describe myself as a rose skeptic, but I would wear this eau de parfum immediately, for any occasion and any season. A floral all-rounder that is wonderfully unagitated and beautifully composed. Big rose noire love for me! \ud83c\udf39<\/p>\n\n<div class=\"wp-block-buttons is-content-justification-center is-layout-flex wp-container-core-buttons-is-layout-16018d1d wp-block-buttons-is-layout-flex\">\n<div class=\"wp-block-button has-custom-width wp-block-button__width-50\"><a class=\"wp-block-button__link has-white-color has-text-color has-background has-link-color wp-element-button\" href=\"https:\/\/www.ausliebezumduft.de\/l-objet-rose-noire.html\" style=\"background-color:#740410\" target=\"_blank\" rel=\"noreferrer noopener\"><strong>Rose Noire<\/strong><\/a><\/div>\n<\/div>\n\n<div style=\"height:100px\" aria-hidden=\"true\" class=\"wp-block-spacer\"><\/div>\n\n<h2 class=\"wp-block-heading\">C\u00f4t\u00e9 Maquis &#8211; Corsica&#8217;s landscapes<\/h2>\n\n<p><a href=\"https:\/\/www.ausliebezumduft.de\/l-objet-cote-maquis.html\" target=\"_blank\" rel=\"noreferrer noopener\">C\u00f4t\u00e9 Maquis<\/a> is dedicated to the French Mediterranean island of Corsica, its rocky, rugged terrain, the characteristic maquis, the evergreen scrubland overgrown with low shrubs that covers so many regions of the Mediterranean. C\u00f4t\u00e9 can be translated as &#8220;coast&#8221; or &#8220;side&#8221;. Maquis is the French word for scrubland. The proximity to the sea, as Corsica is surrounded by it, can also be seen in the ingredients that I would like to list below: <strong>salty notes, incense, labdanum (cistus)<\/strong> and <strong>cashmere wood<\/strong>. Here too, Yann Vasnier has acted with restraint in terms of quantity &#8211; at least as far as the official fragrance notes are concerned. Once again, class rather than quantity seems to be the motto of this very special label.     <\/p>\n\n<figure class=\"wp-block-video aligncenter\"><video height=\"1920\" style=\"aspect-ratio: 1080 \/ 1920;\" width=\"1080\" controls=\"\" src=\"https:\/\/www.alzd.de\/wp-content\/2025\/03\/EDP_Master_CM_FullHD_9_16_150323.mp4\"><\/video><\/figure>\n\n<p>C\u00f4t\u00e9 Maquis opens with earthy, smoky and mineral notes thanks to cool incense, which is accompanied by a tart, dry saltiness. Rugged rocks are broken up by aromatic, herbaceous greenery. Waves meet cliffs. The wind carries a gentle sea breeze that skillfully underlines the herbaceous-earthy and woody-resinous notes of the creation. Gradually, I perceive the sweetish-balsamic accents of labdanum, which, together with fine cashmere wood, provide a cozy and comforting rounding.    <\/p>\n\n<p>C\u00f4t\u00e9 Maquis is an extraordinary, salty-balsamic incense fragrance that undergoes an exciting temperature change for me. Cool, dry, rather rough, a little harsh and mineral at first, the eau de parfum gradually develops into a sweet, herbaceous, greenish-soft fragrance that actually reminds me of the sun-warmed maquis. This creation also has a rather thoughtful, calm and reserved effect on me, despite its presence. I tend to find the composition rather masculine, otherwise I would classify C\u00f4t\u00e9 Maquis as an evergreen in terms of season and occasion. Anyone who loves the scent of the maquis should definitely keep this eau de parfum in mind.    <\/p>\n\n<div class=\"wp-block-buttons is-content-justification-center is-layout-flex wp-container-core-buttons-is-layout-16018d1d wp-block-buttons-is-layout-flex\">\n<div class=\"wp-block-button has-custom-width wp-block-button__width-50\"><a class=\"wp-block-button__link has-white-color has-text-color has-background has-link-color wp-element-button\" href=\"https:\/\/www.ausliebezumduft.de\/l-objet-cote-maquis.html\" style=\"background-color:#501703\" target=\"_blank\" rel=\"noreferrer noopener\"><strong>C\u00f4t\u00e9 Maquis<\/strong><\/a><\/div>\n<\/div>\n","protected":false},"excerpt":{"rendered":"<p>In the second part on the L&#8217;Objet brand, I would like to introduce you to the two eaux de parfum Rose Noire and C\u00f4t\u00e9 Maquis. Yesterday, my article&#8230;<\/p>\n<div class=\"more-link-wrapper\"><a class=\"more-link\" href=\"https:\/\/www.alzd.de\/en\/2025\/03\/05\/rose-noire-and-cote-maquis-by-lobjet\/\">WEITERLESEN<span class=\"screen-reader-text\">Rose Noire and C\u00f4t\u00e9 Maquis by L&#8217;Objet &#8211; Of dark roses and the Corsican maquis<\/span><\/a><\/div>\n","protected":false},"author":535,"featured_media":123568,"comment_status":"open","ping_status":"closed","sticky":false,"template":"","format":"standard","meta":{"footnotes":""},"categories":[1151,1117,1159,1113,1114],"tags":[1595,2090,124,535],"class_list":["post-123571","post","type-post","status-publish","format-standard","has-post-thumbnail","hentry","category-flowers","category-fragrances","category-herbal","category-spicy","category-woody","tag-incense","tag-lobjet","tag-rose","tag-yann-vasnier","excerpt","zoom","full-without-featured","even","excerpt-0"],"yoast_head":"<!-- This site is optimized with the Yoast SEO plugin v27.5 - https:\/\/yoast.com\/product\/yoast-seo-wordpress\/ -->\n<title>Rose Noire and C\u00f4t\u00e9 Maquis by L&#039;Objet - Fragrance Diary<\/title>\n<meta name=\"description\" content=\"In the second part about the brand L&#039;Objet I would like to introduce you to the two Eaux de Parfum Rose Noire and C\u00f4t\u00e9 Maquis. Yesterday we went to ...\" \/>\n<meta name=\"robots\" content=\"index, follow, max-snippet:-1, max-image-preview:large, max-video-preview:-1\" \/>\n<link rel=\"canonical\" href=\"https:\/\/www.alzd.de\/en\/2025\/03\/05\/rose-noire-and-cote-maquis-by-lobjet\/\" \/>\n<meta property=\"og:locale\" content=\"en_US\" \/>\n<meta property=\"og:type\" content=\"article\" \/>\n<meta property=\"og:title\" content=\"Rose Noire and C\u00f4t\u00e9 Maquis by L&#039;Objet - Fragrance Diary\" \/>\n<meta property=\"og:url\" content=\"https:\/\/www.alzd.de\/en\/2025\/03\/05\/rose-noire-and-cote-maquis-by-lobjet\/\" \/>\n<meta property=\"og:site_name\" content=\"Das Duft-Tagebuch\" \/>\n<meta property=\"article:publisher\" content=\"https:\/\/www.facebook.com\/dufttagebuch\/\" \/>\n<meta property=\"article:author\" content=\"https:\/\/www.facebook.com\/stephanie.tkaczik\" \/>\n<meta property=\"article:published_time\" content=\"2025-03-05T13:56:10+00:00\" \/>\n<meta property=\"article:modified_time\" content=\"2025-03-05T14:00:14+00:00\" \/>\n<meta property=\"og:image\" content=\"https:\/\/www.alzd.de\/wp-content\/2025\/03\/bbrosenoire_0362.jpg\" \/>\n\t<meta property=\"og:image:width\" content=\"719\" \/>\n\t<meta property=\"og:image:height\" content=\"400\" \/>\n\t<meta property=\"og:image:type\" content=\"image\/jpeg\" \/>\n<meta name=\"author\" content=\"Julia Bir\u00f3\" \/>\n<meta name=\"twitter:card\" content=\"summary_large_image\" \/>\n<meta name=\"twitter:creator\" content=\"@ausliebezumduft\" \/>\n<meta name=\"twitter:site\" content=\"@ausliebezumduft\" \/>\n<script type=\"application\/ld+json\" class=\"yoast-schema-graph\">{\"@context\":\"https:\\\/\\\/schema.org\",\"@graph\":[{\"@type\":\"Article\",\"@id\":\"https:\\\/\\\/www.alzd.de\\\/en\\\/2025\\\/03\\\/05\\\/rose-noire-and-cote-maquis-by-lobjet\\\/#article\",\"isPartOf\":{\"@id\":\"https:\\\/\\\/www.alzd.de\\\/en\\\/2025\\\/03\\\/05\\\/rose-noire-and-cote-maquis-by-lobjet\\\/\"},\"author\":{\"name\":\"Julia Bir\u00f3\",\"@id\":\"https:\\\/\\\/www.alzd.de\\\/en\\\/#\\\/schema\\\/person\\\/8efcd8f02447fdbe8f29ad465897d04e\"},\"headline\":\"Rose Noire and C\u00f4t\u00e9 Maquis by L&#8217;Objet &#8211; Of dark roses and the Corsican maquis\",\"datePublished\":\"2025-03-05T13:56:10+00:00\",\"dateModified\":\"2025-03-05T14:00:14+00:00\",\"mainEntityOfPage\":{\"@id\":\"https:\\\/\\\/www.alzd.de\\\/en\\\/2025\\\/03\\\/05\\\/rose-noire-and-cote-maquis-by-lobjet\\\/\"},\"wordCount\":813,\"commentCount\":0,\"publisher\":{\"@id\":\"https:\\\/\\\/www.alzd.de\\\/en\\\/#organization\"},\"image\":{\"@id\":\"https:\\\/\\\/www.alzd.de\\\/en\\\/2025\\\/03\\\/05\\\/rose-noire-and-cote-maquis-by-lobjet\\\/#primaryimage\"},\"thumbnailUrl\":\"https:\\\/\\\/www.alzd.de\\\/wp-content\\\/2025\\\/03\\\/bbrosenoire_0362.jpg\",\"keywords\":[\"Incense\",\"L\u2019Objet\",\"Rose\",\"Yann Vasnier\"],\"articleSection\":[\"Flowers\",\"Fragrances\",\"Herbal\",\"Spicy\",\"Woody\"],\"inLanguage\":\"en-US\",\"potentialAction\":[{\"@type\":\"CommentAction\",\"name\":\"Comment\",\"target\":[\"https:\\\/\\\/www.alzd.de\\\/en\\\/2025\\\/03\\\/05\\\/rose-noire-and-cote-maquis-by-lobjet\\\/#respond\"]}]},{\"@type\":\"WebPage\",\"@id\":\"https:\\\/\\\/www.alzd.de\\\/en\\\/2025\\\/03\\\/05\\\/rose-noire-and-cote-maquis-by-lobjet\\\/\",\"url\":\"https:\\\/\\\/www.alzd.de\\\/en\\\/2025\\\/03\\\/05\\\/rose-noire-and-cote-maquis-by-lobjet\\\/\",\"name\":\"Rose Noire and C\u00f4t\u00e9 Maquis by L'Objet - Fragrance Diary\",\"isPartOf\":{\"@id\":\"https:\\\/\\\/www.alzd.de\\\/en\\\/#website\"},\"primaryImageOfPage\":{\"@id\":\"https:\\\/\\\/www.alzd.de\\\/en\\\/2025\\\/03\\\/05\\\/rose-noire-and-cote-maquis-by-lobjet\\\/#primaryimage\"},\"image\":{\"@id\":\"https:\\\/\\\/www.alzd.de\\\/en\\\/2025\\\/03\\\/05\\\/rose-noire-and-cote-maquis-by-lobjet\\\/#primaryimage\"},\"thumbnailUrl\":\"https:\\\/\\\/www.alzd.de\\\/wp-content\\\/2025\\\/03\\\/bbrosenoire_0362.jpg\",\"datePublished\":\"2025-03-05T13:56:10+00:00\",\"dateModified\":\"2025-03-05T14:00:14+00:00\",\"description\":\"In the second part about the brand L'Objet I would like to introduce you to the two Eaux de Parfum Rose Noire and C\u00f4t\u00e9 Maquis. Yesterday we went to ...\",\"breadcrumb\":{\"@id\":\"https:\\\/\\\/www.alzd.de\\\/en\\\/2025\\\/03\\\/05\\\/rose-noire-and-cote-maquis-by-lobjet\\\/#breadcrumb\"},\"inLanguage\":\"en-US\",\"potentialAction\":[{\"@type\":\"ReadAction\",\"target\":[\"https:\\\/\\\/www.alzd.de\\\/en\\\/2025\\\/03\\\/05\\\/rose-noire-and-cote-maquis-by-lobjet\\\/\"]}]},{\"@type\":\"ImageObject\",\"inLanguage\":\"en-US\",\"@id\":\"https:\\\/\\\/www.alzd.de\\\/en\\\/2025\\\/03\\\/05\\\/rose-noire-and-cote-maquis-by-lobjet\\\/#primaryimage\",\"url\":\"https:\\\/\\\/www.alzd.de\\\/wp-content\\\/2025\\\/03\\\/bbrosenoire_0362.jpg\",\"contentUrl\":\"https:\\\/\\\/www.alzd.de\\\/wp-content\\\/2025\\\/03\\\/bbrosenoire_0362.jpg\",\"width\":719,\"height\":400},{\"@type\":\"BreadcrumbList\",\"@id\":\"https:\\\/\\\/www.alzd.de\\\/en\\\/2025\\\/03\\\/05\\\/rose-noire-and-cote-maquis-by-lobjet\\\/#breadcrumb\",\"itemListElement\":[{\"@type\":\"ListItem\",\"position\":1,\"name\":\"Startseite\",\"item\":\"https:\\\/\\\/www.alzd.de\\\/en\\\/\"},{\"@type\":\"ListItem\",\"position\":2,\"name\":\"Rose Noire and C\u00f4t\u00e9 Maquis by L&#8217;Objet &#8211; Of dark roses and the Corsican maquis\"}]},{\"@type\":\"WebSite\",\"@id\":\"https:\\\/\\\/www.alzd.de\\\/en\\\/#website\",\"url\":\"https:\\\/\\\/www.alzd.de\\\/en\\\/\",\"name\":\"Das Duft-Tagebuch\",\"description\":\"Das Parfumblog von Aus Liebe zum Duft\",\"publisher\":{\"@id\":\"https:\\\/\\\/www.alzd.de\\\/en\\\/#organization\"},\"potentialAction\":[{\"@type\":\"SearchAction\",\"target\":{\"@type\":\"EntryPoint\",\"urlTemplate\":\"https:\\\/\\\/www.alzd.de\\\/en\\\/?s={search_term_string}\"},\"query-input\":{\"@type\":\"PropertyValueSpecification\",\"valueRequired\":true,\"valueName\":\"search_term_string\"}}],\"inLanguage\":\"en-US\"},{\"@type\":\"Organization\",\"@id\":\"https:\\\/\\\/www.alzd.de\\\/en\\\/#organization\",\"name\":\"Das Duft-Tagebuch\",\"url\":\"https:\\\/\\\/www.alzd.de\\\/en\\\/\",\"logo\":{\"@type\":\"ImageObject\",\"inLanguage\":\"en-US\",\"@id\":\"https:\\\/\\\/www.alzd.de\\\/en\\\/#\\\/schema\\\/logo\\\/image\\\/\",\"url\":\"https:\\\/\\\/www.alzd.de\\\/wp-content\\\/2023\\\/08\\\/alzd_dufttagebuch.png\",\"contentUrl\":\"https:\\\/\\\/www.alzd.de\\\/wp-content\\\/2023\\\/08\\\/alzd_dufttagebuch.png\",\"width\":1804,\"height\":416,\"caption\":\"Das Duft-Tagebuch\"},\"image\":{\"@id\":\"https:\\\/\\\/www.alzd.de\\\/en\\\/#\\\/schema\\\/logo\\\/image\\\/\"},\"sameAs\":[\"https:\\\/\\\/www.facebook.com\\\/dufttagebuch\\\/\",\"https:\\\/\\\/x.com\\\/ausliebezumduft\",\"https:\\\/\\\/www.instagram.com\\\/ausliebezumduft.de\\\/\",\"https:\\\/\\\/www.youtube.com\\\/c\\\/ausliebezumduft\"]},{\"@type\":\"Person\",\"@id\":\"https:\\\/\\\/www.alzd.de\\\/en\\\/#\\\/schema\\\/person\\\/8efcd8f02447fdbe8f29ad465897d04e\",\"name\":\"Julia Bir\u00f3\",\"image\":{\"@type\":\"ImageObject\",\"inLanguage\":\"en-US\",\"@id\":\"https:\\\/\\\/www.alzd.de\\\/wp-content\\\/2018\\\/02\\\/cropped-cropped-mitarbeiterbilder_steffi--96x96.jpg\",\"url\":\"https:\\\/\\\/www.alzd.de\\\/wp-content\\\/2018\\\/02\\\/cropped-cropped-mitarbeiterbilder_steffi--96x96.jpg\",\"contentUrl\":\"https:\\\/\\\/www.alzd.de\\\/wp-content\\\/2018\\\/02\\\/cropped-cropped-mitarbeiterbilder_steffi--96x96.jpg\",\"caption\":\"Julia Bir\u00f3\"},\"description\":\"Bereits 2010 gingen so einige Blogbeitr\u00e4ge auf mein Konto. Dann war ich \u201ekurz\u201c weg \u2013 sechs Jahre. Umso mehr freut es mich, dass ich nun wieder die Chance bekomme, mein N\u00e4schen im Dienste der Duftrezension schnuppern zu lassen und eifrig in die Tasten zu hauen. Was Nischend\u00fcfte angeht, habe ich damals \u00fcbrigens schnell Feuer gefangen. Meine Ausbildung tat dazu ihr \u00dcbriges: Als diplomierte Biologin kenne ich mich nicht nur mit Fauna und Flora, sondern auch recht gut mit der Herstellung von \u00d6len und Extrakten aus, was den Reiz der Parfumwelt nat\u00fcrlich noch gr\u00f6\u00dfer macht.\",\"sameAs\":[\"https:\\\/\\\/biro.is\\\/\",\"https:\\\/\\\/www.facebook.com\\\/stephanie.tkaczik\"],\"url\":\"https:\\\/\\\/www.alzd.de\\\/en\\\/author\\\/stephanie\\\/\"}]}<\/script>\n<!-- \/ Yoast SEO plugin. -->","yoast_head_json":{"title":"Rose Noire and C\u00f4t\u00e9 Maquis by L'Objet - Fragrance Diary","description":"In the second part about the brand L'Objet I would like to introduce you to the two Eaux de Parfum Rose Noire and C\u00f4t\u00e9 Maquis. Yesterday we went to ...","robots":{"index":"index","follow":"follow","max-snippet":"max-snippet:-1","max-image-preview":"max-image-preview:large","max-video-preview":"max-video-preview:-1"},"canonical":"https:\/\/www.alzd.de\/en\/2025\/03\/05\/rose-noire-and-cote-maquis-by-lobjet\/","og_locale":"en_US","og_type":"article","og_title":"Rose Noire and C\u00f4t\u00e9 Maquis by L'Objet - Fragrance Diary","og_url":"https:\/\/www.alzd.de\/en\/2025\/03\/05\/rose-noire-and-cote-maquis-by-lobjet\/","og_site_name":"Das Duft-Tagebuch","article_publisher":"https:\/\/www.facebook.com\/dufttagebuch\/","article_author":"https:\/\/www.facebook.com\/stephanie.tkaczik","article_published_time":"2025-03-05T13:56:10+00:00","article_modified_time":"2025-03-05T14:00:14+00:00","og_image":[{"width":719,"height":400,"url":"https:\/\/www.alzd.de\/wp-content\/2025\/03\/bbrosenoire_0362.jpg","type":"image\/jpeg"}],"author":"Julia Bir\u00f3","twitter_card":"summary_large_image","twitter_creator":"@ausliebezumduft","twitter_site":"@ausliebezumduft","schema":{"@context":"https:\/\/schema.org","@graph":[{"@type":"Article","@id":"https:\/\/www.alzd.de\/en\/2025\/03\/05\/rose-noire-and-cote-maquis-by-lobjet\/#article","isPartOf":{"@id":"https:\/\/www.alzd.de\/en\/2025\/03\/05\/rose-noire-and-cote-maquis-by-lobjet\/"},"author":{"name":"Julia Bir\u00f3","@id":"https:\/\/www.alzd.de\/en\/#\/schema\/person\/8efcd8f02447fdbe8f29ad465897d04e"},"headline":"Rose Noire and C\u00f4t\u00e9 Maquis by L&#8217;Objet &#8211; Of dark roses and the Corsican maquis","datePublished":"2025-03-05T13:56:10+00:00","dateModified":"2025-03-05T14:00:14+00:00","mainEntityOfPage":{"@id":"https:\/\/www.alzd.de\/en\/2025\/03\/05\/rose-noire-and-cote-maquis-by-lobjet\/"},"wordCount":813,"commentCount":0,"publisher":{"@id":"https:\/\/www.alzd.de\/en\/#organization"},"image":{"@id":"https:\/\/www.alzd.de\/en\/2025\/03\/05\/rose-noire-and-cote-maquis-by-lobjet\/#primaryimage"},"thumbnailUrl":"https:\/\/www.alzd.de\/wp-content\/2025\/03\/bbrosenoire_0362.jpg","keywords":["Incense","L\u2019Objet","Rose","Yann Vasnier"],"articleSection":["Flowers","Fragrances","Herbal","Spicy","Woody"],"inLanguage":"en-US","potentialAction":[{"@type":"CommentAction","name":"Comment","target":["https:\/\/www.alzd.de\/en\/2025\/03\/05\/rose-noire-and-cote-maquis-by-lobjet\/#respond"]}]},{"@type":"WebPage","@id":"https:\/\/www.alzd.de\/en\/2025\/03\/05\/rose-noire-and-cote-maquis-by-lobjet\/","url":"https:\/\/www.alzd.de\/en\/2025\/03\/05\/rose-noire-and-cote-maquis-by-lobjet\/","name":"Rose Noire and C\u00f4t\u00e9 Maquis by L'Objet - Fragrance Diary","isPartOf":{"@id":"https:\/\/www.alzd.de\/en\/#website"},"primaryImageOfPage":{"@id":"https:\/\/www.alzd.de\/en\/2025\/03\/05\/rose-noire-and-cote-maquis-by-lobjet\/#primaryimage"},"image":{"@id":"https:\/\/www.alzd.de\/en\/2025\/03\/05\/rose-noire-and-cote-maquis-by-lobjet\/#primaryimage"},"thumbnailUrl":"https:\/\/www.alzd.de\/wp-content\/2025\/03\/bbrosenoire_0362.jpg","datePublished":"2025-03-05T13:56:10+00:00","dateModified":"2025-03-05T14:00:14+00:00","description":"In the second part about the brand L'Objet I would like to introduce you to the two Eaux de Parfum Rose Noire and C\u00f4t\u00e9 Maquis. Yesterday we went to ...","breadcrumb":{"@id":"https:\/\/www.alzd.de\/en\/2025\/03\/05\/rose-noire-and-cote-maquis-by-lobjet\/#breadcrumb"},"inLanguage":"en-US","potentialAction":[{"@type":"ReadAction","target":["https:\/\/www.alzd.de\/en\/2025\/03\/05\/rose-noire-and-cote-maquis-by-lobjet\/"]}]},{"@type":"ImageObject","inLanguage":"en-US","@id":"https:\/\/www.alzd.de\/en\/2025\/03\/05\/rose-noire-and-cote-maquis-by-lobjet\/#primaryimage","url":"https:\/\/www.alzd.de\/wp-content\/2025\/03\/bbrosenoire_0362.jpg","contentUrl":"https:\/\/www.alzd.de\/wp-content\/2025\/03\/bbrosenoire_0362.jpg","width":719,"height":400},{"@type":"BreadcrumbList","@id":"https:\/\/www.alzd.de\/en\/2025\/03\/05\/rose-noire-and-cote-maquis-by-lobjet\/#breadcrumb","itemListElement":[{"@type":"ListItem","position":1,"name":"Startseite","item":"https:\/\/www.alzd.de\/en\/"},{"@type":"ListItem","position":2,"name":"Rose Noire and C\u00f4t\u00e9 Maquis by L&#8217;Objet &#8211; Of dark roses and the Corsican maquis"}]},{"@type":"WebSite","@id":"https:\/\/www.alzd.de\/en\/#website","url":"https:\/\/www.alzd.de\/en\/","name":"Das Duft-Tagebuch","description":"Das Parfumblog von Aus Liebe zum Duft","publisher":{"@id":"https:\/\/www.alzd.de\/en\/#organization"},"potentialAction":[{"@type":"SearchAction","target":{"@type":"EntryPoint","urlTemplate":"https:\/\/www.alzd.de\/en\/?s={search_term_string}"},"query-input":{"@type":"PropertyValueSpecification","valueRequired":true,"valueName":"search_term_string"}}],"inLanguage":"en-US"},{"@type":"Organization","@id":"https:\/\/www.alzd.de\/en\/#organization","name":"Das Duft-Tagebuch","url":"https:\/\/www.alzd.de\/en\/","logo":{"@type":"ImageObject","inLanguage":"en-US","@id":"https:\/\/www.alzd.de\/en\/#\/schema\/logo\/image\/","url":"https:\/\/www.alzd.de\/wp-content\/2023\/08\/alzd_dufttagebuch.png","contentUrl":"https:\/\/www.alzd.de\/wp-content\/2023\/08\/alzd_dufttagebuch.png","width":1804,"height":416,"caption":"Das Duft-Tagebuch"},"image":{"@id":"https:\/\/www.alzd.de\/en\/#\/schema\/logo\/image\/"},"sameAs":["https:\/\/www.facebook.com\/dufttagebuch\/","https:\/\/x.com\/ausliebezumduft","https:\/\/www.instagram.com\/ausliebezumduft.de\/","https:\/\/www.youtube.com\/c\/ausliebezumduft"]},{"@type":"Person","@id":"https:\/\/www.alzd.de\/en\/#\/schema\/person\/8efcd8f02447fdbe8f29ad465897d04e","name":"Julia Bir\u00f3","image":{"@type":"ImageObject","inLanguage":"en-US","@id":"https:\/\/www.alzd.de\/wp-content\/2018\/02\/cropped-cropped-mitarbeiterbilder_steffi--96x96.jpg","url":"https:\/\/www.alzd.de\/wp-content\/2018\/02\/cropped-cropped-mitarbeiterbilder_steffi--96x96.jpg","contentUrl":"https:\/\/www.alzd.de\/wp-content\/2018\/02\/cropped-cropped-mitarbeiterbilder_steffi--96x96.jpg","caption":"Julia Bir\u00f3"},"description":"Bereits 2010 gingen so einige Blogbeitr\u00e4ge auf mein Konto. Dann war ich \u201ekurz\u201c weg \u2013 sechs Jahre. Umso mehr freut es mich, dass ich nun wieder die Chance bekomme, mein N\u00e4schen im Dienste der Duftrezension schnuppern zu lassen und eifrig in die Tasten zu hauen. Was Nischend\u00fcfte angeht, habe ich damals \u00fcbrigens schnell Feuer gefangen. Meine Ausbildung tat dazu ihr \u00dcbriges: Als diplomierte Biologin kenne ich mich nicht nur mit Fauna und Flora, sondern auch recht gut mit der Herstellung von \u00d6len und Extrakten aus, was den Reiz der Parfumwelt nat\u00fcrlich noch gr\u00f6\u00dfer macht.","sameAs":["https:\/\/biro.is\/","https:\/\/www.facebook.com\/stephanie.tkaczik"],"url":"https:\/\/www.alzd.de\/en\/author\/stephanie\/"}]}},"wp-worthy-pixel":{"ignored":false,"public":null,"server":null,"url":null},"wp-worthy-type":"normal","_links":{"self":[{"href":"https:\/\/www.alzd.de\/en\/wp-json\/wp\/v2\/posts\/123571","targetHints":{"allow":["GET"]}}],"collection":[{"href":"https:\/\/www.alzd.de\/en\/wp-json\/wp\/v2\/posts"}],"about":[{"href":"https:\/\/www.alzd.de\/en\/wp-json\/wp\/v2\/types\/post"}],"author":[{"embeddable":true,"href":"https:\/\/www.alzd.de\/en\/wp-json\/wp\/v2\/users\/535"}],"replies":[{"embeddable":true,"href":"https:\/\/www.alzd.de\/en\/wp-json\/wp\/v2\/comments?post=123571"}],"version-history":[{"count":3,"href":"https:\/\/www.alzd.de\/en\/wp-json\/wp\/v2\/posts\/123571\/revisions"}],"predecessor-version":[{"id":123575,"href":"https:\/\/www.alzd.de\/en\/wp-json\/wp\/v2\/posts\/123571\/revisions\/123575"}],"wp:featuredmedia":[{"embeddable":true,"href":"https:\/\/www.alzd.de\/en\/wp-json\/wp\/v2\/media\/123568"}],"wp:attachment":[{"href":"https:\/\/www.alzd.de\/en\/wp-json\/wp\/v2\/media?parent=123571"}],"wp:term":[{"taxonomy":"category","embeddable":true,"href":"https:\/\/www.alzd.de\/en\/wp-json\/wp\/v2\/categories?post=123571"},{"taxonomy":"post_tag","embeddable":true,"href":"https:\/\/www.alzd.de\/en\/wp-json\/wp\/v2\/tags?post=123571"}],"curies":[{"name":"wp","href":"https:\/\/api.w.org\/{rel}","templated":true}]}}