{"id":123352,"date":"2025-02-27T14:58:09","date_gmt":"2025-02-27T13:58:09","guid":{"rendered":"https:\/\/www.alzd.de\/2025\/02\/27\/part-iii-of-the-milan-esxence-2025\/"},"modified":"2025-02-27T15:03:42","modified_gmt":"2025-02-27T14:03:42","slug":"part-iii-of-the-milan-esxence-2025","status":"publish","type":"post","link":"https:\/\/www.alzd.de\/en\/2025\/02\/27\/part-iii-of-the-milan-esxence-2025\/","title":{"rendered":"Part III of the Milan Esxence 2025"},"content":{"rendered":"\n<p>After giving you a first insight into our experiences at the trade fair in my two posts <a href=\"https:\/\/www.alzd.de\/en\/2025\/02\/25\/esxence-2025-milan-here-we-come\/\">Esxence 2025 &#8211; Milan, here we come<\/a> and <a href=\"https:\/\/www.alzd.de\/en\/2025\/02\/26\/our-experiences-at-esxence-2025-part-ii\/\">Our experiences at Esxence 2025 &#8211; Part II<\/a>, I&#8217;m continuing today with Part III. We were there for a total of two days and we got a lot of impressions, saw and discovered so many brands that I will probably write a blog post or two on the subject. Be curious, we also came across some completely new niche fragrance labels that we found really fascinating and that I would like to show you here. Today, I&#8217;m going to start with some well-known brands.   <\/p>\n<div class=\"wp-block-image\">\n<figure class=\"aligncenter size-large\"><img decoding=\"async\" width=\"810\" height=\"1080\" src=\"https:\/\/www.alzd.de\/wp-content\/2025\/02\/WhatsApp-Image-2025-02-26-at-15.14.33-810x1080.jpeg\" alt=\"Esxence Part III - Paul Smith - Room fragrances\" class=\"wp-image-123273\" title=\"Esxence Part III - Paul Smith - Room fragrances\" srcset=\"https:\/\/www.alzd.de\/wp-content\/2025\/02\/WhatsApp-Image-2025-02-26-at-15.14.33-810x1080.jpeg 810w, https:\/\/www.alzd.de\/wp-content\/2025\/02\/WhatsApp-Image-2025-02-26-at-15.14.33-540x720.jpeg 540w, https:\/\/www.alzd.de\/wp-content\/2025\/02\/WhatsApp-Image-2025-02-26-at-15.14.33-270x360.jpeg 270w, https:\/\/www.alzd.de\/wp-content\/2025\/02\/WhatsApp-Image-2025-02-26-at-15.14.33-768x1024.jpeg 768w, https:\/\/www.alzd.de\/wp-content\/2025\/02\/WhatsApp-Image-2025-02-26-at-15.14.33-1152x1536.jpeg 1152w, https:\/\/www.alzd.de\/wp-content\/2025\/02\/WhatsApp-Image-2025-02-26-at-15.14.33.jpeg 1536w\" sizes=\"(max-width: 810px) 100vw, 810px\" \/><figcaption class=\"wp-element-caption\">Paul Smith room fragrances \u00a9 Julia Bir\u00f3<\/figcaption><\/figure>\n<\/div>\n<h2 class=\"wp-block-heading\">Flower greetings from Paul Smith<\/h2>\n\n<p>First of all, I would like to show you the three new room fragrances from <a href=\"https:\/\/www.ausliebezumduft.de\/raumdufte.html\" target=\"_blank\" rel=\"noreferrer noopener\">Paul Smith<\/a> that I was able to sample for the first time at the fair. <a href=\"https:\/\/www.ausliebezumduft.de\/paul-smith-rose-duftkerze.html\" target=\"_blank\" rel=\"noreferrer noopener\">Rose<\/a>, <a href=\"https:\/\/www.ausliebezumduft.de\/paul-smith-jasmine-duftkerze.html\" target=\"_blank\" rel=\"noreferrer noopener\">Jasmine<\/a> and <a href=\"https:\/\/www.ausliebezumduft.de\/paul-smith-leaf-duftkerze.html\" target=\"_blank\" rel=\"noreferrer noopener\">Leaf<\/a> give the impression of a garden in bloom in summer and are all enchanting. The color scheme also puts you in a good mood, so I can only recommend these three scented candles and their matching diffusers to you.   <\/p>\n\n<p>Incidentally, the jars are great for reusing once the candles have been used up. Whether as storage for small items, as a vase or with a tea light, the colorful glass containers are always a visual highlight and versatile even after their actual purpose. <\/p>\n\n<p>The room fragrances are all beautifully designed and exude a really great, pleasant and delicate scent that spreads beautifully in rooms. The portfolio offers something to suit every scenting taste and I think this British label definitely deserves more attention.   <\/p>\n<div class=\"wp-block-image\">\n<figure class=\"aligncenter size-large\"><img decoding=\"async\" width=\"695\" height=\"1080\" src=\"https:\/\/www.alzd.de\/wp-content\/2025\/02\/WhatsApp-Image-2025-02-26-at-15.16.36-695x1080.jpeg\" alt=\"BORNTOSTANDOUT - Esxence Part III &#xA9; Julia Bir&#xF3;\" class=\"wp-image-123281\" title=\"BORNTOSTANDOUT - Esxence Part III &#xA9; Julia Bir&#xF3;\" srcset=\"https:\/\/www.alzd.de\/wp-content\/2025\/02\/WhatsApp-Image-2025-02-26-at-15.16.36-695x1080.jpeg 695w, https:\/\/www.alzd.de\/wp-content\/2025\/02\/WhatsApp-Image-2025-02-26-at-15.16.36-463x720.jpeg 463w, https:\/\/www.alzd.de\/wp-content\/2025\/02\/WhatsApp-Image-2025-02-26-at-15.16.36-232x360.jpeg 232w, https:\/\/www.alzd.de\/wp-content\/2025\/02\/WhatsApp-Image-2025-02-26-at-15.16.36-768x1194.jpeg 768w, https:\/\/www.alzd.de\/wp-content\/2025\/02\/WhatsApp-Image-2025-02-26-at-15.16.36-988x1536.jpeg 988w, https:\/\/www.alzd.de\/wp-content\/2025\/02\/WhatsApp-Image-2025-02-26-at-15.16.36.jpeg 1317w\" sizes=\"(max-width: 695px) 100vw, 695px\" \/><figcaption class=\"wp-element-caption\">BORNTOSTANDOUT \u00a9 Julia Bir\u00f3<\/figcaption><\/figure>\n<\/div>\n<div style=\"height:51px\" aria-hidden=\"true\" class=\"wp-block-spacer\"><\/div>\n<div class=\"wp-block-image\">\n<figure class=\"aligncenter size-large\"><img decoding=\"async\" width=\"1080\" height=\"810\" src=\"https:\/\/www.alzd.de\/wp-content\/2025\/02\/WhatsApp-Image-2025-02-26-at-15.16.361-1080x810.jpeg\" alt=\"BORNTOSTANDOUT &#xA9; Julia Bir&#xF3;\" class=\"wp-image-123284\" title=\"BORNTOSTANDOUT &#xA9; Julia Bir&#xF3;\" srcset=\"https:\/\/www.alzd.de\/wp-content\/2025\/02\/WhatsApp-Image-2025-02-26-at-15.16.361-1080x810.jpeg 1080w, https:\/\/www.alzd.de\/wp-content\/2025\/02\/WhatsApp-Image-2025-02-26-at-15.16.361-720x540.jpeg 720w, https:\/\/www.alzd.de\/wp-content\/2025\/02\/WhatsApp-Image-2025-02-26-at-15.16.361-360x270.jpeg 360w, https:\/\/www.alzd.de\/wp-content\/2025\/02\/WhatsApp-Image-2025-02-26-at-15.16.361-768x576.jpeg 768w, https:\/\/www.alzd.de\/wp-content\/2025\/02\/WhatsApp-Image-2025-02-26-at-15.16.361-1536x1152.jpeg 1536w, https:\/\/www.alzd.de\/wp-content\/2025\/02\/WhatsApp-Image-2025-02-26-at-15.16.361.jpeg 2048w\" sizes=\"(max-width: 1080px) 100vw, 1080px\" \/><\/figure>\n<\/div>\n<h2 class=\"wp-block-heading\">BORNTOSTANDOUT makes bags<\/h2>\n\n<p>Bags are a big hit at Esxence and the Korean fragrance house <a href=\"https:\/\/www.ausliebezumduft.de\/fragrances\/borntostandout.html\" target=\"_blank\" rel=\"noreferrer noopener\">BORNTOSTANDOUT<\/a> has also recognized this. There was a huge crowd at the bright red stand because everyone wanted one of the equally red, large bags with the inscription &#8220;Who fuckin&#8217; cares?&#8221;. The four of us were not exempt from this and of course we also got some. If you&#8217;re going to do it, do it! \ud83d\ude09<\/p>\n\n<p>The bags could be seen everywhere at the trade fair and their color alone made them an absolute eye-catcher. BORNTOSTANDOUT did everything right in terms of marketing. But you couldn&#8217;t just get bags at the stand. The brand also had its new Extrait Extr\u00eame Collection with the fragrances Black Guava, Black Mango, Oud Candy and Purple Stain. I tested them all and can tell you: if you&#8217;re looking for striking and extravagant ultra-performers, you&#8217;ve come to the right place.    <\/p>\n\n<p>The two fragrances with guava and mango are just the thing for anyone who has an olfactory fruit craving and is not afraid of shrill notes, while the other two creations are gourmand-sweet oud variations. I will certainly present all four in more detail here as soon as we have them in the store and I have a sample.   <\/p>\n<div class=\"wp-block-image\">\n<figure class=\"aligncenter size-large\"><img decoding=\"async\" width=\"810\" height=\"1080\" src=\"https:\/\/www.alzd.de\/wp-content\/2025\/02\/WhatsApp-Image-2025-02-26-at-15.16.32-810x1080.jpeg\" alt=\"OHTOP - Esxence Part III &#xA9; Julia Bir&#xF3;\" class=\"wp-image-123288\" title=\"OHTOP - Esxence Part III &#xA9; Julia Bir&#xF3;\" srcset=\"https:\/\/www.alzd.de\/wp-content\/2025\/02\/WhatsApp-Image-2025-02-26-at-15.16.32-810x1080.jpeg 810w, https:\/\/www.alzd.de\/wp-content\/2025\/02\/WhatsApp-Image-2025-02-26-at-15.16.32-540x720.jpeg 540w, https:\/\/www.alzd.de\/wp-content\/2025\/02\/WhatsApp-Image-2025-02-26-at-15.16.32-270x360.jpeg 270w, https:\/\/www.alzd.de\/wp-content\/2025\/02\/WhatsApp-Image-2025-02-26-at-15.16.32-768x1024.jpeg 768w, https:\/\/www.alzd.de\/wp-content\/2025\/02\/WhatsApp-Image-2025-02-26-at-15.16.32-1152x1536.jpeg 1152w, https:\/\/www.alzd.de\/wp-content\/2025\/02\/WhatsApp-Image-2025-02-26-at-15.16.32.jpeg 1536w\" sizes=\"(max-width: 810px) 100vw, 810px\" \/><figcaption class=\"wp-element-caption\">OHTOP \u00a9 Julia Bir\u00f3<\/figcaption><\/figure>\n<\/div>\n<div style=\"height:51px\" aria-hidden=\"true\" class=\"wp-block-spacer\"><\/div>\n<div class=\"wp-block-image\">\n<figure class=\"aligncenter size-large\"><img decoding=\"async\" width=\"1080\" height=\"810\" src=\"https:\/\/www.alzd.de\/wp-content\/2025\/02\/WhatsApp-Image-2025-02-26-at-15.16.321-1080x810.jpeg\" alt=\"OHTOP - Esxence Part III &#xA9; Julia Bir&#xF3;\" class=\"wp-image-123291\" title=\"OHTOP - Esxence Part III &#xA9; Julia Bir&#xF3;\" srcset=\"https:\/\/www.alzd.de\/wp-content\/2025\/02\/WhatsApp-Image-2025-02-26-at-15.16.321-1080x810.jpeg 1080w, https:\/\/www.alzd.de\/wp-content\/2025\/02\/WhatsApp-Image-2025-02-26-at-15.16.321-720x540.jpeg 720w, https:\/\/www.alzd.de\/wp-content\/2025\/02\/WhatsApp-Image-2025-02-26-at-15.16.321-360x270.jpeg 360w, https:\/\/www.alzd.de\/wp-content\/2025\/02\/WhatsApp-Image-2025-02-26-at-15.16.321-768x576.jpeg 768w, https:\/\/www.alzd.de\/wp-content\/2025\/02\/WhatsApp-Image-2025-02-26-at-15.16.321-1536x1152.jpeg 1536w, https:\/\/www.alzd.de\/wp-content\/2025\/02\/WhatsApp-Image-2025-02-26-at-15.16.321.jpeg 2048w\" sizes=\"(max-width: 1080px) 100vw, 1080px\" \/><figcaption class=\"wp-element-caption\">OHTOP \u00a9 Julia Bir\u00f3<\/figcaption><\/figure>\n<\/div>\n<h2 class=\"wp-block-heading\">OHTOP focuses on breasts<\/h2>\n\n<p>Korea is a good keyword, as the French-Korean brand <a href=\"https:\/\/www.ausliebezumduft.de\/fragrances\/ohtop.html\" target=\"_blank\" rel=\"noreferrer noopener\">OHTOP<\/a> has introduced two new creations: the pink Tits and the white Musc d&#8217;Hiver. The name of the first composition may be provocative and suggest a skunky skin fragrance with a good dose of sex appeal. However, Tits is a very harmoniously composed mix of tuberose, vanilla, musk and heliotrope that is creamy, powdery and sweetly floral. A tuberose that is absolutely wearable and beautifully realized.   <\/p>\n\n<p>With Musc d&#8217;Hiver, the color and name say it all. A light, airy and cool musk fragrance, nuanced by a woody, dry peppery note. Clean, minimalist and transparent, a creation that carries typical Asian vibes, a restrained noblesse and reduced elegance. Sometimes less is more, as Musc d&#8217;Hiver impressively proves.   <\/p>\n\n<h2 class=\"wp-block-heading\">Essential Parfums loves botany<\/h2>\n\n<p>The French niche fragrance brand Essential Parfums was also represented at Esxence 2025 and naturally gets a place in this Part III of my small series of articles on the trade fair. The label&#8217;s stand was an absolute highlight for me. Beautifully designed, with lush plant and flower arrangements, it was all about the newly launched creation Velvet Iris, which was presented for the first time.  <\/p>\n<div class=\"wp-block-image\">\n<figure class=\"aligncenter size-large\"><img decoding=\"async\" width=\"810\" height=\"1080\" src=\"https:\/\/www.alzd.de\/wp-content\/2025\/02\/WhatsApp-Image-2025-02-26-at-15.16.35-810x1080.jpeg\" alt=\"Essential Parfums &#xA9; Julia Bir&#xF3;\" class=\"wp-image-123299\" srcset=\"https:\/\/www.alzd.de\/wp-content\/2025\/02\/WhatsApp-Image-2025-02-26-at-15.16.35-810x1080.jpeg 810w, https:\/\/www.alzd.de\/wp-content\/2025\/02\/WhatsApp-Image-2025-02-26-at-15.16.35-540x720.jpeg 540w, https:\/\/www.alzd.de\/wp-content\/2025\/02\/WhatsApp-Image-2025-02-26-at-15.16.35-270x360.jpeg 270w, https:\/\/www.alzd.de\/wp-content\/2025\/02\/WhatsApp-Image-2025-02-26-at-15.16.35-768x1024.jpeg 768w, https:\/\/www.alzd.de\/wp-content\/2025\/02\/WhatsApp-Image-2025-02-26-at-15.16.35-1152x1536.jpeg 1152w, https:\/\/www.alzd.de\/wp-content\/2025\/02\/WhatsApp-Image-2025-02-26-at-15.16.35.jpeg 1536w\" sizes=\"(max-width: 810px) 100vw, 810px\" \/><figcaption class=\"wp-element-caption\">Essential Parfums \u00a9 Julia Bir\u00f3<\/figcaption><\/figure>\n<\/div>\n<div style=\"height:51px\" aria-hidden=\"true\" class=\"wp-block-spacer\"><\/div>\n<div class=\"wp-block-image\">\n<figure class=\"aligncenter size-large\"><img decoding=\"async\" width=\"810\" height=\"1080\" src=\"https:\/\/www.alzd.de\/wp-content\/2025\/02\/WhatsApp-Image-2025-02-26-at-15.16.352-810x1080.jpeg\" alt=\"Essential Parfums &#xA9; Julia Bir&#xF3;\" class=\"wp-image-123302\" title=\"Essential Parfums &#xA9; Julia Bir&#xF3;\" srcset=\"https:\/\/www.alzd.de\/wp-content\/2025\/02\/WhatsApp-Image-2025-02-26-at-15.16.352-810x1080.jpeg 810w, https:\/\/www.alzd.de\/wp-content\/2025\/02\/WhatsApp-Image-2025-02-26-at-15.16.352-540x720.jpeg 540w, https:\/\/www.alzd.de\/wp-content\/2025\/02\/WhatsApp-Image-2025-02-26-at-15.16.352-270x360.jpeg 270w, https:\/\/www.alzd.de\/wp-content\/2025\/02\/WhatsApp-Image-2025-02-26-at-15.16.352-768x1024.jpeg 768w, https:\/\/www.alzd.de\/wp-content\/2025\/02\/WhatsApp-Image-2025-02-26-at-15.16.352-1152x1536.jpeg 1152w, https:\/\/www.alzd.de\/wp-content\/2025\/02\/WhatsApp-Image-2025-02-26-at-15.16.352.jpeg 1536w\" sizes=\"(max-width: 810px) 100vw, 810px\" \/><figcaption class=\"wp-element-caption\">Essential Parfums \u00a9 Julia Bir\u00f3<\/figcaption><\/figure>\n<\/div>\n<div style=\"height:51px\" aria-hidden=\"true\" class=\"wp-block-spacer\"><\/div>\n<div class=\"wp-block-image\">\n<figure class=\"aligncenter size-large\"><img decoding=\"async\" width=\"810\" height=\"1080\" src=\"https:\/\/www.alzd.de\/wp-content\/2025\/02\/WhatsApp-Image-2025-02-27-at-11.54.05-810x1080.jpeg\" alt=\"Essential Parfums - Velvet Iris &#xA9; Julia Bir&#xF3;\" class=\"wp-image-123308\" title=\"Essential Parfums - Velvet Iris &#xA9; Julia Bir&#xF3;\" srcset=\"https:\/\/www.alzd.de\/wp-content\/2025\/02\/WhatsApp-Image-2025-02-27-at-11.54.05-810x1080.jpeg 810w, https:\/\/www.alzd.de\/wp-content\/2025\/02\/WhatsApp-Image-2025-02-27-at-11.54.05-540x720.jpeg 540w, https:\/\/www.alzd.de\/wp-content\/2025\/02\/WhatsApp-Image-2025-02-27-at-11.54.05-270x360.jpeg 270w, https:\/\/www.alzd.de\/wp-content\/2025\/02\/WhatsApp-Image-2025-02-27-at-11.54.05-768x1024.jpeg 768w, https:\/\/www.alzd.de\/wp-content\/2025\/02\/WhatsApp-Image-2025-02-27-at-11.54.05-1152x1536.jpeg 1152w, https:\/\/www.alzd.de\/wp-content\/2025\/02\/WhatsApp-Image-2025-02-27-at-11.54.05.jpeg 1536w\" sizes=\"(max-width: 810px) 100vw, 810px\" \/><figcaption class=\"wp-element-caption\">Essential Parfums &#8211; Velvet Iris \u00a9 Julia Bir\u00f3<\/figcaption><\/figure>\n<\/div>\n<div style=\"height:51px\" aria-hidden=\"true\" class=\"wp-block-spacer\"><\/div>\n<div class=\"wp-block-image\">\n<figure class=\"aligncenter size-large\"><img decoding=\"async\" width=\"640\" height=\"1080\" src=\"https:\/\/www.alzd.de\/wp-content\/2025\/02\/WhatsApp-Image-2025-02-26-at-15.16.34-640x1080.jpeg\" alt=\"Essential Parfums &#xA9; Julia Bir&#xF3;\" class=\"wp-image-123305\" title=\"Essential Parfums &#xA9; Julia Bir&#xF3;\" srcset=\"https:\/\/www.alzd.de\/wp-content\/2025\/02\/WhatsApp-Image-2025-02-26-at-15.16.34-640x1080.jpeg 640w, https:\/\/www.alzd.de\/wp-content\/2025\/02\/WhatsApp-Image-2025-02-26-at-15.16.34-426x720.jpeg 426w, https:\/\/www.alzd.de\/wp-content\/2025\/02\/WhatsApp-Image-2025-02-26-at-15.16.34-213x360.jpeg 213w, https:\/\/www.alzd.de\/wp-content\/2025\/02\/WhatsApp-Image-2025-02-26-at-15.16.34-768x1297.jpeg 768w, https:\/\/www.alzd.de\/wp-content\/2025\/02\/WhatsApp-Image-2025-02-26-at-15.16.34-910x1536.jpeg 910w, https:\/\/www.alzd.de\/wp-content\/2025\/02\/WhatsApp-Image-2025-02-26-at-15.16.34.jpeg 1213w\" sizes=\"(max-width: 640px) 100vw, 640px\" \/><figcaption class=\"wp-element-caption\">Essential Parfums \u00a9 Julia Bir\u00f3<\/figcaption><\/figure>\n<\/div>\n<div style=\"height:51px\" aria-hidden=\"true\" class=\"wp-block-spacer\"><\/div>\n<div class=\"wp-block-image\">\n<figure class=\"aligncenter size-large\"><img decoding=\"async\" width=\"810\" height=\"1080\" src=\"https:\/\/www.alzd.de\/wp-content\/2025\/02\/WhatsApp-Image-2025-02-26-at-15.16.322-810x1080.jpeg\" alt=\"Essential Parfums &#xA9; Julia Bir&#xF3;\" class=\"wp-image-123316\" title=\"Essential Parfums &#xA9; Julia Bir&#xF3;\" srcset=\"https:\/\/www.alzd.de\/wp-content\/2025\/02\/WhatsApp-Image-2025-02-26-at-15.16.322-810x1080.jpeg 810w, https:\/\/www.alzd.de\/wp-content\/2025\/02\/WhatsApp-Image-2025-02-26-at-15.16.322-540x720.jpeg 540w, https:\/\/www.alzd.de\/wp-content\/2025\/02\/WhatsApp-Image-2025-02-26-at-15.16.322-270x360.jpeg 270w, https:\/\/www.alzd.de\/wp-content\/2025\/02\/WhatsApp-Image-2025-02-26-at-15.16.322-768x1024.jpeg 768w, https:\/\/www.alzd.de\/wp-content\/2025\/02\/WhatsApp-Image-2025-02-26-at-15.16.322-1152x1536.jpeg 1152w, https:\/\/www.alzd.de\/wp-content\/2025\/02\/WhatsApp-Image-2025-02-26-at-15.16.322.jpeg 1536w\" sizes=\"(max-width: 810px) 100vw, 810px\" \/><figcaption class=\"wp-element-caption\">Essential Parfums \u00a9 Julia Bir\u00f3<\/figcaption><\/figure>\n<\/div>\n<p>Dominique Ropion is the perfumer behind the new fragrance Velvet Iris, which exudes greenish, woody and earthy-powdery iris notes and which I really liked. The Essential Parfums range will soon include a body spray as well as hand cream and body wash. There is also a scented candle for each fragrance in the brand&#8217;s composition, which we really liked. Would that be something for you? Should we add the candles to the store?    <\/p>\n\n<h2 class=\"wp-block-heading\">pernoire sees white<\/h2>\n\n<p>Of course, we also visited the Swiss niche fragrance label <a href=\"https:\/\/www.ausliebezumduft.de\/fragrances\/pernoire.html\" target=\"_blank\" rel=\"noreferrer noopener\">pernoire<\/a>. Here we were shown the latest creation, <a href=\"https:\/\/www.ausliebezumduft.de\/pernoire-odus-collection-anelo.html\" target=\"_blank\" rel=\"noreferrer noopener\">Anelo<\/a>, by co-founder Robin D\u00fcnner. The second white fragrance after the caramel popcorn gourmand hit Poka is a fruity, fresh and transparent summer hit that combines pineapple and mango with citrusy, tangy notes and creamy, lucid nuances.    <\/p>\n\n<p>We were &#8211; once again &#8211; totally thrilled by the extrait de parfum, which will soon be available in our store. Anyone who loves fruity fragrances and tropical creations (without coconut!), who likes pineapple and mango and is still looking for a great summer sun and good mood fragrance companion should definitely put this latest addition from the Swiss Olfakto forge on their must-try list, or even better, on their must-have list. <\/p>\n<div class=\"wp-block-image\">\n<figure class=\"aligncenter size-large\"><img decoding=\"async\" width=\"810\" height=\"1080\" src=\"https:\/\/www.alzd.de\/wp-content\/2025\/02\/WhatsApp-Image-2025-02-26-at-15.16.362-810x1080.jpeg\" alt=\"Robin D&#xFC;nner from pernoire &#xA9; Julia Bir&#xF3;\" class=\"wp-image-123324\" title=\"Robin D&#xFC;nner from pernoire &#xA9; Julia Bir&#xF3;\" srcset=\"https:\/\/www.alzd.de\/wp-content\/2025\/02\/WhatsApp-Image-2025-02-26-at-15.16.362-810x1080.jpeg 810w, https:\/\/www.alzd.de\/wp-content\/2025\/02\/WhatsApp-Image-2025-02-26-at-15.16.362-540x720.jpeg 540w, https:\/\/www.alzd.de\/wp-content\/2025\/02\/WhatsApp-Image-2025-02-26-at-15.16.362-270x360.jpeg 270w, https:\/\/www.alzd.de\/wp-content\/2025\/02\/WhatsApp-Image-2025-02-26-at-15.16.362-768x1024.jpeg 768w, https:\/\/www.alzd.de\/wp-content\/2025\/02\/WhatsApp-Image-2025-02-26-at-15.16.362-1152x1536.jpeg 1152w, https:\/\/www.alzd.de\/wp-content\/2025\/02\/WhatsApp-Image-2025-02-26-at-15.16.362.jpeg 1536w\" sizes=\"(max-width: 810px) 100vw, 810px\" \/><figcaption class=\"wp-element-caption\">Surprised at the stand: Robin D\u00fcnner from pernoire \u00a9 Julia Bir\u00f3<\/figcaption><\/figure>\n<\/div>\n<div style=\"height:51px\" aria-hidden=\"true\" class=\"wp-block-spacer\"><\/div>\n<div class=\"wp-block-image\">\n<figure class=\"aligncenter size-large\"><img decoding=\"async\" width=\"810\" height=\"1080\" src=\"https:\/\/www.alzd.de\/wp-content\/2025\/02\/WhatsApp-Image-2025-02-26-at-15.16.363-810x1080.jpeg\" alt=\"pernoire &#xA9; Julia Bir&#xF3;\" class=\"wp-image-123330\" title=\"pernoire &#xA9; Julia Bir&#xF3;\" srcset=\"https:\/\/www.alzd.de\/wp-content\/2025\/02\/WhatsApp-Image-2025-02-26-at-15.16.363-810x1080.jpeg 810w, https:\/\/www.alzd.de\/wp-content\/2025\/02\/WhatsApp-Image-2025-02-26-at-15.16.363-540x720.jpeg 540w, https:\/\/www.alzd.de\/wp-content\/2025\/02\/WhatsApp-Image-2025-02-26-at-15.16.363-270x360.jpeg 270w, https:\/\/www.alzd.de\/wp-content\/2025\/02\/WhatsApp-Image-2025-02-26-at-15.16.363-768x1024.jpeg 768w, https:\/\/www.alzd.de\/wp-content\/2025\/02\/WhatsApp-Image-2025-02-26-at-15.16.363-1152x1536.jpeg 1152w, https:\/\/www.alzd.de\/wp-content\/2025\/02\/WhatsApp-Image-2025-02-26-at-15.16.363.jpeg 1536w\" sizes=\"(max-width: 810px) 100vw, 810px\" \/><figcaption class=\"wp-element-caption\">pernoire \u00a9 Julia Bir\u00f3<\/figcaption><\/figure>\n<\/div>\n<p>Tomorrow I&#8217;ll continue with new fragrances and brands in my fourth part of Esxence 2025, but until then you can tell me if any of the fragrances or brands presented so far have made you particularly curious. \ud83d\ude0a\u2728  <\/p>\n","protected":false},"excerpt":{"rendered":"<p>After giving you a first insight into our experiences at the trade fair in my two posts Esxence 2025 &#8211; Milan, here we come and Our experiences at&#8230;<\/p>\n<div class=\"more-link-wrapper\"><a class=\"more-link\" href=\"https:\/\/www.alzd.de\/en\/2025\/02\/27\/part-iii-of-the-milan-esxence-2025\/\">WEITERLESEN<span class=\"screen-reader-text\">Part III of the Milan Esxence 2025<\/span><\/a><\/div>\n","protected":false},"author":535,"featured_media":123315,"comment_status":"open","ping_status":"closed","sticky":false,"template":"","format":"standard","meta":{"footnotes":""},"categories":[1789,1117,1119,1134],"tags":[1804,2063,1418,1751,1958,1920,1952],"class_list":["post-123352","post","type-post","status-publish","format-standard","has-post-thumbnail","hentry","category-events-en","category-fragrances","category-general","category-home-fragrances","tag-borntostandout-en","tag-essential-perfumes","tag-esxence-en","tag-event-en","tag-ohtop-en","tag-paul-smith-en","tag-pernoire-en","excerpt","zoom","full-without-featured","even","excerpt-0"],"yoast_head":"<!-- This site is optimized with the Yoast SEO plugin v27.5 - https:\/\/yoast.com\/product\/yoast-seo-wordpress\/ -->\n<title>Part III of the Milan Esxence 2025<\/title>\n<meta name=\"robots\" content=\"index, follow, max-snippet:-1, max-image-preview:large, max-video-preview:-1\" \/>\n<link rel=\"canonical\" href=\"https:\/\/www.alzd.de\/en\/2025\/02\/27\/part-iii-of-the-milan-esxence-2025\/\" \/>\n<meta property=\"og:locale\" content=\"en_US\" \/>\n<meta property=\"og:type\" content=\"article\" \/>\n<meta property=\"og:title\" content=\"Part III of the Milan Esxence 2025\" \/>\n<meta property=\"og:description\" content=\"After giving you a first insight into our experiences at the trade fair in my two posts Esxence 2025 &#8211; Milan, here we come and Our experiences at&#8230;\" \/>\n<meta property=\"og:url\" content=\"https:\/\/www.alzd.de\/en\/2025\/02\/27\/part-iii-of-the-milan-esxence-2025\/\" \/>\n<meta property=\"og:site_name\" content=\"Das Duft-Tagebuch\" \/>\n<meta property=\"article:publisher\" content=\"https:\/\/www.facebook.com\/dufttagebuch\/\" \/>\n<meta property=\"article:author\" content=\"https:\/\/www.facebook.com\/stephanie.tkaczik\" \/>\n<meta property=\"article:published_time\" content=\"2025-02-27T13:58:09+00:00\" \/>\n<meta property=\"article:modified_time\" content=\"2025-02-27T14:03:42+00:00\" \/>\n<meta property=\"og:image\" content=\"https:\/\/www.alzd.de\/wp-content\/2025\/02\/bbessentialparfums.jpeg\" \/>\n\t<meta property=\"og:image:width\" content=\"720\" \/>\n\t<meta property=\"og:image:height\" content=\"400\" \/>\n\t<meta property=\"og:image:type\" content=\"image\/jpeg\" \/>\n<meta name=\"author\" content=\"Julia Bir\u00f3\" \/>\n<meta name=\"twitter:card\" content=\"summary_large_image\" \/>\n<meta name=\"twitter:creator\" content=\"@ausliebezumduft\" \/>\n<meta name=\"twitter:site\" content=\"@ausliebezumduft\" \/>\n<script type=\"application\/ld+json\" class=\"yoast-schema-graph\">{\"@context\":\"https:\\\/\\\/schema.org\",\"@graph\":[{\"@type\":\"Article\",\"@id\":\"https:\\\/\\\/www.alzd.de\\\/en\\\/2025\\\/02\\\/27\\\/part-iii-of-the-milan-esxence-2025\\\/#article\",\"isPartOf\":{\"@id\":\"https:\\\/\\\/www.alzd.de\\\/en\\\/2025\\\/02\\\/27\\\/part-iii-of-the-milan-esxence-2025\\\/\"},\"author\":{\"name\":\"Julia Bir\u00f3\",\"@id\":\"https:\\\/\\\/www.alzd.de\\\/en\\\/#\\\/schema\\\/person\\\/8efcd8f02447fdbe8f29ad465897d04e\"},\"headline\":\"Part III of the Milan Esxence 2025\",\"datePublished\":\"2025-02-27T13:58:09+00:00\",\"dateModified\":\"2025-02-27T14:03:42+00:00\",\"mainEntityOfPage\":{\"@id\":\"https:\\\/\\\/www.alzd.de\\\/en\\\/2025\\\/02\\\/27\\\/part-iii-of-the-milan-esxence-2025\\\/\"},\"wordCount\":986,\"commentCount\":0,\"publisher\":{\"@id\":\"https:\\\/\\\/www.alzd.de\\\/en\\\/#organization\"},\"image\":{\"@id\":\"https:\\\/\\\/www.alzd.de\\\/en\\\/2025\\\/02\\\/27\\\/part-iii-of-the-milan-esxence-2025\\\/#primaryimage\"},\"thumbnailUrl\":\"https:\\\/\\\/www.alzd.de\\\/wp-content\\\/2025\\\/02\\\/bbessentialparfums.jpeg\",\"keywords\":[\"BORNTOSTANDOUT\",\"Essential Perfumes\",\"Esxence\",\"Event\",\"OHTOP\",\"Paul Smith\",\"pernoire\"],\"articleSection\":[\"Events\",\"Fragrances\",\"General\",\"Home Fragrances\"],\"inLanguage\":\"en-US\",\"potentialAction\":[{\"@type\":\"CommentAction\",\"name\":\"Comment\",\"target\":[\"https:\\\/\\\/www.alzd.de\\\/en\\\/2025\\\/02\\\/27\\\/part-iii-of-the-milan-esxence-2025\\\/#respond\"]}]},{\"@type\":\"WebPage\",\"@id\":\"https:\\\/\\\/www.alzd.de\\\/en\\\/2025\\\/02\\\/27\\\/part-iii-of-the-milan-esxence-2025\\\/\",\"url\":\"https:\\\/\\\/www.alzd.de\\\/en\\\/2025\\\/02\\\/27\\\/part-iii-of-the-milan-esxence-2025\\\/\",\"name\":\"Part III of the Milan Esxence 2025\",\"isPartOf\":{\"@id\":\"https:\\\/\\\/www.alzd.de\\\/en\\\/#website\"},\"primaryImageOfPage\":{\"@id\":\"https:\\\/\\\/www.alzd.de\\\/en\\\/2025\\\/02\\\/27\\\/part-iii-of-the-milan-esxence-2025\\\/#primaryimage\"},\"image\":{\"@id\":\"https:\\\/\\\/www.alzd.de\\\/en\\\/2025\\\/02\\\/27\\\/part-iii-of-the-milan-esxence-2025\\\/#primaryimage\"},\"thumbnailUrl\":\"https:\\\/\\\/www.alzd.de\\\/wp-content\\\/2025\\\/02\\\/bbessentialparfums.jpeg\",\"datePublished\":\"2025-02-27T13:58:09+00:00\",\"dateModified\":\"2025-02-27T14:03:42+00:00\",\"breadcrumb\":{\"@id\":\"https:\\\/\\\/www.alzd.de\\\/en\\\/2025\\\/02\\\/27\\\/part-iii-of-the-milan-esxence-2025\\\/#breadcrumb\"},\"inLanguage\":\"en-US\",\"potentialAction\":[{\"@type\":\"ReadAction\",\"target\":[\"https:\\\/\\\/www.alzd.de\\\/en\\\/2025\\\/02\\\/27\\\/part-iii-of-the-milan-esxence-2025\\\/\"]}]},{\"@type\":\"ImageObject\",\"inLanguage\":\"en-US\",\"@id\":\"https:\\\/\\\/www.alzd.de\\\/en\\\/2025\\\/02\\\/27\\\/part-iii-of-the-milan-esxence-2025\\\/#primaryimage\",\"url\":\"https:\\\/\\\/www.alzd.de\\\/wp-content\\\/2025\\\/02\\\/bbessentialparfums.jpeg\",\"contentUrl\":\"https:\\\/\\\/www.alzd.de\\\/wp-content\\\/2025\\\/02\\\/bbessentialparfums.jpeg\",\"width\":720,\"height\":400},{\"@type\":\"BreadcrumbList\",\"@id\":\"https:\\\/\\\/www.alzd.de\\\/en\\\/2025\\\/02\\\/27\\\/part-iii-of-the-milan-esxence-2025\\\/#breadcrumb\",\"itemListElement\":[{\"@type\":\"ListItem\",\"position\":1,\"name\":\"Startseite\",\"item\":\"https:\\\/\\\/www.alzd.de\\\/en\\\/\"},{\"@type\":\"ListItem\",\"position\":2,\"name\":\"Part III of the Milan Esxence 2025\"}]},{\"@type\":\"WebSite\",\"@id\":\"https:\\\/\\\/www.alzd.de\\\/en\\\/#website\",\"url\":\"https:\\\/\\\/www.alzd.de\\\/en\\\/\",\"name\":\"Das Duft-Tagebuch\",\"description\":\"Das Parfumblog von Aus Liebe zum Duft\",\"publisher\":{\"@id\":\"https:\\\/\\\/www.alzd.de\\\/en\\\/#organization\"},\"potentialAction\":[{\"@type\":\"SearchAction\",\"target\":{\"@type\":\"EntryPoint\",\"urlTemplate\":\"https:\\\/\\\/www.alzd.de\\\/en\\\/?s={search_term_string}\"},\"query-input\":{\"@type\":\"PropertyValueSpecification\",\"valueRequired\":true,\"valueName\":\"search_term_string\"}}],\"inLanguage\":\"en-US\"},{\"@type\":\"Organization\",\"@id\":\"https:\\\/\\\/www.alzd.de\\\/en\\\/#organization\",\"name\":\"Das Duft-Tagebuch\",\"url\":\"https:\\\/\\\/www.alzd.de\\\/en\\\/\",\"logo\":{\"@type\":\"ImageObject\",\"inLanguage\":\"en-US\",\"@id\":\"https:\\\/\\\/www.alzd.de\\\/en\\\/#\\\/schema\\\/logo\\\/image\\\/\",\"url\":\"https:\\\/\\\/www.alzd.de\\\/wp-content\\\/2023\\\/08\\\/alzd_dufttagebuch.png\",\"contentUrl\":\"https:\\\/\\\/www.alzd.de\\\/wp-content\\\/2023\\\/08\\\/alzd_dufttagebuch.png\",\"width\":1804,\"height\":416,\"caption\":\"Das Duft-Tagebuch\"},\"image\":{\"@id\":\"https:\\\/\\\/www.alzd.de\\\/en\\\/#\\\/schema\\\/logo\\\/image\\\/\"},\"sameAs\":[\"https:\\\/\\\/www.facebook.com\\\/dufttagebuch\\\/\",\"https:\\\/\\\/x.com\\\/ausliebezumduft\",\"https:\\\/\\\/www.instagram.com\\\/ausliebezumduft.de\\\/\",\"https:\\\/\\\/www.youtube.com\\\/c\\\/ausliebezumduft\"]},{\"@type\":\"Person\",\"@id\":\"https:\\\/\\\/www.alzd.de\\\/en\\\/#\\\/schema\\\/person\\\/8efcd8f02447fdbe8f29ad465897d04e\",\"name\":\"Julia Bir\u00f3\",\"image\":{\"@type\":\"ImageObject\",\"inLanguage\":\"en-US\",\"@id\":\"https:\\\/\\\/www.alzd.de\\\/wp-content\\\/2018\\\/02\\\/cropped-cropped-mitarbeiterbilder_steffi--96x96.jpg\",\"url\":\"https:\\\/\\\/www.alzd.de\\\/wp-content\\\/2018\\\/02\\\/cropped-cropped-mitarbeiterbilder_steffi--96x96.jpg\",\"contentUrl\":\"https:\\\/\\\/www.alzd.de\\\/wp-content\\\/2018\\\/02\\\/cropped-cropped-mitarbeiterbilder_steffi--96x96.jpg\",\"caption\":\"Julia Bir\u00f3\"},\"description\":\"Bereits 2010 gingen so einige Blogbeitr\u00e4ge auf mein Konto. Dann war ich \u201ekurz\u201c weg \u2013 sechs Jahre. Umso mehr freut es mich, dass ich nun wieder die Chance bekomme, mein N\u00e4schen im Dienste der Duftrezension schnuppern zu lassen und eifrig in die Tasten zu hauen. Was Nischend\u00fcfte angeht, habe ich damals \u00fcbrigens schnell Feuer gefangen. Meine Ausbildung tat dazu ihr \u00dcbriges: Als diplomierte Biologin kenne ich mich nicht nur mit Fauna und Flora, sondern auch recht gut mit der Herstellung von \u00d6len und Extrakten aus, was den Reiz der Parfumwelt nat\u00fcrlich noch gr\u00f6\u00dfer macht.\",\"sameAs\":[\"https:\\\/\\\/biro.is\\\/\",\"https:\\\/\\\/www.facebook.com\\\/stephanie.tkaczik\"],\"url\":\"https:\\\/\\\/www.alzd.de\\\/en\\\/author\\\/stephanie\\\/\"}]}<\/script>\n<!-- \/ Yoast SEO plugin. -->","yoast_head_json":{"title":"Part III of the Milan Esxence 2025","robots":{"index":"index","follow":"follow","max-snippet":"max-snippet:-1","max-image-preview":"max-image-preview:large","max-video-preview":"max-video-preview:-1"},"canonical":"https:\/\/www.alzd.de\/en\/2025\/02\/27\/part-iii-of-the-milan-esxence-2025\/","og_locale":"en_US","og_type":"article","og_title":"Part III of the Milan Esxence 2025","og_description":"After giving you a first insight into our experiences at the trade fair in my two posts Esxence 2025 &#8211; Milan, here we come and Our experiences at&#8230;","og_url":"https:\/\/www.alzd.de\/en\/2025\/02\/27\/part-iii-of-the-milan-esxence-2025\/","og_site_name":"Das Duft-Tagebuch","article_publisher":"https:\/\/www.facebook.com\/dufttagebuch\/","article_author":"https:\/\/www.facebook.com\/stephanie.tkaczik","article_published_time":"2025-02-27T13:58:09+00:00","article_modified_time":"2025-02-27T14:03:42+00:00","og_image":[{"width":720,"height":400,"url":"https:\/\/www.alzd.de\/wp-content\/2025\/02\/bbessentialparfums.jpeg","type":"image\/jpeg"}],"author":"Julia Bir\u00f3","twitter_card":"summary_large_image","twitter_creator":"@ausliebezumduft","twitter_site":"@ausliebezumduft","schema":{"@context":"https:\/\/schema.org","@graph":[{"@type":"Article","@id":"https:\/\/www.alzd.de\/en\/2025\/02\/27\/part-iii-of-the-milan-esxence-2025\/#article","isPartOf":{"@id":"https:\/\/www.alzd.de\/en\/2025\/02\/27\/part-iii-of-the-milan-esxence-2025\/"},"author":{"name":"Julia Bir\u00f3","@id":"https:\/\/www.alzd.de\/en\/#\/schema\/person\/8efcd8f02447fdbe8f29ad465897d04e"},"headline":"Part III of the Milan Esxence 2025","datePublished":"2025-02-27T13:58:09+00:00","dateModified":"2025-02-27T14:03:42+00:00","mainEntityOfPage":{"@id":"https:\/\/www.alzd.de\/en\/2025\/02\/27\/part-iii-of-the-milan-esxence-2025\/"},"wordCount":986,"commentCount":0,"publisher":{"@id":"https:\/\/www.alzd.de\/en\/#organization"},"image":{"@id":"https:\/\/www.alzd.de\/en\/2025\/02\/27\/part-iii-of-the-milan-esxence-2025\/#primaryimage"},"thumbnailUrl":"https:\/\/www.alzd.de\/wp-content\/2025\/02\/bbessentialparfums.jpeg","keywords":["BORNTOSTANDOUT","Essential Perfumes","Esxence","Event","OHTOP","Paul Smith","pernoire"],"articleSection":["Events","Fragrances","General","Home Fragrances"],"inLanguage":"en-US","potentialAction":[{"@type":"CommentAction","name":"Comment","target":["https:\/\/www.alzd.de\/en\/2025\/02\/27\/part-iii-of-the-milan-esxence-2025\/#respond"]}]},{"@type":"WebPage","@id":"https:\/\/www.alzd.de\/en\/2025\/02\/27\/part-iii-of-the-milan-esxence-2025\/","url":"https:\/\/www.alzd.de\/en\/2025\/02\/27\/part-iii-of-the-milan-esxence-2025\/","name":"Part III of the Milan Esxence 2025","isPartOf":{"@id":"https:\/\/www.alzd.de\/en\/#website"},"primaryImageOfPage":{"@id":"https:\/\/www.alzd.de\/en\/2025\/02\/27\/part-iii-of-the-milan-esxence-2025\/#primaryimage"},"image":{"@id":"https:\/\/www.alzd.de\/en\/2025\/02\/27\/part-iii-of-the-milan-esxence-2025\/#primaryimage"},"thumbnailUrl":"https:\/\/www.alzd.de\/wp-content\/2025\/02\/bbessentialparfums.jpeg","datePublished":"2025-02-27T13:58:09+00:00","dateModified":"2025-02-27T14:03:42+00:00","breadcrumb":{"@id":"https:\/\/www.alzd.de\/en\/2025\/02\/27\/part-iii-of-the-milan-esxence-2025\/#breadcrumb"},"inLanguage":"en-US","potentialAction":[{"@type":"ReadAction","target":["https:\/\/www.alzd.de\/en\/2025\/02\/27\/part-iii-of-the-milan-esxence-2025\/"]}]},{"@type":"ImageObject","inLanguage":"en-US","@id":"https:\/\/www.alzd.de\/en\/2025\/02\/27\/part-iii-of-the-milan-esxence-2025\/#primaryimage","url":"https:\/\/www.alzd.de\/wp-content\/2025\/02\/bbessentialparfums.jpeg","contentUrl":"https:\/\/www.alzd.de\/wp-content\/2025\/02\/bbessentialparfums.jpeg","width":720,"height":400},{"@type":"BreadcrumbList","@id":"https:\/\/www.alzd.de\/en\/2025\/02\/27\/part-iii-of-the-milan-esxence-2025\/#breadcrumb","itemListElement":[{"@type":"ListItem","position":1,"name":"Startseite","item":"https:\/\/www.alzd.de\/en\/"},{"@type":"ListItem","position":2,"name":"Part III of the Milan Esxence 2025"}]},{"@type":"WebSite","@id":"https:\/\/www.alzd.de\/en\/#website","url":"https:\/\/www.alzd.de\/en\/","name":"Das Duft-Tagebuch","description":"Das Parfumblog von Aus Liebe zum Duft","publisher":{"@id":"https:\/\/www.alzd.de\/en\/#organization"},"potentialAction":[{"@type":"SearchAction","target":{"@type":"EntryPoint","urlTemplate":"https:\/\/www.alzd.de\/en\/?s={search_term_string}"},"query-input":{"@type":"PropertyValueSpecification","valueRequired":true,"valueName":"search_term_string"}}],"inLanguage":"en-US"},{"@type":"Organization","@id":"https:\/\/www.alzd.de\/en\/#organization","name":"Das Duft-Tagebuch","url":"https:\/\/www.alzd.de\/en\/","logo":{"@type":"ImageObject","inLanguage":"en-US","@id":"https:\/\/www.alzd.de\/en\/#\/schema\/logo\/image\/","url":"https:\/\/www.alzd.de\/wp-content\/2023\/08\/alzd_dufttagebuch.png","contentUrl":"https:\/\/www.alzd.de\/wp-content\/2023\/08\/alzd_dufttagebuch.png","width":1804,"height":416,"caption":"Das Duft-Tagebuch"},"image":{"@id":"https:\/\/www.alzd.de\/en\/#\/schema\/logo\/image\/"},"sameAs":["https:\/\/www.facebook.com\/dufttagebuch\/","https:\/\/x.com\/ausliebezumduft","https:\/\/www.instagram.com\/ausliebezumduft.de\/","https:\/\/www.youtube.com\/c\/ausliebezumduft"]},{"@type":"Person","@id":"https:\/\/www.alzd.de\/en\/#\/schema\/person\/8efcd8f02447fdbe8f29ad465897d04e","name":"Julia Bir\u00f3","image":{"@type":"ImageObject","inLanguage":"en-US","@id":"https:\/\/www.alzd.de\/wp-content\/2018\/02\/cropped-cropped-mitarbeiterbilder_steffi--96x96.jpg","url":"https:\/\/www.alzd.de\/wp-content\/2018\/02\/cropped-cropped-mitarbeiterbilder_steffi--96x96.jpg","contentUrl":"https:\/\/www.alzd.de\/wp-content\/2018\/02\/cropped-cropped-mitarbeiterbilder_steffi--96x96.jpg","caption":"Julia Bir\u00f3"},"description":"Bereits 2010 gingen so einige Blogbeitr\u00e4ge auf mein Konto. Dann war ich \u201ekurz\u201c weg \u2013 sechs Jahre. Umso mehr freut es mich, dass ich nun wieder die Chance bekomme, mein N\u00e4schen im Dienste der Duftrezension schnuppern zu lassen und eifrig in die Tasten zu hauen. Was Nischend\u00fcfte angeht, habe ich damals \u00fcbrigens schnell Feuer gefangen. Meine Ausbildung tat dazu ihr \u00dcbriges: Als diplomierte Biologin kenne ich mich nicht nur mit Fauna und Flora, sondern auch recht gut mit der Herstellung von \u00d6len und Extrakten aus, was den Reiz der Parfumwelt nat\u00fcrlich noch gr\u00f6\u00dfer macht.","sameAs":["https:\/\/biro.is\/","https:\/\/www.facebook.com\/stephanie.tkaczik"],"url":"https:\/\/www.alzd.de\/en\/author\/stephanie\/"}]}},"wp-worthy-pixel":{"ignored":false,"public":null,"server":null,"url":null},"wp-worthy-type":"normal","_links":{"self":[{"href":"https:\/\/www.alzd.de\/en\/wp-json\/wp\/v2\/posts\/123352","targetHints":{"allow":["GET"]}}],"collection":[{"href":"https:\/\/www.alzd.de\/en\/wp-json\/wp\/v2\/posts"}],"about":[{"href":"https:\/\/www.alzd.de\/en\/wp-json\/wp\/v2\/types\/post"}],"author":[{"embeddable":true,"href":"https:\/\/www.alzd.de\/en\/wp-json\/wp\/v2\/users\/535"}],"replies":[{"embeddable":true,"href":"https:\/\/www.alzd.de\/en\/wp-json\/wp\/v2\/comments?post=123352"}],"version-history":[{"count":2,"href":"https:\/\/www.alzd.de\/en\/wp-json\/wp\/v2\/posts\/123352\/revisions"}],"predecessor-version":[{"id":123354,"href":"https:\/\/www.alzd.de\/en\/wp-json\/wp\/v2\/posts\/123352\/revisions\/123354"}],"wp:featuredmedia":[{"embeddable":true,"href":"https:\/\/www.alzd.de\/en\/wp-json\/wp\/v2\/media\/123315"}],"wp:attachment":[{"href":"https:\/\/www.alzd.de\/en\/wp-json\/wp\/v2\/media?parent=123352"}],"wp:term":[{"taxonomy":"category","embeddable":true,"href":"https:\/\/www.alzd.de\/en\/wp-json\/wp\/v2\/categories?post=123352"},{"taxonomy":"post_tag","embeddable":true,"href":"https:\/\/www.alzd.de\/en\/wp-json\/wp\/v2\/tags?post=123352"}],"curies":[{"name":"wp","href":"https:\/\/api.w.org\/{rel}","templated":true}]}}