{"id":119617,"date":"2024-09-20T12:20:40","date_gmt":"2024-09-20T10:20:40","guid":{"rendered":"https:\/\/www.alzd.de\/2024\/09\/20\/cristallo-bianco-and-7-miglia-from-fabbrica-della-musa\/"},"modified":"2024-09-20T12:28:04","modified_gmt":"2024-09-20T10:28:04","slug":"cristallo-bianco-and-7-miglia-from-fabbrica-della-musa","status":"publish","type":"post","link":"https:\/\/www.alzd.de\/en\/2024\/09\/20\/cristallo-bianco-and-7-miglia-from-fabbrica-della-musa\/","title":{"rendered":"Cristallo Bianco and 7 Miglia from Fabbrica della Musa"},"content":{"rendered":"\n<p>In the last article on the Italian-inspired brand <a href=\"https:\/\/www.ausliebezumduft.de\/fragrances\/fabbrica-della-musa.html\" target=\"_blank\" rel=\"noreferrer noopener\">Fabbrica della Musa<\/a>, we will focus on the eaux de parfum <a href=\"https:\/\/www.ausliebezumduft.de\/fabbrica-della-musa-cristallo-bianco.html\" target=\"_blank\" rel=\"noreferrer noopener\">Cristallo Bianco<\/a> and <a href=\"https:\/\/www.ausliebezumduft.de\/fabbrica-della-musa-7-miglia.html\" target=\"_blank\" rel=\"noreferrer noopener\">7 Miglia<\/a>, which once again celebrate the Mediterranean dolce vita.\nAs usual, I would like to refer you to my last two reviews <a href=\"https:\/\/www.alzd.de\/en\/2024\/09\/17\/fabbrica-della-musa-italian-dolce-vita\/\">Fabbrica della Musa &#8211; Italian Dolce Vita<\/a> and <a href=\"https:\/\/www.alzd.de\/en\/2024\/09\/18\/mia-alba-mistica-and-dolcetto-romano-from-fabbrica-della-musa\/\">Mia Alba Mistica and Dolcetto Romano by Fabbrica della Musa<\/a>, in which I gave you an overview of the first four creations of the brand founded in 2022 by Barbara Adelmann and Hamid Merati-Kashani. <\/p>\n<div class=\"wp-block-image\">\n<figure class=\"aligncenter size-large\"><img decoding=\"async\" width=\"1080\" height=\"1080\" src=\"https:\/\/www.alzd.de\/wp-content\/2024\/09\/Bildschirmfoto-vom-2024-09-18-11-33-02-1080x1080.png\" alt=\"Fabbrica della Musa - Cristallo Bianco\" class=\"wp-image-119564\" title=\"Fabbrica della Musa - Cristallo Bianco\" srcset=\"https:\/\/www.alzd.de\/wp-content\/2024\/09\/Bildschirmfoto-vom-2024-09-18-11-33-02-1080x1080.png 1080w, https:\/\/www.alzd.de\/wp-content\/2024\/09\/Bildschirmfoto-vom-2024-09-18-11-33-02-720x720.png 720w, https:\/\/www.alzd.de\/wp-content\/2024\/09\/Bildschirmfoto-vom-2024-09-18-11-33-02-360x360.png 360w, https:\/\/www.alzd.de\/wp-content\/2024\/09\/Bildschirmfoto-vom-2024-09-18-11-33-02-768x768.png 768w, https:\/\/www.alzd.de\/wp-content\/2024\/09\/Bildschirmfoto-vom-2024-09-18-11-33-02.png 1254w\" sizes=\"(max-width: 1080px) 100vw, 1080px\" \/><figcaption class=\"wp-element-caption\">Cristallo Bianco from <a href=\"https:\/\/www.instagram.com\/fabbricadellamusa\/\" target=\"_blank\" rel=\"noreferrer noopener\">Instagram<\/a><\/figcaption><\/figure>\n<\/div>\n<h2 class=\"wp-block-heading\">Cristallo Bianco &#8211; On the road on Monte Cristallo<\/h2>\n\n<p>In the Italian Dolomites, there is Monte Cristallo, part of the Cristallo alpine mountain group, located north of the famous ski resort of Cortina d&#8217;Ampezzo.\nAt an altitude of over 3200 m, Monte Cristallo is the highest in the mountain group and also occupies a central position here.\nNearby is Lake D\u00fcrrensee, now a popular Instagram hotspot, from where you can catch a wonderful view of Monte Cristallo and the surrounding mountains.    <\/p>\n\n<p>The bright rock faces of the Dolomites shine particularly beautifully in the sunlight.\nIt is possible that the brand founders were right here and were inspired by the mountain range around Monte Cristallo to create Cristallo Bianco.\nPerfumer Hamid Merati-Kashani combined the ingredients <strong>peach, pear, orange, fig, jasmine, magnolia, cashmere wood, white musk, patchouli, sandalwood<\/strong> and <strong>bourbon vanilla<\/strong> for the creation.  <\/p>\n\n<blockquote class=\"wp-block-quote is-layout-flow wp-block-quote-is-layout-flow\">\n<p>The moment when the sun is at its zenith, a strikingly perfect beam of white light that reveals the beauty within.\nAs pure and simple as a transforming light that allows you to see what is real.\nThe clarity of rock crystal, known as the window of light, is reminiscent of the stone itself and is a powerful source of universal love.  <\/p>\n<\/blockquote>\n<div class=\"wp-block-image\">\n<figure class=\"aligncenter size-large\"><img decoding=\"async\" width=\"866\" height=\"1080\" src=\"https:\/\/www.alzd.de\/wp-content\/2024\/09\/Bildschirmfoto-vom-2024-09-18-11-32-08-866x1080.png\" alt=\"Fabbrica della Musa - Cristallo Bianco\" class=\"wp-image-119571\" title=\"Fabbrica della Musa - Cristallo Bianco\" srcset=\"https:\/\/www.alzd.de\/wp-content\/2024\/09\/Bildschirmfoto-vom-2024-09-18-11-32-08-866x1080.png 866w, https:\/\/www.alzd.de\/wp-content\/2024\/09\/Bildschirmfoto-vom-2024-09-18-11-32-08-577x720.png 577w, https:\/\/www.alzd.de\/wp-content\/2024\/09\/Bildschirmfoto-vom-2024-09-18-11-32-08-289x360.png 289w, https:\/\/www.alzd.de\/wp-content\/2024\/09\/Bildschirmfoto-vom-2024-09-18-11-32-08-768x958.png 768w, https:\/\/www.alzd.de\/wp-content\/2024\/09\/Bildschirmfoto-vom-2024-09-18-11-32-08.png 1004w\" sizes=\"(max-width: 866px) 100vw, 866px\" \/><figcaption class=\"wp-element-caption\">Cristallo Bianco from <a href=\"https:\/\/www.instagram.com\/fabbricadellamusa\/\" target=\"_blank\" rel=\"noreferrer noopener\">Instagram<\/a><\/figcaption><\/figure>\n<\/div>\n<p>The opening of Monte Cristallo reveals the velvety, fruity accents of peach and pear as well as the airy, aquatic floral notes of magnolia, which are accompanied by creamy jasmine.\nThe musk has a mineral and light appearance, finely powdery, almost crystalline, floating like a fluffy cloud over the creation, combining with the flowers and fruits to create a clean, gentle and skintight composition that reminds me of white, flowing silk that is a little cool, smooth and incredibly soft.\nThe fig provides subtle greenish fruit speckles.\nThe fragrance is rounded off with creamy, light and warm woods that fit wonderfully into the olfactory structure.   <\/p>\n\n<p>Fans of clean fragrances with floral-fruity and light woody undertones will be absolutely delighted with Cristallo Bianco. I love minimalist compositions, so this eau de parfum is exactly to my taste. Perfect for every occasion, every occasion and every season. An all-rounder through and through that all fans of clean, subtle and skunky creations should put at the top of their must-try list. \ud83e\udd0d<\/p>\n\n<div class=\"wp-block-buttons is-content-justification-center is-layout-flex wp-container-core-buttons-is-layout-16018d1d wp-block-buttons-is-layout-flex\">\n<div class=\"wp-block-button has-custom-width wp-block-button__width-50\"><a class=\"wp-block-button__link has-white-color has-text-color has-background has-link-color wp-element-button\" href=\"https:\/\/www.ausliebezumduft.de\/fabbrica-della-musa-cristallo-bianco.html\" style=\"background-color:#df6949\" target=\"_blank\" rel=\"noreferrer noopener\"><strong>Cristallo Bianco<\/strong><\/a><\/div>\n<\/div>\n\n<div style=\"height:100px\" aria-hidden=\"true\" class=\"wp-block-spacer\"><\/div>\n\n<h2 class=\"wp-block-heading\">7 Miglia &#8211; Seven miles<\/h2>\n\n<p>The <a href=\"https:\/\/www.ausliebezumduft.de\/fabbrica-della-musa-7-miglia.html\" target=\"_blank\" rel=\"noreferrer noopener\">7 Miglia<\/a> fragrance is based on the historic <a href=\"https:\/\/de.wikipedia.org\/wiki\/Mille_Miglia\" target=\"_blank\" rel=\"noreferrer noopener\">Mille Miglia<\/a> car race, which ran from the northern Italian city of Brescia to Rome and back again.\nThe race took place from the mid-1920s to the mid-1950s and was mostly won by Italian car brands.\nDue to a terrible accident in which numerous spectators were injured and killed, the car race was finally banned in 1957.\nSince the end of the 1970s, there has been a classic car race of the same name, but it is not about speed, but is driven at a very leisurely pace.\nPerfumer Hamid Merati-Kashani used the ingredients <strong>bergamot, neroli, orange, orange blossom, elemi resin, jasmine, patchouli, oakmoss, guaiac wood, Virginia cedarwood, copahu balsam<\/strong> and <strong>tonka bean<\/strong> for the olfactory realization of this dynamic theme.    <\/p>\n<div class=\"wp-block-image\">\n<figure class=\"aligncenter size-large\"><img decoding=\"async\" width=\"866\" height=\"1080\" src=\"https:\/\/www.alzd.de\/wp-content\/2024\/09\/Bildschirmfoto-vom-2024-09-18-11-31-40-866x1080.png\" alt=\"Fabbrica della Musa - 7 Miglia\" class=\"wp-image-119575\" title=\"Fabbrica della Musa - 7 Miglia\" srcset=\"https:\/\/www.alzd.de\/wp-content\/2024\/09\/Bildschirmfoto-vom-2024-09-18-11-31-40-866x1080.png 866w, https:\/\/www.alzd.de\/wp-content\/2024\/09\/Bildschirmfoto-vom-2024-09-18-11-31-40-577x720.png 577w, https:\/\/www.alzd.de\/wp-content\/2024\/09\/Bildschirmfoto-vom-2024-09-18-11-31-40-289x360.png 289w, https:\/\/www.alzd.de\/wp-content\/2024\/09\/Bildschirmfoto-vom-2024-09-18-11-31-40-768x958.png 768w, https:\/\/www.alzd.de\/wp-content\/2024\/09\/Bildschirmfoto-vom-2024-09-18-11-31-40.png 1004w\" sizes=\"(max-width: 866px) 100vw, 866px\" \/><figcaption class=\"wp-element-caption\">7 Miglia from <a href=\"https:\/\/www.instagram.com\/fabbricadellamusa\/\" target=\"_blank\" rel=\"noreferrer noopener\">Instagram<\/a><\/figcaption><\/figure>\n<\/div>\n<p>A citrusy, tart freshness opens 7 Miglia, followed by creamy, fruity orange blossom and jasmine as well as the greenish spiciness of elemi resin, which adds depth to the creation.\nPeppery, sparkling notes are added, accompanied by the earthy, woody accents of patchouli and oakmoss, which breathe gentle barbershop vibes into the creation.\nAs the fragrance progresses, powdery coniferous wood nuances join in, bringing the eau de parfum to a gentle close.  <\/p>\n\n<p>7 Miglia is a rather tart, woody-creamy fragrance with earthy-powdery and delicately wild facets, which in my opinion has a masculine touch and this is also communicated by the brand.\nThe eau de parfum is very present and impresses with its excellent longevity.\nIn addition, 7 Miglia is an olfactory perennial in terms of season and occasion, which makes this creation even more attractive.\nA wonderful conclusion to this exciting collection from the pen of Hamid Merati-Kashani, which fans of Italian-inspired fragrances full of elegance, sophistication and style should absolutely love.   <\/p>\n\n<div class=\"wp-block-buttons is-content-justification-center is-layout-flex wp-container-core-buttons-is-layout-16018d1d wp-block-buttons-is-layout-flex\">\n<div class=\"wp-block-button has-custom-width wp-block-button__width-50\"><a class=\"wp-block-button__link has-white-color has-text-color has-background has-link-color wp-element-button\" href=\"https:\/\/www.ausliebezumduft.de\/fabbrica-della-musa-7-miglia.html\" style=\"background-color:#ac5721\" target=\"_blank\" rel=\"noreferrer noopener\"><strong>7 Miglia<\/strong><\/a><\/div>\n<\/div>\n","protected":false},"excerpt":{"rendered":"<p>In the last article on the Italian-inspired brand Fabbrica della Musa, we will focus on the eaux de parfum Cristallo Bianco and 7 Miglia, which once again celebrate&#8230;<\/p>\n<div class=\"more-link-wrapper\"><a class=\"more-link\" href=\"https:\/\/www.alzd.de\/en\/2024\/09\/20\/cristallo-bianco-and-7-miglia-from-fabbrica-della-musa\/\">WEITERLESEN<span class=\"screen-reader-text\">Cristallo Bianco and 7 Miglia from Fabbrica della Musa<\/span><\/a><\/div>\n","protected":false},"author":535,"featured_media":119614,"comment_status":"open","ping_status":"closed","sticky":false,"template":"","format":"standard","meta":{"footnotes":""},"categories":[1161,1151,1117,1155,1114],"tags":[2055,1494],"class_list":["post-119617","post","type-post","status-publish","format-standard","has-post-thumbnail","hentry","category-clean-powdery","category-flowers","category-fragrances","category-fruity","category-woody","tag-fabbrica-della-musa-en","tag-hamid-merati-kashani-en","excerpt","zoom","full-without-featured","even","excerpt-0"],"yoast_head":"<!-- This site is optimized with the Yoast SEO plugin v27.5 - https:\/\/yoast.com\/product\/yoast-seo-wordpress\/ -->\n<title>Cristallo Bianco and 7 Miglia from Fabbrica della Musa<\/title>\n<meta name=\"description\" content=\"In the last article on the Italian-inspired brand Fabbrica della Musa, we take a look at the eaux de parfum Cristallo Bianco and 7 Miglia.\" \/>\n<meta name=\"robots\" content=\"index, follow, max-snippet:-1, max-image-preview:large, max-video-preview:-1\" \/>\n<link rel=\"canonical\" href=\"https:\/\/www.alzd.de\/en\/2024\/09\/20\/cristallo-bianco-and-7-miglia-from-fabbrica-della-musa\/\" \/>\n<meta property=\"og:locale\" content=\"en_US\" \/>\n<meta property=\"og:type\" content=\"article\" \/>\n<meta property=\"og:title\" content=\"Cristallo Bianco and 7 Miglia from Fabbrica della Musa\" \/>\n<meta property=\"og:url\" content=\"https:\/\/www.alzd.de\/en\/2024\/09\/20\/cristallo-bianco-and-7-miglia-from-fabbrica-della-musa\/\" \/>\n<meta property=\"og:site_name\" content=\"Das Duft-Tagebuch\" \/>\n<meta property=\"article:publisher\" content=\"https:\/\/www.facebook.com\/dufttagebuch\/\" \/>\n<meta property=\"article:author\" content=\"https:\/\/www.facebook.com\/stephanie.tkaczik\" \/>\n<meta property=\"article:published_time\" content=\"2024-09-20T10:20:40+00:00\" \/>\n<meta property=\"article:modified_time\" content=\"2024-09-20T10:28:04+00:00\" \/>\n<meta property=\"og:image\" content=\"https:\/\/www.alzd.de\/wp-content\/2024\/09\/bbcristallo.jpg\" \/>\n\t<meta property=\"og:image:width\" content=\"720\" \/>\n\t<meta property=\"og:image:height\" content=\"720\" \/>\n\t<meta property=\"og:image:type\" content=\"image\/jpeg\" \/>\n<meta name=\"author\" content=\"Julia Bir\u00f3\" \/>\n<meta name=\"twitter:card\" content=\"summary_large_image\" \/>\n<meta name=\"twitter:creator\" content=\"@ausliebezumduft\" \/>\n<meta name=\"twitter:site\" content=\"@ausliebezumduft\" \/>\n<script type=\"application\/ld+json\" class=\"yoast-schema-graph\">{\"@context\":\"https:\\\/\\\/schema.org\",\"@graph\":[{\"@type\":\"Article\",\"@id\":\"https:\\\/\\\/www.alzd.de\\\/en\\\/2024\\\/09\\\/20\\\/cristallo-bianco-and-7-miglia-from-fabbrica-della-musa\\\/#article\",\"isPartOf\":{\"@id\":\"https:\\\/\\\/www.alzd.de\\\/en\\\/2024\\\/09\\\/20\\\/cristallo-bianco-and-7-miglia-from-fabbrica-della-musa\\\/\"},\"author\":{\"name\":\"Julia Bir\u00f3\",\"@id\":\"https:\\\/\\\/www.alzd.de\\\/en\\\/#\\\/schema\\\/person\\\/8efcd8f02447fdbe8f29ad465897d04e\"},\"headline\":\"Cristallo Bianco and 7 Miglia from Fabbrica della Musa\",\"datePublished\":\"2024-09-20T10:20:40+00:00\",\"dateModified\":\"2024-09-20T10:28:04+00:00\",\"mainEntityOfPage\":{\"@id\":\"https:\\\/\\\/www.alzd.de\\\/en\\\/2024\\\/09\\\/20\\\/cristallo-bianco-and-7-miglia-from-fabbrica-della-musa\\\/\"},\"wordCount\":774,\"commentCount\":0,\"publisher\":{\"@id\":\"https:\\\/\\\/www.alzd.de\\\/en\\\/#organization\"},\"image\":{\"@id\":\"https:\\\/\\\/www.alzd.de\\\/en\\\/2024\\\/09\\\/20\\\/cristallo-bianco-and-7-miglia-from-fabbrica-della-musa\\\/#primaryimage\"},\"thumbnailUrl\":\"https:\\\/\\\/www.alzd.de\\\/wp-content\\\/2024\\\/09\\\/bbcristallo.jpg\",\"keywords\":[\"Fabbrica della Musa\",\"Hamid Merati-Kashani\"],\"articleSection\":[\"Clean &amp; Powdery\",\"Flowers\",\"Fragrances\",\"Fruity\",\"Woody\"],\"inLanguage\":\"en-US\",\"potentialAction\":[{\"@type\":\"CommentAction\",\"name\":\"Comment\",\"target\":[\"https:\\\/\\\/www.alzd.de\\\/en\\\/2024\\\/09\\\/20\\\/cristallo-bianco-and-7-miglia-from-fabbrica-della-musa\\\/#respond\"]}]},{\"@type\":\"WebPage\",\"@id\":\"https:\\\/\\\/www.alzd.de\\\/en\\\/2024\\\/09\\\/20\\\/cristallo-bianco-and-7-miglia-from-fabbrica-della-musa\\\/\",\"url\":\"https:\\\/\\\/www.alzd.de\\\/en\\\/2024\\\/09\\\/20\\\/cristallo-bianco-and-7-miglia-from-fabbrica-della-musa\\\/\",\"name\":\"Cristallo Bianco and 7 Miglia from Fabbrica della Musa\",\"isPartOf\":{\"@id\":\"https:\\\/\\\/www.alzd.de\\\/en\\\/#website\"},\"primaryImageOfPage\":{\"@id\":\"https:\\\/\\\/www.alzd.de\\\/en\\\/2024\\\/09\\\/20\\\/cristallo-bianco-and-7-miglia-from-fabbrica-della-musa\\\/#primaryimage\"},\"image\":{\"@id\":\"https:\\\/\\\/www.alzd.de\\\/en\\\/2024\\\/09\\\/20\\\/cristallo-bianco-and-7-miglia-from-fabbrica-della-musa\\\/#primaryimage\"},\"thumbnailUrl\":\"https:\\\/\\\/www.alzd.de\\\/wp-content\\\/2024\\\/09\\\/bbcristallo.jpg\",\"datePublished\":\"2024-09-20T10:20:40+00:00\",\"dateModified\":\"2024-09-20T10:28:04+00:00\",\"description\":\"In the last article on the Italian-inspired brand Fabbrica della Musa, we take a look at the eaux de parfum Cristallo Bianco and 7 Miglia.\",\"breadcrumb\":{\"@id\":\"https:\\\/\\\/www.alzd.de\\\/en\\\/2024\\\/09\\\/20\\\/cristallo-bianco-and-7-miglia-from-fabbrica-della-musa\\\/#breadcrumb\"},\"inLanguage\":\"en-US\",\"potentialAction\":[{\"@type\":\"ReadAction\",\"target\":[\"https:\\\/\\\/www.alzd.de\\\/en\\\/2024\\\/09\\\/20\\\/cristallo-bianco-and-7-miglia-from-fabbrica-della-musa\\\/\"]}]},{\"@type\":\"ImageObject\",\"inLanguage\":\"en-US\",\"@id\":\"https:\\\/\\\/www.alzd.de\\\/en\\\/2024\\\/09\\\/20\\\/cristallo-bianco-and-7-miglia-from-fabbrica-della-musa\\\/#primaryimage\",\"url\":\"https:\\\/\\\/www.alzd.de\\\/wp-content\\\/2024\\\/09\\\/bbcristallo.jpg\",\"contentUrl\":\"https:\\\/\\\/www.alzd.de\\\/wp-content\\\/2024\\\/09\\\/bbcristallo.jpg\",\"width\":720,\"height\":720},{\"@type\":\"BreadcrumbList\",\"@id\":\"https:\\\/\\\/www.alzd.de\\\/en\\\/2024\\\/09\\\/20\\\/cristallo-bianco-and-7-miglia-from-fabbrica-della-musa\\\/#breadcrumb\",\"itemListElement\":[{\"@type\":\"ListItem\",\"position\":1,\"name\":\"Startseite\",\"item\":\"https:\\\/\\\/www.alzd.de\\\/en\\\/\"},{\"@type\":\"ListItem\",\"position\":2,\"name\":\"Cristallo Bianco and 7 Miglia from Fabbrica della Musa\"}]},{\"@type\":\"WebSite\",\"@id\":\"https:\\\/\\\/www.alzd.de\\\/en\\\/#website\",\"url\":\"https:\\\/\\\/www.alzd.de\\\/en\\\/\",\"name\":\"Das Duft-Tagebuch\",\"description\":\"Das Parfumblog von Aus Liebe zum Duft\",\"publisher\":{\"@id\":\"https:\\\/\\\/www.alzd.de\\\/en\\\/#organization\"},\"potentialAction\":[{\"@type\":\"SearchAction\",\"target\":{\"@type\":\"EntryPoint\",\"urlTemplate\":\"https:\\\/\\\/www.alzd.de\\\/en\\\/?s={search_term_string}\"},\"query-input\":{\"@type\":\"PropertyValueSpecification\",\"valueRequired\":true,\"valueName\":\"search_term_string\"}}],\"inLanguage\":\"en-US\"},{\"@type\":\"Organization\",\"@id\":\"https:\\\/\\\/www.alzd.de\\\/en\\\/#organization\",\"name\":\"Das Duft-Tagebuch\",\"url\":\"https:\\\/\\\/www.alzd.de\\\/en\\\/\",\"logo\":{\"@type\":\"ImageObject\",\"inLanguage\":\"en-US\",\"@id\":\"https:\\\/\\\/www.alzd.de\\\/en\\\/#\\\/schema\\\/logo\\\/image\\\/\",\"url\":\"https:\\\/\\\/www.alzd.de\\\/wp-content\\\/2023\\\/08\\\/alzd_dufttagebuch.png\",\"contentUrl\":\"https:\\\/\\\/www.alzd.de\\\/wp-content\\\/2023\\\/08\\\/alzd_dufttagebuch.png\",\"width\":1804,\"height\":416,\"caption\":\"Das Duft-Tagebuch\"},\"image\":{\"@id\":\"https:\\\/\\\/www.alzd.de\\\/en\\\/#\\\/schema\\\/logo\\\/image\\\/\"},\"sameAs\":[\"https:\\\/\\\/www.facebook.com\\\/dufttagebuch\\\/\",\"https:\\\/\\\/x.com\\\/ausliebezumduft\",\"https:\\\/\\\/www.instagram.com\\\/ausliebezumduft.de\\\/\",\"https:\\\/\\\/www.youtube.com\\\/c\\\/ausliebezumduft\"]},{\"@type\":\"Person\",\"@id\":\"https:\\\/\\\/www.alzd.de\\\/en\\\/#\\\/schema\\\/person\\\/8efcd8f02447fdbe8f29ad465897d04e\",\"name\":\"Julia Bir\u00f3\",\"image\":{\"@type\":\"ImageObject\",\"inLanguage\":\"en-US\",\"@id\":\"https:\\\/\\\/www.alzd.de\\\/wp-content\\\/2018\\\/02\\\/cropped-cropped-mitarbeiterbilder_steffi--96x96.jpg\",\"url\":\"https:\\\/\\\/www.alzd.de\\\/wp-content\\\/2018\\\/02\\\/cropped-cropped-mitarbeiterbilder_steffi--96x96.jpg\",\"contentUrl\":\"https:\\\/\\\/www.alzd.de\\\/wp-content\\\/2018\\\/02\\\/cropped-cropped-mitarbeiterbilder_steffi--96x96.jpg\",\"caption\":\"Julia Bir\u00f3\"},\"description\":\"Bereits 2010 gingen so einige Blogbeitr\u00e4ge auf mein Konto. Dann war ich \u201ekurz\u201c weg \u2013 sechs Jahre. Umso mehr freut es mich, dass ich nun wieder die Chance bekomme, mein N\u00e4schen im Dienste der Duftrezension schnuppern zu lassen und eifrig in die Tasten zu hauen. Was Nischend\u00fcfte angeht, habe ich damals \u00fcbrigens schnell Feuer gefangen. Meine Ausbildung tat dazu ihr \u00dcbriges: Als diplomierte Biologin kenne ich mich nicht nur mit Fauna und Flora, sondern auch recht gut mit der Herstellung von \u00d6len und Extrakten aus, was den Reiz der Parfumwelt nat\u00fcrlich noch gr\u00f6\u00dfer macht.\",\"sameAs\":[\"https:\\\/\\\/biro.is\\\/\",\"https:\\\/\\\/www.facebook.com\\\/stephanie.tkaczik\"],\"url\":\"https:\\\/\\\/www.alzd.de\\\/en\\\/author\\\/stephanie\\\/\"}]}<\/script>\n<!-- \/ Yoast SEO plugin. -->","yoast_head_json":{"title":"Cristallo Bianco and 7 Miglia from Fabbrica della Musa","description":"In the last article on the Italian-inspired brand Fabbrica della Musa, we take a look at the eaux de parfum Cristallo Bianco and 7 Miglia.","robots":{"index":"index","follow":"follow","max-snippet":"max-snippet:-1","max-image-preview":"max-image-preview:large","max-video-preview":"max-video-preview:-1"},"canonical":"https:\/\/www.alzd.de\/en\/2024\/09\/20\/cristallo-bianco-and-7-miglia-from-fabbrica-della-musa\/","og_locale":"en_US","og_type":"article","og_title":"Cristallo Bianco and 7 Miglia from Fabbrica della Musa","og_url":"https:\/\/www.alzd.de\/en\/2024\/09\/20\/cristallo-bianco-and-7-miglia-from-fabbrica-della-musa\/","og_site_name":"Das Duft-Tagebuch","article_publisher":"https:\/\/www.facebook.com\/dufttagebuch\/","article_author":"https:\/\/www.facebook.com\/stephanie.tkaczik","article_published_time":"2024-09-20T10:20:40+00:00","article_modified_time":"2024-09-20T10:28:04+00:00","og_image":[{"width":720,"height":720,"url":"https:\/\/www.alzd.de\/wp-content\/2024\/09\/bbcristallo.jpg","type":"image\/jpeg"}],"author":"Julia Bir\u00f3","twitter_card":"summary_large_image","twitter_creator":"@ausliebezumduft","twitter_site":"@ausliebezumduft","schema":{"@context":"https:\/\/schema.org","@graph":[{"@type":"Article","@id":"https:\/\/www.alzd.de\/en\/2024\/09\/20\/cristallo-bianco-and-7-miglia-from-fabbrica-della-musa\/#article","isPartOf":{"@id":"https:\/\/www.alzd.de\/en\/2024\/09\/20\/cristallo-bianco-and-7-miglia-from-fabbrica-della-musa\/"},"author":{"name":"Julia Bir\u00f3","@id":"https:\/\/www.alzd.de\/en\/#\/schema\/person\/8efcd8f02447fdbe8f29ad465897d04e"},"headline":"Cristallo Bianco and 7 Miglia from Fabbrica della Musa","datePublished":"2024-09-20T10:20:40+00:00","dateModified":"2024-09-20T10:28:04+00:00","mainEntityOfPage":{"@id":"https:\/\/www.alzd.de\/en\/2024\/09\/20\/cristallo-bianco-and-7-miglia-from-fabbrica-della-musa\/"},"wordCount":774,"commentCount":0,"publisher":{"@id":"https:\/\/www.alzd.de\/en\/#organization"},"image":{"@id":"https:\/\/www.alzd.de\/en\/2024\/09\/20\/cristallo-bianco-and-7-miglia-from-fabbrica-della-musa\/#primaryimage"},"thumbnailUrl":"https:\/\/www.alzd.de\/wp-content\/2024\/09\/bbcristallo.jpg","keywords":["Fabbrica della Musa","Hamid Merati-Kashani"],"articleSection":["Clean &amp; Powdery","Flowers","Fragrances","Fruity","Woody"],"inLanguage":"en-US","potentialAction":[{"@type":"CommentAction","name":"Comment","target":["https:\/\/www.alzd.de\/en\/2024\/09\/20\/cristallo-bianco-and-7-miglia-from-fabbrica-della-musa\/#respond"]}]},{"@type":"WebPage","@id":"https:\/\/www.alzd.de\/en\/2024\/09\/20\/cristallo-bianco-and-7-miglia-from-fabbrica-della-musa\/","url":"https:\/\/www.alzd.de\/en\/2024\/09\/20\/cristallo-bianco-and-7-miglia-from-fabbrica-della-musa\/","name":"Cristallo Bianco and 7 Miglia from Fabbrica della Musa","isPartOf":{"@id":"https:\/\/www.alzd.de\/en\/#website"},"primaryImageOfPage":{"@id":"https:\/\/www.alzd.de\/en\/2024\/09\/20\/cristallo-bianco-and-7-miglia-from-fabbrica-della-musa\/#primaryimage"},"image":{"@id":"https:\/\/www.alzd.de\/en\/2024\/09\/20\/cristallo-bianco-and-7-miglia-from-fabbrica-della-musa\/#primaryimage"},"thumbnailUrl":"https:\/\/www.alzd.de\/wp-content\/2024\/09\/bbcristallo.jpg","datePublished":"2024-09-20T10:20:40+00:00","dateModified":"2024-09-20T10:28:04+00:00","description":"In the last article on the Italian-inspired brand Fabbrica della Musa, we take a look at the eaux de parfum Cristallo Bianco and 7 Miglia.","breadcrumb":{"@id":"https:\/\/www.alzd.de\/en\/2024\/09\/20\/cristallo-bianco-and-7-miglia-from-fabbrica-della-musa\/#breadcrumb"},"inLanguage":"en-US","potentialAction":[{"@type":"ReadAction","target":["https:\/\/www.alzd.de\/en\/2024\/09\/20\/cristallo-bianco-and-7-miglia-from-fabbrica-della-musa\/"]}]},{"@type":"ImageObject","inLanguage":"en-US","@id":"https:\/\/www.alzd.de\/en\/2024\/09\/20\/cristallo-bianco-and-7-miglia-from-fabbrica-della-musa\/#primaryimage","url":"https:\/\/www.alzd.de\/wp-content\/2024\/09\/bbcristallo.jpg","contentUrl":"https:\/\/www.alzd.de\/wp-content\/2024\/09\/bbcristallo.jpg","width":720,"height":720},{"@type":"BreadcrumbList","@id":"https:\/\/www.alzd.de\/en\/2024\/09\/20\/cristallo-bianco-and-7-miglia-from-fabbrica-della-musa\/#breadcrumb","itemListElement":[{"@type":"ListItem","position":1,"name":"Startseite","item":"https:\/\/www.alzd.de\/en\/"},{"@type":"ListItem","position":2,"name":"Cristallo Bianco and 7 Miglia from Fabbrica della Musa"}]},{"@type":"WebSite","@id":"https:\/\/www.alzd.de\/en\/#website","url":"https:\/\/www.alzd.de\/en\/","name":"Das Duft-Tagebuch","description":"Das Parfumblog von Aus Liebe zum Duft","publisher":{"@id":"https:\/\/www.alzd.de\/en\/#organization"},"potentialAction":[{"@type":"SearchAction","target":{"@type":"EntryPoint","urlTemplate":"https:\/\/www.alzd.de\/en\/?s={search_term_string}"},"query-input":{"@type":"PropertyValueSpecification","valueRequired":true,"valueName":"search_term_string"}}],"inLanguage":"en-US"},{"@type":"Organization","@id":"https:\/\/www.alzd.de\/en\/#organization","name":"Das Duft-Tagebuch","url":"https:\/\/www.alzd.de\/en\/","logo":{"@type":"ImageObject","inLanguage":"en-US","@id":"https:\/\/www.alzd.de\/en\/#\/schema\/logo\/image\/","url":"https:\/\/www.alzd.de\/wp-content\/2023\/08\/alzd_dufttagebuch.png","contentUrl":"https:\/\/www.alzd.de\/wp-content\/2023\/08\/alzd_dufttagebuch.png","width":1804,"height":416,"caption":"Das Duft-Tagebuch"},"image":{"@id":"https:\/\/www.alzd.de\/en\/#\/schema\/logo\/image\/"},"sameAs":["https:\/\/www.facebook.com\/dufttagebuch\/","https:\/\/x.com\/ausliebezumduft","https:\/\/www.instagram.com\/ausliebezumduft.de\/","https:\/\/www.youtube.com\/c\/ausliebezumduft"]},{"@type":"Person","@id":"https:\/\/www.alzd.de\/en\/#\/schema\/person\/8efcd8f02447fdbe8f29ad465897d04e","name":"Julia Bir\u00f3","image":{"@type":"ImageObject","inLanguage":"en-US","@id":"https:\/\/www.alzd.de\/wp-content\/2018\/02\/cropped-cropped-mitarbeiterbilder_steffi--96x96.jpg","url":"https:\/\/www.alzd.de\/wp-content\/2018\/02\/cropped-cropped-mitarbeiterbilder_steffi--96x96.jpg","contentUrl":"https:\/\/www.alzd.de\/wp-content\/2018\/02\/cropped-cropped-mitarbeiterbilder_steffi--96x96.jpg","caption":"Julia Bir\u00f3"},"description":"Bereits 2010 gingen so einige Blogbeitr\u00e4ge auf mein Konto. Dann war ich \u201ekurz\u201c weg \u2013 sechs Jahre. Umso mehr freut es mich, dass ich nun wieder die Chance bekomme, mein N\u00e4schen im Dienste der Duftrezension schnuppern zu lassen und eifrig in die Tasten zu hauen. Was Nischend\u00fcfte angeht, habe ich damals \u00fcbrigens schnell Feuer gefangen. Meine Ausbildung tat dazu ihr \u00dcbriges: Als diplomierte Biologin kenne ich mich nicht nur mit Fauna und Flora, sondern auch recht gut mit der Herstellung von \u00d6len und Extrakten aus, was den Reiz der Parfumwelt nat\u00fcrlich noch gr\u00f6\u00dfer macht.","sameAs":["https:\/\/biro.is\/","https:\/\/www.facebook.com\/stephanie.tkaczik"],"url":"https:\/\/www.alzd.de\/en\/author\/stephanie\/"}]}},"wp-worthy-pixel":{"ignored":false,"public":null,"server":null,"url":null},"wp-worthy-type":"normal","_links":{"self":[{"href":"https:\/\/www.alzd.de\/en\/wp-json\/wp\/v2\/posts\/119617","targetHints":{"allow":["GET"]}}],"collection":[{"href":"https:\/\/www.alzd.de\/en\/wp-json\/wp\/v2\/posts"}],"about":[{"href":"https:\/\/www.alzd.de\/en\/wp-json\/wp\/v2\/types\/post"}],"author":[{"embeddable":true,"href":"https:\/\/www.alzd.de\/en\/wp-json\/wp\/v2\/users\/535"}],"replies":[{"embeddable":true,"href":"https:\/\/www.alzd.de\/en\/wp-json\/wp\/v2\/comments?post=119617"}],"version-history":[{"count":2,"href":"https:\/\/www.alzd.de\/en\/wp-json\/wp\/v2\/posts\/119617\/revisions"}],"predecessor-version":[{"id":119619,"href":"https:\/\/www.alzd.de\/en\/wp-json\/wp\/v2\/posts\/119617\/revisions\/119619"}],"wp:featuredmedia":[{"embeddable":true,"href":"https:\/\/www.alzd.de\/en\/wp-json\/wp\/v2\/media\/119614"}],"wp:attachment":[{"href":"https:\/\/www.alzd.de\/en\/wp-json\/wp\/v2\/media?parent=119617"}],"wp:term":[{"taxonomy":"category","embeddable":true,"href":"https:\/\/www.alzd.de\/en\/wp-json\/wp\/v2\/categories?post=119617"},{"taxonomy":"post_tag","embeddable":true,"href":"https:\/\/www.alzd.de\/en\/wp-json\/wp\/v2\/tags?post=119617"}],"curies":[{"name":"wp","href":"https:\/\/api.w.org\/{rel}","templated":true}]}}