{"id":119513,"date":"2024-09-17T12:51:39","date_gmt":"2024-09-17T10:51:39","guid":{"rendered":"https:\/\/www.alzd.de\/2024\/09\/17\/fabbrica-della-musa-italian-dolce-vita\/"},"modified":"2024-09-17T12:57:00","modified_gmt":"2024-09-17T10:57:00","slug":"fabbrica-della-musa-italian-dolce-vita","status":"publish","type":"post","link":"https:\/\/www.alzd.de\/en\/2024\/09\/17\/fabbrica-della-musa-italian-dolce-vita\/","title":{"rendered":"Fabbrica della Musa &#8211; Italian dolce vita"},"content":{"rendered":"\n<p>The <a href=\"https:\/\/www.ausliebezumduft.de\/fragrances\/fabbrica-della-musa.html\" target=\"_blank\" rel=\"noreferrer noopener\">Fabbrica della Musa<\/a> brand has been represented at <a href=\"https:\/\/www.ausliebezumduft.de\" target=\"_blank\" rel=\"noreferrer noopener\">Aus Liebe zum Duft<\/a> for a few weeks now with six eaux de parfum and I would therefore like to take the opportunity to introduce you to the label&#8217;s collection here.\nWhat is exciting is who is behind the fragrance house: Barbara Adelmann, who has been in the fragrance business for many years, and her husband, the well-known perfumer Hamid Merati-Kashani.\nHe is of course responsible for the olfactory realization of the creations, which makes me all the more curious about the fragrances.  <\/p>\n<div class=\"wp-block-image\">\n<figure class=\"aligncenter size-full\"><img decoding=\"async\" width=\"875\" height=\"968\" src=\"https:\/\/www.alzd.de\/wp-content\/2024\/09\/Bildschirmfoto-vom-2024-09-17-09-02-56.png\" alt=\"Fabbrica della Musa - Collection\" class=\"wp-image-119479\" title=\"Fabbrica della Musa - Collection\" srcset=\"https:\/\/www.alzd.de\/wp-content\/2024\/09\/Bildschirmfoto-vom-2024-09-17-09-02-56.png 875w, https:\/\/www.alzd.de\/wp-content\/2024\/09\/Bildschirmfoto-vom-2024-09-17-09-02-56-651x720.png 651w, https:\/\/www.alzd.de\/wp-content\/2024\/09\/Bildschirmfoto-vom-2024-09-17-09-02-56-325x360.png 325w, https:\/\/www.alzd.de\/wp-content\/2024\/09\/Bildschirmfoto-vom-2024-09-17-09-02-56-768x850.png 768w\" sizes=\"(max-width: 875px) 100vw, 875px\" \/><\/figure>\n<\/div>\n<blockquote class=\"wp-block-quote is-layout-flow wp-block-quote-is-layout-flow\">\n<p>Fabbrica della Musa presents a collection of vibrant, sparkling and beguiling fragrances that capture sensual scents, refreshing aromas and the sunny dolce vita of Italy with the help of inspiring natural ingredients.\nFrom Italy to the whole world: Fabbrica della Musa transforms inspiring impulses into fragrances and offers a unique collection.   <\/p>\n<\/blockquote>\n\n<p>The collection comprises six fragrances, which are clearly divided into masculine and feminine fragrances.\nThe creations for women are in white and gold, those for men in black and silver.\nI would like to introduce you to one pair each today and in my upcoming posts, starting with <a href=\"https:\/\/www.ausliebezumduft.de\/fabbrica-della-musa-via-velluto.html\" target=\"_blank\" rel=\"noreferrer noopener\">Via Velluto<\/a> and <a href=\"https:\/\/www.ausliebezumduft.de\/fabbrica-della-musa-magia-maestrale.html\" target=\"_blank\" rel=\"noreferrer noopener\">Magia Maestrale<\/a>.  <\/p>\n\n<h2 class=\"wp-block-heading\">Via Velluto &#8211; Fabbrica della Musa<\/h2>\n\n<p><a href=\"https:\/\/www.ausliebezumduft.de\/fabbrica-della-musa-via-velluto.html\" target=\"_blank\" rel=\"noreferrer noopener\">Via Velluto<\/a> is a fragrance that connects Italy with the Orient and Asia.\nA reminiscence of the Silk Road and a composition inspired by the &#8220;sophistication and beauty of velvet&#8221;.\nPerfumer <a href=\"https:\/\/www.alzd.de\/en\/tag\/hamid-merati-kashani-en\/\" target=\"_blank\" rel=\"noreferrer noopener\">Hamid Merati-Kashani<\/a> combined the ingredients <strong>raspberry, red fruits, incense, Damask rose, jasmine, peony, musk, leather, vetiver<\/strong> and <strong>sandalwood<\/strong> to create a fragrance that is as glamorous as it is elegant and sensual.  <\/p>\n<div class=\"wp-block-image\">\n<figure class=\"aligncenter size-full is-resized\"><img decoding=\"async\" width=\"875\" height=\"968\" src=\"https:\/\/www.alzd.de\/wp-content\/2024\/09\/Bildschirmfoto-vom-2024-09-17-09-19-24.png\" alt=\"Fabbrica della Musa - Via Velluto\" class=\"wp-image-119487\" style=\"width:734px;height:auto\" title=\"Fabbrica della Musa - Via Velluto\" srcset=\"https:\/\/www.alzd.de\/wp-content\/2024\/09\/Bildschirmfoto-vom-2024-09-17-09-19-24.png 875w, https:\/\/www.alzd.de\/wp-content\/2024\/09\/Bildschirmfoto-vom-2024-09-17-09-19-24-651x720.png 651w, https:\/\/www.alzd.de\/wp-content\/2024\/09\/Bildschirmfoto-vom-2024-09-17-09-19-24-325x360.png 325w, https:\/\/www.alzd.de\/wp-content\/2024\/09\/Bildschirmfoto-vom-2024-09-17-09-19-24-768x850.png 768w\" sizes=\"(max-width: 875px) 100vw, 875px\" \/><\/figure>\n<\/div>\n<p>The opening of Via Velluto is very light, very transparent and airy thanks to delicate rose nuances and aquatic peony, which meet cool incense and fine berry accents.\nAll of this moves in a state of maximum transparency, appearing lucid, clear and at times barely tangible.\nGentle, light leather joins in, followed by powdery, crystalline and creamy woods.  <\/p>\n\n<p>Via Velluto is a heavenly, delicate and light and airy eau de parfum that combines fruity, floral and fine leathery aspects in an extremely minimalist and modern way.\nThe white color of the bottle fits perfectly with the composition, which I would also classify in terms of color.\nThe reference to the Silk Road spontaneously made me think of a lavish creation, of oriental spices, luxurious fabrics, gold and precious stones, but in reality the fragrance is a light-flooded, clear, rather skin-tight and elegant composition that is absolutely suitable for everyday wear and the office and can be worn all year round.  <\/p>\n\n<div class=\"wp-block-buttons is-content-justification-center is-layout-flex wp-container-core-buttons-is-layout-16018d1d wp-block-buttons-is-layout-flex\">\n<div class=\"wp-block-button has-custom-width wp-block-button__width-50\"><a class=\"wp-block-button__link has-white-color has-text-color has-background has-link-color wp-element-button\" href=\"https:\/\/www.ausliebezumduft.de\/fabbrica-della-musa-via-velluto.html\" style=\"background-color:#fa3eb7\" target=\"_blank\" rel=\"noreferrer noopener\"><strong>Via Velluto<\/strong><\/a><\/div>\n<\/div>\n\n<div style=\"height:100px\" aria-hidden=\"true\" class=\"wp-block-spacer\"><\/div>\n\n<h2 class=\"wp-block-heading\">Magia Maestrale &#8211; Magical wind<\/h2>\n\n<p>Magia Maestrale is dedicated to the mistral, the cool wind that can cause strong gusts, especially in the summer months around Sardinia.\nFor this reason, it is popular with all water sports enthusiasts who need windy conditions, such as windsurfers, kitesurfers and sailors.\nThe mistral originates in the Rhone Valley and then moves across Provence and southern France towards the Mediterranean.\nIt is therefore understandable that perfumer Hamid Merati-Kashani includes the ingredient <strong>lavender<\/strong> in this composition and combines the characteristic Provence plant with <strong>cinnamon, lemon, mandarin, geranium, jasmine, bourbon vanilla, benzoin resin, guaiac wood<\/strong> and <strong>cedar wood<\/strong>.   <\/p>\n<div class=\"wp-block-image\">\n<figure class=\"aligncenter size-full\"><img decoding=\"async\" width=\"829\" height=\"1066\" src=\"https:\/\/www.alzd.de\/wp-content\/2024\/09\/Bildschirmfoto-vom-2024-09-17-12-02-11.png\" alt=\"Fabbrica della Musa - Magia Maestrale\" class=\"wp-image-119499\" title=\"Fabbrica della Musa - Magia Maestrale\" srcset=\"https:\/\/www.alzd.de\/wp-content\/2024\/09\/Bildschirmfoto-vom-2024-09-17-12-02-11.png 829w, https:\/\/www.alzd.de\/wp-content\/2024\/09\/Bildschirmfoto-vom-2024-09-17-12-02-11-560x720.png 560w, https:\/\/www.alzd.de\/wp-content\/2024\/09\/Bildschirmfoto-vom-2024-09-17-12-02-11-280x360.png 280w, https:\/\/www.alzd.de\/wp-content\/2024\/09\/Bildschirmfoto-vom-2024-09-17-12-02-11-768x988.png 768w\" sizes=\"(max-width: 829px) 100vw, 829px\" \/><\/figure>\n<\/div>\n<p>Herbaceous lavender and fresh citrus fruits bring cool and salty sea accents to Magia Maestrale, creating a tart, maritime mood right from the start, which in my opinion goes wonderfully with a cool and gusty wind.\nThe spicy sharpness of cinnamon joins in as the fragrance progresses, accompanied by minty green geranium and the creamy notes of jasmine and benzoin resin, which lend the eau de parfum soft, supple and velvety facets and soften the herbaceous coolness of the opening.\nThe finish also reveals smoky, powdery and light woody nuances that round off the composition with a discreetly leathery and warm note.  <\/p>\n\n<p>Magia Maestrale is a rather masculine fragrance &#8211; as the black and silver color scheme suggests &#8211; that has a fresh, herbaceous and maritime feel. This creation is also transparent, airy and should be ideal for anyone who prefers tart compositions with foug\u00e8re barbershop vibes. Suitable for everyday wear and the office and can be worn all year round, making it a true all-rounder. \ud83d\ude0a<\/p>\n\n<div class=\"wp-block-buttons is-content-justification-center is-layout-flex wp-container-core-buttons-is-layout-16018d1d wp-block-buttons-is-layout-flex\">\n<div class=\"wp-block-button has-custom-width wp-block-button__width-50\"><a class=\"wp-block-button__link has-white-color has-text-color has-background has-link-color wp-element-button\" href=\"https:\/\/www.ausliebezumduft.de\/fabbrica-della-musa-magia-maestrale.html\" style=\"background-color:#0f5068\" target=\"_blank\" rel=\"noreferrer noopener\"><strong>Magia Maestrale<\/strong><\/a><\/div>\n<\/div>\n","protected":false},"excerpt":{"rendered":"<p>The Fabbrica della Musa brand has been represented at Aus Liebe zum Duft for a few weeks now with six eaux de parfum and I would therefore like&#8230;<\/p>\n<div class=\"more-link-wrapper\"><a class=\"more-link\" href=\"https:\/\/www.alzd.de\/en\/2024\/09\/17\/fabbrica-della-musa-italian-dolce-vita\/\">WEITERLESEN<span class=\"screen-reader-text\">Fabbrica della Musa &#8211; Italian dolce vita<\/span><\/a><\/div>\n","protected":false},"author":535,"featured_media":119478,"comment_status":"open","ping_status":"closed","sticky":false,"template":"","format":"standard","meta":{"footnotes":""},"categories":[1150,1161,1151,1154,1117,1115,1113],"tags":[2055,1494],"class_list":["post-119513","post","type-post","status-publish","format-standard","has-post-thumbnail","hentry","category-aquatic","category-clean-powdery","category-flowers","category-fougere-en","category-fragrances","category-leather","category-spicy","tag-fabbrica-della-musa-en","tag-hamid-merati-kashani-en","excerpt","zoom","full-without-featured","even","excerpt-0"],"yoast_head":"<!-- This site is optimized with the Yoast SEO plugin v27.5 - https:\/\/yoast.com\/product\/yoast-seo-wordpress\/ -->\n<title>Fabbrica della Musa - Italian Dolce Vita - Fragrance diary<\/title>\n<meta name=\"robots\" content=\"index, follow, max-snippet:-1, max-image-preview:large, max-video-preview:-1\" \/>\n<link rel=\"canonical\" href=\"https:\/\/www.alzd.de\/en\/2024\/09\/17\/fabbrica-della-musa-italian-dolce-vita\/\" \/>\n<meta property=\"og:locale\" content=\"en_US\" \/>\n<meta property=\"og:type\" content=\"article\" \/>\n<meta property=\"og:title\" content=\"Fabbrica della Musa - Italian Dolce Vita - Fragrance diary\" \/>\n<meta property=\"og:description\" content=\"The Fabbrica della Musa brand has been represented at Aus Liebe zum Duft for a few weeks now with six eaux de parfum and I would therefore like&#8230;\" \/>\n<meta property=\"og:url\" content=\"https:\/\/www.alzd.de\/en\/2024\/09\/17\/fabbrica-della-musa-italian-dolce-vita\/\" \/>\n<meta property=\"og:site_name\" content=\"Das Duft-Tagebuch\" \/>\n<meta property=\"article:publisher\" content=\"https:\/\/www.facebook.com\/dufttagebuch\/\" \/>\n<meta property=\"article:author\" content=\"https:\/\/www.facebook.com\/stephanie.tkaczik\" \/>\n<meta property=\"article:published_time\" content=\"2024-09-17T10:51:39+00:00\" \/>\n<meta property=\"article:modified_time\" content=\"2024-09-17T10:57:00+00:00\" \/>\n<meta property=\"og:image\" content=\"https:\/\/www.alzd.de\/wp-content\/2024\/09\/FDM1-1.jpeg\" \/>\n\t<meta property=\"og:image:width\" content=\"720\" \/>\n\t<meta property=\"og:image:height\" content=\"400\" \/>\n\t<meta property=\"og:image:type\" content=\"image\/jpeg\" \/>\n<meta name=\"author\" content=\"Julia Bir\u00f3\" \/>\n<meta name=\"twitter:card\" content=\"summary_large_image\" \/>\n<meta name=\"twitter:creator\" content=\"@ausliebezumduft\" \/>\n<meta name=\"twitter:site\" content=\"@ausliebezumduft\" \/>\n<script type=\"application\/ld+json\" class=\"yoast-schema-graph\">{\"@context\":\"https:\\\/\\\/schema.org\",\"@graph\":[{\"@type\":\"Article\",\"@id\":\"https:\\\/\\\/www.alzd.de\\\/en\\\/2024\\\/09\\\/17\\\/fabbrica-della-musa-italian-dolce-vita\\\/#article\",\"isPartOf\":{\"@id\":\"https:\\\/\\\/www.alzd.de\\\/en\\\/2024\\\/09\\\/17\\\/fabbrica-della-musa-italian-dolce-vita\\\/\"},\"author\":{\"name\":\"Julia Bir\u00f3\",\"@id\":\"https:\\\/\\\/www.alzd.de\\\/en\\\/#\\\/schema\\\/person\\\/8efcd8f02447fdbe8f29ad465897d04e\"},\"headline\":\"Fabbrica della Musa &#8211; Italian dolce vita\",\"datePublished\":\"2024-09-17T10:51:39+00:00\",\"dateModified\":\"2024-09-17T10:57:00+00:00\",\"mainEntityOfPage\":{\"@id\":\"https:\\\/\\\/www.alzd.de\\\/en\\\/2024\\\/09\\\/17\\\/fabbrica-della-musa-italian-dolce-vita\\\/\"},\"wordCount\":706,\"commentCount\":0,\"publisher\":{\"@id\":\"https:\\\/\\\/www.alzd.de\\\/en\\\/#organization\"},\"image\":{\"@id\":\"https:\\\/\\\/www.alzd.de\\\/en\\\/2024\\\/09\\\/17\\\/fabbrica-della-musa-italian-dolce-vita\\\/#primaryimage\"},\"thumbnailUrl\":\"https:\\\/\\\/www.alzd.de\\\/wp-content\\\/2024\\\/09\\\/FDM1-1.jpeg\",\"keywords\":[\"Fabbrica della Musa\",\"Hamid Merati-Kashani\"],\"articleSection\":[\"Aquatic\",\"Clean &amp; Powdery\",\"Flowers\",\"Foug\u00e8re\",\"Fragrances\",\"Leather\",\"Spicy\"],\"inLanguage\":\"en-US\",\"potentialAction\":[{\"@type\":\"CommentAction\",\"name\":\"Comment\",\"target\":[\"https:\\\/\\\/www.alzd.de\\\/en\\\/2024\\\/09\\\/17\\\/fabbrica-della-musa-italian-dolce-vita\\\/#respond\"]}]},{\"@type\":\"WebPage\",\"@id\":\"https:\\\/\\\/www.alzd.de\\\/en\\\/2024\\\/09\\\/17\\\/fabbrica-della-musa-italian-dolce-vita\\\/\",\"url\":\"https:\\\/\\\/www.alzd.de\\\/en\\\/2024\\\/09\\\/17\\\/fabbrica-della-musa-italian-dolce-vita\\\/\",\"name\":\"Fabbrica della Musa - Italian Dolce Vita - Fragrance diary\",\"isPartOf\":{\"@id\":\"https:\\\/\\\/www.alzd.de\\\/en\\\/#website\"},\"primaryImageOfPage\":{\"@id\":\"https:\\\/\\\/www.alzd.de\\\/en\\\/2024\\\/09\\\/17\\\/fabbrica-della-musa-italian-dolce-vita\\\/#primaryimage\"},\"image\":{\"@id\":\"https:\\\/\\\/www.alzd.de\\\/en\\\/2024\\\/09\\\/17\\\/fabbrica-della-musa-italian-dolce-vita\\\/#primaryimage\"},\"thumbnailUrl\":\"https:\\\/\\\/www.alzd.de\\\/wp-content\\\/2024\\\/09\\\/FDM1-1.jpeg\",\"datePublished\":\"2024-09-17T10:51:39+00:00\",\"dateModified\":\"2024-09-17T10:57:00+00:00\",\"breadcrumb\":{\"@id\":\"https:\\\/\\\/www.alzd.de\\\/en\\\/2024\\\/09\\\/17\\\/fabbrica-della-musa-italian-dolce-vita\\\/#breadcrumb\"},\"inLanguage\":\"en-US\",\"potentialAction\":[{\"@type\":\"ReadAction\",\"target\":[\"https:\\\/\\\/www.alzd.de\\\/en\\\/2024\\\/09\\\/17\\\/fabbrica-della-musa-italian-dolce-vita\\\/\"]}]},{\"@type\":\"ImageObject\",\"inLanguage\":\"en-US\",\"@id\":\"https:\\\/\\\/www.alzd.de\\\/en\\\/2024\\\/09\\\/17\\\/fabbrica-della-musa-italian-dolce-vita\\\/#primaryimage\",\"url\":\"https:\\\/\\\/www.alzd.de\\\/wp-content\\\/2024\\\/09\\\/FDM1-1.jpeg\",\"contentUrl\":\"https:\\\/\\\/www.alzd.de\\\/wp-content\\\/2024\\\/09\\\/FDM1-1.jpeg\",\"width\":720,\"height\":400},{\"@type\":\"BreadcrumbList\",\"@id\":\"https:\\\/\\\/www.alzd.de\\\/en\\\/2024\\\/09\\\/17\\\/fabbrica-della-musa-italian-dolce-vita\\\/#breadcrumb\",\"itemListElement\":[{\"@type\":\"ListItem\",\"position\":1,\"name\":\"Startseite\",\"item\":\"https:\\\/\\\/www.alzd.de\\\/en\\\/\"},{\"@type\":\"ListItem\",\"position\":2,\"name\":\"Fabbrica della Musa &#8211; Italian dolce vita\"}]},{\"@type\":\"WebSite\",\"@id\":\"https:\\\/\\\/www.alzd.de\\\/en\\\/#website\",\"url\":\"https:\\\/\\\/www.alzd.de\\\/en\\\/\",\"name\":\"Das Duft-Tagebuch\",\"description\":\"Das Parfumblog von Aus Liebe zum Duft\",\"publisher\":{\"@id\":\"https:\\\/\\\/www.alzd.de\\\/en\\\/#organization\"},\"potentialAction\":[{\"@type\":\"SearchAction\",\"target\":{\"@type\":\"EntryPoint\",\"urlTemplate\":\"https:\\\/\\\/www.alzd.de\\\/en\\\/?s={search_term_string}\"},\"query-input\":{\"@type\":\"PropertyValueSpecification\",\"valueRequired\":true,\"valueName\":\"search_term_string\"}}],\"inLanguage\":\"en-US\"},{\"@type\":\"Organization\",\"@id\":\"https:\\\/\\\/www.alzd.de\\\/en\\\/#organization\",\"name\":\"Das Duft-Tagebuch\",\"url\":\"https:\\\/\\\/www.alzd.de\\\/en\\\/\",\"logo\":{\"@type\":\"ImageObject\",\"inLanguage\":\"en-US\",\"@id\":\"https:\\\/\\\/www.alzd.de\\\/en\\\/#\\\/schema\\\/logo\\\/image\\\/\",\"url\":\"https:\\\/\\\/www.alzd.de\\\/wp-content\\\/2023\\\/08\\\/alzd_dufttagebuch.png\",\"contentUrl\":\"https:\\\/\\\/www.alzd.de\\\/wp-content\\\/2023\\\/08\\\/alzd_dufttagebuch.png\",\"width\":1804,\"height\":416,\"caption\":\"Das Duft-Tagebuch\"},\"image\":{\"@id\":\"https:\\\/\\\/www.alzd.de\\\/en\\\/#\\\/schema\\\/logo\\\/image\\\/\"},\"sameAs\":[\"https:\\\/\\\/www.facebook.com\\\/dufttagebuch\\\/\",\"https:\\\/\\\/x.com\\\/ausliebezumduft\",\"https:\\\/\\\/www.instagram.com\\\/ausliebezumduft.de\\\/\",\"https:\\\/\\\/www.youtube.com\\\/c\\\/ausliebezumduft\"]},{\"@type\":\"Person\",\"@id\":\"https:\\\/\\\/www.alzd.de\\\/en\\\/#\\\/schema\\\/person\\\/8efcd8f02447fdbe8f29ad465897d04e\",\"name\":\"Julia Bir\u00f3\",\"image\":{\"@type\":\"ImageObject\",\"inLanguage\":\"en-US\",\"@id\":\"https:\\\/\\\/www.alzd.de\\\/wp-content\\\/2018\\\/02\\\/cropped-cropped-mitarbeiterbilder_steffi--96x96.jpg\",\"url\":\"https:\\\/\\\/www.alzd.de\\\/wp-content\\\/2018\\\/02\\\/cropped-cropped-mitarbeiterbilder_steffi--96x96.jpg\",\"contentUrl\":\"https:\\\/\\\/www.alzd.de\\\/wp-content\\\/2018\\\/02\\\/cropped-cropped-mitarbeiterbilder_steffi--96x96.jpg\",\"caption\":\"Julia Bir\u00f3\"},\"description\":\"Bereits 2010 gingen so einige Blogbeitr\u00e4ge auf mein Konto. Dann war ich \u201ekurz\u201c weg \u2013 sechs Jahre. Umso mehr freut es mich, dass ich nun wieder die Chance bekomme, mein N\u00e4schen im Dienste der Duftrezension schnuppern zu lassen und eifrig in die Tasten zu hauen. Was Nischend\u00fcfte angeht, habe ich damals \u00fcbrigens schnell Feuer gefangen. Meine Ausbildung tat dazu ihr \u00dcbriges: Als diplomierte Biologin kenne ich mich nicht nur mit Fauna und Flora, sondern auch recht gut mit der Herstellung von \u00d6len und Extrakten aus, was den Reiz der Parfumwelt nat\u00fcrlich noch gr\u00f6\u00dfer macht.\",\"sameAs\":[\"https:\\\/\\\/biro.is\\\/\",\"https:\\\/\\\/www.facebook.com\\\/stephanie.tkaczik\"],\"url\":\"https:\\\/\\\/www.alzd.de\\\/en\\\/author\\\/stephanie\\\/\"}]}<\/script>\n<!-- \/ Yoast SEO plugin. -->","yoast_head_json":{"title":"Fabbrica della Musa - Italian Dolce Vita - Fragrance diary","robots":{"index":"index","follow":"follow","max-snippet":"max-snippet:-1","max-image-preview":"max-image-preview:large","max-video-preview":"max-video-preview:-1"},"canonical":"https:\/\/www.alzd.de\/en\/2024\/09\/17\/fabbrica-della-musa-italian-dolce-vita\/","og_locale":"en_US","og_type":"article","og_title":"Fabbrica della Musa - Italian Dolce Vita - Fragrance diary","og_description":"The Fabbrica della Musa brand has been represented at Aus Liebe zum Duft for a few weeks now with six eaux de parfum and I would therefore like&#8230;","og_url":"https:\/\/www.alzd.de\/en\/2024\/09\/17\/fabbrica-della-musa-italian-dolce-vita\/","og_site_name":"Das Duft-Tagebuch","article_publisher":"https:\/\/www.facebook.com\/dufttagebuch\/","article_author":"https:\/\/www.facebook.com\/stephanie.tkaczik","article_published_time":"2024-09-17T10:51:39+00:00","article_modified_time":"2024-09-17T10:57:00+00:00","og_image":[{"width":720,"height":400,"url":"https:\/\/www.alzd.de\/wp-content\/2024\/09\/FDM1-1.jpeg","type":"image\/jpeg"}],"author":"Julia Bir\u00f3","twitter_card":"summary_large_image","twitter_creator":"@ausliebezumduft","twitter_site":"@ausliebezumduft","schema":{"@context":"https:\/\/schema.org","@graph":[{"@type":"Article","@id":"https:\/\/www.alzd.de\/en\/2024\/09\/17\/fabbrica-della-musa-italian-dolce-vita\/#article","isPartOf":{"@id":"https:\/\/www.alzd.de\/en\/2024\/09\/17\/fabbrica-della-musa-italian-dolce-vita\/"},"author":{"name":"Julia Bir\u00f3","@id":"https:\/\/www.alzd.de\/en\/#\/schema\/person\/8efcd8f02447fdbe8f29ad465897d04e"},"headline":"Fabbrica della Musa &#8211; Italian dolce vita","datePublished":"2024-09-17T10:51:39+00:00","dateModified":"2024-09-17T10:57:00+00:00","mainEntityOfPage":{"@id":"https:\/\/www.alzd.de\/en\/2024\/09\/17\/fabbrica-della-musa-italian-dolce-vita\/"},"wordCount":706,"commentCount":0,"publisher":{"@id":"https:\/\/www.alzd.de\/en\/#organization"},"image":{"@id":"https:\/\/www.alzd.de\/en\/2024\/09\/17\/fabbrica-della-musa-italian-dolce-vita\/#primaryimage"},"thumbnailUrl":"https:\/\/www.alzd.de\/wp-content\/2024\/09\/FDM1-1.jpeg","keywords":["Fabbrica della Musa","Hamid Merati-Kashani"],"articleSection":["Aquatic","Clean &amp; Powdery","Flowers","Foug\u00e8re","Fragrances","Leather","Spicy"],"inLanguage":"en-US","potentialAction":[{"@type":"CommentAction","name":"Comment","target":["https:\/\/www.alzd.de\/en\/2024\/09\/17\/fabbrica-della-musa-italian-dolce-vita\/#respond"]}]},{"@type":"WebPage","@id":"https:\/\/www.alzd.de\/en\/2024\/09\/17\/fabbrica-della-musa-italian-dolce-vita\/","url":"https:\/\/www.alzd.de\/en\/2024\/09\/17\/fabbrica-della-musa-italian-dolce-vita\/","name":"Fabbrica della Musa - Italian Dolce Vita - Fragrance diary","isPartOf":{"@id":"https:\/\/www.alzd.de\/en\/#website"},"primaryImageOfPage":{"@id":"https:\/\/www.alzd.de\/en\/2024\/09\/17\/fabbrica-della-musa-italian-dolce-vita\/#primaryimage"},"image":{"@id":"https:\/\/www.alzd.de\/en\/2024\/09\/17\/fabbrica-della-musa-italian-dolce-vita\/#primaryimage"},"thumbnailUrl":"https:\/\/www.alzd.de\/wp-content\/2024\/09\/FDM1-1.jpeg","datePublished":"2024-09-17T10:51:39+00:00","dateModified":"2024-09-17T10:57:00+00:00","breadcrumb":{"@id":"https:\/\/www.alzd.de\/en\/2024\/09\/17\/fabbrica-della-musa-italian-dolce-vita\/#breadcrumb"},"inLanguage":"en-US","potentialAction":[{"@type":"ReadAction","target":["https:\/\/www.alzd.de\/en\/2024\/09\/17\/fabbrica-della-musa-italian-dolce-vita\/"]}]},{"@type":"ImageObject","inLanguage":"en-US","@id":"https:\/\/www.alzd.de\/en\/2024\/09\/17\/fabbrica-della-musa-italian-dolce-vita\/#primaryimage","url":"https:\/\/www.alzd.de\/wp-content\/2024\/09\/FDM1-1.jpeg","contentUrl":"https:\/\/www.alzd.de\/wp-content\/2024\/09\/FDM1-1.jpeg","width":720,"height":400},{"@type":"BreadcrumbList","@id":"https:\/\/www.alzd.de\/en\/2024\/09\/17\/fabbrica-della-musa-italian-dolce-vita\/#breadcrumb","itemListElement":[{"@type":"ListItem","position":1,"name":"Startseite","item":"https:\/\/www.alzd.de\/en\/"},{"@type":"ListItem","position":2,"name":"Fabbrica della Musa &#8211; Italian dolce vita"}]},{"@type":"WebSite","@id":"https:\/\/www.alzd.de\/en\/#website","url":"https:\/\/www.alzd.de\/en\/","name":"Das Duft-Tagebuch","description":"Das Parfumblog von Aus Liebe zum Duft","publisher":{"@id":"https:\/\/www.alzd.de\/en\/#organization"},"potentialAction":[{"@type":"SearchAction","target":{"@type":"EntryPoint","urlTemplate":"https:\/\/www.alzd.de\/en\/?s={search_term_string}"},"query-input":{"@type":"PropertyValueSpecification","valueRequired":true,"valueName":"search_term_string"}}],"inLanguage":"en-US"},{"@type":"Organization","@id":"https:\/\/www.alzd.de\/en\/#organization","name":"Das Duft-Tagebuch","url":"https:\/\/www.alzd.de\/en\/","logo":{"@type":"ImageObject","inLanguage":"en-US","@id":"https:\/\/www.alzd.de\/en\/#\/schema\/logo\/image\/","url":"https:\/\/www.alzd.de\/wp-content\/2023\/08\/alzd_dufttagebuch.png","contentUrl":"https:\/\/www.alzd.de\/wp-content\/2023\/08\/alzd_dufttagebuch.png","width":1804,"height":416,"caption":"Das Duft-Tagebuch"},"image":{"@id":"https:\/\/www.alzd.de\/en\/#\/schema\/logo\/image\/"},"sameAs":["https:\/\/www.facebook.com\/dufttagebuch\/","https:\/\/x.com\/ausliebezumduft","https:\/\/www.instagram.com\/ausliebezumduft.de\/","https:\/\/www.youtube.com\/c\/ausliebezumduft"]},{"@type":"Person","@id":"https:\/\/www.alzd.de\/en\/#\/schema\/person\/8efcd8f02447fdbe8f29ad465897d04e","name":"Julia Bir\u00f3","image":{"@type":"ImageObject","inLanguage":"en-US","@id":"https:\/\/www.alzd.de\/wp-content\/2018\/02\/cropped-cropped-mitarbeiterbilder_steffi--96x96.jpg","url":"https:\/\/www.alzd.de\/wp-content\/2018\/02\/cropped-cropped-mitarbeiterbilder_steffi--96x96.jpg","contentUrl":"https:\/\/www.alzd.de\/wp-content\/2018\/02\/cropped-cropped-mitarbeiterbilder_steffi--96x96.jpg","caption":"Julia Bir\u00f3"},"description":"Bereits 2010 gingen so einige Blogbeitr\u00e4ge auf mein Konto. Dann war ich \u201ekurz\u201c weg \u2013 sechs Jahre. Umso mehr freut es mich, dass ich nun wieder die Chance bekomme, mein N\u00e4schen im Dienste der Duftrezension schnuppern zu lassen und eifrig in die Tasten zu hauen. Was Nischend\u00fcfte angeht, habe ich damals \u00fcbrigens schnell Feuer gefangen. Meine Ausbildung tat dazu ihr \u00dcbriges: Als diplomierte Biologin kenne ich mich nicht nur mit Fauna und Flora, sondern auch recht gut mit der Herstellung von \u00d6len und Extrakten aus, was den Reiz der Parfumwelt nat\u00fcrlich noch gr\u00f6\u00dfer macht.","sameAs":["https:\/\/biro.is\/","https:\/\/www.facebook.com\/stephanie.tkaczik"],"url":"https:\/\/www.alzd.de\/en\/author\/stephanie\/"}]}},"wp-worthy-pixel":{"ignored":false,"public":null,"server":null,"url":null},"wp-worthy-type":"normal","_links":{"self":[{"href":"https:\/\/www.alzd.de\/en\/wp-json\/wp\/v2\/posts\/119513","targetHints":{"allow":["GET"]}}],"collection":[{"href":"https:\/\/www.alzd.de\/en\/wp-json\/wp\/v2\/posts"}],"about":[{"href":"https:\/\/www.alzd.de\/en\/wp-json\/wp\/v2\/types\/post"}],"author":[{"embeddable":true,"href":"https:\/\/www.alzd.de\/en\/wp-json\/wp\/v2\/users\/535"}],"replies":[{"embeddable":true,"href":"https:\/\/www.alzd.de\/en\/wp-json\/wp\/v2\/comments?post=119513"}],"version-history":[{"count":2,"href":"https:\/\/www.alzd.de\/en\/wp-json\/wp\/v2\/posts\/119513\/revisions"}],"predecessor-version":[{"id":119515,"href":"https:\/\/www.alzd.de\/en\/wp-json\/wp\/v2\/posts\/119513\/revisions\/119515"}],"wp:featuredmedia":[{"embeddable":true,"href":"https:\/\/www.alzd.de\/en\/wp-json\/wp\/v2\/media\/119478"}],"wp:attachment":[{"href":"https:\/\/www.alzd.de\/en\/wp-json\/wp\/v2\/media?parent=119513"}],"wp:term":[{"taxonomy":"category","embeddable":true,"href":"https:\/\/www.alzd.de\/en\/wp-json\/wp\/v2\/categories?post=119513"},{"taxonomy":"post_tag","embeddable":true,"href":"https:\/\/www.alzd.de\/en\/wp-json\/wp\/v2\/tags?post=119513"}],"curies":[{"name":"wp","href":"https:\/\/api.w.org\/{rel}","templated":true}]}}