{"id":117784,"date":"2024-07-01T10:35:02","date_gmt":"2024-07-01T08:35:02","guid":{"rendered":"https:\/\/www.alzd.de\/2024\/07\/01\/interview-with-carriere-freres-creative-director-julien-pruvost-focus-on-the-museum-collection\/"},"modified":"2024-07-01T13:02:37","modified_gmt":"2024-07-01T11:02:37","slug":"interview-with-carriere-freres-creative-director-julien-pruvost-focus-on-the-museum-collection","status":"publish","type":"post","link":"https:\/\/www.alzd.de\/en\/2024\/07\/01\/interview-with-carriere-freres-creative-director-julien-pruvost-focus-on-the-museum-collection\/","title":{"rendered":"Interview with Carri\u00e8re Fr\u00e8re&#8217;s Creative Director Julien Pruvost &#8211; Focus on the Museum Collection"},"content":{"rendered":"\n<p>Regular readers of this blog will know that I have a particular soft spot for the candle manufacturer <a href=\"https:\/\/www.ausliebezumduft.de\/raumdufte\/carriere-freres.html\" target=\"_blank\" rel=\"noreferrer noopener\">Carri\u00e9re Fr\u00e8res<\/a>. And so I am delighted to have had the opportunity to interview Creative Director Julien Pruvost. He gave me some exciting details about the brand&#8217;s Museum Collection and the latest scented candle, <a href=\"https:\/\/www.ausliebezumduft.de\/carriere-freres-plumeria-frangipani-duftkerze.html\" target=\"_blank\" rel=\"noreferrer noopener\">Plumeria &#8211; Frangipani<\/a>, which has recently become available at <a href=\"https:\/\/www.ausliebezumduft.de\/\" target=\"_blank\" rel=\"noreferrer noopener\">Aus Liebe zum Duft<\/a>. I will of course be presenting these to you in my next post here, as well as a brand new product from Carri\u00e8re Fr\u00e8res, which was launched a few weeks ago and with which the traditional candle manufacturer has added a whole new line to its range. But first let&#8217;s devote ourselves to this interview, so all that remains for me to say is &#8230;<\/p>\n\n<p>Welcome to the Duft-Tagebuch: Julien Pruvost! \ud83d\ude0a<\/p>\n<div class=\"wp-block-image\">\n<figure class=\"aligncenter size-large\"><img decoding=\"async\" width=\"864\" height=\"1080\" src=\"https:\/\/www.alzd.de\/wp-content\/2024\/07\/CF-Frangipani-Candle-2024-3397690003921-864x1080.jpg\" alt=\"Carri&#xE8;re Fr&#xE8;res - Plumeria - Frangipani\" class=\"wp-image-117746\" title=\"Carri&#xE8;re Fr&#xE8;res - Plumeria - Frangipani\" srcset=\"https:\/\/www.alzd.de\/wp-content\/2024\/07\/CF-Frangipani-Candle-2024-3397690003921-864x1080.jpg 864w, https:\/\/www.alzd.de\/wp-content\/2024\/07\/CF-Frangipani-Candle-2024-3397690003921-576x720.jpg 576w, https:\/\/www.alzd.de\/wp-content\/2024\/07\/CF-Frangipani-Candle-2024-3397690003921-288x360.jpg 288w, https:\/\/www.alzd.de\/wp-content\/2024\/07\/CF-Frangipani-Candle-2024-3397690003921-768x960.jpg 768w, https:\/\/www.alzd.de\/wp-content\/2024\/07\/CF-Frangipani-Candle-2024-3397690003921-1229x1536.jpg 1229w, https:\/\/www.alzd.de\/wp-content\/2024\/07\/CF-Frangipani-Candle-2024-3397690003921-1638x2048.jpg 1638w, https:\/\/www.alzd.de\/wp-content\/2024\/07\/CF-Frangipani-Candle-2024-3397690003921-scaled.jpg 2048w\" sizes=\"(max-width: 864px) 100vw, 864px\" \/><\/figure>\n<\/div>\n<p>Dear Julien, I have already told our readers a lot about the Carri\u00e8re Fr\u00e8res brand <a href=\"https:\/\/www.alzd.de\/en\/tag\/carriere-freres-en\/\" target=\"_blank\" rel=\"noreferrer noopener\">in my last articles<\/a>. Could you describe how the collaboration between Carri\u00e8re Fr\u00e8res and the Mus\u00e9um national d&#8217;histoire naturelle came about?<\/p>\n\n<blockquote class=\"wp-block-quote is-layout-flow wp-block-quote-is-layout-flow\">\n<p>In the beginning, cooperation primarily took place via Zoom due to the pandemic. The museum has a large collection of botanical illustrations on parchment from the 17th and 18th century, which are stored in the archives. We had the chance to draw on these. Together with museum staff, we selected certain plants for the Museum Collection. It was particularly important to us to use flowers and herbs that have a particularly close relationship with the museum, such as the water lily. In one of the museum&#8217;s parks there is a large pond with giant water lilies, which seemed very fitting for us.<\/p>\n<\/blockquote>\n\n<p>Did you use the museum&#8217;s original illustrations for the design of the glasses?<\/p>\n\n<blockquote class=\"wp-block-quote is-layout-flow wp-block-quote-is-layout-flow\">\n<p>Right. The illustrations on the jars of the scented candles are the museum&#8217;s drawings. We have combined several variants of one species, for example three different water lilies, and then customized the background to make it harmonious.<\/p>\n<\/blockquote>\n\n<p>What else was important to you in the development of the Museum Collection?<\/p>\n\n<blockquote class=\"wp-block-quote is-layout-flow wp-block-quote-is-layout-flow\">\n<p>It was a decisive criterion for us to keep the scent of the candles as natural and authentic as possible. We worked with the Robertet company and here with the perfumer <a href=\"https:\/\/www.alzd.de\/en\/tag\/serge-de-oliveira-en\/\" target=\"_blank\" rel=\"noreferrer noopener\">Serge de Oliveira<\/a>, both of whom are highly respected in the field of natural perfumery. For the development of <a href=\"https:\/\/www.ausliebezumduft.de\/carriere-freres-geranium-pelargonium-odoratissimum-duftkerze.html\" target=\"_blank\" rel=\"noreferrer noopener\">Pelargonium Odoratissimum<\/a>, for example, we visited the greenhouses of the Versailles-Ch\u00e8vreloup Arboretum, where countless rows of pelargoniums of all kinds can be found.<\/p>\n\n\n\n<p>Surprisingly, these often look remarkably similar, but sometimes exude completely different fragrances. Some smell of forest, others of chocolate or apple, of rose or citrus fruits. We opted for the Pelargonium Odoratissimum variety. To recreate the fragrance, we combined the notes of hemp with grapefruit, rhubarb and lemongrass. We wanted to evoke a certain earthiness in the base, for which we used patchouli.<\/p>\n<\/blockquote>\n<div class=\"wp-block-image\">\n<figure class=\"aligncenter size-large\"><img decoding=\"async\" width=\"720\" height=\"1080\" src=\"https:\/\/www.alzd.de\/wp-content\/2023\/06\/GERANIUM-CANDLE-2023-720x1080.jpg\" alt=\"Carri&#xE8;re Fr&#xE8;res - Museum Collection - Pelargonium Odoratissimum\" class=\"wp-image-107682\" title=\"Carri&#xE8;re Fr&#xE8;res - Museum Collection - Pelargonium Odoratissimum\" srcset=\"https:\/\/www.alzd.de\/wp-content\/2023\/06\/GERANIUM-CANDLE-2023-720x1080.jpg 720w, https:\/\/www.alzd.de\/wp-content\/2023\/06\/GERANIUM-CANDLE-2023-480x720.jpg 480w, https:\/\/www.alzd.de\/wp-content\/2023\/06\/GERANIUM-CANDLE-2023-240x360.jpg 240w, https:\/\/www.alzd.de\/wp-content\/2023\/06\/GERANIUM-CANDLE-2023-768x1151.jpg 768w, https:\/\/www.alzd.de\/wp-content\/2023\/06\/GERANIUM-CANDLE-2023-1025x1536.jpg 1025w, https:\/\/www.alzd.de\/wp-content\/2023\/06\/GERANIUM-CANDLE-2023-233x350.jpg 233w\" sizes=\"(max-width: 720px) 100vw, 720px\" \/><\/figure>\n<\/div>\n<p>So the fragrances in the Museum Collection are based exclusively on natural ingredients?<\/p>\n\n<blockquote class=\"wp-block-quote is-layout-flow wp-block-quote-is-layout-flow\">\n<p>For the most part, yes. We have primarily used natural raw materials, but a small proportion is also of synthetic origin. <\/p>\n<\/blockquote>\n\n<p>Because some fragrances cannot be obtained naturally?<\/p>\n\n<blockquote class=\"wp-block-quote is-layout-flow wp-block-quote-is-layout-flow\">\n<p>No, not because of that. But the fact is that the range of available ingredients decreases significantly if you rely exclusively on natural raw materials. The olfactory spectrum is much broader if you also have synthetic fragrances in the possible selection. In addition, the use of natural raw materials also has a significant impact on our environment, so it is sometimes more environmentally friendly to use synthetically produced ingredients.<\/p>\n<\/blockquote>\n\n<p>Most recently, Plumeria &#8211; Frangipani was launched. Can you tell us something about this candle? Why exactly this flower?<\/p>\n\n<blockquote class=\"wp-block-quote is-layout-flow wp-block-quote-is-layout-flow\">\n<p>Have you ever smelled the blossoms of a frangipani tree? Not? It is a very lush and penetrating fragrance that is absolutely special. For us, the frangipani stands for exploration and travel, the adventurers who sailed out into the world with their ships to explore it. This in turn fits in perfectly with the illustrations of the Mus\u00e9um national d&#8217;histoire naturelle, which also date from a time when many discoveries of all kinds were made. It is also reminiscent of the French overseas territories where the frangipani naturally occurs.<\/p>\n<\/blockquote>\n\n<p>But it doesn&#8217;t grow in France?<\/p>\n\n<blockquote class=\"wp-block-quote is-layout-flow wp-block-quote-is-layout-flow\">\n<p>No, I don&#8217;t think so. Whereby &#8230; probably in the south of France. But I can&#8217;t say for sure.<\/p>\n<\/blockquote>\n<div class=\"wp-block-image\">\n<figure class=\"aligncenter size-large\"><img decoding=\"async\" width=\"864\" height=\"1080\" src=\"https:\/\/www.alzd.de\/wp-content\/2024\/07\/CF-Frangipani-Candle-Refill-2024-3397690003921-3397690003945-864x1080.jpg\" alt=\"Carri&#xE8;re Fr&#xE8;res - Plumeria - Frangipani\" class=\"wp-image-117776\" title=\"Carri&#xE8;re Fr&#xE8;res - Plumeria - Frangipani\" srcset=\"https:\/\/www.alzd.de\/wp-content\/2024\/07\/CF-Frangipani-Candle-Refill-2024-3397690003921-3397690003945-864x1080.jpg 864w, https:\/\/www.alzd.de\/wp-content\/2024\/07\/CF-Frangipani-Candle-Refill-2024-3397690003921-3397690003945-576x720.jpg 576w, https:\/\/www.alzd.de\/wp-content\/2024\/07\/CF-Frangipani-Candle-Refill-2024-3397690003921-3397690003945-288x360.jpg 288w, https:\/\/www.alzd.de\/wp-content\/2024\/07\/CF-Frangipani-Candle-Refill-2024-3397690003921-3397690003945-768x960.jpg 768w, https:\/\/www.alzd.de\/wp-content\/2024\/07\/CF-Frangipani-Candle-Refill-2024-3397690003921-3397690003945-1229x1536.jpg 1229w, https:\/\/www.alzd.de\/wp-content\/2024\/07\/CF-Frangipani-Candle-Refill-2024-3397690003921-3397690003945-1638x2048.jpg 1638w, https:\/\/www.alzd.de\/wp-content\/2024\/07\/CF-Frangipani-Candle-Refill-2024-3397690003921-3397690003945-scaled.jpg 2048w\" sizes=\"(max-width: 864px) 100vw, 864px\" \/><\/figure>\n<\/div>\n<p>So the frangipani was not a plant that Serge and you were able to sniff directly in order to absorb the authentic scent?<\/p>\n\n<blockquote class=\"wp-block-quote is-layout-flow wp-block-quote-is-layout-flow\">\n<p>No, the frangipani scented candle is actually the only one where we were unable to smell the actual plant or flower. But this was not necessary, as the scent of plumeria is absolutely familiar to a perfumer, which is why Serge did not need any real frangipani for the olfactory realization.<\/p>\n<\/blockquote>\n\n<p>The scent and the look of the candle are very summery &#8230;<\/p>\n\n<blockquote class=\"wp-block-quote is-layout-flow wp-block-quote-is-layout-flow\">\n<p>That&#8217;s right, the scent of frangipani reminds many people &#8211; including me &#8211; of summer. It has such a solar, creamy note reminiscent of suntan lotion that is cheerful, lively and simply summery. Perfect for the current season. We have depicted different varieties of frangipani on the glass of the candle to show that there is not just the one and best-known white-yellow variety, but also many other colors.<\/p>\n<\/blockquote>\n\n<p>These practical refill candles are available for all five scented candles in the Museum Collection. What exactly is it all about?<\/p>\n\n<blockquote class=\"wp-block-quote is-layout-flow wp-block-quote-is-layout-flow\">\n<p>Sustainability is very important to us at Carri\u00e8re Fr\u00e8res and it is also something that is of great importance to more and more people. We want to conserve resources and protect the environment. When calculating our ecological footprint, we found that a significant amount of resources are used both for the production of glass for our scented candle glaziers and for the transportation of large quantities of scented candles. To counteract this, we have developed the <a href=\"https:\/\/www.ausliebezumduft.de\/catalogsearch\/result\/?q=carri%C3%A8re+Fr%C3%A8res+refill\" target=\"_blank\" rel=\"noreferrer noopener\">candle refills<\/a>. This means that our customers can simply reuse the jars of our scented candles and fill them with the refill. The packaging of the refills bears the FSC seal, is sustainable and can even be composted.<\/p>\n<\/blockquote>\n\n<p>You also use 100% vegetable wax for the Museum Collection scented candles &#8230;<\/p>\n\n<blockquote class=\"wp-block-quote is-layout-flow wp-block-quote-is-layout-flow\">\n<p>Yes, it is 100% vegetable wax, with a considerable proportion of wax from European rapeseed. So far we have used organic rapeseed. The candle you are holding is certainly also made with organic wax. However, there are supply problems, which is why we are currently unable to use organic products. We are very keen to be transparent, which is why I am saying this here. The wax used still comes from Europe, but is not organic. We hope that this will change again soon.<\/p>\n<\/blockquote>\n<div class=\"wp-block-image\">\n<figure class=\"aligncenter size-large\"><img decoding=\"async\" width=\"864\" height=\"1080\" src=\"https:\/\/www.alzd.de\/wp-content\/2024\/07\/CF-Frangipani-Candle-2024-3397690003921-2-864x1080.jpg\" alt=\"Carri&#xE8;re Fr&#xE8;res - Plumeria - Frangipani\" class=\"wp-image-117780\" title=\"Carri&#xE8;re Fr&#xE8;res - Plumeria - Frangipani\" srcset=\"https:\/\/www.alzd.de\/wp-content\/2024\/07\/CF-Frangipani-Candle-2024-3397690003921-2-864x1080.jpg 864w, https:\/\/www.alzd.de\/wp-content\/2024\/07\/CF-Frangipani-Candle-2024-3397690003921-2-576x720.jpg 576w, https:\/\/www.alzd.de\/wp-content\/2024\/07\/CF-Frangipani-Candle-2024-3397690003921-2-288x360.jpg 288w, https:\/\/www.alzd.de\/wp-content\/2024\/07\/CF-Frangipani-Candle-2024-3397690003921-2-768x960.jpg 768w, https:\/\/www.alzd.de\/wp-content\/2024\/07\/CF-Frangipani-Candle-2024-3397690003921-2-1229x1536.jpg 1229w, https:\/\/www.alzd.de\/wp-content\/2024\/07\/CF-Frangipani-Candle-2024-3397690003921-2-1638x2048.jpg 1638w, https:\/\/www.alzd.de\/wp-content\/2024\/07\/CF-Frangipani-Candle-2024-3397690003921-2-scaled.jpg 2048w\" sizes=\"(max-width: 864px) 100vw, 864px\" \/><\/figure>\n<\/div>\n<p>Was there a candle in the collection that was particularly challenging to develop?<\/p>\n\n<blockquote class=\"wp-block-quote is-layout-flow wp-block-quote-is-layout-flow\">\n<p><em>(laughs<\/em>) That&#8217;s a good question. In fact, it&#8217;s the candles that you don&#8217;t see that were particularly challenging to develop. To be honest, we have worked on several other fragrance designs for plants, but the results were never satisfactory. These candles were therefore not launched.<\/p>\n\n\n\n<p>But there is a funny story. The team at the Mus\u00e9um national d&#8217;histoire naturelle, with whom we worked, includes a mycologist, i.e. a mushroom expert. And he told us about a wonderfully fragrant mushroom from South America that he suggested for a new scented candle. Unfortunately, we didn&#8217;t know what it smelled like. And since we couldn&#8217;t sniff the mushroom ourselves and the mycologist couldn&#8217;t describe the scent to us exactly, this candle unfortunately didn&#8217;t make it into the olfactory development.<\/p>\n\n\n\n<p>However, I recently saw that the Spanish company Loewe has launched a mushroom room fragrance that is supposed to smell like an edible mushroom, the portobello. So it&#8217;s not so far-fetched &#8230;<\/p>\n<\/blockquote>\n\n<p>Do you have a favorite candle within the Museum Collection?<\/p>\n\n<blockquote class=\"wp-block-quote is-layout-flow wp-block-quote-is-layout-flow\">\n<p>My favorite candle is actually absinthe. I also like Pelargonium Odoratissimum, but the <a href=\"https:\/\/www.ausliebezumduft.de\/carriere-freres-absinthe-artemisia-absinthium-duftkerze.html\" target=\"_blank\" rel=\"noreferrer noopener\">Artemisia<\/a> is my favorite. But that is of course my personal taste.<\/p>\n<\/blockquote>\n\n<p>Dear Julien, thank you very much for taking the time to answer my questions.<\/p>\n\n<div class=\"wp-block-buttons is-content-justification-center is-layout-flex wp-container-core-buttons-is-layout-16018d1d wp-block-buttons-is-layout-flex\">\n<div class=\"wp-block-button has-custom-width wp-block-button__width-50\"><a class=\"wp-block-button__link has-white-color has-text-color has-background has-link-color wp-element-button\" href=\"https:\/\/www.ausliebezumduft.de\/raumdufte\/carriere-freres.html\" style=\"background-color:#cb7305\" target=\"_blank\" rel=\"noreferrer noopener\"><strong>Carri\u00e8re Fr\u00e8res<\/strong><\/a><\/div>\n<\/div>\n","protected":false},"excerpt":{"rendered":"<p>Regular readers of this blog will know that I have a particular soft spot for the candle manufacturer Carri\u00e9re Fr\u00e8res. And so I am delighted to have had&#8230;<\/p>\n<div class=\"more-link-wrapper\"><a class=\"more-link\" href=\"https:\/\/www.alzd.de\/en\/2024\/07\/01\/interview-with-carriere-freres-creative-director-julien-pruvost-focus-on-the-museum-collection\/\">WEITERLESEN<span class=\"screen-reader-text\">Interview with Carri\u00e8re Fr\u00e8re&#8217;s Creative Director Julien Pruvost &#8211; Focus on the Museum Collection<\/span><\/a><\/div>\n","protected":false},"author":535,"featured_media":117757,"comment_status":"open","ping_status":"closed","sticky":false,"template":"","format":"standard","meta":{"footnotes":""},"categories":[1119,1137,1166],"tags":[1315,1532],"class_list":["post-117784","post","type-post","status-publish","format-standard","has-post-thumbnail","hentry","category-general","category-interview-en","category-useful-information","tag-carriere-freres-en","tag-interviews-en","excerpt","zoom","full-without-featured","even","excerpt-0"],"yoast_head":"<!-- This site is optimized with the Yoast SEO plugin v27.5 - https:\/\/yoast.com\/product\/yoast-seo-wordpress\/ -->\n<title>Interview with Carri\u00e8re Fr\u00e8re&#039;s Creative Director Julien Pruvost - Duft-Tagebuch<\/title>\n<meta name=\"description\" content=\"As a fan of Carri\u00e8re Fr\u00e8res, I am delighted to have had the opportunity to interview Creative Director Julien Pruvost.\" \/>\n<meta name=\"robots\" content=\"index, follow, max-snippet:-1, max-image-preview:large, max-video-preview:-1\" \/>\n<link rel=\"canonical\" href=\"https:\/\/www.alzd.de\/en\/2024\/07\/01\/interview-with-carriere-freres-creative-director-julien-pruvost-focus-on-the-museum-collection\/\" \/>\n<meta property=\"og:locale\" content=\"en_US\" \/>\n<meta property=\"og:type\" content=\"article\" \/>\n<meta property=\"og:title\" content=\"Interview with Carri\u00e8re Fr\u00e8re&#039;s Creative Director Julien Pruvost - Duft-Tagebuch\" \/>\n<meta property=\"og:url\" content=\"https:\/\/www.alzd.de\/en\/2024\/07\/01\/interview-with-carriere-freres-creative-director-julien-pruvost-focus-on-the-museum-collection\/\" \/>\n<meta property=\"og:site_name\" content=\"Das Duft-Tagebuch\" \/>\n<meta property=\"article:publisher\" content=\"https:\/\/www.facebook.com\/dufttagebuch\/\" \/>\n<meta property=\"article:author\" content=\"https:\/\/www.facebook.com\/stephanie.tkaczik\" \/>\n<meta property=\"article:published_time\" content=\"2024-07-01T08:35:02+00:00\" \/>\n<meta property=\"article:modified_time\" content=\"2024-07-01T11:02:37+00:00\" \/>\n<meta property=\"og:image\" content=\"https:\/\/www.alzd.de\/wp-content\/2024\/07\/bbF-Frangipani-Candle-2024-3397690003921.jpg\" \/>\n\t<meta property=\"og:image:width\" content=\"720\" \/>\n\t<meta property=\"og:image:height\" content=\"400\" \/>\n\t<meta property=\"og:image:type\" content=\"image\/jpeg\" \/>\n<meta name=\"author\" content=\"Julia Bir\u00f3\" \/>\n<meta name=\"twitter:card\" content=\"summary_large_image\" \/>\n<meta name=\"twitter:creator\" content=\"@ausliebezumduft\" \/>\n<meta name=\"twitter:site\" content=\"@ausliebezumduft\" \/>\n<script type=\"application\/ld+json\" class=\"yoast-schema-graph\">{\"@context\":\"https:\\\/\\\/schema.org\",\"@graph\":[{\"@type\":\"Article\",\"@id\":\"https:\\\/\\\/www.alzd.de\\\/en\\\/2024\\\/07\\\/01\\\/interview-with-carriere-freres-creative-director-julien-pruvost-focus-on-the-museum-collection\\\/#article\",\"isPartOf\":{\"@id\":\"https:\\\/\\\/www.alzd.de\\\/en\\\/2024\\\/07\\\/01\\\/interview-with-carriere-freres-creative-director-julien-pruvost-focus-on-the-museum-collection\\\/\"},\"author\":{\"name\":\"Julia Bir\u00f3\",\"@id\":\"https:\\\/\\\/www.alzd.de\\\/en\\\/#\\\/schema\\\/person\\\/8efcd8f02447fdbe8f29ad465897d04e\"},\"headline\":\"Interview with Carri\u00e8re Fr\u00e8re&#8217;s Creative Director Julien Pruvost &#8211; Focus on the Museum Collection\",\"datePublished\":\"2024-07-01T08:35:02+00:00\",\"dateModified\":\"2024-07-01T11:02:37+00:00\",\"mainEntityOfPage\":{\"@id\":\"https:\\\/\\\/www.alzd.de\\\/en\\\/2024\\\/07\\\/01\\\/interview-with-carriere-freres-creative-director-julien-pruvost-focus-on-the-museum-collection\\\/\"},\"wordCount\":1372,\"commentCount\":0,\"publisher\":{\"@id\":\"https:\\\/\\\/www.alzd.de\\\/en\\\/#organization\"},\"image\":{\"@id\":\"https:\\\/\\\/www.alzd.de\\\/en\\\/2024\\\/07\\\/01\\\/interview-with-carriere-freres-creative-director-julien-pruvost-focus-on-the-museum-collection\\\/#primaryimage\"},\"thumbnailUrl\":\"https:\\\/\\\/www.alzd.de\\\/wp-content\\\/2024\\\/07\\\/bbF-Frangipani-Candle-2024-3397690003921.jpg\",\"keywords\":[\"Carri\u00e8re Fr\u00e8res\",\"Interviews\"],\"articleSection\":[\"General\",\"Interview\",\"Useful Information\"],\"inLanguage\":\"en-US\",\"potentialAction\":[{\"@type\":\"CommentAction\",\"name\":\"Comment\",\"target\":[\"https:\\\/\\\/www.alzd.de\\\/en\\\/2024\\\/07\\\/01\\\/interview-with-carriere-freres-creative-director-julien-pruvost-focus-on-the-museum-collection\\\/#respond\"]}]},{\"@type\":\"WebPage\",\"@id\":\"https:\\\/\\\/www.alzd.de\\\/en\\\/2024\\\/07\\\/01\\\/interview-with-carriere-freres-creative-director-julien-pruvost-focus-on-the-museum-collection\\\/\",\"url\":\"https:\\\/\\\/www.alzd.de\\\/en\\\/2024\\\/07\\\/01\\\/interview-with-carriere-freres-creative-director-julien-pruvost-focus-on-the-museum-collection\\\/\",\"name\":\"Interview with Carri\u00e8re Fr\u00e8re's Creative Director Julien Pruvost - Duft-Tagebuch\",\"isPartOf\":{\"@id\":\"https:\\\/\\\/www.alzd.de\\\/en\\\/#website\"},\"primaryImageOfPage\":{\"@id\":\"https:\\\/\\\/www.alzd.de\\\/en\\\/2024\\\/07\\\/01\\\/interview-with-carriere-freres-creative-director-julien-pruvost-focus-on-the-museum-collection\\\/#primaryimage\"},\"image\":{\"@id\":\"https:\\\/\\\/www.alzd.de\\\/en\\\/2024\\\/07\\\/01\\\/interview-with-carriere-freres-creative-director-julien-pruvost-focus-on-the-museum-collection\\\/#primaryimage\"},\"thumbnailUrl\":\"https:\\\/\\\/www.alzd.de\\\/wp-content\\\/2024\\\/07\\\/bbF-Frangipani-Candle-2024-3397690003921.jpg\",\"datePublished\":\"2024-07-01T08:35:02+00:00\",\"dateModified\":\"2024-07-01T11:02:37+00:00\",\"description\":\"As a fan of Carri\u00e8re Fr\u00e8res, I am delighted to have had the opportunity to interview Creative Director Julien Pruvost.\",\"breadcrumb\":{\"@id\":\"https:\\\/\\\/www.alzd.de\\\/en\\\/2024\\\/07\\\/01\\\/interview-with-carriere-freres-creative-director-julien-pruvost-focus-on-the-museum-collection\\\/#breadcrumb\"},\"inLanguage\":\"en-US\",\"potentialAction\":[{\"@type\":\"ReadAction\",\"target\":[\"https:\\\/\\\/www.alzd.de\\\/en\\\/2024\\\/07\\\/01\\\/interview-with-carriere-freres-creative-director-julien-pruvost-focus-on-the-museum-collection\\\/\"]}]},{\"@type\":\"ImageObject\",\"inLanguage\":\"en-US\",\"@id\":\"https:\\\/\\\/www.alzd.de\\\/en\\\/2024\\\/07\\\/01\\\/interview-with-carriere-freres-creative-director-julien-pruvost-focus-on-the-museum-collection\\\/#primaryimage\",\"url\":\"https:\\\/\\\/www.alzd.de\\\/wp-content\\\/2024\\\/07\\\/bbF-Frangipani-Candle-2024-3397690003921.jpg\",\"contentUrl\":\"https:\\\/\\\/www.alzd.de\\\/wp-content\\\/2024\\\/07\\\/bbF-Frangipani-Candle-2024-3397690003921.jpg\",\"width\":720,\"height\":400},{\"@type\":\"BreadcrumbList\",\"@id\":\"https:\\\/\\\/www.alzd.de\\\/en\\\/2024\\\/07\\\/01\\\/interview-with-carriere-freres-creative-director-julien-pruvost-focus-on-the-museum-collection\\\/#breadcrumb\",\"itemListElement\":[{\"@type\":\"ListItem\",\"position\":1,\"name\":\"Startseite\",\"item\":\"https:\\\/\\\/www.alzd.de\\\/en\\\/\"},{\"@type\":\"ListItem\",\"position\":2,\"name\":\"Interview with Carri\u00e8re Fr\u00e8re&#8217;s Creative Director Julien Pruvost &#8211; Focus on the Museum Collection\"}]},{\"@type\":\"WebSite\",\"@id\":\"https:\\\/\\\/www.alzd.de\\\/en\\\/#website\",\"url\":\"https:\\\/\\\/www.alzd.de\\\/en\\\/\",\"name\":\"Das Duft-Tagebuch\",\"description\":\"Das Parfumblog von Aus Liebe zum Duft\",\"publisher\":{\"@id\":\"https:\\\/\\\/www.alzd.de\\\/en\\\/#organization\"},\"potentialAction\":[{\"@type\":\"SearchAction\",\"target\":{\"@type\":\"EntryPoint\",\"urlTemplate\":\"https:\\\/\\\/www.alzd.de\\\/en\\\/?s={search_term_string}\"},\"query-input\":{\"@type\":\"PropertyValueSpecification\",\"valueRequired\":true,\"valueName\":\"search_term_string\"}}],\"inLanguage\":\"en-US\"},{\"@type\":\"Organization\",\"@id\":\"https:\\\/\\\/www.alzd.de\\\/en\\\/#organization\",\"name\":\"Das Duft-Tagebuch\",\"url\":\"https:\\\/\\\/www.alzd.de\\\/en\\\/\",\"logo\":{\"@type\":\"ImageObject\",\"inLanguage\":\"en-US\",\"@id\":\"https:\\\/\\\/www.alzd.de\\\/en\\\/#\\\/schema\\\/logo\\\/image\\\/\",\"url\":\"https:\\\/\\\/www.alzd.de\\\/wp-content\\\/2023\\\/08\\\/alzd_dufttagebuch.png\",\"contentUrl\":\"https:\\\/\\\/www.alzd.de\\\/wp-content\\\/2023\\\/08\\\/alzd_dufttagebuch.png\",\"width\":1804,\"height\":416,\"caption\":\"Das Duft-Tagebuch\"},\"image\":{\"@id\":\"https:\\\/\\\/www.alzd.de\\\/en\\\/#\\\/schema\\\/logo\\\/image\\\/\"},\"sameAs\":[\"https:\\\/\\\/www.facebook.com\\\/dufttagebuch\\\/\",\"https:\\\/\\\/x.com\\\/ausliebezumduft\",\"https:\\\/\\\/www.instagram.com\\\/ausliebezumduft.de\\\/\",\"https:\\\/\\\/www.youtube.com\\\/c\\\/ausliebezumduft\"]},{\"@type\":\"Person\",\"@id\":\"https:\\\/\\\/www.alzd.de\\\/en\\\/#\\\/schema\\\/person\\\/8efcd8f02447fdbe8f29ad465897d04e\",\"name\":\"Julia Bir\u00f3\",\"image\":{\"@type\":\"ImageObject\",\"inLanguage\":\"en-US\",\"@id\":\"https:\\\/\\\/www.alzd.de\\\/wp-content\\\/2018\\\/02\\\/cropped-cropped-mitarbeiterbilder_steffi--96x96.jpg\",\"url\":\"https:\\\/\\\/www.alzd.de\\\/wp-content\\\/2018\\\/02\\\/cropped-cropped-mitarbeiterbilder_steffi--96x96.jpg\",\"contentUrl\":\"https:\\\/\\\/www.alzd.de\\\/wp-content\\\/2018\\\/02\\\/cropped-cropped-mitarbeiterbilder_steffi--96x96.jpg\",\"caption\":\"Julia Bir\u00f3\"},\"description\":\"Bereits 2010 gingen so einige Blogbeitr\u00e4ge auf mein Konto. Dann war ich \u201ekurz\u201c weg \u2013 sechs Jahre. Umso mehr freut es mich, dass ich nun wieder die Chance bekomme, mein N\u00e4schen im Dienste der Duftrezension schnuppern zu lassen und eifrig in die Tasten zu hauen. Was Nischend\u00fcfte angeht, habe ich damals \u00fcbrigens schnell Feuer gefangen. Meine Ausbildung tat dazu ihr \u00dcbriges: Als diplomierte Biologin kenne ich mich nicht nur mit Fauna und Flora, sondern auch recht gut mit der Herstellung von \u00d6len und Extrakten aus, was den Reiz der Parfumwelt nat\u00fcrlich noch gr\u00f6\u00dfer macht.\",\"sameAs\":[\"https:\\\/\\\/biro.is\\\/\",\"https:\\\/\\\/www.facebook.com\\\/stephanie.tkaczik\"],\"url\":\"https:\\\/\\\/www.alzd.de\\\/en\\\/author\\\/stephanie\\\/\"}]}<\/script>\n<!-- \/ Yoast SEO plugin. -->","yoast_head_json":{"title":"Interview with Carri\u00e8re Fr\u00e8re's Creative Director Julien Pruvost - Duft-Tagebuch","description":"As a fan of Carri\u00e8re Fr\u00e8res, I am delighted to have had the opportunity to interview Creative Director Julien Pruvost.","robots":{"index":"index","follow":"follow","max-snippet":"max-snippet:-1","max-image-preview":"max-image-preview:large","max-video-preview":"max-video-preview:-1"},"canonical":"https:\/\/www.alzd.de\/en\/2024\/07\/01\/interview-with-carriere-freres-creative-director-julien-pruvost-focus-on-the-museum-collection\/","og_locale":"en_US","og_type":"article","og_title":"Interview with Carri\u00e8re Fr\u00e8re's Creative Director Julien Pruvost - Duft-Tagebuch","og_url":"https:\/\/www.alzd.de\/en\/2024\/07\/01\/interview-with-carriere-freres-creative-director-julien-pruvost-focus-on-the-museum-collection\/","og_site_name":"Das Duft-Tagebuch","article_publisher":"https:\/\/www.facebook.com\/dufttagebuch\/","article_author":"https:\/\/www.facebook.com\/stephanie.tkaczik","article_published_time":"2024-07-01T08:35:02+00:00","article_modified_time":"2024-07-01T11:02:37+00:00","og_image":[{"width":720,"height":400,"url":"https:\/\/www.alzd.de\/wp-content\/2024\/07\/bbF-Frangipani-Candle-2024-3397690003921.jpg","type":"image\/jpeg"}],"author":"Julia Bir\u00f3","twitter_card":"summary_large_image","twitter_creator":"@ausliebezumduft","twitter_site":"@ausliebezumduft","schema":{"@context":"https:\/\/schema.org","@graph":[{"@type":"Article","@id":"https:\/\/www.alzd.de\/en\/2024\/07\/01\/interview-with-carriere-freres-creative-director-julien-pruvost-focus-on-the-museum-collection\/#article","isPartOf":{"@id":"https:\/\/www.alzd.de\/en\/2024\/07\/01\/interview-with-carriere-freres-creative-director-julien-pruvost-focus-on-the-museum-collection\/"},"author":{"name":"Julia Bir\u00f3","@id":"https:\/\/www.alzd.de\/en\/#\/schema\/person\/8efcd8f02447fdbe8f29ad465897d04e"},"headline":"Interview with Carri\u00e8re Fr\u00e8re&#8217;s Creative Director Julien Pruvost &#8211; Focus on the Museum Collection","datePublished":"2024-07-01T08:35:02+00:00","dateModified":"2024-07-01T11:02:37+00:00","mainEntityOfPage":{"@id":"https:\/\/www.alzd.de\/en\/2024\/07\/01\/interview-with-carriere-freres-creative-director-julien-pruvost-focus-on-the-museum-collection\/"},"wordCount":1372,"commentCount":0,"publisher":{"@id":"https:\/\/www.alzd.de\/en\/#organization"},"image":{"@id":"https:\/\/www.alzd.de\/en\/2024\/07\/01\/interview-with-carriere-freres-creative-director-julien-pruvost-focus-on-the-museum-collection\/#primaryimage"},"thumbnailUrl":"https:\/\/www.alzd.de\/wp-content\/2024\/07\/bbF-Frangipani-Candle-2024-3397690003921.jpg","keywords":["Carri\u00e8re Fr\u00e8res","Interviews"],"articleSection":["General","Interview","Useful Information"],"inLanguage":"en-US","potentialAction":[{"@type":"CommentAction","name":"Comment","target":["https:\/\/www.alzd.de\/en\/2024\/07\/01\/interview-with-carriere-freres-creative-director-julien-pruvost-focus-on-the-museum-collection\/#respond"]}]},{"@type":"WebPage","@id":"https:\/\/www.alzd.de\/en\/2024\/07\/01\/interview-with-carriere-freres-creative-director-julien-pruvost-focus-on-the-museum-collection\/","url":"https:\/\/www.alzd.de\/en\/2024\/07\/01\/interview-with-carriere-freres-creative-director-julien-pruvost-focus-on-the-museum-collection\/","name":"Interview with Carri\u00e8re Fr\u00e8re's Creative Director Julien Pruvost - Duft-Tagebuch","isPartOf":{"@id":"https:\/\/www.alzd.de\/en\/#website"},"primaryImageOfPage":{"@id":"https:\/\/www.alzd.de\/en\/2024\/07\/01\/interview-with-carriere-freres-creative-director-julien-pruvost-focus-on-the-museum-collection\/#primaryimage"},"image":{"@id":"https:\/\/www.alzd.de\/en\/2024\/07\/01\/interview-with-carriere-freres-creative-director-julien-pruvost-focus-on-the-museum-collection\/#primaryimage"},"thumbnailUrl":"https:\/\/www.alzd.de\/wp-content\/2024\/07\/bbF-Frangipani-Candle-2024-3397690003921.jpg","datePublished":"2024-07-01T08:35:02+00:00","dateModified":"2024-07-01T11:02:37+00:00","description":"As a fan of Carri\u00e8re Fr\u00e8res, I am delighted to have had the opportunity to interview Creative Director Julien Pruvost.","breadcrumb":{"@id":"https:\/\/www.alzd.de\/en\/2024\/07\/01\/interview-with-carriere-freres-creative-director-julien-pruvost-focus-on-the-museum-collection\/#breadcrumb"},"inLanguage":"en-US","potentialAction":[{"@type":"ReadAction","target":["https:\/\/www.alzd.de\/en\/2024\/07\/01\/interview-with-carriere-freres-creative-director-julien-pruvost-focus-on-the-museum-collection\/"]}]},{"@type":"ImageObject","inLanguage":"en-US","@id":"https:\/\/www.alzd.de\/en\/2024\/07\/01\/interview-with-carriere-freres-creative-director-julien-pruvost-focus-on-the-museum-collection\/#primaryimage","url":"https:\/\/www.alzd.de\/wp-content\/2024\/07\/bbF-Frangipani-Candle-2024-3397690003921.jpg","contentUrl":"https:\/\/www.alzd.de\/wp-content\/2024\/07\/bbF-Frangipani-Candle-2024-3397690003921.jpg","width":720,"height":400},{"@type":"BreadcrumbList","@id":"https:\/\/www.alzd.de\/en\/2024\/07\/01\/interview-with-carriere-freres-creative-director-julien-pruvost-focus-on-the-museum-collection\/#breadcrumb","itemListElement":[{"@type":"ListItem","position":1,"name":"Startseite","item":"https:\/\/www.alzd.de\/en\/"},{"@type":"ListItem","position":2,"name":"Interview with Carri\u00e8re Fr\u00e8re&#8217;s Creative Director Julien Pruvost &#8211; Focus on the Museum Collection"}]},{"@type":"WebSite","@id":"https:\/\/www.alzd.de\/en\/#website","url":"https:\/\/www.alzd.de\/en\/","name":"Das Duft-Tagebuch","description":"Das Parfumblog von Aus Liebe zum Duft","publisher":{"@id":"https:\/\/www.alzd.de\/en\/#organization"},"potentialAction":[{"@type":"SearchAction","target":{"@type":"EntryPoint","urlTemplate":"https:\/\/www.alzd.de\/en\/?s={search_term_string}"},"query-input":{"@type":"PropertyValueSpecification","valueRequired":true,"valueName":"search_term_string"}}],"inLanguage":"en-US"},{"@type":"Organization","@id":"https:\/\/www.alzd.de\/en\/#organization","name":"Das Duft-Tagebuch","url":"https:\/\/www.alzd.de\/en\/","logo":{"@type":"ImageObject","inLanguage":"en-US","@id":"https:\/\/www.alzd.de\/en\/#\/schema\/logo\/image\/","url":"https:\/\/www.alzd.de\/wp-content\/2023\/08\/alzd_dufttagebuch.png","contentUrl":"https:\/\/www.alzd.de\/wp-content\/2023\/08\/alzd_dufttagebuch.png","width":1804,"height":416,"caption":"Das Duft-Tagebuch"},"image":{"@id":"https:\/\/www.alzd.de\/en\/#\/schema\/logo\/image\/"},"sameAs":["https:\/\/www.facebook.com\/dufttagebuch\/","https:\/\/x.com\/ausliebezumduft","https:\/\/www.instagram.com\/ausliebezumduft.de\/","https:\/\/www.youtube.com\/c\/ausliebezumduft"]},{"@type":"Person","@id":"https:\/\/www.alzd.de\/en\/#\/schema\/person\/8efcd8f02447fdbe8f29ad465897d04e","name":"Julia Bir\u00f3","image":{"@type":"ImageObject","inLanguage":"en-US","@id":"https:\/\/www.alzd.de\/wp-content\/2018\/02\/cropped-cropped-mitarbeiterbilder_steffi--96x96.jpg","url":"https:\/\/www.alzd.de\/wp-content\/2018\/02\/cropped-cropped-mitarbeiterbilder_steffi--96x96.jpg","contentUrl":"https:\/\/www.alzd.de\/wp-content\/2018\/02\/cropped-cropped-mitarbeiterbilder_steffi--96x96.jpg","caption":"Julia Bir\u00f3"},"description":"Bereits 2010 gingen so einige Blogbeitr\u00e4ge auf mein Konto. Dann war ich \u201ekurz\u201c weg \u2013 sechs Jahre. Umso mehr freut es mich, dass ich nun wieder die Chance bekomme, mein N\u00e4schen im Dienste der Duftrezension schnuppern zu lassen und eifrig in die Tasten zu hauen. Was Nischend\u00fcfte angeht, habe ich damals \u00fcbrigens schnell Feuer gefangen. Meine Ausbildung tat dazu ihr \u00dcbriges: Als diplomierte Biologin kenne ich mich nicht nur mit Fauna und Flora, sondern auch recht gut mit der Herstellung von \u00d6len und Extrakten aus, was den Reiz der Parfumwelt nat\u00fcrlich noch gr\u00f6\u00dfer macht.","sameAs":["https:\/\/biro.is\/","https:\/\/www.facebook.com\/stephanie.tkaczik"],"url":"https:\/\/www.alzd.de\/en\/author\/stephanie\/"}]}},"wp-worthy-pixel":{"ignored":false,"public":null,"server":null,"url":null},"wp-worthy-type":"normal","_links":{"self":[{"href":"https:\/\/www.alzd.de\/en\/wp-json\/wp\/v2\/posts\/117784","targetHints":{"allow":["GET"]}}],"collection":[{"href":"https:\/\/www.alzd.de\/en\/wp-json\/wp\/v2\/posts"}],"about":[{"href":"https:\/\/www.alzd.de\/en\/wp-json\/wp\/v2\/types\/post"}],"author":[{"embeddable":true,"href":"https:\/\/www.alzd.de\/en\/wp-json\/wp\/v2\/users\/535"}],"replies":[{"embeddable":true,"href":"https:\/\/www.alzd.de\/en\/wp-json\/wp\/v2\/comments?post=117784"}],"version-history":[{"count":3,"href":"https:\/\/www.alzd.de\/en\/wp-json\/wp\/v2\/posts\/117784\/revisions"}],"predecessor-version":[{"id":117787,"href":"https:\/\/www.alzd.de\/en\/wp-json\/wp\/v2\/posts\/117784\/revisions\/117787"}],"wp:featuredmedia":[{"embeddable":true,"href":"https:\/\/www.alzd.de\/en\/wp-json\/wp\/v2\/media\/117757"}],"wp:attachment":[{"href":"https:\/\/www.alzd.de\/en\/wp-json\/wp\/v2\/media?parent=117784"}],"wp:term":[{"taxonomy":"category","embeddable":true,"href":"https:\/\/www.alzd.de\/en\/wp-json\/wp\/v2\/categories?post=117784"},{"taxonomy":"post_tag","embeddable":true,"href":"https:\/\/www.alzd.de\/en\/wp-json\/wp\/v2\/tags?post=117784"}],"curies":[{"name":"wp","href":"https:\/\/api.w.org\/{rel}","templated":true}]}}