{"id":117654,"date":"2024-06-24T14:25:31","date_gmt":"2024-06-24T12:25:31","guid":{"rendered":"https:\/\/www.alzd.de\/2024\/06\/24\/isla-and-de-oro-by-trudon-on-the-shores-of-the-mediterranean\/"},"modified":"2024-06-24T14:32:58","modified_gmt":"2024-06-24T12:32:58","slug":"isla-and-de-oro-by-trudon-on-the-shores-of-the-mediterranean","status":"publish","type":"post","link":"https:\/\/www.alzd.de\/en\/2024\/06\/24\/isla-and-de-oro-by-trudon-on-the-shores-of-the-mediterranean\/","title":{"rendered":"Isla and De Oro by Trudon &#8211; On the shores of the Mediterranean"},"content":{"rendered":"\n<p>With the Eau de Parfum <a href=\"https:\/\/www.ausliebezumduft.de\/trudon-isla.html\" target=\"_blank\" rel=\"noreferrer noopener\">Isla<\/a> and the matching scented candle <a href=\"https:\/\/www.ausliebezumduft.de\/trudon-de-oro-duftkerze.html\" target=\"_blank\" rel=\"noreferrer noopener\">De Oro<\/a>, the traditional French brand <a href=\"https:\/\/www.ausliebezumduft.de\/duefte\/cire-trudon.html\" target=\"_blank\" rel=\"noreferrer noopener\">Trudon<\/a> has created an olfactory duo that scents both the body and the rooms, creating a summery, Mediterranean atmosphere. I have the eau de parfum here as a sample. I only have a Scented Wax Cameo from the scented candle, that can be melted on the <a href=\"https:\/\/www.ausliebezumduft.de\/trudon-la-promeneuse.html\" target=\"_blank\" rel=\"noreferrer noopener\">La Promeneuse<\/a> room fragrance diffuser. Due to the lack of the melter, I can only describe the scent of the hardened wax here, I hope you&#8217;ll forgive me. \ud83d\ude0a<\/p>\n<div class=\"wp-block-image\">\n<figure class=\"aligncenter size-large\"><img decoding=\"async\" width=\"1080\" height=\"1080\" src=\"https:\/\/www.alzd.de\/wp-content\/2024\/06\/trudon_-_isla_de_oro_-_2_1-1080x1080.jpg\" alt=\"Trudon - Isla and De Oro\" class=\"wp-image-117621\" title=\"Trudon - Isla and De Oro\" srcset=\"https:\/\/www.alzd.de\/wp-content\/2024\/06\/trudon_-_isla_de_oro_-_2_1-1080x1080.jpg 1080w, https:\/\/www.alzd.de\/wp-content\/2024\/06\/trudon_-_isla_de_oro_-_2_1-720x720.jpg 720w, https:\/\/www.alzd.de\/wp-content\/2024\/06\/trudon_-_isla_de_oro_-_2_1-360x360.jpg 360w, https:\/\/www.alzd.de\/wp-content\/2024\/06\/trudon_-_isla_de_oro_-_2_1-768x768.jpg 768w, https:\/\/www.alzd.de\/wp-content\/2024\/06\/trudon_-_isla_de_oro_-_2_1.jpg 1200w\" sizes=\"(max-width: 1080px) 100vw, 1080px\" \/><\/figure>\n<\/div>\n<p>Perfumer Emilie Bogue was responsible for the olfactory realization of Isla and de Oro, who has already created several other perfumes and room fragrances for the luxury label <a href=\"https:\/\/www.alzd.de\/en\/tag\/cire-trudon-en\/\" target=\"_blank\" rel=\"noreferrer noopener\">Trudon<\/a> &#8211; <a href=\"https:\/\/www.ausliebezumduft.de\/trudon-vixi.html\" target=\"_blank\" rel=\"noreferrer noopener\">VIXI<\/a>, for example. The summer duo Isla and De Oro is all about the Mediterranean coast, citrus fruits, herbs and flowers. Bergamot is at the forefront here with its sparkling, invigorating notes. As it is primarily grown in Italy, I assume that the Italian coast of Calabria was the source of inspiration for the olfactory duo of eau de parfum and room fragrance.<\/p>\n\n<h2 class=\"wp-block-heading\">Isla &#8211; The scent of summer<\/h2>\n\n<p>Bergamot, which plays such an important role in Isla&#8217;s composition, only grows under very special climatic and geological conditions. As already mentioned, these can be found in Calabria, but only in a small area covering a length of around 100 km on the coast of the Ionian Sea. Although there are also a few growing regions outside Reggio Calabria, for example in South America and Africa, the quality of the bergamots harvested here is &#8211; what a nice word &#8211; comparatively inferior.<\/p>\n\n<p>Perfumer Emilie Bogue combines the ingredients <strong>musk, vetiver, bergamot, mint, rosemary, cardamom<\/strong> and <strong>grapefruit<\/strong> for Eau de Parfum Isla. If that doesn&#8217;t sound like summer, sun and southern Italy, I don&#8217;t know what does. I have already packed my imaginary suitcase before testing, and I am looking forward to a wonderful fragrance trip south.<\/p>\n<div class=\"wp-block-image\">\n<figure class=\"aligncenter size-large\"><img decoding=\"async\" width=\"1080\" height=\"1080\" src=\"https:\/\/www.alzd.de\/wp-content\/2024\/06\/parfum_isla_boite_1200x1200_gris_1-1080x1080.jpg\" alt=\"Trudon - Isla\" class=\"wp-image-117632\" title=\"Trudon - Isla\" srcset=\"https:\/\/www.alzd.de\/wp-content\/2024\/06\/parfum_isla_boite_1200x1200_gris_1-1080x1080.jpg 1080w, https:\/\/www.alzd.de\/wp-content\/2024\/06\/parfum_isla_boite_1200x1200_gris_1-720x720.jpg 720w, https:\/\/www.alzd.de\/wp-content\/2024\/06\/parfum_isla_boite_1200x1200_gris_1-360x360.jpg 360w, https:\/\/www.alzd.de\/wp-content\/2024\/06\/parfum_isla_boite_1200x1200_gris_1-768x768.jpg 768w, https:\/\/www.alzd.de\/wp-content\/2024\/06\/parfum_isla_boite_1200x1200_gris_1.jpg 1200w\" sizes=\"(max-width: 1080px) 100vw, 1080px\" \/><\/figure>\n<\/div>\n<p>Isla opens with a cologne-like citrus freshness and promises summery delights from the very first sniff. The bergamot is tart, greenish and sparkling, nuanced from the outset by crystalline musk and light, creamy, earthy vetiver. The eau de parfum is very light, airy and transparent, gradually revealing greenish, aromatic herbal notes and a delicate, fresh mint. Rosemary adds subtly salty, maritime accents, while grapefruit picks up on the tart tanginess of bergamot and emphasizes it with its own fruity facets.<\/p>\n\n<p>Isla is a fragrance that calls for summer, sun and the south, that fits perfectly into the current season and is simply enchanting with its sparkling, light Hesperide freshness. I can only recommend this eau de parfum to anyone who loves airy, transparent citrus fruit compositions with greenish, herbal aspects, who prefers Mediterranean cologne-style creations or who is looking for a sparkling, pleasant and uncomplicated companion for vacations and\/or hot days. An elegant, timeless and minimalist unisex fragrance that is beautifully composed and absolutely sophisticated. Big Isla love here with me! \ud83d\udc9b<\/p>\n\n<div class=\"wp-block-buttons is-content-justification-center is-layout-flex wp-container-core-buttons-is-layout-16018d1d wp-block-buttons-is-layout-flex\">\n<div class=\"wp-block-button has-custom-width wp-block-button__width-50\"><a class=\"wp-block-button__link has-white-color has-text-color has-background has-link-color wp-element-button\" href=\"https:\/\/www.ausliebezumduft.de\/trudon-isla.html\" style=\"background-color:#ec7d01\"><strong>Isla<\/strong><\/a><\/div>\n<\/div>\n\n<div style=\"height:100px\" aria-hidden=\"true\" class=\"wp-block-spacer\"><\/div>\n\n<h2 class=\"wp-block-heading\">De Oro &#8211; Stylish fragrancing<\/h2>\n\n<p>I would also like to briefly introduce the <a href=\"https:\/\/www.ausliebezumduft.de\/trudon-de-oro-duftkerze.html\" target=\"_blank\" rel=\"noreferrer noopener\">De Oro<\/a> scented candle here, even though &#8211; as already mentioned &#8211; I don&#8217;t have any of them here in my home. Emilie Bogue was also responsible for the composition, combining the ingredients <strong>bergamot, blackcurrant, laurel, mandarin, gardenia, jasmine, bitter orange, rosemary, tuberose, cedarwood<\/strong> and <strong>lily<\/strong> for the room fragrance. De Oro focuses less on bergamot, although it is found in the top note, and more on orange blossom. You won&#8217;t find it in the fragrance notes, but I suspect that the ingredient is hiding somewhere in the creation. \ud83d\ude0a<\/p>\n<div class=\"wp-block-image\">\n<figure class=\"aligncenter size-large is-resized\"><img decoding=\"async\" width=\"1080\" height=\"1080\" src=\"https:\/\/www.alzd.de\/wp-content\/2024\/06\/bougie_isla_boite_1200x1200_gris-1080x1080.jpg\" alt=\"Trudon - De Oro\" class=\"wp-image-117630\" style=\"width:734px;height:auto\" title=\"Trudon - De Oro\" srcset=\"https:\/\/www.alzd.de\/wp-content\/2024\/06\/bougie_isla_boite_1200x1200_gris-1080x1080.jpg 1080w, https:\/\/www.alzd.de\/wp-content\/2024\/06\/bougie_isla_boite_1200x1200_gris-720x720.jpg 720w, https:\/\/www.alzd.de\/wp-content\/2024\/06\/bougie_isla_boite_1200x1200_gris-360x360.jpg 360w, https:\/\/www.alzd.de\/wp-content\/2024\/06\/bougie_isla_boite_1200x1200_gris-768x768.jpg 768w, https:\/\/www.alzd.de\/wp-content\/2024\/06\/bougie_isla_boite_1200x1200_gris.jpg 1200w\" sizes=\"(max-width: 1080px) 100vw, 1080px\" \/><\/figure>\n<\/div>\n<p>Since I only have the very pretty wax cameo here, decorated with a portrait of a woman, I&#8217;ll try to introduce you to the fragrance this way. Of course, I can&#8217;t say what facets and intensities De Oro shows in its inflamed state, but you can at least get an initial overview below.<\/p>\n\n<p>The fragrance of the wax has citrusy facets that are naturally less sparkling than in the eau de parfum. They appear creamier, softer, gentler, surrounded by fine flowers that emphasize the smooth, soft nuances of the creation. I perceive a subtle soapiness, which is certainly due to the floral facets. De Oro is also summery, sunny and reminiscent of Mediterranean climes, which in my opinion is also beautifully reflected in the color scheme of the candle jar and packaging. This ombr\u00e9 coloration from milky white to radiant yellow certainly looks even more fascinating when ignited. Perfect for anyone who loves the combination of citrus fruits and creamy flowers to scent a room. I like! \u263a\ufe0f<\/p>\n\n<div class=\"wp-block-buttons is-content-justification-center is-layout-flex wp-container-core-buttons-is-layout-16018d1d wp-block-buttons-is-layout-flex\">\n<div class=\"wp-block-button has-custom-width wp-block-button__width-50\"><a class=\"wp-block-button__link has-white-color has-text-color has-background has-link-color wp-element-button\" href=\"https:\/\/www.ausliebezumduft.de\/trudon-de-oro-duftkerze.html\" style=\"background-color:#ec7d01\" target=\"_blank\" rel=\"noreferrer noopener\"><strong>De Oro<\/strong><\/a><\/div>\n<\/div>\n","protected":false},"excerpt":{"rendered":"<p>With the Eau de Parfum Isla and the matching scented candle De Oro, the traditional French brand Trudon has created an olfactory duo that scents both the body&#8230;<\/p>\n<div class=\"more-link-wrapper\"><a class=\"more-link\" href=\"https:\/\/www.alzd.de\/en\/2024\/06\/24\/isla-and-de-oro-by-trudon-on-the-shores-of-the-mediterranean\/\">WEITERLESEN<span class=\"screen-reader-text\">Isla and De Oro by Trudon &#8211; On the shores of the Mediterranean<\/span><\/a><\/div>\n","protected":false},"author":535,"featured_media":117624,"comment_status":"open","ping_status":"closed","sticky":false,"template":"","format":"standard","meta":{"footnotes":""},"categories":[1151,1117,1158,1134,1147],"tags":[1277,2020,2019],"class_list":["post-117654","post","type-post","status-publish","format-standard","has-post-thumbnail","hentry","category-flowers","category-fragrances","category-hesperidian","category-home-fragrances","category-scented-candles","tag-bergamot","tag-emilie-bouge-en","tag-trudon-en","excerpt","zoom","full-without-featured","even","excerpt-0"],"yoast_head":"<!-- This site is optimized with the Yoast SEO plugin v27.5 - https:\/\/yoast.com\/product\/yoast-seo-wordpress\/ -->\n<title>Isla and De Oro by Trudon - On the shores of the Mediterranean<\/title>\n<meta name=\"description\" content=\"The traditional French brand Trudon has created an olfactory duo with the Eau de Parfum Isla and the matching scented candle De Oro.\" \/>\n<meta name=\"robots\" content=\"index, follow, max-snippet:-1, max-image-preview:large, max-video-preview:-1\" \/>\n<link rel=\"canonical\" href=\"https:\/\/www.alzd.de\/en\/2024\/06\/24\/isla-and-de-oro-by-trudon-on-the-shores-of-the-mediterranean\/\" \/>\n<meta property=\"og:locale\" content=\"en_US\" \/>\n<meta property=\"og:type\" content=\"article\" \/>\n<meta property=\"og:title\" content=\"Isla and De Oro by Trudon - On the shores of the Mediterranean\" \/>\n<meta property=\"og:url\" content=\"https:\/\/www.alzd.de\/en\/2024\/06\/24\/isla-and-de-oro-by-trudon-on-the-shores-of-the-mediterranean\/\" \/>\n<meta property=\"og:site_name\" content=\"Das Duft-Tagebuch\" \/>\n<meta property=\"article:publisher\" content=\"https:\/\/www.facebook.com\/dufttagebuch\/\" \/>\n<meta property=\"article:author\" content=\"https:\/\/www.facebook.com\/stephanie.tkaczik\" \/>\n<meta property=\"article:published_time\" content=\"2024-06-24T12:25:31+00:00\" \/>\n<meta property=\"article:modified_time\" content=\"2024-06-24T12:32:58+00:00\" \/>\n<meta property=\"og:image\" content=\"https:\/\/www.alzd.de\/wp-content\/2024\/06\/bbTrudon_-_Isla_de_Oro_-_1.jpg\" \/>\n\t<meta property=\"og:image:width\" content=\"720\" \/>\n\t<meta property=\"og:image:height\" content=\"400\" \/>\n\t<meta property=\"og:image:type\" content=\"image\/jpeg\" \/>\n<meta name=\"author\" content=\"Julia Bir\u00f3\" \/>\n<meta name=\"twitter:card\" content=\"summary_large_image\" \/>\n<meta name=\"twitter:creator\" content=\"@ausliebezumduft\" \/>\n<meta name=\"twitter:site\" content=\"@ausliebezumduft\" \/>\n<script type=\"application\/ld+json\" class=\"yoast-schema-graph\">{\"@context\":\"https:\\\/\\\/schema.org\",\"@graph\":[{\"@type\":\"Article\",\"@id\":\"https:\\\/\\\/www.alzd.de\\\/en\\\/2024\\\/06\\\/24\\\/isla-and-de-oro-by-trudon-on-the-shores-of-the-mediterranean\\\/#article\",\"isPartOf\":{\"@id\":\"https:\\\/\\\/www.alzd.de\\\/en\\\/2024\\\/06\\\/24\\\/isla-and-de-oro-by-trudon-on-the-shores-of-the-mediterranean\\\/\"},\"author\":{\"name\":\"Julia Bir\u00f3\",\"@id\":\"https:\\\/\\\/www.alzd.de\\\/en\\\/#\\\/schema\\\/person\\\/8efcd8f02447fdbe8f29ad465897d04e\"},\"headline\":\"Isla and De Oro by Trudon &#8211; On the shores of the Mediterranean\",\"datePublished\":\"2024-06-24T12:25:31+00:00\",\"dateModified\":\"2024-06-24T12:32:58+00:00\",\"mainEntityOfPage\":{\"@id\":\"https:\\\/\\\/www.alzd.de\\\/en\\\/2024\\\/06\\\/24\\\/isla-and-de-oro-by-trudon-on-the-shores-of-the-mediterranean\\\/\"},\"wordCount\":790,\"commentCount\":0,\"publisher\":{\"@id\":\"https:\\\/\\\/www.alzd.de\\\/en\\\/#organization\"},\"image\":{\"@id\":\"https:\\\/\\\/www.alzd.de\\\/en\\\/2024\\\/06\\\/24\\\/isla-and-de-oro-by-trudon-on-the-shores-of-the-mediterranean\\\/#primaryimage\"},\"thumbnailUrl\":\"https:\\\/\\\/www.alzd.de\\\/wp-content\\\/2024\\\/06\\\/bbTrudon_-_Isla_de_Oro_-_1.jpg\",\"keywords\":[\"Bergamot\",\"Emilie Bouge\",\"Trudon\"],\"articleSection\":[\"Flowers\",\"Fragrances\",\"Hesperidian\",\"Home Fragrances\",\"Scented candles\"],\"inLanguage\":\"en-US\",\"potentialAction\":[{\"@type\":\"CommentAction\",\"name\":\"Comment\",\"target\":[\"https:\\\/\\\/www.alzd.de\\\/en\\\/2024\\\/06\\\/24\\\/isla-and-de-oro-by-trudon-on-the-shores-of-the-mediterranean\\\/#respond\"]}]},{\"@type\":\"WebPage\",\"@id\":\"https:\\\/\\\/www.alzd.de\\\/en\\\/2024\\\/06\\\/24\\\/isla-and-de-oro-by-trudon-on-the-shores-of-the-mediterranean\\\/\",\"url\":\"https:\\\/\\\/www.alzd.de\\\/en\\\/2024\\\/06\\\/24\\\/isla-and-de-oro-by-trudon-on-the-shores-of-the-mediterranean\\\/\",\"name\":\"Isla and De Oro by Trudon - On the shores of the Mediterranean\",\"isPartOf\":{\"@id\":\"https:\\\/\\\/www.alzd.de\\\/en\\\/#website\"},\"primaryImageOfPage\":{\"@id\":\"https:\\\/\\\/www.alzd.de\\\/en\\\/2024\\\/06\\\/24\\\/isla-and-de-oro-by-trudon-on-the-shores-of-the-mediterranean\\\/#primaryimage\"},\"image\":{\"@id\":\"https:\\\/\\\/www.alzd.de\\\/en\\\/2024\\\/06\\\/24\\\/isla-and-de-oro-by-trudon-on-the-shores-of-the-mediterranean\\\/#primaryimage\"},\"thumbnailUrl\":\"https:\\\/\\\/www.alzd.de\\\/wp-content\\\/2024\\\/06\\\/bbTrudon_-_Isla_de_Oro_-_1.jpg\",\"datePublished\":\"2024-06-24T12:25:31+00:00\",\"dateModified\":\"2024-06-24T12:32:58+00:00\",\"description\":\"The traditional French brand Trudon has created an olfactory duo with the Eau de Parfum Isla and the matching scented candle De Oro.\",\"breadcrumb\":{\"@id\":\"https:\\\/\\\/www.alzd.de\\\/en\\\/2024\\\/06\\\/24\\\/isla-and-de-oro-by-trudon-on-the-shores-of-the-mediterranean\\\/#breadcrumb\"},\"inLanguage\":\"en-US\",\"potentialAction\":[{\"@type\":\"ReadAction\",\"target\":[\"https:\\\/\\\/www.alzd.de\\\/en\\\/2024\\\/06\\\/24\\\/isla-and-de-oro-by-trudon-on-the-shores-of-the-mediterranean\\\/\"]}]},{\"@type\":\"ImageObject\",\"inLanguage\":\"en-US\",\"@id\":\"https:\\\/\\\/www.alzd.de\\\/en\\\/2024\\\/06\\\/24\\\/isla-and-de-oro-by-trudon-on-the-shores-of-the-mediterranean\\\/#primaryimage\",\"url\":\"https:\\\/\\\/www.alzd.de\\\/wp-content\\\/2024\\\/06\\\/bbTrudon_-_Isla_de_Oro_-_1.jpg\",\"contentUrl\":\"https:\\\/\\\/www.alzd.de\\\/wp-content\\\/2024\\\/06\\\/bbTrudon_-_Isla_de_Oro_-_1.jpg\",\"width\":720,\"height\":400},{\"@type\":\"BreadcrumbList\",\"@id\":\"https:\\\/\\\/www.alzd.de\\\/en\\\/2024\\\/06\\\/24\\\/isla-and-de-oro-by-trudon-on-the-shores-of-the-mediterranean\\\/#breadcrumb\",\"itemListElement\":[{\"@type\":\"ListItem\",\"position\":1,\"name\":\"Startseite\",\"item\":\"https:\\\/\\\/www.alzd.de\\\/en\\\/\"},{\"@type\":\"ListItem\",\"position\":2,\"name\":\"Isla and De Oro by Trudon &#8211; On the shores of the Mediterranean\"}]},{\"@type\":\"WebSite\",\"@id\":\"https:\\\/\\\/www.alzd.de\\\/en\\\/#website\",\"url\":\"https:\\\/\\\/www.alzd.de\\\/en\\\/\",\"name\":\"Das Duft-Tagebuch\",\"description\":\"Das Parfumblog von Aus Liebe zum Duft\",\"publisher\":{\"@id\":\"https:\\\/\\\/www.alzd.de\\\/en\\\/#organization\"},\"potentialAction\":[{\"@type\":\"SearchAction\",\"target\":{\"@type\":\"EntryPoint\",\"urlTemplate\":\"https:\\\/\\\/www.alzd.de\\\/en\\\/?s={search_term_string}\"},\"query-input\":{\"@type\":\"PropertyValueSpecification\",\"valueRequired\":true,\"valueName\":\"search_term_string\"}}],\"inLanguage\":\"en-US\"},{\"@type\":\"Organization\",\"@id\":\"https:\\\/\\\/www.alzd.de\\\/en\\\/#organization\",\"name\":\"Das Duft-Tagebuch\",\"url\":\"https:\\\/\\\/www.alzd.de\\\/en\\\/\",\"logo\":{\"@type\":\"ImageObject\",\"inLanguage\":\"en-US\",\"@id\":\"https:\\\/\\\/www.alzd.de\\\/en\\\/#\\\/schema\\\/logo\\\/image\\\/\",\"url\":\"https:\\\/\\\/www.alzd.de\\\/wp-content\\\/2023\\\/08\\\/alzd_dufttagebuch.png\",\"contentUrl\":\"https:\\\/\\\/www.alzd.de\\\/wp-content\\\/2023\\\/08\\\/alzd_dufttagebuch.png\",\"width\":1804,\"height\":416,\"caption\":\"Das Duft-Tagebuch\"},\"image\":{\"@id\":\"https:\\\/\\\/www.alzd.de\\\/en\\\/#\\\/schema\\\/logo\\\/image\\\/\"},\"sameAs\":[\"https:\\\/\\\/www.facebook.com\\\/dufttagebuch\\\/\",\"https:\\\/\\\/x.com\\\/ausliebezumduft\",\"https:\\\/\\\/www.instagram.com\\\/ausliebezumduft.de\\\/\",\"https:\\\/\\\/www.youtube.com\\\/c\\\/ausliebezumduft\"]},{\"@type\":\"Person\",\"@id\":\"https:\\\/\\\/www.alzd.de\\\/en\\\/#\\\/schema\\\/person\\\/8efcd8f02447fdbe8f29ad465897d04e\",\"name\":\"Julia Bir\u00f3\",\"image\":{\"@type\":\"ImageObject\",\"inLanguage\":\"en-US\",\"@id\":\"https:\\\/\\\/www.alzd.de\\\/wp-content\\\/2018\\\/02\\\/cropped-cropped-mitarbeiterbilder_steffi--96x96.jpg\",\"url\":\"https:\\\/\\\/www.alzd.de\\\/wp-content\\\/2018\\\/02\\\/cropped-cropped-mitarbeiterbilder_steffi--96x96.jpg\",\"contentUrl\":\"https:\\\/\\\/www.alzd.de\\\/wp-content\\\/2018\\\/02\\\/cropped-cropped-mitarbeiterbilder_steffi--96x96.jpg\",\"caption\":\"Julia Bir\u00f3\"},\"description\":\"Bereits 2010 gingen so einige Blogbeitr\u00e4ge auf mein Konto. Dann war ich \u201ekurz\u201c weg \u2013 sechs Jahre. Umso mehr freut es mich, dass ich nun wieder die Chance bekomme, mein N\u00e4schen im Dienste der Duftrezension schnuppern zu lassen und eifrig in die Tasten zu hauen. Was Nischend\u00fcfte angeht, habe ich damals \u00fcbrigens schnell Feuer gefangen. Meine Ausbildung tat dazu ihr \u00dcbriges: Als diplomierte Biologin kenne ich mich nicht nur mit Fauna und Flora, sondern auch recht gut mit der Herstellung von \u00d6len und Extrakten aus, was den Reiz der Parfumwelt nat\u00fcrlich noch gr\u00f6\u00dfer macht.\",\"sameAs\":[\"https:\\\/\\\/biro.is\\\/\",\"https:\\\/\\\/www.facebook.com\\\/stephanie.tkaczik\"],\"url\":\"https:\\\/\\\/www.alzd.de\\\/en\\\/author\\\/stephanie\\\/\"}]}<\/script>\n<!-- \/ Yoast SEO plugin. -->","yoast_head_json":{"title":"Isla and De Oro by Trudon - On the shores of the Mediterranean","description":"The traditional French brand Trudon has created an olfactory duo with the Eau de Parfum Isla and the matching scented candle De Oro.","robots":{"index":"index","follow":"follow","max-snippet":"max-snippet:-1","max-image-preview":"max-image-preview:large","max-video-preview":"max-video-preview:-1"},"canonical":"https:\/\/www.alzd.de\/en\/2024\/06\/24\/isla-and-de-oro-by-trudon-on-the-shores-of-the-mediterranean\/","og_locale":"en_US","og_type":"article","og_title":"Isla and De Oro by Trudon - On the shores of the Mediterranean","og_url":"https:\/\/www.alzd.de\/en\/2024\/06\/24\/isla-and-de-oro-by-trudon-on-the-shores-of-the-mediterranean\/","og_site_name":"Das Duft-Tagebuch","article_publisher":"https:\/\/www.facebook.com\/dufttagebuch\/","article_author":"https:\/\/www.facebook.com\/stephanie.tkaczik","article_published_time":"2024-06-24T12:25:31+00:00","article_modified_time":"2024-06-24T12:32:58+00:00","og_image":[{"width":720,"height":400,"url":"https:\/\/www.alzd.de\/wp-content\/2024\/06\/bbTrudon_-_Isla_de_Oro_-_1.jpg","type":"image\/jpeg"}],"author":"Julia Bir\u00f3","twitter_card":"summary_large_image","twitter_creator":"@ausliebezumduft","twitter_site":"@ausliebezumduft","schema":{"@context":"https:\/\/schema.org","@graph":[{"@type":"Article","@id":"https:\/\/www.alzd.de\/en\/2024\/06\/24\/isla-and-de-oro-by-trudon-on-the-shores-of-the-mediterranean\/#article","isPartOf":{"@id":"https:\/\/www.alzd.de\/en\/2024\/06\/24\/isla-and-de-oro-by-trudon-on-the-shores-of-the-mediterranean\/"},"author":{"name":"Julia Bir\u00f3","@id":"https:\/\/www.alzd.de\/en\/#\/schema\/person\/8efcd8f02447fdbe8f29ad465897d04e"},"headline":"Isla and De Oro by Trudon &#8211; On the shores of the Mediterranean","datePublished":"2024-06-24T12:25:31+00:00","dateModified":"2024-06-24T12:32:58+00:00","mainEntityOfPage":{"@id":"https:\/\/www.alzd.de\/en\/2024\/06\/24\/isla-and-de-oro-by-trudon-on-the-shores-of-the-mediterranean\/"},"wordCount":790,"commentCount":0,"publisher":{"@id":"https:\/\/www.alzd.de\/en\/#organization"},"image":{"@id":"https:\/\/www.alzd.de\/en\/2024\/06\/24\/isla-and-de-oro-by-trudon-on-the-shores-of-the-mediterranean\/#primaryimage"},"thumbnailUrl":"https:\/\/www.alzd.de\/wp-content\/2024\/06\/bbTrudon_-_Isla_de_Oro_-_1.jpg","keywords":["Bergamot","Emilie Bouge","Trudon"],"articleSection":["Flowers","Fragrances","Hesperidian","Home Fragrances","Scented candles"],"inLanguage":"en-US","potentialAction":[{"@type":"CommentAction","name":"Comment","target":["https:\/\/www.alzd.de\/en\/2024\/06\/24\/isla-and-de-oro-by-trudon-on-the-shores-of-the-mediterranean\/#respond"]}]},{"@type":"WebPage","@id":"https:\/\/www.alzd.de\/en\/2024\/06\/24\/isla-and-de-oro-by-trudon-on-the-shores-of-the-mediterranean\/","url":"https:\/\/www.alzd.de\/en\/2024\/06\/24\/isla-and-de-oro-by-trudon-on-the-shores-of-the-mediterranean\/","name":"Isla and De Oro by Trudon - On the shores of the Mediterranean","isPartOf":{"@id":"https:\/\/www.alzd.de\/en\/#website"},"primaryImageOfPage":{"@id":"https:\/\/www.alzd.de\/en\/2024\/06\/24\/isla-and-de-oro-by-trudon-on-the-shores-of-the-mediterranean\/#primaryimage"},"image":{"@id":"https:\/\/www.alzd.de\/en\/2024\/06\/24\/isla-and-de-oro-by-trudon-on-the-shores-of-the-mediterranean\/#primaryimage"},"thumbnailUrl":"https:\/\/www.alzd.de\/wp-content\/2024\/06\/bbTrudon_-_Isla_de_Oro_-_1.jpg","datePublished":"2024-06-24T12:25:31+00:00","dateModified":"2024-06-24T12:32:58+00:00","description":"The traditional French brand Trudon has created an olfactory duo with the Eau de Parfum Isla and the matching scented candle De Oro.","breadcrumb":{"@id":"https:\/\/www.alzd.de\/en\/2024\/06\/24\/isla-and-de-oro-by-trudon-on-the-shores-of-the-mediterranean\/#breadcrumb"},"inLanguage":"en-US","potentialAction":[{"@type":"ReadAction","target":["https:\/\/www.alzd.de\/en\/2024\/06\/24\/isla-and-de-oro-by-trudon-on-the-shores-of-the-mediterranean\/"]}]},{"@type":"ImageObject","inLanguage":"en-US","@id":"https:\/\/www.alzd.de\/en\/2024\/06\/24\/isla-and-de-oro-by-trudon-on-the-shores-of-the-mediterranean\/#primaryimage","url":"https:\/\/www.alzd.de\/wp-content\/2024\/06\/bbTrudon_-_Isla_de_Oro_-_1.jpg","contentUrl":"https:\/\/www.alzd.de\/wp-content\/2024\/06\/bbTrudon_-_Isla_de_Oro_-_1.jpg","width":720,"height":400},{"@type":"BreadcrumbList","@id":"https:\/\/www.alzd.de\/en\/2024\/06\/24\/isla-and-de-oro-by-trudon-on-the-shores-of-the-mediterranean\/#breadcrumb","itemListElement":[{"@type":"ListItem","position":1,"name":"Startseite","item":"https:\/\/www.alzd.de\/en\/"},{"@type":"ListItem","position":2,"name":"Isla and De Oro by Trudon &#8211; On the shores of the Mediterranean"}]},{"@type":"WebSite","@id":"https:\/\/www.alzd.de\/en\/#website","url":"https:\/\/www.alzd.de\/en\/","name":"Das Duft-Tagebuch","description":"Das Parfumblog von Aus Liebe zum Duft","publisher":{"@id":"https:\/\/www.alzd.de\/en\/#organization"},"potentialAction":[{"@type":"SearchAction","target":{"@type":"EntryPoint","urlTemplate":"https:\/\/www.alzd.de\/en\/?s={search_term_string}"},"query-input":{"@type":"PropertyValueSpecification","valueRequired":true,"valueName":"search_term_string"}}],"inLanguage":"en-US"},{"@type":"Organization","@id":"https:\/\/www.alzd.de\/en\/#organization","name":"Das Duft-Tagebuch","url":"https:\/\/www.alzd.de\/en\/","logo":{"@type":"ImageObject","inLanguage":"en-US","@id":"https:\/\/www.alzd.de\/en\/#\/schema\/logo\/image\/","url":"https:\/\/www.alzd.de\/wp-content\/2023\/08\/alzd_dufttagebuch.png","contentUrl":"https:\/\/www.alzd.de\/wp-content\/2023\/08\/alzd_dufttagebuch.png","width":1804,"height":416,"caption":"Das Duft-Tagebuch"},"image":{"@id":"https:\/\/www.alzd.de\/en\/#\/schema\/logo\/image\/"},"sameAs":["https:\/\/www.facebook.com\/dufttagebuch\/","https:\/\/x.com\/ausliebezumduft","https:\/\/www.instagram.com\/ausliebezumduft.de\/","https:\/\/www.youtube.com\/c\/ausliebezumduft"]},{"@type":"Person","@id":"https:\/\/www.alzd.de\/en\/#\/schema\/person\/8efcd8f02447fdbe8f29ad465897d04e","name":"Julia Bir\u00f3","image":{"@type":"ImageObject","inLanguage":"en-US","@id":"https:\/\/www.alzd.de\/wp-content\/2018\/02\/cropped-cropped-mitarbeiterbilder_steffi--96x96.jpg","url":"https:\/\/www.alzd.de\/wp-content\/2018\/02\/cropped-cropped-mitarbeiterbilder_steffi--96x96.jpg","contentUrl":"https:\/\/www.alzd.de\/wp-content\/2018\/02\/cropped-cropped-mitarbeiterbilder_steffi--96x96.jpg","caption":"Julia Bir\u00f3"},"description":"Bereits 2010 gingen so einige Blogbeitr\u00e4ge auf mein Konto. Dann war ich \u201ekurz\u201c weg \u2013 sechs Jahre. Umso mehr freut es mich, dass ich nun wieder die Chance bekomme, mein N\u00e4schen im Dienste der Duftrezension schnuppern zu lassen und eifrig in die Tasten zu hauen. Was Nischend\u00fcfte angeht, habe ich damals \u00fcbrigens schnell Feuer gefangen. Meine Ausbildung tat dazu ihr \u00dcbriges: Als diplomierte Biologin kenne ich mich nicht nur mit Fauna und Flora, sondern auch recht gut mit der Herstellung von \u00d6len und Extrakten aus, was den Reiz der Parfumwelt nat\u00fcrlich noch gr\u00f6\u00dfer macht.","sameAs":["https:\/\/biro.is\/","https:\/\/www.facebook.com\/stephanie.tkaczik"],"url":"https:\/\/www.alzd.de\/en\/author\/stephanie\/"}]}},"wp-worthy-pixel":{"ignored":false,"public":null,"server":null,"url":null},"wp-worthy-type":"normal","_links":{"self":[{"href":"https:\/\/www.alzd.de\/en\/wp-json\/wp\/v2\/posts\/117654","targetHints":{"allow":["GET"]}}],"collection":[{"href":"https:\/\/www.alzd.de\/en\/wp-json\/wp\/v2\/posts"}],"about":[{"href":"https:\/\/www.alzd.de\/en\/wp-json\/wp\/v2\/types\/post"}],"author":[{"embeddable":true,"href":"https:\/\/www.alzd.de\/en\/wp-json\/wp\/v2\/users\/535"}],"replies":[{"embeddable":true,"href":"https:\/\/www.alzd.de\/en\/wp-json\/wp\/v2\/comments?post=117654"}],"version-history":[{"count":2,"href":"https:\/\/www.alzd.de\/en\/wp-json\/wp\/v2\/posts\/117654\/revisions"}],"predecessor-version":[{"id":117656,"href":"https:\/\/www.alzd.de\/en\/wp-json\/wp\/v2\/posts\/117654\/revisions\/117656"}],"wp:featuredmedia":[{"embeddable":true,"href":"https:\/\/www.alzd.de\/en\/wp-json\/wp\/v2\/media\/117624"}],"wp:attachment":[{"href":"https:\/\/www.alzd.de\/en\/wp-json\/wp\/v2\/media?parent=117654"}],"wp:term":[{"taxonomy":"category","embeddable":true,"href":"https:\/\/www.alzd.de\/en\/wp-json\/wp\/v2\/categories?post=117654"},{"taxonomy":"post_tag","embeddable":true,"href":"https:\/\/www.alzd.de\/en\/wp-json\/wp\/v2\/tags?post=117654"}],"curies":[{"name":"wp","href":"https:\/\/api.w.org\/{rel}","templated":true}]}}