{"id":115250,"date":"2024-03-14T07:30:00","date_gmt":"2024-03-14T06:30:00","guid":{"rendered":"https:\/\/www.alzd.de\/2024\/03\/14\/la-rose-aime-la-menthe-by-carriere-freres-room-fragrances-for-spring-giveaway\/"},"modified":"2024-03-14T10:39:48","modified_gmt":"2024-03-14T09:39:48","slug":"la-rose-aime-la-menthe-by-carriere-freres-room-fragrances-for-spring-giveaway","status":"publish","type":"post","link":"https:\/\/www.alzd.de\/en\/2024\/03\/14\/la-rose-aime-la-menthe-by-carriere-freres-room-fragrances-for-spring-giveaway\/","title":{"rendered":"La Rose Aime La Menthe by Carri\u00e8re Fr\u00e8res &#8211; Room fragrances for spring [+ giveaway]"},"content":{"rendered":"\n<p>Anyone who has been reading here for a while will know that the French brand <a href=\"https:\/\/www.ausliebezumduft.de\/raumdufte\/carriere-freres.html\" target=\"_blank\" rel=\"noreferrer noopener\">Carri\u00e8re Fr\u00e8res<\/a> is particularly popular with me. The room fragrances in the line <a href=\"https:\/\/www.ausliebezumduft.de\/catalogsearch\/result\/?q=la+rose+aime+la+menthe\" target=\"_blank\" rel=\"noreferrer noopener\">La Rose Aime La Menthe<\/a>which means &#8220;the rose loves the mint&#8221;, are now an integral part of the Carri\u00e8re Fr\u00e8res collection and this is reason enough to present you this beautiful fragrance in three different versions: as a <a href=\"https:\/\/www.ausliebezumduft.de\/carriere-freres-la-rose-aime-la-menthe-duftkerze.html\" target=\"_blank\" rel=\"noreferrer noopener\">scented candle<\/a>as <a href=\"https:\/\/www.ausliebezumduft.de\/carriere-freres-la-rose-aime-la-menthe-diffusor.html\" target=\"_blank\" rel=\"noreferrer noopener\">diffuser<\/a> and as <a href=\"https:\/\/www.ausliebezumduft.de\/carriere-freres-la-rose-aime-la-menthe-botanical-palets.html\" target=\"_blank\" rel=\"noreferrer noopener\">Botanical Palets<\/a>.<\/p>\n<div class=\"wp-block-image\">\n<figure class=\"aligncenter size-full\"><img decoding=\"async\" width=\"900\" height=\"934\" src=\"https:\/\/www.alzd.de\/wp-content\/2024\/03\/cfrose1.jpeg\" alt=\"Carri&#xE8;re Fr&#xE8;res - La Rose Aime La Menthe &#xA9;Julia Bir&#xF3;\" class=\"wp-image-115185\" title=\"Carri&#xE8;re Fr&#xE8;res - La Rose Aime La Menthe \" srcset=\"https:\/\/www.alzd.de\/wp-content\/2024\/03\/cfrose1.jpeg 900w, https:\/\/www.alzd.de\/wp-content\/2024\/03\/cfrose1-694x720.jpeg 694w, https:\/\/www.alzd.de\/wp-content\/2024\/03\/cfrose1-347x360.jpeg 347w, https:\/\/www.alzd.de\/wp-content\/2024\/03\/cfrose1-768x797.jpeg 768w\" sizes=\"(max-width: 900px) 100vw, 900px\" \/><figcaption class=\"wp-element-caption\">\u00a9 Julia Bir\u00f3<\/figcaption><\/figure>\n<\/div>\n<p>You may have already seen on our <a href=\"https:\/\/www.instagram.com\/ausliebezumduft.de\/\" target=\"_blank\" rel=\"noreferrer noopener\">Instagram account<\/a> that I teased the three room fragrances in the story. Today, I would like to give the three of them the attention they more than deserve in their own blog post. The Carri\u00e8re Fr\u00e9re brand once again demonstrates its class, masterfulness and exceptional quality. <\/p>\n\n<h2 class=\"wp-block-heading\">Carri\u00e8re Fr\u00e8res &#8211; Committed to tradition<\/h2>\n\n<p>The La Rose Aime La Menthe line is designed in the typical style of the French home fragrance manufacturer, which is closely associated with the venerable traditional candle manufacturer Trudon. The octagonal labels are adorned with magnificently blooming roses and mint in the style of botanical art. A touch of vintage, of nostalgia surrounds the visual language of Carri\u00e8re Fr\u00e8res, giving the room fragrances a romantic, somewhat playful presence. At the same time, it is also a reminiscence of the history of the house, which began in 1884. <\/p>\n\n<p>At this time, the Carri\u00e9re brothers had already owned the Trudon Royal Wax Manufactory for some time, but wanted to set up something of their own on the side and implement their own ideas and concepts. This was the birth of Carri\u00e8re Fr\u00e8res, whose products are still made today with great attention to detail from the highest quality ingredients in the Trudon candle manufactory. Anyone who has ever sniffed a scented candle from Carri\u00e8re Fr\u00e8res and Trudon, who has touched the velvety-soft wax and been able to smell the consistently pleasant, always authentically realized room fragrance, knows what I am talking about. The room fragrances from both brands set standards in terms of quality and sophistication and are in a class of their own in every respect. You could almost say that they play in a league of their own.<\/p>\n<div class=\"wp-block-image\">\n<figure class=\"aligncenter size-large\"><img decoding=\"async\" width=\"864\" height=\"1080\" src=\"https:\/\/www.alzd.de\/wp-content\/2024\/03\/Carriere-Freres-2024-Rose-Menthe-Candle-3397690003495-864x1080.jpg\" alt=\"Carri&#xE8;re Fr&#xE8;res - La Rose Aime La Menthe - Scented candle\" class=\"wp-image-115198\" title=\"Carri&#xE8;re Fr&#xE8;res - La Rose Aime La Menthe - Scented candle\" srcset=\"https:\/\/www.alzd.de\/wp-content\/2024\/03\/Carriere-Freres-2024-Rose-Menthe-Candle-3397690003495-864x1080.jpg 864w, https:\/\/www.alzd.de\/wp-content\/2024\/03\/Carriere-Freres-2024-Rose-Menthe-Candle-3397690003495-576x720.jpg 576w, https:\/\/www.alzd.de\/wp-content\/2024\/03\/Carriere-Freres-2024-Rose-Menthe-Candle-3397690003495-288x360.jpg 288w, https:\/\/www.alzd.de\/wp-content\/2024\/03\/Carriere-Freres-2024-Rose-Menthe-Candle-3397690003495-768x960.jpg 768w, https:\/\/www.alzd.de\/wp-content\/2024\/03\/Carriere-Freres-2024-Rose-Menthe-Candle-3397690003495-1229x1536.jpg 1229w, https:\/\/www.alzd.de\/wp-content\/2024\/03\/Carriere-Freres-2024-Rose-Menthe-Candle-3397690003495-1638x2048.jpg 1638w, https:\/\/www.alzd.de\/wp-content\/2024\/03\/Carriere-Freres-2024-Rose-Menthe-Candle-3397690003495-scaled.jpg 2048w\" sizes=\"(max-width: 864px) 100vw, 864px\" \/><\/figure>\n<\/div>\n<h2 class=\"wp-block-heading\">La Rose Aime La Menthe<\/h2>\n\n<p>The La Rose Aime La Menthe fragrance is available in three different versions: as a <a href=\"https:\/\/www.ausliebezumduft.de\/carriere-freres-la-rose-aime-la-menthe-duftkerze.html\" target=\"_blank\" rel=\"noreferrer noopener\">scented candle<\/a>, as a <a href=\"https:\/\/www.ausliebezumduft.de\/carriere-freres-la-rose-aime-la-menthe-diffusor.html\" target=\"_blank\" rel=\"noreferrer noopener\">diffuser<\/a> and as <a href=\"https:\/\/www.ausliebezumduft.de\/carriere-freres-la-rose-aime-la-menthe-botanical-palets.html\" target=\"_blank\" rel=\"noreferrer noopener\">Botanical Palets<\/a>. I would like to present all three versions to you here, as the various room fragrance systems differ in terms of intensity and intended use.<\/p>\n\n<h3 class=\"wp-block-heading\">Scented candle<\/h3>\n\n<p><a href=\"https:\/\/www.ausliebezumduft.de\/carriere-freres-la-rose-aime-la-menthe-duftkerze.html\" target=\"_blank\" rel=\"noreferrer noopener\">The La Rose Aime La Menthe scented candle<\/a> is designed in the classic <a href=\"https:\/\/www.alzd.de\/en\/tag\/carriere-freres-en\/\" target=\"_blank\" rel=\"noreferrer noopener\">Carri\u00e8re Fr\u00e8res<\/a> candle style. The white glass jar comes from Italy and impresses with its silky-matt look and feel. The only splash of colour on the jar is the hand-applied, octagonal label. Decorated with a golden frame and gold lettering, the centre of the label is adorned with the aforementioned, detailed and lovingly crafted painting of a bouquet of blooming <strong>Damask rose<\/strong> and <strong>mint<\/strong>. Simply beautiful!<\/p>\n\n<p>The wax is a delicate shade of pink and &#8211; you simply have to stroke it &#8211; feels very velvety, fine and silky. I&#8217;ve come across a few scented candles over the last few years, from very different labels that are well known to niche and home fragrance fans. But I have never been able to feel such a unique and wonderful feel of the wax as with Carri\u00e8re Fr\u00e8res and Trudon with any other brand.<\/p>\n<div class=\"wp-block-image\">\n<figure class=\"aligncenter size-large\"><img decoding=\"async\" width=\"864\" height=\"1080\" src=\"https:\/\/www.alzd.de\/wp-content\/2024\/03\/Carriere-Freres-2024-Rose-Menthe-Candle-3397690003495-2-864x1080.jpg\" alt=\"Carri&#xE8;re Fr&#xE8;res - La Rose Aime La Menthe - Scented candle\" class=\"wp-image-115205\" title=\"Carri&#xE8;re Fr&#xE8;res - La Rose Aime La Menthe - Scented candle\" srcset=\"https:\/\/www.alzd.de\/wp-content\/2024\/03\/Carriere-Freres-2024-Rose-Menthe-Candle-3397690003495-2-864x1080.jpg 864w, https:\/\/www.alzd.de\/wp-content\/2024\/03\/Carriere-Freres-2024-Rose-Menthe-Candle-3397690003495-2-576x720.jpg 576w, https:\/\/www.alzd.de\/wp-content\/2024\/03\/Carriere-Freres-2024-Rose-Menthe-Candle-3397690003495-2-288x360.jpg 288w, https:\/\/www.alzd.de\/wp-content\/2024\/03\/Carriere-Freres-2024-Rose-Menthe-Candle-3397690003495-2-768x960.jpg 768w, https:\/\/www.alzd.de\/wp-content\/2024\/03\/Carriere-Freres-2024-Rose-Menthe-Candle-3397690003495-2-1229x1536.jpg 1229w, https:\/\/www.alzd.de\/wp-content\/2024\/03\/Carriere-Freres-2024-Rose-Menthe-Candle-3397690003495-2-1639x2048.jpg 1639w, https:\/\/www.alzd.de\/wp-content\/2024\/03\/Carriere-Freres-2024-Rose-Menthe-Candle-3397690003495-2-scaled.jpg 2048w\" sizes=\"(max-width: 864px) 100vw, 864px\" \/><\/figure>\n<\/div>\n<p>When unlit, I can smell a perceptible and subtle minty scent, which is sweet on the one hand, but also has a certain freshness to it on the other. My best guess is that the mint variety used here is spearmint or a variety of it. I think I detect a spearmint-like scent that is more sweet-green and aromatic than overly mentholated. The Damask rose can only be sniffed in its cooled form, presumably blending into the sweetness of the mint. So quickly swing the match and the cotton wick, which is aligned centrally and vertically by hand in the manufactory, is already burning. When ignited, the fragrance of La Rose Aime La Menthe is definitely more rose-heavy. The mint recedes into the background, but of course remains perceptible, but the honeyed, floral notes of the rose are now more present and merge with the aromatic herbal notes to create a wonderfully harmonious and spring-like fragrance. \ud83c\udf39\ud83c\udf3f<\/p>\n\n<div class=\"wp-block-buttons is-content-justification-center is-layout-flex wp-container-core-buttons-is-layout-16018d1d wp-block-buttons-is-layout-flex\">\n<div class=\"wp-block-button has-custom-width wp-block-button__width-50 is-style-outline is-style-outline--1\"><a class=\"wp-block-button__link has-white-color has-text-color has-background has-link-color wp-element-button\" href=\"https:\/\/www.ausliebezumduft.de\/carriere-freres-la-rose-aime-la-menthe-duftkerze.html\" style=\"background-color:#b86766\" target=\"_blank\" rel=\"noreferrer noopener\"><strong>Scented candle<\/strong><\/a><\/div>\n<\/div>\n\n<div style=\"height:100px\" aria-hidden=\"true\" class=\"wp-block-spacer\"><\/div>\n\n<h3 class=\"wp-block-heading\">Diffuser<\/h3>\n\n<p>The <a href=\"https:\/\/www.ausliebezumduft.de\/carriere-freres-la-rose-aime-la-menthe-diffusor.html\" target=\"_blank\" rel=\"noreferrer noopener\">La Rose Aime La Menthe diffuser<\/a> has the familiar Carri\u00e8re Fr\u00e8res look: reminiscent of old apothecary bottles, the octagonal glass jar is topped with a cork stopper. It is worth mentioning that the alcohol used for the solution was obtained from French beet, i.e. it is of completely natural origin. The diffuser is used in the classic way with rattan sticks, which are of course untreated.<\/p>\n\n<p>A diffuser is generally intended for long-term and continuous room scenting. Carri\u00e8re Fr\u00e8res gives a time frame of around 8 to 12 weeks for the 200 ml diffuser. The intensity and duration of the fragrance depend on various criteria. The size of the room has an influence, as do the temperature, the supply of fresh air and the amount of sunlight.<\/p>\n<div class=\"wp-block-image\">\n<figure class=\"aligncenter size-large\"><img decoding=\"async\" width=\"864\" height=\"1080\" src=\"https:\/\/www.alzd.de\/wp-content\/2024\/03\/431488043_979894634136833_4439263513891226634_n-864x1080.jpg\" alt=\"Carri&#xE8;re Fr&#xE8;res - La Rose Aime La Menthe - Diffuser\" class=\"wp-image-115216\" title=\"Carri&#xE8;re Fr&#xE8;res - La Rose Aime La Menthe - Diffuser\" srcset=\"https:\/\/www.alzd.de\/wp-content\/2024\/03\/431488043_979894634136833_4439263513891226634_n-864x1080.jpg 864w, https:\/\/www.alzd.de\/wp-content\/2024\/03\/431488043_979894634136833_4439263513891226634_n-576x720.jpg 576w, https:\/\/www.alzd.de\/wp-content\/2024\/03\/431488043_979894634136833_4439263513891226634_n-288x360.jpg 288w, https:\/\/www.alzd.de\/wp-content\/2024\/03\/431488043_979894634136833_4439263513891226634_n-768x960.jpg 768w, https:\/\/www.alzd.de\/wp-content\/2024\/03\/431488043_979894634136833_4439263513891226634_n-1229x1536.jpg 1229w, https:\/\/www.alzd.de\/wp-content\/2024\/03\/431488043_979894634136833_4439263513891226634_n.jpg 1639w\" sizes=\"(max-width: 864px) 100vw, 864px\" \/><\/figure>\n<\/div>\n<p>While the scented candle gave off a rather present fragrance when unlit, which became more transparent when lit, the diffuser is airy, delicate and infused with a fine, minty freshness right from the start. But this is so wonderfully balanced and unmentholic that you don&#8217;t have to worry about being overwhelmed by a chewing gum-like wave of freshness. No, the lovely and aromatic green nuances of spearmint in this version of La Rose Aime La Menthe also provide a wonderful spring-like lightness that goes perfectly with the fine and elegant notes of the rose. This room fragrance is also wonderfully balanced and provides a pleasant, natural and restrained scent that once again demonstrates the class and high quality of the Carri\u00e8re Fr\u00e8res manufactory. <\/p>\n\n<div class=\"wp-block-buttons is-content-justification-center is-layout-flex wp-container-core-buttons-is-layout-16018d1d wp-block-buttons-is-layout-flex\">\n<div class=\"wp-block-button has-custom-width wp-block-button__width-50\"><a class=\"wp-block-button__link has-white-color has-text-color has-background has-link-color wp-element-button\" href=\"https:\/\/www.ausliebezumduft.de\/carriere-freres-la-rose-aime-la-menthe-diffusor.html\" style=\"background-color:#b86766\" target=\"_blank\" rel=\"noreferrer noopener\"><strong>Diffuser<\/strong><\/a><\/div>\n<\/div>\n\n<div style=\"height:100px\" aria-hidden=\"true\" class=\"wp-block-spacer\"><\/div>\n\n<h3 class=\"wp-block-heading\">Botanical Palets<\/h3>\n\n<p>The <a href=\"https:\/\/www.ausliebezumduft.de\/carriere-freres-la-rose-aime-la-menthe-botanical-palets.html\" target=\"_blank\" rel=\"noreferrer noopener\">Botanical Palets La Rose Aime La Menthe<\/a> are special beauties. The octagonal wax flakes are made from 100% vegetable wax, which is obtained from European organic rapeseed. The warm, liquid and perfumed wax is poured into the mold by hand and then sprinkled with rosebuds. Each Botanical Palet is therefore unique.<\/p>\n\n<p>The green ribbon made of recycled polyester makes it quick, easy and uncomplicated to hang the Palet in the desired location. The wax flakes &#8220;are suitable for perfuming small spaces, such as a cupboard or drawer. Thanks to the ribbon, they can also be hung on a door handle or clothes hanger.&#8221;<\/p>\n<div class=\"wp-block-image\">\n<figure class=\"aligncenter size-large\"><img decoding=\"async\" width=\"864\" height=\"1080\" src=\"https:\/\/www.alzd.de\/wp-content\/2024\/03\/417450593_959259436200353_3383789179219444149_n-864x1080.jpg\" alt=\"Carri&#xE8;re Fr&#xE8;res - Botanical Palets\" class=\"wp-image-115223\" title=\"Carri&#xE8;re Fr&#xE8;res - Botanical Palets\" srcset=\"https:\/\/www.alzd.de\/wp-content\/2024\/03\/417450593_959259436200353_3383789179219444149_n-864x1080.jpg 864w, https:\/\/www.alzd.de\/wp-content\/2024\/03\/417450593_959259436200353_3383789179219444149_n-576x720.jpg 576w, https:\/\/www.alzd.de\/wp-content\/2024\/03\/417450593_959259436200353_3383789179219444149_n-288x360.jpg 288w, https:\/\/www.alzd.de\/wp-content\/2024\/03\/417450593_959259436200353_3383789179219444149_n-768x960.jpg 768w, https:\/\/www.alzd.de\/wp-content\/2024\/03\/417450593_959259436200353_3383789179219444149_n-1229x1536.jpg 1229w, https:\/\/www.alzd.de\/wp-content\/2024\/03\/417450593_959259436200353_3383789179219444149_n.jpg 1638w\" sizes=\"(max-width: 864px) 100vw, 864px\" \/><\/figure>\n<\/div>\n<p>The surface of the Botanical Palets feels as velvety and soft as the wax of the scented candles. On the upper side, the rose heads form an attractive pattern, while the name Carri\u00e8re Fr\u00e8res and the year 1884 are embossed on the reverse. The scent of the plates is quite intense immediately after unpacking, but is not overpowering or too rich. Here, too, I perceive the pleasant and floral-fresh nuances of sweet spearmint, which combine with delicate rose. The colour of the wax is identical to that of the scented candles, but the fragrance intensity of the Botanical Palets is higher than that of the candles. The plates should provide fragrance for about 6 months. Perfect for anyone who likes to perfume smaller spaces such as cupboards or drawers.<\/p>\n\n<div class=\"wp-block-buttons is-content-justification-center is-layout-flex wp-container-core-buttons-is-layout-16018d1d wp-block-buttons-is-layout-flex\">\n<div class=\"wp-block-button has-custom-width wp-block-button__width-50\"><a class=\"wp-block-button__link has-white-color has-text-color has-background has-link-color wp-element-button\" href=\"https:\/\/www.ausliebezumduft.de\/carriere-freres-la-rose-aime-la-menthe-botanical-palets.html\" style=\"background-color:#b86766\" target=\"_blank\" rel=\"noreferrer noopener\"><strong>Botanical Palets<\/strong><\/a><\/div>\n<\/div>\n\n<div style=\"height:100px\" aria-hidden=\"true\" class=\"wp-block-spacer\"><\/div>\n\n<h2 class=\"wp-block-heading\">Giveaway<\/h2>\n\n<p>We are giving away the following treasures from <a href=\"https:\/\/www.ausliebezumduft.de\/raumdufte\/carriere-freres.html\" target=\"_blank\" rel=\"noreferrer noopener\">Carri\u00e8re Fr\u00e8res<\/a>, for which we would like to thank the distributor <a href=\"https:\/\/www.blanchevalin.com\/\" target=\"_blank\" rel=\"noreferrer noopener\">Valin<\/a>:<\/p>\n\n<ul class=\"wp-block-list\">\n<li>1 x <a href=\"https:\/\/www.ausliebezumduft.de\/carriere-freres-la-rose-aime-la-menthe-duftkerze.html\" target=\"_blank\" rel=\"noreferrer noopener\">scented candle La Rose Aime La Menthe<\/a> (185 g) by Carri\u00e8re Fr\u00e8res<\/li>\n\n\n\n<li>1 x <a href=\"https:\/\/www.ausliebezumduft.de\/carriere-freres-la-rose-aime-la-menthe-diffusor.html\" target=\"_blank\" rel=\"noreferrer noopener\">Diffuser La Rose Aime La Menthe<\/a> (200 ml) by Carri\u00e8re Fr\u00e8res<\/li>\n\n\n\n<li>1 x <a href=\"https:\/\/www.ausliebezumduft.de\/carriere-freres-la-rose-aime-la-menthe-botanical-palets.html\" target=\"_blank\" rel=\"noreferrer noopener\">Botanical Palets La Rose Aime La Menthe<\/a> (2 x 55 g) from Carri\u00e8re Fr\u00e8res<\/li>\n<\/ul>\n\n<p>How do you get into the lottery pot? Very simple! Leave us a comment below this article by Friday, 22.03.2024 and tell us your favorite spring bloomers. We will inform the lucky winners by email on Monday, 25.03.2024.<\/p>\n\n<p>You can find the conditions of participation <a href=\"https:\/\/www.ausliebezumduft.de\/gewinnspiel-teilnahme\" target=\"_blank\" rel=\"noreferrer noopener\">here<\/a>.<\/p>\n\n<p>We wish you good luck \ud83d\ude42<\/p>\n","protected":false},"excerpt":{"rendered":"<p>Anyone who has been reading here for a while will know that the French brand Carri\u00e8re Fr\u00e8res is particularly popular with me. The room fragrances in the line&#8230;<\/p>\n<div class=\"more-link-wrapper\"><a class=\"more-link\" href=\"https:\/\/www.alzd.de\/en\/2024\/03\/14\/la-rose-aime-la-menthe-by-carriere-freres-room-fragrances-for-spring-giveaway\/\">WEITERLESEN<span class=\"screen-reader-text\">La Rose Aime La Menthe by Carri\u00e8re Fr\u00e8res &#8211; Room fragrances for spring [+ giveaway]<\/span><\/a><\/div>\n","protected":false},"author":535,"featured_media":115237,"comment_status":"open","ping_status":"closed","sticky":false,"template":"","format":"standard","meta":{"footnotes":""},"categories":[1135,1151,1157,1134,1147],"tags":[1315,1641,1467,1581],"class_list":["post-115250","post","type-post","status-publish","format-standard","has-post-thumbnail","hentry","category-diffusers","category-flowers","category-green","category-home-fragrances","category-scented-candles","tag-carriere-freres-en","tag-mint","tag-prize-drawing","tag-rose-en","excerpt","zoom","full-without-featured","even","excerpt-0"],"yoast_head":"<!-- This site is optimized with the Yoast SEO plugin v27.5 - https:\/\/yoast.com\/product\/yoast-seo-wordpress\/ -->\n<title>La Rose Aime La Menthe by Carri\u00e8re Fr\u00e8res - Duft-Tagebuch<\/title>\n<meta name=\"description\" content=\"The room fragrances in the La Rose Aime La Menthe line are now an integral part of the Carri\u00e8re Fr\u00e8res collection.\" \/>\n<meta name=\"robots\" content=\"index, follow, max-snippet:-1, max-image-preview:large, max-video-preview:-1\" \/>\n<link rel=\"canonical\" href=\"https:\/\/www.alzd.de\/en\/2024\/03\/14\/la-rose-aime-la-menthe-by-carriere-freres-room-fragrances-for-spring-giveaway\/\" \/>\n<meta property=\"og:locale\" content=\"en_US\" \/>\n<meta property=\"og:type\" content=\"article\" \/>\n<meta property=\"og:title\" content=\"La Rose Aime La Menthe by Carri\u00e8re Fr\u00e8res - Duft-Tagebuch\" \/>\n<meta property=\"og:url\" content=\"https:\/\/www.alzd.de\/en\/2024\/03\/14\/la-rose-aime-la-menthe-by-carriere-freres-room-fragrances-for-spring-giveaway\/\" \/>\n<meta property=\"og:site_name\" content=\"Das Duft-Tagebuch\" \/>\n<meta property=\"article:publisher\" content=\"https:\/\/www.facebook.com\/dufttagebuch\/\" \/>\n<meta property=\"article:author\" content=\"https:\/\/www.facebook.com\/stephanie.tkaczik\" \/>\n<meta property=\"article:published_time\" content=\"2024-03-14T06:30:00+00:00\" \/>\n<meta property=\"article:modified_time\" content=\"2024-03-14T09:39:48+00:00\" \/>\n<meta property=\"og:image\" content=\"https:\/\/www.alzd.de\/wp-content\/2024\/03\/bbarriere-Freres-2024-Rose-Menthe-Candle-3397690003495.jpg\" \/>\n\t<meta property=\"og:image:width\" content=\"720\" \/>\n\t<meta property=\"og:image:height\" content=\"400\" \/>\n\t<meta property=\"og:image:type\" content=\"image\/jpeg\" \/>\n<meta name=\"author\" content=\"Julia Bir\u00f3\" \/>\n<meta name=\"twitter:card\" content=\"summary_large_image\" \/>\n<meta name=\"twitter:creator\" content=\"@ausliebezumduft\" \/>\n<meta name=\"twitter:site\" content=\"@ausliebezumduft\" \/>\n<script type=\"application\/ld+json\" class=\"yoast-schema-graph\">{\"@context\":\"https:\\\/\\\/schema.org\",\"@graph\":[{\"@type\":\"Article\",\"@id\":\"https:\\\/\\\/www.alzd.de\\\/en\\\/2024\\\/03\\\/14\\\/la-rose-aime-la-menthe-by-carriere-freres-room-fragrances-for-spring-giveaway\\\/#article\",\"isPartOf\":{\"@id\":\"https:\\\/\\\/www.alzd.de\\\/en\\\/2024\\\/03\\\/14\\\/la-rose-aime-la-menthe-by-carriere-freres-room-fragrances-for-spring-giveaway\\\/\"},\"author\":{\"name\":\"Julia Bir\u00f3\",\"@id\":\"https:\\\/\\\/www.alzd.de\\\/en\\\/#\\\/schema\\\/person\\\/8efcd8f02447fdbe8f29ad465897d04e\"},\"headline\":\"La Rose Aime La Menthe by Carri\u00e8re Fr\u00e8res &#8211; Room fragrances for spring [+ giveaway]\",\"datePublished\":\"2024-03-14T06:30:00+00:00\",\"dateModified\":\"2024-03-14T09:39:48+00:00\",\"mainEntityOfPage\":{\"@id\":\"https:\\\/\\\/www.alzd.de\\\/en\\\/2024\\\/03\\\/14\\\/la-rose-aime-la-menthe-by-carriere-freres-room-fragrances-for-spring-giveaway\\\/\"},\"wordCount\":1374,\"commentCount\":0,\"publisher\":{\"@id\":\"https:\\\/\\\/www.alzd.de\\\/en\\\/#organization\"},\"image\":{\"@id\":\"https:\\\/\\\/www.alzd.de\\\/en\\\/2024\\\/03\\\/14\\\/la-rose-aime-la-menthe-by-carriere-freres-room-fragrances-for-spring-giveaway\\\/#primaryimage\"},\"thumbnailUrl\":\"https:\\\/\\\/www.alzd.de\\\/wp-content\\\/2024\\\/03\\\/bbarriere-Freres-2024-Rose-Menthe-Candle-3397690003495.jpg\",\"keywords\":[\"Carri\u00e8re Fr\u00e8res\",\"Mint\",\"Prize Drawing\",\"Rose\"],\"articleSection\":[\"Diffusers\",\"Flowers\",\"Green\",\"Home Fragrances\",\"Scented candles\"],\"inLanguage\":\"en-US\",\"potentialAction\":[{\"@type\":\"CommentAction\",\"name\":\"Comment\",\"target\":[\"https:\\\/\\\/www.alzd.de\\\/en\\\/2024\\\/03\\\/14\\\/la-rose-aime-la-menthe-by-carriere-freres-room-fragrances-for-spring-giveaway\\\/#respond\"]}]},{\"@type\":\"WebPage\",\"@id\":\"https:\\\/\\\/www.alzd.de\\\/en\\\/2024\\\/03\\\/14\\\/la-rose-aime-la-menthe-by-carriere-freres-room-fragrances-for-spring-giveaway\\\/\",\"url\":\"https:\\\/\\\/www.alzd.de\\\/en\\\/2024\\\/03\\\/14\\\/la-rose-aime-la-menthe-by-carriere-freres-room-fragrances-for-spring-giveaway\\\/\",\"name\":\"La Rose Aime La Menthe by Carri\u00e8re Fr\u00e8res - Duft-Tagebuch\",\"isPartOf\":{\"@id\":\"https:\\\/\\\/www.alzd.de\\\/en\\\/#website\"},\"primaryImageOfPage\":{\"@id\":\"https:\\\/\\\/www.alzd.de\\\/en\\\/2024\\\/03\\\/14\\\/la-rose-aime-la-menthe-by-carriere-freres-room-fragrances-for-spring-giveaway\\\/#primaryimage\"},\"image\":{\"@id\":\"https:\\\/\\\/www.alzd.de\\\/en\\\/2024\\\/03\\\/14\\\/la-rose-aime-la-menthe-by-carriere-freres-room-fragrances-for-spring-giveaway\\\/#primaryimage\"},\"thumbnailUrl\":\"https:\\\/\\\/www.alzd.de\\\/wp-content\\\/2024\\\/03\\\/bbarriere-Freres-2024-Rose-Menthe-Candle-3397690003495.jpg\",\"datePublished\":\"2024-03-14T06:30:00+00:00\",\"dateModified\":\"2024-03-14T09:39:48+00:00\",\"description\":\"The room fragrances in the La Rose Aime La Menthe line are now an integral part of the Carri\u00e8re Fr\u00e8res collection.\",\"breadcrumb\":{\"@id\":\"https:\\\/\\\/www.alzd.de\\\/en\\\/2024\\\/03\\\/14\\\/la-rose-aime-la-menthe-by-carriere-freres-room-fragrances-for-spring-giveaway\\\/#breadcrumb\"},\"inLanguage\":\"en-US\",\"potentialAction\":[{\"@type\":\"ReadAction\",\"target\":[\"https:\\\/\\\/www.alzd.de\\\/en\\\/2024\\\/03\\\/14\\\/la-rose-aime-la-menthe-by-carriere-freres-room-fragrances-for-spring-giveaway\\\/\"]}]},{\"@type\":\"ImageObject\",\"inLanguage\":\"en-US\",\"@id\":\"https:\\\/\\\/www.alzd.de\\\/en\\\/2024\\\/03\\\/14\\\/la-rose-aime-la-menthe-by-carriere-freres-room-fragrances-for-spring-giveaway\\\/#primaryimage\",\"url\":\"https:\\\/\\\/www.alzd.de\\\/wp-content\\\/2024\\\/03\\\/bbarriere-Freres-2024-Rose-Menthe-Candle-3397690003495.jpg\",\"contentUrl\":\"https:\\\/\\\/www.alzd.de\\\/wp-content\\\/2024\\\/03\\\/bbarriere-Freres-2024-Rose-Menthe-Candle-3397690003495.jpg\",\"width\":720,\"height\":400},{\"@type\":\"BreadcrumbList\",\"@id\":\"https:\\\/\\\/www.alzd.de\\\/en\\\/2024\\\/03\\\/14\\\/la-rose-aime-la-menthe-by-carriere-freres-room-fragrances-for-spring-giveaway\\\/#breadcrumb\",\"itemListElement\":[{\"@type\":\"ListItem\",\"position\":1,\"name\":\"Startseite\",\"item\":\"https:\\\/\\\/www.alzd.de\\\/en\\\/\"},{\"@type\":\"ListItem\",\"position\":2,\"name\":\"La Rose Aime La Menthe by Carri\u00e8re Fr\u00e8res &#8211; Room fragrances for spring [+ giveaway]\"}]},{\"@type\":\"WebSite\",\"@id\":\"https:\\\/\\\/www.alzd.de\\\/en\\\/#website\",\"url\":\"https:\\\/\\\/www.alzd.de\\\/en\\\/\",\"name\":\"Das Duft-Tagebuch\",\"description\":\"Das Parfumblog von Aus Liebe zum Duft\",\"publisher\":{\"@id\":\"https:\\\/\\\/www.alzd.de\\\/en\\\/#organization\"},\"potentialAction\":[{\"@type\":\"SearchAction\",\"target\":{\"@type\":\"EntryPoint\",\"urlTemplate\":\"https:\\\/\\\/www.alzd.de\\\/en\\\/?s={search_term_string}\"},\"query-input\":{\"@type\":\"PropertyValueSpecification\",\"valueRequired\":true,\"valueName\":\"search_term_string\"}}],\"inLanguage\":\"en-US\"},{\"@type\":\"Organization\",\"@id\":\"https:\\\/\\\/www.alzd.de\\\/en\\\/#organization\",\"name\":\"Das Duft-Tagebuch\",\"url\":\"https:\\\/\\\/www.alzd.de\\\/en\\\/\",\"logo\":{\"@type\":\"ImageObject\",\"inLanguage\":\"en-US\",\"@id\":\"https:\\\/\\\/www.alzd.de\\\/en\\\/#\\\/schema\\\/logo\\\/image\\\/\",\"url\":\"https:\\\/\\\/www.alzd.de\\\/wp-content\\\/2023\\\/08\\\/alzd_dufttagebuch.png\",\"contentUrl\":\"https:\\\/\\\/www.alzd.de\\\/wp-content\\\/2023\\\/08\\\/alzd_dufttagebuch.png\",\"width\":1804,\"height\":416,\"caption\":\"Das Duft-Tagebuch\"},\"image\":{\"@id\":\"https:\\\/\\\/www.alzd.de\\\/en\\\/#\\\/schema\\\/logo\\\/image\\\/\"},\"sameAs\":[\"https:\\\/\\\/www.facebook.com\\\/dufttagebuch\\\/\",\"https:\\\/\\\/x.com\\\/ausliebezumduft\",\"https:\\\/\\\/www.instagram.com\\\/ausliebezumduft.de\\\/\",\"https:\\\/\\\/www.youtube.com\\\/c\\\/ausliebezumduft\"]},{\"@type\":\"Person\",\"@id\":\"https:\\\/\\\/www.alzd.de\\\/en\\\/#\\\/schema\\\/person\\\/8efcd8f02447fdbe8f29ad465897d04e\",\"name\":\"Julia Bir\u00f3\",\"image\":{\"@type\":\"ImageObject\",\"inLanguage\":\"en-US\",\"@id\":\"https:\\\/\\\/www.alzd.de\\\/wp-content\\\/2018\\\/02\\\/cropped-cropped-mitarbeiterbilder_steffi--96x96.jpg\",\"url\":\"https:\\\/\\\/www.alzd.de\\\/wp-content\\\/2018\\\/02\\\/cropped-cropped-mitarbeiterbilder_steffi--96x96.jpg\",\"contentUrl\":\"https:\\\/\\\/www.alzd.de\\\/wp-content\\\/2018\\\/02\\\/cropped-cropped-mitarbeiterbilder_steffi--96x96.jpg\",\"caption\":\"Julia Bir\u00f3\"},\"description\":\"Bereits 2010 gingen so einige Blogbeitr\u00e4ge auf mein Konto. Dann war ich \u201ekurz\u201c weg \u2013 sechs Jahre. Umso mehr freut es mich, dass ich nun wieder die Chance bekomme, mein N\u00e4schen im Dienste der Duftrezension schnuppern zu lassen und eifrig in die Tasten zu hauen. Was Nischend\u00fcfte angeht, habe ich damals \u00fcbrigens schnell Feuer gefangen. Meine Ausbildung tat dazu ihr \u00dcbriges: Als diplomierte Biologin kenne ich mich nicht nur mit Fauna und Flora, sondern auch recht gut mit der Herstellung von \u00d6len und Extrakten aus, was den Reiz der Parfumwelt nat\u00fcrlich noch gr\u00f6\u00dfer macht.\",\"sameAs\":[\"https:\\\/\\\/biro.is\\\/\",\"https:\\\/\\\/www.facebook.com\\\/stephanie.tkaczik\"],\"url\":\"https:\\\/\\\/www.alzd.de\\\/en\\\/author\\\/stephanie\\\/\"}]}<\/script>\n<!-- \/ Yoast SEO plugin. -->","yoast_head_json":{"title":"La Rose Aime La Menthe by Carri\u00e8re Fr\u00e8res - Duft-Tagebuch","description":"The room fragrances in the La Rose Aime La Menthe line are now an integral part of the Carri\u00e8re Fr\u00e8res collection.","robots":{"index":"index","follow":"follow","max-snippet":"max-snippet:-1","max-image-preview":"max-image-preview:large","max-video-preview":"max-video-preview:-1"},"canonical":"https:\/\/www.alzd.de\/en\/2024\/03\/14\/la-rose-aime-la-menthe-by-carriere-freres-room-fragrances-for-spring-giveaway\/","og_locale":"en_US","og_type":"article","og_title":"La Rose Aime La Menthe by Carri\u00e8re Fr\u00e8res - Duft-Tagebuch","og_url":"https:\/\/www.alzd.de\/en\/2024\/03\/14\/la-rose-aime-la-menthe-by-carriere-freres-room-fragrances-for-spring-giveaway\/","og_site_name":"Das Duft-Tagebuch","article_publisher":"https:\/\/www.facebook.com\/dufttagebuch\/","article_author":"https:\/\/www.facebook.com\/stephanie.tkaczik","article_published_time":"2024-03-14T06:30:00+00:00","article_modified_time":"2024-03-14T09:39:48+00:00","og_image":[{"width":720,"height":400,"url":"https:\/\/www.alzd.de\/wp-content\/2024\/03\/bbarriere-Freres-2024-Rose-Menthe-Candle-3397690003495.jpg","type":"image\/jpeg"}],"author":"Julia Bir\u00f3","twitter_card":"summary_large_image","twitter_creator":"@ausliebezumduft","twitter_site":"@ausliebezumduft","schema":{"@context":"https:\/\/schema.org","@graph":[{"@type":"Article","@id":"https:\/\/www.alzd.de\/en\/2024\/03\/14\/la-rose-aime-la-menthe-by-carriere-freres-room-fragrances-for-spring-giveaway\/#article","isPartOf":{"@id":"https:\/\/www.alzd.de\/en\/2024\/03\/14\/la-rose-aime-la-menthe-by-carriere-freres-room-fragrances-for-spring-giveaway\/"},"author":{"name":"Julia Bir\u00f3","@id":"https:\/\/www.alzd.de\/en\/#\/schema\/person\/8efcd8f02447fdbe8f29ad465897d04e"},"headline":"La Rose Aime La Menthe by Carri\u00e8re Fr\u00e8res &#8211; Room fragrances for spring [+ giveaway]","datePublished":"2024-03-14T06:30:00+00:00","dateModified":"2024-03-14T09:39:48+00:00","mainEntityOfPage":{"@id":"https:\/\/www.alzd.de\/en\/2024\/03\/14\/la-rose-aime-la-menthe-by-carriere-freres-room-fragrances-for-spring-giveaway\/"},"wordCount":1374,"commentCount":0,"publisher":{"@id":"https:\/\/www.alzd.de\/en\/#organization"},"image":{"@id":"https:\/\/www.alzd.de\/en\/2024\/03\/14\/la-rose-aime-la-menthe-by-carriere-freres-room-fragrances-for-spring-giveaway\/#primaryimage"},"thumbnailUrl":"https:\/\/www.alzd.de\/wp-content\/2024\/03\/bbarriere-Freres-2024-Rose-Menthe-Candle-3397690003495.jpg","keywords":["Carri\u00e8re Fr\u00e8res","Mint","Prize Drawing","Rose"],"articleSection":["Diffusers","Flowers","Green","Home Fragrances","Scented candles"],"inLanguage":"en-US","potentialAction":[{"@type":"CommentAction","name":"Comment","target":["https:\/\/www.alzd.de\/en\/2024\/03\/14\/la-rose-aime-la-menthe-by-carriere-freres-room-fragrances-for-spring-giveaway\/#respond"]}]},{"@type":"WebPage","@id":"https:\/\/www.alzd.de\/en\/2024\/03\/14\/la-rose-aime-la-menthe-by-carriere-freres-room-fragrances-for-spring-giveaway\/","url":"https:\/\/www.alzd.de\/en\/2024\/03\/14\/la-rose-aime-la-menthe-by-carriere-freres-room-fragrances-for-spring-giveaway\/","name":"La Rose Aime La Menthe by Carri\u00e8re Fr\u00e8res - Duft-Tagebuch","isPartOf":{"@id":"https:\/\/www.alzd.de\/en\/#website"},"primaryImageOfPage":{"@id":"https:\/\/www.alzd.de\/en\/2024\/03\/14\/la-rose-aime-la-menthe-by-carriere-freres-room-fragrances-for-spring-giveaway\/#primaryimage"},"image":{"@id":"https:\/\/www.alzd.de\/en\/2024\/03\/14\/la-rose-aime-la-menthe-by-carriere-freres-room-fragrances-for-spring-giveaway\/#primaryimage"},"thumbnailUrl":"https:\/\/www.alzd.de\/wp-content\/2024\/03\/bbarriere-Freres-2024-Rose-Menthe-Candle-3397690003495.jpg","datePublished":"2024-03-14T06:30:00+00:00","dateModified":"2024-03-14T09:39:48+00:00","description":"The room fragrances in the La Rose Aime La Menthe line are now an integral part of the Carri\u00e8re Fr\u00e8res collection.","breadcrumb":{"@id":"https:\/\/www.alzd.de\/en\/2024\/03\/14\/la-rose-aime-la-menthe-by-carriere-freres-room-fragrances-for-spring-giveaway\/#breadcrumb"},"inLanguage":"en-US","potentialAction":[{"@type":"ReadAction","target":["https:\/\/www.alzd.de\/en\/2024\/03\/14\/la-rose-aime-la-menthe-by-carriere-freres-room-fragrances-for-spring-giveaway\/"]}]},{"@type":"ImageObject","inLanguage":"en-US","@id":"https:\/\/www.alzd.de\/en\/2024\/03\/14\/la-rose-aime-la-menthe-by-carriere-freres-room-fragrances-for-spring-giveaway\/#primaryimage","url":"https:\/\/www.alzd.de\/wp-content\/2024\/03\/bbarriere-Freres-2024-Rose-Menthe-Candle-3397690003495.jpg","contentUrl":"https:\/\/www.alzd.de\/wp-content\/2024\/03\/bbarriere-Freres-2024-Rose-Menthe-Candle-3397690003495.jpg","width":720,"height":400},{"@type":"BreadcrumbList","@id":"https:\/\/www.alzd.de\/en\/2024\/03\/14\/la-rose-aime-la-menthe-by-carriere-freres-room-fragrances-for-spring-giveaway\/#breadcrumb","itemListElement":[{"@type":"ListItem","position":1,"name":"Startseite","item":"https:\/\/www.alzd.de\/en\/"},{"@type":"ListItem","position":2,"name":"La Rose Aime La Menthe by Carri\u00e8re Fr\u00e8res &#8211; Room fragrances for spring [+ giveaway]"}]},{"@type":"WebSite","@id":"https:\/\/www.alzd.de\/en\/#website","url":"https:\/\/www.alzd.de\/en\/","name":"Das Duft-Tagebuch","description":"Das Parfumblog von Aus Liebe zum Duft","publisher":{"@id":"https:\/\/www.alzd.de\/en\/#organization"},"potentialAction":[{"@type":"SearchAction","target":{"@type":"EntryPoint","urlTemplate":"https:\/\/www.alzd.de\/en\/?s={search_term_string}"},"query-input":{"@type":"PropertyValueSpecification","valueRequired":true,"valueName":"search_term_string"}}],"inLanguage":"en-US"},{"@type":"Organization","@id":"https:\/\/www.alzd.de\/en\/#organization","name":"Das Duft-Tagebuch","url":"https:\/\/www.alzd.de\/en\/","logo":{"@type":"ImageObject","inLanguage":"en-US","@id":"https:\/\/www.alzd.de\/en\/#\/schema\/logo\/image\/","url":"https:\/\/www.alzd.de\/wp-content\/2023\/08\/alzd_dufttagebuch.png","contentUrl":"https:\/\/www.alzd.de\/wp-content\/2023\/08\/alzd_dufttagebuch.png","width":1804,"height":416,"caption":"Das Duft-Tagebuch"},"image":{"@id":"https:\/\/www.alzd.de\/en\/#\/schema\/logo\/image\/"},"sameAs":["https:\/\/www.facebook.com\/dufttagebuch\/","https:\/\/x.com\/ausliebezumduft","https:\/\/www.instagram.com\/ausliebezumduft.de\/","https:\/\/www.youtube.com\/c\/ausliebezumduft"]},{"@type":"Person","@id":"https:\/\/www.alzd.de\/en\/#\/schema\/person\/8efcd8f02447fdbe8f29ad465897d04e","name":"Julia Bir\u00f3","image":{"@type":"ImageObject","inLanguage":"en-US","@id":"https:\/\/www.alzd.de\/wp-content\/2018\/02\/cropped-cropped-mitarbeiterbilder_steffi--96x96.jpg","url":"https:\/\/www.alzd.de\/wp-content\/2018\/02\/cropped-cropped-mitarbeiterbilder_steffi--96x96.jpg","contentUrl":"https:\/\/www.alzd.de\/wp-content\/2018\/02\/cropped-cropped-mitarbeiterbilder_steffi--96x96.jpg","caption":"Julia Bir\u00f3"},"description":"Bereits 2010 gingen so einige Blogbeitr\u00e4ge auf mein Konto. Dann war ich \u201ekurz\u201c weg \u2013 sechs Jahre. Umso mehr freut es mich, dass ich nun wieder die Chance bekomme, mein N\u00e4schen im Dienste der Duftrezension schnuppern zu lassen und eifrig in die Tasten zu hauen. Was Nischend\u00fcfte angeht, habe ich damals \u00fcbrigens schnell Feuer gefangen. Meine Ausbildung tat dazu ihr \u00dcbriges: Als diplomierte Biologin kenne ich mich nicht nur mit Fauna und Flora, sondern auch recht gut mit der Herstellung von \u00d6len und Extrakten aus, was den Reiz der Parfumwelt nat\u00fcrlich noch gr\u00f6\u00dfer macht.","sameAs":["https:\/\/biro.is\/","https:\/\/www.facebook.com\/stephanie.tkaczik"],"url":"https:\/\/www.alzd.de\/en\/author\/stephanie\/"}]}},"wp-worthy-pixel":{"ignored":false,"public":null,"server":null,"url":null},"wp-worthy-type":"normal","_links":{"self":[{"href":"https:\/\/www.alzd.de\/en\/wp-json\/wp\/v2\/posts\/115250","targetHints":{"allow":["GET"]}}],"collection":[{"href":"https:\/\/www.alzd.de\/en\/wp-json\/wp\/v2\/posts"}],"about":[{"href":"https:\/\/www.alzd.de\/en\/wp-json\/wp\/v2\/types\/post"}],"author":[{"embeddable":true,"href":"https:\/\/www.alzd.de\/en\/wp-json\/wp\/v2\/users\/535"}],"replies":[{"embeddable":true,"href":"https:\/\/www.alzd.de\/en\/wp-json\/wp\/v2\/comments?post=115250"}],"version-history":[{"count":3,"href":"https:\/\/www.alzd.de\/en\/wp-json\/wp\/v2\/posts\/115250\/revisions"}],"predecessor-version":[{"id":115253,"href":"https:\/\/www.alzd.de\/en\/wp-json\/wp\/v2\/posts\/115250\/revisions\/115253"}],"wp:featuredmedia":[{"embeddable":true,"href":"https:\/\/www.alzd.de\/en\/wp-json\/wp\/v2\/media\/115237"}],"wp:attachment":[{"href":"https:\/\/www.alzd.de\/en\/wp-json\/wp\/v2\/media?parent=115250"}],"wp:term":[{"taxonomy":"category","embeddable":true,"href":"https:\/\/www.alzd.de\/en\/wp-json\/wp\/v2\/categories?post=115250"},{"taxonomy":"post_tag","embeddable":true,"href":"https:\/\/www.alzd.de\/en\/wp-json\/wp\/v2\/tags?post=115250"}],"curies":[{"name":"wp","href":"https:\/\/api.w.org\/{rel}","templated":true}]}}