{"id":115003,"date":"2024-02-29T07:30:00","date_gmt":"2024-02-29T06:30:00","guid":{"rendered":"https:\/\/www.alzd.de\/2024\/02\/29\/vanille-supermassive-by-les-eaux-primordiales-pure-indulgence\/"},"modified":"2024-02-29T14:14:16","modified_gmt":"2024-02-29T13:14:16","slug":"vanille-supermassive-by-les-eaux-primordiales-pure-indulgence","status":"publish","type":"post","link":"https:\/\/www.alzd.de\/en\/2024\/02\/29\/vanille-supermassive-by-les-eaux-primordiales-pure-indulgence\/","title":{"rendered":"Vanille Supermassive by Les Eaux Primordiales &#8211; pure indulgence"},"content":{"rendered":"\n<p>Just yesterday I published the interview with the founder of <a href=\"https:\/\/www.ausliebezumduft.de\/duefte\/les-eaux-primordiales.html\" target=\"_blank\" rel=\"noreferrer noopener\">Les Eaux Primordiales,<\/a> in which Arnaud Poulain gave us some exciting information about the background of the brand, and today I would like to present you the extrait de parfum <a href=\"https:\/\/www.ausliebezumduft.de\/les-eaux-primordiales-vanille-supermassive.html\" target=\"_blank\" rel=\"noreferrer noopener\">Vanille Supermassive<\/a> which revolves entirely around the wonderful and beguiling aroma of the noble spice. <\/p>\n<div class=\"wp-block-image\">\n<figure class=\"aligncenter size-large\"><img decoding=\"async\" width=\"803\" height=\"1080\" src=\"https:\/\/www.alzd.de\/wp-content\/2024\/02\/VS1-803x1080.jpeg\" alt=\"Les Eaux Primordiales - Vanille Supermassive\" class=\"wp-image-114938\" title=\"Les Eaux Primordiales - Vanille Supermassive\" srcset=\"https:\/\/www.alzd.de\/wp-content\/2024\/02\/VS1-803x1080.jpeg 803w, https:\/\/www.alzd.de\/wp-content\/2024\/02\/VS1-535x720.jpeg 535w, https:\/\/www.alzd.de\/wp-content\/2024\/02\/VS1-268x360.jpeg 268w, https:\/\/www.alzd.de\/wp-content\/2024\/02\/VS1-768x1033.jpeg 768w, https:\/\/www.alzd.de\/wp-content\/2024\/02\/VS1-1142x1536.jpeg 1142w, https:\/\/www.alzd.de\/wp-content\/2024\/02\/VS1-1522x2048.jpeg 1522w, https:\/\/www.alzd.de\/wp-content\/2024\/02\/VS1.jpeg 1616w\" sizes=\"(max-width: 803px) 100vw, 803px\" \/><\/figure>\n<\/div>\n<h3 class=\"wp-block-heading\">Les Eaux Primordiales in the Duft-Tagebuch<\/h3>\n\n<p>But before I go into more detail about the new fragrance, I would like &#8211; in keeping with tradition &#8211; to look back at the articles I have already published on Les Eaux Primordiales, as there have been a whole series in recent years in which I have presented you the various creations and the brand itself: <\/p>\n\n<ul class=\"wp-block-list\">\n<li><a href=\"https:\/\/www.alzd.de\/2020\/08\/04\/les-eaux-primordiales\/\">Les Eaux Primordiales&#8217; basic colour white and the eternal moment<\/a><\/li>\n\n\n\n<li><a href=\"https:\/\/www.alzd.de\/2020\/08\/11\/abstraction-raisonnee-iris-palladium-les-eaux-primordiales\/\">Abstraction Raisonn\u00e9e and Iris Palladium by Les Eaux Primordiales &#8211; Summer and Winter<\/a><\/li>\n\n\n\n<li><a href=\"https:\/\/www.alzd.de\/2020\/08\/18\/champ-d-influence-memoire-du-futur-les-eaux-primordiales\/\">Champ d&#8217;Influence and M\u00e9moire du Futur by Les Eaux Primordiales &#8211; past and future<\/a><\/li>\n\n\n\n<li><a href=\"https:\/\/www.alzd.de\/2020\/08\/25\/particules-imprevisibles-mecanique-intuitive\/\">Particules Impr\u00e9visibles and M\u00e9canique Intuitive by Les Eaux Primordiales &#8211; Of molecules and mechanics<\/a><\/li>\n\n\n\n<li><a href=\"https:\/\/www.alzd.de\/2020\/09\/01\/encens-superfluide-oud-superfluide-les-eaux-primordiales\/\">Encens Superfluide and Oud Superfluide by Les Eaux Primordiales &#8211; superfluidity par excellence<\/a><\/li>\n\n\n\n<li><a href=\"https:\/\/www.alzd.de\/2021\/02\/04\/ambre-superfluide-les-eaux-primordiales-scusami-unum\/\">Ambre Superfluide by Les Eaux Primordiales and Scusami by Unum &#8211; Spring in Winter<\/a><\/li>\n\n\n\n<li><a href=\"https:\/\/www.alzd.de\/en\/2022\/05\/05\/neroli-supercritique-by-les-eaux-primordiales-visiting-marrakech\/\">N\u00e9roli Supercritique by Les Eaux Primordiales &#8211; visiting Marrakech<\/a><\/li>\n\n\n\n<li><a href=\"https:\/\/www.alzd.de\/en\/2022\/10\/25\/cedre-superfluide-by-les-eaux-primordiales-in-the-heart-of-morocco\/\">C\u00e8dre Superfluide by Les Eaux Primordiales &#8211; In the heart of Morocco<\/a><\/li>\n\n\n\n<li><a href=\"https:\/\/www.alzd.de\/en\/2024\/02\/28\/interview-with-les-eaux-primordiales-founder-arnaud-poulain\/\">Interview with Les Eaux Primordiales&#8217; founder Arnaud Poulain<\/a><\/li>\n<\/ul>\n\n<h3 class=\"wp-block-heading\">With a lot of flair<\/h3>\n\n<p>I am particularly pleased that all the compositions of Les Eaux Primordiales were created in collaboration with the perfumer <a href=\"https:\/\/www.alzd.de\/en\/tag\/amelie-bourgeois-en\/\" target=\"_blank\" rel=\"noreferrer noopener\">Am\u00e9lie Bourgeois<\/a>, who I greatly admire and whose creations are currently featured here in the Duft-Tagebuch an incredible number of times. Together with <a href=\"https:\/\/www.alzd.de\/en\/tag\/anne-sophie-behaghel-en\/\" target=\"_blank\" rel=\"noreferrer noopener\">Anne-Sophie Behaghel<\/a>, Bourgeois founded the independent perfume studio Flair, a fragrance studio in which many an olfactory highlight has been developed in recent years. In the meantime, various other perfumers are creatively at work there. In addition to the aforementioned founders Bourgeois and Behaghel, <a href=\"https:\/\/www.alzd.de\/en\/tag\/camille-chemardin-en\/\" target=\"_blank\" rel=\"noreferrer noopener\">Camille Chemardin<\/a> and <a href=\"https:\/\/www.alzd.de\/en\/tag\/margaux-le-paih-guerin-en\/\" target=\"_blank\" rel=\"noreferrer noopener\">Margaux Le Paih-Gu\u00e9rin<\/a> are also part of the team. Real female power and with a lot of success! <\/p>\n<div class=\"wp-block-image\">\n<figure class=\"aligncenter size-large is-resized\"><img decoding=\"async\" width=\"864\" height=\"1080\" src=\"https:\/\/www.alzd.de\/wp-content\/2024\/02\/421009383_894570246004800_4265289286044710070_n-864x1080.jpg\" alt=\"Les Eaux Primordiales - Vanille Supermassive\" class=\"wp-image-114974\" style=\"width:734px;height:auto\" title=\"Les Eaux Primordiales - Vanille Supermassive\" srcset=\"https:\/\/www.alzd.de\/wp-content\/2024\/02\/421009383_894570246004800_4265289286044710070_n-864x1080.jpg 864w, https:\/\/www.alzd.de\/wp-content\/2024\/02\/421009383_894570246004800_4265289286044710070_n-576x720.jpg 576w, https:\/\/www.alzd.de\/wp-content\/2024\/02\/421009383_894570246004800_4265289286044710070_n-288x360.jpg 288w, https:\/\/www.alzd.de\/wp-content\/2024\/02\/421009383_894570246004800_4265289286044710070_n-768x960.jpg 768w, https:\/\/www.alzd.de\/wp-content\/2024\/02\/421009383_894570246004800_4265289286044710070_n.jpg 936w\" sizes=\"(max-width: 864px) 100vw, 864px\" \/><figcaption class=\"wp-element-caption\">Vanille Supermassive from <a href=\"https:\/\/www.facebook.com\/leseauxprimordiales\" target=\"_blank\" rel=\"noreferrer noopener\">Facebook<\/a><\/figcaption><\/figure>\n<\/div>\n<h2 class=\"wp-block-heading\">Vanille Supermassive &#8211; Cosmic Vanilla<\/h2>\n\n<p>All Les Eaux Primordiales creations were developed by Am\u00e9lie Bourgeois and Arnaud Poulain. As Poulain himself mentions in the interview, the collaboration is &#8220;like that of a designer with an architect.&#8221; He brings the ideas or, as he calls it, &#8220;the artistic vision&#8221; into play, which she then realizes olfactorily. Together they develop the perfect formula for the fragrances of Les Eaux Primordiales.<\/p>\n\n<p>Vanille Supermassive is the first extrait de parfum in a new line. The Supermassive collection revolves around science, the cosmos and the ocean and the exploration of these. Arnaud Poulain unites very different facets in himself, shows great interest in natural sciences and mechanics, grew up in a family of craftsmen, in a rural environment and combines all these different aspects in his love of exquisite fragrances. <\/p>\n\n<p><strong>Bergamot, elemi resin, cinnamon, fir balsam, labdanum (cistus), patchouli, vanilla, caramel, ambroxan<\/strong> and <strong>white musk<\/strong> are the ingredients of Vanille Supermassive by Les Eaux Primordiales. The Extrait de Parfum has a perfume oil content of 30% and was developed using special manufacturing and maturing processes &#8211; another speciality of the French brand, in which Poulain&#8217;s many years of studying mechanical engineering and his fascination of it are put to good use.<\/p>\n<div class=\"wp-block-image\">\n<figure class=\"aligncenter size-full\"><img decoding=\"async\" width=\"900\" height=\"900\" src=\"https:\/\/www.alzd.de\/wp-content\/2024\/02\/373610857_800129712115521_2586922598800094749_n.jpg\" alt=\"\" class=\"wp-image-114981\" srcset=\"https:\/\/www.alzd.de\/wp-content\/2024\/02\/373610857_800129712115521_2586922598800094749_n.jpg 900w, https:\/\/www.alzd.de\/wp-content\/2024\/02\/373610857_800129712115521_2586922598800094749_n-720x720.jpg 720w, https:\/\/www.alzd.de\/wp-content\/2024\/02\/373610857_800129712115521_2586922598800094749_n-360x360.jpg 360w, https:\/\/www.alzd.de\/wp-content\/2024\/02\/373610857_800129712115521_2586922598800094749_n-768x768.jpg 768w\" sizes=\"(max-width: 900px) 100vw, 900px\" \/><figcaption class=\"wp-element-caption\">Vanille Supermassive from <a href=\"https:\/\/www.facebook.com\/leseauxprimordiales\" target=\"_blank\" rel=\"noreferrer noopener\">Facebook<\/a><\/figcaption><\/figure>\n<\/div>\n<blockquote class=\"wp-block-quote is-layout-flow wp-block-quote-is-layout-flow\"><\/blockquote>\n\n<h3 class=\"wp-block-heading\">The mysterious depth of vanilla<\/h3>\n\n<p>The word <em>supermassive<\/em> sounds like something powerful and exorbitant to me, so I am a little surprised by the transparency and lightness that the creation radiates from the very beginning. Tart, fresh bergamot and the creaky green of elemi resin combine with coniferous, woody fir balsam and earthy patchouli to create a fragrance that reminds me of an early morning walk in the woods. <\/p>\n\n<p>Barefoot over pine needles lying on the ground, roots, earth, leaves. Wisps of mist drift through the conifers. But the delicate, dark nuances of vanilla can also be sniffed out early on, authentic, edgy and beautiful. Far removed from the brightly coloured and sugary-sweet world of vanilla fragrances that other brands like to present to us, Vanille Supermassive shows the true face of the noble spice, its dark, wicked side, in which deep, woody and earthy-spicy nuances can be found. <\/p>\n\n<p>Ambroxan and musk provide a crystalline, ethereal, mineral-powdery softness that emphasizes the lightness of the creation after the freshness of the opening gradually fades. The cistus brings a fine smoky note to the composition and, together with the aforementioned caramel, provides a subtle, only subliminally perceptible sweetness.<\/p>\n<div class=\"wp-block-image\">\n<figure class=\"aligncenter size-full\"><img decoding=\"async\" width=\"600\" height=\"600\" src=\"https:\/\/www.alzd.de\/wp-content\/2024\/02\/vanille_supermassive_extrait50ml_1.webp\" alt=\"Les Eaux Primordiales - Vanille Supermassive\" class=\"wp-image-114986\" title=\"Les Eaux Primordiales - Vanille Supermassive\" srcset=\"https:\/\/www.alzd.de\/wp-content\/2024\/02\/vanille_supermassive_extrait50ml_1.webp 600w, https:\/\/www.alzd.de\/wp-content\/2024\/02\/vanille_supermassive_extrait50ml_1-360x360.webp 360w\" sizes=\"(max-width: 600px) 100vw, 600px\" \/><\/figure>\n<\/div>\n<p>Vanille Supermassive by Les Eaux Primordiales is a fine, distinguished and elegant unisex vanilla fragrance that beautifully highlights the fascinating facets of the spice with dark, earthy and woody notes. For die-hard fans of exuberant gourmand and spicy fragrances, this creation is probably too little sweet, too little rich and too dark. But anyone who loves the scent of real spiced vanilla and prefers compositions in the style of <a href=\"https:\/\/www.ausliebezumduft.de\/d-s-durga-deep-dark-vanilla.html\" target=\"_blank\" rel=\"noreferrer noopener\">deep dark vanilla<\/a> will be in their element here. Personally, I am absolutely thrilled with Vanille Supermassive and would wear this spicy-woody extrait de parfum anytime and anywhere, although the tendency is certainly towards fall and winter.<\/p>\n\n<div class=\"wp-block-buttons is-content-justification-center is-layout-flex wp-container-core-buttons-is-layout-16018d1d wp-block-buttons-is-layout-flex\">\n<div class=\"wp-block-button has-custom-width wp-block-button__width-50\"><a class=\"wp-block-button__link has-white-color has-text-color has-background has-link-color wp-element-button\" href=\"https:\/\/www.ausliebezumduft.de\/les-eaux-primordiales-vanille-supermassive.html\" style=\"background-color:#0d0c63\" target=\"_blank\" rel=\"noreferrer noopener\"><strong>Vanille Supermassive<\/strong><\/a><\/div>\n<\/div>\n\n<p><\/p>\n\n<p><\/p>\n","protected":false},"excerpt":{"rendered":"<p>Just yesterday I published the interview with the founder of Les Eaux Primordiales, in which Arnaud Poulain gave us some exciting information about the background of the brand,&#8230;<\/p>\n<div class=\"more-link-wrapper\"><a class=\"more-link\" href=\"https:\/\/www.alzd.de\/en\/2024\/02\/29\/vanille-supermassive-by-les-eaux-primordiales-pure-indulgence\/\">WEITERLESEN<span class=\"screen-reader-text\">Vanille Supermassive by Les Eaux Primordiales &#8211; pure indulgence<\/span><\/a><\/div>\n","protected":false},"author":535,"featured_media":114973,"comment_status":"open","ping_status":"closed","sticky":false,"template":"","format":"standard","meta":{"footnotes":""},"categories":[1117,1113,1114],"tags":[1215,1244,1639,1608],"class_list":["post-115003","post","type-post","status-publish","format-standard","has-post-thumbnail","hentry","category-fragrances","category-spicy","category-woody","tag-amelie-bourgeois-en","tag-arnaud-poulain-en","tag-les-eaux-primordiales-en","tag-vanilla","excerpt","zoom","full-without-featured","even","excerpt-0"],"yoast_head":"<!-- This site is optimized with the Yoast SEO plugin v27.5 - https:\/\/yoast.com\/product\/yoast-seo-wordpress\/ -->\n<title>Vanille Supermassive by Les Eaux Primordiales - pure indulgence<\/title>\n<meta name=\"description\" content=\"Today, I would like to present you Vanille Supermassive, which is all about the wonderful and beguiling scent of this precious spice.\" \/>\n<meta name=\"robots\" content=\"index, follow, max-snippet:-1, max-image-preview:large, max-video-preview:-1\" \/>\n<link rel=\"canonical\" href=\"https:\/\/www.alzd.de\/en\/2024\/02\/29\/vanille-supermassive-by-les-eaux-primordiales-pure-indulgence\/\" \/>\n<meta property=\"og:locale\" content=\"en_US\" \/>\n<meta property=\"og:type\" content=\"article\" \/>\n<meta property=\"og:title\" content=\"Vanille Supermassive by Les Eaux Primordiales - pure indulgence\" \/>\n<meta property=\"og:url\" content=\"https:\/\/www.alzd.de\/en\/2024\/02\/29\/vanille-supermassive-by-les-eaux-primordiales-pure-indulgence\/\" \/>\n<meta property=\"og:site_name\" content=\"Das Duft-Tagebuch\" \/>\n<meta property=\"article:publisher\" content=\"https:\/\/www.facebook.com\/dufttagebuch\/\" \/>\n<meta property=\"article:author\" content=\"https:\/\/www.facebook.com\/stephanie.tkaczik\" \/>\n<meta property=\"article:published_time\" content=\"2024-02-29T06:30:00+00:00\" \/>\n<meta property=\"article:modified_time\" content=\"2024-02-29T13:14:16+00:00\" \/>\n<meta property=\"og:image\" content=\"https:\/\/www.alzd.de\/wp-content\/2024\/02\/bb369551160_6694897343866664_3964948153940870831_n.jpg\" \/>\n\t<meta property=\"og:image:width\" content=\"720\" \/>\n\t<meta property=\"og:image:height\" content=\"400\" \/>\n\t<meta property=\"og:image:type\" content=\"image\/jpeg\" \/>\n<meta name=\"author\" content=\"Julia Bir\u00f3\" \/>\n<meta name=\"twitter:card\" content=\"summary_large_image\" \/>\n<meta name=\"twitter:creator\" content=\"@ausliebezumduft\" \/>\n<meta name=\"twitter:site\" content=\"@ausliebezumduft\" \/>\n<script type=\"application\/ld+json\" class=\"yoast-schema-graph\">{\"@context\":\"https:\\\/\\\/schema.org\",\"@graph\":[{\"@type\":\"Article\",\"@id\":\"https:\\\/\\\/www.alzd.de\\\/en\\\/2024\\\/02\\\/29\\\/vanille-supermassive-by-les-eaux-primordiales-pure-indulgence\\\/#article\",\"isPartOf\":{\"@id\":\"https:\\\/\\\/www.alzd.de\\\/en\\\/2024\\\/02\\\/29\\\/vanille-supermassive-by-les-eaux-primordiales-pure-indulgence\\\/\"},\"author\":{\"name\":\"Julia Bir\u00f3\",\"@id\":\"https:\\\/\\\/www.alzd.de\\\/en\\\/#\\\/schema\\\/person\\\/8efcd8f02447fdbe8f29ad465897d04e\"},\"headline\":\"Vanille Supermassive by Les Eaux Primordiales &#8211; pure indulgence\",\"datePublished\":\"2024-02-29T06:30:00+00:00\",\"dateModified\":\"2024-02-29T13:14:16+00:00\",\"mainEntityOfPage\":{\"@id\":\"https:\\\/\\\/www.alzd.de\\\/en\\\/2024\\\/02\\\/29\\\/vanille-supermassive-by-les-eaux-primordiales-pure-indulgence\\\/\"},\"wordCount\":874,\"commentCount\":0,\"publisher\":{\"@id\":\"https:\\\/\\\/www.alzd.de\\\/en\\\/#organization\"},\"image\":{\"@id\":\"https:\\\/\\\/www.alzd.de\\\/en\\\/2024\\\/02\\\/29\\\/vanille-supermassive-by-les-eaux-primordiales-pure-indulgence\\\/#primaryimage\"},\"thumbnailUrl\":\"https:\\\/\\\/www.alzd.de\\\/wp-content\\\/2024\\\/02\\\/bb369551160_6694897343866664_3964948153940870831_n.jpg\",\"keywords\":[\"Am\u00e9lie Bourgeois\",\"Arnaud Poulain\",\"Les Eaux Primordiales\",\"Vanilla\"],\"articleSection\":[\"Fragrances\",\"Spicy\",\"Woody\"],\"inLanguage\":\"en-US\",\"potentialAction\":[{\"@type\":\"CommentAction\",\"name\":\"Comment\",\"target\":[\"https:\\\/\\\/www.alzd.de\\\/en\\\/2024\\\/02\\\/29\\\/vanille-supermassive-by-les-eaux-primordiales-pure-indulgence\\\/#respond\"]}]},{\"@type\":\"WebPage\",\"@id\":\"https:\\\/\\\/www.alzd.de\\\/en\\\/2024\\\/02\\\/29\\\/vanille-supermassive-by-les-eaux-primordiales-pure-indulgence\\\/\",\"url\":\"https:\\\/\\\/www.alzd.de\\\/en\\\/2024\\\/02\\\/29\\\/vanille-supermassive-by-les-eaux-primordiales-pure-indulgence\\\/\",\"name\":\"Vanille Supermassive by Les Eaux Primordiales - pure indulgence\",\"isPartOf\":{\"@id\":\"https:\\\/\\\/www.alzd.de\\\/en\\\/#website\"},\"primaryImageOfPage\":{\"@id\":\"https:\\\/\\\/www.alzd.de\\\/en\\\/2024\\\/02\\\/29\\\/vanille-supermassive-by-les-eaux-primordiales-pure-indulgence\\\/#primaryimage\"},\"image\":{\"@id\":\"https:\\\/\\\/www.alzd.de\\\/en\\\/2024\\\/02\\\/29\\\/vanille-supermassive-by-les-eaux-primordiales-pure-indulgence\\\/#primaryimage\"},\"thumbnailUrl\":\"https:\\\/\\\/www.alzd.de\\\/wp-content\\\/2024\\\/02\\\/bb369551160_6694897343866664_3964948153940870831_n.jpg\",\"datePublished\":\"2024-02-29T06:30:00+00:00\",\"dateModified\":\"2024-02-29T13:14:16+00:00\",\"description\":\"Today, I would like to present you Vanille Supermassive, which is all about the wonderful and beguiling scent of this precious spice.\",\"breadcrumb\":{\"@id\":\"https:\\\/\\\/www.alzd.de\\\/en\\\/2024\\\/02\\\/29\\\/vanille-supermassive-by-les-eaux-primordiales-pure-indulgence\\\/#breadcrumb\"},\"inLanguage\":\"en-US\",\"potentialAction\":[{\"@type\":\"ReadAction\",\"target\":[\"https:\\\/\\\/www.alzd.de\\\/en\\\/2024\\\/02\\\/29\\\/vanille-supermassive-by-les-eaux-primordiales-pure-indulgence\\\/\"]}]},{\"@type\":\"ImageObject\",\"inLanguage\":\"en-US\",\"@id\":\"https:\\\/\\\/www.alzd.de\\\/en\\\/2024\\\/02\\\/29\\\/vanille-supermassive-by-les-eaux-primordiales-pure-indulgence\\\/#primaryimage\",\"url\":\"https:\\\/\\\/www.alzd.de\\\/wp-content\\\/2024\\\/02\\\/bb369551160_6694897343866664_3964948153940870831_n.jpg\",\"contentUrl\":\"https:\\\/\\\/www.alzd.de\\\/wp-content\\\/2024\\\/02\\\/bb369551160_6694897343866664_3964948153940870831_n.jpg\",\"width\":720,\"height\":400},{\"@type\":\"BreadcrumbList\",\"@id\":\"https:\\\/\\\/www.alzd.de\\\/en\\\/2024\\\/02\\\/29\\\/vanille-supermassive-by-les-eaux-primordiales-pure-indulgence\\\/#breadcrumb\",\"itemListElement\":[{\"@type\":\"ListItem\",\"position\":1,\"name\":\"Startseite\",\"item\":\"https:\\\/\\\/www.alzd.de\\\/en\\\/\"},{\"@type\":\"ListItem\",\"position\":2,\"name\":\"Vanille Supermassive by Les Eaux Primordiales &#8211; pure indulgence\"}]},{\"@type\":\"WebSite\",\"@id\":\"https:\\\/\\\/www.alzd.de\\\/en\\\/#website\",\"url\":\"https:\\\/\\\/www.alzd.de\\\/en\\\/\",\"name\":\"Das Duft-Tagebuch\",\"description\":\"Das Parfumblog von Aus Liebe zum Duft\",\"publisher\":{\"@id\":\"https:\\\/\\\/www.alzd.de\\\/en\\\/#organization\"},\"potentialAction\":[{\"@type\":\"SearchAction\",\"target\":{\"@type\":\"EntryPoint\",\"urlTemplate\":\"https:\\\/\\\/www.alzd.de\\\/en\\\/?s={search_term_string}\"},\"query-input\":{\"@type\":\"PropertyValueSpecification\",\"valueRequired\":true,\"valueName\":\"search_term_string\"}}],\"inLanguage\":\"en-US\"},{\"@type\":\"Organization\",\"@id\":\"https:\\\/\\\/www.alzd.de\\\/en\\\/#organization\",\"name\":\"Das Duft-Tagebuch\",\"url\":\"https:\\\/\\\/www.alzd.de\\\/en\\\/\",\"logo\":{\"@type\":\"ImageObject\",\"inLanguage\":\"en-US\",\"@id\":\"https:\\\/\\\/www.alzd.de\\\/en\\\/#\\\/schema\\\/logo\\\/image\\\/\",\"url\":\"https:\\\/\\\/www.alzd.de\\\/wp-content\\\/2023\\\/08\\\/alzd_dufttagebuch.png\",\"contentUrl\":\"https:\\\/\\\/www.alzd.de\\\/wp-content\\\/2023\\\/08\\\/alzd_dufttagebuch.png\",\"width\":1804,\"height\":416,\"caption\":\"Das Duft-Tagebuch\"},\"image\":{\"@id\":\"https:\\\/\\\/www.alzd.de\\\/en\\\/#\\\/schema\\\/logo\\\/image\\\/\"},\"sameAs\":[\"https:\\\/\\\/www.facebook.com\\\/dufttagebuch\\\/\",\"https:\\\/\\\/x.com\\\/ausliebezumduft\",\"https:\\\/\\\/www.instagram.com\\\/ausliebezumduft.de\\\/\",\"https:\\\/\\\/www.youtube.com\\\/c\\\/ausliebezumduft\"]},{\"@type\":\"Person\",\"@id\":\"https:\\\/\\\/www.alzd.de\\\/en\\\/#\\\/schema\\\/person\\\/8efcd8f02447fdbe8f29ad465897d04e\",\"name\":\"Julia Bir\u00f3\",\"image\":{\"@type\":\"ImageObject\",\"inLanguage\":\"en-US\",\"@id\":\"https:\\\/\\\/www.alzd.de\\\/wp-content\\\/2018\\\/02\\\/cropped-cropped-mitarbeiterbilder_steffi--96x96.jpg\",\"url\":\"https:\\\/\\\/www.alzd.de\\\/wp-content\\\/2018\\\/02\\\/cropped-cropped-mitarbeiterbilder_steffi--96x96.jpg\",\"contentUrl\":\"https:\\\/\\\/www.alzd.de\\\/wp-content\\\/2018\\\/02\\\/cropped-cropped-mitarbeiterbilder_steffi--96x96.jpg\",\"caption\":\"Julia Bir\u00f3\"},\"description\":\"Bereits 2010 gingen so einige Blogbeitr\u00e4ge auf mein Konto. Dann war ich \u201ekurz\u201c weg \u2013 sechs Jahre. Umso mehr freut es mich, dass ich nun wieder die Chance bekomme, mein N\u00e4schen im Dienste der Duftrezension schnuppern zu lassen und eifrig in die Tasten zu hauen. Was Nischend\u00fcfte angeht, habe ich damals \u00fcbrigens schnell Feuer gefangen. Meine Ausbildung tat dazu ihr \u00dcbriges: Als diplomierte Biologin kenne ich mich nicht nur mit Fauna und Flora, sondern auch recht gut mit der Herstellung von \u00d6len und Extrakten aus, was den Reiz der Parfumwelt nat\u00fcrlich noch gr\u00f6\u00dfer macht.\",\"sameAs\":[\"https:\\\/\\\/biro.is\\\/\",\"https:\\\/\\\/www.facebook.com\\\/stephanie.tkaczik\"],\"url\":\"https:\\\/\\\/www.alzd.de\\\/en\\\/author\\\/stephanie\\\/\"}]}<\/script>\n<!-- \/ Yoast SEO plugin. -->","yoast_head_json":{"title":"Vanille Supermassive by Les Eaux Primordiales - pure indulgence","description":"Today, I would like to present you Vanille Supermassive, which is all about the wonderful and beguiling scent of this precious spice.","robots":{"index":"index","follow":"follow","max-snippet":"max-snippet:-1","max-image-preview":"max-image-preview:large","max-video-preview":"max-video-preview:-1"},"canonical":"https:\/\/www.alzd.de\/en\/2024\/02\/29\/vanille-supermassive-by-les-eaux-primordiales-pure-indulgence\/","og_locale":"en_US","og_type":"article","og_title":"Vanille Supermassive by Les Eaux Primordiales - pure indulgence","og_url":"https:\/\/www.alzd.de\/en\/2024\/02\/29\/vanille-supermassive-by-les-eaux-primordiales-pure-indulgence\/","og_site_name":"Das Duft-Tagebuch","article_publisher":"https:\/\/www.facebook.com\/dufttagebuch\/","article_author":"https:\/\/www.facebook.com\/stephanie.tkaczik","article_published_time":"2024-02-29T06:30:00+00:00","article_modified_time":"2024-02-29T13:14:16+00:00","og_image":[{"width":720,"height":400,"url":"https:\/\/www.alzd.de\/wp-content\/2024\/02\/bb369551160_6694897343866664_3964948153940870831_n.jpg","type":"image\/jpeg"}],"author":"Julia Bir\u00f3","twitter_card":"summary_large_image","twitter_creator":"@ausliebezumduft","twitter_site":"@ausliebezumduft","schema":{"@context":"https:\/\/schema.org","@graph":[{"@type":"Article","@id":"https:\/\/www.alzd.de\/en\/2024\/02\/29\/vanille-supermassive-by-les-eaux-primordiales-pure-indulgence\/#article","isPartOf":{"@id":"https:\/\/www.alzd.de\/en\/2024\/02\/29\/vanille-supermassive-by-les-eaux-primordiales-pure-indulgence\/"},"author":{"name":"Julia Bir\u00f3","@id":"https:\/\/www.alzd.de\/en\/#\/schema\/person\/8efcd8f02447fdbe8f29ad465897d04e"},"headline":"Vanille Supermassive by Les Eaux Primordiales &#8211; pure indulgence","datePublished":"2024-02-29T06:30:00+00:00","dateModified":"2024-02-29T13:14:16+00:00","mainEntityOfPage":{"@id":"https:\/\/www.alzd.de\/en\/2024\/02\/29\/vanille-supermassive-by-les-eaux-primordiales-pure-indulgence\/"},"wordCount":874,"commentCount":0,"publisher":{"@id":"https:\/\/www.alzd.de\/en\/#organization"},"image":{"@id":"https:\/\/www.alzd.de\/en\/2024\/02\/29\/vanille-supermassive-by-les-eaux-primordiales-pure-indulgence\/#primaryimage"},"thumbnailUrl":"https:\/\/www.alzd.de\/wp-content\/2024\/02\/bb369551160_6694897343866664_3964948153940870831_n.jpg","keywords":["Am\u00e9lie Bourgeois","Arnaud Poulain","Les Eaux Primordiales","Vanilla"],"articleSection":["Fragrances","Spicy","Woody"],"inLanguage":"en-US","potentialAction":[{"@type":"CommentAction","name":"Comment","target":["https:\/\/www.alzd.de\/en\/2024\/02\/29\/vanille-supermassive-by-les-eaux-primordiales-pure-indulgence\/#respond"]}]},{"@type":"WebPage","@id":"https:\/\/www.alzd.de\/en\/2024\/02\/29\/vanille-supermassive-by-les-eaux-primordiales-pure-indulgence\/","url":"https:\/\/www.alzd.de\/en\/2024\/02\/29\/vanille-supermassive-by-les-eaux-primordiales-pure-indulgence\/","name":"Vanille Supermassive by Les Eaux Primordiales - pure indulgence","isPartOf":{"@id":"https:\/\/www.alzd.de\/en\/#website"},"primaryImageOfPage":{"@id":"https:\/\/www.alzd.de\/en\/2024\/02\/29\/vanille-supermassive-by-les-eaux-primordiales-pure-indulgence\/#primaryimage"},"image":{"@id":"https:\/\/www.alzd.de\/en\/2024\/02\/29\/vanille-supermassive-by-les-eaux-primordiales-pure-indulgence\/#primaryimage"},"thumbnailUrl":"https:\/\/www.alzd.de\/wp-content\/2024\/02\/bb369551160_6694897343866664_3964948153940870831_n.jpg","datePublished":"2024-02-29T06:30:00+00:00","dateModified":"2024-02-29T13:14:16+00:00","description":"Today, I would like to present you Vanille Supermassive, which is all about the wonderful and beguiling scent of this precious spice.","breadcrumb":{"@id":"https:\/\/www.alzd.de\/en\/2024\/02\/29\/vanille-supermassive-by-les-eaux-primordiales-pure-indulgence\/#breadcrumb"},"inLanguage":"en-US","potentialAction":[{"@type":"ReadAction","target":["https:\/\/www.alzd.de\/en\/2024\/02\/29\/vanille-supermassive-by-les-eaux-primordiales-pure-indulgence\/"]}]},{"@type":"ImageObject","inLanguage":"en-US","@id":"https:\/\/www.alzd.de\/en\/2024\/02\/29\/vanille-supermassive-by-les-eaux-primordiales-pure-indulgence\/#primaryimage","url":"https:\/\/www.alzd.de\/wp-content\/2024\/02\/bb369551160_6694897343866664_3964948153940870831_n.jpg","contentUrl":"https:\/\/www.alzd.de\/wp-content\/2024\/02\/bb369551160_6694897343866664_3964948153940870831_n.jpg","width":720,"height":400},{"@type":"BreadcrumbList","@id":"https:\/\/www.alzd.de\/en\/2024\/02\/29\/vanille-supermassive-by-les-eaux-primordiales-pure-indulgence\/#breadcrumb","itemListElement":[{"@type":"ListItem","position":1,"name":"Startseite","item":"https:\/\/www.alzd.de\/en\/"},{"@type":"ListItem","position":2,"name":"Vanille Supermassive by Les Eaux Primordiales &#8211; pure indulgence"}]},{"@type":"WebSite","@id":"https:\/\/www.alzd.de\/en\/#website","url":"https:\/\/www.alzd.de\/en\/","name":"Das Duft-Tagebuch","description":"Das Parfumblog von Aus Liebe zum Duft","publisher":{"@id":"https:\/\/www.alzd.de\/en\/#organization"},"potentialAction":[{"@type":"SearchAction","target":{"@type":"EntryPoint","urlTemplate":"https:\/\/www.alzd.de\/en\/?s={search_term_string}"},"query-input":{"@type":"PropertyValueSpecification","valueRequired":true,"valueName":"search_term_string"}}],"inLanguage":"en-US"},{"@type":"Organization","@id":"https:\/\/www.alzd.de\/en\/#organization","name":"Das Duft-Tagebuch","url":"https:\/\/www.alzd.de\/en\/","logo":{"@type":"ImageObject","inLanguage":"en-US","@id":"https:\/\/www.alzd.de\/en\/#\/schema\/logo\/image\/","url":"https:\/\/www.alzd.de\/wp-content\/2023\/08\/alzd_dufttagebuch.png","contentUrl":"https:\/\/www.alzd.de\/wp-content\/2023\/08\/alzd_dufttagebuch.png","width":1804,"height":416,"caption":"Das Duft-Tagebuch"},"image":{"@id":"https:\/\/www.alzd.de\/en\/#\/schema\/logo\/image\/"},"sameAs":["https:\/\/www.facebook.com\/dufttagebuch\/","https:\/\/x.com\/ausliebezumduft","https:\/\/www.instagram.com\/ausliebezumduft.de\/","https:\/\/www.youtube.com\/c\/ausliebezumduft"]},{"@type":"Person","@id":"https:\/\/www.alzd.de\/en\/#\/schema\/person\/8efcd8f02447fdbe8f29ad465897d04e","name":"Julia Bir\u00f3","image":{"@type":"ImageObject","inLanguage":"en-US","@id":"https:\/\/www.alzd.de\/wp-content\/2018\/02\/cropped-cropped-mitarbeiterbilder_steffi--96x96.jpg","url":"https:\/\/www.alzd.de\/wp-content\/2018\/02\/cropped-cropped-mitarbeiterbilder_steffi--96x96.jpg","contentUrl":"https:\/\/www.alzd.de\/wp-content\/2018\/02\/cropped-cropped-mitarbeiterbilder_steffi--96x96.jpg","caption":"Julia Bir\u00f3"},"description":"Bereits 2010 gingen so einige Blogbeitr\u00e4ge auf mein Konto. Dann war ich \u201ekurz\u201c weg \u2013 sechs Jahre. Umso mehr freut es mich, dass ich nun wieder die Chance bekomme, mein N\u00e4schen im Dienste der Duftrezension schnuppern zu lassen und eifrig in die Tasten zu hauen. Was Nischend\u00fcfte angeht, habe ich damals \u00fcbrigens schnell Feuer gefangen. Meine Ausbildung tat dazu ihr \u00dcbriges: Als diplomierte Biologin kenne ich mich nicht nur mit Fauna und Flora, sondern auch recht gut mit der Herstellung von \u00d6len und Extrakten aus, was den Reiz der Parfumwelt nat\u00fcrlich noch gr\u00f6\u00dfer macht.","sameAs":["https:\/\/biro.is\/","https:\/\/www.facebook.com\/stephanie.tkaczik"],"url":"https:\/\/www.alzd.de\/en\/author\/stephanie\/"}]}},"wp-worthy-pixel":{"ignored":false,"public":null,"server":null,"url":null},"wp-worthy-type":"normal","_links":{"self":[{"href":"https:\/\/www.alzd.de\/en\/wp-json\/wp\/v2\/posts\/115003","targetHints":{"allow":["GET"]}}],"collection":[{"href":"https:\/\/www.alzd.de\/en\/wp-json\/wp\/v2\/posts"}],"about":[{"href":"https:\/\/www.alzd.de\/en\/wp-json\/wp\/v2\/types\/post"}],"author":[{"embeddable":true,"href":"https:\/\/www.alzd.de\/en\/wp-json\/wp\/v2\/users\/535"}],"replies":[{"embeddable":true,"href":"https:\/\/www.alzd.de\/en\/wp-json\/wp\/v2\/comments?post=115003"}],"version-history":[{"count":5,"href":"https:\/\/www.alzd.de\/en\/wp-json\/wp\/v2\/posts\/115003\/revisions"}],"predecessor-version":[{"id":115008,"href":"https:\/\/www.alzd.de\/en\/wp-json\/wp\/v2\/posts\/115003\/revisions\/115008"}],"wp:featuredmedia":[{"embeddable":true,"href":"https:\/\/www.alzd.de\/en\/wp-json\/wp\/v2\/media\/114973"}],"wp:attachment":[{"href":"https:\/\/www.alzd.de\/en\/wp-json\/wp\/v2\/media?parent=115003"}],"wp:term":[{"taxonomy":"category","embeddable":true,"href":"https:\/\/www.alzd.de\/en\/wp-json\/wp\/v2\/categories?post=115003"},{"taxonomy":"post_tag","embeddable":true,"href":"https:\/\/www.alzd.de\/en\/wp-json\/wp\/v2\/tags?post=115003"}],"curies":[{"name":"wp","href":"https:\/\/api.w.org\/{rel}","templated":true}]}}