{"id":114556,"date":"2024-02-12T07:30:00","date_gmt":"2024-02-12T06:30:00","guid":{"rendered":"https:\/\/www.alzd.de\/2024\/02\/12\/radical-rose-encens-suave-and-parisian-musc-by-matiere-premiere\/"},"modified":"2024-02-12T11:42:37","modified_gmt":"2024-02-12T10:42:37","slug":"radical-rose-encens-suave-and-parisian-musc-by-matiere-premiere","status":"publish","type":"post","link":"https:\/\/www.alzd.de\/en\/2024\/02\/12\/radical-rose-encens-suave-and-parisian-musc-by-matiere-premiere\/","title":{"rendered":"Radical Rose, Encens Suave and Parisian Musc by Mati\u00e8re Premi\u00e8re"},"content":{"rendered":"\n<p>Today we have the three Eau de Parfum <a href=\"https:\/\/www.ausliebezumduft.de\/matiere-premiere-radical-rose.html\" target=\"_blank\" rel=\"noreferrer noopener\">Radical Rose<\/a>, <a href=\"https:\/\/www.ausliebezumduft.de\/matiere-premiere-encens-suave.html\" target=\"_blank\" rel=\"noreferrer noopener\">Encens Suave<\/a> and <a href=\"https:\/\/www.ausliebezumduft.de\/matiere-premiere-parisian-musc.html\" target=\"_blank\" rel=\"noreferrer noopener\">Parisian Musc<\/a> by <a href=\"https:\/\/www.ausliebezumduft.de\/fragrances\/matiere-premiere.html\" target=\"_blank\" rel=\"noreferrer noopener\">Mati\u00e8re Premi\u00e8re<\/a>, after I presented the brand itself and the fragrances <a href=\"https:\/\/www.ausliebezumduft.de\/matiere-premiere-cologne-cedrat.html\" target=\"_blank\" rel=\"noreferrer noopener\">Cologne C\u00e9drat<\/a> and <a href=\"https:\/\/www.ausliebezumduft.de\/matiere-premiere-neroli-oranger.html\" target=\"_blank\" rel=\"noreferrer noopener\">Neroli Oranger<\/a> to you yesterday in my article <a href=\"https:\/\/www.alzd.de\/en\/2024\/02\/12\/matiere-premiere-the-natural-beauty-of-a-raw-material\/\">Mati\u00e8re Premi\u00e8re &#8211; The natural beauty of a raw material<\/a>. <\/p>\n<div class=\"wp-block-image\">\n<figure class=\"aligncenter size-large\"><img decoding=\"async\" width=\"723\" height=\"1080\" src=\"https:\/\/www.alzd.de\/wp-content\/2024\/02\/roses-723x1080.jpeg\" alt=\"Rose petals\" class=\"wp-image-114500\" title=\"Rose petals\" srcset=\"https:\/\/www.alzd.de\/wp-content\/2024\/02\/roses-723x1080.jpeg 723w, https:\/\/www.alzd.de\/wp-content\/2024\/02\/roses-482x720.jpeg 482w, https:\/\/www.alzd.de\/wp-content\/2024\/02\/roses-241x360.jpeg 241w, https:\/\/www.alzd.de\/wp-content\/2024\/02\/roses-768x1147.jpeg 768w, https:\/\/www.alzd.de\/wp-content\/2024\/02\/roses-1029x1536.jpeg 1029w, https:\/\/www.alzd.de\/wp-content\/2024\/02\/roses-1372x2048.jpeg 1372w, https:\/\/www.alzd.de\/wp-content\/2024\/02\/roses-scaled.jpeg 1714w\" sizes=\"(max-width: 723px) 100vw, 723px\" \/><\/figure>\n<\/div>\n<p>We remember that each creation of the French niche fragrance label revolves around a special raw material, and the entire composition is designed to show it from its most beautiful and expressive side. Today we are dealing with three wonderful fragrance components, namely rose, incense and musk. <\/p>\n\n<h2 class=\"wp-block-heading\">Radical Rose &#8211; Rose extreme<\/h2>\n\n<p><a href=\"https:\/\/www.ausliebezumduft.de\/matiere-premiere-radical-rose.html\" target=\"_blank\" rel=\"noreferrer noopener\">Radical Rose<\/a> pays homage to the rose. But not just any variety of the queen of flowers, but the Rosa Centifolia. The rose blossoms used in the Eau de Parfum come from orchards in the area around the perfume metropolis of Grasse, which belong to the brand founder and perfumer Aur\u00e9lien Guichard himself. This direct connection to the product, to the raw material, naturally makes Radical Rose a very special fragrance.<\/p>\n\n<p><strong>Provence rose, patchouli, saffron, labdanum (cistus)<\/strong> and <strong>pepper<\/strong> are the ingredients of this creation and I just noticed that the two previously reviewed Cologne C\u00e9drat and Neroli Oranger also consisted of five fragrance notes each. We&#8217;ll see if this is the case throughout the collection. The rose blossom oil of the centifolia was used in the composition in a particularly high concentration and exquisite quality, and was thus intended to evoke a rose fragrance that should have the predicate <em>radical<\/em> in some form.<\/p>\n<div class=\"wp-block-image\">\n<figure class=\"aligncenter size-large\"><img decoding=\"async\" width=\"764\" height=\"1080\" src=\"https:\/\/www.alzd.de\/wp-content\/2024\/02\/radicalrose-764x1080.jpeg\" alt=\"Mati&#xE8;re Premi&#xE8;re - Radical Rose\" class=\"wp-image-114507\" title=\"Mati&#xE8;re Premi&#xE8;re - Radical Rose\" srcset=\"https:\/\/www.alzd.de\/wp-content\/2024\/02\/radicalrose-764x1080.jpeg 764w, https:\/\/www.alzd.de\/wp-content\/2024\/02\/radicalrose-510x720.jpeg 510w, https:\/\/www.alzd.de\/wp-content\/2024\/02\/radicalrose-255x360.jpeg 255w, https:\/\/www.alzd.de\/wp-content\/2024\/02\/radicalrose-768x1085.jpeg 768w, https:\/\/www.alzd.de\/wp-content\/2024\/02\/radicalrose-1087x1536.jpeg 1087w, https:\/\/www.alzd.de\/wp-content\/2024\/02\/radicalrose-1449x2048.jpeg 1449w, https:\/\/www.alzd.de\/wp-content\/2024\/02\/radicalrose.jpeg 1767w\" sizes=\"(max-width: 764px) 100vw, 764px\" \/><\/figure>\n<\/div>\n<p>Cheerful, radiant and very present from the very first moment, Radical Rose opens and reveals a rose that blossoms in a magnificent and vibrant pink colour. Darker nuances then slowly creep into the rose, creating depth and a mysterious aura that is both fascinating and seductive. Patchouli brings earthy, woody aspects to the composition, while saffron quietly and calmly takes its place in the eau de parfum. Its striking and medicinal nuances combine with the rose to create a beautiful melange, which is gradually emphasized by the smoky sweetness of the labdanum. Radical Rose is a femme fatale, a floral seductress in the true sense of the word. Not a juvenile Lolita, but a woman who has both feet on the ground, who knows what she wants and takes it and won&#8217;t let it be taken away. A really great and glamorous fragrance that is elegant and grown-up, daring and sexy, classic yet modern. More suitable for going out in the evening than in the office and everyday life, but wearable all year round. Super! \ud83c\udf39<\/p>\n\n<div class=\"wp-block-buttons is-content-justification-center is-layout-flex wp-container-core-buttons-is-layout-16018d1d wp-block-buttons-is-layout-flex\">\n<div class=\"wp-block-button has-custom-width wp-block-button__width-50\"><a class=\"wp-block-button__link has-white-color has-text-color has-background has-link-color wp-element-button\" href=\"https:\/\/www.ausliebezumduft.de\/matiere-premiere-radical-rose.html\" style=\"background-color:#ef167b\" target=\"_blank\" rel=\"noreferrer noopener\"><strong>Radical Rose<\/strong><\/a><\/div>\n<\/div>\n\n<div style=\"height:100px\" aria-hidden=\"true\" class=\"wp-block-spacer\"><\/div>\n\n<h2 class=\"wp-block-heading\">Encens Suave &#8211; incense with addictive potential<\/h2>\n\n<p>Our second candidate today is dedicated to <strong>incense<\/strong>. Perfumer Aur\u00e9lien Guichard combines the incense resin with <strong>benzoin resin, bourbon vanilla, labdanum (cistus)<\/strong> and <strong>coffee<\/strong>. That sounds really tempting and since <em>suave<\/em> means &#8220;lovely&#8221; and &#8220;gentle&#8221; in German, it makes me all the more curious. <\/p>\n\n<p>Here, too, the five fragrance notes already mentioned confirm my above-mentioned assumption. According to the press release, the frankincense used in <a href=\"https:\/\/www.ausliebezumduft.de\/matiere-premiere-encens-suave.html\" target=\"_blank\" rel=\"noreferrer noopener\">Encens Suave<\/a> is a Somali variety which, together with the other ingredients, is said to create &#8220;a blend with addictive potential&#8221;.<\/p>\n<div class=\"wp-block-image\">\n<figure class=\"aligncenter size-large\"><img decoding=\"async\" width=\"1080\" height=\"800\" src=\"https:\/\/www.alzd.de\/wp-content\/2024\/02\/encenssuave-1080x800.jpeg\" alt=\"Mati&#xE8;re Premi&#xE8;re - Encens Suave\" class=\"wp-image-114521\" title=\"Mati&#xE8;re Premi&#xE8;re - Encens Suave\" srcset=\"https:\/\/www.alzd.de\/wp-content\/2024\/02\/encenssuave-1080x800.jpeg 1080w, https:\/\/www.alzd.de\/wp-content\/2024\/02\/encenssuave-720x533.jpeg 720w, https:\/\/www.alzd.de\/wp-content\/2024\/02\/encenssuave-360x267.jpeg 360w, https:\/\/www.alzd.de\/wp-content\/2024\/02\/encenssuave-768x569.jpeg 768w, https:\/\/www.alzd.de\/wp-content\/2024\/02\/encenssuave-1536x1138.jpeg 1536w, https:\/\/www.alzd.de\/wp-content\/2024\/02\/encenssuave.jpeg 1966w\" sizes=\"(max-width: 1080px) 100vw, 1080px\" \/><\/figure>\n<\/div>\n<p>Encens Suave opens right away with the protagonist. The incense is extremely sophisticated, lucid, bright, transparent, with a greenish tinge and underpinned by delicately spicy and subtly leathery nuances. This incense is well-tempered and therefore significantly less cool than usual. The labdanum brings gentle, sweet and smoky facets to the composition by Mati\u00e8re Premi\u00e8re, which combine with the bitter and dark notes of roasted coffee. The benzoin resin provides fine, creamy accents, while the vanilla underlines the sweet moments of the cistus. A beautifully composed, elegant and very harmonious homage to incense that I absolutely love. Wearable for any occasion and a wonderful companion on cooler days. Chapeau!<\/p>\n\n<div class=\"wp-block-buttons is-content-justification-center is-layout-flex wp-container-core-buttons-is-layout-16018d1d wp-block-buttons-is-layout-flex\">\n<div class=\"wp-block-button has-custom-width wp-block-button__width-50\"><a class=\"wp-block-button__link has-white-color has-text-color has-background has-link-color wp-element-button\" href=\"https:\/\/www.ausliebezumduft.de\/matiere-premiere-encens-suave.html\" style=\"background-color:#bd691c\" target=\"_blank\" rel=\"noreferrer noopener\"><strong>Encens Suave<\/strong><\/a><\/div>\n<\/div>\n\n<div style=\"height:100px\" aria-hidden=\"true\" class=\"wp-block-spacer\"><\/div>\n\n<h2 class=\"wp-block-heading\">Parisian Musc &#8211; Musk or fig?<\/h2>\n\n<p>Urban, modern, woody are the keywords that Mati\u00e8re Premi\u00e8re associates with today&#8217;s third fragrance. I am generally a fan of musk, as long as it is well implemented. Although I don&#8217;t really have to worry about that with <a href=\"https:\/\/www.ausliebezumduft.de\/matiere-premiere-parisian-musc.html\" target=\"_blank\" rel=\"noreferrer noopener\">Parisian Musc<\/a>, because Aur\u00e9lien Guichard is an absolute creative expert at work.<\/p>\n\n<p>The fragrance notes &#8211; five in number, of course &#8211; also make me prick up my ears: <strong>Ambrette seed, ambrette, ambroxan, cedarwood<\/strong> and <strong>fig leaves<\/strong>. I like figs even better than musk, so the mention of fig leaves makes me feel extremely happy and confident. Let&#8217;s see how the leaves of the delicious fruit are used in the creation.<\/p>\n<div class=\"wp-block-image\">\n<figure class=\"aligncenter size-large\"><img decoding=\"async\" width=\"1080\" height=\"795\" src=\"https:\/\/www.alzd.de\/wp-content\/2024\/02\/parisianmusc-1080x795.jpeg\" alt=\"Mati&#xE8;re Premi&#xE8;re - Parisian Musc\" class=\"wp-image-114532\" title=\"Mati&#xE8;re Premi&#xE8;re - Parisian Musc\" srcset=\"https:\/\/www.alzd.de\/wp-content\/2024\/02\/parisianmusc-1080x795.jpeg 1080w, https:\/\/www.alzd.de\/wp-content\/2024\/02\/parisianmusc-720x530.jpeg 720w, https:\/\/www.alzd.de\/wp-content\/2024\/02\/parisianmusc-360x265.jpeg 360w, https:\/\/www.alzd.de\/wp-content\/2024\/02\/parisianmusc-768x565.jpeg 768w, https:\/\/www.alzd.de\/wp-content\/2024\/02\/parisianmusc-1536x1131.jpeg 1536w, https:\/\/www.alzd.de\/wp-content\/2024\/02\/parisianmusc.jpeg 1955w\" sizes=\"(max-width: 1080px) 100vw, 1080px\" \/><\/figure>\n<\/div>\n<p>What can I say? Parisian Musc is really great right from the start. It&#8217;s not a clumsy powdery scent, but a modern, bright, fresh and lucid mix of lush green fig leaves, clear ambrette nuances and clean cedarwood that smells of spring and summer and should be a delight for fig lovers. Cool, summery and radiantly bright, the eau de parfum is more of a fig fragrance for me than a musk fragrance, even if the ambrette brigade certainly picks up speed as it progresses. The ambroxan is restrained and has more of an underlining effect rather than being overly cotton wool, which I really like, as I often find the fragrance too much. But here, the interplay of the ingredients is perfect, incredibly harmonious and wonderfully composed. A fig without any sweetness, which I would describe as pure, clean and crisp and fresh, suitable for spring and summer and wearable for any occasion. A fragrance that is high up on my must-have fig scents list. \ud83d\udc9a<\/p>\n\n<div class=\"wp-block-buttons is-content-justification-center is-layout-flex wp-container-core-buttons-is-layout-16018d1d wp-block-buttons-is-layout-flex\">\n<div class=\"wp-block-button has-custom-width wp-block-button__width-50\"><a class=\"wp-block-button__link has-white-color has-text-color has-background has-link-color wp-element-button\" href=\"https:\/\/www.ausliebezumduft.de\/matiere-premiere-parisian-musc.html\" style=\"background-color:#6aa203\" target=\"_blank\" rel=\"noreferrer noopener\"><strong>Parisian Musc<\/strong><\/a><\/div>\n<\/div>\n\n<p><\/p>\n","protected":false},"excerpt":{"rendered":"<p>Today we have the three Eau de Parfum Radical Rose, Encens Suave and Parisian Musc by Mati\u00e8re Premi\u00e8re, after I presented the brand itself and the fragrances Cologne&#8230;<\/p>\n<div class=\"more-link-wrapper\"><a class=\"more-link\" href=\"https:\/\/www.alzd.de\/en\/2024\/02\/12\/radical-rose-encens-suave-and-parisian-musc-by-matiere-premiere\/\">WEITERLESEN<span class=\"screen-reader-text\">Radical Rose, Encens Suave and Parisian Musc by Mati\u00e8re Premi\u00e8re<\/span><\/a><\/div>\n","protected":false},"author":535,"featured_media":114535,"comment_status":"open","ping_status":"closed","sticky":false,"template":"","format":"standard","meta":{"footnotes":""},"categories":[1149,1151,1117,1157,1113,1114],"tags":[1968,1433,1595,1969,1581],"class_list":["post-114556","post","type-post","status-publish","format-standard","has-post-thumbnail","hentry","category-amber-resins","category-flowers","category-fragrances","category-green","category-spicy","category-woody","tag-aurelien-guichard-en","tag-fig","tag-incense","tag-matiere-premiere-en","tag-rose-en","excerpt","zoom","full-without-featured","even","excerpt-0"],"yoast_head":"<!-- This site is optimized with the Yoast SEO plugin v27.4 - https:\/\/yoast.com\/product\/yoast-seo-wordpress\/ -->\n<title>Radical Rose, Encens Suave &amp; Parisian Musc - Mati\u00e8re Premi\u00e8re<\/title>\n<meta name=\"description\" content=\"Today we have the three eau de parfum Radical Rose, Encens Suave and Parisian Musc by Mati\u00e8re Premi\u00e8re, after I ...\" \/>\n<meta name=\"robots\" content=\"index, follow, max-snippet:-1, max-image-preview:large, max-video-preview:-1\" \/>\n<link rel=\"canonical\" href=\"https:\/\/www.alzd.de\/en\/2024\/02\/12\/radical-rose-encens-suave-and-parisian-musc-by-matiere-premiere\/\" \/>\n<meta property=\"og:locale\" content=\"en_US\" \/>\n<meta property=\"og:type\" content=\"article\" \/>\n<meta property=\"og:title\" content=\"Radical Rose, Encens Suave &amp; Parisian Musc - Mati\u00e8re Premi\u00e8re\" \/>\n<meta property=\"og:url\" content=\"https:\/\/www.alzd.de\/en\/2024\/02\/12\/radical-rose-encens-suave-and-parisian-musc-by-matiere-premiere\/\" \/>\n<meta property=\"og:site_name\" content=\"Das Duft-Tagebuch\" \/>\n<meta property=\"article:publisher\" content=\"https:\/\/www.facebook.com\/dufttagebuch\/\" \/>\n<meta property=\"article:author\" content=\"https:\/\/www.facebook.com\/stephanie.tkaczik\" \/>\n<meta property=\"article:published_time\" content=\"2024-02-12T06:30:00+00:00\" \/>\n<meta property=\"article:modified_time\" content=\"2024-02-12T10:42:37+00:00\" \/>\n<meta property=\"og:image\" content=\"https:\/\/www.alzd.de\/wp-content\/2024\/02\/bbradicalrose.jpeg\" \/>\n\t<meta property=\"og:image:width\" content=\"720\" \/>\n\t<meta property=\"og:image:height\" content=\"400\" \/>\n\t<meta property=\"og:image:type\" content=\"image\/jpeg\" \/>\n<meta name=\"author\" content=\"Julia Bir\u00f3\" \/>\n<meta name=\"twitter:card\" content=\"summary_large_image\" \/>\n<meta name=\"twitter:creator\" content=\"@ausliebezumduft\" \/>\n<meta name=\"twitter:site\" content=\"@ausliebezumduft\" \/>\n<script type=\"application\/ld+json\" class=\"yoast-schema-graph\">{\"@context\":\"https:\\\/\\\/schema.org\",\"@graph\":[{\"@type\":\"Article\",\"@id\":\"https:\\\/\\\/www.alzd.de\\\/en\\\/2024\\\/02\\\/12\\\/radical-rose-encens-suave-and-parisian-musc-by-matiere-premiere\\\/#article\",\"isPartOf\":{\"@id\":\"https:\\\/\\\/www.alzd.de\\\/en\\\/2024\\\/02\\\/12\\\/radical-rose-encens-suave-and-parisian-musc-by-matiere-premiere\\\/\"},\"author\":{\"name\":\"Julia Bir\u00f3\",\"@id\":\"https:\\\/\\\/www.alzd.de\\\/en\\\/#\\\/schema\\\/person\\\/8efcd8f02447fdbe8f29ad465897d04e\"},\"headline\":\"Radical Rose, Encens Suave and Parisian Musc by Mati\u00e8re Premi\u00e8re\",\"datePublished\":\"2024-02-12T06:30:00+00:00\",\"dateModified\":\"2024-02-12T10:42:37+00:00\",\"mainEntityOfPage\":{\"@id\":\"https:\\\/\\\/www.alzd.de\\\/en\\\/2024\\\/02\\\/12\\\/radical-rose-encens-suave-and-parisian-musc-by-matiere-premiere\\\/\"},\"wordCount\":948,\"commentCount\":0,\"publisher\":{\"@id\":\"https:\\\/\\\/www.alzd.de\\\/en\\\/#organization\"},\"image\":{\"@id\":\"https:\\\/\\\/www.alzd.de\\\/en\\\/2024\\\/02\\\/12\\\/radical-rose-encens-suave-and-parisian-musc-by-matiere-premiere\\\/#primaryimage\"},\"thumbnailUrl\":\"https:\\\/\\\/www.alzd.de\\\/wp-content\\\/2024\\\/02\\\/bbradicalrose.jpeg\",\"keywords\":[\"Aur\u00e9lien Guichard\",\"Fig\",\"Incense\",\"Mati\u00e8re Premi\u00e8re\",\"Rose\"],\"articleSection\":[\"Amber &amp; Resins\",\"Flowers\",\"Fragrances\",\"Green\",\"Spicy\",\"Woody\"],\"inLanguage\":\"en-US\",\"potentialAction\":[{\"@type\":\"CommentAction\",\"name\":\"Comment\",\"target\":[\"https:\\\/\\\/www.alzd.de\\\/en\\\/2024\\\/02\\\/12\\\/radical-rose-encens-suave-and-parisian-musc-by-matiere-premiere\\\/#respond\"]}]},{\"@type\":\"WebPage\",\"@id\":\"https:\\\/\\\/www.alzd.de\\\/en\\\/2024\\\/02\\\/12\\\/radical-rose-encens-suave-and-parisian-musc-by-matiere-premiere\\\/\",\"url\":\"https:\\\/\\\/www.alzd.de\\\/en\\\/2024\\\/02\\\/12\\\/radical-rose-encens-suave-and-parisian-musc-by-matiere-premiere\\\/\",\"name\":\"Radical Rose, Encens Suave & Parisian Musc - Mati\u00e8re Premi\u00e8re\",\"isPartOf\":{\"@id\":\"https:\\\/\\\/www.alzd.de\\\/en\\\/#website\"},\"primaryImageOfPage\":{\"@id\":\"https:\\\/\\\/www.alzd.de\\\/en\\\/2024\\\/02\\\/12\\\/radical-rose-encens-suave-and-parisian-musc-by-matiere-premiere\\\/#primaryimage\"},\"image\":{\"@id\":\"https:\\\/\\\/www.alzd.de\\\/en\\\/2024\\\/02\\\/12\\\/radical-rose-encens-suave-and-parisian-musc-by-matiere-premiere\\\/#primaryimage\"},\"thumbnailUrl\":\"https:\\\/\\\/www.alzd.de\\\/wp-content\\\/2024\\\/02\\\/bbradicalrose.jpeg\",\"datePublished\":\"2024-02-12T06:30:00+00:00\",\"dateModified\":\"2024-02-12T10:42:37+00:00\",\"description\":\"Today we have the three eau de parfum Radical Rose, Encens Suave and Parisian Musc by Mati\u00e8re Premi\u00e8re, after I ...\",\"breadcrumb\":{\"@id\":\"https:\\\/\\\/www.alzd.de\\\/en\\\/2024\\\/02\\\/12\\\/radical-rose-encens-suave-and-parisian-musc-by-matiere-premiere\\\/#breadcrumb\"},\"inLanguage\":\"en-US\",\"potentialAction\":[{\"@type\":\"ReadAction\",\"target\":[\"https:\\\/\\\/www.alzd.de\\\/en\\\/2024\\\/02\\\/12\\\/radical-rose-encens-suave-and-parisian-musc-by-matiere-premiere\\\/\"]}]},{\"@type\":\"ImageObject\",\"inLanguage\":\"en-US\",\"@id\":\"https:\\\/\\\/www.alzd.de\\\/en\\\/2024\\\/02\\\/12\\\/radical-rose-encens-suave-and-parisian-musc-by-matiere-premiere\\\/#primaryimage\",\"url\":\"https:\\\/\\\/www.alzd.de\\\/wp-content\\\/2024\\\/02\\\/bbradicalrose.jpeg\",\"contentUrl\":\"https:\\\/\\\/www.alzd.de\\\/wp-content\\\/2024\\\/02\\\/bbradicalrose.jpeg\",\"width\":720,\"height\":400},{\"@type\":\"BreadcrumbList\",\"@id\":\"https:\\\/\\\/www.alzd.de\\\/en\\\/2024\\\/02\\\/12\\\/radical-rose-encens-suave-and-parisian-musc-by-matiere-premiere\\\/#breadcrumb\",\"itemListElement\":[{\"@type\":\"ListItem\",\"position\":1,\"name\":\"Startseite\",\"item\":\"https:\\\/\\\/www.alzd.de\\\/en\\\/\"},{\"@type\":\"ListItem\",\"position\":2,\"name\":\"Radical Rose, Encens Suave and Parisian Musc by Mati\u00e8re Premi\u00e8re\"}]},{\"@type\":\"WebSite\",\"@id\":\"https:\\\/\\\/www.alzd.de\\\/en\\\/#website\",\"url\":\"https:\\\/\\\/www.alzd.de\\\/en\\\/\",\"name\":\"Das Duft-Tagebuch\",\"description\":\"Das Parfumblog von Aus Liebe zum Duft\",\"publisher\":{\"@id\":\"https:\\\/\\\/www.alzd.de\\\/en\\\/#organization\"},\"potentialAction\":[{\"@type\":\"SearchAction\",\"target\":{\"@type\":\"EntryPoint\",\"urlTemplate\":\"https:\\\/\\\/www.alzd.de\\\/en\\\/?s={search_term_string}\"},\"query-input\":{\"@type\":\"PropertyValueSpecification\",\"valueRequired\":true,\"valueName\":\"search_term_string\"}}],\"inLanguage\":\"en-US\"},{\"@type\":\"Organization\",\"@id\":\"https:\\\/\\\/www.alzd.de\\\/en\\\/#organization\",\"name\":\"Das Duft-Tagebuch\",\"url\":\"https:\\\/\\\/www.alzd.de\\\/en\\\/\",\"logo\":{\"@type\":\"ImageObject\",\"inLanguage\":\"en-US\",\"@id\":\"https:\\\/\\\/www.alzd.de\\\/en\\\/#\\\/schema\\\/logo\\\/image\\\/\",\"url\":\"https:\\\/\\\/www.alzd.de\\\/wp-content\\\/2023\\\/08\\\/alzd_dufttagebuch.png\",\"contentUrl\":\"https:\\\/\\\/www.alzd.de\\\/wp-content\\\/2023\\\/08\\\/alzd_dufttagebuch.png\",\"width\":1804,\"height\":416,\"caption\":\"Das Duft-Tagebuch\"},\"image\":{\"@id\":\"https:\\\/\\\/www.alzd.de\\\/en\\\/#\\\/schema\\\/logo\\\/image\\\/\"},\"sameAs\":[\"https:\\\/\\\/www.facebook.com\\\/dufttagebuch\\\/\",\"https:\\\/\\\/x.com\\\/ausliebezumduft\",\"https:\\\/\\\/www.instagram.com\\\/ausliebezumduft.de\\\/\",\"https:\\\/\\\/www.youtube.com\\\/c\\\/ausliebezumduft\"]},{\"@type\":\"Person\",\"@id\":\"https:\\\/\\\/www.alzd.de\\\/en\\\/#\\\/schema\\\/person\\\/8efcd8f02447fdbe8f29ad465897d04e\",\"name\":\"Julia Bir\u00f3\",\"image\":{\"@type\":\"ImageObject\",\"inLanguage\":\"en-US\",\"@id\":\"https:\\\/\\\/www.alzd.de\\\/wp-content\\\/2018\\\/02\\\/cropped-cropped-mitarbeiterbilder_steffi--96x96.jpg\",\"url\":\"https:\\\/\\\/www.alzd.de\\\/wp-content\\\/2018\\\/02\\\/cropped-cropped-mitarbeiterbilder_steffi--96x96.jpg\",\"contentUrl\":\"https:\\\/\\\/www.alzd.de\\\/wp-content\\\/2018\\\/02\\\/cropped-cropped-mitarbeiterbilder_steffi--96x96.jpg\",\"caption\":\"Julia Bir\u00f3\"},\"description\":\"Bereits 2010 gingen so einige Blogbeitr\u00e4ge auf mein Konto. Dann war ich \u201ekurz\u201c weg \u2013 sechs Jahre. Umso mehr freut es mich, dass ich nun wieder die Chance bekomme, mein N\u00e4schen im Dienste der Duftrezension schnuppern zu lassen und eifrig in die Tasten zu hauen. Was Nischend\u00fcfte angeht, habe ich damals \u00fcbrigens schnell Feuer gefangen. Meine Ausbildung tat dazu ihr \u00dcbriges: Als diplomierte Biologin kenne ich mich nicht nur mit Fauna und Flora, sondern auch recht gut mit der Herstellung von \u00d6len und Extrakten aus, was den Reiz der Parfumwelt nat\u00fcrlich noch gr\u00f6\u00dfer macht.\",\"sameAs\":[\"https:\\\/\\\/biro.is\\\/\",\"https:\\\/\\\/www.facebook.com\\\/stephanie.tkaczik\"],\"url\":\"https:\\\/\\\/www.alzd.de\\\/en\\\/author\\\/stephanie\\\/\"}]}<\/script>\n<!-- \/ Yoast SEO plugin. -->","yoast_head_json":{"title":"Radical Rose, Encens Suave & Parisian Musc - Mati\u00e8re Premi\u00e8re","description":"Today we have the three eau de parfum Radical Rose, Encens Suave and Parisian Musc by Mati\u00e8re Premi\u00e8re, after I ...","robots":{"index":"index","follow":"follow","max-snippet":"max-snippet:-1","max-image-preview":"max-image-preview:large","max-video-preview":"max-video-preview:-1"},"canonical":"https:\/\/www.alzd.de\/en\/2024\/02\/12\/radical-rose-encens-suave-and-parisian-musc-by-matiere-premiere\/","og_locale":"en_US","og_type":"article","og_title":"Radical Rose, Encens Suave & Parisian Musc - Mati\u00e8re Premi\u00e8re","og_url":"https:\/\/www.alzd.de\/en\/2024\/02\/12\/radical-rose-encens-suave-and-parisian-musc-by-matiere-premiere\/","og_site_name":"Das Duft-Tagebuch","article_publisher":"https:\/\/www.facebook.com\/dufttagebuch\/","article_author":"https:\/\/www.facebook.com\/stephanie.tkaczik","article_published_time":"2024-02-12T06:30:00+00:00","article_modified_time":"2024-02-12T10:42:37+00:00","og_image":[{"width":720,"height":400,"url":"https:\/\/www.alzd.de\/wp-content\/2024\/02\/bbradicalrose.jpeg","type":"image\/jpeg"}],"author":"Julia Bir\u00f3","twitter_card":"summary_large_image","twitter_creator":"@ausliebezumduft","twitter_site":"@ausliebezumduft","schema":{"@context":"https:\/\/schema.org","@graph":[{"@type":"Article","@id":"https:\/\/www.alzd.de\/en\/2024\/02\/12\/radical-rose-encens-suave-and-parisian-musc-by-matiere-premiere\/#article","isPartOf":{"@id":"https:\/\/www.alzd.de\/en\/2024\/02\/12\/radical-rose-encens-suave-and-parisian-musc-by-matiere-premiere\/"},"author":{"name":"Julia Bir\u00f3","@id":"https:\/\/www.alzd.de\/en\/#\/schema\/person\/8efcd8f02447fdbe8f29ad465897d04e"},"headline":"Radical Rose, Encens Suave and Parisian Musc by Mati\u00e8re Premi\u00e8re","datePublished":"2024-02-12T06:30:00+00:00","dateModified":"2024-02-12T10:42:37+00:00","mainEntityOfPage":{"@id":"https:\/\/www.alzd.de\/en\/2024\/02\/12\/radical-rose-encens-suave-and-parisian-musc-by-matiere-premiere\/"},"wordCount":948,"commentCount":0,"publisher":{"@id":"https:\/\/www.alzd.de\/en\/#organization"},"image":{"@id":"https:\/\/www.alzd.de\/en\/2024\/02\/12\/radical-rose-encens-suave-and-parisian-musc-by-matiere-premiere\/#primaryimage"},"thumbnailUrl":"https:\/\/www.alzd.de\/wp-content\/2024\/02\/bbradicalrose.jpeg","keywords":["Aur\u00e9lien Guichard","Fig","Incense","Mati\u00e8re Premi\u00e8re","Rose"],"articleSection":["Amber &amp; Resins","Flowers","Fragrances","Green","Spicy","Woody"],"inLanguage":"en-US","potentialAction":[{"@type":"CommentAction","name":"Comment","target":["https:\/\/www.alzd.de\/en\/2024\/02\/12\/radical-rose-encens-suave-and-parisian-musc-by-matiere-premiere\/#respond"]}]},{"@type":"WebPage","@id":"https:\/\/www.alzd.de\/en\/2024\/02\/12\/radical-rose-encens-suave-and-parisian-musc-by-matiere-premiere\/","url":"https:\/\/www.alzd.de\/en\/2024\/02\/12\/radical-rose-encens-suave-and-parisian-musc-by-matiere-premiere\/","name":"Radical Rose, Encens Suave & Parisian Musc - Mati\u00e8re Premi\u00e8re","isPartOf":{"@id":"https:\/\/www.alzd.de\/en\/#website"},"primaryImageOfPage":{"@id":"https:\/\/www.alzd.de\/en\/2024\/02\/12\/radical-rose-encens-suave-and-parisian-musc-by-matiere-premiere\/#primaryimage"},"image":{"@id":"https:\/\/www.alzd.de\/en\/2024\/02\/12\/radical-rose-encens-suave-and-parisian-musc-by-matiere-premiere\/#primaryimage"},"thumbnailUrl":"https:\/\/www.alzd.de\/wp-content\/2024\/02\/bbradicalrose.jpeg","datePublished":"2024-02-12T06:30:00+00:00","dateModified":"2024-02-12T10:42:37+00:00","description":"Today we have the three eau de parfum Radical Rose, Encens Suave and Parisian Musc by Mati\u00e8re Premi\u00e8re, after I ...","breadcrumb":{"@id":"https:\/\/www.alzd.de\/en\/2024\/02\/12\/radical-rose-encens-suave-and-parisian-musc-by-matiere-premiere\/#breadcrumb"},"inLanguage":"en-US","potentialAction":[{"@type":"ReadAction","target":["https:\/\/www.alzd.de\/en\/2024\/02\/12\/radical-rose-encens-suave-and-parisian-musc-by-matiere-premiere\/"]}]},{"@type":"ImageObject","inLanguage":"en-US","@id":"https:\/\/www.alzd.de\/en\/2024\/02\/12\/radical-rose-encens-suave-and-parisian-musc-by-matiere-premiere\/#primaryimage","url":"https:\/\/www.alzd.de\/wp-content\/2024\/02\/bbradicalrose.jpeg","contentUrl":"https:\/\/www.alzd.de\/wp-content\/2024\/02\/bbradicalrose.jpeg","width":720,"height":400},{"@type":"BreadcrumbList","@id":"https:\/\/www.alzd.de\/en\/2024\/02\/12\/radical-rose-encens-suave-and-parisian-musc-by-matiere-premiere\/#breadcrumb","itemListElement":[{"@type":"ListItem","position":1,"name":"Startseite","item":"https:\/\/www.alzd.de\/en\/"},{"@type":"ListItem","position":2,"name":"Radical Rose, Encens Suave and Parisian Musc by Mati\u00e8re Premi\u00e8re"}]},{"@type":"WebSite","@id":"https:\/\/www.alzd.de\/en\/#website","url":"https:\/\/www.alzd.de\/en\/","name":"Das Duft-Tagebuch","description":"Das Parfumblog von Aus Liebe zum Duft","publisher":{"@id":"https:\/\/www.alzd.de\/en\/#organization"},"potentialAction":[{"@type":"SearchAction","target":{"@type":"EntryPoint","urlTemplate":"https:\/\/www.alzd.de\/en\/?s={search_term_string}"},"query-input":{"@type":"PropertyValueSpecification","valueRequired":true,"valueName":"search_term_string"}}],"inLanguage":"en-US"},{"@type":"Organization","@id":"https:\/\/www.alzd.de\/en\/#organization","name":"Das Duft-Tagebuch","url":"https:\/\/www.alzd.de\/en\/","logo":{"@type":"ImageObject","inLanguage":"en-US","@id":"https:\/\/www.alzd.de\/en\/#\/schema\/logo\/image\/","url":"https:\/\/www.alzd.de\/wp-content\/2023\/08\/alzd_dufttagebuch.png","contentUrl":"https:\/\/www.alzd.de\/wp-content\/2023\/08\/alzd_dufttagebuch.png","width":1804,"height":416,"caption":"Das Duft-Tagebuch"},"image":{"@id":"https:\/\/www.alzd.de\/en\/#\/schema\/logo\/image\/"},"sameAs":["https:\/\/www.facebook.com\/dufttagebuch\/","https:\/\/x.com\/ausliebezumduft","https:\/\/www.instagram.com\/ausliebezumduft.de\/","https:\/\/www.youtube.com\/c\/ausliebezumduft"]},{"@type":"Person","@id":"https:\/\/www.alzd.de\/en\/#\/schema\/person\/8efcd8f02447fdbe8f29ad465897d04e","name":"Julia Bir\u00f3","image":{"@type":"ImageObject","inLanguage":"en-US","@id":"https:\/\/www.alzd.de\/wp-content\/2018\/02\/cropped-cropped-mitarbeiterbilder_steffi--96x96.jpg","url":"https:\/\/www.alzd.de\/wp-content\/2018\/02\/cropped-cropped-mitarbeiterbilder_steffi--96x96.jpg","contentUrl":"https:\/\/www.alzd.de\/wp-content\/2018\/02\/cropped-cropped-mitarbeiterbilder_steffi--96x96.jpg","caption":"Julia Bir\u00f3"},"description":"Bereits 2010 gingen so einige Blogbeitr\u00e4ge auf mein Konto. Dann war ich \u201ekurz\u201c weg \u2013 sechs Jahre. Umso mehr freut es mich, dass ich nun wieder die Chance bekomme, mein N\u00e4schen im Dienste der Duftrezension schnuppern zu lassen und eifrig in die Tasten zu hauen. Was Nischend\u00fcfte angeht, habe ich damals \u00fcbrigens schnell Feuer gefangen. Meine Ausbildung tat dazu ihr \u00dcbriges: Als diplomierte Biologin kenne ich mich nicht nur mit Fauna und Flora, sondern auch recht gut mit der Herstellung von \u00d6len und Extrakten aus, was den Reiz der Parfumwelt nat\u00fcrlich noch gr\u00f6\u00dfer macht.","sameAs":["https:\/\/biro.is\/","https:\/\/www.facebook.com\/stephanie.tkaczik"],"url":"https:\/\/www.alzd.de\/en\/author\/stephanie\/"}]}},"wp-worthy-pixel":{"ignored":false,"public":null,"server":null,"url":null},"wp-worthy-type":"normal","_links":{"self":[{"href":"https:\/\/www.alzd.de\/en\/wp-json\/wp\/v2\/posts\/114556","targetHints":{"allow":["GET"]}}],"collection":[{"href":"https:\/\/www.alzd.de\/en\/wp-json\/wp\/v2\/posts"}],"about":[{"href":"https:\/\/www.alzd.de\/en\/wp-json\/wp\/v2\/types\/post"}],"author":[{"embeddable":true,"href":"https:\/\/www.alzd.de\/en\/wp-json\/wp\/v2\/users\/535"}],"replies":[{"embeddable":true,"href":"https:\/\/www.alzd.de\/en\/wp-json\/wp\/v2\/comments?post=114556"}],"version-history":[{"count":1,"href":"https:\/\/www.alzd.de\/en\/wp-json\/wp\/v2\/posts\/114556\/revisions"}],"predecessor-version":[{"id":114558,"href":"https:\/\/www.alzd.de\/en\/wp-json\/wp\/v2\/posts\/114556\/revisions\/114558"}],"wp:featuredmedia":[{"embeddable":true,"href":"https:\/\/www.alzd.de\/en\/wp-json\/wp\/v2\/media\/114535"}],"wp:attachment":[{"href":"https:\/\/www.alzd.de\/en\/wp-json\/wp\/v2\/media?parent=114556"}],"wp:term":[{"taxonomy":"category","embeddable":true,"href":"https:\/\/www.alzd.de\/en\/wp-json\/wp\/v2\/categories?post=114556"},{"taxonomy":"post_tag","embeddable":true,"href":"https:\/\/www.alzd.de\/en\/wp-json\/wp\/v2\/tags?post=114556"}],"curies":[{"name":"wp","href":"https:\/\/api.w.org\/{rel}","templated":true}]}}