{"id":114304,"date":"2024-01-29T07:30:00","date_gmt":"2024-01-29T06:30:00","guid":{"rendered":"https:\/\/www.alzd.de\/?p=114304"},"modified":"2024-01-27T12:19:39","modified_gmt":"2024-01-27T11:19:39","slug":"sol-salgado-and-fuego-futuro-by-thomas-de-monaco-sun-and-fire","status":"publish","type":"post","link":"https:\/\/www.alzd.de\/en\/2024\/01\/29\/sol-salgado-and-fuego-futuro-by-thomas-de-monaco-sun-and-fire\/","title":{"rendered":"Sol Salgado and Fuego Futuro by Thomas de Monaco &#8211; Sun and fire"},"content":{"rendered":"\n<p>The fragrances from <a href=\"https:\/\/www.ausliebezumduft.de\/fragrances\/thomas-de-monaco.html\" target=\"_blank\" rel=\"noreferrer noopener\">Thomas de Monaco<\/a> are always a little highlight for me. The original Raw Gold enchanted me back in 2021. In the meantime, the fragrance has been reformulated, and I will soon have to devote myself to the new version of the olfactory raw gold. In my article <a href=\"https:\/\/www.alzd.de\/en\/2023\/07\/31\/grand-beau-and-eau-coeur-by-thomas-de-monaco-limited-edition-fragrance-art\/\" target=\"_blank\" rel=\"noreferrer noopener\">Grand Beau and Eau Coeur by Thomas de Monaco &#8211; fragrance art in a limited edition<\/a>, I introduced you to two more creations by the Swiss artist just last summer, which once again blew me away &#8211; in a positive sense, of course. Today, the latest creations <a href=\"https:\/\/www.ausliebezumduft.de\/thomas-de-monaco-sol-salgado.html\" target=\"_blank\" rel=\"noreferrer noopener\">Sol Salgado<\/a> and <a href=\"https:\/\/www.ausliebezumduft.de\/thomas-de-monaco-fuego-futuro.html\" target=\"_blank\" rel=\"noreferrer noopener\">Fuego Futuro<\/a> follow, which I am particularly looking forward to for the reasons mentioned above.<\/p>\n<div class=\"wp-block-image\">\n<figure class=\"aligncenter size-large\"><img decoding=\"async\" width=\"1080\" height=\"811\" src=\"https:\/\/www.alzd.de\/wp-content\/2024\/01\/TDM-EU-2-Cover-Landscape-1080x811.jpg\" alt=\"Thomas de Monaco - Raw Gold, Sol Salgado and Fuego Futuro\" class=\"wp-image-114234\" title=\"Thomas de Monaco - Raw Gold, Sol Salgado and Fuego Futuro\" srcset=\"https:\/\/www.alzd.de\/wp-content\/2024\/01\/TDM-EU-2-Cover-Landscape-1080x811.jpg 1080w, https:\/\/www.alzd.de\/wp-content\/2024\/01\/TDM-EU-2-Cover-Landscape-720x541.jpg 720w, https:\/\/www.alzd.de\/wp-content\/2024\/01\/TDM-EU-2-Cover-Landscape-360x270.jpg 360w, https:\/\/www.alzd.de\/wp-content\/2024\/01\/TDM-EU-2-Cover-Landscape-768x577.jpg 768w, https:\/\/www.alzd.de\/wp-content\/2024\/01\/TDM-EU-2-Cover-Landscape-1536x1154.jpg 1536w, https:\/\/www.alzd.de\/wp-content\/2024\/01\/TDM-EU-2-Cover-Landscape-2048x1539.jpg 2048w\" sizes=\"(max-width: 1080px) 100vw, 1080px\" \/><\/figure>\n<\/div>\n<h2 class=\"wp-block-heading\">Sol Salgado &#8211; Salty sun<\/h2>\n\n<p>What may seem somewhat irritating at first glance makes perfect sense when you have a closer look at the fragrance notes and the press release. Sol Salgado, which means <em>salty sun<\/em>, is dedicated to summer and was probably inspired by Portugal, as the name comes from the Portuguese. The special summer atmosphere on the beach may have inspired Thomas de Monaco to create the fragrance.<\/p>\n\n<blockquote class=\"wp-block-quote is-layout-flow wp-block-quote-is-layout-flow\">\n<p>The salt on sun-kissed skin, captured just before the heat takes its shimmering farewell in the golden hour, pure seduction of an endless summer.<\/p>\n<\/blockquote>\n\n<p>The fragrance notes immediately make me sit up and take notice, because they include a particular favourite of mine: <strong>lime blossom, mimosa, cotton blossom, salty notes, heliotrope, amber, sandalwood, musk, smoky notes<\/strong> and <strong>vanilla<\/strong>. Anyone who has been reading here for a while knows that I absolutely love the blossoms of the lime tree, both in the wild and in perfumes.<\/p>\n<div class=\"wp-block-image\">\n<figure class=\"aligncenter size-large\"><img decoding=\"async\" width=\"811\" height=\"1080\" src=\"https:\/\/www.alzd.de\/wp-content\/2024\/01\/TDM-SS-Pack-Reflex-811x1080.jpg\" alt=\"Thomas de Monaco - Sol Salgado\" class=\"wp-image-114239\" title=\"Thomas de Monaco - Sol Salgado\" srcset=\"https:\/\/www.alzd.de\/wp-content\/2024\/01\/TDM-SS-Pack-Reflex-811x1080.jpg 811w, https:\/\/www.alzd.de\/wp-content\/2024\/01\/TDM-SS-Pack-Reflex-541x720.jpg 541w, https:\/\/www.alzd.de\/wp-content\/2024\/01\/TDM-SS-Pack-Reflex-270x360.jpg 270w, https:\/\/www.alzd.de\/wp-content\/2024\/01\/TDM-SS-Pack-Reflex-768x1022.jpg 768w, https:\/\/www.alzd.de\/wp-content\/2024\/01\/TDM-SS-Pack-Reflex-1154x1536.jpg 1154w, https:\/\/www.alzd.de\/wp-content\/2024\/01\/TDM-SS-Pack-Reflex-1539x2048.jpg 1539w, https:\/\/www.alzd.de\/wp-content\/2024\/01\/TDM-SS-Pack-Reflex-scaled.jpg 1923w\" sizes=\"(max-width: 811px) 100vw, 811px\" \/><\/figure>\n<\/div>\n<p>Oh, what can I say? The very first sniff makes me happy. The lime blossoms in Sol Salgado are honey-sweet and at the same time dry and airy, with a sunny yellow colour supported by fine, powdery mimosa pompoms. The fragrance is bright, floral and not overly sweet, with solar-ozonic nuances. The cotton blossom probably plays a role here, with its linen-like, clean and fresh notes that are underpinned by a subtle saltiness. Transparent, lucid and light, the extrait de parfum also has a good presence and excellent longevity. Velvety-warm sandalwood, smoky-creamy vanilla and sandy-mineral musk reinforce the sun-summer-beach association and give the creation a wonderful and cosy base. Perfect for fans of lime blossom, soft floral fragrances with sunshine and holiday vibes, and for anyone looking for an exceptionally beautiful perfume for the warmer season ahead. \ud83c\udf1e<\/p>\n\n<div class=\"wp-block-buttons is-content-justification-center is-layout-flex wp-container-core-buttons-is-layout-16018d1d wp-block-buttons-is-layout-flex\">\n<div class=\"wp-block-button has-custom-width wp-block-button__width-50\"><a class=\"wp-block-button__link has-white-color has-text-color has-background has-link-color wp-element-button\" href=\"https:\/\/www.ausliebezumduft.de\/thomas-de-monaco-sol-salgado.html\" style=\"background-color:#cc9e53\" target=\"_blank\" rel=\"noreferrer noopener\"><strong>Sol Salgado<\/strong><\/a><\/div>\n<\/div>\n\n<div style=\"height:100px\" aria-hidden=\"true\" class=\"wp-block-spacer\"><\/div>\n\n<h2 class=\"wp-block-heading\">Fuego Futuro &#8211; Fire of the future<\/h2>\n\n<p>Fuego Futuro also refers by name to the Iberian Peninsula, as the name could be of Portuguese or Spanish origin. Fire of the future or future fire indicates a composition with smoky components. The press release confirms this assumption. <\/p>\n\n<blockquote class=\"wp-block-quote is-layout-flow wp-block-quote-is-layout-flow\">\n<p>A meditative journey inspired by the infinite wilderness and shamanic rituals that combine the powerful elements of earth and fire &#8211; the scent of a nomad.<\/p>\n<\/blockquote>\n\n<p><strong>Szechuan pepper, mate, elemi resin, smoky notes, sage, hay, incense, sandalwood, cedarwood<\/strong> and <strong>woods<\/strong> are the ingredients of this extrait de parfum that make me incredibly curious. This could indeed be wild, adventurous and original. I am curious!<\/p>\n\n<figure class=\"wp-block-image size-large\"><img decoding=\"async\" width=\"811\" height=\"1080\" src=\"https:\/\/www.alzd.de\/wp-content\/2024\/01\/TDM-FF-Pack-Reflex-811x1080.jpg\" alt=\"Thomas de Monaco - Fuego Futuro\" class=\"wp-image-114248\" title=\"Thomas de Monaco - Fuego Futuro\" srcset=\"https:\/\/www.alzd.de\/wp-content\/2024\/01\/TDM-FF-Pack-Reflex-811x1080.jpg 811w, https:\/\/www.alzd.de\/wp-content\/2024\/01\/TDM-FF-Pack-Reflex-541x720.jpg 541w, https:\/\/www.alzd.de\/wp-content\/2024\/01\/TDM-FF-Pack-Reflex-270x360.jpg 270w, https:\/\/www.alzd.de\/wp-content\/2024\/01\/TDM-FF-Pack-Reflex-768x1022.jpg 768w, https:\/\/www.alzd.de\/wp-content\/2024\/01\/TDM-FF-Pack-Reflex-1154x1536.jpg 1154w, https:\/\/www.alzd.de\/wp-content\/2024\/01\/TDM-FF-Pack-Reflex-1539x2048.jpg 1539w, https:\/\/www.alzd.de\/wp-content\/2024\/01\/TDM-FF-Pack-Reflex-scaled.jpg 1923w\" sizes=\"(max-width: 811px) 100vw, 811px\" \/><\/figure>\n\n<p>Wow, this one is exciting. And unconventional. And great! Green herbal notes that make me think of sage, celery, mint and parsley open Fuego Futuro, soon accompanied by wonderful mate tea and a subtle smokiness. The extrait de parfum is sparkling, fresh and infused with flowing accents, only to reveal itself the next moment with a gentle coolness of incense and atmospheric woody notes. Perfumer Maurus Bachmann&#8217;s creation radiates an incredible calm and serenity, is meditative, expressive and very present, impresses with good longevity and can also be used universally. Whether spring, summer, autumn or winter, whether in the office, everyday life, for going out or for sport, Fuego Futuro is always the right choice. An absolute recommendation! \ud83d\udc9a<\/p>\n\n<div class=\"wp-block-buttons is-content-justification-center is-layout-flex wp-container-core-buttons-is-layout-16018d1d wp-block-buttons-is-layout-flex\">\n<div class=\"wp-block-button has-custom-width wp-block-button__width-50\"><a class=\"wp-block-button__link has-white-color has-text-color has-background has-link-color wp-element-button\" href=\"https:\/\/www.ausliebezumduft.de\/thomas-de-monaco-fuego-futuro.html\" style=\"background-color:#a56f2d\" target=\"_blank\" rel=\"noreferrer noopener\"><strong>Fuego Futuro<\/strong><\/a><\/div>\n<\/div>\n","protected":false},"excerpt":{"rendered":"<p>The fragrances from Thomas de Monaco are always a little highlight for me. The original Raw Gold enchanted me back in 2021. In the meantime, the fragrance has&#8230;<\/p>\n<div class=\"more-link-wrapper\"><a class=\"more-link\" href=\"https:\/\/www.alzd.de\/en\/2024\/01\/29\/sol-salgado-and-fuego-futuro-by-thomas-de-monaco-sun-and-fire\/\">WEITERLESEN<span class=\"screen-reader-text\">Sol Salgado and Fuego Futuro by Thomas de Monaco &#8211; Sun and fire<\/span><\/a><\/div>\n","protected":false},"author":535,"featured_media":114255,"comment_status":"open","ping_status":"closed","sticky":false,"template":"","format":"standard","meta":{"footnotes":""},"categories":[1161,1151,1117,1157,1159,1116,1114],"tags":[1834,1883,1882],"class_list":["post-114304","post","type-post","status-publish","format-standard","has-post-thumbnail","hentry","category-clean-powdery","category-flowers","category-fragrances","category-green","category-herbal","category-tobacco-smoky","category-woody","tag-lime-blossoms","tag-maurus-bachmann-en","tag-thomas-de-monaco-en","excerpt","zoom","full-without-featured","even","excerpt-0"],"yoast_head":"<!-- This site is optimized with the Yoast SEO plugin v27.5 - https:\/\/yoast.com\/product\/yoast-seo-wordpress\/ -->\n<title>Sol Salgado and Fuego Futuro by Thomas de Monaco<\/title>\n<meta name=\"description\" content=\"Today, the latest creations Sol Salgado and Fuego Futuro follow, which I am particularly looking forward to for the reasons mentioned above.\" \/>\n<meta name=\"robots\" content=\"index, follow, max-snippet:-1, max-image-preview:large, max-video-preview:-1\" \/>\n<link rel=\"canonical\" href=\"https:\/\/www.alzd.de\/en\/2024\/01\/29\/sol-salgado-and-fuego-futuro-by-thomas-de-monaco-sun-and-fire\/\" \/>\n<meta property=\"og:locale\" content=\"en_US\" \/>\n<meta property=\"og:type\" content=\"article\" \/>\n<meta property=\"og:title\" content=\"Sol Salgado and Fuego Futuro by Thomas de Monaco\" \/>\n<meta property=\"og:url\" content=\"https:\/\/www.alzd.de\/en\/2024\/01\/29\/sol-salgado-and-fuego-futuro-by-thomas-de-monaco-sun-and-fire\/\" \/>\n<meta property=\"og:site_name\" content=\"Das Duft-Tagebuch\" \/>\n<meta property=\"article:publisher\" content=\"https:\/\/www.facebook.com\/dufttagebuch\/\" \/>\n<meta property=\"article:author\" content=\"https:\/\/www.facebook.com\/stephanie.tkaczik\" \/>\n<meta property=\"article:published_time\" content=\"2024-01-29T06:30:00+00:00\" \/>\n<meta property=\"og:image\" content=\"https:\/\/www.alzd.de\/wp-content\/2024\/01\/bbTDM-SS-Cover-Portrait.jpg\" \/>\n\t<meta property=\"og:image:width\" content=\"720\" \/>\n\t<meta property=\"og:image:height\" content=\"400\" \/>\n\t<meta property=\"og:image:type\" content=\"image\/jpeg\" \/>\n<meta name=\"author\" content=\"Julia Bir\u00f3\" \/>\n<meta name=\"twitter:card\" content=\"summary_large_image\" \/>\n<meta name=\"twitter:creator\" content=\"@ausliebezumduft\" \/>\n<meta name=\"twitter:site\" content=\"@ausliebezumduft\" \/>\n<script type=\"application\/ld+json\" class=\"yoast-schema-graph\">{\"@context\":\"https:\\\/\\\/schema.org\",\"@graph\":[{\"@type\":\"Article\",\"@id\":\"https:\\\/\\\/www.alzd.de\\\/en\\\/2024\\\/01\\\/29\\\/sol-salgado-and-fuego-futuro-by-thomas-de-monaco-sun-and-fire\\\/#article\",\"isPartOf\":{\"@id\":\"https:\\\/\\\/www.alzd.de\\\/en\\\/2024\\\/01\\\/29\\\/sol-salgado-and-fuego-futuro-by-thomas-de-monaco-sun-and-fire\\\/\"},\"author\":{\"name\":\"Julia Bir\u00f3\",\"@id\":\"https:\\\/\\\/www.alzd.de\\\/en\\\/#\\\/schema\\\/person\\\/8efcd8f02447fdbe8f29ad465897d04e\"},\"headline\":\"Sol Salgado and Fuego Futuro by Thomas de Monaco &#8211; Sun and fire\",\"datePublished\":\"2024-01-29T06:30:00+00:00\",\"mainEntityOfPage\":{\"@id\":\"https:\\\/\\\/www.alzd.de\\\/en\\\/2024\\\/01\\\/29\\\/sol-salgado-and-fuego-futuro-by-thomas-de-monaco-sun-and-fire\\\/\"},\"wordCount\":652,\"commentCount\":0,\"publisher\":{\"@id\":\"https:\\\/\\\/www.alzd.de\\\/en\\\/#organization\"},\"image\":{\"@id\":\"https:\\\/\\\/www.alzd.de\\\/en\\\/2024\\\/01\\\/29\\\/sol-salgado-and-fuego-futuro-by-thomas-de-monaco-sun-and-fire\\\/#primaryimage\"},\"thumbnailUrl\":\"https:\\\/\\\/www.alzd.de\\\/wp-content\\\/2024\\\/01\\\/bbTDM-SS-Cover-Portrait.jpg\",\"keywords\":[\"Lime blossoms\",\"Maurus Bachmann\",\"Thomas de Monaco\"],\"articleSection\":[\"Clean &amp; Powdery\",\"Flowers\",\"Fragrances\",\"Green\",\"Herbal\",\"Tobacco &amp; Smoky\",\"Woody\"],\"inLanguage\":\"en-US\",\"potentialAction\":[{\"@type\":\"CommentAction\",\"name\":\"Comment\",\"target\":[\"https:\\\/\\\/www.alzd.de\\\/en\\\/2024\\\/01\\\/29\\\/sol-salgado-and-fuego-futuro-by-thomas-de-monaco-sun-and-fire\\\/#respond\"]}]},{\"@type\":\"WebPage\",\"@id\":\"https:\\\/\\\/www.alzd.de\\\/en\\\/2024\\\/01\\\/29\\\/sol-salgado-and-fuego-futuro-by-thomas-de-monaco-sun-and-fire\\\/\",\"url\":\"https:\\\/\\\/www.alzd.de\\\/en\\\/2024\\\/01\\\/29\\\/sol-salgado-and-fuego-futuro-by-thomas-de-monaco-sun-and-fire\\\/\",\"name\":\"Sol Salgado and Fuego Futuro by Thomas de Monaco\",\"isPartOf\":{\"@id\":\"https:\\\/\\\/www.alzd.de\\\/en\\\/#website\"},\"primaryImageOfPage\":{\"@id\":\"https:\\\/\\\/www.alzd.de\\\/en\\\/2024\\\/01\\\/29\\\/sol-salgado-and-fuego-futuro-by-thomas-de-monaco-sun-and-fire\\\/#primaryimage\"},\"image\":{\"@id\":\"https:\\\/\\\/www.alzd.de\\\/en\\\/2024\\\/01\\\/29\\\/sol-salgado-and-fuego-futuro-by-thomas-de-monaco-sun-and-fire\\\/#primaryimage\"},\"thumbnailUrl\":\"https:\\\/\\\/www.alzd.de\\\/wp-content\\\/2024\\\/01\\\/bbTDM-SS-Cover-Portrait.jpg\",\"datePublished\":\"2024-01-29T06:30:00+00:00\",\"description\":\"Today, the latest creations Sol Salgado and Fuego Futuro follow, which I am particularly looking forward to for the reasons mentioned above.\",\"breadcrumb\":{\"@id\":\"https:\\\/\\\/www.alzd.de\\\/en\\\/2024\\\/01\\\/29\\\/sol-salgado-and-fuego-futuro-by-thomas-de-monaco-sun-and-fire\\\/#breadcrumb\"},\"inLanguage\":\"en-US\",\"potentialAction\":[{\"@type\":\"ReadAction\",\"target\":[\"https:\\\/\\\/www.alzd.de\\\/en\\\/2024\\\/01\\\/29\\\/sol-salgado-and-fuego-futuro-by-thomas-de-monaco-sun-and-fire\\\/\"]}]},{\"@type\":\"ImageObject\",\"inLanguage\":\"en-US\",\"@id\":\"https:\\\/\\\/www.alzd.de\\\/en\\\/2024\\\/01\\\/29\\\/sol-salgado-and-fuego-futuro-by-thomas-de-monaco-sun-and-fire\\\/#primaryimage\",\"url\":\"https:\\\/\\\/www.alzd.de\\\/wp-content\\\/2024\\\/01\\\/bbTDM-SS-Cover-Portrait.jpg\",\"contentUrl\":\"https:\\\/\\\/www.alzd.de\\\/wp-content\\\/2024\\\/01\\\/bbTDM-SS-Cover-Portrait.jpg\",\"width\":720,\"height\":400},{\"@type\":\"BreadcrumbList\",\"@id\":\"https:\\\/\\\/www.alzd.de\\\/en\\\/2024\\\/01\\\/29\\\/sol-salgado-and-fuego-futuro-by-thomas-de-monaco-sun-and-fire\\\/#breadcrumb\",\"itemListElement\":[{\"@type\":\"ListItem\",\"position\":1,\"name\":\"Startseite\",\"item\":\"https:\\\/\\\/www.alzd.de\\\/en\\\/\"},{\"@type\":\"ListItem\",\"position\":2,\"name\":\"Sol Salgado and Fuego Futuro by Thomas de Monaco &#8211; Sun and fire\"}]},{\"@type\":\"WebSite\",\"@id\":\"https:\\\/\\\/www.alzd.de\\\/en\\\/#website\",\"url\":\"https:\\\/\\\/www.alzd.de\\\/en\\\/\",\"name\":\"Das Duft-Tagebuch\",\"description\":\"Das Parfumblog von Aus Liebe zum Duft\",\"publisher\":{\"@id\":\"https:\\\/\\\/www.alzd.de\\\/en\\\/#organization\"},\"potentialAction\":[{\"@type\":\"SearchAction\",\"target\":{\"@type\":\"EntryPoint\",\"urlTemplate\":\"https:\\\/\\\/www.alzd.de\\\/en\\\/?s={search_term_string}\"},\"query-input\":{\"@type\":\"PropertyValueSpecification\",\"valueRequired\":true,\"valueName\":\"search_term_string\"}}],\"inLanguage\":\"en-US\"},{\"@type\":\"Organization\",\"@id\":\"https:\\\/\\\/www.alzd.de\\\/en\\\/#organization\",\"name\":\"Das Duft-Tagebuch\",\"url\":\"https:\\\/\\\/www.alzd.de\\\/en\\\/\",\"logo\":{\"@type\":\"ImageObject\",\"inLanguage\":\"en-US\",\"@id\":\"https:\\\/\\\/www.alzd.de\\\/en\\\/#\\\/schema\\\/logo\\\/image\\\/\",\"url\":\"https:\\\/\\\/www.alzd.de\\\/wp-content\\\/2023\\\/08\\\/alzd_dufttagebuch.png\",\"contentUrl\":\"https:\\\/\\\/www.alzd.de\\\/wp-content\\\/2023\\\/08\\\/alzd_dufttagebuch.png\",\"width\":1804,\"height\":416,\"caption\":\"Das Duft-Tagebuch\"},\"image\":{\"@id\":\"https:\\\/\\\/www.alzd.de\\\/en\\\/#\\\/schema\\\/logo\\\/image\\\/\"},\"sameAs\":[\"https:\\\/\\\/www.facebook.com\\\/dufttagebuch\\\/\",\"https:\\\/\\\/x.com\\\/ausliebezumduft\",\"https:\\\/\\\/www.instagram.com\\\/ausliebezumduft.de\\\/\",\"https:\\\/\\\/www.youtube.com\\\/c\\\/ausliebezumduft\"]},{\"@type\":\"Person\",\"@id\":\"https:\\\/\\\/www.alzd.de\\\/en\\\/#\\\/schema\\\/person\\\/8efcd8f02447fdbe8f29ad465897d04e\",\"name\":\"Julia Bir\u00f3\",\"image\":{\"@type\":\"ImageObject\",\"inLanguage\":\"en-US\",\"@id\":\"https:\\\/\\\/www.alzd.de\\\/wp-content\\\/2018\\\/02\\\/cropped-cropped-mitarbeiterbilder_steffi--96x96.jpg\",\"url\":\"https:\\\/\\\/www.alzd.de\\\/wp-content\\\/2018\\\/02\\\/cropped-cropped-mitarbeiterbilder_steffi--96x96.jpg\",\"contentUrl\":\"https:\\\/\\\/www.alzd.de\\\/wp-content\\\/2018\\\/02\\\/cropped-cropped-mitarbeiterbilder_steffi--96x96.jpg\",\"caption\":\"Julia Bir\u00f3\"},\"description\":\"Bereits 2010 gingen so einige Blogbeitr\u00e4ge auf mein Konto. Dann war ich \u201ekurz\u201c weg \u2013 sechs Jahre. Umso mehr freut es mich, dass ich nun wieder die Chance bekomme, mein N\u00e4schen im Dienste der Duftrezension schnuppern zu lassen und eifrig in die Tasten zu hauen. Was Nischend\u00fcfte angeht, habe ich damals \u00fcbrigens schnell Feuer gefangen. Meine Ausbildung tat dazu ihr \u00dcbriges: Als diplomierte Biologin kenne ich mich nicht nur mit Fauna und Flora, sondern auch recht gut mit der Herstellung von \u00d6len und Extrakten aus, was den Reiz der Parfumwelt nat\u00fcrlich noch gr\u00f6\u00dfer macht.\",\"sameAs\":[\"https:\\\/\\\/biro.is\\\/\",\"https:\\\/\\\/www.facebook.com\\\/stephanie.tkaczik\"],\"url\":\"https:\\\/\\\/www.alzd.de\\\/en\\\/author\\\/stephanie\\\/\"}]}<\/script>\n<!-- \/ Yoast SEO plugin. -->","yoast_head_json":{"title":"Sol Salgado and Fuego Futuro by Thomas de Monaco","description":"Today, the latest creations Sol Salgado and Fuego Futuro follow, which I am particularly looking forward to for the reasons mentioned above.","robots":{"index":"index","follow":"follow","max-snippet":"max-snippet:-1","max-image-preview":"max-image-preview:large","max-video-preview":"max-video-preview:-1"},"canonical":"https:\/\/www.alzd.de\/en\/2024\/01\/29\/sol-salgado-and-fuego-futuro-by-thomas-de-monaco-sun-and-fire\/","og_locale":"en_US","og_type":"article","og_title":"Sol Salgado and Fuego Futuro by Thomas de Monaco","og_url":"https:\/\/www.alzd.de\/en\/2024\/01\/29\/sol-salgado-and-fuego-futuro-by-thomas-de-monaco-sun-and-fire\/","og_site_name":"Das Duft-Tagebuch","article_publisher":"https:\/\/www.facebook.com\/dufttagebuch\/","article_author":"https:\/\/www.facebook.com\/stephanie.tkaczik","article_published_time":"2024-01-29T06:30:00+00:00","og_image":[{"width":720,"height":400,"url":"https:\/\/www.alzd.de\/wp-content\/2024\/01\/bbTDM-SS-Cover-Portrait.jpg","type":"image\/jpeg"}],"author":"Julia Bir\u00f3","twitter_card":"summary_large_image","twitter_creator":"@ausliebezumduft","twitter_site":"@ausliebezumduft","schema":{"@context":"https:\/\/schema.org","@graph":[{"@type":"Article","@id":"https:\/\/www.alzd.de\/en\/2024\/01\/29\/sol-salgado-and-fuego-futuro-by-thomas-de-monaco-sun-and-fire\/#article","isPartOf":{"@id":"https:\/\/www.alzd.de\/en\/2024\/01\/29\/sol-salgado-and-fuego-futuro-by-thomas-de-monaco-sun-and-fire\/"},"author":{"name":"Julia Bir\u00f3","@id":"https:\/\/www.alzd.de\/en\/#\/schema\/person\/8efcd8f02447fdbe8f29ad465897d04e"},"headline":"Sol Salgado and Fuego Futuro by Thomas de Monaco &#8211; Sun and fire","datePublished":"2024-01-29T06:30:00+00:00","mainEntityOfPage":{"@id":"https:\/\/www.alzd.de\/en\/2024\/01\/29\/sol-salgado-and-fuego-futuro-by-thomas-de-monaco-sun-and-fire\/"},"wordCount":652,"commentCount":0,"publisher":{"@id":"https:\/\/www.alzd.de\/en\/#organization"},"image":{"@id":"https:\/\/www.alzd.de\/en\/2024\/01\/29\/sol-salgado-and-fuego-futuro-by-thomas-de-monaco-sun-and-fire\/#primaryimage"},"thumbnailUrl":"https:\/\/www.alzd.de\/wp-content\/2024\/01\/bbTDM-SS-Cover-Portrait.jpg","keywords":["Lime blossoms","Maurus Bachmann","Thomas de Monaco"],"articleSection":["Clean &amp; Powdery","Flowers","Fragrances","Green","Herbal","Tobacco &amp; Smoky","Woody"],"inLanguage":"en-US","potentialAction":[{"@type":"CommentAction","name":"Comment","target":["https:\/\/www.alzd.de\/en\/2024\/01\/29\/sol-salgado-and-fuego-futuro-by-thomas-de-monaco-sun-and-fire\/#respond"]}]},{"@type":"WebPage","@id":"https:\/\/www.alzd.de\/en\/2024\/01\/29\/sol-salgado-and-fuego-futuro-by-thomas-de-monaco-sun-and-fire\/","url":"https:\/\/www.alzd.de\/en\/2024\/01\/29\/sol-salgado-and-fuego-futuro-by-thomas-de-monaco-sun-and-fire\/","name":"Sol Salgado and Fuego Futuro by Thomas de Monaco","isPartOf":{"@id":"https:\/\/www.alzd.de\/en\/#website"},"primaryImageOfPage":{"@id":"https:\/\/www.alzd.de\/en\/2024\/01\/29\/sol-salgado-and-fuego-futuro-by-thomas-de-monaco-sun-and-fire\/#primaryimage"},"image":{"@id":"https:\/\/www.alzd.de\/en\/2024\/01\/29\/sol-salgado-and-fuego-futuro-by-thomas-de-monaco-sun-and-fire\/#primaryimage"},"thumbnailUrl":"https:\/\/www.alzd.de\/wp-content\/2024\/01\/bbTDM-SS-Cover-Portrait.jpg","datePublished":"2024-01-29T06:30:00+00:00","description":"Today, the latest creations Sol Salgado and Fuego Futuro follow, which I am particularly looking forward to for the reasons mentioned above.","breadcrumb":{"@id":"https:\/\/www.alzd.de\/en\/2024\/01\/29\/sol-salgado-and-fuego-futuro-by-thomas-de-monaco-sun-and-fire\/#breadcrumb"},"inLanguage":"en-US","potentialAction":[{"@type":"ReadAction","target":["https:\/\/www.alzd.de\/en\/2024\/01\/29\/sol-salgado-and-fuego-futuro-by-thomas-de-monaco-sun-and-fire\/"]}]},{"@type":"ImageObject","inLanguage":"en-US","@id":"https:\/\/www.alzd.de\/en\/2024\/01\/29\/sol-salgado-and-fuego-futuro-by-thomas-de-monaco-sun-and-fire\/#primaryimage","url":"https:\/\/www.alzd.de\/wp-content\/2024\/01\/bbTDM-SS-Cover-Portrait.jpg","contentUrl":"https:\/\/www.alzd.de\/wp-content\/2024\/01\/bbTDM-SS-Cover-Portrait.jpg","width":720,"height":400},{"@type":"BreadcrumbList","@id":"https:\/\/www.alzd.de\/en\/2024\/01\/29\/sol-salgado-and-fuego-futuro-by-thomas-de-monaco-sun-and-fire\/#breadcrumb","itemListElement":[{"@type":"ListItem","position":1,"name":"Startseite","item":"https:\/\/www.alzd.de\/en\/"},{"@type":"ListItem","position":2,"name":"Sol Salgado and Fuego Futuro by Thomas de Monaco &#8211; Sun and fire"}]},{"@type":"WebSite","@id":"https:\/\/www.alzd.de\/en\/#website","url":"https:\/\/www.alzd.de\/en\/","name":"Das Duft-Tagebuch","description":"Das Parfumblog von Aus Liebe zum Duft","publisher":{"@id":"https:\/\/www.alzd.de\/en\/#organization"},"potentialAction":[{"@type":"SearchAction","target":{"@type":"EntryPoint","urlTemplate":"https:\/\/www.alzd.de\/en\/?s={search_term_string}"},"query-input":{"@type":"PropertyValueSpecification","valueRequired":true,"valueName":"search_term_string"}}],"inLanguage":"en-US"},{"@type":"Organization","@id":"https:\/\/www.alzd.de\/en\/#organization","name":"Das Duft-Tagebuch","url":"https:\/\/www.alzd.de\/en\/","logo":{"@type":"ImageObject","inLanguage":"en-US","@id":"https:\/\/www.alzd.de\/en\/#\/schema\/logo\/image\/","url":"https:\/\/www.alzd.de\/wp-content\/2023\/08\/alzd_dufttagebuch.png","contentUrl":"https:\/\/www.alzd.de\/wp-content\/2023\/08\/alzd_dufttagebuch.png","width":1804,"height":416,"caption":"Das Duft-Tagebuch"},"image":{"@id":"https:\/\/www.alzd.de\/en\/#\/schema\/logo\/image\/"},"sameAs":["https:\/\/www.facebook.com\/dufttagebuch\/","https:\/\/x.com\/ausliebezumduft","https:\/\/www.instagram.com\/ausliebezumduft.de\/","https:\/\/www.youtube.com\/c\/ausliebezumduft"]},{"@type":"Person","@id":"https:\/\/www.alzd.de\/en\/#\/schema\/person\/8efcd8f02447fdbe8f29ad465897d04e","name":"Julia Bir\u00f3","image":{"@type":"ImageObject","inLanguage":"en-US","@id":"https:\/\/www.alzd.de\/wp-content\/2018\/02\/cropped-cropped-mitarbeiterbilder_steffi--96x96.jpg","url":"https:\/\/www.alzd.de\/wp-content\/2018\/02\/cropped-cropped-mitarbeiterbilder_steffi--96x96.jpg","contentUrl":"https:\/\/www.alzd.de\/wp-content\/2018\/02\/cropped-cropped-mitarbeiterbilder_steffi--96x96.jpg","caption":"Julia Bir\u00f3"},"description":"Bereits 2010 gingen so einige Blogbeitr\u00e4ge auf mein Konto. Dann war ich \u201ekurz\u201c weg \u2013 sechs Jahre. Umso mehr freut es mich, dass ich nun wieder die Chance bekomme, mein N\u00e4schen im Dienste der Duftrezension schnuppern zu lassen und eifrig in die Tasten zu hauen. Was Nischend\u00fcfte angeht, habe ich damals \u00fcbrigens schnell Feuer gefangen. Meine Ausbildung tat dazu ihr \u00dcbriges: Als diplomierte Biologin kenne ich mich nicht nur mit Fauna und Flora, sondern auch recht gut mit der Herstellung von \u00d6len und Extrakten aus, was den Reiz der Parfumwelt nat\u00fcrlich noch gr\u00f6\u00dfer macht.","sameAs":["https:\/\/biro.is\/","https:\/\/www.facebook.com\/stephanie.tkaczik"],"url":"https:\/\/www.alzd.de\/en\/author\/stephanie\/"}]}},"wp-worthy-pixel":{"ignored":false,"public":null,"server":null,"url":null},"wp-worthy-type":"normal","_links":{"self":[{"href":"https:\/\/www.alzd.de\/en\/wp-json\/wp\/v2\/posts\/114304","targetHints":{"allow":["GET"]}}],"collection":[{"href":"https:\/\/www.alzd.de\/en\/wp-json\/wp\/v2\/posts"}],"about":[{"href":"https:\/\/www.alzd.de\/en\/wp-json\/wp\/v2\/types\/post"}],"author":[{"embeddable":true,"href":"https:\/\/www.alzd.de\/en\/wp-json\/wp\/v2\/users\/535"}],"replies":[{"embeddable":true,"href":"https:\/\/www.alzd.de\/en\/wp-json\/wp\/v2\/comments?post=114304"}],"version-history":[{"count":5,"href":"https:\/\/www.alzd.de\/en\/wp-json\/wp\/v2\/posts\/114304\/revisions"}],"predecessor-version":[{"id":114309,"href":"https:\/\/www.alzd.de\/en\/wp-json\/wp\/v2\/posts\/114304\/revisions\/114309"}],"wp:featuredmedia":[{"embeddable":true,"href":"https:\/\/www.alzd.de\/en\/wp-json\/wp\/v2\/media\/114255"}],"wp:attachment":[{"href":"https:\/\/www.alzd.de\/en\/wp-json\/wp\/v2\/media?parent=114304"}],"wp:term":[{"taxonomy":"category","embeddable":true,"href":"https:\/\/www.alzd.de\/en\/wp-json\/wp\/v2\/categories?post=114304"},{"taxonomy":"post_tag","embeddable":true,"href":"https:\/\/www.alzd.de\/en\/wp-json\/wp\/v2\/tags?post=114304"}],"curies":[{"name":"wp","href":"https:\/\/api.w.org\/{rel}","templated":true}]}}