{"id":114227,"date":"2024-01-26T07:30:00","date_gmt":"2024-01-26T06:30:00","guid":{"rendered":"https:\/\/www.alzd.de\/?p=114227"},"modified":"2024-01-25T13:33:55","modified_gmt":"2024-01-25T12:33:55","slug":"in-flagranti-by-der-duft-caught-in-the-act","status":"publish","type":"post","link":"https:\/\/www.alzd.de\/en\/2024\/01\/26\/in-flagranti-by-der-duft-caught-in-the-act\/","title":{"rendered":"In Flagranti by DER DUFT &#8211; Caught in the act"},"content":{"rendered":"\n<p>Just under a year ago, I introduced you to the <a href=\"https:\/\/www.ausliebezumduft.de\/fragrances\/der-duft.html\" target=\"_blank\" rel=\"noreferrer noopener\">DER DUFT<\/a> label and the seven fragrances <a href=\"https:\/\/www.ausliebezumduft.de\/der-duft-match.html\" target=\"_blank\" rel=\"noreferrer noopener\">Match<\/a>, <a href=\"https:\/\/www.ausliebezumduft.de\/der-duft-monopteros.html\" target=\"_blank\" rel=\"noreferrer noopener\">Monopteros<\/a>, <a href=\"https:\/\/www.ausliebezumduft.de\/der-duft-pride.html\" target=\"_blank\" rel=\"noreferrer noopener\">Pride<\/a>, <a href=\"https:\/\/www.ausliebezumduft.de\/der-duft-privilege.html\" target=\"_blank\" rel=\"noreferrer noopener\">Privilege<\/a>, <a href=\"https:\/\/www.ausliebezumduft.de\/der-duft-cinematic.html\" target=\"_blank\" rel=\"noreferrer noopener\">Cinematic<\/a>, <a href=\"https:\/\/www.ausliebezumduft.de\/der-duft-canvas.html\" target=\"_blank\" rel=\"noreferrer noopener\">Canvas<\/a> and <a href=\"https:\/\/www.ausliebezumduft.de\/der-duft-act.html\" target=\"_blank\" rel=\"noreferrer noopener\">Act<\/a>, which were created by renowned perfumers such as Nathalie Feisthauer, Anne-Sophie Behaghel, Prin Lomros, Miguel Matos and Freddie Albrighton. Brand founder Anselm Skogstad, an American by birth and resident in Munich, was also responsible for the development of a creation. Today, <a href=\"https:\/\/www.ausliebezumduft.de\/der-duft-in-flagranti.html\" target=\"_blank\" rel=\"noreferrer noopener\">In Flagranti<\/a> is the eighth fragrance from this exciting brand.<\/p>\n<div class=\"wp-block-image\">\n<figure class=\"aligncenter size-large\"><img decoding=\"async\" width=\"1080\" height=\"1080\" src=\"https:\/\/www.alzd.de\/wp-content\/2024\/01\/IN-FLAGRANTI_a-1080x1080.jpg\" alt=\"DER DUFT - In Flagranti\" class=\"wp-image-114193\" title=\"DER DUFT - In Flagranti\" srcset=\"https:\/\/www.alzd.de\/wp-content\/2024\/01\/IN-FLAGRANTI_a-1080x1080.jpg 1080w, https:\/\/www.alzd.de\/wp-content\/2024\/01\/IN-FLAGRANTI_a-720x720.jpg 720w, https:\/\/www.alzd.de\/wp-content\/2024\/01\/IN-FLAGRANTI_a-360x360.jpg 360w, https:\/\/www.alzd.de\/wp-content\/2024\/01\/IN-FLAGRANTI_a-768x768.jpg 768w, https:\/\/www.alzd.de\/wp-content\/2024\/01\/IN-FLAGRANTI_a-1536x1536.jpg 1536w, https:\/\/www.alzd.de\/wp-content\/2024\/01\/IN-FLAGRANTI_a-2048x2048.jpg 2048w\" sizes=\"(max-width: 1080px) 100vw, 1080px\" \/><\/figure>\n<\/div>\n<p>The perfumes from DER DUFT are visually minimalist and pared down, but reveal a fascinating expressiveness and are also highly individualistic. Here you can clearly see that the aim is not to please per se, that the aim is not to create conventional, crowd-pleasing creations, but to design with artistic and olfactory freedom. In this niche, DER DUFT finds the right soil to allow the sometimes striking fragrances to flourish and present themselves appropriately.<\/p>\n\n<p>In the following articles you will find all the important information about the label itself as well as my reviews of the seven perfumes already mentioned: <\/p>\n\n<ul class=\"wp-block-list\">\n<li><a href=\"https:\/\/www.alzd.de\/en\/2023\/03\/27\/der-duft-to-the-point\/\">Der Duft &#8211; To the point<\/a><\/li>\n\n\n\n<li><a href=\"https:\/\/www.alzd.de\/en\/2023\/03\/28\/monopteros-canvas-and-cinematic-by-der-duft-timeless-fragrances-composed-in-a-modern-way\/\">Monopteros, Canvas and Cinematic by DER DUFT &#8211; Timeless fragrances composed in a modern way<\/a><\/li>\n\n\n\n<li><a href=\"https:\/\/www.alzd.de\/en\/2023\/03\/29\/pride-privilege-and-act-by-der-duft-minimalist-expressionism\/\">Pride, Privilege and Act by DER DUFT &#8211; Minimalist Expressionism<\/a><\/li>\n<\/ul>\n<div class=\"wp-block-image\">\n<figure class=\"aligncenter size-large\"><img decoding=\"async\" width=\"720\" height=\"1080\" src=\"https:\/\/www.alzd.de\/wp-content\/2024\/01\/duong-ngan-LJMBVQSUfvk-unsplash-720x1080.jpg\" alt=\"White lilies\" class=\"wp-image-114189\" title=\"White lilies\" srcset=\"https:\/\/www.alzd.de\/wp-content\/2024\/01\/duong-ngan-LJMBVQSUfvk-unsplash-720x1080.jpg 720w, https:\/\/www.alzd.de\/wp-content\/2024\/01\/duong-ngan-LJMBVQSUfvk-unsplash-480x720.jpg 480w, https:\/\/www.alzd.de\/wp-content\/2024\/01\/duong-ngan-LJMBVQSUfvk-unsplash-240x360.jpg 240w, https:\/\/www.alzd.de\/wp-content\/2024\/01\/duong-ngan-LJMBVQSUfvk-unsplash-768x1152.jpg 768w, https:\/\/www.alzd.de\/wp-content\/2024\/01\/duong-ngan-LJMBVQSUfvk-unsplash-1024x1536.jpg 1024w, https:\/\/www.alzd.de\/wp-content\/2024\/01\/duong-ngan-LJMBVQSUfvk-unsplash-1365x2048.jpg 1365w, https:\/\/www.alzd.de\/wp-content\/2024\/01\/duong-ngan-LJMBVQSUfvk-unsplash-scaled.jpg 1707w\" sizes=\"(max-width: 720px) 100vw, 720px\" \/><figcaption class=\"wp-element-caption\">Photo by <a href=\"https:\/\/unsplash.com\/de\/@nganduong93?utm_content=creditCopyText&amp;utm_medium=referral&amp;utm_source=unsplash\">Duong Ngan<\/a> on <a href=\"https:\/\/unsplash.com\/de\/fotos\/eine-weisse-vase-gefullt-mit-weissen-blumen-auf-einem-tisch-LJMBVQSUfvk?utm_content=creditCopyText&amp;utm_medium=referral&amp;utm_source=unsplash\">Unsplash<\/a><\/figcaption><\/figure>\n<\/div>\n<h2 class=\"wp-block-heading\">In Flagranti &#8211; DER DUFT<\/h2>\n\n<p>For In Flagranti, Anselm Skogstad engaged the perfumer Antonio Alessandria and gave him only the olfactory direction in which the new perfume should go: a floral gourmand or a gourmand floral fragrance. Skogstad left everything else to the Italian perfumer, who has been fascinated by fragrances since childhood.<\/p>\n\n<blockquote class=\"wp-block-quote is-layout-flow wp-block-quote-is-layout-flow\">\n<p>&#8220;In Flagranti is a sophisticated and luxurious interpretation of a floral-gourmand theme. I vividly remember the fragrances my parents wore when they went out: my father&#8217;s eau de cologne and my mother&#8217;s scent &#8211; Chanel N\u00b05. When I start composing a fragrance, I always try to tell a story through scents.&#8221; &#8211; Antonio Alessandria<\/p>\n<\/blockquote>\n\n<p>For the creation, the perfumer combined ingredients that sound seductive and delicious: <strong>Basil, galbanum, strawberry, raspberry, apricot, peach, lily of the valley, lily, orange blossom, jasmine, tuberose, vanilla, caramel, sandalwood, musk<\/strong> and <strong>ambergris<\/strong>.<\/p>\n<div class=\"wp-block-image\">\n<figure class=\"aligncenter size-large\"><img decoding=\"async\" width=\"503\" height=\"1080\" src=\"https:\/\/www.alzd.de\/wp-content\/2024\/01\/mohammad-hossein-jamaly-wzRoOJ5-nCI-unsplash-503x1080.jpg\" alt=\"Tuberose\" class=\"wp-image-114202\" title=\"Tuberose\" srcset=\"https:\/\/www.alzd.de\/wp-content\/2024\/01\/mohammad-hossein-jamaly-wzRoOJ5-nCI-unsplash-503x1080.jpg 503w, https:\/\/www.alzd.de\/wp-content\/2024\/01\/mohammad-hossein-jamaly-wzRoOJ5-nCI-unsplash-335x720.jpg 335w, https:\/\/www.alzd.de\/wp-content\/2024\/01\/mohammad-hossein-jamaly-wzRoOJ5-nCI-unsplash-168x360.jpg 168w, https:\/\/www.alzd.de\/wp-content\/2024\/01\/mohammad-hossein-jamaly-wzRoOJ5-nCI-unsplash-768x1650.jpg 768w, https:\/\/www.alzd.de\/wp-content\/2024\/01\/mohammad-hossein-jamaly-wzRoOJ5-nCI-unsplash-715x1536.jpg 715w, https:\/\/www.alzd.de\/wp-content\/2024\/01\/mohammad-hossein-jamaly-wzRoOJ5-nCI-unsplash-953x2048.jpg 953w, https:\/\/www.alzd.de\/wp-content\/2024\/01\/mohammad-hossein-jamaly-wzRoOJ5-nCI-unsplash-scaled.jpg 1192w\" sizes=\"(max-width: 503px) 100vw, 503px\" \/><figcaption class=\"wp-element-caption\">Photo by <a href=\"https:\/\/unsplash.com\/de\/@_______mhj_______?utm_content=creditCopyText&amp;utm_medium=referral&amp;utm_source=unsplash\">Mohammad Hossein jamaly<\/a> on <a href=\"https:\/\/unsplash.com\/de\/fotos\/eine-nahaufnahme-einer-vase-mit-blumen-darin-wzRoOJ5-nCI?utm_content=creditCopyText&amp;utm_medium=referral&amp;utm_source=unsplash\">Unsplash<\/a><\/figcaption><\/figure>\n<\/div>\n<p>What do I expect from In Flagranti? Well, based on the above information and the fragrance notes, it is definitely a floral composition with a clear white-flower component, with green-aromatic notes and a fruity underpinning, bedded on the finest and sweetest gourmand nuances. Will I find that in the perfume?<\/p>\n\n<h3 class=\"wp-block-heading\">A floral dream in white<\/h3>\n\n<p>The fragrance opens with a crisp, tart green, accompanied from the start by the mushroomy notes of white flowers &#8211; I particularly suspect tuberose here &#8211; which combine with the greenish, woody and subtly pungent accents of basil and galbanum. The initially clearly perceptible mushroom nuances eventually fade into the background. <\/p>\n\n<p>They pave the way for the magnificent, beguiling floral facets of aquatic lily of the valley, lucid lily and creamy orange blossom. Fruity nuances are added, very velvety, aldehyde-like, accompanied by a warm and spicy woodiness. In the finish, I also perceive the aforementioned gourmand notes that flow through the perfume like creamy, vanilla-like caramel.<\/p>\n<div class=\"wp-block-image\">\n<figure class=\"aligncenter size-full\"><img decoding=\"async\" width=\"600\" height=\"600\" src=\"https:\/\/www.alzd.de\/wp-content\/2024\/01\/in_flagranti_50ml.webp\" alt=\"DER DUFT - In Flagranti\" class=\"wp-image-114211\" title=\"DER DUFT - In Flagranti\" srcset=\"https:\/\/www.alzd.de\/wp-content\/2024\/01\/in_flagranti_50ml.webp 600w, https:\/\/www.alzd.de\/wp-content\/2024\/01\/in_flagranti_50ml-360x360.webp 360w\" sizes=\"(max-width: 600px) 100vw, 600px\" \/><\/figure>\n<\/div>\n<p>In Flagranti by DER DUFT is once again a composition with a certain uniqueness. It is a classic, elegant floral fragrance, present, intense and powerful, with lush white flowers and velvety fruits on an atmospheric base. The aforementioned mushroomy note in the opening lends the creation exciting and quite daring facets, as these are unlikely to appeal to everyone. However, you should not be put off by this, because &#8211; as already mentioned &#8211; In Flagranti develops into a wonderful gourmand floral perfume that is simply marvellous. \ud83d\udc9a<\/p>\n\n<div class=\"wp-block-buttons is-content-justification-center is-layout-flex wp-container-core-buttons-is-layout-16018d1d wp-block-buttons-is-layout-flex\">\n<div class=\"wp-block-button has-custom-width wp-block-button__width-50\"><a class=\"wp-block-button__link has-white-color has-text-color has-background has-link-color wp-element-button\" href=\"https:\/\/www.ausliebezumduft.de\/der-duft-in-flagranti.html\" style=\"background-color:#557d23\" target=\"_blank\" rel=\"noreferrer noopener\"><strong>In flagrante delicto<\/strong><\/a><\/div>\n<\/div>\n","protected":false},"excerpt":{"rendered":"<p>Just under a year ago, I introduced you to the DER DUFT label and the seven fragrances Match, Monopteros, Pride, Privilege, Cinematic, Canvas and Act, which were created&#8230;<\/p>\n<div class=\"more-link-wrapper\"><a class=\"more-link\" href=\"https:\/\/www.alzd.de\/en\/2024\/01\/26\/in-flagranti-by-der-duft-caught-in-the-act\/\">WEITERLESEN<span class=\"screen-reader-text\">In Flagranti by DER DUFT &#8211; Caught in the act<\/span><\/a><\/div>\n","protected":false},"author":535,"featured_media":114200,"comment_status":"open","ping_status":"closed","sticky":false,"template":"","format":"standard","meta":{"footnotes":""},"categories":[1151,1117,1155,1156],"tags":[1238,1818],"class_list":["post-114227","post","type-post","status-publish","format-standard","has-post-thumbnail","hentry","category-flowers","category-fragrances","category-fruity","category-gourmand-en","tag-antonio-alessandria-en","tag-der-duft-en","excerpt","zoom","full-without-featured","even","excerpt-0"],"yoast_head":"<!-- This site is optimized with the Yoast SEO plugin v27.5 - https:\/\/yoast.com\/product\/yoast-seo-wordpress\/ -->\n<title>In Flagranti by DER DUFT - Caught in the act<\/title>\n<meta name=\"description\" content=\"Almost a year ago, I introduced you to the DER DUFT label here, and today we are introducing the eighth fragrance, In Flagranti.\" \/>\n<meta name=\"robots\" content=\"index, follow, max-snippet:-1, max-image-preview:large, max-video-preview:-1\" \/>\n<link rel=\"canonical\" href=\"https:\/\/www.alzd.de\/en\/2024\/01\/26\/in-flagranti-by-der-duft-caught-in-the-act\/\" \/>\n<meta property=\"og:locale\" content=\"en_US\" \/>\n<meta property=\"og:type\" content=\"article\" \/>\n<meta property=\"og:title\" content=\"In Flagranti by DER DUFT - Caught in the act\" \/>\n<meta property=\"og:url\" content=\"https:\/\/www.alzd.de\/en\/2024\/01\/26\/in-flagranti-by-der-duft-caught-in-the-act\/\" \/>\n<meta property=\"og:site_name\" content=\"Das Duft-Tagebuch\" \/>\n<meta property=\"article:publisher\" content=\"https:\/\/www.facebook.com\/dufttagebuch\/\" \/>\n<meta property=\"article:author\" content=\"https:\/\/www.facebook.com\/stephanie.tkaczik\" \/>\n<meta property=\"article:published_time\" content=\"2024-01-26T06:30:00+00:00\" \/>\n<meta property=\"og:image\" content=\"https:\/\/www.alzd.de\/wp-content\/2024\/01\/bbduong-ngan-LJMBVQSUfvk-unsplash.jpg\" \/>\n\t<meta property=\"og:image:width\" content=\"720\" \/>\n\t<meta property=\"og:image:height\" content=\"400\" \/>\n\t<meta property=\"og:image:type\" content=\"image\/jpeg\" \/>\n<meta name=\"author\" content=\"Julia Bir\u00f3\" \/>\n<meta name=\"twitter:card\" content=\"summary_large_image\" \/>\n<meta name=\"twitter:creator\" content=\"@ausliebezumduft\" \/>\n<meta name=\"twitter:site\" content=\"@ausliebezumduft\" \/>\n<script type=\"application\/ld+json\" class=\"yoast-schema-graph\">{\"@context\":\"https:\\\/\\\/schema.org\",\"@graph\":[{\"@type\":\"Article\",\"@id\":\"https:\\\/\\\/www.alzd.de\\\/en\\\/2024\\\/01\\\/26\\\/in-flagranti-by-der-duft-caught-in-the-act\\\/#article\",\"isPartOf\":{\"@id\":\"https:\\\/\\\/www.alzd.de\\\/en\\\/2024\\\/01\\\/26\\\/in-flagranti-by-der-duft-caught-in-the-act\\\/\"},\"author\":{\"name\":\"Julia Bir\u00f3\",\"@id\":\"https:\\\/\\\/www.alzd.de\\\/en\\\/#\\\/schema\\\/person\\\/8efcd8f02447fdbe8f29ad465897d04e\"},\"headline\":\"In Flagranti by DER DUFT &#8211; Caught in the act\",\"datePublished\":\"2024-01-26T06:30:00+00:00\",\"mainEntityOfPage\":{\"@id\":\"https:\\\/\\\/www.alzd.de\\\/en\\\/2024\\\/01\\\/26\\\/in-flagranti-by-der-duft-caught-in-the-act\\\/\"},\"wordCount\":623,\"commentCount\":0,\"publisher\":{\"@id\":\"https:\\\/\\\/www.alzd.de\\\/en\\\/#organization\"},\"image\":{\"@id\":\"https:\\\/\\\/www.alzd.de\\\/en\\\/2024\\\/01\\\/26\\\/in-flagranti-by-der-duft-caught-in-the-act\\\/#primaryimage\"},\"thumbnailUrl\":\"https:\\\/\\\/www.alzd.de\\\/wp-content\\\/2024\\\/01\\\/bbduong-ngan-LJMBVQSUfvk-unsplash.jpg\",\"keywords\":[\"Antonio Alessandria\",\"Der Duft\"],\"articleSection\":[\"Flowers\",\"Fragrances\",\"Fruity\",\"Gourmand\"],\"inLanguage\":\"en-US\",\"potentialAction\":[{\"@type\":\"CommentAction\",\"name\":\"Comment\",\"target\":[\"https:\\\/\\\/www.alzd.de\\\/en\\\/2024\\\/01\\\/26\\\/in-flagranti-by-der-duft-caught-in-the-act\\\/#respond\"]}]},{\"@type\":\"WebPage\",\"@id\":\"https:\\\/\\\/www.alzd.de\\\/en\\\/2024\\\/01\\\/26\\\/in-flagranti-by-der-duft-caught-in-the-act\\\/\",\"url\":\"https:\\\/\\\/www.alzd.de\\\/en\\\/2024\\\/01\\\/26\\\/in-flagranti-by-der-duft-caught-in-the-act\\\/\",\"name\":\"In Flagranti by DER DUFT - Caught in the act\",\"isPartOf\":{\"@id\":\"https:\\\/\\\/www.alzd.de\\\/en\\\/#website\"},\"primaryImageOfPage\":{\"@id\":\"https:\\\/\\\/www.alzd.de\\\/en\\\/2024\\\/01\\\/26\\\/in-flagranti-by-der-duft-caught-in-the-act\\\/#primaryimage\"},\"image\":{\"@id\":\"https:\\\/\\\/www.alzd.de\\\/en\\\/2024\\\/01\\\/26\\\/in-flagranti-by-der-duft-caught-in-the-act\\\/#primaryimage\"},\"thumbnailUrl\":\"https:\\\/\\\/www.alzd.de\\\/wp-content\\\/2024\\\/01\\\/bbduong-ngan-LJMBVQSUfvk-unsplash.jpg\",\"datePublished\":\"2024-01-26T06:30:00+00:00\",\"description\":\"Almost a year ago, I introduced you to the DER DUFT label here, and today we are introducing the eighth fragrance, In Flagranti.\",\"breadcrumb\":{\"@id\":\"https:\\\/\\\/www.alzd.de\\\/en\\\/2024\\\/01\\\/26\\\/in-flagranti-by-der-duft-caught-in-the-act\\\/#breadcrumb\"},\"inLanguage\":\"en-US\",\"potentialAction\":[{\"@type\":\"ReadAction\",\"target\":[\"https:\\\/\\\/www.alzd.de\\\/en\\\/2024\\\/01\\\/26\\\/in-flagranti-by-der-duft-caught-in-the-act\\\/\"]}]},{\"@type\":\"ImageObject\",\"inLanguage\":\"en-US\",\"@id\":\"https:\\\/\\\/www.alzd.de\\\/en\\\/2024\\\/01\\\/26\\\/in-flagranti-by-der-duft-caught-in-the-act\\\/#primaryimage\",\"url\":\"https:\\\/\\\/www.alzd.de\\\/wp-content\\\/2024\\\/01\\\/bbduong-ngan-LJMBVQSUfvk-unsplash.jpg\",\"contentUrl\":\"https:\\\/\\\/www.alzd.de\\\/wp-content\\\/2024\\\/01\\\/bbduong-ngan-LJMBVQSUfvk-unsplash.jpg\",\"width\":720,\"height\":400},{\"@type\":\"BreadcrumbList\",\"@id\":\"https:\\\/\\\/www.alzd.de\\\/en\\\/2024\\\/01\\\/26\\\/in-flagranti-by-der-duft-caught-in-the-act\\\/#breadcrumb\",\"itemListElement\":[{\"@type\":\"ListItem\",\"position\":1,\"name\":\"Startseite\",\"item\":\"https:\\\/\\\/www.alzd.de\\\/en\\\/\"},{\"@type\":\"ListItem\",\"position\":2,\"name\":\"In Flagranti by DER DUFT &#8211; Caught in the act\"}]},{\"@type\":\"WebSite\",\"@id\":\"https:\\\/\\\/www.alzd.de\\\/en\\\/#website\",\"url\":\"https:\\\/\\\/www.alzd.de\\\/en\\\/\",\"name\":\"Das Duft-Tagebuch\",\"description\":\"Das Parfumblog von Aus Liebe zum Duft\",\"publisher\":{\"@id\":\"https:\\\/\\\/www.alzd.de\\\/en\\\/#organization\"},\"potentialAction\":[{\"@type\":\"SearchAction\",\"target\":{\"@type\":\"EntryPoint\",\"urlTemplate\":\"https:\\\/\\\/www.alzd.de\\\/en\\\/?s={search_term_string}\"},\"query-input\":{\"@type\":\"PropertyValueSpecification\",\"valueRequired\":true,\"valueName\":\"search_term_string\"}}],\"inLanguage\":\"en-US\"},{\"@type\":\"Organization\",\"@id\":\"https:\\\/\\\/www.alzd.de\\\/en\\\/#organization\",\"name\":\"Das Duft-Tagebuch\",\"url\":\"https:\\\/\\\/www.alzd.de\\\/en\\\/\",\"logo\":{\"@type\":\"ImageObject\",\"inLanguage\":\"en-US\",\"@id\":\"https:\\\/\\\/www.alzd.de\\\/en\\\/#\\\/schema\\\/logo\\\/image\\\/\",\"url\":\"https:\\\/\\\/www.alzd.de\\\/wp-content\\\/2023\\\/08\\\/alzd_dufttagebuch.png\",\"contentUrl\":\"https:\\\/\\\/www.alzd.de\\\/wp-content\\\/2023\\\/08\\\/alzd_dufttagebuch.png\",\"width\":1804,\"height\":416,\"caption\":\"Das Duft-Tagebuch\"},\"image\":{\"@id\":\"https:\\\/\\\/www.alzd.de\\\/en\\\/#\\\/schema\\\/logo\\\/image\\\/\"},\"sameAs\":[\"https:\\\/\\\/www.facebook.com\\\/dufttagebuch\\\/\",\"https:\\\/\\\/x.com\\\/ausliebezumduft\",\"https:\\\/\\\/www.instagram.com\\\/ausliebezumduft.de\\\/\",\"https:\\\/\\\/www.youtube.com\\\/c\\\/ausliebezumduft\"]},{\"@type\":\"Person\",\"@id\":\"https:\\\/\\\/www.alzd.de\\\/en\\\/#\\\/schema\\\/person\\\/8efcd8f02447fdbe8f29ad465897d04e\",\"name\":\"Julia Bir\u00f3\",\"image\":{\"@type\":\"ImageObject\",\"inLanguage\":\"en-US\",\"@id\":\"https:\\\/\\\/www.alzd.de\\\/wp-content\\\/2018\\\/02\\\/cropped-cropped-mitarbeiterbilder_steffi--96x96.jpg\",\"url\":\"https:\\\/\\\/www.alzd.de\\\/wp-content\\\/2018\\\/02\\\/cropped-cropped-mitarbeiterbilder_steffi--96x96.jpg\",\"contentUrl\":\"https:\\\/\\\/www.alzd.de\\\/wp-content\\\/2018\\\/02\\\/cropped-cropped-mitarbeiterbilder_steffi--96x96.jpg\",\"caption\":\"Julia Bir\u00f3\"},\"description\":\"Bereits 2010 gingen so einige Blogbeitr\u00e4ge auf mein Konto. Dann war ich \u201ekurz\u201c weg \u2013 sechs Jahre. Umso mehr freut es mich, dass ich nun wieder die Chance bekomme, mein N\u00e4schen im Dienste der Duftrezension schnuppern zu lassen und eifrig in die Tasten zu hauen. Was Nischend\u00fcfte angeht, habe ich damals \u00fcbrigens schnell Feuer gefangen. Meine Ausbildung tat dazu ihr \u00dcbriges: Als diplomierte Biologin kenne ich mich nicht nur mit Fauna und Flora, sondern auch recht gut mit der Herstellung von \u00d6len und Extrakten aus, was den Reiz der Parfumwelt nat\u00fcrlich noch gr\u00f6\u00dfer macht.\",\"sameAs\":[\"https:\\\/\\\/biro.is\\\/\",\"https:\\\/\\\/www.facebook.com\\\/stephanie.tkaczik\"],\"url\":\"https:\\\/\\\/www.alzd.de\\\/en\\\/author\\\/stephanie\\\/\"}]}<\/script>\n<!-- \/ Yoast SEO plugin. -->","yoast_head_json":{"title":"In Flagranti by DER DUFT - Caught in the act","description":"Almost a year ago, I introduced you to the DER DUFT label here, and today we are introducing the eighth fragrance, In Flagranti.","robots":{"index":"index","follow":"follow","max-snippet":"max-snippet:-1","max-image-preview":"max-image-preview:large","max-video-preview":"max-video-preview:-1"},"canonical":"https:\/\/www.alzd.de\/en\/2024\/01\/26\/in-flagranti-by-der-duft-caught-in-the-act\/","og_locale":"en_US","og_type":"article","og_title":"In Flagranti by DER DUFT - Caught in the act","og_url":"https:\/\/www.alzd.de\/en\/2024\/01\/26\/in-flagranti-by-der-duft-caught-in-the-act\/","og_site_name":"Das Duft-Tagebuch","article_publisher":"https:\/\/www.facebook.com\/dufttagebuch\/","article_author":"https:\/\/www.facebook.com\/stephanie.tkaczik","article_published_time":"2024-01-26T06:30:00+00:00","og_image":[{"width":720,"height":400,"url":"https:\/\/www.alzd.de\/wp-content\/2024\/01\/bbduong-ngan-LJMBVQSUfvk-unsplash.jpg","type":"image\/jpeg"}],"author":"Julia Bir\u00f3","twitter_card":"summary_large_image","twitter_creator":"@ausliebezumduft","twitter_site":"@ausliebezumduft","schema":{"@context":"https:\/\/schema.org","@graph":[{"@type":"Article","@id":"https:\/\/www.alzd.de\/en\/2024\/01\/26\/in-flagranti-by-der-duft-caught-in-the-act\/#article","isPartOf":{"@id":"https:\/\/www.alzd.de\/en\/2024\/01\/26\/in-flagranti-by-der-duft-caught-in-the-act\/"},"author":{"name":"Julia Bir\u00f3","@id":"https:\/\/www.alzd.de\/en\/#\/schema\/person\/8efcd8f02447fdbe8f29ad465897d04e"},"headline":"In Flagranti by DER DUFT &#8211; Caught in the act","datePublished":"2024-01-26T06:30:00+00:00","mainEntityOfPage":{"@id":"https:\/\/www.alzd.de\/en\/2024\/01\/26\/in-flagranti-by-der-duft-caught-in-the-act\/"},"wordCount":623,"commentCount":0,"publisher":{"@id":"https:\/\/www.alzd.de\/en\/#organization"},"image":{"@id":"https:\/\/www.alzd.de\/en\/2024\/01\/26\/in-flagranti-by-der-duft-caught-in-the-act\/#primaryimage"},"thumbnailUrl":"https:\/\/www.alzd.de\/wp-content\/2024\/01\/bbduong-ngan-LJMBVQSUfvk-unsplash.jpg","keywords":["Antonio Alessandria","Der Duft"],"articleSection":["Flowers","Fragrances","Fruity","Gourmand"],"inLanguage":"en-US","potentialAction":[{"@type":"CommentAction","name":"Comment","target":["https:\/\/www.alzd.de\/en\/2024\/01\/26\/in-flagranti-by-der-duft-caught-in-the-act\/#respond"]}]},{"@type":"WebPage","@id":"https:\/\/www.alzd.de\/en\/2024\/01\/26\/in-flagranti-by-der-duft-caught-in-the-act\/","url":"https:\/\/www.alzd.de\/en\/2024\/01\/26\/in-flagranti-by-der-duft-caught-in-the-act\/","name":"In Flagranti by DER DUFT - Caught in the act","isPartOf":{"@id":"https:\/\/www.alzd.de\/en\/#website"},"primaryImageOfPage":{"@id":"https:\/\/www.alzd.de\/en\/2024\/01\/26\/in-flagranti-by-der-duft-caught-in-the-act\/#primaryimage"},"image":{"@id":"https:\/\/www.alzd.de\/en\/2024\/01\/26\/in-flagranti-by-der-duft-caught-in-the-act\/#primaryimage"},"thumbnailUrl":"https:\/\/www.alzd.de\/wp-content\/2024\/01\/bbduong-ngan-LJMBVQSUfvk-unsplash.jpg","datePublished":"2024-01-26T06:30:00+00:00","description":"Almost a year ago, I introduced you to the DER DUFT label here, and today we are introducing the eighth fragrance, In Flagranti.","breadcrumb":{"@id":"https:\/\/www.alzd.de\/en\/2024\/01\/26\/in-flagranti-by-der-duft-caught-in-the-act\/#breadcrumb"},"inLanguage":"en-US","potentialAction":[{"@type":"ReadAction","target":["https:\/\/www.alzd.de\/en\/2024\/01\/26\/in-flagranti-by-der-duft-caught-in-the-act\/"]}]},{"@type":"ImageObject","inLanguage":"en-US","@id":"https:\/\/www.alzd.de\/en\/2024\/01\/26\/in-flagranti-by-der-duft-caught-in-the-act\/#primaryimage","url":"https:\/\/www.alzd.de\/wp-content\/2024\/01\/bbduong-ngan-LJMBVQSUfvk-unsplash.jpg","contentUrl":"https:\/\/www.alzd.de\/wp-content\/2024\/01\/bbduong-ngan-LJMBVQSUfvk-unsplash.jpg","width":720,"height":400},{"@type":"BreadcrumbList","@id":"https:\/\/www.alzd.de\/en\/2024\/01\/26\/in-flagranti-by-der-duft-caught-in-the-act\/#breadcrumb","itemListElement":[{"@type":"ListItem","position":1,"name":"Startseite","item":"https:\/\/www.alzd.de\/en\/"},{"@type":"ListItem","position":2,"name":"In Flagranti by DER DUFT &#8211; Caught in the act"}]},{"@type":"WebSite","@id":"https:\/\/www.alzd.de\/en\/#website","url":"https:\/\/www.alzd.de\/en\/","name":"Das Duft-Tagebuch","description":"Das Parfumblog von Aus Liebe zum Duft","publisher":{"@id":"https:\/\/www.alzd.de\/en\/#organization"},"potentialAction":[{"@type":"SearchAction","target":{"@type":"EntryPoint","urlTemplate":"https:\/\/www.alzd.de\/en\/?s={search_term_string}"},"query-input":{"@type":"PropertyValueSpecification","valueRequired":true,"valueName":"search_term_string"}}],"inLanguage":"en-US"},{"@type":"Organization","@id":"https:\/\/www.alzd.de\/en\/#organization","name":"Das Duft-Tagebuch","url":"https:\/\/www.alzd.de\/en\/","logo":{"@type":"ImageObject","inLanguage":"en-US","@id":"https:\/\/www.alzd.de\/en\/#\/schema\/logo\/image\/","url":"https:\/\/www.alzd.de\/wp-content\/2023\/08\/alzd_dufttagebuch.png","contentUrl":"https:\/\/www.alzd.de\/wp-content\/2023\/08\/alzd_dufttagebuch.png","width":1804,"height":416,"caption":"Das Duft-Tagebuch"},"image":{"@id":"https:\/\/www.alzd.de\/en\/#\/schema\/logo\/image\/"},"sameAs":["https:\/\/www.facebook.com\/dufttagebuch\/","https:\/\/x.com\/ausliebezumduft","https:\/\/www.instagram.com\/ausliebezumduft.de\/","https:\/\/www.youtube.com\/c\/ausliebezumduft"]},{"@type":"Person","@id":"https:\/\/www.alzd.de\/en\/#\/schema\/person\/8efcd8f02447fdbe8f29ad465897d04e","name":"Julia Bir\u00f3","image":{"@type":"ImageObject","inLanguage":"en-US","@id":"https:\/\/www.alzd.de\/wp-content\/2018\/02\/cropped-cropped-mitarbeiterbilder_steffi--96x96.jpg","url":"https:\/\/www.alzd.de\/wp-content\/2018\/02\/cropped-cropped-mitarbeiterbilder_steffi--96x96.jpg","contentUrl":"https:\/\/www.alzd.de\/wp-content\/2018\/02\/cropped-cropped-mitarbeiterbilder_steffi--96x96.jpg","caption":"Julia Bir\u00f3"},"description":"Bereits 2010 gingen so einige Blogbeitr\u00e4ge auf mein Konto. Dann war ich \u201ekurz\u201c weg \u2013 sechs Jahre. Umso mehr freut es mich, dass ich nun wieder die Chance bekomme, mein N\u00e4schen im Dienste der Duftrezension schnuppern zu lassen und eifrig in die Tasten zu hauen. Was Nischend\u00fcfte angeht, habe ich damals \u00fcbrigens schnell Feuer gefangen. Meine Ausbildung tat dazu ihr \u00dcbriges: Als diplomierte Biologin kenne ich mich nicht nur mit Fauna und Flora, sondern auch recht gut mit der Herstellung von \u00d6len und Extrakten aus, was den Reiz der Parfumwelt nat\u00fcrlich noch gr\u00f6\u00dfer macht.","sameAs":["https:\/\/biro.is\/","https:\/\/www.facebook.com\/stephanie.tkaczik"],"url":"https:\/\/www.alzd.de\/en\/author\/stephanie\/"}]}},"wp-worthy-pixel":{"ignored":false,"public":null,"server":null,"url":null},"wp-worthy-type":"normal","_links":{"self":[{"href":"https:\/\/www.alzd.de\/en\/wp-json\/wp\/v2\/posts\/114227","targetHints":{"allow":["GET"]}}],"collection":[{"href":"https:\/\/www.alzd.de\/en\/wp-json\/wp\/v2\/posts"}],"about":[{"href":"https:\/\/www.alzd.de\/en\/wp-json\/wp\/v2\/types\/post"}],"author":[{"embeddable":true,"href":"https:\/\/www.alzd.de\/en\/wp-json\/wp\/v2\/users\/535"}],"replies":[{"embeddable":true,"href":"https:\/\/www.alzd.de\/en\/wp-json\/wp\/v2\/comments?post=114227"}],"version-history":[{"count":1,"href":"https:\/\/www.alzd.de\/en\/wp-json\/wp\/v2\/posts\/114227\/revisions"}],"predecessor-version":[{"id":114228,"href":"https:\/\/www.alzd.de\/en\/wp-json\/wp\/v2\/posts\/114227\/revisions\/114228"}],"wp:featuredmedia":[{"embeddable":true,"href":"https:\/\/www.alzd.de\/en\/wp-json\/wp\/v2\/media\/114200"}],"wp:attachment":[{"href":"https:\/\/www.alzd.de\/en\/wp-json\/wp\/v2\/media?parent=114227"}],"wp:term":[{"taxonomy":"category","embeddable":true,"href":"https:\/\/www.alzd.de\/en\/wp-json\/wp\/v2\/categories?post=114227"},{"taxonomy":"post_tag","embeddable":true,"href":"https:\/\/www.alzd.de\/en\/wp-json\/wp\/v2\/tags?post=114227"}],"curies":[{"name":"wp","href":"https:\/\/api.w.org\/{rel}","templated":true}]}}