{"id":113530,"date":"2023-12-29T12:25:56","date_gmt":"2023-12-29T11:25:56","guid":{"rendered":"https:\/\/www.alzd.de\/2023\/12\/29\/naki-tierra-and-vitias-by-pernoire-olfactory-personalities\/"},"modified":"2023-12-29T12:37:29","modified_gmt":"2023-12-29T11:37:29","slug":"naki-tierra-and-vitias-by-pernoire-olfactory-personalities","status":"publish","type":"post","link":"https:\/\/www.alzd.de\/en\/2023\/12\/29\/naki-tierra-and-vitias-by-pernoire-olfactory-personalities\/","title":{"rendered":"Naki, Tierra and Vitias by pernoire &#8211; Olfactory personalities"},"content":{"rendered":"\n<p>My fourth and, for the time being, last contribution to the Swiss niche fragrance brand <a href=\"https:\/\/www.ausliebezumduft.de\/fragrances\/pernoire.html\" target=\"_blank\" rel=\"noreferrer noopener\">pernoire<\/a> comprises three more extraits de parfum, namely <a href=\"https:\/\/www.ausliebezumduft.de\/pernoire-naki.html\" target=\"_blank\" rel=\"noreferrer noopener\">Naki<\/a>, <a href=\"https:\/\/www.ausliebezumduft.de\/pernoire-tierra.html\" target=\"_blank\" rel=\"noreferrer noopener\">Tierra<\/a> and <a href=\"https:\/\/www.ausliebezumduft.de\/pernoire-vitias.html\" target=\"_blank\" rel=\"noreferrer noopener\">Vitias<\/a>. All three previous articles are linked below. Here you can find out all about the brand itself and the first three creations <a href=\"https:\/\/www.ausliebezumduft.de\/pernoire-amoral.html\" target=\"_blank\" rel=\"noreferrer noopener\">Amoral<\/a>, <a href=\"https:\/\/www.ausliebezumduft.de\/pernoire-mansa.html\" target=\"_blank\" rel=\"noreferrer noopener\">Mansa<\/a> and <a href=\"https:\/\/www.ausliebezumduft.de\/pernoire-masar.html\" target=\"_blank\" rel=\"noreferrer noopener\">Masar<\/a>.<\/p>\n\n<ul class=\"wp-block-list\">\n<li><a href=\"https:\/\/www.alzd.de\/en\/2023\/12\/21\/interview-with-pernoire-swiss-fragrance-art\/\">Interview with Pernoire &#8211; Swiss fragrance art<\/a><\/li>\n\n\n\n<li><a href=\"https:\/\/www.alzd.de\/en\/2023\/12\/22\/interview-with-nico-mannino-and-robin-duenner-from-pernoire-part-ii\/\">Interview with Nico Mannino and Robin D\u00fcnner from pernoire &#8211; Part II<\/a><\/li>\n\n\n\n<li><a href=\"https:\/\/www.alzd.de\/en\/2023\/12\/27\/amoral-mansa-and-masar-by-pernoire-made-in-switzerland\/\">Amoral, Mansa and Masar by pernoire &#8211; Made in Switzerland<\/a><\/li>\n<\/ul>\n<div class=\"wp-block-image\">\n<figure class=\"aligncenter size-large\"><img decoding=\"async\" width=\"863\" height=\"1080\" src=\"https:\/\/www.alzd.de\/wp-content\/2023\/12\/Bildschirmfoto-vom-2023-12-28-11-21-27-863x1080.jpg\" alt=\"pernoire - Naki\" class=\"wp-image-113496\" title=\"pernoire - Naki\" srcset=\"https:\/\/www.alzd.de\/wp-content\/2023\/12\/Bildschirmfoto-vom-2023-12-28-11-21-27-863x1080.jpg 863w, https:\/\/www.alzd.de\/wp-content\/2023\/12\/Bildschirmfoto-vom-2023-12-28-11-21-27-576x720.jpg 576w, https:\/\/www.alzd.de\/wp-content\/2023\/12\/Bildschirmfoto-vom-2023-12-28-11-21-27-288x360.jpg 288w, https:\/\/www.alzd.de\/wp-content\/2023\/12\/Bildschirmfoto-vom-2023-12-28-11-21-27-768x961.jpg 768w, https:\/\/www.alzd.de\/wp-content\/2023\/12\/Bildschirmfoto-vom-2023-12-28-11-21-27.jpg 1004w\" sizes=\"(max-width: 863px) 100vw, 863px\" \/><figcaption class=\"wp-element-caption\">Naki from <a href=\"https:\/\/www.instagram.com\/pernoire.official\/\" target=\"_blank\" rel=\"noreferrer noopener\">Instagram<\/a><\/figcaption><\/figure>\n<\/div>\n<h2 class=\"wp-block-heading\">Naki &#8211; Fragrant innocence<\/h2>\n\n<p>The Naki creation was developed in collaboration with Swiss figure skater Kimmy Repond, who has won several medals in recent years and has made a name for herself internationally. Admittedly, I&#8217;m not really familiar with this sport, which is why the name <a href=\"https:\/\/de.wikipedia.org\/wiki\/Kimmy_Repond\" target=\"_blank\" rel=\"noreferrer noopener\">Kimmy Repond<\/a> didn&#8217;t mean anything to me at first. She was born in Basel in 2006 and was already on skates at the tender age of four. <\/p>\n\n<p>Andreas Wilhelm was responsible for the olfactory realization of the extrait de parfum by pernoire and used the ingredients <strong>aldehydes, peach, almond blossom, passion fruit (passion fruit), fig leaves, sandalwood, white flowers, osmanthus, white musk, vanilla<\/strong> and <strong>maritime notes<\/strong>.<\/p>\n\n<blockquote class=\"wp-block-quote is-layout-flow wp-block-quote-is-layout-flow\">\n<p>The origin of every soul lies in its pure and untouched essence. As we get older, external influences can affect the purity of our souls. However, when we look back at our beginnings, we often recognize our light-heartedness and our good faith. These characteristics are often forgotten in old age and replaced by skepticism and mistrust based on various experiences. But this purity and impartiality that was present in each of us is the key to a healthy society. It is the essence of pure and eternal youth.<\/p>\n<\/blockquote>\n<div class=\"wp-block-image\">\n<figure class=\"aligncenter size-full\"><img decoding=\"async\" width=\"1080\" height=\"1080\" src=\"https:\/\/www.alzd.de\/wp-content\/2023\/12\/pernoire5-1.jpeg\" alt=\"pernoire - Naki\" class=\"wp-image-113502\" title=\"pernoire - Naki\" srcset=\"https:\/\/www.alzd.de\/wp-content\/2023\/12\/pernoire5-1.jpeg 1080w, https:\/\/www.alzd.de\/wp-content\/2023\/12\/pernoire5-1-720x720.jpeg 720w, https:\/\/www.alzd.de\/wp-content\/2023\/12\/pernoire5-1-360x360.jpeg 360w, https:\/\/www.alzd.de\/wp-content\/2023\/12\/pernoire5-1-768x768.jpeg 768w\" sizes=\"(max-width: 1080px) 100vw, 1080px\" \/><\/figure>\n<\/div>\n<p>Fruity aldehydes meet greenish fig, a velvety-tropical combination of peach and passion fruit, accompanied by a wonderful white floral creaminess accentuated with the finest musk powder and lovely vanilla sprinkles. For me, Naki smells wonderfully of spring and summer, radiating a rousing light-heartedness and nonchalance that immediately puts me in a good mood. Gradually, maritime, salty notes creep into the composition like a cool breeze blowing in from the sea. A beautiful, airy and transparent summer fragrance with great fruity and floral accents that is best worn on any occasion during the warm season. <\/p>\n\n<div class=\"wp-block-buttons is-content-justification-center is-layout-flex wp-container-core-buttons-is-layout-16018d1d wp-block-buttons-is-layout-flex\">\n<div class=\"wp-block-button has-custom-width wp-block-button__width-50\"><a class=\"wp-block-button__link has-white-color has-text-color has-background has-link-color wp-element-button\" href=\"https:\/\/www.ausliebezumduft.de\/pernoire-naki.html\" style=\"background-color:#575757\" target=\"_blank\" rel=\"noreferrer noopener\"><strong>Naki<\/strong><\/a><\/div>\n<\/div>\n\n<div style=\"height:100px\" aria-hidden=\"true\" class=\"wp-block-spacer\"><\/div>\n\n<h2 class=\"wp-block-heading\">Tierra &#8211; A rum in honor <\/h2>\n\n<p>&#8230; no one can refuse. At least not when it is served in the form of Tierra. The spirit should be the guiding theme of the composition, which is of course also reflected in the fragrance notes. <strong>Rum, vanilla, spices, benzoin resin, red berries<\/strong> and <strong>agarwood (oud)<\/strong> sound exactly to my taste. <\/p>\n\n<blockquote class=\"wp-block-quote is-layout-flow wp-block-quote-is-layout-flow\">\n<p>Nico Mannino&#8217;s father played an important role in the development of Tierra. He is an enthusiastic rum connoisseur and Nico caught the scent of an aged Colombian rum. Fascinated by the scent of this rum, Nico used this moment as inspiration to create Tierra, with the said aged rum as its essence.<\/p>\n<\/blockquote>\n<div class=\"wp-block-image\">\n<figure class=\"aligncenter size-full\"><img decoding=\"async\" width=\"1080\" height=\"1080\" src=\"https:\/\/www.alzd.de\/wp-content\/2023\/12\/tierra.jpeg\" alt=\"pernoire - Tierra\" class=\"wp-image-113513\" title=\"pernoire - Tierra\" srcset=\"https:\/\/www.alzd.de\/wp-content\/2023\/12\/tierra.jpeg 1080w, https:\/\/www.alzd.de\/wp-content\/2023\/12\/tierra-720x720.jpeg 720w, https:\/\/www.alzd.de\/wp-content\/2023\/12\/tierra-360x360.jpeg 360w, https:\/\/www.alzd.de\/wp-content\/2023\/12\/tierra-768x768.jpeg 768w\" sizes=\"(max-width: 1080px) 100vw, 1080px\" \/><\/figure>\n<\/div>\n<p>In the opening of Tierra, the oud first shows its magnificent side. Animalic, peaty-leathery and dark, profound, mysterious and also a little wicked. The rather cool agarwood is soon joined by lovely vanilla and creamy-sweet benzoin resin, soothing the effervescent notes of the precious incense and lending it a certain softness and warmth. Now the rum also appears in the fragrance. Its liqueur-like nuances flow into the composition, beautifully surrounding the vanilla-creamy oud. Here and there, dark, tangy fruit nuances flash up in the creation, providing exciting accents. Perfect for anyone who loves a gourmand, spicy and lovely fragrance with boozy rum and edgy agarwood. <\/p>\n\n<div class=\"wp-block-buttons is-content-justification-center is-layout-flex wp-container-core-buttons-is-layout-16018d1d wp-block-buttons-is-layout-flex\">\n<div class=\"wp-block-button has-custom-width wp-block-button__width-50\"><a class=\"wp-block-button__link has-white-color has-text-color has-background has-link-color wp-element-button\" href=\"https:\/\/www.ausliebezumduft.de\/pernoire-tierra.html\" style=\"background-color:#575757\" target=\"_blank\" rel=\"noreferrer noopener\"><strong>Tierra<\/strong><\/a><\/div>\n<\/div>\n\n<div style=\"height:100px\" aria-hidden=\"true\" class=\"wp-block-spacer\"><\/div>\n\n<h2 class=\"wp-block-heading\">Vitias &#8211; Into the Deep<\/h2>\n\n<p><strong>Bergamot, lime, pink pepper, black pepper, angelica, iris, woods, guaiac wood, maritime notes, ambergris<\/strong> and <strong>white musk<\/strong> are the ingredients of Vitias, a fragrance that transports us to the depths of the Pacific. The so-called <a href=\"https:\/\/de.wikipedia.org\/wiki\/Witjastief_1\" target=\"_blank\" rel=\"noreferrer noopener\">Witjastief 1<\/a> is &#8220;the deepest known point of the Mariana Trench&#8221;. <\/p>\n\n<blockquote class=\"wp-block-quote is-layout-flow wp-block-quote-is-layout-flow\">\n<p>The first kiss on a date at the beach is something very special that you will never forget. The salty sea breeze, the warm sun, the gentle touch of lips. Magic in the air, embodied in Vitias, named after the deepest point of the Pacific Ocean, which reflects the deep connection between two people.<\/p>\n<\/blockquote>\n<div class=\"wp-block-image\">\n<figure class=\"aligncenter size-full\"><img decoding=\"async\" width=\"1080\" height=\"1080\" src=\"https:\/\/www.alzd.de\/wp-content\/2023\/12\/pernoire2-1.jpeg\" alt=\"pernoire - Vitias\" class=\"wp-image-113500\" title=\"pernoire - Vitias\" srcset=\"https:\/\/www.alzd.de\/wp-content\/2023\/12\/pernoire2-1.jpeg 1080w, https:\/\/www.alzd.de\/wp-content\/2023\/12\/pernoire2-1-720x720.jpeg 720w, https:\/\/www.alzd.de\/wp-content\/2023\/12\/pernoire2-1-360x360.jpeg 360w, https:\/\/www.alzd.de\/wp-content\/2023\/12\/pernoire2-1-768x768.jpeg 768w\" sizes=\"(max-width: 1080px) 100vw, 1080px\" \/><\/figure>\n<\/div>\n<p>With citrusy-fresh notes, Vitias initially strikes me more as a fragrance that takes me to airy heights than to the depths of the Pacific. The extrait de parfum is very light, summery, almost cologne-like. Pepper, angelica and woods bring nuances to the fragrance that almost remind me of juniper and thus breathe subtle gin and tonic accents into the creation. Can&#8217;t I hear the ice cubes clinking quietly? I really like this combination of citrus fruits, spices and woody notes, even if I still don&#8217;t see myself in the deep sea. Guaiac wood provides subtle smoky-powdery moments that harmonize wonderfully with iris and musk. A salty, maritime coolness pervades the composition, which continues to be dominated by bright, tangy yet transparent citrus fruits. A wonderful summer fragrance with G&amp;T vibes and the finest marine facets that can be worn anywhere and at any time. <\/p>\n\n<div class=\"wp-block-buttons is-content-justification-center is-layout-flex wp-container-core-buttons-is-layout-16018d1d wp-block-buttons-is-layout-flex\">\n<div class=\"wp-block-button has-custom-width wp-block-button__width-50\"><a class=\"wp-block-button__link has-white-color has-text-color has-background has-link-color wp-element-button\" href=\"https:\/\/www.ausliebezumduft.de\/pernoire-vitias.html\" style=\"background-color:#575757\" target=\"_blank\" rel=\"noreferrer noopener\"><strong>Vitias<\/strong><\/a><\/div>\n<\/div>\n","protected":false},"excerpt":{"rendered":"<p>My fourth and, for the time being, last contribution to the Swiss niche fragrance brand pernoire comprises three more extraits de parfum, namely Naki, Tierra and Vitias. All&#8230;<\/p>\n<div class=\"more-link-wrapper\"><a class=\"more-link\" href=\"https:\/\/www.alzd.de\/en\/2023\/12\/29\/naki-tierra-and-vitias-by-pernoire-olfactory-personalities\/\">WEITERLESEN<span class=\"screen-reader-text\">Naki, Tierra and Vitias by pernoire &#8211; Olfactory personalities<\/span><\/a><\/div>\n","protected":false},"author":535,"featured_media":113528,"comment_status":"open","ping_status":"closed","sticky":false,"template":"","format":"standard","meta":{"footnotes":""},"categories":[1149,1151,1117,1155,1156,1158,1113,1114],"tags":[1722,1667,1952],"class_list":["post-113530","post","type-post","status-publish","format-standard","has-post-thumbnail","hentry","category-amber-resins","category-flowers","category-fragrances","category-fruity","category-gourmand-en","category-hesperidian","category-spicy","category-woody","tag-andreas-wilhelm-en","tag-oud-en","tag-pernoire-en","excerpt","zoom","full-without-featured","even","excerpt-0"],"yoast_head":"<!-- This site is optimized with the Yoast SEO plugin v27.5 - https:\/\/yoast.com\/product\/yoast-seo-wordpress\/ -->\n<title>Naki, Tierra and Vitias by pernoire - Duft-Tagebuch<\/title>\n<meta name=\"description\" content=\"My fourth contribution to the Swiss niche fragrance brand pernoire includes three more extraits de parfum, namely Naki, Tierra and Vitias.\" \/>\n<meta name=\"robots\" content=\"index, follow, max-snippet:-1, max-image-preview:large, max-video-preview:-1\" \/>\n<link rel=\"canonical\" href=\"https:\/\/www.alzd.de\/en\/2023\/12\/29\/naki-tierra-and-vitias-by-pernoire-olfactory-personalities\/\" \/>\n<meta property=\"og:locale\" content=\"en_US\" \/>\n<meta property=\"og:type\" content=\"article\" \/>\n<meta property=\"og:title\" content=\"Naki, Tierra and Vitias by pernoire - Duft-Tagebuch\" \/>\n<meta property=\"og:url\" content=\"https:\/\/www.alzd.de\/en\/2023\/12\/29\/naki-tierra-and-vitias-by-pernoire-olfactory-personalities\/\" \/>\n<meta property=\"og:site_name\" content=\"Das Duft-Tagebuch\" \/>\n<meta property=\"article:publisher\" content=\"https:\/\/www.facebook.com\/dufttagebuch\/\" \/>\n<meta property=\"article:author\" content=\"https:\/\/www.facebook.com\/stephanie.tkaczik\" \/>\n<meta property=\"article:published_time\" content=\"2023-12-29T11:25:56+00:00\" \/>\n<meta property=\"article:modified_time\" content=\"2023-12-29T11:37:29+00:00\" \/>\n<meta property=\"og:image\" content=\"https:\/\/www.alzd.de\/wp-content\/2023\/12\/bbBildschirmfoto-vom-2023-12-28-11-21-27.jpg\" \/>\n\t<meta property=\"og:image:width\" content=\"719\" \/>\n\t<meta property=\"og:image:height\" content=\"400\" \/>\n\t<meta property=\"og:image:type\" content=\"image\/jpeg\" \/>\n<meta name=\"author\" content=\"Julia Bir\u00f3\" \/>\n<meta name=\"twitter:card\" content=\"summary_large_image\" \/>\n<meta name=\"twitter:creator\" content=\"@ausliebezumduft\" \/>\n<meta name=\"twitter:site\" content=\"@ausliebezumduft\" \/>\n<script type=\"application\/ld+json\" class=\"yoast-schema-graph\">{\"@context\":\"https:\\\/\\\/schema.org\",\"@graph\":[{\"@type\":\"Article\",\"@id\":\"https:\\\/\\\/www.alzd.de\\\/en\\\/2023\\\/12\\\/29\\\/naki-tierra-and-vitias-by-pernoire-olfactory-personalities\\\/#article\",\"isPartOf\":{\"@id\":\"https:\\\/\\\/www.alzd.de\\\/en\\\/2023\\\/12\\\/29\\\/naki-tierra-and-vitias-by-pernoire-olfactory-personalities\\\/\"},\"author\":{\"name\":\"Julia Bir\u00f3\",\"@id\":\"https:\\\/\\\/www.alzd.de\\\/en\\\/#\\\/schema\\\/person\\\/8efcd8f02447fdbe8f29ad465897d04e\"},\"headline\":\"Naki, Tierra and Vitias by pernoire &#8211; Olfactory personalities\",\"datePublished\":\"2023-12-29T11:25:56+00:00\",\"dateModified\":\"2023-12-29T11:37:29+00:00\",\"mainEntityOfPage\":{\"@id\":\"https:\\\/\\\/www.alzd.de\\\/en\\\/2023\\\/12\\\/29\\\/naki-tierra-and-vitias-by-pernoire-olfactory-personalities\\\/\"},\"wordCount\":860,\"commentCount\":0,\"publisher\":{\"@id\":\"https:\\\/\\\/www.alzd.de\\\/en\\\/#organization\"},\"image\":{\"@id\":\"https:\\\/\\\/www.alzd.de\\\/en\\\/2023\\\/12\\\/29\\\/naki-tierra-and-vitias-by-pernoire-olfactory-personalities\\\/#primaryimage\"},\"thumbnailUrl\":\"https:\\\/\\\/www.alzd.de\\\/wp-content\\\/2023\\\/12\\\/bbBildschirmfoto-vom-2023-12-28-11-21-27.jpg\",\"keywords\":[\"Andreas Wilhelm\",\"Oud\",\"pernoire\"],\"articleSection\":[\"Amber &amp; Resins\",\"Flowers\",\"Fragrances\",\"Fruity\",\"Gourmand\",\"Hesperidian\",\"Spicy\",\"Woody\"],\"inLanguage\":\"en-US\",\"potentialAction\":[{\"@type\":\"CommentAction\",\"name\":\"Comment\",\"target\":[\"https:\\\/\\\/www.alzd.de\\\/en\\\/2023\\\/12\\\/29\\\/naki-tierra-and-vitias-by-pernoire-olfactory-personalities\\\/#respond\"]}]},{\"@type\":\"WebPage\",\"@id\":\"https:\\\/\\\/www.alzd.de\\\/en\\\/2023\\\/12\\\/29\\\/naki-tierra-and-vitias-by-pernoire-olfactory-personalities\\\/\",\"url\":\"https:\\\/\\\/www.alzd.de\\\/en\\\/2023\\\/12\\\/29\\\/naki-tierra-and-vitias-by-pernoire-olfactory-personalities\\\/\",\"name\":\"Naki, Tierra and Vitias by pernoire - Duft-Tagebuch\",\"isPartOf\":{\"@id\":\"https:\\\/\\\/www.alzd.de\\\/en\\\/#website\"},\"primaryImageOfPage\":{\"@id\":\"https:\\\/\\\/www.alzd.de\\\/en\\\/2023\\\/12\\\/29\\\/naki-tierra-and-vitias-by-pernoire-olfactory-personalities\\\/#primaryimage\"},\"image\":{\"@id\":\"https:\\\/\\\/www.alzd.de\\\/en\\\/2023\\\/12\\\/29\\\/naki-tierra-and-vitias-by-pernoire-olfactory-personalities\\\/#primaryimage\"},\"thumbnailUrl\":\"https:\\\/\\\/www.alzd.de\\\/wp-content\\\/2023\\\/12\\\/bbBildschirmfoto-vom-2023-12-28-11-21-27.jpg\",\"datePublished\":\"2023-12-29T11:25:56+00:00\",\"dateModified\":\"2023-12-29T11:37:29+00:00\",\"description\":\"My fourth contribution to the Swiss niche fragrance brand pernoire includes three more extraits de parfum, namely Naki, Tierra and Vitias.\",\"breadcrumb\":{\"@id\":\"https:\\\/\\\/www.alzd.de\\\/en\\\/2023\\\/12\\\/29\\\/naki-tierra-and-vitias-by-pernoire-olfactory-personalities\\\/#breadcrumb\"},\"inLanguage\":\"en-US\",\"potentialAction\":[{\"@type\":\"ReadAction\",\"target\":[\"https:\\\/\\\/www.alzd.de\\\/en\\\/2023\\\/12\\\/29\\\/naki-tierra-and-vitias-by-pernoire-olfactory-personalities\\\/\"]}]},{\"@type\":\"ImageObject\",\"inLanguage\":\"en-US\",\"@id\":\"https:\\\/\\\/www.alzd.de\\\/en\\\/2023\\\/12\\\/29\\\/naki-tierra-and-vitias-by-pernoire-olfactory-personalities\\\/#primaryimage\",\"url\":\"https:\\\/\\\/www.alzd.de\\\/wp-content\\\/2023\\\/12\\\/bbBildschirmfoto-vom-2023-12-28-11-21-27.jpg\",\"contentUrl\":\"https:\\\/\\\/www.alzd.de\\\/wp-content\\\/2023\\\/12\\\/bbBildschirmfoto-vom-2023-12-28-11-21-27.jpg\",\"width\":719,\"height\":400},{\"@type\":\"BreadcrumbList\",\"@id\":\"https:\\\/\\\/www.alzd.de\\\/en\\\/2023\\\/12\\\/29\\\/naki-tierra-and-vitias-by-pernoire-olfactory-personalities\\\/#breadcrumb\",\"itemListElement\":[{\"@type\":\"ListItem\",\"position\":1,\"name\":\"Startseite\",\"item\":\"https:\\\/\\\/www.alzd.de\\\/en\\\/\"},{\"@type\":\"ListItem\",\"position\":2,\"name\":\"Naki, Tierra and Vitias by pernoire &#8211; Olfactory personalities\"}]},{\"@type\":\"WebSite\",\"@id\":\"https:\\\/\\\/www.alzd.de\\\/en\\\/#website\",\"url\":\"https:\\\/\\\/www.alzd.de\\\/en\\\/\",\"name\":\"Das Duft-Tagebuch\",\"description\":\"Das Parfumblog von Aus Liebe zum Duft\",\"publisher\":{\"@id\":\"https:\\\/\\\/www.alzd.de\\\/en\\\/#organization\"},\"potentialAction\":[{\"@type\":\"SearchAction\",\"target\":{\"@type\":\"EntryPoint\",\"urlTemplate\":\"https:\\\/\\\/www.alzd.de\\\/en\\\/?s={search_term_string}\"},\"query-input\":{\"@type\":\"PropertyValueSpecification\",\"valueRequired\":true,\"valueName\":\"search_term_string\"}}],\"inLanguage\":\"en-US\"},{\"@type\":\"Organization\",\"@id\":\"https:\\\/\\\/www.alzd.de\\\/en\\\/#organization\",\"name\":\"Das Duft-Tagebuch\",\"url\":\"https:\\\/\\\/www.alzd.de\\\/en\\\/\",\"logo\":{\"@type\":\"ImageObject\",\"inLanguage\":\"en-US\",\"@id\":\"https:\\\/\\\/www.alzd.de\\\/en\\\/#\\\/schema\\\/logo\\\/image\\\/\",\"url\":\"https:\\\/\\\/www.alzd.de\\\/wp-content\\\/2023\\\/08\\\/alzd_dufttagebuch.png\",\"contentUrl\":\"https:\\\/\\\/www.alzd.de\\\/wp-content\\\/2023\\\/08\\\/alzd_dufttagebuch.png\",\"width\":1804,\"height\":416,\"caption\":\"Das Duft-Tagebuch\"},\"image\":{\"@id\":\"https:\\\/\\\/www.alzd.de\\\/en\\\/#\\\/schema\\\/logo\\\/image\\\/\"},\"sameAs\":[\"https:\\\/\\\/www.facebook.com\\\/dufttagebuch\\\/\",\"https:\\\/\\\/x.com\\\/ausliebezumduft\",\"https:\\\/\\\/www.instagram.com\\\/ausliebezumduft.de\\\/\",\"https:\\\/\\\/www.youtube.com\\\/c\\\/ausliebezumduft\"]},{\"@type\":\"Person\",\"@id\":\"https:\\\/\\\/www.alzd.de\\\/en\\\/#\\\/schema\\\/person\\\/8efcd8f02447fdbe8f29ad465897d04e\",\"name\":\"Julia Bir\u00f3\",\"image\":{\"@type\":\"ImageObject\",\"inLanguage\":\"en-US\",\"@id\":\"https:\\\/\\\/www.alzd.de\\\/wp-content\\\/2018\\\/02\\\/cropped-cropped-mitarbeiterbilder_steffi--96x96.jpg\",\"url\":\"https:\\\/\\\/www.alzd.de\\\/wp-content\\\/2018\\\/02\\\/cropped-cropped-mitarbeiterbilder_steffi--96x96.jpg\",\"contentUrl\":\"https:\\\/\\\/www.alzd.de\\\/wp-content\\\/2018\\\/02\\\/cropped-cropped-mitarbeiterbilder_steffi--96x96.jpg\",\"caption\":\"Julia Bir\u00f3\"},\"description\":\"Bereits 2010 gingen so einige Blogbeitr\u00e4ge auf mein Konto. Dann war ich \u201ekurz\u201c weg \u2013 sechs Jahre. Umso mehr freut es mich, dass ich nun wieder die Chance bekomme, mein N\u00e4schen im Dienste der Duftrezension schnuppern zu lassen und eifrig in die Tasten zu hauen. Was Nischend\u00fcfte angeht, habe ich damals \u00fcbrigens schnell Feuer gefangen. Meine Ausbildung tat dazu ihr \u00dcbriges: Als diplomierte Biologin kenne ich mich nicht nur mit Fauna und Flora, sondern auch recht gut mit der Herstellung von \u00d6len und Extrakten aus, was den Reiz der Parfumwelt nat\u00fcrlich noch gr\u00f6\u00dfer macht.\",\"sameAs\":[\"https:\\\/\\\/biro.is\\\/\",\"https:\\\/\\\/www.facebook.com\\\/stephanie.tkaczik\"],\"url\":\"https:\\\/\\\/www.alzd.de\\\/en\\\/author\\\/stephanie\\\/\"}]}<\/script>\n<!-- \/ Yoast SEO plugin. -->","yoast_head_json":{"title":"Naki, Tierra and Vitias by pernoire - Duft-Tagebuch","description":"My fourth contribution to the Swiss niche fragrance brand pernoire includes three more extraits de parfum, namely Naki, Tierra and Vitias.","robots":{"index":"index","follow":"follow","max-snippet":"max-snippet:-1","max-image-preview":"max-image-preview:large","max-video-preview":"max-video-preview:-1"},"canonical":"https:\/\/www.alzd.de\/en\/2023\/12\/29\/naki-tierra-and-vitias-by-pernoire-olfactory-personalities\/","og_locale":"en_US","og_type":"article","og_title":"Naki, Tierra and Vitias by pernoire - Duft-Tagebuch","og_url":"https:\/\/www.alzd.de\/en\/2023\/12\/29\/naki-tierra-and-vitias-by-pernoire-olfactory-personalities\/","og_site_name":"Das Duft-Tagebuch","article_publisher":"https:\/\/www.facebook.com\/dufttagebuch\/","article_author":"https:\/\/www.facebook.com\/stephanie.tkaczik","article_published_time":"2023-12-29T11:25:56+00:00","article_modified_time":"2023-12-29T11:37:29+00:00","og_image":[{"width":719,"height":400,"url":"https:\/\/www.alzd.de\/wp-content\/2023\/12\/bbBildschirmfoto-vom-2023-12-28-11-21-27.jpg","type":"image\/jpeg"}],"author":"Julia Bir\u00f3","twitter_card":"summary_large_image","twitter_creator":"@ausliebezumduft","twitter_site":"@ausliebezumduft","schema":{"@context":"https:\/\/schema.org","@graph":[{"@type":"Article","@id":"https:\/\/www.alzd.de\/en\/2023\/12\/29\/naki-tierra-and-vitias-by-pernoire-olfactory-personalities\/#article","isPartOf":{"@id":"https:\/\/www.alzd.de\/en\/2023\/12\/29\/naki-tierra-and-vitias-by-pernoire-olfactory-personalities\/"},"author":{"name":"Julia Bir\u00f3","@id":"https:\/\/www.alzd.de\/en\/#\/schema\/person\/8efcd8f02447fdbe8f29ad465897d04e"},"headline":"Naki, Tierra and Vitias by pernoire &#8211; Olfactory personalities","datePublished":"2023-12-29T11:25:56+00:00","dateModified":"2023-12-29T11:37:29+00:00","mainEntityOfPage":{"@id":"https:\/\/www.alzd.de\/en\/2023\/12\/29\/naki-tierra-and-vitias-by-pernoire-olfactory-personalities\/"},"wordCount":860,"commentCount":0,"publisher":{"@id":"https:\/\/www.alzd.de\/en\/#organization"},"image":{"@id":"https:\/\/www.alzd.de\/en\/2023\/12\/29\/naki-tierra-and-vitias-by-pernoire-olfactory-personalities\/#primaryimage"},"thumbnailUrl":"https:\/\/www.alzd.de\/wp-content\/2023\/12\/bbBildschirmfoto-vom-2023-12-28-11-21-27.jpg","keywords":["Andreas Wilhelm","Oud","pernoire"],"articleSection":["Amber &amp; Resins","Flowers","Fragrances","Fruity","Gourmand","Hesperidian","Spicy","Woody"],"inLanguage":"en-US","potentialAction":[{"@type":"CommentAction","name":"Comment","target":["https:\/\/www.alzd.de\/en\/2023\/12\/29\/naki-tierra-and-vitias-by-pernoire-olfactory-personalities\/#respond"]}]},{"@type":"WebPage","@id":"https:\/\/www.alzd.de\/en\/2023\/12\/29\/naki-tierra-and-vitias-by-pernoire-olfactory-personalities\/","url":"https:\/\/www.alzd.de\/en\/2023\/12\/29\/naki-tierra-and-vitias-by-pernoire-olfactory-personalities\/","name":"Naki, Tierra and Vitias by pernoire - Duft-Tagebuch","isPartOf":{"@id":"https:\/\/www.alzd.de\/en\/#website"},"primaryImageOfPage":{"@id":"https:\/\/www.alzd.de\/en\/2023\/12\/29\/naki-tierra-and-vitias-by-pernoire-olfactory-personalities\/#primaryimage"},"image":{"@id":"https:\/\/www.alzd.de\/en\/2023\/12\/29\/naki-tierra-and-vitias-by-pernoire-olfactory-personalities\/#primaryimage"},"thumbnailUrl":"https:\/\/www.alzd.de\/wp-content\/2023\/12\/bbBildschirmfoto-vom-2023-12-28-11-21-27.jpg","datePublished":"2023-12-29T11:25:56+00:00","dateModified":"2023-12-29T11:37:29+00:00","description":"My fourth contribution to the Swiss niche fragrance brand pernoire includes three more extraits de parfum, namely Naki, Tierra and Vitias.","breadcrumb":{"@id":"https:\/\/www.alzd.de\/en\/2023\/12\/29\/naki-tierra-and-vitias-by-pernoire-olfactory-personalities\/#breadcrumb"},"inLanguage":"en-US","potentialAction":[{"@type":"ReadAction","target":["https:\/\/www.alzd.de\/en\/2023\/12\/29\/naki-tierra-and-vitias-by-pernoire-olfactory-personalities\/"]}]},{"@type":"ImageObject","inLanguage":"en-US","@id":"https:\/\/www.alzd.de\/en\/2023\/12\/29\/naki-tierra-and-vitias-by-pernoire-olfactory-personalities\/#primaryimage","url":"https:\/\/www.alzd.de\/wp-content\/2023\/12\/bbBildschirmfoto-vom-2023-12-28-11-21-27.jpg","contentUrl":"https:\/\/www.alzd.de\/wp-content\/2023\/12\/bbBildschirmfoto-vom-2023-12-28-11-21-27.jpg","width":719,"height":400},{"@type":"BreadcrumbList","@id":"https:\/\/www.alzd.de\/en\/2023\/12\/29\/naki-tierra-and-vitias-by-pernoire-olfactory-personalities\/#breadcrumb","itemListElement":[{"@type":"ListItem","position":1,"name":"Startseite","item":"https:\/\/www.alzd.de\/en\/"},{"@type":"ListItem","position":2,"name":"Naki, Tierra and Vitias by pernoire &#8211; Olfactory personalities"}]},{"@type":"WebSite","@id":"https:\/\/www.alzd.de\/en\/#website","url":"https:\/\/www.alzd.de\/en\/","name":"Das Duft-Tagebuch","description":"Das Parfumblog von Aus Liebe zum Duft","publisher":{"@id":"https:\/\/www.alzd.de\/en\/#organization"},"potentialAction":[{"@type":"SearchAction","target":{"@type":"EntryPoint","urlTemplate":"https:\/\/www.alzd.de\/en\/?s={search_term_string}"},"query-input":{"@type":"PropertyValueSpecification","valueRequired":true,"valueName":"search_term_string"}}],"inLanguage":"en-US"},{"@type":"Organization","@id":"https:\/\/www.alzd.de\/en\/#organization","name":"Das Duft-Tagebuch","url":"https:\/\/www.alzd.de\/en\/","logo":{"@type":"ImageObject","inLanguage":"en-US","@id":"https:\/\/www.alzd.de\/en\/#\/schema\/logo\/image\/","url":"https:\/\/www.alzd.de\/wp-content\/2023\/08\/alzd_dufttagebuch.png","contentUrl":"https:\/\/www.alzd.de\/wp-content\/2023\/08\/alzd_dufttagebuch.png","width":1804,"height":416,"caption":"Das Duft-Tagebuch"},"image":{"@id":"https:\/\/www.alzd.de\/en\/#\/schema\/logo\/image\/"},"sameAs":["https:\/\/www.facebook.com\/dufttagebuch\/","https:\/\/x.com\/ausliebezumduft","https:\/\/www.instagram.com\/ausliebezumduft.de\/","https:\/\/www.youtube.com\/c\/ausliebezumduft"]},{"@type":"Person","@id":"https:\/\/www.alzd.de\/en\/#\/schema\/person\/8efcd8f02447fdbe8f29ad465897d04e","name":"Julia Bir\u00f3","image":{"@type":"ImageObject","inLanguage":"en-US","@id":"https:\/\/www.alzd.de\/wp-content\/2018\/02\/cropped-cropped-mitarbeiterbilder_steffi--96x96.jpg","url":"https:\/\/www.alzd.de\/wp-content\/2018\/02\/cropped-cropped-mitarbeiterbilder_steffi--96x96.jpg","contentUrl":"https:\/\/www.alzd.de\/wp-content\/2018\/02\/cropped-cropped-mitarbeiterbilder_steffi--96x96.jpg","caption":"Julia Bir\u00f3"},"description":"Bereits 2010 gingen so einige Blogbeitr\u00e4ge auf mein Konto. Dann war ich \u201ekurz\u201c weg \u2013 sechs Jahre. Umso mehr freut es mich, dass ich nun wieder die Chance bekomme, mein N\u00e4schen im Dienste der Duftrezension schnuppern zu lassen und eifrig in die Tasten zu hauen. Was Nischend\u00fcfte angeht, habe ich damals \u00fcbrigens schnell Feuer gefangen. Meine Ausbildung tat dazu ihr \u00dcbriges: Als diplomierte Biologin kenne ich mich nicht nur mit Fauna und Flora, sondern auch recht gut mit der Herstellung von \u00d6len und Extrakten aus, was den Reiz der Parfumwelt nat\u00fcrlich noch gr\u00f6\u00dfer macht.","sameAs":["https:\/\/biro.is\/","https:\/\/www.facebook.com\/stephanie.tkaczik"],"url":"https:\/\/www.alzd.de\/en\/author\/stephanie\/"}]}},"wp-worthy-pixel":{"ignored":false,"public":null,"server":null,"url":null},"wp-worthy-type":"normal","_links":{"self":[{"href":"https:\/\/www.alzd.de\/en\/wp-json\/wp\/v2\/posts\/113530","targetHints":{"allow":["GET"]}}],"collection":[{"href":"https:\/\/www.alzd.de\/en\/wp-json\/wp\/v2\/posts"}],"about":[{"href":"https:\/\/www.alzd.de\/en\/wp-json\/wp\/v2\/types\/post"}],"author":[{"embeddable":true,"href":"https:\/\/www.alzd.de\/en\/wp-json\/wp\/v2\/users\/535"}],"replies":[{"embeddable":true,"href":"https:\/\/www.alzd.de\/en\/wp-json\/wp\/v2\/comments?post=113530"}],"version-history":[{"count":5,"href":"https:\/\/www.alzd.de\/en\/wp-json\/wp\/v2\/posts\/113530\/revisions"}],"predecessor-version":[{"id":113535,"href":"https:\/\/www.alzd.de\/en\/wp-json\/wp\/v2\/posts\/113530\/revisions\/113535"}],"wp:featuredmedia":[{"embeddable":true,"href":"https:\/\/www.alzd.de\/en\/wp-json\/wp\/v2\/media\/113528"}],"wp:attachment":[{"href":"https:\/\/www.alzd.de\/en\/wp-json\/wp\/v2\/media?parent=113530"}],"wp:term":[{"taxonomy":"category","embeddable":true,"href":"https:\/\/www.alzd.de\/en\/wp-json\/wp\/v2\/categories?post=113530"},{"taxonomy":"post_tag","embeddable":true,"href":"https:\/\/www.alzd.de\/en\/wp-json\/wp\/v2\/tags?post=113530"}],"curies":[{"name":"wp","href":"https:\/\/api.w.org\/{rel}","templated":true}]}}