{"id":113487,"date":"2023-12-27T14:40:51","date_gmt":"2023-12-27T13:40:51","guid":{"rendered":"https:\/\/www.alzd.de\/2023\/12\/27\/amoral-mansa-and-masar-by-pernoire-made-in-switzerland\/"},"modified":"2023-12-27T14:49:01","modified_gmt":"2023-12-27T13:49:01","slug":"amoral-mansa-and-masar-by-pernoire-made-in-switzerland","status":"publish","type":"post","link":"https:\/\/www.alzd.de\/en\/2023\/12\/27\/amoral-mansa-and-masar-by-pernoire-made-in-switzerland\/","title":{"rendered":"Amoral, Mansa and Masar by pernoire &#8211; Made in Switzerland"},"content":{"rendered":"\n<p>Christmas is over, and it&#8217;s time for another fragrance review. With <a href=\"https:\/\/www.ausliebezumduft.de\/pernoire-amoral.html\" target=\"_blank\" rel=\"noreferrer noopener\">Amoral<\/a>, <a href=\"https:\/\/www.ausliebezumduft.de\/pernoire-mansa.html\" target=\"_blank\" rel=\"noreferrer noopener\">Mansa<\/a> and <a href=\"https:\/\/www.ausliebezumduft.de\/pernoire-masar.html\" target=\"_blank\" rel=\"noreferrer noopener\">Masar<\/a>, I would like to start the round of the first three creations by <a href=\"https:\/\/www.ausliebezumduft.de\/fragrances\/pernoire.html\" target=\"_blank\" rel=\"noreferrer noopener\">pernoire<\/a>, after I was able to present you with a two-part interview with the two founders from Switzerland last week. In these articles, which I will of course also link to, Nico Mannino and Robin D\u00fcnner tell us a lot about their own background, the history of pernoire and the label&#8217;s fragrances, which is why I will concentrate today on the review of the three extraits de parfum and recommend these two articles to anyone who wants to know more about the brand&#8217;s background:<\/p>\n\n<ul class=\"wp-block-list\">\n<li><a href=\"https:\/\/www.alzd.de\/en\/2023\/12\/21\/interview-with-pernoire-swiss-fragrance-art\/\">Interview with Pernoire &#8211; Swiss fragrance art<\/a><\/li>\n\n\n\n<li><a href=\"https:\/\/www.alzd.de\/en\/2023\/12\/22\/interview-with-nico-mannino-and-robin-duenner-from-pernoire-part-ii\/\">Interview with Nico Mannino and Robin D\u00fcnner from pernoire &#8211; Part II<\/a><\/li>\n<\/ul>\n<div class=\"wp-block-image\">\n<figure class=\"aligncenter size-large\"><img decoding=\"async\" width=\"1080\" height=\"720\" src=\"https:\/\/www.alzd.de\/wp-content\/2023\/12\/pernoire3-1-1080x720.jpeg\" alt=\"pernoire - Amoral\" class=\"wp-image-113458\" title=\"pernoire - Amoral\" srcset=\"https:\/\/www.alzd.de\/wp-content\/2023\/12\/pernoire3-1-1080x720.jpeg 1080w, https:\/\/www.alzd.de\/wp-content\/2023\/12\/pernoire3-1-720x480.jpeg 720w, https:\/\/www.alzd.de\/wp-content\/2023\/12\/pernoire3-1-360x240.jpeg 360w, https:\/\/www.alzd.de\/wp-content\/2023\/12\/pernoire3-1-768x512.jpeg 768w, https:\/\/www.alzd.de\/wp-content\/2023\/12\/pernoire3-1-1536x1025.jpeg 1536w, https:\/\/www.alzd.de\/wp-content\/2023\/12\/pernoire3-1.jpeg 2048w\" sizes=\"(max-width: 1080px) 100vw, 1080px\" \/><\/figure>\n<\/div>\n<h2 class=\"wp-block-heading\">Amoral &#8211; Immorally good<\/h2>\n\n<p>I chose Amoral as my first test candidate. The fragrance plays with the concept of the indecent, the immoral and the uninhibited, which definitely makes me curious. As we have learned, the perfumer Andreas Wilhelm created the composition from the ingredients <strong>lime, black tea, cardamom, cinnamon, cumin, plum, violet, iris, agarwood (oud), nagarmotha, orange blossom, ambergris, sandalwood<\/strong> and <strong>tonka bean<\/strong>.<\/p>\n\n<blockquote class=\"wp-block-quote is-layout-flow wp-block-quote-is-layout-flow\">\n<p>The dark side streets at night are your territory. No one can explain your success or your rise to the top. Rules and laws are just further measures to keep the masses from reaching the top. But not for you! You have broken and bent morality in various ways to achieve your goal. More fame, money and power through ominous actions &#8211; mysterious yet attractive &#8211; your essence is amoral.<\/p>\n<\/blockquote>\n\n<div class=\"wp-block-columns is-layout-flex wp-container-core-columns-is-layout-9d6595d7 wp-block-columns-is-layout-flex\">\n<div class=\"wp-block-column is-layout-flow wp-block-column-is-layout-flow\">\n<figure class=\"wp-block-image size-full\"><img decoding=\"async\" width=\"600\" height=\"600\" src=\"https:\/\/www.alzd.de\/wp-content\/2023\/12\/amoral_50ml.webp\" alt=\"pernoire - Amoral\" class=\"wp-image-113461\" title=\"pernoire - Amoral\" srcset=\"https:\/\/www.alzd.de\/wp-content\/2023\/12\/amoral_50ml.webp 600w, https:\/\/www.alzd.de\/wp-content\/2023\/12\/amoral_50ml-360x360.webp 360w\" sizes=\"(max-width: 600px) 100vw, 600px\" \/><\/figure>\n<\/div>\n\n\n\n<div class=\"wp-block-column is-layout-flow wp-block-column-is-layout-flow\">\n<p>Dark, gloomy and with intense black tea nuances, Amoral opens and reveals an olfactory soul that could hardly be more sinister. However, a little light soon appears in the form of lime, whose tart citrus freshness brings a delicate glow to the composition. Fine earl-grey vibes are released, soon accompanied by spicy accents and a fine, liqueur-like plum sweetness. Iris and violet steer the creation into powdery, wild realms and take over the olfactory rudder before the smoky, medicinal aspects of oud and nagarmotha enter the olfactory stage. The fragrance gradually fades out with warm and gently spicy woody nuances. Amoral is an incredibly multi-faceted composition, very complex, expressive and playing with diverse nuances. An extrait de parfum with an exciting fragrance progression and a medium presence that I would wear on cooler days for any occasion. A terrific prelude! \ud83d\udda4<\/p>\n<\/div>\n<\/div>\n\n<div class=\"wp-block-buttons is-content-justification-center is-layout-flex wp-container-core-buttons-is-layout-16018d1d wp-block-buttons-is-layout-flex\">\n<div class=\"wp-block-button has-custom-width wp-block-button__width-50\"><a class=\"wp-block-button__link has-white-color has-text-color has-background has-link-color wp-element-button\" href=\"https:\/\/www.ausliebezumduft.de\/pernoire-amoral.html\" style=\"background-color:#575757\" target=\"_blank\" rel=\"noreferrer noopener\"><strong>Amoral<\/strong><\/a><\/div>\n<\/div>\n\n<div style=\"height:100px\" aria-hidden=\"true\" class=\"wp-block-spacer\"><\/div>\n\n<h2 class=\"wp-block-heading\">Mansa &#8211; Spendable luxury<\/h2>\n\n<p>We are traveling to Africa with Mansa, at least as far as the name of the creation is concerned. This is because it was inspired by a former king of Mali, about whom you will learn a lot more in the following quote. The fragrance is intended to be an &#8220;olfactory metaphor for wealth and generosity&#8221;. The composition was created from the ingredients <strong>blackberry, pink pepper, iris, agarwood (oud), rose, ambergris, blackcurrant, saffron, patchouli, heliotrope, moss<\/strong> and <strong>musk<\/strong>, which sounds incredibly delicious.<\/p>\n\n<p>Mansa Musa was the ruler of the Mali Empire in the 13th century. During his reign, Mali was one of the richest kingdoms in Africa and Mansa Musa was one of the richest people in the world. During his pilgrimage to Mecca, he built mosques, met with the Sultan of Egypt and spent so much gold that there was 12 years of gold inflation. Spanish cartographers depicted Mansa Musa in the atlas, sitting on a throne and holding a lump of gold and a golden staff. Mansa means &#8220;king&#8221; or &#8220;ruler&#8221; in Maninka, the family name of the ruler of the Mali Empire.<\/p>\n\n<div class=\"wp-block-columns is-layout-flex wp-container-core-columns-is-layout-9d6595d7 wp-block-columns-is-layout-flex\">\n<div class=\"wp-block-column is-layout-flow wp-block-column-is-layout-flow\">\n<figure class=\"wp-block-image size-full\"><img decoding=\"async\" width=\"600\" height=\"600\" src=\"https:\/\/www.alzd.de\/wp-content\/2023\/12\/mansa_back_2.webp\" alt=\"pernoire - Mansa\" class=\"wp-image-113466\" title=\"pernoire - Mansa\" srcset=\"https:\/\/www.alzd.de\/wp-content\/2023\/12\/mansa_back_2.webp 600w, https:\/\/www.alzd.de\/wp-content\/2023\/12\/mansa_back_2-360x360.webp 360w\" sizes=\"(max-width: 600px) 100vw, 600px\" \/><\/figure>\n<\/div>\n\n\n\n<div class=\"wp-block-column is-layout-flow wp-block-column-is-layout-flow\">\n<p>Dark berry nuances, fluctuating between sweet and sour, unite in the opening of Mansa with lucid rose coolness and the finest iris, which enters into a seductive combination with woody, leathery oud that I really like. Berries, flowers and agarwood are accompanied by warm, velvety ambergris and accentuated by the finest pepper. The fruity and floral sweetness harmonizes perfectly with the ambery, leathery and woody facets of the creation. The finish adds creamy, earthy nuances that round off the fragrance beautifully. Very harmonious and elegant, I would wear Mansa in the evening or for a night out. Great for all fans of fruity-floral and powdery-woody leather creations. Beautiful! \ud83d\udda4<\/p>\n<\/div>\n<\/div>\n\n<div class=\"wp-block-buttons is-content-justification-center is-layout-flex wp-container-core-buttons-is-layout-16018d1d wp-block-buttons-is-layout-flex\">\n<div class=\"wp-block-button has-custom-width wp-block-button__width-50\"><a class=\"wp-block-button__link has-white-color has-text-color has-background has-link-color wp-element-button\" href=\"https:\/\/www.ausliebezumduft.de\/pernoire-mansa.html\" style=\"background-color:#575757\" target=\"_blank\" rel=\"noreferrer noopener\"><strong>Mansa<\/strong><\/a><\/div>\n<\/div>\n\n<div style=\"height:100px\" aria-hidden=\"true\" class=\"wp-block-spacer\"><\/div>\n\n<h2 class=\"wp-block-heading\">Masar &#8211; Olfactory self-discovery<\/h2>\n\n<p><strong>Yuzu, ozonic notes, cinnamon, ambergris, labdanum (cistus), clove, honey, tobacco, vanilla, rosewood, tonka bean, leather, sandalwood<\/strong> and <strong>animal notes<\/strong> are the ingredients of Masar, whose bottle is adorned with a dragonfly. The fragrance is dedicated to the challenge of realizing one&#8217;s own dreams and thus oneself.<\/p>\n\n<blockquote class=\"wp-block-quote is-layout-flow wp-block-quote-is-layout-flow\">\n<p>Masar is the symbol of independence. As a tribute to the founders Robin D\u00fcnner and Nico Mannino, Masar stands for this idea, for the desire to create something truly unique. Getting there involved risk, stress and many challenges &#8211; you leave your comfort zone. It was therefore clear that the first fragrance from Pernoire had to reflect the personality of the self-confident entrepreneur.<\/p>\n<\/blockquote>\n\n<div class=\"wp-block-columns is-layout-flex wp-container-core-columns-is-layout-9d6595d7 wp-block-columns-is-layout-flex\">\n<div class=\"wp-block-column is-layout-flow wp-block-column-is-layout-flow\">\n<figure class=\"wp-block-image size-full\"><img decoding=\"async\" width=\"600\" height=\"600\" src=\"https:\/\/www.alzd.de\/wp-content\/2023\/12\/masar_back.webp\" alt=\"pernoire - Masar\" class=\"wp-image-113474\" title=\"pernoire - Masar\" srcset=\"https:\/\/www.alzd.de\/wp-content\/2023\/12\/masar_back.webp 600w, https:\/\/www.alzd.de\/wp-content\/2023\/12\/masar_back-360x360.webp 360w\" sizes=\"(max-width: 600px) 100vw, 600px\" \/><\/figure>\n<\/div>\n\n\n\n<div class=\"wp-block-column is-layout-flow wp-block-column-is-layout-flow\">\n<p>In the opening, Masar reveals spicy-fresh and sweet nuances thanks to ozonic-citrusy airiness, aromatic cinnamon and the sweet nuances of labdanum, honey and tobacco. An exciting prelude! Soft rosewood combines with the greenish coumarin accents of tonka bean, the finest leather and the balsamic warmth of sandalwood, rounded off with animalistic moments. A creation for all those who appreciate resinous-woody compositions with honeyed tobacco, fine spices and a certain amount of animalistic wickedness. More suitable for the cooler season and special occasions or the evening than for the office and everyday life. I would classify the presence as medium, the longevity is &#8211; as with all creations tested so far &#8211; excellent. \ud83d\udda4<\/p>\n<\/div>\n<\/div>\n\n<div class=\"wp-block-buttons is-content-justification-center is-layout-flex wp-container-core-buttons-is-layout-16018d1d wp-block-buttons-is-layout-flex\">\n<div class=\"wp-block-button has-custom-width wp-block-button__width-50\"><a class=\"wp-block-button__link has-white-color has-text-color has-background has-link-color wp-element-button\" href=\"https:\/\/www.ausliebezumduft.de\/pernoire-masar.html\" style=\"background-color:#575757\" target=\"_blank\" rel=\"noreferrer noopener\"><strong>Masar<\/strong><\/a><\/div>\n<\/div>\n","protected":false},"excerpt":{"rendered":"<p>Christmas is over, and it&#8217;s time for another fragrance review. With Amoral, Mansa and Masar, I would like to start the round of the first three creations by&#8230;<\/p>\n<div class=\"more-link-wrapper\"><a class=\"more-link\" href=\"https:\/\/www.alzd.de\/en\/2023\/12\/27\/amoral-mansa-and-masar-by-pernoire-made-in-switzerland\/\">WEITERLESEN<span class=\"screen-reader-text\">Amoral, Mansa and Masar by pernoire &#8211; Made in Switzerland<\/span><\/a><\/div>\n","protected":false},"author":535,"featured_media":113486,"comment_status":"open","ping_status":"closed","sticky":false,"template":"","format":"standard","meta":{"footnotes":""},"categories":[1149,1151,1117,1155,1115,1113,1116,1114],"tags":[1722,1533,1667,1952],"class_list":["post-113487","post","type-post","status-publish","format-standard","has-post-thumbnail","hentry","category-amber-resins","category-flowers","category-fragrances","category-fruity","category-leather","category-spicy","category-tobacco-smoky","category-woody","tag-andreas-wilhelm-en","tag-iris-en","tag-oud-en","tag-pernoire-en","excerpt","zoom","full-without-featured","even","excerpt-0"],"yoast_head":"<!-- This site is optimized with the Yoast SEO plugin v27.5 - https:\/\/yoast.com\/product\/yoast-seo-wordpress\/ -->\n<title>Amoral, Mansa and Masar by pernoire - Duft-Tagebuch<\/title>\n<meta name=\"description\" content=\"With Amoral, Mansa and Masar, I would like to start the round of the first three creations from pernoire after I ...\" \/>\n<meta name=\"robots\" content=\"index, follow, max-snippet:-1, max-image-preview:large, max-video-preview:-1\" \/>\n<link rel=\"canonical\" href=\"https:\/\/www.alzd.de\/en\/2023\/12\/27\/amoral-mansa-and-masar-by-pernoire-made-in-switzerland\/\" \/>\n<meta property=\"og:locale\" content=\"en_US\" \/>\n<meta property=\"og:type\" content=\"article\" \/>\n<meta property=\"og:title\" content=\"Amoral, Mansa and Masar by pernoire - Duft-Tagebuch\" \/>\n<meta property=\"og:url\" content=\"https:\/\/www.alzd.de\/en\/2023\/12\/27\/amoral-mansa-and-masar-by-pernoire-made-in-switzerland\/\" \/>\n<meta property=\"og:site_name\" content=\"Das Duft-Tagebuch\" \/>\n<meta property=\"article:publisher\" content=\"https:\/\/www.facebook.com\/dufttagebuch\/\" \/>\n<meta property=\"article:author\" content=\"https:\/\/www.facebook.com\/stephanie.tkaczik\" \/>\n<meta property=\"article:published_time\" content=\"2023-12-27T13:40:51+00:00\" \/>\n<meta property=\"article:modified_time\" content=\"2023-12-27T13:49:01+00:00\" \/>\n<meta property=\"og:image\" content=\"https:\/\/www.alzd.de\/wp-content\/2023\/12\/bbpernoire4.jpeg\" \/>\n\t<meta property=\"og:image:width\" content=\"719\" \/>\n\t<meta property=\"og:image:height\" content=\"400\" \/>\n\t<meta property=\"og:image:type\" content=\"image\/jpeg\" \/>\n<meta name=\"author\" content=\"Julia Bir\u00f3\" \/>\n<meta name=\"twitter:card\" content=\"summary_large_image\" \/>\n<meta name=\"twitter:creator\" content=\"@ausliebezumduft\" \/>\n<meta name=\"twitter:site\" content=\"@ausliebezumduft\" \/>\n<script type=\"application\/ld+json\" class=\"yoast-schema-graph\">{\"@context\":\"https:\\\/\\\/schema.org\",\"@graph\":[{\"@type\":\"Article\",\"@id\":\"https:\\\/\\\/www.alzd.de\\\/en\\\/2023\\\/12\\\/27\\\/amoral-mansa-and-masar-by-pernoire-made-in-switzerland\\\/#article\",\"isPartOf\":{\"@id\":\"https:\\\/\\\/www.alzd.de\\\/en\\\/2023\\\/12\\\/27\\\/amoral-mansa-and-masar-by-pernoire-made-in-switzerland\\\/\"},\"author\":{\"name\":\"Julia Bir\u00f3\",\"@id\":\"https:\\\/\\\/www.alzd.de\\\/en\\\/#\\\/schema\\\/person\\\/8efcd8f02447fdbe8f29ad465897d04e\"},\"headline\":\"Amoral, Mansa and Masar by pernoire &#8211; Made in Switzerland\",\"datePublished\":\"2023-12-27T13:40:51+00:00\",\"dateModified\":\"2023-12-27T13:49:01+00:00\",\"mainEntityOfPage\":{\"@id\":\"https:\\\/\\\/www.alzd.de\\\/en\\\/2023\\\/12\\\/27\\\/amoral-mansa-and-masar-by-pernoire-made-in-switzerland\\\/\"},\"wordCount\":946,\"commentCount\":0,\"publisher\":{\"@id\":\"https:\\\/\\\/www.alzd.de\\\/en\\\/#organization\"},\"image\":{\"@id\":\"https:\\\/\\\/www.alzd.de\\\/en\\\/2023\\\/12\\\/27\\\/amoral-mansa-and-masar-by-pernoire-made-in-switzerland\\\/#primaryimage\"},\"thumbnailUrl\":\"https:\\\/\\\/www.alzd.de\\\/wp-content\\\/2023\\\/12\\\/bbpernoire4.jpeg\",\"keywords\":[\"Andreas Wilhelm\",\"Iris\",\"Oud\",\"pernoire\"],\"articleSection\":[\"Amber &amp; Resins\",\"Flowers\",\"Fragrances\",\"Fruity\",\"Leather\",\"Spicy\",\"Tobacco &amp; Smoky\",\"Woody\"],\"inLanguage\":\"en-US\",\"potentialAction\":[{\"@type\":\"CommentAction\",\"name\":\"Comment\",\"target\":[\"https:\\\/\\\/www.alzd.de\\\/en\\\/2023\\\/12\\\/27\\\/amoral-mansa-and-masar-by-pernoire-made-in-switzerland\\\/#respond\"]}]},{\"@type\":\"WebPage\",\"@id\":\"https:\\\/\\\/www.alzd.de\\\/en\\\/2023\\\/12\\\/27\\\/amoral-mansa-and-masar-by-pernoire-made-in-switzerland\\\/\",\"url\":\"https:\\\/\\\/www.alzd.de\\\/en\\\/2023\\\/12\\\/27\\\/amoral-mansa-and-masar-by-pernoire-made-in-switzerland\\\/\",\"name\":\"Amoral, Mansa and Masar by pernoire - Duft-Tagebuch\",\"isPartOf\":{\"@id\":\"https:\\\/\\\/www.alzd.de\\\/en\\\/#website\"},\"primaryImageOfPage\":{\"@id\":\"https:\\\/\\\/www.alzd.de\\\/en\\\/2023\\\/12\\\/27\\\/amoral-mansa-and-masar-by-pernoire-made-in-switzerland\\\/#primaryimage\"},\"image\":{\"@id\":\"https:\\\/\\\/www.alzd.de\\\/en\\\/2023\\\/12\\\/27\\\/amoral-mansa-and-masar-by-pernoire-made-in-switzerland\\\/#primaryimage\"},\"thumbnailUrl\":\"https:\\\/\\\/www.alzd.de\\\/wp-content\\\/2023\\\/12\\\/bbpernoire4.jpeg\",\"datePublished\":\"2023-12-27T13:40:51+00:00\",\"dateModified\":\"2023-12-27T13:49:01+00:00\",\"description\":\"With Amoral, Mansa and Masar, I would like to start the round of the first three creations from pernoire after I ...\",\"breadcrumb\":{\"@id\":\"https:\\\/\\\/www.alzd.de\\\/en\\\/2023\\\/12\\\/27\\\/amoral-mansa-and-masar-by-pernoire-made-in-switzerland\\\/#breadcrumb\"},\"inLanguage\":\"en-US\",\"potentialAction\":[{\"@type\":\"ReadAction\",\"target\":[\"https:\\\/\\\/www.alzd.de\\\/en\\\/2023\\\/12\\\/27\\\/amoral-mansa-and-masar-by-pernoire-made-in-switzerland\\\/\"]}]},{\"@type\":\"ImageObject\",\"inLanguage\":\"en-US\",\"@id\":\"https:\\\/\\\/www.alzd.de\\\/en\\\/2023\\\/12\\\/27\\\/amoral-mansa-and-masar-by-pernoire-made-in-switzerland\\\/#primaryimage\",\"url\":\"https:\\\/\\\/www.alzd.de\\\/wp-content\\\/2023\\\/12\\\/bbpernoire4.jpeg\",\"contentUrl\":\"https:\\\/\\\/www.alzd.de\\\/wp-content\\\/2023\\\/12\\\/bbpernoire4.jpeg\",\"width\":719,\"height\":400},{\"@type\":\"BreadcrumbList\",\"@id\":\"https:\\\/\\\/www.alzd.de\\\/en\\\/2023\\\/12\\\/27\\\/amoral-mansa-and-masar-by-pernoire-made-in-switzerland\\\/#breadcrumb\",\"itemListElement\":[{\"@type\":\"ListItem\",\"position\":1,\"name\":\"Startseite\",\"item\":\"https:\\\/\\\/www.alzd.de\\\/en\\\/\"},{\"@type\":\"ListItem\",\"position\":2,\"name\":\"Amoral, Mansa and Masar by pernoire &#8211; Made in Switzerland\"}]},{\"@type\":\"WebSite\",\"@id\":\"https:\\\/\\\/www.alzd.de\\\/en\\\/#website\",\"url\":\"https:\\\/\\\/www.alzd.de\\\/en\\\/\",\"name\":\"Das Duft-Tagebuch\",\"description\":\"Das Parfumblog von Aus Liebe zum Duft\",\"publisher\":{\"@id\":\"https:\\\/\\\/www.alzd.de\\\/en\\\/#organization\"},\"potentialAction\":[{\"@type\":\"SearchAction\",\"target\":{\"@type\":\"EntryPoint\",\"urlTemplate\":\"https:\\\/\\\/www.alzd.de\\\/en\\\/?s={search_term_string}\"},\"query-input\":{\"@type\":\"PropertyValueSpecification\",\"valueRequired\":true,\"valueName\":\"search_term_string\"}}],\"inLanguage\":\"en-US\"},{\"@type\":\"Organization\",\"@id\":\"https:\\\/\\\/www.alzd.de\\\/en\\\/#organization\",\"name\":\"Das Duft-Tagebuch\",\"url\":\"https:\\\/\\\/www.alzd.de\\\/en\\\/\",\"logo\":{\"@type\":\"ImageObject\",\"inLanguage\":\"en-US\",\"@id\":\"https:\\\/\\\/www.alzd.de\\\/en\\\/#\\\/schema\\\/logo\\\/image\\\/\",\"url\":\"https:\\\/\\\/www.alzd.de\\\/wp-content\\\/2023\\\/08\\\/alzd_dufttagebuch.png\",\"contentUrl\":\"https:\\\/\\\/www.alzd.de\\\/wp-content\\\/2023\\\/08\\\/alzd_dufttagebuch.png\",\"width\":1804,\"height\":416,\"caption\":\"Das Duft-Tagebuch\"},\"image\":{\"@id\":\"https:\\\/\\\/www.alzd.de\\\/en\\\/#\\\/schema\\\/logo\\\/image\\\/\"},\"sameAs\":[\"https:\\\/\\\/www.facebook.com\\\/dufttagebuch\\\/\",\"https:\\\/\\\/x.com\\\/ausliebezumduft\",\"https:\\\/\\\/www.instagram.com\\\/ausliebezumduft.de\\\/\",\"https:\\\/\\\/www.youtube.com\\\/c\\\/ausliebezumduft\"]},{\"@type\":\"Person\",\"@id\":\"https:\\\/\\\/www.alzd.de\\\/en\\\/#\\\/schema\\\/person\\\/8efcd8f02447fdbe8f29ad465897d04e\",\"name\":\"Julia Bir\u00f3\",\"image\":{\"@type\":\"ImageObject\",\"inLanguage\":\"en-US\",\"@id\":\"https:\\\/\\\/www.alzd.de\\\/wp-content\\\/2018\\\/02\\\/cropped-cropped-mitarbeiterbilder_steffi--96x96.jpg\",\"url\":\"https:\\\/\\\/www.alzd.de\\\/wp-content\\\/2018\\\/02\\\/cropped-cropped-mitarbeiterbilder_steffi--96x96.jpg\",\"contentUrl\":\"https:\\\/\\\/www.alzd.de\\\/wp-content\\\/2018\\\/02\\\/cropped-cropped-mitarbeiterbilder_steffi--96x96.jpg\",\"caption\":\"Julia Bir\u00f3\"},\"description\":\"Bereits 2010 gingen so einige Blogbeitr\u00e4ge auf mein Konto. Dann war ich \u201ekurz\u201c weg \u2013 sechs Jahre. Umso mehr freut es mich, dass ich nun wieder die Chance bekomme, mein N\u00e4schen im Dienste der Duftrezension schnuppern zu lassen und eifrig in die Tasten zu hauen. Was Nischend\u00fcfte angeht, habe ich damals \u00fcbrigens schnell Feuer gefangen. Meine Ausbildung tat dazu ihr \u00dcbriges: Als diplomierte Biologin kenne ich mich nicht nur mit Fauna und Flora, sondern auch recht gut mit der Herstellung von \u00d6len und Extrakten aus, was den Reiz der Parfumwelt nat\u00fcrlich noch gr\u00f6\u00dfer macht.\",\"sameAs\":[\"https:\\\/\\\/biro.is\\\/\",\"https:\\\/\\\/www.facebook.com\\\/stephanie.tkaczik\"],\"url\":\"https:\\\/\\\/www.alzd.de\\\/en\\\/author\\\/stephanie\\\/\"}]}<\/script>\n<!-- \/ Yoast SEO plugin. -->","yoast_head_json":{"title":"Amoral, Mansa and Masar by pernoire - Duft-Tagebuch","description":"With Amoral, Mansa and Masar, I would like to start the round of the first three creations from pernoire after I ...","robots":{"index":"index","follow":"follow","max-snippet":"max-snippet:-1","max-image-preview":"max-image-preview:large","max-video-preview":"max-video-preview:-1"},"canonical":"https:\/\/www.alzd.de\/en\/2023\/12\/27\/amoral-mansa-and-masar-by-pernoire-made-in-switzerland\/","og_locale":"en_US","og_type":"article","og_title":"Amoral, Mansa and Masar by pernoire - Duft-Tagebuch","og_url":"https:\/\/www.alzd.de\/en\/2023\/12\/27\/amoral-mansa-and-masar-by-pernoire-made-in-switzerland\/","og_site_name":"Das Duft-Tagebuch","article_publisher":"https:\/\/www.facebook.com\/dufttagebuch\/","article_author":"https:\/\/www.facebook.com\/stephanie.tkaczik","article_published_time":"2023-12-27T13:40:51+00:00","article_modified_time":"2023-12-27T13:49:01+00:00","og_image":[{"width":719,"height":400,"url":"https:\/\/www.alzd.de\/wp-content\/2023\/12\/bbpernoire4.jpeg","type":"image\/jpeg"}],"author":"Julia Bir\u00f3","twitter_card":"summary_large_image","twitter_creator":"@ausliebezumduft","twitter_site":"@ausliebezumduft","schema":{"@context":"https:\/\/schema.org","@graph":[{"@type":"Article","@id":"https:\/\/www.alzd.de\/en\/2023\/12\/27\/amoral-mansa-and-masar-by-pernoire-made-in-switzerland\/#article","isPartOf":{"@id":"https:\/\/www.alzd.de\/en\/2023\/12\/27\/amoral-mansa-and-masar-by-pernoire-made-in-switzerland\/"},"author":{"name":"Julia Bir\u00f3","@id":"https:\/\/www.alzd.de\/en\/#\/schema\/person\/8efcd8f02447fdbe8f29ad465897d04e"},"headline":"Amoral, Mansa and Masar by pernoire &#8211; Made in Switzerland","datePublished":"2023-12-27T13:40:51+00:00","dateModified":"2023-12-27T13:49:01+00:00","mainEntityOfPage":{"@id":"https:\/\/www.alzd.de\/en\/2023\/12\/27\/amoral-mansa-and-masar-by-pernoire-made-in-switzerland\/"},"wordCount":946,"commentCount":0,"publisher":{"@id":"https:\/\/www.alzd.de\/en\/#organization"},"image":{"@id":"https:\/\/www.alzd.de\/en\/2023\/12\/27\/amoral-mansa-and-masar-by-pernoire-made-in-switzerland\/#primaryimage"},"thumbnailUrl":"https:\/\/www.alzd.de\/wp-content\/2023\/12\/bbpernoire4.jpeg","keywords":["Andreas Wilhelm","Iris","Oud","pernoire"],"articleSection":["Amber &amp; Resins","Flowers","Fragrances","Fruity","Leather","Spicy","Tobacco &amp; Smoky","Woody"],"inLanguage":"en-US","potentialAction":[{"@type":"CommentAction","name":"Comment","target":["https:\/\/www.alzd.de\/en\/2023\/12\/27\/amoral-mansa-and-masar-by-pernoire-made-in-switzerland\/#respond"]}]},{"@type":"WebPage","@id":"https:\/\/www.alzd.de\/en\/2023\/12\/27\/amoral-mansa-and-masar-by-pernoire-made-in-switzerland\/","url":"https:\/\/www.alzd.de\/en\/2023\/12\/27\/amoral-mansa-and-masar-by-pernoire-made-in-switzerland\/","name":"Amoral, Mansa and Masar by pernoire - Duft-Tagebuch","isPartOf":{"@id":"https:\/\/www.alzd.de\/en\/#website"},"primaryImageOfPage":{"@id":"https:\/\/www.alzd.de\/en\/2023\/12\/27\/amoral-mansa-and-masar-by-pernoire-made-in-switzerland\/#primaryimage"},"image":{"@id":"https:\/\/www.alzd.de\/en\/2023\/12\/27\/amoral-mansa-and-masar-by-pernoire-made-in-switzerland\/#primaryimage"},"thumbnailUrl":"https:\/\/www.alzd.de\/wp-content\/2023\/12\/bbpernoire4.jpeg","datePublished":"2023-12-27T13:40:51+00:00","dateModified":"2023-12-27T13:49:01+00:00","description":"With Amoral, Mansa and Masar, I would like to start the round of the first three creations from pernoire after I ...","breadcrumb":{"@id":"https:\/\/www.alzd.de\/en\/2023\/12\/27\/amoral-mansa-and-masar-by-pernoire-made-in-switzerland\/#breadcrumb"},"inLanguage":"en-US","potentialAction":[{"@type":"ReadAction","target":["https:\/\/www.alzd.de\/en\/2023\/12\/27\/amoral-mansa-and-masar-by-pernoire-made-in-switzerland\/"]}]},{"@type":"ImageObject","inLanguage":"en-US","@id":"https:\/\/www.alzd.de\/en\/2023\/12\/27\/amoral-mansa-and-masar-by-pernoire-made-in-switzerland\/#primaryimage","url":"https:\/\/www.alzd.de\/wp-content\/2023\/12\/bbpernoire4.jpeg","contentUrl":"https:\/\/www.alzd.de\/wp-content\/2023\/12\/bbpernoire4.jpeg","width":719,"height":400},{"@type":"BreadcrumbList","@id":"https:\/\/www.alzd.de\/en\/2023\/12\/27\/amoral-mansa-and-masar-by-pernoire-made-in-switzerland\/#breadcrumb","itemListElement":[{"@type":"ListItem","position":1,"name":"Startseite","item":"https:\/\/www.alzd.de\/en\/"},{"@type":"ListItem","position":2,"name":"Amoral, Mansa and Masar by pernoire &#8211; Made in Switzerland"}]},{"@type":"WebSite","@id":"https:\/\/www.alzd.de\/en\/#website","url":"https:\/\/www.alzd.de\/en\/","name":"Das Duft-Tagebuch","description":"Das Parfumblog von Aus Liebe zum Duft","publisher":{"@id":"https:\/\/www.alzd.de\/en\/#organization"},"potentialAction":[{"@type":"SearchAction","target":{"@type":"EntryPoint","urlTemplate":"https:\/\/www.alzd.de\/en\/?s={search_term_string}"},"query-input":{"@type":"PropertyValueSpecification","valueRequired":true,"valueName":"search_term_string"}}],"inLanguage":"en-US"},{"@type":"Organization","@id":"https:\/\/www.alzd.de\/en\/#organization","name":"Das Duft-Tagebuch","url":"https:\/\/www.alzd.de\/en\/","logo":{"@type":"ImageObject","inLanguage":"en-US","@id":"https:\/\/www.alzd.de\/en\/#\/schema\/logo\/image\/","url":"https:\/\/www.alzd.de\/wp-content\/2023\/08\/alzd_dufttagebuch.png","contentUrl":"https:\/\/www.alzd.de\/wp-content\/2023\/08\/alzd_dufttagebuch.png","width":1804,"height":416,"caption":"Das Duft-Tagebuch"},"image":{"@id":"https:\/\/www.alzd.de\/en\/#\/schema\/logo\/image\/"},"sameAs":["https:\/\/www.facebook.com\/dufttagebuch\/","https:\/\/x.com\/ausliebezumduft","https:\/\/www.instagram.com\/ausliebezumduft.de\/","https:\/\/www.youtube.com\/c\/ausliebezumduft"]},{"@type":"Person","@id":"https:\/\/www.alzd.de\/en\/#\/schema\/person\/8efcd8f02447fdbe8f29ad465897d04e","name":"Julia Bir\u00f3","image":{"@type":"ImageObject","inLanguage":"en-US","@id":"https:\/\/www.alzd.de\/wp-content\/2018\/02\/cropped-cropped-mitarbeiterbilder_steffi--96x96.jpg","url":"https:\/\/www.alzd.de\/wp-content\/2018\/02\/cropped-cropped-mitarbeiterbilder_steffi--96x96.jpg","contentUrl":"https:\/\/www.alzd.de\/wp-content\/2018\/02\/cropped-cropped-mitarbeiterbilder_steffi--96x96.jpg","caption":"Julia Bir\u00f3"},"description":"Bereits 2010 gingen so einige Blogbeitr\u00e4ge auf mein Konto. Dann war ich \u201ekurz\u201c weg \u2013 sechs Jahre. Umso mehr freut es mich, dass ich nun wieder die Chance bekomme, mein N\u00e4schen im Dienste der Duftrezension schnuppern zu lassen und eifrig in die Tasten zu hauen. Was Nischend\u00fcfte angeht, habe ich damals \u00fcbrigens schnell Feuer gefangen. Meine Ausbildung tat dazu ihr \u00dcbriges: Als diplomierte Biologin kenne ich mich nicht nur mit Fauna und Flora, sondern auch recht gut mit der Herstellung von \u00d6len und Extrakten aus, was den Reiz der Parfumwelt nat\u00fcrlich noch gr\u00f6\u00dfer macht.","sameAs":["https:\/\/biro.is\/","https:\/\/www.facebook.com\/stephanie.tkaczik"],"url":"https:\/\/www.alzd.de\/en\/author\/stephanie\/"}]}},"wp-worthy-pixel":{"ignored":false,"public":null,"server":null,"url":null},"wp-worthy-type":"normal","_links":{"self":[{"href":"https:\/\/www.alzd.de\/en\/wp-json\/wp\/v2\/posts\/113487","targetHints":{"allow":["GET"]}}],"collection":[{"href":"https:\/\/www.alzd.de\/en\/wp-json\/wp\/v2\/posts"}],"about":[{"href":"https:\/\/www.alzd.de\/en\/wp-json\/wp\/v2\/types\/post"}],"author":[{"embeddable":true,"href":"https:\/\/www.alzd.de\/en\/wp-json\/wp\/v2\/users\/535"}],"replies":[{"embeddable":true,"href":"https:\/\/www.alzd.de\/en\/wp-json\/wp\/v2\/comments?post=113487"}],"version-history":[{"count":5,"href":"https:\/\/www.alzd.de\/en\/wp-json\/wp\/v2\/posts\/113487\/revisions"}],"predecessor-version":[{"id":113492,"href":"https:\/\/www.alzd.de\/en\/wp-json\/wp\/v2\/posts\/113487\/revisions\/113492"}],"wp:featuredmedia":[{"embeddable":true,"href":"https:\/\/www.alzd.de\/en\/wp-json\/wp\/v2\/media\/113486"}],"wp:attachment":[{"href":"https:\/\/www.alzd.de\/en\/wp-json\/wp\/v2\/media?parent=113487"}],"wp:term":[{"taxonomy":"category","embeddable":true,"href":"https:\/\/www.alzd.de\/en\/wp-json\/wp\/v2\/categories?post=113487"},{"taxonomy":"post_tag","embeddable":true,"href":"https:\/\/www.alzd.de\/en\/wp-json\/wp\/v2\/tags?post=113487"}],"curies":[{"name":"wp","href":"https:\/\/api.w.org\/{rel}","templated":true}]}}