{"id":113281,"date":"2023-12-18T17:13:29","date_gmt":"2023-12-18T16:13:29","guid":{"rendered":"https:\/\/www.alzd.de\/2023\/12\/18\/interview-with-emil-elise-talking-to-the-squad\/"},"modified":"2023-12-18T17:20:59","modified_gmt":"2023-12-18T16:20:59","slug":"interview-with-emil-elise-talking-to-the-squad","status":"publish","type":"post","link":"https:\/\/www.alzd.de\/en\/2023\/12\/18\/interview-with-emil-elise-talking-to-the-squad\/","title":{"rendered":"Interview with EMIL \u00c9LISE &#8211; Talking to the squad"},"content":{"rendered":"\n<p>Just yesterday, <a href=\"https:\/\/www.ausliebezumduft.de\/emil-elise-melting-lust.html\" target=\"_blank\" rel=\"noreferrer noopener\">Melting Lust<\/a>, a fragrance by <a href=\"https:\/\/www.ausliebezumduft.de\/fragrances\/emil-elise.html\" target=\"_blank\" rel=\"noreferrer noopener\">EMIL \u00c9LISE<\/a>, was featured here in the Duft-Tagebuch as a prize in this year&#8217;s <a href=\"https:\/\/www.alzd.de\/tag\/adventskalender\/\" target=\"_blank\" rel=\"noreferrer noopener\">Advent calendar<\/a>. Today, we would like to talk to the young Essen-based brand and its &#8220;squad&#8221;, as the EMIL \u00c9LISE team calls itself. \ud83c\udfa4<\/p>\n\n<p>I have already presented all the label&#8217;s creations to you. There is even a fragrance event among the articles:<\/p>\n\n<ul class=\"wp-block-list\">\n<li><a href=\"https:\/\/www.alzd.de\/en\/2022\/11\/11\/emil-elise-up-close-fragrance-tasting-event-in-hamburg\/\">Emil \u00c9lise up close &#8211; Fragrance Tasting Event in Hamburg<\/a><\/li>\n\n\n\n<li><a href=\"https:\/\/www.alzd.de\/en\/2022\/11\/15\/hangover-meditation-and-dancing-on-goosebumps-by-emil-elise\/\">hangover meditation and dancing on goosebumps by Emil \u00c9lise<\/a><\/li>\n\n\n\n<li><a href=\"https:\/\/www.alzd.de\/en\/2022\/11\/17\/going-bang-and-eating-wherever-by-emil-elise-grapefruits-and-white-flowers\/\">going bang and eating wherever by Emil \u00c9lise &#8211; grapefruits and white flowers<\/a><\/li>\n\n\n\n<li><a href=\"https:\/\/www.alzd.de\/en\/2022\/11\/18\/bathing-in-a-daydream-and-painting-it-sweet-by-emil-elise-sweet-seduction\/\">bathing in a daydream and painting it sweet by Emil \u00c9lise &#8211; sweet seduction<\/a><\/li>\n\n\n\n<li><a href=\"https:\/\/www.alzd.de\/en\/2023\/08\/01\/melting-lust-by-emil-elise-cherry-with-sex-appeal\/\">Melting Lust by EMIL \u00c9LISE &#8211; Cherry with Sex Appeal<\/a><\/li>\n\n\n\n<li><a href=\"https:\/\/www.alzd.de\/en\/2023\/10\/26\/julias-top-5-autumn-fragrances-cozy-autumn-vibes\/\">Julia&#8217;s top 5 fall fragrances &#8211; Cozy Autumn Vibes<\/a><\/li>\n<\/ul>\n\n<p>Welcome to the Duft-Tagebuch: EMIL \u00c9LISE! <\/p>\n<div class=\"wp-block-image\">\n<figure class=\"aligncenter size-large\"><img decoding=\"async\" width=\"720\" height=\"1080\" src=\"https:\/\/www.alzd.de\/wp-content\/2023\/12\/03_GROUP-SHOT_0896-720x1080.jpg\" alt=\"Models from EMIL &#xC9;LISE\" class=\"wp-image-113253\" title=\"Models from EMIL &#xC9;LISE\" srcset=\"https:\/\/www.alzd.de\/wp-content\/2023\/12\/03_GROUP-SHOT_0896-720x1080.jpg 720w, https:\/\/www.alzd.de\/wp-content\/2023\/12\/03_GROUP-SHOT_0896-480x720.jpg 480w, https:\/\/www.alzd.de\/wp-content\/2023\/12\/03_GROUP-SHOT_0896-240x360.jpg 240w, https:\/\/www.alzd.de\/wp-content\/2023\/12\/03_GROUP-SHOT_0896-768x1152.jpg 768w, https:\/\/www.alzd.de\/wp-content\/2023\/12\/03_GROUP-SHOT_0896-1024x1536.jpg 1024w, https:\/\/www.alzd.de\/wp-content\/2023\/12\/03_GROUP-SHOT_0896-1365x2048.jpg 1365w, https:\/\/www.alzd.de\/wp-content\/2023\/12\/03_GROUP-SHOT_0896-scaled.jpg 1707w\" sizes=\"(max-width: 720px) 100vw, 720px\" \/><figcaption class=\"wp-element-caption\">Models from EMIL \u00c9LISE<\/figcaption><\/figure>\n<\/div>\n<p>Dear EMIL \u00c9LISE squad, can you tell us a bit about your background?<\/p>\n\n<blockquote class=\"wp-block-quote is-layout-flow wp-block-quote-is-layout-flow\">\n<p>EMIL \u00c9LISE thinks differently and opens the gallery to anyone who wants to express their personality. As a squad of many different personalities, we play with gender roles and the image of the perfume industry. We encourage our customers to tell their own story. Our approach is to create an entry into the niche world for the customer, both in terms of price and fragrance creations.<\/p>\n<\/blockquote>\n\n<p>How did it come about that you founded your own fragrance house EMIL \u00c9LISE?<\/p>\n\n<blockquote class=\"wp-block-quote is-layout-flow wp-block-quote-is-layout-flow\">\n<p>The EMIL \u00c9LISE team comes from the perfume industry and is very familiar with the German market. We have noticed that many brands pursue similar approaches and do little to stand out from the crowd. There was simply a lack of someone who dared to do what we were looking for. A brand that has the courage to be different and dare to do something. We wanted to fill precisely this niche by taking matters into our own hands and setting ourselves apart from the tradition-oriented market. A brand that addresses the issues of the younger generations, gives them a space and distinguishes itself from other fragrance brands.<\/p>\n<\/blockquote>\n<div class=\"wp-block-image\">\n<figure class=\"aligncenter size-large\"><img decoding=\"async\" width=\"1078\" height=\"1080\" src=\"https:\/\/www.alzd.de\/wp-content\/2023\/12\/Bildschirmfoto-vom-2023-12-18-16-58-09-1078x1080.jpg\" alt=\"\" class=\"wp-image-113261\" srcset=\"https:\/\/www.alzd.de\/wp-content\/2023\/12\/Bildschirmfoto-vom-2023-12-18-16-58-09-1078x1080.jpg 1078w, https:\/\/www.alzd.de\/wp-content\/2023\/12\/Bildschirmfoto-vom-2023-12-18-16-58-09-720x720.jpg 720w, https:\/\/www.alzd.de\/wp-content\/2023\/12\/Bildschirmfoto-vom-2023-12-18-16-58-09-360x360.jpg 360w, https:\/\/www.alzd.de\/wp-content\/2023\/12\/Bildschirmfoto-vom-2023-12-18-16-58-09-768x769.jpg 768w, https:\/\/www.alzd.de\/wp-content\/2023\/12\/Bildschirmfoto-vom-2023-12-18-16-58-09.jpg 1262w\" sizes=\"(max-width: 1078px) 100vw, 1078px\" \/><figcaption class=\"wp-element-caption\">Image from <a href=\"https:\/\/www.instagram.com\/officialemilelise\/\" target=\"_blank\" rel=\"noreferrer noopener\">Instagram<\/a><\/figcaption><\/figure>\n<\/div>\n<p>What makes your brand and your fragrances so special in your eyes?<\/p>\n\n<blockquote class=\"wp-block-quote is-layout-flow wp-block-quote-is-layout-flow\">\n<p>As a fragrance brand in the entry-level price segment in the niche fragrance world, we offer high-quality premium fragrances that are not too overwhelming or complex, even for inexperienced customers. With EMIL \u00c9LISE, we want to facilitate entry into niche perfumery and make high-quality fragrances attractive and accessible to a broad target group in terms of price. We take this approach on an emotional level in order to offer our customers a fragrance experience that satisfies their individualistic needs without breaking their price barrier. We see ourselves as a door opener in the world of exclusive premium fragrances by combining individuality and affordability together with an exceptional visual presentation.<\/p>\n<\/blockquote>\n\n<p>Who would you like to address with your creations?<\/p>\n\n<blockquote class=\"wp-block-quote is-layout-flow wp-block-quote-is-layout-flow\">\n<p>Growth in the luxury goods segment is being reinforced by two new dominant target groups &#8211; Generation Y &amp; Generation Z. Customers in these age groups appreciate brands with an authentic appearance and a unique brand story that goes beyond the actual product. Diversity, inclusion, sustainability and the intention to challenge the status quo are at the heart of their and our value system.<\/p>\n<\/blockquote>\n\n<p>You are a very young team. What advantages do you think this offers?<\/p>\n\n<blockquote class=\"wp-block-quote is-layout-flow wp-block-quote-is-layout-flow\">\n<p>We are a brand from a young creative squad for all Gen Y &amp; Zs. We do not define luxury by price, but by the power of personalities who can develop freely. We stand for strong, universal fragrance creations that invite you to tell your own story. Because we are a young team, we understand the needs and principles of our customers &#8211; we are part of them and can therefore optimally adapt our products to our customers.<\/p>\n<\/blockquote>\n<div class=\"wp-block-image\">\n<figure class=\"aligncenter size-large\"><img decoding=\"async\" width=\"1080\" height=\"1071\" src=\"https:\/\/www.alzd.de\/wp-content\/2023\/12\/Bildschirmfoto-vom-2023-12-18-16-59-55-1080x1071.jpg\" alt=\"\" class=\"wp-image-113264\" srcset=\"https:\/\/www.alzd.de\/wp-content\/2023\/12\/Bildschirmfoto-vom-2023-12-18-16-59-55-1080x1071.jpg 1080w, https:\/\/www.alzd.de\/wp-content\/2023\/12\/Bildschirmfoto-vom-2023-12-18-16-59-55-720x714.jpg 720w, https:\/\/www.alzd.de\/wp-content\/2023\/12\/Bildschirmfoto-vom-2023-12-18-16-59-55-360x357.jpg 360w, https:\/\/www.alzd.de\/wp-content\/2023\/12\/Bildschirmfoto-vom-2023-12-18-16-59-55-768x761.jpg 768w, https:\/\/www.alzd.de\/wp-content\/2023\/12\/Bildschirmfoto-vom-2023-12-18-16-59-55.jpg 1261w\" sizes=\"(max-width: 1080px) 100vw, 1080px\" \/><figcaption class=\"wp-element-caption\">Image from <a href=\"https:\/\/www.instagram.com\/officialemilelise\/\" target=\"_blank\" rel=\"noreferrer noopener\">Instagram<\/a><\/figcaption><\/figure>\n<\/div>\n<p>For each EMIL \u00c9LISE fragrance, you also launch matching images. How important is this visual component of your creations to you, and what do you attach particular importance to here?<\/p>\n\n<blockquote class=\"wp-block-quote is-layout-flow wp-block-quote-is-layout-flow\">\n<p>The visual presentation plays a very important role for us! We take a gallery approach, where our minimalist products provide the canvas for our customers, who then complete the artwork with their individuality and uniqueness by telling their story and emphasizing their personality with our fragrances. Our visual material is often provocative, diverse and loud, as we want to show that we are open to everything and everyone and do not judge anyone. We have the courage to show that it is good to be different. We therefore pursue a mix of minimalism in product design and loud imagery as an additional approach to visualize our values artistically.<\/p>\n<\/blockquote>\n\n<p>Where do you get the inspiration for your fragrances? What stories do they tell?<\/p>\n\n<blockquote class=\"wp-block-quote is-layout-flow wp-block-quote-is-layout-flow\">\n<p>Our inspiration comes from the everyday. We do not look away and deal with current issues. Courage and authenticity are very important to us and we don&#8217;t want to exclude anyone. We take the same approach with our fragrances. We try to create a wide range of different fragrances so that there is something for everyone. Our product portfolio is as diverse as our squad. We always try to be bold and create exciting fragrances that have never been seen before.<\/p>\n<\/blockquote>\n\n<p>How do you go about developing new creations?<\/p>\n\n<blockquote class=\"wp-block-quote is-layout-flow wp-block-quote-is-layout-flow\">\n<p>The fragrance creation journey begins with a comprehensive market analysis and portfolio review. After carefully deciding on the desired fragrance, the next step is an introduction to renowned fragrance manufacturers and perfumers. The expectations and wishes of the fragrance experts are defined in briefings, without imposing too many restrictions or specifications. The fragrance manufacturers work intensively with the specifications and send a carefully selected selection of fragrance suggestions. The focus is then on testing and fine-tuning the proposed fragrances. The entire team and additional experts take part in this process to ensure that the final product meets the highest standards and that the final fragrance composition can be determined as a joint decision.<\/p>\n<\/blockquote>\n<div class=\"wp-block-image\">\n<figure class=\"aligncenter size-large\"><img decoding=\"async\" width=\"1077\" height=\"1080\" src=\"https:\/\/www.alzd.de\/wp-content\/2023\/12\/Bildschirmfoto-vom-2023-12-18-17-01-23-1077x1080.png\" alt=\"\" class=\"wp-image-113266\" srcset=\"https:\/\/www.alzd.de\/wp-content\/2023\/12\/Bildschirmfoto-vom-2023-12-18-17-01-23-1077x1080.png 1077w, https:\/\/www.alzd.de\/wp-content\/2023\/12\/Bildschirmfoto-vom-2023-12-18-17-01-23-718x720.png 718w, https:\/\/www.alzd.de\/wp-content\/2023\/12\/Bildschirmfoto-vom-2023-12-18-17-01-23-360x360.png 360w, https:\/\/www.alzd.de\/wp-content\/2023\/12\/Bildschirmfoto-vom-2023-12-18-17-01-23-768x770.png 768w, https:\/\/www.alzd.de\/wp-content\/2023\/12\/Bildschirmfoto-vom-2023-12-18-17-01-23.png 1253w\" sizes=\"(max-width: 1077px) 100vw, 1077px\" \/><figcaption class=\"wp-element-caption\">Image from <a href=\"https:\/\/www.instagram.com\/officialemilelise\/\" target=\"_blank\" rel=\"noreferrer noopener\">Instagram<\/a><\/figcaption><\/figure>\n<\/div>\n<p>Do all your fragrances come from the same perfumer or have you worked with different ones?<\/p>\n\n<blockquote class=\"wp-block-quote is-layout-flow wp-block-quote-is-layout-flow\">\n<p>We work with various perfumers and are always open to new ideas. As we aim to be a brand that is characterized by diversity &#8211; both in terms of the squad and the product portfolio &#8211; we are reluctant to limit ourselves and are interested in different approaches.<\/p>\n<\/blockquote>\n\n<p>To what extent are you involved in the development of the fragrances?<\/p>\n\n<blockquote class=\"wp-block-quote is-layout-flow wp-block-quote-is-layout-flow\">\n<p>As already mentioned, the entire team is involved and supports the process from analysis and briefing through to the final fine-tuning. It is important to us that we are all satisfied before we make any decisions.<\/p>\n<\/blockquote>\n\n<p>Was there one or more creations that particularly challenged you during production\/development?<\/p>\n\n<blockquote class=\"wp-block-quote is-layout-flow wp-block-quote-is-layout-flow\">\n<p>Fragrance development is a very extensive topic and can take a lot of time. Since we want to build a portfolio in which we cover every fragrance direction and create a fragrance for every type of customer, it inevitably becomes more challenging with each new fragrance to define another fragrance direction that has not yet been considered. But it is precisely this challenge that drives us to surpass ourselves and create something completely new. We have a lot of fun developing innovative ideas and fragrance creations based on them that do not yet exist. We are very proud of our fragrances and look forward to creating many more.<\/p>\n<\/blockquote>\n<div class=\"wp-block-image\">\n<figure class=\"aligncenter size-large\"><img decoding=\"async\" width=\"1080\" height=\"1078\" src=\"https:\/\/www.alzd.de\/wp-content\/2023\/12\/Bildschirmfoto-vom-2023-12-18-17-03-32-1080x1078.png\" alt=\"\" class=\"wp-image-113269\" srcset=\"https:\/\/www.alzd.de\/wp-content\/2023\/12\/Bildschirmfoto-vom-2023-12-18-17-03-32-1080x1078.png 1080w, https:\/\/www.alzd.de\/wp-content\/2023\/12\/Bildschirmfoto-vom-2023-12-18-17-03-32-720x720.png 720w, https:\/\/www.alzd.de\/wp-content\/2023\/12\/Bildschirmfoto-vom-2023-12-18-17-03-32-360x360.png 360w, https:\/\/www.alzd.de\/wp-content\/2023\/12\/Bildschirmfoto-vom-2023-12-18-17-03-32-768x767.png 768w, https:\/\/www.alzd.de\/wp-content\/2023\/12\/Bildschirmfoto-vom-2023-12-18-17-03-32.png 1262w\" sizes=\"(max-width: 1080px) 100vw, 1080px\" \/><figcaption class=\"wp-element-caption\">Image from <a href=\"https:\/\/www.instagram.com\/officialemilelise\/\" target=\"_blank\" rel=\"noreferrer noopener\">Instagram<\/a><\/figcaption><\/figure>\n<\/div>\n<p>What can we expect from EMIL \u00c9LISE in the future?<\/p>\n\n<blockquote class=\"wp-block-quote is-layout-flow wp-block-quote-is-layout-flow\">\n<p>EMIL \u00c9LISE is still a relatively young brand. Not only in terms of the age of our team, but also in terms of the time we have existed as a brand. We aim to change the perfume industry and grow into a consistent and successful brand that stands out from the competition. We also want to spread our values and, of course, create incomparable fragrances that we and our customers like. After our first eight fragrances, we now want to be even more daring and develop even more unusual and unique fragrances that reflect the diversity of our brand and reach additional target groups.<\/p>\n<\/blockquote>\n\n<p>Is there anything important you would like to add?<\/p>\n\n<blockquote class=\"wp-block-quote is-layout-flow wp-block-quote-is-layout-flow\">\n<p>Stay Unlike Anyone.<\/p>\n<\/blockquote>\n\n<p>Thank you very much for taking the time to answer my questions.<\/p>\n\n<div class=\"wp-block-buttons is-content-justification-center is-layout-flex wp-container-core-buttons-is-layout-16018d1d wp-block-buttons-is-layout-flex\">\n<div class=\"wp-block-button has-custom-width wp-block-button__width-50\"><a class=\"wp-block-button__link has-white-color has-text-color has-background has-link-color wp-element-button\" href=\"https:\/\/www.ausliebezumduft.de\/fragrances\/emil-elise.html\" style=\"background-color:#7d232b\" target=\"_blank\" rel=\"noreferrer noopener\"><strong>EMIL \u00c9LISE<\/strong><\/a><\/div>\n<\/div>\n","protected":false},"excerpt":{"rendered":"<p>Just yesterday, Melting Lust, a fragrance by EMIL \u00c9LISE, was featured here in the Duft-Tagebuch as a prize in this year&#8217;s Advent calendar. Today, we would like to&#8230;<\/p>\n<div class=\"more-link-wrapper\"><a class=\"more-link\" href=\"https:\/\/www.alzd.de\/en\/2023\/12\/18\/interview-with-emil-elise-talking-to-the-squad\/\">WEITERLESEN<span class=\"screen-reader-text\">Interview with EMIL \u00c9LISE &#8211; Talking to the squad<\/span><\/a><\/div>\n","protected":false},"author":535,"featured_media":113280,"comment_status":"open","ping_status":"closed","sticky":false,"template":"","format":"standard","meta":{"footnotes":""},"categories":[1119,1137,1166],"tags":[1750,1532],"class_list":["post-113281","post","type-post","status-publish","format-standard","has-post-thumbnail","hentry","category-general","category-interview-en","category-useful-information","tag-emil-elise-en","tag-interviews-en","excerpt","zoom","full-without-featured","even","excerpt-0"],"yoast_head":"<!-- This site is optimized with the Yoast SEO plugin v27.5 - https:\/\/yoast.com\/product\/yoast-seo-wordpress\/ -->\n<title>Interview with EMIL \u00c9LISE - Talking to the squad - Duft-Tagebuch<\/title>\n<meta name=\"description\" content=\"Just yesterday, Melting Lust, a fragrance by EMIL \u00c9LISE, was featured here in the Duft-Tagebuch, and today we would like to have a look at the Squad ...\" \/>\n<meta name=\"robots\" content=\"index, follow, max-snippet:-1, max-image-preview:large, max-video-preview:-1\" \/>\n<link rel=\"canonical\" href=\"https:\/\/www.alzd.de\/en\/2023\/12\/18\/interview-with-emil-elise-talking-to-the-squad\/\" \/>\n<meta property=\"og:locale\" content=\"en_US\" \/>\n<meta property=\"og:type\" content=\"article\" \/>\n<meta property=\"og:title\" content=\"Interview with EMIL \u00c9LISE - Talking to the squad - Duft-Tagebuch\" \/>\n<meta property=\"og:url\" content=\"https:\/\/www.alzd.de\/en\/2023\/12\/18\/interview-with-emil-elise-talking-to-the-squad\/\" \/>\n<meta property=\"og:site_name\" content=\"Das Duft-Tagebuch\" \/>\n<meta property=\"article:publisher\" content=\"https:\/\/www.facebook.com\/dufttagebuch\/\" \/>\n<meta property=\"article:author\" content=\"https:\/\/www.facebook.com\/stephanie.tkaczik\" \/>\n<meta property=\"article:published_time\" content=\"2023-12-18T16:13:29+00:00\" \/>\n<meta property=\"article:modified_time\" content=\"2023-12-18T16:20:59+00:00\" \/>\n<meta property=\"og:image\" content=\"https:\/\/www.alzd.de\/wp-content\/2023\/12\/bbBildschirmfoto-vom-2023-12-15-14-27-53.jpgSquad-Einzelbilder.jpg\" \/>\n\t<meta property=\"og:image:width\" content=\"720\" \/>\n\t<meta property=\"og:image:height\" content=\"400\" \/>\n\t<meta property=\"og:image:type\" content=\"image\/jpeg\" \/>\n<meta name=\"author\" content=\"Julia Bir\u00f3\" \/>\n<meta name=\"twitter:card\" content=\"summary_large_image\" \/>\n<meta name=\"twitter:creator\" content=\"@ausliebezumduft\" \/>\n<meta name=\"twitter:site\" content=\"@ausliebezumduft\" \/>\n<script type=\"application\/ld+json\" class=\"yoast-schema-graph\">{\"@context\":\"https:\\\/\\\/schema.org\",\"@graph\":[{\"@type\":\"Article\",\"@id\":\"https:\\\/\\\/www.alzd.de\\\/en\\\/2023\\\/12\\\/18\\\/interview-with-emil-elise-talking-to-the-squad\\\/#article\",\"isPartOf\":{\"@id\":\"https:\\\/\\\/www.alzd.de\\\/en\\\/2023\\\/12\\\/18\\\/interview-with-emil-elise-talking-to-the-squad\\\/\"},\"author\":{\"name\":\"Julia Bir\u00f3\",\"@id\":\"https:\\\/\\\/www.alzd.de\\\/en\\\/#\\\/schema\\\/person\\\/8efcd8f02447fdbe8f29ad465897d04e\"},\"headline\":\"Interview with EMIL \u00c9LISE &#8211; Talking to the squad\",\"datePublished\":\"2023-12-18T16:13:29+00:00\",\"dateModified\":\"2023-12-18T16:20:59+00:00\",\"mainEntityOfPage\":{\"@id\":\"https:\\\/\\\/www.alzd.de\\\/en\\\/2023\\\/12\\\/18\\\/interview-with-emil-elise-talking-to-the-squad\\\/\"},\"wordCount\":1375,\"commentCount\":0,\"publisher\":{\"@id\":\"https:\\\/\\\/www.alzd.de\\\/en\\\/#organization\"},\"image\":{\"@id\":\"https:\\\/\\\/www.alzd.de\\\/en\\\/2023\\\/12\\\/18\\\/interview-with-emil-elise-talking-to-the-squad\\\/#primaryimage\"},\"thumbnailUrl\":\"https:\\\/\\\/www.alzd.de\\\/wp-content\\\/2023\\\/12\\\/bbBildschirmfoto-vom-2023-12-15-14-27-53.jpgSquad-Einzelbilder.jpg\",\"keywords\":[\"Emil \u00c9lise\",\"Interviews\"],\"articleSection\":[\"General\",\"Interview\",\"Useful Information\"],\"inLanguage\":\"en-US\",\"potentialAction\":[{\"@type\":\"CommentAction\",\"name\":\"Comment\",\"target\":[\"https:\\\/\\\/www.alzd.de\\\/en\\\/2023\\\/12\\\/18\\\/interview-with-emil-elise-talking-to-the-squad\\\/#respond\"]}]},{\"@type\":\"WebPage\",\"@id\":\"https:\\\/\\\/www.alzd.de\\\/en\\\/2023\\\/12\\\/18\\\/interview-with-emil-elise-talking-to-the-squad\\\/\",\"url\":\"https:\\\/\\\/www.alzd.de\\\/en\\\/2023\\\/12\\\/18\\\/interview-with-emil-elise-talking-to-the-squad\\\/\",\"name\":\"Interview with EMIL \u00c9LISE - Talking to the squad - Duft-Tagebuch\",\"isPartOf\":{\"@id\":\"https:\\\/\\\/www.alzd.de\\\/en\\\/#website\"},\"primaryImageOfPage\":{\"@id\":\"https:\\\/\\\/www.alzd.de\\\/en\\\/2023\\\/12\\\/18\\\/interview-with-emil-elise-talking-to-the-squad\\\/#primaryimage\"},\"image\":{\"@id\":\"https:\\\/\\\/www.alzd.de\\\/en\\\/2023\\\/12\\\/18\\\/interview-with-emil-elise-talking-to-the-squad\\\/#primaryimage\"},\"thumbnailUrl\":\"https:\\\/\\\/www.alzd.de\\\/wp-content\\\/2023\\\/12\\\/bbBildschirmfoto-vom-2023-12-15-14-27-53.jpgSquad-Einzelbilder.jpg\",\"datePublished\":\"2023-12-18T16:13:29+00:00\",\"dateModified\":\"2023-12-18T16:20:59+00:00\",\"description\":\"Just yesterday, Melting Lust, a fragrance by EMIL \u00c9LISE, was featured here in the Duft-Tagebuch, and today we would like to have a look at the Squad ...\",\"breadcrumb\":{\"@id\":\"https:\\\/\\\/www.alzd.de\\\/en\\\/2023\\\/12\\\/18\\\/interview-with-emil-elise-talking-to-the-squad\\\/#breadcrumb\"},\"inLanguage\":\"en-US\",\"potentialAction\":[{\"@type\":\"ReadAction\",\"target\":[\"https:\\\/\\\/www.alzd.de\\\/en\\\/2023\\\/12\\\/18\\\/interview-with-emil-elise-talking-to-the-squad\\\/\"]}]},{\"@type\":\"ImageObject\",\"inLanguage\":\"en-US\",\"@id\":\"https:\\\/\\\/www.alzd.de\\\/en\\\/2023\\\/12\\\/18\\\/interview-with-emil-elise-talking-to-the-squad\\\/#primaryimage\",\"url\":\"https:\\\/\\\/www.alzd.de\\\/wp-content\\\/2023\\\/12\\\/bbBildschirmfoto-vom-2023-12-15-14-27-53.jpgSquad-Einzelbilder.jpg\",\"contentUrl\":\"https:\\\/\\\/www.alzd.de\\\/wp-content\\\/2023\\\/12\\\/bbBildschirmfoto-vom-2023-12-15-14-27-53.jpgSquad-Einzelbilder.jpg\",\"width\":720,\"height\":400},{\"@type\":\"BreadcrumbList\",\"@id\":\"https:\\\/\\\/www.alzd.de\\\/en\\\/2023\\\/12\\\/18\\\/interview-with-emil-elise-talking-to-the-squad\\\/#breadcrumb\",\"itemListElement\":[{\"@type\":\"ListItem\",\"position\":1,\"name\":\"Startseite\",\"item\":\"https:\\\/\\\/www.alzd.de\\\/en\\\/\"},{\"@type\":\"ListItem\",\"position\":2,\"name\":\"Interview with EMIL \u00c9LISE &#8211; Talking to the squad\"}]},{\"@type\":\"WebSite\",\"@id\":\"https:\\\/\\\/www.alzd.de\\\/en\\\/#website\",\"url\":\"https:\\\/\\\/www.alzd.de\\\/en\\\/\",\"name\":\"Das Duft-Tagebuch\",\"description\":\"Das Parfumblog von Aus Liebe zum Duft\",\"publisher\":{\"@id\":\"https:\\\/\\\/www.alzd.de\\\/en\\\/#organization\"},\"potentialAction\":[{\"@type\":\"SearchAction\",\"target\":{\"@type\":\"EntryPoint\",\"urlTemplate\":\"https:\\\/\\\/www.alzd.de\\\/en\\\/?s={search_term_string}\"},\"query-input\":{\"@type\":\"PropertyValueSpecification\",\"valueRequired\":true,\"valueName\":\"search_term_string\"}}],\"inLanguage\":\"en-US\"},{\"@type\":\"Organization\",\"@id\":\"https:\\\/\\\/www.alzd.de\\\/en\\\/#organization\",\"name\":\"Das Duft-Tagebuch\",\"url\":\"https:\\\/\\\/www.alzd.de\\\/en\\\/\",\"logo\":{\"@type\":\"ImageObject\",\"inLanguage\":\"en-US\",\"@id\":\"https:\\\/\\\/www.alzd.de\\\/en\\\/#\\\/schema\\\/logo\\\/image\\\/\",\"url\":\"https:\\\/\\\/www.alzd.de\\\/wp-content\\\/2023\\\/08\\\/alzd_dufttagebuch.png\",\"contentUrl\":\"https:\\\/\\\/www.alzd.de\\\/wp-content\\\/2023\\\/08\\\/alzd_dufttagebuch.png\",\"width\":1804,\"height\":416,\"caption\":\"Das Duft-Tagebuch\"},\"image\":{\"@id\":\"https:\\\/\\\/www.alzd.de\\\/en\\\/#\\\/schema\\\/logo\\\/image\\\/\"},\"sameAs\":[\"https:\\\/\\\/www.facebook.com\\\/dufttagebuch\\\/\",\"https:\\\/\\\/x.com\\\/ausliebezumduft\",\"https:\\\/\\\/www.instagram.com\\\/ausliebezumduft.de\\\/\",\"https:\\\/\\\/www.youtube.com\\\/c\\\/ausliebezumduft\"]},{\"@type\":\"Person\",\"@id\":\"https:\\\/\\\/www.alzd.de\\\/en\\\/#\\\/schema\\\/person\\\/8efcd8f02447fdbe8f29ad465897d04e\",\"name\":\"Julia Bir\u00f3\",\"image\":{\"@type\":\"ImageObject\",\"inLanguage\":\"en-US\",\"@id\":\"https:\\\/\\\/www.alzd.de\\\/wp-content\\\/2018\\\/02\\\/cropped-cropped-mitarbeiterbilder_steffi--96x96.jpg\",\"url\":\"https:\\\/\\\/www.alzd.de\\\/wp-content\\\/2018\\\/02\\\/cropped-cropped-mitarbeiterbilder_steffi--96x96.jpg\",\"contentUrl\":\"https:\\\/\\\/www.alzd.de\\\/wp-content\\\/2018\\\/02\\\/cropped-cropped-mitarbeiterbilder_steffi--96x96.jpg\",\"caption\":\"Julia Bir\u00f3\"},\"description\":\"Bereits 2010 gingen so einige Blogbeitr\u00e4ge auf mein Konto. Dann war ich \u201ekurz\u201c weg \u2013 sechs Jahre. Umso mehr freut es mich, dass ich nun wieder die Chance bekomme, mein N\u00e4schen im Dienste der Duftrezension schnuppern zu lassen und eifrig in die Tasten zu hauen. Was Nischend\u00fcfte angeht, habe ich damals \u00fcbrigens schnell Feuer gefangen. Meine Ausbildung tat dazu ihr \u00dcbriges: Als diplomierte Biologin kenne ich mich nicht nur mit Fauna und Flora, sondern auch recht gut mit der Herstellung von \u00d6len und Extrakten aus, was den Reiz der Parfumwelt nat\u00fcrlich noch gr\u00f6\u00dfer macht.\",\"sameAs\":[\"https:\\\/\\\/biro.is\\\/\",\"https:\\\/\\\/www.facebook.com\\\/stephanie.tkaczik\"],\"url\":\"https:\\\/\\\/www.alzd.de\\\/en\\\/author\\\/stephanie\\\/\"}]}<\/script>\n<!-- \/ Yoast SEO plugin. -->","yoast_head_json":{"title":"Interview with EMIL \u00c9LISE - Talking to the squad - Duft-Tagebuch","description":"Just yesterday, Melting Lust, a fragrance by EMIL \u00c9LISE, was featured here in the Duft-Tagebuch, and today we would like to have a look at the Squad ...","robots":{"index":"index","follow":"follow","max-snippet":"max-snippet:-1","max-image-preview":"max-image-preview:large","max-video-preview":"max-video-preview:-1"},"canonical":"https:\/\/www.alzd.de\/en\/2023\/12\/18\/interview-with-emil-elise-talking-to-the-squad\/","og_locale":"en_US","og_type":"article","og_title":"Interview with EMIL \u00c9LISE - Talking to the squad - Duft-Tagebuch","og_url":"https:\/\/www.alzd.de\/en\/2023\/12\/18\/interview-with-emil-elise-talking-to-the-squad\/","og_site_name":"Das Duft-Tagebuch","article_publisher":"https:\/\/www.facebook.com\/dufttagebuch\/","article_author":"https:\/\/www.facebook.com\/stephanie.tkaczik","article_published_time":"2023-12-18T16:13:29+00:00","article_modified_time":"2023-12-18T16:20:59+00:00","og_image":[{"width":720,"height":400,"url":"https:\/\/www.alzd.de\/wp-content\/2023\/12\/bbBildschirmfoto-vom-2023-12-15-14-27-53.jpgSquad-Einzelbilder.jpg","type":"image\/jpeg"}],"author":"Julia Bir\u00f3","twitter_card":"summary_large_image","twitter_creator":"@ausliebezumduft","twitter_site":"@ausliebezumduft","schema":{"@context":"https:\/\/schema.org","@graph":[{"@type":"Article","@id":"https:\/\/www.alzd.de\/en\/2023\/12\/18\/interview-with-emil-elise-talking-to-the-squad\/#article","isPartOf":{"@id":"https:\/\/www.alzd.de\/en\/2023\/12\/18\/interview-with-emil-elise-talking-to-the-squad\/"},"author":{"name":"Julia Bir\u00f3","@id":"https:\/\/www.alzd.de\/en\/#\/schema\/person\/8efcd8f02447fdbe8f29ad465897d04e"},"headline":"Interview with EMIL \u00c9LISE &#8211; Talking to the squad","datePublished":"2023-12-18T16:13:29+00:00","dateModified":"2023-12-18T16:20:59+00:00","mainEntityOfPage":{"@id":"https:\/\/www.alzd.de\/en\/2023\/12\/18\/interview-with-emil-elise-talking-to-the-squad\/"},"wordCount":1375,"commentCount":0,"publisher":{"@id":"https:\/\/www.alzd.de\/en\/#organization"},"image":{"@id":"https:\/\/www.alzd.de\/en\/2023\/12\/18\/interview-with-emil-elise-talking-to-the-squad\/#primaryimage"},"thumbnailUrl":"https:\/\/www.alzd.de\/wp-content\/2023\/12\/bbBildschirmfoto-vom-2023-12-15-14-27-53.jpgSquad-Einzelbilder.jpg","keywords":["Emil \u00c9lise","Interviews"],"articleSection":["General","Interview","Useful Information"],"inLanguage":"en-US","potentialAction":[{"@type":"CommentAction","name":"Comment","target":["https:\/\/www.alzd.de\/en\/2023\/12\/18\/interview-with-emil-elise-talking-to-the-squad\/#respond"]}]},{"@type":"WebPage","@id":"https:\/\/www.alzd.de\/en\/2023\/12\/18\/interview-with-emil-elise-talking-to-the-squad\/","url":"https:\/\/www.alzd.de\/en\/2023\/12\/18\/interview-with-emil-elise-talking-to-the-squad\/","name":"Interview with EMIL \u00c9LISE - Talking to the squad - Duft-Tagebuch","isPartOf":{"@id":"https:\/\/www.alzd.de\/en\/#website"},"primaryImageOfPage":{"@id":"https:\/\/www.alzd.de\/en\/2023\/12\/18\/interview-with-emil-elise-talking-to-the-squad\/#primaryimage"},"image":{"@id":"https:\/\/www.alzd.de\/en\/2023\/12\/18\/interview-with-emil-elise-talking-to-the-squad\/#primaryimage"},"thumbnailUrl":"https:\/\/www.alzd.de\/wp-content\/2023\/12\/bbBildschirmfoto-vom-2023-12-15-14-27-53.jpgSquad-Einzelbilder.jpg","datePublished":"2023-12-18T16:13:29+00:00","dateModified":"2023-12-18T16:20:59+00:00","description":"Just yesterday, Melting Lust, a fragrance by EMIL \u00c9LISE, was featured here in the Duft-Tagebuch, and today we would like to have a look at the Squad ...","breadcrumb":{"@id":"https:\/\/www.alzd.de\/en\/2023\/12\/18\/interview-with-emil-elise-talking-to-the-squad\/#breadcrumb"},"inLanguage":"en-US","potentialAction":[{"@type":"ReadAction","target":["https:\/\/www.alzd.de\/en\/2023\/12\/18\/interview-with-emil-elise-talking-to-the-squad\/"]}]},{"@type":"ImageObject","inLanguage":"en-US","@id":"https:\/\/www.alzd.de\/en\/2023\/12\/18\/interview-with-emil-elise-talking-to-the-squad\/#primaryimage","url":"https:\/\/www.alzd.de\/wp-content\/2023\/12\/bbBildschirmfoto-vom-2023-12-15-14-27-53.jpgSquad-Einzelbilder.jpg","contentUrl":"https:\/\/www.alzd.de\/wp-content\/2023\/12\/bbBildschirmfoto-vom-2023-12-15-14-27-53.jpgSquad-Einzelbilder.jpg","width":720,"height":400},{"@type":"BreadcrumbList","@id":"https:\/\/www.alzd.de\/en\/2023\/12\/18\/interview-with-emil-elise-talking-to-the-squad\/#breadcrumb","itemListElement":[{"@type":"ListItem","position":1,"name":"Startseite","item":"https:\/\/www.alzd.de\/en\/"},{"@type":"ListItem","position":2,"name":"Interview with EMIL \u00c9LISE &#8211; Talking to the squad"}]},{"@type":"WebSite","@id":"https:\/\/www.alzd.de\/en\/#website","url":"https:\/\/www.alzd.de\/en\/","name":"Das Duft-Tagebuch","description":"Das Parfumblog von Aus Liebe zum Duft","publisher":{"@id":"https:\/\/www.alzd.de\/en\/#organization"},"potentialAction":[{"@type":"SearchAction","target":{"@type":"EntryPoint","urlTemplate":"https:\/\/www.alzd.de\/en\/?s={search_term_string}"},"query-input":{"@type":"PropertyValueSpecification","valueRequired":true,"valueName":"search_term_string"}}],"inLanguage":"en-US"},{"@type":"Organization","@id":"https:\/\/www.alzd.de\/en\/#organization","name":"Das Duft-Tagebuch","url":"https:\/\/www.alzd.de\/en\/","logo":{"@type":"ImageObject","inLanguage":"en-US","@id":"https:\/\/www.alzd.de\/en\/#\/schema\/logo\/image\/","url":"https:\/\/www.alzd.de\/wp-content\/2023\/08\/alzd_dufttagebuch.png","contentUrl":"https:\/\/www.alzd.de\/wp-content\/2023\/08\/alzd_dufttagebuch.png","width":1804,"height":416,"caption":"Das Duft-Tagebuch"},"image":{"@id":"https:\/\/www.alzd.de\/en\/#\/schema\/logo\/image\/"},"sameAs":["https:\/\/www.facebook.com\/dufttagebuch\/","https:\/\/x.com\/ausliebezumduft","https:\/\/www.instagram.com\/ausliebezumduft.de\/","https:\/\/www.youtube.com\/c\/ausliebezumduft"]},{"@type":"Person","@id":"https:\/\/www.alzd.de\/en\/#\/schema\/person\/8efcd8f02447fdbe8f29ad465897d04e","name":"Julia Bir\u00f3","image":{"@type":"ImageObject","inLanguage":"en-US","@id":"https:\/\/www.alzd.de\/wp-content\/2018\/02\/cropped-cropped-mitarbeiterbilder_steffi--96x96.jpg","url":"https:\/\/www.alzd.de\/wp-content\/2018\/02\/cropped-cropped-mitarbeiterbilder_steffi--96x96.jpg","contentUrl":"https:\/\/www.alzd.de\/wp-content\/2018\/02\/cropped-cropped-mitarbeiterbilder_steffi--96x96.jpg","caption":"Julia Bir\u00f3"},"description":"Bereits 2010 gingen so einige Blogbeitr\u00e4ge auf mein Konto. Dann war ich \u201ekurz\u201c weg \u2013 sechs Jahre. Umso mehr freut es mich, dass ich nun wieder die Chance bekomme, mein N\u00e4schen im Dienste der Duftrezension schnuppern zu lassen und eifrig in die Tasten zu hauen. Was Nischend\u00fcfte angeht, habe ich damals \u00fcbrigens schnell Feuer gefangen. Meine Ausbildung tat dazu ihr \u00dcbriges: Als diplomierte Biologin kenne ich mich nicht nur mit Fauna und Flora, sondern auch recht gut mit der Herstellung von \u00d6len und Extrakten aus, was den Reiz der Parfumwelt nat\u00fcrlich noch gr\u00f6\u00dfer macht.","sameAs":["https:\/\/biro.is\/","https:\/\/www.facebook.com\/stephanie.tkaczik"],"url":"https:\/\/www.alzd.de\/en\/author\/stephanie\/"}]}},"wp-worthy-pixel":{"ignored":false,"public":null,"server":null,"url":null},"wp-worthy-type":"normal","_links":{"self":[{"href":"https:\/\/www.alzd.de\/en\/wp-json\/wp\/v2\/posts\/113281","targetHints":{"allow":["GET"]}}],"collection":[{"href":"https:\/\/www.alzd.de\/en\/wp-json\/wp\/v2\/posts"}],"about":[{"href":"https:\/\/www.alzd.de\/en\/wp-json\/wp\/v2\/types\/post"}],"author":[{"embeddable":true,"href":"https:\/\/www.alzd.de\/en\/wp-json\/wp\/v2\/users\/535"}],"replies":[{"embeddable":true,"href":"https:\/\/www.alzd.de\/en\/wp-json\/wp\/v2\/comments?post=113281"}],"version-history":[{"count":2,"href":"https:\/\/www.alzd.de\/en\/wp-json\/wp\/v2\/posts\/113281\/revisions"}],"predecessor-version":[{"id":113283,"href":"https:\/\/www.alzd.de\/en\/wp-json\/wp\/v2\/posts\/113281\/revisions\/113283"}],"wp:featuredmedia":[{"embeddable":true,"href":"https:\/\/www.alzd.de\/en\/wp-json\/wp\/v2\/media\/113280"}],"wp:attachment":[{"href":"https:\/\/www.alzd.de\/en\/wp-json\/wp\/v2\/media?parent=113281"}],"wp:term":[{"taxonomy":"category","embeddable":true,"href":"https:\/\/www.alzd.de\/en\/wp-json\/wp\/v2\/categories?post=113281"},{"taxonomy":"post_tag","embeddable":true,"href":"https:\/\/www.alzd.de\/en\/wp-json\/wp\/v2\/tags?post=113281"}],"curies":[{"name":"wp","href":"https:\/\/api.w.org\/{rel}","templated":true}]}}