{"id":112596,"date":"2023-11-29T07:30:00","date_gmt":"2023-11-29T06:30:00","guid":{"rendered":"https:\/\/www.alzd.de\/2023\/11\/29\/balma-venitia-from-the-heart-of-provence\/"},"modified":"2023-11-29T12:01:01","modified_gmt":"2023-11-29T11:01:01","slug":"balma-venitia-from-the-heart-of-provence","status":"publish","type":"post","link":"https:\/\/www.alzd.de\/en\/2023\/11\/29\/balma-venitia-from-the-heart-of-provence\/","title":{"rendered":"Balma Venitia &#8211; From the heart of Provence"},"content":{"rendered":"\n<p>The brand <a href=\"https:\/\/www.ausliebezumduft.de\/fragrances\/balma-venitia.html\" target=\"_blank\" rel=\"noreferrer noopener\">Balma Venitia<\/a> comes from the south of France, because that is exactly where the label founder and designer Thierry Lemahieu is based: in the small village of Beaumes-de-Venise, north-east of the city of Avignon and at the foot of the Dentelles de Montmirail mountain range with its characteristic and impressive mountain ridges, which rise up steep and rocky.<\/p>\n\n<figure class=\"wp-block-image size-large\"><img decoding=\"async\" width=\"773\" height=\"1080\" src=\"https:\/\/www.alzd.de\/wp-content\/2023\/11\/sebastien-goldberg-ofL0tzkm67I-unsplash-1-773x1080.jpg\" alt=\"Dentelles de Montmirail\" class=\"wp-image-112537\" title=\"Dentelles de Montmirail\" srcset=\"https:\/\/www.alzd.de\/wp-content\/2023\/11\/sebastien-goldberg-ofL0tzkm67I-unsplash-1-773x1080.jpg 773w, https:\/\/www.alzd.de\/wp-content\/2023\/11\/sebastien-goldberg-ofL0tzkm67I-unsplash-1-515x720.jpg 515w, https:\/\/www.alzd.de\/wp-content\/2023\/11\/sebastien-goldberg-ofL0tzkm67I-unsplash-1-258x360.jpg 258w, https:\/\/www.alzd.de\/wp-content\/2023\/11\/sebastien-goldberg-ofL0tzkm67I-unsplash-1-768x1073.jpg 768w, https:\/\/www.alzd.de\/wp-content\/2023\/11\/sebastien-goldberg-ofL0tzkm67I-unsplash-1-1100x1536.jpg 1100w, https:\/\/www.alzd.de\/wp-content\/2023\/11\/sebastien-goldberg-ofL0tzkm67I-unsplash-1-1466x2048.jpg 1466w, https:\/\/www.alzd.de\/wp-content\/2023\/11\/sebastien-goldberg-ofL0tzkm67I-unsplash-1-scaled.jpg 1833w\" sizes=\"(max-width: 773px) 100vw, 773px\" \/><figcaption class=\"wp-element-caption\">Photo by <a href=\"https:\/\/unsplash.com\/de\/@sebastiengoldberg?utm_content=creditCopyText&amp;utm_medium=referral&amp;utm_source=unsplash\">S\u00e9bastien Goldberg<\/a> on <a href=\"https:\/\/unsplash.com\/de\/fotos\/luftbild-der-felsformation-ofL0tzkm67I?utm_content=creditCopyText&amp;utm_medium=referral&amp;utm_source=unsplash\">Unsplash<\/a><\/figcaption><\/figure>\n\n<h2 class=\"wp-block-heading\">At home in the south of France<\/h2>\n\n<p>The area around Beaumes-de-Venise is not only known for its landscape, but also for the excellent wine that is grown in the region. The grapes draw their aromas from the rocky soil and the warmth of the sun, as the location of Beaumes-de-Venise is perfect for growing first-class grapes with a full-bodied taste. <\/p>\n\n<p>Thierry Lemahieu loves his home town as much as he loves perfumes. At some point, the designer met perfumer <a href=\"https:\/\/www.alzd.de\/en\/tag\/marie-duchene-en\/\" target=\"_blank\" rel=\"noreferrer noopener\">Marie Duch\u00eane<\/a> &#8211; how exactly this encounter came about remains an open question &#8211; and as a result, the three eaux de parfum <a href=\"https:\/\/www.ausliebezumduft.de\/balma-venitia-white-wood.html\" target=\"_blank\" rel=\"noreferrer noopener\">White Wood<\/a>, <a href=\"https:\/\/www.ausliebezumduft.de\/balma-venitia-chanvre-sauvage.html\" target=\"_blank\" rel=\"noreferrer noopener\">Chanvre Sauvage<\/a> and <a href=\"https:\/\/www.ausliebezumduft.de\/balma-venitia-l-eau-de-l-ame.html\" target=\"_blank\" rel=\"noreferrer noopener\">L&#8217;Eau de L&#8217;\u00c2me<\/a> were created. Incidentally, there is a winery in Beaumes-de-Venise called Vigneron Balma Venitia, whose name is certainly based on the place, but unfortunately I was unable to find out in my research whether there is a connection to Thierry Lemahieu.<\/p>\n\n<blockquote class=\"wp-block-quote is-layout-flow wp-block-quote-is-layout-flow\">\n<p>I divide my life and my time between my two passions, art and perfume. (&#8230;) A meeting with Marie Duch\u00eane, perfumer in Grasse, transformed my sources of inspiration together with the most beautiful ingredients into noble fragrances from natural formulas. Italian lemon, Java vetiver and Nagarmotha proclaim their beauty in a fragrance that lingers with its sillage. The aromatic signature of Balma Venitia Parfums.<\/p>\n<\/blockquote>\n<div class=\"wp-block-image\">\n<figure class=\"aligncenter size-large\"><img decoding=\"async\" width=\"1080\" height=\"720\" src=\"https:\/\/www.alzd.de\/wp-content\/2023\/11\/le-sixieme-reve-rj-Na-mhlhs-unsplash-1080x720.jpg\" alt=\"Vineyards, Dentelles de Montmirail\" class=\"wp-image-112545\" title=\"Vineyards, Dentelles de Montmirail\" srcset=\"https:\/\/www.alzd.de\/wp-content\/2023\/11\/le-sixieme-reve-rj-Na-mhlhs-unsplash-1080x720.jpg 1080w, https:\/\/www.alzd.de\/wp-content\/2023\/11\/le-sixieme-reve-rj-Na-mhlhs-unsplash-720x480.jpg 720w, https:\/\/www.alzd.de\/wp-content\/2023\/11\/le-sixieme-reve-rj-Na-mhlhs-unsplash-360x240.jpg 360w, https:\/\/www.alzd.de\/wp-content\/2023\/11\/le-sixieme-reve-rj-Na-mhlhs-unsplash-768x512.jpg 768w, https:\/\/www.alzd.de\/wp-content\/2023\/11\/le-sixieme-reve-rj-Na-mhlhs-unsplash-1536x1024.jpg 1536w, https:\/\/www.alzd.de\/wp-content\/2023\/11\/le-sixieme-reve-rj-Na-mhlhs-unsplash-2048x1365.jpg 2048w\" sizes=\"(max-width: 1080px) 100vw, 1080px\" \/><figcaption class=\"wp-element-caption\">Photo by <a href=\"https:\/\/unsplash.com\/de\/@le_sixieme_reve?utm_content=creditCopyText&amp;utm_medium=referral&amp;utm_source=unsplash\">le Sixi\u00e8me R\u00eave<\/a> on <a href=\"https:\/\/unsplash.com\/de\/fotos\/ein-eingezauntes-feld-mit-einem-feldweg-und-baumen-und-bergen-im-hintergrund-rj-Na-mhlhs?utm_content=creditCopyText&amp;utm_medium=referral&amp;utm_source=unsplash\">Unsplash<\/a><\/figcaption><\/figure>\n<\/div>\n<h2 class=\"wp-block-heading\">White Wood &#8211; white wood<\/h2>\n\n<p>The name seems quite simple and yet it fits perfectly with the look of the beautifully designed outer packaging and the classically elegant yet minimalist flacons, all in the colours white, black and gold. The fragrance notes sound tempting, even if I can&#8217;t recognize the reference to Provence at first glance: <strong>Pear, apricot, fig leaves, green notes, sandalwood, fig wood, patchouli, woods, tonka bean, ambergris <\/strong>and <strong>white musk<\/strong>. The closest connection I can see is to the Muscat wine grown in Beaumes-de-Venise in the south of France, a sweet, fruity liqueur wine that is said to play with some of the notes mentioned above.<\/p>\n\n<div class=\"wp-block-columns is-layout-flex wp-container-core-columns-is-layout-9d6595d7 wp-block-columns-is-layout-flex\">\n<div class=\"wp-block-column is-layout-flow wp-block-column-is-layout-flow\">\n<figure class=\"wp-block-image size-full\"><img decoding=\"async\" width=\"600\" height=\"600\" src=\"https:\/\/www.alzd.de\/wp-content\/2023\/11\/white_wood_edp100ml.webp\" alt=\"Balma Venitia - White Wood\" class=\"wp-image-112550\" title=\"Balma Venitia - White Wood\" srcset=\"https:\/\/www.alzd.de\/wp-content\/2023\/11\/white_wood_edp100ml.webp 600w, https:\/\/www.alzd.de\/wp-content\/2023\/11\/white_wood_edp100ml-360x360.webp 360w\" sizes=\"(max-width: 600px) 100vw, 600px\" \/><\/figure>\n<\/div>\n\n\n\n<div class=\"wp-block-column is-layout-flow wp-block-column-is-layout-flow\">\n<p>White Wood by Balma Venitia reveals wonderfully fruity and sweet nuances of juicy pear and greenish fig right from the start. The apricot creates velvety accents that are underlined by warm sandalwood. Light woods not only give the creation somehow its name, but also lend it durability and volume before the creation slowly fades away with powdery-soft facets. Transparent, spring-like and wonderfully carefree, the eau de parfum reminds me of Petite Ch\u00e9rie by Goutal, a fresh, youthful ode to the warm season. A good mood fragrance through and through. Perfect for fans of pears, figs and beautiful compositions.<\/p>\n<\/div>\n<\/div>\n\n<div class=\"wp-block-buttons is-content-justification-center is-layout-flex wp-container-core-buttons-is-layout-16018d1d wp-block-buttons-is-layout-flex\">\n<div class=\"wp-block-button has-custom-width wp-block-button__width-50\"><a class=\"wp-block-button__link has-white-color has-text-color has-background has-link-color wp-element-button\" href=\"https:\/\/www.ausliebezumduft.de\/balma-venitia-white-wood.html\" style=\"background-color:#f9cead\" target=\"_blank\" rel=\"noreferrer noopener\"><strong>White Wood<\/strong><\/a><\/div>\n<\/div>\n\n<div style=\"height:50px\" aria-hidden=\"true\" class=\"wp-block-spacer\"><\/div>\n\n<h2 class=\"wp-block-heading\">Chanvre Sauvage &#8211; wild hemp<\/h2>\n\n<p>With Chanvre Sauvage, Balma Venitia dedicates itself to the Proven\u00e7al landscape, as the composition &#8220;transports us to the hills of Mont Ventoux, where hemp and sage grow. A revelation of pure nature. Chanvre Sauvage is the emotional image of the wild landscape with its red rocks illuminated by golden sunlight.&#8221; Marie Duch\u00eane uses the ingredients <strong>mandarin, lemon, cannabis, clary sage, vetiver, cedarwood, patchouli, ambergris, woods, nagarmotha<\/strong> and <strong>incense<\/strong> for the eau de parfum.<\/p>\n\n<div class=\"wp-block-columns is-layout-flex wp-container-core-columns-is-layout-9d6595d7 wp-block-columns-is-layout-flex\">\n<div class=\"wp-block-column is-layout-flow wp-block-column-is-layout-flow\">\n<figure class=\"wp-block-image size-full\"><img decoding=\"async\" width=\"600\" height=\"600\" src=\"https:\/\/www.alzd.de\/wp-content\/2023\/11\/chanvre_sauvage_edp100ml.webp\" alt=\"Balma Venitia - Chanvre Sauvage\" class=\"wp-image-112559\" title=\"Balma Venitia - Chanvre Sauvage\" srcset=\"https:\/\/www.alzd.de\/wp-content\/2023\/11\/chanvre_sauvage_edp100ml.webp 600w, https:\/\/www.alzd.de\/wp-content\/2023\/11\/chanvre_sauvage_edp100ml-360x360.webp 360w\" sizes=\"(max-width: 600px) 100vw, 600px\" \/><\/figure>\n<\/div>\n\n\n\n<div class=\"wp-block-column is-layout-flow wp-block-column-is-layout-flow\">\n<p>Chanvre Sauvage by Balma Venitia has a herbaceous, tart opening, infused with a citrusy freshness and characterized by rich cannabis nuances and greenish clary sage. I would classify the fragrance as striking and rather masculine, with hints of barbershop. A subtle smokiness combines with dark, earthy nuances, aromatic woods and a fine incense coolness drifts through the composition in gentle clouds. An herbaceous, smoky and greenish fragrance, fresh and tart, with a medium presence and good longevity, which I tend to see in the warmer months of the year. Suitable for the office and everyday use.<\/p>\n<\/div>\n<\/div>\n\n<div class=\"wp-block-buttons is-content-justification-center is-layout-flex wp-container-core-buttons-is-layout-16018d1d wp-block-buttons-is-layout-flex\">\n<div class=\"wp-block-button has-custom-width wp-block-button__width-50\"><a class=\"wp-block-button__link has-white-color has-text-color has-background has-link-color wp-element-button\" href=\"https:\/\/www.ausliebezumduft.de\/balma-venitia-chanvre-sauvage.html\" style=\"background-color:#524d29\" target=\"_blank\" rel=\"noreferrer noopener\"><strong>Chanvre Sauvage<\/strong><\/a><\/div>\n<\/div>\n\n<div style=\"height:100px\" aria-hidden=\"true\" class=\"wp-block-spacer\"><\/div>\n\n<h2 class=\"wp-block-heading\">L&#8217;Eau de L&#8217;\u00c2me &#8211; Water of the soul<\/h2>\n\n<p>L&#8217;Eau de L&#8217;\u00c2me also revolves around Provence, the home of Balma Venitia. It is a creation about which the brand writes: &#8220;The soul of Provence, a walk through the vineyards at the foot of the Dentelles de Montmirail, where the aromas of rosemary and sun-ripened bergamot fill the air. The intensely floral L&#8217;Eau de L&#8217;\u00c2me is a delicious interpretation of grape blossom. A fragrance that lingers long after the summer has come to an end.&#8221; Perfumer Marie Duch\u00eane captures this special mood with the fragrance notes <strong>bergamot, wormwood, cannabis, rosemary, wine blossom, lavender, patchouli, oak, woods, oak moss, musk<\/strong> and <strong>ambergris<\/strong>.<\/p>\n\n<div class=\"wp-block-columns is-layout-flex wp-container-core-columns-is-layout-9d6595d7 wp-block-columns-is-layout-flex\">\n<div class=\"wp-block-column is-layout-flow wp-block-column-is-layout-flow\">\n<figure class=\"wp-block-image size-full\"><img decoding=\"async\" width=\"600\" height=\"600\" src=\"https:\/\/www.alzd.de\/wp-content\/2023\/11\/leau_de_lame_edp100ml.webp\" alt=\"Balma Venitia - L'Eau de L'&#xC2;me\" class=\"wp-image-112570\" title=\"Balma Venitia - L'Eau de L'&#xC2;me\" srcset=\"https:\/\/www.alzd.de\/wp-content\/2023\/11\/leau_de_lame_edp100ml.webp 600w, https:\/\/www.alzd.de\/wp-content\/2023\/11\/leau_de_lame_edp100ml-360x360.webp 360w\" sizes=\"(max-width: 600px) 100vw, 600px\" \/><\/figure>\n<\/div>\n\n\n\n<div class=\"wp-block-column is-layout-flow wp-block-column-is-layout-flow\">\n<p>The opening of L&#8217;Eau de L&#8217;\u00c2me is greenish-fruity, citrus-fresh, creamy and sweet thanks to fine citrus fruits and herbs. The vine blossom is at its most beautiful and at the same time creates a link to the wine region in the south of France. I perceive light woods that give the creation a frame and depth without restricting the creamy, fruity floral sweetness in any way. In the base, powdery-warm and subtly earthy nuances bring the fragrance to a very harmonious close. A finely balanced and beautifully composed composition that enchants all year round and for every occasion. Rather transparent, with a medium presence and good persistence. Really great!<\/p>\n<\/div>\n<\/div>\n\n<div class=\"wp-block-buttons is-content-justification-center is-layout-flex wp-container-core-buttons-is-layout-16018d1d wp-block-buttons-is-layout-flex\">\n<div class=\"wp-block-button has-custom-width wp-block-button__width-50\"><a class=\"wp-block-button__link has-white-color has-text-color has-background has-link-color wp-element-button\" href=\"https:\/\/www.ausliebezumduft.de\/balma-venitia-l-eau-de-l-ame.html\" style=\"background-color:#bfc28b\" target=\"_blank\" rel=\"noreferrer noopener\"><strong>L&#8217;Eau de L&#8217;\u00c2me<\/strong><\/a><\/div>\n<\/div>\n\n<div style=\"height:50px\" aria-hidden=\"true\" class=\"wp-block-spacer\"><\/div>\n\n<p>I would like to thank Mr. Spies from <a href=\"https:\/\/isisparfums.de\/\" target=\"_blank\" rel=\"noreferrer noopener\">ISIS Parfums<\/a> for providing a <a href=\"https:\/\/www.ausliebezumduft.de\/balma-venitia-discovery-set.html\" target=\"_blank\" rel=\"noreferrer noopener\">Discovery Set<\/a> and a bottle of White Wood for an unboxing reel on our <a href=\"https:\/\/www.instagram.com\/ausliebezumduft.de\/\" target=\"_blank\" rel=\"noreferrer noopener\">Instagram account<\/a>.<\/p>\n","protected":false},"excerpt":{"rendered":"<p>The brand Balma Venitia comes from the south of France, because that is exactly where the label founder and designer Thierry Lemahieu is based: in the small village&#8230;<\/p>\n<div class=\"more-link-wrapper\"><a class=\"more-link\" href=\"https:\/\/www.alzd.de\/en\/2023\/11\/29\/balma-venitia-from-the-heart-of-provence\/\">WEITERLESEN<span class=\"screen-reader-text\">Balma Venitia &#8211; From the heart of Provence<\/span><\/a><\/div>\n","protected":false},"author":535,"featured_media":112595,"comment_status":"open","ping_status":"closed","sticky":false,"template":"","format":"standard","meta":{"footnotes":""},"categories":[1151,1117,1155,1157,1159,1114],"tags":[1937,1433,1936,1284],"class_list":["post-112596","post","type-post","status-publish","format-standard","has-post-thumbnail","hentry","category-flowers","category-fragrances","category-fruity","category-green","category-herbal","category-woody","tag-balma-venitia-en","tag-fig","tag-marie-duchene-en","tag-pear","excerpt","zoom","full-without-featured","even","excerpt-0"],"yoast_head":"<!-- This site is optimized with the Yoast SEO plugin v27.4 - https:\/\/yoast.com\/product\/yoast-seo-wordpress\/ -->\n<title>Balma Venitia - From the heart of Provence - Duft-Tagebuch<\/title>\n<meta name=\"description\" content=\"The Balma Venitia brand originates from the south of France, which is exactly where the label founder and designer Thierry Lemahieu is based.\" \/>\n<meta name=\"robots\" content=\"index, follow, max-snippet:-1, max-image-preview:large, max-video-preview:-1\" \/>\n<link rel=\"canonical\" href=\"https:\/\/www.alzd.de\/en\/2023\/11\/29\/balma-venitia-from-the-heart-of-provence\/\" \/>\n<meta property=\"og:locale\" content=\"en_US\" \/>\n<meta property=\"og:type\" content=\"article\" \/>\n<meta property=\"og:title\" content=\"Balma Venitia - From the heart of Provence - Duft-Tagebuch\" \/>\n<meta property=\"og:url\" content=\"https:\/\/www.alzd.de\/en\/2023\/11\/29\/balma-venitia-from-the-heart-of-provence\/\" \/>\n<meta property=\"og:site_name\" content=\"Das Duft-Tagebuch\" \/>\n<meta property=\"article:publisher\" content=\"https:\/\/www.facebook.com\/dufttagebuch\/\" \/>\n<meta property=\"article:author\" content=\"https:\/\/www.facebook.com\/stephanie.tkaczik\" \/>\n<meta property=\"article:published_time\" content=\"2023-11-29T06:30:00+00:00\" \/>\n<meta property=\"article:modified_time\" content=\"2023-11-29T11:01:01+00:00\" \/>\n<meta property=\"og:image\" content=\"https:\/\/www.alzd.de\/wp-content\/2023\/11\/bbebastien-goldberg-ofL0tzkm67I-unsplash.jpg\" \/>\n\t<meta property=\"og:image:width\" content=\"720\" \/>\n\t<meta property=\"og:image:height\" content=\"400\" \/>\n\t<meta property=\"og:image:type\" content=\"image\/jpeg\" \/>\n<meta name=\"author\" content=\"Julia Bir\u00f3\" \/>\n<meta name=\"twitter:card\" content=\"summary_large_image\" \/>\n<meta name=\"twitter:creator\" content=\"@ausliebezumduft\" \/>\n<meta name=\"twitter:site\" content=\"@ausliebezumduft\" \/>\n<script type=\"application\/ld+json\" class=\"yoast-schema-graph\">{\"@context\":\"https:\\\/\\\/schema.org\",\"@graph\":[{\"@type\":\"Article\",\"@id\":\"https:\\\/\\\/www.alzd.de\\\/en\\\/2023\\\/11\\\/29\\\/balma-venitia-from-the-heart-of-provence\\\/#article\",\"isPartOf\":{\"@id\":\"https:\\\/\\\/www.alzd.de\\\/en\\\/2023\\\/11\\\/29\\\/balma-venitia-from-the-heart-of-provence\\\/\"},\"author\":{\"name\":\"Julia Bir\u00f3\",\"@id\":\"https:\\\/\\\/www.alzd.de\\\/en\\\/#\\\/schema\\\/person\\\/8efcd8f02447fdbe8f29ad465897d04e\"},\"headline\":\"Balma Venitia &#8211; From the heart of Provence\",\"datePublished\":\"2023-11-29T06:30:00+00:00\",\"dateModified\":\"2023-11-29T11:01:01+00:00\",\"mainEntityOfPage\":{\"@id\":\"https:\\\/\\\/www.alzd.de\\\/en\\\/2023\\\/11\\\/29\\\/balma-venitia-from-the-heart-of-provence\\\/\"},\"wordCount\":951,\"commentCount\":0,\"publisher\":{\"@id\":\"https:\\\/\\\/www.alzd.de\\\/en\\\/#organization\"},\"image\":{\"@id\":\"https:\\\/\\\/www.alzd.de\\\/en\\\/2023\\\/11\\\/29\\\/balma-venitia-from-the-heart-of-provence\\\/#primaryimage\"},\"thumbnailUrl\":\"https:\\\/\\\/www.alzd.de\\\/wp-content\\\/2023\\\/11\\\/bbebastien-goldberg-ofL0tzkm67I-unsplash.jpg\",\"keywords\":[\"Balma Venitia\",\"Fig\",\"Marie Duch\u00eane\",\"Pear\"],\"articleSection\":[\"Flowers\",\"Fragrances\",\"Fruity\",\"Green\",\"Herbal\",\"Woody\"],\"inLanguage\":\"en-US\",\"potentialAction\":[{\"@type\":\"CommentAction\",\"name\":\"Comment\",\"target\":[\"https:\\\/\\\/www.alzd.de\\\/en\\\/2023\\\/11\\\/29\\\/balma-venitia-from-the-heart-of-provence\\\/#respond\"]}]},{\"@type\":\"WebPage\",\"@id\":\"https:\\\/\\\/www.alzd.de\\\/en\\\/2023\\\/11\\\/29\\\/balma-venitia-from-the-heart-of-provence\\\/\",\"url\":\"https:\\\/\\\/www.alzd.de\\\/en\\\/2023\\\/11\\\/29\\\/balma-venitia-from-the-heart-of-provence\\\/\",\"name\":\"Balma Venitia - From the heart of Provence - Duft-Tagebuch\",\"isPartOf\":{\"@id\":\"https:\\\/\\\/www.alzd.de\\\/en\\\/#website\"},\"primaryImageOfPage\":{\"@id\":\"https:\\\/\\\/www.alzd.de\\\/en\\\/2023\\\/11\\\/29\\\/balma-venitia-from-the-heart-of-provence\\\/#primaryimage\"},\"image\":{\"@id\":\"https:\\\/\\\/www.alzd.de\\\/en\\\/2023\\\/11\\\/29\\\/balma-venitia-from-the-heart-of-provence\\\/#primaryimage\"},\"thumbnailUrl\":\"https:\\\/\\\/www.alzd.de\\\/wp-content\\\/2023\\\/11\\\/bbebastien-goldberg-ofL0tzkm67I-unsplash.jpg\",\"datePublished\":\"2023-11-29T06:30:00+00:00\",\"dateModified\":\"2023-11-29T11:01:01+00:00\",\"description\":\"The Balma Venitia brand originates from the south of France, which is exactly where the label founder and designer Thierry Lemahieu is based.\",\"breadcrumb\":{\"@id\":\"https:\\\/\\\/www.alzd.de\\\/en\\\/2023\\\/11\\\/29\\\/balma-venitia-from-the-heart-of-provence\\\/#breadcrumb\"},\"inLanguage\":\"en-US\",\"potentialAction\":[{\"@type\":\"ReadAction\",\"target\":[\"https:\\\/\\\/www.alzd.de\\\/en\\\/2023\\\/11\\\/29\\\/balma-venitia-from-the-heart-of-provence\\\/\"]}]},{\"@type\":\"ImageObject\",\"inLanguage\":\"en-US\",\"@id\":\"https:\\\/\\\/www.alzd.de\\\/en\\\/2023\\\/11\\\/29\\\/balma-venitia-from-the-heart-of-provence\\\/#primaryimage\",\"url\":\"https:\\\/\\\/www.alzd.de\\\/wp-content\\\/2023\\\/11\\\/bbebastien-goldberg-ofL0tzkm67I-unsplash.jpg\",\"contentUrl\":\"https:\\\/\\\/www.alzd.de\\\/wp-content\\\/2023\\\/11\\\/bbebastien-goldberg-ofL0tzkm67I-unsplash.jpg\",\"width\":720,\"height\":400},{\"@type\":\"BreadcrumbList\",\"@id\":\"https:\\\/\\\/www.alzd.de\\\/en\\\/2023\\\/11\\\/29\\\/balma-venitia-from-the-heart-of-provence\\\/#breadcrumb\",\"itemListElement\":[{\"@type\":\"ListItem\",\"position\":1,\"name\":\"Startseite\",\"item\":\"https:\\\/\\\/www.alzd.de\\\/en\\\/\"},{\"@type\":\"ListItem\",\"position\":2,\"name\":\"Balma Venitia &#8211; From the heart of Provence\"}]},{\"@type\":\"WebSite\",\"@id\":\"https:\\\/\\\/www.alzd.de\\\/en\\\/#website\",\"url\":\"https:\\\/\\\/www.alzd.de\\\/en\\\/\",\"name\":\"Das Duft-Tagebuch\",\"description\":\"Das Parfumblog von Aus Liebe zum Duft\",\"publisher\":{\"@id\":\"https:\\\/\\\/www.alzd.de\\\/en\\\/#organization\"},\"potentialAction\":[{\"@type\":\"SearchAction\",\"target\":{\"@type\":\"EntryPoint\",\"urlTemplate\":\"https:\\\/\\\/www.alzd.de\\\/en\\\/?s={search_term_string}\"},\"query-input\":{\"@type\":\"PropertyValueSpecification\",\"valueRequired\":true,\"valueName\":\"search_term_string\"}}],\"inLanguage\":\"en-US\"},{\"@type\":\"Organization\",\"@id\":\"https:\\\/\\\/www.alzd.de\\\/en\\\/#organization\",\"name\":\"Das Duft-Tagebuch\",\"url\":\"https:\\\/\\\/www.alzd.de\\\/en\\\/\",\"logo\":{\"@type\":\"ImageObject\",\"inLanguage\":\"en-US\",\"@id\":\"https:\\\/\\\/www.alzd.de\\\/en\\\/#\\\/schema\\\/logo\\\/image\\\/\",\"url\":\"https:\\\/\\\/www.alzd.de\\\/wp-content\\\/2023\\\/08\\\/alzd_dufttagebuch.png\",\"contentUrl\":\"https:\\\/\\\/www.alzd.de\\\/wp-content\\\/2023\\\/08\\\/alzd_dufttagebuch.png\",\"width\":1804,\"height\":416,\"caption\":\"Das Duft-Tagebuch\"},\"image\":{\"@id\":\"https:\\\/\\\/www.alzd.de\\\/en\\\/#\\\/schema\\\/logo\\\/image\\\/\"},\"sameAs\":[\"https:\\\/\\\/www.facebook.com\\\/dufttagebuch\\\/\",\"https:\\\/\\\/x.com\\\/ausliebezumduft\",\"https:\\\/\\\/www.instagram.com\\\/ausliebezumduft.de\\\/\",\"https:\\\/\\\/www.youtube.com\\\/c\\\/ausliebezumduft\"]},{\"@type\":\"Person\",\"@id\":\"https:\\\/\\\/www.alzd.de\\\/en\\\/#\\\/schema\\\/person\\\/8efcd8f02447fdbe8f29ad465897d04e\",\"name\":\"Julia Bir\u00f3\",\"image\":{\"@type\":\"ImageObject\",\"inLanguage\":\"en-US\",\"@id\":\"https:\\\/\\\/www.alzd.de\\\/wp-content\\\/2018\\\/02\\\/cropped-cropped-mitarbeiterbilder_steffi--96x96.jpg\",\"url\":\"https:\\\/\\\/www.alzd.de\\\/wp-content\\\/2018\\\/02\\\/cropped-cropped-mitarbeiterbilder_steffi--96x96.jpg\",\"contentUrl\":\"https:\\\/\\\/www.alzd.de\\\/wp-content\\\/2018\\\/02\\\/cropped-cropped-mitarbeiterbilder_steffi--96x96.jpg\",\"caption\":\"Julia Bir\u00f3\"},\"description\":\"Bereits 2010 gingen so einige Blogbeitr\u00e4ge auf mein Konto. Dann war ich \u201ekurz\u201c weg \u2013 sechs Jahre. Umso mehr freut es mich, dass ich nun wieder die Chance bekomme, mein N\u00e4schen im Dienste der Duftrezension schnuppern zu lassen und eifrig in die Tasten zu hauen. Was Nischend\u00fcfte angeht, habe ich damals \u00fcbrigens schnell Feuer gefangen. Meine Ausbildung tat dazu ihr \u00dcbriges: Als diplomierte Biologin kenne ich mich nicht nur mit Fauna und Flora, sondern auch recht gut mit der Herstellung von \u00d6len und Extrakten aus, was den Reiz der Parfumwelt nat\u00fcrlich noch gr\u00f6\u00dfer macht.\",\"sameAs\":[\"https:\\\/\\\/biro.is\\\/\",\"https:\\\/\\\/www.facebook.com\\\/stephanie.tkaczik\"],\"url\":\"https:\\\/\\\/www.alzd.de\\\/en\\\/author\\\/stephanie\\\/\"}]}<\/script>\n<!-- \/ Yoast SEO plugin. -->","yoast_head_json":{"title":"Balma Venitia - From the heart of Provence - Duft-Tagebuch","description":"The Balma Venitia brand originates from the south of France, which is exactly where the label founder and designer Thierry Lemahieu is based.","robots":{"index":"index","follow":"follow","max-snippet":"max-snippet:-1","max-image-preview":"max-image-preview:large","max-video-preview":"max-video-preview:-1"},"canonical":"https:\/\/www.alzd.de\/en\/2023\/11\/29\/balma-venitia-from-the-heart-of-provence\/","og_locale":"en_US","og_type":"article","og_title":"Balma Venitia - From the heart of Provence - Duft-Tagebuch","og_url":"https:\/\/www.alzd.de\/en\/2023\/11\/29\/balma-venitia-from-the-heart-of-provence\/","og_site_name":"Das Duft-Tagebuch","article_publisher":"https:\/\/www.facebook.com\/dufttagebuch\/","article_author":"https:\/\/www.facebook.com\/stephanie.tkaczik","article_published_time":"2023-11-29T06:30:00+00:00","article_modified_time":"2023-11-29T11:01:01+00:00","og_image":[{"width":720,"height":400,"url":"https:\/\/www.alzd.de\/wp-content\/2023\/11\/bbebastien-goldberg-ofL0tzkm67I-unsplash.jpg","type":"image\/jpeg"}],"author":"Julia Bir\u00f3","twitter_card":"summary_large_image","twitter_creator":"@ausliebezumduft","twitter_site":"@ausliebezumduft","schema":{"@context":"https:\/\/schema.org","@graph":[{"@type":"Article","@id":"https:\/\/www.alzd.de\/en\/2023\/11\/29\/balma-venitia-from-the-heart-of-provence\/#article","isPartOf":{"@id":"https:\/\/www.alzd.de\/en\/2023\/11\/29\/balma-venitia-from-the-heart-of-provence\/"},"author":{"name":"Julia Bir\u00f3","@id":"https:\/\/www.alzd.de\/en\/#\/schema\/person\/8efcd8f02447fdbe8f29ad465897d04e"},"headline":"Balma Venitia &#8211; From the heart of Provence","datePublished":"2023-11-29T06:30:00+00:00","dateModified":"2023-11-29T11:01:01+00:00","mainEntityOfPage":{"@id":"https:\/\/www.alzd.de\/en\/2023\/11\/29\/balma-venitia-from-the-heart-of-provence\/"},"wordCount":951,"commentCount":0,"publisher":{"@id":"https:\/\/www.alzd.de\/en\/#organization"},"image":{"@id":"https:\/\/www.alzd.de\/en\/2023\/11\/29\/balma-venitia-from-the-heart-of-provence\/#primaryimage"},"thumbnailUrl":"https:\/\/www.alzd.de\/wp-content\/2023\/11\/bbebastien-goldberg-ofL0tzkm67I-unsplash.jpg","keywords":["Balma Venitia","Fig","Marie Duch\u00eane","Pear"],"articleSection":["Flowers","Fragrances","Fruity","Green","Herbal","Woody"],"inLanguage":"en-US","potentialAction":[{"@type":"CommentAction","name":"Comment","target":["https:\/\/www.alzd.de\/en\/2023\/11\/29\/balma-venitia-from-the-heart-of-provence\/#respond"]}]},{"@type":"WebPage","@id":"https:\/\/www.alzd.de\/en\/2023\/11\/29\/balma-venitia-from-the-heart-of-provence\/","url":"https:\/\/www.alzd.de\/en\/2023\/11\/29\/balma-venitia-from-the-heart-of-provence\/","name":"Balma Venitia - From the heart of Provence - Duft-Tagebuch","isPartOf":{"@id":"https:\/\/www.alzd.de\/en\/#website"},"primaryImageOfPage":{"@id":"https:\/\/www.alzd.de\/en\/2023\/11\/29\/balma-venitia-from-the-heart-of-provence\/#primaryimage"},"image":{"@id":"https:\/\/www.alzd.de\/en\/2023\/11\/29\/balma-venitia-from-the-heart-of-provence\/#primaryimage"},"thumbnailUrl":"https:\/\/www.alzd.de\/wp-content\/2023\/11\/bbebastien-goldberg-ofL0tzkm67I-unsplash.jpg","datePublished":"2023-11-29T06:30:00+00:00","dateModified":"2023-11-29T11:01:01+00:00","description":"The Balma Venitia brand originates from the south of France, which is exactly where the label founder and designer Thierry Lemahieu is based.","breadcrumb":{"@id":"https:\/\/www.alzd.de\/en\/2023\/11\/29\/balma-venitia-from-the-heart-of-provence\/#breadcrumb"},"inLanguage":"en-US","potentialAction":[{"@type":"ReadAction","target":["https:\/\/www.alzd.de\/en\/2023\/11\/29\/balma-venitia-from-the-heart-of-provence\/"]}]},{"@type":"ImageObject","inLanguage":"en-US","@id":"https:\/\/www.alzd.de\/en\/2023\/11\/29\/balma-venitia-from-the-heart-of-provence\/#primaryimage","url":"https:\/\/www.alzd.de\/wp-content\/2023\/11\/bbebastien-goldberg-ofL0tzkm67I-unsplash.jpg","contentUrl":"https:\/\/www.alzd.de\/wp-content\/2023\/11\/bbebastien-goldberg-ofL0tzkm67I-unsplash.jpg","width":720,"height":400},{"@type":"BreadcrumbList","@id":"https:\/\/www.alzd.de\/en\/2023\/11\/29\/balma-venitia-from-the-heart-of-provence\/#breadcrumb","itemListElement":[{"@type":"ListItem","position":1,"name":"Startseite","item":"https:\/\/www.alzd.de\/en\/"},{"@type":"ListItem","position":2,"name":"Balma Venitia &#8211; From the heart of Provence"}]},{"@type":"WebSite","@id":"https:\/\/www.alzd.de\/en\/#website","url":"https:\/\/www.alzd.de\/en\/","name":"Das Duft-Tagebuch","description":"Das Parfumblog von Aus Liebe zum Duft","publisher":{"@id":"https:\/\/www.alzd.de\/en\/#organization"},"potentialAction":[{"@type":"SearchAction","target":{"@type":"EntryPoint","urlTemplate":"https:\/\/www.alzd.de\/en\/?s={search_term_string}"},"query-input":{"@type":"PropertyValueSpecification","valueRequired":true,"valueName":"search_term_string"}}],"inLanguage":"en-US"},{"@type":"Organization","@id":"https:\/\/www.alzd.de\/en\/#organization","name":"Das Duft-Tagebuch","url":"https:\/\/www.alzd.de\/en\/","logo":{"@type":"ImageObject","inLanguage":"en-US","@id":"https:\/\/www.alzd.de\/en\/#\/schema\/logo\/image\/","url":"https:\/\/www.alzd.de\/wp-content\/2023\/08\/alzd_dufttagebuch.png","contentUrl":"https:\/\/www.alzd.de\/wp-content\/2023\/08\/alzd_dufttagebuch.png","width":1804,"height":416,"caption":"Das Duft-Tagebuch"},"image":{"@id":"https:\/\/www.alzd.de\/en\/#\/schema\/logo\/image\/"},"sameAs":["https:\/\/www.facebook.com\/dufttagebuch\/","https:\/\/x.com\/ausliebezumduft","https:\/\/www.instagram.com\/ausliebezumduft.de\/","https:\/\/www.youtube.com\/c\/ausliebezumduft"]},{"@type":"Person","@id":"https:\/\/www.alzd.de\/en\/#\/schema\/person\/8efcd8f02447fdbe8f29ad465897d04e","name":"Julia Bir\u00f3","image":{"@type":"ImageObject","inLanguage":"en-US","@id":"https:\/\/www.alzd.de\/wp-content\/2018\/02\/cropped-cropped-mitarbeiterbilder_steffi--96x96.jpg","url":"https:\/\/www.alzd.de\/wp-content\/2018\/02\/cropped-cropped-mitarbeiterbilder_steffi--96x96.jpg","contentUrl":"https:\/\/www.alzd.de\/wp-content\/2018\/02\/cropped-cropped-mitarbeiterbilder_steffi--96x96.jpg","caption":"Julia Bir\u00f3"},"description":"Bereits 2010 gingen so einige Blogbeitr\u00e4ge auf mein Konto. Dann war ich \u201ekurz\u201c weg \u2013 sechs Jahre. Umso mehr freut es mich, dass ich nun wieder die Chance bekomme, mein N\u00e4schen im Dienste der Duftrezension schnuppern zu lassen und eifrig in die Tasten zu hauen. Was Nischend\u00fcfte angeht, habe ich damals \u00fcbrigens schnell Feuer gefangen. Meine Ausbildung tat dazu ihr \u00dcbriges: Als diplomierte Biologin kenne ich mich nicht nur mit Fauna und Flora, sondern auch recht gut mit der Herstellung von \u00d6len und Extrakten aus, was den Reiz der Parfumwelt nat\u00fcrlich noch gr\u00f6\u00dfer macht.","sameAs":["https:\/\/biro.is\/","https:\/\/www.facebook.com\/stephanie.tkaczik"],"url":"https:\/\/www.alzd.de\/en\/author\/stephanie\/"}]}},"wp-worthy-pixel":{"ignored":false,"public":null,"server":null,"url":null},"wp-worthy-type":"normal","_links":{"self":[{"href":"https:\/\/www.alzd.de\/en\/wp-json\/wp\/v2\/posts\/112596","targetHints":{"allow":["GET"]}}],"collection":[{"href":"https:\/\/www.alzd.de\/en\/wp-json\/wp\/v2\/posts"}],"about":[{"href":"https:\/\/www.alzd.de\/en\/wp-json\/wp\/v2\/types\/post"}],"author":[{"embeddable":true,"href":"https:\/\/www.alzd.de\/en\/wp-json\/wp\/v2\/users\/535"}],"replies":[{"embeddable":true,"href":"https:\/\/www.alzd.de\/en\/wp-json\/wp\/v2\/comments?post=112596"}],"version-history":[{"count":3,"href":"https:\/\/www.alzd.de\/en\/wp-json\/wp\/v2\/posts\/112596\/revisions"}],"predecessor-version":[{"id":112599,"href":"https:\/\/www.alzd.de\/en\/wp-json\/wp\/v2\/posts\/112596\/revisions\/112599"}],"wp:featuredmedia":[{"embeddable":true,"href":"https:\/\/www.alzd.de\/en\/wp-json\/wp\/v2\/media\/112595"}],"wp:attachment":[{"href":"https:\/\/www.alzd.de\/en\/wp-json\/wp\/v2\/media?parent=112596"}],"wp:term":[{"taxonomy":"category","embeddable":true,"href":"https:\/\/www.alzd.de\/en\/wp-json\/wp\/v2\/categories?post=112596"},{"taxonomy":"post_tag","embeddable":true,"href":"https:\/\/www.alzd.de\/en\/wp-json\/wp\/v2\/tags?post=112596"}],"curies":[{"name":"wp","href":"https:\/\/api.w.org\/{rel}","templated":true}]}}