{"id":111395,"date":"2023-10-17T07:30:00","date_gmt":"2023-10-17T05:30:00","guid":{"rendered":"https:\/\/www.alzd.de\/2023\/10\/17\/the-collection-of-versatile-completely-different\/"},"modified":"2023-10-17T12:27:44","modified_gmt":"2023-10-17T10:27:44","slug":"the-collection-of-versatile-completely-different","status":"publish","type":"post","link":"https:\/\/www.alzd.de\/en\/2023\/10\/17\/the-collection-of-versatile-completely-different\/","title":{"rendered":"The Collection of Versatile &#8211; Completely Different"},"content":{"rendered":"\n<p>An exciting new fragrance house enriches the range of <a href=\"https:\/\/www.ausliebezumduft.de\/\" target=\"_blank\" rel=\"noreferrer noopener\">Aus Liebe zum Duft<\/a> since a few weeks, namely <a href=\"https:\/\/www.ausliebezumduft.de\/fragrances\/versatile.html\" target=\"_blank\" rel=\"noreferrer noopener\">Versatile<\/a>. Founded two years ago, in October 2021, Coralie Fr\u00e9bourg&#8217;s brand is dedicated to the will and desire to do things differently from the rest. This is already expressed in the name: The French word &#8220;versatile&#8221; means &#8220;unsteady&#8221; or &#8220;fickle&#8221; in English. Conventional compositions, inflated prices and typical marketing standards are not found in the young label.<\/p>\n<div class=\"wp-block-image\">\n<figure class=\"aligncenter size-large\"><img decoding=\"async\" width=\"864\" height=\"1080\" src=\"https:\/\/www.alzd.de\/wp-content\/2023\/10\/Versatile_2-CT-864x1080.jpg\" alt=\"Versatile - Culot Th&#xE9;\" class=\"wp-image-111334\" title=\"Versatile - Culot Th&#xE9;\" srcset=\"https:\/\/www.alzd.de\/wp-content\/2023\/10\/Versatile_2-CT-864x1080.jpg 864w, https:\/\/www.alzd.de\/wp-content\/2023\/10\/Versatile_2-CT-576x720.jpg 576w, https:\/\/www.alzd.de\/wp-content\/2023\/10\/Versatile_2-CT-288x360.jpg 288w, https:\/\/www.alzd.de\/wp-content\/2023\/10\/Versatile_2-CT-768x960.jpg 768w, https:\/\/www.alzd.de\/wp-content\/2023\/10\/Versatile_2-CT-1229x1536.jpg 1229w, https:\/\/www.alzd.de\/wp-content\/2023\/10\/Versatile_2-CT.jpg 1600w\" sizes=\"(max-width: 864px) 100vw, 864px\" \/><\/figure>\n<\/div>\n<p>Memories and real-life circumstances are the source of inspiration for Versatile&#8217;s creations. A delicious breakfast, a cup of tea in the afternoon, a visit to the cinema or the hangover after a night of partying, all this and much more gave Coralie Fr\u00e9bourg the idea for compositions that were all created by Flair perfumers such as Anne-Sophie Behaghel, Am\u00e9lie Bourgeois, Elia Chiche or Camille Chemardin.<\/p>\n\n<h2 class=\"wp-block-heading\">Short and sweet: Versatile<\/h2>\n\n<p>I have already told you about the year of foundation and the founder, in the following I would like to talk a bit more about the special features of the fragrances. The creations are offered in handy 15 ml bottles, so they can easily be stowed in any handbag or jacket pocket. Perfect for those who travel a lot, who like to refresh their fragrance anytime and anywhere. <\/p>\n\n<p>The method of application is also different, because they are not spray bottles at all, but roll-ons. The extraits de parfum are formulated without alcohol, but have a base of almond oil and wheat oil, which does not dry the skin, but instead additionally nourishes and hydrates it. Due to the special oil-based nature, the fragrances should be applied to the skin only and not on clothing.<\/p>\n<div class=\"wp-block-image\">\n<figure class=\"aligncenter size-large\"><img decoding=\"async\" width=\"728\" height=\"1080\" src=\"https:\/\/www.alzd.de\/wp-content\/2023\/10\/Versatile_5-CC-728x1080.jpg\" alt=\"Versatile - Croissant Caf&#xE9;\" class=\"wp-image-111338\" title=\"Versatile - Croissant Caf&#xE9;\" srcset=\"https:\/\/www.alzd.de\/wp-content\/2023\/10\/Versatile_5-CC-728x1080.jpg 728w, https:\/\/www.alzd.de\/wp-content\/2023\/10\/Versatile_5-CC-486x720.jpg 486w, https:\/\/www.alzd.de\/wp-content\/2023\/10\/Versatile_5-CC-243x360.jpg 243w, https:\/\/www.alzd.de\/wp-content\/2023\/10\/Versatile_5-CC-768x1139.jpg 768w, https:\/\/www.alzd.de\/wp-content\/2023\/10\/Versatile_5-CC-1036x1536.jpg 1036w, https:\/\/www.alzd.de\/wp-content\/2023\/10\/Versatile_5-CC-1381x2048.jpg 1381w, https:\/\/www.alzd.de\/wp-content\/2023\/10\/Versatile_5-CC-scaled.jpg 1726w\" sizes=\"(max-width: 728px) 100vw, 728px\" \/><\/figure>\n<\/div>\n<p>The environment is also close to the heart of the Versatile brand, so sustainable and recyclable materials are used, and the fragrances are produced exclusively in small series in Europe. The French label donates three percent of sales to the Ruban Rose Association, which is committed to breast cancer research.<\/p>\n\n<h2 class=\"wp-block-heading\">Culot Th\u00e9 &#8211; Tea Time<\/h2>\n\n<p>With Culot Th\u00e9, Versatile is dedicated to a delicious cup of tea that is sure to be enjoyed in the afternoon. Add a scone or two with clotted cream and jam or other treats, and I&#8217;m in. However, the name of the extrait de parfum leaves me a little perplexed. <\/p>\n\n<p>My <a href=\"https:\/\/defr.dict.cc\/?s=culott%C3%A9\" target=\"_blank\" rel=\"noreferrer noopener\">online dictionary<\/a> of trust gives me the translation &#8220;cheekiness&#8221; for the French &#8220;culot&#8221; and there is also a &#8220;culott\u00e9&#8221; (which should be pronounced exactly the same as the fragrance name Culot Th\u00e9), which then consequently means something like &#8220;cheeky, brazen and rebellious&#8221;. I wonder how this fits in with my prophesied English tea time and my sweet clotted cream bites?<\/p>\n<div class=\"wp-block-image\">\n<figure class=\"aligncenter size-large\"><img decoding=\"async\" width=\"720\" height=\"1080\" src=\"https:\/\/www.alzd.de\/wp-content\/2023\/10\/Versatile_4-CT-720x1080.jpg\" alt=\"Versatile - Culot Th&#xE9;\" class=\"wp-image-111345\" title=\"Versatile - Culot Th&#xE9;\" srcset=\"https:\/\/www.alzd.de\/wp-content\/2023\/10\/Versatile_4-CT-720x1080.jpg 720w, https:\/\/www.alzd.de\/wp-content\/2023\/10\/Versatile_4-CT-480x720.jpg 480w, https:\/\/www.alzd.de\/wp-content\/2023\/10\/Versatile_4-CT-240x360.jpg 240w, https:\/\/www.alzd.de\/wp-content\/2023\/10\/Versatile_4-CT-768x1152.jpg 768w, https:\/\/www.alzd.de\/wp-content\/2023\/10\/Versatile_4-CT-1024x1536.jpg 1024w, https:\/\/www.alzd.de\/wp-content\/2023\/10\/Versatile_4-CT-1365x2048.jpg 1365w, https:\/\/www.alzd.de\/wp-content\/2023\/10\/Versatile_4-CT-scaled.jpg 1707w\" sizes=\"(max-width: 720px) 100vw, 720px\" \/><\/figure>\n<\/div>\n<p>The ingredients of this composition developed by <a href=\"https:\/\/www.alzd.de\/en\/tag\/anne-sophie-behaghel-en\/\" target=\"_blank\" rel=\"noreferrer noopener\">Anne-Sophie Behaghel<\/a> are <strong>bergamot, mandarin, ginger, osmanthus<\/strong> and <strong>white tea<\/strong>. The press text also mentions wasabi and garlic &#8230; which would really speak to a rebellious composition that I&#8217;m not quite sure where it&#8217;s headed today.<\/p>\n\n<h3 class=\"wp-block-heading\">Tea Time with Versatile<\/h3>\n\n<p>The oily consistency of the extract is quite different from usual perfumes. It spreads wonderfully on the skin, but needs some time to be absorbed. This should definitely be taken into account. The fragrance seems present, natural, powerful and yet gentle. I perceive tangy, tart citrus fruits, which are combined with greenish, spicy notes &#8211; is that wasabi and garlic?<\/p>\n\n<p>The tart and somewhat bitter nuances of green tea (white tea is nothing else, after all) are perceptible, as are creamy, delicately fruity undertones that I would spontaneously attribute to osmanthus. The composition seems to me very dense, very complex, and also has something dull. This is not meant negatively, but is probably due to the oil base of the creation and the absence of alcohol, which after all gives a fragrance a certain lightness through evaporation and spraying alone.<\/p>\n<div class=\"wp-block-image\">\n<figure class=\"aligncenter size-large\"><img decoding=\"async\" width=\"725\" height=\"1080\" src=\"https:\/\/www.alzd.de\/wp-content\/2023\/10\/Mara_Bolumar_1-CT-725x1080.jpg\" alt=\"Versatile - Culot Th&#xE9;\" class=\"wp-image-111354\" title=\"Versatile - Culot Th&#xE9;\" srcset=\"https:\/\/www.alzd.de\/wp-content\/2023\/10\/Mara_Bolumar_1-CT-725x1080.jpg 725w, https:\/\/www.alzd.de\/wp-content\/2023\/10\/Mara_Bolumar_1-CT-483x720.jpg 483w, https:\/\/www.alzd.de\/wp-content\/2023\/10\/Mara_Bolumar_1-CT-242x360.jpg 242w, https:\/\/www.alzd.de\/wp-content\/2023\/10\/Mara_Bolumar_1-CT-768x1144.jpg 768w, https:\/\/www.alzd.de\/wp-content\/2023\/10\/Mara_Bolumar_1-CT-1031x1536.jpg 1031w, https:\/\/www.alzd.de\/wp-content\/2023\/10\/Mara_Bolumar_1-CT-1375x2048.jpg 1375w, https:\/\/www.alzd.de\/wp-content\/2023\/10\/Mara_Bolumar_1-CT-scaled.jpg 1718w\" sizes=\"(max-width: 725px) 100vw, 725px\" \/><\/figure>\n<\/div>\n<p>Culot Th\u00e9 is for me an absolutely exciting composition with unusual notes. Herbaceous, citrusy, creamy and at the same time also tart, the extrait de parfum not only forms a successful prelude, but also makes you want more. A brand that absolutely deserves its place in the niche, that actually does something different and with Culot Th\u00e9 has created a fragrance that is absolutely wearable, suitable for every day and office use, but is nevertheless unusual, idiosyncratic and distinctive. A unisex tea scent with a medium presence and excellent longevity that for me is more suited to the warmer months of the year.<\/p>\n\n<div class=\"wp-block-buttons is-content-justification-center is-layout-flex wp-container-core-buttons-is-layout-16018d1d wp-block-buttons-is-layout-flex\">\n<div class=\"wp-block-button has-custom-width wp-block-button__width-50\"><a class=\"wp-block-button__link has-white-color has-text-color has-background wp-element-button\" href=\"https:\/\/www.ausliebezumduft.de\/versatile-culot-the.html\" style=\"background-color:#161613\" target=\"_blank\" rel=\"noreferrer noopener\"><strong>Culot Th\u00e9<\/strong><\/a><\/div>\n<\/div>\n\n<div style=\"height:100px\" aria-hidden=\"true\" class=\"wp-block-spacer\"><\/div>\n\n<h2 class=\"wp-block-heading\">Croissant Caf\u00e9 &#8211; French fragrance breakfast<\/h2>\n\n<p>From tea we go directly to coffee. Croissant Caf\u00e9 is dedicated to a delicious French breakfast, which, as we all know, consists of a croissant and a caf\u00e9 au lait. Frothy, creamy milk, tart coffee, plus sweet dough nuances, buttery, yet airy. So and not differently I imagine the extrait de parfum.<\/p>\n\n<p>Created by <a href=\"https:\/\/www.ausliebezumduft.de\/catalogsearch\/result\/?q=Chiche,+Elia\" target=\"_blank\" rel=\"noreferrer noopener\">Elia Chiche<\/a>, Croissant Caf\u00e9 combines the ingredients of <strong>coffee, almond<\/strong> and <strong>gourmand notes<\/strong>. This is not much, but the latter, in particular, can include a variety of culinary delights at once. I&#8217;m especially looking forward to the coffee, because this ingredient is not found too often in fragrance compositions, and when it is, it&#8217;s often only in an underlining function.<\/p>\n<div class=\"wp-block-image\">\n<figure class=\"aligncenter size-large\"><img decoding=\"async\" width=\"731\" height=\"1080\" src=\"https:\/\/www.alzd.de\/wp-content\/2023\/10\/Mara_Bolumar_1-CC-731x1080.jpg\" alt=\"Versatile - Croissant Caf&#xE9;\" class=\"wp-image-111363\" title=\"Versatile - Croissant Caf&#xE9;\" srcset=\"https:\/\/www.alzd.de\/wp-content\/2023\/10\/Mara_Bolumar_1-CC-731x1080.jpg 731w, https:\/\/www.alzd.de\/wp-content\/2023\/10\/Mara_Bolumar_1-CC-487x720.jpg 487w, https:\/\/www.alzd.de\/wp-content\/2023\/10\/Mara_Bolumar_1-CC-244x360.jpg 244w, https:\/\/www.alzd.de\/wp-content\/2023\/10\/Mara_Bolumar_1-CC-768x1135.jpg 768w, https:\/\/www.alzd.de\/wp-content\/2023\/10\/Mara_Bolumar_1-CC-1039x1536.jpg 1039w, https:\/\/www.alzd.de\/wp-content\/2023\/10\/Mara_Bolumar_1-CC-1386x2048.jpg 1386w, https:\/\/www.alzd.de\/wp-content\/2023\/10\/Mara_Bolumar_1-CC-scaled.jpg 1732w\" sizes=\"(max-width: 731px) 100vw, 731px\" \/><\/figure>\n<\/div>\n<p>Here, however, I hope for a lush coffee note that is clearly perceptible and that &#8211; in the best case &#8211; olfactorily reflects the special facets of the black hot beverage in a beautiful way.<\/p>\n\n<h3 class=\"wp-block-heading\">How to start the day<\/h3>\n\n<p>Very warm, dark and sweet, Croissant Caf\u00e9 appears from the beginning. We take our French breakfast in a quiet corner in a caf\u00e9, on black coffee house furniture. The light is dimmed. The tart, delicately bitter and black nuances of roasted coffee meet lovely dough notes, sugary and also a little smoky.<\/p>\n\n<p>Not a sticky-sweet gourmand bomb, but a well-dosed scented treat. The almond brings creamy accents, subtly reminiscent of marzipan, to the creation, which beautifully underscores the unique mood of Croissant Caf\u00e9. I also perceive this composition as very dense, complex and expressive at the same time.<\/p>\n<div class=\"wp-block-image\">\n<figure class=\"aligncenter size-large\"><img decoding=\"async\" width=\"1080\" height=\"1080\" src=\"https:\/\/www.alzd.de\/wp-content\/2023\/10\/Versatile_4-CC-1080x1080.jpg\" alt=\"Versatile - Croissant Caf&#xE9;\" class=\"wp-image-111369\" title=\"Versatile - Croissant Caf&#xE9;\" srcset=\"https:\/\/www.alzd.de\/wp-content\/2023\/10\/Versatile_4-CC-1080x1080.jpg 1080w, https:\/\/www.alzd.de\/wp-content\/2023\/10\/Versatile_4-CC-720x720.jpg 720w, https:\/\/www.alzd.de\/wp-content\/2023\/10\/Versatile_4-CC-360x360.jpg 360w, https:\/\/www.alzd.de\/wp-content\/2023\/10\/Versatile_4-CC-768x768.jpg 768w, https:\/\/www.alzd.de\/wp-content\/2023\/10\/Versatile_4-CC-1536x1536.jpg 1536w, https:\/\/www.alzd.de\/wp-content\/2023\/10\/Versatile_4-CC-2048x2048.jpg 2048w\" sizes=\"(max-width: 1080px) 100vw, 1080px\" \/><\/figure>\n<\/div>\n<p>For me, Croissant Caf\u00e9 combines the creamy, smooth nuances of a milk coffee with lovely almond pastry. Quiet, contemplative and calm is the creation, of medium presence, but still rather close to skin due to the oily consistence. On the other hand, the durability is excellent, as with Culot Th\u00e9. A beautiful gourmand fragrance that for me fits wonderfully into the cooler months of the year. Perfect for those who prefer restrained, delicately balanced and gourmand-sweet compositions that can be worn on any occasion. Really well done and absolutely delicious!<\/p>\n\n<div class=\"wp-block-buttons is-content-justification-center is-layout-flex wp-container-core-buttons-is-layout-16018d1d wp-block-buttons-is-layout-flex\">\n<div class=\"wp-block-button has-custom-width wp-block-button__width-50\"><a class=\"wp-block-button__link has-white-color has-text-color has-background wp-element-button\" href=\"https:\/\/www.ausliebezumduft.de\/versatile-croissant-cafe.html\" style=\"background-color:#161613\" target=\"_blank\" rel=\"noreferrer noopener\"><strong>Croissant Caf\u00e9<\/strong><\/a><\/div>\n<\/div>\n","protected":false},"excerpt":{"rendered":"<p>An exciting new fragrance house enriches the range of Aus Liebe zum Duft since a few weeks, namely Versatile. Founded two years ago, in October 2021, Coralie Fr\u00e9bourg&#8217;s&#8230;<\/p>\n<div class=\"more-link-wrapper\"><a class=\"more-link\" href=\"https:\/\/www.alzd.de\/en\/2023\/10\/17\/the-collection-of-versatile-completely-different\/\">WEITERLESEN<span class=\"screen-reader-text\">The Collection of Versatile &#8211; Completely Different<\/span><\/a><\/div>\n","protected":false},"author":535,"featured_media":111375,"comment_status":"open","ping_status":"closed","sticky":false,"template":"","format":"standard","meta":{"footnotes":""},"categories":[1117,1156,1157,1159,1113,1114],"tags":[1230,1569,1853,1924],"class_list":["post-111395","post","type-post","status-publish","format-standard","has-post-thumbnail","hentry","category-fragrances","category-gourmand-en","category-green","category-herbal","category-spicy","category-woody","tag-anne-sophie-behaghel-en","tag-coffee","tag-elia-chiche-en","tag-versatile-en","excerpt","zoom","full-without-featured","even","excerpt-0"],"yoast_head":"<!-- This site is optimized with the Yoast SEO plugin v27.5 - https:\/\/yoast.com\/product\/yoast-seo-wordpress\/ -->\n<title>The Collection of Versatile - Completely Different - Duft-Tagebuch<\/title>\n<meta name=\"description\" content=\"An exciting new fragrance house enriches the range of Aus Liebe zum Duft, namely Versatile. Founded two years ago, in October ...\" \/>\n<meta name=\"robots\" content=\"index, follow, max-snippet:-1, max-image-preview:large, max-video-preview:-1\" \/>\n<link rel=\"canonical\" href=\"https:\/\/www.alzd.de\/en\/2023\/10\/17\/the-collection-of-versatile-completely-different\/\" \/>\n<meta property=\"og:locale\" content=\"en_US\" \/>\n<meta property=\"og:type\" content=\"article\" \/>\n<meta property=\"og:title\" content=\"The Collection of Versatile - Completely Different - Duft-Tagebuch\" \/>\n<meta property=\"og:url\" content=\"https:\/\/www.alzd.de\/en\/2023\/10\/17\/the-collection-of-versatile-completely-different\/\" \/>\n<meta property=\"og:site_name\" content=\"Das Duft-Tagebuch\" \/>\n<meta property=\"article:publisher\" content=\"https:\/\/www.facebook.com\/dufttagebuch\/\" \/>\n<meta property=\"article:author\" content=\"https:\/\/www.facebook.com\/stephanie.tkaczik\" \/>\n<meta property=\"article:published_time\" content=\"2023-10-17T05:30:00+00:00\" \/>\n<meta property=\"article:modified_time\" content=\"2023-10-17T10:27:44+00:00\" \/>\n<meta property=\"og:image\" content=\"https:\/\/www.alzd.de\/wp-content\/2023\/10\/bbVersatile_2-CT.jpg\" \/>\n\t<meta property=\"og:image:width\" content=\"720\" \/>\n\t<meta property=\"og:image:height\" content=\"400\" \/>\n\t<meta property=\"og:image:type\" content=\"image\/jpeg\" \/>\n<meta name=\"author\" content=\"Julia Bir\u00f3\" \/>\n<meta name=\"twitter:card\" content=\"summary_large_image\" \/>\n<meta name=\"twitter:creator\" content=\"@ausliebezumduft\" \/>\n<meta name=\"twitter:site\" content=\"@ausliebezumduft\" \/>\n<script type=\"application\/ld+json\" class=\"yoast-schema-graph\">{\"@context\":\"https:\\\/\\\/schema.org\",\"@graph\":[{\"@type\":\"Article\",\"@id\":\"https:\\\/\\\/www.alzd.de\\\/en\\\/2023\\\/10\\\/17\\\/the-collection-of-versatile-completely-different\\\/#article\",\"isPartOf\":{\"@id\":\"https:\\\/\\\/www.alzd.de\\\/en\\\/2023\\\/10\\\/17\\\/the-collection-of-versatile-completely-different\\\/\"},\"author\":{\"name\":\"Julia Bir\u00f3\",\"@id\":\"https:\\\/\\\/www.alzd.de\\\/en\\\/#\\\/schema\\\/person\\\/8efcd8f02447fdbe8f29ad465897d04e\"},\"headline\":\"The Collection of Versatile &#8211; Completely Different\",\"datePublished\":\"2023-10-17T05:30:00+00:00\",\"dateModified\":\"2023-10-17T10:27:44+00:00\",\"mainEntityOfPage\":{\"@id\":\"https:\\\/\\\/www.alzd.de\\\/en\\\/2023\\\/10\\\/17\\\/the-collection-of-versatile-completely-different\\\/\"},\"wordCount\":1101,\"commentCount\":0,\"publisher\":{\"@id\":\"https:\\\/\\\/www.alzd.de\\\/en\\\/#organization\"},\"image\":{\"@id\":\"https:\\\/\\\/www.alzd.de\\\/en\\\/2023\\\/10\\\/17\\\/the-collection-of-versatile-completely-different\\\/#primaryimage\"},\"thumbnailUrl\":\"https:\\\/\\\/www.alzd.de\\\/wp-content\\\/2023\\\/10\\\/bbVersatile_2-CT.jpg\",\"keywords\":[\"Anne-Sophie Behaghel\",\"Coffee\",\"Elia Chiche\",\"Versatile\"],\"articleSection\":[\"Fragrances\",\"Gourmand\",\"Green\",\"Herbal\",\"Spicy\",\"Woody\"],\"inLanguage\":\"en-US\",\"potentialAction\":[{\"@type\":\"CommentAction\",\"name\":\"Comment\",\"target\":[\"https:\\\/\\\/www.alzd.de\\\/en\\\/2023\\\/10\\\/17\\\/the-collection-of-versatile-completely-different\\\/#respond\"]}]},{\"@type\":\"WebPage\",\"@id\":\"https:\\\/\\\/www.alzd.de\\\/en\\\/2023\\\/10\\\/17\\\/the-collection-of-versatile-completely-different\\\/\",\"url\":\"https:\\\/\\\/www.alzd.de\\\/en\\\/2023\\\/10\\\/17\\\/the-collection-of-versatile-completely-different\\\/\",\"name\":\"The Collection of Versatile - Completely Different - Duft-Tagebuch\",\"isPartOf\":{\"@id\":\"https:\\\/\\\/www.alzd.de\\\/en\\\/#website\"},\"primaryImageOfPage\":{\"@id\":\"https:\\\/\\\/www.alzd.de\\\/en\\\/2023\\\/10\\\/17\\\/the-collection-of-versatile-completely-different\\\/#primaryimage\"},\"image\":{\"@id\":\"https:\\\/\\\/www.alzd.de\\\/en\\\/2023\\\/10\\\/17\\\/the-collection-of-versatile-completely-different\\\/#primaryimage\"},\"thumbnailUrl\":\"https:\\\/\\\/www.alzd.de\\\/wp-content\\\/2023\\\/10\\\/bbVersatile_2-CT.jpg\",\"datePublished\":\"2023-10-17T05:30:00+00:00\",\"dateModified\":\"2023-10-17T10:27:44+00:00\",\"description\":\"An exciting new fragrance house enriches the range of Aus Liebe zum Duft, namely Versatile. Founded two years ago, in October ...\",\"breadcrumb\":{\"@id\":\"https:\\\/\\\/www.alzd.de\\\/en\\\/2023\\\/10\\\/17\\\/the-collection-of-versatile-completely-different\\\/#breadcrumb\"},\"inLanguage\":\"en-US\",\"potentialAction\":[{\"@type\":\"ReadAction\",\"target\":[\"https:\\\/\\\/www.alzd.de\\\/en\\\/2023\\\/10\\\/17\\\/the-collection-of-versatile-completely-different\\\/\"]}]},{\"@type\":\"ImageObject\",\"inLanguage\":\"en-US\",\"@id\":\"https:\\\/\\\/www.alzd.de\\\/en\\\/2023\\\/10\\\/17\\\/the-collection-of-versatile-completely-different\\\/#primaryimage\",\"url\":\"https:\\\/\\\/www.alzd.de\\\/wp-content\\\/2023\\\/10\\\/bbVersatile_2-CT.jpg\",\"contentUrl\":\"https:\\\/\\\/www.alzd.de\\\/wp-content\\\/2023\\\/10\\\/bbVersatile_2-CT.jpg\",\"width\":720,\"height\":400},{\"@type\":\"BreadcrumbList\",\"@id\":\"https:\\\/\\\/www.alzd.de\\\/en\\\/2023\\\/10\\\/17\\\/the-collection-of-versatile-completely-different\\\/#breadcrumb\",\"itemListElement\":[{\"@type\":\"ListItem\",\"position\":1,\"name\":\"Startseite\",\"item\":\"https:\\\/\\\/www.alzd.de\\\/en\\\/\"},{\"@type\":\"ListItem\",\"position\":2,\"name\":\"The Collection of Versatile &#8211; Completely Different\"}]},{\"@type\":\"WebSite\",\"@id\":\"https:\\\/\\\/www.alzd.de\\\/en\\\/#website\",\"url\":\"https:\\\/\\\/www.alzd.de\\\/en\\\/\",\"name\":\"Das Duft-Tagebuch\",\"description\":\"Das Parfumblog von Aus Liebe zum Duft\",\"publisher\":{\"@id\":\"https:\\\/\\\/www.alzd.de\\\/en\\\/#organization\"},\"potentialAction\":[{\"@type\":\"SearchAction\",\"target\":{\"@type\":\"EntryPoint\",\"urlTemplate\":\"https:\\\/\\\/www.alzd.de\\\/en\\\/?s={search_term_string}\"},\"query-input\":{\"@type\":\"PropertyValueSpecification\",\"valueRequired\":true,\"valueName\":\"search_term_string\"}}],\"inLanguage\":\"en-US\"},{\"@type\":\"Organization\",\"@id\":\"https:\\\/\\\/www.alzd.de\\\/en\\\/#organization\",\"name\":\"Das Duft-Tagebuch\",\"url\":\"https:\\\/\\\/www.alzd.de\\\/en\\\/\",\"logo\":{\"@type\":\"ImageObject\",\"inLanguage\":\"en-US\",\"@id\":\"https:\\\/\\\/www.alzd.de\\\/en\\\/#\\\/schema\\\/logo\\\/image\\\/\",\"url\":\"https:\\\/\\\/www.alzd.de\\\/wp-content\\\/2023\\\/08\\\/alzd_dufttagebuch.png\",\"contentUrl\":\"https:\\\/\\\/www.alzd.de\\\/wp-content\\\/2023\\\/08\\\/alzd_dufttagebuch.png\",\"width\":1804,\"height\":416,\"caption\":\"Das Duft-Tagebuch\"},\"image\":{\"@id\":\"https:\\\/\\\/www.alzd.de\\\/en\\\/#\\\/schema\\\/logo\\\/image\\\/\"},\"sameAs\":[\"https:\\\/\\\/www.facebook.com\\\/dufttagebuch\\\/\",\"https:\\\/\\\/x.com\\\/ausliebezumduft\",\"https:\\\/\\\/www.instagram.com\\\/ausliebezumduft.de\\\/\",\"https:\\\/\\\/www.youtube.com\\\/c\\\/ausliebezumduft\"]},{\"@type\":\"Person\",\"@id\":\"https:\\\/\\\/www.alzd.de\\\/en\\\/#\\\/schema\\\/person\\\/8efcd8f02447fdbe8f29ad465897d04e\",\"name\":\"Julia Bir\u00f3\",\"image\":{\"@type\":\"ImageObject\",\"inLanguage\":\"en-US\",\"@id\":\"https:\\\/\\\/www.alzd.de\\\/wp-content\\\/2018\\\/02\\\/cropped-cropped-mitarbeiterbilder_steffi--96x96.jpg\",\"url\":\"https:\\\/\\\/www.alzd.de\\\/wp-content\\\/2018\\\/02\\\/cropped-cropped-mitarbeiterbilder_steffi--96x96.jpg\",\"contentUrl\":\"https:\\\/\\\/www.alzd.de\\\/wp-content\\\/2018\\\/02\\\/cropped-cropped-mitarbeiterbilder_steffi--96x96.jpg\",\"caption\":\"Julia Bir\u00f3\"},\"description\":\"Bereits 2010 gingen so einige Blogbeitr\u00e4ge auf mein Konto. Dann war ich \u201ekurz\u201c weg \u2013 sechs Jahre. Umso mehr freut es mich, dass ich nun wieder die Chance bekomme, mein N\u00e4schen im Dienste der Duftrezension schnuppern zu lassen und eifrig in die Tasten zu hauen. Was Nischend\u00fcfte angeht, habe ich damals \u00fcbrigens schnell Feuer gefangen. Meine Ausbildung tat dazu ihr \u00dcbriges: Als diplomierte Biologin kenne ich mich nicht nur mit Fauna und Flora, sondern auch recht gut mit der Herstellung von \u00d6len und Extrakten aus, was den Reiz der Parfumwelt nat\u00fcrlich noch gr\u00f6\u00dfer macht.\",\"sameAs\":[\"https:\\\/\\\/biro.is\\\/\",\"https:\\\/\\\/www.facebook.com\\\/stephanie.tkaczik\"],\"url\":\"https:\\\/\\\/www.alzd.de\\\/en\\\/author\\\/stephanie\\\/\"}]}<\/script>\n<!-- \/ Yoast SEO plugin. -->","yoast_head_json":{"title":"The Collection of Versatile - Completely Different - Duft-Tagebuch","description":"An exciting new fragrance house enriches the range of Aus Liebe zum Duft, namely Versatile. Founded two years ago, in October ...","robots":{"index":"index","follow":"follow","max-snippet":"max-snippet:-1","max-image-preview":"max-image-preview:large","max-video-preview":"max-video-preview:-1"},"canonical":"https:\/\/www.alzd.de\/en\/2023\/10\/17\/the-collection-of-versatile-completely-different\/","og_locale":"en_US","og_type":"article","og_title":"The Collection of Versatile - Completely Different - Duft-Tagebuch","og_url":"https:\/\/www.alzd.de\/en\/2023\/10\/17\/the-collection-of-versatile-completely-different\/","og_site_name":"Das Duft-Tagebuch","article_publisher":"https:\/\/www.facebook.com\/dufttagebuch\/","article_author":"https:\/\/www.facebook.com\/stephanie.tkaczik","article_published_time":"2023-10-17T05:30:00+00:00","article_modified_time":"2023-10-17T10:27:44+00:00","og_image":[{"width":720,"height":400,"url":"https:\/\/www.alzd.de\/wp-content\/2023\/10\/bbVersatile_2-CT.jpg","type":"image\/jpeg"}],"author":"Julia Bir\u00f3","twitter_card":"summary_large_image","twitter_creator":"@ausliebezumduft","twitter_site":"@ausliebezumduft","schema":{"@context":"https:\/\/schema.org","@graph":[{"@type":"Article","@id":"https:\/\/www.alzd.de\/en\/2023\/10\/17\/the-collection-of-versatile-completely-different\/#article","isPartOf":{"@id":"https:\/\/www.alzd.de\/en\/2023\/10\/17\/the-collection-of-versatile-completely-different\/"},"author":{"name":"Julia Bir\u00f3","@id":"https:\/\/www.alzd.de\/en\/#\/schema\/person\/8efcd8f02447fdbe8f29ad465897d04e"},"headline":"The Collection of Versatile &#8211; Completely Different","datePublished":"2023-10-17T05:30:00+00:00","dateModified":"2023-10-17T10:27:44+00:00","mainEntityOfPage":{"@id":"https:\/\/www.alzd.de\/en\/2023\/10\/17\/the-collection-of-versatile-completely-different\/"},"wordCount":1101,"commentCount":0,"publisher":{"@id":"https:\/\/www.alzd.de\/en\/#organization"},"image":{"@id":"https:\/\/www.alzd.de\/en\/2023\/10\/17\/the-collection-of-versatile-completely-different\/#primaryimage"},"thumbnailUrl":"https:\/\/www.alzd.de\/wp-content\/2023\/10\/bbVersatile_2-CT.jpg","keywords":["Anne-Sophie Behaghel","Coffee","Elia Chiche","Versatile"],"articleSection":["Fragrances","Gourmand","Green","Herbal","Spicy","Woody"],"inLanguage":"en-US","potentialAction":[{"@type":"CommentAction","name":"Comment","target":["https:\/\/www.alzd.de\/en\/2023\/10\/17\/the-collection-of-versatile-completely-different\/#respond"]}]},{"@type":"WebPage","@id":"https:\/\/www.alzd.de\/en\/2023\/10\/17\/the-collection-of-versatile-completely-different\/","url":"https:\/\/www.alzd.de\/en\/2023\/10\/17\/the-collection-of-versatile-completely-different\/","name":"The Collection of Versatile - Completely Different - Duft-Tagebuch","isPartOf":{"@id":"https:\/\/www.alzd.de\/en\/#website"},"primaryImageOfPage":{"@id":"https:\/\/www.alzd.de\/en\/2023\/10\/17\/the-collection-of-versatile-completely-different\/#primaryimage"},"image":{"@id":"https:\/\/www.alzd.de\/en\/2023\/10\/17\/the-collection-of-versatile-completely-different\/#primaryimage"},"thumbnailUrl":"https:\/\/www.alzd.de\/wp-content\/2023\/10\/bbVersatile_2-CT.jpg","datePublished":"2023-10-17T05:30:00+00:00","dateModified":"2023-10-17T10:27:44+00:00","description":"An exciting new fragrance house enriches the range of Aus Liebe zum Duft, namely Versatile. Founded two years ago, in October ...","breadcrumb":{"@id":"https:\/\/www.alzd.de\/en\/2023\/10\/17\/the-collection-of-versatile-completely-different\/#breadcrumb"},"inLanguage":"en-US","potentialAction":[{"@type":"ReadAction","target":["https:\/\/www.alzd.de\/en\/2023\/10\/17\/the-collection-of-versatile-completely-different\/"]}]},{"@type":"ImageObject","inLanguage":"en-US","@id":"https:\/\/www.alzd.de\/en\/2023\/10\/17\/the-collection-of-versatile-completely-different\/#primaryimage","url":"https:\/\/www.alzd.de\/wp-content\/2023\/10\/bbVersatile_2-CT.jpg","contentUrl":"https:\/\/www.alzd.de\/wp-content\/2023\/10\/bbVersatile_2-CT.jpg","width":720,"height":400},{"@type":"BreadcrumbList","@id":"https:\/\/www.alzd.de\/en\/2023\/10\/17\/the-collection-of-versatile-completely-different\/#breadcrumb","itemListElement":[{"@type":"ListItem","position":1,"name":"Startseite","item":"https:\/\/www.alzd.de\/en\/"},{"@type":"ListItem","position":2,"name":"The Collection of Versatile &#8211; Completely Different"}]},{"@type":"WebSite","@id":"https:\/\/www.alzd.de\/en\/#website","url":"https:\/\/www.alzd.de\/en\/","name":"Das Duft-Tagebuch","description":"Das Parfumblog von Aus Liebe zum Duft","publisher":{"@id":"https:\/\/www.alzd.de\/en\/#organization"},"potentialAction":[{"@type":"SearchAction","target":{"@type":"EntryPoint","urlTemplate":"https:\/\/www.alzd.de\/en\/?s={search_term_string}"},"query-input":{"@type":"PropertyValueSpecification","valueRequired":true,"valueName":"search_term_string"}}],"inLanguage":"en-US"},{"@type":"Organization","@id":"https:\/\/www.alzd.de\/en\/#organization","name":"Das Duft-Tagebuch","url":"https:\/\/www.alzd.de\/en\/","logo":{"@type":"ImageObject","inLanguage":"en-US","@id":"https:\/\/www.alzd.de\/en\/#\/schema\/logo\/image\/","url":"https:\/\/www.alzd.de\/wp-content\/2023\/08\/alzd_dufttagebuch.png","contentUrl":"https:\/\/www.alzd.de\/wp-content\/2023\/08\/alzd_dufttagebuch.png","width":1804,"height":416,"caption":"Das Duft-Tagebuch"},"image":{"@id":"https:\/\/www.alzd.de\/en\/#\/schema\/logo\/image\/"},"sameAs":["https:\/\/www.facebook.com\/dufttagebuch\/","https:\/\/x.com\/ausliebezumduft","https:\/\/www.instagram.com\/ausliebezumduft.de\/","https:\/\/www.youtube.com\/c\/ausliebezumduft"]},{"@type":"Person","@id":"https:\/\/www.alzd.de\/en\/#\/schema\/person\/8efcd8f02447fdbe8f29ad465897d04e","name":"Julia Bir\u00f3","image":{"@type":"ImageObject","inLanguage":"en-US","@id":"https:\/\/www.alzd.de\/wp-content\/2018\/02\/cropped-cropped-mitarbeiterbilder_steffi--96x96.jpg","url":"https:\/\/www.alzd.de\/wp-content\/2018\/02\/cropped-cropped-mitarbeiterbilder_steffi--96x96.jpg","contentUrl":"https:\/\/www.alzd.de\/wp-content\/2018\/02\/cropped-cropped-mitarbeiterbilder_steffi--96x96.jpg","caption":"Julia Bir\u00f3"},"description":"Bereits 2010 gingen so einige Blogbeitr\u00e4ge auf mein Konto. Dann war ich \u201ekurz\u201c weg \u2013 sechs Jahre. Umso mehr freut es mich, dass ich nun wieder die Chance bekomme, mein N\u00e4schen im Dienste der Duftrezension schnuppern zu lassen und eifrig in die Tasten zu hauen. Was Nischend\u00fcfte angeht, habe ich damals \u00fcbrigens schnell Feuer gefangen. Meine Ausbildung tat dazu ihr \u00dcbriges: Als diplomierte Biologin kenne ich mich nicht nur mit Fauna und Flora, sondern auch recht gut mit der Herstellung von \u00d6len und Extrakten aus, was den Reiz der Parfumwelt nat\u00fcrlich noch gr\u00f6\u00dfer macht.","sameAs":["https:\/\/biro.is\/","https:\/\/www.facebook.com\/stephanie.tkaczik"],"url":"https:\/\/www.alzd.de\/en\/author\/stephanie\/"}]}},"wp-worthy-pixel":{"ignored":false,"public":null,"server":null,"url":null},"wp-worthy-type":"normal","_links":{"self":[{"href":"https:\/\/www.alzd.de\/en\/wp-json\/wp\/v2\/posts\/111395","targetHints":{"allow":["GET"]}}],"collection":[{"href":"https:\/\/www.alzd.de\/en\/wp-json\/wp\/v2\/posts"}],"about":[{"href":"https:\/\/www.alzd.de\/en\/wp-json\/wp\/v2\/types\/post"}],"author":[{"embeddable":true,"href":"https:\/\/www.alzd.de\/en\/wp-json\/wp\/v2\/users\/535"}],"replies":[{"embeddable":true,"href":"https:\/\/www.alzd.de\/en\/wp-json\/wp\/v2\/comments?post=111395"}],"version-history":[{"count":1,"href":"https:\/\/www.alzd.de\/en\/wp-json\/wp\/v2\/posts\/111395\/revisions"}],"predecessor-version":[{"id":111396,"href":"https:\/\/www.alzd.de\/en\/wp-json\/wp\/v2\/posts\/111395\/revisions\/111396"}],"wp:featuredmedia":[{"embeddable":true,"href":"https:\/\/www.alzd.de\/en\/wp-json\/wp\/v2\/media\/111375"}],"wp:attachment":[{"href":"https:\/\/www.alzd.de\/en\/wp-json\/wp\/v2\/media?parent=111395"}],"wp:term":[{"taxonomy":"category","embeddable":true,"href":"https:\/\/www.alzd.de\/en\/wp-json\/wp\/v2\/categories?post=111395"},{"taxonomy":"post_tag","embeddable":true,"href":"https:\/\/www.alzd.de\/en\/wp-json\/wp\/v2\/tags?post=111395"}],"curies":[{"name":"wp","href":"https:\/\/api.w.org\/{rel}","templated":true}]}}