{"id":111249,"date":"2023-10-13T07:30:00","date_gmt":"2023-10-13T05:30:00","guid":{"rendered":"https:\/\/www.alzd.de\/2023\/10\/13\/duft-tagebuch-on-tour-the-new-room-fragrances-by-paul-smith\/"},"modified":"2023-10-13T13:14:02","modified_gmt":"2023-10-13T11:14:02","slug":"duft-tagebuch-on-tour-the-new-room-fragrances-by-paul-smith","status":"publish","type":"post","link":"https:\/\/www.alzd.de\/en\/2023\/10\/13\/duft-tagebuch-on-tour-the-new-room-fragrances-by-paul-smith\/","title":{"rendered":"Duft-Tagebuch on Tour &#8211; The new room fragrances by Paul Smith"},"content":{"rendered":"\n<p>Some of you may have already seen it in the story on our <a href=\"https:\/\/www.instagram.com\/ausliebezumduft.de\/\" target=\"_blank\" rel=\"noreferrer noopener\">Instagram channel<\/a>: I was once again on tour for the Duft-Tagebuch and enjoyed Hamburg. My way led directly to the city centre and here to the boutique of <a href=\"https:\/\/www.ausliebezumduft.de\/raumdufte\/paul-smith.html\" target=\"_blank\" rel=\"noreferrer noopener\">Paul Smith<\/a>, where I was warmly welcomed.<\/p>\n<div class=\"wp-block-image\">\n<figure class=\"aligncenter size-large\"><img decoding=\"async\" width=\"810\" height=\"1080\" src=\"https:\/\/www.alzd.de\/wp-content\/2023\/10\/signal-2023-10-12-154506_002-810x1080.jpeg\" alt=\"Boutique Paul Smith Hamburg\" class=\"wp-image-111158\" title=\"Boutique Paul Smith Hamburg\" srcset=\"https:\/\/www.alzd.de\/wp-content\/2023\/10\/signal-2023-10-12-154506_002-810x1080.jpeg 810w, https:\/\/www.alzd.de\/wp-content\/2023\/10\/signal-2023-10-12-154506_002-540x720.jpeg 540w, https:\/\/www.alzd.de\/wp-content\/2023\/10\/signal-2023-10-12-154506_002-270x360.jpeg 270w, https:\/\/www.alzd.de\/wp-content\/2023\/10\/signal-2023-10-12-154506_002-768x1024.jpeg 768w, https:\/\/www.alzd.de\/wp-content\/2023\/10\/signal-2023-10-12-154506_002-1152x1536.jpeg 1152w, https:\/\/www.alzd.de\/wp-content\/2023\/10\/signal-2023-10-12-154506_002.jpeg 1536w\" sizes=\"(max-width: 810px) 100vw, 810px\" \/><figcaption class=\"wp-element-caption\">\u00a9 Julia Bir\u00f3<\/figcaption><\/figure>\n<\/div>\n<p>A lovely man who introduced himself as Laurent Delafon immediately took me under his wing &#8211; as I later found out, he is the CEO of London-based United Perfumes, a fixture in the luxury room fragrance business. I had hit the jackpot and was the first guest to attend the launch, so I had the pleasure of Laurent dedicating a lot of exclusive time to me. He showed me the individual room scents, presented each one individually and also went into detail about the design. It was super informative, entertaining and fun. Laurent was a perfect representative for the Paul Smith brand.<\/p>\n\n<h2 class=\"wp-block-heading\">Short and sweet: Paul Smith<\/h2>\n\n<p>Now <a href=\"https:\/\/de.wikipedia.org\/wiki\/Paul_Smith_(Designer)\" target=\"_blank\" rel=\"noreferrer noopener\">Paul Smith<\/a> may not be a household name to all of you, so I at least had to google first. In the mid-1940s, Paul was born into a family of tailors. Nottingham is his hometown, located in the East Midlands. This is where we visited in an imaginary way just recently, in my post on <a href=\"https:\/\/www.alzd.de\/en\/2023\/09\/28\/inverness-and-sherwood-by-memo-island-feeling-of-a-different-kind\/\" target=\"_blank\" rel=\"noreferrer noopener\">Inverness and Sherwood by Memo<\/a>. He has been a fashion designer since the mid-1970s, primarily designing menswear that he described as &#8220;classic with a twist.&#8221; Over the years, women&#8217;s and children&#8217;s collections and home textiles were added. Paul Smith&#8217;s trademark is a colorful-striped pattern that is sometimes obvious, sometimes more hidden in his creations.<\/p>\n<div class=\"wp-block-image\">\n<figure class=\"aligncenter size-large is-resized\"><img decoding=\"async\" src=\"https:\/\/www.alzd.de\/wp-content\/2023\/10\/signal-2023-10-12-154506_008-1-810x1080.jpeg\" alt=\"\" class=\"wp-image-111169\" style=\"width:734px;height:979px\" width=\"734\" height=\"979\" srcset=\"https:\/\/www.alzd.de\/wp-content\/2023\/10\/signal-2023-10-12-154506_008-1-810x1080.jpeg 810w, https:\/\/www.alzd.de\/wp-content\/2023\/10\/signal-2023-10-12-154506_008-1-540x720.jpeg 540w, https:\/\/www.alzd.de\/wp-content\/2023\/10\/signal-2023-10-12-154506_008-1-270x360.jpeg 270w, https:\/\/www.alzd.de\/wp-content\/2023\/10\/signal-2023-10-12-154506_008-1-768x1024.jpeg 768w, https:\/\/www.alzd.de\/wp-content\/2023\/10\/signal-2023-10-12-154506_008-1-1152x1536.jpeg 1152w, https:\/\/www.alzd.de\/wp-content\/2023\/10\/signal-2023-10-12-154506_008-1.jpeg 1536w\" sizes=\"(max-width: 734px) 100vw, 734px\" \/><figcaption class=\"wp-element-caption\">\u00a9 Julia Bir\u00f3<\/figcaption><\/figure>\n<\/div>\n<div style=\"height:50px\" aria-hidden=\"true\" class=\"wp-block-spacer\"><\/div>\n<div class=\"wp-block-image\">\n<figure class=\"aligncenter size-large\"><img decoding=\"async\" width=\"810\" height=\"1080\" src=\"https:\/\/www.alzd.de\/wp-content\/2023\/10\/signal-2023-10-12-154506_010-810x1080.jpeg\" alt=\"\" class=\"wp-image-111163\" srcset=\"https:\/\/www.alzd.de\/wp-content\/2023\/10\/signal-2023-10-12-154506_010-810x1080.jpeg 810w, https:\/\/www.alzd.de\/wp-content\/2023\/10\/signal-2023-10-12-154506_010-540x720.jpeg 540w, https:\/\/www.alzd.de\/wp-content\/2023\/10\/signal-2023-10-12-154506_010-270x360.jpeg 270w, https:\/\/www.alzd.de\/wp-content\/2023\/10\/signal-2023-10-12-154506_010-768x1024.jpeg 768w, https:\/\/www.alzd.de\/wp-content\/2023\/10\/signal-2023-10-12-154506_010-1152x1536.jpeg 1152w, https:\/\/www.alzd.de\/wp-content\/2023\/10\/signal-2023-10-12-154506_010.jpeg 1536w\" sizes=\"(max-width: 810px) 100vw, 810px\" \/><figcaption class=\"wp-element-caption\">\u00a9 Julia Bir\u00f3<\/figcaption><\/figure>\n<\/div>\n<div style=\"height:50px\" aria-hidden=\"true\" class=\"wp-block-spacer\"><\/div>\n<div class=\"wp-block-image\">\n<figure class=\"aligncenter size-large\"><img decoding=\"async\" width=\"810\" height=\"1080\" src=\"https:\/\/www.alzd.de\/wp-content\/2023\/10\/signal-2023-10-12-154506_011-810x1080.jpeg\" alt=\"\" class=\"wp-image-111161\" srcset=\"https:\/\/www.alzd.de\/wp-content\/2023\/10\/signal-2023-10-12-154506_011-810x1080.jpeg 810w, https:\/\/www.alzd.de\/wp-content\/2023\/10\/signal-2023-10-12-154506_011-540x720.jpeg 540w, https:\/\/www.alzd.de\/wp-content\/2023\/10\/signal-2023-10-12-154506_011-270x360.jpeg 270w, https:\/\/www.alzd.de\/wp-content\/2023\/10\/signal-2023-10-12-154506_011-768x1024.jpeg 768w, https:\/\/www.alzd.de\/wp-content\/2023\/10\/signal-2023-10-12-154506_011-1152x1536.jpeg 1152w, https:\/\/www.alzd.de\/wp-content\/2023\/10\/signal-2023-10-12-154506_011.jpeg 1536w\" sizes=\"(max-width: 810px) 100vw, 810px\" \/><figcaption class=\"wp-element-caption\">\u00a9 Julia Bir\u00f3<\/figcaption><\/figure>\n<\/div>\n<p>Paul Smith seems to be a very pleasant contemporary. His humour, his wit and his perpetual optimism, which is also reflected in his colourful creations, are highlighted. And so his room scents are also absolute eye-catchers that stand out from the mass of scented candles and diffusers that are otherwise often white or black.<\/p>\n\n<blockquote class=\"wp-block-quote is-layout-flow wp-block-quote-is-layout-flow\">\n<p>Paul Smith is a leading independent design company from the UK. Paul Smith champions optimism, curiosity and creativity. These qualities underlie every Paul Smith design, whether it&#8217;s a shirt, a store or a special collaboration. Paul Smith is a global company. What began in 1970 in a small, three-by-three store in Nottingham has grown to 130 stores in over 60 countries.<\/p>\n<\/blockquote>\n\n<h2 class=\"wp-block-heading\">Room fragrances from Paul Smith<\/h2>\n\n<p>Thus, the glass flacons are kept in rich colours &#8211; yellow, orange, green, petrol and blue, often accented by a different coloured glass lid, which can also be used as a coaster, should you want to put the scented candle on a delicate surface that does not tolerate heat. Laurent also told me that the divergent colours of the lid and bottle pick up on Paul Smith&#8217;s signature stripe pattern, a play of colour that is meant to be intensified when the candle is lit. <\/p>\n<div class=\"wp-block-image\">\n<figure class=\"aligncenter size-large\"><img decoding=\"async\" width=\"1080\" height=\"810\" src=\"https:\/\/www.alzd.de\/wp-content\/2023\/10\/signal-2023-10-12-154506_003-1080x810.jpeg\" alt=\"Paul Smith - room fragrances and home textiles\" class=\"wp-image-111173\" title=\"Paul Smith - room fragrances and home textiles\" srcset=\"https:\/\/www.alzd.de\/wp-content\/2023\/10\/signal-2023-10-12-154506_003-1080x810.jpeg 1080w, https:\/\/www.alzd.de\/wp-content\/2023\/10\/signal-2023-10-12-154506_003-720x540.jpeg 720w, https:\/\/www.alzd.de\/wp-content\/2023\/10\/signal-2023-10-12-154506_003-360x270.jpeg 360w, https:\/\/www.alzd.de\/wp-content\/2023\/10\/signal-2023-10-12-154506_003-768x576.jpeg 768w, https:\/\/www.alzd.de\/wp-content\/2023\/10\/signal-2023-10-12-154506_003-1536x1152.jpeg 1536w, https:\/\/www.alzd.de\/wp-content\/2023\/10\/signal-2023-10-12-154506_003.jpeg 2048w\" sizes=\"(max-width: 1080px) 100vw, 1080px\" \/><figcaption class=\"wp-element-caption\">\u00a9 Julia Bir\u00f3<\/figcaption><\/figure>\n<\/div>\n<div style=\"height:50px\" aria-hidden=\"true\" class=\"wp-block-spacer\"><\/div>\n<div class=\"wp-block-image\">\n<figure class=\"aligncenter size-large\"><img decoding=\"async\" width=\"810\" height=\"1080\" src=\"https:\/\/www.alzd.de\/wp-content\/2023\/10\/signal-2023-10-12-154506_004-810x1080.jpeg\" alt=\"Paul Smith - room fragrances and home textiles\" class=\"wp-image-111241\" srcset=\"https:\/\/www.alzd.de\/wp-content\/2023\/10\/signal-2023-10-12-154506_004-810x1080.jpeg 810w, https:\/\/www.alzd.de\/wp-content\/2023\/10\/signal-2023-10-12-154506_004-540x720.jpeg 540w, https:\/\/www.alzd.de\/wp-content\/2023\/10\/signal-2023-10-12-154506_004-270x360.jpeg 270w, https:\/\/www.alzd.de\/wp-content\/2023\/10\/signal-2023-10-12-154506_004-768x1024.jpeg 768w, https:\/\/www.alzd.de\/wp-content\/2023\/10\/signal-2023-10-12-154506_004-1152x1536.jpeg 1152w, https:\/\/www.alzd.de\/wp-content\/2023\/10\/signal-2023-10-12-154506_004.jpeg 1536w\" sizes=\"(max-width: 810px) 100vw, 810px\" \/><figcaption class=\"wp-element-caption\">\u00a9 Julia Bir\u00f3<\/figcaption><\/figure>\n<\/div>\n<p>The room fragrances are rounded off by a &#8211; in my opinion &#8211; extremely sympathetic naming, which comes from Paul Smith himself. All the fragrances are inspired by memories and circumstances from Smith&#8217;s life, evoking an image that absolutely fits the characteristics of &#8220;humorous, optimistic and full of wit&#8221; in my eyes.<\/p>\n\n<p>The sophisticated and high-quality packaging with a closure reminiscent of a zipper was designed entirely without cellophane at the request of Paul Smith and is also a reminiscence of the tailor&#8217;s craft. <\/p>\n\n<h3 class=\"wp-block-heading\">Five different fragrances<\/h3>\n\n<p>The room fragrances are not dedicated to a specific scent, but to a theme, a memory of Paul Smith or something the British designer loves, that belongs to his life and tells a story for him. The story behind the room fragrances is as complex as the fragrances themselves, which is why IFF perfumers C\u00e9line Bartel, Meabh McCurtin and Stephanie Anderson (only Sunseeker) were entrusted with the development and olfactory implementation. I have three of the room fragrances here with me. I would like to tell you my impressions of these in a separate post, which is why I will only give a general overview of the five different variants below:<\/p>\n<div class=\"wp-block-image is-style-default\">\n<figure class=\"alignleft size-thumbnail\"><img decoding=\"async\" width=\"360\" height=\"360\" src=\"https:\/\/www.alzd.de\/wp-content\/2023\/10\/380797930_694527709366342_727144121094343200_n-360x360.jpg\" alt=\"Paul Smith - Day Dreamer\" class=\"wp-image-111195\" title=\"Paul Smith - Day Dreamer\" srcset=\"https:\/\/www.alzd.de\/wp-content\/2023\/10\/380797930_694527709366342_727144121094343200_n-360x360.jpg 360w, https:\/\/www.alzd.de\/wp-content\/2023\/10\/380797930_694527709366342_727144121094343200_n-720x720.jpg 720w, https:\/\/www.alzd.de\/wp-content\/2023\/10\/380797930_694527709366342_727144121094343200_n-768x768.jpg 768w, https:\/\/www.alzd.de\/wp-content\/2023\/10\/380797930_694527709366342_727144121094343200_n.jpg 1080w\" sizes=\"(max-width: 360px) 100vw, 360px\" \/><\/figure>\n<\/div>\n<h4 class=\"wp-block-heading\">Day Dreamer<\/h4>\n\n<p>Summer vacations in Provence, the special light, the scent of this southern French region were the source of inspiration for the room fragrance Day Dreamer.<\/p>\n\n<p>The yellow of the bottle is inspired by the light of the golden hour, the blue lid is a tribute to the sky. <\/p>\n\n<p>Fragrance notes:<br \/>Verbena, clary sage, lavender, hay.<\/p>\n\n<p>Colour scheme: yellow and blue.<\/p>\n\n<div class=\"wp-block-buttons is-content-justification-center is-layout-flex wp-container-core-buttons-is-layout-16018d1d wp-block-buttons-is-layout-flex\">\n<div class=\"wp-block-button has-custom-width wp-block-button__width-50\"><a class=\"wp-block-button__link has-white-color has-text-color has-background wp-element-button\" href=\"https:\/\/www.ausliebezumduft.de\/paul-smith-day-dreamer-duftkerze.html\" style=\"background-color:#ffaf2f\" target=\"_blank\" rel=\"noreferrer noopener\"><strong>Day Dreamer<\/strong><\/a><\/div>\n<\/div>\n\n<div style=\"height:100px\" aria-hidden=\"true\" class=\"wp-block-spacer\"><\/div>\n<div class=\"wp-block-image\">\n<figure class=\"alignleft size-thumbnail\"><img decoding=\"async\" width=\"360\" height=\"360\" src=\"https:\/\/www.alzd.de\/wp-content\/2023\/10\/380799115_694524119366701_3485000235165377143_n-360x360.jpg\" alt=\"Paul Smith - Bookworm\" class=\"wp-image-111209\" title=\"Paul Smith - Bookworm\" srcset=\"https:\/\/www.alzd.de\/wp-content\/2023\/10\/380799115_694524119366701_3485000235165377143_n-360x360.jpg 360w, https:\/\/www.alzd.de\/wp-content\/2023\/10\/380799115_694524119366701_3485000235165377143_n-720x720.jpg 720w, https:\/\/www.alzd.de\/wp-content\/2023\/10\/380799115_694524119366701_3485000235165377143_n-768x768.jpg 768w, https:\/\/www.alzd.de\/wp-content\/2023\/10\/380799115_694524119366701_3485000235165377143_n.jpg 1080w\" sizes=\"(max-width: 360px) 100vw, 360px\" \/><\/figure>\n<\/div>\n<h4 class=\"wp-block-heading\">Bookworm<\/h4>\n\n<p>Inspired by the never-ending piles of books and numerous papers in Paul Smith&#8217;s office, by the smell in libraries where books fill the shelves packed tightly together.<\/p>\n\n<p>The orange-red color scheme reflects comfort and well-being.<\/p>\n\n<p>Fragrance notes:<br \/>Grapefruit, amber, allspice, cedar.<\/p>\n\n<p>Color scheme: orange and red.<\/p>\n\n<div class=\"wp-block-buttons is-content-justification-center is-layout-flex wp-container-core-buttons-is-layout-16018d1d wp-block-buttons-is-layout-flex\">\n<div class=\"wp-block-button has-custom-width wp-block-button__width-50\"><a class=\"wp-block-button__link has-white-color has-text-color has-background wp-element-button\" href=\"https:\/\/www.ausliebezumduft.de\/paul-smith-bookworm-duftkerze.html\" style=\"background-color:#ff7b57\" target=\"_blank\" rel=\"noreferrer noopener\"><strong>Bookworm<\/strong><\/a><\/div>\n<\/div>\n\n<div style=\"height:100px\" aria-hidden=\"true\" class=\"wp-block-spacer\"><\/div>\n<div class=\"wp-block-image\">\n<figure class=\"alignleft size-thumbnail\"><img decoding=\"async\" width=\"360\" height=\"360\" src=\"https:\/\/www.alzd.de\/wp-content\/2023\/10\/382235866_694523102700136_7298723132101278548_n-360x360.jpg\" alt=\"Paul Smith - Botanist\" class=\"wp-image-111205\" title=\"Paul Smith - Botanist\" srcset=\"https:\/\/www.alzd.de\/wp-content\/2023\/10\/382235866_694523102700136_7298723132101278548_n-360x360.jpg 360w, https:\/\/www.alzd.de\/wp-content\/2023\/10\/382235866_694523102700136_7298723132101278548_n-720x720.jpg 720w, https:\/\/www.alzd.de\/wp-content\/2023\/10\/382235866_694523102700136_7298723132101278548_n-768x768.jpg 768w, https:\/\/www.alzd.de\/wp-content\/2023\/10\/382235866_694523102700136_7298723132101278548_n.jpg 1080w\" sizes=\"(max-width: 360px) 100vw, 360px\" \/><\/figure>\n<\/div>\n<h4 class=\"wp-block-heading\">Botanist<\/h4>\n\n<p>Vetiver is at the heart of this room fragrance, the scent of Paul Smith&#8217;s first store in Nottingham, the smell in a tailor&#8217;s store.<\/p>\n\n<p>The rich colour scheme reflects the greenish nuances of the room fragrance, combined with purple. A reminiscence of Paul Smith&#8217;s signature stripes.<\/p>\n\n<p>Fragrance notes: <br \/>Lemon, black pepper, vetiver, moss.<\/p>\n\n<p>Colour scheme: green and purple.<\/p>\n\n<div class=\"wp-block-buttons is-content-justification-center is-layout-flex wp-container-core-buttons-is-layout-16018d1d wp-block-buttons-is-layout-flex\">\n<div class=\"wp-block-button has-custom-width wp-block-button__width-50\"><a class=\"wp-block-button__link has-white-color has-text-color has-background wp-element-button\" href=\"https:\/\/www.ausliebezumduft.de\/paul-smith-botanist-diffusor.html\" style=\"background-color:#005e2e\" target=\"_blank\" rel=\"noreferrer noopener\"><strong>Botanist<\/strong><\/a><\/div>\n<\/div>\n\n<div style=\"height:100px\" aria-hidden=\"true\" class=\"wp-block-spacer\"><\/div>\n<div class=\"wp-block-image\">\n<figure class=\"alignleft size-thumbnail\"><img decoding=\"async\" width=\"360\" height=\"360\" src=\"https:\/\/www.alzd.de\/wp-content\/2023\/10\/382236333_694523599366753_6563313709433184313_n-360x360.jpg\" alt=\"Paul Smith - Early Bird\" class=\"wp-image-111218\" title=\"Paul Smith - Early Bird\" srcset=\"https:\/\/www.alzd.de\/wp-content\/2023\/10\/382236333_694523599366753_6563313709433184313_n-360x360.jpg 360w, https:\/\/www.alzd.de\/wp-content\/2023\/10\/382236333_694523599366753_6563313709433184313_n-720x720.jpg 720w, https:\/\/www.alzd.de\/wp-content\/2023\/10\/382236333_694523599366753_6563313709433184313_n-768x768.jpg 768w, https:\/\/www.alzd.de\/wp-content\/2023\/10\/382236333_694523599366753_6563313709433184313_n.jpg 1080w\" sizes=\"(max-width: 360px) 100vw, 360px\" \/><\/figure>\n<\/div>\n<h4 class=\"wp-block-heading\">Early Bird<\/h4>\n\n<p>Source of inspiration: early walk on a cloudy morning, rain hitting asphalt, the old iron railing in the Paul Smith boutique in London, fine suede shoes.<\/p>\n\n<p>The intense blue in combination with dark green is reminiscent of the colour of water and plants.<\/p>\n\n<p>Fragrance notes: <br \/>Rain accord, iris, suede, patchouli.<\/p>\n\n<p>Colour scheme: blue and green.<\/p>\n\n<div class=\"wp-block-buttons is-content-justification-center is-layout-flex wp-container-core-buttons-is-layout-16018d1d wp-block-buttons-is-layout-flex\">\n<div class=\"wp-block-button has-custom-width wp-block-button__width-50\"><a class=\"wp-block-button__link has-white-color has-text-color has-background wp-element-button\" href=\"https:\/\/www.ausliebezumduft.de\/paul-smith-early-bird-duftkerze.html\" style=\"background-color:#2e3f83\" target=\"_blank\" rel=\"noreferrer noopener\"><strong>Early Bird<\/strong><\/a><\/div>\n<\/div>\n\n<div style=\"height:100px\" aria-hidden=\"true\" class=\"wp-block-spacer\"><\/div>\n<div class=\"wp-block-image\">\n<figure class=\"alignleft size-thumbnail\"><img decoding=\"async\" width=\"360\" height=\"360\" src=\"https:\/\/www.alzd.de\/wp-content\/2023\/10\/381989960_694524696033310_6666819117737437782_n-360x360.jpg\" alt=\"\" class=\"wp-image-111233\" srcset=\"https:\/\/www.alzd.de\/wp-content\/2023\/10\/381989960_694524696033310_6666819117737437782_n-360x360.jpg 360w, https:\/\/www.alzd.de\/wp-content\/2023\/10\/381989960_694524696033310_6666819117737437782_n-720x720.jpg 720w, https:\/\/www.alzd.de\/wp-content\/2023\/10\/381989960_694524696033310_6666819117737437782_n-768x768.jpg 768w, https:\/\/www.alzd.de\/wp-content\/2023\/10\/381989960_694524696033310_6666819117737437782_n.jpg 1080w\" sizes=\"(max-width: 360px) 100vw, 360px\" \/><\/figure>\n<\/div>\n<h4 class=\"wp-block-heading\">Sunseeker<\/h4>\n\n<p>Summer trips to Italy, relaxing evenings in the countryside, dining on the terrace surrounded by orange groves.<\/p>\n\n<p>The petrol blue reflects the strong colour of the sea. The yellow lid reminds of the sun.<\/p>\n\n<p>Fragrance notes:<br \/>Bergamot, grapefruit, lavender, orange blossom, basil, rosemary, moss, musk, patchouli.<\/p>\n\n<p>Colour scheme: petrol and yellow.<\/p>\n\n<div class=\"wp-block-buttons is-content-justification-center is-layout-flex wp-container-core-buttons-is-layout-16018d1d wp-block-buttons-is-layout-flex\">\n<div class=\"wp-block-button has-custom-width wp-block-button__width-50\"><a class=\"wp-block-button__link has-white-color has-text-color has-background wp-element-button\" href=\"https:\/\/www.ausliebezumduft.de\/paul-smith-sunseeker-duftkerze.html\" style=\"background-color:#1f788f\" target=\"_blank\" rel=\"noreferrer noopener\"><strong>Sunseeker<\/strong><\/a><\/div>\n<\/div>\n\n<div style=\"height:100px\" aria-hidden=\"true\" class=\"wp-block-spacer\"><\/div>\n\n<p>From mid-November, a sixth room fragrance will expand the collection, about which I can only tell you so much in advance: The source of inspiration is a walk in autumn and a fire in the fireplace. \ud83d\udd25\ud83c\udf42<\/p>\n","protected":false},"excerpt":{"rendered":"<p>Some of you may have already seen it in the story on our Instagram channel: I was once again on tour for the Duft-Tagebuch and enjoyed Hamburg. My&#8230;<\/p>\n<div class=\"more-link-wrapper\"><a class=\"more-link\" href=\"https:\/\/www.alzd.de\/en\/2023\/10\/13\/duft-tagebuch-on-tour-the-new-room-fragrances-by-paul-smith\/\">WEITERLESEN<span class=\"screen-reader-text\">Duft-Tagebuch on Tour &#8211; The new room fragrances by Paul Smith<\/span><\/a><\/div>\n","protected":false},"author":535,"featured_media":111189,"comment_status":"open","ping_status":"closed","sticky":false,"template":"","format":"standard","meta":{"footnotes":""},"categories":[1135,1789,1134,1147],"tags":[1921,1866,1920,1922],"class_list":["post-111249","post","type-post","status-publish","format-standard","has-post-thumbnail","hentry","category-diffusers","category-events-en","category-home-fragrances","category-scented-candles","tag-celine-bartel-en","tag-meabh-mccurtin-en","tag-paul-smith-en","tag-stephanie-anderson-en","excerpt","zoom","full-without-featured","even","excerpt-0"],"yoast_head":"<!-- This site is optimized with the Yoast SEO plugin v27.5 - https:\/\/yoast.com\/product\/yoast-seo-wordpress\/ -->\n<title>Room fragrances by Paul Smith - Duft-Tagebuch on Tour<\/title>\n<meta name=\"description\" content=\"I was on tour again for the Duft-Tagebuch. My path led directly to the city centre and here to the Paul Smith boutique.\" \/>\n<meta name=\"robots\" content=\"index, follow, max-snippet:-1, max-image-preview:large, max-video-preview:-1\" \/>\n<link rel=\"canonical\" href=\"https:\/\/www.alzd.de\/en\/2023\/10\/13\/duft-tagebuch-on-tour-the-new-room-fragrances-by-paul-smith\/\" \/>\n<meta property=\"og:locale\" content=\"en_US\" \/>\n<meta property=\"og:type\" content=\"article\" \/>\n<meta property=\"og:title\" content=\"Room fragrances by Paul Smith - Duft-Tagebuch on Tour\" \/>\n<meta property=\"og:url\" content=\"https:\/\/www.alzd.de\/en\/2023\/10\/13\/duft-tagebuch-on-tour-the-new-room-fragrances-by-paul-smith\/\" \/>\n<meta property=\"og:site_name\" content=\"Das Duft-Tagebuch\" \/>\n<meta property=\"article:publisher\" content=\"https:\/\/www.facebook.com\/dufttagebuch\/\" \/>\n<meta property=\"article:author\" content=\"https:\/\/www.facebook.com\/stephanie.tkaczik\" \/>\n<meta property=\"article:published_time\" content=\"2023-10-13T05:30:00+00:00\" \/>\n<meta property=\"article:modified_time\" content=\"2023-10-13T11:14:02+00:00\" \/>\n<meta property=\"og:image\" content=\"https:\/\/www.alzd.de\/wp-content\/2023\/10\/bbsignal-2023-10-12-154506_007.jpeg\" \/>\n\t<meta property=\"og:image:width\" content=\"720\" \/>\n\t<meta property=\"og:image:height\" content=\"400\" \/>\n\t<meta property=\"og:image:type\" content=\"image\/jpeg\" \/>\n<meta name=\"author\" content=\"Julia Bir\u00f3\" \/>\n<meta name=\"twitter:card\" content=\"summary_large_image\" \/>\n<meta name=\"twitter:creator\" content=\"@ausliebezumduft\" \/>\n<meta name=\"twitter:site\" content=\"@ausliebezumduft\" \/>\n<script type=\"application\/ld+json\" class=\"yoast-schema-graph\">{\"@context\":\"https:\\\/\\\/schema.org\",\"@graph\":[{\"@type\":\"Article\",\"@id\":\"https:\\\/\\\/www.alzd.de\\\/en\\\/2023\\\/10\\\/13\\\/duft-tagebuch-on-tour-the-new-room-fragrances-by-paul-smith\\\/#article\",\"isPartOf\":{\"@id\":\"https:\\\/\\\/www.alzd.de\\\/en\\\/2023\\\/10\\\/13\\\/duft-tagebuch-on-tour-the-new-room-fragrances-by-paul-smith\\\/\"},\"author\":{\"name\":\"Julia Bir\u00f3\",\"@id\":\"https:\\\/\\\/www.alzd.de\\\/en\\\/#\\\/schema\\\/person\\\/8efcd8f02447fdbe8f29ad465897d04e\"},\"headline\":\"Duft-Tagebuch on Tour &#8211; The new room fragrances by Paul Smith\",\"datePublished\":\"2023-10-13T05:30:00+00:00\",\"dateModified\":\"2023-10-13T11:14:02+00:00\",\"mainEntityOfPage\":{\"@id\":\"https:\\\/\\\/www.alzd.de\\\/en\\\/2023\\\/10\\\/13\\\/duft-tagebuch-on-tour-the-new-room-fragrances-by-paul-smith\\\/\"},\"wordCount\":1022,\"commentCount\":0,\"publisher\":{\"@id\":\"https:\\\/\\\/www.alzd.de\\\/en\\\/#organization\"},\"image\":{\"@id\":\"https:\\\/\\\/www.alzd.de\\\/en\\\/2023\\\/10\\\/13\\\/duft-tagebuch-on-tour-the-new-room-fragrances-by-paul-smith\\\/#primaryimage\"},\"thumbnailUrl\":\"https:\\\/\\\/www.alzd.de\\\/wp-content\\\/2023\\\/10\\\/bbsignal-2023-10-12-154506_007.jpeg\",\"keywords\":[\"C\u00e9line Bartel\",\"Meabh McCurtin\",\"Paul Smith\",\"Stephanie Anderson\"],\"articleSection\":[\"Diffusers\",\"Events\",\"Home Fragrances\",\"Scented candles\"],\"inLanguage\":\"en-US\",\"potentialAction\":[{\"@type\":\"CommentAction\",\"name\":\"Comment\",\"target\":[\"https:\\\/\\\/www.alzd.de\\\/en\\\/2023\\\/10\\\/13\\\/duft-tagebuch-on-tour-the-new-room-fragrances-by-paul-smith\\\/#respond\"]}]},{\"@type\":\"WebPage\",\"@id\":\"https:\\\/\\\/www.alzd.de\\\/en\\\/2023\\\/10\\\/13\\\/duft-tagebuch-on-tour-the-new-room-fragrances-by-paul-smith\\\/\",\"url\":\"https:\\\/\\\/www.alzd.de\\\/en\\\/2023\\\/10\\\/13\\\/duft-tagebuch-on-tour-the-new-room-fragrances-by-paul-smith\\\/\",\"name\":\"Room fragrances by Paul Smith - Duft-Tagebuch on Tour\",\"isPartOf\":{\"@id\":\"https:\\\/\\\/www.alzd.de\\\/en\\\/#website\"},\"primaryImageOfPage\":{\"@id\":\"https:\\\/\\\/www.alzd.de\\\/en\\\/2023\\\/10\\\/13\\\/duft-tagebuch-on-tour-the-new-room-fragrances-by-paul-smith\\\/#primaryimage\"},\"image\":{\"@id\":\"https:\\\/\\\/www.alzd.de\\\/en\\\/2023\\\/10\\\/13\\\/duft-tagebuch-on-tour-the-new-room-fragrances-by-paul-smith\\\/#primaryimage\"},\"thumbnailUrl\":\"https:\\\/\\\/www.alzd.de\\\/wp-content\\\/2023\\\/10\\\/bbsignal-2023-10-12-154506_007.jpeg\",\"datePublished\":\"2023-10-13T05:30:00+00:00\",\"dateModified\":\"2023-10-13T11:14:02+00:00\",\"description\":\"I was on tour again for the Duft-Tagebuch. My path led directly to the city centre and here to the Paul Smith boutique.\",\"breadcrumb\":{\"@id\":\"https:\\\/\\\/www.alzd.de\\\/en\\\/2023\\\/10\\\/13\\\/duft-tagebuch-on-tour-the-new-room-fragrances-by-paul-smith\\\/#breadcrumb\"},\"inLanguage\":\"en-US\",\"potentialAction\":[{\"@type\":\"ReadAction\",\"target\":[\"https:\\\/\\\/www.alzd.de\\\/en\\\/2023\\\/10\\\/13\\\/duft-tagebuch-on-tour-the-new-room-fragrances-by-paul-smith\\\/\"]}]},{\"@type\":\"ImageObject\",\"inLanguage\":\"en-US\",\"@id\":\"https:\\\/\\\/www.alzd.de\\\/en\\\/2023\\\/10\\\/13\\\/duft-tagebuch-on-tour-the-new-room-fragrances-by-paul-smith\\\/#primaryimage\",\"url\":\"https:\\\/\\\/www.alzd.de\\\/wp-content\\\/2023\\\/10\\\/bbsignal-2023-10-12-154506_007.jpeg\",\"contentUrl\":\"https:\\\/\\\/www.alzd.de\\\/wp-content\\\/2023\\\/10\\\/bbsignal-2023-10-12-154506_007.jpeg\",\"width\":720,\"height\":400},{\"@type\":\"BreadcrumbList\",\"@id\":\"https:\\\/\\\/www.alzd.de\\\/en\\\/2023\\\/10\\\/13\\\/duft-tagebuch-on-tour-the-new-room-fragrances-by-paul-smith\\\/#breadcrumb\",\"itemListElement\":[{\"@type\":\"ListItem\",\"position\":1,\"name\":\"Startseite\",\"item\":\"https:\\\/\\\/www.alzd.de\\\/en\\\/\"},{\"@type\":\"ListItem\",\"position\":2,\"name\":\"Duft-Tagebuch on Tour &#8211; The new room fragrances by Paul Smith\"}]},{\"@type\":\"WebSite\",\"@id\":\"https:\\\/\\\/www.alzd.de\\\/en\\\/#website\",\"url\":\"https:\\\/\\\/www.alzd.de\\\/en\\\/\",\"name\":\"Das Duft-Tagebuch\",\"description\":\"Das Parfumblog von Aus Liebe zum Duft\",\"publisher\":{\"@id\":\"https:\\\/\\\/www.alzd.de\\\/en\\\/#organization\"},\"potentialAction\":[{\"@type\":\"SearchAction\",\"target\":{\"@type\":\"EntryPoint\",\"urlTemplate\":\"https:\\\/\\\/www.alzd.de\\\/en\\\/?s={search_term_string}\"},\"query-input\":{\"@type\":\"PropertyValueSpecification\",\"valueRequired\":true,\"valueName\":\"search_term_string\"}}],\"inLanguage\":\"en-US\"},{\"@type\":\"Organization\",\"@id\":\"https:\\\/\\\/www.alzd.de\\\/en\\\/#organization\",\"name\":\"Das Duft-Tagebuch\",\"url\":\"https:\\\/\\\/www.alzd.de\\\/en\\\/\",\"logo\":{\"@type\":\"ImageObject\",\"inLanguage\":\"en-US\",\"@id\":\"https:\\\/\\\/www.alzd.de\\\/en\\\/#\\\/schema\\\/logo\\\/image\\\/\",\"url\":\"https:\\\/\\\/www.alzd.de\\\/wp-content\\\/2023\\\/08\\\/alzd_dufttagebuch.png\",\"contentUrl\":\"https:\\\/\\\/www.alzd.de\\\/wp-content\\\/2023\\\/08\\\/alzd_dufttagebuch.png\",\"width\":1804,\"height\":416,\"caption\":\"Das Duft-Tagebuch\"},\"image\":{\"@id\":\"https:\\\/\\\/www.alzd.de\\\/en\\\/#\\\/schema\\\/logo\\\/image\\\/\"},\"sameAs\":[\"https:\\\/\\\/www.facebook.com\\\/dufttagebuch\\\/\",\"https:\\\/\\\/x.com\\\/ausliebezumduft\",\"https:\\\/\\\/www.instagram.com\\\/ausliebezumduft.de\\\/\",\"https:\\\/\\\/www.youtube.com\\\/c\\\/ausliebezumduft\"]},{\"@type\":\"Person\",\"@id\":\"https:\\\/\\\/www.alzd.de\\\/en\\\/#\\\/schema\\\/person\\\/8efcd8f02447fdbe8f29ad465897d04e\",\"name\":\"Julia Bir\u00f3\",\"image\":{\"@type\":\"ImageObject\",\"inLanguage\":\"en-US\",\"@id\":\"https:\\\/\\\/www.alzd.de\\\/wp-content\\\/2018\\\/02\\\/cropped-cropped-mitarbeiterbilder_steffi--96x96.jpg\",\"url\":\"https:\\\/\\\/www.alzd.de\\\/wp-content\\\/2018\\\/02\\\/cropped-cropped-mitarbeiterbilder_steffi--96x96.jpg\",\"contentUrl\":\"https:\\\/\\\/www.alzd.de\\\/wp-content\\\/2018\\\/02\\\/cropped-cropped-mitarbeiterbilder_steffi--96x96.jpg\",\"caption\":\"Julia Bir\u00f3\"},\"description\":\"Bereits 2010 gingen so einige Blogbeitr\u00e4ge auf mein Konto. Dann war ich \u201ekurz\u201c weg \u2013 sechs Jahre. Umso mehr freut es mich, dass ich nun wieder die Chance bekomme, mein N\u00e4schen im Dienste der Duftrezension schnuppern zu lassen und eifrig in die Tasten zu hauen. Was Nischend\u00fcfte angeht, habe ich damals \u00fcbrigens schnell Feuer gefangen. Meine Ausbildung tat dazu ihr \u00dcbriges: Als diplomierte Biologin kenne ich mich nicht nur mit Fauna und Flora, sondern auch recht gut mit der Herstellung von \u00d6len und Extrakten aus, was den Reiz der Parfumwelt nat\u00fcrlich noch gr\u00f6\u00dfer macht.\",\"sameAs\":[\"https:\\\/\\\/biro.is\\\/\",\"https:\\\/\\\/www.facebook.com\\\/stephanie.tkaczik\"],\"url\":\"https:\\\/\\\/www.alzd.de\\\/en\\\/author\\\/stephanie\\\/\"}]}<\/script>\n<!-- \/ Yoast SEO plugin. -->","yoast_head_json":{"title":"Room fragrances by Paul Smith - Duft-Tagebuch on Tour","description":"I was on tour again for the Duft-Tagebuch. My path led directly to the city centre and here to the Paul Smith boutique.","robots":{"index":"index","follow":"follow","max-snippet":"max-snippet:-1","max-image-preview":"max-image-preview:large","max-video-preview":"max-video-preview:-1"},"canonical":"https:\/\/www.alzd.de\/en\/2023\/10\/13\/duft-tagebuch-on-tour-the-new-room-fragrances-by-paul-smith\/","og_locale":"en_US","og_type":"article","og_title":"Room fragrances by Paul Smith - Duft-Tagebuch on Tour","og_url":"https:\/\/www.alzd.de\/en\/2023\/10\/13\/duft-tagebuch-on-tour-the-new-room-fragrances-by-paul-smith\/","og_site_name":"Das Duft-Tagebuch","article_publisher":"https:\/\/www.facebook.com\/dufttagebuch\/","article_author":"https:\/\/www.facebook.com\/stephanie.tkaczik","article_published_time":"2023-10-13T05:30:00+00:00","article_modified_time":"2023-10-13T11:14:02+00:00","og_image":[{"width":720,"height":400,"url":"https:\/\/www.alzd.de\/wp-content\/2023\/10\/bbsignal-2023-10-12-154506_007.jpeg","type":"image\/jpeg"}],"author":"Julia Bir\u00f3","twitter_card":"summary_large_image","twitter_creator":"@ausliebezumduft","twitter_site":"@ausliebezumduft","schema":{"@context":"https:\/\/schema.org","@graph":[{"@type":"Article","@id":"https:\/\/www.alzd.de\/en\/2023\/10\/13\/duft-tagebuch-on-tour-the-new-room-fragrances-by-paul-smith\/#article","isPartOf":{"@id":"https:\/\/www.alzd.de\/en\/2023\/10\/13\/duft-tagebuch-on-tour-the-new-room-fragrances-by-paul-smith\/"},"author":{"name":"Julia Bir\u00f3","@id":"https:\/\/www.alzd.de\/en\/#\/schema\/person\/8efcd8f02447fdbe8f29ad465897d04e"},"headline":"Duft-Tagebuch on Tour &#8211; The new room fragrances by Paul Smith","datePublished":"2023-10-13T05:30:00+00:00","dateModified":"2023-10-13T11:14:02+00:00","mainEntityOfPage":{"@id":"https:\/\/www.alzd.de\/en\/2023\/10\/13\/duft-tagebuch-on-tour-the-new-room-fragrances-by-paul-smith\/"},"wordCount":1022,"commentCount":0,"publisher":{"@id":"https:\/\/www.alzd.de\/en\/#organization"},"image":{"@id":"https:\/\/www.alzd.de\/en\/2023\/10\/13\/duft-tagebuch-on-tour-the-new-room-fragrances-by-paul-smith\/#primaryimage"},"thumbnailUrl":"https:\/\/www.alzd.de\/wp-content\/2023\/10\/bbsignal-2023-10-12-154506_007.jpeg","keywords":["C\u00e9line Bartel","Meabh McCurtin","Paul Smith","Stephanie Anderson"],"articleSection":["Diffusers","Events","Home Fragrances","Scented candles"],"inLanguage":"en-US","potentialAction":[{"@type":"CommentAction","name":"Comment","target":["https:\/\/www.alzd.de\/en\/2023\/10\/13\/duft-tagebuch-on-tour-the-new-room-fragrances-by-paul-smith\/#respond"]}]},{"@type":"WebPage","@id":"https:\/\/www.alzd.de\/en\/2023\/10\/13\/duft-tagebuch-on-tour-the-new-room-fragrances-by-paul-smith\/","url":"https:\/\/www.alzd.de\/en\/2023\/10\/13\/duft-tagebuch-on-tour-the-new-room-fragrances-by-paul-smith\/","name":"Room fragrances by Paul Smith - Duft-Tagebuch on Tour","isPartOf":{"@id":"https:\/\/www.alzd.de\/en\/#website"},"primaryImageOfPage":{"@id":"https:\/\/www.alzd.de\/en\/2023\/10\/13\/duft-tagebuch-on-tour-the-new-room-fragrances-by-paul-smith\/#primaryimage"},"image":{"@id":"https:\/\/www.alzd.de\/en\/2023\/10\/13\/duft-tagebuch-on-tour-the-new-room-fragrances-by-paul-smith\/#primaryimage"},"thumbnailUrl":"https:\/\/www.alzd.de\/wp-content\/2023\/10\/bbsignal-2023-10-12-154506_007.jpeg","datePublished":"2023-10-13T05:30:00+00:00","dateModified":"2023-10-13T11:14:02+00:00","description":"I was on tour again for the Duft-Tagebuch. My path led directly to the city centre and here to the Paul Smith boutique.","breadcrumb":{"@id":"https:\/\/www.alzd.de\/en\/2023\/10\/13\/duft-tagebuch-on-tour-the-new-room-fragrances-by-paul-smith\/#breadcrumb"},"inLanguage":"en-US","potentialAction":[{"@type":"ReadAction","target":["https:\/\/www.alzd.de\/en\/2023\/10\/13\/duft-tagebuch-on-tour-the-new-room-fragrances-by-paul-smith\/"]}]},{"@type":"ImageObject","inLanguage":"en-US","@id":"https:\/\/www.alzd.de\/en\/2023\/10\/13\/duft-tagebuch-on-tour-the-new-room-fragrances-by-paul-smith\/#primaryimage","url":"https:\/\/www.alzd.de\/wp-content\/2023\/10\/bbsignal-2023-10-12-154506_007.jpeg","contentUrl":"https:\/\/www.alzd.de\/wp-content\/2023\/10\/bbsignal-2023-10-12-154506_007.jpeg","width":720,"height":400},{"@type":"BreadcrumbList","@id":"https:\/\/www.alzd.de\/en\/2023\/10\/13\/duft-tagebuch-on-tour-the-new-room-fragrances-by-paul-smith\/#breadcrumb","itemListElement":[{"@type":"ListItem","position":1,"name":"Startseite","item":"https:\/\/www.alzd.de\/en\/"},{"@type":"ListItem","position":2,"name":"Duft-Tagebuch on Tour &#8211; The new room fragrances by Paul Smith"}]},{"@type":"WebSite","@id":"https:\/\/www.alzd.de\/en\/#website","url":"https:\/\/www.alzd.de\/en\/","name":"Das Duft-Tagebuch","description":"Das Parfumblog von Aus Liebe zum Duft","publisher":{"@id":"https:\/\/www.alzd.de\/en\/#organization"},"potentialAction":[{"@type":"SearchAction","target":{"@type":"EntryPoint","urlTemplate":"https:\/\/www.alzd.de\/en\/?s={search_term_string}"},"query-input":{"@type":"PropertyValueSpecification","valueRequired":true,"valueName":"search_term_string"}}],"inLanguage":"en-US"},{"@type":"Organization","@id":"https:\/\/www.alzd.de\/en\/#organization","name":"Das Duft-Tagebuch","url":"https:\/\/www.alzd.de\/en\/","logo":{"@type":"ImageObject","inLanguage":"en-US","@id":"https:\/\/www.alzd.de\/en\/#\/schema\/logo\/image\/","url":"https:\/\/www.alzd.de\/wp-content\/2023\/08\/alzd_dufttagebuch.png","contentUrl":"https:\/\/www.alzd.de\/wp-content\/2023\/08\/alzd_dufttagebuch.png","width":1804,"height":416,"caption":"Das Duft-Tagebuch"},"image":{"@id":"https:\/\/www.alzd.de\/en\/#\/schema\/logo\/image\/"},"sameAs":["https:\/\/www.facebook.com\/dufttagebuch\/","https:\/\/x.com\/ausliebezumduft","https:\/\/www.instagram.com\/ausliebezumduft.de\/","https:\/\/www.youtube.com\/c\/ausliebezumduft"]},{"@type":"Person","@id":"https:\/\/www.alzd.de\/en\/#\/schema\/person\/8efcd8f02447fdbe8f29ad465897d04e","name":"Julia Bir\u00f3","image":{"@type":"ImageObject","inLanguage":"en-US","@id":"https:\/\/www.alzd.de\/wp-content\/2018\/02\/cropped-cropped-mitarbeiterbilder_steffi--96x96.jpg","url":"https:\/\/www.alzd.de\/wp-content\/2018\/02\/cropped-cropped-mitarbeiterbilder_steffi--96x96.jpg","contentUrl":"https:\/\/www.alzd.de\/wp-content\/2018\/02\/cropped-cropped-mitarbeiterbilder_steffi--96x96.jpg","caption":"Julia Bir\u00f3"},"description":"Bereits 2010 gingen so einige Blogbeitr\u00e4ge auf mein Konto. Dann war ich \u201ekurz\u201c weg \u2013 sechs Jahre. Umso mehr freut es mich, dass ich nun wieder die Chance bekomme, mein N\u00e4schen im Dienste der Duftrezension schnuppern zu lassen und eifrig in die Tasten zu hauen. Was Nischend\u00fcfte angeht, habe ich damals \u00fcbrigens schnell Feuer gefangen. Meine Ausbildung tat dazu ihr \u00dcbriges: Als diplomierte Biologin kenne ich mich nicht nur mit Fauna und Flora, sondern auch recht gut mit der Herstellung von \u00d6len und Extrakten aus, was den Reiz der Parfumwelt nat\u00fcrlich noch gr\u00f6\u00dfer macht.","sameAs":["https:\/\/biro.is\/","https:\/\/www.facebook.com\/stephanie.tkaczik"],"url":"https:\/\/www.alzd.de\/en\/author\/stephanie\/"}]}},"wp-worthy-pixel":{"ignored":false,"public":null,"server":null,"url":null},"wp-worthy-type":"normal","_links":{"self":[{"href":"https:\/\/www.alzd.de\/en\/wp-json\/wp\/v2\/posts\/111249","targetHints":{"allow":["GET"]}}],"collection":[{"href":"https:\/\/www.alzd.de\/en\/wp-json\/wp\/v2\/posts"}],"about":[{"href":"https:\/\/www.alzd.de\/en\/wp-json\/wp\/v2\/types\/post"}],"author":[{"embeddable":true,"href":"https:\/\/www.alzd.de\/en\/wp-json\/wp\/v2\/users\/535"}],"replies":[{"embeddable":true,"href":"https:\/\/www.alzd.de\/en\/wp-json\/wp\/v2\/comments?post=111249"}],"version-history":[{"count":5,"href":"https:\/\/www.alzd.de\/en\/wp-json\/wp\/v2\/posts\/111249\/revisions"}],"predecessor-version":[{"id":111254,"href":"https:\/\/www.alzd.de\/en\/wp-json\/wp\/v2\/posts\/111249\/revisions\/111254"}],"wp:featuredmedia":[{"embeddable":true,"href":"https:\/\/www.alzd.de\/en\/wp-json\/wp\/v2\/media\/111189"}],"wp:attachment":[{"href":"https:\/\/www.alzd.de\/en\/wp-json\/wp\/v2\/media?parent=111249"}],"wp:term":[{"taxonomy":"category","embeddable":true,"href":"https:\/\/www.alzd.de\/en\/wp-json\/wp\/v2\/categories?post=111249"},{"taxonomy":"post_tag","embeddable":true,"href":"https:\/\/www.alzd.de\/en\/wp-json\/wp\/v2\/tags?post=111249"}],"curies":[{"name":"wp","href":"https:\/\/api.w.org\/{rel}","templated":true}]}}