{"id":110398,"date":"2023-09-07T07:30:00","date_gmt":"2023-09-07T05:30:00","guid":{"rendered":"https:\/\/www.alzd.de\/2023\/09\/07\/oriental-collection-by-lesquendieu-amber-orris-oud-saffron-and-cuir-vetyver\/"},"modified":"2023-09-07T14:08:54","modified_gmt":"2023-09-07T12:08:54","slug":"oriental-collection-by-lesquendieu-amber-orris-oud-saffron-and-cuir-vetyver","status":"publish","type":"post","link":"https:\/\/www.alzd.de\/en\/2023\/09\/07\/oriental-collection-by-lesquendieu-amber-orris-oud-saffron-and-cuir-vetyver\/","title":{"rendered":"Oriental Collection by Lesquendieu &#8211; Amber Orris, Oud Saffron and Cuir Vetyver"},"content":{"rendered":"\n<p>The Oriental Collection is the second line of the Lesquendieu fragrance house, to which we have already dedicated the last few days in my articles <a href=\"https:\/\/www.alzd.de\/en\/2023\/09\/05\/interview-with-jerome-lesquendieu-fragrance-house-with-history\/\">J\u00e9r\u00f4me Lesquendieu in interview &#8211; fragrance house with history<\/a> and <a href=\"https:\/\/www.alzd.de\/en\/2023\/09\/06\/historical-collection-by-lesquendieu-tradition-and-modernity\/\">Historical Collection of Lesquendieu &#8211; tradition and modernity<\/a>. Today I would like to present you, as a conclusion of this small series, three fragrances from the Oriental Collection, after I was already allowed to present three eaux de parfum from the Historical Collection yesterday.<\/p>\n<div class=\"wp-block-image\">\n<figure class=\"aligncenter size-large\"><img decoding=\"async\" src=\"https:\/\/www.alzd.de\/wp-content\/2023\/09\/Lesquendieu-&#x2013;-Mood-06-1080x1080.jpg\" alt=\"Lesquendieu - Oriental Collection\" class=\"wp-image-110354\" title=\"Lesquendieu - Oriental Collection\"\/><figcaption class=\"wp-element-caption\">\u00a9 <a href=\"https:\/\/emmacortijo.com\/\" target=\"_blank\" rel=\"noreferrer noopener\">Emma Cortijo<\/a><\/figcaption><\/figure>\n<\/div>\n<p>The Oriental Collection deals &#8211; the name suggests &#8211; with oriental fragrances, exceptional raw materials and lush compositions. In the first half of the 20th century, the brand&#8217;s founder Joseph Lesquendieu dreamed of using then rare and exquisite raw materials in his creations. His grandson J\u00e9r\u00f4me took this wish of his late grandfather as an opportunity to create this oriental-inspired line with exclusive ingredients.<\/p>\n\n<h2 class=\"wp-block-heading\">Orris Amber &#8211; Oriental Collection<\/h2>\n\n<p>Iris root and amber promises the eau de parfum Orris Amber, and that does not only sound incredibly delicious in my eyes, but could also be a really great fall scent. Powdery-creamy and warm cuddly notes I expect to fall into like a fluffy-soft bed.<\/p>\n\n<p>The ingredients underline my autumnal expectations: <strong>Pink pepper, elemi resin, black pepper, bergamot, iris, cedarwood, white flowers, vetiver, moss, caramel, musk, ambergris<\/strong> and <strong>nagarmotha<\/strong> put me in pure rapture. This could be a creation right up my alley.<\/p>\n<div class=\"wp-block-image\">\n<figure class=\"alignleft size-thumbnail\"><img decoding=\"async\" width=\"360\" height=\"360\" src=\"https:\/\/www.alzd.de\/wp-content\/2023\/09\/orris_amber-360x360.webp\" alt=\"Lesquendieu - Oriental Collection - Orris Amber\" class=\"wp-image-110358\" srcset=\"https:\/\/www.alzd.de\/wp-content\/2023\/09\/orris_amber-360x360.webp 360w, https:\/\/www.alzd.de\/wp-content\/2023\/09\/orris_amber.webp 600w\" sizes=\"(max-width: 360px) 100vw, 360px\" \/><\/figure>\n<\/div>\n<p>From the start, the eponymous iris sets the tone in Orris Amber by Lesquendieu, underpinned by delicate citrus and spicy-hot nuances. These add a certain lightness, a radiance to the powdery creamy facets of the iris root. White flowers bathe the creation in a floral sweetness, adding beguiling facets to the powdery iris cream. Warm, soft and gentle, with subtle earthy-woody and still very creamy notes, the fragrance gradually fades. A delicate and seductive iris composition that smells powdery-creamy, floral, oh, just wonderful. A transparent all-rounder and all-seasoner.<\/p>\n\n<div class=\"wp-block-buttons is-content-justification-center is-layout-flex wp-container-core-buttons-is-layout-16018d1d wp-block-buttons-is-layout-flex\">\n<div class=\"wp-block-button has-custom-width wp-block-button__width-50\"><a class=\"wp-block-button__link has-white-color has-text-color has-background wp-element-button\" href=\"https:\/\/www.ausliebezumduft.de\/lesquendieu-orris-amber.html\" style=\"background-color:#ed9941\" target=\"_blank\" rel=\"noreferrer noopener\"><strong>Orris Amber<\/strong><\/a><\/div>\n<\/div>\n\n<div style=\"height:100px\" aria-hidden=\"true\" class=\"wp-block-spacer\"><\/div>\n\n<h2 class=\"wp-block-heading\">Oud Saffron &#8211; mysterious agarwood<\/h2>\n\n<p>I love saffron. Which was also the reason I absolutely had to include Oud Saffron in this review. The combination with agarwood fits perfectly for me, since both raw materials sometimes have a similar scent character. These dark, deep, medicinal nuances that are as mysterious as they are evocative.<\/p>\n\n<p>The fragrance notes feature an ingredient that we&#8217;ve been encountering more frequently lately. No, not the cherry, but the <strong>raspberry<\/strong>, which J\u00e9r\u00f4me Lesquendieu combines with <strong>elemi resin, black pepper, bergamot, nagarmotha, leather, nutmeg, saffron, amber, musk, caramel<\/strong> and <strong>agarwood (oud) <\/strong>.<\/p>\n<div class=\"wp-block-image\">\n<figure class=\"alignleft size-thumbnail\"><img decoding=\"async\" width=\"360\" height=\"360\" src=\"https:\/\/www.alzd.de\/wp-content\/2023\/09\/oud_saffron-360x360.webp\" alt=\"Lesquendieu - Oriental Collection - Oud Saffron\" class=\"wp-image-110368\" title=\"Lesquendieu - Oriental Collection - Oud Saffron\" srcset=\"https:\/\/www.alzd.de\/wp-content\/2023\/09\/oud_saffron-360x360.webp 360w, https:\/\/www.alzd.de\/wp-content\/2023\/09\/oud_saffron.webp 600w\" sizes=\"(max-width: 360px) 100vw, 360px\" \/><\/figure>\n<\/div>\n<p>Greenish, peppery and with the typical smoky-spicy, medicinal-leathery notes of agarwood and saffron, Oud Saffron opens. Very dry, dark, cool and &#8211; despite the presence that is definitely present &#8211; the composition seems rather airy, light and transparent. The darkness gradually disappears, gently fruity, still spicy accents soothe the creation. Earthy-woody and subtle-powdery nuances lead the way into the base, where the smoky notes of agarwood pick up speed once again. A distinctive and idiosyncratic fragrance with subtle saffron and oud facets that has a medium presence and good longevity.<\/p>\n\n<div class=\"wp-block-buttons is-content-justification-center is-layout-flex wp-container-core-buttons-is-layout-16018d1d wp-block-buttons-is-layout-flex\">\n<div class=\"wp-block-button has-custom-width wp-block-button__width-50\"><a class=\"wp-block-button__link has-white-color has-text-color has-background wp-element-button\" href=\"https:\/\/www.ausliebezumduft.de\/lesquendieu-oud-saffron.html\" style=\"background-color:#ed9941\" target=\"_blank\" rel=\"noreferrer noopener\"><strong>Oud Saffron<\/strong><\/a><\/div>\n<\/div>\n\n<div style=\"height:100px\" aria-hidden=\"true\" class=\"wp-block-spacer\"><\/div>\n\n<h2 class=\"wp-block-heading\">Cuir Vetyver &#8211; Lesquendieu<\/h2>\n\n<p>Last but not least, I present to you Cuir Vetyver from the house of Lesquendieu. The fragrance is dedicated to the unique notes of <strong>leather<\/strong> and <strong>vetiver<\/strong> and combines them with<strong> black pepper, lemon, bergamot, pink pepper, incense, cypress, labdanum (cistus), nagarmotha, ginger, apple, pineapple, black currant, amber, moss, suede<\/strong> and <strong>woods<\/strong>.<\/p>\n\n<blockquote class=\"wp-block-quote is-layout-flow wp-block-quote-is-layout-flow\">\n<p>A modern and sensual fragrance that combines fine spicy top notes with woody and leathery heart notes. A bold fragrance experience that stands for strength and power and invites you to travel.<\/p>\n<\/blockquote>\n<div class=\"wp-block-image\">\n<figure class=\"alignleft size-thumbnail\"><img decoding=\"async\" width=\"360\" height=\"360\" src=\"https:\/\/www.alzd.de\/wp-content\/2023\/09\/cuir_vetyver-360x360.webp\" alt=\"Lesquendieu - Cuir Vetyver\" class=\"wp-image-110377\" title=\"Lesquendieu - Cuir Vetyver\" srcset=\"https:\/\/www.alzd.de\/wp-content\/2023\/09\/cuir_vetyver-360x360.webp 360w, https:\/\/www.alzd.de\/wp-content\/2023\/09\/cuir_vetyver.webp 600w\" sizes=\"(max-width: 360px) 100vw, 360px\" \/><\/figure>\n<\/div>\n<p>The opening of Cuir Vetyver is cool, fresh and tangy thanks to deliciously sparkling hesperides and dry hot pepper, soon accompanied by cool incense clouds and the citrus-green nuances of cypress. Fruity notes give the fragrance a summery lightness, very gradually underpinned by earthy-woody and powdery-wild-leathery hints. Labdanum provides a hint of resinous sweetness that shimmers in the background as this delicate, lucid creation gradually fades. Airy-light mix of earthy-cool, powdery-woody and fruity-citrus notes, elegant, modern. An all-rounder and freshness boost! Super!<\/p>\n\n<div class=\"wp-block-buttons is-content-justification-center is-layout-flex wp-container-core-buttons-is-layout-16018d1d wp-block-buttons-is-layout-flex\">\n<div class=\"wp-block-button has-custom-width wp-block-button__width-50 is-style-fill\"><a class=\"wp-block-button__link has-white-color has-text-color has-background wp-element-button\" href=\"https:\/\/www.ausliebezumduft.de\/lesquendieu-oriental-collection-cuir-vetyver.html\" style=\"background-color:#ed9941\" target=\"_blank\" rel=\"noreferrer noopener\"><strong>Cuir Vetyver <\/strong><\/a><\/div>\n<\/div>\n","protected":false},"excerpt":{"rendered":"<p>The Oriental Collection is the second line of the Lesquendieu fragrance house, to which we have already dedicated the last few days in my articles J\u00e9r\u00f4me Lesquendieu in&#8230;<\/p>\n<div class=\"more-link-wrapper\"><a class=\"more-link\" href=\"https:\/\/www.alzd.de\/en\/2023\/09\/07\/oriental-collection-by-lesquendieu-amber-orris-oud-saffron-and-cuir-vetyver\/\">WEITERLESEN<span class=\"screen-reader-text\">Oriental Collection by Lesquendieu &#8211; Amber Orris, Oud Saffron and Cuir Vetyver<\/span><\/a><\/div>\n","protected":false},"author":535,"featured_media":110393,"comment_status":"open","ping_status":"closed","sticky":false,"template":"","format":"standard","meta":{"footnotes":""},"categories":[1161,1151,1117,1155,1158,1115,1113,1116,1114],"tags":[1533,1900,1667,1684],"class_list":["post-110398","post","type-post","status-publish","format-standard","has-post-thumbnail","hentry","category-clean-powdery","category-flowers","category-fragrances","category-fruity","category-hesperidian","category-leather","category-spicy","category-tobacco-smoky","category-woody","tag-iris-en","tag-lesquendieu-en","tag-oud-en","tag-saffron","excerpt","zoom","full-without-featured","even","excerpt-0"],"yoast_head":"<!-- This site is optimized with the Yoast SEO plugin v27.5 - https:\/\/yoast.com\/product\/yoast-seo-wordpress\/ -->\n<title>Oriental Collection by Lesquendieu - Duft-Tagebuch<\/title>\n<meta name=\"description\" content=\"The Oriental Collection is the second line of the Lesquendieu fragrance house, to which we have devoted the last few days in my articles ...\" \/>\n<meta name=\"robots\" content=\"index, follow, max-snippet:-1, max-image-preview:large, max-video-preview:-1\" \/>\n<link rel=\"canonical\" href=\"https:\/\/www.alzd.de\/en\/2023\/09\/07\/oriental-collection-by-lesquendieu-amber-orris-oud-saffron-and-cuir-vetyver\/\" \/>\n<meta property=\"og:locale\" content=\"en_US\" \/>\n<meta property=\"og:type\" content=\"article\" \/>\n<meta property=\"og:title\" content=\"Oriental Collection by Lesquendieu - Duft-Tagebuch\" \/>\n<meta property=\"og:url\" content=\"https:\/\/www.alzd.de\/en\/2023\/09\/07\/oriental-collection-by-lesquendieu-amber-orris-oud-saffron-and-cuir-vetyver\/\" \/>\n<meta property=\"og:site_name\" content=\"Das Duft-Tagebuch\" \/>\n<meta property=\"article:publisher\" content=\"https:\/\/www.facebook.com\/dufttagebuch\/\" \/>\n<meta property=\"article:author\" content=\"https:\/\/www.facebook.com\/stephanie.tkaczik\" \/>\n<meta property=\"article:published_time\" content=\"2023-09-07T05:30:00+00:00\" \/>\n<meta property=\"article:modified_time\" content=\"2023-09-07T12:08:54+00:00\" \/>\n<meta property=\"og:image\" content=\"https:\/\/www.alzd.de\/wp-content\/2023\/09\/bbLesquendieu-\u2013-Mood-04.jpg\" \/>\n\t<meta property=\"og:image:width\" content=\"720\" \/>\n\t<meta property=\"og:image:height\" content=\"400\" \/>\n\t<meta property=\"og:image:type\" content=\"image\/jpeg\" \/>\n<meta name=\"author\" content=\"Julia Bir\u00f3\" \/>\n<meta name=\"twitter:card\" content=\"summary_large_image\" \/>\n<meta name=\"twitter:creator\" content=\"@ausliebezumduft\" \/>\n<meta name=\"twitter:site\" content=\"@ausliebezumduft\" \/>\n<script type=\"application\/ld+json\" class=\"yoast-schema-graph\">{\"@context\":\"https:\\\/\\\/schema.org\",\"@graph\":[{\"@type\":\"Article\",\"@id\":\"https:\\\/\\\/www.alzd.de\\\/en\\\/2023\\\/09\\\/07\\\/oriental-collection-by-lesquendieu-amber-orris-oud-saffron-and-cuir-vetyver\\\/#article\",\"isPartOf\":{\"@id\":\"https:\\\/\\\/www.alzd.de\\\/en\\\/2023\\\/09\\\/07\\\/oriental-collection-by-lesquendieu-amber-orris-oud-saffron-and-cuir-vetyver\\\/\"},\"author\":{\"name\":\"Julia Bir\u00f3\",\"@id\":\"https:\\\/\\\/www.alzd.de\\\/en\\\/#\\\/schema\\\/person\\\/8efcd8f02447fdbe8f29ad465897d04e\"},\"headline\":\"Oriental Collection by Lesquendieu &#8211; Amber Orris, Oud Saffron and Cuir Vetyver\",\"datePublished\":\"2023-09-07T05:30:00+00:00\",\"dateModified\":\"2023-09-07T12:08:54+00:00\",\"mainEntityOfPage\":{\"@id\":\"https:\\\/\\\/www.alzd.de\\\/en\\\/2023\\\/09\\\/07\\\/oriental-collection-by-lesquendieu-amber-orris-oud-saffron-and-cuir-vetyver\\\/\"},\"wordCount\":701,\"commentCount\":0,\"publisher\":{\"@id\":\"https:\\\/\\\/www.alzd.de\\\/en\\\/#organization\"},\"image\":{\"@id\":\"https:\\\/\\\/www.alzd.de\\\/en\\\/2023\\\/09\\\/07\\\/oriental-collection-by-lesquendieu-amber-orris-oud-saffron-and-cuir-vetyver\\\/#primaryimage\"},\"thumbnailUrl\":\"https:\\\/\\\/www.alzd.de\\\/wp-content\\\/2023\\\/09\\\/bbLesquendieu-\u2013-Mood-04.jpg\",\"keywords\":[\"Iris\",\"Lesquendieu\",\"Oud\",\"Saffron\"],\"articleSection\":[\"Clean &amp; Powdery\",\"Flowers\",\"Fragrances\",\"Fruity\",\"Hesperidian\",\"Leather\",\"Spicy\",\"Tobacco &amp; Smoky\",\"Woody\"],\"inLanguage\":\"en-US\",\"potentialAction\":[{\"@type\":\"CommentAction\",\"name\":\"Comment\",\"target\":[\"https:\\\/\\\/www.alzd.de\\\/en\\\/2023\\\/09\\\/07\\\/oriental-collection-by-lesquendieu-amber-orris-oud-saffron-and-cuir-vetyver\\\/#respond\"]}]},{\"@type\":\"WebPage\",\"@id\":\"https:\\\/\\\/www.alzd.de\\\/en\\\/2023\\\/09\\\/07\\\/oriental-collection-by-lesquendieu-amber-orris-oud-saffron-and-cuir-vetyver\\\/\",\"url\":\"https:\\\/\\\/www.alzd.de\\\/en\\\/2023\\\/09\\\/07\\\/oriental-collection-by-lesquendieu-amber-orris-oud-saffron-and-cuir-vetyver\\\/\",\"name\":\"Oriental Collection by Lesquendieu - Duft-Tagebuch\",\"isPartOf\":{\"@id\":\"https:\\\/\\\/www.alzd.de\\\/en\\\/#website\"},\"primaryImageOfPage\":{\"@id\":\"https:\\\/\\\/www.alzd.de\\\/en\\\/2023\\\/09\\\/07\\\/oriental-collection-by-lesquendieu-amber-orris-oud-saffron-and-cuir-vetyver\\\/#primaryimage\"},\"image\":{\"@id\":\"https:\\\/\\\/www.alzd.de\\\/en\\\/2023\\\/09\\\/07\\\/oriental-collection-by-lesquendieu-amber-orris-oud-saffron-and-cuir-vetyver\\\/#primaryimage\"},\"thumbnailUrl\":\"https:\\\/\\\/www.alzd.de\\\/wp-content\\\/2023\\\/09\\\/bbLesquendieu-\u2013-Mood-04.jpg\",\"datePublished\":\"2023-09-07T05:30:00+00:00\",\"dateModified\":\"2023-09-07T12:08:54+00:00\",\"description\":\"The Oriental Collection is the second line of the Lesquendieu fragrance house, to which we have devoted the last few days in my articles ...\",\"breadcrumb\":{\"@id\":\"https:\\\/\\\/www.alzd.de\\\/en\\\/2023\\\/09\\\/07\\\/oriental-collection-by-lesquendieu-amber-orris-oud-saffron-and-cuir-vetyver\\\/#breadcrumb\"},\"inLanguage\":\"en-US\",\"potentialAction\":[{\"@type\":\"ReadAction\",\"target\":[\"https:\\\/\\\/www.alzd.de\\\/en\\\/2023\\\/09\\\/07\\\/oriental-collection-by-lesquendieu-amber-orris-oud-saffron-and-cuir-vetyver\\\/\"]}]},{\"@type\":\"ImageObject\",\"inLanguage\":\"en-US\",\"@id\":\"https:\\\/\\\/www.alzd.de\\\/en\\\/2023\\\/09\\\/07\\\/oriental-collection-by-lesquendieu-amber-orris-oud-saffron-and-cuir-vetyver\\\/#primaryimage\",\"url\":\"https:\\\/\\\/www.alzd.de\\\/wp-content\\\/2023\\\/09\\\/bbLesquendieu-\u2013-Mood-04.jpg\",\"contentUrl\":\"https:\\\/\\\/www.alzd.de\\\/wp-content\\\/2023\\\/09\\\/bbLesquendieu-\u2013-Mood-04.jpg\",\"width\":720,\"height\":400,\"caption\":\"by Emma CORTIJO\"},{\"@type\":\"BreadcrumbList\",\"@id\":\"https:\\\/\\\/www.alzd.de\\\/en\\\/2023\\\/09\\\/07\\\/oriental-collection-by-lesquendieu-amber-orris-oud-saffron-and-cuir-vetyver\\\/#breadcrumb\",\"itemListElement\":[{\"@type\":\"ListItem\",\"position\":1,\"name\":\"Startseite\",\"item\":\"https:\\\/\\\/www.alzd.de\\\/en\\\/\"},{\"@type\":\"ListItem\",\"position\":2,\"name\":\"Oriental Collection by Lesquendieu &#8211; Amber Orris, Oud Saffron and Cuir Vetyver\"}]},{\"@type\":\"WebSite\",\"@id\":\"https:\\\/\\\/www.alzd.de\\\/en\\\/#website\",\"url\":\"https:\\\/\\\/www.alzd.de\\\/en\\\/\",\"name\":\"Das Duft-Tagebuch\",\"description\":\"Das Parfumblog von Aus Liebe zum Duft\",\"publisher\":{\"@id\":\"https:\\\/\\\/www.alzd.de\\\/en\\\/#organization\"},\"potentialAction\":[{\"@type\":\"SearchAction\",\"target\":{\"@type\":\"EntryPoint\",\"urlTemplate\":\"https:\\\/\\\/www.alzd.de\\\/en\\\/?s={search_term_string}\"},\"query-input\":{\"@type\":\"PropertyValueSpecification\",\"valueRequired\":true,\"valueName\":\"search_term_string\"}}],\"inLanguage\":\"en-US\"},{\"@type\":\"Organization\",\"@id\":\"https:\\\/\\\/www.alzd.de\\\/en\\\/#organization\",\"name\":\"Das Duft-Tagebuch\",\"url\":\"https:\\\/\\\/www.alzd.de\\\/en\\\/\",\"logo\":{\"@type\":\"ImageObject\",\"inLanguage\":\"en-US\",\"@id\":\"https:\\\/\\\/www.alzd.de\\\/en\\\/#\\\/schema\\\/logo\\\/image\\\/\",\"url\":\"https:\\\/\\\/www.alzd.de\\\/wp-content\\\/2023\\\/08\\\/alzd_dufttagebuch.png\",\"contentUrl\":\"https:\\\/\\\/www.alzd.de\\\/wp-content\\\/2023\\\/08\\\/alzd_dufttagebuch.png\",\"width\":1804,\"height\":416,\"caption\":\"Das Duft-Tagebuch\"},\"image\":{\"@id\":\"https:\\\/\\\/www.alzd.de\\\/en\\\/#\\\/schema\\\/logo\\\/image\\\/\"},\"sameAs\":[\"https:\\\/\\\/www.facebook.com\\\/dufttagebuch\\\/\",\"https:\\\/\\\/x.com\\\/ausliebezumduft\",\"https:\\\/\\\/www.instagram.com\\\/ausliebezumduft.de\\\/\",\"https:\\\/\\\/www.youtube.com\\\/c\\\/ausliebezumduft\"]},{\"@type\":\"Person\",\"@id\":\"https:\\\/\\\/www.alzd.de\\\/en\\\/#\\\/schema\\\/person\\\/8efcd8f02447fdbe8f29ad465897d04e\",\"name\":\"Julia Bir\u00f3\",\"image\":{\"@type\":\"ImageObject\",\"inLanguage\":\"en-US\",\"@id\":\"https:\\\/\\\/www.alzd.de\\\/wp-content\\\/2018\\\/02\\\/cropped-cropped-mitarbeiterbilder_steffi--96x96.jpg\",\"url\":\"https:\\\/\\\/www.alzd.de\\\/wp-content\\\/2018\\\/02\\\/cropped-cropped-mitarbeiterbilder_steffi--96x96.jpg\",\"contentUrl\":\"https:\\\/\\\/www.alzd.de\\\/wp-content\\\/2018\\\/02\\\/cropped-cropped-mitarbeiterbilder_steffi--96x96.jpg\",\"caption\":\"Julia Bir\u00f3\"},\"description\":\"Bereits 2010 gingen so einige Blogbeitr\u00e4ge auf mein Konto. Dann war ich \u201ekurz\u201c weg \u2013 sechs Jahre. Umso mehr freut es mich, dass ich nun wieder die Chance bekomme, mein N\u00e4schen im Dienste der Duftrezension schnuppern zu lassen und eifrig in die Tasten zu hauen. Was Nischend\u00fcfte angeht, habe ich damals \u00fcbrigens schnell Feuer gefangen. Meine Ausbildung tat dazu ihr \u00dcbriges: Als diplomierte Biologin kenne ich mich nicht nur mit Fauna und Flora, sondern auch recht gut mit der Herstellung von \u00d6len und Extrakten aus, was den Reiz der Parfumwelt nat\u00fcrlich noch gr\u00f6\u00dfer macht.\",\"sameAs\":[\"https:\\\/\\\/biro.is\\\/\",\"https:\\\/\\\/www.facebook.com\\\/stephanie.tkaczik\"],\"url\":\"https:\\\/\\\/www.alzd.de\\\/en\\\/author\\\/stephanie\\\/\"}]}<\/script>\n<!-- \/ Yoast SEO plugin. -->","yoast_head_json":{"title":"Oriental Collection by Lesquendieu - Duft-Tagebuch","description":"The Oriental Collection is the second line of the Lesquendieu fragrance house, to which we have devoted the last few days in my articles ...","robots":{"index":"index","follow":"follow","max-snippet":"max-snippet:-1","max-image-preview":"max-image-preview:large","max-video-preview":"max-video-preview:-1"},"canonical":"https:\/\/www.alzd.de\/en\/2023\/09\/07\/oriental-collection-by-lesquendieu-amber-orris-oud-saffron-and-cuir-vetyver\/","og_locale":"en_US","og_type":"article","og_title":"Oriental Collection by Lesquendieu - Duft-Tagebuch","og_url":"https:\/\/www.alzd.de\/en\/2023\/09\/07\/oriental-collection-by-lesquendieu-amber-orris-oud-saffron-and-cuir-vetyver\/","og_site_name":"Das Duft-Tagebuch","article_publisher":"https:\/\/www.facebook.com\/dufttagebuch\/","article_author":"https:\/\/www.facebook.com\/stephanie.tkaczik","article_published_time":"2023-09-07T05:30:00+00:00","article_modified_time":"2023-09-07T12:08:54+00:00","og_image":[{"width":720,"height":400,"url":"https:\/\/www.alzd.de\/wp-content\/2023\/09\/bbLesquendieu-\u2013-Mood-04.jpg","type":"image\/jpeg"}],"author":"Julia Bir\u00f3","twitter_card":"summary_large_image","twitter_creator":"@ausliebezumduft","twitter_site":"@ausliebezumduft","schema":{"@context":"https:\/\/schema.org","@graph":[{"@type":"Article","@id":"https:\/\/www.alzd.de\/en\/2023\/09\/07\/oriental-collection-by-lesquendieu-amber-orris-oud-saffron-and-cuir-vetyver\/#article","isPartOf":{"@id":"https:\/\/www.alzd.de\/en\/2023\/09\/07\/oriental-collection-by-lesquendieu-amber-orris-oud-saffron-and-cuir-vetyver\/"},"author":{"name":"Julia Bir\u00f3","@id":"https:\/\/www.alzd.de\/en\/#\/schema\/person\/8efcd8f02447fdbe8f29ad465897d04e"},"headline":"Oriental Collection by Lesquendieu &#8211; Amber Orris, Oud Saffron and Cuir Vetyver","datePublished":"2023-09-07T05:30:00+00:00","dateModified":"2023-09-07T12:08:54+00:00","mainEntityOfPage":{"@id":"https:\/\/www.alzd.de\/en\/2023\/09\/07\/oriental-collection-by-lesquendieu-amber-orris-oud-saffron-and-cuir-vetyver\/"},"wordCount":701,"commentCount":0,"publisher":{"@id":"https:\/\/www.alzd.de\/en\/#organization"},"image":{"@id":"https:\/\/www.alzd.de\/en\/2023\/09\/07\/oriental-collection-by-lesquendieu-amber-orris-oud-saffron-and-cuir-vetyver\/#primaryimage"},"thumbnailUrl":"https:\/\/www.alzd.de\/wp-content\/2023\/09\/bbLesquendieu-\u2013-Mood-04.jpg","keywords":["Iris","Lesquendieu","Oud","Saffron"],"articleSection":["Clean &amp; Powdery","Flowers","Fragrances","Fruity","Hesperidian","Leather","Spicy","Tobacco &amp; Smoky","Woody"],"inLanguage":"en-US","potentialAction":[{"@type":"CommentAction","name":"Comment","target":["https:\/\/www.alzd.de\/en\/2023\/09\/07\/oriental-collection-by-lesquendieu-amber-orris-oud-saffron-and-cuir-vetyver\/#respond"]}]},{"@type":"WebPage","@id":"https:\/\/www.alzd.de\/en\/2023\/09\/07\/oriental-collection-by-lesquendieu-amber-orris-oud-saffron-and-cuir-vetyver\/","url":"https:\/\/www.alzd.de\/en\/2023\/09\/07\/oriental-collection-by-lesquendieu-amber-orris-oud-saffron-and-cuir-vetyver\/","name":"Oriental Collection by Lesquendieu - Duft-Tagebuch","isPartOf":{"@id":"https:\/\/www.alzd.de\/en\/#website"},"primaryImageOfPage":{"@id":"https:\/\/www.alzd.de\/en\/2023\/09\/07\/oriental-collection-by-lesquendieu-amber-orris-oud-saffron-and-cuir-vetyver\/#primaryimage"},"image":{"@id":"https:\/\/www.alzd.de\/en\/2023\/09\/07\/oriental-collection-by-lesquendieu-amber-orris-oud-saffron-and-cuir-vetyver\/#primaryimage"},"thumbnailUrl":"https:\/\/www.alzd.de\/wp-content\/2023\/09\/bbLesquendieu-\u2013-Mood-04.jpg","datePublished":"2023-09-07T05:30:00+00:00","dateModified":"2023-09-07T12:08:54+00:00","description":"The Oriental Collection is the second line of the Lesquendieu fragrance house, to which we have devoted the last few days in my articles ...","breadcrumb":{"@id":"https:\/\/www.alzd.de\/en\/2023\/09\/07\/oriental-collection-by-lesquendieu-amber-orris-oud-saffron-and-cuir-vetyver\/#breadcrumb"},"inLanguage":"en-US","potentialAction":[{"@type":"ReadAction","target":["https:\/\/www.alzd.de\/en\/2023\/09\/07\/oriental-collection-by-lesquendieu-amber-orris-oud-saffron-and-cuir-vetyver\/"]}]},{"@type":"ImageObject","inLanguage":"en-US","@id":"https:\/\/www.alzd.de\/en\/2023\/09\/07\/oriental-collection-by-lesquendieu-amber-orris-oud-saffron-and-cuir-vetyver\/#primaryimage","url":"https:\/\/www.alzd.de\/wp-content\/2023\/09\/bbLesquendieu-\u2013-Mood-04.jpg","contentUrl":"https:\/\/www.alzd.de\/wp-content\/2023\/09\/bbLesquendieu-\u2013-Mood-04.jpg","width":720,"height":400,"caption":"by Emma CORTIJO"},{"@type":"BreadcrumbList","@id":"https:\/\/www.alzd.de\/en\/2023\/09\/07\/oriental-collection-by-lesquendieu-amber-orris-oud-saffron-and-cuir-vetyver\/#breadcrumb","itemListElement":[{"@type":"ListItem","position":1,"name":"Startseite","item":"https:\/\/www.alzd.de\/en\/"},{"@type":"ListItem","position":2,"name":"Oriental Collection by Lesquendieu &#8211; Amber Orris, Oud Saffron and Cuir Vetyver"}]},{"@type":"WebSite","@id":"https:\/\/www.alzd.de\/en\/#website","url":"https:\/\/www.alzd.de\/en\/","name":"Das Duft-Tagebuch","description":"Das Parfumblog von Aus Liebe zum Duft","publisher":{"@id":"https:\/\/www.alzd.de\/en\/#organization"},"potentialAction":[{"@type":"SearchAction","target":{"@type":"EntryPoint","urlTemplate":"https:\/\/www.alzd.de\/en\/?s={search_term_string}"},"query-input":{"@type":"PropertyValueSpecification","valueRequired":true,"valueName":"search_term_string"}}],"inLanguage":"en-US"},{"@type":"Organization","@id":"https:\/\/www.alzd.de\/en\/#organization","name":"Das Duft-Tagebuch","url":"https:\/\/www.alzd.de\/en\/","logo":{"@type":"ImageObject","inLanguage":"en-US","@id":"https:\/\/www.alzd.de\/en\/#\/schema\/logo\/image\/","url":"https:\/\/www.alzd.de\/wp-content\/2023\/08\/alzd_dufttagebuch.png","contentUrl":"https:\/\/www.alzd.de\/wp-content\/2023\/08\/alzd_dufttagebuch.png","width":1804,"height":416,"caption":"Das Duft-Tagebuch"},"image":{"@id":"https:\/\/www.alzd.de\/en\/#\/schema\/logo\/image\/"},"sameAs":["https:\/\/www.facebook.com\/dufttagebuch\/","https:\/\/x.com\/ausliebezumduft","https:\/\/www.instagram.com\/ausliebezumduft.de\/","https:\/\/www.youtube.com\/c\/ausliebezumduft"]},{"@type":"Person","@id":"https:\/\/www.alzd.de\/en\/#\/schema\/person\/8efcd8f02447fdbe8f29ad465897d04e","name":"Julia Bir\u00f3","image":{"@type":"ImageObject","inLanguage":"en-US","@id":"https:\/\/www.alzd.de\/wp-content\/2018\/02\/cropped-cropped-mitarbeiterbilder_steffi--96x96.jpg","url":"https:\/\/www.alzd.de\/wp-content\/2018\/02\/cropped-cropped-mitarbeiterbilder_steffi--96x96.jpg","contentUrl":"https:\/\/www.alzd.de\/wp-content\/2018\/02\/cropped-cropped-mitarbeiterbilder_steffi--96x96.jpg","caption":"Julia Bir\u00f3"},"description":"Bereits 2010 gingen so einige Blogbeitr\u00e4ge auf mein Konto. Dann war ich \u201ekurz\u201c weg \u2013 sechs Jahre. Umso mehr freut es mich, dass ich nun wieder die Chance bekomme, mein N\u00e4schen im Dienste der Duftrezension schnuppern zu lassen und eifrig in die Tasten zu hauen. Was Nischend\u00fcfte angeht, habe ich damals \u00fcbrigens schnell Feuer gefangen. Meine Ausbildung tat dazu ihr \u00dcbriges: Als diplomierte Biologin kenne ich mich nicht nur mit Fauna und Flora, sondern auch recht gut mit der Herstellung von \u00d6len und Extrakten aus, was den Reiz der Parfumwelt nat\u00fcrlich noch gr\u00f6\u00dfer macht.","sameAs":["https:\/\/biro.is\/","https:\/\/www.facebook.com\/stephanie.tkaczik"],"url":"https:\/\/www.alzd.de\/en\/author\/stephanie\/"}]}},"wp-worthy-pixel":{"ignored":false,"public":null,"server":null,"url":null},"wp-worthy-type":"normal","_links":{"self":[{"href":"https:\/\/www.alzd.de\/en\/wp-json\/wp\/v2\/posts\/110398","targetHints":{"allow":["GET"]}}],"collection":[{"href":"https:\/\/www.alzd.de\/en\/wp-json\/wp\/v2\/posts"}],"about":[{"href":"https:\/\/www.alzd.de\/en\/wp-json\/wp\/v2\/types\/post"}],"author":[{"embeddable":true,"href":"https:\/\/www.alzd.de\/en\/wp-json\/wp\/v2\/users\/535"}],"replies":[{"embeddable":true,"href":"https:\/\/www.alzd.de\/en\/wp-json\/wp\/v2\/comments?post=110398"}],"version-history":[{"count":1,"href":"https:\/\/www.alzd.de\/en\/wp-json\/wp\/v2\/posts\/110398\/revisions"}],"predecessor-version":[{"id":110399,"href":"https:\/\/www.alzd.de\/en\/wp-json\/wp\/v2\/posts\/110398\/revisions\/110399"}],"wp:featuredmedia":[{"embeddable":true,"href":"https:\/\/www.alzd.de\/en\/wp-json\/wp\/v2\/media\/110393"}],"wp:attachment":[{"href":"https:\/\/www.alzd.de\/en\/wp-json\/wp\/v2\/media?parent=110398"}],"wp:term":[{"taxonomy":"category","embeddable":true,"href":"https:\/\/www.alzd.de\/en\/wp-json\/wp\/v2\/categories?post=110398"},{"taxonomy":"post_tag","embeddable":true,"href":"https:\/\/www.alzd.de\/en\/wp-json\/wp\/v2\/tags?post=110398"}],"curies":[{"name":"wp","href":"https:\/\/api.w.org\/{rel}","templated":true}]}}