{"id":110344,"date":"2023-09-06T07:30:00","date_gmt":"2023-09-06T05:30:00","guid":{"rendered":"https:\/\/www.alzd.de\/2023\/09\/06\/historical-collection-by-lesquendieu-tradition-and-modernity\/"},"modified":"2023-09-06T11:44:43","modified_gmt":"2023-09-06T09:44:43","slug":"historical-collection-by-lesquendieu-tradition-and-modernity","status":"publish","type":"post","link":"https:\/\/www.alzd.de\/en\/2023\/09\/06\/historical-collection-by-lesquendieu-tradition-and-modernity\/","title":{"rendered":"Historical Collection by Lesquendieu &#8211; Tradition and Modernity"},"content":{"rendered":"\n<p>Just yesterday we got exciting insights into the history of the French brand <a href=\"https:\/\/www.ausliebezumduft.de\/fragrances\/lesquendieu.html\" target=\"_blank\" rel=\"noreferrer noopener\">Lesquendieu<\/a> in the article <a href=\"https:\/\/www.alzd.de\/en\/2023\/09\/05\/interview-with-jerome-lesquendieu-fragrance-house-with-history\/\" target=\"_blank\" rel=\"noreferrer noopener\">Interview with J\u00e9r\u00f4me Lesquendieu \u2013 Fragrance house with history<\/a>. Today, I would like to dive with you into the world of fragrances. Lesquendieu&#8217;s portfolio includes two lines: the Historical Collection and the Oriental Collection. From both collections, I will present you selected creations. <\/p>\n<div class=\"wp-block-image\">\n<figure class=\"aligncenter size-large\"><img decoding=\"async\" src=\"https:\/\/www.alzd.de\/wp-content\/2023\/09\/Lesquendieu-&#x2013;-Mood-10-1080x1080.jpg\" alt=\"Lesquendieu - Historical Collection - Bonne Fortune and Lilice\" class=\"wp-image-110275\" title=\"Lesquendieu - Historical Collection - Bonne Fortune and Lilice\"\/><figcaption class=\"wp-element-caption\">by <a href=\"https:\/\/emmacortijo.com\/HOME\" target=\"_blank\" rel=\"noreferrer noopener\">Emma Cortijo<\/a><\/figcaption><\/figure>\n<\/div>\n<p>I would like to start with the Historical Collection. The eaux de parfum of this line are based on original recipes of the fragrance house founder Joseph Lesquendieu &#8211; of course modernized and adapted to today&#8217;s regulations &#8211; and therefore originally date from the early to mid 20th century. I have selected three creations from the historical line of the brand, which I will present to you today in more detail.<\/p>\n\n<h2 class=\"wp-block-heading\">Lesquendieu &#8211; Le Parfum<\/h2>\n\n<p>The very first fragrance composition by Joseph Lesquendieu is <a href=\"https:\/\/www.ausliebezumduft.de\/lesquendieu-lesquendieu-le-parfum.html\" target=\"_blank\" rel=\"noreferrer noopener\">Lesquendieu &#8211; Le Parfum<\/a>. Created in 1903 &#8211; and thus a whopping 120 years old &#8211; this eau de parfum is a classic through and through. By the way, today&#8217;s bottles of Lesquendieu are based on the original bottles, and it is the same with the labels of the Historical Collection. It is also worth mentioning that the high-quality and heavy lids are finished with 24-karat gold. <\/p>\n\n<p>All Lesquendieu fragrances are made in the perfume capital of Grasse, so they are 100% made in France. Bottles and lids come from French manufacturers and thus round off the olfactory overall package in terms of high quality, attention to detail and craftsmanship. I will have a closer look at the inner values of Lesquendieu &#8211; Le Parfum in a moment. But first, may I tell you the fragrance notes: <strong>Bergamot, tea, birch, jasmine, tonka bean, labdanum<\/strong><strong>(cistus), vanilla, amber<\/strong> and <strong>cedar<\/strong>.<\/p>\n<div class=\"wp-block-image\">\n<figure class=\"alignleft size-thumbnail\"><img decoding=\"async\" width=\"360\" height=\"360\" src=\"https:\/\/www.alzd.de\/wp-content\/2023\/09\/lesquendieu-360x360.webp\" alt=\"Lesquendieu - Le Parfum - Historical Collection\" class=\"wp-image-110302\" title=\"Lesquendieu - Le Parfum - Historical Collection\" srcset=\"https:\/\/www.alzd.de\/wp-content\/2023\/09\/lesquendieu-360x360.webp 360w, https:\/\/www.alzd.de\/wp-content\/2023\/09\/lesquendieu.webp 600w\" sizes=\"(max-width: 360px) 100vw, 360px\" \/><\/figure>\n<\/div>\n<p>Warm, soft and incredibly gentle, Lesquendieu &#8211; Le Parfum is from the first sniff. A delicate tart bergamot freshness meets greenish tea nuances, soon accompanied by an incredibly soft, wild-leathery melange of birch and creamy jasmine. I clearly perceive the tonka bean with its vanilla-hay-like coumarin notes, accented by sweetish, subtly smoky labdanum and the cotton-soft and warm spiciness of vanilla and amber. The cedar underlines these nuances, offers a fine powdery-woody frame to the wonderfully gentle and beautiful creation. Cozy feel-good fragrance!<\/p>\n\n<div class=\"wp-block-buttons is-content-justification-center is-layout-flex wp-container-core-buttons-is-layout-16018d1d wp-block-buttons-is-layout-flex\">\n<div class=\"wp-block-button has-custom-width wp-block-button__width-50\"><a class=\"wp-block-button__link has-white-color has-text-color has-background wp-element-button\" href=\"https:\/\/www.ausliebezumduft.de\/lesquendieu-lesquendieu-le-parfum.html\" style=\"background-color:#cd8438\" target=\"_blank\" rel=\"noreferrer noopener\"><strong>Lesquendieu &#8211; Le Parfum<\/strong><\/a><\/div>\n<\/div>\n\n<div style=\"height:100px\" aria-hidden=\"true\" class=\"wp-block-spacer\"><\/div>\n\n<h2 class=\"wp-block-heading\">Lilice &#8211; fragrance of love<\/h2>\n\n<p>Romantic is the story behind the eau de parfum Lilice. After all, this was the pet name of Alice Lesquendieu, the wife of the brand&#8217;s founder Joseph. In her honour he created the composition, which plays with the notes of <strong>lemon, bergamot, rose, iris, black currant, vanilla, amber<\/strong> and <strong>cedar<\/strong>.<\/p>\n\n<p>The scent of iris and rose was especially loved by Alice. And so it is obvious that these two ingredients had to be included in the creation. For his wife, Joseph Lesquendieu wanted to create a perfect composition to be worn exclusively by her. The development of the fragrance took a full ten years before Alice could finally enjoy her own scent, Lilice.<\/p>\n<div class=\"wp-block-image\">\n<figure class=\"alignleft size-thumbnail\"><img decoding=\"async\" width=\"360\" height=\"360\" src=\"https:\/\/www.alzd.de\/wp-content\/2023\/09\/lilice-360x360.webp\" alt=\"Lesquendieu - Historical Collection - Lilice\" class=\"wp-image-110314\" title=\"Lesquendieu - Historical Collection - Lilice\" srcset=\"https:\/\/www.alzd.de\/wp-content\/2023\/09\/lilice-360x360.webp 360w, https:\/\/www.alzd.de\/wp-content\/2023\/09\/lilice.webp 600w\" sizes=\"(max-width: 360px) 100vw, 360px\" \/><\/figure>\n<\/div>\n<p>Refreshing and tangy hesperides open Lilice, subtly tart and acidic. But soon the creamy, milky nuances of iris and lovely, subtly soapy rose join in. Radiant, transparent and carefree, the creation appears, carried by fine, sweet flowers. Quiet, gentle and tender, a loving fragrant kiss, sensual, enveloping and warming. Blackcurrant adds dark fruit accents and depth to the creation, while the subtle spiciness of vanilla, warm amber and clean-bright cedar provide a successful finish. A delicate floral declaration of love for a very special woman.<\/p>\n\n<div class=\"wp-block-buttons is-content-justification-center is-layout-flex wp-container-core-buttons-is-layout-16018d1d wp-block-buttons-is-layout-flex\">\n<div class=\"wp-block-button has-custom-width wp-block-button__width-50\"><a class=\"wp-block-button__link has-white-color has-text-color has-background wp-element-button\" href=\"https:\/\/www.ausliebezumduft.de\/lesquendieu-lilice.html\" style=\"background-color:#cd8438\" target=\"_blank\" rel=\"noreferrer noopener\"><strong>Lilice<\/strong><\/a><\/div>\n<\/div>\n\n<div style=\"height:100px\" aria-hidden=\"true\" class=\"wp-block-spacer\"><\/div>\n\n<h2 class=\"wp-block-heading\">Bonne Fortune &#8211; Historical Collection<\/h2>\n\n<p>Bonne Fortune can be called a fragrance of happiness, because Joseph Lesquendieu had such a lucky hand in the development of this creation that he succeeded in creating the composition perfectly right away. The fragrance pyramid was already according to his ideas at the first attempt, so no further adjustments were necessary. Thus, it remained with the fragrance notes <strong>grapefruit, bergamot, mandarin, ginger, mint, vetiver, guaiac wood, tonka bean<\/strong> and <strong>cedar<\/strong>.<\/p>\n\n<blockquote class=\"wp-block-quote is-layout-flow wp-block-quote-is-layout-flow\">\n<p>To create a perfume with the means of the time and the level of precision Joseph Lesquendieu sought, years of testing were required. Bonne Fortune owes its name to the fact that it was perfectly balanced right off the bat. It is said that the wearer is lucky.<\/p>\n<\/blockquote>\n<div class=\"wp-block-image\">\n<figure class=\"alignleft size-thumbnail\"><img decoding=\"async\" width=\"360\" height=\"360\" src=\"https:\/\/www.alzd.de\/wp-content\/2023\/09\/bonne_fortune-360x360.webp\" alt=\"Lesquendieu - Bonne Fortune\" class=\"wp-image-110326\" title=\"Lesquendieu - Bonne Fortune\" srcset=\"https:\/\/www.alzd.de\/wp-content\/2023\/09\/bonne_fortune-360x360.webp 360w, https:\/\/www.alzd.de\/wp-content\/2023\/09\/bonne_fortune.webp 600w\" sizes=\"(max-width: 360px) 100vw, 360px\" \/><\/figure>\n<\/div>\n<p>Bonne Fortune opens with a cologne-like citrus freshness. The top note is tart, citrusy and wonderfully invigorating, with grapefruit and bergamot in particular. Ginger underscores these nuances with a subtle spiciness, underpinned by the greenish-cool accents of mint. The hay-like notes of tonka bean are also evident, while woody-smoky guaiac wood and creamy-earthy vetiver provide depth and longevity. Summery, fresh and sparkling, Bonne Fortune is a light and quiet fragrance that can be worn on any occasion, and &#8211; since it apparently brings good luck &#8211; probably should \ud83d\ude09 .<\/p>\n\n<div class=\"wp-block-buttons is-content-justification-center is-layout-flex wp-container-core-buttons-is-layout-16018d1d wp-block-buttons-is-layout-flex\">\n<div class=\"wp-block-button has-custom-width wp-block-button__width-50\"><a class=\"wp-block-button__link has-white-color has-text-color has-background wp-element-button\" href=\"https:\/\/www.ausliebezumduft.de\/lesquendieu-bonne-fortune.html\" style=\"background-color:#cd8438\" target=\"_blank\" rel=\"noreferrer noopener\"><strong>Bonne Fortune<\/strong><\/a><\/div>\n<\/div>\n","protected":false},"excerpt":{"rendered":"<p>Just yesterday we got exciting insights into the history of the French brand Lesquendieu in the article Interview with J\u00e9r\u00f4me Lesquendieu \u2013 Fragrance house with history. Today, I&#8230;<\/p>\n<div class=\"more-link-wrapper\"><a class=\"more-link\" href=\"https:\/\/www.alzd.de\/en\/2023\/09\/06\/historical-collection-by-lesquendieu-tradition-and-modernity\/\">WEITERLESEN<span class=\"screen-reader-text\">Historical Collection by Lesquendieu &#8211; Tradition and Modernity<\/span><\/a><\/div>\n","protected":false},"author":535,"featured_media":110333,"comment_status":"open","ping_status":"closed","sticky":false,"template":"","format":"standard","meta":{"footnotes":""},"categories":[1149,1161,1151,1117,1158,1113,1114],"tags":[1533,1900,1581,1628],"class_list":["post-110344","post","type-post","status-publish","format-standard","has-post-thumbnail","hentry","category-amber-resins","category-clean-powdery","category-flowers","category-fragrances","category-hesperidian","category-spicy","category-woody","tag-iris-en","tag-lesquendieu-en","tag-rose-en","tag-tonka-bean","excerpt","zoom","full-without-featured","even","excerpt-0"],"yoast_head":"<!-- This site is optimized with the Yoast SEO plugin v27.5 - https:\/\/yoast.com\/product\/yoast-seo-wordpress\/ -->\n<title>Historical Collection by Lesquendieu - Tradition and Modernity<\/title>\n<meta name=\"description\" content=\"Lesquendieu&#039;s portfolio includes two lines: the Historical Collection and the Oriental Collection. From both collections ...\" \/>\n<meta name=\"robots\" content=\"index, follow, max-snippet:-1, max-image-preview:large, max-video-preview:-1\" \/>\n<link rel=\"canonical\" href=\"https:\/\/www.alzd.de\/en\/2023\/09\/06\/historical-collection-by-lesquendieu-tradition-and-modernity\/\" \/>\n<meta property=\"og:locale\" content=\"en_US\" \/>\n<meta property=\"og:type\" content=\"article\" \/>\n<meta property=\"og:title\" content=\"Historical Collection by Lesquendieu - Tradition and Modernity\" \/>\n<meta property=\"og:url\" content=\"https:\/\/www.alzd.de\/en\/2023\/09\/06\/historical-collection-by-lesquendieu-tradition-and-modernity\/\" \/>\n<meta property=\"og:site_name\" content=\"Das Duft-Tagebuch\" \/>\n<meta property=\"article:publisher\" content=\"https:\/\/www.facebook.com\/dufttagebuch\/\" \/>\n<meta property=\"article:author\" content=\"https:\/\/www.facebook.com\/stephanie.tkaczik\" \/>\n<meta property=\"article:published_time\" content=\"2023-09-06T05:30:00+00:00\" \/>\n<meta property=\"article:modified_time\" content=\"2023-09-06T09:44:43+00:00\" \/>\n<meta property=\"og:image\" content=\"https:\/\/www.alzd.de\/wp-content\/2023\/09\/bbLesquendieu-\u2013-Mood-19.jpg\" \/>\n\t<meta property=\"og:image:width\" content=\"720\" \/>\n\t<meta property=\"og:image:height\" content=\"400\" \/>\n\t<meta property=\"og:image:type\" content=\"image\/jpeg\" \/>\n<meta name=\"author\" content=\"Julia Bir\u00f3\" \/>\n<meta name=\"twitter:card\" content=\"summary_large_image\" \/>\n<meta name=\"twitter:creator\" content=\"@ausliebezumduft\" \/>\n<meta name=\"twitter:site\" content=\"@ausliebezumduft\" \/>\n<script type=\"application\/ld+json\" class=\"yoast-schema-graph\">{\"@context\":\"https:\\\/\\\/schema.org\",\"@graph\":[{\"@type\":\"Article\",\"@id\":\"https:\\\/\\\/www.alzd.de\\\/en\\\/2023\\\/09\\\/06\\\/historical-collection-by-lesquendieu-tradition-and-modernity\\\/#article\",\"isPartOf\":{\"@id\":\"https:\\\/\\\/www.alzd.de\\\/en\\\/2023\\\/09\\\/06\\\/historical-collection-by-lesquendieu-tradition-and-modernity\\\/\"},\"author\":{\"name\":\"Julia Bir\u00f3\",\"@id\":\"https:\\\/\\\/www.alzd.de\\\/en\\\/#\\\/schema\\\/person\\\/8efcd8f02447fdbe8f29ad465897d04e\"},\"headline\":\"Historical Collection by Lesquendieu &#8211; Tradition and Modernity\",\"datePublished\":\"2023-09-06T05:30:00+00:00\",\"dateModified\":\"2023-09-06T09:44:43+00:00\",\"mainEntityOfPage\":{\"@id\":\"https:\\\/\\\/www.alzd.de\\\/en\\\/2023\\\/09\\\/06\\\/historical-collection-by-lesquendieu-tradition-and-modernity\\\/\"},\"wordCount\":811,\"commentCount\":0,\"publisher\":{\"@id\":\"https:\\\/\\\/www.alzd.de\\\/en\\\/#organization\"},\"image\":{\"@id\":\"https:\\\/\\\/www.alzd.de\\\/en\\\/2023\\\/09\\\/06\\\/historical-collection-by-lesquendieu-tradition-and-modernity\\\/#primaryimage\"},\"thumbnailUrl\":\"https:\\\/\\\/www.alzd.de\\\/wp-content\\\/2023\\\/09\\\/bbLesquendieu-\u2013-Mood-19.jpg\",\"keywords\":[\"Iris\",\"Lesquendieu\",\"Rose\",\"Tonka bean\"],\"articleSection\":[\"Amber &amp; Resins\",\"Clean &amp; Powdery\",\"Flowers\",\"Fragrances\",\"Hesperidian\",\"Spicy\",\"Woody\"],\"inLanguage\":\"en-US\",\"potentialAction\":[{\"@type\":\"CommentAction\",\"name\":\"Comment\",\"target\":[\"https:\\\/\\\/www.alzd.de\\\/en\\\/2023\\\/09\\\/06\\\/historical-collection-by-lesquendieu-tradition-and-modernity\\\/#respond\"]}]},{\"@type\":\"WebPage\",\"@id\":\"https:\\\/\\\/www.alzd.de\\\/en\\\/2023\\\/09\\\/06\\\/historical-collection-by-lesquendieu-tradition-and-modernity\\\/\",\"url\":\"https:\\\/\\\/www.alzd.de\\\/en\\\/2023\\\/09\\\/06\\\/historical-collection-by-lesquendieu-tradition-and-modernity\\\/\",\"name\":\"Historical Collection by Lesquendieu - Tradition and Modernity\",\"isPartOf\":{\"@id\":\"https:\\\/\\\/www.alzd.de\\\/en\\\/#website\"},\"primaryImageOfPage\":{\"@id\":\"https:\\\/\\\/www.alzd.de\\\/en\\\/2023\\\/09\\\/06\\\/historical-collection-by-lesquendieu-tradition-and-modernity\\\/#primaryimage\"},\"image\":{\"@id\":\"https:\\\/\\\/www.alzd.de\\\/en\\\/2023\\\/09\\\/06\\\/historical-collection-by-lesquendieu-tradition-and-modernity\\\/#primaryimage\"},\"thumbnailUrl\":\"https:\\\/\\\/www.alzd.de\\\/wp-content\\\/2023\\\/09\\\/bbLesquendieu-\u2013-Mood-19.jpg\",\"datePublished\":\"2023-09-06T05:30:00+00:00\",\"dateModified\":\"2023-09-06T09:44:43+00:00\",\"description\":\"Lesquendieu's portfolio includes two lines: the Historical Collection and the Oriental Collection. From both collections ...\",\"breadcrumb\":{\"@id\":\"https:\\\/\\\/www.alzd.de\\\/en\\\/2023\\\/09\\\/06\\\/historical-collection-by-lesquendieu-tradition-and-modernity\\\/#breadcrumb\"},\"inLanguage\":\"en-US\",\"potentialAction\":[{\"@type\":\"ReadAction\",\"target\":[\"https:\\\/\\\/www.alzd.de\\\/en\\\/2023\\\/09\\\/06\\\/historical-collection-by-lesquendieu-tradition-and-modernity\\\/\"]}]},{\"@type\":\"ImageObject\",\"inLanguage\":\"en-US\",\"@id\":\"https:\\\/\\\/www.alzd.de\\\/en\\\/2023\\\/09\\\/06\\\/historical-collection-by-lesquendieu-tradition-and-modernity\\\/#primaryimage\",\"url\":\"https:\\\/\\\/www.alzd.de\\\/wp-content\\\/2023\\\/09\\\/bbLesquendieu-\u2013-Mood-19.jpg\",\"contentUrl\":\"https:\\\/\\\/www.alzd.de\\\/wp-content\\\/2023\\\/09\\\/bbLesquendieu-\u2013-Mood-19.jpg\",\"width\":720,\"height\":400,\"caption\":\"by Emma CORTIJO\"},{\"@type\":\"BreadcrumbList\",\"@id\":\"https:\\\/\\\/www.alzd.de\\\/en\\\/2023\\\/09\\\/06\\\/historical-collection-by-lesquendieu-tradition-and-modernity\\\/#breadcrumb\",\"itemListElement\":[{\"@type\":\"ListItem\",\"position\":1,\"name\":\"Startseite\",\"item\":\"https:\\\/\\\/www.alzd.de\\\/en\\\/\"},{\"@type\":\"ListItem\",\"position\":2,\"name\":\"Historical Collection by Lesquendieu &#8211; Tradition and Modernity\"}]},{\"@type\":\"WebSite\",\"@id\":\"https:\\\/\\\/www.alzd.de\\\/en\\\/#website\",\"url\":\"https:\\\/\\\/www.alzd.de\\\/en\\\/\",\"name\":\"Das Duft-Tagebuch\",\"description\":\"Das Parfumblog von Aus Liebe zum Duft\",\"publisher\":{\"@id\":\"https:\\\/\\\/www.alzd.de\\\/en\\\/#organization\"},\"potentialAction\":[{\"@type\":\"SearchAction\",\"target\":{\"@type\":\"EntryPoint\",\"urlTemplate\":\"https:\\\/\\\/www.alzd.de\\\/en\\\/?s={search_term_string}\"},\"query-input\":{\"@type\":\"PropertyValueSpecification\",\"valueRequired\":true,\"valueName\":\"search_term_string\"}}],\"inLanguage\":\"en-US\"},{\"@type\":\"Organization\",\"@id\":\"https:\\\/\\\/www.alzd.de\\\/en\\\/#organization\",\"name\":\"Das Duft-Tagebuch\",\"url\":\"https:\\\/\\\/www.alzd.de\\\/en\\\/\",\"logo\":{\"@type\":\"ImageObject\",\"inLanguage\":\"en-US\",\"@id\":\"https:\\\/\\\/www.alzd.de\\\/en\\\/#\\\/schema\\\/logo\\\/image\\\/\",\"url\":\"https:\\\/\\\/www.alzd.de\\\/wp-content\\\/2023\\\/08\\\/alzd_dufttagebuch.png\",\"contentUrl\":\"https:\\\/\\\/www.alzd.de\\\/wp-content\\\/2023\\\/08\\\/alzd_dufttagebuch.png\",\"width\":1804,\"height\":416,\"caption\":\"Das Duft-Tagebuch\"},\"image\":{\"@id\":\"https:\\\/\\\/www.alzd.de\\\/en\\\/#\\\/schema\\\/logo\\\/image\\\/\"},\"sameAs\":[\"https:\\\/\\\/www.facebook.com\\\/dufttagebuch\\\/\",\"https:\\\/\\\/x.com\\\/ausliebezumduft\",\"https:\\\/\\\/www.instagram.com\\\/ausliebezumduft.de\\\/\",\"https:\\\/\\\/www.youtube.com\\\/c\\\/ausliebezumduft\"]},{\"@type\":\"Person\",\"@id\":\"https:\\\/\\\/www.alzd.de\\\/en\\\/#\\\/schema\\\/person\\\/8efcd8f02447fdbe8f29ad465897d04e\",\"name\":\"Julia Bir\u00f3\",\"image\":{\"@type\":\"ImageObject\",\"inLanguage\":\"en-US\",\"@id\":\"https:\\\/\\\/www.alzd.de\\\/wp-content\\\/2018\\\/02\\\/cropped-cropped-mitarbeiterbilder_steffi--96x96.jpg\",\"url\":\"https:\\\/\\\/www.alzd.de\\\/wp-content\\\/2018\\\/02\\\/cropped-cropped-mitarbeiterbilder_steffi--96x96.jpg\",\"contentUrl\":\"https:\\\/\\\/www.alzd.de\\\/wp-content\\\/2018\\\/02\\\/cropped-cropped-mitarbeiterbilder_steffi--96x96.jpg\",\"caption\":\"Julia Bir\u00f3\"},\"description\":\"Bereits 2010 gingen so einige Blogbeitr\u00e4ge auf mein Konto. Dann war ich \u201ekurz\u201c weg \u2013 sechs Jahre. Umso mehr freut es mich, dass ich nun wieder die Chance bekomme, mein N\u00e4schen im Dienste der Duftrezension schnuppern zu lassen und eifrig in die Tasten zu hauen. Was Nischend\u00fcfte angeht, habe ich damals \u00fcbrigens schnell Feuer gefangen. Meine Ausbildung tat dazu ihr \u00dcbriges: Als diplomierte Biologin kenne ich mich nicht nur mit Fauna und Flora, sondern auch recht gut mit der Herstellung von \u00d6len und Extrakten aus, was den Reiz der Parfumwelt nat\u00fcrlich noch gr\u00f6\u00dfer macht.\",\"sameAs\":[\"https:\\\/\\\/biro.is\\\/\",\"https:\\\/\\\/www.facebook.com\\\/stephanie.tkaczik\"],\"url\":\"https:\\\/\\\/www.alzd.de\\\/en\\\/author\\\/stephanie\\\/\"}]}<\/script>\n<!-- \/ Yoast SEO plugin. -->","yoast_head_json":{"title":"Historical Collection by Lesquendieu - Tradition and Modernity","description":"Lesquendieu's portfolio includes two lines: the Historical Collection and the Oriental Collection. From both collections ...","robots":{"index":"index","follow":"follow","max-snippet":"max-snippet:-1","max-image-preview":"max-image-preview:large","max-video-preview":"max-video-preview:-1"},"canonical":"https:\/\/www.alzd.de\/en\/2023\/09\/06\/historical-collection-by-lesquendieu-tradition-and-modernity\/","og_locale":"en_US","og_type":"article","og_title":"Historical Collection by Lesquendieu - Tradition and Modernity","og_url":"https:\/\/www.alzd.de\/en\/2023\/09\/06\/historical-collection-by-lesquendieu-tradition-and-modernity\/","og_site_name":"Das Duft-Tagebuch","article_publisher":"https:\/\/www.facebook.com\/dufttagebuch\/","article_author":"https:\/\/www.facebook.com\/stephanie.tkaczik","article_published_time":"2023-09-06T05:30:00+00:00","article_modified_time":"2023-09-06T09:44:43+00:00","og_image":[{"width":720,"height":400,"url":"https:\/\/www.alzd.de\/wp-content\/2023\/09\/bbLesquendieu-\u2013-Mood-19.jpg","type":"image\/jpeg"}],"author":"Julia Bir\u00f3","twitter_card":"summary_large_image","twitter_creator":"@ausliebezumduft","twitter_site":"@ausliebezumduft","schema":{"@context":"https:\/\/schema.org","@graph":[{"@type":"Article","@id":"https:\/\/www.alzd.de\/en\/2023\/09\/06\/historical-collection-by-lesquendieu-tradition-and-modernity\/#article","isPartOf":{"@id":"https:\/\/www.alzd.de\/en\/2023\/09\/06\/historical-collection-by-lesquendieu-tradition-and-modernity\/"},"author":{"name":"Julia Bir\u00f3","@id":"https:\/\/www.alzd.de\/en\/#\/schema\/person\/8efcd8f02447fdbe8f29ad465897d04e"},"headline":"Historical Collection by Lesquendieu &#8211; Tradition and Modernity","datePublished":"2023-09-06T05:30:00+00:00","dateModified":"2023-09-06T09:44:43+00:00","mainEntityOfPage":{"@id":"https:\/\/www.alzd.de\/en\/2023\/09\/06\/historical-collection-by-lesquendieu-tradition-and-modernity\/"},"wordCount":811,"commentCount":0,"publisher":{"@id":"https:\/\/www.alzd.de\/en\/#organization"},"image":{"@id":"https:\/\/www.alzd.de\/en\/2023\/09\/06\/historical-collection-by-lesquendieu-tradition-and-modernity\/#primaryimage"},"thumbnailUrl":"https:\/\/www.alzd.de\/wp-content\/2023\/09\/bbLesquendieu-\u2013-Mood-19.jpg","keywords":["Iris","Lesquendieu","Rose","Tonka bean"],"articleSection":["Amber &amp; Resins","Clean &amp; Powdery","Flowers","Fragrances","Hesperidian","Spicy","Woody"],"inLanguage":"en-US","potentialAction":[{"@type":"CommentAction","name":"Comment","target":["https:\/\/www.alzd.de\/en\/2023\/09\/06\/historical-collection-by-lesquendieu-tradition-and-modernity\/#respond"]}]},{"@type":"WebPage","@id":"https:\/\/www.alzd.de\/en\/2023\/09\/06\/historical-collection-by-lesquendieu-tradition-and-modernity\/","url":"https:\/\/www.alzd.de\/en\/2023\/09\/06\/historical-collection-by-lesquendieu-tradition-and-modernity\/","name":"Historical Collection by Lesquendieu - Tradition and Modernity","isPartOf":{"@id":"https:\/\/www.alzd.de\/en\/#website"},"primaryImageOfPage":{"@id":"https:\/\/www.alzd.de\/en\/2023\/09\/06\/historical-collection-by-lesquendieu-tradition-and-modernity\/#primaryimage"},"image":{"@id":"https:\/\/www.alzd.de\/en\/2023\/09\/06\/historical-collection-by-lesquendieu-tradition-and-modernity\/#primaryimage"},"thumbnailUrl":"https:\/\/www.alzd.de\/wp-content\/2023\/09\/bbLesquendieu-\u2013-Mood-19.jpg","datePublished":"2023-09-06T05:30:00+00:00","dateModified":"2023-09-06T09:44:43+00:00","description":"Lesquendieu's portfolio includes two lines: the Historical Collection and the Oriental Collection. From both collections ...","breadcrumb":{"@id":"https:\/\/www.alzd.de\/en\/2023\/09\/06\/historical-collection-by-lesquendieu-tradition-and-modernity\/#breadcrumb"},"inLanguage":"en-US","potentialAction":[{"@type":"ReadAction","target":["https:\/\/www.alzd.de\/en\/2023\/09\/06\/historical-collection-by-lesquendieu-tradition-and-modernity\/"]}]},{"@type":"ImageObject","inLanguage":"en-US","@id":"https:\/\/www.alzd.de\/en\/2023\/09\/06\/historical-collection-by-lesquendieu-tradition-and-modernity\/#primaryimage","url":"https:\/\/www.alzd.de\/wp-content\/2023\/09\/bbLesquendieu-\u2013-Mood-19.jpg","contentUrl":"https:\/\/www.alzd.de\/wp-content\/2023\/09\/bbLesquendieu-\u2013-Mood-19.jpg","width":720,"height":400,"caption":"by Emma CORTIJO"},{"@type":"BreadcrumbList","@id":"https:\/\/www.alzd.de\/en\/2023\/09\/06\/historical-collection-by-lesquendieu-tradition-and-modernity\/#breadcrumb","itemListElement":[{"@type":"ListItem","position":1,"name":"Startseite","item":"https:\/\/www.alzd.de\/en\/"},{"@type":"ListItem","position":2,"name":"Historical Collection by Lesquendieu &#8211; Tradition and Modernity"}]},{"@type":"WebSite","@id":"https:\/\/www.alzd.de\/en\/#website","url":"https:\/\/www.alzd.de\/en\/","name":"Das Duft-Tagebuch","description":"Das Parfumblog von Aus Liebe zum Duft","publisher":{"@id":"https:\/\/www.alzd.de\/en\/#organization"},"potentialAction":[{"@type":"SearchAction","target":{"@type":"EntryPoint","urlTemplate":"https:\/\/www.alzd.de\/en\/?s={search_term_string}"},"query-input":{"@type":"PropertyValueSpecification","valueRequired":true,"valueName":"search_term_string"}}],"inLanguage":"en-US"},{"@type":"Organization","@id":"https:\/\/www.alzd.de\/en\/#organization","name":"Das Duft-Tagebuch","url":"https:\/\/www.alzd.de\/en\/","logo":{"@type":"ImageObject","inLanguage":"en-US","@id":"https:\/\/www.alzd.de\/en\/#\/schema\/logo\/image\/","url":"https:\/\/www.alzd.de\/wp-content\/2023\/08\/alzd_dufttagebuch.png","contentUrl":"https:\/\/www.alzd.de\/wp-content\/2023\/08\/alzd_dufttagebuch.png","width":1804,"height":416,"caption":"Das Duft-Tagebuch"},"image":{"@id":"https:\/\/www.alzd.de\/en\/#\/schema\/logo\/image\/"},"sameAs":["https:\/\/www.facebook.com\/dufttagebuch\/","https:\/\/x.com\/ausliebezumduft","https:\/\/www.instagram.com\/ausliebezumduft.de\/","https:\/\/www.youtube.com\/c\/ausliebezumduft"]},{"@type":"Person","@id":"https:\/\/www.alzd.de\/en\/#\/schema\/person\/8efcd8f02447fdbe8f29ad465897d04e","name":"Julia Bir\u00f3","image":{"@type":"ImageObject","inLanguage":"en-US","@id":"https:\/\/www.alzd.de\/wp-content\/2018\/02\/cropped-cropped-mitarbeiterbilder_steffi--96x96.jpg","url":"https:\/\/www.alzd.de\/wp-content\/2018\/02\/cropped-cropped-mitarbeiterbilder_steffi--96x96.jpg","contentUrl":"https:\/\/www.alzd.de\/wp-content\/2018\/02\/cropped-cropped-mitarbeiterbilder_steffi--96x96.jpg","caption":"Julia Bir\u00f3"},"description":"Bereits 2010 gingen so einige Blogbeitr\u00e4ge auf mein Konto. Dann war ich \u201ekurz\u201c weg \u2013 sechs Jahre. Umso mehr freut es mich, dass ich nun wieder die Chance bekomme, mein N\u00e4schen im Dienste der Duftrezension schnuppern zu lassen und eifrig in die Tasten zu hauen. Was Nischend\u00fcfte angeht, habe ich damals \u00fcbrigens schnell Feuer gefangen. Meine Ausbildung tat dazu ihr \u00dcbriges: Als diplomierte Biologin kenne ich mich nicht nur mit Fauna und Flora, sondern auch recht gut mit der Herstellung von \u00d6len und Extrakten aus, was den Reiz der Parfumwelt nat\u00fcrlich noch gr\u00f6\u00dfer macht.","sameAs":["https:\/\/biro.is\/","https:\/\/www.facebook.com\/stephanie.tkaczik"],"url":"https:\/\/www.alzd.de\/en\/author\/stephanie\/"}]}},"wp-worthy-pixel":{"ignored":false,"public":null,"server":null,"url":null},"wp-worthy-type":"normal","_links":{"self":[{"href":"https:\/\/www.alzd.de\/en\/wp-json\/wp\/v2\/posts\/110344","targetHints":{"allow":["GET"]}}],"collection":[{"href":"https:\/\/www.alzd.de\/en\/wp-json\/wp\/v2\/posts"}],"about":[{"href":"https:\/\/www.alzd.de\/en\/wp-json\/wp\/v2\/types\/post"}],"author":[{"embeddable":true,"href":"https:\/\/www.alzd.de\/en\/wp-json\/wp\/v2\/users\/535"}],"replies":[{"embeddable":true,"href":"https:\/\/www.alzd.de\/en\/wp-json\/wp\/v2\/comments?post=110344"}],"version-history":[{"count":5,"href":"https:\/\/www.alzd.de\/en\/wp-json\/wp\/v2\/posts\/110344\/revisions"}],"predecessor-version":[{"id":110349,"href":"https:\/\/www.alzd.de\/en\/wp-json\/wp\/v2\/posts\/110344\/revisions\/110349"}],"wp:featuredmedia":[{"embeddable":true,"href":"https:\/\/www.alzd.de\/en\/wp-json\/wp\/v2\/media\/110333"}],"wp:attachment":[{"href":"https:\/\/www.alzd.de\/en\/wp-json\/wp\/v2\/media?parent=110344"}],"wp:term":[{"taxonomy":"category","embeddable":true,"href":"https:\/\/www.alzd.de\/en\/wp-json\/wp\/v2\/categories?post=110344"},{"taxonomy":"post_tag","embeddable":true,"href":"https:\/\/www.alzd.de\/en\/wp-json\/wp\/v2\/tags?post=110344"}],"curies":[{"name":"wp","href":"https:\/\/api.w.org\/{rel}","templated":true}]}}