{"id":110046,"date":"2023-08-31T07:30:00","date_gmt":"2023-08-31T05:30:00","guid":{"rendered":"https:\/\/www.alzd.de\/2023\/08\/31\/interview-with-maison-noirs-founders-claudio-denz-and-david-weber\/"},"modified":"2023-08-31T12:23:49","modified_gmt":"2023-08-31T10:23:49","slug":"interview-with-maison-noirs-founders-claudio-denz-and-david-weber","status":"publish","type":"post","link":"https:\/\/www.alzd.de\/en\/2023\/08\/31\/interview-with-maison-noirs-founders-claudio-denz-and-david-weber\/","title":{"rendered":"Interview with Maison Noir&#8217;s founders Claudio Denz and David Weber"},"content":{"rendered":"\n<p>A really exciting fragrance house I would like to introduce you the next few days, which has the mysterious seeming name <a href=\"https:\/\/www.ausliebezumduft.de\/fragrances\/maison-noir.html\" target=\"_blank\" rel=\"noreferrer noopener\">Maison Noir<\/a>. Currently, five fragrances of the brand are available at <a href=\"https:\/\/www.ausliebezumduft.de\/\" target=\"_blank\" rel=\"noreferrer noopener\">Aus Liebe zum Duft<\/a> and since the label is quite new with us &#8211; and also still very young &#8211; I am very pleased that I had the chance to interview the two brand founders Claudio Denz and David Weber. In the interview, the two not only introduce us to the unusual concept of their niche fragrance label, but also tell us all sorts of other exciting things about the Maison Noir fragrance house.<\/p>\n\n\n\n<p>Welcome to the Duft-Tagebuch: Claudio Denz and David Weber! \ud83d\ude0a<\/p>\n\n\n<div class=\"wp-block-image\">\n<figure class=\"aligncenter size-large\"><img decoding=\"async\" width=\"1080\" height=\"764\" src=\"https:\/\/www.alzd.de\/wp-content\/2023\/08\/Founders-1080x764.jpg\" alt=\"\" class=\"wp-image-110049\" title=\"David Weber and Claudio Denz from Maison Noir\" srcset=\"https:\/\/www.alzd.de\/wp-content\/2023\/08\/Founders-1080x764.jpg 1080w, https:\/\/www.alzd.de\/wp-content\/2023\/08\/Founders-720x509.jpg 720w, https:\/\/www.alzd.de\/wp-content\/2023\/08\/Founders-360x255.jpg 360w, https:\/\/www.alzd.de\/wp-content\/2023\/08\/Founders-768x543.jpg 768w, https:\/\/www.alzd.de\/wp-content\/2023\/08\/Founders-1536x1086.jpg 1536w, https:\/\/www.alzd.de\/wp-content\/2023\/08\/Founders.jpg 2000w\" sizes=\"(max-width: 1080px) 100vw, 1080px\" \/><figcaption class=\"wp-element-caption\">David Weber and Claudio Denz from <a href=\"https:\/\/maison-noir.com\/de\/\" target=\"_blank\" rel=\"noreferrer noopener\">Maison Noir<\/a><\/figcaption><\/figure>\n<\/div>\n\n\n<p>Dear Claudio, dear David, can you tell us a little bit about yourselves and your career so far?<\/p>\n\n\n\n<blockquote class=\"wp-block-quote is-layout-flow wp-block-quote-is-layout-flow\">\n<p><strong>Claudio: <\/strong>With pleasure, we are happy to introduce Maison Noir to you. I have been in the perfume industry for almost two decades and grew up with fragrances. After having had the opportunity to develop and launch fragrances for Lalique, Jaguar, Bentley, Brioni, etc. in various positions in our family business, the Lalique Group, over the years, the desire grew in me to set up something new independently of the group. This gave rise to the idea for Maison Noir, which I was able to inspire David to do.<\/p>\n\n\n\n<p><strong>David: <\/strong>I actually come from a completely different world. After studying economics, I joined a Swiss investment bank and worked there for many years as a derivatives trader. However, an entrepreneurial spark has always lain dormant in me, which Claudio then definitely reignited with the idea for Maison Noir. So after my move from Sydney back to Zurich, I started to realize Maison Noir with Claudio.<\/p>\n<\/blockquote>\n\n\n\n<p>Can you introduce us to the brand Maison Noir? How did your own fragrance house come about?<\/p>\n\n\n\n<blockquote class=\"wp-block-quote is-layout-flow wp-block-quote-is-layout-flow\">\n<p><strong>David:<\/strong> With Maison Noir, we specifically tried to take a new approach to the perfume business. We wanted to move a little away from the product to the story and the inspiration for a certain fragrance.<br \/>Our central concern is to familiarize anyone and everyone, whether they know anything about fragrances or not, with the fascinating world of niche fragrances. For this reason, we have taken a very visual approach to allow our customers to smell fragrances with their eyes. So the concept should also work very well online.<\/p>\n<\/blockquote>\n\n\n<div class=\"wp-block-image\">\n<figure class=\"aligncenter size-full\"><img decoding=\"async\" width=\"1080\" height=\"1079\" src=\"https:\/\/www.alzd.de\/wp-content\/2023\/08\/igMN2.jpg\" alt=\"Maison Noir - Bohemia 265\" class=\"wp-image-110027\" title=\"Maison Noir - Bohemia 265\" srcset=\"https:\/\/www.alzd.de\/wp-content\/2023\/08\/igMN2.jpg 1080w, https:\/\/www.alzd.de\/wp-content\/2023\/08\/igMN2-720x720.jpg 720w, https:\/\/www.alzd.de\/wp-content\/2023\/08\/igMN2-360x360.jpg 360w, https:\/\/www.alzd.de\/wp-content\/2023\/08\/igMN2-768x767.jpg 768w\" sizes=\"(max-width: 1080px) 100vw, 1080px\" \/><\/figure>\n<\/div>\n\n\n<p>After all, Maison Noir is characterized by a special concept. What exactly does this look like, and what is it about the numbers of the fragrances?<\/p>\n\n\n\n<blockquote class=\"wp-block-quote is-layout-flow wp-block-quote-is-layout-flow\">\n<p><strong>Claudio: <\/strong>As I said, we relied very heavily on visual elements to make fragrances tangible and to enable our customers to smell with their eyes, so to speak. <br \/>For this reason, we created a townhouse that could be located virtually anywhere on the globe. Entering this house, you stand in a hallway in front of various coloured doors with names and numbers. A bit like a hotel. Behind each of the doors hides a multidimensional world of fragrances, designed to make our scents tangible.<\/p>\n\n\n\n<p>Accordingly, each of our fragrances has several elements that describe it:<\/p>\n<\/blockquote>\n\n\n\n<figure class=\"wp-block-table alignwide\"><table><tbody><tr><td>1<\/td><td>Door colour<\/td><td class=\"has-text-align-left\" data-align=\"left\">The colour of the door gives a first impression in which direction the fragrance could go.<\/td><\/tr><tr><td>2<\/td><td>Visual world<\/td><td class=\"has-text-align-left\" data-align=\"left\">The visual world behind the door is meant to transport the viewer to the place we think the scent smells most like.<\/td><\/tr><tr><td>3<\/td><td>Numbers<\/td><td class=\"has-text-align-left\" data-align=\"left\">Our Maison Noir Fragrance Wheel gives each of our fragrances a 3-digit number that introduces its main characteristics, allowing customers to quickly find the fragrances that might fit without smelling them.<\/td><\/tr><tr><td>4<\/td><td>Persona<\/td><td class=\"has-text-align-left\" data-align=\"left\">We also try to describe each fragrance from a character perspective and thus assign it a personality.<\/td><\/tr><\/tbody><\/table><\/figure>\n\n\n<div class=\"wp-block-image\">\n<figure class=\"aligncenter size-large\"><img decoding=\"async\" width=\"810\" height=\"1080\" src=\"https:\/\/www.alzd.de\/wp-content\/2023\/08\/Mn3-810x1080.png\" alt=\"Maison Noir - Alter Ego\" class=\"wp-image-110030\" srcset=\"https:\/\/www.alzd.de\/wp-content\/2023\/08\/Mn3-810x1080.png 810w, https:\/\/www.alzd.de\/wp-content\/2023\/08\/Mn3-540x720.png 540w, https:\/\/www.alzd.de\/wp-content\/2023\/08\/Mn3-270x360.png 270w, https:\/\/www.alzd.de\/wp-content\/2023\/08\/Mn3-768x1024.png 768w, https:\/\/www.alzd.de\/wp-content\/2023\/08\/Mn3-1152x1536.png 1152w, https:\/\/www.alzd.de\/wp-content\/2023\/08\/Mn3-1536x2048.png 1536w, https:\/\/www.alzd.de\/wp-content\/2023\/08\/Mn3.png 1855w\" sizes=\"(max-width: 810px) 100vw, 810px\" \/><\/figure>\n<\/div>\n\n\n<p>What makes your brand and your fragrances unique in your eyes?<\/p>\n\n\n\n<blockquote class=\"wp-block-quote is-layout-flow wp-block-quote-is-layout-flow\">\n<p><strong>David:<\/strong> We see ourselves as a very conceptual storybrand that tries to pick up all people, whether they&#8217;re fragheads or total fragrance newbies. The way we make our fragrances experienceable through different senses is, in our opinion, unique. As for fragrances, we work with the best perfumers, the best perfume houses.<\/p>\n<\/blockquote>\n\n\n\n<p>Who do you want to address with your fragrances?<\/p>\n\n\n\n<blockquote class=\"wp-block-quote is-layout-flow wp-block-quote-is-layout-flow\">\n<p><strong>Claudio:<\/strong> We aim to appeal to a very broad audience. So not only people who already have experience with niche fragrances, but also those who have not yet found access to it, but are looking for something extraordinary.<\/p>\n<\/blockquote>\n\n\n\n<p>What stories do your creations tell and what are the inspirations for the fragrances?<\/p>\n\n\n\n<blockquote class=\"wp-block-quote is-layout-flow wp-block-quote-is-layout-flow\">\n<p><strong>David:<\/strong> Each fragrance is a completely independent creation, but one that fits into the overall concept and complements the other fragrances in every way. The inspirations can come from different sides. Either we have an exciting fragrance for which we would like to tell a story, or we have an exciting concept for which we would like to create a fragrance. This is different for each fragrance.<\/p>\n<\/blockquote>\n\n\n<div class=\"wp-block-image\">\n<figure class=\"aligncenter size-large is-resized\"><img decoding=\"async\" src=\"https:\/\/www.alzd.de\/wp-content\/2023\/08\/Bildschirmfoto-vom-2023-08-31-11-39-54-860x1080.jpg\" alt=\"Maison Noir - Somnia 517\" class=\"wp-image-110037\" style=\"width:734px;height:922px\" width=\"734\" height=\"922\" title=\"Maison Noir - Somnia 517\" srcset=\"https:\/\/www.alzd.de\/wp-content\/2023\/08\/Bildschirmfoto-vom-2023-08-31-11-39-54-860x1080.jpg 860w, https:\/\/www.alzd.de\/wp-content\/2023\/08\/Bildschirmfoto-vom-2023-08-31-11-39-54-573x720.jpg 573w, https:\/\/www.alzd.de\/wp-content\/2023\/08\/Bildschirmfoto-vom-2023-08-31-11-39-54-287x360.jpg 287w, https:\/\/www.alzd.de\/wp-content\/2023\/08\/Bildschirmfoto-vom-2023-08-31-11-39-54-768x964.jpg 768w, https:\/\/www.alzd.de\/wp-content\/2023\/08\/Bildschirmfoto-vom-2023-08-31-11-39-54.jpg 1002w\" sizes=\"(max-width: 734px) 100vw, 734px\" \/><figcaption class=\"wp-element-caption\">Somnia 517 from <a href=\"https:\/\/www.instagram.com\/maisonnoirfragrance\/\" target=\"_blank\" rel=\"noreferrer noopener\">Instagram<\/a><\/figcaption><\/figure>\n<\/div>\n\n\n<p>The previous fragrances were created by Alexandra Monet, now a first by J\u00e9r\u00f4me Epinette. How did the collaboration come about in each case? To what extent are you involved in the development of the fragrances?<\/p>\n\n\n\n<blockquote class=\"wp-block-quote is-layout-flow wp-block-quote-is-layout-flow\">\n<p><strong>Claudio:<\/strong> The fragrance is the absolute key criterion for us, which is why we are naturally very involved in the creation. In principle, we work with all major perfume houses and do not limit ourselves here to one perfumer or one perfume house.<\/p>\n\n\n\n<p>The fact that Alexandra Monet created four fragrances for us was an exciting coincidence. We briefed Firmenich with our concept at the very beginning and received submissions from five perfumers. In our &#8220;blind&#8221; selection process, we randomly selected all of Alexandra&#8217;s fragrances. So she seems to have understood the spirit of Maison Noir perfectly.<\/p>\n\n\n\n<p>Then, with Somnia 517, J\u00e9r\u00f4me Epinette of Robertet, Byredo&#8217;s in-house perfumer, won the race. Our novelty Icarus 347 comes from none other than the master perfumer Michel Almairac of Robertet. And for the next creation, we have again been able to recruit a new perfumer from another leading perfume house. I travel a lot and am always looking for new and interesting concepts.<\/p>\n<\/blockquote>\n\n\n\n<p>Was there a creation that particularly challenged you during production and\/or development?<\/p>\n\n\n\n<blockquote class=\"wp-block-quote is-layout-flow wp-block-quote-is-layout-flow\">\n<p><strong>David:<\/strong> Actually, all our creations challenge us very much. We see it as the heart of everything we do. Since they go way beyond fragrance with all the conceptual and visual elements, and everything has to fit together, they are all very demanding.<br \/>Once it&#8217;s the scent that needs more work, sometimes it&#8217;s the persona, then the visual worlds. It all depends. So it remains exciting.<\/p>\n<\/blockquote>\n\n\n<div class=\"wp-block-image\">\n<figure class=\"aligncenter size-full\"><img decoding=\"async\" width=\"815\" height=\"815\" src=\"https:\/\/www.alzd.de\/wp-content\/2023\/08\/igMn5.jpg\" alt=\"Maison Noir - Vertigo 236\" class=\"wp-image-110034\" title=\"Maison Noir - Vertigo 236\" srcset=\"https:\/\/www.alzd.de\/wp-content\/2023\/08\/igMn5.jpg 815w, https:\/\/www.alzd.de\/wp-content\/2023\/08\/igMn5-720x720.jpg 720w, https:\/\/www.alzd.de\/wp-content\/2023\/08\/igMn5-360x360.jpg 360w, https:\/\/www.alzd.de\/wp-content\/2023\/08\/igMn5-768x768.jpg 768w\" sizes=\"(max-width: 815px) 100vw, 815px\" \/><\/figure>\n<\/div>\n\n\n<p>If you had to assign an emotion to each of your scents, what would it be?<\/p>\n\n\n\n<blockquote class=\"wp-block-quote is-layout-flow wp-block-quote-is-layout-flow\">\n<p class=\"has-text-align-left\"><strong>Claudio:<\/strong> I think we already do that quite well with our personas and I find it difficult to assign an emotion. I would describe it more in terms of our personas:<br \/>Vertigo 236 &#8211; Maker<br \/>Volantis 685 &#8211; Modern Hero<br \/>Bohemia 265 &#8211; Unconventionalist<br \/>Alter Ego 786 &#8211; Leader<br \/>Somnia 517 &#8211; Earthbound<br \/>Icarus 347 &#8211; Fearless<\/p>\n<\/blockquote>\n\n\n\n<p>What can we expect from Maison Noir in the future?<\/p>\n\n\n\n<blockquote class=\"wp-block-quote is-layout-flow wp-block-quote-is-layout-flow\">\n<p><strong>David:<\/strong> In addition to great new products that we are working on intensively, we are also in the process of realizing interesting projects and collaborations on the product level. In addition, we try to present our concept in as many places as possible, such as a few weeks ago with our promo site at Harrods in London or together with our distribution partner <a href=\"https:\/\/www.luxum-beauty.com\/\">Luxum<\/a> at Oberpollinger in Munich. We want to make our concept accessible to everyone and inspire them with our stories.<\/p>\n<\/blockquote>\n\n\n\n<p>Dear Claudio, dear David, thank you very much for taking the time to answer my questions.<\/p>\n\n\n\n<div class=\"wp-block-buttons is-content-justification-center is-layout-flex wp-container-core-buttons-is-layout-16018d1d wp-block-buttons-is-layout-flex\">\n<div class=\"wp-block-button has-custom-width wp-block-button__width-50\"><a class=\"wp-block-button__link has-white-color has-text-color has-background wp-element-button\" href=\"https:\/\/www.ausliebezumduft.de\/fragrances\/maison-noir.html\" style=\"background-color:#ab3c25\" target=\"_blank\" rel=\"noreferrer noopener\"><strong>Maison Noir<\/strong><\/a><\/div>\n<\/div>\n","protected":false},"excerpt":{"rendered":"<p>A really exciting fragrance house I would like to introduce you the next few days, which has the mysterious seeming name Maison Noir. Currently, five fragrances of the&#8230;<\/p>\n<div class=\"more-link-wrapper\"><a class=\"more-link\" href=\"https:\/\/www.alzd.de\/en\/2023\/08\/31\/interview-with-maison-noirs-founders-claudio-denz-and-david-weber\/\">WEITERLESEN<span class=\"screen-reader-text\">Interview with Maison Noir&#8217;s founders Claudio Denz and David Weber<\/span><\/a><\/div>\n","protected":false},"author":535,"featured_media":110045,"comment_status":"open","ping_status":"closed","sticky":false,"template":"","format":"standard","meta":{"footnotes":""},"categories":[1119,1137,1166],"tags":[1532,1895],"class_list":["post-110046","post","type-post","status-publish","format-standard","has-post-thumbnail","hentry","category-general","category-interview-en","category-useful-information","tag-interviews-en","tag-maison-noir-en","excerpt","zoom","full-without-featured","even","excerpt-0"],"yoast_head":"<!-- This site is optimized with the Yoast SEO plugin v27.5 - https:\/\/yoast.com\/product\/yoast-seo-wordpress\/ -->\n<title>Interview with Maison Noir&#039;s founders Claudio Denz and David Weber<\/title>\n<meta name=\"description\" content=\"A really exciting fragrance house I would like to introduce you the next few days, which has the mysterious seeming name Maison Noir.\" \/>\n<meta name=\"robots\" content=\"index, follow, max-snippet:-1, max-image-preview:large, max-video-preview:-1\" \/>\n<link rel=\"canonical\" href=\"https:\/\/www.alzd.de\/en\/2023\/08\/31\/interview-with-maison-noirs-founders-claudio-denz-and-david-weber\/\" \/>\n<meta property=\"og:locale\" content=\"en_US\" \/>\n<meta property=\"og:type\" content=\"article\" \/>\n<meta property=\"og:title\" content=\"Interview with Maison Noir&#039;s founders Claudio Denz and David Weber\" \/>\n<meta property=\"og:url\" content=\"https:\/\/www.alzd.de\/en\/2023\/08\/31\/interview-with-maison-noirs-founders-claudio-denz-and-david-weber\/\" \/>\n<meta property=\"og:site_name\" content=\"Das Duft-Tagebuch\" \/>\n<meta property=\"article:publisher\" content=\"https:\/\/www.facebook.com\/dufttagebuch\/\" \/>\n<meta property=\"article:author\" content=\"https:\/\/www.facebook.com\/stephanie.tkaczik\" \/>\n<meta property=\"article:published_time\" content=\"2023-08-31T05:30:00+00:00\" \/>\n<meta property=\"article:modified_time\" content=\"2023-08-31T10:23:49+00:00\" \/>\n<meta property=\"og:image\" content=\"https:\/\/www.alzd.de\/wp-content\/2023\/08\/bbMN2.jpg\" \/>\n\t<meta property=\"og:image:width\" content=\"720\" \/>\n\t<meta property=\"og:image:height\" content=\"400\" \/>\n\t<meta property=\"og:image:type\" content=\"image\/jpeg\" \/>\n<meta name=\"author\" content=\"Julia Bir\u00f3\" \/>\n<meta name=\"twitter:card\" content=\"summary_large_image\" \/>\n<meta name=\"twitter:creator\" content=\"@ausliebezumduft\" \/>\n<meta name=\"twitter:site\" content=\"@ausliebezumduft\" \/>\n<script type=\"application\/ld+json\" class=\"yoast-schema-graph\">{\"@context\":\"https:\\\/\\\/schema.org\",\"@graph\":[{\"@type\":\"Article\",\"@id\":\"https:\\\/\\\/www.alzd.de\\\/en\\\/2023\\\/08\\\/31\\\/interview-with-maison-noirs-founders-claudio-denz-and-david-weber\\\/#article\",\"isPartOf\":{\"@id\":\"https:\\\/\\\/www.alzd.de\\\/en\\\/2023\\\/08\\\/31\\\/interview-with-maison-noirs-founders-claudio-denz-and-david-weber\\\/\"},\"author\":{\"name\":\"Julia Bir\u00f3\",\"@id\":\"https:\\\/\\\/www.alzd.de\\\/en\\\/#\\\/schema\\\/person\\\/8efcd8f02447fdbe8f29ad465897d04e\"},\"headline\":\"Interview with Maison Noir&#8217;s founders Claudio Denz and David Weber\",\"datePublished\":\"2023-08-31T05:30:00+00:00\",\"dateModified\":\"2023-08-31T10:23:49+00:00\",\"mainEntityOfPage\":{\"@id\":\"https:\\\/\\\/www.alzd.de\\\/en\\\/2023\\\/08\\\/31\\\/interview-with-maison-noirs-founders-claudio-denz-and-david-weber\\\/\"},\"wordCount\":1273,\"commentCount\":0,\"publisher\":{\"@id\":\"https:\\\/\\\/www.alzd.de\\\/en\\\/#organization\"},\"image\":{\"@id\":\"https:\\\/\\\/www.alzd.de\\\/en\\\/2023\\\/08\\\/31\\\/interview-with-maison-noirs-founders-claudio-denz-and-david-weber\\\/#primaryimage\"},\"thumbnailUrl\":\"https:\\\/\\\/www.alzd.de\\\/wp-content\\\/2023\\\/08\\\/bbMN2.jpg\",\"keywords\":[\"Interviews\",\"Maison Noir\"],\"articleSection\":[\"General\",\"Interview\",\"Useful Information\"],\"inLanguage\":\"en-US\",\"potentialAction\":[{\"@type\":\"CommentAction\",\"name\":\"Comment\",\"target\":[\"https:\\\/\\\/www.alzd.de\\\/en\\\/2023\\\/08\\\/31\\\/interview-with-maison-noirs-founders-claudio-denz-and-david-weber\\\/#respond\"]}]},{\"@type\":\"WebPage\",\"@id\":\"https:\\\/\\\/www.alzd.de\\\/en\\\/2023\\\/08\\\/31\\\/interview-with-maison-noirs-founders-claudio-denz-and-david-weber\\\/\",\"url\":\"https:\\\/\\\/www.alzd.de\\\/en\\\/2023\\\/08\\\/31\\\/interview-with-maison-noirs-founders-claudio-denz-and-david-weber\\\/\",\"name\":\"Interview with Maison Noir's founders Claudio Denz and David Weber\",\"isPartOf\":{\"@id\":\"https:\\\/\\\/www.alzd.de\\\/en\\\/#website\"},\"primaryImageOfPage\":{\"@id\":\"https:\\\/\\\/www.alzd.de\\\/en\\\/2023\\\/08\\\/31\\\/interview-with-maison-noirs-founders-claudio-denz-and-david-weber\\\/#primaryimage\"},\"image\":{\"@id\":\"https:\\\/\\\/www.alzd.de\\\/en\\\/2023\\\/08\\\/31\\\/interview-with-maison-noirs-founders-claudio-denz-and-david-weber\\\/#primaryimage\"},\"thumbnailUrl\":\"https:\\\/\\\/www.alzd.de\\\/wp-content\\\/2023\\\/08\\\/bbMN2.jpg\",\"datePublished\":\"2023-08-31T05:30:00+00:00\",\"dateModified\":\"2023-08-31T10:23:49+00:00\",\"description\":\"A really exciting fragrance house I would like to introduce you the next few days, which has the mysterious seeming name Maison Noir.\",\"breadcrumb\":{\"@id\":\"https:\\\/\\\/www.alzd.de\\\/en\\\/2023\\\/08\\\/31\\\/interview-with-maison-noirs-founders-claudio-denz-and-david-weber\\\/#breadcrumb\"},\"inLanguage\":\"en-US\",\"potentialAction\":[{\"@type\":\"ReadAction\",\"target\":[\"https:\\\/\\\/www.alzd.de\\\/en\\\/2023\\\/08\\\/31\\\/interview-with-maison-noirs-founders-claudio-denz-and-david-weber\\\/\"]}]},{\"@type\":\"ImageObject\",\"inLanguage\":\"en-US\",\"@id\":\"https:\\\/\\\/www.alzd.de\\\/en\\\/2023\\\/08\\\/31\\\/interview-with-maison-noirs-founders-claudio-denz-and-david-weber\\\/#primaryimage\",\"url\":\"https:\\\/\\\/www.alzd.de\\\/wp-content\\\/2023\\\/08\\\/bbMN2.jpg\",\"contentUrl\":\"https:\\\/\\\/www.alzd.de\\\/wp-content\\\/2023\\\/08\\\/bbMN2.jpg\",\"width\":720,\"height\":400},{\"@type\":\"BreadcrumbList\",\"@id\":\"https:\\\/\\\/www.alzd.de\\\/en\\\/2023\\\/08\\\/31\\\/interview-with-maison-noirs-founders-claudio-denz-and-david-weber\\\/#breadcrumb\",\"itemListElement\":[{\"@type\":\"ListItem\",\"position\":1,\"name\":\"Startseite\",\"item\":\"https:\\\/\\\/www.alzd.de\\\/en\\\/\"},{\"@type\":\"ListItem\",\"position\":2,\"name\":\"Interview with Maison Noir&#8217;s founders Claudio Denz and David Weber\"}]},{\"@type\":\"WebSite\",\"@id\":\"https:\\\/\\\/www.alzd.de\\\/en\\\/#website\",\"url\":\"https:\\\/\\\/www.alzd.de\\\/en\\\/\",\"name\":\"Das Duft-Tagebuch\",\"description\":\"Das Parfumblog von Aus Liebe zum Duft\",\"publisher\":{\"@id\":\"https:\\\/\\\/www.alzd.de\\\/en\\\/#organization\"},\"potentialAction\":[{\"@type\":\"SearchAction\",\"target\":{\"@type\":\"EntryPoint\",\"urlTemplate\":\"https:\\\/\\\/www.alzd.de\\\/en\\\/?s={search_term_string}\"},\"query-input\":{\"@type\":\"PropertyValueSpecification\",\"valueRequired\":true,\"valueName\":\"search_term_string\"}}],\"inLanguage\":\"en-US\"},{\"@type\":\"Organization\",\"@id\":\"https:\\\/\\\/www.alzd.de\\\/en\\\/#organization\",\"name\":\"Das Duft-Tagebuch\",\"url\":\"https:\\\/\\\/www.alzd.de\\\/en\\\/\",\"logo\":{\"@type\":\"ImageObject\",\"inLanguage\":\"en-US\",\"@id\":\"https:\\\/\\\/www.alzd.de\\\/en\\\/#\\\/schema\\\/logo\\\/image\\\/\",\"url\":\"https:\\\/\\\/www.alzd.de\\\/wp-content\\\/2023\\\/08\\\/alzd_dufttagebuch.png\",\"contentUrl\":\"https:\\\/\\\/www.alzd.de\\\/wp-content\\\/2023\\\/08\\\/alzd_dufttagebuch.png\",\"width\":1804,\"height\":416,\"caption\":\"Das Duft-Tagebuch\"},\"image\":{\"@id\":\"https:\\\/\\\/www.alzd.de\\\/en\\\/#\\\/schema\\\/logo\\\/image\\\/\"},\"sameAs\":[\"https:\\\/\\\/www.facebook.com\\\/dufttagebuch\\\/\",\"https:\\\/\\\/x.com\\\/ausliebezumduft\",\"https:\\\/\\\/www.instagram.com\\\/ausliebezumduft.de\\\/\",\"https:\\\/\\\/www.youtube.com\\\/c\\\/ausliebezumduft\"]},{\"@type\":\"Person\",\"@id\":\"https:\\\/\\\/www.alzd.de\\\/en\\\/#\\\/schema\\\/person\\\/8efcd8f02447fdbe8f29ad465897d04e\",\"name\":\"Julia Bir\u00f3\",\"image\":{\"@type\":\"ImageObject\",\"inLanguage\":\"en-US\",\"@id\":\"https:\\\/\\\/www.alzd.de\\\/wp-content\\\/2018\\\/02\\\/cropped-cropped-mitarbeiterbilder_steffi--96x96.jpg\",\"url\":\"https:\\\/\\\/www.alzd.de\\\/wp-content\\\/2018\\\/02\\\/cropped-cropped-mitarbeiterbilder_steffi--96x96.jpg\",\"contentUrl\":\"https:\\\/\\\/www.alzd.de\\\/wp-content\\\/2018\\\/02\\\/cropped-cropped-mitarbeiterbilder_steffi--96x96.jpg\",\"caption\":\"Julia Bir\u00f3\"},\"description\":\"Bereits 2010 gingen so einige Blogbeitr\u00e4ge auf mein Konto. Dann war ich \u201ekurz\u201c weg \u2013 sechs Jahre. Umso mehr freut es mich, dass ich nun wieder die Chance bekomme, mein N\u00e4schen im Dienste der Duftrezension schnuppern zu lassen und eifrig in die Tasten zu hauen. Was Nischend\u00fcfte angeht, habe ich damals \u00fcbrigens schnell Feuer gefangen. Meine Ausbildung tat dazu ihr \u00dcbriges: Als diplomierte Biologin kenne ich mich nicht nur mit Fauna und Flora, sondern auch recht gut mit der Herstellung von \u00d6len und Extrakten aus, was den Reiz der Parfumwelt nat\u00fcrlich noch gr\u00f6\u00dfer macht.\",\"sameAs\":[\"https:\\\/\\\/biro.is\\\/\",\"https:\\\/\\\/www.facebook.com\\\/stephanie.tkaczik\"],\"url\":\"https:\\\/\\\/www.alzd.de\\\/en\\\/author\\\/stephanie\\\/\"}]}<\/script>\n<!-- \/ Yoast SEO plugin. -->","yoast_head_json":{"title":"Interview with Maison Noir's founders Claudio Denz and David Weber","description":"A really exciting fragrance house I would like to introduce you the next few days, which has the mysterious seeming name Maison Noir.","robots":{"index":"index","follow":"follow","max-snippet":"max-snippet:-1","max-image-preview":"max-image-preview:large","max-video-preview":"max-video-preview:-1"},"canonical":"https:\/\/www.alzd.de\/en\/2023\/08\/31\/interview-with-maison-noirs-founders-claudio-denz-and-david-weber\/","og_locale":"en_US","og_type":"article","og_title":"Interview with Maison Noir's founders Claudio Denz and David Weber","og_url":"https:\/\/www.alzd.de\/en\/2023\/08\/31\/interview-with-maison-noirs-founders-claudio-denz-and-david-weber\/","og_site_name":"Das Duft-Tagebuch","article_publisher":"https:\/\/www.facebook.com\/dufttagebuch\/","article_author":"https:\/\/www.facebook.com\/stephanie.tkaczik","article_published_time":"2023-08-31T05:30:00+00:00","article_modified_time":"2023-08-31T10:23:49+00:00","og_image":[{"width":720,"height":400,"url":"https:\/\/www.alzd.de\/wp-content\/2023\/08\/bbMN2.jpg","type":"image\/jpeg"}],"author":"Julia Bir\u00f3","twitter_card":"summary_large_image","twitter_creator":"@ausliebezumduft","twitter_site":"@ausliebezumduft","schema":{"@context":"https:\/\/schema.org","@graph":[{"@type":"Article","@id":"https:\/\/www.alzd.de\/en\/2023\/08\/31\/interview-with-maison-noirs-founders-claudio-denz-and-david-weber\/#article","isPartOf":{"@id":"https:\/\/www.alzd.de\/en\/2023\/08\/31\/interview-with-maison-noirs-founders-claudio-denz-and-david-weber\/"},"author":{"name":"Julia Bir\u00f3","@id":"https:\/\/www.alzd.de\/en\/#\/schema\/person\/8efcd8f02447fdbe8f29ad465897d04e"},"headline":"Interview with Maison Noir&#8217;s founders Claudio Denz and David Weber","datePublished":"2023-08-31T05:30:00+00:00","dateModified":"2023-08-31T10:23:49+00:00","mainEntityOfPage":{"@id":"https:\/\/www.alzd.de\/en\/2023\/08\/31\/interview-with-maison-noirs-founders-claudio-denz-and-david-weber\/"},"wordCount":1273,"commentCount":0,"publisher":{"@id":"https:\/\/www.alzd.de\/en\/#organization"},"image":{"@id":"https:\/\/www.alzd.de\/en\/2023\/08\/31\/interview-with-maison-noirs-founders-claudio-denz-and-david-weber\/#primaryimage"},"thumbnailUrl":"https:\/\/www.alzd.de\/wp-content\/2023\/08\/bbMN2.jpg","keywords":["Interviews","Maison Noir"],"articleSection":["General","Interview","Useful Information"],"inLanguage":"en-US","potentialAction":[{"@type":"CommentAction","name":"Comment","target":["https:\/\/www.alzd.de\/en\/2023\/08\/31\/interview-with-maison-noirs-founders-claudio-denz-and-david-weber\/#respond"]}]},{"@type":"WebPage","@id":"https:\/\/www.alzd.de\/en\/2023\/08\/31\/interview-with-maison-noirs-founders-claudio-denz-and-david-weber\/","url":"https:\/\/www.alzd.de\/en\/2023\/08\/31\/interview-with-maison-noirs-founders-claudio-denz-and-david-weber\/","name":"Interview with Maison Noir's founders Claudio Denz and David Weber","isPartOf":{"@id":"https:\/\/www.alzd.de\/en\/#website"},"primaryImageOfPage":{"@id":"https:\/\/www.alzd.de\/en\/2023\/08\/31\/interview-with-maison-noirs-founders-claudio-denz-and-david-weber\/#primaryimage"},"image":{"@id":"https:\/\/www.alzd.de\/en\/2023\/08\/31\/interview-with-maison-noirs-founders-claudio-denz-and-david-weber\/#primaryimage"},"thumbnailUrl":"https:\/\/www.alzd.de\/wp-content\/2023\/08\/bbMN2.jpg","datePublished":"2023-08-31T05:30:00+00:00","dateModified":"2023-08-31T10:23:49+00:00","description":"A really exciting fragrance house I would like to introduce you the next few days, which has the mysterious seeming name Maison Noir.","breadcrumb":{"@id":"https:\/\/www.alzd.de\/en\/2023\/08\/31\/interview-with-maison-noirs-founders-claudio-denz-and-david-weber\/#breadcrumb"},"inLanguage":"en-US","potentialAction":[{"@type":"ReadAction","target":["https:\/\/www.alzd.de\/en\/2023\/08\/31\/interview-with-maison-noirs-founders-claudio-denz-and-david-weber\/"]}]},{"@type":"ImageObject","inLanguage":"en-US","@id":"https:\/\/www.alzd.de\/en\/2023\/08\/31\/interview-with-maison-noirs-founders-claudio-denz-and-david-weber\/#primaryimage","url":"https:\/\/www.alzd.de\/wp-content\/2023\/08\/bbMN2.jpg","contentUrl":"https:\/\/www.alzd.de\/wp-content\/2023\/08\/bbMN2.jpg","width":720,"height":400},{"@type":"BreadcrumbList","@id":"https:\/\/www.alzd.de\/en\/2023\/08\/31\/interview-with-maison-noirs-founders-claudio-denz-and-david-weber\/#breadcrumb","itemListElement":[{"@type":"ListItem","position":1,"name":"Startseite","item":"https:\/\/www.alzd.de\/en\/"},{"@type":"ListItem","position":2,"name":"Interview with Maison Noir&#8217;s founders Claudio Denz and David Weber"}]},{"@type":"WebSite","@id":"https:\/\/www.alzd.de\/en\/#website","url":"https:\/\/www.alzd.de\/en\/","name":"Das Duft-Tagebuch","description":"Das Parfumblog von Aus Liebe zum Duft","publisher":{"@id":"https:\/\/www.alzd.de\/en\/#organization"},"potentialAction":[{"@type":"SearchAction","target":{"@type":"EntryPoint","urlTemplate":"https:\/\/www.alzd.de\/en\/?s={search_term_string}"},"query-input":{"@type":"PropertyValueSpecification","valueRequired":true,"valueName":"search_term_string"}}],"inLanguage":"en-US"},{"@type":"Organization","@id":"https:\/\/www.alzd.de\/en\/#organization","name":"Das Duft-Tagebuch","url":"https:\/\/www.alzd.de\/en\/","logo":{"@type":"ImageObject","inLanguage":"en-US","@id":"https:\/\/www.alzd.de\/en\/#\/schema\/logo\/image\/","url":"https:\/\/www.alzd.de\/wp-content\/2023\/08\/alzd_dufttagebuch.png","contentUrl":"https:\/\/www.alzd.de\/wp-content\/2023\/08\/alzd_dufttagebuch.png","width":1804,"height":416,"caption":"Das Duft-Tagebuch"},"image":{"@id":"https:\/\/www.alzd.de\/en\/#\/schema\/logo\/image\/"},"sameAs":["https:\/\/www.facebook.com\/dufttagebuch\/","https:\/\/x.com\/ausliebezumduft","https:\/\/www.instagram.com\/ausliebezumduft.de\/","https:\/\/www.youtube.com\/c\/ausliebezumduft"]},{"@type":"Person","@id":"https:\/\/www.alzd.de\/en\/#\/schema\/person\/8efcd8f02447fdbe8f29ad465897d04e","name":"Julia Bir\u00f3","image":{"@type":"ImageObject","inLanguage":"en-US","@id":"https:\/\/www.alzd.de\/wp-content\/2018\/02\/cropped-cropped-mitarbeiterbilder_steffi--96x96.jpg","url":"https:\/\/www.alzd.de\/wp-content\/2018\/02\/cropped-cropped-mitarbeiterbilder_steffi--96x96.jpg","contentUrl":"https:\/\/www.alzd.de\/wp-content\/2018\/02\/cropped-cropped-mitarbeiterbilder_steffi--96x96.jpg","caption":"Julia Bir\u00f3"},"description":"Bereits 2010 gingen so einige Blogbeitr\u00e4ge auf mein Konto. Dann war ich \u201ekurz\u201c weg \u2013 sechs Jahre. Umso mehr freut es mich, dass ich nun wieder die Chance bekomme, mein N\u00e4schen im Dienste der Duftrezension schnuppern zu lassen und eifrig in die Tasten zu hauen. Was Nischend\u00fcfte angeht, habe ich damals \u00fcbrigens schnell Feuer gefangen. Meine Ausbildung tat dazu ihr \u00dcbriges: Als diplomierte Biologin kenne ich mich nicht nur mit Fauna und Flora, sondern auch recht gut mit der Herstellung von \u00d6len und Extrakten aus, was den Reiz der Parfumwelt nat\u00fcrlich noch gr\u00f6\u00dfer macht.","sameAs":["https:\/\/biro.is\/","https:\/\/www.facebook.com\/stephanie.tkaczik"],"url":"https:\/\/www.alzd.de\/en\/author\/stephanie\/"}]}},"wp-worthy-pixel":{"ignored":false,"public":null,"server":null,"url":null},"wp-worthy-type":"normal","_links":{"self":[{"href":"https:\/\/www.alzd.de\/en\/wp-json\/wp\/v2\/posts\/110046","targetHints":{"allow":["GET"]}}],"collection":[{"href":"https:\/\/www.alzd.de\/en\/wp-json\/wp\/v2\/posts"}],"about":[{"href":"https:\/\/www.alzd.de\/en\/wp-json\/wp\/v2\/types\/post"}],"author":[{"embeddable":true,"href":"https:\/\/www.alzd.de\/en\/wp-json\/wp\/v2\/users\/535"}],"replies":[{"embeddable":true,"href":"https:\/\/www.alzd.de\/en\/wp-json\/wp\/v2\/comments?post=110046"}],"version-history":[{"count":2,"href":"https:\/\/www.alzd.de\/en\/wp-json\/wp\/v2\/posts\/110046\/revisions"}],"predecessor-version":[{"id":110051,"href":"https:\/\/www.alzd.de\/en\/wp-json\/wp\/v2\/posts\/110046\/revisions\/110051"}],"wp:featuredmedia":[{"embeddable":true,"href":"https:\/\/www.alzd.de\/en\/wp-json\/wp\/v2\/media\/110045"}],"wp:attachment":[{"href":"https:\/\/www.alzd.de\/en\/wp-json\/wp\/v2\/media?parent=110046"}],"wp:term":[{"taxonomy":"category","embeddable":true,"href":"https:\/\/www.alzd.de\/en\/wp-json\/wp\/v2\/categories?post=110046"},{"taxonomy":"post_tag","embeddable":true,"href":"https:\/\/www.alzd.de\/en\/wp-json\/wp\/v2\/tags?post=110046"}],"curies":[{"name":"wp","href":"https:\/\/api.w.org\/{rel}","templated":true}]}}