{"id":109980,"date":"2023-08-30T07:30:00","date_gmt":"2023-08-30T05:30:00","guid":{"rendered":"https:\/\/www.alzd.de\/2023\/08\/30\/melody-of-the-sun-and-french-riviera-by-mancera-summer-memories\/"},"modified":"2023-08-30T17:11:28","modified_gmt":"2023-08-30T15:11:28","slug":"melody-of-the-sun-and-french-riviera-by-mancera-summer-memories","status":"publish","type":"post","link":"https:\/\/www.alzd.de\/en\/2023\/08\/30\/melody-of-the-sun-and-french-riviera-by-mancera-summer-memories\/","title":{"rendered":"Melody of the Sun and French Riviera by Mancera &#8211; Summer Memories"},"content":{"rendered":"\n<p>We are enjoying the last days of summer right now, and here at the Baltic Sea the holidays are also over by now. Everyday life has us fully back &#8211; with school and daycare. And so I&#8217;m very pleased that I can still dream a little far away with <a href=\"https:\/\/www.ausliebezumduft.de\/mancera-melody-of-the-sun.html\" target=\"_blank\" rel=\"noreferrer noopener\">Melody of the Sun<\/a> and <a href=\"https:\/\/www.ausliebezumduft.de\/mancera-french-riviera.html\" target=\"_blank\" rel=\"noreferrer noopener\">French Riviera<\/a> by <a href=\"https:\/\/www.ausliebezumduft.de\/duefte\/mancera.html\" target=\"_blank\" rel=\"noreferrer noopener\">Mancera<\/a>, in warm climes, and olfactorically bring back the sun even in bad weather.<\/p>\n<div class=\"wp-block-image\">\n<figure class=\"aligncenter size-large\"><img decoding=\"async\" width=\"864\" height=\"1080\" src=\"https:\/\/www.alzd.de\/wp-content\/2023\/08\/293547693_2256754831149229_6815108456040216511_n-864x1080.jpg\" alt=\"Mancera - French Riviera\" class=\"wp-image-109918\" title=\"Mancera - French Riviera\" srcset=\"https:\/\/www.alzd.de\/wp-content\/2023\/08\/293547693_2256754831149229_6815108456040216511_n-864x1080.jpg 864w, https:\/\/www.alzd.de\/wp-content\/2023\/08\/293547693_2256754831149229_6815108456040216511_n-576x720.jpg 576w, https:\/\/www.alzd.de\/wp-content\/2023\/08\/293547693_2256754831149229_6815108456040216511_n-288x360.jpg 288w, https:\/\/www.alzd.de\/wp-content\/2023\/08\/293547693_2256754831149229_6815108456040216511_n-768x960.jpg 768w, https:\/\/www.alzd.de\/wp-content\/2023\/08\/293547693_2256754831149229_6815108456040216511_n-1229x1536.jpg 1229w, https:\/\/www.alzd.de\/wp-content\/2023\/08\/293547693_2256754831149229_6815108456040216511_n.jpg 1440w\" sizes=\"(max-width: 864px) 100vw, 864px\" \/><figcaption class=\"wp-element-caption\">French Riviera from <a href=\"https:\/\/www.facebook.com\/ManceraParfums\/\" target=\"_blank\" rel=\"noreferrer noopener\">Facebook<\/a><\/figcaption><\/figure>\n<\/div>\n<p>The press texts of both creations refer to similar inspirations. While Melody of the Sun is supposed to be &#8220;a sun-kissed reminder&#8221; of the heat-giving and dazzlingly bright celestial body above our heads, which first showed itself here too often this summer and then suddenly made itself scarce, French Riviera &#8211; the name suggests it &#8211; is a holiday reminder of the C\u00f4te d&#8217;Azur.<\/p>\n\n<h2 class=\"wp-block-heading\">Melody of the Sun &#8211; Sunny Melody<\/h2>\n\n<p>As I just mentioned, we haven&#8217;t had much sunshine in the last few weeks: The sun has only made an occasional appearance at the Baltic Sea, giving way to more or less motivated rain clouds, which has made August rather damp here. Even though many an excursion literally fell through due to continuous rain, our garden looks as lush and green as if the drought of the previous months had never happened.<\/p>\n\n<p>Melody of the Sun by <a href=\"https:\/\/www.alzd.de\/en\/tag\/mancera-en\/\" target=\"_blank\" rel=\"noreferrer noopener\">Mancera<\/a> hopefully manages to olfactorically replace the missing sunshine hours of the last weeks. The fragrance notes of the eau de parfum definitely sound enticing, fruity and spicy-floral: <strong>lemon, grapefruit, pear, black currant, lavender, cardamom, green tea, jasmine, osmanthus, cedarwood, amber, mate<\/strong> and <strong>musk<\/strong>.<\/p>\n\n<figure class=\"wp-block-image size-large is-resized\"><img decoding=\"async\" src=\"https:\/\/www.alzd.de\/wp-content\/2023\/08\/305049765_2295000003991378_2909289577264802732_n-1080x1080.jpg\" alt=\"Mancera - Melody of the Sun\" class=\"wp-image-109923\" style=\"width:734px;height:734px\" width=\"734\" height=\"734\" title=\"Mancera - Melody of the Sun\" srcset=\"https:\/\/www.alzd.de\/wp-content\/2023\/08\/305049765_2295000003991378_2909289577264802732_n-1080x1080.jpg 1080w, https:\/\/www.alzd.de\/wp-content\/2023\/08\/305049765_2295000003991378_2909289577264802732_n-720x720.jpg 720w, https:\/\/www.alzd.de\/wp-content\/2023\/08\/305049765_2295000003991378_2909289577264802732_n-360x360.jpg 360w, https:\/\/www.alzd.de\/wp-content\/2023\/08\/305049765_2295000003991378_2909289577264802732_n-768x768.jpg 768w, https:\/\/www.alzd.de\/wp-content\/2023\/08\/305049765_2295000003991378_2909289577264802732_n.jpg 1440w\" sizes=\"(max-width: 734px) 100vw, 734px\" \/><figcaption class=\"wp-element-caption\">Melody of the Sun from <a href=\"https:\/\/www.facebook.com\/ManceraParfums\/\" target=\"_blank\" rel=\"noreferrer noopener\">Facebook<\/a><\/figcaption><\/figure>\n\n<blockquote class=\"wp-block-quote is-layout-flow wp-block-quote-is-layout-flow\">\n<p>Melody of the Sun was inspired by the sun. Melodic, seductive, like a fragrant sunrise. (&#8230;) A sun-kissed memory that makes you smile. Inspired by Provence, but also by the feeling of joy and well-being that comes with spring and lasts until the end of summer, this fragrance draws its energy from the contemplation of the sun.<\/p>\n<\/blockquote>\n\n<h3 class=\"wp-block-heading\">Summer without end &#8211; Melody of the Sun<\/h3>\n\n<p>Provence is supposed to be the source of inspiration, and so I&#8217;m not surprised that lavender is also included in the creation. But first, the eau de parfum reveals distinctly citrus components. Tart and refreshing, Hesperides scents me, soon underpinned by softly juicy pear and creamy, greenish, flowing water nuances that I would spontaneously attribute to green tea and a handful of jasmine blossoms. Subtle lavender herbaceousness and the green freshness of cardamom shimmer in the background of the composition.<\/p>\n\n<p>Airy and transparent, Melody of the Sun shines like a summer greeting carried by the breeze. Clean cedarwood and powdery fruity osmanthus underscore this impression, providing bright woody and velvety accents before Mancera&#8217;s creation finally fades out slowly with under the warming sun of ambergris and on fine sandy musk powder.<\/p>\n<div class=\"wp-block-image\">\n<figure class=\"aligncenter size-full\"><img decoding=\"async\" width=\"600\" height=\"600\" src=\"https:\/\/www.alzd.de\/wp-content\/2023\/08\/melody-of-the-sun-120ml.webp\" alt=\"Mancera - Melody of the Sun\" class=\"wp-image-109925\" title=\"Mancera - Melody of the Sun\" srcset=\"https:\/\/www.alzd.de\/wp-content\/2023\/08\/melody-of-the-sun-120ml.webp 600w, https:\/\/www.alzd.de\/wp-content\/2023\/08\/melody-of-the-sun-120ml-360x360.webp 360w\" sizes=\"(max-width: 600px) 100vw, 600px\" \/><\/figure>\n<\/div>\n<p>Melody of the Sun is a calm, relaxed and light summer fragrance that smells of citrus, hints of lavender, creamy fruity florals, flowing green tea nuances and light-clean woods. A sunny, transparent and unexciting creation that is absolutely suitable for the office and everyday life. Perfect for those who are looking for a pleasant and uncomplicated unisex fragrance companion for any occasion and would like to dream themselves back to the sun even on cooler days. <\/p>\n\n<div class=\"wp-block-buttons is-content-justification-center is-layout-flex wp-container-core-buttons-is-layout-16018d1d wp-block-buttons-is-layout-flex\">\n<div class=\"wp-block-button has-custom-width wp-block-button__width-50\"><a class=\"wp-block-button__link has-white-color has-text-color has-background wp-element-button\" href=\"https:\/\/www.ausliebezumduft.de\/mancera-melody-of-the-sun.html\" style=\"background-color:#eaad40\" target=\"_blank\" rel=\"noreferrer noopener\"><strong>Melody of the Sun<\/strong><\/a><\/div>\n<\/div>\n\n<div style=\"height:100px\" aria-hidden=\"true\" class=\"wp-block-spacer\"><\/div>\n\n<h2 class=\"wp-block-heading\">French Riviera &#8211; Magnificent South of France<\/h2>\n\n<p>The French Mediterranean coast is known to be a popular tourist destination and also a popular source of inspiration for fragrance compositions of various perfume brands. Not only the landscape is said to have inspired perfumer Pierre Montale to the creation, but also a film from the late 1960s called &#8220;La Piscine&#8221; &#8211; The Swimming Pool &#8211; starring Romy Schneider and Alain Delon. The recently deceased Jane Birkin also starred in this play, which is set in a villa in Saint-Tropez and centres not only on tragic interpersonal relationships but also on the eponymous swimming pool.<\/p>\n\n<p>The ingredients are <strong>mandarin, orange, lemon, ginger, black pepper, maritime notes, tiare flower, cedarwood, mimosa, vetiver, fleur de sel (sea salt), amber<\/strong> and <strong>white musk<\/strong>. I had already guessed spontaneously on mimosa, but is in the area of the famous route of mimosa, which runs up to Grasse. Citrus fruits also fit nicely for me, maritime notes as well, which hopefully don&#8217;t smell too much like a swimming pool, in other words: overly aquatic.<\/p>\n<div class=\"wp-block-image\">\n<figure class=\"aligncenter size-large\"><img decoding=\"async\" width=\"864\" height=\"1080\" src=\"https:\/\/www.alzd.de\/wp-content\/2023\/08\/288930408_2233253006832745_7190887466447967801_n-864x1080.jpg\" alt=\"\" class=\"wp-image-109948\" srcset=\"https:\/\/www.alzd.de\/wp-content\/2023\/08\/288930408_2233253006832745_7190887466447967801_n-864x1080.jpg 864w, https:\/\/www.alzd.de\/wp-content\/2023\/08\/288930408_2233253006832745_7190887466447967801_n-576x720.jpg 576w, https:\/\/www.alzd.de\/wp-content\/2023\/08\/288930408_2233253006832745_7190887466447967801_n-288x360.jpg 288w, https:\/\/www.alzd.de\/wp-content\/2023\/08\/288930408_2233253006832745_7190887466447967801_n-768x960.jpg 768w, https:\/\/www.alzd.de\/wp-content\/2023\/08\/288930408_2233253006832745_7190887466447967801_n-1229x1536.jpg 1229w, https:\/\/www.alzd.de\/wp-content\/2023\/08\/288930408_2233253006832745_7190887466447967801_n.jpg 1440w\" sizes=\"(max-width: 864px) 100vw, 864px\" \/><figcaption class=\"wp-element-caption\">French Riviera from <a href=\"https:\/\/www.facebook.com\/ManceraParfums\/\" target=\"_blank\" rel=\"noreferrer noopener\">Facebook<\/a><\/figcaption><\/figure>\n<\/div>\n<blockquote class=\"wp-block-quote is-layout-flow wp-block-quote-is-layout-flow\">\n<p>French Riviera by Mancera is a vacation memory. A sea breeze blows over the mountain slopes of the Esterel Mountains and the freshness of the high altitudes draws to the coast flooded by the Mediterranean sun. The C\u00f4te d&#8217;Azur is an invitation to &#8220;laze&#8221;, when the heart comes to rest and time stands still.<\/p>\n<\/blockquote>\n\n<h3 class=\"wp-block-heading\">The sweet idleness<\/h3>\n\n<p>A cool breeze sweeps over warmed, pine-clad rocks. The salt of the sea is in the air, with which the tangy notes of ripe citrus mingle. From afar, the wind carries the golden sweetness of mimosa and creamy white flowers, which combine with hesperides and salty marine nuances to create a beguiling melange.<\/p>\n\n<p>French Riviera remains in this state for quite a while, dozing in the Mediterranean sun, indulging in sweet idleness and letting us share in its beautiful fragrance, before light-woody and discreetly ambered nuances slowly combine with powdery musk to gradually fade the composition.<\/p>\n<div class=\"wp-block-image\">\n<figure class=\"aligncenter size-full\"><img decoding=\"async\" width=\"600\" height=\"600\" src=\"https:\/\/www.alzd.de\/wp-content\/2023\/08\/french-riviera-120ml.webp\" alt=\"Mancera - French Riviera\" class=\"wp-image-109953\" title=\"Mancera - French Riviera\" srcset=\"https:\/\/www.alzd.de\/wp-content\/2023\/08\/french-riviera-120ml.webp 600w, https:\/\/www.alzd.de\/wp-content\/2023\/08\/french-riviera-120ml-360x360.webp 360w\" sizes=\"(max-width: 600px) 100vw, 600px\" \/><\/figure>\n<\/div>\n<p>A light, quiet and salty sea fragrance that combines sunny citrus fruits with creamy blossoms, embedded in a softly soapy, woody-earthy base. Summery, dreamy, relaxed and incredibly serene, the creation is finely balanced and extremely harmoniously composed. A maritime eau de parfum to my taste that is also an absolute all-rounder. Perfect for all those who prefer transparent marine fragrances with subtle salt notes and fine citrus fruit. \ud83d\udc99<\/p>\n\n<div class=\"wp-block-buttons is-content-justification-center is-layout-flex wp-container-core-buttons-is-layout-16018d1d wp-block-buttons-is-layout-flex\">\n<div class=\"wp-block-button has-custom-width wp-block-button__width-50\"><a class=\"wp-block-button__link has-white-color has-text-color has-background wp-element-button\" href=\"https:\/\/www.ausliebezumduft.de\/mancera-french-riviera.html\" style=\"background-color:#194c85\" target=\"_blank\" rel=\"noreferrer noopener\"><strong>French Riviera<\/strong><\/a><\/div>\n<\/div>\n","protected":false},"excerpt":{"rendered":"<p>We are enjoying the last days of summer right now, and here at the Baltic Sea the holidays are also over by now. Everyday life has us fully&#8230;<\/p>\n<div class=\"more-link-wrapper\"><a class=\"more-link\" href=\"https:\/\/www.alzd.de\/en\/2023\/08\/30\/melody-of-the-sun-and-french-riviera-by-mancera-summer-memories\/\">WEITERLESEN<span class=\"screen-reader-text\">Melody of the Sun and French Riviera by Mancera &#8211; Summer Memories<\/span><\/a><\/div>\n","protected":false},"author":535,"featured_media":109917,"comment_status":"open","ping_status":"closed","sticky":false,"template":"","format":"standard","meta":{"footnotes":""},"categories":[1150,1151,1117,1158],"tags":[1613],"class_list":["post-109980","post","type-post","status-publish","format-standard","has-post-thumbnail","hentry","category-aquatic","category-flowers","category-fragrances","category-hesperidian","tag-mancera-en","excerpt","zoom","full-without-featured","even","excerpt-0"],"yoast_head":"<!-- This site is optimized with the Yoast SEO plugin v27.5 - https:\/\/yoast.com\/product\/yoast-seo-wordpress\/ -->\n<title>Melody of the Sun &amp; French Riviera by Mancera - Duft-Tagebuch<\/title>\n<meta name=\"description\" content=\"With Melody of the Sun and French Riviera by Mancera, you can still dream a little far away, in warm climes.\" \/>\n<meta name=\"robots\" content=\"index, follow, max-snippet:-1, max-image-preview:large, max-video-preview:-1\" \/>\n<link rel=\"canonical\" href=\"https:\/\/www.alzd.de\/en\/2023\/08\/30\/melody-of-the-sun-and-french-riviera-by-mancera-summer-memories\/\" \/>\n<meta property=\"og:locale\" content=\"en_US\" \/>\n<meta property=\"og:type\" content=\"article\" \/>\n<meta property=\"og:title\" content=\"Melody of the Sun &amp; French Riviera by Mancera - Duft-Tagebuch\" \/>\n<meta property=\"og:url\" content=\"https:\/\/www.alzd.de\/en\/2023\/08\/30\/melody-of-the-sun-and-french-riviera-by-mancera-summer-memories\/\" \/>\n<meta property=\"og:site_name\" content=\"Das Duft-Tagebuch\" \/>\n<meta property=\"article:publisher\" content=\"https:\/\/www.facebook.com\/dufttagebuch\/\" \/>\n<meta property=\"article:author\" content=\"https:\/\/www.facebook.com\/stephanie.tkaczik\" \/>\n<meta property=\"article:published_time\" content=\"2023-08-30T05:30:00+00:00\" \/>\n<meta property=\"article:modified_time\" content=\"2023-08-30T15:11:28+00:00\" \/>\n<meta property=\"og:image\" content=\"https:\/\/www.alzd.de\/wp-content\/2023\/08\/bb305049765_2295000003991378_2909289577264802732_n.jpg\" \/>\n\t<meta property=\"og:image:width\" content=\"720\" \/>\n\t<meta property=\"og:image:height\" content=\"400\" \/>\n\t<meta property=\"og:image:type\" content=\"image\/jpeg\" \/>\n<meta name=\"author\" content=\"Julia Bir\u00f3\" \/>\n<meta name=\"twitter:card\" content=\"summary_large_image\" \/>\n<meta name=\"twitter:creator\" content=\"@ausliebezumduft\" \/>\n<meta name=\"twitter:site\" content=\"@ausliebezumduft\" \/>\n<script type=\"application\/ld+json\" class=\"yoast-schema-graph\">{\"@context\":\"https:\\\/\\\/schema.org\",\"@graph\":[{\"@type\":\"Article\",\"@id\":\"https:\\\/\\\/www.alzd.de\\\/en\\\/2023\\\/08\\\/30\\\/melody-of-the-sun-and-french-riviera-by-mancera-summer-memories\\\/#article\",\"isPartOf\":{\"@id\":\"https:\\\/\\\/www.alzd.de\\\/en\\\/2023\\\/08\\\/30\\\/melody-of-the-sun-and-french-riviera-by-mancera-summer-memories\\\/\"},\"author\":{\"name\":\"Julia Bir\u00f3\",\"@id\":\"https:\\\/\\\/www.alzd.de\\\/en\\\/#\\\/schema\\\/person\\\/8efcd8f02447fdbe8f29ad465897d04e\"},\"headline\":\"Melody of the Sun and French Riviera by Mancera &#8211; Summer Memories\",\"datePublished\":\"2023-08-30T05:30:00+00:00\",\"dateModified\":\"2023-08-30T15:11:28+00:00\",\"mainEntityOfPage\":{\"@id\":\"https:\\\/\\\/www.alzd.de\\\/en\\\/2023\\\/08\\\/30\\\/melody-of-the-sun-and-french-riviera-by-mancera-summer-memories\\\/\"},\"wordCount\":973,\"commentCount\":0,\"publisher\":{\"@id\":\"https:\\\/\\\/www.alzd.de\\\/en\\\/#organization\"},\"image\":{\"@id\":\"https:\\\/\\\/www.alzd.de\\\/en\\\/2023\\\/08\\\/30\\\/melody-of-the-sun-and-french-riviera-by-mancera-summer-memories\\\/#primaryimage\"},\"thumbnailUrl\":\"https:\\\/\\\/www.alzd.de\\\/wp-content\\\/2023\\\/08\\\/bb305049765_2295000003991378_2909289577264802732_n.jpg\",\"keywords\":[\"Mancera\"],\"articleSection\":[\"Aquatic\",\"Flowers\",\"Fragrances\",\"Hesperidian\"],\"inLanguage\":\"en-US\",\"potentialAction\":[{\"@type\":\"CommentAction\",\"name\":\"Comment\",\"target\":[\"https:\\\/\\\/www.alzd.de\\\/en\\\/2023\\\/08\\\/30\\\/melody-of-the-sun-and-french-riviera-by-mancera-summer-memories\\\/#respond\"]}]},{\"@type\":\"WebPage\",\"@id\":\"https:\\\/\\\/www.alzd.de\\\/en\\\/2023\\\/08\\\/30\\\/melody-of-the-sun-and-french-riviera-by-mancera-summer-memories\\\/\",\"url\":\"https:\\\/\\\/www.alzd.de\\\/en\\\/2023\\\/08\\\/30\\\/melody-of-the-sun-and-french-riviera-by-mancera-summer-memories\\\/\",\"name\":\"Melody of the Sun & French Riviera by Mancera - Duft-Tagebuch\",\"isPartOf\":{\"@id\":\"https:\\\/\\\/www.alzd.de\\\/en\\\/#website\"},\"primaryImageOfPage\":{\"@id\":\"https:\\\/\\\/www.alzd.de\\\/en\\\/2023\\\/08\\\/30\\\/melody-of-the-sun-and-french-riviera-by-mancera-summer-memories\\\/#primaryimage\"},\"image\":{\"@id\":\"https:\\\/\\\/www.alzd.de\\\/en\\\/2023\\\/08\\\/30\\\/melody-of-the-sun-and-french-riviera-by-mancera-summer-memories\\\/#primaryimage\"},\"thumbnailUrl\":\"https:\\\/\\\/www.alzd.de\\\/wp-content\\\/2023\\\/08\\\/bb305049765_2295000003991378_2909289577264802732_n.jpg\",\"datePublished\":\"2023-08-30T05:30:00+00:00\",\"dateModified\":\"2023-08-30T15:11:28+00:00\",\"description\":\"With Melody of the Sun and French Riviera by Mancera, you can still dream a little far away, in warm climes.\",\"breadcrumb\":{\"@id\":\"https:\\\/\\\/www.alzd.de\\\/en\\\/2023\\\/08\\\/30\\\/melody-of-the-sun-and-french-riviera-by-mancera-summer-memories\\\/#breadcrumb\"},\"inLanguage\":\"en-US\",\"potentialAction\":[{\"@type\":\"ReadAction\",\"target\":[\"https:\\\/\\\/www.alzd.de\\\/en\\\/2023\\\/08\\\/30\\\/melody-of-the-sun-and-french-riviera-by-mancera-summer-memories\\\/\"]}]},{\"@type\":\"ImageObject\",\"inLanguage\":\"en-US\",\"@id\":\"https:\\\/\\\/www.alzd.de\\\/en\\\/2023\\\/08\\\/30\\\/melody-of-the-sun-and-french-riviera-by-mancera-summer-memories\\\/#primaryimage\",\"url\":\"https:\\\/\\\/www.alzd.de\\\/wp-content\\\/2023\\\/08\\\/bb305049765_2295000003991378_2909289577264802732_n.jpg\",\"contentUrl\":\"https:\\\/\\\/www.alzd.de\\\/wp-content\\\/2023\\\/08\\\/bb305049765_2295000003991378_2909289577264802732_n.jpg\",\"width\":720,\"height\":400},{\"@type\":\"BreadcrumbList\",\"@id\":\"https:\\\/\\\/www.alzd.de\\\/en\\\/2023\\\/08\\\/30\\\/melody-of-the-sun-and-french-riviera-by-mancera-summer-memories\\\/#breadcrumb\",\"itemListElement\":[{\"@type\":\"ListItem\",\"position\":1,\"name\":\"Startseite\",\"item\":\"https:\\\/\\\/www.alzd.de\\\/en\\\/\"},{\"@type\":\"ListItem\",\"position\":2,\"name\":\"Melody of the Sun and French Riviera by Mancera &#8211; Summer Memories\"}]},{\"@type\":\"WebSite\",\"@id\":\"https:\\\/\\\/www.alzd.de\\\/en\\\/#website\",\"url\":\"https:\\\/\\\/www.alzd.de\\\/en\\\/\",\"name\":\"Das Duft-Tagebuch\",\"description\":\"Das Parfumblog von Aus Liebe zum Duft\",\"publisher\":{\"@id\":\"https:\\\/\\\/www.alzd.de\\\/en\\\/#organization\"},\"potentialAction\":[{\"@type\":\"SearchAction\",\"target\":{\"@type\":\"EntryPoint\",\"urlTemplate\":\"https:\\\/\\\/www.alzd.de\\\/en\\\/?s={search_term_string}\"},\"query-input\":{\"@type\":\"PropertyValueSpecification\",\"valueRequired\":true,\"valueName\":\"search_term_string\"}}],\"inLanguage\":\"en-US\"},{\"@type\":\"Organization\",\"@id\":\"https:\\\/\\\/www.alzd.de\\\/en\\\/#organization\",\"name\":\"Das Duft-Tagebuch\",\"url\":\"https:\\\/\\\/www.alzd.de\\\/en\\\/\",\"logo\":{\"@type\":\"ImageObject\",\"inLanguage\":\"en-US\",\"@id\":\"https:\\\/\\\/www.alzd.de\\\/en\\\/#\\\/schema\\\/logo\\\/image\\\/\",\"url\":\"https:\\\/\\\/www.alzd.de\\\/wp-content\\\/2023\\\/08\\\/alzd_dufttagebuch.png\",\"contentUrl\":\"https:\\\/\\\/www.alzd.de\\\/wp-content\\\/2023\\\/08\\\/alzd_dufttagebuch.png\",\"width\":1804,\"height\":416,\"caption\":\"Das Duft-Tagebuch\"},\"image\":{\"@id\":\"https:\\\/\\\/www.alzd.de\\\/en\\\/#\\\/schema\\\/logo\\\/image\\\/\"},\"sameAs\":[\"https:\\\/\\\/www.facebook.com\\\/dufttagebuch\\\/\",\"https:\\\/\\\/x.com\\\/ausliebezumduft\",\"https:\\\/\\\/www.instagram.com\\\/ausliebezumduft.de\\\/\",\"https:\\\/\\\/www.youtube.com\\\/c\\\/ausliebezumduft\"]},{\"@type\":\"Person\",\"@id\":\"https:\\\/\\\/www.alzd.de\\\/en\\\/#\\\/schema\\\/person\\\/8efcd8f02447fdbe8f29ad465897d04e\",\"name\":\"Julia Bir\u00f3\",\"image\":{\"@type\":\"ImageObject\",\"inLanguage\":\"en-US\",\"@id\":\"https:\\\/\\\/www.alzd.de\\\/wp-content\\\/2018\\\/02\\\/cropped-cropped-mitarbeiterbilder_steffi--96x96.jpg\",\"url\":\"https:\\\/\\\/www.alzd.de\\\/wp-content\\\/2018\\\/02\\\/cropped-cropped-mitarbeiterbilder_steffi--96x96.jpg\",\"contentUrl\":\"https:\\\/\\\/www.alzd.de\\\/wp-content\\\/2018\\\/02\\\/cropped-cropped-mitarbeiterbilder_steffi--96x96.jpg\",\"caption\":\"Julia Bir\u00f3\"},\"description\":\"Bereits 2010 gingen so einige Blogbeitr\u00e4ge auf mein Konto. Dann war ich \u201ekurz\u201c weg \u2013 sechs Jahre. Umso mehr freut es mich, dass ich nun wieder die Chance bekomme, mein N\u00e4schen im Dienste der Duftrezension schnuppern zu lassen und eifrig in die Tasten zu hauen. Was Nischend\u00fcfte angeht, habe ich damals \u00fcbrigens schnell Feuer gefangen. Meine Ausbildung tat dazu ihr \u00dcbriges: Als diplomierte Biologin kenne ich mich nicht nur mit Fauna und Flora, sondern auch recht gut mit der Herstellung von \u00d6len und Extrakten aus, was den Reiz der Parfumwelt nat\u00fcrlich noch gr\u00f6\u00dfer macht.\",\"sameAs\":[\"https:\\\/\\\/biro.is\\\/\",\"https:\\\/\\\/www.facebook.com\\\/stephanie.tkaczik\"],\"url\":\"https:\\\/\\\/www.alzd.de\\\/en\\\/author\\\/stephanie\\\/\"}]}<\/script>\n<!-- \/ Yoast SEO plugin. -->","yoast_head_json":{"title":"Melody of the Sun & French Riviera by Mancera - Duft-Tagebuch","description":"With Melody of the Sun and French Riviera by Mancera, you can still dream a little far away, in warm climes.","robots":{"index":"index","follow":"follow","max-snippet":"max-snippet:-1","max-image-preview":"max-image-preview:large","max-video-preview":"max-video-preview:-1"},"canonical":"https:\/\/www.alzd.de\/en\/2023\/08\/30\/melody-of-the-sun-and-french-riviera-by-mancera-summer-memories\/","og_locale":"en_US","og_type":"article","og_title":"Melody of the Sun & French Riviera by Mancera - Duft-Tagebuch","og_url":"https:\/\/www.alzd.de\/en\/2023\/08\/30\/melody-of-the-sun-and-french-riviera-by-mancera-summer-memories\/","og_site_name":"Das Duft-Tagebuch","article_publisher":"https:\/\/www.facebook.com\/dufttagebuch\/","article_author":"https:\/\/www.facebook.com\/stephanie.tkaczik","article_published_time":"2023-08-30T05:30:00+00:00","article_modified_time":"2023-08-30T15:11:28+00:00","og_image":[{"width":720,"height":400,"url":"https:\/\/www.alzd.de\/wp-content\/2023\/08\/bb305049765_2295000003991378_2909289577264802732_n.jpg","type":"image\/jpeg"}],"author":"Julia Bir\u00f3","twitter_card":"summary_large_image","twitter_creator":"@ausliebezumduft","twitter_site":"@ausliebezumduft","schema":{"@context":"https:\/\/schema.org","@graph":[{"@type":"Article","@id":"https:\/\/www.alzd.de\/en\/2023\/08\/30\/melody-of-the-sun-and-french-riviera-by-mancera-summer-memories\/#article","isPartOf":{"@id":"https:\/\/www.alzd.de\/en\/2023\/08\/30\/melody-of-the-sun-and-french-riviera-by-mancera-summer-memories\/"},"author":{"name":"Julia Bir\u00f3","@id":"https:\/\/www.alzd.de\/en\/#\/schema\/person\/8efcd8f02447fdbe8f29ad465897d04e"},"headline":"Melody of the Sun and French Riviera by Mancera &#8211; Summer Memories","datePublished":"2023-08-30T05:30:00+00:00","dateModified":"2023-08-30T15:11:28+00:00","mainEntityOfPage":{"@id":"https:\/\/www.alzd.de\/en\/2023\/08\/30\/melody-of-the-sun-and-french-riviera-by-mancera-summer-memories\/"},"wordCount":973,"commentCount":0,"publisher":{"@id":"https:\/\/www.alzd.de\/en\/#organization"},"image":{"@id":"https:\/\/www.alzd.de\/en\/2023\/08\/30\/melody-of-the-sun-and-french-riviera-by-mancera-summer-memories\/#primaryimage"},"thumbnailUrl":"https:\/\/www.alzd.de\/wp-content\/2023\/08\/bb305049765_2295000003991378_2909289577264802732_n.jpg","keywords":["Mancera"],"articleSection":["Aquatic","Flowers","Fragrances","Hesperidian"],"inLanguage":"en-US","potentialAction":[{"@type":"CommentAction","name":"Comment","target":["https:\/\/www.alzd.de\/en\/2023\/08\/30\/melody-of-the-sun-and-french-riviera-by-mancera-summer-memories\/#respond"]}]},{"@type":"WebPage","@id":"https:\/\/www.alzd.de\/en\/2023\/08\/30\/melody-of-the-sun-and-french-riviera-by-mancera-summer-memories\/","url":"https:\/\/www.alzd.de\/en\/2023\/08\/30\/melody-of-the-sun-and-french-riviera-by-mancera-summer-memories\/","name":"Melody of the Sun & French Riviera by Mancera - Duft-Tagebuch","isPartOf":{"@id":"https:\/\/www.alzd.de\/en\/#website"},"primaryImageOfPage":{"@id":"https:\/\/www.alzd.de\/en\/2023\/08\/30\/melody-of-the-sun-and-french-riviera-by-mancera-summer-memories\/#primaryimage"},"image":{"@id":"https:\/\/www.alzd.de\/en\/2023\/08\/30\/melody-of-the-sun-and-french-riviera-by-mancera-summer-memories\/#primaryimage"},"thumbnailUrl":"https:\/\/www.alzd.de\/wp-content\/2023\/08\/bb305049765_2295000003991378_2909289577264802732_n.jpg","datePublished":"2023-08-30T05:30:00+00:00","dateModified":"2023-08-30T15:11:28+00:00","description":"With Melody of the Sun and French Riviera by Mancera, you can still dream a little far away, in warm climes.","breadcrumb":{"@id":"https:\/\/www.alzd.de\/en\/2023\/08\/30\/melody-of-the-sun-and-french-riviera-by-mancera-summer-memories\/#breadcrumb"},"inLanguage":"en-US","potentialAction":[{"@type":"ReadAction","target":["https:\/\/www.alzd.de\/en\/2023\/08\/30\/melody-of-the-sun-and-french-riviera-by-mancera-summer-memories\/"]}]},{"@type":"ImageObject","inLanguage":"en-US","@id":"https:\/\/www.alzd.de\/en\/2023\/08\/30\/melody-of-the-sun-and-french-riviera-by-mancera-summer-memories\/#primaryimage","url":"https:\/\/www.alzd.de\/wp-content\/2023\/08\/bb305049765_2295000003991378_2909289577264802732_n.jpg","contentUrl":"https:\/\/www.alzd.de\/wp-content\/2023\/08\/bb305049765_2295000003991378_2909289577264802732_n.jpg","width":720,"height":400},{"@type":"BreadcrumbList","@id":"https:\/\/www.alzd.de\/en\/2023\/08\/30\/melody-of-the-sun-and-french-riviera-by-mancera-summer-memories\/#breadcrumb","itemListElement":[{"@type":"ListItem","position":1,"name":"Startseite","item":"https:\/\/www.alzd.de\/en\/"},{"@type":"ListItem","position":2,"name":"Melody of the Sun and French Riviera by Mancera &#8211; Summer Memories"}]},{"@type":"WebSite","@id":"https:\/\/www.alzd.de\/en\/#website","url":"https:\/\/www.alzd.de\/en\/","name":"Das Duft-Tagebuch","description":"Das Parfumblog von Aus Liebe zum Duft","publisher":{"@id":"https:\/\/www.alzd.de\/en\/#organization"},"potentialAction":[{"@type":"SearchAction","target":{"@type":"EntryPoint","urlTemplate":"https:\/\/www.alzd.de\/en\/?s={search_term_string}"},"query-input":{"@type":"PropertyValueSpecification","valueRequired":true,"valueName":"search_term_string"}}],"inLanguage":"en-US"},{"@type":"Organization","@id":"https:\/\/www.alzd.de\/en\/#organization","name":"Das Duft-Tagebuch","url":"https:\/\/www.alzd.de\/en\/","logo":{"@type":"ImageObject","inLanguage":"en-US","@id":"https:\/\/www.alzd.de\/en\/#\/schema\/logo\/image\/","url":"https:\/\/www.alzd.de\/wp-content\/2023\/08\/alzd_dufttagebuch.png","contentUrl":"https:\/\/www.alzd.de\/wp-content\/2023\/08\/alzd_dufttagebuch.png","width":1804,"height":416,"caption":"Das Duft-Tagebuch"},"image":{"@id":"https:\/\/www.alzd.de\/en\/#\/schema\/logo\/image\/"},"sameAs":["https:\/\/www.facebook.com\/dufttagebuch\/","https:\/\/x.com\/ausliebezumduft","https:\/\/www.instagram.com\/ausliebezumduft.de\/","https:\/\/www.youtube.com\/c\/ausliebezumduft"]},{"@type":"Person","@id":"https:\/\/www.alzd.de\/en\/#\/schema\/person\/8efcd8f02447fdbe8f29ad465897d04e","name":"Julia Bir\u00f3","image":{"@type":"ImageObject","inLanguage":"en-US","@id":"https:\/\/www.alzd.de\/wp-content\/2018\/02\/cropped-cropped-mitarbeiterbilder_steffi--96x96.jpg","url":"https:\/\/www.alzd.de\/wp-content\/2018\/02\/cropped-cropped-mitarbeiterbilder_steffi--96x96.jpg","contentUrl":"https:\/\/www.alzd.de\/wp-content\/2018\/02\/cropped-cropped-mitarbeiterbilder_steffi--96x96.jpg","caption":"Julia Bir\u00f3"},"description":"Bereits 2010 gingen so einige Blogbeitr\u00e4ge auf mein Konto. Dann war ich \u201ekurz\u201c weg \u2013 sechs Jahre. Umso mehr freut es mich, dass ich nun wieder die Chance bekomme, mein N\u00e4schen im Dienste der Duftrezension schnuppern zu lassen und eifrig in die Tasten zu hauen. Was Nischend\u00fcfte angeht, habe ich damals \u00fcbrigens schnell Feuer gefangen. Meine Ausbildung tat dazu ihr \u00dcbriges: Als diplomierte Biologin kenne ich mich nicht nur mit Fauna und Flora, sondern auch recht gut mit der Herstellung von \u00d6len und Extrakten aus, was den Reiz der Parfumwelt nat\u00fcrlich noch gr\u00f6\u00dfer macht.","sameAs":["https:\/\/biro.is\/","https:\/\/www.facebook.com\/stephanie.tkaczik"],"url":"https:\/\/www.alzd.de\/en\/author\/stephanie\/"}]}},"wp-worthy-pixel":{"ignored":false,"public":null,"server":null,"url":null},"wp-worthy-type":"normal","_links":{"self":[{"href":"https:\/\/www.alzd.de\/en\/wp-json\/wp\/v2\/posts\/109980","targetHints":{"allow":["GET"]}}],"collection":[{"href":"https:\/\/www.alzd.de\/en\/wp-json\/wp\/v2\/posts"}],"about":[{"href":"https:\/\/www.alzd.de\/en\/wp-json\/wp\/v2\/types\/post"}],"author":[{"embeddable":true,"href":"https:\/\/www.alzd.de\/en\/wp-json\/wp\/v2\/users\/535"}],"replies":[{"embeddable":true,"href":"https:\/\/www.alzd.de\/en\/wp-json\/wp\/v2\/comments?post=109980"}],"version-history":[{"count":5,"href":"https:\/\/www.alzd.de\/en\/wp-json\/wp\/v2\/posts\/109980\/revisions"}],"predecessor-version":[{"id":109985,"href":"https:\/\/www.alzd.de\/en\/wp-json\/wp\/v2\/posts\/109980\/revisions\/109985"}],"wp:featuredmedia":[{"embeddable":true,"href":"https:\/\/www.alzd.de\/en\/wp-json\/wp\/v2\/media\/109917"}],"wp:attachment":[{"href":"https:\/\/www.alzd.de\/en\/wp-json\/wp\/v2\/media?parent=109980"}],"wp:term":[{"taxonomy":"category","embeddable":true,"href":"https:\/\/www.alzd.de\/en\/wp-json\/wp\/v2\/categories?post=109980"},{"taxonomy":"post_tag","embeddable":true,"href":"https:\/\/www.alzd.de\/en\/wp-json\/wp\/v2\/tags?post=109980"}],"curies":[{"name":"wp","href":"https:\/\/api.w.org\/{rel}","templated":true}]}}