{"id":109492,"date":"2023-08-15T07:30:00","date_gmt":"2023-08-15T05:30:00","guid":{"rendered":"https:\/\/www.alzd.de\/2023\/08\/15\/aqua-media-cologne-forte-by-maison-francis-kurkdjian-summery-green\/"},"modified":"2023-08-15T08:37:10","modified_gmt":"2023-08-15T06:37:10","slug":"aqua-media-cologne-forte-by-maison-francis-kurkdjian-summery-green","status":"publish","type":"post","link":"https:\/\/www.alzd.de\/en\/2023\/08\/15\/aqua-media-cologne-forte-by-maison-francis-kurkdjian-summery-green\/","title":{"rendered":"Aqua Media Cologne Forte by Maison Francis Kurkdjian \u2013 Summery Green"},"content":{"rendered":"\n<p><a href=\"https:\/\/www.ausliebezumduft.de\/duefte\/maison-francis-kurkdjian.html\" target=\"_blank\" rel=\"noreferrer noopener\">Maison Francis Kurkdjian<\/a> has worked its magic again and treats us to an eau de parfum dressed in a noble emerald green called <a href=\"https:\/\/www.ausliebezumduft.de\/maison-francis-kurkdjian-paris-aqua-media-cologne-forte.html\" target=\"_blank\" rel=\"noreferrer noopener\">Aqua Media Cologne Forte<\/a>. Friends of the brand will prick up their ears, because the fragrance house has already launched several aqua compositions on the market and also launched forte versions of some of them. But with Aqua Media Cologne Forte, Francis Kurkdjian is taking a different approach. There is no predecessor fragrance; rather, the creation is available exclusively in the cologne forte version.<\/p>\n<div class=\"wp-block-image\">\n<figure class=\"aligncenter size-large\"><img decoding=\"async\" width=\"864\" height=\"1080\" src=\"https:\/\/www.alzd.de\/wp-content\/2023\/08\/348826336_1248425143218836_1052310570445807146_n-864x1080.jpg\" alt=\"Maison Francis Kurkdjian &#x2013; Aqua Media Cologne Forte\" class=\"wp-image-109451\" title=\"Maison Francis Kurkdjian &#x2013; Aqua Media Cologne Forte\" srcset=\"https:\/\/www.alzd.de\/wp-content\/2023\/08\/348826336_1248425143218836_1052310570445807146_n-864x1080.jpg 864w, https:\/\/www.alzd.de\/wp-content\/2023\/08\/348826336_1248425143218836_1052310570445807146_n-576x720.jpg 576w, https:\/\/www.alzd.de\/wp-content\/2023\/08\/348826336_1248425143218836_1052310570445807146_n-288x360.jpg 288w, https:\/\/www.alzd.de\/wp-content\/2023\/08\/348826336_1248425143218836_1052310570445807146_n-768x960.jpg 768w, https:\/\/www.alzd.de\/wp-content\/2023\/08\/348826336_1248425143218836_1052310570445807146_n.jpg 1080w\" sizes=\"(max-width: 864px) 100vw, 864px\" \/><figcaption class=\"wp-element-caption\">Aqua Media Cologne Forte from <a href=\"https:\/\/www.facebook.com\/franciskurkdjian\/\" target=\"_blank\" rel=\"noreferrer noopener\">Facebook<\/a><\/figcaption><\/figure>\n<\/div>\n<div style=\"height:50px\" aria-hidden=\"true\" class=\"wp-block-spacer\"><\/div>\n\n<p>The colour of the bottle already appeals to me personally. This strong blue-green is expressive and evokes associations of freshness, vitality, strength and energy. So I suspect it&#8217;s an invigorating and refreshing fragrance &#8211; possibly with an Asian touch &#8211; that is contemplative and calm despite its energetic character. My expectations are pretty high, what do you think? I wonder if Aqua Media Cologne Forte will develop accordingly or turn out quite differently?<\/p>\n\n<h2 class=\"wp-block-heading\">Aqua Media Cologne Forte<\/h2>\n\n<p>The transparent <a href=\"https:\/\/www.ausliebezumduft.de\/maison-francis-kurkdjian-paris-aqua-universalis-cologne-forte.html\" target=\"_blank\" rel=\"noreferrer noopener\">Aqua Universalis Cologne Forte<\/a>, the azure <a href=\"https:\/\/www.ausliebezumduft.de\/maison-francis-kurkdjian-paris-aqua-celestia-cologne-forte.html\" target=\"_blank\" rel=\"noreferrer noopener\">Aqua Celestia Cologne Forte<\/a> and the yellow-gold <a href=\"https:\/\/www.ausliebezumduft.de\/maison-francis-kurkdjian-paris-aqua-vitae-cologne-forte.html\" target=\"_blank\" rel=\"noreferrer noopener\">Aqua Vitae Cologne Forte<\/a> are now joined by the blue-green or sea-green newcomer Aqua Media Cologne Forte. There are big shoes to fill for the Eau de Parfum, as the three previously launched creations are incredibly popular with niche fragrance fans.<\/p>\n\n<p>Typical for the Colognes are, of course, the vitalising citrus notes that give the compositions their very special charm, magic and precisely that summery freshness that we appreciate so much in the light fragrances. Perfumer and brand founder Francis Kurkdjian combined the ingredients <strong>verbena, bergamot, fennel, hedion<\/strong> and <strong>musk<\/strong> for Aqua Media Cologne Forte.<\/p>\n<div class=\"wp-block-image\">\n<figure class=\"aligncenter size-full\"><img decoding=\"async\" width=\"840\" height=\"840\" src=\"https:\/\/www.alzd.de\/wp-content\/2023\/08\/AquaMedia_PDP_Triptych_70ml_840x840.webp\" alt=\"Maison Francis Kurkdjian &#x2013; Aqua Media Cologne Forte\" class=\"wp-image-109459\" title=\"Maison Francis Kurkdjian &#x2013; Aqua Media Cologne Forte\" srcset=\"https:\/\/www.alzd.de\/wp-content\/2023\/08\/AquaMedia_PDP_Triptych_70ml_840x840.webp 840w, https:\/\/www.alzd.de\/wp-content\/2023\/08\/AquaMedia_PDP_Triptych_70ml_840x840-720x720.webp 720w, https:\/\/www.alzd.de\/wp-content\/2023\/08\/AquaMedia_PDP_Triptych_70ml_840x840-360x360.webp 360w, https:\/\/www.alzd.de\/wp-content\/2023\/08\/AquaMedia_PDP_Triptych_70ml_840x840-768x768.webp 768w\" sizes=\"(max-width: 840px) 100vw, 840px\" \/><figcaption class=\"wp-element-caption\">Aqua Media Cologne Forte by <a href=\"https:\/\/www.franciskurkdjian.com\/eu-de\" target=\"_blank\" rel=\"noreferrer noopener\">Maison Francis Kurkdjian<\/a><\/figcaption><\/figure>\n<\/div>\n<div style=\"height:50px\" aria-hidden=\"true\" class=\"wp-block-spacer\"><\/div>\n\n<blockquote class=\"wp-block-quote is-layout-flow wp-block-quote-is-layout-flow\">\n<p>Green, the colour of water and light, is the middle colour of the rainbow prism and reflects balance in motion. It embodies the vibrant freshness of Aqua Media Cologne forte with Calabrian bergamot, verbena, sweet fennel, hedion and a woody musk accord.<\/p>\n<\/blockquote>\n\n<h3 class=\"wp-block-heading\">Dive into the deep blue-green<\/h3>\n\n<p>At first sniff, I perceive the fragrance as wonderfully green and refreshing, although Aqua Media Cologne Forte is also delicate, transparent and calming. Verbena and bergamot lend the creation minty, invigorating, green nuances, which have a certain astringency, powdery facets and a gentle sweetness. The latter probably also comes from the aforementioned fennel, which forms a successful melange with the floral, jasmine-like notes of Hedion. <\/p>\n\n<p>Water accents flow through the creation, reminding me of tea. Not fennel tea, of course, but rather a green tea infusion, possibly refined with a few jasmine blossoms. Light and airy musk notes refine the base on which the greenish-minty and floral-fresh facets of the composition slowly and leisurely settle.<\/p>\n<div class=\"wp-block-image\">\n<figure class=\"aligncenter size-full\"><img decoding=\"async\" width=\"600\" height=\"600\" src=\"https:\/\/www.alzd.de\/wp-content\/2023\/08\/aqua_media_cologne_forte-edp-70_ml.webp\" alt=\"Maison Francis Kurkdjian &#x2013; Aqua Media Cologne Forte\" class=\"wp-image-109464\" title=\"Maison Francis Kurkdjian &#x2013; Aqua Media Cologne Forte\" srcset=\"https:\/\/www.alzd.de\/wp-content\/2023\/08\/aqua_media_cologne_forte-edp-70_ml.webp 600w, https:\/\/www.alzd.de\/wp-content\/2023\/08\/aqua_media_cologne_forte-edp-70_ml-360x360.webp 360w\" sizes=\"(max-width: 600px) 100vw, 600px\" \/><\/figure>\n<\/div>\n<p>The latest creation by <a href=\"https:\/\/www.alzd.de\/en\/tag\/maison-francis-kurkdjian-en\/\" target=\"_blank\" rel=\"noreferrer noopener\">Maison Francis Kurkdjian<\/a> is perfect for summer and warm to hot days. A fragrance that, for me, has the meditative aura of a Zen garden, with inherent green tea nuances, but also delightfully minty-citrusy hints. A multi-faceted and simply wonderful unisex fragrance companion for anyone looking for a cologne-like, expressive and masterfully composed creation in deep green with a medium presence and good longevity for any occasion. An absolute must-try, not only for Kurkdjian fans! \ud83d\udc9a<\/p>\n\n<div class=\"wp-block-buttons is-content-justification-center is-layout-flex wp-container-core-buttons-is-layout-16018d1d wp-block-buttons-is-layout-flex\">\n<div class=\"wp-block-button has-custom-width wp-block-button__width-50\"><a class=\"wp-block-button__link has-white-color has-text-color has-background wp-element-button\" href=\"https:\/\/www.ausliebezumduft.de\/maison-francis-kurkdjian-paris-aqua-media-cologne-forte.html\" style=\"background-color:#11af7a\" target=\"_blank\" rel=\"noreferrer noopener\"><strong>Aqua Media Cologne Forte<\/strong><\/a><\/div>\n<\/div>\n","protected":false},"excerpt":{"rendered":"<p>Maison Francis Kurkdjian has worked its magic again and treats us to an eau de parfum dressed in a noble emerald green called Aqua Media Cologne Forte. Friends&#8230;<\/p>\n<div class=\"more-link-wrapper\"><a class=\"more-link\" href=\"https:\/\/www.alzd.de\/en\/2023\/08\/15\/aqua-media-cologne-forte-by-maison-francis-kurkdjian-summery-green\/\">WEITERLESEN<span class=\"screen-reader-text\">Aqua Media Cologne Forte by Maison Francis Kurkdjian \u2013 Summery Green<\/span><\/a><\/div>\n","protected":false},"author":535,"featured_media":109469,"comment_status":"open","ping_status":"closed","sticky":false,"template":"","format":"standard","meta":{"footnotes":""},"categories":[1150,1117,1157,1158],"tags":[1886],"class_list":["post-109492","post","type-post","status-publish","format-standard","has-post-thumbnail","hentry","category-aquatic","category-fragrances","category-green","category-hesperidian","tag-maison-francis-kurkdjian-en","excerpt","zoom","full-without-featured","even","excerpt-0"],"yoast_head":"<!-- This site is optimized with the Yoast SEO plugin v27.5 - https:\/\/yoast.com\/product\/yoast-seo-wordpress\/ -->\n<title>Aqua Media Cologne Forte by Maison Francis Kurkdjian<\/title>\n<meta name=\"description\" content=\"Francis Kurkdjian enchants us with an eau de parfum dressed in a noble emerald green called Aqua Media Cologne Forte.\" \/>\n<meta name=\"robots\" content=\"index, follow, max-snippet:-1, max-image-preview:large, max-video-preview:-1\" \/>\n<link rel=\"canonical\" href=\"https:\/\/www.alzd.de\/en\/2023\/08\/15\/aqua-media-cologne-forte-by-maison-francis-kurkdjian-summery-green\/\" \/>\n<meta property=\"og:locale\" content=\"en_US\" \/>\n<meta property=\"og:type\" content=\"article\" \/>\n<meta property=\"og:title\" content=\"Aqua Media Cologne Forte by Maison Francis Kurkdjian\" \/>\n<meta property=\"og:url\" content=\"https:\/\/www.alzd.de\/en\/2023\/08\/15\/aqua-media-cologne-forte-by-maison-francis-kurkdjian-summery-green\/\" \/>\n<meta property=\"og:site_name\" content=\"Das Duft-Tagebuch\" \/>\n<meta property=\"article:publisher\" content=\"https:\/\/www.facebook.com\/dufttagebuch\/\" \/>\n<meta property=\"article:author\" content=\"https:\/\/www.facebook.com\/stephanie.tkaczik\" \/>\n<meta property=\"article:published_time\" content=\"2023-08-15T05:30:00+00:00\" \/>\n<meta property=\"article:modified_time\" content=\"2023-08-15T06:37:10+00:00\" \/>\n<meta property=\"og:image\" content=\"https:\/\/www.alzd.de\/wp-content\/2023\/08\/ig50468214_259606410075320_6416680367167854899_n.jpg\" \/>\n\t<meta property=\"og:image:width\" content=\"720\" \/>\n\t<meta property=\"og:image:height\" content=\"400\" \/>\n\t<meta property=\"og:image:type\" content=\"image\/jpeg\" \/>\n<meta name=\"author\" content=\"Julia Bir\u00f3\" \/>\n<meta name=\"twitter:card\" content=\"summary_large_image\" \/>\n<meta name=\"twitter:creator\" content=\"@ausliebezumduft\" \/>\n<meta name=\"twitter:site\" content=\"@ausliebezumduft\" \/>\n<script type=\"application\/ld+json\" class=\"yoast-schema-graph\">{\"@context\":\"https:\\\/\\\/schema.org\",\"@graph\":[{\"@type\":\"Article\",\"@id\":\"https:\\\/\\\/www.alzd.de\\\/en\\\/2023\\\/08\\\/15\\\/aqua-media-cologne-forte-by-maison-francis-kurkdjian-summery-green\\\/#article\",\"isPartOf\":{\"@id\":\"https:\\\/\\\/www.alzd.de\\\/en\\\/2023\\\/08\\\/15\\\/aqua-media-cologne-forte-by-maison-francis-kurkdjian-summery-green\\\/\"},\"author\":{\"name\":\"Julia Bir\u00f3\",\"@id\":\"https:\\\/\\\/www.alzd.de\\\/en\\\/#\\\/schema\\\/person\\\/8efcd8f02447fdbe8f29ad465897d04e\"},\"headline\":\"Aqua Media Cologne Forte by Maison Francis Kurkdjian \u2013 Summery Green\",\"datePublished\":\"2023-08-15T05:30:00+00:00\",\"dateModified\":\"2023-08-15T06:37:10+00:00\",\"mainEntityOfPage\":{\"@id\":\"https:\\\/\\\/www.alzd.de\\\/en\\\/2023\\\/08\\\/15\\\/aqua-media-cologne-forte-by-maison-francis-kurkdjian-summery-green\\\/\"},\"wordCount\":544,\"commentCount\":0,\"publisher\":{\"@id\":\"https:\\\/\\\/www.alzd.de\\\/en\\\/#organization\"},\"image\":{\"@id\":\"https:\\\/\\\/www.alzd.de\\\/en\\\/2023\\\/08\\\/15\\\/aqua-media-cologne-forte-by-maison-francis-kurkdjian-summery-green\\\/#primaryimage\"},\"thumbnailUrl\":\"https:\\\/\\\/www.alzd.de\\\/wp-content\\\/2023\\\/08\\\/ig50468214_259606410075320_6416680367167854899_n.jpg\",\"keywords\":[\"Maison Francis Kurkdjian\"],\"articleSection\":[\"Aquatic\",\"Fragrances\",\"Green\",\"Hesperidian\"],\"inLanguage\":\"en-US\",\"potentialAction\":[{\"@type\":\"CommentAction\",\"name\":\"Comment\",\"target\":[\"https:\\\/\\\/www.alzd.de\\\/en\\\/2023\\\/08\\\/15\\\/aqua-media-cologne-forte-by-maison-francis-kurkdjian-summery-green\\\/#respond\"]}]},{\"@type\":\"WebPage\",\"@id\":\"https:\\\/\\\/www.alzd.de\\\/en\\\/2023\\\/08\\\/15\\\/aqua-media-cologne-forte-by-maison-francis-kurkdjian-summery-green\\\/\",\"url\":\"https:\\\/\\\/www.alzd.de\\\/en\\\/2023\\\/08\\\/15\\\/aqua-media-cologne-forte-by-maison-francis-kurkdjian-summery-green\\\/\",\"name\":\"Aqua Media Cologne Forte by Maison Francis Kurkdjian\",\"isPartOf\":{\"@id\":\"https:\\\/\\\/www.alzd.de\\\/en\\\/#website\"},\"primaryImageOfPage\":{\"@id\":\"https:\\\/\\\/www.alzd.de\\\/en\\\/2023\\\/08\\\/15\\\/aqua-media-cologne-forte-by-maison-francis-kurkdjian-summery-green\\\/#primaryimage\"},\"image\":{\"@id\":\"https:\\\/\\\/www.alzd.de\\\/en\\\/2023\\\/08\\\/15\\\/aqua-media-cologne-forte-by-maison-francis-kurkdjian-summery-green\\\/#primaryimage\"},\"thumbnailUrl\":\"https:\\\/\\\/www.alzd.de\\\/wp-content\\\/2023\\\/08\\\/ig50468214_259606410075320_6416680367167854899_n.jpg\",\"datePublished\":\"2023-08-15T05:30:00+00:00\",\"dateModified\":\"2023-08-15T06:37:10+00:00\",\"description\":\"Francis Kurkdjian enchants us with an eau de parfum dressed in a noble emerald green called Aqua Media Cologne Forte.\",\"breadcrumb\":{\"@id\":\"https:\\\/\\\/www.alzd.de\\\/en\\\/2023\\\/08\\\/15\\\/aqua-media-cologne-forte-by-maison-francis-kurkdjian-summery-green\\\/#breadcrumb\"},\"inLanguage\":\"en-US\",\"potentialAction\":[{\"@type\":\"ReadAction\",\"target\":[\"https:\\\/\\\/www.alzd.de\\\/en\\\/2023\\\/08\\\/15\\\/aqua-media-cologne-forte-by-maison-francis-kurkdjian-summery-green\\\/\"]}]},{\"@type\":\"ImageObject\",\"inLanguage\":\"en-US\",\"@id\":\"https:\\\/\\\/www.alzd.de\\\/en\\\/2023\\\/08\\\/15\\\/aqua-media-cologne-forte-by-maison-francis-kurkdjian-summery-green\\\/#primaryimage\",\"url\":\"https:\\\/\\\/www.alzd.de\\\/wp-content\\\/2023\\\/08\\\/ig50468214_259606410075320_6416680367167854899_n.jpg\",\"contentUrl\":\"https:\\\/\\\/www.alzd.de\\\/wp-content\\\/2023\\\/08\\\/ig50468214_259606410075320_6416680367167854899_n.jpg\",\"width\":720,\"height\":400},{\"@type\":\"BreadcrumbList\",\"@id\":\"https:\\\/\\\/www.alzd.de\\\/en\\\/2023\\\/08\\\/15\\\/aqua-media-cologne-forte-by-maison-francis-kurkdjian-summery-green\\\/#breadcrumb\",\"itemListElement\":[{\"@type\":\"ListItem\",\"position\":1,\"name\":\"Startseite\",\"item\":\"https:\\\/\\\/www.alzd.de\\\/en\\\/\"},{\"@type\":\"ListItem\",\"position\":2,\"name\":\"Aqua Media Cologne Forte by Maison Francis Kurkdjian \u2013 Summery Green\"}]},{\"@type\":\"WebSite\",\"@id\":\"https:\\\/\\\/www.alzd.de\\\/en\\\/#website\",\"url\":\"https:\\\/\\\/www.alzd.de\\\/en\\\/\",\"name\":\"Das Duft-Tagebuch\",\"description\":\"Das Parfumblog von Aus Liebe zum Duft\",\"publisher\":{\"@id\":\"https:\\\/\\\/www.alzd.de\\\/en\\\/#organization\"},\"potentialAction\":[{\"@type\":\"SearchAction\",\"target\":{\"@type\":\"EntryPoint\",\"urlTemplate\":\"https:\\\/\\\/www.alzd.de\\\/en\\\/?s={search_term_string}\"},\"query-input\":{\"@type\":\"PropertyValueSpecification\",\"valueRequired\":true,\"valueName\":\"search_term_string\"}}],\"inLanguage\":\"en-US\"},{\"@type\":\"Organization\",\"@id\":\"https:\\\/\\\/www.alzd.de\\\/en\\\/#organization\",\"name\":\"Das Duft-Tagebuch\",\"url\":\"https:\\\/\\\/www.alzd.de\\\/en\\\/\",\"logo\":{\"@type\":\"ImageObject\",\"inLanguage\":\"en-US\",\"@id\":\"https:\\\/\\\/www.alzd.de\\\/en\\\/#\\\/schema\\\/logo\\\/image\\\/\",\"url\":\"https:\\\/\\\/www.alzd.de\\\/wp-content\\\/2023\\\/08\\\/alzd_dufttagebuch.png\",\"contentUrl\":\"https:\\\/\\\/www.alzd.de\\\/wp-content\\\/2023\\\/08\\\/alzd_dufttagebuch.png\",\"width\":1804,\"height\":416,\"caption\":\"Das Duft-Tagebuch\"},\"image\":{\"@id\":\"https:\\\/\\\/www.alzd.de\\\/en\\\/#\\\/schema\\\/logo\\\/image\\\/\"},\"sameAs\":[\"https:\\\/\\\/www.facebook.com\\\/dufttagebuch\\\/\",\"https:\\\/\\\/x.com\\\/ausliebezumduft\",\"https:\\\/\\\/www.instagram.com\\\/ausliebezumduft.de\\\/\",\"https:\\\/\\\/www.youtube.com\\\/c\\\/ausliebezumduft\"]},{\"@type\":\"Person\",\"@id\":\"https:\\\/\\\/www.alzd.de\\\/en\\\/#\\\/schema\\\/person\\\/8efcd8f02447fdbe8f29ad465897d04e\",\"name\":\"Julia Bir\u00f3\",\"image\":{\"@type\":\"ImageObject\",\"inLanguage\":\"en-US\",\"@id\":\"https:\\\/\\\/www.alzd.de\\\/wp-content\\\/2018\\\/02\\\/cropped-cropped-mitarbeiterbilder_steffi--96x96.jpg\",\"url\":\"https:\\\/\\\/www.alzd.de\\\/wp-content\\\/2018\\\/02\\\/cropped-cropped-mitarbeiterbilder_steffi--96x96.jpg\",\"contentUrl\":\"https:\\\/\\\/www.alzd.de\\\/wp-content\\\/2018\\\/02\\\/cropped-cropped-mitarbeiterbilder_steffi--96x96.jpg\",\"caption\":\"Julia Bir\u00f3\"},\"description\":\"Bereits 2010 gingen so einige Blogbeitr\u00e4ge auf mein Konto. Dann war ich \u201ekurz\u201c weg \u2013 sechs Jahre. Umso mehr freut es mich, dass ich nun wieder die Chance bekomme, mein N\u00e4schen im Dienste der Duftrezension schnuppern zu lassen und eifrig in die Tasten zu hauen. Was Nischend\u00fcfte angeht, habe ich damals \u00fcbrigens schnell Feuer gefangen. Meine Ausbildung tat dazu ihr \u00dcbriges: Als diplomierte Biologin kenne ich mich nicht nur mit Fauna und Flora, sondern auch recht gut mit der Herstellung von \u00d6len und Extrakten aus, was den Reiz der Parfumwelt nat\u00fcrlich noch gr\u00f6\u00dfer macht.\",\"sameAs\":[\"https:\\\/\\\/biro.is\\\/\",\"https:\\\/\\\/www.facebook.com\\\/stephanie.tkaczik\"],\"url\":\"https:\\\/\\\/www.alzd.de\\\/en\\\/author\\\/stephanie\\\/\"}]}<\/script>\n<!-- \/ Yoast SEO plugin. -->","yoast_head_json":{"title":"Aqua Media Cologne Forte by Maison Francis Kurkdjian","description":"Francis Kurkdjian enchants us with an eau de parfum dressed in a noble emerald green called Aqua Media Cologne Forte.","robots":{"index":"index","follow":"follow","max-snippet":"max-snippet:-1","max-image-preview":"max-image-preview:large","max-video-preview":"max-video-preview:-1"},"canonical":"https:\/\/www.alzd.de\/en\/2023\/08\/15\/aqua-media-cologne-forte-by-maison-francis-kurkdjian-summery-green\/","og_locale":"en_US","og_type":"article","og_title":"Aqua Media Cologne Forte by Maison Francis Kurkdjian","og_url":"https:\/\/www.alzd.de\/en\/2023\/08\/15\/aqua-media-cologne-forte-by-maison-francis-kurkdjian-summery-green\/","og_site_name":"Das Duft-Tagebuch","article_publisher":"https:\/\/www.facebook.com\/dufttagebuch\/","article_author":"https:\/\/www.facebook.com\/stephanie.tkaczik","article_published_time":"2023-08-15T05:30:00+00:00","article_modified_time":"2023-08-15T06:37:10+00:00","og_image":[{"width":720,"height":400,"url":"https:\/\/www.alzd.de\/wp-content\/2023\/08\/ig50468214_259606410075320_6416680367167854899_n.jpg","type":"image\/jpeg"}],"author":"Julia Bir\u00f3","twitter_card":"summary_large_image","twitter_creator":"@ausliebezumduft","twitter_site":"@ausliebezumduft","schema":{"@context":"https:\/\/schema.org","@graph":[{"@type":"Article","@id":"https:\/\/www.alzd.de\/en\/2023\/08\/15\/aqua-media-cologne-forte-by-maison-francis-kurkdjian-summery-green\/#article","isPartOf":{"@id":"https:\/\/www.alzd.de\/en\/2023\/08\/15\/aqua-media-cologne-forte-by-maison-francis-kurkdjian-summery-green\/"},"author":{"name":"Julia Bir\u00f3","@id":"https:\/\/www.alzd.de\/en\/#\/schema\/person\/8efcd8f02447fdbe8f29ad465897d04e"},"headline":"Aqua Media Cologne Forte by Maison Francis Kurkdjian \u2013 Summery Green","datePublished":"2023-08-15T05:30:00+00:00","dateModified":"2023-08-15T06:37:10+00:00","mainEntityOfPage":{"@id":"https:\/\/www.alzd.de\/en\/2023\/08\/15\/aqua-media-cologne-forte-by-maison-francis-kurkdjian-summery-green\/"},"wordCount":544,"commentCount":0,"publisher":{"@id":"https:\/\/www.alzd.de\/en\/#organization"},"image":{"@id":"https:\/\/www.alzd.de\/en\/2023\/08\/15\/aqua-media-cologne-forte-by-maison-francis-kurkdjian-summery-green\/#primaryimage"},"thumbnailUrl":"https:\/\/www.alzd.de\/wp-content\/2023\/08\/ig50468214_259606410075320_6416680367167854899_n.jpg","keywords":["Maison Francis Kurkdjian"],"articleSection":["Aquatic","Fragrances","Green","Hesperidian"],"inLanguage":"en-US","potentialAction":[{"@type":"CommentAction","name":"Comment","target":["https:\/\/www.alzd.de\/en\/2023\/08\/15\/aqua-media-cologne-forte-by-maison-francis-kurkdjian-summery-green\/#respond"]}]},{"@type":"WebPage","@id":"https:\/\/www.alzd.de\/en\/2023\/08\/15\/aqua-media-cologne-forte-by-maison-francis-kurkdjian-summery-green\/","url":"https:\/\/www.alzd.de\/en\/2023\/08\/15\/aqua-media-cologne-forte-by-maison-francis-kurkdjian-summery-green\/","name":"Aqua Media Cologne Forte by Maison Francis Kurkdjian","isPartOf":{"@id":"https:\/\/www.alzd.de\/en\/#website"},"primaryImageOfPage":{"@id":"https:\/\/www.alzd.de\/en\/2023\/08\/15\/aqua-media-cologne-forte-by-maison-francis-kurkdjian-summery-green\/#primaryimage"},"image":{"@id":"https:\/\/www.alzd.de\/en\/2023\/08\/15\/aqua-media-cologne-forte-by-maison-francis-kurkdjian-summery-green\/#primaryimage"},"thumbnailUrl":"https:\/\/www.alzd.de\/wp-content\/2023\/08\/ig50468214_259606410075320_6416680367167854899_n.jpg","datePublished":"2023-08-15T05:30:00+00:00","dateModified":"2023-08-15T06:37:10+00:00","description":"Francis Kurkdjian enchants us with an eau de parfum dressed in a noble emerald green called Aqua Media Cologne Forte.","breadcrumb":{"@id":"https:\/\/www.alzd.de\/en\/2023\/08\/15\/aqua-media-cologne-forte-by-maison-francis-kurkdjian-summery-green\/#breadcrumb"},"inLanguage":"en-US","potentialAction":[{"@type":"ReadAction","target":["https:\/\/www.alzd.de\/en\/2023\/08\/15\/aqua-media-cologne-forte-by-maison-francis-kurkdjian-summery-green\/"]}]},{"@type":"ImageObject","inLanguage":"en-US","@id":"https:\/\/www.alzd.de\/en\/2023\/08\/15\/aqua-media-cologne-forte-by-maison-francis-kurkdjian-summery-green\/#primaryimage","url":"https:\/\/www.alzd.de\/wp-content\/2023\/08\/ig50468214_259606410075320_6416680367167854899_n.jpg","contentUrl":"https:\/\/www.alzd.de\/wp-content\/2023\/08\/ig50468214_259606410075320_6416680367167854899_n.jpg","width":720,"height":400},{"@type":"BreadcrumbList","@id":"https:\/\/www.alzd.de\/en\/2023\/08\/15\/aqua-media-cologne-forte-by-maison-francis-kurkdjian-summery-green\/#breadcrumb","itemListElement":[{"@type":"ListItem","position":1,"name":"Startseite","item":"https:\/\/www.alzd.de\/en\/"},{"@type":"ListItem","position":2,"name":"Aqua Media Cologne Forte by Maison Francis Kurkdjian \u2013 Summery Green"}]},{"@type":"WebSite","@id":"https:\/\/www.alzd.de\/en\/#website","url":"https:\/\/www.alzd.de\/en\/","name":"Das Duft-Tagebuch","description":"Das Parfumblog von Aus Liebe zum Duft","publisher":{"@id":"https:\/\/www.alzd.de\/en\/#organization"},"potentialAction":[{"@type":"SearchAction","target":{"@type":"EntryPoint","urlTemplate":"https:\/\/www.alzd.de\/en\/?s={search_term_string}"},"query-input":{"@type":"PropertyValueSpecification","valueRequired":true,"valueName":"search_term_string"}}],"inLanguage":"en-US"},{"@type":"Organization","@id":"https:\/\/www.alzd.de\/en\/#organization","name":"Das Duft-Tagebuch","url":"https:\/\/www.alzd.de\/en\/","logo":{"@type":"ImageObject","inLanguage":"en-US","@id":"https:\/\/www.alzd.de\/en\/#\/schema\/logo\/image\/","url":"https:\/\/www.alzd.de\/wp-content\/2023\/08\/alzd_dufttagebuch.png","contentUrl":"https:\/\/www.alzd.de\/wp-content\/2023\/08\/alzd_dufttagebuch.png","width":1804,"height":416,"caption":"Das Duft-Tagebuch"},"image":{"@id":"https:\/\/www.alzd.de\/en\/#\/schema\/logo\/image\/"},"sameAs":["https:\/\/www.facebook.com\/dufttagebuch\/","https:\/\/x.com\/ausliebezumduft","https:\/\/www.instagram.com\/ausliebezumduft.de\/","https:\/\/www.youtube.com\/c\/ausliebezumduft"]},{"@type":"Person","@id":"https:\/\/www.alzd.de\/en\/#\/schema\/person\/8efcd8f02447fdbe8f29ad465897d04e","name":"Julia Bir\u00f3","image":{"@type":"ImageObject","inLanguage":"en-US","@id":"https:\/\/www.alzd.de\/wp-content\/2018\/02\/cropped-cropped-mitarbeiterbilder_steffi--96x96.jpg","url":"https:\/\/www.alzd.de\/wp-content\/2018\/02\/cropped-cropped-mitarbeiterbilder_steffi--96x96.jpg","contentUrl":"https:\/\/www.alzd.de\/wp-content\/2018\/02\/cropped-cropped-mitarbeiterbilder_steffi--96x96.jpg","caption":"Julia Bir\u00f3"},"description":"Bereits 2010 gingen so einige Blogbeitr\u00e4ge auf mein Konto. Dann war ich \u201ekurz\u201c weg \u2013 sechs Jahre. Umso mehr freut es mich, dass ich nun wieder die Chance bekomme, mein N\u00e4schen im Dienste der Duftrezension schnuppern zu lassen und eifrig in die Tasten zu hauen. Was Nischend\u00fcfte angeht, habe ich damals \u00fcbrigens schnell Feuer gefangen. Meine Ausbildung tat dazu ihr \u00dcbriges: Als diplomierte Biologin kenne ich mich nicht nur mit Fauna und Flora, sondern auch recht gut mit der Herstellung von \u00d6len und Extrakten aus, was den Reiz der Parfumwelt nat\u00fcrlich noch gr\u00f6\u00dfer macht.","sameAs":["https:\/\/biro.is\/","https:\/\/www.facebook.com\/stephanie.tkaczik"],"url":"https:\/\/www.alzd.de\/en\/author\/stephanie\/"}]}},"wp-worthy-pixel":{"ignored":false,"public":null,"server":null,"url":null},"wp-worthy-type":"normal","_links":{"self":[{"href":"https:\/\/www.alzd.de\/en\/wp-json\/wp\/v2\/posts\/109492","targetHints":{"allow":["GET"]}}],"collection":[{"href":"https:\/\/www.alzd.de\/en\/wp-json\/wp\/v2\/posts"}],"about":[{"href":"https:\/\/www.alzd.de\/en\/wp-json\/wp\/v2\/types\/post"}],"author":[{"embeddable":true,"href":"https:\/\/www.alzd.de\/en\/wp-json\/wp\/v2\/users\/535"}],"replies":[{"embeddable":true,"href":"https:\/\/www.alzd.de\/en\/wp-json\/wp\/v2\/comments?post=109492"}],"version-history":[{"count":1,"href":"https:\/\/www.alzd.de\/en\/wp-json\/wp\/v2\/posts\/109492\/revisions"}],"predecessor-version":[{"id":109493,"href":"https:\/\/www.alzd.de\/en\/wp-json\/wp\/v2\/posts\/109492\/revisions\/109493"}],"wp:featuredmedia":[{"embeddable":true,"href":"https:\/\/www.alzd.de\/en\/wp-json\/wp\/v2\/media\/109469"}],"wp:attachment":[{"href":"https:\/\/www.alzd.de\/en\/wp-json\/wp\/v2\/media?parent=109492"}],"wp:term":[{"taxonomy":"category","embeddable":true,"href":"https:\/\/www.alzd.de\/en\/wp-json\/wp\/v2\/categories?post=109492"},{"taxonomy":"post_tag","embeddable":true,"href":"https:\/\/www.alzd.de\/en\/wp-json\/wp\/v2\/tags?post=109492"}],"curies":[{"name":"wp","href":"https:\/\/api.w.org\/{rel}","templated":true}]}}