{"id":109172,"date":"2023-07-31T07:30:00","date_gmt":"2023-07-31T05:30:00","guid":{"rendered":"https:\/\/www.alzd.de\/2023\/07\/31\/grand-beau-and-eau-coeur-by-thomas-de-monaco-limited-edition-fragrance-art\/"},"modified":"2023-07-31T17:02:15","modified_gmt":"2023-07-31T15:02:15","slug":"grand-beau-and-eau-coeur-by-thomas-de-monaco-limited-edition-fragrance-art","status":"publish","type":"post","link":"https:\/\/www.alzd.de\/en\/2023\/07\/31\/grand-beau-and-eau-coeur-by-thomas-de-monaco-limited-edition-fragrance-art\/","title":{"rendered":"Grand Beau and Eau Coeur by Thomas de Monaco &#8211; limited edition fragrance art."},"content":{"rendered":"\n<p>With <a href=\"https:\/\/www.ausliebezumduft.de\/thomas-de-monaco-raw-gold-limited-edition.html\" target=\"_blank\" rel=\"noreferrer noopener\">Raw Gold<\/a> <a href=\"https:\/\/www.ausliebezumduft.de\/fragrances\/thomas-de-monaco.html\" target=\"_blank\" rel=\"noreferrer noopener\">Thomas de Monaco<\/a> has already thrilled me two years ago (read <a href=\"https:\/\/www.alzd.de\/2021\/10\/15\/raw-gold-thomas-de-monaco-divine-perversion-hedonik\/\" target=\"_blank\" rel=\"noreferrer noopener\">here<\/a>), in the meantime, the Swiss resident of Zurich and Paris has launched two more fragrances, which I would like to present to you today: <a href=\"https:\/\/www.ausliebezumduft.de\/thomas-de-monaco-grand-beau.html\" target=\"_blank\" rel=\"noreferrer noopener\">Grand Beau<\/a> and <a href=\"https:\/\/www.ausliebezumduft.de\/thomas-de-monaco-eau-coeur.html\" target=\"_blank\" rel=\"noreferrer noopener\">Eau Coeur<\/a>. As with the first creation, the two new fragrances are limited editions, available only in select stores. Therefore, it is a great pleasure for us from <a href=\"https:\/\/www.ausliebezumduft.de\/\" target=\"_blank\" rel=\"noreferrer noopener\">Aus Liebe zum Duft to<\/a> present you this small but fine fragrance house and its so special compositions.<\/p>\n<div class=\"wp-block-image\">\n<figure class=\"aligncenter size-large\"><img decoding=\"async\" width=\"1080\" height=\"876\" src=\"https:\/\/www.alzd.de\/wp-content\/2023\/07\/Bildschirmfoto-vom-2023-07-31-10-23-48-1080x876.jpg\" alt=\"Thomas de Monaco - Eau Coeur and Grand Beau\" class=\"wp-image-109139\" title=\"Thomas de Monaco - Eau Coeur and Grand Beau\" srcset=\"https:\/\/www.alzd.de\/wp-content\/2023\/07\/Bildschirmfoto-vom-2023-07-31-10-23-48-1080x876.jpg 1080w, https:\/\/www.alzd.de\/wp-content\/2023\/07\/Bildschirmfoto-vom-2023-07-31-10-23-48-720x584.jpg 720w, https:\/\/www.alzd.de\/wp-content\/2023\/07\/Bildschirmfoto-vom-2023-07-31-10-23-48-360x292.jpg 360w, https:\/\/www.alzd.de\/wp-content\/2023\/07\/Bildschirmfoto-vom-2023-07-31-10-23-48-768x623.jpg 768w, https:\/\/www.alzd.de\/wp-content\/2023\/07\/Bildschirmfoto-vom-2023-07-31-10-23-48.jpg 1433w\" sizes=\"(max-width: 1080px) 100vw, 1080px\" \/><figcaption class=\"wp-element-caption\">Eau Coeur and Grand Beau from <a href=\"https:\/\/www.facebook.com\/thomasdemonaco\/\" target=\"_blank\" rel=\"noreferrer noopener\">Facebook<\/a><\/figcaption><\/figure>\n<\/div>\n<div style=\"height:50px\" aria-hidden=\"true\" class=\"wp-block-spacer\"><\/div>\n\n<p>The two latest fragrances were created by perfumer Maurus Bachmann, who, like Thomas de Monaco, is from Switzerland and works as a senior perfumer for Luzi, a fragrance manufacturer based in the canton of Zurich.<\/p>\n\n<h2 class=\"wp-block-heading\">Grand Beau &#8211; Day by the sea<\/h2>\n\n<p>Grand Beau, which translates as &#8220;Big Beautiful&#8221;, is dedicated to the sea. Now I have the great fortune to live not far from the Baltic Sea. For me, a visit to the sea is a short trip of just under four kilometres, a distance that can easily be covered on foot or by bike. But of course, the Baltic Sea is sea, but probably not everyone&#8217;s cup of tea. Those who prefer warmer weather will prefer the Mediterranean or more distant oceans. Friends of rougher seas will rather go to the North Sea or the Atlantic. We&#8217;ll find out what kind of waters Grand Beau depicts in a moment.<\/p>\n\n<blockquote class=\"wp-block-quote is-layout-flow wp-block-quote-is-layout-flow\">\n<p>Grand Beau &#8211; a day by the sea, a few steps behind the nearest dunes, eyes closed, in the shade under pine trees. In the distance, the sound of breaking waves. A salty breeze with a hint of dry driftwood and the touch of wet seaweed caresses the skin.<\/p>\n<\/blockquote>\n<div class=\"wp-block-image\">\n<figure class=\"aligncenter size-large\"><img decoding=\"async\" width=\"866\" height=\"1080\" src=\"https:\/\/www.alzd.de\/wp-content\/2023\/07\/GrandBeau-866x1080.jpg\" alt=\"Thomas de Monaco - Grand Beau\" class=\"wp-image-109146\" title=\"Thomas de Monaco - Grand Beau\" srcset=\"https:\/\/www.alzd.de\/wp-content\/2023\/07\/GrandBeau-866x1080.jpg 866w, https:\/\/www.alzd.de\/wp-content\/2023\/07\/GrandBeau-577x720.jpg 577w, https:\/\/www.alzd.de\/wp-content\/2023\/07\/GrandBeau-289x360.jpg 289w, https:\/\/www.alzd.de\/wp-content\/2023\/07\/GrandBeau-768x958.jpg 768w, https:\/\/www.alzd.de\/wp-content\/2023\/07\/GrandBeau.jpg 1046w\" sizes=\"(max-width: 866px) 100vw, 866px\" \/><figcaption class=\"wp-element-caption\">Grand Beau from <a href=\"https:\/\/www.facebook.com\/thomasdemonaco\/\" target=\"_blank\" rel=\"noreferrer noopener\">Facebook<\/a><\/figcaption><\/figure>\n<\/div>\n<div style=\"height:50px\" aria-hidden=\"true\" class=\"wp-block-spacer\"><\/div>\n\n<p>Maurus Bachmann chose for the perfume Grand Beau the ingredients <strong>pine, angelica (angelica root), juniper berries, tuberose, vetiver, incense, ambrette, algae<\/strong> and <strong>amber<\/strong>.<\/p>\n\n<h3 class=\"wp-block-heading\">Grand Beau &#8211; big beautiful sea<\/h3>\n\n<p>Greenish woody notes open Grand Beau, infused with a cool freshness and misty dampness. Coniferous sparkling juniper berries underline the forest association, while in the background maritime and salty nuances prepare to give the fragrance course very own accents, to unite with the greenish tartness of tuberose, which gradually boards the perfume. <\/p>\n\n<p>Angelica root brings herbaceous-mossy and earthy root notes into play, underscored by vetiver. The cool, smoky facets of incense drift through the fragrance like ground fog, while in the distance the delicate warmth of ambergris ignites a leathery-balsamic fire.<\/p>\n<div class=\"wp-block-image\">\n<figure class=\"aligncenter size-full\"><img decoding=\"async\" width=\"600\" height=\"600\" src=\"https:\/\/www.alzd.de\/wp-content\/2023\/07\/grand-beau-50ml.webp\" alt=\"Thomas de Monaco - Grand Beau\" class=\"wp-image-109150\" title=\"Thomas de Monaco - Grand Beau\" srcset=\"https:\/\/www.alzd.de\/wp-content\/2023\/07\/grand-beau-50ml.webp 600w, https:\/\/www.alzd.de\/wp-content\/2023\/07\/grand-beau-50ml-360x360.webp 360w\" sizes=\"(max-width: 600px) 100vw, 600px\" \/><\/figure>\n<\/div>\n<p>Grand Beau reminds me of a rather rougher sea. Foaming spray, cool wind, low-hanging clouds over conifer-covered cliffs. Salty air, seaweed and algae among the coniferous hues of the pines, the moss-covered stones, the damp earth. Calm, contemplative and profound is the perfume of Thomas de Monaco. A refreshing greenish and woodsy marine scent that can be worn year-round and across occasions. In my eyes, it has a masculine touch, but is of course principally designed as a unisex fragrance. \ud83c\udf0a<\/p>\n\n<div class=\"wp-block-buttons is-content-justification-center is-layout-flex wp-container-core-buttons-is-layout-16018d1d wp-block-buttons-is-layout-flex\">\n<div class=\"wp-block-button has-custom-width wp-block-button__width-50 is-style-outline is-style-outline--1\"><a class=\"wp-block-button__link has-black-color has-text-color has-background wp-element-button\" href=\"https:\/\/www.ausliebezumduft.de\/thomas-de-monaco-grand-beau.html\" style=\"background-color:#fffdb8\" target=\"_blank\" rel=\"noreferrer noopener\"><strong>Grand Beau<\/strong><\/a><\/div>\n<\/div>\n\n<div style=\"height:100px\" aria-hidden=\"true\" class=\"wp-block-spacer\"><\/div>\n\n<h2 class=\"wp-block-heading\">Eau Coeur &#8211; Heart Water<\/h2>\n\n<p>This is how the name could possibly be translated, even if it sounds a bit weird. Also created by Maurus Bachmann, the perfume Eau Coeur is about everything positive. Straight from the heart should be this radiant fragrance, full of love and longing.<\/p>\n\n<blockquote class=\"wp-block-quote is-layout-flow wp-block-quote-is-layout-flow\">\n<p>A fragrance for the here and now. Eau Coeur is the second fragrance that Thomas De Monaco launches. The fragrance blossoms with an aura of positivity and demands your attention &#8211; all in all an irresistible experience with a sensual effect.<\/p>\n<\/blockquote>\n<div class=\"wp-block-image\">\n<figure class=\"aligncenter size-large\"><img decoding=\"async\" width=\"861\" height=\"1080\" src=\"https:\/\/www.alzd.de\/wp-content\/2023\/07\/EauCoeur-861x1080.jpg\" alt=\"Thomas de Monaco - Eau Coeur\" class=\"wp-image-109159\" title=\"Thomas de Monaco - Eau Coeur\" srcset=\"https:\/\/www.alzd.de\/wp-content\/2023\/07\/EauCoeur-861x1080.jpg 861w, https:\/\/www.alzd.de\/wp-content\/2023\/07\/EauCoeur-574x720.jpg 574w, https:\/\/www.alzd.de\/wp-content\/2023\/07\/EauCoeur-287x360.jpg 287w, https:\/\/www.alzd.de\/wp-content\/2023\/07\/EauCoeur-768x964.jpg 768w, https:\/\/www.alzd.de\/wp-content\/2023\/07\/EauCoeur.jpg 1041w\" sizes=\"(max-width: 861px) 100vw, 861px\" \/><figcaption class=\"wp-element-caption\">Eau Coeur from <a href=\"https:\/\/www.facebook.com\/thomasdemonaco\/\" target=\"_blank\" rel=\"noreferrer noopener\">Facebook<\/a><\/figcaption><\/figure>\n<\/div>\n<div style=\"height:50px\" aria-hidden=\"true\" class=\"wp-block-spacer\"><\/div>\n\n<p>This seems quite seductive, and a little love and positive thoughts never hurt. Eau Coeur wants to put a smile on our faces with the fragrance notes of <strong>magnolia, osmanthus, pink pepper, oak, rose, Virginia cedar, musk, tonka bean<\/strong> and <strong>ambroxan<\/strong>.<\/p>\n\n<h3 class=\"wp-block-heading\">Kiss me tender<\/h3>\n\n<p>A delicate hint of watery magnolia sweetness pervades the opening of Eau Coeur, accompanied by the velvety peach nuances of osmanthus. Like a gentle kiss, the perfume of Thomas de Monaco, loving, comforting and carefree, that warms my heart. Powdery facets join in, giving the enchanting florals of the opening a certain grounding without limiting them in any way.<\/p>\n\n<p>Fine woods, rather bright and clean-looking, bring additional depth to the fragrance, uniting with the powdery and floral notes to create a beautiful melange. Tonka bean conjures a delicately vanilla spice that spills into a sea of creamy and amber-warm musk notes.<\/p>\n<div class=\"wp-block-image\">\n<figure class=\"aligncenter size-full\"><img decoding=\"async\" width=\"600\" height=\"600\" src=\"https:\/\/www.alzd.de\/wp-content\/2023\/07\/eau-coeur-50ml.webp\" alt=\"Thomas de Monaco - Eau Coeur\" class=\"wp-image-109163\" title=\"Thomas de Monaco - Eau Coeur\" srcset=\"https:\/\/www.alzd.de\/wp-content\/2023\/07\/eau-coeur-50ml.webp 600w, https:\/\/www.alzd.de\/wp-content\/2023\/07\/eau-coeur-50ml-360x360.webp 360w\" sizes=\"(max-width: 600px) 100vw, 600px\" \/><\/figure>\n<\/div>\n<p>Eau Coeur is a fine, delicate and creamy-powdery fragrance with a floral-fruity and velvety opening of magnolia and osmanthus, a clean-woody heart on a creamy-warm base. A perfume that is unobtrusive yet present, subtle yet expressive, as comforting and familiar as a hug, as gentle as a kiss and as warming as a cashmere blanket. Suitable for any occasion and for any season, Eau Coeur by Thomas de Monaco is a fragrance that comes from the heart and should please all those who like powdery delicate and fruity-floral creations.<\/p>\n\n<div class=\"wp-block-buttons is-content-justification-center is-layout-flex wp-container-core-buttons-is-layout-16018d1d wp-block-buttons-is-layout-flex\">\n<div class=\"wp-block-button has-custom-width wp-block-button__width-50 is-style-outline is-style-outline--2\"><a class=\"wp-block-button__link has-black-color has-text-color has-background wp-element-button\" href=\"https:\/\/www.ausliebezumduft.de\/thomas-de-monaco-eau-coeur.html\" style=\"background-color:#faeab6\" target=\"_blank\" rel=\"noreferrer noopener\"><strong>Eau Coeur<\/strong><\/a><\/div>\n<\/div>\n","protected":false},"excerpt":{"rendered":"<p>With Raw Gold Thomas de Monaco has already thrilled me two years ago (read here), in the meantime, the Swiss resident of Zurich and Paris has launched two&#8230;<\/p>\n<div class=\"more-link-wrapper\"><a class=\"more-link\" href=\"https:\/\/www.alzd.de\/en\/2023\/07\/31\/grand-beau-and-eau-coeur-by-thomas-de-monaco-limited-edition-fragrance-art\/\">WEITERLESEN<span class=\"screen-reader-text\">Grand Beau and Eau Coeur by Thomas de Monaco &#8211; limited edition fragrance art.<\/span><\/a><\/div>\n","protected":false},"author":535,"featured_media":109170,"comment_status":"open","ping_status":"closed","sticky":false,"template":"","format":"standard","meta":{"footnotes":""},"categories":[1150,1161,1151,1117,1155,1157,1114],"tags":[1883,1882],"class_list":["post-109172","post","type-post","status-publish","format-standard","has-post-thumbnail","hentry","category-aquatic","category-clean-powdery","category-flowers","category-fragrances","category-fruity","category-green","category-woody","tag-maurus-bachmann-en","tag-thomas-de-monaco-en","excerpt","zoom","full-without-featured","even","excerpt-0"],"yoast_head":"<!-- This site is optimized with the Yoast SEO plugin v27.5 - https:\/\/yoast.com\/product\/yoast-seo-wordpress\/ -->\n<title>Grand Beau &amp; Eau Coeur by Thomas de Monaco - Duft-Tagebuch<\/title>\n<meta name=\"description\" content=\"With Raw Gold Thomas de Monaco thrilled me, in the meantime the Swiss has launched two more fragrances: Grand Beau and Eau Coeur.\" \/>\n<meta name=\"robots\" content=\"index, follow, max-snippet:-1, max-image-preview:large, max-video-preview:-1\" \/>\n<link rel=\"canonical\" href=\"https:\/\/www.alzd.de\/en\/2023\/07\/31\/grand-beau-and-eau-coeur-by-thomas-de-monaco-limited-edition-fragrance-art\/\" \/>\n<meta property=\"og:locale\" content=\"en_US\" \/>\n<meta property=\"og:type\" content=\"article\" \/>\n<meta property=\"og:title\" content=\"Grand Beau &amp; Eau Coeur by Thomas de Monaco - Duft-Tagebuch\" \/>\n<meta property=\"og:url\" content=\"https:\/\/www.alzd.de\/en\/2023\/07\/31\/grand-beau-and-eau-coeur-by-thomas-de-monaco-limited-edition-fragrance-art\/\" \/>\n<meta property=\"og:site_name\" content=\"Das Duft-Tagebuch\" \/>\n<meta property=\"article:publisher\" content=\"https:\/\/www.facebook.com\/dufttagebuch\/\" \/>\n<meta property=\"article:author\" content=\"https:\/\/www.facebook.com\/stephanie.tkaczik\" \/>\n<meta property=\"article:published_time\" content=\"2023-07-31T05:30:00+00:00\" \/>\n<meta property=\"article:modified_time\" content=\"2023-07-31T15:02:15+00:00\" \/>\n<meta property=\"og:image\" content=\"https:\/\/www.alzd.de\/wp-content\/2023\/07\/bbildschirmfoto-vom-2023-07-31-10-23-48.jpg\" \/>\n\t<meta property=\"og:image:width\" content=\"720\" \/>\n\t<meta property=\"og:image:height\" content=\"400\" \/>\n\t<meta property=\"og:image:type\" content=\"image\/jpeg\" \/>\n<meta name=\"author\" content=\"Julia Bir\u00f3\" \/>\n<meta name=\"twitter:card\" content=\"summary_large_image\" \/>\n<meta name=\"twitter:creator\" content=\"@ausliebezumduft\" \/>\n<meta name=\"twitter:site\" content=\"@ausliebezumduft\" \/>\n<script type=\"application\/ld+json\" class=\"yoast-schema-graph\">{\"@context\":\"https:\\\/\\\/schema.org\",\"@graph\":[{\"@type\":\"Article\",\"@id\":\"https:\\\/\\\/www.alzd.de\\\/en\\\/2023\\\/07\\\/31\\\/grand-beau-and-eau-coeur-by-thomas-de-monaco-limited-edition-fragrance-art\\\/#article\",\"isPartOf\":{\"@id\":\"https:\\\/\\\/www.alzd.de\\\/en\\\/2023\\\/07\\\/31\\\/grand-beau-and-eau-coeur-by-thomas-de-monaco-limited-edition-fragrance-art\\\/\"},\"author\":{\"name\":\"Julia Bir\u00f3\",\"@id\":\"https:\\\/\\\/www.alzd.de\\\/en\\\/#\\\/schema\\\/person\\\/8efcd8f02447fdbe8f29ad465897d04e\"},\"headline\":\"Grand Beau and Eau Coeur by Thomas de Monaco &#8211; limited edition fragrance art.\",\"datePublished\":\"2023-07-31T05:30:00+00:00\",\"dateModified\":\"2023-07-31T15:02:15+00:00\",\"mainEntityOfPage\":{\"@id\":\"https:\\\/\\\/www.alzd.de\\\/en\\\/2023\\\/07\\\/31\\\/grand-beau-and-eau-coeur-by-thomas-de-monaco-limited-edition-fragrance-art\\\/\"},\"wordCount\":846,\"commentCount\":0,\"publisher\":{\"@id\":\"https:\\\/\\\/www.alzd.de\\\/en\\\/#organization\"},\"image\":{\"@id\":\"https:\\\/\\\/www.alzd.de\\\/en\\\/2023\\\/07\\\/31\\\/grand-beau-and-eau-coeur-by-thomas-de-monaco-limited-edition-fragrance-art\\\/#primaryimage\"},\"thumbnailUrl\":\"https:\\\/\\\/www.alzd.de\\\/wp-content\\\/2023\\\/07\\\/bbildschirmfoto-vom-2023-07-31-10-23-48.jpg\",\"keywords\":[\"Maurus Bachmann\",\"Thomas de Monaco\"],\"articleSection\":[\"Aquatic\",\"Clean &amp; Powdery\",\"Flowers\",\"Fragrances\",\"Fruity\",\"Green\",\"Woody\"],\"inLanguage\":\"en-US\",\"potentialAction\":[{\"@type\":\"CommentAction\",\"name\":\"Comment\",\"target\":[\"https:\\\/\\\/www.alzd.de\\\/en\\\/2023\\\/07\\\/31\\\/grand-beau-and-eau-coeur-by-thomas-de-monaco-limited-edition-fragrance-art\\\/#respond\"]}]},{\"@type\":\"WebPage\",\"@id\":\"https:\\\/\\\/www.alzd.de\\\/en\\\/2023\\\/07\\\/31\\\/grand-beau-and-eau-coeur-by-thomas-de-monaco-limited-edition-fragrance-art\\\/\",\"url\":\"https:\\\/\\\/www.alzd.de\\\/en\\\/2023\\\/07\\\/31\\\/grand-beau-and-eau-coeur-by-thomas-de-monaco-limited-edition-fragrance-art\\\/\",\"name\":\"Grand Beau & Eau Coeur by Thomas de Monaco - Duft-Tagebuch\",\"isPartOf\":{\"@id\":\"https:\\\/\\\/www.alzd.de\\\/en\\\/#website\"},\"primaryImageOfPage\":{\"@id\":\"https:\\\/\\\/www.alzd.de\\\/en\\\/2023\\\/07\\\/31\\\/grand-beau-and-eau-coeur-by-thomas-de-monaco-limited-edition-fragrance-art\\\/#primaryimage\"},\"image\":{\"@id\":\"https:\\\/\\\/www.alzd.de\\\/en\\\/2023\\\/07\\\/31\\\/grand-beau-and-eau-coeur-by-thomas-de-monaco-limited-edition-fragrance-art\\\/#primaryimage\"},\"thumbnailUrl\":\"https:\\\/\\\/www.alzd.de\\\/wp-content\\\/2023\\\/07\\\/bbildschirmfoto-vom-2023-07-31-10-23-48.jpg\",\"datePublished\":\"2023-07-31T05:30:00+00:00\",\"dateModified\":\"2023-07-31T15:02:15+00:00\",\"description\":\"With Raw Gold Thomas de Monaco thrilled me, in the meantime the Swiss has launched two more fragrances: Grand Beau and Eau Coeur.\",\"breadcrumb\":{\"@id\":\"https:\\\/\\\/www.alzd.de\\\/en\\\/2023\\\/07\\\/31\\\/grand-beau-and-eau-coeur-by-thomas-de-monaco-limited-edition-fragrance-art\\\/#breadcrumb\"},\"inLanguage\":\"en-US\",\"potentialAction\":[{\"@type\":\"ReadAction\",\"target\":[\"https:\\\/\\\/www.alzd.de\\\/en\\\/2023\\\/07\\\/31\\\/grand-beau-and-eau-coeur-by-thomas-de-monaco-limited-edition-fragrance-art\\\/\"]}]},{\"@type\":\"ImageObject\",\"inLanguage\":\"en-US\",\"@id\":\"https:\\\/\\\/www.alzd.de\\\/en\\\/2023\\\/07\\\/31\\\/grand-beau-and-eau-coeur-by-thomas-de-monaco-limited-edition-fragrance-art\\\/#primaryimage\",\"url\":\"https:\\\/\\\/www.alzd.de\\\/wp-content\\\/2023\\\/07\\\/bbildschirmfoto-vom-2023-07-31-10-23-48.jpg\",\"contentUrl\":\"https:\\\/\\\/www.alzd.de\\\/wp-content\\\/2023\\\/07\\\/bbildschirmfoto-vom-2023-07-31-10-23-48.jpg\",\"width\":720,\"height\":400},{\"@type\":\"BreadcrumbList\",\"@id\":\"https:\\\/\\\/www.alzd.de\\\/en\\\/2023\\\/07\\\/31\\\/grand-beau-and-eau-coeur-by-thomas-de-monaco-limited-edition-fragrance-art\\\/#breadcrumb\",\"itemListElement\":[{\"@type\":\"ListItem\",\"position\":1,\"name\":\"Startseite\",\"item\":\"https:\\\/\\\/www.alzd.de\\\/en\\\/\"},{\"@type\":\"ListItem\",\"position\":2,\"name\":\"Grand Beau and Eau Coeur by Thomas de Monaco &#8211; limited edition fragrance art.\"}]},{\"@type\":\"WebSite\",\"@id\":\"https:\\\/\\\/www.alzd.de\\\/en\\\/#website\",\"url\":\"https:\\\/\\\/www.alzd.de\\\/en\\\/\",\"name\":\"Das Duft-Tagebuch\",\"description\":\"Das Parfumblog von Aus Liebe zum Duft\",\"publisher\":{\"@id\":\"https:\\\/\\\/www.alzd.de\\\/en\\\/#organization\"},\"potentialAction\":[{\"@type\":\"SearchAction\",\"target\":{\"@type\":\"EntryPoint\",\"urlTemplate\":\"https:\\\/\\\/www.alzd.de\\\/en\\\/?s={search_term_string}\"},\"query-input\":{\"@type\":\"PropertyValueSpecification\",\"valueRequired\":true,\"valueName\":\"search_term_string\"}}],\"inLanguage\":\"en-US\"},{\"@type\":\"Organization\",\"@id\":\"https:\\\/\\\/www.alzd.de\\\/en\\\/#organization\",\"name\":\"Das Duft-Tagebuch\",\"url\":\"https:\\\/\\\/www.alzd.de\\\/en\\\/\",\"logo\":{\"@type\":\"ImageObject\",\"inLanguage\":\"en-US\",\"@id\":\"https:\\\/\\\/www.alzd.de\\\/en\\\/#\\\/schema\\\/logo\\\/image\\\/\",\"url\":\"https:\\\/\\\/www.alzd.de\\\/wp-content\\\/2023\\\/08\\\/alzd_dufttagebuch.png\",\"contentUrl\":\"https:\\\/\\\/www.alzd.de\\\/wp-content\\\/2023\\\/08\\\/alzd_dufttagebuch.png\",\"width\":1804,\"height\":416,\"caption\":\"Das Duft-Tagebuch\"},\"image\":{\"@id\":\"https:\\\/\\\/www.alzd.de\\\/en\\\/#\\\/schema\\\/logo\\\/image\\\/\"},\"sameAs\":[\"https:\\\/\\\/www.facebook.com\\\/dufttagebuch\\\/\",\"https:\\\/\\\/x.com\\\/ausliebezumduft\",\"https:\\\/\\\/www.instagram.com\\\/ausliebezumduft.de\\\/\",\"https:\\\/\\\/www.youtube.com\\\/c\\\/ausliebezumduft\"]},{\"@type\":\"Person\",\"@id\":\"https:\\\/\\\/www.alzd.de\\\/en\\\/#\\\/schema\\\/person\\\/8efcd8f02447fdbe8f29ad465897d04e\",\"name\":\"Julia Bir\u00f3\",\"image\":{\"@type\":\"ImageObject\",\"inLanguage\":\"en-US\",\"@id\":\"https:\\\/\\\/www.alzd.de\\\/wp-content\\\/2018\\\/02\\\/cropped-cropped-mitarbeiterbilder_steffi--96x96.jpg\",\"url\":\"https:\\\/\\\/www.alzd.de\\\/wp-content\\\/2018\\\/02\\\/cropped-cropped-mitarbeiterbilder_steffi--96x96.jpg\",\"contentUrl\":\"https:\\\/\\\/www.alzd.de\\\/wp-content\\\/2018\\\/02\\\/cropped-cropped-mitarbeiterbilder_steffi--96x96.jpg\",\"caption\":\"Julia Bir\u00f3\"},\"description\":\"Bereits 2010 gingen so einige Blogbeitr\u00e4ge auf mein Konto. Dann war ich \u201ekurz\u201c weg \u2013 sechs Jahre. Umso mehr freut es mich, dass ich nun wieder die Chance bekomme, mein N\u00e4schen im Dienste der Duftrezension schnuppern zu lassen und eifrig in die Tasten zu hauen. Was Nischend\u00fcfte angeht, habe ich damals \u00fcbrigens schnell Feuer gefangen. Meine Ausbildung tat dazu ihr \u00dcbriges: Als diplomierte Biologin kenne ich mich nicht nur mit Fauna und Flora, sondern auch recht gut mit der Herstellung von \u00d6len und Extrakten aus, was den Reiz der Parfumwelt nat\u00fcrlich noch gr\u00f6\u00dfer macht.\",\"sameAs\":[\"https:\\\/\\\/biro.is\\\/\",\"https:\\\/\\\/www.facebook.com\\\/stephanie.tkaczik\"],\"url\":\"https:\\\/\\\/www.alzd.de\\\/en\\\/author\\\/stephanie\\\/\"}]}<\/script>\n<!-- \/ Yoast SEO plugin. -->","yoast_head_json":{"title":"Grand Beau & Eau Coeur by Thomas de Monaco - Duft-Tagebuch","description":"With Raw Gold Thomas de Monaco thrilled me, in the meantime the Swiss has launched two more fragrances: Grand Beau and Eau Coeur.","robots":{"index":"index","follow":"follow","max-snippet":"max-snippet:-1","max-image-preview":"max-image-preview:large","max-video-preview":"max-video-preview:-1"},"canonical":"https:\/\/www.alzd.de\/en\/2023\/07\/31\/grand-beau-and-eau-coeur-by-thomas-de-monaco-limited-edition-fragrance-art\/","og_locale":"en_US","og_type":"article","og_title":"Grand Beau & Eau Coeur by Thomas de Monaco - Duft-Tagebuch","og_url":"https:\/\/www.alzd.de\/en\/2023\/07\/31\/grand-beau-and-eau-coeur-by-thomas-de-monaco-limited-edition-fragrance-art\/","og_site_name":"Das Duft-Tagebuch","article_publisher":"https:\/\/www.facebook.com\/dufttagebuch\/","article_author":"https:\/\/www.facebook.com\/stephanie.tkaczik","article_published_time":"2023-07-31T05:30:00+00:00","article_modified_time":"2023-07-31T15:02:15+00:00","og_image":[{"width":720,"height":400,"url":"https:\/\/www.alzd.de\/wp-content\/2023\/07\/bbildschirmfoto-vom-2023-07-31-10-23-48.jpg","type":"image\/jpeg"}],"author":"Julia Bir\u00f3","twitter_card":"summary_large_image","twitter_creator":"@ausliebezumduft","twitter_site":"@ausliebezumduft","schema":{"@context":"https:\/\/schema.org","@graph":[{"@type":"Article","@id":"https:\/\/www.alzd.de\/en\/2023\/07\/31\/grand-beau-and-eau-coeur-by-thomas-de-monaco-limited-edition-fragrance-art\/#article","isPartOf":{"@id":"https:\/\/www.alzd.de\/en\/2023\/07\/31\/grand-beau-and-eau-coeur-by-thomas-de-monaco-limited-edition-fragrance-art\/"},"author":{"name":"Julia Bir\u00f3","@id":"https:\/\/www.alzd.de\/en\/#\/schema\/person\/8efcd8f02447fdbe8f29ad465897d04e"},"headline":"Grand Beau and Eau Coeur by Thomas de Monaco &#8211; limited edition fragrance art.","datePublished":"2023-07-31T05:30:00+00:00","dateModified":"2023-07-31T15:02:15+00:00","mainEntityOfPage":{"@id":"https:\/\/www.alzd.de\/en\/2023\/07\/31\/grand-beau-and-eau-coeur-by-thomas-de-monaco-limited-edition-fragrance-art\/"},"wordCount":846,"commentCount":0,"publisher":{"@id":"https:\/\/www.alzd.de\/en\/#organization"},"image":{"@id":"https:\/\/www.alzd.de\/en\/2023\/07\/31\/grand-beau-and-eau-coeur-by-thomas-de-monaco-limited-edition-fragrance-art\/#primaryimage"},"thumbnailUrl":"https:\/\/www.alzd.de\/wp-content\/2023\/07\/bbildschirmfoto-vom-2023-07-31-10-23-48.jpg","keywords":["Maurus Bachmann","Thomas de Monaco"],"articleSection":["Aquatic","Clean &amp; Powdery","Flowers","Fragrances","Fruity","Green","Woody"],"inLanguage":"en-US","potentialAction":[{"@type":"CommentAction","name":"Comment","target":["https:\/\/www.alzd.de\/en\/2023\/07\/31\/grand-beau-and-eau-coeur-by-thomas-de-monaco-limited-edition-fragrance-art\/#respond"]}]},{"@type":"WebPage","@id":"https:\/\/www.alzd.de\/en\/2023\/07\/31\/grand-beau-and-eau-coeur-by-thomas-de-monaco-limited-edition-fragrance-art\/","url":"https:\/\/www.alzd.de\/en\/2023\/07\/31\/grand-beau-and-eau-coeur-by-thomas-de-monaco-limited-edition-fragrance-art\/","name":"Grand Beau & Eau Coeur by Thomas de Monaco - Duft-Tagebuch","isPartOf":{"@id":"https:\/\/www.alzd.de\/en\/#website"},"primaryImageOfPage":{"@id":"https:\/\/www.alzd.de\/en\/2023\/07\/31\/grand-beau-and-eau-coeur-by-thomas-de-monaco-limited-edition-fragrance-art\/#primaryimage"},"image":{"@id":"https:\/\/www.alzd.de\/en\/2023\/07\/31\/grand-beau-and-eau-coeur-by-thomas-de-monaco-limited-edition-fragrance-art\/#primaryimage"},"thumbnailUrl":"https:\/\/www.alzd.de\/wp-content\/2023\/07\/bbildschirmfoto-vom-2023-07-31-10-23-48.jpg","datePublished":"2023-07-31T05:30:00+00:00","dateModified":"2023-07-31T15:02:15+00:00","description":"With Raw Gold Thomas de Monaco thrilled me, in the meantime the Swiss has launched two more fragrances: Grand Beau and Eau Coeur.","breadcrumb":{"@id":"https:\/\/www.alzd.de\/en\/2023\/07\/31\/grand-beau-and-eau-coeur-by-thomas-de-monaco-limited-edition-fragrance-art\/#breadcrumb"},"inLanguage":"en-US","potentialAction":[{"@type":"ReadAction","target":["https:\/\/www.alzd.de\/en\/2023\/07\/31\/grand-beau-and-eau-coeur-by-thomas-de-monaco-limited-edition-fragrance-art\/"]}]},{"@type":"ImageObject","inLanguage":"en-US","@id":"https:\/\/www.alzd.de\/en\/2023\/07\/31\/grand-beau-and-eau-coeur-by-thomas-de-monaco-limited-edition-fragrance-art\/#primaryimage","url":"https:\/\/www.alzd.de\/wp-content\/2023\/07\/bbildschirmfoto-vom-2023-07-31-10-23-48.jpg","contentUrl":"https:\/\/www.alzd.de\/wp-content\/2023\/07\/bbildschirmfoto-vom-2023-07-31-10-23-48.jpg","width":720,"height":400},{"@type":"BreadcrumbList","@id":"https:\/\/www.alzd.de\/en\/2023\/07\/31\/grand-beau-and-eau-coeur-by-thomas-de-monaco-limited-edition-fragrance-art\/#breadcrumb","itemListElement":[{"@type":"ListItem","position":1,"name":"Startseite","item":"https:\/\/www.alzd.de\/en\/"},{"@type":"ListItem","position":2,"name":"Grand Beau and Eau Coeur by Thomas de Monaco &#8211; limited edition fragrance art."}]},{"@type":"WebSite","@id":"https:\/\/www.alzd.de\/en\/#website","url":"https:\/\/www.alzd.de\/en\/","name":"Das Duft-Tagebuch","description":"Das Parfumblog von Aus Liebe zum Duft","publisher":{"@id":"https:\/\/www.alzd.de\/en\/#organization"},"potentialAction":[{"@type":"SearchAction","target":{"@type":"EntryPoint","urlTemplate":"https:\/\/www.alzd.de\/en\/?s={search_term_string}"},"query-input":{"@type":"PropertyValueSpecification","valueRequired":true,"valueName":"search_term_string"}}],"inLanguage":"en-US"},{"@type":"Organization","@id":"https:\/\/www.alzd.de\/en\/#organization","name":"Das Duft-Tagebuch","url":"https:\/\/www.alzd.de\/en\/","logo":{"@type":"ImageObject","inLanguage":"en-US","@id":"https:\/\/www.alzd.de\/en\/#\/schema\/logo\/image\/","url":"https:\/\/www.alzd.de\/wp-content\/2023\/08\/alzd_dufttagebuch.png","contentUrl":"https:\/\/www.alzd.de\/wp-content\/2023\/08\/alzd_dufttagebuch.png","width":1804,"height":416,"caption":"Das Duft-Tagebuch"},"image":{"@id":"https:\/\/www.alzd.de\/en\/#\/schema\/logo\/image\/"},"sameAs":["https:\/\/www.facebook.com\/dufttagebuch\/","https:\/\/x.com\/ausliebezumduft","https:\/\/www.instagram.com\/ausliebezumduft.de\/","https:\/\/www.youtube.com\/c\/ausliebezumduft"]},{"@type":"Person","@id":"https:\/\/www.alzd.de\/en\/#\/schema\/person\/8efcd8f02447fdbe8f29ad465897d04e","name":"Julia Bir\u00f3","image":{"@type":"ImageObject","inLanguage":"en-US","@id":"https:\/\/www.alzd.de\/wp-content\/2018\/02\/cropped-cropped-mitarbeiterbilder_steffi--96x96.jpg","url":"https:\/\/www.alzd.de\/wp-content\/2018\/02\/cropped-cropped-mitarbeiterbilder_steffi--96x96.jpg","contentUrl":"https:\/\/www.alzd.de\/wp-content\/2018\/02\/cropped-cropped-mitarbeiterbilder_steffi--96x96.jpg","caption":"Julia Bir\u00f3"},"description":"Bereits 2010 gingen so einige Blogbeitr\u00e4ge auf mein Konto. Dann war ich \u201ekurz\u201c weg \u2013 sechs Jahre. Umso mehr freut es mich, dass ich nun wieder die Chance bekomme, mein N\u00e4schen im Dienste der Duftrezension schnuppern zu lassen und eifrig in die Tasten zu hauen. Was Nischend\u00fcfte angeht, habe ich damals \u00fcbrigens schnell Feuer gefangen. Meine Ausbildung tat dazu ihr \u00dcbriges: Als diplomierte Biologin kenne ich mich nicht nur mit Fauna und Flora, sondern auch recht gut mit der Herstellung von \u00d6len und Extrakten aus, was den Reiz der Parfumwelt nat\u00fcrlich noch gr\u00f6\u00dfer macht.","sameAs":["https:\/\/biro.is\/","https:\/\/www.facebook.com\/stephanie.tkaczik"],"url":"https:\/\/www.alzd.de\/en\/author\/stephanie\/"}]}},"wp-worthy-pixel":{"ignored":false,"public":null,"server":null,"url":null},"wp-worthy-type":"normal","_links":{"self":[{"href":"https:\/\/www.alzd.de\/en\/wp-json\/wp\/v2\/posts\/109172","targetHints":{"allow":["GET"]}}],"collection":[{"href":"https:\/\/www.alzd.de\/en\/wp-json\/wp\/v2\/posts"}],"about":[{"href":"https:\/\/www.alzd.de\/en\/wp-json\/wp\/v2\/types\/post"}],"author":[{"embeddable":true,"href":"https:\/\/www.alzd.de\/en\/wp-json\/wp\/v2\/users\/535"}],"replies":[{"embeddable":true,"href":"https:\/\/www.alzd.de\/en\/wp-json\/wp\/v2\/comments?post=109172"}],"version-history":[{"count":5,"href":"https:\/\/www.alzd.de\/en\/wp-json\/wp\/v2\/posts\/109172\/revisions"}],"predecessor-version":[{"id":109177,"href":"https:\/\/www.alzd.de\/en\/wp-json\/wp\/v2\/posts\/109172\/revisions\/109177"}],"wp:featuredmedia":[{"embeddable":true,"href":"https:\/\/www.alzd.de\/en\/wp-json\/wp\/v2\/media\/109170"}],"wp:attachment":[{"href":"https:\/\/www.alzd.de\/en\/wp-json\/wp\/v2\/media?parent=109172"}],"wp:term":[{"taxonomy":"category","embeddable":true,"href":"https:\/\/www.alzd.de\/en\/wp-json\/wp\/v2\/categories?post=109172"},{"taxonomy":"post_tag","embeddable":true,"href":"https:\/\/www.alzd.de\/en\/wp-json\/wp\/v2\/tags?post=109172"}],"curies":[{"name":"wp","href":"https:\/\/api.w.org\/{rel}","templated":true}]}}