{"id":108274,"date":"2023-06-27T07:30:00","date_gmt":"2023-06-27T05:30:00","guid":{"rendered":"https:\/\/www.alzd.de\/2023\/06\/27\/fiesta-habana-by-cherigan-oh-how-beautiful-is-cuba\/"},"modified":"2023-06-27T15:00:44","modified_gmt":"2023-06-27T13:00:44","slug":"fiesta-habana-by-cherigan-oh-how-beautiful-is-cuba","status":"publish","type":"post","link":"https:\/\/www.alzd.de\/en\/2023\/06\/27\/fiesta-habana-by-cherigan-oh-how-beautiful-is-cuba\/","title":{"rendered":"Fiesta Habana by Cherigan &#8211; Oh, how beautiful is Cuba!"},"content":{"rendered":"\n<p>One fragrance house that is particularly close to my heart is <a href=\"https:\/\/www.ausliebezumduft.de\/fragrances\/cherigan.html\" target=\"_blank\" rel=\"noreferrer noopener\">Cherigan<\/a>. With <a href=\"https:\/\/www.ausliebezumduft.de\/cherigan-fiesta-habana.html\" target=\"_blank\" rel=\"noreferrer noopener\">Fiesta Habana<\/a>, the latest creation of the French niche fragrance brand recently joined the assortment of <a href=\"https:\/\/www.ausliebezumduft.de\/\" target=\"_blank\" rel=\"noreferrer noopener\">Aus Liebe zum Duft<\/a> and I think the name alone sounds like a good mood, a proper fragrance party that will get anyone dancing to the sounds of Cuban music.<\/p>\n<div class=\"wp-block-image\">\n<figure class=\"aligncenter size-large\"><img decoding=\"async\" width=\"810\" height=\"1080\" src=\"https:\/\/www.alzd.de\/wp-content\/2023\/06\/stephan-valentin-6NT7jy6OU9I-unsplash-810x1080.jpg\" alt=\"Havana car\" class=\"wp-image-108226\" title=\"Havana car\" srcset=\"https:\/\/www.alzd.de\/wp-content\/2023\/06\/stephan-valentin-6NT7jy6OU9I-unsplash-810x1080.jpg 810w, https:\/\/www.alzd.de\/wp-content\/2023\/06\/stephan-valentin-6NT7jy6OU9I-unsplash-540x720.jpg 540w, https:\/\/www.alzd.de\/wp-content\/2023\/06\/stephan-valentin-6NT7jy6OU9I-unsplash-270x360.jpg 270w, https:\/\/www.alzd.de\/wp-content\/2023\/06\/stephan-valentin-6NT7jy6OU9I-unsplash-768x1024.jpg 768w, https:\/\/www.alzd.de\/wp-content\/2023\/06\/stephan-valentin-6NT7jy6OU9I-unsplash-1152x1536.jpg 1152w, https:\/\/www.alzd.de\/wp-content\/2023\/06\/stephan-valentin-6NT7jy6OU9I-unsplash-1536x2048.jpg 1536w, https:\/\/www.alzd.de\/wp-content\/2023\/06\/stephan-valentin-6NT7jy6OU9I-unsplash-scaled.jpg 1920w\" sizes=\"(max-width: 810px) 100vw, 810px\" \/><figcaption class=\"wp-element-caption\">Photo by <a href=\"https:\/\/unsplash.com\/@valentinsteph?utm_source=unsplash&amp;utm_medium=referral&amp;utm_content=creditCopyText\">St\u00e9phan Valentin<\/a> on <a href=\"https:\/\/unsplash.com\/de\/fotos\/6NT7jy6OU9I?utm_source=unsplash&amp;utm_medium=referral&amp;utm_content=creditCopyText\">Unsplash<\/a><\/figcaption><\/figure>\n<\/div>\n<div style=\"height:50px\" aria-hidden=\"true\" class=\"wp-block-spacer\"><\/div>\n\n<h3 class=\"wp-block-heading\">Tradition and modernity combined &#8211; Cherigan<\/h3>\n\n<p>Last fall, I presented you some of the brand&#8217;s creations and also had the pleasure of interviewing Luc Gabriel, who, together with his wife Sophie, revived the 1920s fragrance house a few years ago. I&#8217;ll link you to my articles on Cherigan below, which will give you a good overview of the label and its olfactory portfolio:<\/p>\n\n<ul class=\"wp-block-list\">\n<li><a href=\"https:\/\/www.alzd.de\/en\/2022\/10\/13\/interview-with-cherigans-founder-luc-gabriel-the-scent-of-the-golden-twenties\/\">Interview with Cherigan\u2019s founder Luc Gabriel &#8211; The scent of the golden twenties<\/a><\/li>\n\n\n\n<li><a href=\"https:\/\/www.alzd.de\/en\/2022\/10\/14\/fleurs-de-tabac-and-lovers-in-pink-by-cherigan-of-tobacco-flowers-and-lovers\/\">Fleurs de Tabac and Lovers in Pink by Cherigan &#8211; of tobacco flowers and lovers.<\/a><\/li>\n\n\n\n<li><a href=\"https:\/\/www.alzd.de\/en\/2022\/10\/18\/edo-park-and-or-des-iles-by-cherigan-japans-gardens-and-the-gold-of-the-islands\/\">Edo Park and Or des Iles by Cherigan &#8211; Japan&#8217;s Gardens and the Gold of the Islands<\/a><\/li>\n\n\n\n<li><a href=\"https:\/\/www.alzd.de\/en\/2022\/10\/22\/the-purple-bar-iris-coffee-and-adhara-oud-by-cherigan-the-grand-finale\/\">The Purple Bar, Iris Coffee and Adhara Oud by Cherigan &#8211; The grand finale<\/a><\/li>\n<\/ul>\n\n<p>Cherigan&#8217;s fragrances are partly based on old recipes, which have of course been adapted to modern requirements. In addition, they have been given a certain modern touch without distorting the nostalgic character of the original fragrance. Other creations, on the other hand, have been completely newly developed and are based on actual locations and events from the brand&#8217;s history. Our fragrance candidate today takes us to Havana, for example, as Cherigan opened a perfume boutique there in the 1930s.<\/p>\n<div class=\"wp-block-image\">\n<figure class=\"aligncenter size-large\"><img decoding=\"async\" width=\"720\" height=\"1080\" src=\"https:\/\/www.alzd.de\/wp-content\/2023\/06\/stephan-valentin-qRBNM6GmXDE-unsplash-720x1080.jpg\" alt=\"Havana scene\" class=\"wp-image-108238\" title=\"Havana scene\" srcset=\"https:\/\/www.alzd.de\/wp-content\/2023\/06\/stephan-valentin-qRBNM6GmXDE-unsplash-720x1080.jpg 720w, https:\/\/www.alzd.de\/wp-content\/2023\/06\/stephan-valentin-qRBNM6GmXDE-unsplash-480x720.jpg 480w, https:\/\/www.alzd.de\/wp-content\/2023\/06\/stephan-valentin-qRBNM6GmXDE-unsplash-240x360.jpg 240w, https:\/\/www.alzd.de\/wp-content\/2023\/06\/stephan-valentin-qRBNM6GmXDE-unsplash-768x1152.jpg 768w, https:\/\/www.alzd.de\/wp-content\/2023\/06\/stephan-valentin-qRBNM6GmXDE-unsplash-1024x1536.jpg 1024w, https:\/\/www.alzd.de\/wp-content\/2023\/06\/stephan-valentin-qRBNM6GmXDE-unsplash-1365x2048.jpg 1365w, https:\/\/www.alzd.de\/wp-content\/2023\/06\/stephan-valentin-qRBNM6GmXDE-unsplash-scaled.jpg 1707w\" sizes=\"(max-width: 720px) 100vw, 720px\" \/><figcaption class=\"wp-element-caption\">Photo by <a href=\"https:\/\/unsplash.com\/@valentinsteph?utm_source=unsplash&amp;utm_medium=referral&amp;utm_content=creditCopyText\">St\u00e9phan Valentin<\/a> on <a href=\"https:\/\/unsplash.com\/de\/fotos\/qRBNM6GmXDE?utm_source=unsplash&amp;utm_medium=referral&amp;utm_content=creditCopyText\">Unsplash<\/a><\/figcaption><\/figure>\n<\/div>\n<div style=\"height:50px\" aria-hidden=\"true\" class=\"wp-block-spacer\"><\/div>\n\n<h2 class=\"wp-block-heading\">Fiesta Habana &#8211; Dance in Cuba<\/h2>\n\n<p>The legendary Caribbean island looks back on an eventful history. After the Spanish took power in the 16th century, Cuba first became a Spanish colony, later independent, but under the strong influence of the USA. Then the revolution at the end of the 1950s, which turned Cuba into the socialist and authoritarian island state it remains today. <\/p>\n\n<p>Crises, sanctions and economic isolation have characterized the island for almost 70 years now. Dilapidated houses still bear witness to the former splendour of the Cuban capital. Cuba&#8217;s trademarks are also the numerous classic cars, elegant road cruisers left behind by the Americans residing in Cuba in the course of the revolution, which today have cult status.<\/p>\n\n<p>One of the most famous Americans on the Caribbean island was certainly the writer Ernest Hemingway, who lived there from the mid-1930s to 1960 with minor interruptions on a finca, until his failing health forced him to move back to the United States. In his favourite Havana bar, El Floridita, there is still a bronze statue of the writer leaning casually against the counter.<\/p>\n<div class=\"wp-block-image\">\n<figure class=\"aligncenter size-large\"><img decoding=\"async\" width=\"722\" height=\"1080\" src=\"https:\/\/www.alzd.de\/wp-content\/2023\/06\/daniel-sessler-Vp5aee_Vh40-unsplash-722x1080.jpg\" alt=\"Havana street corner\" class=\"wp-image-108243\" title=\"Havana street corner\" srcset=\"https:\/\/www.alzd.de\/wp-content\/2023\/06\/daniel-sessler-Vp5aee_Vh40-unsplash-722x1080.jpg 722w, https:\/\/www.alzd.de\/wp-content\/2023\/06\/daniel-sessler-Vp5aee_Vh40-unsplash-481x720.jpg 481w, https:\/\/www.alzd.de\/wp-content\/2023\/06\/daniel-sessler-Vp5aee_Vh40-unsplash-241x360.jpg 241w, https:\/\/www.alzd.de\/wp-content\/2023\/06\/daniel-sessler-Vp5aee_Vh40-unsplash-768x1149.jpg 768w, https:\/\/www.alzd.de\/wp-content\/2023\/06\/daniel-sessler-Vp5aee_Vh40-unsplash-1026x1536.jpg 1026w, https:\/\/www.alzd.de\/wp-content\/2023\/06\/daniel-sessler-Vp5aee_Vh40-unsplash-1369x2048.jpg 1369w, https:\/\/www.alzd.de\/wp-content\/2023\/06\/daniel-sessler-Vp5aee_Vh40-unsplash-scaled.jpg 1711w\" sizes=\"(max-width: 722px) 100vw, 722px\" \/><figcaption class=\"wp-element-caption\">Photo by <a href=\"https:\/\/unsplash.com\/@danielsessler?utm_source=unsplash&amp;utm_medium=referral&amp;utm_content=creditCopyText\">Daniel Se\u00dfler<\/a> on <a href=\"https:\/\/unsplash.com\/de\/fotos\/Vp5aee_Vh40?utm_source=unsplash&amp;utm_medium=referral&amp;utm_content=creditCopyText\">Unsplash<\/a><\/figcaption><\/figure>\n<\/div>\n<div style=\"height:50px\" aria-hidden=\"true\" class=\"wp-block-spacer\"><\/div>\n\n<blockquote class=\"wp-block-quote is-layout-flow wp-block-quote-is-layout-flow\">\n<p>In the 1920s, during the time of Prohibition in the United States, Havana was the hip place to be with its party nights and smoky casinos. There, big bands played through the night while the youth of the United States continued to gamble at the gaming tables. <\/p>\n\n\n\n<p>At that time, French designers exerted a great influence on the North American market. (&#8230;) A true paradise for architecture lovers and fans of Cuban music, cigars and rum, it is no wonder that Ernest Hemingway made Cuba his second home.<\/p>\n<\/blockquote>\n\n<p>The fragrance Fiesta Habana picks up precisely this exuberant and quite excessive mood of the Roaring Twenties on the Caribbean island and implements it with opulent notes. <strong>Rum, davana, elemi resin, clove, tolu balsam, iris, immortelle (Italian strawflower), sandalwood, tobacco, bourbon vanilla, tonka bean, patchouli<\/strong> and <strong>musk<\/strong> are the ingredients of this fragrant tribute to the island in the golden twenties.<\/p>\n<div class=\"wp-block-image\">\n<figure class=\"aligncenter size-large is-resized\"><img decoding=\"async\" src=\"https:\/\/www.alzd.de\/wp-content\/2023\/06\/Bildschirmfoto-vom-2023-06-27-12-33-31-1080x1080.jpg\" alt=\"\" class=\"wp-image-108248\" width=\"734\" height=\"734\" srcset=\"https:\/\/www.alzd.de\/wp-content\/2023\/06\/Bildschirmfoto-vom-2023-06-27-12-33-31-1080x1080.jpg 1080w, https:\/\/www.alzd.de\/wp-content\/2023\/06\/Bildschirmfoto-vom-2023-06-27-12-33-31-720x720.jpg 720w, https:\/\/www.alzd.de\/wp-content\/2023\/06\/Bildschirmfoto-vom-2023-06-27-12-33-31-360x360.jpg 360w, https:\/\/www.alzd.de\/wp-content\/2023\/06\/Bildschirmfoto-vom-2023-06-27-12-33-31-768x769.jpg 768w, https:\/\/www.alzd.de\/wp-content\/2023\/06\/Bildschirmfoto-vom-2023-06-27-12-33-31.jpg 1251w\" sizes=\"(max-width: 734px) 100vw, 734px\" \/><figcaption class=\"wp-element-caption\">Image from <a href=\"https:\/\/www.instagram.com\/cheriganparis\/\" target=\"_blank\" rel=\"noreferrer noopener\">Instagram<\/a><\/figcaption><\/figure>\n<\/div>\n<div style=\"height:50px\" aria-hidden=\"true\" class=\"wp-block-spacer\"><\/div>\n\n<h3 class=\"wp-block-heading\">In the glow of the night<\/h3>\n\n<p>The tipsy, liqueur-like notes of rum and the dried fruit accents of davana open Fiesta Habana and evoke a thoroughly exuberant mood right from the start, into which the delicate, earthy and creamy nuances of iris gradually slip, accompanied by lovely tolu balsam.<\/p>\n\n<p>Is the prelude to my liking? Definitely! This is the way to go! Immortelle provides greenish spicy nuances, while the warm notes of honeyed, deep golden tobacco and velvety sandalwood underline the still clearly sniffable, liqueur-like rum.<\/p>\n\n<p>The tonka bean also gets its big appearance. Very present is the visually rather inconspicuous black shriveled bean with its green facets reminiscent of hay, which beautifully suits the creation. Somewhere I also smell dark red cherries flashing in the background of the composition, sometimes more, sometimes less clearly. Soft and powdery-amber, the fragrance gradually fades out in a beautiful way.<\/p>\n<div class=\"wp-block-image\">\n<figure class=\"aligncenter size-large\"><img decoding=\"async\" width=\"1080\" height=\"1080\" src=\"https:\/\/www.alzd.de\/wp-content\/2023\/06\/Bildschirmfoto-vom-2023-06-27-10-28-47-1080x1080.jpg\" alt=\"Cherigan - Fiesta Habana\" class=\"wp-image-108230\" title=\"Cherigan - Fiesta Habana\" srcset=\"https:\/\/www.alzd.de\/wp-content\/2023\/06\/Bildschirmfoto-vom-2023-06-27-10-28-47-1080x1080.jpg 1080w, https:\/\/www.alzd.de\/wp-content\/2023\/06\/Bildschirmfoto-vom-2023-06-27-10-28-47-720x720.jpg 720w, https:\/\/www.alzd.de\/wp-content\/2023\/06\/Bildschirmfoto-vom-2023-06-27-10-28-47-360x360.jpg 360w, https:\/\/www.alzd.de\/wp-content\/2023\/06\/Bildschirmfoto-vom-2023-06-27-10-28-47-768x769.jpg 768w, https:\/\/www.alzd.de\/wp-content\/2023\/06\/Bildschirmfoto-vom-2023-06-27-10-28-47.jpg 1247w\" sizes=\"(max-width: 1080px) 100vw, 1080px\" \/><figcaption class=\"wp-element-caption\">Fiesta Habana from <a href=\"https:\/\/www.instagram.com\/cheriganparis\/\" target=\"_blank\" rel=\"noreferrer noopener\">Instagram<\/a><\/figcaption><\/figure>\n<\/div>\n<p>Fiesta Habana by Cherigan is a quiet, liqueur-like mix of delicious rum, pickled dried fruits, spices, warm woods and tobacco, carried by a gourmand sweetness. Not a loud party crasher, but rather a quiet, but good-humoured fragrance that is very coherent and finely balanced. Atmospheric, elegant, modern and &#8211; despite its restrained nature &#8211; expressive, Fiesta Habana has a medium presence and good longevity. This makes the Extrait de Parfum a perfect fragrance companion for every season and also for every occasion. A wonderful fiesta that Cherigan presents us with this creation and which once again makes my heart beat faster for the brand. \u2764<\/p>\n\n<div class=\"wp-block-buttons is-content-justification-center is-layout-flex wp-container-core-buttons-is-layout-16018d1d wp-block-buttons-is-layout-flex\">\n<div class=\"wp-block-button has-custom-width wp-block-button__width-50\"><a class=\"wp-block-button__link has-white-color has-text-color has-background wp-element-button\" href=\"https:\/\/www.ausliebezumduft.de\/cherigan-fiesta-habana.html\" style=\"background-color:#ac0006\" target=\"_blank\" rel=\"noreferrer noopener\"><strong>Fiesta Habana<\/strong><\/a><\/div>\n<\/div>\n","protected":false},"excerpt":{"rendered":"<p>One fragrance house that is particularly close to my heart is Cherigan. With Fiesta Habana, the latest creation of the French niche fragrance brand recently joined the assortment&#8230;<\/p>\n<div class=\"more-link-wrapper\"><a class=\"more-link\" href=\"https:\/\/www.alzd.de\/en\/2023\/06\/27\/fiesta-habana-by-cherigan-oh-how-beautiful-is-cuba\/\">WEITERLESEN<span class=\"screen-reader-text\">Fiesta Habana by Cherigan &#8211; Oh, how beautiful is Cuba!<\/span><\/a><\/div>\n","protected":false},"author":535,"featured_media":108273,"comment_status":"open","ping_status":"closed","sticky":false,"template":"","format":"standard","meta":{"footnotes":""},"categories":[1117,1156,1113,1116,1114],"tags":[1737],"class_list":["post-108274","post","type-post","status-publish","format-standard","has-post-thumbnail","hentry","category-fragrances","category-gourmand-en","category-spicy","category-tobacco-smoky","category-woody","tag-cherigan-en","excerpt","zoom","full-without-featured","even","excerpt-0"],"yoast_head":"<!-- This site is optimized with the Yoast SEO plugin v27.5 - https:\/\/yoast.com\/product\/yoast-seo-wordpress\/ -->\n<title>Fiesta Habana by Cherigan - Oh, how beautiful is Cuba!<\/title>\n<meta name=\"description\" content=\"One fragrance house that is particularly close to my heart is Cherigan. With Fiesta Habana, the latest creation of the French company ...\" \/>\n<meta name=\"robots\" content=\"index, follow, max-snippet:-1, max-image-preview:large, max-video-preview:-1\" \/>\n<link rel=\"canonical\" href=\"https:\/\/www.alzd.de\/en\/2023\/06\/27\/fiesta-habana-by-cherigan-oh-how-beautiful-is-cuba\/\" \/>\n<meta property=\"og:locale\" content=\"en_US\" \/>\n<meta property=\"og:type\" content=\"article\" \/>\n<meta property=\"og:title\" content=\"Fiesta Habana by Cherigan - Oh, how beautiful is Cuba!\" \/>\n<meta property=\"og:url\" content=\"https:\/\/www.alzd.de\/en\/2023\/06\/27\/fiesta-habana-by-cherigan-oh-how-beautiful-is-cuba\/\" \/>\n<meta property=\"og:site_name\" content=\"Das Duft-Tagebuch\" \/>\n<meta property=\"article:publisher\" content=\"https:\/\/www.facebook.com\/dufttagebuch\/\" \/>\n<meta property=\"article:author\" content=\"https:\/\/www.facebook.com\/stephanie.tkaczik\" \/>\n<meta property=\"article:published_time\" content=\"2023-06-27T05:30:00+00:00\" \/>\n<meta property=\"article:modified_time\" content=\"2023-06-27T13:00:44+00:00\" \/>\n<meta property=\"og:image\" content=\"https:\/\/www.alzd.de\/wp-content\/2023\/06\/bblorian-wehde-E5oWakkGt-8-unsplash.jpg\" \/>\n\t<meta property=\"og:image:width\" content=\"720\" \/>\n\t<meta property=\"og:image:height\" content=\"400\" \/>\n\t<meta property=\"og:image:type\" content=\"image\/jpeg\" \/>\n<meta name=\"author\" content=\"Julia Bir\u00f3\" \/>\n<meta name=\"twitter:card\" content=\"summary_large_image\" \/>\n<meta name=\"twitter:creator\" content=\"@ausliebezumduft\" \/>\n<meta name=\"twitter:site\" content=\"@ausliebezumduft\" \/>\n<script type=\"application\/ld+json\" class=\"yoast-schema-graph\">{\"@context\":\"https:\\\/\\\/schema.org\",\"@graph\":[{\"@type\":\"Article\",\"@id\":\"https:\\\/\\\/www.alzd.de\\\/en\\\/2023\\\/06\\\/27\\\/fiesta-habana-by-cherigan-oh-how-beautiful-is-cuba\\\/#article\",\"isPartOf\":{\"@id\":\"https:\\\/\\\/www.alzd.de\\\/en\\\/2023\\\/06\\\/27\\\/fiesta-habana-by-cherigan-oh-how-beautiful-is-cuba\\\/\"},\"author\":{\"name\":\"Julia Bir\u00f3\",\"@id\":\"https:\\\/\\\/www.alzd.de\\\/en\\\/#\\\/schema\\\/person\\\/8efcd8f02447fdbe8f29ad465897d04e\"},\"headline\":\"Fiesta Habana by Cherigan &#8211; Oh, how beautiful is Cuba!\",\"datePublished\":\"2023-06-27T05:30:00+00:00\",\"dateModified\":\"2023-06-27T13:00:44+00:00\",\"mainEntityOfPage\":{\"@id\":\"https:\\\/\\\/www.alzd.de\\\/en\\\/2023\\\/06\\\/27\\\/fiesta-habana-by-cherigan-oh-how-beautiful-is-cuba\\\/\"},\"wordCount\":889,\"commentCount\":0,\"publisher\":{\"@id\":\"https:\\\/\\\/www.alzd.de\\\/en\\\/#organization\"},\"image\":{\"@id\":\"https:\\\/\\\/www.alzd.de\\\/en\\\/2023\\\/06\\\/27\\\/fiesta-habana-by-cherigan-oh-how-beautiful-is-cuba\\\/#primaryimage\"},\"thumbnailUrl\":\"https:\\\/\\\/www.alzd.de\\\/wp-content\\\/2023\\\/06\\\/bblorian-wehde-E5oWakkGt-8-unsplash.jpg\",\"keywords\":[\"Cherigan\"],\"articleSection\":[\"Fragrances\",\"Gourmand\",\"Spicy\",\"Tobacco &amp; Smoky\",\"Woody\"],\"inLanguage\":\"en-US\",\"potentialAction\":[{\"@type\":\"CommentAction\",\"name\":\"Comment\",\"target\":[\"https:\\\/\\\/www.alzd.de\\\/en\\\/2023\\\/06\\\/27\\\/fiesta-habana-by-cherigan-oh-how-beautiful-is-cuba\\\/#respond\"]}]},{\"@type\":\"WebPage\",\"@id\":\"https:\\\/\\\/www.alzd.de\\\/en\\\/2023\\\/06\\\/27\\\/fiesta-habana-by-cherigan-oh-how-beautiful-is-cuba\\\/\",\"url\":\"https:\\\/\\\/www.alzd.de\\\/en\\\/2023\\\/06\\\/27\\\/fiesta-habana-by-cherigan-oh-how-beautiful-is-cuba\\\/\",\"name\":\"Fiesta Habana by Cherigan - Oh, how beautiful is Cuba!\",\"isPartOf\":{\"@id\":\"https:\\\/\\\/www.alzd.de\\\/en\\\/#website\"},\"primaryImageOfPage\":{\"@id\":\"https:\\\/\\\/www.alzd.de\\\/en\\\/2023\\\/06\\\/27\\\/fiesta-habana-by-cherigan-oh-how-beautiful-is-cuba\\\/#primaryimage\"},\"image\":{\"@id\":\"https:\\\/\\\/www.alzd.de\\\/en\\\/2023\\\/06\\\/27\\\/fiesta-habana-by-cherigan-oh-how-beautiful-is-cuba\\\/#primaryimage\"},\"thumbnailUrl\":\"https:\\\/\\\/www.alzd.de\\\/wp-content\\\/2023\\\/06\\\/bblorian-wehde-E5oWakkGt-8-unsplash.jpg\",\"datePublished\":\"2023-06-27T05:30:00+00:00\",\"dateModified\":\"2023-06-27T13:00:44+00:00\",\"description\":\"One fragrance house that is particularly close to my heart is Cherigan. With Fiesta Habana, the latest creation of the French company ...\",\"breadcrumb\":{\"@id\":\"https:\\\/\\\/www.alzd.de\\\/en\\\/2023\\\/06\\\/27\\\/fiesta-habana-by-cherigan-oh-how-beautiful-is-cuba\\\/#breadcrumb\"},\"inLanguage\":\"en-US\",\"potentialAction\":[{\"@type\":\"ReadAction\",\"target\":[\"https:\\\/\\\/www.alzd.de\\\/en\\\/2023\\\/06\\\/27\\\/fiesta-habana-by-cherigan-oh-how-beautiful-is-cuba\\\/\"]}]},{\"@type\":\"ImageObject\",\"inLanguage\":\"en-US\",\"@id\":\"https:\\\/\\\/www.alzd.de\\\/en\\\/2023\\\/06\\\/27\\\/fiesta-habana-by-cherigan-oh-how-beautiful-is-cuba\\\/#primaryimage\",\"url\":\"https:\\\/\\\/www.alzd.de\\\/wp-content\\\/2023\\\/06\\\/bblorian-wehde-E5oWakkGt-8-unsplash.jpg\",\"contentUrl\":\"https:\\\/\\\/www.alzd.de\\\/wp-content\\\/2023\\\/06\\\/bblorian-wehde-E5oWakkGt-8-unsplash.jpg\",\"width\":720,\"height\":400},{\"@type\":\"BreadcrumbList\",\"@id\":\"https:\\\/\\\/www.alzd.de\\\/en\\\/2023\\\/06\\\/27\\\/fiesta-habana-by-cherigan-oh-how-beautiful-is-cuba\\\/#breadcrumb\",\"itemListElement\":[{\"@type\":\"ListItem\",\"position\":1,\"name\":\"Startseite\",\"item\":\"https:\\\/\\\/www.alzd.de\\\/en\\\/\"},{\"@type\":\"ListItem\",\"position\":2,\"name\":\"Fiesta Habana by Cherigan &#8211; Oh, how beautiful is Cuba!\"}]},{\"@type\":\"WebSite\",\"@id\":\"https:\\\/\\\/www.alzd.de\\\/en\\\/#website\",\"url\":\"https:\\\/\\\/www.alzd.de\\\/en\\\/\",\"name\":\"Das Duft-Tagebuch\",\"description\":\"Das Parfumblog von Aus Liebe zum Duft\",\"publisher\":{\"@id\":\"https:\\\/\\\/www.alzd.de\\\/en\\\/#organization\"},\"potentialAction\":[{\"@type\":\"SearchAction\",\"target\":{\"@type\":\"EntryPoint\",\"urlTemplate\":\"https:\\\/\\\/www.alzd.de\\\/en\\\/?s={search_term_string}\"},\"query-input\":{\"@type\":\"PropertyValueSpecification\",\"valueRequired\":true,\"valueName\":\"search_term_string\"}}],\"inLanguage\":\"en-US\"},{\"@type\":\"Organization\",\"@id\":\"https:\\\/\\\/www.alzd.de\\\/en\\\/#organization\",\"name\":\"Das Duft-Tagebuch\",\"url\":\"https:\\\/\\\/www.alzd.de\\\/en\\\/\",\"logo\":{\"@type\":\"ImageObject\",\"inLanguage\":\"en-US\",\"@id\":\"https:\\\/\\\/www.alzd.de\\\/en\\\/#\\\/schema\\\/logo\\\/image\\\/\",\"url\":\"https:\\\/\\\/www.alzd.de\\\/wp-content\\\/2023\\\/08\\\/alzd_dufttagebuch.png\",\"contentUrl\":\"https:\\\/\\\/www.alzd.de\\\/wp-content\\\/2023\\\/08\\\/alzd_dufttagebuch.png\",\"width\":1804,\"height\":416,\"caption\":\"Das Duft-Tagebuch\"},\"image\":{\"@id\":\"https:\\\/\\\/www.alzd.de\\\/en\\\/#\\\/schema\\\/logo\\\/image\\\/\"},\"sameAs\":[\"https:\\\/\\\/www.facebook.com\\\/dufttagebuch\\\/\",\"https:\\\/\\\/x.com\\\/ausliebezumduft\",\"https:\\\/\\\/www.instagram.com\\\/ausliebezumduft.de\\\/\",\"https:\\\/\\\/www.youtube.com\\\/c\\\/ausliebezumduft\"]},{\"@type\":\"Person\",\"@id\":\"https:\\\/\\\/www.alzd.de\\\/en\\\/#\\\/schema\\\/person\\\/8efcd8f02447fdbe8f29ad465897d04e\",\"name\":\"Julia Bir\u00f3\",\"image\":{\"@type\":\"ImageObject\",\"inLanguage\":\"en-US\",\"@id\":\"https:\\\/\\\/www.alzd.de\\\/wp-content\\\/2018\\\/02\\\/cropped-cropped-mitarbeiterbilder_steffi--96x96.jpg\",\"url\":\"https:\\\/\\\/www.alzd.de\\\/wp-content\\\/2018\\\/02\\\/cropped-cropped-mitarbeiterbilder_steffi--96x96.jpg\",\"contentUrl\":\"https:\\\/\\\/www.alzd.de\\\/wp-content\\\/2018\\\/02\\\/cropped-cropped-mitarbeiterbilder_steffi--96x96.jpg\",\"caption\":\"Julia Bir\u00f3\"},\"description\":\"Bereits 2010 gingen so einige Blogbeitr\u00e4ge auf mein Konto. Dann war ich \u201ekurz\u201c weg \u2013 sechs Jahre. Umso mehr freut es mich, dass ich nun wieder die Chance bekomme, mein N\u00e4schen im Dienste der Duftrezension schnuppern zu lassen und eifrig in die Tasten zu hauen. Was Nischend\u00fcfte angeht, habe ich damals \u00fcbrigens schnell Feuer gefangen. Meine Ausbildung tat dazu ihr \u00dcbriges: Als diplomierte Biologin kenne ich mich nicht nur mit Fauna und Flora, sondern auch recht gut mit der Herstellung von \u00d6len und Extrakten aus, was den Reiz der Parfumwelt nat\u00fcrlich noch gr\u00f6\u00dfer macht.\",\"sameAs\":[\"https:\\\/\\\/biro.is\\\/\",\"https:\\\/\\\/www.facebook.com\\\/stephanie.tkaczik\"],\"url\":\"https:\\\/\\\/www.alzd.de\\\/en\\\/author\\\/stephanie\\\/\"}]}<\/script>\n<!-- \/ Yoast SEO plugin. -->","yoast_head_json":{"title":"Fiesta Habana by Cherigan - Oh, how beautiful is Cuba!","description":"One fragrance house that is particularly close to my heart is Cherigan. With Fiesta Habana, the latest creation of the French company ...","robots":{"index":"index","follow":"follow","max-snippet":"max-snippet:-1","max-image-preview":"max-image-preview:large","max-video-preview":"max-video-preview:-1"},"canonical":"https:\/\/www.alzd.de\/en\/2023\/06\/27\/fiesta-habana-by-cherigan-oh-how-beautiful-is-cuba\/","og_locale":"en_US","og_type":"article","og_title":"Fiesta Habana by Cherigan - Oh, how beautiful is Cuba!","og_url":"https:\/\/www.alzd.de\/en\/2023\/06\/27\/fiesta-habana-by-cherigan-oh-how-beautiful-is-cuba\/","og_site_name":"Das Duft-Tagebuch","article_publisher":"https:\/\/www.facebook.com\/dufttagebuch\/","article_author":"https:\/\/www.facebook.com\/stephanie.tkaczik","article_published_time":"2023-06-27T05:30:00+00:00","article_modified_time":"2023-06-27T13:00:44+00:00","og_image":[{"width":720,"height":400,"url":"https:\/\/www.alzd.de\/wp-content\/2023\/06\/bblorian-wehde-E5oWakkGt-8-unsplash.jpg","type":"image\/jpeg"}],"author":"Julia Bir\u00f3","twitter_card":"summary_large_image","twitter_creator":"@ausliebezumduft","twitter_site":"@ausliebezumduft","schema":{"@context":"https:\/\/schema.org","@graph":[{"@type":"Article","@id":"https:\/\/www.alzd.de\/en\/2023\/06\/27\/fiesta-habana-by-cherigan-oh-how-beautiful-is-cuba\/#article","isPartOf":{"@id":"https:\/\/www.alzd.de\/en\/2023\/06\/27\/fiesta-habana-by-cherigan-oh-how-beautiful-is-cuba\/"},"author":{"name":"Julia Bir\u00f3","@id":"https:\/\/www.alzd.de\/en\/#\/schema\/person\/8efcd8f02447fdbe8f29ad465897d04e"},"headline":"Fiesta Habana by Cherigan &#8211; Oh, how beautiful is Cuba!","datePublished":"2023-06-27T05:30:00+00:00","dateModified":"2023-06-27T13:00:44+00:00","mainEntityOfPage":{"@id":"https:\/\/www.alzd.de\/en\/2023\/06\/27\/fiesta-habana-by-cherigan-oh-how-beautiful-is-cuba\/"},"wordCount":889,"commentCount":0,"publisher":{"@id":"https:\/\/www.alzd.de\/en\/#organization"},"image":{"@id":"https:\/\/www.alzd.de\/en\/2023\/06\/27\/fiesta-habana-by-cherigan-oh-how-beautiful-is-cuba\/#primaryimage"},"thumbnailUrl":"https:\/\/www.alzd.de\/wp-content\/2023\/06\/bblorian-wehde-E5oWakkGt-8-unsplash.jpg","keywords":["Cherigan"],"articleSection":["Fragrances","Gourmand","Spicy","Tobacco &amp; Smoky","Woody"],"inLanguage":"en-US","potentialAction":[{"@type":"CommentAction","name":"Comment","target":["https:\/\/www.alzd.de\/en\/2023\/06\/27\/fiesta-habana-by-cherigan-oh-how-beautiful-is-cuba\/#respond"]}]},{"@type":"WebPage","@id":"https:\/\/www.alzd.de\/en\/2023\/06\/27\/fiesta-habana-by-cherigan-oh-how-beautiful-is-cuba\/","url":"https:\/\/www.alzd.de\/en\/2023\/06\/27\/fiesta-habana-by-cherigan-oh-how-beautiful-is-cuba\/","name":"Fiesta Habana by Cherigan - Oh, how beautiful is Cuba!","isPartOf":{"@id":"https:\/\/www.alzd.de\/en\/#website"},"primaryImageOfPage":{"@id":"https:\/\/www.alzd.de\/en\/2023\/06\/27\/fiesta-habana-by-cherigan-oh-how-beautiful-is-cuba\/#primaryimage"},"image":{"@id":"https:\/\/www.alzd.de\/en\/2023\/06\/27\/fiesta-habana-by-cherigan-oh-how-beautiful-is-cuba\/#primaryimage"},"thumbnailUrl":"https:\/\/www.alzd.de\/wp-content\/2023\/06\/bblorian-wehde-E5oWakkGt-8-unsplash.jpg","datePublished":"2023-06-27T05:30:00+00:00","dateModified":"2023-06-27T13:00:44+00:00","description":"One fragrance house that is particularly close to my heart is Cherigan. With Fiesta Habana, the latest creation of the French company ...","breadcrumb":{"@id":"https:\/\/www.alzd.de\/en\/2023\/06\/27\/fiesta-habana-by-cherigan-oh-how-beautiful-is-cuba\/#breadcrumb"},"inLanguage":"en-US","potentialAction":[{"@type":"ReadAction","target":["https:\/\/www.alzd.de\/en\/2023\/06\/27\/fiesta-habana-by-cherigan-oh-how-beautiful-is-cuba\/"]}]},{"@type":"ImageObject","inLanguage":"en-US","@id":"https:\/\/www.alzd.de\/en\/2023\/06\/27\/fiesta-habana-by-cherigan-oh-how-beautiful-is-cuba\/#primaryimage","url":"https:\/\/www.alzd.de\/wp-content\/2023\/06\/bblorian-wehde-E5oWakkGt-8-unsplash.jpg","contentUrl":"https:\/\/www.alzd.de\/wp-content\/2023\/06\/bblorian-wehde-E5oWakkGt-8-unsplash.jpg","width":720,"height":400},{"@type":"BreadcrumbList","@id":"https:\/\/www.alzd.de\/en\/2023\/06\/27\/fiesta-habana-by-cherigan-oh-how-beautiful-is-cuba\/#breadcrumb","itemListElement":[{"@type":"ListItem","position":1,"name":"Startseite","item":"https:\/\/www.alzd.de\/en\/"},{"@type":"ListItem","position":2,"name":"Fiesta Habana by Cherigan &#8211; Oh, how beautiful is Cuba!"}]},{"@type":"WebSite","@id":"https:\/\/www.alzd.de\/en\/#website","url":"https:\/\/www.alzd.de\/en\/","name":"Das Duft-Tagebuch","description":"Das Parfumblog von Aus Liebe zum Duft","publisher":{"@id":"https:\/\/www.alzd.de\/en\/#organization"},"potentialAction":[{"@type":"SearchAction","target":{"@type":"EntryPoint","urlTemplate":"https:\/\/www.alzd.de\/en\/?s={search_term_string}"},"query-input":{"@type":"PropertyValueSpecification","valueRequired":true,"valueName":"search_term_string"}}],"inLanguage":"en-US"},{"@type":"Organization","@id":"https:\/\/www.alzd.de\/en\/#organization","name":"Das Duft-Tagebuch","url":"https:\/\/www.alzd.de\/en\/","logo":{"@type":"ImageObject","inLanguage":"en-US","@id":"https:\/\/www.alzd.de\/en\/#\/schema\/logo\/image\/","url":"https:\/\/www.alzd.de\/wp-content\/2023\/08\/alzd_dufttagebuch.png","contentUrl":"https:\/\/www.alzd.de\/wp-content\/2023\/08\/alzd_dufttagebuch.png","width":1804,"height":416,"caption":"Das Duft-Tagebuch"},"image":{"@id":"https:\/\/www.alzd.de\/en\/#\/schema\/logo\/image\/"},"sameAs":["https:\/\/www.facebook.com\/dufttagebuch\/","https:\/\/x.com\/ausliebezumduft","https:\/\/www.instagram.com\/ausliebezumduft.de\/","https:\/\/www.youtube.com\/c\/ausliebezumduft"]},{"@type":"Person","@id":"https:\/\/www.alzd.de\/en\/#\/schema\/person\/8efcd8f02447fdbe8f29ad465897d04e","name":"Julia Bir\u00f3","image":{"@type":"ImageObject","inLanguage":"en-US","@id":"https:\/\/www.alzd.de\/wp-content\/2018\/02\/cropped-cropped-mitarbeiterbilder_steffi--96x96.jpg","url":"https:\/\/www.alzd.de\/wp-content\/2018\/02\/cropped-cropped-mitarbeiterbilder_steffi--96x96.jpg","contentUrl":"https:\/\/www.alzd.de\/wp-content\/2018\/02\/cropped-cropped-mitarbeiterbilder_steffi--96x96.jpg","caption":"Julia Bir\u00f3"},"description":"Bereits 2010 gingen so einige Blogbeitr\u00e4ge auf mein Konto. Dann war ich \u201ekurz\u201c weg \u2013 sechs Jahre. Umso mehr freut es mich, dass ich nun wieder die Chance bekomme, mein N\u00e4schen im Dienste der Duftrezension schnuppern zu lassen und eifrig in die Tasten zu hauen. Was Nischend\u00fcfte angeht, habe ich damals \u00fcbrigens schnell Feuer gefangen. Meine Ausbildung tat dazu ihr \u00dcbriges: Als diplomierte Biologin kenne ich mich nicht nur mit Fauna und Flora, sondern auch recht gut mit der Herstellung von \u00d6len und Extrakten aus, was den Reiz der Parfumwelt nat\u00fcrlich noch gr\u00f6\u00dfer macht.","sameAs":["https:\/\/biro.is\/","https:\/\/www.facebook.com\/stephanie.tkaczik"],"url":"https:\/\/www.alzd.de\/en\/author\/stephanie\/"}]}},"wp-worthy-pixel":{"ignored":false,"public":null,"server":null,"url":null},"wp-worthy-type":"normal","_links":{"self":[{"href":"https:\/\/www.alzd.de\/en\/wp-json\/wp\/v2\/posts\/108274","targetHints":{"allow":["GET"]}}],"collection":[{"href":"https:\/\/www.alzd.de\/en\/wp-json\/wp\/v2\/posts"}],"about":[{"href":"https:\/\/www.alzd.de\/en\/wp-json\/wp\/v2\/types\/post"}],"author":[{"embeddable":true,"href":"https:\/\/www.alzd.de\/en\/wp-json\/wp\/v2\/users\/535"}],"replies":[{"embeddable":true,"href":"https:\/\/www.alzd.de\/en\/wp-json\/wp\/v2\/comments?post=108274"}],"version-history":[{"count":4,"href":"https:\/\/www.alzd.de\/en\/wp-json\/wp\/v2\/posts\/108274\/revisions"}],"predecessor-version":[{"id":108278,"href":"https:\/\/www.alzd.de\/en\/wp-json\/wp\/v2\/posts\/108274\/revisions\/108278"}],"wp:featuredmedia":[{"embeddable":true,"href":"https:\/\/www.alzd.de\/en\/wp-json\/wp\/v2\/media\/108273"}],"wp:attachment":[{"href":"https:\/\/www.alzd.de\/en\/wp-json\/wp\/v2\/media?parent=108274"}],"wp:term":[{"taxonomy":"category","embeddable":true,"href":"https:\/\/www.alzd.de\/en\/wp-json\/wp\/v2\/categories?post=108274"},{"taxonomy":"post_tag","embeddable":true,"href":"https:\/\/www.alzd.de\/en\/wp-json\/wp\/v2\/tags?post=108274"}],"curies":[{"name":"wp","href":"https:\/\/api.w.org\/{rel}","templated":true}]}}