{"id":107693,"date":"2023-06-05T07:30:00","date_gmt":"2023-06-05T05:30:00","guid":{"rendered":"https:\/\/www.alzd.de\/2023\/06\/05\/carriere-freres-x-the-museum-a-collection-of-a-special-kind\/"},"modified":"2023-06-05T15:53:28","modified_gmt":"2023-06-05T13:53:28","slug":"carriere-freres-x-the-museum-a-collection-of-a-special-kind","status":"publish","type":"post","link":"https:\/\/www.alzd.de\/en\/2023\/06\/05\/carriere-freres-x-the-museum-a-collection-of-a-special-kind\/","title":{"rendered":"Carri\u00e8re Fr\u00e8res x The Museum &#8211; A collection of a special kind"},"content":{"rendered":"\n<p>In the third and final part on the latest room fragrances by <a href=\"https:\/\/www.ausliebezumduft.de\/raumdufte\/carriere-freres.html\" target=\"_blank\" rel=\"noreferrer noopener\">Carri\u00e8re Fr\u00e8res<\/a>, I would like to devote myself to the Museum Collection, which was created in collaboration with the National Museum of Natural History in Paris and now includes four scented candles. In French, the name of the institution is <a href=\"https:\/\/www.mnhn.fr\/en\" target=\"_blank\" rel=\"noreferrer noopener\">Mus\u00e9um national d&#8217;histoire naturelle<\/a>, which of course sounds much prettier than the English translation.<\/p>\n\n<p>Founded in the 18th century, the National Museum of Natural History is an institution admired beyond the borders of France for its facilities and appreciated for its research work. Thus, in addition to the famous botanical garden Jardin des Plantes, the Natural History Museum in Paris alone also includes, among other things, a zoo, an anthropological-prehistorical and a geological-mineralogical mueum, as well as numerous other facilities spread throughout France.<\/p>\n<div class=\"wp-block-image\">\n<figure class=\"aligncenter size-large\"><img decoding=\"async\" width=\"1080\" height=\"720\" src=\"https:\/\/www.alzd.de\/wp-content\/2023\/06\/MUSEUM-COLLECTION-CANDLES-2023-1080x720.jpg\" alt=\"Carri&#xE8;re Fr&#xE8;res - Museum Collection\" class=\"wp-image-107648\" title=\"Carri&#xE8;re Fr&#xE8;res - Museum Collection\" srcset=\"https:\/\/www.alzd.de\/wp-content\/2023\/06\/MUSEUM-COLLECTION-CANDLES-2023-1080x720.jpg 1080w, https:\/\/www.alzd.de\/wp-content\/2023\/06\/MUSEUM-COLLECTION-CANDLES-2023-720x480.jpg 720w, https:\/\/www.alzd.de\/wp-content\/2023\/06\/MUSEUM-COLLECTION-CANDLES-2023-360x240.jpg 360w, https:\/\/www.alzd.de\/wp-content\/2023\/06\/MUSEUM-COLLECTION-CANDLES-2023-768x512.jpg 768w, https:\/\/www.alzd.de\/wp-content\/2023\/06\/MUSEUM-COLLECTION-CANDLES-2023-1536x1025.jpg 1536w, https:\/\/www.alzd.de\/wp-content\/2023\/06\/MUSEUM-COLLECTION-CANDLES-2023-525x350.jpg 525w\" sizes=\"(max-width: 1080px) 100vw, 1080px\" \/><\/figure>\n<\/div>\n<p>The collaboration enabled the Carri\u00e8re Fr\u00e8res brand to access a collection of botanical drawings on parchment paper from the 17th to 19th centuries, stored in the archives of the National Museum of Natural History. These coloured drawings show extraordinary plants, which are particularly detailed and finely worked out. They can be found on the jars of the Museum Collection scented candles, which make this line already purely visually special.<\/p>\n\n<h2 class=\"wp-block-heading\">Nymphea &#8211; Nenuphar<\/h2>\n\n<p>The scented candle <strong>Nymphea &#8211; Nenuphar<\/strong> is dedicated to the giant water lily (<em>Victoria amazonica<\/em>), which originally comes from the Amazon region and whose floating, plate-like leaves have a diameter of up to three metres. The flowers of the giant water lily can grow up to forty centimetres tall and turn from white to pink during their two-day blooming period. <\/p>\n\n<p>Fortunately, the scent of the giant water lily is not realistically replicated by the Nymphea scented candle. This is because the flowers emit a strong odour of decay, which attracts pollinators typical of the species. Carri\u00e8re Fr\u00e8res, on the other hand, probably relies on the scent of other water lilies for this candle, which seem to smell absolutely pleasant.<\/p>\n<div class=\"wp-block-image\">\n<figure class=\"aligncenter size-large\"><img decoding=\"async\" width=\"864\" height=\"1080\" src=\"https:\/\/www.alzd.de\/wp-content\/2023\/06\/Shooting-Carriere-Freres-9-Waterlily-Candle-2-864x1080.jpg\" alt=\"Carri&#xE8;re Fr&#xE8;res - Museum Collection - Nymphea\" class=\"wp-image-107653\" title=\"Carri&#xE8;re Fr&#xE8;res - Museum Collection - Nymphea\" srcset=\"https:\/\/www.alzd.de\/wp-content\/2023\/06\/Shooting-Carriere-Freres-9-Waterlily-Candle-2-864x1080.jpg 864w, https:\/\/www.alzd.de\/wp-content\/2023\/06\/Shooting-Carriere-Freres-9-Waterlily-Candle-2-576x720.jpg 576w, https:\/\/www.alzd.de\/wp-content\/2023\/06\/Shooting-Carriere-Freres-9-Waterlily-Candle-2-288x360.jpg 288w, https:\/\/www.alzd.de\/wp-content\/2023\/06\/Shooting-Carriere-Freres-9-Waterlily-Candle-2-768x960.jpg 768w, https:\/\/www.alzd.de\/wp-content\/2023\/06\/Shooting-Carriere-Freres-9-Waterlily-Candle-2-1229x1536.jpg 1229w, https:\/\/www.alzd.de\/wp-content\/2023\/06\/Shooting-Carriere-Freres-9-Waterlily-Candle-2-1639x2048.jpg 1639w, https:\/\/www.alzd.de\/wp-content\/2023\/06\/Shooting-Carriere-Freres-9-Waterlily-Candle-2-280x350.jpg 280w, https:\/\/www.alzd.de\/wp-content\/2023\/06\/Shooting-Carriere-Freres-9-Waterlily-Candle-2-scaled.jpg 2048w\" sizes=\"(max-width: 864px) 100vw, 864px\" \/><\/figure>\n<\/div>\n<p>Nymphea exudes a honey-sweet and delicately floral fragrance when unlit, with an inherent melon-like fruitiness. I don&#8217;t detect watermelon in the candle, but rather honey or cantaloupe, whose soft and sweet watery nuances seem to me to go perfectly with a scented candle dedicated to a plant that grows in or on water. When ignited, these fruity-floral and sweet notes are more subtly perceptible and thus evoke an unobtrusive, spring-like-summery room scenting that I like extraordinarily well. \ud83d\udc99<\/p>\n\n<div class=\"wp-block-buttons is-content-justification-center is-layout-flex wp-container-core-buttons-is-layout-16018d1d wp-block-buttons-is-layout-flex\">\n<div class=\"wp-block-button has-custom-width wp-block-button__width-50\"><a class=\"wp-block-button__link has-white-color has-text-color has-background wp-element-button\" href=\"https:\/\/www.ausliebezumduft.de\/carriere-freres-nenuphar-nymphaea-duftkerze.html\" style=\"background-color:#1d3c4b\" target=\"_blank\" rel=\"noreferrer noopener\"><strong>Nymphea<\/strong><\/a><\/div>\n<\/div>\n\n<div style=\"height:100px\" aria-hidden=\"true\" class=\"wp-block-spacer\"><\/div>\n\n<h2 class=\"wp-block-heading\">Artemisia Absinthium &#8211; Absinthe<\/h2>\n\n<p>Even if the name of this scented candle might suggest it, with the liquor absinthe popular among the intellectuals and artists of the 19th century the scented candle <strong>Artemisia Absinthium &#8211; Absinthe<\/strong> has only remotely to do. The use of this room scent is therefore not only permitted from the age of 18, and you can also get through a room scented with this candle without any intoxication. \ud83d\ude09<\/p>\n\n<p>However, the said liquor was certainly made from the common wormwood<em>(Artemisia absinthium<\/em>), a plant that has been revered since ancient times for its primarily gastrointestinal healing powers. &#8220;A plant with a stimulating effect and intense herbal aroma, with green, fragrant tones softened by a woody base note.&#8221;<\/p>\n<div class=\"wp-block-image\">\n<figure class=\"aligncenter size-large\"><img decoding=\"async\" width=\"864\" height=\"1080\" src=\"https:\/\/www.alzd.de\/wp-content\/2023\/06\/Shooting-Carriere-Freres-9-Absinth-Candle-4-864x1080.jpg\" alt=\"Carri&#xE8;re Fr&#xE8;res - Museum Collection - Artemisia Absinthium\" class=\"wp-image-107660\" title=\"Carri&#xE8;re Fr&#xE8;res - Museum Collection - Artemisia Absinthium\" srcset=\"https:\/\/www.alzd.de\/wp-content\/2023\/06\/Shooting-Carriere-Freres-9-Absinth-Candle-4-864x1080.jpg 864w, https:\/\/www.alzd.de\/wp-content\/2023\/06\/Shooting-Carriere-Freres-9-Absinth-Candle-4-576x720.jpg 576w, https:\/\/www.alzd.de\/wp-content\/2023\/06\/Shooting-Carriere-Freres-9-Absinth-Candle-4-288x360.jpg 288w, https:\/\/www.alzd.de\/wp-content\/2023\/06\/Shooting-Carriere-Freres-9-Absinth-Candle-4-768x960.jpg 768w, https:\/\/www.alzd.de\/wp-content\/2023\/06\/Shooting-Carriere-Freres-9-Absinth-Candle-4-1229x1536.jpg 1229w, https:\/\/www.alzd.de\/wp-content\/2023\/06\/Shooting-Carriere-Freres-9-Absinth-Candle-4-1638x2048.jpg 1638w, https:\/\/www.alzd.de\/wp-content\/2023\/06\/Shooting-Carriere-Freres-9-Absinth-Candle-4-280x350.jpg 280w, https:\/\/www.alzd.de\/wp-content\/2023\/06\/Shooting-Carriere-Freres-9-Absinth-Candle-4-scaled.jpg 2048w\" sizes=\"(max-width: 864px) 100vw, 864px\" \/><\/figure>\n<\/div>\n<p>Greenish, reminiscent of herbs and with a citrusy freshness, this is how the scented candle by Carri\u00e8re Fr\u00e8res presents itself before being lit. I perceive the scent as slightly minty and cool &#8211; my first thought is verbena &#8211; which makes the candle perfect for the warmer season. There is also a hint of sweetness, which is closely blended with the citrus nuances. When ignited, Artemisia Absinthium seems greener and more herbal to me. The citrus notes are less present, but the candle reveals gently woody and woody tendencies. Perfect for those who are looking for a scented candle without floral and sweet notes. \ud83d\udc9a<\/p>\n\n<div class=\"wp-block-buttons is-content-justification-center is-layout-flex wp-container-core-buttons-is-layout-16018d1d wp-block-buttons-is-layout-flex\">\n<div class=\"wp-block-button has-custom-width wp-block-button__width-50\"><a class=\"wp-block-button__link has-white-color has-text-color has-background wp-element-button\" href=\"https:\/\/www.ausliebezumduft.de\/carriere-freres-absinthe-artemisia-absinthium-duftkerze.html\" style=\"background-color:#8b8b5b\" target=\"_blank\" rel=\"noreferrer noopener\"><strong>Artemisia absinthium<\/strong><\/a><\/div>\n<\/div>\n\n<div style=\"height:100px\" aria-hidden=\"true\" class=\"wp-block-spacer\"><\/div>\n\n<h2 class=\"wp-block-heading\">Robinia &#8211; Acacia<\/h2>\n\n<p>The third scented candle <strong>Robinia<\/strong> <strong>&#8211; Acacia<\/strong> should be the one with the most flower power, I strongly suspect. This is because the nectar-rich flowers of the robinia, also known as the false acacia, emit an opulent and sweet fragrance from May to June that attracts numerous insects. Therefore, the black locust is also considered a honey plant.<\/p>\n\n<blockquote class=\"wp-block-quote is-layout-flow wp-block-quote-is-layout-flow\">\n<p>Native to the eastern United States, the acacia or robinia (Robinia pseudoacacia) has lush, cool green foliage, flat pods that contain its seeds, and clusters of sweet, cream-colored flowers. It was named in honor by Swedish botanist Carl Linnaeus after Jean Robin (1550-1629), the botanist to French King Henry IV, who introduced the tree to France. This has been planted in Europe since the 17th century. The tree can live more than 300 years, and still today in Paris you can see two unique specimens of these trees planted by the king&#8217;s gardener: one in the Jardin des Plantes, planted in 1636, and another in the city center, in the Square Ren\u00e9-Viviani, not far from the Notre-Dame de Paris Cathedral, which dates back to 1601 and is the oldest tree in Paris.<\/p>\n<\/blockquote>\n<div class=\"wp-block-image\">\n<figure class=\"aligncenter size-large\"><img decoding=\"async\" width=\"864\" height=\"1080\" src=\"https:\/\/www.alzd.de\/wp-content\/2023\/06\/Shooting-Carriere-Freres-9-Acacia-Candle-3-864x1080.jpg\" alt=\"Carri&#xE8;re Fr&#xE8;res - Museum Collection - Robinia\" class=\"wp-image-107666\" title=\"Carri&#xE8;re Fr&#xE8;res - Museum Collection - Robinia\" srcset=\"https:\/\/www.alzd.de\/wp-content\/2023\/06\/Shooting-Carriere-Freres-9-Acacia-Candle-3-864x1080.jpg 864w, https:\/\/www.alzd.de\/wp-content\/2023\/06\/Shooting-Carriere-Freres-9-Acacia-Candle-3-576x720.jpg 576w, https:\/\/www.alzd.de\/wp-content\/2023\/06\/Shooting-Carriere-Freres-9-Acacia-Candle-3-288x360.jpg 288w, https:\/\/www.alzd.de\/wp-content\/2023\/06\/Shooting-Carriere-Freres-9-Acacia-Candle-3-768x960.jpg 768w, https:\/\/www.alzd.de\/wp-content\/2023\/06\/Shooting-Carriere-Freres-9-Acacia-Candle-3-1229x1536.jpg 1229w, https:\/\/www.alzd.de\/wp-content\/2023\/06\/Shooting-Carriere-Freres-9-Acacia-Candle-3-1638x2048.jpg 1638w, https:\/\/www.alzd.de\/wp-content\/2023\/06\/Shooting-Carriere-Freres-9-Acacia-Candle-3-280x350.jpg 280w, https:\/\/www.alzd.de\/wp-content\/2023\/06\/Shooting-Carriere-Freres-9-Acacia-Candle-3-scaled.jpg 2048w\" sizes=\"(max-width: 864px) 100vw, 864px\" \/><\/figure>\n<\/div>\n<p>Very sweet, floral and reminiscent of mimosa, Robinia is the most intense and floral of the three candles already tested from the Museum Collection by Carri\u00e8re Fr\u00e9res. Sunny, summery and perfect for all friends of lovely floral scents and mimosas. When lit, the scented candle exudes soft powdery and honey-like nuances with greenish and fruity moments. A scented dream in sunny yellow. \ud83d\udc9b<\/p>\n\n<div class=\"wp-block-buttons is-content-justification-center is-layout-flex wp-container-core-buttons-is-layout-16018d1d wp-block-buttons-is-layout-flex\">\n<div class=\"wp-block-button has-custom-width wp-block-button__width-50\"><a class=\"wp-block-button__link has-white-color has-text-color has-background wp-element-button\" href=\"https:\/\/www.ausliebezumduft.de\/carriere-freres-acacia-robinia-duftkerze.html\" style=\"background-color:#b6803b\" target=\"_blank\" rel=\"noreferrer noopener\"><strong>Robinia<\/strong><\/a><\/div>\n<\/div>\n\n<div style=\"height:100px\" aria-hidden=\"true\" class=\"wp-block-spacer\"><\/div>\n\n<h2 class=\"wp-block-heading\">Pelargonium Odoratissimum &#8211; Geranium Odorant<\/h2>\n\n<p>The latest addition to the Museum Collection is <strong>Pelargonium Odoratissimum<\/strong>. The name is a bit bulky, but the plant is all the more pretty for it. The cultivated forms called geraniums &#8211; mainly in the colour-blocking pink and red varieties &#8211; that are found in some places in Germany in balcony boxes are distantly related to the scented geranium, of which there are numerous species. Perfumer Serge de Oliveira was responsible for the creation of this candle.<\/p>\n\n<blockquote class=\"wp-block-quote is-layout-flow wp-block-quote-is-layout-flow\">\n<p>This fragrance joins the collection of perfumes developed in collaboration with the National Museum of Natural History in Paris: Pelargonium Odoratissimum, a variant of the fragrant geranium. This species expresses the passion of the museum&#8217;s scientists and botanists for the Versailles Ch\u00e8vreloup Greenhouse: the 200-hectare park houses countless greenhouses where 137 varieties of pelargonium are cultivated &#8211; including 400 known and documented species.<\/p>\n<\/blockquote>\n<div class=\"wp-block-image\">\n<figure class=\"aligncenter size-large\"><img decoding=\"async\" width=\"720\" height=\"1080\" src=\"https:\/\/www.alzd.de\/wp-content\/2023\/06\/GERANIUM-CANDLE-2023-720x1080.jpg\" alt=\"Carri&#xE8;re Fr&#xE8;res - Museum Collection - Pelargonium Odoratissimum\" class=\"wp-image-107682\" title=\"Carri&#xE8;re Fr&#xE8;res - Museum Collection - Pelargonium Odoratissimum\" srcset=\"https:\/\/www.alzd.de\/wp-content\/2023\/06\/GERANIUM-CANDLE-2023-720x1080.jpg 720w, https:\/\/www.alzd.de\/wp-content\/2023\/06\/GERANIUM-CANDLE-2023-480x720.jpg 480w, https:\/\/www.alzd.de\/wp-content\/2023\/06\/GERANIUM-CANDLE-2023-240x360.jpg 240w, https:\/\/www.alzd.de\/wp-content\/2023\/06\/GERANIUM-CANDLE-2023-768x1151.jpg 768w, https:\/\/www.alzd.de\/wp-content\/2023\/06\/GERANIUM-CANDLE-2023-1025x1536.jpg 1025w, https:\/\/www.alzd.de\/wp-content\/2023\/06\/GERANIUM-CANDLE-2023-233x350.jpg 233w\" sizes=\"(max-width: 720px) 100vw, 720px\" \/><\/figure>\n<\/div>\n<p>Pelargonium Odoratissimum smells citrusy, fruity and greenish when unlit. Delicately soapy accents I perceive beyond that. When lit, the scented candle reveals gentle, soft, almost powdery nuances that are greenish-herbal, floral and fruity. It is a tranquil fragrance, with inherent fresh and meditative moments, and for a floral fragrance, it comes with pleasingly little sweetness. \ud83d\ude42 Perfect for those who prefer subtle and rather discreet room scenting with greenish floral notes.<\/p>\n\n<div class=\"wp-block-buttons is-content-justification-center is-layout-flex wp-container-core-buttons-is-layout-16018d1d wp-block-buttons-is-layout-flex\">\n<div class=\"wp-block-button has-custom-width wp-block-button__width-50\"><a class=\"wp-block-button__link has-white-color has-text-color has-background wp-element-button\" href=\"https:\/\/www.ausliebezumduft.de\/carriere-freres-geranium-pelargonium-odoratissimum-duftkerze.html\" style=\"background-color:#c1636d\" target=\"_blank\" rel=\"noreferrer noopener\"><strong>Pelargonium Odoratissimum<\/strong><\/a><\/div>\n<\/div>\n","protected":false},"excerpt":{"rendered":"<p>In the third and final part on the latest room fragrances by Carri\u00e8re Fr\u00e8res, I would like to devote myself to the Museum Collection, which was created in&#8230;<\/p>\n<div class=\"more-link-wrapper\"><a class=\"more-link\" href=\"https:\/\/www.alzd.de\/en\/2023\/06\/05\/carriere-freres-x-the-museum-a-collection-of-a-special-kind\/\">WEITERLESEN<span class=\"screen-reader-text\">Carri\u00e8re Fr\u00e8res x The Museum &#8211; A collection of a special kind<\/span><\/a><\/div>\n","protected":false},"author":535,"featured_media":107678,"comment_status":"open","ping_status":"closed","sticky":false,"template":"","format":"standard","meta":{"footnotes":""},"categories":[1151,1155,1157,1158,1134,1147],"tags":[1315,1399,1616],"class_list":["post-107693","post","type-post","status-publish","format-standard","has-post-thumbnail","hentry","category-flowers","category-fruity","category-green","category-hesperidian","category-home-fragrances","category-scented-candles","tag-carriere-freres-en","tag-scented-candle","tag-serge-de-oliveira-en","excerpt","zoom","full-without-featured","even","excerpt-0"],"yoast_head":"<!-- This site is optimized with the Yoast SEO plugin v27.5 - https:\/\/yoast.com\/product\/yoast-seo-wordpress\/ -->\n<title>Carri\u00e8re Fr\u00e8res x The Museum - Duft-Tagebuch<\/title>\n<meta name=\"description\" content=\"In the third and last part of the latest room fragrances by Carri\u00e8re Fr\u00e8res, I would like to focus on the Museum Collection.\" \/>\n<meta name=\"robots\" content=\"index, follow, max-snippet:-1, max-image-preview:large, max-video-preview:-1\" \/>\n<link rel=\"canonical\" href=\"https:\/\/www.alzd.de\/en\/2023\/06\/05\/carriere-freres-x-the-museum-a-collection-of-a-special-kind\/\" \/>\n<meta property=\"og:locale\" content=\"en_US\" \/>\n<meta property=\"og:type\" content=\"article\" \/>\n<meta property=\"og:title\" content=\"Carri\u00e8re Fr\u00e8res x The Museum - Duft-Tagebuch\" \/>\n<meta property=\"og:url\" content=\"https:\/\/www.alzd.de\/en\/2023\/06\/05\/carriere-freres-x-the-museum-a-collection-of-a-special-kind\/\" \/>\n<meta property=\"og:site_name\" content=\"Das Duft-Tagebuch\" \/>\n<meta property=\"article:publisher\" content=\"https:\/\/www.facebook.com\/dufttagebuch\/\" \/>\n<meta property=\"article:author\" content=\"https:\/\/www.facebook.com\/stephanie.tkaczik\" \/>\n<meta property=\"article:published_time\" content=\"2023-06-05T05:30:00+00:00\" \/>\n<meta property=\"article:modified_time\" content=\"2023-06-05T13:53:28+00:00\" \/>\n<meta property=\"og:image\" content=\"https:\/\/www.alzd.de\/wp-content\/2023\/06\/bbMUSEUM-COLLECTION-CANDLES-2023.jpg\" \/>\n\t<meta property=\"og:image:width\" content=\"720\" \/>\n\t<meta property=\"og:image:height\" content=\"400\" \/>\n\t<meta property=\"og:image:type\" content=\"image\/jpeg\" \/>\n<meta name=\"author\" content=\"Julia Bir\u00f3\" \/>\n<meta name=\"twitter:card\" content=\"summary_large_image\" \/>\n<meta name=\"twitter:creator\" content=\"@ausliebezumduft\" \/>\n<meta name=\"twitter:site\" content=\"@ausliebezumduft\" \/>\n<script type=\"application\/ld+json\" class=\"yoast-schema-graph\">{\"@context\":\"https:\\\/\\\/schema.org\",\"@graph\":[{\"@type\":\"Article\",\"@id\":\"https:\\\/\\\/www.alzd.de\\\/en\\\/2023\\\/06\\\/05\\\/carriere-freres-x-the-museum-a-collection-of-a-special-kind\\\/#article\",\"isPartOf\":{\"@id\":\"https:\\\/\\\/www.alzd.de\\\/en\\\/2023\\\/06\\\/05\\\/carriere-freres-x-the-museum-a-collection-of-a-special-kind\\\/\"},\"author\":{\"name\":\"Julia Bir\u00f3\",\"@id\":\"https:\\\/\\\/www.alzd.de\\\/en\\\/#\\\/schema\\\/person\\\/8efcd8f02447fdbe8f29ad465897d04e\"},\"headline\":\"Carri\u00e8re Fr\u00e8res x The Museum &#8211; A collection of a special kind\",\"datePublished\":\"2023-06-05T05:30:00+00:00\",\"dateModified\":\"2023-06-05T13:53:28+00:00\",\"mainEntityOfPage\":{\"@id\":\"https:\\\/\\\/www.alzd.de\\\/en\\\/2023\\\/06\\\/05\\\/carriere-freres-x-the-museum-a-collection-of-a-special-kind\\\/\"},\"wordCount\":1128,\"commentCount\":0,\"publisher\":{\"@id\":\"https:\\\/\\\/www.alzd.de\\\/en\\\/#organization\"},\"image\":{\"@id\":\"https:\\\/\\\/www.alzd.de\\\/en\\\/2023\\\/06\\\/05\\\/carriere-freres-x-the-museum-a-collection-of-a-special-kind\\\/#primaryimage\"},\"thumbnailUrl\":\"https:\\\/\\\/www.alzd.de\\\/wp-content\\\/2023\\\/06\\\/bbMUSEUM-COLLECTION-CANDLES-2023.jpg\",\"keywords\":[\"Carri\u00e8re Fr\u00e8res\",\"Scented Candle\",\"Serge de Oliveira\"],\"articleSection\":[\"Flowers\",\"Fruity\",\"Green\",\"Hesperidian\",\"Home Fragrances\",\"Scented candles\"],\"inLanguage\":\"en-US\",\"potentialAction\":[{\"@type\":\"CommentAction\",\"name\":\"Comment\",\"target\":[\"https:\\\/\\\/www.alzd.de\\\/en\\\/2023\\\/06\\\/05\\\/carriere-freres-x-the-museum-a-collection-of-a-special-kind\\\/#respond\"]}]},{\"@type\":\"WebPage\",\"@id\":\"https:\\\/\\\/www.alzd.de\\\/en\\\/2023\\\/06\\\/05\\\/carriere-freres-x-the-museum-a-collection-of-a-special-kind\\\/\",\"url\":\"https:\\\/\\\/www.alzd.de\\\/en\\\/2023\\\/06\\\/05\\\/carriere-freres-x-the-museum-a-collection-of-a-special-kind\\\/\",\"name\":\"Carri\u00e8re Fr\u00e8res x The Museum - Duft-Tagebuch\",\"isPartOf\":{\"@id\":\"https:\\\/\\\/www.alzd.de\\\/en\\\/#website\"},\"primaryImageOfPage\":{\"@id\":\"https:\\\/\\\/www.alzd.de\\\/en\\\/2023\\\/06\\\/05\\\/carriere-freres-x-the-museum-a-collection-of-a-special-kind\\\/#primaryimage\"},\"image\":{\"@id\":\"https:\\\/\\\/www.alzd.de\\\/en\\\/2023\\\/06\\\/05\\\/carriere-freres-x-the-museum-a-collection-of-a-special-kind\\\/#primaryimage\"},\"thumbnailUrl\":\"https:\\\/\\\/www.alzd.de\\\/wp-content\\\/2023\\\/06\\\/bbMUSEUM-COLLECTION-CANDLES-2023.jpg\",\"datePublished\":\"2023-06-05T05:30:00+00:00\",\"dateModified\":\"2023-06-05T13:53:28+00:00\",\"description\":\"In the third and last part of the latest room fragrances by Carri\u00e8re Fr\u00e8res, I would like to focus on the Museum Collection.\",\"breadcrumb\":{\"@id\":\"https:\\\/\\\/www.alzd.de\\\/en\\\/2023\\\/06\\\/05\\\/carriere-freres-x-the-museum-a-collection-of-a-special-kind\\\/#breadcrumb\"},\"inLanguage\":\"en-US\",\"potentialAction\":[{\"@type\":\"ReadAction\",\"target\":[\"https:\\\/\\\/www.alzd.de\\\/en\\\/2023\\\/06\\\/05\\\/carriere-freres-x-the-museum-a-collection-of-a-special-kind\\\/\"]}]},{\"@type\":\"ImageObject\",\"inLanguage\":\"en-US\",\"@id\":\"https:\\\/\\\/www.alzd.de\\\/en\\\/2023\\\/06\\\/05\\\/carriere-freres-x-the-museum-a-collection-of-a-special-kind\\\/#primaryimage\",\"url\":\"https:\\\/\\\/www.alzd.de\\\/wp-content\\\/2023\\\/06\\\/bbMUSEUM-COLLECTION-CANDLES-2023.jpg\",\"contentUrl\":\"https:\\\/\\\/www.alzd.de\\\/wp-content\\\/2023\\\/06\\\/bbMUSEUM-COLLECTION-CANDLES-2023.jpg\",\"width\":720,\"height\":400,\"caption\":\"Photos\"},{\"@type\":\"BreadcrumbList\",\"@id\":\"https:\\\/\\\/www.alzd.de\\\/en\\\/2023\\\/06\\\/05\\\/carriere-freres-x-the-museum-a-collection-of-a-special-kind\\\/#breadcrumb\",\"itemListElement\":[{\"@type\":\"ListItem\",\"position\":1,\"name\":\"Startseite\",\"item\":\"https:\\\/\\\/www.alzd.de\\\/en\\\/\"},{\"@type\":\"ListItem\",\"position\":2,\"name\":\"Carri\u00e8re Fr\u00e8res x The Museum &#8211; A collection of a special kind\"}]},{\"@type\":\"WebSite\",\"@id\":\"https:\\\/\\\/www.alzd.de\\\/en\\\/#website\",\"url\":\"https:\\\/\\\/www.alzd.de\\\/en\\\/\",\"name\":\"Das Duft-Tagebuch\",\"description\":\"Das Parfumblog von Aus Liebe zum Duft\",\"publisher\":{\"@id\":\"https:\\\/\\\/www.alzd.de\\\/en\\\/#organization\"},\"potentialAction\":[{\"@type\":\"SearchAction\",\"target\":{\"@type\":\"EntryPoint\",\"urlTemplate\":\"https:\\\/\\\/www.alzd.de\\\/en\\\/?s={search_term_string}\"},\"query-input\":{\"@type\":\"PropertyValueSpecification\",\"valueRequired\":true,\"valueName\":\"search_term_string\"}}],\"inLanguage\":\"en-US\"},{\"@type\":\"Organization\",\"@id\":\"https:\\\/\\\/www.alzd.de\\\/en\\\/#organization\",\"name\":\"Das Duft-Tagebuch\",\"url\":\"https:\\\/\\\/www.alzd.de\\\/en\\\/\",\"logo\":{\"@type\":\"ImageObject\",\"inLanguage\":\"en-US\",\"@id\":\"https:\\\/\\\/www.alzd.de\\\/en\\\/#\\\/schema\\\/logo\\\/image\\\/\",\"url\":\"https:\\\/\\\/www.alzd.de\\\/wp-content\\\/2023\\\/08\\\/alzd_dufttagebuch.png\",\"contentUrl\":\"https:\\\/\\\/www.alzd.de\\\/wp-content\\\/2023\\\/08\\\/alzd_dufttagebuch.png\",\"width\":1804,\"height\":416,\"caption\":\"Das Duft-Tagebuch\"},\"image\":{\"@id\":\"https:\\\/\\\/www.alzd.de\\\/en\\\/#\\\/schema\\\/logo\\\/image\\\/\"},\"sameAs\":[\"https:\\\/\\\/www.facebook.com\\\/dufttagebuch\\\/\",\"https:\\\/\\\/x.com\\\/ausliebezumduft\",\"https:\\\/\\\/www.instagram.com\\\/ausliebezumduft.de\\\/\",\"https:\\\/\\\/www.youtube.com\\\/c\\\/ausliebezumduft\"]},{\"@type\":\"Person\",\"@id\":\"https:\\\/\\\/www.alzd.de\\\/en\\\/#\\\/schema\\\/person\\\/8efcd8f02447fdbe8f29ad465897d04e\",\"name\":\"Julia Bir\u00f3\",\"image\":{\"@type\":\"ImageObject\",\"inLanguage\":\"en-US\",\"@id\":\"https:\\\/\\\/www.alzd.de\\\/wp-content\\\/2018\\\/02\\\/cropped-cropped-mitarbeiterbilder_steffi--96x96.jpg\",\"url\":\"https:\\\/\\\/www.alzd.de\\\/wp-content\\\/2018\\\/02\\\/cropped-cropped-mitarbeiterbilder_steffi--96x96.jpg\",\"contentUrl\":\"https:\\\/\\\/www.alzd.de\\\/wp-content\\\/2018\\\/02\\\/cropped-cropped-mitarbeiterbilder_steffi--96x96.jpg\",\"caption\":\"Julia Bir\u00f3\"},\"description\":\"Bereits 2010 gingen so einige Blogbeitr\u00e4ge auf mein Konto. Dann war ich \u201ekurz\u201c weg \u2013 sechs Jahre. Umso mehr freut es mich, dass ich nun wieder die Chance bekomme, mein N\u00e4schen im Dienste der Duftrezension schnuppern zu lassen und eifrig in die Tasten zu hauen. Was Nischend\u00fcfte angeht, habe ich damals \u00fcbrigens schnell Feuer gefangen. Meine Ausbildung tat dazu ihr \u00dcbriges: Als diplomierte Biologin kenne ich mich nicht nur mit Fauna und Flora, sondern auch recht gut mit der Herstellung von \u00d6len und Extrakten aus, was den Reiz der Parfumwelt nat\u00fcrlich noch gr\u00f6\u00dfer macht.\",\"sameAs\":[\"https:\\\/\\\/biro.is\\\/\",\"https:\\\/\\\/www.facebook.com\\\/stephanie.tkaczik\"],\"url\":\"https:\\\/\\\/www.alzd.de\\\/en\\\/author\\\/stephanie\\\/\"}]}<\/script>\n<!-- \/ Yoast SEO plugin. -->","yoast_head_json":{"title":"Carri\u00e8re Fr\u00e8res x The Museum - Duft-Tagebuch","description":"In the third and last part of the latest room fragrances by Carri\u00e8re Fr\u00e8res, I would like to focus on the Museum Collection.","robots":{"index":"index","follow":"follow","max-snippet":"max-snippet:-1","max-image-preview":"max-image-preview:large","max-video-preview":"max-video-preview:-1"},"canonical":"https:\/\/www.alzd.de\/en\/2023\/06\/05\/carriere-freres-x-the-museum-a-collection-of-a-special-kind\/","og_locale":"en_US","og_type":"article","og_title":"Carri\u00e8re Fr\u00e8res x The Museum - Duft-Tagebuch","og_url":"https:\/\/www.alzd.de\/en\/2023\/06\/05\/carriere-freres-x-the-museum-a-collection-of-a-special-kind\/","og_site_name":"Das Duft-Tagebuch","article_publisher":"https:\/\/www.facebook.com\/dufttagebuch\/","article_author":"https:\/\/www.facebook.com\/stephanie.tkaczik","article_published_time":"2023-06-05T05:30:00+00:00","article_modified_time":"2023-06-05T13:53:28+00:00","og_image":[{"width":720,"height":400,"url":"https:\/\/www.alzd.de\/wp-content\/2023\/06\/bbMUSEUM-COLLECTION-CANDLES-2023.jpg","type":"image\/jpeg"}],"author":"Julia Bir\u00f3","twitter_card":"summary_large_image","twitter_creator":"@ausliebezumduft","twitter_site":"@ausliebezumduft","schema":{"@context":"https:\/\/schema.org","@graph":[{"@type":"Article","@id":"https:\/\/www.alzd.de\/en\/2023\/06\/05\/carriere-freres-x-the-museum-a-collection-of-a-special-kind\/#article","isPartOf":{"@id":"https:\/\/www.alzd.de\/en\/2023\/06\/05\/carriere-freres-x-the-museum-a-collection-of-a-special-kind\/"},"author":{"name":"Julia Bir\u00f3","@id":"https:\/\/www.alzd.de\/en\/#\/schema\/person\/8efcd8f02447fdbe8f29ad465897d04e"},"headline":"Carri\u00e8re Fr\u00e8res x The Museum &#8211; A collection of a special kind","datePublished":"2023-06-05T05:30:00+00:00","dateModified":"2023-06-05T13:53:28+00:00","mainEntityOfPage":{"@id":"https:\/\/www.alzd.de\/en\/2023\/06\/05\/carriere-freres-x-the-museum-a-collection-of-a-special-kind\/"},"wordCount":1128,"commentCount":0,"publisher":{"@id":"https:\/\/www.alzd.de\/en\/#organization"},"image":{"@id":"https:\/\/www.alzd.de\/en\/2023\/06\/05\/carriere-freres-x-the-museum-a-collection-of-a-special-kind\/#primaryimage"},"thumbnailUrl":"https:\/\/www.alzd.de\/wp-content\/2023\/06\/bbMUSEUM-COLLECTION-CANDLES-2023.jpg","keywords":["Carri\u00e8re Fr\u00e8res","Scented Candle","Serge de Oliveira"],"articleSection":["Flowers","Fruity","Green","Hesperidian","Home Fragrances","Scented candles"],"inLanguage":"en-US","potentialAction":[{"@type":"CommentAction","name":"Comment","target":["https:\/\/www.alzd.de\/en\/2023\/06\/05\/carriere-freres-x-the-museum-a-collection-of-a-special-kind\/#respond"]}]},{"@type":"WebPage","@id":"https:\/\/www.alzd.de\/en\/2023\/06\/05\/carriere-freres-x-the-museum-a-collection-of-a-special-kind\/","url":"https:\/\/www.alzd.de\/en\/2023\/06\/05\/carriere-freres-x-the-museum-a-collection-of-a-special-kind\/","name":"Carri\u00e8re Fr\u00e8res x The Museum - Duft-Tagebuch","isPartOf":{"@id":"https:\/\/www.alzd.de\/en\/#website"},"primaryImageOfPage":{"@id":"https:\/\/www.alzd.de\/en\/2023\/06\/05\/carriere-freres-x-the-museum-a-collection-of-a-special-kind\/#primaryimage"},"image":{"@id":"https:\/\/www.alzd.de\/en\/2023\/06\/05\/carriere-freres-x-the-museum-a-collection-of-a-special-kind\/#primaryimage"},"thumbnailUrl":"https:\/\/www.alzd.de\/wp-content\/2023\/06\/bbMUSEUM-COLLECTION-CANDLES-2023.jpg","datePublished":"2023-06-05T05:30:00+00:00","dateModified":"2023-06-05T13:53:28+00:00","description":"In the third and last part of the latest room fragrances by Carri\u00e8re Fr\u00e8res, I would like to focus on the Museum Collection.","breadcrumb":{"@id":"https:\/\/www.alzd.de\/en\/2023\/06\/05\/carriere-freres-x-the-museum-a-collection-of-a-special-kind\/#breadcrumb"},"inLanguage":"en-US","potentialAction":[{"@type":"ReadAction","target":["https:\/\/www.alzd.de\/en\/2023\/06\/05\/carriere-freres-x-the-museum-a-collection-of-a-special-kind\/"]}]},{"@type":"ImageObject","inLanguage":"en-US","@id":"https:\/\/www.alzd.de\/en\/2023\/06\/05\/carriere-freres-x-the-museum-a-collection-of-a-special-kind\/#primaryimage","url":"https:\/\/www.alzd.de\/wp-content\/2023\/06\/bbMUSEUM-COLLECTION-CANDLES-2023.jpg","contentUrl":"https:\/\/www.alzd.de\/wp-content\/2023\/06\/bbMUSEUM-COLLECTION-CANDLES-2023.jpg","width":720,"height":400,"caption":"Photos"},{"@type":"BreadcrumbList","@id":"https:\/\/www.alzd.de\/en\/2023\/06\/05\/carriere-freres-x-the-museum-a-collection-of-a-special-kind\/#breadcrumb","itemListElement":[{"@type":"ListItem","position":1,"name":"Startseite","item":"https:\/\/www.alzd.de\/en\/"},{"@type":"ListItem","position":2,"name":"Carri\u00e8re Fr\u00e8res x The Museum &#8211; A collection of a special kind"}]},{"@type":"WebSite","@id":"https:\/\/www.alzd.de\/en\/#website","url":"https:\/\/www.alzd.de\/en\/","name":"Das Duft-Tagebuch","description":"Das Parfumblog von Aus Liebe zum Duft","publisher":{"@id":"https:\/\/www.alzd.de\/en\/#organization"},"potentialAction":[{"@type":"SearchAction","target":{"@type":"EntryPoint","urlTemplate":"https:\/\/www.alzd.de\/en\/?s={search_term_string}"},"query-input":{"@type":"PropertyValueSpecification","valueRequired":true,"valueName":"search_term_string"}}],"inLanguage":"en-US"},{"@type":"Organization","@id":"https:\/\/www.alzd.de\/en\/#organization","name":"Das Duft-Tagebuch","url":"https:\/\/www.alzd.de\/en\/","logo":{"@type":"ImageObject","inLanguage":"en-US","@id":"https:\/\/www.alzd.de\/en\/#\/schema\/logo\/image\/","url":"https:\/\/www.alzd.de\/wp-content\/2023\/08\/alzd_dufttagebuch.png","contentUrl":"https:\/\/www.alzd.de\/wp-content\/2023\/08\/alzd_dufttagebuch.png","width":1804,"height":416,"caption":"Das Duft-Tagebuch"},"image":{"@id":"https:\/\/www.alzd.de\/en\/#\/schema\/logo\/image\/"},"sameAs":["https:\/\/www.facebook.com\/dufttagebuch\/","https:\/\/x.com\/ausliebezumduft","https:\/\/www.instagram.com\/ausliebezumduft.de\/","https:\/\/www.youtube.com\/c\/ausliebezumduft"]},{"@type":"Person","@id":"https:\/\/www.alzd.de\/en\/#\/schema\/person\/8efcd8f02447fdbe8f29ad465897d04e","name":"Julia Bir\u00f3","image":{"@type":"ImageObject","inLanguage":"en-US","@id":"https:\/\/www.alzd.de\/wp-content\/2018\/02\/cropped-cropped-mitarbeiterbilder_steffi--96x96.jpg","url":"https:\/\/www.alzd.de\/wp-content\/2018\/02\/cropped-cropped-mitarbeiterbilder_steffi--96x96.jpg","contentUrl":"https:\/\/www.alzd.de\/wp-content\/2018\/02\/cropped-cropped-mitarbeiterbilder_steffi--96x96.jpg","caption":"Julia Bir\u00f3"},"description":"Bereits 2010 gingen so einige Blogbeitr\u00e4ge auf mein Konto. Dann war ich \u201ekurz\u201c weg \u2013 sechs Jahre. Umso mehr freut es mich, dass ich nun wieder die Chance bekomme, mein N\u00e4schen im Dienste der Duftrezension schnuppern zu lassen und eifrig in die Tasten zu hauen. Was Nischend\u00fcfte angeht, habe ich damals \u00fcbrigens schnell Feuer gefangen. Meine Ausbildung tat dazu ihr \u00dcbriges: Als diplomierte Biologin kenne ich mich nicht nur mit Fauna und Flora, sondern auch recht gut mit der Herstellung von \u00d6len und Extrakten aus, was den Reiz der Parfumwelt nat\u00fcrlich noch gr\u00f6\u00dfer macht.","sameAs":["https:\/\/biro.is\/","https:\/\/www.facebook.com\/stephanie.tkaczik"],"url":"https:\/\/www.alzd.de\/en\/author\/stephanie\/"}]}},"wp-worthy-pixel":{"ignored":false,"public":null,"server":null,"url":null},"wp-worthy-type":"normal","_links":{"self":[{"href":"https:\/\/www.alzd.de\/en\/wp-json\/wp\/v2\/posts\/107693","targetHints":{"allow":["GET"]}}],"collection":[{"href":"https:\/\/www.alzd.de\/en\/wp-json\/wp\/v2\/posts"}],"about":[{"href":"https:\/\/www.alzd.de\/en\/wp-json\/wp\/v2\/types\/post"}],"author":[{"embeddable":true,"href":"https:\/\/www.alzd.de\/en\/wp-json\/wp\/v2\/users\/535"}],"replies":[{"embeddable":true,"href":"https:\/\/www.alzd.de\/en\/wp-json\/wp\/v2\/comments?post=107693"}],"version-history":[{"count":3,"href":"https:\/\/www.alzd.de\/en\/wp-json\/wp\/v2\/posts\/107693\/revisions"}],"predecessor-version":[{"id":107696,"href":"https:\/\/www.alzd.de\/en\/wp-json\/wp\/v2\/posts\/107693\/revisions\/107696"}],"wp:featuredmedia":[{"embeddable":true,"href":"https:\/\/www.alzd.de\/en\/wp-json\/wp\/v2\/media\/107678"}],"wp:attachment":[{"href":"https:\/\/www.alzd.de\/en\/wp-json\/wp\/v2\/media?parent=107693"}],"wp:term":[{"taxonomy":"category","embeddable":true,"href":"https:\/\/www.alzd.de\/en\/wp-json\/wp\/v2\/categories?post=107693"},{"taxonomy":"post_tag","embeddable":true,"href":"https:\/\/www.alzd.de\/en\/wp-json\/wp\/v2\/tags?post=107693"}],"curies":[{"name":"wp","href":"https:\/\/api.w.org\/{rel}","templated":true}]}}