{"id":105801,"date":"2023-03-27T07:30:00","date_gmt":"2023-03-27T05:30:00","guid":{"rendered":"https:\/\/www.alzd.de\/2023\/03\/27\/der-duft-to-the-point\/"},"modified":"2023-03-27T16:49:07","modified_gmt":"2023-03-27T14:49:07","slug":"der-duft-to-the-point","status":"publish","type":"post","link":"https:\/\/www.alzd.de\/en\/2023\/03\/27\/der-duft-to-the-point\/","title":{"rendered":"Der Duft &#8211; To the point"},"content":{"rendered":"\n<p>Really exciting I find the new niche fragrance label <a href=\"https:\/\/www.ausliebezumduft.de\/fragrances\/der-duft.html\" target=\"_blank\" rel=\"noreferrer noopener\">DER DUFT<\/a>, which I&#8217;ve run across on Instagram several times in recent months and which is now also available for pre-order at <a href=\"https:\/\/www.ausliebezumduft.de\/\" target=\"_blank\" rel=\"noreferrer noopener\">Aus Liebe zum Duft<\/a> in the assortment. To describe the name and look as reduced would not do the brand credit in my eyes. It&#8217;s minimalism at its best. I personally think the branding alone is ingenious. DER DUFT &#8230; how apparently simple and yet concise it can sometimes be?<\/p>\n\n\n<div class=\"wp-block-image\">\n<figure class=\"aligncenter size-full\"><img decoding=\"async\" width=\"1014\" height=\"759\" src=\"https:\/\/www.alzd.de\/wp-content\/2023\/03\/Bildschirmfoto-vom-2023-03-23-13-23-56.jpg\" alt=\"Anselm Skogstad from Der Duft\" class=\"wp-image-105758\" title=\"Anselm Skogstad from Der Duft\" srcset=\"https:\/\/www.alzd.de\/wp-content\/2023\/03\/Bildschirmfoto-vom-2023-03-23-13-23-56.jpg 1014w, https:\/\/www.alzd.de\/wp-content\/2023\/03\/Bildschirmfoto-vom-2023-03-23-13-23-56-720x539.jpg 720w, https:\/\/www.alzd.de\/wp-content\/2023\/03\/Bildschirmfoto-vom-2023-03-23-13-23-56-360x269.jpg 360w, https:\/\/www.alzd.de\/wp-content\/2023\/03\/Bildschirmfoto-vom-2023-03-23-13-23-56-768x575.jpg 768w, https:\/\/www.alzd.de\/wp-content\/2023\/03\/Bildschirmfoto-vom-2023-03-23-13-23-56-468x350.jpg 468w\" sizes=\"(max-width: 1014px) 100vw, 1014px\" \/><figcaption class=\"wp-element-caption\">Anselm Skogstad from <a href=\"https:\/\/www.derduft.com\/\" target=\"_blank\" rel=\"noreferrer noopener\">Der Duft<\/a><\/figcaption><\/figure>\n<\/div>\n\n\n<p>The founder of DER DUFT is Anselm Skogstad &#8211; not a Scandinavian, mind you, although his name and also the presentation of the brand would certainly suggest this &#8211; a German-American, artist and photojournalist who has lived and worked in Munich for over twenty years. <\/p>\n\n\n\n<blockquote class=\"wp-block-quote is-layout-flow wp-block-quote-is-layout-flow\">\n<p>The brand stands for a collection of fragrances with a wide variety of focuses. The goal is to bring together a diversity of talents and personalities. Each perfumer has his or her own style, which is reflected in the creations for DER DUFT.<\/p>\n<\/blockquote>\n\n\n\n<p>Skogstad has collaborated with five perfumers to date: Anne-Sophie Behaghel, Nathalie Feisthauer, Freddie Albrighton, Miguel Matos and Prin Lomros. He himself was also creatively active and designed, among other things, the perfume <a href=\"https:\/\/www.ausliebezumduft.de\/der-duft-monopteros.html\" target=\"_blank\" rel=\"noreferrer noopener\">Monopteros<\/a>. The cooperation is quite open and friendly, as you can see from the press release.<\/p>\n\n\n<div class=\"wp-block-image\">\n<figure class=\"aligncenter size-full\"><img decoding=\"async\" width=\"966\" height=\"918\" src=\"https:\/\/www.alzd.de\/wp-content\/2023\/03\/Bildschirmfoto-vom-2023-03-27-08-57-17.jpg\" alt=\"Perfumers from Der Duft\" class=\"wp-image-105765\" title=\"Perfumers from Der Duft\" srcset=\"https:\/\/www.alzd.de\/wp-content\/2023\/03\/Bildschirmfoto-vom-2023-03-27-08-57-17.jpg 966w, https:\/\/www.alzd.de\/wp-content\/2023\/03\/Bildschirmfoto-vom-2023-03-27-08-57-17-720x684.jpg 720w, https:\/\/www.alzd.de\/wp-content\/2023\/03\/Bildschirmfoto-vom-2023-03-27-08-57-17-360x342.jpg 360w, https:\/\/www.alzd.de\/wp-content\/2023\/03\/Bildschirmfoto-vom-2023-03-27-08-57-17-768x730.jpg 768w, https:\/\/www.alzd.de\/wp-content\/2023\/03\/Bildschirmfoto-vom-2023-03-27-08-57-17-368x350.jpg 368w\" sizes=\"(max-width: 966px) 100vw, 966px\" \/><figcaption class=\"wp-element-caption\">Collage from <a href=\"https:\/\/www.derduft.com\/\" target=\"_blank\" rel=\"noreferrer noopener\">Der Duft<\/a><\/figcaption><\/figure>\n<\/div>\n\n\n<blockquote class=\"wp-block-quote is-layout-flow wp-block-quote-is-layout-flow\">\n<p>DER DUFT does not select its perfumers according to fixed rules. Sympathy and shared curiosity are the basis for cooperation. At the end of the creative process, the perfume finds its place in DER DUFT&#8217;s palette.<\/p>\n<\/blockquote>\n\n\n\n<p>I&#8217;d like to take a look through the seven-fragrance collection in order, starting today with <a href=\"https:\/\/www.alzd.de\/en\/tag\/anne-sophie-behaghel-en\/\" target=\"_blank\" rel=\"noreferrer noopener\">Anne-Sophie Behaghel<\/a> &#8216;s creation, called <a href=\"https:\/\/www.ausliebezumduft.de\/der-duft-match.html\" target=\"_blank\" rel=\"noreferrer noopener\">Match<\/a>.<\/p>\n\n\n\n<h2 class=\"wp-block-heading\">Match &#8211; quite suitable<\/h2>\n\n\n\n<p>The English word <em>match<\/em> can mean several things in German. On the one hand &#8211; used as a verb &#8211; the term indicates that something fits together. As a noun, the meaning of <em>match<\/em> is more exciting in my eyes, as it is more versatile. Even though in English, of course, it&#8217;s always the same term for it, which makes a translation from German into English a bit pointless (you can find the <a href=\"https:\/\/www.dict.cc\/?s=match\" target=\"_blank\" rel=\"noreferrer noopener\">online dictionary<\/a> here). Which of these terms will apply to the perfume Match by DER DUFT?<\/p>\n\n\n\n<blockquote class=\"wp-block-quote is-layout-flow wp-block-quote-is-layout-flow\">\n<p>When I created MATCH, I wanted to compose a revolutionary perfume. Fresh and exciting. Match is a passionate fragrance, a perfume that brings people together in the rare alchemy that we want for eternity! &#8211; Anne-Sophie Behaghel<\/p>\n<\/blockquote>\n\n\n<div class=\"wp-block-image\">\n<figure class=\"aligncenter size-full\"><img decoding=\"async\" width=\"600\" height=\"600\" src=\"https:\/\/www.alzd.de\/wp-content\/2023\/03\/match_box.jpg\" alt=\"Der Duft - Match\" class=\"wp-image-105776\" title=\"Der Duft - Match\" srcset=\"https:\/\/www.alzd.de\/wp-content\/2023\/03\/match_box.jpg 600w, https:\/\/www.alzd.de\/wp-content\/2023\/03\/match_box-360x360.jpg 360w, https:\/\/www.alzd.de\/wp-content\/2023\/03\/match_box-350x350.jpg 350w\" sizes=\"(max-width: 600px) 100vw, 600px\" \/><\/figure>\n<\/div>\n\n\n<p>In the press material, Anne-Sophie also reveals to us that she has always loved how people and their homes smell. Also two things that usually match very well. She created the fragrance Match, which is to bring us together, from the ingredients <strong>black pepper, cumin, ginger, grapefruit, sandalwood, vetiver, cedar, ambroxan, iris, woods<\/strong> and <strong>suede<\/strong>.<\/p>\n\n\n\n<h3 class=\"wp-block-heading\">The Perfect Match &#8211; Der Duft<\/h3>\n\n\n\n<p>Citrusy, dry, spicy and with a good pinch of molecular airiness is the opening of Match. The black pepper plays around the citrusy nuances of ginger and grapefruit with its typical dry spiciness, which always seems to shimmer in shades of grey for me. Light woods give the creation stability and durability, while iris and suede combine to a beautiful, supple and soft-powdery leather iris that underpins the fragrance warm and soft. <\/p>\n\n\n\n<p>Ambroxan highlights these nuances with its facets reminiscent of cosy angora wool, so comfortable that you want to snuggle into them. The round of delicate citrusy, softly spicy and powdery-leathery notes is gradually joined by clean cedar and warm sandalwood, which provide profound and at the same time clean aspects.<\/p>\n\n\n<div class=\"wp-block-image\">\n<figure class=\"aligncenter size-full\"><img decoding=\"async\" width=\"600\" height=\"600\" src=\"https:\/\/www.alzd.de\/wp-content\/2023\/03\/match-50ml.jpg\" alt=\"Der Duft - Match\" class=\"wp-image-105779\" title=\"Der Duft - Match\" srcset=\"https:\/\/www.alzd.de\/wp-content\/2023\/03\/match-50ml.jpg 600w, https:\/\/www.alzd.de\/wp-content\/2023\/03\/match-50ml-360x360.jpg 360w, https:\/\/www.alzd.de\/wp-content\/2023\/03\/match-50ml-350x350.jpg 350w\" sizes=\"(max-width: 600px) 100vw, 600px\" \/><\/figure>\n<\/div>\n\n\n<p>Match by DER DUFT is perfect for those who like a combination of peppery spiciness, delicate citrus, light woods and powdery suede iris. In addition, a pinch of molecular feeling, which gives the creation additional transparency, airiness and lightness. A unisex fragrance with a small tendency towards the masculine, which I would describe as an absolute all-rounder in terms of age, occasion and season. Beautifully tuned and finely balanced, Match should be the right fragrance for those looking for an uncomplicated and serene companion for any occasion. <\/p>\n\n\n\n<div class=\"wp-block-buttons is-content-justification-center is-layout-flex wp-container-core-buttons-is-layout-16018d1d wp-block-buttons-is-layout-flex\">\n<div class=\"wp-block-button has-custom-width wp-block-button__width-50 is-style-fill\"><a class=\"wp-block-button__link has-black-color has-text-color has-background wp-element-button\" href=\"https:\/\/www.ausliebezumduft.de\/der-duft-match.html\" style=\"border-radius:0px;background-color:#e8e5dc\" target=\"_blank\" rel=\"noreferrer noopener\"><strong>Match<\/strong><\/a><\/div>\n<\/div>\n","protected":false},"excerpt":{"rendered":"<p>Really exciting I find the new niche fragrance label DER DUFT, which I&#8217;ve run across on Instagram several times in recent months and which is now also available&#8230;<\/p>\n<div class=\"more-link-wrapper\"><a class=\"more-link\" href=\"https:\/\/www.alzd.de\/en\/2023\/03\/27\/der-duft-to-the-point\/\">WEITERLESEN<span class=\"screen-reader-text\">Der Duft &#8211; To the point<\/span><\/a><\/div>\n","protected":false},"author":535,"featured_media":105775,"comment_status":"open","ping_status":"closed","sticky":false,"template":"","format":"standard","meta":{"footnotes":""},"categories":[1161,1117,1115,1113,1114],"tags":[1230,1818],"class_list":["post-105801","post","type-post","status-publish","format-standard","has-post-thumbnail","hentry","category-clean-powdery","category-fragrances","category-leather","category-spicy","category-woody","tag-anne-sophie-behaghel-en","tag-der-duft-en","excerpt","zoom","full-without-featured","even","excerpt-0"],"yoast_head":"<!-- This site is optimized with the Yoast SEO plugin v27.5 - https:\/\/yoast.com\/product\/yoast-seo-wordpress\/ -->\n<title>DER DUFT - To the point - Duft-Tagebuch<\/title>\n<meta name=\"description\" content=\"Really exciting I find the new niche fragrance label DER DUFT, which I&#039;ve come across on Instagram quite often in recent months....\" \/>\n<meta name=\"robots\" content=\"index, follow, max-snippet:-1, max-image-preview:large, max-video-preview:-1\" \/>\n<link rel=\"canonical\" href=\"https:\/\/www.alzd.de\/en\/2023\/03\/27\/der-duft-to-the-point\/\" \/>\n<meta property=\"og:locale\" content=\"en_US\" \/>\n<meta property=\"og:type\" content=\"article\" \/>\n<meta property=\"og:title\" content=\"DER DUFT - To the point - Duft-Tagebuch\" \/>\n<meta property=\"og:url\" content=\"https:\/\/www.alzd.de\/en\/2023\/03\/27\/der-duft-to-the-point\/\" \/>\n<meta property=\"og:site_name\" content=\"Das Duft-Tagebuch\" \/>\n<meta property=\"article:publisher\" content=\"https:\/\/www.facebook.com\/dufttagebuch\/\" \/>\n<meta property=\"article:author\" content=\"https:\/\/www.facebook.com\/stephanie.tkaczik\" \/>\n<meta property=\"article:published_time\" content=\"2023-03-27T05:30:00+00:00\" \/>\n<meta property=\"article:modified_time\" content=\"2023-03-27T14:49:07+00:00\" \/>\n<meta property=\"og:image\" content=\"https:\/\/www.alzd.de\/wp-content\/2023\/03\/bbderduft.jpg\" \/>\n\t<meta property=\"og:image:width\" content=\"720\" \/>\n\t<meta property=\"og:image:height\" content=\"400\" \/>\n\t<meta property=\"og:image:type\" content=\"image\/jpeg\" \/>\n<meta name=\"author\" content=\"Julia Bir\u00f3\" \/>\n<meta name=\"twitter:card\" content=\"summary_large_image\" \/>\n<meta name=\"twitter:creator\" content=\"@ausliebezumduft\" \/>\n<meta name=\"twitter:site\" content=\"@ausliebezumduft\" \/>\n<script type=\"application\/ld+json\" class=\"yoast-schema-graph\">{\"@context\":\"https:\\\/\\\/schema.org\",\"@graph\":[{\"@type\":\"Article\",\"@id\":\"https:\\\/\\\/www.alzd.de\\\/en\\\/2023\\\/03\\\/27\\\/der-duft-to-the-point\\\/#article\",\"isPartOf\":{\"@id\":\"https:\\\/\\\/www.alzd.de\\\/en\\\/2023\\\/03\\\/27\\\/der-duft-to-the-point\\\/\"},\"author\":{\"name\":\"Julia Bir\u00f3\",\"@id\":\"https:\\\/\\\/www.alzd.de\\\/en\\\/#\\\/schema\\\/person\\\/8efcd8f02447fdbe8f29ad465897d04e\"},\"headline\":\"Der Duft &#8211; To the point\",\"datePublished\":\"2023-03-27T05:30:00+00:00\",\"dateModified\":\"2023-03-27T14:49:07+00:00\",\"mainEntityOfPage\":{\"@id\":\"https:\\\/\\\/www.alzd.de\\\/en\\\/2023\\\/03\\\/27\\\/der-duft-to-the-point\\\/\"},\"wordCount\":694,\"commentCount\":0,\"publisher\":{\"@id\":\"https:\\\/\\\/www.alzd.de\\\/en\\\/#organization\"},\"image\":{\"@id\":\"https:\\\/\\\/www.alzd.de\\\/en\\\/2023\\\/03\\\/27\\\/der-duft-to-the-point\\\/#primaryimage\"},\"thumbnailUrl\":\"https:\\\/\\\/www.alzd.de\\\/wp-content\\\/2023\\\/03\\\/bbderduft.jpg\",\"keywords\":[\"Anne-Sophie Behaghel\",\"Der Duft\"],\"articleSection\":[\"Clean &amp; Powdery\",\"Fragrances\",\"Leather\",\"Spicy\",\"Woody\"],\"inLanguage\":\"en-US\",\"potentialAction\":[{\"@type\":\"CommentAction\",\"name\":\"Comment\",\"target\":[\"https:\\\/\\\/www.alzd.de\\\/en\\\/2023\\\/03\\\/27\\\/der-duft-to-the-point\\\/#respond\"]}]},{\"@type\":\"WebPage\",\"@id\":\"https:\\\/\\\/www.alzd.de\\\/en\\\/2023\\\/03\\\/27\\\/der-duft-to-the-point\\\/\",\"url\":\"https:\\\/\\\/www.alzd.de\\\/en\\\/2023\\\/03\\\/27\\\/der-duft-to-the-point\\\/\",\"name\":\"DER DUFT - To the point - Duft-Tagebuch\",\"isPartOf\":{\"@id\":\"https:\\\/\\\/www.alzd.de\\\/en\\\/#website\"},\"primaryImageOfPage\":{\"@id\":\"https:\\\/\\\/www.alzd.de\\\/en\\\/2023\\\/03\\\/27\\\/der-duft-to-the-point\\\/#primaryimage\"},\"image\":{\"@id\":\"https:\\\/\\\/www.alzd.de\\\/en\\\/2023\\\/03\\\/27\\\/der-duft-to-the-point\\\/#primaryimage\"},\"thumbnailUrl\":\"https:\\\/\\\/www.alzd.de\\\/wp-content\\\/2023\\\/03\\\/bbderduft.jpg\",\"datePublished\":\"2023-03-27T05:30:00+00:00\",\"dateModified\":\"2023-03-27T14:49:07+00:00\",\"description\":\"Really exciting I find the new niche fragrance label DER DUFT, which I've come across on Instagram quite often in recent months....\",\"breadcrumb\":{\"@id\":\"https:\\\/\\\/www.alzd.de\\\/en\\\/2023\\\/03\\\/27\\\/der-duft-to-the-point\\\/#breadcrumb\"},\"inLanguage\":\"en-US\",\"potentialAction\":[{\"@type\":\"ReadAction\",\"target\":[\"https:\\\/\\\/www.alzd.de\\\/en\\\/2023\\\/03\\\/27\\\/der-duft-to-the-point\\\/\"]}]},{\"@type\":\"ImageObject\",\"inLanguage\":\"en-US\",\"@id\":\"https:\\\/\\\/www.alzd.de\\\/en\\\/2023\\\/03\\\/27\\\/der-duft-to-the-point\\\/#primaryimage\",\"url\":\"https:\\\/\\\/www.alzd.de\\\/wp-content\\\/2023\\\/03\\\/bbderduft.jpg\",\"contentUrl\":\"https:\\\/\\\/www.alzd.de\\\/wp-content\\\/2023\\\/03\\\/bbderduft.jpg\",\"width\":720,\"height\":400},{\"@type\":\"BreadcrumbList\",\"@id\":\"https:\\\/\\\/www.alzd.de\\\/en\\\/2023\\\/03\\\/27\\\/der-duft-to-the-point\\\/#breadcrumb\",\"itemListElement\":[{\"@type\":\"ListItem\",\"position\":1,\"name\":\"Startseite\",\"item\":\"https:\\\/\\\/www.alzd.de\\\/en\\\/\"},{\"@type\":\"ListItem\",\"position\":2,\"name\":\"Der Duft &#8211; To the point\"}]},{\"@type\":\"WebSite\",\"@id\":\"https:\\\/\\\/www.alzd.de\\\/en\\\/#website\",\"url\":\"https:\\\/\\\/www.alzd.de\\\/en\\\/\",\"name\":\"Das Duft-Tagebuch\",\"description\":\"Das Parfumblog von Aus Liebe zum Duft\",\"publisher\":{\"@id\":\"https:\\\/\\\/www.alzd.de\\\/en\\\/#organization\"},\"potentialAction\":[{\"@type\":\"SearchAction\",\"target\":{\"@type\":\"EntryPoint\",\"urlTemplate\":\"https:\\\/\\\/www.alzd.de\\\/en\\\/?s={search_term_string}\"},\"query-input\":{\"@type\":\"PropertyValueSpecification\",\"valueRequired\":true,\"valueName\":\"search_term_string\"}}],\"inLanguage\":\"en-US\"},{\"@type\":\"Organization\",\"@id\":\"https:\\\/\\\/www.alzd.de\\\/en\\\/#organization\",\"name\":\"Das Duft-Tagebuch\",\"url\":\"https:\\\/\\\/www.alzd.de\\\/en\\\/\",\"logo\":{\"@type\":\"ImageObject\",\"inLanguage\":\"en-US\",\"@id\":\"https:\\\/\\\/www.alzd.de\\\/en\\\/#\\\/schema\\\/logo\\\/image\\\/\",\"url\":\"https:\\\/\\\/www.alzd.de\\\/wp-content\\\/2023\\\/08\\\/alzd_dufttagebuch.png\",\"contentUrl\":\"https:\\\/\\\/www.alzd.de\\\/wp-content\\\/2023\\\/08\\\/alzd_dufttagebuch.png\",\"width\":1804,\"height\":416,\"caption\":\"Das Duft-Tagebuch\"},\"image\":{\"@id\":\"https:\\\/\\\/www.alzd.de\\\/en\\\/#\\\/schema\\\/logo\\\/image\\\/\"},\"sameAs\":[\"https:\\\/\\\/www.facebook.com\\\/dufttagebuch\\\/\",\"https:\\\/\\\/x.com\\\/ausliebezumduft\",\"https:\\\/\\\/www.instagram.com\\\/ausliebezumduft.de\\\/\",\"https:\\\/\\\/www.youtube.com\\\/c\\\/ausliebezumduft\"]},{\"@type\":\"Person\",\"@id\":\"https:\\\/\\\/www.alzd.de\\\/en\\\/#\\\/schema\\\/person\\\/8efcd8f02447fdbe8f29ad465897d04e\",\"name\":\"Julia Bir\u00f3\",\"image\":{\"@type\":\"ImageObject\",\"inLanguage\":\"en-US\",\"@id\":\"https:\\\/\\\/www.alzd.de\\\/wp-content\\\/2018\\\/02\\\/cropped-cropped-mitarbeiterbilder_steffi--96x96.jpg\",\"url\":\"https:\\\/\\\/www.alzd.de\\\/wp-content\\\/2018\\\/02\\\/cropped-cropped-mitarbeiterbilder_steffi--96x96.jpg\",\"contentUrl\":\"https:\\\/\\\/www.alzd.de\\\/wp-content\\\/2018\\\/02\\\/cropped-cropped-mitarbeiterbilder_steffi--96x96.jpg\",\"caption\":\"Julia Bir\u00f3\"},\"description\":\"Bereits 2010 gingen so einige Blogbeitr\u00e4ge auf mein Konto. Dann war ich \u201ekurz\u201c weg \u2013 sechs Jahre. Umso mehr freut es mich, dass ich nun wieder die Chance bekomme, mein N\u00e4schen im Dienste der Duftrezension schnuppern zu lassen und eifrig in die Tasten zu hauen. Was Nischend\u00fcfte angeht, habe ich damals \u00fcbrigens schnell Feuer gefangen. Meine Ausbildung tat dazu ihr \u00dcbriges: Als diplomierte Biologin kenne ich mich nicht nur mit Fauna und Flora, sondern auch recht gut mit der Herstellung von \u00d6len und Extrakten aus, was den Reiz der Parfumwelt nat\u00fcrlich noch gr\u00f6\u00dfer macht.\",\"sameAs\":[\"https:\\\/\\\/biro.is\\\/\",\"https:\\\/\\\/www.facebook.com\\\/stephanie.tkaczik\"],\"url\":\"https:\\\/\\\/www.alzd.de\\\/en\\\/author\\\/stephanie\\\/\"}]}<\/script>\n<!-- \/ Yoast SEO plugin. -->","yoast_head_json":{"title":"DER DUFT - To the point - Duft-Tagebuch","description":"Really exciting I find the new niche fragrance label DER DUFT, which I've come across on Instagram quite often in recent months....","robots":{"index":"index","follow":"follow","max-snippet":"max-snippet:-1","max-image-preview":"max-image-preview:large","max-video-preview":"max-video-preview:-1"},"canonical":"https:\/\/www.alzd.de\/en\/2023\/03\/27\/der-duft-to-the-point\/","og_locale":"en_US","og_type":"article","og_title":"DER DUFT - To the point - Duft-Tagebuch","og_url":"https:\/\/www.alzd.de\/en\/2023\/03\/27\/der-duft-to-the-point\/","og_site_name":"Das Duft-Tagebuch","article_publisher":"https:\/\/www.facebook.com\/dufttagebuch\/","article_author":"https:\/\/www.facebook.com\/stephanie.tkaczik","article_published_time":"2023-03-27T05:30:00+00:00","article_modified_time":"2023-03-27T14:49:07+00:00","og_image":[{"width":720,"height":400,"url":"https:\/\/www.alzd.de\/wp-content\/2023\/03\/bbderduft.jpg","type":"image\/jpeg"}],"author":"Julia Bir\u00f3","twitter_card":"summary_large_image","twitter_creator":"@ausliebezumduft","twitter_site":"@ausliebezumduft","schema":{"@context":"https:\/\/schema.org","@graph":[{"@type":"Article","@id":"https:\/\/www.alzd.de\/en\/2023\/03\/27\/der-duft-to-the-point\/#article","isPartOf":{"@id":"https:\/\/www.alzd.de\/en\/2023\/03\/27\/der-duft-to-the-point\/"},"author":{"name":"Julia Bir\u00f3","@id":"https:\/\/www.alzd.de\/en\/#\/schema\/person\/8efcd8f02447fdbe8f29ad465897d04e"},"headline":"Der Duft &#8211; To the point","datePublished":"2023-03-27T05:30:00+00:00","dateModified":"2023-03-27T14:49:07+00:00","mainEntityOfPage":{"@id":"https:\/\/www.alzd.de\/en\/2023\/03\/27\/der-duft-to-the-point\/"},"wordCount":694,"commentCount":0,"publisher":{"@id":"https:\/\/www.alzd.de\/en\/#organization"},"image":{"@id":"https:\/\/www.alzd.de\/en\/2023\/03\/27\/der-duft-to-the-point\/#primaryimage"},"thumbnailUrl":"https:\/\/www.alzd.de\/wp-content\/2023\/03\/bbderduft.jpg","keywords":["Anne-Sophie Behaghel","Der Duft"],"articleSection":["Clean &amp; Powdery","Fragrances","Leather","Spicy","Woody"],"inLanguage":"en-US","potentialAction":[{"@type":"CommentAction","name":"Comment","target":["https:\/\/www.alzd.de\/en\/2023\/03\/27\/der-duft-to-the-point\/#respond"]}]},{"@type":"WebPage","@id":"https:\/\/www.alzd.de\/en\/2023\/03\/27\/der-duft-to-the-point\/","url":"https:\/\/www.alzd.de\/en\/2023\/03\/27\/der-duft-to-the-point\/","name":"DER DUFT - To the point - Duft-Tagebuch","isPartOf":{"@id":"https:\/\/www.alzd.de\/en\/#website"},"primaryImageOfPage":{"@id":"https:\/\/www.alzd.de\/en\/2023\/03\/27\/der-duft-to-the-point\/#primaryimage"},"image":{"@id":"https:\/\/www.alzd.de\/en\/2023\/03\/27\/der-duft-to-the-point\/#primaryimage"},"thumbnailUrl":"https:\/\/www.alzd.de\/wp-content\/2023\/03\/bbderduft.jpg","datePublished":"2023-03-27T05:30:00+00:00","dateModified":"2023-03-27T14:49:07+00:00","description":"Really exciting I find the new niche fragrance label DER DUFT, which I've come across on Instagram quite often in recent months....","breadcrumb":{"@id":"https:\/\/www.alzd.de\/en\/2023\/03\/27\/der-duft-to-the-point\/#breadcrumb"},"inLanguage":"en-US","potentialAction":[{"@type":"ReadAction","target":["https:\/\/www.alzd.de\/en\/2023\/03\/27\/der-duft-to-the-point\/"]}]},{"@type":"ImageObject","inLanguage":"en-US","@id":"https:\/\/www.alzd.de\/en\/2023\/03\/27\/der-duft-to-the-point\/#primaryimage","url":"https:\/\/www.alzd.de\/wp-content\/2023\/03\/bbderduft.jpg","contentUrl":"https:\/\/www.alzd.de\/wp-content\/2023\/03\/bbderduft.jpg","width":720,"height":400},{"@type":"BreadcrumbList","@id":"https:\/\/www.alzd.de\/en\/2023\/03\/27\/der-duft-to-the-point\/#breadcrumb","itemListElement":[{"@type":"ListItem","position":1,"name":"Startseite","item":"https:\/\/www.alzd.de\/en\/"},{"@type":"ListItem","position":2,"name":"Der Duft &#8211; To the point"}]},{"@type":"WebSite","@id":"https:\/\/www.alzd.de\/en\/#website","url":"https:\/\/www.alzd.de\/en\/","name":"Das Duft-Tagebuch","description":"Das Parfumblog von Aus Liebe zum Duft","publisher":{"@id":"https:\/\/www.alzd.de\/en\/#organization"},"potentialAction":[{"@type":"SearchAction","target":{"@type":"EntryPoint","urlTemplate":"https:\/\/www.alzd.de\/en\/?s={search_term_string}"},"query-input":{"@type":"PropertyValueSpecification","valueRequired":true,"valueName":"search_term_string"}}],"inLanguage":"en-US"},{"@type":"Organization","@id":"https:\/\/www.alzd.de\/en\/#organization","name":"Das Duft-Tagebuch","url":"https:\/\/www.alzd.de\/en\/","logo":{"@type":"ImageObject","inLanguage":"en-US","@id":"https:\/\/www.alzd.de\/en\/#\/schema\/logo\/image\/","url":"https:\/\/www.alzd.de\/wp-content\/2023\/08\/alzd_dufttagebuch.png","contentUrl":"https:\/\/www.alzd.de\/wp-content\/2023\/08\/alzd_dufttagebuch.png","width":1804,"height":416,"caption":"Das Duft-Tagebuch"},"image":{"@id":"https:\/\/www.alzd.de\/en\/#\/schema\/logo\/image\/"},"sameAs":["https:\/\/www.facebook.com\/dufttagebuch\/","https:\/\/x.com\/ausliebezumduft","https:\/\/www.instagram.com\/ausliebezumduft.de\/","https:\/\/www.youtube.com\/c\/ausliebezumduft"]},{"@type":"Person","@id":"https:\/\/www.alzd.de\/en\/#\/schema\/person\/8efcd8f02447fdbe8f29ad465897d04e","name":"Julia Bir\u00f3","image":{"@type":"ImageObject","inLanguage":"en-US","@id":"https:\/\/www.alzd.de\/wp-content\/2018\/02\/cropped-cropped-mitarbeiterbilder_steffi--96x96.jpg","url":"https:\/\/www.alzd.de\/wp-content\/2018\/02\/cropped-cropped-mitarbeiterbilder_steffi--96x96.jpg","contentUrl":"https:\/\/www.alzd.de\/wp-content\/2018\/02\/cropped-cropped-mitarbeiterbilder_steffi--96x96.jpg","caption":"Julia Bir\u00f3"},"description":"Bereits 2010 gingen so einige Blogbeitr\u00e4ge auf mein Konto. Dann war ich \u201ekurz\u201c weg \u2013 sechs Jahre. Umso mehr freut es mich, dass ich nun wieder die Chance bekomme, mein N\u00e4schen im Dienste der Duftrezension schnuppern zu lassen und eifrig in die Tasten zu hauen. Was Nischend\u00fcfte angeht, habe ich damals \u00fcbrigens schnell Feuer gefangen. Meine Ausbildung tat dazu ihr \u00dcbriges: Als diplomierte Biologin kenne ich mich nicht nur mit Fauna und Flora, sondern auch recht gut mit der Herstellung von \u00d6len und Extrakten aus, was den Reiz der Parfumwelt nat\u00fcrlich noch gr\u00f6\u00dfer macht.","sameAs":["https:\/\/biro.is\/","https:\/\/www.facebook.com\/stephanie.tkaczik"],"url":"https:\/\/www.alzd.de\/en\/author\/stephanie\/"}]}},"wp-worthy-pixel":{"ignored":false,"public":null,"server":null,"url":null},"wp-worthy-type":"normal","_links":{"self":[{"href":"https:\/\/www.alzd.de\/en\/wp-json\/wp\/v2\/posts\/105801","targetHints":{"allow":["GET"]}}],"collection":[{"href":"https:\/\/www.alzd.de\/en\/wp-json\/wp\/v2\/posts"}],"about":[{"href":"https:\/\/www.alzd.de\/en\/wp-json\/wp\/v2\/types\/post"}],"author":[{"embeddable":true,"href":"https:\/\/www.alzd.de\/en\/wp-json\/wp\/v2\/users\/535"}],"replies":[{"embeddable":true,"href":"https:\/\/www.alzd.de\/en\/wp-json\/wp\/v2\/comments?post=105801"}],"version-history":[{"count":5,"href":"https:\/\/www.alzd.de\/en\/wp-json\/wp\/v2\/posts\/105801\/revisions"}],"predecessor-version":[{"id":105823,"href":"https:\/\/www.alzd.de\/en\/wp-json\/wp\/v2\/posts\/105801\/revisions\/105823"}],"wp:featuredmedia":[{"embeddable":true,"href":"https:\/\/www.alzd.de\/en\/wp-json\/wp\/v2\/media\/105775"}],"wp:attachment":[{"href":"https:\/\/www.alzd.de\/en\/wp-json\/wp\/v2\/media?parent=105801"}],"wp:term":[{"taxonomy":"category","embeddable":true,"href":"https:\/\/www.alzd.de\/en\/wp-json\/wp\/v2\/categories?post=105801"},{"taxonomy":"post_tag","embeddable":true,"href":"https:\/\/www.alzd.de\/en\/wp-json\/wp\/v2\/tags?post=105801"}],"curies":[{"name":"wp","href":"https:\/\/api.w.org\/{rel}","templated":true}]}}