{"id":104952,"date":"2023-02-23T07:30:00","date_gmt":"2023-02-23T06:30:00","guid":{"rendered":"https:\/\/www.alzd.de\/2023\/02\/23\/top-5-spring-fragrances-julias-favourite-perfumes-for-spring\/"},"modified":"2023-02-23T09:45:00","modified_gmt":"2023-02-23T08:45:00","slug":"top-5-spring-fragrances-julias-favourite-perfumes-for-spring","status":"publish","type":"post","link":"https:\/\/www.alzd.de\/en\/2023\/02\/23\/top-5-spring-fragrances-julias-favourite-perfumes-for-spring\/","title":{"rendered":"Top 5 spring fragrances &#8211; Julia&#8217;s favourite perfumes for spring"},"content":{"rendered":"\n<p>The sun is shining, the birds are chirping. I&#8217;m all about spring from head to toe, and that&#8217;s why I&#8217;d like to share my top 5 spring fragrances with you today. Gone is the winter dreariness, the dull gray that has accompanied us here in northern Germany every day for the past few months. The crocuses are already blooming like crazy in our garden, and the snowdrops also herald the coming warmer season. <\/p>\n<div class=\"wp-block-image\">\n<figure class=\"aligncenter size-large\"><img decoding=\"async\" width=\"1080\" height=\"811\" src=\"https:\/\/www.alzd.de\/wp-content\/2023\/02\/aaron-burden-hB_xgEXucQs-unsplash-1080x811.jpg\" alt=\"Top 5 spring scents - purple crocuses\" class=\"wp-image-104820\" title=\"Top 5 spring scents - purple crocuses\" srcset=\"https:\/\/www.alzd.de\/wp-content\/2023\/02\/aaron-burden-hB_xgEXucQs-unsplash-1080x811.jpg 1080w, https:\/\/www.alzd.de\/wp-content\/2023\/02\/aaron-burden-hB_xgEXucQs-unsplash-720x541.jpg 720w, https:\/\/www.alzd.de\/wp-content\/2023\/02\/aaron-burden-hB_xgEXucQs-unsplash-360x270.jpg 360w, https:\/\/www.alzd.de\/wp-content\/2023\/02\/aaron-burden-hB_xgEXucQs-unsplash-768x577.jpg 768w, https:\/\/www.alzd.de\/wp-content\/2023\/02\/aaron-burden-hB_xgEXucQs-unsplash-1536x1153.jpg 1536w, https:\/\/www.alzd.de\/wp-content\/2023\/02\/aaron-burden-hB_xgEXucQs-unsplash-2048x1538.jpg 2048w, https:\/\/www.alzd.de\/wp-content\/2023\/02\/aaron-burden-hB_xgEXucQs-unsplash-466x350.jpg 466w\" sizes=\"(max-width: 1080px) 100vw, 1080px\" \/><figcaption class=\"wp-element-caption\">Photo by <a href=\"https:\/\/unsplash.com\/@aaronburden?utm_source=unsplash&amp;utm_medium=referral&amp;utm_content=creditCopyText\">Aaron Burden<\/a> on <a href=\"https:\/\/unsplash.com\/de\/fotos\/hB_xgEXucQs?utm_source=unsplash&amp;utm_medium=referral&amp;utm_content=creditCopyText\">Unsplash<\/a><\/figcaption><\/figure>\n<\/div>\n<div style=\"height:44px\" aria-hidden=\"true\" class=\"wp-block-spacer\"><\/div>\n\n<h2 class=\"wp-block-heading\">My top 5 spring fragrances <\/h2>\n\n<p>On March 1st the meteorological spring begins, while we have to wait until March 20th for the calendrical spring, because on this day the sun is at the vernal equinox. Equinox means that the night on this day is as long as the day. <\/p>\n\n<p>But enough of the preliminaries! I would like to finally introduce you to my top 5 spring fragrances. A selection of creations that smell like spring for me personally. Five perfumes that I wear on a whim exactly when the days are getting longer, the sun is gaining strength and nature is awakening from hibernation. Shall we get started? I would say: let&#8217;s go!<\/p>\n\n<h2 class=\"wp-block-heading\">Delina La Ros\u00e9e &#8211; Parfums de Marly<\/h2>\n\n<p>I dedicated a separate review to the <a href=\"https:\/\/www.ausliebezumduft.de\/catalogsearch\/result\/?q=delina+75+ml\" target=\"_blank\" rel=\"noreferrer noopener\">Delina trilogy<\/a> by Parfums de Marly in February 2021 (read it <a href=\"https:\/\/www.alzd.de\/2021\/02\/16\/delina-exclusif-la-rosee-parfums-de-marly\/\" target=\"_blank\" rel=\"noreferrer noopener\">here<\/a>), in which I compared all three fragrances in the line. All three are undoubtedly beautiful, but <a href=\"https:\/\/www.ausliebezumduft.de\/parfums-de-marly-delina-la-rosee.html\" target=\"_blank\" rel=\"noreferrer noopener\">Delina La Ros\u00e9e<\/a> is pure spring for me. With the fragrance notes <strong>lychee, pear, bergamot, Turkish rose, peony, white flowers, woods, white musk<\/strong> and <strong>vetiver<\/strong> the eau de parfum simply enchanted me.<\/p>\n<div class=\"wp-block-image\">\n<figure class=\"aligncenter size-large\"><img decoding=\"async\" width=\"864\" height=\"1080\" src=\"https:\/\/www.alzd.de\/wp-content\/2023\/02\/Bildschirmfoto-vom-2023-02-21-09-24-27-864x1080.jpg\" alt=\"Parfums de Marly - Delina La Ros&#xE9;e\" class=\"wp-image-104825\" title=\"Parfums de Marly - Delina La Ros&#xE9;e\" srcset=\"https:\/\/www.alzd.de\/wp-content\/2023\/02\/Bildschirmfoto-vom-2023-02-21-09-24-27-864x1080.jpg 864w, https:\/\/www.alzd.de\/wp-content\/2023\/02\/Bildschirmfoto-vom-2023-02-21-09-24-27-576x720.jpg 576w, https:\/\/www.alzd.de\/wp-content\/2023\/02\/Bildschirmfoto-vom-2023-02-21-09-24-27-288x360.jpg 288w, https:\/\/www.alzd.de\/wp-content\/2023\/02\/Bildschirmfoto-vom-2023-02-21-09-24-27-768x960.jpg 768w, https:\/\/www.alzd.de\/wp-content\/2023\/02\/Bildschirmfoto-vom-2023-02-21-09-24-27-280x350.jpg 280w, https:\/\/www.alzd.de\/wp-content\/2023\/02\/Bildschirmfoto-vom-2023-02-21-09-24-27.jpg 964w\" sizes=\"(max-width: 864px) 100vw, 864px\" \/><figcaption class=\"wp-element-caption\">Delina La Ros\u00e9e from <a href=\"https:\/\/www.instagram.com\/parfumsdemarly\/\" target=\"_blank\" rel=\"noreferrer noopener\">Instagram<\/a><\/figcaption><\/figure>\n<\/div>\n<blockquote class=\"wp-block-quote is-layout-flow wp-block-quote-is-layout-flow\">\n<p>Delina La Ros\u00e9e reveals in the opening the fruity and sweet notes of pear and lychee, accented by soft-tart bergamot. Gentle and intense rose notes push into the fragrance action. Here you can see the proximity to Delina, which also used Turkish rose and peony. These are brighter, fresher and more youthful than in Delina Exclusif. The undefined white flowers give Delina La Ros\u00e9e a subtle creaminess and lift the floral notes. At the end of the fragrance composition from Parfums de Marly, light woody notes and white musk provide a cozy, soft and solid base.<\/p>\n<\/blockquote>\n\n<div class=\"wp-block-buttons is-content-justification-center is-layout-flex wp-container-core-buttons-is-layout-16018d1d wp-block-buttons-is-layout-flex\">\n<div class=\"wp-block-button has-custom-width wp-block-button__width-50\"><a class=\"wp-block-button__link has-white-color has-text-color has-background wp-element-button\" href=\"https:\/\/www.ausliebezumduft.de\/parfums-de-marly-delina-la-rosee.html\" style=\"background-color:#f77a82\" target=\"_blank\" rel=\"noreferrer noopener\"><strong>Delina La Ros\u00e9e<\/strong><\/a><\/div>\n<\/div>\n\n<div style=\"height:100px\" aria-hidden=\"true\" class=\"wp-block-spacer\"><\/div>\n\n<h2 class=\"wp-block-heading\">Petite Ch\u00e9rie &#8211; Goutal<\/h2>\n\n<p>My post about <a href=\"https:\/\/www.ausliebezumduft.de\/goutal-petite-cherie-edp.html\" target=\"_blank\" rel=\"noreferrer noopener\">Petite Cherie<\/a> by <a href=\"https:\/\/www.ausliebezumduft.de\/duefte\/goutal.html\" target=\"_blank\" rel=\"noreferrer noopener\">Goutal<\/a> is one of my first reviews here in the Duft-Tagebuch (read it <a href=\"https:\/\/www.alzd.de\/2010\/10\/18\/herbstzeit-erntezeit-petite-cherie\/\" target=\"_blank\" rel=\"noreferrer noopener\">here<\/a>). In October 2010, I was allowed to sniff this wonderful eau de parfum for the first time and since then I have been blown away by the creation that Annick Goutal created in 1998 &#8211; that is, shortly before her much too early death &#8211; in collaboration with perfumer Isabelle Doyen for her daughter Camille.<\/p>\n\n<p>I was able to meet and interview Camille Goutal in person in Paris last September (read about it <a href=\"https:\/\/www.alzd.de\/en\/2023\/01\/25\/interview-camille-goutal\/\" target=\"_blank\" rel=\"noreferrer noopener\">here<\/a>) and of course the classic Petite Ch\u00e9rie came up. Who may now interject that the pear rather stands for autumn than for spring, may be right in a way. The eau de parfum with fragrance notes of <strong>pear, peach, grass, musk rose, vanilla<\/strong> and <strong>white musk<\/strong> is nevertheless my fruity powdery and floral spring favourite. Lighthearted, youthful, fresh, greenish, just gorgeous!<\/p>\n<div class=\"wp-block-image\">\n<figure class=\"aligncenter size-large\"><img decoding=\"async\" width=\"1078\" height=\"1080\" src=\"https:\/\/www.alzd.de\/wp-content\/2023\/02\/Bildschirmfoto-vom-2023-02-21-10-34-00-1078x1080.jpg\" alt=\"Goutal - Petite Ch&#xE9;rie\" class=\"wp-image-104831\" title=\"Goutal - Petite Ch&#xE9;rie\" srcset=\"https:\/\/www.alzd.de\/wp-content\/2023\/02\/Bildschirmfoto-vom-2023-02-21-10-34-00-1078x1080.jpg 1078w, https:\/\/www.alzd.de\/wp-content\/2023\/02\/Bildschirmfoto-vom-2023-02-21-10-34-00-720x720.jpg 720w, https:\/\/www.alzd.de\/wp-content\/2023\/02\/Bildschirmfoto-vom-2023-02-21-10-34-00-360x360.jpg 360w, https:\/\/www.alzd.de\/wp-content\/2023\/02\/Bildschirmfoto-vom-2023-02-21-10-34-00-768x769.jpg 768w, https:\/\/www.alzd.de\/wp-content\/2023\/02\/Bildschirmfoto-vom-2023-02-21-10-34-00-349x350.jpg 349w, https:\/\/www.alzd.de\/wp-content\/2023\/02\/Bildschirmfoto-vom-2023-02-21-10-34-00.jpg 1205w\" sizes=\"(max-width: 1078px) 100vw, 1078px\" \/><figcaption class=\"wp-element-caption\">Petite Ch\u00e9rie from <a href=\"https:\/\/www.instagram.com\/goutalparis\/\" target=\"_blank\" rel=\"noreferrer noopener\">Instagram<\/a><\/figcaption><\/figure>\n<\/div>\n<blockquote class=\"wp-block-quote is-layout-flow wp-block-quote-is-layout-flow\">\n<p>Like a bath in freshly squeezed pear juice. Very authentic, innocent and incredibly romantic. I could imagine this fragrance as a wedding scent; oh yes, it goes very well with a charming white dress. It also reminds me of freshly baked pear tart. Warm-scented and vanilla pears that melt velvety on the tongue, on a bed of powdery-soft shortcrust pastry &#8211; a true pear feast!<\/p>\n<\/blockquote>\n\n<div class=\"wp-block-buttons is-content-justification-center is-layout-flex wp-container-core-buttons-is-layout-16018d1d wp-block-buttons-is-layout-flex\">\n<div class=\"wp-block-button has-custom-width wp-block-button__width-50\"><a class=\"wp-block-button__link has-white-color has-text-color has-background wp-element-button\" href=\"https:\/\/www.ausliebezumduft.de\/goutal-petite-cherie-edp.html\" style=\"background-color:#c6796d\" target=\"_blank\" rel=\"noreferrer noopener\"><strong>Petite Ch\u00e9rie<\/strong><\/a><\/div>\n<\/div>\n\n<div style=\"height:100px\" aria-hidden=\"true\" class=\"wp-block-spacer\"><\/div>\n\n<h2 class=\"wp-block-heading\">La Tulipe &#8211; Byredo<\/h2>\n\n<p>Tulips are spring and what could be more matching than <a href=\"https:\/\/www.ausliebezumduft.de\/byredo-la-tulipe.html\" target=\"_blank\" rel=\"noreferrer noopener\">La Tulipe<\/a> by <a href=\"https:\/\/www.ausliebezumduft.de\/duefte\/byredo-parfums.html\" target=\"_blank\" rel=\"noreferrer noopener\">Byredo<\/a>. I also know and love this eau de parfum for a really long time. You can find my review from 2010 <a href=\"https:\/\/www.alzd.de\/2010\/07\/12\/wenn-der-fruehling-kommt\/\" target=\"_blank\" rel=\"noreferrer noopener\">here<\/a>. Even then, the Swedish brand fascinated me with its unusual and sometimes idiosyncratic compositions.<\/p>\n\n<p>Ben Gorham&#8217;s Tulip Dream combines several fragrance notes that I particularly like. <strong>Rhubarb, cyclamen, freesia, tulip, woods<\/strong> and <strong>vetiver<\/strong> make this perfume a greenish-woody and floral-fruity creation in which freesia and tulip compete to bloom, underpinned by tart rhubarb and the gentle watery notes of cyclamen. <\/p>\n<div class=\"wp-block-image\">\n<figure class=\"aligncenter size-full\"><img decoding=\"async\" width=\"600\" height=\"600\" src=\"https:\/\/www.alzd.de\/wp-content\/2023\/02\/la-tulipe.jpg\" alt=\"Byredo - La Tulipe\" class=\"wp-image-104863\" title=\"Byredo - La Tulipe\" srcset=\"https:\/\/www.alzd.de\/wp-content\/2023\/02\/la-tulipe.jpg 600w, https:\/\/www.alzd.de\/wp-content\/2023\/02\/la-tulipe-360x360.jpg 360w, https:\/\/www.alzd.de\/wp-content\/2023\/02\/la-tulipe-350x350.jpg 350w\" sizes=\"(max-width: 600px) 100vw, 600px\" \/><\/figure>\n<\/div>\n<blockquote class=\"wp-block-quote is-layout-flow wp-block-quote-is-layout-flow\">\n<p>Yes, the Stockholm tulip is really a pretty and surprisingly long-lasting fragrance. Like an intensely fragrant spring bouquet, it puts a smile on your face, puts you in a good mood and induces spring fever. (&#8230;) I, for one, am very pleased with the fragrance, and will certainly wear it once or twice during the summer, but will certainly save a few sprays to be reminded by La Tulipe next February that spring will definitely come at some point, and with it the first (real) tulips. \ud83d\ude42<\/p>\n<\/blockquote>\n\n<div class=\"wp-block-buttons is-content-justification-center is-layout-flex wp-container-core-buttons-is-layout-16018d1d wp-block-buttons-is-layout-flex\">\n<div class=\"wp-block-button has-custom-width wp-block-button__width-50\"><a class=\"wp-block-button__link has-white-color has-text-color has-background wp-element-button\" href=\"https:\/\/www.ausliebezumduft.de\/byredo-la-tulipe.html\" style=\"background-color:#ff775b\" target=\"_blank\" rel=\"noreferrer noopener\"><strong>La Tulipe<\/strong><\/a><\/div>\n<\/div>\n\n<div style=\"height:100px\" aria-hidden=\"true\" class=\"wp-block-spacer\"><\/div>\n\n<h2 class=\"wp-block-heading\">April Skies &#8211; Atelier Oblique<\/h2>\n\n<p>Another heart fragrance for me is <a href=\"https:\/\/www.ausliebezumduft.de\/atl-oblique-april-skies.html\" target=\"_blank\" rel=\"noreferrer noopener\">April Skies<\/a> by the Berlin label <a href=\"https:\/\/www.ausliebezumduft.de\/duefte\/atl-oblique.html\" target=\"_blank\" rel=\"noreferrer noopener\">Atelier Oblique<\/a>, which I introduced to you last year here (read it <a href=\"https:\/\/www.alzd.de\/en\/2022\/04\/15\/april-skies-by-atelier-oblique-rain-down-rain-down-come-on-rain-down-on-me\/\" target=\"_blank\" rel=\"noreferrer noopener\">here<\/a>). The changeable April weather is the source of inspiration for this creation by designer Mario Lombardo, made in collaboration with perfumers Serge de Oliveira and Catherine Selig.<\/p>\n\n<p>I also had the pleasure to do an interview with Mario Lombardo, which I gladly link to you <a href=\"https:\/\/www.alzd.de\/2021\/07\/29\/mario-lombardo-interview\/\" target=\"_blank\" rel=\"noreferrer noopener\">here<\/a> and <a href=\"https:\/\/www.alzd.de\/2021\/07\/30\/mario-lombardo-atelier-oblique-interview-teil-2\/\" target=\"_blank\" rel=\"noreferrer noopener\">here<\/a>. The fragrance notes of April Skies are <strong>lemon, leafy green, carrot seed, pear, cedar, iris, incense, sandalwood, woods, amber<\/strong> and <strong>leather<\/strong>, making the eau de parfum one of the spring fragrances without a certain ingredient that is usually indispensable in this time of the year: flowers.<\/p>\n<div class=\"wp-block-image\">\n<figure class=\"aligncenter size-large\"><img decoding=\"async\" width=\"860\" height=\"1080\" src=\"https:\/\/www.alzd.de\/wp-content\/2023\/02\/Bildschirmfoto-vom-2023-02-21-12-58-11-860x1080.jpg\" alt=\"Atelier Oblique - April Skies\" class=\"wp-image-104895\" title=\"Atelier Oblique - April Skies\" srcset=\"https:\/\/www.alzd.de\/wp-content\/2023\/02\/Bildschirmfoto-vom-2023-02-21-12-58-11-860x1080.jpg 860w, https:\/\/www.alzd.de\/wp-content\/2023\/02\/Bildschirmfoto-vom-2023-02-21-12-58-11-574x720.jpg 574w, https:\/\/www.alzd.de\/wp-content\/2023\/02\/Bildschirmfoto-vom-2023-02-21-12-58-11-287x360.jpg 287w, https:\/\/www.alzd.de\/wp-content\/2023\/02\/Bildschirmfoto-vom-2023-02-21-12-58-11-768x964.jpg 768w, https:\/\/www.alzd.de\/wp-content\/2023\/02\/Bildschirmfoto-vom-2023-02-21-12-58-11-279x350.jpg 279w, https:\/\/www.alzd.de\/wp-content\/2023\/02\/Bildschirmfoto-vom-2023-02-21-12-58-11.jpg 956w\" sizes=\"(max-width: 860px) 100vw, 860px\" \/><figcaption class=\"wp-element-caption\">April Skies from <a href=\"https:\/\/www.instagram.com\/atelier_oblique\/\" target=\"_blank\" rel=\"noreferrer noopener\">Instagram<\/a><\/figcaption><\/figure>\n<\/div>\n<blockquote class=\"wp-block-quote is-layout-flow wp-block-quote-is-layout-flow\">\n<p>With April Skies, Atelier Oblique presents us with an airy, light and green-woody spring fragrance that does without the usual floral additions, but instead relies entirely on those very fresh, cool and greenish-tart facets of the changing month of April. Exceedingly modern, clear and clean, the eau de parfum appears and also reveals molecular traits. In terms of style, April Skies reminds me of many a wonderful and unique fragrance from Comme des Gar\u00e7ons.<\/p>\n\n\n\n<p>It is a subtle and finely balanced creation that surrounds the wearer like a fragrant breath of freshness, restrained, yet easily perceived, unpretentious, minimalist and absolutely timeless. Ideal for those looking for a calm and quiet fragrance for the warmer season and who prefer greenish-tart compositions. I, for one, am once again thrilled with this new creation by Atelier Oblique, which adds another exceptionally beautiful eau de parfum to the portfolio of the Berlin-based niche fragrance brand. Chapeau! \ud83d\ude42<\/p>\n<\/blockquote>\n\n<div class=\"wp-block-buttons is-content-justification-center is-layout-flex wp-container-core-buttons-is-layout-16018d1d wp-block-buttons-is-layout-flex\">\n<div class=\"wp-block-button has-custom-width wp-block-button__width-50\"><a class=\"wp-block-button__link has-white-color has-text-color has-background wp-element-button\" href=\"https:\/\/www.ausliebezumduft.de\/atl-oblique-april-skies.html\" style=\"background-color:#8c257e\" target=\"_blank\" rel=\"noreferrer noopener\"><strong>April Skies<\/strong><\/a><\/div>\n<\/div>\n\n<div style=\"height:100px\" aria-hidden=\"true\" class=\"wp-block-spacer\"><\/div>\n\n<h2 class=\"wp-block-heading\">Ceramic &#8211; Andrea Maack<\/h2>\n\n<p>For me, springtime also has something of a new beginning, and with it, I automatically associate clean fragrances. The eau de parfum <a href=\"https:\/\/www.ausliebezumduft.de\/andrea-maack-parfums-ceramic.html\" target=\"_blank\" rel=\"noreferrer noopener\">Ceramic<\/a> by Icelandic artist <a href=\"https:\/\/www.ausliebezumduft.de\/duefte\/andrea-maack-parfums.html\" target=\"_blank\" rel=\"noreferrer noopener\">Andrea Maack<\/a> is my absolute spring favourite in the clean fragrance category. You can find my review <a href=\"https:\/\/www.alzd.de\/en\/2022\/03\/25\/a-colorful-bouquet-of-spring-fragrances-trudon-andrea-maack-parfums-pierre-guillaume-and-more\/\" target=\"_blank\" rel=\"noreferrer noopener\">here<\/a>.<\/p>\n\n<p>Perfumer Ali\u00e9nor Massenet was responsible for the olfactory realization of the creation, for which she used the fragrance notes <strong>Leafy green, apple, freesia, floral notes, lily of the valley, musk<\/strong> and <strong>Amber<\/strong> to create a perfume reminiscent of &#8220;natural white clay&#8221; and &#8220;mineral silica&#8221;. To me, it reminds mainly of spring, as you can read in my quote below \ud83d\ude09.<\/p>\n<div class=\"wp-block-image\">\n<figure class=\"aligncenter size-large\"><img decoding=\"async\" width=\"1007\" height=\"1080\" src=\"https:\/\/www.alzd.de\/wp-content\/2023\/02\/Bildschirmfoto-vom-2023-02-21-13-30-04-1007x1080.jpg\" alt=\"Andrea Maack - Ceramic\" class=\"wp-image-104903\" title=\"Andrea Maack - Ceramic\" srcset=\"https:\/\/www.alzd.de\/wp-content\/2023\/02\/Bildschirmfoto-vom-2023-02-21-13-30-04-1007x1080.jpg 1007w, https:\/\/www.alzd.de\/wp-content\/2023\/02\/Bildschirmfoto-vom-2023-02-21-13-30-04-672x720.jpg 672w, https:\/\/www.alzd.de\/wp-content\/2023\/02\/Bildschirmfoto-vom-2023-02-21-13-30-04-336x360.jpg 336w, https:\/\/www.alzd.de\/wp-content\/2023\/02\/Bildschirmfoto-vom-2023-02-21-13-30-04-768x823.jpg 768w, https:\/\/www.alzd.de\/wp-content\/2023\/02\/Bildschirmfoto-vom-2023-02-21-13-30-04-326x350.jpg 326w, https:\/\/www.alzd.de\/wp-content\/2023\/02\/Bildschirmfoto-vom-2023-02-21-13-30-04.jpg 1124w\" sizes=\"(max-width: 1007px) 100vw, 1007px\" \/><figcaption class=\"wp-element-caption\">Ceramic from <a href=\"https:\/\/www.instagram.com\/andreamaack\/\" target=\"_blank\" rel=\"noreferrer noopener\">Instagram<\/a><\/figcaption><\/figure>\n<\/div>\n<blockquote class=\"wp-block-quote is-layout-flow wp-block-quote-is-layout-flow\">\n<p>Airy-light like a lush musk cloud, Ceramic reveals exceedingly fluffy and powdery nuances immediately after spraying on. Soft and bright floral notes join in. The subtle aquatic facets of lily of the valley meet lovely transparent freesia. But Ceramic also has a woody mineral component that reminds me of talcum powder, yes, or clay. Bright, white, dry and powdery, but also creamy is the eau de parfum, light yet intense, warm yet cool. A clean scent that fits wonderfully into the spring season.<\/p>\n<\/blockquote>\n\n<div class=\"wp-block-buttons is-content-justification-center is-layout-flex wp-container-core-buttons-is-layout-16018d1d wp-block-buttons-is-layout-flex\">\n<div class=\"wp-block-button has-custom-width wp-block-button__width-50\"><a class=\"wp-block-button__link has-white-color has-text-color has-background wp-element-button\" href=\"https:\/\/www.ausliebezumduft.de\/andrea-maack-parfums-ceramic.html\" style=\"background-color:#358aa5\" target=\"_blank\" rel=\"noreferrer noopener\"><strong>Ceramic<\/strong><\/a><\/div>\n<\/div>\n\n<div style=\"height:100px\" aria-hidden=\"true\" class=\"wp-block-spacer\"><\/div>\n\n<p>So these were my top 5 spring fragrances, a colourful mix of the most diverse compositions &#8211; from floral to fruity, from greenish to woody, from powdery to clean &#8211; that I like to wear on mild and warmer days, depending on my mood. Of course, some other creations would have found a place here without further ado. <a href=\"https:\/\/www.ausliebezumduft.de\/catalog\/product\/view\/id\/16726\/s\/diptyque-philosykos-eau-de-parfum\/category\/45\/\" target=\"_blank\" rel=\"noreferrer noopener\">Philosykos<\/a> by Diptyque, for example, or <a href=\"https:\/\/www.ausliebezumduft.de\/frederic-malle-en-passant.html\" target=\"_blank\" rel=\"noreferrer noopener\">En Passant<\/a> by Fr\u00e9d\u00e9ric Malle, <a href=\"https:\/\/www.ausliebezumduft.de\/penhaligon-s-the-favourite.html\">The Favourite<\/a> by Penhaligon&#8217;s, <a href=\"https:\/\/www.ausliebezumduft.de\/heeley-maison-kitsune-note-de-yuzu.html\" target=\"_blank\" rel=\"noreferrer noopener\">Note de Yuzu<\/a> by Heeley, <a href=\"https:\/\/www.ausliebezumduft.de\/duefte\/l-artisan-parfumeur\/eaux-de-cologne\/l-artisan-parfumeur-les-eaux-de-cologne-champ-de-fleurs.html\" target=\"_blank\" rel=\"noreferrer noopener\">Champ de Fleurs<\/a> by L&#8217;Artisan Parfumeur and so many, many more. <\/p>\n\n<p>What is your favourite scent for spring? Will you tell me? \u263a\ufe0f\ud83c\udf37\ud83c\udf3f<\/p>\n","protected":false},"excerpt":{"rendered":"<p>The sun is shining, the birds are chirping. I&#8217;m all about spring from head to toe, and that&#8217;s why I&#8217;d like to share my top 5 spring fragrances&#8230;<\/p>\n<div class=\"more-link-wrapper\"><a class=\"more-link\" href=\"https:\/\/www.alzd.de\/en\/2023\/02\/23\/top-5-spring-fragrances-julias-favourite-perfumes-for-spring\/\">WEITERLESEN<span class=\"screen-reader-text\">Top 5 spring fragrances &#8211; Julia&#8217;s favourite perfumes for spring<\/span><\/a><\/div>\n","protected":false},"author":535,"featured_media":104930,"comment_status":"open","ping_status":"closed","sticky":false,"template":"","format":"standard","meta":{"footnotes":""},"categories":[1161,1151,1117,1155,1157,1114],"tags":[1220,1254,1299,1479,1665,1800],"class_list":["post-104952","post","type-post","status-publish","format-standard","has-post-thumbnail","hentry","category-clean-powdery","category-flowers","category-fragrances","category-fruity","category-green","category-woody","tag-andrea-maack-en","tag-atelier-oblique-en","tag-byredo-en","tag-goutal-en","tag-parfums-de-marly-en","tag-top-5-en","excerpt","zoom","full-without-featured","even","excerpt-0"],"yoast_head":"<!-- This site is optimized with the Yoast SEO plugin v27.5 - https:\/\/yoast.com\/product\/yoast-seo-wordpress\/ -->\n<title>Top 5 spring fragrances - Julia&#039;s favourite perfumes for spring<\/title>\n<meta name=\"description\" content=\"I&#039;m all about spring from head to toe, and that&#039;s why I&#039;d like to share my top 5 spring fragrances with you today.\" \/>\n<meta name=\"robots\" content=\"index, follow, max-snippet:-1, max-image-preview:large, max-video-preview:-1\" \/>\n<link rel=\"canonical\" href=\"https:\/\/www.alzd.de\/en\/2023\/02\/23\/top-5-spring-fragrances-julias-favourite-perfumes-for-spring\/\" \/>\n<meta property=\"og:locale\" content=\"en_US\" \/>\n<meta property=\"og:type\" content=\"article\" \/>\n<meta property=\"og:title\" content=\"Top 5 spring fragrances - Julia&#039;s favourite perfumes for spring\" \/>\n<meta property=\"og:url\" content=\"https:\/\/www.alzd.de\/en\/2023\/02\/23\/top-5-spring-fragrances-julias-favourite-perfumes-for-spring\/\" \/>\n<meta property=\"og:site_name\" content=\"Das Duft-Tagebuch\" \/>\n<meta property=\"article:publisher\" content=\"https:\/\/www.facebook.com\/dufttagebuch\/\" \/>\n<meta property=\"article:author\" content=\"https:\/\/www.facebook.com\/stephanie.tkaczik\" \/>\n<meta property=\"article:published_time\" content=\"2023-02-23T06:30:00+00:00\" \/>\n<meta property=\"article:modified_time\" content=\"2023-02-23T08:45:00+00:00\" \/>\n<meta property=\"og:image\" content=\"https:\/\/www.alzd.de\/wp-content\/2023\/02\/bbaaron-burden-hB_xgEXucQs-unsplash.jpg\" \/>\n\t<meta property=\"og:image:width\" content=\"719\" \/>\n\t<meta property=\"og:image:height\" content=\"400\" \/>\n\t<meta property=\"og:image:type\" content=\"image\/jpeg\" \/>\n<meta name=\"author\" content=\"Julia Bir\u00f3\" \/>\n<meta name=\"twitter:card\" content=\"summary_large_image\" \/>\n<meta name=\"twitter:creator\" content=\"@ausliebezumduft\" \/>\n<meta name=\"twitter:site\" content=\"@ausliebezumduft\" \/>\n<script type=\"application\/ld+json\" class=\"yoast-schema-graph\">{\"@context\":\"https:\\\/\\\/schema.org\",\"@graph\":[{\"@type\":\"Article\",\"@id\":\"https:\\\/\\\/www.alzd.de\\\/en\\\/2023\\\/02\\\/23\\\/top-5-spring-fragrances-julias-favourite-perfumes-for-spring\\\/#article\",\"isPartOf\":{\"@id\":\"https:\\\/\\\/www.alzd.de\\\/en\\\/2023\\\/02\\\/23\\\/top-5-spring-fragrances-julias-favourite-perfumes-for-spring\\\/\"},\"author\":{\"name\":\"Julia Bir\u00f3\",\"@id\":\"https:\\\/\\\/www.alzd.de\\\/en\\\/#\\\/schema\\\/person\\\/8efcd8f02447fdbe8f29ad465897d04e\"},\"headline\":\"Top 5 spring fragrances &#8211; Julia&#8217;s favourite perfumes for spring\",\"datePublished\":\"2023-02-23T06:30:00+00:00\",\"dateModified\":\"2023-02-23T08:45:00+00:00\",\"mainEntityOfPage\":{\"@id\":\"https:\\\/\\\/www.alzd.de\\\/en\\\/2023\\\/02\\\/23\\\/top-5-spring-fragrances-julias-favourite-perfumes-for-spring\\\/\"},\"wordCount\":1386,\"commentCount\":0,\"publisher\":{\"@id\":\"https:\\\/\\\/www.alzd.de\\\/en\\\/#organization\"},\"image\":{\"@id\":\"https:\\\/\\\/www.alzd.de\\\/en\\\/2023\\\/02\\\/23\\\/top-5-spring-fragrances-julias-favourite-perfumes-for-spring\\\/#primaryimage\"},\"thumbnailUrl\":\"https:\\\/\\\/www.alzd.de\\\/wp-content\\\/2023\\\/02\\\/bbaaron-burden-hB_xgEXucQs-unsplash.jpg\",\"keywords\":[\"Andrea Maack\",\"Atelier Oblique\",\"Byredo\",\"Goutal\",\"Parfums de Marly\",\"Top 5\"],\"articleSection\":[\"Clean &amp; Powdery\",\"Flowers\",\"Fragrances\",\"Fruity\",\"Green\",\"Woody\"],\"inLanguage\":\"en-US\",\"potentialAction\":[{\"@type\":\"CommentAction\",\"name\":\"Comment\",\"target\":[\"https:\\\/\\\/www.alzd.de\\\/en\\\/2023\\\/02\\\/23\\\/top-5-spring-fragrances-julias-favourite-perfumes-for-spring\\\/#respond\"]}]},{\"@type\":\"WebPage\",\"@id\":\"https:\\\/\\\/www.alzd.de\\\/en\\\/2023\\\/02\\\/23\\\/top-5-spring-fragrances-julias-favourite-perfumes-for-spring\\\/\",\"url\":\"https:\\\/\\\/www.alzd.de\\\/en\\\/2023\\\/02\\\/23\\\/top-5-spring-fragrances-julias-favourite-perfumes-for-spring\\\/\",\"name\":\"Top 5 spring fragrances - Julia's favourite perfumes for spring\",\"isPartOf\":{\"@id\":\"https:\\\/\\\/www.alzd.de\\\/en\\\/#website\"},\"primaryImageOfPage\":{\"@id\":\"https:\\\/\\\/www.alzd.de\\\/en\\\/2023\\\/02\\\/23\\\/top-5-spring-fragrances-julias-favourite-perfumes-for-spring\\\/#primaryimage\"},\"image\":{\"@id\":\"https:\\\/\\\/www.alzd.de\\\/en\\\/2023\\\/02\\\/23\\\/top-5-spring-fragrances-julias-favourite-perfumes-for-spring\\\/#primaryimage\"},\"thumbnailUrl\":\"https:\\\/\\\/www.alzd.de\\\/wp-content\\\/2023\\\/02\\\/bbaaron-burden-hB_xgEXucQs-unsplash.jpg\",\"datePublished\":\"2023-02-23T06:30:00+00:00\",\"dateModified\":\"2023-02-23T08:45:00+00:00\",\"description\":\"I'm all about spring from head to toe, and that's why I'd like to share my top 5 spring fragrances with you today.\",\"breadcrumb\":{\"@id\":\"https:\\\/\\\/www.alzd.de\\\/en\\\/2023\\\/02\\\/23\\\/top-5-spring-fragrances-julias-favourite-perfumes-for-spring\\\/#breadcrumb\"},\"inLanguage\":\"en-US\",\"potentialAction\":[{\"@type\":\"ReadAction\",\"target\":[\"https:\\\/\\\/www.alzd.de\\\/en\\\/2023\\\/02\\\/23\\\/top-5-spring-fragrances-julias-favourite-perfumes-for-spring\\\/\"]}]},{\"@type\":\"ImageObject\",\"inLanguage\":\"en-US\",\"@id\":\"https:\\\/\\\/www.alzd.de\\\/en\\\/2023\\\/02\\\/23\\\/top-5-spring-fragrances-julias-favourite-perfumes-for-spring\\\/#primaryimage\",\"url\":\"https:\\\/\\\/www.alzd.de\\\/wp-content\\\/2023\\\/02\\\/bbaaron-burden-hB_xgEXucQs-unsplash.jpg\",\"contentUrl\":\"https:\\\/\\\/www.alzd.de\\\/wp-content\\\/2023\\\/02\\\/bbaaron-burden-hB_xgEXucQs-unsplash.jpg\",\"width\":719,\"height\":400},{\"@type\":\"BreadcrumbList\",\"@id\":\"https:\\\/\\\/www.alzd.de\\\/en\\\/2023\\\/02\\\/23\\\/top-5-spring-fragrances-julias-favourite-perfumes-for-spring\\\/#breadcrumb\",\"itemListElement\":[{\"@type\":\"ListItem\",\"position\":1,\"name\":\"Startseite\",\"item\":\"https:\\\/\\\/www.alzd.de\\\/en\\\/\"},{\"@type\":\"ListItem\",\"position\":2,\"name\":\"Top 5 spring fragrances &#8211; Julia&#8217;s favourite perfumes for spring\"}]},{\"@type\":\"WebSite\",\"@id\":\"https:\\\/\\\/www.alzd.de\\\/en\\\/#website\",\"url\":\"https:\\\/\\\/www.alzd.de\\\/en\\\/\",\"name\":\"Das Duft-Tagebuch\",\"description\":\"Das Parfumblog von Aus Liebe zum Duft\",\"publisher\":{\"@id\":\"https:\\\/\\\/www.alzd.de\\\/en\\\/#organization\"},\"potentialAction\":[{\"@type\":\"SearchAction\",\"target\":{\"@type\":\"EntryPoint\",\"urlTemplate\":\"https:\\\/\\\/www.alzd.de\\\/en\\\/?s={search_term_string}\"},\"query-input\":{\"@type\":\"PropertyValueSpecification\",\"valueRequired\":true,\"valueName\":\"search_term_string\"}}],\"inLanguage\":\"en-US\"},{\"@type\":\"Organization\",\"@id\":\"https:\\\/\\\/www.alzd.de\\\/en\\\/#organization\",\"name\":\"Das Duft-Tagebuch\",\"url\":\"https:\\\/\\\/www.alzd.de\\\/en\\\/\",\"logo\":{\"@type\":\"ImageObject\",\"inLanguage\":\"en-US\",\"@id\":\"https:\\\/\\\/www.alzd.de\\\/en\\\/#\\\/schema\\\/logo\\\/image\\\/\",\"url\":\"https:\\\/\\\/www.alzd.de\\\/wp-content\\\/2023\\\/08\\\/alzd_dufttagebuch.png\",\"contentUrl\":\"https:\\\/\\\/www.alzd.de\\\/wp-content\\\/2023\\\/08\\\/alzd_dufttagebuch.png\",\"width\":1804,\"height\":416,\"caption\":\"Das Duft-Tagebuch\"},\"image\":{\"@id\":\"https:\\\/\\\/www.alzd.de\\\/en\\\/#\\\/schema\\\/logo\\\/image\\\/\"},\"sameAs\":[\"https:\\\/\\\/www.facebook.com\\\/dufttagebuch\\\/\",\"https:\\\/\\\/x.com\\\/ausliebezumduft\",\"https:\\\/\\\/www.instagram.com\\\/ausliebezumduft.de\\\/\",\"https:\\\/\\\/www.youtube.com\\\/c\\\/ausliebezumduft\"]},{\"@type\":\"Person\",\"@id\":\"https:\\\/\\\/www.alzd.de\\\/en\\\/#\\\/schema\\\/person\\\/8efcd8f02447fdbe8f29ad465897d04e\",\"name\":\"Julia Bir\u00f3\",\"image\":{\"@type\":\"ImageObject\",\"inLanguage\":\"en-US\",\"@id\":\"https:\\\/\\\/www.alzd.de\\\/wp-content\\\/2018\\\/02\\\/cropped-cropped-mitarbeiterbilder_steffi--96x96.jpg\",\"url\":\"https:\\\/\\\/www.alzd.de\\\/wp-content\\\/2018\\\/02\\\/cropped-cropped-mitarbeiterbilder_steffi--96x96.jpg\",\"contentUrl\":\"https:\\\/\\\/www.alzd.de\\\/wp-content\\\/2018\\\/02\\\/cropped-cropped-mitarbeiterbilder_steffi--96x96.jpg\",\"caption\":\"Julia Bir\u00f3\"},\"description\":\"Bereits 2010 gingen so einige Blogbeitr\u00e4ge auf mein Konto. Dann war ich \u201ekurz\u201c weg \u2013 sechs Jahre. Umso mehr freut es mich, dass ich nun wieder die Chance bekomme, mein N\u00e4schen im Dienste der Duftrezension schnuppern zu lassen und eifrig in die Tasten zu hauen. Was Nischend\u00fcfte angeht, habe ich damals \u00fcbrigens schnell Feuer gefangen. Meine Ausbildung tat dazu ihr \u00dcbriges: Als diplomierte Biologin kenne ich mich nicht nur mit Fauna und Flora, sondern auch recht gut mit der Herstellung von \u00d6len und Extrakten aus, was den Reiz der Parfumwelt nat\u00fcrlich noch gr\u00f6\u00dfer macht.\",\"sameAs\":[\"https:\\\/\\\/biro.is\\\/\",\"https:\\\/\\\/www.facebook.com\\\/stephanie.tkaczik\"],\"url\":\"https:\\\/\\\/www.alzd.de\\\/en\\\/author\\\/stephanie\\\/\"}]}<\/script>\n<!-- \/ Yoast SEO plugin. -->","yoast_head_json":{"title":"Top 5 spring fragrances - Julia's favourite perfumes for spring","description":"I'm all about spring from head to toe, and that's why I'd like to share my top 5 spring fragrances with you today.","robots":{"index":"index","follow":"follow","max-snippet":"max-snippet:-1","max-image-preview":"max-image-preview:large","max-video-preview":"max-video-preview:-1"},"canonical":"https:\/\/www.alzd.de\/en\/2023\/02\/23\/top-5-spring-fragrances-julias-favourite-perfumes-for-spring\/","og_locale":"en_US","og_type":"article","og_title":"Top 5 spring fragrances - Julia's favourite perfumes for spring","og_url":"https:\/\/www.alzd.de\/en\/2023\/02\/23\/top-5-spring-fragrances-julias-favourite-perfumes-for-spring\/","og_site_name":"Das Duft-Tagebuch","article_publisher":"https:\/\/www.facebook.com\/dufttagebuch\/","article_author":"https:\/\/www.facebook.com\/stephanie.tkaczik","article_published_time":"2023-02-23T06:30:00+00:00","article_modified_time":"2023-02-23T08:45:00+00:00","og_image":[{"width":719,"height":400,"url":"https:\/\/www.alzd.de\/wp-content\/2023\/02\/bbaaron-burden-hB_xgEXucQs-unsplash.jpg","type":"image\/jpeg"}],"author":"Julia Bir\u00f3","twitter_card":"summary_large_image","twitter_creator":"@ausliebezumduft","twitter_site":"@ausliebezumduft","schema":{"@context":"https:\/\/schema.org","@graph":[{"@type":"Article","@id":"https:\/\/www.alzd.de\/en\/2023\/02\/23\/top-5-spring-fragrances-julias-favourite-perfumes-for-spring\/#article","isPartOf":{"@id":"https:\/\/www.alzd.de\/en\/2023\/02\/23\/top-5-spring-fragrances-julias-favourite-perfumes-for-spring\/"},"author":{"name":"Julia Bir\u00f3","@id":"https:\/\/www.alzd.de\/en\/#\/schema\/person\/8efcd8f02447fdbe8f29ad465897d04e"},"headline":"Top 5 spring fragrances &#8211; Julia&#8217;s favourite perfumes for spring","datePublished":"2023-02-23T06:30:00+00:00","dateModified":"2023-02-23T08:45:00+00:00","mainEntityOfPage":{"@id":"https:\/\/www.alzd.de\/en\/2023\/02\/23\/top-5-spring-fragrances-julias-favourite-perfumes-for-spring\/"},"wordCount":1386,"commentCount":0,"publisher":{"@id":"https:\/\/www.alzd.de\/en\/#organization"},"image":{"@id":"https:\/\/www.alzd.de\/en\/2023\/02\/23\/top-5-spring-fragrances-julias-favourite-perfumes-for-spring\/#primaryimage"},"thumbnailUrl":"https:\/\/www.alzd.de\/wp-content\/2023\/02\/bbaaron-burden-hB_xgEXucQs-unsplash.jpg","keywords":["Andrea Maack","Atelier Oblique","Byredo","Goutal","Parfums de Marly","Top 5"],"articleSection":["Clean &amp; Powdery","Flowers","Fragrances","Fruity","Green","Woody"],"inLanguage":"en-US","potentialAction":[{"@type":"CommentAction","name":"Comment","target":["https:\/\/www.alzd.de\/en\/2023\/02\/23\/top-5-spring-fragrances-julias-favourite-perfumes-for-spring\/#respond"]}]},{"@type":"WebPage","@id":"https:\/\/www.alzd.de\/en\/2023\/02\/23\/top-5-spring-fragrances-julias-favourite-perfumes-for-spring\/","url":"https:\/\/www.alzd.de\/en\/2023\/02\/23\/top-5-spring-fragrances-julias-favourite-perfumes-for-spring\/","name":"Top 5 spring fragrances - Julia's favourite perfumes for spring","isPartOf":{"@id":"https:\/\/www.alzd.de\/en\/#website"},"primaryImageOfPage":{"@id":"https:\/\/www.alzd.de\/en\/2023\/02\/23\/top-5-spring-fragrances-julias-favourite-perfumes-for-spring\/#primaryimage"},"image":{"@id":"https:\/\/www.alzd.de\/en\/2023\/02\/23\/top-5-spring-fragrances-julias-favourite-perfumes-for-spring\/#primaryimage"},"thumbnailUrl":"https:\/\/www.alzd.de\/wp-content\/2023\/02\/bbaaron-burden-hB_xgEXucQs-unsplash.jpg","datePublished":"2023-02-23T06:30:00+00:00","dateModified":"2023-02-23T08:45:00+00:00","description":"I'm all about spring from head to toe, and that's why I'd like to share my top 5 spring fragrances with you today.","breadcrumb":{"@id":"https:\/\/www.alzd.de\/en\/2023\/02\/23\/top-5-spring-fragrances-julias-favourite-perfumes-for-spring\/#breadcrumb"},"inLanguage":"en-US","potentialAction":[{"@type":"ReadAction","target":["https:\/\/www.alzd.de\/en\/2023\/02\/23\/top-5-spring-fragrances-julias-favourite-perfumes-for-spring\/"]}]},{"@type":"ImageObject","inLanguage":"en-US","@id":"https:\/\/www.alzd.de\/en\/2023\/02\/23\/top-5-spring-fragrances-julias-favourite-perfumes-for-spring\/#primaryimage","url":"https:\/\/www.alzd.de\/wp-content\/2023\/02\/bbaaron-burden-hB_xgEXucQs-unsplash.jpg","contentUrl":"https:\/\/www.alzd.de\/wp-content\/2023\/02\/bbaaron-burden-hB_xgEXucQs-unsplash.jpg","width":719,"height":400},{"@type":"BreadcrumbList","@id":"https:\/\/www.alzd.de\/en\/2023\/02\/23\/top-5-spring-fragrances-julias-favourite-perfumes-for-spring\/#breadcrumb","itemListElement":[{"@type":"ListItem","position":1,"name":"Startseite","item":"https:\/\/www.alzd.de\/en\/"},{"@type":"ListItem","position":2,"name":"Top 5 spring fragrances &#8211; Julia&#8217;s favourite perfumes for spring"}]},{"@type":"WebSite","@id":"https:\/\/www.alzd.de\/en\/#website","url":"https:\/\/www.alzd.de\/en\/","name":"Das Duft-Tagebuch","description":"Das Parfumblog von Aus Liebe zum Duft","publisher":{"@id":"https:\/\/www.alzd.de\/en\/#organization"},"potentialAction":[{"@type":"SearchAction","target":{"@type":"EntryPoint","urlTemplate":"https:\/\/www.alzd.de\/en\/?s={search_term_string}"},"query-input":{"@type":"PropertyValueSpecification","valueRequired":true,"valueName":"search_term_string"}}],"inLanguage":"en-US"},{"@type":"Organization","@id":"https:\/\/www.alzd.de\/en\/#organization","name":"Das Duft-Tagebuch","url":"https:\/\/www.alzd.de\/en\/","logo":{"@type":"ImageObject","inLanguage":"en-US","@id":"https:\/\/www.alzd.de\/en\/#\/schema\/logo\/image\/","url":"https:\/\/www.alzd.de\/wp-content\/2023\/08\/alzd_dufttagebuch.png","contentUrl":"https:\/\/www.alzd.de\/wp-content\/2023\/08\/alzd_dufttagebuch.png","width":1804,"height":416,"caption":"Das Duft-Tagebuch"},"image":{"@id":"https:\/\/www.alzd.de\/en\/#\/schema\/logo\/image\/"},"sameAs":["https:\/\/www.facebook.com\/dufttagebuch\/","https:\/\/x.com\/ausliebezumduft","https:\/\/www.instagram.com\/ausliebezumduft.de\/","https:\/\/www.youtube.com\/c\/ausliebezumduft"]},{"@type":"Person","@id":"https:\/\/www.alzd.de\/en\/#\/schema\/person\/8efcd8f02447fdbe8f29ad465897d04e","name":"Julia Bir\u00f3","image":{"@type":"ImageObject","inLanguage":"en-US","@id":"https:\/\/www.alzd.de\/wp-content\/2018\/02\/cropped-cropped-mitarbeiterbilder_steffi--96x96.jpg","url":"https:\/\/www.alzd.de\/wp-content\/2018\/02\/cropped-cropped-mitarbeiterbilder_steffi--96x96.jpg","contentUrl":"https:\/\/www.alzd.de\/wp-content\/2018\/02\/cropped-cropped-mitarbeiterbilder_steffi--96x96.jpg","caption":"Julia Bir\u00f3"},"description":"Bereits 2010 gingen so einige Blogbeitr\u00e4ge auf mein Konto. Dann war ich \u201ekurz\u201c weg \u2013 sechs Jahre. Umso mehr freut es mich, dass ich nun wieder die Chance bekomme, mein N\u00e4schen im Dienste der Duftrezension schnuppern zu lassen und eifrig in die Tasten zu hauen. Was Nischend\u00fcfte angeht, habe ich damals \u00fcbrigens schnell Feuer gefangen. Meine Ausbildung tat dazu ihr \u00dcbriges: Als diplomierte Biologin kenne ich mich nicht nur mit Fauna und Flora, sondern auch recht gut mit der Herstellung von \u00d6len und Extrakten aus, was den Reiz der Parfumwelt nat\u00fcrlich noch gr\u00f6\u00dfer macht.","sameAs":["https:\/\/biro.is\/","https:\/\/www.facebook.com\/stephanie.tkaczik"],"url":"https:\/\/www.alzd.de\/en\/author\/stephanie\/"}]}},"wp-worthy-pixel":{"ignored":false,"public":"541cb81633fd4e83a847ed8bcb4d756d","server":"vg09.met.vgwort.de","url":"https:\/\/vg09.met.vgwort.de\/na\/541cb81633fd4e83a847ed8bcb4d756d"},"wp-worthy-type":"normal","_links":{"self":[{"href":"https:\/\/www.alzd.de\/en\/wp-json\/wp\/v2\/posts\/104952","targetHints":{"allow":["GET"]}}],"collection":[{"href":"https:\/\/www.alzd.de\/en\/wp-json\/wp\/v2\/posts"}],"about":[{"href":"https:\/\/www.alzd.de\/en\/wp-json\/wp\/v2\/types\/post"}],"author":[{"embeddable":true,"href":"https:\/\/www.alzd.de\/en\/wp-json\/wp\/v2\/users\/535"}],"replies":[{"embeddable":true,"href":"https:\/\/www.alzd.de\/en\/wp-json\/wp\/v2\/comments?post=104952"}],"version-history":[{"count":5,"href":"https:\/\/www.alzd.de\/en\/wp-json\/wp\/v2\/posts\/104952\/revisions"}],"predecessor-version":[{"id":104957,"href":"https:\/\/www.alzd.de\/en\/wp-json\/wp\/v2\/posts\/104952\/revisions\/104957"}],"wp:featuredmedia":[{"embeddable":true,"href":"https:\/\/www.alzd.de\/en\/wp-json\/wp\/v2\/media\/104930"}],"wp:attachment":[{"href":"https:\/\/www.alzd.de\/en\/wp-json\/wp\/v2\/media?parent=104952"}],"wp:term":[{"taxonomy":"category","embeddable":true,"href":"https:\/\/www.alzd.de\/en\/wp-json\/wp\/v2\/categories?post=104952"},{"taxonomy":"post_tag","embeddable":true,"href":"https:\/\/www.alzd.de\/en\/wp-json\/wp\/v2\/tags?post=104952"}],"curies":[{"name":"wp","href":"https:\/\/api.w.org\/{rel}","templated":true}]}}