{"id":104555,"date":"2023-02-13T07:30:00","date_gmt":"2023-02-13T06:30:00","guid":{"rendered":"https:\/\/www.alzd.de\/2023\/02\/13\/sera-by-accendis-the-fairy-tale-of-the-red-haired-princess\/"},"modified":"2023-02-13T13:42:17","modified_gmt":"2023-02-13T12:42:17","slug":"sera-by-accendis-the-fairy-tale-of-the-red-haired-princess","status":"publish","type":"post","link":"https:\/\/www.alzd.de\/en\/2023\/02\/13\/sera-by-accendis-the-fairy-tale-of-the-red-haired-princess\/","title":{"rendered":"Sera by Accendis &#8211; The Fairy Tale of the Red-Haired Princess"},"content":{"rendered":"\n<p>With a bottle of <a href=\"https:\/\/www.ausliebezumduft.de\/accendis-the-whites-sera.html\" target=\"_blank\" rel=\"noreferrer noopener\">Sera<\/a> by the Italian niche fragrance brand <a href=\"https:\/\/www.ausliebezumduft.de\/duefte\/accendis.html\" target=\"_blank\" rel=\"noreferrer noopener\">Accendis<\/a>, Vincent Spies from the distributor <a href=\"https:\/\/isisparfums.de\/\" target=\"_blank\" rel=\"noreferrer noopener\">Isis Parfums<\/a> surprised me last week, to whom I would like to thank very much. The fragrance house Accendis, I had not on my screen by now &#8211; I must confess openly. And this, although a brief search through our archives revealed that the Milanese label of Emy Rodriquens has already been a guest here in the Duft-Tagebuch quite often (all posts can be found <a href=\"https:\/\/www.alzd.de\/en\/tag\/accendis-en\/\" target=\"_blank\" rel=\"noreferrer noopener\">here<\/a>).<\/p>\n<div class=\"wp-block-image\">\n<figure class=\"aligncenter size-large\"><img decoding=\"async\" width=\"720\" height=\"1080\" src=\"https:\/\/www.alzd.de\/wp-content\/2023\/02\/IMG_9212-720x1080.jpg\" alt=\"Accendis - Sera\" class=\"wp-image-104520\" title=\"Accendis - Sera\" srcset=\"https:\/\/www.alzd.de\/wp-content\/2023\/02\/IMG_9212-720x1080.jpg 720w, https:\/\/www.alzd.de\/wp-content\/2023\/02\/IMG_9212-480x720.jpg 480w, https:\/\/www.alzd.de\/wp-content\/2023\/02\/IMG_9212-240x360.jpg 240w, https:\/\/www.alzd.de\/wp-content\/2023\/02\/IMG_9212-768x1152.jpg 768w, https:\/\/www.alzd.de\/wp-content\/2023\/02\/IMG_9212-1024x1536.jpg 1024w, https:\/\/www.alzd.de\/wp-content\/2023\/02\/IMG_9212-1365x2048.jpg 1365w, https:\/\/www.alzd.de\/wp-content\/2023\/02\/IMG_9212-233x350.jpg 233w, https:\/\/www.alzd.de\/wp-content\/2023\/02\/IMG_9212-scaled.jpg 1707w\" sizes=\"(max-width: 720px) 100vw, 720px\" \/><\/figure>\n<\/div>\n<p>You know what I noticed? Maybe it&#8217;s a coincidence, but are there a lot of creations around the theme of white on the market right now? Or have I by chance been increasingly reaching for fragrances in this colour here in the Duft-Tagebuch? I can think of several perfumes, that I have reviewed in recent weeks: <a href=\"https:\/\/www.ausliebezumduft.de\/parfums-de-marly-valaya.html\" target=\"_blank\" rel=\"noreferrer noopener\">Valaya<\/a> by <a href=\"https:\/\/www.ausliebezumduft.de\/duefte\/parfums-de-marly.html\" target=\"_blank\" rel=\"noreferrer noopener\">Parfums de Marly<\/a> for example (read <a href=\"https:\/\/www.alzd.de\/en\/2023\/02\/03\/valaya-by-parfums-de-marly-pure-and-white-at-heart\/\" target=\"_blank\" rel=\"noreferrer noopener\">here<\/a>) or <a href=\"https:\/\/www.ausliebezumduft.de\/kilian-can-t-stop-loving-you.html\" target=\"_blank\" rel=\"noreferrer noopener\">Can&#8217;t stop loving you<\/a> by <a href=\"https:\/\/www.ausliebezumduft.de\/duefte\/kilian.html\" target=\"_blank\" rel=\"noreferrer noopener\">Kilian<\/a> (read <a href=\"https:\/\/www.alzd.de\/en\/2023\/02\/02\/cant-stop-loving-you-by-kilian-hurray-for-love\/\" target=\"_blank\" rel=\"noreferrer noopener\">here<\/a>). Also <a href=\"https:\/\/www.ausliebezumduft.de\/bohoboco-jasmin-white-leather.html\" target=\"_blank\" rel=\"noreferrer noopener\">Jasmine White Leather<\/a> by <a href=\"https:\/\/www.ausliebezumduft.de\/duefte\/bohoboco.html\" target=\"_blank\" rel=\"noreferrer noopener\">Bohoboco<\/a> (read <a href=\"https:\/\/www.alzd.de\/en\/2023\/02\/07\/jasmine-white-leather-and-eternal-lily-amber-by-bohoboco\/\" target=\"_blank\" rel=\"noreferrer noopener\">here<\/a>) or the <a href=\"https:\/\/www.alzd.de\/en\/tag\/headspace-en\/\" target=\"_blank\" rel=\"noreferrer noopener\">Headspace fragrances<\/a>, which I would attribute to the colour white by their minimalism alone. Of course, all this may really be coincidence or an unconscious choice on my part, but maybe not &#8230; \ud83e\udd14<\/p>\n\n<h2 class=\"wp-block-heading\">Sera &#8211; The Whites<\/h2>\n\n<p>Our candidate today, Sera, also shines in the colour white and also belongs to a collection called The Whites. Accendis says the following about colour and collection: &#8220;White is the confidence in the future, the highest purity, the noble feelings and the desire for the new. White evokes purity, spirituality and the divine.&#8221;<\/p>\n\n<p>In addition, the fragrance, whose bottle has a new design &#8211; connoisseurs will have already recognized this at first glance &#8211; is dedicated to fairy tales. The other creations in The Whites line are also dedicated to just those imaginative and mostly morality tales. It was not always clear which fairy tale served as a model or source of inspiration. And so it is today. The creation is supposed to revolve around a red-haired princess who, with flowery words, makes transience palatable to the first-person narrator of the press text and praises life in the here and now.<\/p>\n<div class=\"wp-block-image\">\n<figure class=\"aligncenter size-large\"><img decoding=\"async\" width=\"748\" height=\"1080\" src=\"https:\/\/www.alzd.de\/wp-content\/2023\/02\/2SERA-portrait-748x1080.jpg\" alt=\"Accendis - Sera\" class=\"wp-image-104532\" title=\"Accendis - Sera\" srcset=\"https:\/\/www.alzd.de\/wp-content\/2023\/02\/2SERA-portrait-748x1080.jpg 748w, https:\/\/www.alzd.de\/wp-content\/2023\/02\/2SERA-portrait-499x720.jpg 499w, https:\/\/www.alzd.de\/wp-content\/2023\/02\/2SERA-portrait-249x360.jpg 249w, https:\/\/www.alzd.de\/wp-content\/2023\/02\/2SERA-portrait-768x1109.jpg 768w, https:\/\/www.alzd.de\/wp-content\/2023\/02\/2SERA-portrait-1064x1536.jpg 1064w, https:\/\/www.alzd.de\/wp-content\/2023\/02\/2SERA-portrait-1419x2048.jpg 1419w, https:\/\/www.alzd.de\/wp-content\/2023\/02\/2SERA-portrait-242x350.jpg 242w, https:\/\/www.alzd.de\/wp-content\/2023\/02\/2SERA-portrait.jpg 1618w\" sizes=\"(max-width: 748px) 100vw, 748px\" \/><\/figure>\n<\/div>\n<blockquote class=\"wp-block-quote is-layout-flow wp-block-quote-is-layout-flow\">\n<p>The red-haired princess came from a faraway land. She had beautiful lips and big eyes, as if the Mediterranean lay in her gaze. There was something mysterious about her hair and everything seemed to be hidden in those curls. The red of her hair was like a sunset, warm and bright like a summer evening where everything is absolutely perfect.<\/p>\n<\/blockquote>\n\n<p>My research on the Internet revealed little useful information about a red-haired princess. The Scottish Disney princess Merida was included, as well as an anime\/manga called &#8220;The Redheaded Snow Princess&#8221; about a girl named Shirayuki. The reference to Japan would make sense to me, since the fragrance <a href=\"https:\/\/www.ausliebezumduft.de\/catalog\/product\/view\/id\/30400\/s\/accendis-the-whites-luna-dulcius\/category\/2234\/\" target=\"_blank\" rel=\"noreferrer noopener\">Luna Dulcis<\/a> was already inspired by a famous fairy tale from the Land of the Rising Sun. <\/p>\n\n<p><a href=\"https:\/\/www.ausliebezumduft.de\/duefte\/accendis\/accendis-the-whites-fiorialux.html\" target=\"_blank\" rel=\"noreferrer noopener\">Fiorialux<\/a> also has the legend about osmanthus and a princess as its theme, and of course the peach-scented flower is likewise native to Asia. However, our red-haired royal of Sera still remains mysterious. Maybe you have an idea which princess this could be?<\/p>\n<div class=\"wp-block-image\">\n<figure class=\"aligncenter size-large\"><img decoding=\"async\" width=\"1080\" height=\"720\" src=\"https:\/\/www.alzd.de\/wp-content\/2023\/02\/327592243_496183019325571_3514324997416506669_n-1080x720.jpg\" alt=\"Accendis - Sera\" class=\"wp-image-104538\" title=\"Accendis - Sera\" srcset=\"https:\/\/www.alzd.de\/wp-content\/2023\/02\/327592243_496183019325571_3514324997416506669_n-1080x720.jpg 1080w, https:\/\/www.alzd.de\/wp-content\/2023\/02\/327592243_496183019325571_3514324997416506669_n-720x480.jpg 720w, https:\/\/www.alzd.de\/wp-content\/2023\/02\/327592243_496183019325571_3514324997416506669_n-360x240.jpg 360w, https:\/\/www.alzd.de\/wp-content\/2023\/02\/327592243_496183019325571_3514324997416506669_n-768x512.jpg 768w, https:\/\/www.alzd.de\/wp-content\/2023\/02\/327592243_496183019325571_3514324997416506669_n-1536x1024.jpg 1536w, https:\/\/www.alzd.de\/wp-content\/2023\/02\/327592243_496183019325571_3514324997416506669_n-525x350.jpg 525w, https:\/\/www.alzd.de\/wp-content\/2023\/02\/327592243_496183019325571_3514324997416506669_n.jpg 2048w\" sizes=\"(max-width: 1080px) 100vw, 1080px\" \/><figcaption class=\"wp-element-caption\">Sera from <a href=\"https:\/\/www.facebook.com\/ACCENDISPERFUMES\" target=\"_blank\" rel=\"noreferrer noopener\">Facebook<\/a><\/figcaption><\/figure>\n<\/div>\n<p>However, secured are the fragrance notes, which of course I still want to tell you: <strong>saffron, lychee, orange, bergamot, jasmine, amber, musk, oak moss, vanilla<\/strong> and <strong>woods<\/strong>.<\/p>\n\n<h3 class=\"wp-block-heading\">White is the confidence<\/h3>\n\n<p>From the very beginning, I simply consider Sera to be stunning. With lush fruity-floral notes, the eau de parfum evokes a wonderful glow from the very first moment, smelling of spring and summer, of warmth and sunshine, immediately bringing a smile to my face. The saffron is subtly perceptible and provides exciting accents and depth with its dark and subtly leathery spiciness.<\/p>\n\n<p>The citrus fruits are rather restrained, providing a hint of fruity freshness in a tangy-sour combination with exotic-looking lychee. This blends with the beguilingly creamy nuances of jasmine and the lovely warmth of amber, which are underpinned by delicate vanilla and the finest musk powder. Oakmoss conjures up soft earthy notes in the base, which together with light woods merge into an enchanting, creamy-floral and fruity-spicy melange.<\/p>\n<div class=\"wp-block-image\">\n<figure class=\"aligncenter size-full\"><img decoding=\"async\" width=\"600\" height=\"600\" src=\"https:\/\/www.alzd.de\/wp-content\/2023\/02\/sera-edp-100ml.jpg\" alt=\"Accendis - Sera\" class=\"wp-image-104542\" title=\"Accendis - Sera\" srcset=\"https:\/\/www.alzd.de\/wp-content\/2023\/02\/sera-edp-100ml.jpg 600w, https:\/\/www.alzd.de\/wp-content\/2023\/02\/sera-edp-100ml-360x360.jpg 360w, https:\/\/www.alzd.de\/wp-content\/2023\/02\/sera-edp-100ml-350x350.jpg 350w\" sizes=\"(max-width: 600px) 100vw, 600px\" \/><\/figure>\n<\/div>\n<p>Sera from Accendis is a truly gorgeous and, in my eyes, beautiful fruity floral fragrance accented by saffron and vanilla that is wonderfully creamy and &#8211; as mentioned above &#8211; reminiscent of sun, spring and summer. The fruitiness of the opening decreases as the fragrance progresses, and in the finish Sera reveals itself as a calm, relaxed composition, somewhat reminiscent of sunscreen, which is simply fun from start to finish. I feel the creation is feminine, though I would again classify the delightfully cosy base as unisex. Perfectly suited for the warmer season and &#8211; if you like to wear present fragrances &#8211; also in the office and everyday life. My conclusion: Test it asap! \u2764\ufe0f<\/p>\n\n<div class=\"wp-block-buttons is-content-justification-center is-layout-flex wp-container-core-buttons-is-layout-16018d1d wp-block-buttons-is-layout-flex\">\n<div class=\"wp-block-button has-custom-width wp-block-button__width-50\"><a class=\"wp-block-button__link has-white-color has-text-color has-background wp-element-button\" href=\"https:\/\/www.ausliebezumduft.de\/accendis-the-whites-sera.html\" style=\"background-color:#e3d386\" target=\"_blank\" rel=\"noreferrer noopener\"><strong>Sera<\/strong><\/a><\/div>\n<\/div>\n","protected":false},"excerpt":{"rendered":"<p>With a bottle of Sera by the Italian niche fragrance brand Accendis, Vincent Spies from the distributor Isis Parfums surprised me last week, to whom I would like&#8230;<\/p>\n<div class=\"more-link-wrapper\"><a class=\"more-link\" href=\"https:\/\/www.alzd.de\/en\/2023\/02\/13\/sera-by-accendis-the-fairy-tale-of-the-red-haired-princess\/\">WEITERLESEN<span class=\"screen-reader-text\">Sera by Accendis &#8211; The Fairy Tale of the Red-Haired Princess<\/span><\/a><\/div>\n","protected":false},"author":535,"featured_media":104517,"comment_status":"open","ping_status":"closed","sticky":false,"template":"","format":"standard","meta":{"footnotes":""},"categories":[1151,1117,1155,1113],"tags":[1185],"class_list":["post-104555","post","type-post","status-publish","format-standard","has-post-thumbnail","hentry","category-flowers","category-fragrances","category-fruity","category-spicy","tag-accendis-en","excerpt","zoom","full-without-featured","even","excerpt-0"],"yoast_head":"<!-- This site is optimized with the Yoast SEO plugin v27.5 - https:\/\/yoast.com\/product\/yoast-seo-wordpress\/ -->\n<title>Sera by Accendis - The Fairy Tale of the Red-Haired Princess<\/title>\n<meta name=\"description\" content=\"With a bottle of Sera by the Italian niche fragrance brand Accendis, Vincent Spies from the distributor Isis surprised me last week ...\" \/>\n<meta name=\"robots\" content=\"index, follow, max-snippet:-1, max-image-preview:large, max-video-preview:-1\" \/>\n<link rel=\"canonical\" href=\"https:\/\/www.alzd.de\/en\/2023\/02\/13\/sera-by-accendis-the-fairy-tale-of-the-red-haired-princess\/\" \/>\n<meta property=\"og:locale\" content=\"en_US\" \/>\n<meta property=\"og:type\" content=\"article\" \/>\n<meta property=\"og:title\" content=\"Sera by Accendis - The Fairy Tale of the Red-Haired Princess\" \/>\n<meta property=\"og:url\" content=\"https:\/\/www.alzd.de\/en\/2023\/02\/13\/sera-by-accendis-the-fairy-tale-of-the-red-haired-princess\/\" \/>\n<meta property=\"og:site_name\" content=\"Das Duft-Tagebuch\" \/>\n<meta property=\"article:publisher\" content=\"https:\/\/www.facebook.com\/dufttagebuch\/\" \/>\n<meta property=\"article:author\" content=\"https:\/\/www.facebook.com\/stephanie.tkaczik\" \/>\n<meta property=\"article:published_time\" content=\"2023-02-13T06:30:00+00:00\" \/>\n<meta property=\"article:modified_time\" content=\"2023-02-13T12:42:17+00:00\" \/>\n<meta property=\"og:image\" content=\"https:\/\/www.alzd.de\/wp-content\/2023\/02\/bb_IMG_9202.jpg\" \/>\n\t<meta property=\"og:image:width\" content=\"720\" \/>\n\t<meta property=\"og:image:height\" content=\"400\" \/>\n\t<meta property=\"og:image:type\" content=\"image\/jpeg\" \/>\n<meta name=\"author\" content=\"Julia Bir\u00f3\" \/>\n<meta name=\"twitter:card\" content=\"summary_large_image\" \/>\n<meta name=\"twitter:creator\" content=\"@ausliebezumduft\" \/>\n<meta name=\"twitter:site\" content=\"@ausliebezumduft\" \/>\n<script type=\"application\/ld+json\" class=\"yoast-schema-graph\">{\"@context\":\"https:\\\/\\\/schema.org\",\"@graph\":[{\"@type\":\"Article\",\"@id\":\"https:\\\/\\\/www.alzd.de\\\/en\\\/2023\\\/02\\\/13\\\/sera-by-accendis-the-fairy-tale-of-the-red-haired-princess\\\/#article\",\"isPartOf\":{\"@id\":\"https:\\\/\\\/www.alzd.de\\\/en\\\/2023\\\/02\\\/13\\\/sera-by-accendis-the-fairy-tale-of-the-red-haired-princess\\\/\"},\"author\":{\"name\":\"Julia Bir\u00f3\",\"@id\":\"https:\\\/\\\/www.alzd.de\\\/en\\\/#\\\/schema\\\/person\\\/8efcd8f02447fdbe8f29ad465897d04e\"},\"headline\":\"Sera by Accendis &#8211; The Fairy Tale of the Red-Haired Princess\",\"datePublished\":\"2023-02-13T06:30:00+00:00\",\"dateModified\":\"2023-02-13T12:42:17+00:00\",\"mainEntityOfPage\":{\"@id\":\"https:\\\/\\\/www.alzd.de\\\/en\\\/2023\\\/02\\\/13\\\/sera-by-accendis-the-fairy-tale-of-the-red-haired-princess\\\/\"},\"wordCount\":814,\"commentCount\":0,\"publisher\":{\"@id\":\"https:\\\/\\\/www.alzd.de\\\/en\\\/#organization\"},\"image\":{\"@id\":\"https:\\\/\\\/www.alzd.de\\\/en\\\/2023\\\/02\\\/13\\\/sera-by-accendis-the-fairy-tale-of-the-red-haired-princess\\\/#primaryimage\"},\"thumbnailUrl\":\"https:\\\/\\\/www.alzd.de\\\/wp-content\\\/2023\\\/02\\\/bb_IMG_9202.jpg\",\"keywords\":[\"Accendis\"],\"articleSection\":[\"Flowers\",\"Fragrances\",\"Fruity\",\"Spicy\"],\"inLanguage\":\"en-US\",\"potentialAction\":[{\"@type\":\"CommentAction\",\"name\":\"Comment\",\"target\":[\"https:\\\/\\\/www.alzd.de\\\/en\\\/2023\\\/02\\\/13\\\/sera-by-accendis-the-fairy-tale-of-the-red-haired-princess\\\/#respond\"]}]},{\"@type\":\"WebPage\",\"@id\":\"https:\\\/\\\/www.alzd.de\\\/en\\\/2023\\\/02\\\/13\\\/sera-by-accendis-the-fairy-tale-of-the-red-haired-princess\\\/\",\"url\":\"https:\\\/\\\/www.alzd.de\\\/en\\\/2023\\\/02\\\/13\\\/sera-by-accendis-the-fairy-tale-of-the-red-haired-princess\\\/\",\"name\":\"Sera by Accendis - The Fairy Tale of the Red-Haired Princess\",\"isPartOf\":{\"@id\":\"https:\\\/\\\/www.alzd.de\\\/en\\\/#website\"},\"primaryImageOfPage\":{\"@id\":\"https:\\\/\\\/www.alzd.de\\\/en\\\/2023\\\/02\\\/13\\\/sera-by-accendis-the-fairy-tale-of-the-red-haired-princess\\\/#primaryimage\"},\"image\":{\"@id\":\"https:\\\/\\\/www.alzd.de\\\/en\\\/2023\\\/02\\\/13\\\/sera-by-accendis-the-fairy-tale-of-the-red-haired-princess\\\/#primaryimage\"},\"thumbnailUrl\":\"https:\\\/\\\/www.alzd.de\\\/wp-content\\\/2023\\\/02\\\/bb_IMG_9202.jpg\",\"datePublished\":\"2023-02-13T06:30:00+00:00\",\"dateModified\":\"2023-02-13T12:42:17+00:00\",\"description\":\"With a bottle of Sera by the Italian niche fragrance brand Accendis, Vincent Spies from the distributor Isis surprised me last week ...\",\"breadcrumb\":{\"@id\":\"https:\\\/\\\/www.alzd.de\\\/en\\\/2023\\\/02\\\/13\\\/sera-by-accendis-the-fairy-tale-of-the-red-haired-princess\\\/#breadcrumb\"},\"inLanguage\":\"en-US\",\"potentialAction\":[{\"@type\":\"ReadAction\",\"target\":[\"https:\\\/\\\/www.alzd.de\\\/en\\\/2023\\\/02\\\/13\\\/sera-by-accendis-the-fairy-tale-of-the-red-haired-princess\\\/\"]}]},{\"@type\":\"ImageObject\",\"inLanguage\":\"en-US\",\"@id\":\"https:\\\/\\\/www.alzd.de\\\/en\\\/2023\\\/02\\\/13\\\/sera-by-accendis-the-fairy-tale-of-the-red-haired-princess\\\/#primaryimage\",\"url\":\"https:\\\/\\\/www.alzd.de\\\/wp-content\\\/2023\\\/02\\\/bb_IMG_9202.jpg\",\"contentUrl\":\"https:\\\/\\\/www.alzd.de\\\/wp-content\\\/2023\\\/02\\\/bb_IMG_9202.jpg\",\"width\":720,\"height\":400},{\"@type\":\"BreadcrumbList\",\"@id\":\"https:\\\/\\\/www.alzd.de\\\/en\\\/2023\\\/02\\\/13\\\/sera-by-accendis-the-fairy-tale-of-the-red-haired-princess\\\/#breadcrumb\",\"itemListElement\":[{\"@type\":\"ListItem\",\"position\":1,\"name\":\"Startseite\",\"item\":\"https:\\\/\\\/www.alzd.de\\\/en\\\/\"},{\"@type\":\"ListItem\",\"position\":2,\"name\":\"Sera by Accendis &#8211; The Fairy Tale of the Red-Haired Princess\"}]},{\"@type\":\"WebSite\",\"@id\":\"https:\\\/\\\/www.alzd.de\\\/en\\\/#website\",\"url\":\"https:\\\/\\\/www.alzd.de\\\/en\\\/\",\"name\":\"Das Duft-Tagebuch\",\"description\":\"Das Parfumblog von Aus Liebe zum Duft\",\"publisher\":{\"@id\":\"https:\\\/\\\/www.alzd.de\\\/en\\\/#organization\"},\"potentialAction\":[{\"@type\":\"SearchAction\",\"target\":{\"@type\":\"EntryPoint\",\"urlTemplate\":\"https:\\\/\\\/www.alzd.de\\\/en\\\/?s={search_term_string}\"},\"query-input\":{\"@type\":\"PropertyValueSpecification\",\"valueRequired\":true,\"valueName\":\"search_term_string\"}}],\"inLanguage\":\"en-US\"},{\"@type\":\"Organization\",\"@id\":\"https:\\\/\\\/www.alzd.de\\\/en\\\/#organization\",\"name\":\"Das Duft-Tagebuch\",\"url\":\"https:\\\/\\\/www.alzd.de\\\/en\\\/\",\"logo\":{\"@type\":\"ImageObject\",\"inLanguage\":\"en-US\",\"@id\":\"https:\\\/\\\/www.alzd.de\\\/en\\\/#\\\/schema\\\/logo\\\/image\\\/\",\"url\":\"https:\\\/\\\/www.alzd.de\\\/wp-content\\\/2023\\\/08\\\/alzd_dufttagebuch.png\",\"contentUrl\":\"https:\\\/\\\/www.alzd.de\\\/wp-content\\\/2023\\\/08\\\/alzd_dufttagebuch.png\",\"width\":1804,\"height\":416,\"caption\":\"Das Duft-Tagebuch\"},\"image\":{\"@id\":\"https:\\\/\\\/www.alzd.de\\\/en\\\/#\\\/schema\\\/logo\\\/image\\\/\"},\"sameAs\":[\"https:\\\/\\\/www.facebook.com\\\/dufttagebuch\\\/\",\"https:\\\/\\\/x.com\\\/ausliebezumduft\",\"https:\\\/\\\/www.instagram.com\\\/ausliebezumduft.de\\\/\",\"https:\\\/\\\/www.youtube.com\\\/c\\\/ausliebezumduft\"]},{\"@type\":\"Person\",\"@id\":\"https:\\\/\\\/www.alzd.de\\\/en\\\/#\\\/schema\\\/person\\\/8efcd8f02447fdbe8f29ad465897d04e\",\"name\":\"Julia Bir\u00f3\",\"image\":{\"@type\":\"ImageObject\",\"inLanguage\":\"en-US\",\"@id\":\"https:\\\/\\\/www.alzd.de\\\/wp-content\\\/2018\\\/02\\\/cropped-cropped-mitarbeiterbilder_steffi--96x96.jpg\",\"url\":\"https:\\\/\\\/www.alzd.de\\\/wp-content\\\/2018\\\/02\\\/cropped-cropped-mitarbeiterbilder_steffi--96x96.jpg\",\"contentUrl\":\"https:\\\/\\\/www.alzd.de\\\/wp-content\\\/2018\\\/02\\\/cropped-cropped-mitarbeiterbilder_steffi--96x96.jpg\",\"caption\":\"Julia Bir\u00f3\"},\"description\":\"Bereits 2010 gingen so einige Blogbeitr\u00e4ge auf mein Konto. Dann war ich \u201ekurz\u201c weg \u2013 sechs Jahre. Umso mehr freut es mich, dass ich nun wieder die Chance bekomme, mein N\u00e4schen im Dienste der Duftrezension schnuppern zu lassen und eifrig in die Tasten zu hauen. Was Nischend\u00fcfte angeht, habe ich damals \u00fcbrigens schnell Feuer gefangen. Meine Ausbildung tat dazu ihr \u00dcbriges: Als diplomierte Biologin kenne ich mich nicht nur mit Fauna und Flora, sondern auch recht gut mit der Herstellung von \u00d6len und Extrakten aus, was den Reiz der Parfumwelt nat\u00fcrlich noch gr\u00f6\u00dfer macht.\",\"sameAs\":[\"https:\\\/\\\/biro.is\\\/\",\"https:\\\/\\\/www.facebook.com\\\/stephanie.tkaczik\"],\"url\":\"https:\\\/\\\/www.alzd.de\\\/en\\\/author\\\/stephanie\\\/\"}]}<\/script>\n<!-- \/ Yoast SEO plugin. -->","yoast_head_json":{"title":"Sera by Accendis - The Fairy Tale of the Red-Haired Princess","description":"With a bottle of Sera by the Italian niche fragrance brand Accendis, Vincent Spies from the distributor Isis surprised me last week ...","robots":{"index":"index","follow":"follow","max-snippet":"max-snippet:-1","max-image-preview":"max-image-preview:large","max-video-preview":"max-video-preview:-1"},"canonical":"https:\/\/www.alzd.de\/en\/2023\/02\/13\/sera-by-accendis-the-fairy-tale-of-the-red-haired-princess\/","og_locale":"en_US","og_type":"article","og_title":"Sera by Accendis - The Fairy Tale of the Red-Haired Princess","og_url":"https:\/\/www.alzd.de\/en\/2023\/02\/13\/sera-by-accendis-the-fairy-tale-of-the-red-haired-princess\/","og_site_name":"Das Duft-Tagebuch","article_publisher":"https:\/\/www.facebook.com\/dufttagebuch\/","article_author":"https:\/\/www.facebook.com\/stephanie.tkaczik","article_published_time":"2023-02-13T06:30:00+00:00","article_modified_time":"2023-02-13T12:42:17+00:00","og_image":[{"width":720,"height":400,"url":"https:\/\/www.alzd.de\/wp-content\/2023\/02\/bb_IMG_9202.jpg","type":"image\/jpeg"}],"author":"Julia Bir\u00f3","twitter_card":"summary_large_image","twitter_creator":"@ausliebezumduft","twitter_site":"@ausliebezumduft","schema":{"@context":"https:\/\/schema.org","@graph":[{"@type":"Article","@id":"https:\/\/www.alzd.de\/en\/2023\/02\/13\/sera-by-accendis-the-fairy-tale-of-the-red-haired-princess\/#article","isPartOf":{"@id":"https:\/\/www.alzd.de\/en\/2023\/02\/13\/sera-by-accendis-the-fairy-tale-of-the-red-haired-princess\/"},"author":{"name":"Julia Bir\u00f3","@id":"https:\/\/www.alzd.de\/en\/#\/schema\/person\/8efcd8f02447fdbe8f29ad465897d04e"},"headline":"Sera by Accendis &#8211; The Fairy Tale of the Red-Haired Princess","datePublished":"2023-02-13T06:30:00+00:00","dateModified":"2023-02-13T12:42:17+00:00","mainEntityOfPage":{"@id":"https:\/\/www.alzd.de\/en\/2023\/02\/13\/sera-by-accendis-the-fairy-tale-of-the-red-haired-princess\/"},"wordCount":814,"commentCount":0,"publisher":{"@id":"https:\/\/www.alzd.de\/en\/#organization"},"image":{"@id":"https:\/\/www.alzd.de\/en\/2023\/02\/13\/sera-by-accendis-the-fairy-tale-of-the-red-haired-princess\/#primaryimage"},"thumbnailUrl":"https:\/\/www.alzd.de\/wp-content\/2023\/02\/bb_IMG_9202.jpg","keywords":["Accendis"],"articleSection":["Flowers","Fragrances","Fruity","Spicy"],"inLanguage":"en-US","potentialAction":[{"@type":"CommentAction","name":"Comment","target":["https:\/\/www.alzd.de\/en\/2023\/02\/13\/sera-by-accendis-the-fairy-tale-of-the-red-haired-princess\/#respond"]}]},{"@type":"WebPage","@id":"https:\/\/www.alzd.de\/en\/2023\/02\/13\/sera-by-accendis-the-fairy-tale-of-the-red-haired-princess\/","url":"https:\/\/www.alzd.de\/en\/2023\/02\/13\/sera-by-accendis-the-fairy-tale-of-the-red-haired-princess\/","name":"Sera by Accendis - The Fairy Tale of the Red-Haired Princess","isPartOf":{"@id":"https:\/\/www.alzd.de\/en\/#website"},"primaryImageOfPage":{"@id":"https:\/\/www.alzd.de\/en\/2023\/02\/13\/sera-by-accendis-the-fairy-tale-of-the-red-haired-princess\/#primaryimage"},"image":{"@id":"https:\/\/www.alzd.de\/en\/2023\/02\/13\/sera-by-accendis-the-fairy-tale-of-the-red-haired-princess\/#primaryimage"},"thumbnailUrl":"https:\/\/www.alzd.de\/wp-content\/2023\/02\/bb_IMG_9202.jpg","datePublished":"2023-02-13T06:30:00+00:00","dateModified":"2023-02-13T12:42:17+00:00","description":"With a bottle of Sera by the Italian niche fragrance brand Accendis, Vincent Spies from the distributor Isis surprised me last week ...","breadcrumb":{"@id":"https:\/\/www.alzd.de\/en\/2023\/02\/13\/sera-by-accendis-the-fairy-tale-of-the-red-haired-princess\/#breadcrumb"},"inLanguage":"en-US","potentialAction":[{"@type":"ReadAction","target":["https:\/\/www.alzd.de\/en\/2023\/02\/13\/sera-by-accendis-the-fairy-tale-of-the-red-haired-princess\/"]}]},{"@type":"ImageObject","inLanguage":"en-US","@id":"https:\/\/www.alzd.de\/en\/2023\/02\/13\/sera-by-accendis-the-fairy-tale-of-the-red-haired-princess\/#primaryimage","url":"https:\/\/www.alzd.de\/wp-content\/2023\/02\/bb_IMG_9202.jpg","contentUrl":"https:\/\/www.alzd.de\/wp-content\/2023\/02\/bb_IMG_9202.jpg","width":720,"height":400},{"@type":"BreadcrumbList","@id":"https:\/\/www.alzd.de\/en\/2023\/02\/13\/sera-by-accendis-the-fairy-tale-of-the-red-haired-princess\/#breadcrumb","itemListElement":[{"@type":"ListItem","position":1,"name":"Startseite","item":"https:\/\/www.alzd.de\/en\/"},{"@type":"ListItem","position":2,"name":"Sera by Accendis &#8211; The Fairy Tale of the Red-Haired Princess"}]},{"@type":"WebSite","@id":"https:\/\/www.alzd.de\/en\/#website","url":"https:\/\/www.alzd.de\/en\/","name":"Das Duft-Tagebuch","description":"Das Parfumblog von Aus Liebe zum Duft","publisher":{"@id":"https:\/\/www.alzd.de\/en\/#organization"},"potentialAction":[{"@type":"SearchAction","target":{"@type":"EntryPoint","urlTemplate":"https:\/\/www.alzd.de\/en\/?s={search_term_string}"},"query-input":{"@type":"PropertyValueSpecification","valueRequired":true,"valueName":"search_term_string"}}],"inLanguage":"en-US"},{"@type":"Organization","@id":"https:\/\/www.alzd.de\/en\/#organization","name":"Das Duft-Tagebuch","url":"https:\/\/www.alzd.de\/en\/","logo":{"@type":"ImageObject","inLanguage":"en-US","@id":"https:\/\/www.alzd.de\/en\/#\/schema\/logo\/image\/","url":"https:\/\/www.alzd.de\/wp-content\/2023\/08\/alzd_dufttagebuch.png","contentUrl":"https:\/\/www.alzd.de\/wp-content\/2023\/08\/alzd_dufttagebuch.png","width":1804,"height":416,"caption":"Das Duft-Tagebuch"},"image":{"@id":"https:\/\/www.alzd.de\/en\/#\/schema\/logo\/image\/"},"sameAs":["https:\/\/www.facebook.com\/dufttagebuch\/","https:\/\/x.com\/ausliebezumduft","https:\/\/www.instagram.com\/ausliebezumduft.de\/","https:\/\/www.youtube.com\/c\/ausliebezumduft"]},{"@type":"Person","@id":"https:\/\/www.alzd.de\/en\/#\/schema\/person\/8efcd8f02447fdbe8f29ad465897d04e","name":"Julia Bir\u00f3","image":{"@type":"ImageObject","inLanguage":"en-US","@id":"https:\/\/www.alzd.de\/wp-content\/2018\/02\/cropped-cropped-mitarbeiterbilder_steffi--96x96.jpg","url":"https:\/\/www.alzd.de\/wp-content\/2018\/02\/cropped-cropped-mitarbeiterbilder_steffi--96x96.jpg","contentUrl":"https:\/\/www.alzd.de\/wp-content\/2018\/02\/cropped-cropped-mitarbeiterbilder_steffi--96x96.jpg","caption":"Julia Bir\u00f3"},"description":"Bereits 2010 gingen so einige Blogbeitr\u00e4ge auf mein Konto. Dann war ich \u201ekurz\u201c weg \u2013 sechs Jahre. Umso mehr freut es mich, dass ich nun wieder die Chance bekomme, mein N\u00e4schen im Dienste der Duftrezension schnuppern zu lassen und eifrig in die Tasten zu hauen. Was Nischend\u00fcfte angeht, habe ich damals \u00fcbrigens schnell Feuer gefangen. Meine Ausbildung tat dazu ihr \u00dcbriges: Als diplomierte Biologin kenne ich mich nicht nur mit Fauna und Flora, sondern auch recht gut mit der Herstellung von \u00d6len und Extrakten aus, was den Reiz der Parfumwelt nat\u00fcrlich noch gr\u00f6\u00dfer macht.","sameAs":["https:\/\/biro.is\/","https:\/\/www.facebook.com\/stephanie.tkaczik"],"url":"https:\/\/www.alzd.de\/en\/author\/stephanie\/"}]}},"wp-worthy-pixel":{"ignored":false,"public":null,"server":null,"url":null},"wp-worthy-type":"normal","_links":{"self":[{"href":"https:\/\/www.alzd.de\/en\/wp-json\/wp\/v2\/posts\/104555","targetHints":{"allow":["GET"]}}],"collection":[{"href":"https:\/\/www.alzd.de\/en\/wp-json\/wp\/v2\/posts"}],"about":[{"href":"https:\/\/www.alzd.de\/en\/wp-json\/wp\/v2\/types\/post"}],"author":[{"embeddable":true,"href":"https:\/\/www.alzd.de\/en\/wp-json\/wp\/v2\/users\/535"}],"replies":[{"embeddable":true,"href":"https:\/\/www.alzd.de\/en\/wp-json\/wp\/v2\/comments?post=104555"}],"version-history":[{"count":2,"href":"https:\/\/www.alzd.de\/en\/wp-json\/wp\/v2\/posts\/104555\/revisions"}],"predecessor-version":[{"id":104557,"href":"https:\/\/www.alzd.de\/en\/wp-json\/wp\/v2\/posts\/104555\/revisions\/104557"}],"wp:featuredmedia":[{"embeddable":true,"href":"https:\/\/www.alzd.de\/en\/wp-json\/wp\/v2\/media\/104517"}],"wp:attachment":[{"href":"https:\/\/www.alzd.de\/en\/wp-json\/wp\/v2\/media?parent=104555"}],"wp:term":[{"taxonomy":"category","embeddable":true,"href":"https:\/\/www.alzd.de\/en\/wp-json\/wp\/v2\/categories?post=104555"},{"taxonomy":"post_tag","embeddable":true,"href":"https:\/\/www.alzd.de\/en\/wp-json\/wp\/v2\/tags?post=104555"}],"curies":[{"name":"wp","href":"https:\/\/api.w.org\/{rel}","templated":true}]}}