{"id":104282,"date":"2023-01-31T07:30:00","date_gmt":"2023-01-31T06:30:00","guid":{"rendered":"https:\/\/www.alzd.de\/2023\/01\/31\/pavilion-and-magma-by-andrea-maack-parfums-to-the-land-of-fire-and-ice\/"},"modified":"2023-01-31T12:48:49","modified_gmt":"2023-01-31T11:48:49","slug":"pavilion-and-magma-by-andrea-maack-parfums-to-the-land-of-fire-and-ice","status":"publish","type":"post","link":"https:\/\/www.alzd.de\/en\/2023\/01\/31\/pavilion-and-magma-by-andrea-maack-parfums-to-the-land-of-fire-and-ice\/","title":{"rendered":"Pavilion and Magma by Andrea Maack Parfums &#8211; to the land of fire and ice"},"content":{"rendered":"\n<p>The two extraits de parfum <a href=\"https:\/\/www.ausliebezumduft.de\/andrea-maack-parfums-pavilion.html\" target=\"_blank\" rel=\"noreferrer noopener\">Pavilion<\/a> and <a href=\"https:\/\/www.ausliebezumduft.de\/andrea-maack-parfums-magma.html\" target=\"_blank\" rel=\"noreferrer noopener\">Magma<\/a> by <a href=\"https:\/\/www.ausliebezumduft.de\/duefte\/andrea-maack-parfums.html\" target=\"_blank\" rel=\"noreferrer noopener\">Andrea Maack Parfums<\/a> once again take us to the land of fire and ice. Iceland is our destination, that mysterious, impressive and picturesque island in the Arctic Ocean, characterized by rough nature, rugged rocks and fascinating landscapes. <\/p>\n<div class=\"wp-block-image\">\n<figure class=\"aligncenter size-large\"><img decoding=\"async\" width=\"1080\" height=\"865\" src=\"https:\/\/www.alzd.de\/wp-content\/2023\/01\/Screenshot2014-09-0300.28.53-1080x865.png\" alt=\"Andrea Maack\" class=\"wp-image-104248\" title=\"Andrea Maack\" srcset=\"https:\/\/www.alzd.de\/wp-content\/2023\/01\/Screenshot2014-09-0300.28.53-1080x865.png 1080w, https:\/\/www.alzd.de\/wp-content\/2023\/01\/Screenshot2014-09-0300.28.53-720x577.png 720w, https:\/\/www.alzd.de\/wp-content\/2023\/01\/Screenshot2014-09-0300.28.53-360x288.png 360w, https:\/\/www.alzd.de\/wp-content\/2023\/01\/Screenshot2014-09-0300.28.53-768x615.png 768w, https:\/\/www.alzd.de\/wp-content\/2023\/01\/Screenshot2014-09-0300.28.53-437x350.png 437w, https:\/\/www.alzd.de\/wp-content\/2023\/01\/Screenshot2014-09-0300.28.53.png 1500w\" sizes=\"(max-width: 1080px) 100vw, 1080px\" \/><figcaption class=\"wp-element-caption\">Image by <a href=\"http:\/\/www.andreamaack-geopark.com\/\" target=\"_blank\" rel=\"noreferrer noopener\">Andrea Maack<\/a><\/figcaption><\/figure>\n<\/div>\n<p>Blonde Icelander Andrea Maack &#8211; one of the few islanders to have her own last name &#8211; is an artist with a penchant for fashion and beauty. In her twenties she moved to London, where she worked in the fashion industry. Back in Iceland, she graduated from the local art academy and has since inspired art fans worldwide with her installations and exhibitions. In connection with her art, her own fragrance line Andrea Maack Parfums was also created in 2010 with unique perfumes, some of which we have already presented here in the Duft-Tagebuch (read <a href=\"https:\/\/www.alzd.de\/en\/tag\/andrea-maack-en\/\" target=\"_blank\" rel=\"noreferrer noopener\">here<\/a>). <\/p>\n\n<p>With today&#8217;s two cuties, however, Andrea Maack was not inspired by the fine arts, but by her own home and the geological features of the volcanic island. And this is exactly the order in which we will proceed, starting with Pavilion and concluding with Magma.<\/p>\n\n<h2 class=\"wp-block-heading\">Pavilion &#8211; Villa in UNESCO Global Geopark<\/h2>\n\n<p>Even though the extrait de parfum Pavilion is dedicated to one&#8217;s home, we are not dealing with a room fragrance here &#8211; although one could certainly assume that at first reading. The villa of Andrea Maack is a modern designed and cubic building with impressive sea view, which the artist designed herself and where she not only lives with her family, but also works. A showroom is also home to the <a href=\"https:\/\/www.instagram.com\/geopark_villa\" target=\"_blank\" rel=\"noreferrer noopener\">Geopark Villa<\/a>, which blends into Iceland&#8217;s unique landscape. The building looks like a tower of strength, minimalist, modern and meditative at the same time.<\/p>\n\n<blockquote class=\"wp-block-quote is-layout-flow wp-block-quote-is-layout-flow\">\n<p>The inspiration for Pavilion was Geopark Villa, the home of AM Studio. This place seems quiet at first sight, but it is located in the middle of volcanic areas. Pavilion follows this path with soft facets overlaid with warming notes that make the heart beat faster.<\/p>\n<\/blockquote>\n<div class=\"wp-block-image\">\n<figure class=\"aligncenter size-large\"><img decoding=\"async\" width=\"864\" height=\"1080\" src=\"https:\/\/www.alzd.de\/wp-content\/2023\/01\/322410399_542942741228077_5209121147088224307_n-864x1080.jpeg\" alt=\"Andrea Maack - Pavilion\" class=\"wp-image-104254\" title=\"Andrea Maack - Pavilion\" srcset=\"https:\/\/www.alzd.de\/wp-content\/2023\/01\/322410399_542942741228077_5209121147088224307_n-864x1080.jpeg 864w, https:\/\/www.alzd.de\/wp-content\/2023\/01\/322410399_542942741228077_5209121147088224307_n-576x720.jpeg 576w, https:\/\/www.alzd.de\/wp-content\/2023\/01\/322410399_542942741228077_5209121147088224307_n-288x360.jpeg 288w, https:\/\/www.alzd.de\/wp-content\/2023\/01\/322410399_542942741228077_5209121147088224307_n-768x960.jpeg 768w, https:\/\/www.alzd.de\/wp-content\/2023\/01\/322410399_542942741228077_5209121147088224307_n-280x350.jpeg 280w, https:\/\/www.alzd.de\/wp-content\/2023\/01\/322410399_542942741228077_5209121147088224307_n.jpeg 1080w\" sizes=\"(max-width: 864px) 100vw, 864px\" \/><figcaption class=\"wp-element-caption\">Pavilion from <a href=\"https:\/\/www.instagram.com\/andreamaack\/\" target=\"_blank\" rel=\"noreferrer noopener\">Instagram<\/a> \/ \u00a9 <a href=\"https:\/\/www.instagram.com\/elisabetblondal\/\" target=\"_blank\" rel=\"noreferrer noopener\">El\u00edsabet Bl\u00f6ndal<\/a><\/figcaption><\/figure>\n<\/div>\n<p>Created by perfumer Julien Rasquinet, the extrait de parfum is composed of ingredients <strong>gourmand notes, honey, saffron, rose, patchouli, vanilla, amber<\/strong> and <strong>agarwood (oud)<\/strong>. <\/p>\n\n<h3 class=\"wp-block-heading\">Pavilion &#8211; fragrant feel-good atmosphere<\/h3>\n\n<p>I hereby make an official request to Andrea Maack with the plea to be allowed to move in with her. If their home is like Pavilion smells, then I should especially like it there. Incredibly warm and gourmand, infused with dark saffron and sugary honey, Pavilion opens. A creation that makes a statement of deliciousness from the first sniff, powerful, expressive, lush. <\/p>\n\n<p>Rose soon joins in, providing a certain lightness and preventing the fragrance from becoming too heavy and dark, while patchouli adds creamy woody accents, making the composition softer, smoother. The oud adds a certain smokiness and extra depth to Pavilion, underpinned by the leathery-balsamic warmth of ambergris.<\/p>\n<div class=\"wp-block-image\">\n<figure class=\"aligncenter size-full\"><img decoding=\"async\" width=\"600\" height=\"600\" src=\"https:\/\/www.alzd.de\/wp-content\/2023\/01\/pavilion-extrait.jpg\" alt=\"Andrea Maack - Pavilion\" class=\"wp-image-104258\" title=\"Andrea Maack - Pavilion\" srcset=\"https:\/\/www.alzd.de\/wp-content\/2023\/01\/pavilion-extrait.jpg 600w, https:\/\/www.alzd.de\/wp-content\/2023\/01\/pavilion-extrait-360x360.jpg 360w, https:\/\/www.alzd.de\/wp-content\/2023\/01\/pavilion-extrait-350x350.jpg 350w\" sizes=\"(max-width: 600px) 100vw, 600px\" \/><\/figure>\n<\/div>\n<p>Andrea Maack presents us with Pavilion, a beautiful fragrance, a gourmand spicy oud rose that I like extraordinarily. In fact, agarwood and rose are not alone as a pair of fragrances in the centre of the creation, but are given equal companions with spices and gourmand notes to the side and so results in an incredibly atmospheric and expressive melange with oriental character. Friends of rather strong fragrances in the style of Amouage or Parfums de Marly, of spices, agar wood and rose should definitely put this extrait de parfum on their to-try list. I am thrilled and I am sure that Pavilion will find a lot of fans.<\/p>\n\n<div class=\"wp-block-buttons is-content-justification-center is-layout-flex wp-container-core-buttons-is-layout-16018d1d wp-block-buttons-is-layout-flex\">\n<div class=\"wp-block-button has-custom-width wp-block-button__width-50\"><a class=\"wp-block-button__link has-white-color has-text-color wp-element-button\" href=\"https:\/\/www.ausliebezumduft.de\/andrea-maack-parfums-pavilion.html\" target=\"_blank\" rel=\"noreferrer noopener\"><strong>Pavilion<\/strong><\/a><\/div>\n<\/div>\n\n<div style=\"height:100px\" aria-hidden=\"true\" class=\"wp-block-spacer\"><\/div>\n\n<h2 class=\"wp-block-heading\">Magma &#8211; fiery lava flow<\/h2>\n\n<p>The bar is set high thanks to Pavilion, and I&#8217;m curious how Magma will turn out. In any case, the name already hints at the source of inspiration. Magma, lava, volcanoes. What is probably a rather distant topic for us here is everyday life for all inhabitants of Iceland, who live on a volcanic island with countless active and inactive volcanoes. <\/p>\n\n<blockquote class=\"wp-block-quote is-layout-flow wp-block-quote-is-layout-flow\">\n<p>The idea for Magma came from the breathtaking coast of the Reykjanes Peninsula, a place of dormant volcanoes surrounded by endless lava. I played with fresh and warm notes to make you feel like you are in this magical place with just one touch.<\/p>\n<\/blockquote>\n<div class=\"wp-block-image\">\n<figure class=\"aligncenter size-large\"><img decoding=\"async\" width=\"896\" height=\"1080\" src=\"https:\/\/www.alzd.de\/wp-content\/2023\/01\/317927228_135778445978717_8409549898028158852_n-896x1080.jpeg\" alt=\"Andrea Maack - Magma\" class=\"wp-image-104266\" title=\"Andrea Maack - Magma\" srcset=\"https:\/\/www.alzd.de\/wp-content\/2023\/01\/317927228_135778445978717_8409549898028158852_n-896x1080.jpeg 896w, https:\/\/www.alzd.de\/wp-content\/2023\/01\/317927228_135778445978717_8409549898028158852_n-597x720.jpeg 597w, https:\/\/www.alzd.de\/wp-content\/2023\/01\/317927228_135778445978717_8409549898028158852_n-299x360.jpeg 299w, https:\/\/www.alzd.de\/wp-content\/2023\/01\/317927228_135778445978717_8409549898028158852_n-768x926.jpeg 768w, https:\/\/www.alzd.de\/wp-content\/2023\/01\/317927228_135778445978717_8409549898028158852_n-290x350.jpeg 290w, https:\/\/www.alzd.de\/wp-content\/2023\/01\/317927228_135778445978717_8409549898028158852_n.jpeg 1080w\" sizes=\"(max-width: 896px) 100vw, 896px\" \/><figcaption class=\"wp-element-caption\">Magma from <a href=\"https:\/\/www.instagram.com\/andreamaack\/\" target=\"_blank\" rel=\"noreferrer noopener\">Instagram<\/a> \/ \u00a9 <a href=\"https:\/\/www.instagram.com\/elisabetblondal\/\" target=\"_blank\" rel=\"noreferrer noopener\">El\u00edsabet Bl\u00f6ndal<\/a><\/figcaption><\/figure>\n<\/div>\n<p>Magma was also created by a real top-class perfumer, none other than Dominique Ropion, who created the fragrance for the Icelandic brand Andrea Maack Parfums from the ingredients <strong>lemon, pepper, frankincense, rose, myrrh, saffron, patchouli, tonka bean<\/strong> and <strong>suede<\/strong>.<\/p>\n\n<h2 class=\"wp-block-heading\">How hot is Magma?<\/h2>\n\n<p>The magma in Andea Maack&#8217;s creation seems to have already cooled down. Lemon and pepper provide a sharp-sour and refreshingly cool start, which is soon joined by gentle clouds of incense. Mineral nuances I perceive, very dry and infused with a subtle earthiness that probably heralds the arrival of patchouli in the fragrance progression. <\/p>\n\n<p>Myrrh and saffron provide darkly spicy and resinous nuances, while the rose comes into the creation only in an underlining function and gives the fragrance lightness, transparency and softly soapy accents. The suede is rougher than expected, not a super soft beige leather like some other creations. In Magma, the suede is darker and stronger without being overly dominant in the scent. It plays &#8211; just like the rose &#8211; rather a minor role. Tonka bean adds greenish nuances to the finish, which wonderfully round off the extrait de parfum.<\/p>\n<div class=\"wp-block-image\">\n<figure class=\"aligncenter size-full\"><img decoding=\"async\" width=\"600\" height=\"600\" src=\"https:\/\/www.alzd.de\/wp-content\/2023\/01\/magma-extrait.jpg\" alt=\"Andrea Maack - Magma\" class=\"wp-image-104270\" title=\"Andrea Maack - Magma\" srcset=\"https:\/\/www.alzd.de\/wp-content\/2023\/01\/magma-extrait.jpg 600w, https:\/\/www.alzd.de\/wp-content\/2023\/01\/magma-extrait-360x360.jpg 360w, https:\/\/www.alzd.de\/wp-content\/2023\/01\/magma-extrait-350x350.jpg 350w\" sizes=\"(max-width: 600px) 100vw, 600px\" \/><\/figure>\n<\/div>\n<p>Magma is not a hot scent, but rather a cool, smoky and earthy-leathery scent, to which the above image with the cooled lava and moss fits quite perfectly. Rather in shades of gray and with soft greenish speckles in the finish, with mineral-cool and rather rough notes, which on the other hand yet appear so gentle &#8230; Magma is a creation that carries contrasts, multifaceted and minimalist at the same time, a wonderful olfactory image of the unique landscape of Iceland.<\/p>\n\n<div class=\"wp-block-buttons is-content-justification-center is-layout-flex wp-container-core-buttons-is-layout-16018d1d wp-block-buttons-is-layout-flex\">\n<div class=\"wp-block-button has-custom-width wp-block-button__width-50\"><a class=\"wp-block-button__link has-white-color has-text-color wp-element-button\" href=\"https:\/\/www.ausliebezumduft.de\/andrea-maack-parfums-magma.html\" target=\"_blank\" rel=\"noreferrer noopener\"><strong>Magma<\/strong><\/a><\/div>\n<\/div>\n","protected":false},"excerpt":{"rendered":"<p>The two extraits de parfum Pavilion and Magma by Andrea Maack Parfums once again take us to the land of fire and ice. Iceland is our destination, that&#8230;<\/p>\n<div class=\"more-link-wrapper\"><a class=\"more-link\" href=\"https:\/\/www.alzd.de\/en\/2023\/01\/31\/pavilion-and-magma-by-andrea-maack-parfums-to-the-land-of-fire-and-ice\/\">WEITERLESEN<span class=\"screen-reader-text\">Pavilion and Magma by Andrea Maack Parfums &#8211; to the land of fire and ice<\/span><\/a><\/div>\n","protected":false},"author":535,"featured_media":104263,"comment_status":"open","ping_status":"closed","sticky":false,"template":"","format":"standard","meta":{"footnotes":""},"categories":[1149,1117,1156,1115,1113,1116,1114],"tags":[1220,1393,1563,1667],"class_list":["post-104282","post","type-post","status-publish","format-standard","has-post-thumbnail","hentry","category-amber-resins","category-fragrances","category-gourmand-en","category-leather","category-spicy","category-tobacco-smoky","category-woody","tag-andrea-maack-en","tag-dominique-ropion-en","tag-julien-rasquinet-en","tag-oud-en","excerpt","zoom","full-without-featured","even","excerpt-0"],"yoast_head":"<!-- This site is optimized with the Yoast SEO plugin v27.4 - https:\/\/yoast.com\/product\/yoast-seo-wordpress\/ -->\n<title>Pavilion and Magma by Andrea Maack Parfums - Duft-Tagebuch<\/title>\n<meta name=\"description\" content=\"The two eaux de parfum Pavilion and Magma by Andrea Maack Parfums once again take us to the land of fire and ice. Iceland is our ...\" \/>\n<meta name=\"robots\" content=\"index, follow, max-snippet:-1, max-image-preview:large, max-video-preview:-1\" \/>\n<link rel=\"canonical\" href=\"https:\/\/www.alzd.de\/en\/2023\/01\/31\/pavilion-and-magma-by-andrea-maack-parfums-to-the-land-of-fire-and-ice\/\" \/>\n<meta property=\"og:locale\" content=\"en_US\" \/>\n<meta property=\"og:type\" content=\"article\" \/>\n<meta property=\"og:title\" content=\"Pavilion and Magma by Andrea Maack Parfums - Duft-Tagebuch\" \/>\n<meta property=\"og:url\" content=\"https:\/\/www.alzd.de\/en\/2023\/01\/31\/pavilion-and-magma-by-andrea-maack-parfums-to-the-land-of-fire-and-ice\/\" \/>\n<meta property=\"og:site_name\" content=\"Das Duft-Tagebuch\" \/>\n<meta property=\"article:publisher\" content=\"https:\/\/www.facebook.com\/dufttagebuch\/\" \/>\n<meta property=\"article:author\" content=\"https:\/\/www.facebook.com\/stephanie.tkaczik\" \/>\n<meta property=\"article:published_time\" content=\"2023-01-31T06:30:00+00:00\" \/>\n<meta property=\"article:modified_time\" content=\"2023-01-31T11:48:49+00:00\" \/>\n<meta property=\"og:image\" content=\"https:\/\/www.alzd.de\/wp-content\/2023\/01\/bb_pavilion.jpeg\" \/>\n\t<meta property=\"og:image:width\" content=\"720\" \/>\n\t<meta property=\"og:image:height\" content=\"400\" \/>\n\t<meta property=\"og:image:type\" content=\"image\/jpeg\" \/>\n<meta name=\"author\" content=\"Julia Bir\u00f3\" \/>\n<meta name=\"twitter:card\" content=\"summary_large_image\" \/>\n<meta name=\"twitter:creator\" content=\"@ausliebezumduft\" \/>\n<meta name=\"twitter:site\" content=\"@ausliebezumduft\" \/>\n<script type=\"application\/ld+json\" class=\"yoast-schema-graph\">{\"@context\":\"https:\\\/\\\/schema.org\",\"@graph\":[{\"@type\":\"Article\",\"@id\":\"https:\\\/\\\/www.alzd.de\\\/en\\\/2023\\\/01\\\/31\\\/pavilion-and-magma-by-andrea-maack-parfums-to-the-land-of-fire-and-ice\\\/#article\",\"isPartOf\":{\"@id\":\"https:\\\/\\\/www.alzd.de\\\/en\\\/2023\\\/01\\\/31\\\/pavilion-and-magma-by-andrea-maack-parfums-to-the-land-of-fire-and-ice\\\/\"},\"author\":{\"name\":\"Julia Bir\u00f3\",\"@id\":\"https:\\\/\\\/www.alzd.de\\\/en\\\/#\\\/schema\\\/person\\\/8efcd8f02447fdbe8f29ad465897d04e\"},\"headline\":\"Pavilion and Magma by Andrea Maack Parfums &#8211; to the land of fire and ice\",\"datePublished\":\"2023-01-31T06:30:00+00:00\",\"dateModified\":\"2023-01-31T11:48:49+00:00\",\"mainEntityOfPage\":{\"@id\":\"https:\\\/\\\/www.alzd.de\\\/en\\\/2023\\\/01\\\/31\\\/pavilion-and-magma-by-andrea-maack-parfums-to-the-land-of-fire-and-ice\\\/\"},\"wordCount\":998,\"commentCount\":0,\"publisher\":{\"@id\":\"https:\\\/\\\/www.alzd.de\\\/en\\\/#organization\"},\"image\":{\"@id\":\"https:\\\/\\\/www.alzd.de\\\/en\\\/2023\\\/01\\\/31\\\/pavilion-and-magma-by-andrea-maack-parfums-to-the-land-of-fire-and-ice\\\/#primaryimage\"},\"thumbnailUrl\":\"https:\\\/\\\/www.alzd.de\\\/wp-content\\\/2023\\\/01\\\/bb_pavilion.jpeg\",\"keywords\":[\"Andrea Maack\",\"Dominique Ropion\",\"Julien Rasquinet\",\"Oud\"],\"articleSection\":[\"Amber &amp; Resins\",\"Fragrances\",\"Gourmand\",\"Leather\",\"Spicy\",\"Tobacco &amp; Smoky\",\"Woody\"],\"inLanguage\":\"en-US\",\"potentialAction\":[{\"@type\":\"CommentAction\",\"name\":\"Comment\",\"target\":[\"https:\\\/\\\/www.alzd.de\\\/en\\\/2023\\\/01\\\/31\\\/pavilion-and-magma-by-andrea-maack-parfums-to-the-land-of-fire-and-ice\\\/#respond\"]}]},{\"@type\":\"WebPage\",\"@id\":\"https:\\\/\\\/www.alzd.de\\\/en\\\/2023\\\/01\\\/31\\\/pavilion-and-magma-by-andrea-maack-parfums-to-the-land-of-fire-and-ice\\\/\",\"url\":\"https:\\\/\\\/www.alzd.de\\\/en\\\/2023\\\/01\\\/31\\\/pavilion-and-magma-by-andrea-maack-parfums-to-the-land-of-fire-and-ice\\\/\",\"name\":\"Pavilion and Magma by Andrea Maack Parfums - Duft-Tagebuch\",\"isPartOf\":{\"@id\":\"https:\\\/\\\/www.alzd.de\\\/en\\\/#website\"},\"primaryImageOfPage\":{\"@id\":\"https:\\\/\\\/www.alzd.de\\\/en\\\/2023\\\/01\\\/31\\\/pavilion-and-magma-by-andrea-maack-parfums-to-the-land-of-fire-and-ice\\\/#primaryimage\"},\"image\":{\"@id\":\"https:\\\/\\\/www.alzd.de\\\/en\\\/2023\\\/01\\\/31\\\/pavilion-and-magma-by-andrea-maack-parfums-to-the-land-of-fire-and-ice\\\/#primaryimage\"},\"thumbnailUrl\":\"https:\\\/\\\/www.alzd.de\\\/wp-content\\\/2023\\\/01\\\/bb_pavilion.jpeg\",\"datePublished\":\"2023-01-31T06:30:00+00:00\",\"dateModified\":\"2023-01-31T11:48:49+00:00\",\"description\":\"The two eaux de parfum Pavilion and Magma by Andrea Maack Parfums once again take us to the land of fire and ice. Iceland is our ...\",\"breadcrumb\":{\"@id\":\"https:\\\/\\\/www.alzd.de\\\/en\\\/2023\\\/01\\\/31\\\/pavilion-and-magma-by-andrea-maack-parfums-to-the-land-of-fire-and-ice\\\/#breadcrumb\"},\"inLanguage\":\"en-US\",\"potentialAction\":[{\"@type\":\"ReadAction\",\"target\":[\"https:\\\/\\\/www.alzd.de\\\/en\\\/2023\\\/01\\\/31\\\/pavilion-and-magma-by-andrea-maack-parfums-to-the-land-of-fire-and-ice\\\/\"]}]},{\"@type\":\"ImageObject\",\"inLanguage\":\"en-US\",\"@id\":\"https:\\\/\\\/www.alzd.de\\\/en\\\/2023\\\/01\\\/31\\\/pavilion-and-magma-by-andrea-maack-parfums-to-the-land-of-fire-and-ice\\\/#primaryimage\",\"url\":\"https:\\\/\\\/www.alzd.de\\\/wp-content\\\/2023\\\/01\\\/bb_pavilion.jpeg\",\"contentUrl\":\"https:\\\/\\\/www.alzd.de\\\/wp-content\\\/2023\\\/01\\\/bb_pavilion.jpeg\",\"width\":720,\"height\":400},{\"@type\":\"BreadcrumbList\",\"@id\":\"https:\\\/\\\/www.alzd.de\\\/en\\\/2023\\\/01\\\/31\\\/pavilion-and-magma-by-andrea-maack-parfums-to-the-land-of-fire-and-ice\\\/#breadcrumb\",\"itemListElement\":[{\"@type\":\"ListItem\",\"position\":1,\"name\":\"Startseite\",\"item\":\"https:\\\/\\\/www.alzd.de\\\/en\\\/\"},{\"@type\":\"ListItem\",\"position\":2,\"name\":\"Pavilion and Magma by Andrea Maack Parfums &#8211; to the land of fire and ice\"}]},{\"@type\":\"WebSite\",\"@id\":\"https:\\\/\\\/www.alzd.de\\\/en\\\/#website\",\"url\":\"https:\\\/\\\/www.alzd.de\\\/en\\\/\",\"name\":\"Das Duft-Tagebuch\",\"description\":\"Das Parfumblog von Aus Liebe zum Duft\",\"publisher\":{\"@id\":\"https:\\\/\\\/www.alzd.de\\\/en\\\/#organization\"},\"potentialAction\":[{\"@type\":\"SearchAction\",\"target\":{\"@type\":\"EntryPoint\",\"urlTemplate\":\"https:\\\/\\\/www.alzd.de\\\/en\\\/?s={search_term_string}\"},\"query-input\":{\"@type\":\"PropertyValueSpecification\",\"valueRequired\":true,\"valueName\":\"search_term_string\"}}],\"inLanguage\":\"en-US\"},{\"@type\":\"Organization\",\"@id\":\"https:\\\/\\\/www.alzd.de\\\/en\\\/#organization\",\"name\":\"Das Duft-Tagebuch\",\"url\":\"https:\\\/\\\/www.alzd.de\\\/en\\\/\",\"logo\":{\"@type\":\"ImageObject\",\"inLanguage\":\"en-US\",\"@id\":\"https:\\\/\\\/www.alzd.de\\\/en\\\/#\\\/schema\\\/logo\\\/image\\\/\",\"url\":\"https:\\\/\\\/www.alzd.de\\\/wp-content\\\/2023\\\/08\\\/alzd_dufttagebuch.png\",\"contentUrl\":\"https:\\\/\\\/www.alzd.de\\\/wp-content\\\/2023\\\/08\\\/alzd_dufttagebuch.png\",\"width\":1804,\"height\":416,\"caption\":\"Das Duft-Tagebuch\"},\"image\":{\"@id\":\"https:\\\/\\\/www.alzd.de\\\/en\\\/#\\\/schema\\\/logo\\\/image\\\/\"},\"sameAs\":[\"https:\\\/\\\/www.facebook.com\\\/dufttagebuch\\\/\",\"https:\\\/\\\/x.com\\\/ausliebezumduft\",\"https:\\\/\\\/www.instagram.com\\\/ausliebezumduft.de\\\/\",\"https:\\\/\\\/www.youtube.com\\\/c\\\/ausliebezumduft\"]},{\"@type\":\"Person\",\"@id\":\"https:\\\/\\\/www.alzd.de\\\/en\\\/#\\\/schema\\\/person\\\/8efcd8f02447fdbe8f29ad465897d04e\",\"name\":\"Julia Bir\u00f3\",\"image\":{\"@type\":\"ImageObject\",\"inLanguage\":\"en-US\",\"@id\":\"https:\\\/\\\/www.alzd.de\\\/wp-content\\\/2018\\\/02\\\/cropped-cropped-mitarbeiterbilder_steffi--96x96.jpg\",\"url\":\"https:\\\/\\\/www.alzd.de\\\/wp-content\\\/2018\\\/02\\\/cropped-cropped-mitarbeiterbilder_steffi--96x96.jpg\",\"contentUrl\":\"https:\\\/\\\/www.alzd.de\\\/wp-content\\\/2018\\\/02\\\/cropped-cropped-mitarbeiterbilder_steffi--96x96.jpg\",\"caption\":\"Julia Bir\u00f3\"},\"description\":\"Bereits 2010 gingen so einige Blogbeitr\u00e4ge auf mein Konto. Dann war ich \u201ekurz\u201c weg \u2013 sechs Jahre. Umso mehr freut es mich, dass ich nun wieder die Chance bekomme, mein N\u00e4schen im Dienste der Duftrezension schnuppern zu lassen und eifrig in die Tasten zu hauen. Was Nischend\u00fcfte angeht, habe ich damals \u00fcbrigens schnell Feuer gefangen. Meine Ausbildung tat dazu ihr \u00dcbriges: Als diplomierte Biologin kenne ich mich nicht nur mit Fauna und Flora, sondern auch recht gut mit der Herstellung von \u00d6len und Extrakten aus, was den Reiz der Parfumwelt nat\u00fcrlich noch gr\u00f6\u00dfer macht.\",\"sameAs\":[\"https:\\\/\\\/biro.is\\\/\",\"https:\\\/\\\/www.facebook.com\\\/stephanie.tkaczik\"],\"url\":\"https:\\\/\\\/www.alzd.de\\\/en\\\/author\\\/stephanie\\\/\"}]}<\/script>\n<!-- \/ Yoast SEO plugin. -->","yoast_head_json":{"title":"Pavilion and Magma by Andrea Maack Parfums - Duft-Tagebuch","description":"The two eaux de parfum Pavilion and Magma by Andrea Maack Parfums once again take us to the land of fire and ice. Iceland is our ...","robots":{"index":"index","follow":"follow","max-snippet":"max-snippet:-1","max-image-preview":"max-image-preview:large","max-video-preview":"max-video-preview:-1"},"canonical":"https:\/\/www.alzd.de\/en\/2023\/01\/31\/pavilion-and-magma-by-andrea-maack-parfums-to-the-land-of-fire-and-ice\/","og_locale":"en_US","og_type":"article","og_title":"Pavilion and Magma by Andrea Maack Parfums - Duft-Tagebuch","og_url":"https:\/\/www.alzd.de\/en\/2023\/01\/31\/pavilion-and-magma-by-andrea-maack-parfums-to-the-land-of-fire-and-ice\/","og_site_name":"Das Duft-Tagebuch","article_publisher":"https:\/\/www.facebook.com\/dufttagebuch\/","article_author":"https:\/\/www.facebook.com\/stephanie.tkaczik","article_published_time":"2023-01-31T06:30:00+00:00","article_modified_time":"2023-01-31T11:48:49+00:00","og_image":[{"width":720,"height":400,"url":"https:\/\/www.alzd.de\/wp-content\/2023\/01\/bb_pavilion.jpeg","type":"image\/jpeg"}],"author":"Julia Bir\u00f3","twitter_card":"summary_large_image","twitter_creator":"@ausliebezumduft","twitter_site":"@ausliebezumduft","schema":{"@context":"https:\/\/schema.org","@graph":[{"@type":"Article","@id":"https:\/\/www.alzd.de\/en\/2023\/01\/31\/pavilion-and-magma-by-andrea-maack-parfums-to-the-land-of-fire-and-ice\/#article","isPartOf":{"@id":"https:\/\/www.alzd.de\/en\/2023\/01\/31\/pavilion-and-magma-by-andrea-maack-parfums-to-the-land-of-fire-and-ice\/"},"author":{"name":"Julia Bir\u00f3","@id":"https:\/\/www.alzd.de\/en\/#\/schema\/person\/8efcd8f02447fdbe8f29ad465897d04e"},"headline":"Pavilion and Magma by Andrea Maack Parfums &#8211; to the land of fire and ice","datePublished":"2023-01-31T06:30:00+00:00","dateModified":"2023-01-31T11:48:49+00:00","mainEntityOfPage":{"@id":"https:\/\/www.alzd.de\/en\/2023\/01\/31\/pavilion-and-magma-by-andrea-maack-parfums-to-the-land-of-fire-and-ice\/"},"wordCount":998,"commentCount":0,"publisher":{"@id":"https:\/\/www.alzd.de\/en\/#organization"},"image":{"@id":"https:\/\/www.alzd.de\/en\/2023\/01\/31\/pavilion-and-magma-by-andrea-maack-parfums-to-the-land-of-fire-and-ice\/#primaryimage"},"thumbnailUrl":"https:\/\/www.alzd.de\/wp-content\/2023\/01\/bb_pavilion.jpeg","keywords":["Andrea Maack","Dominique Ropion","Julien Rasquinet","Oud"],"articleSection":["Amber &amp; Resins","Fragrances","Gourmand","Leather","Spicy","Tobacco &amp; Smoky","Woody"],"inLanguage":"en-US","potentialAction":[{"@type":"CommentAction","name":"Comment","target":["https:\/\/www.alzd.de\/en\/2023\/01\/31\/pavilion-and-magma-by-andrea-maack-parfums-to-the-land-of-fire-and-ice\/#respond"]}]},{"@type":"WebPage","@id":"https:\/\/www.alzd.de\/en\/2023\/01\/31\/pavilion-and-magma-by-andrea-maack-parfums-to-the-land-of-fire-and-ice\/","url":"https:\/\/www.alzd.de\/en\/2023\/01\/31\/pavilion-and-magma-by-andrea-maack-parfums-to-the-land-of-fire-and-ice\/","name":"Pavilion and Magma by Andrea Maack Parfums - Duft-Tagebuch","isPartOf":{"@id":"https:\/\/www.alzd.de\/en\/#website"},"primaryImageOfPage":{"@id":"https:\/\/www.alzd.de\/en\/2023\/01\/31\/pavilion-and-magma-by-andrea-maack-parfums-to-the-land-of-fire-and-ice\/#primaryimage"},"image":{"@id":"https:\/\/www.alzd.de\/en\/2023\/01\/31\/pavilion-and-magma-by-andrea-maack-parfums-to-the-land-of-fire-and-ice\/#primaryimage"},"thumbnailUrl":"https:\/\/www.alzd.de\/wp-content\/2023\/01\/bb_pavilion.jpeg","datePublished":"2023-01-31T06:30:00+00:00","dateModified":"2023-01-31T11:48:49+00:00","description":"The two eaux de parfum Pavilion and Magma by Andrea Maack Parfums once again take us to the land of fire and ice. Iceland is our ...","breadcrumb":{"@id":"https:\/\/www.alzd.de\/en\/2023\/01\/31\/pavilion-and-magma-by-andrea-maack-parfums-to-the-land-of-fire-and-ice\/#breadcrumb"},"inLanguage":"en-US","potentialAction":[{"@type":"ReadAction","target":["https:\/\/www.alzd.de\/en\/2023\/01\/31\/pavilion-and-magma-by-andrea-maack-parfums-to-the-land-of-fire-and-ice\/"]}]},{"@type":"ImageObject","inLanguage":"en-US","@id":"https:\/\/www.alzd.de\/en\/2023\/01\/31\/pavilion-and-magma-by-andrea-maack-parfums-to-the-land-of-fire-and-ice\/#primaryimage","url":"https:\/\/www.alzd.de\/wp-content\/2023\/01\/bb_pavilion.jpeg","contentUrl":"https:\/\/www.alzd.de\/wp-content\/2023\/01\/bb_pavilion.jpeg","width":720,"height":400},{"@type":"BreadcrumbList","@id":"https:\/\/www.alzd.de\/en\/2023\/01\/31\/pavilion-and-magma-by-andrea-maack-parfums-to-the-land-of-fire-and-ice\/#breadcrumb","itemListElement":[{"@type":"ListItem","position":1,"name":"Startseite","item":"https:\/\/www.alzd.de\/en\/"},{"@type":"ListItem","position":2,"name":"Pavilion and Magma by Andrea Maack Parfums &#8211; to the land of fire and ice"}]},{"@type":"WebSite","@id":"https:\/\/www.alzd.de\/en\/#website","url":"https:\/\/www.alzd.de\/en\/","name":"Das Duft-Tagebuch","description":"Das Parfumblog von Aus Liebe zum Duft","publisher":{"@id":"https:\/\/www.alzd.de\/en\/#organization"},"potentialAction":[{"@type":"SearchAction","target":{"@type":"EntryPoint","urlTemplate":"https:\/\/www.alzd.de\/en\/?s={search_term_string}"},"query-input":{"@type":"PropertyValueSpecification","valueRequired":true,"valueName":"search_term_string"}}],"inLanguage":"en-US"},{"@type":"Organization","@id":"https:\/\/www.alzd.de\/en\/#organization","name":"Das Duft-Tagebuch","url":"https:\/\/www.alzd.de\/en\/","logo":{"@type":"ImageObject","inLanguage":"en-US","@id":"https:\/\/www.alzd.de\/en\/#\/schema\/logo\/image\/","url":"https:\/\/www.alzd.de\/wp-content\/2023\/08\/alzd_dufttagebuch.png","contentUrl":"https:\/\/www.alzd.de\/wp-content\/2023\/08\/alzd_dufttagebuch.png","width":1804,"height":416,"caption":"Das Duft-Tagebuch"},"image":{"@id":"https:\/\/www.alzd.de\/en\/#\/schema\/logo\/image\/"},"sameAs":["https:\/\/www.facebook.com\/dufttagebuch\/","https:\/\/x.com\/ausliebezumduft","https:\/\/www.instagram.com\/ausliebezumduft.de\/","https:\/\/www.youtube.com\/c\/ausliebezumduft"]},{"@type":"Person","@id":"https:\/\/www.alzd.de\/en\/#\/schema\/person\/8efcd8f02447fdbe8f29ad465897d04e","name":"Julia Bir\u00f3","image":{"@type":"ImageObject","inLanguage":"en-US","@id":"https:\/\/www.alzd.de\/wp-content\/2018\/02\/cropped-cropped-mitarbeiterbilder_steffi--96x96.jpg","url":"https:\/\/www.alzd.de\/wp-content\/2018\/02\/cropped-cropped-mitarbeiterbilder_steffi--96x96.jpg","contentUrl":"https:\/\/www.alzd.de\/wp-content\/2018\/02\/cropped-cropped-mitarbeiterbilder_steffi--96x96.jpg","caption":"Julia Bir\u00f3"},"description":"Bereits 2010 gingen so einige Blogbeitr\u00e4ge auf mein Konto. Dann war ich \u201ekurz\u201c weg \u2013 sechs Jahre. Umso mehr freut es mich, dass ich nun wieder die Chance bekomme, mein N\u00e4schen im Dienste der Duftrezension schnuppern zu lassen und eifrig in die Tasten zu hauen. Was Nischend\u00fcfte angeht, habe ich damals \u00fcbrigens schnell Feuer gefangen. Meine Ausbildung tat dazu ihr \u00dcbriges: Als diplomierte Biologin kenne ich mich nicht nur mit Fauna und Flora, sondern auch recht gut mit der Herstellung von \u00d6len und Extrakten aus, was den Reiz der Parfumwelt nat\u00fcrlich noch gr\u00f6\u00dfer macht.","sameAs":["https:\/\/biro.is\/","https:\/\/www.facebook.com\/stephanie.tkaczik"],"url":"https:\/\/www.alzd.de\/en\/author\/stephanie\/"}]}},"wp-worthy-pixel":{"ignored":false,"public":null,"server":null,"url":null},"wp-worthy-type":"normal","_links":{"self":[{"href":"https:\/\/www.alzd.de\/en\/wp-json\/wp\/v2\/posts\/104282","targetHints":{"allow":["GET"]}}],"collection":[{"href":"https:\/\/www.alzd.de\/en\/wp-json\/wp\/v2\/posts"}],"about":[{"href":"https:\/\/www.alzd.de\/en\/wp-json\/wp\/v2\/types\/post"}],"author":[{"embeddable":true,"href":"https:\/\/www.alzd.de\/en\/wp-json\/wp\/v2\/users\/535"}],"replies":[{"embeddable":true,"href":"https:\/\/www.alzd.de\/en\/wp-json\/wp\/v2\/comments?post=104282"}],"version-history":[{"count":3,"href":"https:\/\/www.alzd.de\/en\/wp-json\/wp\/v2\/posts\/104282\/revisions"}],"predecessor-version":[{"id":104285,"href":"https:\/\/www.alzd.de\/en\/wp-json\/wp\/v2\/posts\/104282\/revisions\/104285"}],"wp:featuredmedia":[{"embeddable":true,"href":"https:\/\/www.alzd.de\/en\/wp-json\/wp\/v2\/media\/104263"}],"wp:attachment":[{"href":"https:\/\/www.alzd.de\/en\/wp-json\/wp\/v2\/media?parent=104282"}],"wp:term":[{"taxonomy":"category","embeddable":true,"href":"https:\/\/www.alzd.de\/en\/wp-json\/wp\/v2\/categories?post=104282"},{"taxonomy":"post_tag","embeddable":true,"href":"https:\/\/www.alzd.de\/en\/wp-json\/wp\/v2\/tags?post=104282"}],"curies":[{"name":"wp","href":"https:\/\/api.w.org\/{rel}","templated":true}]}}