{"id":104080,"date":"2023-01-24T07:30:00","date_gmt":"2023-01-24T06:30:00","guid":{"rendered":"https:\/\/www.alzd.de\/2023\/01\/24\/goutal-fragrance-event-relaunch-at-the-base-of-the-eiffel-tower\/"},"modified":"2023-01-24T10:45:55","modified_gmt":"2023-01-24T09:45:55","slug":"goutal-fragrance-event-relaunch-at-the-base-of-the-eiffel-tower","status":"publish","type":"post","link":"https:\/\/www.alzd.de\/en\/2023\/01\/24\/goutal-fragrance-event-relaunch-at-the-base-of-the-eiffel-tower\/","title":{"rendered":"Goutal fragrance event &#8211; relaunch at the base of the Eiffel Tower"},"content":{"rendered":"\n<p><strong>It was a few months ago now that I received an email from the distributor <a href=\"https:\/\/www.ad1950.de\/\" target=\"_blank\" rel=\"noreferrer noopener\">Albrecht &amp; Dill<\/a> with a very special invitation: to the relaunch of <a href=\"https:\/\/www.ausliebezumduft.de\/duefte\/goutal.html\" target=\"_blank\" rel=\"noreferrer noopener\">Goutal<\/a> in Paris. Not somewhere in Paris, but at the Caf\u00e9 de l&#8217;Homme, directly opposite the Eiffel Tower. <\/strong><\/p>\n\n<p>I didn&#8217;t have to think twice and said yes. Maybe you still remember my pictures in the story of our <a href=\"https:\/\/www.instagram.com\/ausliebezumduft.de\/\" target=\"_blank\" rel=\"noreferrer noopener\">Instagram account<\/a>, which I uploaded at that time. Early in the morning, we started. Very early in the morning. At 3:00 a.m. I was behind the wheel heading for Hamburg Airport and at just after 6:00 a.m. I was on the plane to Paris with Nadine Cetl, Managing Director of Albrecht &amp; Dill, and Henrike Wode, Goutal Brand Manager at the same place.<\/p>\n<div class=\"wp-block-image\">\n<figure class=\"aligncenter size-large\"><img decoding=\"async\" width=\"810\" height=\"1080\" src=\"https:\/\/www.alzd.de\/wp-content\/2023\/01\/signal-2022-12-15-163455_006-810x1080.jpeg\" alt=\"On the flight to Paris for the relaunch of Goutal\" class=\"wp-image-103942\" title=\"On the flight to Paris for the relaunch of Goutal\" srcset=\"https:\/\/www.alzd.de\/wp-content\/2023\/01\/signal-2022-12-15-163455_006-810x1080.jpeg 810w, https:\/\/www.alzd.de\/wp-content\/2023\/01\/signal-2022-12-15-163455_006-540x720.jpeg 540w, https:\/\/www.alzd.de\/wp-content\/2023\/01\/signal-2022-12-15-163455_006-270x360.jpeg 270w, https:\/\/www.alzd.de\/wp-content\/2023\/01\/signal-2022-12-15-163455_006-768x1024.jpeg 768w, https:\/\/www.alzd.de\/wp-content\/2023\/01\/signal-2022-12-15-163455_006-1152x1536.jpeg 1152w, https:\/\/www.alzd.de\/wp-content\/2023\/01\/signal-2022-12-15-163455_006-263x350.jpeg 263w, https:\/\/www.alzd.de\/wp-content\/2023\/01\/signal-2022-12-15-163455_006.jpeg 1200w\" sizes=\"(max-width: 810px) 100vw, 810px\" \/><figcaption class=\"wp-element-caption\">\u00a9 Julia Bir\u00f3<\/figcaption><\/figure>\n<\/div>\n<p>Landing safely at Charles de Gaulle Airport, we took a cab and then spent more than an hour in Paris traffic chaos. We were on the road at the best time of day, namely in the middle of rush hour. Jackpot! The three of us made the best of it. Passing the Arc de Triomphe, we finally reached the location at the Palais de Chaillot at Place du Trocad\u00e9ro and I can tell you: wow! Just wow! \ud83e\udd29<\/p>\n<div class=\"wp-block-image\">\n<figure class=\"aligncenter size-large\"><img decoding=\"async\" width=\"810\" height=\"1080\" src=\"https:\/\/www.alzd.de\/wp-content\/2023\/01\/signal-2022-12-15-163455_010-810x1080.jpeg\" alt=\"Arc de Triomphe &#xA9; Julia Bir&#xF3;\" class=\"wp-image-103950\" title=\"Arc de Triomphe &#xA9; Julia Bir&#xF3;\" srcset=\"https:\/\/www.alzd.de\/wp-content\/2023\/01\/signal-2022-12-15-163455_010-810x1080.jpeg 810w, https:\/\/www.alzd.de\/wp-content\/2023\/01\/signal-2022-12-15-163455_010-540x720.jpeg 540w, https:\/\/www.alzd.de\/wp-content\/2023\/01\/signal-2022-12-15-163455_010-270x360.jpeg 270w, https:\/\/www.alzd.de\/wp-content\/2023\/01\/signal-2022-12-15-163455_010-768x1024.jpeg 768w, https:\/\/www.alzd.de\/wp-content\/2023\/01\/signal-2022-12-15-163455_010-1152x1536.jpeg 1152w, https:\/\/www.alzd.de\/wp-content\/2023\/01\/signal-2022-12-15-163455_010-263x350.jpeg 263w, https:\/\/www.alzd.de\/wp-content\/2023\/01\/signal-2022-12-15-163455_010.jpeg 1200w\" sizes=\"(max-width: 810px) 100vw, 810px\" \/><figcaption class=\"wp-element-caption\">Arc de Triomphe \u00a9 Julia Bir\u00f3<\/figcaption><\/figure>\n<\/div><div class=\"wp-block-image\">\n<figure class=\"aligncenter size-large\"><img decoding=\"async\" width=\"1080\" height=\"810\" src=\"https:\/\/www.alzd.de\/wp-content\/2023\/01\/IMG_0694-1080x810.jpg\" alt=\"Parvis des Droits de l'Homme &#xA9; Julia Bir&#xF3;\" class=\"wp-image-103954\" title=\"Parvis des Droits de l'Homme &#xA9; Julia Bir&#xF3;\" srcset=\"https:\/\/www.alzd.de\/wp-content\/2023\/01\/IMG_0694-1080x810.jpg 1080w, https:\/\/www.alzd.de\/wp-content\/2023\/01\/IMG_0694-720x540.jpg 720w, https:\/\/www.alzd.de\/wp-content\/2023\/01\/IMG_0694-360x270.jpg 360w, https:\/\/www.alzd.de\/wp-content\/2023\/01\/IMG_0694-768x576.jpg 768w, https:\/\/www.alzd.de\/wp-content\/2023\/01\/IMG_0694-1536x1152.jpg 1536w, https:\/\/www.alzd.de\/wp-content\/2023\/01\/IMG_0694-467x350.jpg 467w, https:\/\/www.alzd.de\/wp-content\/2023\/01\/IMG_0694.jpg 1600w\" sizes=\"(max-width: 1080px) 100vw, 1080px\" \/><figcaption class=\"wp-element-caption\">Parvis des Droits de l&#8217;Homme \u00a9 Julia Bir\u00f3<\/figcaption><\/figure>\n<\/div><div class=\"wp-block-image\">\n<figure class=\"aligncenter size-large\"><img decoding=\"async\" width=\"1080\" height=\"810\" src=\"https:\/\/www.alzd.de\/wp-content\/2023\/01\/signal-2022-12-15-163455_014-1080x810.jpeg\" alt=\"Goutal Relaunch &#xA9; Julia Bir&#xF3;\" class=\"wp-image-103958\" title=\"Goutal Relaunch &#xA9; Julia Bir&#xF3;\" srcset=\"https:\/\/www.alzd.de\/wp-content\/2023\/01\/signal-2022-12-15-163455_014-1080x810.jpeg 1080w, https:\/\/www.alzd.de\/wp-content\/2023\/01\/signal-2022-12-15-163455_014-720x540.jpeg 720w, https:\/\/www.alzd.de\/wp-content\/2023\/01\/signal-2022-12-15-163455_014-360x270.jpeg 360w, https:\/\/www.alzd.de\/wp-content\/2023\/01\/signal-2022-12-15-163455_014-768x576.jpeg 768w, https:\/\/www.alzd.de\/wp-content\/2023\/01\/signal-2022-12-15-163455_014-1536x1152.jpeg 1536w, https:\/\/www.alzd.de\/wp-content\/2023\/01\/signal-2022-12-15-163455_014-467x350.jpeg 467w, https:\/\/www.alzd.de\/wp-content\/2023\/01\/signal-2022-12-15-163455_014.jpeg 1600w\" sizes=\"(max-width: 1080px) 100vw, 1080px\" \/><figcaption class=\"wp-element-caption\">Goutal Relaunch \u00a9 Julia Bir\u00f3<\/figcaption><\/figure>\n<\/div>\n<p>A lovingly designed room awaited us, accompanied by soft music. There was something to discover everywhere, from the history of the brand, its beginnings &#8211; then still in the hands of the much too early deceased Annick Goutal &#8211; to the here and now. <\/p>\n\n<p>Her daughter Camille Goutal and her team greeted us incredibly warmly and after a little chat we jumped into the fray and went exploring. Numerous tables were equipped with the new flacons of the French brand, because that was what this relaunch was all about. No new fragrance was launched, but only the packaging, the glass flacons including lid were revised and reissued with great dedication and attention to detail. A kind of return to the old forms, but with a modern twist. <\/p>\n<div class=\"wp-block-image\">\n<figure class=\"aligncenter size-large\"><img decoding=\"async\" width=\"810\" height=\"1080\" src=\"https:\/\/www.alzd.de\/wp-content\/2023\/01\/signal-2022-12-15-163455_015-810x1080.jpeg\" alt=\"Relaunch Goutal &#xA9; Julia Bir&#xF3;\" class=\"wp-image-103971\" title=\"Relaunch Goutal &#xA9; Julia Bir&#xF3;\" srcset=\"https:\/\/www.alzd.de\/wp-content\/2023\/01\/signal-2022-12-15-163455_015-810x1080.jpeg 810w, https:\/\/www.alzd.de\/wp-content\/2023\/01\/signal-2022-12-15-163455_015-540x720.jpeg 540w, https:\/\/www.alzd.de\/wp-content\/2023\/01\/signal-2022-12-15-163455_015-270x360.jpeg 270w, https:\/\/www.alzd.de\/wp-content\/2023\/01\/signal-2022-12-15-163455_015-768x1024.jpeg 768w, https:\/\/www.alzd.de\/wp-content\/2023\/01\/signal-2022-12-15-163455_015-1152x1536.jpeg 1152w, https:\/\/www.alzd.de\/wp-content\/2023\/01\/signal-2022-12-15-163455_015-263x350.jpeg 263w, https:\/\/www.alzd.de\/wp-content\/2023\/01\/signal-2022-12-15-163455_015.jpeg 1200w\" sizes=\"(max-width: 810px) 100vw, 810px\" \/><figcaption class=\"wp-element-caption\">Relaunch Goutal \u00a9 Julia Bir\u00f3<\/figcaption><\/figure>\n<\/div><div class=\"wp-block-image\">\n<figure class=\"aligncenter size-large\"><img decoding=\"async\" width=\"810\" height=\"1080\" src=\"https:\/\/www.alzd.de\/wp-content\/2023\/01\/signal-2022-12-15-163455_016-810x1080.jpeg\" alt=\"Relaunch Goutal &#xA9; Julia Bir&#xF3;\" class=\"wp-image-103969\" title=\"Relaunch Goutal &#xA9; Julia Bir&#xF3;\" srcset=\"https:\/\/www.alzd.de\/wp-content\/2023\/01\/signal-2022-12-15-163455_016-810x1080.jpeg 810w, https:\/\/www.alzd.de\/wp-content\/2023\/01\/signal-2022-12-15-163455_016-540x720.jpeg 540w, https:\/\/www.alzd.de\/wp-content\/2023\/01\/signal-2022-12-15-163455_016-270x360.jpeg 270w, https:\/\/www.alzd.de\/wp-content\/2023\/01\/signal-2022-12-15-163455_016-768x1024.jpeg 768w, https:\/\/www.alzd.de\/wp-content\/2023\/01\/signal-2022-12-15-163455_016-1152x1536.jpeg 1152w, https:\/\/www.alzd.de\/wp-content\/2023\/01\/signal-2022-12-15-163455_016-263x350.jpeg 263w, https:\/\/www.alzd.de\/wp-content\/2023\/01\/signal-2022-12-15-163455_016.jpeg 1200w\" sizes=\"(max-width: 810px) 100vw, 810px\" \/><figcaption class=\"wp-element-caption\">Relaunch Goutal \u00a9 Julia Bir\u00f3<\/figcaption><\/figure>\n<\/div><div class=\"wp-block-image\">\n<figure class=\"aligncenter size-large\"><img decoding=\"async\" width=\"810\" height=\"1080\" src=\"https:\/\/www.alzd.de\/wp-content\/2023\/01\/WhatsApp-Image-2022-11-10-at-12.40.52-810x1080.jpeg\" alt=\"Goutal Relaunch &#xA9; Henrike Wode\" class=\"wp-image-103974\" title=\"Goutal Relaunch &#xA9; Henrike Wode\" srcset=\"https:\/\/www.alzd.de\/wp-content\/2023\/01\/WhatsApp-Image-2022-11-10-at-12.40.52-810x1080.jpeg 810w, https:\/\/www.alzd.de\/wp-content\/2023\/01\/WhatsApp-Image-2022-11-10-at-12.40.52-540x720.jpeg 540w, https:\/\/www.alzd.de\/wp-content\/2023\/01\/WhatsApp-Image-2022-11-10-at-12.40.52-270x360.jpeg 270w, https:\/\/www.alzd.de\/wp-content\/2023\/01\/WhatsApp-Image-2022-11-10-at-12.40.52-768x1024.jpeg 768w, https:\/\/www.alzd.de\/wp-content\/2023\/01\/WhatsApp-Image-2022-11-10-at-12.40.52-1152x1536.jpeg 1152w, https:\/\/www.alzd.de\/wp-content\/2023\/01\/WhatsApp-Image-2022-11-10-at-12.40.52-263x350.jpeg 263w, https:\/\/www.alzd.de\/wp-content\/2023\/01\/WhatsApp-Image-2022-11-10-at-12.40.52.jpeg 1200w\" sizes=\"(max-width: 810px) 100vw, 810px\" \/><figcaption class=\"wp-element-caption\">Goutal Relaunch \u00a9 Henrike Wode<\/figcaption><\/figure>\n<\/div><div class=\"wp-block-image\">\n<figure class=\"aligncenter size-large\"><img decoding=\"async\" width=\"810\" height=\"1080\" src=\"https:\/\/www.alzd.de\/wp-content\/2023\/01\/WhatsApp-Image-2022-11-10-at-12.40.51-810x1080.jpeg\" alt=\"Goutal Relaunch &#xA9; Henrike Wode\" class=\"wp-image-103980\" title=\"Goutal Relaunch &#xA9; Henrike Wode\" srcset=\"https:\/\/www.alzd.de\/wp-content\/2023\/01\/WhatsApp-Image-2022-11-10-at-12.40.51-810x1080.jpeg 810w, https:\/\/www.alzd.de\/wp-content\/2023\/01\/WhatsApp-Image-2022-11-10-at-12.40.51-540x720.jpeg 540w, https:\/\/www.alzd.de\/wp-content\/2023\/01\/WhatsApp-Image-2022-11-10-at-12.40.51-270x360.jpeg 270w, https:\/\/www.alzd.de\/wp-content\/2023\/01\/WhatsApp-Image-2022-11-10-at-12.40.51-768x1024.jpeg 768w, https:\/\/www.alzd.de\/wp-content\/2023\/01\/WhatsApp-Image-2022-11-10-at-12.40.51-1152x1536.jpeg 1152w, https:\/\/www.alzd.de\/wp-content\/2023\/01\/WhatsApp-Image-2022-11-10-at-12.40.51-263x350.jpeg 263w, https:\/\/www.alzd.de\/wp-content\/2023\/01\/WhatsApp-Image-2022-11-10-at-12.40.51.jpeg 1200w\" sizes=\"(max-width: 810px) 100vw, 810px\" \/><figcaption class=\"wp-element-caption\">Goutal Relaunch \u00a9 Henrike Wode<\/figcaption><\/figure>\n<\/div>\n<p>There was an opportunity to take advantage of a fragrance consultation. An offer that did not make us hesitate for long. A young lady asked me, among other things, about my previous fragrance preferences and gradually crystallized a creation that should fit me perfectly: L&#8217;Ile au Th\u00e9, an eau de parfum with notes of mandarin, green tea, osmanthus and musk, to which Camille Goutal was inspired on the South Korean island of Jeju.<\/p>\n\n<p>After the fragrance consultation, you were allowed to have a bottle of the perfume you finally chose custom engraved (see below). My L&#8217;Ile au Th\u00e9 was unfortunately not in stock that day, but the team at Goutal was kind enough to send me my bottle with the engraving of my choice. \u2764\ufe0f<\/p>\n<div class=\"wp-block-image\">\n<figure class=\"aligncenter size-large\"><img decoding=\"async\" width=\"810\" height=\"1080\" src=\"https:\/\/www.alzd.de\/wp-content\/2023\/01\/IMG_0700-810x1080.jpg\" alt=\"Individual bottle engraving &#xA9; Julia Bir&#xF3;\" class=\"wp-image-103984\" title=\"Individual bottle engraving &#xA9; Julia Bir&#xF3;\" srcset=\"https:\/\/www.alzd.de\/wp-content\/2023\/01\/IMG_0700-810x1080.jpg 810w, https:\/\/www.alzd.de\/wp-content\/2023\/01\/IMG_0700-540x720.jpg 540w, https:\/\/www.alzd.de\/wp-content\/2023\/01\/IMG_0700-270x360.jpg 270w, https:\/\/www.alzd.de\/wp-content\/2023\/01\/IMG_0700-768x1024.jpg 768w, https:\/\/www.alzd.de\/wp-content\/2023\/01\/IMG_0700-1152x1536.jpg 1152w, https:\/\/www.alzd.de\/wp-content\/2023\/01\/IMG_0700-263x350.jpg 263w, https:\/\/www.alzd.de\/wp-content\/2023\/01\/IMG_0700.jpg 1200w\" sizes=\"(max-width: 810px) 100vw, 810px\" \/><figcaption class=\"wp-element-caption\">Individual bottle engraving \u00a9 Julia Bir\u00f3<\/figcaption><\/figure>\n<\/div><div class=\"wp-block-image\">\n<figure class=\"aligncenter size-large\"><img decoding=\"async\" width=\"810\" height=\"1080\" src=\"https:\/\/www.alzd.de\/wp-content\/2023\/01\/WhatsApp-Image-2022-11-10-at-12.40.511-810x1080.jpeg\" alt=\"Julia Bir&#xF3;, Nadine Cetl, Elodie, Henrike Wrode &#xA9; Henrike Wode \/ Katrin Sillem\" class=\"wp-image-103976\" title=\"Julia Bir&#xF3;, Nadine Cetl, Elodie, Henrike Wode &#xA9; Henrike Wrode \/ Katrin Sillem\" srcset=\"https:\/\/www.alzd.de\/wp-content\/2023\/01\/WhatsApp-Image-2022-11-10-at-12.40.511-810x1080.jpeg 810w, https:\/\/www.alzd.de\/wp-content\/2023\/01\/WhatsApp-Image-2022-11-10-at-12.40.511-540x720.jpeg 540w, https:\/\/www.alzd.de\/wp-content\/2023\/01\/WhatsApp-Image-2022-11-10-at-12.40.511-270x360.jpeg 270w, https:\/\/www.alzd.de\/wp-content\/2023\/01\/WhatsApp-Image-2022-11-10-at-12.40.511-768x1024.jpeg 768w, https:\/\/www.alzd.de\/wp-content\/2023\/01\/WhatsApp-Image-2022-11-10-at-12.40.511-1152x1536.jpeg 1152w, https:\/\/www.alzd.de\/wp-content\/2023\/01\/WhatsApp-Image-2022-11-10-at-12.40.511-263x350.jpeg 263w, https:\/\/www.alzd.de\/wp-content\/2023\/01\/WhatsApp-Image-2022-11-10-at-12.40.511.jpeg 1200w\" sizes=\"(max-width: 810px) 100vw, 810px\" \/><figcaption class=\"wp-element-caption\">Julia Bir\u00f3, Nadine Cetl, Elodie, Henrike Wrode \u00a9 Henrike Wode \/ Katrin Sillem<\/figcaption><\/figure>\n<\/div>\n<p>As a special highlight, I was allowed to conduct an interview with Camille Goutal, which I would like to present to you here tomorrow. After this wonderful event, we went with part of the Goutal team, my two companions from Albrecht &amp; Dill and BARBARA correspondent <a href=\"https:\/\/www.instagram.com\/katrinsillem\/\" target=\"_blank\" rel=\"noreferrer noopener\">Katrin Sillem<\/a>, who lives in Paris, to a nearby restaurant that I can only recommend to you: the <a href=\"https:\/\/www.forest-paris.com\/\" target=\"_blank\" rel=\"noreferrer noopener\">FOREST<\/a>. A quiet and cosy backyard, with a view of the Eiffel Tower, was the perfect oasis for us to enjoy a lovely lunch. <\/p>\n\n<p>After that, we all parted ways. I took a walk along the Seine towards Place Vend\u00f4me, past the Grand Palais and the Place de la Concorde, because I still wanted to pay a visit to one of the Goutal boutiques in the French capital. Rue de Castiglione was my destination, across from the hip H\u00f4tel Costes. The lovely staff let me take some snapshots of the interior, which I&#8217;d like to show you below.<\/p>\n<div class=\"wp-block-image\">\n<figure class=\"aligncenter size-large\"><img decoding=\"async\" width=\"810\" height=\"1080\" src=\"https:\/\/www.alzd.de\/wp-content\/2023\/01\/IMG_20220906_154211-810x1080.jpg\" alt=\"Goutal, Rue de Castiglione &#xA9; Julia Bir&#xF3;\" class=\"wp-image-104052\" title=\"Goutal, Rue de Castiglione &#xA9; Julia Bir&#xF3;\" srcset=\"https:\/\/www.alzd.de\/wp-content\/2023\/01\/IMG_20220906_154211-810x1080.jpg 810w, https:\/\/www.alzd.de\/wp-content\/2023\/01\/IMG_20220906_154211-540x720.jpg 540w, https:\/\/www.alzd.de\/wp-content\/2023\/01\/IMG_20220906_154211-270x360.jpg 270w, https:\/\/www.alzd.de\/wp-content\/2023\/01\/IMG_20220906_154211-768x1024.jpg 768w, https:\/\/www.alzd.de\/wp-content\/2023\/01\/IMG_20220906_154211-1152x1536.jpg 1152w, https:\/\/www.alzd.de\/wp-content\/2023\/01\/IMG_20220906_154211-1536x2048.jpg 1536w, https:\/\/www.alzd.de\/wp-content\/2023\/01\/IMG_20220906_154211-263x350.jpg 263w, https:\/\/www.alzd.de\/wp-content\/2023\/01\/IMG_20220906_154211-scaled.jpg 1920w\" sizes=\"(max-width: 810px) 100vw, 810px\" \/><figcaption class=\"wp-element-caption\">Goutal, Rue de Castiglione \u00a9 Julia Bir\u00f3 <\/figcaption><\/figure>\n<\/div><div class=\"wp-block-image\">\n<figure class=\"aligncenter size-large\"><img decoding=\"async\" width=\"810\" height=\"1080\" src=\"https:\/\/www.alzd.de\/wp-content\/2023\/01\/IMG_20220906_154117-810x1080.jpg\" alt=\"Goutal, Rue de Castiglione &#xA9; Julia Bir&#xF3;\" class=\"wp-image-104055\" title=\"Goutal, Rue de Castiglione &#xA9; Julia Bir&#xF3;\" srcset=\"https:\/\/www.alzd.de\/wp-content\/2023\/01\/IMG_20220906_154117-810x1080.jpg 810w, https:\/\/www.alzd.de\/wp-content\/2023\/01\/IMG_20220906_154117-540x720.jpg 540w, https:\/\/www.alzd.de\/wp-content\/2023\/01\/IMG_20220906_154117-270x360.jpg 270w, https:\/\/www.alzd.de\/wp-content\/2023\/01\/IMG_20220906_154117-768x1024.jpg 768w, https:\/\/www.alzd.de\/wp-content\/2023\/01\/IMG_20220906_154117-1152x1536.jpg 1152w, https:\/\/www.alzd.de\/wp-content\/2023\/01\/IMG_20220906_154117-1536x2048.jpg 1536w, https:\/\/www.alzd.de\/wp-content\/2023\/01\/IMG_20220906_154117-263x350.jpg 263w, https:\/\/www.alzd.de\/wp-content\/2023\/01\/IMG_20220906_154117-scaled.jpg 1920w\" sizes=\"(max-width: 810px) 100vw, 810px\" \/><figcaption class=\"wp-element-caption\">Goutal, Rue de Castiglione \u00a9 Julia Bir\u00f3<\/figcaption><\/figure>\n<\/div><div class=\"wp-block-image\">\n<figure class=\"aligncenter size-large\" id=\"Goutal,-Rue-de-Castiglione-&#xA9;-Julia-Bir&#xF3;\"><img decoding=\"async\" width=\"810\" height=\"1080\" src=\"https:\/\/www.alzd.de\/wp-content\/2023\/01\/IMG_20220906_154309-810x1080.jpg\" alt=\"Goutal, Rue de Castiglione &#xA9; Julia Bir&#xF3;\" class=\"wp-image-104062\" srcset=\"https:\/\/www.alzd.de\/wp-content\/2023\/01\/IMG_20220906_154309-810x1080.jpg 810w, https:\/\/www.alzd.de\/wp-content\/2023\/01\/IMG_20220906_154309-540x720.jpg 540w, https:\/\/www.alzd.de\/wp-content\/2023\/01\/IMG_20220906_154309-270x360.jpg 270w, https:\/\/www.alzd.de\/wp-content\/2023\/01\/IMG_20220906_154309-768x1024.jpg 768w, https:\/\/www.alzd.de\/wp-content\/2023\/01\/IMG_20220906_154309-1152x1536.jpg 1152w, https:\/\/www.alzd.de\/wp-content\/2023\/01\/IMG_20220906_154309-1536x2048.jpg 1536w, https:\/\/www.alzd.de\/wp-content\/2023\/01\/IMG_20220906_154309-263x350.jpg 263w, https:\/\/www.alzd.de\/wp-content\/2023\/01\/IMG_20220906_154309-scaled.jpg 1920w\" sizes=\"(max-width: 810px) 100vw, 810px\" \/><figcaption class=\"wp-element-caption\">Goutal, Rue de Castiglione \u00a9 Julia Bir\u00f3<\/figcaption><\/figure>\n<\/div><div class=\"wp-block-image\">\n<figure class=\"aligncenter size-large\"><img decoding=\"async\" width=\"810\" height=\"1080\" src=\"https:\/\/www.alzd.de\/wp-content\/2023\/01\/IMG_20220906_153941-810x1080.jpg\" alt=\"Goutal, Rue de Castiglione &#xA9; Julia Bir&#xF3;\" class=\"wp-image-104058\" title=\"Goutal, Rue de Castiglione &#xA9; Julia Bir&#xF3;\" srcset=\"https:\/\/www.alzd.de\/wp-content\/2023\/01\/IMG_20220906_153941-810x1080.jpg 810w, https:\/\/www.alzd.de\/wp-content\/2023\/01\/IMG_20220906_153941-540x720.jpg 540w, https:\/\/www.alzd.de\/wp-content\/2023\/01\/IMG_20220906_153941-270x360.jpg 270w, https:\/\/www.alzd.de\/wp-content\/2023\/01\/IMG_20220906_153941-768x1024.jpg 768w, https:\/\/www.alzd.de\/wp-content\/2023\/01\/IMG_20220906_153941-1152x1536.jpg 1152w, https:\/\/www.alzd.de\/wp-content\/2023\/01\/IMG_20220906_153941-1536x2048.jpg 1536w, https:\/\/www.alzd.de\/wp-content\/2023\/01\/IMG_20220906_153941-263x350.jpg 263w, https:\/\/www.alzd.de\/wp-content\/2023\/01\/IMG_20220906_153941-scaled.jpg 1920w\" sizes=\"(max-width: 810px) 100vw, 810px\" \/><figcaption class=\"wp-element-caption\">Goutal, Rue de Castiglione \u00a9 Julia Bir\u00f3<\/figcaption><\/figure>\n<\/div><div class=\"wp-block-image\">\n<figure class=\"aligncenter size-large\"><img decoding=\"async\" width=\"1080\" height=\"810\" src=\"https:\/\/www.alzd.de\/wp-content\/2023\/01\/IMG_20220906_154657-1080x810.jpg\" alt=\"Goutal, Rue de Castiglione &#xA9; Julia Bir&#xF3;\" class=\"wp-image-104069\" srcset=\"https:\/\/www.alzd.de\/wp-content\/2023\/01\/IMG_20220906_154657-1080x810.jpg 1080w, https:\/\/www.alzd.de\/wp-content\/2023\/01\/IMG_20220906_154657-720x540.jpg 720w, https:\/\/www.alzd.de\/wp-content\/2023\/01\/IMG_20220906_154657-360x270.jpg 360w, https:\/\/www.alzd.de\/wp-content\/2023\/01\/IMG_20220906_154657-768x576.jpg 768w, https:\/\/www.alzd.de\/wp-content\/2023\/01\/IMG_20220906_154657-1536x1152.jpg 1536w, https:\/\/www.alzd.de\/wp-content\/2023\/01\/IMG_20220906_154657-2048x1536.jpg 2048w, https:\/\/www.alzd.de\/wp-content\/2023\/01\/IMG_20220906_154657-467x350.jpg 467w\" sizes=\"(max-width: 1080px) 100vw, 1080px\" \/><figcaption class=\"wp-element-caption\">Goutal, Rue de Castiglione \u00a9 Julia Bir\u00f3<\/figcaption><\/figure>\n<\/div>\n<p>After this visit, I took a cab back to the airport and ended up in total traffic chaos again. It took us a measly 2 hours to cover a ridiculous 30 km, but I still enjoyed the ride through Paris. Past the opera and I could also catch a brief glimpse of lovely Sacr\u00e9-C\u0153ur. It was great! <\/p>\n\n<p>Tired and happy, I landed back in Hamburg late in the evening and drove home to my loved ones. It was an exciting and incredibly inspiring day, and I got to meet so many wonderful and interesting people. For the invitation, I would like to say thank you once again to the distributor Albrecht &amp; Dill and Goutal. C&#8217;\u00e9tait un honneur et un grand plaisir! \u2764\ufe0f<\/p>\n","protected":false},"excerpt":{"rendered":"<p>It was a few months ago now that I received an email from the distributor Albrecht &amp; Dill with a very special invitation: to the relaunch of Goutal&#8230;<\/p>\n<div class=\"more-link-wrapper\"><a class=\"more-link\" href=\"https:\/\/www.alzd.de\/en\/2023\/01\/24\/goutal-fragrance-event-relaunch-at-the-base-of-the-eiffel-tower\/\">WEITERLESEN<span class=\"screen-reader-text\">Goutal fragrance event &#8211; relaunch at the base of the Eiffel Tower<\/span><\/a><\/div>\n","protected":false},"author":535,"featured_media":104019,"comment_status":"open","ping_status":"closed","sticky":false,"template":"","format":"standard","meta":{"footnotes":""},"categories":[1789,1117,1119],"tags":[1751,2057,1479],"class_list":["post-104080","post","type-post","status-publish","format-standard","has-post-thumbnail","hentry","category-events-en","category-fragrances","category-general","tag-event-en","tag-fragrance-diary-on-tour","tag-goutal-en","excerpt","zoom","full-without-featured","even","excerpt-0"],"yoast_head":"<!-- This site is optimized with the Yoast SEO plugin v27.5 - https:\/\/yoast.com\/product\/yoast-seo-wordpress\/ -->\n<title>Goutal fragrance event - relaunch at the base of the Eiffel Tower<\/title>\n<meta name=\"description\" content=\"It was a few months ago that I received an e-mail from the distributor Albrecht &amp; Dill with a very special invitation: the relaunch ...\" \/>\n<meta name=\"robots\" content=\"index, follow, max-snippet:-1, max-image-preview:large, max-video-preview:-1\" \/>\n<link rel=\"canonical\" href=\"https:\/\/www.alzd.de\/en\/2023\/01\/24\/goutal-fragrance-event-relaunch-at-the-base-of-the-eiffel-tower\/\" \/>\n<meta property=\"og:locale\" content=\"en_US\" \/>\n<meta property=\"og:type\" content=\"article\" \/>\n<meta property=\"og:title\" content=\"Goutal fragrance event - relaunch at the base of the Eiffel Tower\" \/>\n<meta property=\"og:url\" content=\"https:\/\/www.alzd.de\/en\/2023\/01\/24\/goutal-fragrance-event-relaunch-at-the-base-of-the-eiffel-tower\/\" \/>\n<meta property=\"og:site_name\" content=\"Das Duft-Tagebuch\" \/>\n<meta property=\"article:publisher\" content=\"https:\/\/www.facebook.com\/dufttagebuch\/\" \/>\n<meta property=\"article:author\" content=\"https:\/\/www.facebook.com\/stephanie.tkaczik\" \/>\n<meta property=\"article:published_time\" content=\"2023-01-24T06:30:00+00:00\" \/>\n<meta property=\"article:modified_time\" content=\"2023-01-24T09:45:55+00:00\" \/>\n<meta property=\"og:image\" content=\"https:\/\/www.alzd.de\/wp-content\/2023\/01\/bb_signal-2022-12-15-163455_006.jpeg\" \/>\n\t<meta property=\"og:image:width\" content=\"720\" \/>\n\t<meta property=\"og:image:height\" content=\"400\" \/>\n\t<meta property=\"og:image:type\" content=\"image\/jpeg\" \/>\n<meta name=\"author\" content=\"Julia Bir\u00f3\" \/>\n<meta name=\"twitter:card\" content=\"summary_large_image\" \/>\n<meta name=\"twitter:creator\" content=\"@ausliebezumduft\" \/>\n<meta name=\"twitter:site\" content=\"@ausliebezumduft\" \/>\n<script type=\"application\/ld+json\" class=\"yoast-schema-graph\">{\"@context\":\"https:\\\/\\\/schema.org\",\"@graph\":[{\"@type\":\"Article\",\"@id\":\"https:\\\/\\\/www.alzd.de\\\/en\\\/2023\\\/01\\\/24\\\/goutal-fragrance-event-relaunch-at-the-base-of-the-eiffel-tower\\\/#article\",\"isPartOf\":{\"@id\":\"https:\\\/\\\/www.alzd.de\\\/en\\\/2023\\\/01\\\/24\\\/goutal-fragrance-event-relaunch-at-the-base-of-the-eiffel-tower\\\/\"},\"author\":{\"name\":\"Julia Bir\u00f3\",\"@id\":\"https:\\\/\\\/www.alzd.de\\\/en\\\/#\\\/schema\\\/person\\\/8efcd8f02447fdbe8f29ad465897d04e\"},\"headline\":\"Goutal fragrance event &#8211; relaunch at the base of the Eiffel Tower\",\"datePublished\":\"2023-01-24T06:30:00+00:00\",\"dateModified\":\"2023-01-24T09:45:55+00:00\",\"mainEntityOfPage\":{\"@id\":\"https:\\\/\\\/www.alzd.de\\\/en\\\/2023\\\/01\\\/24\\\/goutal-fragrance-event-relaunch-at-the-base-of-the-eiffel-tower\\\/\"},\"wordCount\":842,\"commentCount\":0,\"publisher\":{\"@id\":\"https:\\\/\\\/www.alzd.de\\\/en\\\/#organization\"},\"image\":{\"@id\":\"https:\\\/\\\/www.alzd.de\\\/en\\\/2023\\\/01\\\/24\\\/goutal-fragrance-event-relaunch-at-the-base-of-the-eiffel-tower\\\/#primaryimage\"},\"thumbnailUrl\":\"https:\\\/\\\/www.alzd.de\\\/wp-content\\\/2023\\\/01\\\/bb_signal-2022-12-15-163455_006.jpeg\",\"keywords\":[\"Event\",\"Fragrance diary on tour\",\"Goutal\"],\"articleSection\":[\"Events\",\"Fragrances\",\"General\"],\"inLanguage\":\"en-US\",\"potentialAction\":[{\"@type\":\"CommentAction\",\"name\":\"Comment\",\"target\":[\"https:\\\/\\\/www.alzd.de\\\/en\\\/2023\\\/01\\\/24\\\/goutal-fragrance-event-relaunch-at-the-base-of-the-eiffel-tower\\\/#respond\"]}]},{\"@type\":\"WebPage\",\"@id\":\"https:\\\/\\\/www.alzd.de\\\/en\\\/2023\\\/01\\\/24\\\/goutal-fragrance-event-relaunch-at-the-base-of-the-eiffel-tower\\\/\",\"url\":\"https:\\\/\\\/www.alzd.de\\\/en\\\/2023\\\/01\\\/24\\\/goutal-fragrance-event-relaunch-at-the-base-of-the-eiffel-tower\\\/\",\"name\":\"Goutal fragrance event - relaunch at the base of the Eiffel Tower\",\"isPartOf\":{\"@id\":\"https:\\\/\\\/www.alzd.de\\\/en\\\/#website\"},\"primaryImageOfPage\":{\"@id\":\"https:\\\/\\\/www.alzd.de\\\/en\\\/2023\\\/01\\\/24\\\/goutal-fragrance-event-relaunch-at-the-base-of-the-eiffel-tower\\\/#primaryimage\"},\"image\":{\"@id\":\"https:\\\/\\\/www.alzd.de\\\/en\\\/2023\\\/01\\\/24\\\/goutal-fragrance-event-relaunch-at-the-base-of-the-eiffel-tower\\\/#primaryimage\"},\"thumbnailUrl\":\"https:\\\/\\\/www.alzd.de\\\/wp-content\\\/2023\\\/01\\\/bb_signal-2022-12-15-163455_006.jpeg\",\"datePublished\":\"2023-01-24T06:30:00+00:00\",\"dateModified\":\"2023-01-24T09:45:55+00:00\",\"description\":\"It was a few months ago that I received an e-mail from the distributor Albrecht & Dill with a very special invitation: the relaunch ...\",\"breadcrumb\":{\"@id\":\"https:\\\/\\\/www.alzd.de\\\/en\\\/2023\\\/01\\\/24\\\/goutal-fragrance-event-relaunch-at-the-base-of-the-eiffel-tower\\\/#breadcrumb\"},\"inLanguage\":\"en-US\",\"potentialAction\":[{\"@type\":\"ReadAction\",\"target\":[\"https:\\\/\\\/www.alzd.de\\\/en\\\/2023\\\/01\\\/24\\\/goutal-fragrance-event-relaunch-at-the-base-of-the-eiffel-tower\\\/\"]}]},{\"@type\":\"ImageObject\",\"inLanguage\":\"en-US\",\"@id\":\"https:\\\/\\\/www.alzd.de\\\/en\\\/2023\\\/01\\\/24\\\/goutal-fragrance-event-relaunch-at-the-base-of-the-eiffel-tower\\\/#primaryimage\",\"url\":\"https:\\\/\\\/www.alzd.de\\\/wp-content\\\/2023\\\/01\\\/bb_signal-2022-12-15-163455_006.jpeg\",\"contentUrl\":\"https:\\\/\\\/www.alzd.de\\\/wp-content\\\/2023\\\/01\\\/bb_signal-2022-12-15-163455_006.jpeg\",\"width\":720,\"height\":400},{\"@type\":\"BreadcrumbList\",\"@id\":\"https:\\\/\\\/www.alzd.de\\\/en\\\/2023\\\/01\\\/24\\\/goutal-fragrance-event-relaunch-at-the-base-of-the-eiffel-tower\\\/#breadcrumb\",\"itemListElement\":[{\"@type\":\"ListItem\",\"position\":1,\"name\":\"Startseite\",\"item\":\"https:\\\/\\\/www.alzd.de\\\/en\\\/\"},{\"@type\":\"ListItem\",\"position\":2,\"name\":\"Goutal fragrance event &#8211; relaunch at the base of the Eiffel Tower\"}]},{\"@type\":\"WebSite\",\"@id\":\"https:\\\/\\\/www.alzd.de\\\/en\\\/#website\",\"url\":\"https:\\\/\\\/www.alzd.de\\\/en\\\/\",\"name\":\"Das Duft-Tagebuch\",\"description\":\"Das Parfumblog von Aus Liebe zum Duft\",\"publisher\":{\"@id\":\"https:\\\/\\\/www.alzd.de\\\/en\\\/#organization\"},\"potentialAction\":[{\"@type\":\"SearchAction\",\"target\":{\"@type\":\"EntryPoint\",\"urlTemplate\":\"https:\\\/\\\/www.alzd.de\\\/en\\\/?s={search_term_string}\"},\"query-input\":{\"@type\":\"PropertyValueSpecification\",\"valueRequired\":true,\"valueName\":\"search_term_string\"}}],\"inLanguage\":\"en-US\"},{\"@type\":\"Organization\",\"@id\":\"https:\\\/\\\/www.alzd.de\\\/en\\\/#organization\",\"name\":\"Das Duft-Tagebuch\",\"url\":\"https:\\\/\\\/www.alzd.de\\\/en\\\/\",\"logo\":{\"@type\":\"ImageObject\",\"inLanguage\":\"en-US\",\"@id\":\"https:\\\/\\\/www.alzd.de\\\/en\\\/#\\\/schema\\\/logo\\\/image\\\/\",\"url\":\"https:\\\/\\\/www.alzd.de\\\/wp-content\\\/2023\\\/08\\\/alzd_dufttagebuch.png\",\"contentUrl\":\"https:\\\/\\\/www.alzd.de\\\/wp-content\\\/2023\\\/08\\\/alzd_dufttagebuch.png\",\"width\":1804,\"height\":416,\"caption\":\"Das Duft-Tagebuch\"},\"image\":{\"@id\":\"https:\\\/\\\/www.alzd.de\\\/en\\\/#\\\/schema\\\/logo\\\/image\\\/\"},\"sameAs\":[\"https:\\\/\\\/www.facebook.com\\\/dufttagebuch\\\/\",\"https:\\\/\\\/x.com\\\/ausliebezumduft\",\"https:\\\/\\\/www.instagram.com\\\/ausliebezumduft.de\\\/\",\"https:\\\/\\\/www.youtube.com\\\/c\\\/ausliebezumduft\"]},{\"@type\":\"Person\",\"@id\":\"https:\\\/\\\/www.alzd.de\\\/en\\\/#\\\/schema\\\/person\\\/8efcd8f02447fdbe8f29ad465897d04e\",\"name\":\"Julia Bir\u00f3\",\"image\":{\"@type\":\"ImageObject\",\"inLanguage\":\"en-US\",\"@id\":\"https:\\\/\\\/www.alzd.de\\\/wp-content\\\/2018\\\/02\\\/cropped-cropped-mitarbeiterbilder_steffi--96x96.jpg\",\"url\":\"https:\\\/\\\/www.alzd.de\\\/wp-content\\\/2018\\\/02\\\/cropped-cropped-mitarbeiterbilder_steffi--96x96.jpg\",\"contentUrl\":\"https:\\\/\\\/www.alzd.de\\\/wp-content\\\/2018\\\/02\\\/cropped-cropped-mitarbeiterbilder_steffi--96x96.jpg\",\"caption\":\"Julia Bir\u00f3\"},\"description\":\"Bereits 2010 gingen so einige Blogbeitr\u00e4ge auf mein Konto. Dann war ich \u201ekurz\u201c weg \u2013 sechs Jahre. Umso mehr freut es mich, dass ich nun wieder die Chance bekomme, mein N\u00e4schen im Dienste der Duftrezension schnuppern zu lassen und eifrig in die Tasten zu hauen. Was Nischend\u00fcfte angeht, habe ich damals \u00fcbrigens schnell Feuer gefangen. Meine Ausbildung tat dazu ihr \u00dcbriges: Als diplomierte Biologin kenne ich mich nicht nur mit Fauna und Flora, sondern auch recht gut mit der Herstellung von \u00d6len und Extrakten aus, was den Reiz der Parfumwelt nat\u00fcrlich noch gr\u00f6\u00dfer macht.\",\"sameAs\":[\"https:\\\/\\\/biro.is\\\/\",\"https:\\\/\\\/www.facebook.com\\\/stephanie.tkaczik\"],\"url\":\"https:\\\/\\\/www.alzd.de\\\/en\\\/author\\\/stephanie\\\/\"}]}<\/script>\n<!-- \/ Yoast SEO plugin. -->","yoast_head_json":{"title":"Goutal fragrance event - relaunch at the base of the Eiffel Tower","description":"It was a few months ago that I received an e-mail from the distributor Albrecht & Dill with a very special invitation: the relaunch ...","robots":{"index":"index","follow":"follow","max-snippet":"max-snippet:-1","max-image-preview":"max-image-preview:large","max-video-preview":"max-video-preview:-1"},"canonical":"https:\/\/www.alzd.de\/en\/2023\/01\/24\/goutal-fragrance-event-relaunch-at-the-base-of-the-eiffel-tower\/","og_locale":"en_US","og_type":"article","og_title":"Goutal fragrance event - relaunch at the base of the Eiffel Tower","og_url":"https:\/\/www.alzd.de\/en\/2023\/01\/24\/goutal-fragrance-event-relaunch-at-the-base-of-the-eiffel-tower\/","og_site_name":"Das Duft-Tagebuch","article_publisher":"https:\/\/www.facebook.com\/dufttagebuch\/","article_author":"https:\/\/www.facebook.com\/stephanie.tkaczik","article_published_time":"2023-01-24T06:30:00+00:00","article_modified_time":"2023-01-24T09:45:55+00:00","og_image":[{"width":720,"height":400,"url":"https:\/\/www.alzd.de\/wp-content\/2023\/01\/bb_signal-2022-12-15-163455_006.jpeg","type":"image\/jpeg"}],"author":"Julia Bir\u00f3","twitter_card":"summary_large_image","twitter_creator":"@ausliebezumduft","twitter_site":"@ausliebezumduft","schema":{"@context":"https:\/\/schema.org","@graph":[{"@type":"Article","@id":"https:\/\/www.alzd.de\/en\/2023\/01\/24\/goutal-fragrance-event-relaunch-at-the-base-of-the-eiffel-tower\/#article","isPartOf":{"@id":"https:\/\/www.alzd.de\/en\/2023\/01\/24\/goutal-fragrance-event-relaunch-at-the-base-of-the-eiffel-tower\/"},"author":{"name":"Julia Bir\u00f3","@id":"https:\/\/www.alzd.de\/en\/#\/schema\/person\/8efcd8f02447fdbe8f29ad465897d04e"},"headline":"Goutal fragrance event &#8211; relaunch at the base of the Eiffel Tower","datePublished":"2023-01-24T06:30:00+00:00","dateModified":"2023-01-24T09:45:55+00:00","mainEntityOfPage":{"@id":"https:\/\/www.alzd.de\/en\/2023\/01\/24\/goutal-fragrance-event-relaunch-at-the-base-of-the-eiffel-tower\/"},"wordCount":842,"commentCount":0,"publisher":{"@id":"https:\/\/www.alzd.de\/en\/#organization"},"image":{"@id":"https:\/\/www.alzd.de\/en\/2023\/01\/24\/goutal-fragrance-event-relaunch-at-the-base-of-the-eiffel-tower\/#primaryimage"},"thumbnailUrl":"https:\/\/www.alzd.de\/wp-content\/2023\/01\/bb_signal-2022-12-15-163455_006.jpeg","keywords":["Event","Fragrance diary on tour","Goutal"],"articleSection":["Events","Fragrances","General"],"inLanguage":"en-US","potentialAction":[{"@type":"CommentAction","name":"Comment","target":["https:\/\/www.alzd.de\/en\/2023\/01\/24\/goutal-fragrance-event-relaunch-at-the-base-of-the-eiffel-tower\/#respond"]}]},{"@type":"WebPage","@id":"https:\/\/www.alzd.de\/en\/2023\/01\/24\/goutal-fragrance-event-relaunch-at-the-base-of-the-eiffel-tower\/","url":"https:\/\/www.alzd.de\/en\/2023\/01\/24\/goutal-fragrance-event-relaunch-at-the-base-of-the-eiffel-tower\/","name":"Goutal fragrance event - relaunch at the base of the Eiffel Tower","isPartOf":{"@id":"https:\/\/www.alzd.de\/en\/#website"},"primaryImageOfPage":{"@id":"https:\/\/www.alzd.de\/en\/2023\/01\/24\/goutal-fragrance-event-relaunch-at-the-base-of-the-eiffel-tower\/#primaryimage"},"image":{"@id":"https:\/\/www.alzd.de\/en\/2023\/01\/24\/goutal-fragrance-event-relaunch-at-the-base-of-the-eiffel-tower\/#primaryimage"},"thumbnailUrl":"https:\/\/www.alzd.de\/wp-content\/2023\/01\/bb_signal-2022-12-15-163455_006.jpeg","datePublished":"2023-01-24T06:30:00+00:00","dateModified":"2023-01-24T09:45:55+00:00","description":"It was a few months ago that I received an e-mail from the distributor Albrecht & Dill with a very special invitation: the relaunch ...","breadcrumb":{"@id":"https:\/\/www.alzd.de\/en\/2023\/01\/24\/goutal-fragrance-event-relaunch-at-the-base-of-the-eiffel-tower\/#breadcrumb"},"inLanguage":"en-US","potentialAction":[{"@type":"ReadAction","target":["https:\/\/www.alzd.de\/en\/2023\/01\/24\/goutal-fragrance-event-relaunch-at-the-base-of-the-eiffel-tower\/"]}]},{"@type":"ImageObject","inLanguage":"en-US","@id":"https:\/\/www.alzd.de\/en\/2023\/01\/24\/goutal-fragrance-event-relaunch-at-the-base-of-the-eiffel-tower\/#primaryimage","url":"https:\/\/www.alzd.de\/wp-content\/2023\/01\/bb_signal-2022-12-15-163455_006.jpeg","contentUrl":"https:\/\/www.alzd.de\/wp-content\/2023\/01\/bb_signal-2022-12-15-163455_006.jpeg","width":720,"height":400},{"@type":"BreadcrumbList","@id":"https:\/\/www.alzd.de\/en\/2023\/01\/24\/goutal-fragrance-event-relaunch-at-the-base-of-the-eiffel-tower\/#breadcrumb","itemListElement":[{"@type":"ListItem","position":1,"name":"Startseite","item":"https:\/\/www.alzd.de\/en\/"},{"@type":"ListItem","position":2,"name":"Goutal fragrance event &#8211; relaunch at the base of the Eiffel Tower"}]},{"@type":"WebSite","@id":"https:\/\/www.alzd.de\/en\/#website","url":"https:\/\/www.alzd.de\/en\/","name":"Das Duft-Tagebuch","description":"Das Parfumblog von Aus Liebe zum Duft","publisher":{"@id":"https:\/\/www.alzd.de\/en\/#organization"},"potentialAction":[{"@type":"SearchAction","target":{"@type":"EntryPoint","urlTemplate":"https:\/\/www.alzd.de\/en\/?s={search_term_string}"},"query-input":{"@type":"PropertyValueSpecification","valueRequired":true,"valueName":"search_term_string"}}],"inLanguage":"en-US"},{"@type":"Organization","@id":"https:\/\/www.alzd.de\/en\/#organization","name":"Das Duft-Tagebuch","url":"https:\/\/www.alzd.de\/en\/","logo":{"@type":"ImageObject","inLanguage":"en-US","@id":"https:\/\/www.alzd.de\/en\/#\/schema\/logo\/image\/","url":"https:\/\/www.alzd.de\/wp-content\/2023\/08\/alzd_dufttagebuch.png","contentUrl":"https:\/\/www.alzd.de\/wp-content\/2023\/08\/alzd_dufttagebuch.png","width":1804,"height":416,"caption":"Das Duft-Tagebuch"},"image":{"@id":"https:\/\/www.alzd.de\/en\/#\/schema\/logo\/image\/"},"sameAs":["https:\/\/www.facebook.com\/dufttagebuch\/","https:\/\/x.com\/ausliebezumduft","https:\/\/www.instagram.com\/ausliebezumduft.de\/","https:\/\/www.youtube.com\/c\/ausliebezumduft"]},{"@type":"Person","@id":"https:\/\/www.alzd.de\/en\/#\/schema\/person\/8efcd8f02447fdbe8f29ad465897d04e","name":"Julia Bir\u00f3","image":{"@type":"ImageObject","inLanguage":"en-US","@id":"https:\/\/www.alzd.de\/wp-content\/2018\/02\/cropped-cropped-mitarbeiterbilder_steffi--96x96.jpg","url":"https:\/\/www.alzd.de\/wp-content\/2018\/02\/cropped-cropped-mitarbeiterbilder_steffi--96x96.jpg","contentUrl":"https:\/\/www.alzd.de\/wp-content\/2018\/02\/cropped-cropped-mitarbeiterbilder_steffi--96x96.jpg","caption":"Julia Bir\u00f3"},"description":"Bereits 2010 gingen so einige Blogbeitr\u00e4ge auf mein Konto. Dann war ich \u201ekurz\u201c weg \u2013 sechs Jahre. Umso mehr freut es mich, dass ich nun wieder die Chance bekomme, mein N\u00e4schen im Dienste der Duftrezension schnuppern zu lassen und eifrig in die Tasten zu hauen. Was Nischend\u00fcfte angeht, habe ich damals \u00fcbrigens schnell Feuer gefangen. Meine Ausbildung tat dazu ihr \u00dcbriges: Als diplomierte Biologin kenne ich mich nicht nur mit Fauna und Flora, sondern auch recht gut mit der Herstellung von \u00d6len und Extrakten aus, was den Reiz der Parfumwelt nat\u00fcrlich noch gr\u00f6\u00dfer macht.","sameAs":["https:\/\/biro.is\/","https:\/\/www.facebook.com\/stephanie.tkaczik"],"url":"https:\/\/www.alzd.de\/en\/author\/stephanie\/"}]}},"wp-worthy-pixel":{"ignored":false,"public":null,"server":null,"url":null},"wp-worthy-type":"normal","_links":{"self":[{"href":"https:\/\/www.alzd.de\/en\/wp-json\/wp\/v2\/posts\/104080","targetHints":{"allow":["GET"]}}],"collection":[{"href":"https:\/\/www.alzd.de\/en\/wp-json\/wp\/v2\/posts"}],"about":[{"href":"https:\/\/www.alzd.de\/en\/wp-json\/wp\/v2\/types\/post"}],"author":[{"embeddable":true,"href":"https:\/\/www.alzd.de\/en\/wp-json\/wp\/v2\/users\/535"}],"replies":[{"embeddable":true,"href":"https:\/\/www.alzd.de\/en\/wp-json\/wp\/v2\/comments?post=104080"}],"version-history":[{"count":3,"href":"https:\/\/www.alzd.de\/en\/wp-json\/wp\/v2\/posts\/104080\/revisions"}],"predecessor-version":[{"id":104083,"href":"https:\/\/www.alzd.de\/en\/wp-json\/wp\/v2\/posts\/104080\/revisions\/104083"}],"wp:featuredmedia":[{"embeddable":true,"href":"https:\/\/www.alzd.de\/en\/wp-json\/wp\/v2\/media\/104019"}],"wp:attachment":[{"href":"https:\/\/www.alzd.de\/en\/wp-json\/wp\/v2\/media?parent=104080"}],"wp:term":[{"taxonomy":"category","embeddable":true,"href":"https:\/\/www.alzd.de\/en\/wp-json\/wp\/v2\/categories?post=104080"},{"taxonomy":"post_tag","embeddable":true,"href":"https:\/\/www.alzd.de\/en\/wp-json\/wp\/v2\/tags?post=104080"}],"curies":[{"name":"wp","href":"https:\/\/api.w.org\/{rel}","templated":true}]}}