{"id":103917,"date":"2023-01-19T07:30:00","date_gmt":"2023-01-19T06:30:00","guid":{"rendered":"https:\/\/www.alzd.de\/2023\/01\/19\/late-harvest-and-bojnokopff-by-fort-manle-of-memories-and-magicians\/"},"modified":"2023-01-19T18:52:41","modified_gmt":"2023-01-19T17:52:41","slug":"late-harvest-and-bojnokopff-by-fort-manle-of-memories-and-magicians","status":"publish","type":"post","link":"https:\/\/www.alzd.de\/en\/2023\/01\/19\/late-harvest-and-bojnokopff-by-fort-manle-of-memories-and-magicians\/","title":{"rendered":"Late Harvest and Bojnokopff by Fort &amp; Manl\u00e9 &#8211; of memories and magicians"},"content":{"rendered":"\n<p>We are in the home stretch at the fragrance house <a href=\"https:\/\/www.ausliebezumduft.de\/fragrances\/fort-manle.html\" target=\"_blank\" rel=\"noreferrer noopener\">Fort &amp; Manl\u00e9<\/a>, because in the last few days I have already introduced you to five of the seven creations that comprise the collection of the label, which is so far based in Melbourne, Australia. As I told you in one of my last posts, the brand&#8217;s headquarters will soon be moving to the United Arab Emirates. However, Fort &amp; Manl\u00e9 says it will continue to maintain close ties with Australia. I&#8217;ll link you to my reviews that have been published so far:<\/p>\n\n<ul class=\"wp-block-list\">\n<li><a href=\"https:\/\/www.alzd.de\/en\/2023\/01\/13\/the-fort-manle-collection-made-in-melbourne\/\">The Fort &amp; Manl\u00e9 Collection &#8211; Made in Melbourne<\/a><\/li>\n\n\n\n<li><a href=\"https:\/\/www.alzd.de\/en\/2023\/01\/16\/fatih-sultan-mehmed-and-amber-absolutely-by-fort-manle-oriental-fragrance-dreams\/\">Fatih Sultan Mehmed and Amber Absolutely by Fort &amp; Manl\u00e9 &#8211; Oriental Fragrance Dreams<\/a><\/li>\n\n\n\n<li><a href=\"https:\/\/www.alzd.de\/en\/2023\/01\/17\/all-the-queens-men-and-honiara-by-fort-manle\/\">All the Queen&#8217;s Men and Honiara by Fort &amp; Manl\u00e9<\/a><\/li>\n<\/ul>\n<div class=\"wp-block-image\">\n<figure class=\"aligncenter size-large\"><img decoding=\"async\" width=\"720\" height=\"1080\" src=\"https:\/\/www.alzd.de\/wp-content\/2023\/01\/dscf2605-720x1080.jpg\" alt=\"Fort &amp;amp; Manl&#xE9; - Late Harvest\" class=\"wp-image-103881\" title=\"Fort &amp;amp; Manl&#xE9; - Late Harvest\" srcset=\"https:\/\/www.alzd.de\/wp-content\/2023\/01\/dscf2605-720x1080.jpg 720w, https:\/\/www.alzd.de\/wp-content\/2023\/01\/dscf2605-480x720.jpg 480w, https:\/\/www.alzd.de\/wp-content\/2023\/01\/dscf2605-240x360.jpg 240w, https:\/\/www.alzd.de\/wp-content\/2023\/01\/dscf2605-768x1152.jpg 768w, https:\/\/www.alzd.de\/wp-content\/2023\/01\/dscf2605-1024x1536.jpg 1024w, https:\/\/www.alzd.de\/wp-content\/2023\/01\/dscf2605-1365x2048.jpg 1365w, https:\/\/www.alzd.de\/wp-content\/2023\/01\/dscf2605-233x350.jpg 233w, https:\/\/www.alzd.de\/wp-content\/2023\/01\/dscf2605-scaled.jpg 1707w\" sizes=\"(max-width: 720px) 100vw, 720px\" \/><\/figure>\n<\/div>\n<p>So today we will talk about the last two Eaux de Parfum, which &#8211; in my eyes &#8211; have the quite exciting names <a href=\"https:\/\/www.ausliebezumduft.de\/fort-manle-late-harvest.html\" target=\"_blank\" rel=\"noreferrer noopener\">Late Harvest<\/a> and <a href=\"https:\/\/www.ausliebezumduft.de\/fort-manle-bojnokopff.html\" target=\"_blank\" rel=\"noreferrer noopener\">Bojnokopff<\/a>.<\/p>\n\n<h2 class=\"wp-block-heading\">Late Harvest &#8211; fragrance full of memories<\/h2>\n\n<p>Even if the name of the creation would certainly suggest it, Late Harvest is not a harvest fragrance, not an autumn fragrance per se, with which the Australian label praises the abundance and richness of nature. Rather, it is a looking back in the autumn of life, at the memories, the experiences and the adventures that have determined or even accompanied life in recent years and decades &#8211; for better or for worse. A kind of reflection, a going within, a form of contemplation. Whether it&#8217;s looking through old photo albums, reading old letters, visiting a place where you lived or enjoyed being in childhood or youth. Even a certain scent can set this backward cascade of thoughts in motion, as can the taste of a formerly beloved food or the melody of a song that has not been heard for a long time.<\/p>\n\n<blockquote class=\"wp-block-quote is-layout-flow wp-block-quote-is-layout-flow\">\n<p>Age can be measured in memories. The memory of days gone by, passed down from generation to generation, is a record as great as the simplest moments they remember.<\/p>\n<\/blockquote>\n<div class=\"wp-block-image\">\n<figure class=\"aligncenter size-large\" id=\"Fort-&amp;-Manl&#xE9;-&#x2013;-Late-Harvest\"><img decoding=\"async\" width=\"720\" height=\"1080\" src=\"https:\/\/www.alzd.de\/wp-content\/2023\/01\/dscf2676-720x1080.jpg\" alt=\"Fort &amp;amp; Manl&#xE9; - Late Harvest\" class=\"wp-image-103886\" srcset=\"https:\/\/www.alzd.de\/wp-content\/2023\/01\/dscf2676-720x1080.jpg 720w, https:\/\/www.alzd.de\/wp-content\/2023\/01\/dscf2676-480x720.jpg 480w, https:\/\/www.alzd.de\/wp-content\/2023\/01\/dscf2676-240x360.jpg 240w, https:\/\/www.alzd.de\/wp-content\/2023\/01\/dscf2676-768x1152.jpg 768w, https:\/\/www.alzd.de\/wp-content\/2023\/01\/dscf2676-1024x1536.jpg 1024w, https:\/\/www.alzd.de\/wp-content\/2023\/01\/dscf2676-1365x2048.jpg 1365w, https:\/\/www.alzd.de\/wp-content\/2023\/01\/dscf2676-233x350.jpg 233w, https:\/\/www.alzd.de\/wp-content\/2023\/01\/dscf2676-scaled.jpg 1707w\" sizes=\"(max-width: 720px) 100vw, 720px\" \/><\/figure>\n<\/div>\n<p>Rasei Fort uses the ingredients <strong>cherry, tobacco, vanilla, cedar, rosewood, leather<\/strong> and <strong>rose<\/strong> for his fragrance Late Harvest, which he dedicates to all those memories harvested late in life.<\/p>\n\n<h3 class=\"wp-block-heading\">Late harvest of memories<\/h3>\n\n<p>Beautiful and warm Late Harvest shows itself from the beginning. The golden notes of tobacco leaves, subtly smoky and lush, blend with the deep red fruit sweetness of ripe cherries, dark leather and liqueur nuances that remind me of peaty whiskey. <\/p>\n\n<p>The colour of the eau de parfum fits perfectly for me, this gorgeous cognac tone, in which there is so much warmth and intensity just looking at it. Vanilla underscores the smoky and dark facets of the creation, sprinkling in a pinch of spice character, while the woods provide aromatic accents and grounding. <\/p>\n<div class=\"wp-block-image\">\n<figure class=\"aligncenter size-full\"><img decoding=\"async\" width=\"600\" height=\"600\" src=\"https:\/\/www.alzd.de\/wp-content\/2023\/01\/late-harvest-50ml.jpg\" alt=\"Fort &amp;amp; Manl&#xE9; - Late Harvest\" class=\"wp-image-103889\" title=\"Fort &amp;amp; Manl&#xE9; - Late Harvest\" srcset=\"https:\/\/www.alzd.de\/wp-content\/2023\/01\/late-harvest-50ml.jpg 600w, https:\/\/www.alzd.de\/wp-content\/2023\/01\/late-harvest-50ml-360x360.jpg 360w, https:\/\/www.alzd.de\/wp-content\/2023\/01\/late-harvest-50ml-350x350.jpg 350w\" sizes=\"(max-width: 600px) 100vw, 600px\" \/><\/figure>\n<\/div>\n<p>Even though I explicitly did not declare it as an autumn fragrance earlier &#8211; which is true in the context of what I meant by that &#8211; I have to admit that Late Harvest is a perfect fall and winter scent for me after all. Warm, spicy, smoky, boozy and underpinned by a subtle cherry sweetness, the eau de parfum reminds me of an old leather armchair in front of a burning fireplace. Next to it is a glass of the finest whiskey and in a fruit bowl are dark red, shiny cherries that smile at me. A really great creation, with medium presence and excellent durability, which I would rather wear in the evening or on a special occasion than in the office and everyday life. \ud83d\ude42<\/p>\n\n<div class=\"wp-block-buttons is-content-justification-center is-layout-flex wp-container-core-buttons-is-layout-16018d1d wp-block-buttons-is-layout-flex\">\n<div class=\"wp-block-button has-custom-width wp-block-button__width-50\"><a class=\"wp-block-button__link has-white-color has-text-color has-background wp-element-button\" href=\"https:\/\/www.ausliebezumduft.de\/fort-manle-late-harvest.html\" style=\"background-color:#5f313b\" target=\"_blank\" rel=\"noreferrer noopener\"><strong>Late Harvest<\/strong><\/a><\/div>\n<\/div>\n\n<div style=\"height:100px\" aria-hidden=\"true\" class=\"wp-block-spacer\"><\/div>\n\n<h2 class=\"wp-block-heading\">Boynokopff &#8211; the magician and his hat<\/h2>\n\n<p>St. Petersburg, 1897. A mysterious magician named Bojnokopff creates a world of illusion that hardly anyone can escape. The eau de parfum is dedicated to this fictional person, a fragrance that is likely to be as striking as it is mysterious.<\/p>\n\n<blockquote class=\"wp-block-quote is-layout-flow wp-block-quote-is-layout-flow\">\n<p>The great Mr. Bojnokopff<br \/>Its whereabouts are always known<br \/>To those who have had the pleasure<br \/>To hear and feel his voice<br \/>The secret of his greatest trick<br \/>To be remembered without being seen.<br \/>Is it real or just an illusion?<\/p>\n<\/blockquote>\n<div class=\"wp-block-image\">\n<figure class=\"aligncenter size-large\"><img decoding=\"async\" width=\"865\" height=\"1080\" src=\"https:\/\/www.alzd.de\/wp-content\/2023\/01\/2020-06-012017.51.04-2-865x1080.jpg\" alt=\"Fort &amp;amp; Manl&#xE9; - Bojnokopff\" class=\"wp-image-103899\" title=\"Fort &amp;amp; Manl&#xE9; - Bojnokopff\" srcset=\"https:\/\/www.alzd.de\/wp-content\/2023\/01\/2020-06-012017.51.04-2-865x1080.jpg 865w, https:\/\/www.alzd.de\/wp-content\/2023\/01\/2020-06-012017.51.04-2-577x720.jpg 577w, https:\/\/www.alzd.de\/wp-content\/2023\/01\/2020-06-012017.51.04-2-288x360.jpg 288w, https:\/\/www.alzd.de\/wp-content\/2023\/01\/2020-06-012017.51.04-2-768x959.jpg 768w, https:\/\/www.alzd.de\/wp-content\/2023\/01\/2020-06-012017.51.04-2-1230x1536.jpg 1230w, https:\/\/www.alzd.de\/wp-content\/2023\/01\/2020-06-012017.51.04-2-1641x2048.jpg 1641w, https:\/\/www.alzd.de\/wp-content\/2023\/01\/2020-06-012017.51.04-2-280x350.jpg 280w\" sizes=\"(max-width: 865px) 100vw, 865px\" \/><\/figure>\n<\/div>\n<p>The fragrance notes speak a clear language: <strong>lavender, vanilla, chocolate, agarwood (oud)<\/strong> and <strong>cedar<\/strong>, it definitely sounds like an opulent creation. Incidentally, the creation was originally called &#8220;Mr. Bojnokopff&#8217;s Purple Hat,&#8221; an allusion to the purple top hat that the magician keeps on hand as a prop. I wonder which rabbit he&#8217;ll conjure up for us out of it?<\/p>\n\n<h3 class=\"wp-block-heading\">Under the spell of Mr. Bojnokopff<\/h3>\n\n<p>From the very beginning, Bojnokopff is a real go-getter, a ripsnorter who is absolutely aware of his expressive power. From the beginning, the eau de parfum bristles with presence. The resinous smoky notes of agarwood combine with herbaceous lavender. This blend is incredibly dynamic, has animal accents and is coloured jet black.<\/p>\n\n<p>Bitter and dark is the eau de parfum, in which the gourmand nuances of noble chocolate gradually appear in the background. These soothe the scent a bit, making it smoother and softer, but no less sombre. Cedarwood provides a subtle, balsamic sweetness on the finish for added calm and roundness.<\/p>\n<div class=\"wp-block-image\">\n<figure class=\"aligncenter size-full\"><img decoding=\"async\" width=\"600\" height=\"600\" src=\"https:\/\/www.alzd.de\/wp-content\/2023\/01\/bojnokopff-50ml.jpg\" alt=\"Fort &amp;amp; Manl&#xE9; - Bojnokopff\" class=\"wp-image-103903\" title=\"Fort &amp;amp; Manl&#xE9; - Bojnokopff\" srcset=\"https:\/\/www.alzd.de\/wp-content\/2023\/01\/bojnokopff-50ml.jpg 600w, https:\/\/www.alzd.de\/wp-content\/2023\/01\/bojnokopff-50ml-360x360.jpg 360w, https:\/\/www.alzd.de\/wp-content\/2023\/01\/bojnokopff-50ml-350x350.jpg 350w\" sizes=\"(max-width: 600px) 100vw, 600px\" \/><\/figure>\n<\/div>\n<p>Bojnokopff is, in my eyes, the most idiosyncratic creation in Fort &amp; Manl\u00e9&#8217;s collection. An agarwood composition has been missing in the series, and this one definitely exceeds all my expectations. An oud lavender with dark chocolate, I really like this. An eau de parfum that makes a statement, that is not pleasing, that has rough edges and an extraordinary expressiveness. If I had been told this combo before, I probably would have looked pretty incredulous, because it doesn&#8217;t sound like it would go together somehow at first. And yet it does, and &#8211; in my eyes &#8211; quite excellently. If you like unusual and idiosyncratic creations, if you are looking for a different kind of agarwood fragrance, you should definitely put this eau de parfum by Fort &amp; Manl\u00e9 on your to-try list. Mr. Bojnokopff, it was an honor to meet you! \u2764\ufe0f<\/p>\n\n<div class=\"wp-block-buttons is-content-justification-center is-layout-flex wp-container-core-buttons-is-layout-16018d1d wp-block-buttons-is-layout-flex\">\n<div class=\"wp-block-button has-custom-width wp-block-button__width-50\"><a class=\"wp-block-button__link has-white-color has-text-color has-background wp-element-button\" href=\"https:\/\/www.ausliebezumduft.de\/fort-manle-bojnokopff.html\" style=\"background-color:#8a5fc9\" target=\"_blank\" rel=\"noreferrer noopener\"><strong>Bojnokopff<\/strong><\/a><\/div>\n<\/div>\n","protected":false},"excerpt":{"rendered":"<p>We are in the home stretch at the fragrance house Fort &amp; Manl\u00e9, because in the last few days I have already introduced you to five of the&#8230;<\/p>\n<div class=\"more-link-wrapper\"><a class=\"more-link\" href=\"https:\/\/www.alzd.de\/en\/2023\/01\/19\/late-harvest-and-bojnokopff-by-fort-manle-of-memories-and-magicians\/\">WEITERLESEN<span class=\"screen-reader-text\">Late Harvest and Bojnokopff by Fort &amp; Manl\u00e9 &#8211; of memories and magicians<\/span><\/a><\/div>\n","protected":false},"author":535,"featured_media":103880,"comment_status":"open","ping_status":"closed","sticky":false,"template":"","format":"standard","meta":{"footnotes":""},"categories":[1149,1117,1115,1113,1116,1114],"tags":[1635,1786,1667,1787],"class_list":["post-103917","post","type-post","status-publish","format-standard","has-post-thumbnail","hentry","category-amber-resins","category-fragrances","category-leather","category-spicy","category-tobacco-smoky","category-woody","tag-cherry","tag-fort-manle-en","tag-oud-en","tag-rasei-fort-en","excerpt","zoom","full-without-featured","even","excerpt-0"],"yoast_head":"<!-- This site is optimized with the Yoast SEO plugin v27.5 - https:\/\/yoast.com\/product\/yoast-seo-wordpress\/ -->\n<title>Late Harvest and Bojnokopff by Fort &amp; Manl\u00e9<\/title>\n<meta name=\"description\" content=\"So today it shall be about the last two Eaux de Parfum, which have in my eyes the quite exciting names Late Harvest ...\" \/>\n<meta name=\"robots\" content=\"index, follow, max-snippet:-1, max-image-preview:large, max-video-preview:-1\" \/>\n<link rel=\"canonical\" href=\"https:\/\/www.alzd.de\/en\/2023\/01\/19\/late-harvest-and-bojnokopff-by-fort-manle-of-memories-and-magicians\/\" \/>\n<meta property=\"og:locale\" content=\"en_US\" \/>\n<meta property=\"og:type\" content=\"article\" \/>\n<meta property=\"og:title\" content=\"Late Harvest and Bojnokopff by Fort &amp; Manl\u00e9\" \/>\n<meta property=\"og:url\" content=\"https:\/\/www.alzd.de\/en\/2023\/01\/19\/late-harvest-and-bojnokopff-by-fort-manle-of-memories-and-magicians\/\" \/>\n<meta property=\"og:site_name\" content=\"Das Duft-Tagebuch\" \/>\n<meta property=\"article:publisher\" content=\"https:\/\/www.facebook.com\/dufttagebuch\/\" \/>\n<meta property=\"article:author\" content=\"https:\/\/www.facebook.com\/stephanie.tkaczik\" \/>\n<meta property=\"article:published_time\" content=\"2023-01-19T06:30:00+00:00\" \/>\n<meta property=\"article:modified_time\" content=\"2023-01-19T17:52:41+00:00\" \/>\n<meta property=\"og:image\" content=\"https:\/\/www.alzd.de\/wp-content\/2023\/01\/bb_IMG_5607.jpg\" \/>\n\t<meta property=\"og:image:width\" content=\"720\" \/>\n\t<meta property=\"og:image:height\" content=\"400\" \/>\n\t<meta property=\"og:image:type\" content=\"image\/jpeg\" \/>\n<meta name=\"author\" content=\"Julia Bir\u00f3\" \/>\n<meta name=\"twitter:card\" content=\"summary_large_image\" \/>\n<meta name=\"twitter:creator\" content=\"@ausliebezumduft\" \/>\n<meta name=\"twitter:site\" content=\"@ausliebezumduft\" \/>\n<script type=\"application\/ld+json\" class=\"yoast-schema-graph\">{\"@context\":\"https:\\\/\\\/schema.org\",\"@graph\":[{\"@type\":\"Article\",\"@id\":\"https:\\\/\\\/www.alzd.de\\\/en\\\/2023\\\/01\\\/19\\\/late-harvest-and-bojnokopff-by-fort-manle-of-memories-and-magicians\\\/#article\",\"isPartOf\":{\"@id\":\"https:\\\/\\\/www.alzd.de\\\/en\\\/2023\\\/01\\\/19\\\/late-harvest-and-bojnokopff-by-fort-manle-of-memories-and-magicians\\\/\"},\"author\":{\"name\":\"Julia Bir\u00f3\",\"@id\":\"https:\\\/\\\/www.alzd.de\\\/en\\\/#\\\/schema\\\/person\\\/8efcd8f02447fdbe8f29ad465897d04e\"},\"headline\":\"Late Harvest and Bojnokopff by Fort &amp; Manl\u00e9 &#8211; of memories and magicians\",\"datePublished\":\"2023-01-19T06:30:00+00:00\",\"dateModified\":\"2023-01-19T17:52:41+00:00\",\"mainEntityOfPage\":{\"@id\":\"https:\\\/\\\/www.alzd.de\\\/en\\\/2023\\\/01\\\/19\\\/late-harvest-and-bojnokopff-by-fort-manle-of-memories-and-magicians\\\/\"},\"wordCount\":1004,\"commentCount\":0,\"publisher\":{\"@id\":\"https:\\\/\\\/www.alzd.de\\\/en\\\/#organization\"},\"image\":{\"@id\":\"https:\\\/\\\/www.alzd.de\\\/en\\\/2023\\\/01\\\/19\\\/late-harvest-and-bojnokopff-by-fort-manle-of-memories-and-magicians\\\/#primaryimage\"},\"thumbnailUrl\":\"https:\\\/\\\/www.alzd.de\\\/wp-content\\\/2023\\\/01\\\/bb_IMG_5607.jpg\",\"keywords\":[\"Cherry\",\"Fort &amp; Manl\u00e9\",\"Oud\",\"Rasei Fort\"],\"articleSection\":[\"Amber &amp; Resins\",\"Fragrances\",\"Leather\",\"Spicy\",\"Tobacco &amp; Smoky\",\"Woody\"],\"inLanguage\":\"en-US\",\"potentialAction\":[{\"@type\":\"CommentAction\",\"name\":\"Comment\",\"target\":[\"https:\\\/\\\/www.alzd.de\\\/en\\\/2023\\\/01\\\/19\\\/late-harvest-and-bojnokopff-by-fort-manle-of-memories-and-magicians\\\/#respond\"]}]},{\"@type\":\"WebPage\",\"@id\":\"https:\\\/\\\/www.alzd.de\\\/en\\\/2023\\\/01\\\/19\\\/late-harvest-and-bojnokopff-by-fort-manle-of-memories-and-magicians\\\/\",\"url\":\"https:\\\/\\\/www.alzd.de\\\/en\\\/2023\\\/01\\\/19\\\/late-harvest-and-bojnokopff-by-fort-manle-of-memories-and-magicians\\\/\",\"name\":\"Late Harvest and Bojnokopff by Fort & Manl\u00e9\",\"isPartOf\":{\"@id\":\"https:\\\/\\\/www.alzd.de\\\/en\\\/#website\"},\"primaryImageOfPage\":{\"@id\":\"https:\\\/\\\/www.alzd.de\\\/en\\\/2023\\\/01\\\/19\\\/late-harvest-and-bojnokopff-by-fort-manle-of-memories-and-magicians\\\/#primaryimage\"},\"image\":{\"@id\":\"https:\\\/\\\/www.alzd.de\\\/en\\\/2023\\\/01\\\/19\\\/late-harvest-and-bojnokopff-by-fort-manle-of-memories-and-magicians\\\/#primaryimage\"},\"thumbnailUrl\":\"https:\\\/\\\/www.alzd.de\\\/wp-content\\\/2023\\\/01\\\/bb_IMG_5607.jpg\",\"datePublished\":\"2023-01-19T06:30:00+00:00\",\"dateModified\":\"2023-01-19T17:52:41+00:00\",\"description\":\"So today it shall be about the last two Eaux de Parfum, which have in my eyes the quite exciting names Late Harvest ...\",\"breadcrumb\":{\"@id\":\"https:\\\/\\\/www.alzd.de\\\/en\\\/2023\\\/01\\\/19\\\/late-harvest-and-bojnokopff-by-fort-manle-of-memories-and-magicians\\\/#breadcrumb\"},\"inLanguage\":\"en-US\",\"potentialAction\":[{\"@type\":\"ReadAction\",\"target\":[\"https:\\\/\\\/www.alzd.de\\\/en\\\/2023\\\/01\\\/19\\\/late-harvest-and-bojnokopff-by-fort-manle-of-memories-and-magicians\\\/\"]}]},{\"@type\":\"ImageObject\",\"inLanguage\":\"en-US\",\"@id\":\"https:\\\/\\\/www.alzd.de\\\/en\\\/2023\\\/01\\\/19\\\/late-harvest-and-bojnokopff-by-fort-manle-of-memories-and-magicians\\\/#primaryimage\",\"url\":\"https:\\\/\\\/www.alzd.de\\\/wp-content\\\/2023\\\/01\\\/bb_IMG_5607.jpg\",\"contentUrl\":\"https:\\\/\\\/www.alzd.de\\\/wp-content\\\/2023\\\/01\\\/bb_IMG_5607.jpg\",\"width\":720,\"height\":400},{\"@type\":\"BreadcrumbList\",\"@id\":\"https:\\\/\\\/www.alzd.de\\\/en\\\/2023\\\/01\\\/19\\\/late-harvest-and-bojnokopff-by-fort-manle-of-memories-and-magicians\\\/#breadcrumb\",\"itemListElement\":[{\"@type\":\"ListItem\",\"position\":1,\"name\":\"Startseite\",\"item\":\"https:\\\/\\\/www.alzd.de\\\/en\\\/\"},{\"@type\":\"ListItem\",\"position\":2,\"name\":\"Late Harvest and Bojnokopff by Fort &amp; Manl\u00e9 &#8211; of memories and magicians\"}]},{\"@type\":\"WebSite\",\"@id\":\"https:\\\/\\\/www.alzd.de\\\/en\\\/#website\",\"url\":\"https:\\\/\\\/www.alzd.de\\\/en\\\/\",\"name\":\"Das Duft-Tagebuch\",\"description\":\"Das Parfumblog von Aus Liebe zum Duft\",\"publisher\":{\"@id\":\"https:\\\/\\\/www.alzd.de\\\/en\\\/#organization\"},\"potentialAction\":[{\"@type\":\"SearchAction\",\"target\":{\"@type\":\"EntryPoint\",\"urlTemplate\":\"https:\\\/\\\/www.alzd.de\\\/en\\\/?s={search_term_string}\"},\"query-input\":{\"@type\":\"PropertyValueSpecification\",\"valueRequired\":true,\"valueName\":\"search_term_string\"}}],\"inLanguage\":\"en-US\"},{\"@type\":\"Organization\",\"@id\":\"https:\\\/\\\/www.alzd.de\\\/en\\\/#organization\",\"name\":\"Das Duft-Tagebuch\",\"url\":\"https:\\\/\\\/www.alzd.de\\\/en\\\/\",\"logo\":{\"@type\":\"ImageObject\",\"inLanguage\":\"en-US\",\"@id\":\"https:\\\/\\\/www.alzd.de\\\/en\\\/#\\\/schema\\\/logo\\\/image\\\/\",\"url\":\"https:\\\/\\\/www.alzd.de\\\/wp-content\\\/2023\\\/08\\\/alzd_dufttagebuch.png\",\"contentUrl\":\"https:\\\/\\\/www.alzd.de\\\/wp-content\\\/2023\\\/08\\\/alzd_dufttagebuch.png\",\"width\":1804,\"height\":416,\"caption\":\"Das Duft-Tagebuch\"},\"image\":{\"@id\":\"https:\\\/\\\/www.alzd.de\\\/en\\\/#\\\/schema\\\/logo\\\/image\\\/\"},\"sameAs\":[\"https:\\\/\\\/www.facebook.com\\\/dufttagebuch\\\/\",\"https:\\\/\\\/x.com\\\/ausliebezumduft\",\"https:\\\/\\\/www.instagram.com\\\/ausliebezumduft.de\\\/\",\"https:\\\/\\\/www.youtube.com\\\/c\\\/ausliebezumduft\"]},{\"@type\":\"Person\",\"@id\":\"https:\\\/\\\/www.alzd.de\\\/en\\\/#\\\/schema\\\/person\\\/8efcd8f02447fdbe8f29ad465897d04e\",\"name\":\"Julia Bir\u00f3\",\"image\":{\"@type\":\"ImageObject\",\"inLanguage\":\"en-US\",\"@id\":\"https:\\\/\\\/www.alzd.de\\\/wp-content\\\/2018\\\/02\\\/cropped-cropped-mitarbeiterbilder_steffi--96x96.jpg\",\"url\":\"https:\\\/\\\/www.alzd.de\\\/wp-content\\\/2018\\\/02\\\/cropped-cropped-mitarbeiterbilder_steffi--96x96.jpg\",\"contentUrl\":\"https:\\\/\\\/www.alzd.de\\\/wp-content\\\/2018\\\/02\\\/cropped-cropped-mitarbeiterbilder_steffi--96x96.jpg\",\"caption\":\"Julia Bir\u00f3\"},\"description\":\"Bereits 2010 gingen so einige Blogbeitr\u00e4ge auf mein Konto. Dann war ich \u201ekurz\u201c weg \u2013 sechs Jahre. Umso mehr freut es mich, dass ich nun wieder die Chance bekomme, mein N\u00e4schen im Dienste der Duftrezension schnuppern zu lassen und eifrig in die Tasten zu hauen. Was Nischend\u00fcfte angeht, habe ich damals \u00fcbrigens schnell Feuer gefangen. Meine Ausbildung tat dazu ihr \u00dcbriges: Als diplomierte Biologin kenne ich mich nicht nur mit Fauna und Flora, sondern auch recht gut mit der Herstellung von \u00d6len und Extrakten aus, was den Reiz der Parfumwelt nat\u00fcrlich noch gr\u00f6\u00dfer macht.\",\"sameAs\":[\"https:\\\/\\\/biro.is\\\/\",\"https:\\\/\\\/www.facebook.com\\\/stephanie.tkaczik\"],\"url\":\"https:\\\/\\\/www.alzd.de\\\/en\\\/author\\\/stephanie\\\/\"}]}<\/script>\n<!-- \/ Yoast SEO plugin. -->","yoast_head_json":{"title":"Late Harvest and Bojnokopff by Fort & Manl\u00e9","description":"So today it shall be about the last two Eaux de Parfum, which have in my eyes the quite exciting names Late Harvest ...","robots":{"index":"index","follow":"follow","max-snippet":"max-snippet:-1","max-image-preview":"max-image-preview:large","max-video-preview":"max-video-preview:-1"},"canonical":"https:\/\/www.alzd.de\/en\/2023\/01\/19\/late-harvest-and-bojnokopff-by-fort-manle-of-memories-and-magicians\/","og_locale":"en_US","og_type":"article","og_title":"Late Harvest and Bojnokopff by Fort & Manl\u00e9","og_url":"https:\/\/www.alzd.de\/en\/2023\/01\/19\/late-harvest-and-bojnokopff-by-fort-manle-of-memories-and-magicians\/","og_site_name":"Das Duft-Tagebuch","article_publisher":"https:\/\/www.facebook.com\/dufttagebuch\/","article_author":"https:\/\/www.facebook.com\/stephanie.tkaczik","article_published_time":"2023-01-19T06:30:00+00:00","article_modified_time":"2023-01-19T17:52:41+00:00","og_image":[{"width":720,"height":400,"url":"https:\/\/www.alzd.de\/wp-content\/2023\/01\/bb_IMG_5607.jpg","type":"image\/jpeg"}],"author":"Julia Bir\u00f3","twitter_card":"summary_large_image","twitter_creator":"@ausliebezumduft","twitter_site":"@ausliebezumduft","schema":{"@context":"https:\/\/schema.org","@graph":[{"@type":"Article","@id":"https:\/\/www.alzd.de\/en\/2023\/01\/19\/late-harvest-and-bojnokopff-by-fort-manle-of-memories-and-magicians\/#article","isPartOf":{"@id":"https:\/\/www.alzd.de\/en\/2023\/01\/19\/late-harvest-and-bojnokopff-by-fort-manle-of-memories-and-magicians\/"},"author":{"name":"Julia Bir\u00f3","@id":"https:\/\/www.alzd.de\/en\/#\/schema\/person\/8efcd8f02447fdbe8f29ad465897d04e"},"headline":"Late Harvest and Bojnokopff by Fort &amp; Manl\u00e9 &#8211; of memories and magicians","datePublished":"2023-01-19T06:30:00+00:00","dateModified":"2023-01-19T17:52:41+00:00","mainEntityOfPage":{"@id":"https:\/\/www.alzd.de\/en\/2023\/01\/19\/late-harvest-and-bojnokopff-by-fort-manle-of-memories-and-magicians\/"},"wordCount":1004,"commentCount":0,"publisher":{"@id":"https:\/\/www.alzd.de\/en\/#organization"},"image":{"@id":"https:\/\/www.alzd.de\/en\/2023\/01\/19\/late-harvest-and-bojnokopff-by-fort-manle-of-memories-and-magicians\/#primaryimage"},"thumbnailUrl":"https:\/\/www.alzd.de\/wp-content\/2023\/01\/bb_IMG_5607.jpg","keywords":["Cherry","Fort &amp; Manl\u00e9","Oud","Rasei Fort"],"articleSection":["Amber &amp; Resins","Fragrances","Leather","Spicy","Tobacco &amp; Smoky","Woody"],"inLanguage":"en-US","potentialAction":[{"@type":"CommentAction","name":"Comment","target":["https:\/\/www.alzd.de\/en\/2023\/01\/19\/late-harvest-and-bojnokopff-by-fort-manle-of-memories-and-magicians\/#respond"]}]},{"@type":"WebPage","@id":"https:\/\/www.alzd.de\/en\/2023\/01\/19\/late-harvest-and-bojnokopff-by-fort-manle-of-memories-and-magicians\/","url":"https:\/\/www.alzd.de\/en\/2023\/01\/19\/late-harvest-and-bojnokopff-by-fort-manle-of-memories-and-magicians\/","name":"Late Harvest and Bojnokopff by Fort & Manl\u00e9","isPartOf":{"@id":"https:\/\/www.alzd.de\/en\/#website"},"primaryImageOfPage":{"@id":"https:\/\/www.alzd.de\/en\/2023\/01\/19\/late-harvest-and-bojnokopff-by-fort-manle-of-memories-and-magicians\/#primaryimage"},"image":{"@id":"https:\/\/www.alzd.de\/en\/2023\/01\/19\/late-harvest-and-bojnokopff-by-fort-manle-of-memories-and-magicians\/#primaryimage"},"thumbnailUrl":"https:\/\/www.alzd.de\/wp-content\/2023\/01\/bb_IMG_5607.jpg","datePublished":"2023-01-19T06:30:00+00:00","dateModified":"2023-01-19T17:52:41+00:00","description":"So today it shall be about the last two Eaux de Parfum, which have in my eyes the quite exciting names Late Harvest ...","breadcrumb":{"@id":"https:\/\/www.alzd.de\/en\/2023\/01\/19\/late-harvest-and-bojnokopff-by-fort-manle-of-memories-and-magicians\/#breadcrumb"},"inLanguage":"en-US","potentialAction":[{"@type":"ReadAction","target":["https:\/\/www.alzd.de\/en\/2023\/01\/19\/late-harvest-and-bojnokopff-by-fort-manle-of-memories-and-magicians\/"]}]},{"@type":"ImageObject","inLanguage":"en-US","@id":"https:\/\/www.alzd.de\/en\/2023\/01\/19\/late-harvest-and-bojnokopff-by-fort-manle-of-memories-and-magicians\/#primaryimage","url":"https:\/\/www.alzd.de\/wp-content\/2023\/01\/bb_IMG_5607.jpg","contentUrl":"https:\/\/www.alzd.de\/wp-content\/2023\/01\/bb_IMG_5607.jpg","width":720,"height":400},{"@type":"BreadcrumbList","@id":"https:\/\/www.alzd.de\/en\/2023\/01\/19\/late-harvest-and-bojnokopff-by-fort-manle-of-memories-and-magicians\/#breadcrumb","itemListElement":[{"@type":"ListItem","position":1,"name":"Startseite","item":"https:\/\/www.alzd.de\/en\/"},{"@type":"ListItem","position":2,"name":"Late Harvest and Bojnokopff by Fort &amp; Manl\u00e9 &#8211; of memories and magicians"}]},{"@type":"WebSite","@id":"https:\/\/www.alzd.de\/en\/#website","url":"https:\/\/www.alzd.de\/en\/","name":"Das Duft-Tagebuch","description":"Das Parfumblog von Aus Liebe zum Duft","publisher":{"@id":"https:\/\/www.alzd.de\/en\/#organization"},"potentialAction":[{"@type":"SearchAction","target":{"@type":"EntryPoint","urlTemplate":"https:\/\/www.alzd.de\/en\/?s={search_term_string}"},"query-input":{"@type":"PropertyValueSpecification","valueRequired":true,"valueName":"search_term_string"}}],"inLanguage":"en-US"},{"@type":"Organization","@id":"https:\/\/www.alzd.de\/en\/#organization","name":"Das Duft-Tagebuch","url":"https:\/\/www.alzd.de\/en\/","logo":{"@type":"ImageObject","inLanguage":"en-US","@id":"https:\/\/www.alzd.de\/en\/#\/schema\/logo\/image\/","url":"https:\/\/www.alzd.de\/wp-content\/2023\/08\/alzd_dufttagebuch.png","contentUrl":"https:\/\/www.alzd.de\/wp-content\/2023\/08\/alzd_dufttagebuch.png","width":1804,"height":416,"caption":"Das Duft-Tagebuch"},"image":{"@id":"https:\/\/www.alzd.de\/en\/#\/schema\/logo\/image\/"},"sameAs":["https:\/\/www.facebook.com\/dufttagebuch\/","https:\/\/x.com\/ausliebezumduft","https:\/\/www.instagram.com\/ausliebezumduft.de\/","https:\/\/www.youtube.com\/c\/ausliebezumduft"]},{"@type":"Person","@id":"https:\/\/www.alzd.de\/en\/#\/schema\/person\/8efcd8f02447fdbe8f29ad465897d04e","name":"Julia Bir\u00f3","image":{"@type":"ImageObject","inLanguage":"en-US","@id":"https:\/\/www.alzd.de\/wp-content\/2018\/02\/cropped-cropped-mitarbeiterbilder_steffi--96x96.jpg","url":"https:\/\/www.alzd.de\/wp-content\/2018\/02\/cropped-cropped-mitarbeiterbilder_steffi--96x96.jpg","contentUrl":"https:\/\/www.alzd.de\/wp-content\/2018\/02\/cropped-cropped-mitarbeiterbilder_steffi--96x96.jpg","caption":"Julia Bir\u00f3"},"description":"Bereits 2010 gingen so einige Blogbeitr\u00e4ge auf mein Konto. Dann war ich \u201ekurz\u201c weg \u2013 sechs Jahre. Umso mehr freut es mich, dass ich nun wieder die Chance bekomme, mein N\u00e4schen im Dienste der Duftrezension schnuppern zu lassen und eifrig in die Tasten zu hauen. Was Nischend\u00fcfte angeht, habe ich damals \u00fcbrigens schnell Feuer gefangen. Meine Ausbildung tat dazu ihr \u00dcbriges: Als diplomierte Biologin kenne ich mich nicht nur mit Fauna und Flora, sondern auch recht gut mit der Herstellung von \u00d6len und Extrakten aus, was den Reiz der Parfumwelt nat\u00fcrlich noch gr\u00f6\u00dfer macht.","sameAs":["https:\/\/biro.is\/","https:\/\/www.facebook.com\/stephanie.tkaczik"],"url":"https:\/\/www.alzd.de\/en\/author\/stephanie\/"}]}},"wp-worthy-pixel":{"ignored":false,"public":null,"server":null,"url":null},"wp-worthy-type":"normal","_links":{"self":[{"href":"https:\/\/www.alzd.de\/en\/wp-json\/wp\/v2\/posts\/103917","targetHints":{"allow":["GET"]}}],"collection":[{"href":"https:\/\/www.alzd.de\/en\/wp-json\/wp\/v2\/posts"}],"about":[{"href":"https:\/\/www.alzd.de\/en\/wp-json\/wp\/v2\/types\/post"}],"author":[{"embeddable":true,"href":"https:\/\/www.alzd.de\/en\/wp-json\/wp\/v2\/users\/535"}],"replies":[{"embeddable":true,"href":"https:\/\/www.alzd.de\/en\/wp-json\/wp\/v2\/comments?post=103917"}],"version-history":[{"count":3,"href":"https:\/\/www.alzd.de\/en\/wp-json\/wp\/v2\/posts\/103917\/revisions"}],"predecessor-version":[{"id":103920,"href":"https:\/\/www.alzd.de\/en\/wp-json\/wp\/v2\/posts\/103917\/revisions\/103920"}],"wp:featuredmedia":[{"embeddable":true,"href":"https:\/\/www.alzd.de\/en\/wp-json\/wp\/v2\/media\/103880"}],"wp:attachment":[{"href":"https:\/\/www.alzd.de\/en\/wp-json\/wp\/v2\/media?parent=103917"}],"wp:term":[{"taxonomy":"category","embeddable":true,"href":"https:\/\/www.alzd.de\/en\/wp-json\/wp\/v2\/categories?post=103917"},{"taxonomy":"post_tag","embeddable":true,"href":"https:\/\/www.alzd.de\/en\/wp-json\/wp\/v2\/tags?post=103917"}],"curies":[{"name":"wp","href":"https:\/\/api.w.org\/{rel}","templated":true}]}}